{"id":5638,"date":"2014-03-12T14:43:05","date_gmt":"2014-03-12T13:43:05","guid":{"rendered":"http:\/\/blog.cofb.cat\/?p=5638"},"modified":"2014-03-12T14:43:05","modified_gmt":"2014-03-12T13:43:05","slug":"neix-la-primera-guia-dactuacio-farmaceutica-en-mal-de-gola","status":"publish","type":"post","link":"https:\/\/www.cofb.org\/es\/2014\/03\/12\/neix-la-primera-guia-dactuacio-farmaceutica-en-mal-de-gola\/","title":{"rendered":"Nace la primera Gu\u00eda de Actuaci\u00f3n Farmac\u00e9utica en dolor de garganta"},"content":{"rendered":"<p><img fetchpriority=\"high\" decoding=\"async\" class=\"alignright  wp-image-5640\" alt=\"mal de gola\" src=\"http:\/\/blog.cofb.cat\/wp-content\/uploads\/2014\/03\/mal-de-gola.jpg\" width=\"258\" height=\"353\" \/>\u201c\u00bfEl dolor de garganta que tengo es de origen v\u00edrico o bacteriano?\u201d.<strong> Gracias a la primera <em>Gu\u00eda de Actuaci\u00f3n farmac\u00e9utica en dolor de garganta<\/em> el farmac\u00e9utico podr\u00e1 aumentar la efectividad y eficiencia de su actuaci\u00f3n en esta patolog\u00eda, que es una de las consultas m\u00e1s frecuentes en la farmacia comunitaria y en los centros de atenci\u00f3n primaria<\/strong>. El documento, editado por el Consejo de Colegios Farmac\u00e9uticos de Catalu\u00f1a, ha sido posible gracias a la colaboraci\u00f3n de sociedades cient\u00edficas del \u00e1mbito m\u00e9dico -CAMFiC-, farmac\u00e9utico -SEFAC_Catalunya-, asociaci\u00f3n empresarial -FEFAC- y el amparo del Departamento de Salud.<\/p>\n<p>La actuaci\u00f3n del farmac\u00e9utico que recoge la gu\u00eda se basa en un \u00e1rbol de decisi\u00f3n que contempla el cribado de la infecci\u00f3n por estreptococo beta-hemol\u00edtico en aquellas personas susceptibles de sufrir un origen bacteriano de su cuadro. De esta forma<strong>, el farmac\u00e9utico tambi\u00e9n podr\u00e1 identificar m\u00e1s f\u00e1cilmente en qu\u00e9 casos la infecci\u00f3n es causada por un virus, que suele ser el 80% de las veces, evitando as\u00ed la prescripci\u00f3n innecesaria de antibi\u00f3ticos.<\/strong><\/p>\n<p>Con la publicaci\u00f3n de este protocolo de actuaci\u00f3n farmac\u00e9utica <strong>se quiere aumentar la capacidad de resoluci\u00f3n del farmac\u00e9utico comunitario frente a s\u00edntomas de baja y muy baja complejidad, en el marco estrat\u00e9gico del nuevo modelo de farmacia asistencial que se pretende en Catalu\u00f1a.<\/strong> La acci\u00f3n se engloba en el escenario de los proyectos del Plan de Salud, con el objetivo de integrar la labor del farmac\u00e9utico comunitario en el continuum asistencial de forma coordinada con los profesionales de los equipos de atenci\u00f3n primaria.<\/p>\n<p>Aqu\u00ed puede consultar la <span style=\"text-decoration: underline;\"><a href=\"http:\/\/www.cofb.org\/es\/web\/guest\/Noticia\/-\/journal_content\/56_INSTANCE_V6ao\/10136\/571602\/\" target=\"_blank\" rel=\"noopener\">nota de prensa<\/a><\/span>.<\/p>","protected":false},"excerpt":{"rendered":"<p>\u201c\u00bfEl dolor de garganta que tengo es de origen v\u00edrico o bacteriano?\u201d. Gracias a la primera Gu\u00eda de Actuaci\u00f3n farmac\u00e9utica en dolor de garganta el farmac\u00e9utico podr\u00e1 aumentar la efectividad y eficiencia de su actuaci\u00f3n en esta patolog\u00eda, que es una de las consultas m\u00e1s frecuentes en la farmacia comunitaria y en los centros [\u2026]<\/p>","protected":false},"author":1,"featured_media":5640,"comment_status":"open","ping_status":"open","sticky":false,"template":"","format":"standard","meta":{"_uag_custom_page_level_css":"","site-sidebar-layout":"default","site-content-layout":"","ast-site-content-layout":"default","site-content-style":"default","site-sidebar-style":"default","ast-global-header-display":"","ast-banner-title-visibility":"","ast-main-header-display":"","ast-hfb-above-header-display":"","ast-hfb-below-header-display":"","ast-hfb-mobile-header-display":"","site-post-title":"","ast-breadcrumbs-content":"","ast-featured-img":"disabled","footer-sml-layout":"","theme-transparent-header-meta":"","adv-header-id-meta":"","stick-header-meta":"","header-above-stick-meta":"","header-main-stick-meta":"","header-below-stick-meta":"","astra-migrate-meta-layouts":"default","ast-page-background-enabled":"default","ast-page-background-meta":{"desktop":{"background-color":"var(--ast-global-color-4)","background-image":"","background-repeat":"repeat","background-position":"center center","background-size":"auto","background-attachment":"scroll","background-type":"","background-media":"","overlay-type":"","overlay-color":"","overlay-opacity":"","overlay-gradient":""},"tablet":{"background-color":"","background-image":"","background-repeat":"repeat","background-position":"center center","background-size":"auto","background-attachment":"scroll","background-type":"","background-media":"","overlay-type":"","overlay-color":"","overlay-opacity":"","overlay-gradient":""},"mobile":{"background-color":"","background-image":"","background-repeat":"repeat","background-position":"center center","background-size":"auto","background-attachment":"scroll","background-type":"","background-media":"","overlay-type":"","overlay-color":"","overlay-opacity":"","overlay-gradient":""}},"ast-content-background-meta":{"desktop":{"background-color":"var(--ast-global-color-5)","background-image":"","background-repeat":"repeat","background-position":"center center","background-size":"auto","background-attachment":"scroll","background-type":"","background-media":"","overlay-type":"","overlay-color":"","overlay-opacity":"","overlay-gradient":""},"tablet":{"background-color":"var(--ast-global-color-5)","background-image":"","background-repeat":"repeat","background-position":"center center","background-size":"auto","background-attachment":"scroll","background-type":"","background-media":"","overlay-type":"","overlay-color":"","overlay-opacity":"","overlay-gradient":""},"mobile":{"background-color":"var(--ast-global-color-5)","background-image":"","background-repeat":"repeat","background-position":"center center","background-size":"auto","background-attachment":"scroll","background-type":"","background-media":"","overlay-type":"","overlay-color":"","overlay-opacity":"","overlay-gradient":""}},"footnotes":""},"categories":[32],"tags":[64,76],"class_list":["post-5638","post","type-post","status-publish","format-standard","has-post-thumbnail","hentry","category-noticies-farmacia","tag-atencio-farmaceutica","tag-oficina-de-farmacia"],"yoast_head":"<!-- This site is optimized with the Yoast SEO plugin v22.4 - https:\/\/yoast.com\/wordpress\/plugins\/seo\/ -->\n<title>Neix la primera Guia d\u2019Actuaci\u00f3 Farmac\u00e8utica en mal de gola - Col\u00b7legi de Farmac\u00e8utics de Barcelona<\/title>\n<meta name=\"robots\" content=\"index, follow, max-snippet:-1, max-image-preview:large, max-video-preview:-1\" \/>\n<link rel=\"canonical\" href=\"https:\/\/novaorg.cofb.net\/2014\/03\/12\/neix-la-primera-guia-dactuacio-farmaceutica-en-mal-de-gola\/\" \/>\n<meta property=\"og:locale\" content=\"es_ES\" \/>\n<meta property=\"og:type\" content=\"article\" \/>\n<meta property=\"og:title\" content=\"Neix la primera Guia d\u2019Actuaci\u00f3 Farmac\u00e8utica en mal de gola - Col\u00b7legi de Farmac\u00e8utics de Barcelona\" \/>\n<meta property=\"og:description\" content=\"\u201cEl mal de gola que tinc \u00e9s d&#8217;origen v\u00edric o bacteri\u00e0?\u201d. Gr\u00e0cies a la primera Guia d\u2019Actuaci\u00f3 farmac\u00e8utica en mal de gola el farmac\u00e8utic\u00a0podr\u00e0 augmentar l&#8217;efectivitat i efici\u00e8ncia de la seva actuaci\u00f3 en aquesta patologia, que \u00e9s una de les consultes m\u00e9s freq\u00fcents a la farm\u00e0cia comunit\u00e0ria i als centres [&hellip;]\" \/>\n<meta property=\"og:url\" content=\"https:\/\/novaorg.cofb.net\/2014\/03\/12\/neix-la-primera-guia-dactuacio-farmaceutica-en-mal-de-gola\/\" \/>\n<meta property=\"og:site_name\" content=\"Col\u00b7legi de Farmac\u00e8utics de Barcelona\" \/>\n<meta property=\"article:publisher\" content=\"https:\/\/www.facebook.com\/farmaceuticsbcn\/\" \/>\n<meta property=\"article:published_time\" content=\"2014-03-12T13:43:05+00:00\" \/>\n<meta name=\"author\" content=\"wpAdminCofbOrg\" \/>\n<meta name=\"twitter:card\" content=\"summary_large_image\" \/>\n<meta name=\"twitter:creator\" content=\"@farmaceuticsbcn\" \/>\n<meta name=\"twitter:site\" content=\"@farmaceuticsbcn\" \/>\n<meta name=\"twitter:label1\" content=\"Escrito por\" \/>\n\t<meta name=\"twitter:data1\" content=\"wpAdminCofbOrg\" \/>\n\t<meta name=\"twitter:label2\" content=\"Tiempo de lectura\" \/>\n\t<meta name=\"twitter:data2\" content=\"1 minuto\" \/>\n<script type=\"application\/ld+json\" class=\"yoast-schema-graph\">{\"@context\":\"https:\/\/schema.org\",\"@graph\":[{\"@type\":\"Article\",\"@id\":\"https:\/\/novaorg.cofb.net\/2014\/03\/12\/neix-la-primera-guia-dactuacio-farmaceutica-en-mal-de-gola\/#article\",\"isPartOf\":{\"@id\":\"https:\/\/novaorg.cofb.net\/2014\/03\/12\/neix-la-primera-guia-dactuacio-farmaceutica-en-mal-de-gola\/\"},\"author\":{\"name\":\"wpAdminCofbOrg\",\"@id\":\"https:\/\/www.cofb.org\/#\/schema\/person\/22ed7eea88da74b0fa4d3154ad87ffcb\"},\"headline\":\"Neix la primera Guia d\u2019Actuaci\u00f3 Farmac\u00e8utica en mal de gola\",\"datePublished\":\"2014-03-12T13:43:05+00:00\",\"dateModified\":\"2014-03-12T13:43:05+00:00\",\"mainEntityOfPage\":{\"@id\":\"https:\/\/novaorg.cofb.net\/2014\/03\/12\/neix-la-primera-guia-dactuacio-farmaceutica-en-mal-de-gola\/\"},\"wordCount\":301,\"commentCount\":0,\"publisher\":{\"@id\":\"https:\/\/www.cofb.org\/#organization\"},\"image\":{\"@id\":\"https:\/\/novaorg.cofb.net\/2014\/03\/12\/neix-la-primera-guia-dactuacio-farmaceutica-en-mal-de-gola\/#primaryimage\"},\"thumbnailUrl\":\"\",\"keywords\":[\"Atenci\u00f3 farmac\u00e8utica\",\"Oficina de farm\u00e0cia\"],\"articleSection\":[\"Not\u00edcies farm\u00e0cia\"],\"inLanguage\":\"es\",\"potentialAction\":[{\"@type\":\"CommentAction\",\"name\":\"Comment\",\"target\":[\"https:\/\/novaorg.cofb.net\/2014\/03\/12\/neix-la-primera-guia-dactuacio-farmaceutica-en-mal-de-gola\/#respond\"]}]},{\"@type\":\"WebPage\",\"@id\":\"https:\/\/novaorg.cofb.net\/2014\/03\/12\/neix-la-primera-guia-dactuacio-farmaceutica-en-mal-de-gola\/\",\"url\":\"https:\/\/novaorg.cofb.net\/2014\/03\/12\/neix-la-primera-guia-dactuacio-farmaceutica-en-mal-de-gola\/\",\"name\":\"Neix la primera Guia d\u2019Actuaci\u00f3 Farmac\u00e8utica en mal de gola - Col\u00b7legi de Farmac\u00e8utics de Barcelona\",\"isPartOf\":{\"@id\":\"https:\/\/www.cofb.org\/#website\"},\"primaryImageOfPage\":{\"@id\":\"https:\/\/novaorg.cofb.net\/2014\/03\/12\/neix-la-primera-guia-dactuacio-farmaceutica-en-mal-de-gola\/#primaryimage\"},\"image\":{\"@id\":\"https:\/\/novaorg.cofb.net\/2014\/03\/12\/neix-la-primera-guia-dactuacio-farmaceutica-en-mal-de-gola\/#primaryimage\"},\"thumbnailUrl\":\"\",\"datePublished\":\"2014-03-12T13:43:05+00:00\",\"dateModified\":\"2014-03-12T13:43:05+00:00\",\"breadcrumb\":{\"@id\":\"https:\/\/novaorg.cofb.net\/2014\/03\/12\/neix-la-primera-guia-dactuacio-farmaceutica-en-mal-de-gola\/#breadcrumb\"},\"inLanguage\":\"es\",\"potentialAction\":[{\"@type\":\"ReadAction\",\"target\":[\"https:\/\/novaorg.cofb.net\/2014\/03\/12\/neix-la-primera-guia-dactuacio-farmaceutica-en-mal-de-gola\/\"]}]},{\"@type\":\"ImageObject\",\"inLanguage\":\"es\",\"@id\":\"https:\/\/novaorg.cofb.net\/2014\/03\/12\/neix-la-primera-guia-dactuacio-farmaceutica-en-mal-de-gola\/#primaryimage\",\"url\":\"\",\"contentUrl\":\"\"},{\"@type\":\"BreadcrumbList\",\"@id\":\"https:\/\/novaorg.cofb.net\/2014\/03\/12\/neix-la-primera-guia-dactuacio-farmaceutica-en-mal-de-gola\/#breadcrumb\",\"itemListElement\":[{\"@type\":\"ListItem\",\"position\":1,\"name\":\"Inici\",\"item\":\"https:\/\/novaorg.cofb.net\/\"},{\"@type\":\"ListItem\",\"position\":2,\"name\":\"Neix la primera Guia d\u2019Actuaci\u00f3 Farmac\u00e8utica en mal de gola\"}]},{\"@type\":\"WebSite\",\"@id\":\"https:\/\/www.cofb.org\/#website\",\"url\":\"https:\/\/www.cofb.org\/\",\"name\":\"Col\u00b7legi de Farmac\u00e8utics de Barcelona\",\"description\":\"\",\"publisher\":{\"@id\":\"https:\/\/www.cofb.org\/#organization\"},\"potentialAction\":[{\"@type\":\"SearchAction\",\"target\":{\"@type\":\"EntryPoint\",\"urlTemplate\":\"https:\/\/www.cofb.org\/?s={search_term_string}\"},\"query-input\":\"required name=search_term_string\"}],\"inLanguage\":\"es\"},{\"@type\":\"Organization\",\"@id\":\"https:\/\/www.cofb.org\/#organization\",\"name\":\"Col\u00b7legi de Farmac\u00e8utics de Barcelona\",\"url\":\"https:\/\/www.cofb.org\/\",\"logo\":{\"@type\":\"ImageObject\",\"inLanguage\":\"es\",\"@id\":\"https:\/\/www.cofb.org\/#\/schema\/logo\/image\/\",\"url\":\"https:\/\/www.cofb.org\/wp-content\/uploads\/2023\/11\/cropped-Logotip-COFB.png\",\"contentUrl\":\"https:\/\/www.cofb.org\/wp-content\/uploads\/2023\/11\/cropped-Logotip-COFB.png\",\"width\":500,\"height\":105,\"caption\":\"Col\u00b7legi de Farmac\u00e8utics de Barcelona\"},\"image\":{\"@id\":\"https:\/\/www.cofb.org\/#\/schema\/logo\/image\/\"},\"sameAs\":[\"https:\/\/www.facebook.com\/farmaceuticsbcn\/\",\"https:\/\/twitter.com\/farmaceuticsbcn\",\"https:\/\/www.instagram.com\/farmaceuticsbcn\/\",\"https:\/\/www.linkedin.com\/company\/farmaceuticsbcn\/\"]},{\"@type\":\"Person\",\"@id\":\"https:\/\/www.cofb.org\/#\/schema\/person\/22ed7eea88da74b0fa4d3154ad87ffcb\",\"name\":\"wpAdminCofbOrg\",\"image\":{\"@type\":\"ImageObject\",\"inLanguage\":\"es\",\"@id\":\"https:\/\/www.cofb.org\/#\/schema\/person\/image\/\",\"url\":\"https:\/\/secure.gravatar.com\/avatar\/1721b20b3b8ca882c3b56ec6c978c594fff670e40c0718e9190eaeeb76aae7d8?s=96&d=mm&r=g\",\"contentUrl\":\"https:\/\/secure.gravatar.com\/avatar\/1721b20b3b8ca882c3b56ec6c978c594fff670e40c0718e9190eaeeb76aae7d8?s=96&d=mm&r=g\",\"caption\":\"wpAdminCofbOrg\"},\"sameAs\":[\"http:\/\/192.168.64.122\/wordpress\"],\"url\":\"https:\/\/www.cofb.org\/es\/author\/wpadmincofborg\/\"}]}<\/script>\n<!-- \/ Yoast SEO plugin. -->","yoast_head_json":{"title":"Neix la primera Guia d\u2019Actuaci\u00f3 Farmac\u00e8utica en mal de gola - Col\u00b7legi de Farmac\u00e8utics de Barcelona","robots":{"index":"index","follow":"follow","max-snippet":"max-snippet:-1","max-image-preview":"max-image-preview:large","max-video-preview":"max-video-preview:-1"},"canonical":"https:\/\/novaorg.cofb.net\/2014\/03\/12\/neix-la-primera-guia-dactuacio-farmaceutica-en-mal-de-gola\/","og_locale":"es_ES","og_type":"article","og_title":"Neix la primera Guia d\u2019Actuaci\u00f3 Farmac\u00e8utica en mal de gola - Col\u00b7legi de Farmac\u00e8utics de Barcelona","og_description":"\u201cEl mal de gola que tinc \u00e9s d&#8217;origen v\u00edric o bacteri\u00e0?\u201d. Gr\u00e0cies a la primera Guia d\u2019Actuaci\u00f3 farmac\u00e8utica en mal de gola el farmac\u00e8utic\u00a0podr\u00e0 augmentar l&#8217;efectivitat i efici\u00e8ncia de la seva actuaci\u00f3 en aquesta patologia, que \u00e9s una de les consultes m\u00e9s freq\u00fcents a la farm\u00e0cia comunit\u00e0ria i als centres [&hellip;]","og_url":"https:\/\/novaorg.cofb.net\/2014\/03\/12\/neix-la-primera-guia-dactuacio-farmaceutica-en-mal-de-gola\/","og_site_name":"Col\u00b7legi de Farmac\u00e8utics de Barcelona","article_publisher":"https:\/\/www.facebook.com\/farmaceuticsbcn\/","article_published_time":"2014-03-12T13:43:05+00:00","author":"wpAdminCofbOrg","twitter_card":"summary_large_image","twitter_creator":"@farmaceuticsbcn","twitter_site":"@farmaceuticsbcn","twitter_misc":{"Escrito por":"wpAdminCofbOrg","Tiempo de lectura":"1 minuto"},"schema":{"@context":"https:\/\/schema.org","@graph":[{"@type":"Article","@id":"https:\/\/novaorg.cofb.net\/2014\/03\/12\/neix-la-primera-guia-dactuacio-farmaceutica-en-mal-de-gola\/#article","isPartOf":{"@id":"https:\/\/novaorg.cofb.net\/2014\/03\/12\/neix-la-primera-guia-dactuacio-farmaceutica-en-mal-de-gola\/"},"author":{"name":"wpAdminCofbOrg","@id":"https:\/\/www.cofb.org\/#\/schema\/person\/22ed7eea88da74b0fa4d3154ad87ffcb"},"headline":"Neix la primera Guia d\u2019Actuaci\u00f3 Farmac\u00e8utica en mal de gola","datePublished":"2014-03-12T13:43:05+00:00","dateModified":"2014-03-12T13:43:05+00:00","mainEntityOfPage":{"@id":"https:\/\/novaorg.cofb.net\/2014\/03\/12\/neix-la-primera-guia-dactuacio-farmaceutica-en-mal-de-gola\/"},"wordCount":301,"commentCount":0,"publisher":{"@id":"https:\/\/www.cofb.org\/#organization"},"image":{"@id":"https:\/\/novaorg.cofb.net\/2014\/03\/12\/neix-la-primera-guia-dactuacio-farmaceutica-en-mal-de-gola\/#primaryimage"},"thumbnailUrl":"","keywords":["Atenci\u00f3 farmac\u00e8utica","Oficina de farm\u00e0cia"],"articleSection":["Not\u00edcies farm\u00e0cia"],"inLanguage":"es","potentialAction":[{"@type":"CommentAction","name":"Comment","target":["https:\/\/novaorg.cofb.net\/2014\/03\/12\/neix-la-primera-guia-dactuacio-farmaceutica-en-mal-de-gola\/#respond"]}]},{"@type":"WebPage","@id":"https:\/\/novaorg.cofb.net\/2014\/03\/12\/neix-la-primera-guia-dactuacio-farmaceutica-en-mal-de-gola\/","url":"https:\/\/novaorg.cofb.net\/2014\/03\/12\/neix-la-primera-guia-dactuacio-farmaceutica-en-mal-de-gola\/","name":"Neix la primera Guia d\u2019Actuaci\u00f3 Farmac\u00e8utica en mal de gola - Col\u00b7legi de Farmac\u00e8utics de Barcelona","isPartOf":{"@id":"https:\/\/www.cofb.org\/#website"},"primaryImageOfPage":{"@id":"https:\/\/novaorg.cofb.net\/2014\/03\/12\/neix-la-primera-guia-dactuacio-farmaceutica-en-mal-de-gola\/#primaryimage"},"image":{"@id":"https:\/\/novaorg.cofb.net\/2014\/03\/12\/neix-la-primera-guia-dactuacio-farmaceutica-en-mal-de-gola\/#primaryimage"},"thumbnailUrl":"","datePublished":"2014-03-12T13:43:05+00:00","dateModified":"2014-03-12T13:43:05+00:00","breadcrumb":{"@id":"https:\/\/novaorg.cofb.net\/2014\/03\/12\/neix-la-primera-guia-dactuacio-farmaceutica-en-mal-de-gola\/#breadcrumb"},"inLanguage":"es","potentialAction":[{"@type":"ReadAction","target":["https:\/\/novaorg.cofb.net\/2014\/03\/12\/neix-la-primera-guia-dactuacio-farmaceutica-en-mal-de-gola\/"]}]},{"@type":"ImageObject","inLanguage":"es","@id":"https:\/\/novaorg.cofb.net\/2014\/03\/12\/neix-la-primera-guia-dactuacio-farmaceutica-en-mal-de-gola\/#primaryimage","url":"","contentUrl":""},{"@type":"BreadcrumbList","@id":"https:\/\/novaorg.cofb.net\/2014\/03\/12\/neix-la-primera-guia-dactuacio-farmaceutica-en-mal-de-gola\/#breadcrumb","itemListElement":[{"@type":"ListItem","position":1,"name":"Inici","item":"https:\/\/novaorg.cofb.net\/"},{"@type":"ListItem","position":2,"name":"Neix la primera Guia d\u2019Actuaci\u00f3 Farmac\u00e8utica en mal de gola"}]},{"@type":"WebSite","@id":"https:\/\/www.cofb.org\/#website","url":"https:\/\/www.cofb.org\/","name":"Col\u00b7legi de Farmac\u00e8utics de Barcelona","description":"","publisher":{"@id":"https:\/\/www.cofb.org\/#organization"},"potentialAction":[{"@type":"SearchAction","target":{"@type":"EntryPoint","urlTemplate":"https:\/\/www.cofb.org\/?s={search_term_string}"},"query-input":"required name=search_term_string"}],"inLanguage":"es"},{"@type":"Organization","@id":"https:\/\/www.cofb.org\/#organization","name":"Col\u00b7legi de Farmac\u00e8utics de Barcelona","url":"https:\/\/www.cofb.org\/","logo":{"@type":"ImageObject","inLanguage":"es","@id":"https:\/\/www.cofb.org\/#\/schema\/logo\/image\/","url":"https:\/\/www.cofb.org\/wp-content\/uploads\/2023\/11\/cropped-Logotip-COFB.png","contentUrl":"https:\/\/www.cofb.org\/wp-content\/uploads\/2023\/11\/cropped-Logotip-COFB.png","width":500,"height":105,"caption":"Col\u00b7legi de Farmac\u00e8utics de Barcelona"},"image":{"@id":"https:\/\/www.cofb.org\/#\/schema\/logo\/image\/"},"sameAs":["https:\/\/www.facebook.com\/farmaceuticsbcn\/","https:\/\/twitter.com\/farmaceuticsbcn","https:\/\/www.instagram.com\/farmaceuticsbcn\/","https:\/\/www.linkedin.com\/company\/farmaceuticsbcn\/"]},{"@type":"Person","@id":"https:\/\/www.cofb.org\/#\/schema\/person\/22ed7eea88da74b0fa4d3154ad87ffcb","name":"wpAdminCofbOrg","image":{"@type":"ImageObject","inLanguage":"es","@id":"https:\/\/www.cofb.org\/#\/schema\/person\/image\/","url":"https:\/\/secure.gravatar.com\/avatar\/1721b20b3b8ca882c3b56ec6c978c594fff670e40c0718e9190eaeeb76aae7d8?s=96&d=mm&r=g","contentUrl":"https:\/\/secure.gravatar.com\/avatar\/1721b20b3b8ca882c3b56ec6c978c594fff670e40c0718e9190eaeeb76aae7d8?s=96&d=mm&r=g","caption":"wpAdminCofbOrg"},"sameAs":["http:\/\/192.168.64.122\/wordpress"],"url":"https:\/\/www.cofb.org\/es\/author\/wpadmincofborg\/"}]}},"uagb_featured_image_src":{"full":false,"thumbnail":false,"medium":false,"medium_large":false,"large":false,"1536x1536":false,"2048x2048":false,"trp-custom-language-flag":false},"uagb_author_info":{"display_name":"wpAdminCofbOrg","author_link":"https:\/\/www.cofb.org\/es\/author\/wpadmincofborg\/"},"uagb_comment_info":0,"uagb_excerpt":"\u201cEl mal de gola que tinc \u00e9s d&#8217;origen v\u00edric o bacteri\u00e0?\u201d. Gr\u00e0cies a la primera Guia d\u2019Actuaci\u00f3 farmac\u00e8utica en mal de gola el farmac\u00e8utic\u00a0podr\u00e0 augmentar l&#8217;efectivitat i efici\u00e8ncia de la seva actuaci\u00f3 en aquesta patologia, que \u00e9s una de les consultes m\u00e9s freq\u00fcents a la farm\u00e0cia comunit\u00e0ria i als centres [&hellip;]","_links":{"self":[{"href":"https:\/\/www.cofb.org\/es\/wp-json\/wp\/v2\/posts\/5638","targetHints":{"allow":["GET"]}}],"collection":[{"href":"https:\/\/www.cofb.org\/es\/wp-json\/wp\/v2\/posts"}],"about":[{"href":"https:\/\/www.cofb.org\/es\/wp-json\/wp\/v2\/types\/post"}],"author":[{"embeddable":true,"href":"https:\/\/www.cofb.org\/es\/wp-json\/wp\/v2\/users\/1"}],"replies":[{"embeddable":true,"href":"https:\/\/www.cofb.org\/es\/wp-json\/wp\/v2\/comments?post=5638"}],"version-history":[{"count":0,"href":"https:\/\/www.cofb.org\/es\/wp-json\/wp\/v2\/posts\/5638\/revisions"}],"wp:featuredmedia":[{"embeddable":true,"href":"https:\/\/www.cofb.org\/es\/wp-json\/"}],"wp:attachment":[{"href":"https:\/\/www.cofb.org\/es\/wp-json\/wp\/v2\/media?parent=5638"}],"wp:term":[{"taxonomy":"category","embeddable":true,"href":"https:\/\/www.cofb.org\/es\/wp-json\/wp\/v2\/categories?post=5638"},{"taxonomy":"post_tag","embeddable":true,"href":"https:\/\/www.cofb.org\/es\/wp-json\/wp\/v2\/tags?post=5638"}],"curies":[{"name":"wp","href":"https:\/\/api.w.org\/{rel}","templated":true}]}}