{"id":5624,"date":"2014-03-14T10:49:47","date_gmt":"2014-03-14T09:49:47","guid":{"rendered":"http:\/\/blog.cofb.cat\/?p=5624"},"modified":"2014-03-14T10:49:47","modified_gmt":"2014-03-14T09:49:47","slug":"la-vocal-de-plantes-medicinals-i-homeopatia-col%c2%b7labora-amb-la-facultat-de-farmacia","status":"publish","type":"post","link":"https:\/\/www.cofb.org\/es\/2014\/03\/14\/la-vocal-de-plantes-medicinals-i-homeopatia-col%c2%b7labora-amb-la-facultat-de-farmacia\/","title":{"rendered":"La Vocal de Plantas Medicinales y Homeopat\u00eda colabora con la Facultad de Farmacia"},"content":{"rendered":"<figure id=\"attachment_5630\" aria-describedby=\"caption-attachment-5630\" style=\"width: 321px\" class=\"wp-caption alignright\"><a href=\"http:\/\/blog.cofb.cat\/wp-content\/uploads\/2014\/03\/IMG_9621.jpg\"><img fetchpriority=\"high\" decoding=\"async\" class=\"wp-image-5630\" alt=\"IMG_9621\" src=\"http:\/\/blog.cofb.cat\/wp-content\/uploads\/2014\/03\/IMG_9621.jpg\" width=\"321\" height=\"214\" \/><\/a><figcaption id=\"caption-attachment-5630\" class=\"wp-caption-text\">Entrega del diploma a Maria Jos\u00e9 Alonso por parte del GIBAF<\/figcaption><\/figure>\n<p><strong>Mar\u00eda Jos\u00e9 Alonso, <\/strong>vocal de Plantas Medicinales y Homeopat\u00eda del Colegio de Farmac\u00e9uticos de Barcelona<strong>, <\/strong>ha impartido en febrero uno<strong> seminario sobre \u201cLas plantas medicinales en el siglo XXI\u201d a 120 estudiantes de primer curso de Farmacia<\/strong>, concretamente dentro de la asignatura Bot\u00e1nica Farmac\u00e9utica. Es el tercer a\u00f1o consecutivo en que la vocal del Colegio realiza esta colaboraci\u00f3n, que representa una aproximaci\u00f3n al tema para los estudiantes. Asimismo, tambi\u00e9n asesora a estudiantes en los Trabajos de Fin de Grado.<\/p>\n<p><strong>\u201cEl seminario consiste en una revisi\u00f3n del relevante papel que tienen las plantas medicinales en el desarrollo de la profesi\u00f3n, dado que cada vez m\u00e1s personas optan por utilizar la fitoterapia<\/strong>: m\u00e1s de un tercio de la poblaci\u00f3n general en Espa\u00f1a y en Catalu\u00f1a, y si lo trasladamos a los usuarios de las oficinas de farmacia, los \u00faltimos estudios demuestran que es superior al 70%\u201d, explica Maria Jos\u00e9 Alonso.<\/p>\n<p>Durante estas clases se revisan el posicionamiento de las plantas medicinales en el campo fitoter\u00e1pico (tanto en la oficina de farmacia como en la industria), y tambi\u00e9n en el de la alimentaci\u00f3n y la cosm\u00e9tica (donde cada vez es m\u00e1s prevalente), tradicionalmente ligados al desarrollo de la profesi\u00f3n farmac\u00e9utica. <strong>\u201cEl objetivo es palpar la importancia de lograr un buen conocimiento de la bot\u00e1nica farmac\u00e9utica, la fisiolog\u00eda vegetal, la farmacognosia y la fitoterapia, asignaturas que se imparten en el grado, para poder optar despu\u00e9s por estas salidas profesionales<\/strong>\u201d, concreta.<\/p>\n<p>&quot;Los estudiantes que han participado en el seminario se han mostrado muy interesados en el tema y ha habido mucha interacci\u00f3n&quot;, a\u00f1ade la vocal.  Muestra de ello son las preguntas que se planteaban, como qu\u00e9 riesgos tiene el autoconsumo sin el consejo profesional de la salud como es el farmac\u00e9utico, que quedaran sorprendidos por la aplicaci\u00f3n en el campo de la alimentaci\u00f3n y la cosm\u00e9tica, y incluso que pidieran informaci\u00f3n sobre los cursos de posgrado en los que pueden especializarse en fitoterapia.<\/p>\n<p>Precisamente <strong>Mar\u00eda Jos\u00e9 Alonso acaba de recibir un diploma de colaboraci\u00f3n docente de la Universidad de Barcelona por su labor<\/strong>, que le entregaron los miembros del Grupo de Innovaci\u00f3n Docente en Bot\u00e1nica Aplicada a las Ciencias Farmac\u00e9uticas (GIBAF).<\/p>","protected":false},"excerpt":{"rendered":"<p>Mar\u00eda Jos\u00e9 Alonso, vocal de Plantas Medicinales y Homeopat\u00eda del Colegio de Farmac\u00e9uticos de Barcelona, ha impartido en febrero un seminario sobre &quot;Las plantas medicinales en el siglo XXI&quot; a 120 estudiantes de primer curso de Farmacia, concretamente dentro de la asignatura Bot\u00e1nica Farmac\u00e9utica . Es el tercer a\u00f1o consecutivo que la vocal del [\u2026]<\/p>","protected":false},"author":1,"featured_media":5630,"comment_status":"open","ping_status":"open","sticky":false,"template":"","format":"standard","meta":{"_uag_custom_page_level_css":"","site-sidebar-layout":"default","site-content-layout":"","ast-site-content-layout":"default","site-content-style":"default","site-sidebar-style":"default","ast-global-header-display":"","ast-banner-title-visibility":"","ast-main-header-display":"","ast-hfb-above-header-display":"","ast-hfb-below-header-display":"","ast-hfb-mobile-header-display":"","site-post-title":"","ast-breadcrumbs-content":"","ast-featured-img":"disabled","footer-sml-layout":"","theme-transparent-header-meta":"","adv-header-id-meta":"","stick-header-meta":"","header-above-stick-meta":"","header-main-stick-meta":"","header-below-stick-meta":"","astra-migrate-meta-layouts":"default","ast-page-background-enabled":"default","ast-page-background-meta":{"desktop":{"background-color":"var(--ast-global-color-4)","background-image":"","background-repeat":"repeat","background-position":"center center","background-size":"auto","background-attachment":"scroll","background-type":"","background-media":"","overlay-type":"","overlay-color":"","overlay-opacity":"","overlay-gradient":""},"tablet":{"background-color":"","background-image":"","background-repeat":"repeat","background-position":"center center","background-size":"auto","background-attachment":"scroll","background-type":"","background-media":"","overlay-type":"","overlay-color":"","overlay-opacity":"","overlay-gradient":""},"mobile":{"background-color":"","background-image":"","background-repeat":"repeat","background-position":"center center","background-size":"auto","background-attachment":"scroll","background-type":"","background-media":"","overlay-type":"","overlay-color":"","overlay-opacity":"","overlay-gradient":""}},"ast-content-background-meta":{"desktop":{"background-color":"var(--ast-global-color-5)","background-image":"","background-repeat":"repeat","background-position":"center center","background-size":"auto","background-attachment":"scroll","background-type":"","background-media":"","overlay-type":"","overlay-color":"","overlay-opacity":"","overlay-gradient":""},"tablet":{"background-color":"var(--ast-global-color-5)","background-image":"","background-repeat":"repeat","background-position":"center center","background-size":"auto","background-attachment":"scroll","background-type":"","background-media":"","overlay-type":"","overlay-color":"","overlay-opacity":"","overlay-gradient":""},"mobile":{"background-color":"var(--ast-global-color-5)","background-image":"","background-repeat":"repeat","background-position":"center center","background-size":"auto","background-attachment":"scroll","background-type":"","background-media":"","overlay-type":"","overlay-color":"","overlay-opacity":"","overlay-gradient":""}},"footnotes":""},"categories":[57],"tags":[94],"class_list":["post-5624","post","type-post","status-publish","format-standard","has-post-thumbnail","hentry","category-mon-collegial","tag-plantes-medicinals"],"yoast_head":"<!-- This site is optimized with the Yoast SEO plugin v22.4 - https:\/\/yoast.com\/wordpress\/plugins\/seo\/ -->\n<title>La Vocal de Plantes Medicinals i Homeopatia col\u00b7labora amb la Facultat de Farm\u00e0cia - Col\u00b7legi de Farmac\u00e8utics de Barcelona<\/title>\n<meta name=\"robots\" content=\"index, follow, max-snippet:-1, max-image-preview:large, max-video-preview:-1\" \/>\n<link rel=\"canonical\" href=\"https:\/\/novaorg.cofb.net\/2014\/03\/14\/la-vocal-de-plantes-medicinals-i-homeopatia-col\u00b7labora-amb-la-facultat-de-farmacia\/\" \/>\n<meta property=\"og:locale\" content=\"es_ES\" \/>\n<meta property=\"og:type\" content=\"article\" \/>\n<meta property=\"og:title\" content=\"La Vocal de Plantes Medicinals i Homeopatia col\u00b7labora amb la Facultat de Farm\u00e0cia - Col\u00b7legi de Farmac\u00e8utics de Barcelona\" \/>\n<meta property=\"og:description\" content=\"Mar\u00eda Jos\u00e9 Alonso, vocal de Plantes Medicinals i Homeopatia del Col\u00b7legi de Farmac\u00e8utics de Barcelona, ha impartit al febrer un seminari sobre \u201cLes plantes medicinals al segle XXI\u201d a 120 estudiants de primer curs de Farm\u00e0cia, concretament dins l\u2019assignatura Bot\u00e0nica Farmac\u00e8utica. \u00c9s el tercer any consecutiu que la vocal del [&hellip;]\" \/>\n<meta property=\"og:url\" content=\"https:\/\/novaorg.cofb.net\/2014\/03\/14\/la-vocal-de-plantes-medicinals-i-homeopatia-col\u00b7labora-amb-la-facultat-de-farmacia\/\" \/>\n<meta property=\"og:site_name\" content=\"Col\u00b7legi de Farmac\u00e8utics de Barcelona\" \/>\n<meta property=\"article:publisher\" content=\"https:\/\/www.facebook.com\/farmaceuticsbcn\/\" \/>\n<meta property=\"article:published_time\" content=\"2014-03-14T09:49:47+00:00\" \/>\n<meta name=\"author\" content=\"wpAdminCofbOrg\" \/>\n<meta name=\"twitter:card\" content=\"summary_large_image\" \/>\n<meta name=\"twitter:creator\" content=\"@farmaceuticsbcn\" \/>\n<meta name=\"twitter:site\" content=\"@farmaceuticsbcn\" \/>\n<meta name=\"twitter:label1\" content=\"Escrito por\" \/>\n\t<meta name=\"twitter:data1\" content=\"wpAdminCofbOrg\" \/>\n\t<meta name=\"twitter:label2\" content=\"Tiempo de lectura\" \/>\n\t<meta name=\"twitter:data2\" content=\"2 minutos\" \/>\n<script type=\"application\/ld+json\" class=\"yoast-schema-graph\">{\"@context\":\"https:\/\/schema.org\",\"@graph\":[{\"@type\":\"Article\",\"@id\":\"https:\/\/novaorg.cofb.net\/2014\/03\/14\/la-vocal-de-plantes-medicinals-i-homeopatia-col%c2%b7labora-amb-la-facultat-de-farmacia\/#article\",\"isPartOf\":{\"@id\":\"https:\/\/novaorg.cofb.net\/2014\/03\/14\/la-vocal-de-plantes-medicinals-i-homeopatia-col%c2%b7labora-amb-la-facultat-de-farmacia\/\"},\"author\":{\"name\":\"wpAdminCofbOrg\",\"@id\":\"https:\/\/www.cofb.org\/#\/schema\/person\/22ed7eea88da74b0fa4d3154ad87ffcb\"},\"headline\":\"La Vocal de Plantes Medicinals i Homeopatia col\u00b7labora amb la Facultat de Farm\u00e0cia\",\"datePublished\":\"2014-03-14T09:49:47+00:00\",\"dateModified\":\"2014-03-14T09:49:47+00:00\",\"mainEntityOfPage\":{\"@id\":\"https:\/\/novaorg.cofb.net\/2014\/03\/14\/la-vocal-de-plantes-medicinals-i-homeopatia-col%c2%b7labora-amb-la-facultat-de-farmacia\/\"},\"wordCount\":420,\"commentCount\":0,\"publisher\":{\"@id\":\"https:\/\/www.cofb.org\/#organization\"},\"image\":{\"@id\":\"https:\/\/novaorg.cofb.net\/2014\/03\/14\/la-vocal-de-plantes-medicinals-i-homeopatia-col%c2%b7labora-amb-la-facultat-de-farmacia\/#primaryimage\"},\"thumbnailUrl\":\"\",\"keywords\":[\"Plantes Medicinals\"],\"articleSection\":[\"M\u00f3n col\u00b7legial\"],\"inLanguage\":\"es\",\"potentialAction\":[{\"@type\":\"CommentAction\",\"name\":\"Comment\",\"target\":[\"https:\/\/novaorg.cofb.net\/2014\/03\/14\/la-vocal-de-plantes-medicinals-i-homeopatia-col%c2%b7labora-amb-la-facultat-de-farmacia\/#respond\"]}]},{\"@type\":\"WebPage\",\"@id\":\"https:\/\/novaorg.cofb.net\/2014\/03\/14\/la-vocal-de-plantes-medicinals-i-homeopatia-col%c2%b7labora-amb-la-facultat-de-farmacia\/\",\"url\":\"https:\/\/novaorg.cofb.net\/2014\/03\/14\/la-vocal-de-plantes-medicinals-i-homeopatia-col%c2%b7labora-amb-la-facultat-de-farmacia\/\",\"name\":\"La Vocal de Plantes Medicinals i Homeopatia col\u00b7labora amb la Facultat de Farm\u00e0cia - Col\u00b7legi de Farmac\u00e8utics de Barcelona\",\"isPartOf\":{\"@id\":\"https:\/\/www.cofb.org\/#website\"},\"primaryImageOfPage\":{\"@id\":\"https:\/\/novaorg.cofb.net\/2014\/03\/14\/la-vocal-de-plantes-medicinals-i-homeopatia-col%c2%b7labora-amb-la-facultat-de-farmacia\/#primaryimage\"},\"image\":{\"@id\":\"https:\/\/novaorg.cofb.net\/2014\/03\/14\/la-vocal-de-plantes-medicinals-i-homeopatia-col%c2%b7labora-amb-la-facultat-de-farmacia\/#primaryimage\"},\"thumbnailUrl\":\"\",\"datePublished\":\"2014-03-14T09:49:47+00:00\",\"dateModified\":\"2014-03-14T09:49:47+00:00\",\"breadcrumb\":{\"@id\":\"https:\/\/novaorg.cofb.net\/2014\/03\/14\/la-vocal-de-plantes-medicinals-i-homeopatia-col%c2%b7labora-amb-la-facultat-de-farmacia\/#breadcrumb\"},\"inLanguage\":\"es\",\"potentialAction\":[{\"@type\":\"ReadAction\",\"target\":[\"https:\/\/novaorg.cofb.net\/2014\/03\/14\/la-vocal-de-plantes-medicinals-i-homeopatia-col%c2%b7labora-amb-la-facultat-de-farmacia\/\"]}]},{\"@type\":\"ImageObject\",\"inLanguage\":\"es\",\"@id\":\"https:\/\/novaorg.cofb.net\/2014\/03\/14\/la-vocal-de-plantes-medicinals-i-homeopatia-col%c2%b7labora-amb-la-facultat-de-farmacia\/#primaryimage\",\"url\":\"\",\"contentUrl\":\"\"},{\"@type\":\"BreadcrumbList\",\"@id\":\"https:\/\/novaorg.cofb.net\/2014\/03\/14\/la-vocal-de-plantes-medicinals-i-homeopatia-col%c2%b7labora-amb-la-facultat-de-farmacia\/#breadcrumb\",\"itemListElement\":[{\"@type\":\"ListItem\",\"position\":1,\"name\":\"Inici\",\"item\":\"https:\/\/novaorg.cofb.net\/\"},{\"@type\":\"ListItem\",\"position\":2,\"name\":\"La Vocal de Plantes Medicinals i Homeopatia col\u00b7labora amb la Facultat de Farm\u00e0cia\"}]},{\"@type\":\"WebSite\",\"@id\":\"https:\/\/www.cofb.org\/#website\",\"url\":\"https:\/\/www.cofb.org\/\",\"name\":\"Col\u00b7legi de Farmac\u00e8utics de Barcelona\",\"description\":\"\",\"publisher\":{\"@id\":\"https:\/\/www.cofb.org\/#organization\"},\"potentialAction\":[{\"@type\":\"SearchAction\",\"target\":{\"@type\":\"EntryPoint\",\"urlTemplate\":\"https:\/\/www.cofb.org\/?s={search_term_string}\"},\"query-input\":\"required name=search_term_string\"}],\"inLanguage\":\"es\"},{\"@type\":\"Organization\",\"@id\":\"https:\/\/www.cofb.org\/#organization\",\"name\":\"Col\u00b7legi de Farmac\u00e8utics de Barcelona\",\"url\":\"https:\/\/www.cofb.org\/\",\"logo\":{\"@type\":\"ImageObject\",\"inLanguage\":\"es\",\"@id\":\"https:\/\/www.cofb.org\/#\/schema\/logo\/image\/\",\"url\":\"https:\/\/www.cofb.org\/wp-content\/uploads\/2023\/11\/cropped-Logotip-COFB.png\",\"contentUrl\":\"https:\/\/www.cofb.org\/wp-content\/uploads\/2023\/11\/cropped-Logotip-COFB.png\",\"width\":500,\"height\":105,\"caption\":\"Col\u00b7legi de Farmac\u00e8utics de Barcelona\"},\"image\":{\"@id\":\"https:\/\/www.cofb.org\/#\/schema\/logo\/image\/\"},\"sameAs\":[\"https:\/\/www.facebook.com\/farmaceuticsbcn\/\",\"https:\/\/twitter.com\/farmaceuticsbcn\",\"https:\/\/www.instagram.com\/farmaceuticsbcn\/\",\"https:\/\/www.linkedin.com\/company\/farmaceuticsbcn\/\"]},{\"@type\":\"Person\",\"@id\":\"https:\/\/www.cofb.org\/#\/schema\/person\/22ed7eea88da74b0fa4d3154ad87ffcb\",\"name\":\"wpAdminCofbOrg\",\"image\":{\"@type\":\"ImageObject\",\"inLanguage\":\"es\",\"@id\":\"https:\/\/www.cofb.org\/#\/schema\/person\/image\/\",\"url\":\"https:\/\/secure.gravatar.com\/avatar\/1721b20b3b8ca882c3b56ec6c978c594fff670e40c0718e9190eaeeb76aae7d8?s=96&d=mm&r=g\",\"contentUrl\":\"https:\/\/secure.gravatar.com\/avatar\/1721b20b3b8ca882c3b56ec6c978c594fff670e40c0718e9190eaeeb76aae7d8?s=96&d=mm&r=g\",\"caption\":\"wpAdminCofbOrg\"},\"sameAs\":[\"http:\/\/192.168.64.122\/wordpress\"],\"url\":\"https:\/\/www.cofb.org\/es\/author\/wpadmincofborg\/\"}]}<\/script>\n<!-- \/ Yoast SEO plugin. -->","yoast_head_json":{"title":"La Vocal de Plantes Medicinals i Homeopatia col\u00b7labora amb la Facultat de Farm\u00e0cia - Col\u00b7legi de Farmac\u00e8utics de Barcelona","robots":{"index":"index","follow":"follow","max-snippet":"max-snippet:-1","max-image-preview":"max-image-preview:large","max-video-preview":"max-video-preview:-1"},"canonical":"https:\/\/novaorg.cofb.net\/2014\/03\/14\/la-vocal-de-plantes-medicinals-i-homeopatia-col\u00b7labora-amb-la-facultat-de-farmacia\/","og_locale":"es_ES","og_type":"article","og_title":"La Vocal de Plantes Medicinals i Homeopatia col\u00b7labora amb la Facultat de Farm\u00e0cia - Col\u00b7legi de Farmac\u00e8utics de Barcelona","og_description":"Mar\u00eda Jos\u00e9 Alonso, vocal de Plantes Medicinals i Homeopatia del Col\u00b7legi de Farmac\u00e8utics de Barcelona, ha impartit al febrer un seminari sobre \u201cLes plantes medicinals al segle XXI\u201d a 120 estudiants de primer curs de Farm\u00e0cia, concretament dins l\u2019assignatura Bot\u00e0nica Farmac\u00e8utica. \u00c9s el tercer any consecutiu que la vocal del [&hellip;]","og_url":"https:\/\/novaorg.cofb.net\/2014\/03\/14\/la-vocal-de-plantes-medicinals-i-homeopatia-col\u00b7labora-amb-la-facultat-de-farmacia\/","og_site_name":"Col\u00b7legi de Farmac\u00e8utics de Barcelona","article_publisher":"https:\/\/www.facebook.com\/farmaceuticsbcn\/","article_published_time":"2014-03-14T09:49:47+00:00","author":"wpAdminCofbOrg","twitter_card":"summary_large_image","twitter_creator":"@farmaceuticsbcn","twitter_site":"@farmaceuticsbcn","twitter_misc":{"Escrito por":"wpAdminCofbOrg","Tiempo de lectura":"2 minutos"},"schema":{"@context":"https:\/\/schema.org","@graph":[{"@type":"Article","@id":"https:\/\/novaorg.cofb.net\/2014\/03\/14\/la-vocal-de-plantes-medicinals-i-homeopatia-col%c2%b7labora-amb-la-facultat-de-farmacia\/#article","isPartOf":{"@id":"https:\/\/novaorg.cofb.net\/2014\/03\/14\/la-vocal-de-plantes-medicinals-i-homeopatia-col%c2%b7labora-amb-la-facultat-de-farmacia\/"},"author":{"name":"wpAdminCofbOrg","@id":"https:\/\/www.cofb.org\/#\/schema\/person\/22ed7eea88da74b0fa4d3154ad87ffcb"},"headline":"La Vocal de Plantes Medicinals i Homeopatia col\u00b7labora amb la Facultat de Farm\u00e0cia","datePublished":"2014-03-14T09:49:47+00:00","dateModified":"2014-03-14T09:49:47+00:00","mainEntityOfPage":{"@id":"https:\/\/novaorg.cofb.net\/2014\/03\/14\/la-vocal-de-plantes-medicinals-i-homeopatia-col%c2%b7labora-amb-la-facultat-de-farmacia\/"},"wordCount":420,"commentCount":0,"publisher":{"@id":"https:\/\/www.cofb.org\/#organization"},"image":{"@id":"https:\/\/novaorg.cofb.net\/2014\/03\/14\/la-vocal-de-plantes-medicinals-i-homeopatia-col%c2%b7labora-amb-la-facultat-de-farmacia\/#primaryimage"},"thumbnailUrl":"","keywords":["Plantes Medicinals"],"articleSection":["M\u00f3n col\u00b7legial"],"inLanguage":"es","potentialAction":[{"@type":"CommentAction","name":"Comment","target":["https:\/\/novaorg.cofb.net\/2014\/03\/14\/la-vocal-de-plantes-medicinals-i-homeopatia-col%c2%b7labora-amb-la-facultat-de-farmacia\/#respond"]}]},{"@type":"WebPage","@id":"https:\/\/novaorg.cofb.net\/2014\/03\/14\/la-vocal-de-plantes-medicinals-i-homeopatia-col%c2%b7labora-amb-la-facultat-de-farmacia\/","url":"https:\/\/novaorg.cofb.net\/2014\/03\/14\/la-vocal-de-plantes-medicinals-i-homeopatia-col%c2%b7labora-amb-la-facultat-de-farmacia\/","name":"La Vocal de Plantes Medicinals i Homeopatia col\u00b7labora amb la Facultat de Farm\u00e0cia - Col\u00b7legi de Farmac\u00e8utics de Barcelona","isPartOf":{"@id":"https:\/\/www.cofb.org\/#website"},"primaryImageOfPage":{"@id":"https:\/\/novaorg.cofb.net\/2014\/03\/14\/la-vocal-de-plantes-medicinals-i-homeopatia-col%c2%b7labora-amb-la-facultat-de-farmacia\/#primaryimage"},"image":{"@id":"https:\/\/novaorg.cofb.net\/2014\/03\/14\/la-vocal-de-plantes-medicinals-i-homeopatia-col%c2%b7labora-amb-la-facultat-de-farmacia\/#primaryimage"},"thumbnailUrl":"","datePublished":"2014-03-14T09:49:47+00:00","dateModified":"2014-03-14T09:49:47+00:00","breadcrumb":{"@id":"https:\/\/novaorg.cofb.net\/2014\/03\/14\/la-vocal-de-plantes-medicinals-i-homeopatia-col%c2%b7labora-amb-la-facultat-de-farmacia\/#breadcrumb"},"inLanguage":"es","potentialAction":[{"@type":"ReadAction","target":["https:\/\/novaorg.cofb.net\/2014\/03\/14\/la-vocal-de-plantes-medicinals-i-homeopatia-col%c2%b7labora-amb-la-facultat-de-farmacia\/"]}]},{"@type":"ImageObject","inLanguage":"es","@id":"https:\/\/novaorg.cofb.net\/2014\/03\/14\/la-vocal-de-plantes-medicinals-i-homeopatia-col%c2%b7labora-amb-la-facultat-de-farmacia\/#primaryimage","url":"","contentUrl":""},{"@type":"BreadcrumbList","@id":"https:\/\/novaorg.cofb.net\/2014\/03\/14\/la-vocal-de-plantes-medicinals-i-homeopatia-col%c2%b7labora-amb-la-facultat-de-farmacia\/#breadcrumb","itemListElement":[{"@type":"ListItem","position":1,"name":"Inici","item":"https:\/\/novaorg.cofb.net\/"},{"@type":"ListItem","position":2,"name":"La Vocal de Plantes Medicinals i Homeopatia col\u00b7labora amb la Facultat de Farm\u00e0cia"}]},{"@type":"WebSite","@id":"https:\/\/www.cofb.org\/#website","url":"https:\/\/www.cofb.org\/","name":"Col\u00b7legi de Farmac\u00e8utics de Barcelona","description":"","publisher":{"@id":"https:\/\/www.cofb.org\/#organization"},"potentialAction":[{"@type":"SearchAction","target":{"@type":"EntryPoint","urlTemplate":"https:\/\/www.cofb.org\/?s={search_term_string}"},"query-input":"required name=search_term_string"}],"inLanguage":"es"},{"@type":"Organization","@id":"https:\/\/www.cofb.org\/#organization","name":"Col\u00b7legi de Farmac\u00e8utics de Barcelona","url":"https:\/\/www.cofb.org\/","logo":{"@type":"ImageObject","inLanguage":"es","@id":"https:\/\/www.cofb.org\/#\/schema\/logo\/image\/","url":"https:\/\/www.cofb.org\/wp-content\/uploads\/2023\/11\/cropped-Logotip-COFB.png","contentUrl":"https:\/\/www.cofb.org\/wp-content\/uploads\/2023\/11\/cropped-Logotip-COFB.png","width":500,"height":105,"caption":"Col\u00b7legi de Farmac\u00e8utics de Barcelona"},"image":{"@id":"https:\/\/www.cofb.org\/#\/schema\/logo\/image\/"},"sameAs":["https:\/\/www.facebook.com\/farmaceuticsbcn\/","https:\/\/twitter.com\/farmaceuticsbcn","https:\/\/www.instagram.com\/farmaceuticsbcn\/","https:\/\/www.linkedin.com\/company\/farmaceuticsbcn\/"]},{"@type":"Person","@id":"https:\/\/www.cofb.org\/#\/schema\/person\/22ed7eea88da74b0fa4d3154ad87ffcb","name":"wpAdminCofbOrg","image":{"@type":"ImageObject","inLanguage":"es","@id":"https:\/\/www.cofb.org\/#\/schema\/person\/image\/","url":"https:\/\/secure.gravatar.com\/avatar\/1721b20b3b8ca882c3b56ec6c978c594fff670e40c0718e9190eaeeb76aae7d8?s=96&d=mm&r=g","contentUrl":"https:\/\/secure.gravatar.com\/avatar\/1721b20b3b8ca882c3b56ec6c978c594fff670e40c0718e9190eaeeb76aae7d8?s=96&d=mm&r=g","caption":"wpAdminCofbOrg"},"sameAs":["http:\/\/192.168.64.122\/wordpress"],"url":"https:\/\/www.cofb.org\/es\/author\/wpadmincofborg\/"}]}},"uagb_featured_image_src":{"full":false,"thumbnail":false,"medium":false,"medium_large":false,"large":false,"1536x1536":false,"2048x2048":false,"trp-custom-language-flag":false},"uagb_author_info":{"display_name":"wpAdminCofbOrg","author_link":"https:\/\/www.cofb.org\/es\/author\/wpadmincofborg\/"},"uagb_comment_info":0,"uagb_excerpt":"Mar\u00eda Jos\u00e9 Alonso, vocal de Plantes Medicinals i Homeopatia del Col\u00b7legi de Farmac\u00e8utics de Barcelona, ha impartit al febrer un seminari sobre \u201cLes plantes medicinals al segle XXI\u201d a 120 estudiants de primer curs de Farm\u00e0cia, concretament dins l\u2019assignatura Bot\u00e0nica Farmac\u00e8utica. \u00c9s el tercer any consecutiu que la vocal del [&hellip;]","_links":{"self":[{"href":"https:\/\/www.cofb.org\/es\/wp-json\/wp\/v2\/posts\/5624","targetHints":{"allow":["GET"]}}],"collection":[{"href":"https:\/\/www.cofb.org\/es\/wp-json\/wp\/v2\/posts"}],"about":[{"href":"https:\/\/www.cofb.org\/es\/wp-json\/wp\/v2\/types\/post"}],"author":[{"embeddable":true,"href":"https:\/\/www.cofb.org\/es\/wp-json\/wp\/v2\/users\/1"}],"replies":[{"embeddable":true,"href":"https:\/\/www.cofb.org\/es\/wp-json\/wp\/v2\/comments?post=5624"}],"version-history":[{"count":0,"href":"https:\/\/www.cofb.org\/es\/wp-json\/wp\/v2\/posts\/5624\/revisions"}],"wp:featuredmedia":[{"embeddable":true,"href":"https:\/\/www.cofb.org\/es\/wp-json\/"}],"wp:attachment":[{"href":"https:\/\/www.cofb.org\/es\/wp-json\/wp\/v2\/media?parent=5624"}],"wp:term":[{"taxonomy":"category","embeddable":true,"href":"https:\/\/www.cofb.org\/es\/wp-json\/wp\/v2\/categories?post=5624"},{"taxonomy":"post_tag","embeddable":true,"href":"https:\/\/www.cofb.org\/es\/wp-json\/wp\/v2\/tags?post=5624"}],"curies":[{"name":"wp","href":"https:\/\/api.w.org\/{rel}","templated":true}]}}