{"id":56140,"date":"2021-06-30T18:27:01","date_gmt":"2021-06-30T16:27:01","guid":{"rendered":"https:\/\/blog.cofb.cat\/?p=56140"},"modified":"2021-06-30T18:27:01","modified_gmt":"2021-06-30T16:27:01","slug":"el-cof-de-barcelona-i-la-universitat-de-barcelona-presenten-la-vii-edicio-del-master-dortopedia-per-a-farmaceutics-que-oferira-per-primer-cop-una-modalitat-hibrida","status":"publish","type":"post","link":"https:\/\/www.cofb.org\/es\/2021\/06\/30\/el-cof-de-barcelona-i-la-universitat-de-barcelona-presenten-la-vii-edicio-del-master-dortopedia-per-a-farmaceutics-que-oferira-per-primer-cop-una-modalitat-hibrida\/","title":{"rendered":"El COF de Barcelona y la Universidad de Barcelona presentan la VII edici\u00f3n del M\u00e1ster de Ortopedia para farmac\u00e9uticos, que ofrecer\u00e1 por primera vez una modalidad h\u00edbrida"},"content":{"rendered":"<p>El <strong>Col\u00b7legi de Farmac\u00e8utics de Barcelona<\/strong> (COFB) y la <strong>Universidad de Barcelona<\/strong> (UB) han presentado la <strong>VII edici\u00f3n del M\u00e1ster de Ortopedia para farmac\u00e9uticos<\/strong>, que empezar\u00e1 el pr\u00f3ximo 25 de octubre y capacitar\u00e1 nuevamente al farmac\u00e9utico como t\u00e9cnico responsable para ejercer el<strong>adaptaci\u00f3n<\/strong> y la <strong>fabricaci\u00f3n a medida<\/strong> de productos de Ortopedia.<\/p>\n<p>El <strong>M\u00e1ster<\/strong> \u2013cuyas inscripciones est\u00e1n abiertas a trav\u00e9s de este enlace\u2013 est\u00e1 dise\u00f1ado espec\u00edficamente para farmac\u00e9uticos e impartido por profesionales expertos en la materia (profesores de la Facultad de Medicina, Farmacia, Podolog\u00eda y T\u00e9cnicos Ortop\u00e9dicos) que ayudan a los estudiantes a diferenciarlos se profesionalmente en un \u00e1rea de grandes oportunidades como es la Ortopedia. El farmac\u00e9utico y t\u00e9cnico ortop\u00e9dico forma parte de un <strong>servicio profesional de salud<\/strong> y ayuda a mejorar la <strong>calidad de vida en todas las etapas de la vida<\/strong> y condiciones de salud de las personas.<\/p>\n<p><img fetchpriority=\"high\" decoding=\"async\" class=\"aligncenter size-large wp-image-56141\" src=\"https:\/\/blog.cofb.cat\/wp-content\/uploads\/2021\/06\/M\u00e0ster-dOrtop\u00e8dia-per-a-farmac\u00e8utics-VII-edici\u00f3-1024x578.jpg\" alt=\"\" width=\"620\" height=\"350\" \/><\/p>\n<h1><span style=\"color: #008080;\"><strong>La modalidad h\u00edbrida, principal novedad de esta edici\u00f3n<\/strong><\/span><\/h1>\n<p>Por primera vez, y con el fin de dar mayor flexibilidad a los farmac\u00e9uticos\/as que decidan cursarlo, se ofrecen dos formatos: presencial o h\u00edbrido. En ambas modalidades <strong>las pr\u00e1cticas son presenciales<\/strong>, pero lo que cambia es que la modalidad h\u00edbrida ofrece la posibilidad de poder cursar la parte te\u00f3rica del M\u00e1ster de forma virtual.<\/p>\n<p>Es decir, los estudiantes que decidan cursar el M\u00e1ster a trav\u00e9s de esta modalidad, podr\u00e1n seguir las sesiones te\u00f3ricas a trav\u00e9s del<strong>aula h\u00edbrida<\/strong> del COFB, que permite que los estudiantes que est\u00e1n conectados virtualmente puedan interactuar y seguir las clases en las mismas condiciones que si hubieran venido presencialmente al Colegio.<\/p>\n<div class=\"destacat-blog\">\n<h1><span style=\"color: #008080;\"><strong>Sesi\u00f3n informativa del M\u00e1ster de Ortopedia<\/strong><\/span><\/h1>\n<p>El pasado <strong>14 de junio<\/strong> tuvo lugar la sesi\u00f3n informativa del M\u00e1ster de Ortopedia. Una de las exalumnas del M\u00e1ster, la farmac\u00e9utica y t\u00e9cnica ortop\u00e9dica N\u00faria Barcel\u00f3, intervino durante la sesi\u00f3n informativa para explicar su experiencia despu\u00e9s de haberlo cursado. En el marco de la conferencia que imparti\u00f3, titulada\u00a0<strong>&quot;La Ortopedia, una apuesta de calidad asistencial&quot;<\/strong>, destac\u00f3 que cursar el M\u00e1ster supone \u201cuna oportunidad de crecimiento profesional para los farmac\u00e9uticos. Somos profesionales sanitarios altamente accesibles, el primer punto al que acuden los pacientes cuando tienen un problema de salud. Y, adem\u00e1s, los pacientes que pueden requerir productos de Ortopedia son pacientes que se ven en el d\u00eda a d\u00eda de la farmacia: poblaci\u00f3n envejecida, personas que han sufrido alg\u00fan accidente, personas con enfermedades degenerativas, entre otros. Sin dejar de lado que cualquier persona, en alg\u00fan momento de su vida, puede requerir un producto de Ortopedia\u201d.<\/p>\n<figure id=\"attachment_56153\" aria-describedby=\"caption-attachment-56153\" style=\"width: 903px\" class=\"wp-caption aligncenter\"><img decoding=\"async\" class=\"wp-image-56153 size-full\" title=\"La farmac\u00e9utica y t\u00e9cnica ortop\u00e9dica N\u00faria Barcel\u00f3 en un momento de su intervenci\u00f3n.\" src=\"https:\/\/blog.cofb.cat\/wp-content\/uploads\/2021\/06\/Sessi\u00f3-Informativa-M\u00e0ster-Ortop\u00e8dia-N\u00faria-Barcel\u00f3.jpg\" alt=\"La farmac\u00e8utica i t\u00e8cnica ortop\u00e8dica N\u00faria Barcel\u00f3 en un moment de la seva intervenci\u00f3.\" width=\"903\" height=\"461\" \/><figcaption id=\"caption-attachment-56153\" class=\"wp-caption-text\">La farmac\u00e9utica y t\u00e9cnica ortop\u00e9dica N\u00faria Barcel\u00f3 en un momento de su intervenci\u00f3n.<\/figcaption><\/figure>\n<p><strong>Barcel\u00f3<\/strong> tambi\u00e9n expuso que \u201cla <strong>formaci\u00f3n es esencial para trabajar la farmacia como un espacio de salud integral<\/strong>\u201d. Por todo ello, resalt\u00f3 que el <strong>M\u00e1ster de Ortopedia del COFB y la UB<\/strong> \u201ces un M\u00e1ster que nos capacita y un sello de calidad, no es s\u00f3lo un curso de formaci\u00f3n. La <strong>parte pr\u00e1ctica<\/strong> es muy importante y tiene mucho peso en el M\u00e1ster, y las clases te\u00f3ricas son necesarias para entender las soluciones que le podamos dar a un paciente\u201d.<\/p>\n<h1><span style=\"color: #008080;\"><strong>Valoraci\u00f3n de las codirectoras del M\u00e1ster de Ortopedia<\/strong><\/span><\/h1>\n<p>En la misma l\u00ednea, <strong>Elena Palau<\/strong>, vocal de Ortopedia del COFB y codirectora del M\u00e1ster, afirm\u00f3 que \u201ca lo largo de la historia del M\u00e1ster se han formado 227 farmac\u00e9uticos -que han pasado a tener el t\u00edtulo de t\u00e9cnico ortop\u00e9dico- y que la formaci\u00f3n ofrece seguridad al hora de poder atender a los pacientes y sus consultas, que no s\u00f3lo est\u00e1n relacionadas con el \u00e1mbito del medicamento\u201d.<\/p>\n<figure id=\"attachment_56150\" aria-describedby=\"caption-attachment-56150\" style=\"width: 904px\" class=\"wp-caption aligncenter\"><img decoding=\"async\" class=\"wp-image-56150 size-full\" title=\"Elena Palau, vocal de Ortopedia del COFB y codirectora del M\u00e1ster, durante su presentaci\u00f3n.\" src=\"https:\/\/blog.cofb.cat\/wp-content\/uploads\/2021\/06\/Sessi\u00f3-Informativa-M\u00e0ster-Ortop\u00e8dia-Elena-Palau.jpg\" alt=\"Elena Palau, vocal d\u2019Ortop\u00e8dia del COFB i codirectora del M\u00e0ster, durant la seva presentaci\u00f3.\" width=\"904\" height=\"434\" \/><figcaption id=\"caption-attachment-56150\" class=\"wp-caption-text\">Elena Palau, vocal de Ortopedia del COFB y codirectora del M\u00e1ster, durante su presentaci\u00f3n.<\/figcaption><\/figure>\n<p>Por \u00faltimo, <strong>Raquel Mart\u00edn<\/strong>, profesora de la Facultad de Farmacia de la UB y codirectora del M\u00e1ster, remarc\u00f3 que \u201caunque buena parte de las pr\u00e1cticas se realizan en la Facultad de Farmacia de la UB, tambi\u00e9n habr\u00e1 en la Escuela de Podolog\u00eda y el Hospital Podol\u00f3gico, en la Facultad de Medicina y en diferentes talleres de Ortopedia; <strong>sin dejar de lado las visitas a empresas del sector<\/strong>\u201d.<\/p>\n<figure id=\"attachment_56151\" aria-describedby=\"caption-attachment-56151\" style=\"width: 838px\" class=\"wp-caption aligncenter\"><img loading=\"lazy\" decoding=\"async\" class=\"wp-image-56151 size-full\" title=\"Un momento de la intervenci\u00f3n de Raquel Mart\u00edn, profesora de la Facultad de Farmacia de la UB y codirectora del M\u00e1ster.\" src=\"https:\/\/blog.cofb.cat\/wp-content\/uploads\/2021\/06\/Sessi\u00f3-Informativa-M\u00e0ster-Ortop\u00e8dia-Raquel-Mart\u00edn.jpg\" alt=\"Un moment de la intervenci\u00f3 de Raquel Mart\u00edn, professora de la Facultat de Farm\u00e0cia de la UB i codirectora del M\u00e0ster.\" width=\"838\" height=\"428\" \/><figcaption id=\"caption-attachment-56151\" class=\"wp-caption-text\">Un momento de la intervenci\u00f3n de Raquel Mart\u00edn, profesora de la Facultad de Farmacia de la UB y codirectora del M\u00e1ster.<\/figcaption><\/figure>\n<\/div>\n<h1><strong><span style=\"color: #008080;\">Alto porcentaje de clases pr\u00e1cticas<\/span><\/strong><\/h1>\n<p>El M\u00e1ster trabaja <strong>contenidos te\u00f3ricos y pr\u00e1cticos<\/strong> que permiten dominar los conocimientos anat\u00f3micos, fisiol\u00f3gicos y patol\u00f3gicos relacionados con la Ortopedia;<strong> dise\u00f1ar, elaborar y adaptar los aparatos ortop\u00e9dicos;<\/strong> obtener la competencia necesaria para dispensar ortesis, pr\u00f3tesis y otros dispositivos; asesorar al paciente en todo el proceso (toma de tama\u00f1os, comprobaci\u00f3n, adaptaci\u00f3n y seguimiento); adquirir los conocimientos necesarios para obtener la licencia de funcionamiento, tanto si el centro est\u00e1 situado dentro como fuera de la farmacia comunitaria; <strong>comprender y tener esp\u00edritu cr\u00edtico en relaci\u00f3n con la literatura referida a los productos de Ortopedia<\/strong> y aplicar la legislaci\u00f3n sanitaria que afecta al sector de la Ortopedia.<\/p>\n<p>Las <strong>clases te\u00f3ricas<\/strong> est\u00e1n dinamizadas con <strong>el uso de medios inform\u00e1ticos y audiovisuales<\/strong> que permiten visualizar y comprender los contenidos e interaccionar con el profesorado, tanto presencialmente en el aula como en <em>webinar<\/em> en tiempo real.<\/p>\n<h2><strong><span style=\"color: #008080;\">Conocimientos aplicables desde el primer d\u00eda<\/span><\/strong><\/h2>\n<p>El M\u00e1ster, a diferencia de otros cursos online, tiene un <strong>45% de clases pr\u00e1cticas<\/strong> respecto a la totalidad de las horas lectivas. Una vez cursado y, despu\u00e9s de haber realizado el trabajo final, el farmac\u00e9utico podr\u00e1 desempe\u00f1ar con seguridad y poner en pr\u00e1ctica, desde el primer d\u00eda, todo lo aprendido. Asimismo, el <strong>trabajo de fin de M\u00e1ster<\/strong> que debe presentar cada alumno, tutorizado por profesores expertos, consiste en un <strong>proyecto para desarrollar un centro de Ortopedia<\/strong>.<\/p>\n<p>&nbsp;<\/p>\n<div class=\"box note\"><\/div>\n<h2><span style=\"color: #008080;\"><strong>&quot;Cambios en un futuro cercano: el cup\u00f3n identificativo y el ePAO&quot;<\/strong><\/span><\/h2>\n<p>Por otra parte, tambi\u00e9n en el marco de la sesi\u00f3n informativa, <strong>Elena Palau<\/strong>, vocal de Ortopedia, hizo una presentaci\u00f3n titulada <strong>&quot;Cambios en un futuro cercano: el cup\u00f3n identificativo y el ePAO&quot;<\/strong>. Palau se refiri\u00f3 al contexto del cup\u00f3n identificativo ya la Orden Ministerial SCB\/45\/2019. Tambi\u00e9n habl\u00f3 del <strong>nuevo cat\u00e1logo de prestaciones ortoprot\u00e9ticas (PAO)<\/strong> a cargo del Servicio Catal\u00e1n de la Salud.<\/p>\n<\/div>\n<p><strong>Otras publicaciones de inter\u00e9s:<\/strong><\/p>\n<ul>\n<li><a href=\"https:\/\/blog.cofb.cat\/collegi-universitat-barcelona-posen-marxa-vi-edicio-master-dortopedia-farmaceutics\/\" target=\"_blank\" rel=\"noopener\">El Colegio y la Universidad de Barcelona ponen en marcha la VI edici\u00f3n del M\u00e1ster de ortopedia para farmac\u00e9uticos (Septiembre 2019)<\/a><\/li>\n<li><a href=\"https:\/\/blog.cofb.cat\/conferencia-del-master-dortopedia-lortopedia-una-aposta-professional\/\" target=\"_blank\" rel=\"noopener\">\u00bfC\u00f3mo ser\u00e1 y qu\u00e9 aportar\u00e1 la VI edici\u00f3n del M\u00e1ster de Ortopedia para farmac\u00e9uticos del COFB y la UB? (Junio 2019)<\/a><\/li>\n<\/ul>","protected":false},"excerpt":{"rendered":"<p>El Colegio de Farmac\u00e9uticos de Barcelona (COFB) y la Universidad de Barcelona (UB) han presentado la VII edici\u00f3n del M\u00e1ster de Ortopedia para farmac\u00e9uticos, que empezar\u00e1 el pr\u00f3ximo 25 de octubre y capacitar\u00e1 nuevamente al farmac\u00e9utico como t\u00e9cnico responsable para ejercer la adaptaci\u00f3n y fabricaci\u00f3n a medida de productos [\u2026]<\/p>","protected":false},"author":1,"featured_media":56141,"comment_status":"open","ping_status":"open","sticky":false,"template":"","format":"standard","meta":{"_uag_custom_page_level_css":"","site-sidebar-layout":"default","site-content-layout":"","ast-site-content-layout":"default","site-content-style":"default","site-sidebar-style":"default","ast-global-header-display":"","ast-banner-title-visibility":"","ast-main-header-display":"","ast-hfb-above-header-display":"","ast-hfb-below-header-display":"","ast-hfb-mobile-header-display":"","site-post-title":"","ast-breadcrumbs-content":"","ast-featured-img":"disabled","footer-sml-layout":"","theme-transparent-header-meta":"","adv-header-id-meta":"","stick-header-meta":"","header-above-stick-meta":"","header-main-stick-meta":"","header-below-stick-meta":"","astra-migrate-meta-layouts":"default","ast-page-background-enabled":"default","ast-page-background-meta":{"desktop":{"background-color":"var(--ast-global-color-4)","background-image":"","background-repeat":"repeat","background-position":"center center","background-size":"auto","background-attachment":"scroll","background-type":"","background-media":"","overlay-type":"","overlay-color":"","overlay-opacity":"","overlay-gradient":""},"tablet":{"background-color":"","background-image":"","background-repeat":"repeat","background-position":"center center","background-size":"auto","background-attachment":"scroll","background-type":"","background-media":"","overlay-type":"","overlay-color":"","overlay-opacity":"","overlay-gradient":""},"mobile":{"background-color":"","background-image":"","background-repeat":"repeat","background-position":"center center","background-size":"auto","background-attachment":"scroll","background-type":"","background-media":"","overlay-type":"","overlay-color":"","overlay-opacity":"","overlay-gradient":""}},"ast-content-background-meta":{"desktop":{"background-color":"var(--ast-global-color-5)","background-image":"","background-repeat":"repeat","background-position":"center center","background-size":"auto","background-attachment":"scroll","background-type":"","background-media":"","overlay-type":"","overlay-color":"","overlay-opacity":"","overlay-gradient":""},"tablet":{"background-color":"var(--ast-global-color-5)","background-image":"","background-repeat":"repeat","background-position":"center center","background-size":"auto","background-attachment":"scroll","background-type":"","background-media":"","overlay-type":"","overlay-color":"","overlay-opacity":"","overlay-gradient":""},"mobile":{"background-color":"var(--ast-global-color-5)","background-image":"","background-repeat":"repeat","background-position":"center center","background-size":"auto","background-attachment":"scroll","background-type":"","background-media":"","overlay-type":"","overlay-color":"","overlay-opacity":"","overlay-gradient":""}},"footnotes":""},"categories":[23,57],"tags":[18,19,469,90,3162,76,117,590],"class_list":["post-56140","post","type-post","status-publish","format-standard","has-post-thumbnail","hentry","category-destacats","category-mon-collegial","tag-cofb","tag-collegi-de-farmaceutics-de-barcelona","tag-coronavirus","tag-covid-19","tag-master-ortopedia","tag-oficina-de-farmacia","tag-salut","tag-vocalia-dortopedia"],"yoast_head":"<!-- This site is optimized with the Yoast SEO plugin v22.4 - https:\/\/yoast.com\/wordpress\/plugins\/seo\/ -->\n<title>El COF de Barcelona i la Universitat de Barcelona presenten la VII edici\u00f3 del M\u00e0ster d\u2019Ortop\u00e8dia per a farmac\u00e8utics, que oferir\u00e0 per primer cop una modalitat h\u00edbrida - Col\u00b7legi de Farmac\u00e8utics de Barcelona<\/title>\n<meta name=\"description\" content=\"El COFB i la Universitat de Barcelona (UB) han presentat la VII edici\u00f3 del M\u00e0ster d\u2019Ortop\u00e8dia per a farmac\u00e8utics, que comen\u00e7ar\u00e0 el pr\u00f2xim 25 d\u2019octubre i capacitar\u00e0 novament al farmac\u00e8utic com a t\u00e8cnic responsable per a exercir l\u2019adaptaci\u00f3 i la fabricaci\u00f3 a mida de productes d\u2019Ortop\u00e8dia.\" \/>\n<meta name=\"robots\" content=\"index, follow, max-snippet:-1, max-image-preview:large, max-video-preview:-1\" \/>\n<link rel=\"canonical\" href=\"https:\/\/novaorg.cofb.net\/2021\/06\/30\/el-cof-de-barcelona-i-la-universitat-de-barcelona-presenten-la-vii-edicio-del-master-dortopedia-per-a-farmaceutics-que-oferira-per-primer-cop-una-modalitat-hibrida\/\" \/>\n<meta property=\"og:locale\" content=\"es_ES\" \/>\n<meta property=\"og:type\" content=\"article\" \/>\n<meta property=\"og:title\" content=\"El COF de Barcelona i la Universitat de Barcelona presenten la VII edici\u00f3 del M\u00e0ster d\u2019Ortop\u00e8dia per a farmac\u00e8utics, que oferir\u00e0 per primer cop una modalitat h\u00edbrida - Col\u00b7legi de Farmac\u00e8utics de Barcelona\" \/>\n<meta property=\"og:description\" content=\"El COFB i la Universitat de Barcelona (UB) han presentat la VII edici\u00f3 del M\u00e0ster d\u2019Ortop\u00e8dia per a farmac\u00e8utics, que comen\u00e7ar\u00e0 el pr\u00f2xim 25 d\u2019octubre i capacitar\u00e0 novament al farmac\u00e8utic com a t\u00e8cnic responsable per a exercir l\u2019adaptaci\u00f3 i la fabricaci\u00f3 a mida de productes d\u2019Ortop\u00e8dia.\" \/>\n<meta property=\"og:url\" content=\"https:\/\/novaorg.cofb.net\/2021\/06\/30\/el-cof-de-barcelona-i-la-universitat-de-barcelona-presenten-la-vii-edicio-del-master-dortopedia-per-a-farmaceutics-que-oferira-per-primer-cop-una-modalitat-hibrida\/\" \/>\n<meta property=\"og:site_name\" content=\"Col\u00b7legi de Farmac\u00e8utics de Barcelona\" \/>\n<meta property=\"article:publisher\" content=\"https:\/\/www.facebook.com\/farmaceuticsbcn\/\" \/>\n<meta property=\"article:published_time\" content=\"2021-06-30T16:27:01+00:00\" \/>\n<meta name=\"author\" content=\"wpAdminCofbOrg\" \/>\n<meta name=\"twitter:card\" content=\"summary_large_image\" \/>\n<meta name=\"twitter:creator\" content=\"@farmaceuticsbcn\" \/>\n<meta name=\"twitter:site\" content=\"@farmaceuticsbcn\" \/>\n<meta name=\"twitter:label1\" content=\"Escrito por\" \/>\n\t<meta name=\"twitter:data1\" content=\"wpAdminCofbOrg\" \/>\n\t<meta name=\"twitter:label2\" content=\"Tiempo de lectura\" \/>\n\t<meta name=\"twitter:data2\" content=\"6 minutos\" \/>\n<script type=\"application\/ld+json\" class=\"yoast-schema-graph\">{\"@context\":\"https:\/\/schema.org\",\"@graph\":[{\"@type\":\"Article\",\"@id\":\"https:\/\/novaorg.cofb.net\/2021\/06\/30\/el-cof-de-barcelona-i-la-universitat-de-barcelona-presenten-la-vii-edicio-del-master-dortopedia-per-a-farmaceutics-que-oferira-per-primer-cop-una-modalitat-hibrida\/#article\",\"isPartOf\":{\"@id\":\"https:\/\/novaorg.cofb.net\/2021\/06\/30\/el-cof-de-barcelona-i-la-universitat-de-barcelona-presenten-la-vii-edicio-del-master-dortopedia-per-a-farmaceutics-que-oferira-per-primer-cop-una-modalitat-hibrida\/\"},\"author\":{\"name\":\"wpAdminCofbOrg\",\"@id\":\"https:\/\/www.cofb.org\/#\/schema\/person\/22ed7eea88da74b0fa4d3154ad87ffcb\"},\"headline\":\"El COF de Barcelona i la Universitat de Barcelona presenten la VII edici\u00f3 del M\u00e0ster d\u2019Ortop\u00e8dia per a farmac\u00e8utics, que oferir\u00e0 per primer cop una modalitat h\u00edbrida\",\"datePublished\":\"2021-06-30T16:27:01+00:00\",\"dateModified\":\"2021-06-30T16:27:01+00:00\",\"mainEntityOfPage\":{\"@id\":\"https:\/\/novaorg.cofb.net\/2021\/06\/30\/el-cof-de-barcelona-i-la-universitat-de-barcelona-presenten-la-vii-edicio-del-master-dortopedia-per-a-farmaceutics-que-oferira-per-primer-cop-una-modalitat-hibrida\/\"},\"wordCount\":1238,\"commentCount\":0,\"publisher\":{\"@id\":\"https:\/\/www.cofb.org\/#organization\"},\"image\":{\"@id\":\"https:\/\/novaorg.cofb.net\/2021\/06\/30\/el-cof-de-barcelona-i-la-universitat-de-barcelona-presenten-la-vii-edicio-del-master-dortopedia-per-a-farmaceutics-que-oferira-per-primer-cop-una-modalitat-hibrida\/#primaryimage\"},\"thumbnailUrl\":\"\",\"keywords\":[\"COFB\",\"Col\u00b7legi de Farmac\u00e8utics de Barcelona\",\"coronavirus\",\"COVID-19\",\"M\u00e0ster Ortop\u00e8dia\",\"Oficina de farm\u00e0cia\",\"salut\",\"vocalia d'Ortop\u00e8dia\"],\"articleSection\":[\"Destacats\",\"M\u00f3n col\u00b7legial\"],\"inLanguage\":\"es\",\"potentialAction\":[{\"@type\":\"CommentAction\",\"name\":\"Comment\",\"target\":[\"https:\/\/novaorg.cofb.net\/2021\/06\/30\/el-cof-de-barcelona-i-la-universitat-de-barcelona-presenten-la-vii-edicio-del-master-dortopedia-per-a-farmaceutics-que-oferira-per-primer-cop-una-modalitat-hibrida\/#respond\"]}]},{\"@type\":\"WebPage\",\"@id\":\"https:\/\/novaorg.cofb.net\/2021\/06\/30\/el-cof-de-barcelona-i-la-universitat-de-barcelona-presenten-la-vii-edicio-del-master-dortopedia-per-a-farmaceutics-que-oferira-per-primer-cop-una-modalitat-hibrida\/\",\"url\":\"https:\/\/novaorg.cofb.net\/2021\/06\/30\/el-cof-de-barcelona-i-la-universitat-de-barcelona-presenten-la-vii-edicio-del-master-dortopedia-per-a-farmaceutics-que-oferira-per-primer-cop-una-modalitat-hibrida\/\",\"name\":\"El COF de Barcelona i la Universitat de Barcelona presenten la VII edici\u00f3 del M\u00e0ster d\u2019Ortop\u00e8dia per a farmac\u00e8utics, que oferir\u00e0 per primer cop una modalitat h\u00edbrida - Col\u00b7legi de Farmac\u00e8utics de Barcelona\",\"isPartOf\":{\"@id\":\"https:\/\/www.cofb.org\/#website\"},\"primaryImageOfPage\":{\"@id\":\"https:\/\/novaorg.cofb.net\/2021\/06\/30\/el-cof-de-barcelona-i-la-universitat-de-barcelona-presenten-la-vii-edicio-del-master-dortopedia-per-a-farmaceutics-que-oferira-per-primer-cop-una-modalitat-hibrida\/#primaryimage\"},\"image\":{\"@id\":\"https:\/\/novaorg.cofb.net\/2021\/06\/30\/el-cof-de-barcelona-i-la-universitat-de-barcelona-presenten-la-vii-edicio-del-master-dortopedia-per-a-farmaceutics-que-oferira-per-primer-cop-una-modalitat-hibrida\/#primaryimage\"},\"thumbnailUrl\":\"\",\"datePublished\":\"2021-06-30T16:27:01+00:00\",\"dateModified\":\"2021-06-30T16:27:01+00:00\",\"description\":\"El COFB i la Universitat de Barcelona (UB) han presentat la VII edici\u00f3 del M\u00e0ster d\u2019Ortop\u00e8dia per a farmac\u00e8utics, que comen\u00e7ar\u00e0 el pr\u00f2xim 25 d\u2019octubre i capacitar\u00e0 novament al farmac\u00e8utic com a t\u00e8cnic responsable per a exercir l\u2019adaptaci\u00f3 i la fabricaci\u00f3 a mida de productes d\u2019Ortop\u00e8dia.\",\"breadcrumb\":{\"@id\":\"https:\/\/novaorg.cofb.net\/2021\/06\/30\/el-cof-de-barcelona-i-la-universitat-de-barcelona-presenten-la-vii-edicio-del-master-dortopedia-per-a-farmaceutics-que-oferira-per-primer-cop-una-modalitat-hibrida\/#breadcrumb\"},\"inLanguage\":\"es\",\"potentialAction\":[{\"@type\":\"ReadAction\",\"target\":[\"https:\/\/novaorg.cofb.net\/2021\/06\/30\/el-cof-de-barcelona-i-la-universitat-de-barcelona-presenten-la-vii-edicio-del-master-dortopedia-per-a-farmaceutics-que-oferira-per-primer-cop-una-modalitat-hibrida\/\"]}]},{\"@type\":\"ImageObject\",\"inLanguage\":\"es\",\"@id\":\"https:\/\/novaorg.cofb.net\/2021\/06\/30\/el-cof-de-barcelona-i-la-universitat-de-barcelona-presenten-la-vii-edicio-del-master-dortopedia-per-a-farmaceutics-que-oferira-per-primer-cop-una-modalitat-hibrida\/#primaryimage\",\"url\":\"\",\"contentUrl\":\"\"},{\"@type\":\"BreadcrumbList\",\"@id\":\"https:\/\/novaorg.cofb.net\/2021\/06\/30\/el-cof-de-barcelona-i-la-universitat-de-barcelona-presenten-la-vii-edicio-del-master-dortopedia-per-a-farmaceutics-que-oferira-per-primer-cop-una-modalitat-hibrida\/#breadcrumb\",\"itemListElement\":[{\"@type\":\"ListItem\",\"position\":1,\"name\":\"Inici\",\"item\":\"https:\/\/novaorg.cofb.net\/\"},{\"@type\":\"ListItem\",\"position\":2,\"name\":\"El COF de Barcelona i la Universitat de Barcelona presenten la VII edici\u00f3 del M\u00e0ster d\u2019Ortop\u00e8dia per a farmac\u00e8utics, que oferir\u00e0 per primer cop una modalitat h\u00edbrida\"}]},{\"@type\":\"WebSite\",\"@id\":\"https:\/\/www.cofb.org\/#website\",\"url\":\"https:\/\/www.cofb.org\/\",\"name\":\"Col\u00b7legi de Farmac\u00e8utics de Barcelona\",\"description\":\"\",\"publisher\":{\"@id\":\"https:\/\/www.cofb.org\/#organization\"},\"potentialAction\":[{\"@type\":\"SearchAction\",\"target\":{\"@type\":\"EntryPoint\",\"urlTemplate\":\"https:\/\/www.cofb.org\/?s={search_term_string}\"},\"query-input\":\"required name=search_term_string\"}],\"inLanguage\":\"es\"},{\"@type\":\"Organization\",\"@id\":\"https:\/\/www.cofb.org\/#organization\",\"name\":\"Col\u00b7legi de Farmac\u00e8utics de Barcelona\",\"url\":\"https:\/\/www.cofb.org\/\",\"logo\":{\"@type\":\"ImageObject\",\"inLanguage\":\"es\",\"@id\":\"https:\/\/www.cofb.org\/#\/schema\/logo\/image\/\",\"url\":\"https:\/\/www.cofb.org\/wp-content\/uploads\/2023\/11\/cropped-Logotip-COFB.png\",\"contentUrl\":\"https:\/\/www.cofb.org\/wp-content\/uploads\/2023\/11\/cropped-Logotip-COFB.png\",\"width\":500,\"height\":105,\"caption\":\"Col\u00b7legi de Farmac\u00e8utics de Barcelona\"},\"image\":{\"@id\":\"https:\/\/www.cofb.org\/#\/schema\/logo\/image\/\"},\"sameAs\":[\"https:\/\/www.facebook.com\/farmaceuticsbcn\/\",\"https:\/\/twitter.com\/farmaceuticsbcn\",\"https:\/\/www.instagram.com\/farmaceuticsbcn\/\",\"https:\/\/www.linkedin.com\/company\/farmaceuticsbcn\/\"]},{\"@type\":\"Person\",\"@id\":\"https:\/\/www.cofb.org\/#\/schema\/person\/22ed7eea88da74b0fa4d3154ad87ffcb\",\"name\":\"wpAdminCofbOrg\",\"image\":{\"@type\":\"ImageObject\",\"inLanguage\":\"es\",\"@id\":\"https:\/\/www.cofb.org\/#\/schema\/person\/image\/\",\"url\":\"https:\/\/secure.gravatar.com\/avatar\/1721b20b3b8ca882c3b56ec6c978c594fff670e40c0718e9190eaeeb76aae7d8?s=96&d=mm&r=g\",\"contentUrl\":\"https:\/\/secure.gravatar.com\/avatar\/1721b20b3b8ca882c3b56ec6c978c594fff670e40c0718e9190eaeeb76aae7d8?s=96&d=mm&r=g\",\"caption\":\"wpAdminCofbOrg\"},\"sameAs\":[\"http:\/\/192.168.64.122\/wordpress\"],\"url\":\"https:\/\/www.cofb.org\/es\/author\/wpadmincofborg\/\"}]}<\/script>\n<!-- \/ Yoast SEO plugin. -->","yoast_head_json":{"title":"El COF de Barcelona i la Universitat de Barcelona presenten la VII edici\u00f3 del M\u00e0ster d\u2019Ortop\u00e8dia per a farmac\u00e8utics, que oferir\u00e0 per primer cop una modalitat h\u00edbrida - Col\u00b7legi de Farmac\u00e8utics de Barcelona","description":"El COFB i la Universitat de Barcelona (UB) han presentat la VII edici\u00f3 del M\u00e0ster d\u2019Ortop\u00e8dia per a farmac\u00e8utics, que comen\u00e7ar\u00e0 el pr\u00f2xim 25 d\u2019octubre i capacitar\u00e0 novament al farmac\u00e8utic com a t\u00e8cnic responsable per a exercir l\u2019adaptaci\u00f3 i la fabricaci\u00f3 a mida de productes d\u2019Ortop\u00e8dia.","robots":{"index":"index","follow":"follow","max-snippet":"max-snippet:-1","max-image-preview":"max-image-preview:large","max-video-preview":"max-video-preview:-1"},"canonical":"https:\/\/novaorg.cofb.net\/2021\/06\/30\/el-cof-de-barcelona-i-la-universitat-de-barcelona-presenten-la-vii-edicio-del-master-dortopedia-per-a-farmaceutics-que-oferira-per-primer-cop-una-modalitat-hibrida\/","og_locale":"es_ES","og_type":"article","og_title":"El COF de Barcelona i la Universitat de Barcelona presenten la VII edici\u00f3 del M\u00e0ster d\u2019Ortop\u00e8dia per a farmac\u00e8utics, que oferir\u00e0 per primer cop una modalitat h\u00edbrida - Col\u00b7legi de Farmac\u00e8utics de Barcelona","og_description":"El COFB i la Universitat de Barcelona (UB) han presentat la VII edici\u00f3 del M\u00e0ster d\u2019Ortop\u00e8dia per a farmac\u00e8utics, que comen\u00e7ar\u00e0 el pr\u00f2xim 25 d\u2019octubre i capacitar\u00e0 novament al farmac\u00e8utic com a t\u00e8cnic responsable per a exercir l\u2019adaptaci\u00f3 i la fabricaci\u00f3 a mida de productes d\u2019Ortop\u00e8dia.","og_url":"https:\/\/novaorg.cofb.net\/2021\/06\/30\/el-cof-de-barcelona-i-la-universitat-de-barcelona-presenten-la-vii-edicio-del-master-dortopedia-per-a-farmaceutics-que-oferira-per-primer-cop-una-modalitat-hibrida\/","og_site_name":"Col\u00b7legi de Farmac\u00e8utics de Barcelona","article_publisher":"https:\/\/www.facebook.com\/farmaceuticsbcn\/","article_published_time":"2021-06-30T16:27:01+00:00","author":"wpAdminCofbOrg","twitter_card":"summary_large_image","twitter_creator":"@farmaceuticsbcn","twitter_site":"@farmaceuticsbcn","twitter_misc":{"Escrito por":"wpAdminCofbOrg","Tiempo de lectura":"6 minutos"},"schema":{"@context":"https:\/\/schema.org","@graph":[{"@type":"Article","@id":"https:\/\/novaorg.cofb.net\/2021\/06\/30\/el-cof-de-barcelona-i-la-universitat-de-barcelona-presenten-la-vii-edicio-del-master-dortopedia-per-a-farmaceutics-que-oferira-per-primer-cop-una-modalitat-hibrida\/#article","isPartOf":{"@id":"https:\/\/novaorg.cofb.net\/2021\/06\/30\/el-cof-de-barcelona-i-la-universitat-de-barcelona-presenten-la-vii-edicio-del-master-dortopedia-per-a-farmaceutics-que-oferira-per-primer-cop-una-modalitat-hibrida\/"},"author":{"name":"wpAdminCofbOrg","@id":"https:\/\/www.cofb.org\/#\/schema\/person\/22ed7eea88da74b0fa4d3154ad87ffcb"},"headline":"El COF de Barcelona i la Universitat de Barcelona presenten la VII edici\u00f3 del M\u00e0ster d\u2019Ortop\u00e8dia per a farmac\u00e8utics, que oferir\u00e0 per primer cop una modalitat h\u00edbrida","datePublished":"2021-06-30T16:27:01+00:00","dateModified":"2021-06-30T16:27:01+00:00","mainEntityOfPage":{"@id":"https:\/\/novaorg.cofb.net\/2021\/06\/30\/el-cof-de-barcelona-i-la-universitat-de-barcelona-presenten-la-vii-edicio-del-master-dortopedia-per-a-farmaceutics-que-oferira-per-primer-cop-una-modalitat-hibrida\/"},"wordCount":1238,"commentCount":0,"publisher":{"@id":"https:\/\/www.cofb.org\/#organization"},"image":{"@id":"https:\/\/novaorg.cofb.net\/2021\/06\/30\/el-cof-de-barcelona-i-la-universitat-de-barcelona-presenten-la-vii-edicio-del-master-dortopedia-per-a-farmaceutics-que-oferira-per-primer-cop-una-modalitat-hibrida\/#primaryimage"},"thumbnailUrl":"","keywords":["COFB","Col\u00b7legi de Farmac\u00e8utics de Barcelona","coronavirus","COVID-19","M\u00e0ster Ortop\u00e8dia","Oficina de farm\u00e0cia","salut","vocalia d'Ortop\u00e8dia"],"articleSection":["Destacats","M\u00f3n col\u00b7legial"],"inLanguage":"es","potentialAction":[{"@type":"CommentAction","name":"Comment","target":["https:\/\/novaorg.cofb.net\/2021\/06\/30\/el-cof-de-barcelona-i-la-universitat-de-barcelona-presenten-la-vii-edicio-del-master-dortopedia-per-a-farmaceutics-que-oferira-per-primer-cop-una-modalitat-hibrida\/#respond"]}]},{"@type":"WebPage","@id":"https:\/\/novaorg.cofb.net\/2021\/06\/30\/el-cof-de-barcelona-i-la-universitat-de-barcelona-presenten-la-vii-edicio-del-master-dortopedia-per-a-farmaceutics-que-oferira-per-primer-cop-una-modalitat-hibrida\/","url":"https:\/\/novaorg.cofb.net\/2021\/06\/30\/el-cof-de-barcelona-i-la-universitat-de-barcelona-presenten-la-vii-edicio-del-master-dortopedia-per-a-farmaceutics-que-oferira-per-primer-cop-una-modalitat-hibrida\/","name":"El COF de Barcelona i la Universitat de Barcelona presenten la VII edici\u00f3 del M\u00e0ster d\u2019Ortop\u00e8dia per a farmac\u00e8utics, que oferir\u00e0 per primer cop una modalitat h\u00edbrida - Col\u00b7legi de Farmac\u00e8utics de Barcelona","isPartOf":{"@id":"https:\/\/www.cofb.org\/#website"},"primaryImageOfPage":{"@id":"https:\/\/novaorg.cofb.net\/2021\/06\/30\/el-cof-de-barcelona-i-la-universitat-de-barcelona-presenten-la-vii-edicio-del-master-dortopedia-per-a-farmaceutics-que-oferira-per-primer-cop-una-modalitat-hibrida\/#primaryimage"},"image":{"@id":"https:\/\/novaorg.cofb.net\/2021\/06\/30\/el-cof-de-barcelona-i-la-universitat-de-barcelona-presenten-la-vii-edicio-del-master-dortopedia-per-a-farmaceutics-que-oferira-per-primer-cop-una-modalitat-hibrida\/#primaryimage"},"thumbnailUrl":"","datePublished":"2021-06-30T16:27:01+00:00","dateModified":"2021-06-30T16:27:01+00:00","description":"El COFB i la Universitat de Barcelona (UB) han presentat la VII edici\u00f3 del M\u00e0ster d\u2019Ortop\u00e8dia per a farmac\u00e8utics, que comen\u00e7ar\u00e0 el pr\u00f2xim 25 d\u2019octubre i capacitar\u00e0 novament al farmac\u00e8utic com a t\u00e8cnic responsable per a exercir l\u2019adaptaci\u00f3 i la fabricaci\u00f3 a mida de productes d\u2019Ortop\u00e8dia.","breadcrumb":{"@id":"https:\/\/novaorg.cofb.net\/2021\/06\/30\/el-cof-de-barcelona-i-la-universitat-de-barcelona-presenten-la-vii-edicio-del-master-dortopedia-per-a-farmaceutics-que-oferira-per-primer-cop-una-modalitat-hibrida\/#breadcrumb"},"inLanguage":"es","potentialAction":[{"@type":"ReadAction","target":["https:\/\/novaorg.cofb.net\/2021\/06\/30\/el-cof-de-barcelona-i-la-universitat-de-barcelona-presenten-la-vii-edicio-del-master-dortopedia-per-a-farmaceutics-que-oferira-per-primer-cop-una-modalitat-hibrida\/"]}]},{"@type":"ImageObject","inLanguage":"es","@id":"https:\/\/novaorg.cofb.net\/2021\/06\/30\/el-cof-de-barcelona-i-la-universitat-de-barcelona-presenten-la-vii-edicio-del-master-dortopedia-per-a-farmaceutics-que-oferira-per-primer-cop-una-modalitat-hibrida\/#primaryimage","url":"","contentUrl":""},{"@type":"BreadcrumbList","@id":"https:\/\/novaorg.cofb.net\/2021\/06\/30\/el-cof-de-barcelona-i-la-universitat-de-barcelona-presenten-la-vii-edicio-del-master-dortopedia-per-a-farmaceutics-que-oferira-per-primer-cop-una-modalitat-hibrida\/#breadcrumb","itemListElement":[{"@type":"ListItem","position":1,"name":"Inici","item":"https:\/\/novaorg.cofb.net\/"},{"@type":"ListItem","position":2,"name":"El COF de Barcelona i la Universitat de Barcelona presenten la VII edici\u00f3 del M\u00e0ster d\u2019Ortop\u00e8dia per a farmac\u00e8utics, que oferir\u00e0 per primer cop una modalitat h\u00edbrida"}]},{"@type":"WebSite","@id":"https:\/\/www.cofb.org\/#website","url":"https:\/\/www.cofb.org\/","name":"Col\u00b7legi de Farmac\u00e8utics de Barcelona","description":"","publisher":{"@id":"https:\/\/www.cofb.org\/#organization"},"potentialAction":[{"@type":"SearchAction","target":{"@type":"EntryPoint","urlTemplate":"https:\/\/www.cofb.org\/?s={search_term_string}"},"query-input":"required name=search_term_string"}],"inLanguage":"es"},{"@type":"Organization","@id":"https:\/\/www.cofb.org\/#organization","name":"Col\u00b7legi de Farmac\u00e8utics de Barcelona","url":"https:\/\/www.cofb.org\/","logo":{"@type":"ImageObject","inLanguage":"es","@id":"https:\/\/www.cofb.org\/#\/schema\/logo\/image\/","url":"https:\/\/www.cofb.org\/wp-content\/uploads\/2023\/11\/cropped-Logotip-COFB.png","contentUrl":"https:\/\/www.cofb.org\/wp-content\/uploads\/2023\/11\/cropped-Logotip-COFB.png","width":500,"height":105,"caption":"Col\u00b7legi de Farmac\u00e8utics de Barcelona"},"image":{"@id":"https:\/\/www.cofb.org\/#\/schema\/logo\/image\/"},"sameAs":["https:\/\/www.facebook.com\/farmaceuticsbcn\/","https:\/\/twitter.com\/farmaceuticsbcn","https:\/\/www.instagram.com\/farmaceuticsbcn\/","https:\/\/www.linkedin.com\/company\/farmaceuticsbcn\/"]},{"@type":"Person","@id":"https:\/\/www.cofb.org\/#\/schema\/person\/22ed7eea88da74b0fa4d3154ad87ffcb","name":"wpAdminCofbOrg","image":{"@type":"ImageObject","inLanguage":"es","@id":"https:\/\/www.cofb.org\/#\/schema\/person\/image\/","url":"https:\/\/secure.gravatar.com\/avatar\/1721b20b3b8ca882c3b56ec6c978c594fff670e40c0718e9190eaeeb76aae7d8?s=96&d=mm&r=g","contentUrl":"https:\/\/secure.gravatar.com\/avatar\/1721b20b3b8ca882c3b56ec6c978c594fff670e40c0718e9190eaeeb76aae7d8?s=96&d=mm&r=g","caption":"wpAdminCofbOrg"},"sameAs":["http:\/\/192.168.64.122\/wordpress"],"url":"https:\/\/www.cofb.org\/es\/author\/wpadmincofborg\/"}]}},"uagb_featured_image_src":{"full":false,"thumbnail":false,"medium":false,"medium_large":false,"large":false,"1536x1536":false,"2048x2048":false,"trp-custom-language-flag":false},"uagb_author_info":{"display_name":"wpAdminCofbOrg","author_link":"https:\/\/www.cofb.org\/es\/author\/wpadmincofborg\/"},"uagb_comment_info":0,"uagb_excerpt":"El Col\u00b7legi de Farmac\u00e8utics de Barcelona (COFB) i la Universitat de Barcelona (UB) han presentat la VII edici\u00f3 del M\u00e0ster d\u2019Ortop\u00e8dia per a farmac\u00e8utics, que comen\u00e7ar\u00e0 el pr\u00f2xim 25 d\u2019octubre i capacitar\u00e0 novament al farmac\u00e8utic com a t\u00e8cnic responsable per a exercir l\u2019adaptaci\u00f3 i la fabricaci\u00f3 a mida de productes [&hellip;]","_links":{"self":[{"href":"https:\/\/www.cofb.org\/es\/wp-json\/wp\/v2\/posts\/56140","targetHints":{"allow":["GET"]}}],"collection":[{"href":"https:\/\/www.cofb.org\/es\/wp-json\/wp\/v2\/posts"}],"about":[{"href":"https:\/\/www.cofb.org\/es\/wp-json\/wp\/v2\/types\/post"}],"author":[{"embeddable":true,"href":"https:\/\/www.cofb.org\/es\/wp-json\/wp\/v2\/users\/1"}],"replies":[{"embeddable":true,"href":"https:\/\/www.cofb.org\/es\/wp-json\/wp\/v2\/comments?post=56140"}],"version-history":[{"count":0,"href":"https:\/\/www.cofb.org\/es\/wp-json\/wp\/v2\/posts\/56140\/revisions"}],"wp:featuredmedia":[{"embeddable":true,"href":"https:\/\/www.cofb.org\/es\/wp-json\/"}],"wp:attachment":[{"href":"https:\/\/www.cofb.org\/es\/wp-json\/wp\/v2\/media?parent=56140"}],"wp:term":[{"taxonomy":"category","embeddable":true,"href":"https:\/\/www.cofb.org\/es\/wp-json\/wp\/v2\/categories?post=56140"},{"taxonomy":"post_tag","embeddable":true,"href":"https:\/\/www.cofb.org\/es\/wp-json\/wp\/v2\/tags?post=56140"}],"curies":[{"name":"wp","href":"https:\/\/api.w.org\/{rel}","templated":true}]}}