{"id":55968,"date":"2021-06-29T13:41:04","date_gmt":"2021-06-29T11:41:04","guid":{"rendered":"https:\/\/blog.cofb.cat\/?p=55968"},"modified":"2021-06-29T13:41:04","modified_gmt":"2021-06-29T11:41:04","slug":"jgo-aprovada-per-unanimitat-la-liquidacio-del-pressupost-de-2020","status":"publish","type":"post","link":"https:\/\/www.cofb.org\/es\/2021\/06\/29\/jgo-aprovada-per-unanimitat-la-liquidacio-del-pressupost-de-2020\/","title":{"rendered":"Junta General Ordinaria: Aprobada por unanimidad la liquidaci\u00f3n del presupuesto de 2020"},"content":{"rendered":"<p>El pasado <strong>lunes 28 de junio<\/strong> tuvo lugar en <strong>Col\u00b7legi de Farmac\u00e8utics de Barcelona<\/strong>\u00a0(COFB) la <strong>Junta General Ordinaria<\/strong> (JGO) donde se va <strong>aprobar por unanimidad la<\/strong> <strong>liquidaci\u00f3n del presupuesto de 2020<\/strong>. La <strong>Junta<\/strong> estuvo encabezada por los miembros que integran el<strong>equipo econ\u00f3mico<\/strong>: el presidente, <strong>Jordi Casas<\/strong>; la vicepresidenta, <strong>N\u00faria Bosch<\/strong>; la secretaria, <strong>Aina Surroca<\/strong>; el tesorero, <strong>Miquel Recasens<\/strong> y la vicetesorera, <strong>Marta Gento<\/strong>.<\/p>\n<figure id=\"attachment_56055\" aria-describedby=\"caption-attachment-56055\" style=\"width: 620px\" class=\"wp-caption aligncenter\"><img fetchpriority=\"high\" decoding=\"async\" class=\"wp-image-56055 size-large\" title=\"De izquierda a derecha, 3 de los miembros de la Junta del COFB: Aina Surroca, secretaria; Jordi Casas, presidente y N\u00faria Bosch, vicepresidenta. \" src=\"https:\/\/blog.cofb.cat\/wp-content\/uploads\/2021\/06\/20210628_150758-edited-1024x536.jpg\" alt=\"D'esquerra a dreta, 3 dels membres de la Junta del COFB: Aina Surroca, secret\u00e0ria; Jordi Casas, president i N\u00faria Bosch, vicepresidenta. \" width=\"620\" height=\"325\" \/><figcaption id=\"caption-attachment-56055\" class=\"wp-caption-text\">De izquierda a derecha, 3 de los miembros de la Junta del COFB: Aina Surroca, secretaria; Jordi Casas, presidente y N\u00faria Bosch, vicepresidenta.<\/figcaption><\/figure>\n<h1><span style=\"color: #008080;\"><strong>Informe de Secretar\u00eda<\/strong><\/span><\/h1>\n<p>La <strong>secretaria del COFB<\/strong>, <strong>Aina Surroca<\/strong>, comenz\u00f3 su intervenci\u00f3n destacando el <strong>contexto del a\u00f1o 2020<\/strong>, marcado claramente por la <strong>pandemia de la COVID-19<\/strong>. A continuaci\u00f3n, aport\u00f3 algunas de las <strong>cifras destacadas de la profesi\u00f3n en la provincia de Barcelona<\/strong>: <strong>9.078<\/strong> colegiados (un 74,3%, mujeres); <strong>2.348<\/strong> oficinas de farmacia; 11 nuevas oficinas de farmacia en 2020. Tambi\u00e9n hizo un repaso de las <strong>m\u00e1s de 167.000<\/strong>\u00a0<strong>consultas telef\u00f3nicas<\/strong> atendidas desde cada departamento del Colegio, de las consultas que los colegiados han hecho al <strong>Centro de Informaci\u00f3n del Medicamento (CIM)<\/strong> del COFB y de las visitas que durante el 2020 recibi\u00f3 la <strong>Gu\u00eda de Dispensaci\u00f3n<\/strong>. Tambi\u00e9n apunt\u00f3 que desde <strong>Secretar\u00eda<\/strong> se tramitaron <strong>2.828 expedientes<\/strong> y desglos\u00f3 la <strong>cifra de documentos electr\u00f3nicos firmados<\/strong>.<\/p>\n<p>En relaci\u00f3n con la <strong>formaci\u00f3n continuada<\/strong>, Surroca destac\u00f3 la adaptaci\u00f3n del <strong>Programa de Formaci\u00f3n Continua<\/strong>\u00a0del COFB 2019-2020 en la <strong>modalidad virtual<\/strong> desde el<strong>abril de 2020<\/strong> debido a la pandemia y tambi\u00e9n la adaptaci\u00f3n de los M\u00e1sters a este nuevo formato. En 2020 se impartieron <strong>194 actividades formativas<\/strong>, con <strong>m\u00e1s de 25.000<\/strong> personas inscritas (una media del\u00a0<strong>64%<\/strong> a trav\u00e9s de <em>Webinar<\/em>). Por otro lado, tambi\u00e9n destac\u00f3 que en 2020 \u00c1gora Sanitaria -la <strong>plataforma de formaci\u00f3n online<\/strong> de los Colegios de Farmac\u00e9uticos de Madrid y Barcelona- cumpl\u00eda <strong>10 a\u00f1os<\/strong> de su puesta en marcha. A lo largo de esta d\u00e9cada, el modelo formativo de<strong>\u00c1gora Sanitaria<\/strong> ha evolucionado contando con <strong>nuevos participantes<\/strong> (instituciones, otros colegios, sociedades cient\u00edficas, empresas del sector, etc.) y con <strong>contenidos<\/strong> caracterizados por el<strong>elevada especializaci\u00f3n<\/strong> (campa\u00f1as, cartera de servicios, etc.).<\/p>\n<figure id=\"attachment_56047\" aria-describedby=\"caption-attachment-56047\" style=\"width: 620px\" class=\"wp-caption aligncenter\"><img decoding=\"async\" class=\"wp-image-56047 size-large\" title=\"Aina Surroca, secretaria del COFB, durante su presentaci\u00f3n. \" src=\"https:\/\/blog.cofb.cat\/wp-content\/uploads\/2021\/06\/Secretaria_individual-1024x609.jpg\" alt=\"Aina Surroca, secret\u00e0ria del COFB, durant la seva presentaci\u00f3. \" width=\"620\" height=\"369\" \/><figcaption id=\"caption-attachment-56047\" class=\"wp-caption-text\">Aina Surroca, secretaria del COFB, durante su presentaci\u00f3n.<\/figcaption><\/figure>\n<p>Por otra parte, en lo que se refiere a los proyectos, campa\u00f1as y servicios, Surroca hizo referencia a <strong>Farmaserveis<\/strong>\u00a0-ya las m\u00e1s de 400 farmacias que tienen acceso a ellas-;\u00a0<strong>Atenci\u00f3n Piel 365<\/strong> y en la ola prevista para el invierno de 2020 centrada en el cuidado y protecci\u00f3n de la piel del deportista; en el estudio <strong>Derma-Riesgo<\/strong> vinculado a Atenci\u00f3n Piel que se reanudar\u00e1 en el a\u00f1o 2022 y al estudio <strong>Farmacogen\u00e9tica del clopidrogel,<\/strong> en la que participan 25 farmacias comunitarias del AIS Barcelona Derecha. A continuaci\u00f3n, la secretaria tambi\u00e9n hizo un repaso de las<strong> datos principales<\/strong> de servicios ya consolidados, como el Programa de Intercambio de Jeringuillas, el Programa de detecci\u00f3n precoz del VIH con test r\u00e1pido, el Sistema Personalizado de Dosificaci\u00f3n o el Programa de Detecci\u00f3n precoz de c\u00e1ncer de colon y recto, y tambi\u00e9n de iniciativas que se han llevado a cabo en el territorio, como el <strong>Yo DIC<\/strong>. A continuaci\u00f3n, mediante un timeline interactivo, mostr\u00f3 los <strong>proyectos llevados a cabo en el marco de la COVID-19<\/strong>, como por ejemplo, la entrega de <strong>Medicamentos Hospitalarios de Dispensaci\u00f3n Ambulatoria (MHDA)<\/strong> a trav\u00e9s de las farmacias comunitarias, la <strong>red de voluntarios<\/strong> para acercar la medicaci\u00f3n a los pacientes m\u00e1s vulnerables, la gesti\u00f3n del<strong> plan de medicaci\u00f3n<\/strong> desde la farmacia o la <strong>iluminaci\u00f3n de la Torre Gl\u00f2ries<\/strong> con motivo del D\u00eda Mundial del Farmac\u00e9utico.<\/p>\n<p>La secretaria tambi\u00e9n expuso que los d\u00edas\u00a0<strong> 17, 18 y 19 de junio de 2020<\/strong> tuvieron lugar las <strong>Jornadas Infarma Digital COVID-19, <\/strong>que registraron un total de <strong>7.970 conexiones<\/strong>. Por otra parte, tambi\u00e9n expuso algunas iniciativas que contaron con la participaci\u00f3n de la <strong>Comisi\u00f3n de Compromiso Social del COFB<\/strong> al a\u00f1o <strong>2020<\/strong>: Farmact\u00edvate, Itaca Farmac\u00e9utica, Barcelona + Sostenible y Farmamundi. Otros datos que mencion\u00f3 son los relativos a la <strong>bolsa de trabajo del COFB,<\/strong>\u00a0las del <strong>certificado digital,\u00a0<\/strong>los <strong>proyectos becados y premiados<\/strong>, y el<strong>homenaje y la entrega de insignias<\/strong> virtual, que tuvo lugar en diciembre del a\u00f1o 2020, a los colegiados y colegiadas que cumpl\u00edan <strong>50 y 75 a\u00f1os como miembros del COFB<\/strong>.<\/p>\n<figure id=\"attachment_56068\" aria-describedby=\"caption-attachment-56068\" style=\"width: 1020px\" class=\"wp-caption aligncenter\"><img decoding=\"async\" class=\"wp-image-56068 size-full\" title=\"Un momento de la Junta General Ordinaria, celebrada el pasado lunes 28 de junio, en el que se aprob\u00f3 por unanimidad la liquidaci\u00f3n del presupuesto de 2020.\" src=\"https:\/\/blog.cofb.cat\/wp-content\/uploads\/2021\/06\/20210628_143434_edited.jpg\" alt=\"Un moment de la Junta General Ordin\u00e0ria, celebrada el passat dilluns 28 de juny, en qu\u00e8 es va aprovar per unanimitat la liquidaci\u00f3 del pressupost de 2020.\" width=\"1020\" height=\"543\" \/><figcaption id=\"caption-attachment-56068\" class=\"wp-caption-text\">Un momento de la Junta General Ordinaria, celebrada el pasado lunes 28 de junio, en el que se aprob\u00f3 por unanimidad la liquidaci\u00f3n del presupuesto de 2020.<\/figcaption><\/figure>\n<p>Durante <strong>en el a\u00f1o 2020 la comunicaci\u00f3n<\/strong> continu\u00f3 teniendo una <strong>gran importancia<\/strong>. Las webs <strong>cofb.org<\/strong>, <strong>blog.cofb.cat<\/strong>, <strong>farmaceuticonline.com<\/strong> y la <strong>intranet colegial<\/strong> recibieron <strong>m\u00e1s de 4.900.000 visitas<\/strong>, lo que supone <strong>un 71% m\u00e1s de visitas que en 2019<\/strong>. En relaci\u00f3n con <strong>la actividad en las redes sociales<\/strong>, en 2020 se registraron <strong>m\u00e1s de 36.000 interacciones<\/strong>, contando Twitter, Facebook y Linkedin, lo que supone un <strong>incremento sin precedentes<\/strong> respecto al mismo per\u00edodo de 2019. Otro hecho destacable correspondiente a 2020 es la puesta en marcha de una cuenta del COFB en <strong>Instagram<\/strong>. Adem\u00e1s, los v\u00eddeos hechos con el objetivo de <strong>visibilizar la labor de los farmac\u00e9uticos\/as<\/strong> durante los primeros meses del confinamiento recibieron <strong>m\u00e1s de 50.000 reproducciones<\/strong>. Otros datos destacados de comunicaci\u00f3n externa de 2020 son:<strong> m\u00e1s de 55 notas de prensa<\/strong> enviadas a los medios de comunicaci\u00f3n, <strong>m\u00e1s de 1.000 repercusiones en prensa, radio, televisi\u00f3n y medios digitales<\/strong> y <strong>m\u00e1s de 400 peticiones atendidas, <\/strong>que suponen un<strong> incremento del 155% respecto al a\u00f1o anterior<\/strong>.<\/p>\n<p>En relaci\u00f3n con la<strong> comunicaci\u00f3n colegial<\/strong>, se enviaron <strong>m\u00e1s de 1.000 comunicaciones<\/strong> por correo electr\u00f3nico y tambi\u00e9n es destacable la creaci\u00f3n en la BBS de un <strong>espacio COVID-19<\/strong>. Finalmente, en el apartado de Comunicaci\u00f3n, tambi\u00e9n se recogi\u00f3 que<strong>App del COFB<\/strong> se descarg\u00f3 554 veces, que <strong>Farmagu\u00eda<\/strong> recibi\u00f3 324.811 visitas y se descarg\u00f3 unas 1.785 veces y que el <strong>Health Symptoms Translator<\/strong> contabiliz\u00f3 442.<\/p>\n<h1><span style=\"color: #008080;\"><strong>Informe de Tesorer\u00eda<\/strong><\/span><\/h1>\n<p>Durante el<strong>Informe de Tesorer\u00eda<\/strong>, el tesorero del COFB, <strong>Miquel Recasens<\/strong>, explic\u00f3 que el <strong>presupuesto<\/strong> institucional se hab\u00eda <strong>liquidado<\/strong> con un <strong>ligero super\u00e1vit<\/strong> de 177,99\u20ac que la Junta General aprob\u00f3 aplicarlos en neto patrimonial del COFB. Tambi\u00e9n hizo un repaso de los <strong>ingresos y gastos<\/strong> que se dieron durante el 2020, un a\u00f1o marcado claramente por la<strong> COVID-19<\/strong>, en concreto de las partidas correspondientes al <strong>blog institucional<\/strong>, al <strong>blog del servicio de facturaci\u00f3n<\/strong> y <strong>liquidaci\u00f3n de recetas<\/strong> y en <strong>Farmaserveis<\/strong>. Tambi\u00e9n hizo una menci\u00f3n especial a la empresa participada por el Colegio, <strong>CoFBServicios<\/strong>, y al esfuerzo de ajuste presupuestario realizado por el conjunto del COFB, que han permitido <strong>cerrar el presupuesto institucional en positivo<\/strong>.<\/p>\n<figure id=\"attachment_56046\" aria-describedby=\"caption-attachment-56046\" style=\"width: 620px\" class=\"wp-caption aligncenter\"><img loading=\"lazy\" decoding=\"async\" class=\"wp-image-56046 size-large\" title=\"Miquel Recasens, mientras presentaba el Informe de Tesorer\u00eda del COFB.\" src=\"https:\/\/blog.cofb.cat\/wp-content\/uploads\/2021\/06\/Tresorer_individual-1024x572.jpg\" alt=\"Miquel Recasens, mentre presentava l'Informe de Tresoreria del COFB.\" width=\"620\" height=\"346\" \/><figcaption id=\"caption-attachment-56046\" class=\"wp-caption-text\">Miquel Recasens, mientras presentaba el Informe de Tesorer\u00eda del COFB.<\/figcaption><\/figure>\n<p>Por otra parte, en el apartado de<strong>inversiones<\/strong>, concret\u00f3 que \u00e9stas se van <strong>liquidar por debajo de lo presupuestado<\/strong> y destac\u00f3 las <strong>tres grandes \u00e1reas<\/strong> donde se ha hecho una <strong>mayor inversi\u00f3n<\/strong>: las <strong>aulas h\u00edbridas<\/strong>, para adaptar la oferta formativa del COFB a la situaci\u00f3n actual de pandemia; las <strong>aplicaciones inform\u00e1ticas<\/strong>, concepto que comprende las inversiones efectuadas en el desarrollo del Portal de Tr\u00e1mites; y los <strong>equipos inform\u00e1ticos<\/strong>, para dar respuesta a la necesidad de teletrabajo.<\/p>\n<h1><span style=\"color: #008080;\"><strong>Informe de Presidencia\u00a0<\/strong><\/span><\/h1>\n<p>A lo largo de su intervenci\u00f3n, Jordi Casas, presidente del COFB, abord\u00f3<strong>\u00a0diversos aspectos relacionados con la actualidad de la COVID-19<\/strong> y, m\u00e1s concretamente, con el<strong>estrategia de detecci\u00f3n<\/strong> de esta enfermedad y con la<strong>estrategia de vacunaci\u00f3n<\/strong>. En cuanto a las <strong>relaciones institucionales<\/strong>, Casas expuso la reuni\u00f3n mantenida con la presidenta del Parlament, <strong>Laura Borr\u00e0s<\/strong>; con el actual presidente de la Generalitat, <strong>Pedro Aragon\u00e9s<\/strong>\u00a0(entonces vicepresidente con funciones de presidente); y tambi\u00e9n habl\u00f3 de <strong>cambios en los cargos principales de la conselleria de Salud<\/strong> y de las <strong>elecciones al CGCOF<\/strong>. Asimismo, anunci\u00f3 que la vicepresidenta del COFB, <strong>N\u00faria Bosch<\/strong>, es la nueva presidenta del C\u00edrculo de Salud, una iniciativa promovida por un amplio colectivo de personas interesadas en la <strong>mejora del sistema sanitario de nuestro pa\u00eds<\/strong>.<\/p>\n<figure id=\"attachment_56045\" aria-describedby=\"caption-attachment-56045\" style=\"width: 620px\" class=\"wp-caption aligncenter\"><img loading=\"lazy\" decoding=\"async\" class=\"wp-image-56045 size-large\" title=\"El presidente del COFB, Jordi Casas, en un momento de su intervenci\u00f3n. \" src=\"https:\/\/blog.cofb.cat\/wp-content\/uploads\/2021\/06\/President_individual-1024x555.jpg\" alt=\"El president del COFB, Jordi Casas, en un moment de la seva intervenci\u00f3. \" width=\"620\" height=\"336\" \/><figcaption id=\"caption-attachment-56045\" class=\"wp-caption-text\">El presidente del COFB, Jordi Casas, en un momento de su intervenci\u00f3n.<\/figcaption><\/figure>\n<p>Otro de los temas a los que hizo referencia Casas, es el <strong>convenio CCFC-CatSalut<\/strong> de despliegue de la atenci\u00f3n farmac\u00e9utica comunitaria en el sistema p\u00fablico de salud, firmado el pasado mes de febrero. En cuanto a los servicios asistenciales, el presidente destac\u00f3, entre otros, Farmaserveis y algunos de sus m\u00f3dulos, como el de <strong>presi\u00f3n arterial<\/strong> (en marcha desde marzo de 2020), el m\u00f3dulo sobre <strong>cese tab\u00e1quico<\/strong> (junio 2021) y el m\u00f3dulo sobre <strong>consejo alimentario<\/strong>, que est\u00e1 previsto que comience en septiembre.<\/p>\n<p>Dentro del blog sobre tecnolog\u00eda, resalt\u00f3 el<strong>arquitectura tecnol\u00f3gica de la corporaci\u00f3n farmac\u00e9utica<\/strong> (2021-2025), las \u00faltimas novedades sobre la<strong> receta electr\u00f3nica privada, el SEVeM o la interoperabilidad para prescripciones electr\u00f3nicas con cobertura p\u00fablica<\/strong>.<\/p>\n<p>Ya en la parte final de su intervenci\u00f3n, Casas hizo un repaso de las <strong>acciones m\u00e1s destacadas de los diferentes \u00e1mbitos de la profesi\u00f3n<\/strong>, de los cambios en relaci\u00f3n con la red de coordinadores y, como tema de actualidad del COFB, destac\u00f3 la <strong>Gu\u00eda de autoinspecci\u00f3n<\/strong>, un autotest a disposici\u00f3n de los colegiados basado en el acta de inspecci\u00f3n\/asesoramiento del COFB. En relaci\u00f3n con la <strong>notificaci\u00f3n electr\u00f3nica<\/strong>, destac\u00f3 que el COFB ha realizado un proceso de adaptaci\u00f3n a una herramienta que derivar\u00e1 en un nuevo portal desde donde los colegiados podr\u00e1n realizar el seguimiento de todos los tr\u00e1mites. Finalmente, pas\u00f3 la palabra a la secretaria del COFB, Aina Surroca, quien hizo referencia a la celebraci\u00f3n de<strong>Infarma Virtual 202<\/strong>1, que cont\u00f3 con cerca de 6.000 asistentes y m\u00e1s de 200 expositores.<\/p>\n<div class=\"destacat-blog\">\n<h2><span style=\"color: #008080;\"><strong>Comunicaci\u00f3n<\/strong><\/span><\/h2>\n<p><strong>N\u00faria Bosch<\/strong>, vicepresidenta del COFB, present\u00f3 las<strong> iniciativas m\u00e1s remarcables de Comunicaci\u00f3n<\/strong> durante el <strong>primer semestre del a\u00f1o 2021<\/strong>. Una de ellas fue la <strong>rueda de prensa<\/strong> del pasado <strong>18 de mayo<\/strong>\u00a0para dar a conocer<strong>\u00a0en los medios<\/strong>\u00a0la campa\u00f1a <strong>\u201cLa piel, m\u00edrala con buenos ojos\u201d,\u00a0<\/strong>as\u00ed como los distintos materiales que se han elaborado, tanto por la farmacia como por redes sociales.<\/p>\n<figure id=\"attachment_56070\" aria-describedby=\"caption-attachment-56070\" style=\"width: 620px\" class=\"wp-caption aligncenter\"><img loading=\"lazy\" decoding=\"async\" class=\"wp-image-56070 size-large\" title=\"La vicepresidenta, N\u00faria Bosch, mientras expon\u00eda las acciones m\u00e1s relevantes del \u00e1mbito de Comunicaci\u00f3.\" src=\"https:\/\/blog.cofb.cat\/wp-content\/uploads\/2021\/06\/Vicepresidenta_individual-1024x523.jpg\" alt=\"La vicepresidenta, N\u00faria Bosch, mentre exposava les accions m\u00e9s rellevants de l'\u00e0mbit de Comunicaci\u00f3.\" width=\"620\" height=\"317\" \/><figcaption id=\"caption-attachment-56070\" class=\"wp-caption-text\">La vicepresidenta, N\u00faria Bosch, mientras expon\u00eda las acciones m\u00e1s relevantes del \u00e1mbito de Comunicaci\u00f3.<\/figcaption><\/figure>\n<p>Bosch tambi\u00e9n hizo un repaso de las <strong>repercusiones m\u00e1s destacadas en los medios a lo largo del primer semestre de 2021<\/strong>, aquellas relacionadas con la <strong>venta en las farmacias de tests de ant\u00edgenos<\/strong>, la firma del convenio entre el CCFC y el CatSalut, Farmaserveis, la campa\u00f1a <strong>\u201cLa piel, m\u00edrala con buenos ojos\u201d<\/strong>, la <strong>vacunaci\u00f3n de los profesionales farmac\u00e9uticos<\/strong>, la iniciativa <strong>\u00a1YO DIGO!<\/strong>, la clausura de la <strong>XVI edici\u00f3n del MGOF<\/strong>, <strong>Infarma Virtual 2021<\/strong> y la inauguraci\u00f3n de una <strong>aula h\u00edbrida en la sede colegial.\u00a0<\/strong><\/p>\n<p>La vicepresidenta tambi\u00e9n se refiri\u00f3 a la <strong>creaci\u00f3n de una cuenta del COFB en Instagram<\/strong>, mostrando varios ejemplos de publicaciones hechas en esta red social.<\/p>\n<\/div>\n<div class=\"box success\"><\/div>\n<p>Cada a\u00f1o, el Col\u00b7legi lleva a cabo <strong>dos Juntas Generales<\/strong> relacionadas con el presupuesto del COFB en las que se presenta a los colegiados la <strong>liquidaci\u00f3n del a\u00f1o anterior<\/strong> (<em>Junta del mes de junio<\/em>) y la <strong>propuesta de presupuesto para el a\u00f1o siguiente<\/strong> (<em>Junta del mes de diciembre<\/em>). La aprobaci\u00f3n de los presupuestos se somete a la <strong>votaci\u00f3n de los colegiados<\/strong> que asisten.<\/p>\n<\/div>\n<p><strong>Otras publicaciones de inter\u00e9s:<\/strong><\/p>\n<ul>\n<li><a href=\"https:\/\/blog.cofb.cat\/junta-general-ordinaria-aprovada-per-unanimitat-la-proposta-de-pressupostos-per-al-2021\/\" target=\"_blank\" rel=\"noopener\">Junta General Ordinaria: Aprobada por unanimidad la propuesta de presupuestos para 2021 (Diciembre 2020)<\/a><\/li>\n<li><a href=\"https:\/\/blog.cofb.cat\/junta-general-ordinaria-aprovada-unanimitat-liquidacio-pressupost-2019\/\" target=\"_blank\" rel=\"noopener\">Junta General Ordinaria: Aprobada por unanimidad la liquidaci\u00f3n del presupuesto de 2019 (Julio 2020)<\/a><\/li>\n<\/ul>","protected":false},"excerpt":{"rendered":"<p>El pasado lunes 28 de junio tuvo lugar en el Colegio de Farmac\u00e9uticos de Barcelona (COFB) la Junta General Ordinaria (JGO) donde se aprob\u00f3 por unanimidad la liquidaci\u00f3n del presupuesto de 2020. La Junta estuvo encabezada por los miembros que integran equipo econ\u00f3mico: el presidente, Jordi Casas; la vicepresidenta, N\u00faria [\u2026]<\/p>","protected":false},"author":1,"featured_media":56055,"comment_status":"open","ping_status":"open","sticky":false,"template":"","format":"standard","meta":{"_uag_custom_page_level_css":"","site-sidebar-layout":"default","site-content-layout":"","ast-site-content-layout":"default","site-content-style":"default","site-sidebar-style":"default","ast-global-header-display":"","ast-banner-title-visibility":"","ast-main-header-display":"","ast-hfb-above-header-display":"","ast-hfb-below-header-display":"","ast-hfb-mobile-header-display":"","site-post-title":"","ast-breadcrumbs-content":"","ast-featured-img":"disabled","footer-sml-layout":"","theme-transparent-header-meta":"","adv-header-id-meta":"","stick-header-meta":"","header-above-stick-meta":"","header-main-stick-meta":"","header-below-stick-meta":"","astra-migrate-meta-layouts":"default","ast-page-background-enabled":"default","ast-page-background-meta":{"desktop":{"background-color":"var(--ast-global-color-4)","background-image":"","background-repeat":"repeat","background-position":"center center","background-size":"auto","background-attachment":"scroll","background-type":"","background-media":"","overlay-type":"","overlay-color":"","overlay-opacity":"","overlay-gradient":""},"tablet":{"background-color":"","background-image":"","background-repeat":"repeat","background-position":"center center","background-size":"auto","background-attachment":"scroll","background-type":"","background-media":"","overlay-type":"","overlay-color":"","overlay-opacity":"","overlay-gradient":""},"mobile":{"background-color":"","background-image":"","background-repeat":"repeat","background-position":"center center","background-size":"auto","background-attachment":"scroll","background-type":"","background-media":"","overlay-type":"","overlay-color":"","overlay-opacity":"","overlay-gradient":""}},"ast-content-background-meta":{"desktop":{"background-color":"var(--ast-global-color-5)","background-image":"","background-repeat":"repeat","background-position":"center center","background-size":"auto","background-attachment":"scroll","background-type":"","background-media":"","overlay-type":"","overlay-color":"","overlay-opacity":"","overlay-gradient":""},"tablet":{"background-color":"var(--ast-global-color-5)","background-image":"","background-repeat":"repeat","background-position":"center center","background-size":"auto","background-attachment":"scroll","background-type":"","background-media":"","overlay-type":"","overlay-color":"","overlay-opacity":"","overlay-gradient":""},"mobile":{"background-color":"var(--ast-global-color-5)","background-image":"","background-repeat":"repeat","background-position":"center center","background-size":"auto","background-attachment":"scroll","background-type":"","background-media":"","overlay-type":"","overlay-color":"","overlay-opacity":"","overlay-gradient":""}},"footnotes":""},"categories":[23,57],"tags":[18,19,692,553,4608,53,68,69,973,413,414,415,3873,417,776,1031,4267,2188,581,846,1028,1029,779],"class_list":["post-55968","post","type-post","status-publish","format-standard","has-post-thumbnail","hentry","category-destacats","category-mon-collegial","tag-cofb","tag-collegi-de-farmaceutics-de-barcelona","tag-collegiats","tag-comunicacio","tag-dades","tag-farmaceutics","tag-farmacia","tag-farmacia-comunitaria","tag-homenatge","tag-informe-de-presidencia","tag-informe-de-secretaria","tag-informe-de-tresoreria","tag-informe-economic","tag-junta-de-govern","tag-liquidacio-pressupost","tag-lliurament","tag-president-del-cofb","tag-professio","tag-secretaria","tag-tfg","tag-tresorer","tag-tresoreria","tag-xifres"],"yoast_head":"<!-- This site is optimized with the Yoast SEO plugin v22.4 - https:\/\/yoast.com\/wordpress\/plugins\/seo\/ -->\n<title>Junta General Ordin\u00e0ria: Aprovada per unanimitat la liquidaci\u00f3 del pressupost de 2020 - Col\u00b7legi de Farmac\u00e8utics de Barcelona<\/title>\n<meta name=\"description\" content=\"El passat dilluns 28 de juny va tenir lloc al Col\u00b7legi de Farmac\u00e8utics de Barcelona\u00a0(COFB) la Junta General Ordin\u00e0ria (JGO) sobre la liquidaci\u00f3 del pressupost de 2020. La Junta va estar encap\u00e7alada pels membres que integren l&#039;equip econ\u00f2mic.\" \/>\n<meta name=\"robots\" content=\"index, follow, max-snippet:-1, max-image-preview:large, max-video-preview:-1\" \/>\n<link rel=\"canonical\" href=\"https:\/\/novaorg.cofb.net\/2021\/06\/29\/jgo-aprovada-per-unanimitat-la-liquidacio-del-pressupost-de-2020\/\" \/>\n<meta property=\"og:locale\" content=\"es_ES\" \/>\n<meta property=\"og:type\" content=\"article\" \/>\n<meta property=\"og:title\" content=\"Junta General Ordin\u00e0ria: Aprovada per unanimitat la liquidaci\u00f3 del pressupost de 2020 - Col\u00b7legi de Farmac\u00e8utics de Barcelona\" \/>\n<meta property=\"og:description\" content=\"El passat dilluns 28 de juny va tenir lloc al Col\u00b7legi de Farmac\u00e8utics de Barcelona\u00a0(COFB) la Junta General Ordin\u00e0ria (JGO) sobre la liquidaci\u00f3 del pressupost de 2020. La Junta va estar encap\u00e7alada pels membres que integren l&#039;equip econ\u00f2mic.\" \/>\n<meta property=\"og:url\" content=\"https:\/\/novaorg.cofb.net\/2021\/06\/29\/jgo-aprovada-per-unanimitat-la-liquidacio-del-pressupost-de-2020\/\" \/>\n<meta property=\"og:site_name\" content=\"Col\u00b7legi de Farmac\u00e8utics de Barcelona\" \/>\n<meta property=\"article:publisher\" content=\"https:\/\/www.facebook.com\/farmaceuticsbcn\/\" \/>\n<meta property=\"article:published_time\" content=\"2021-06-29T11:41:04+00:00\" \/>\n<meta name=\"author\" content=\"wpAdminCofbOrg\" \/>\n<meta name=\"twitter:card\" content=\"summary_large_image\" \/>\n<meta name=\"twitter:creator\" content=\"@farmaceuticsbcn\" \/>\n<meta name=\"twitter:site\" content=\"@farmaceuticsbcn\" \/>\n<meta name=\"twitter:label1\" content=\"Escrito por\" \/>\n\t<meta name=\"twitter:data1\" content=\"wpAdminCofbOrg\" \/>\n\t<meta name=\"twitter:label2\" content=\"Tiempo de lectura\" \/>\n\t<meta name=\"twitter:data2\" content=\"10 minutos\" \/>\n<script type=\"application\/ld+json\" class=\"yoast-schema-graph\">{\"@context\":\"https:\/\/schema.org\",\"@graph\":[{\"@type\":\"Article\",\"@id\":\"https:\/\/novaorg.cofb.net\/2021\/06\/29\/jgo-aprovada-per-unanimitat-la-liquidacio-del-pressupost-de-2020\/#article\",\"isPartOf\":{\"@id\":\"https:\/\/novaorg.cofb.net\/2021\/06\/29\/jgo-aprovada-per-unanimitat-la-liquidacio-del-pressupost-de-2020\/\"},\"author\":{\"name\":\"wpAdminCofbOrg\",\"@id\":\"https:\/\/www.cofb.org\/#\/schema\/person\/22ed7eea88da74b0fa4d3154ad87ffcb\"},\"headline\":\"Junta General Ordin\u00e0ria: Aprovada per unanimitat la liquidaci\u00f3 del pressupost de 2020\",\"datePublished\":\"2021-06-29T11:41:04+00:00\",\"dateModified\":\"2021-06-29T11:41:04+00:00\",\"mainEntityOfPage\":{\"@id\":\"https:\/\/novaorg.cofb.net\/2021\/06\/29\/jgo-aprovada-per-unanimitat-la-liquidacio-del-pressupost-de-2020\/\"},\"wordCount\":2023,\"commentCount\":0,\"publisher\":{\"@id\":\"https:\/\/www.cofb.org\/#organization\"},\"image\":{\"@id\":\"https:\/\/novaorg.cofb.net\/2021\/06\/29\/jgo-aprovada-per-unanimitat-la-liquidacio-del-pressupost-de-2020\/#primaryimage\"},\"thumbnailUrl\":\"\",\"keywords\":[\"COFB\",\"Col\u00b7legi de Farmac\u00e8utics de Barcelona\",\"col\u00b7legiats\",\"comunicaci\u00f3\",\"dades\",\"farmac\u00e8utics\",\"Farm\u00e0cia\",\"farm\u00e0cia comunit\u00e0ria\",\"homenatge\",\"informe de presid\u00e8ncia\",\"informe de secretaria\",\"informe de tresoreria\",\"informe econ\u00f2mic\",\"Junta de Govern\",\"liquidaci\u00f3 pressupost\",\"lliurament\",\"president del COFB\",\"professi\u00f3\",\"secret\u00e0ria\",\"tfg\",\"tresorer\",\"tresoreria\",\"xifres\"],\"articleSection\":[\"Destacats\",\"M\u00f3n col\u00b7legial\"],\"inLanguage\":\"es\",\"potentialAction\":[{\"@type\":\"CommentAction\",\"name\":\"Comment\",\"target\":[\"https:\/\/novaorg.cofb.net\/2021\/06\/29\/jgo-aprovada-per-unanimitat-la-liquidacio-del-pressupost-de-2020\/#respond\"]}]},{\"@type\":\"WebPage\",\"@id\":\"https:\/\/novaorg.cofb.net\/2021\/06\/29\/jgo-aprovada-per-unanimitat-la-liquidacio-del-pressupost-de-2020\/\",\"url\":\"https:\/\/novaorg.cofb.net\/2021\/06\/29\/jgo-aprovada-per-unanimitat-la-liquidacio-del-pressupost-de-2020\/\",\"name\":\"Junta General Ordin\u00e0ria: Aprovada per unanimitat la liquidaci\u00f3 del pressupost de 2020 - Col\u00b7legi de Farmac\u00e8utics de Barcelona\",\"isPartOf\":{\"@id\":\"https:\/\/www.cofb.org\/#website\"},\"primaryImageOfPage\":{\"@id\":\"https:\/\/novaorg.cofb.net\/2021\/06\/29\/jgo-aprovada-per-unanimitat-la-liquidacio-del-pressupost-de-2020\/#primaryimage\"},\"image\":{\"@id\":\"https:\/\/novaorg.cofb.net\/2021\/06\/29\/jgo-aprovada-per-unanimitat-la-liquidacio-del-pressupost-de-2020\/#primaryimage\"},\"thumbnailUrl\":\"\",\"datePublished\":\"2021-06-29T11:41:04+00:00\",\"dateModified\":\"2021-06-29T11:41:04+00:00\",\"description\":\"El passat dilluns 28 de juny va tenir lloc al Col\u00b7legi de Farmac\u00e8utics de Barcelona\u00a0(COFB) la Junta General Ordin\u00e0ria (JGO) sobre la liquidaci\u00f3 del pressupost de 2020. La Junta va estar encap\u00e7alada pels membres que integren l'equip econ\u00f2mic.\",\"breadcrumb\":{\"@id\":\"https:\/\/novaorg.cofb.net\/2021\/06\/29\/jgo-aprovada-per-unanimitat-la-liquidacio-del-pressupost-de-2020\/#breadcrumb\"},\"inLanguage\":\"es\",\"potentialAction\":[{\"@type\":\"ReadAction\",\"target\":[\"https:\/\/novaorg.cofb.net\/2021\/06\/29\/jgo-aprovada-per-unanimitat-la-liquidacio-del-pressupost-de-2020\/\"]}]},{\"@type\":\"ImageObject\",\"inLanguage\":\"es\",\"@id\":\"https:\/\/novaorg.cofb.net\/2021\/06\/29\/jgo-aprovada-per-unanimitat-la-liquidacio-del-pressupost-de-2020\/#primaryimage\",\"url\":\"\",\"contentUrl\":\"\"},{\"@type\":\"BreadcrumbList\",\"@id\":\"https:\/\/novaorg.cofb.net\/2021\/06\/29\/jgo-aprovada-per-unanimitat-la-liquidacio-del-pressupost-de-2020\/#breadcrumb\",\"itemListElement\":[{\"@type\":\"ListItem\",\"position\":1,\"name\":\"Inici\",\"item\":\"https:\/\/novaorg.cofb.net\/\"},{\"@type\":\"ListItem\",\"position\":2,\"name\":\"Junta General Ordin\u00e0ria: Aprovada per unanimitat la liquidaci\u00f3 del pressupost de 2020\"}]},{\"@type\":\"WebSite\",\"@id\":\"https:\/\/www.cofb.org\/#website\",\"url\":\"https:\/\/www.cofb.org\/\",\"name\":\"Col\u00b7legi de Farmac\u00e8utics de Barcelona\",\"description\":\"\",\"publisher\":{\"@id\":\"https:\/\/www.cofb.org\/#organization\"},\"potentialAction\":[{\"@type\":\"SearchAction\",\"target\":{\"@type\":\"EntryPoint\",\"urlTemplate\":\"https:\/\/www.cofb.org\/?s={search_term_string}\"},\"query-input\":\"required name=search_term_string\"}],\"inLanguage\":\"es\"},{\"@type\":\"Organization\",\"@id\":\"https:\/\/www.cofb.org\/#organization\",\"name\":\"Col\u00b7legi de Farmac\u00e8utics de Barcelona\",\"url\":\"https:\/\/www.cofb.org\/\",\"logo\":{\"@type\":\"ImageObject\",\"inLanguage\":\"es\",\"@id\":\"https:\/\/www.cofb.org\/#\/schema\/logo\/image\/\",\"url\":\"https:\/\/www.cofb.org\/wp-content\/uploads\/2023\/11\/cropped-Logotip-COFB.png\",\"contentUrl\":\"https:\/\/www.cofb.org\/wp-content\/uploads\/2023\/11\/cropped-Logotip-COFB.png\",\"width\":500,\"height\":105,\"caption\":\"Col\u00b7legi de Farmac\u00e8utics de Barcelona\"},\"image\":{\"@id\":\"https:\/\/www.cofb.org\/#\/schema\/logo\/image\/\"},\"sameAs\":[\"https:\/\/www.facebook.com\/farmaceuticsbcn\/\",\"https:\/\/twitter.com\/farmaceuticsbcn\",\"https:\/\/www.instagram.com\/farmaceuticsbcn\/\",\"https:\/\/www.linkedin.com\/company\/farmaceuticsbcn\/\"]},{\"@type\":\"Person\",\"@id\":\"https:\/\/www.cofb.org\/#\/schema\/person\/22ed7eea88da74b0fa4d3154ad87ffcb\",\"name\":\"wpAdminCofbOrg\",\"image\":{\"@type\":\"ImageObject\",\"inLanguage\":\"es\",\"@id\":\"https:\/\/www.cofb.org\/#\/schema\/person\/image\/\",\"url\":\"https:\/\/secure.gravatar.com\/avatar\/1721b20b3b8ca882c3b56ec6c978c594fff670e40c0718e9190eaeeb76aae7d8?s=96&d=mm&r=g\",\"contentUrl\":\"https:\/\/secure.gravatar.com\/avatar\/1721b20b3b8ca882c3b56ec6c978c594fff670e40c0718e9190eaeeb76aae7d8?s=96&d=mm&r=g\",\"caption\":\"wpAdminCofbOrg\"},\"sameAs\":[\"http:\/\/192.168.64.122\/wordpress\"],\"url\":\"https:\/\/www.cofb.org\/es\/author\/wpadmincofborg\/\"}]}<\/script>\n<!-- \/ Yoast SEO plugin. -->","yoast_head_json":{"title":"Junta General Ordin\u00e0ria: Aprovada per unanimitat la liquidaci\u00f3 del pressupost de 2020 - Col\u00b7legi de Farmac\u00e8utics de Barcelona","description":"El passat dilluns 28 de juny va tenir lloc al Col\u00b7legi de Farmac\u00e8utics de Barcelona\u00a0(COFB) la Junta General Ordin\u00e0ria (JGO) sobre la liquidaci\u00f3 del pressupost de 2020. La Junta va estar encap\u00e7alada pels membres que integren l'equip econ\u00f2mic.","robots":{"index":"index","follow":"follow","max-snippet":"max-snippet:-1","max-image-preview":"max-image-preview:large","max-video-preview":"max-video-preview:-1"},"canonical":"https:\/\/novaorg.cofb.net\/2021\/06\/29\/jgo-aprovada-per-unanimitat-la-liquidacio-del-pressupost-de-2020\/","og_locale":"es_ES","og_type":"article","og_title":"Junta General Ordin\u00e0ria: Aprovada per unanimitat la liquidaci\u00f3 del pressupost de 2020 - Col\u00b7legi de Farmac\u00e8utics de Barcelona","og_description":"El passat dilluns 28 de juny va tenir lloc al Col\u00b7legi de Farmac\u00e8utics de Barcelona\u00a0(COFB) la Junta General Ordin\u00e0ria (JGO) sobre la liquidaci\u00f3 del pressupost de 2020. La Junta va estar encap\u00e7alada pels membres que integren l'equip econ\u00f2mic.","og_url":"https:\/\/novaorg.cofb.net\/2021\/06\/29\/jgo-aprovada-per-unanimitat-la-liquidacio-del-pressupost-de-2020\/","og_site_name":"Col\u00b7legi de Farmac\u00e8utics de Barcelona","article_publisher":"https:\/\/www.facebook.com\/farmaceuticsbcn\/","article_published_time":"2021-06-29T11:41:04+00:00","author":"wpAdminCofbOrg","twitter_card":"summary_large_image","twitter_creator":"@farmaceuticsbcn","twitter_site":"@farmaceuticsbcn","twitter_misc":{"Escrito por":"wpAdminCofbOrg","Tiempo de lectura":"10 minutos"},"schema":{"@context":"https:\/\/schema.org","@graph":[{"@type":"Article","@id":"https:\/\/novaorg.cofb.net\/2021\/06\/29\/jgo-aprovada-per-unanimitat-la-liquidacio-del-pressupost-de-2020\/#article","isPartOf":{"@id":"https:\/\/novaorg.cofb.net\/2021\/06\/29\/jgo-aprovada-per-unanimitat-la-liquidacio-del-pressupost-de-2020\/"},"author":{"name":"wpAdminCofbOrg","@id":"https:\/\/www.cofb.org\/#\/schema\/person\/22ed7eea88da74b0fa4d3154ad87ffcb"},"headline":"Junta General Ordin\u00e0ria: Aprovada per unanimitat la liquidaci\u00f3 del pressupost de 2020","datePublished":"2021-06-29T11:41:04+00:00","dateModified":"2021-06-29T11:41:04+00:00","mainEntityOfPage":{"@id":"https:\/\/novaorg.cofb.net\/2021\/06\/29\/jgo-aprovada-per-unanimitat-la-liquidacio-del-pressupost-de-2020\/"},"wordCount":2023,"commentCount":0,"publisher":{"@id":"https:\/\/www.cofb.org\/#organization"},"image":{"@id":"https:\/\/novaorg.cofb.net\/2021\/06\/29\/jgo-aprovada-per-unanimitat-la-liquidacio-del-pressupost-de-2020\/#primaryimage"},"thumbnailUrl":"","keywords":["COFB","Col\u00b7legi de Farmac\u00e8utics de Barcelona","col\u00b7legiats","comunicaci\u00f3","dades","farmac\u00e8utics","Farm\u00e0cia","farm\u00e0cia comunit\u00e0ria","homenatge","informe de presid\u00e8ncia","informe de secretaria","informe de tresoreria","informe econ\u00f2mic","Junta de Govern","liquidaci\u00f3 pressupost","lliurament","president del COFB","professi\u00f3","secret\u00e0ria","tfg","tresorer","tresoreria","xifres"],"articleSection":["Destacats","M\u00f3n col\u00b7legial"],"inLanguage":"es","potentialAction":[{"@type":"CommentAction","name":"Comment","target":["https:\/\/novaorg.cofb.net\/2021\/06\/29\/jgo-aprovada-per-unanimitat-la-liquidacio-del-pressupost-de-2020\/#respond"]}]},{"@type":"WebPage","@id":"https:\/\/novaorg.cofb.net\/2021\/06\/29\/jgo-aprovada-per-unanimitat-la-liquidacio-del-pressupost-de-2020\/","url":"https:\/\/novaorg.cofb.net\/2021\/06\/29\/jgo-aprovada-per-unanimitat-la-liquidacio-del-pressupost-de-2020\/","name":"Junta General Ordin\u00e0ria: Aprovada per unanimitat la liquidaci\u00f3 del pressupost de 2020 - Col\u00b7legi de Farmac\u00e8utics de Barcelona","isPartOf":{"@id":"https:\/\/www.cofb.org\/#website"},"primaryImageOfPage":{"@id":"https:\/\/novaorg.cofb.net\/2021\/06\/29\/jgo-aprovada-per-unanimitat-la-liquidacio-del-pressupost-de-2020\/#primaryimage"},"image":{"@id":"https:\/\/novaorg.cofb.net\/2021\/06\/29\/jgo-aprovada-per-unanimitat-la-liquidacio-del-pressupost-de-2020\/#primaryimage"},"thumbnailUrl":"","datePublished":"2021-06-29T11:41:04+00:00","dateModified":"2021-06-29T11:41:04+00:00","description":"El passat dilluns 28 de juny va tenir lloc al Col\u00b7legi de Farmac\u00e8utics de Barcelona\u00a0(COFB) la Junta General Ordin\u00e0ria (JGO) sobre la liquidaci\u00f3 del pressupost de 2020. La Junta va estar encap\u00e7alada pels membres que integren l'equip econ\u00f2mic.","breadcrumb":{"@id":"https:\/\/novaorg.cofb.net\/2021\/06\/29\/jgo-aprovada-per-unanimitat-la-liquidacio-del-pressupost-de-2020\/#breadcrumb"},"inLanguage":"es","potentialAction":[{"@type":"ReadAction","target":["https:\/\/novaorg.cofb.net\/2021\/06\/29\/jgo-aprovada-per-unanimitat-la-liquidacio-del-pressupost-de-2020\/"]}]},{"@type":"ImageObject","inLanguage":"es","@id":"https:\/\/novaorg.cofb.net\/2021\/06\/29\/jgo-aprovada-per-unanimitat-la-liquidacio-del-pressupost-de-2020\/#primaryimage","url":"","contentUrl":""},{"@type":"BreadcrumbList","@id":"https:\/\/novaorg.cofb.net\/2021\/06\/29\/jgo-aprovada-per-unanimitat-la-liquidacio-del-pressupost-de-2020\/#breadcrumb","itemListElement":[{"@type":"ListItem","position":1,"name":"Inici","item":"https:\/\/novaorg.cofb.net\/"},{"@type":"ListItem","position":2,"name":"Junta General Ordin\u00e0ria: Aprovada per unanimitat la liquidaci\u00f3 del pressupost de 2020"}]},{"@type":"WebSite","@id":"https:\/\/www.cofb.org\/#website","url":"https:\/\/www.cofb.org\/","name":"Col\u00b7legi de Farmac\u00e8utics de Barcelona","description":"","publisher":{"@id":"https:\/\/www.cofb.org\/#organization"},"potentialAction":[{"@type":"SearchAction","target":{"@type":"EntryPoint","urlTemplate":"https:\/\/www.cofb.org\/?s={search_term_string}"},"query-input":"required name=search_term_string"}],"inLanguage":"es"},{"@type":"Organization","@id":"https:\/\/www.cofb.org\/#organization","name":"Col\u00b7legi de Farmac\u00e8utics de Barcelona","url":"https:\/\/www.cofb.org\/","logo":{"@type":"ImageObject","inLanguage":"es","@id":"https:\/\/www.cofb.org\/#\/schema\/logo\/image\/","url":"https:\/\/www.cofb.org\/wp-content\/uploads\/2023\/11\/cropped-Logotip-COFB.png","contentUrl":"https:\/\/www.cofb.org\/wp-content\/uploads\/2023\/11\/cropped-Logotip-COFB.png","width":500,"height":105,"caption":"Col\u00b7legi de Farmac\u00e8utics de Barcelona"},"image":{"@id":"https:\/\/www.cofb.org\/#\/schema\/logo\/image\/"},"sameAs":["https:\/\/www.facebook.com\/farmaceuticsbcn\/","https:\/\/twitter.com\/farmaceuticsbcn","https:\/\/www.instagram.com\/farmaceuticsbcn\/","https:\/\/www.linkedin.com\/company\/farmaceuticsbcn\/"]},{"@type":"Person","@id":"https:\/\/www.cofb.org\/#\/schema\/person\/22ed7eea88da74b0fa4d3154ad87ffcb","name":"wpAdminCofbOrg","image":{"@type":"ImageObject","inLanguage":"es","@id":"https:\/\/www.cofb.org\/#\/schema\/person\/image\/","url":"https:\/\/secure.gravatar.com\/avatar\/1721b20b3b8ca882c3b56ec6c978c594fff670e40c0718e9190eaeeb76aae7d8?s=96&d=mm&r=g","contentUrl":"https:\/\/secure.gravatar.com\/avatar\/1721b20b3b8ca882c3b56ec6c978c594fff670e40c0718e9190eaeeb76aae7d8?s=96&d=mm&r=g","caption":"wpAdminCofbOrg"},"sameAs":["http:\/\/192.168.64.122\/wordpress"],"url":"https:\/\/www.cofb.org\/es\/author\/wpadmincofborg\/"}]}},"uagb_featured_image_src":{"full":false,"thumbnail":false,"medium":false,"medium_large":false,"large":false,"1536x1536":false,"2048x2048":false,"trp-custom-language-flag":false},"uagb_author_info":{"display_name":"wpAdminCofbOrg","author_link":"https:\/\/www.cofb.org\/es\/author\/wpadmincofborg\/"},"uagb_comment_info":0,"uagb_excerpt":"El passat dilluns 28 de juny va tenir lloc al Col\u00b7legi de Farmac\u00e8utics de Barcelona\u00a0(COFB) la Junta General Ordin\u00e0ria (JGO) on es va aprovar per unanimitat la liquidaci\u00f3 del pressupost de 2020. La Junta va estar encap\u00e7alada pels membres que integren l&#8217;equip econ\u00f2mic: el president, Jordi Casas; la vicepresidenta, N\u00faria [&hellip;]","_links":{"self":[{"href":"https:\/\/www.cofb.org\/es\/wp-json\/wp\/v2\/posts\/55968","targetHints":{"allow":["GET"]}}],"collection":[{"href":"https:\/\/www.cofb.org\/es\/wp-json\/wp\/v2\/posts"}],"about":[{"href":"https:\/\/www.cofb.org\/es\/wp-json\/wp\/v2\/types\/post"}],"author":[{"embeddable":true,"href":"https:\/\/www.cofb.org\/es\/wp-json\/wp\/v2\/users\/1"}],"replies":[{"embeddable":true,"href":"https:\/\/www.cofb.org\/es\/wp-json\/wp\/v2\/comments?post=55968"}],"version-history":[{"count":0,"href":"https:\/\/www.cofb.org\/es\/wp-json\/wp\/v2\/posts\/55968\/revisions"}],"wp:featuredmedia":[{"embeddable":true,"href":"https:\/\/www.cofb.org\/es\/wp-json\/"}],"wp:attachment":[{"href":"https:\/\/www.cofb.org\/es\/wp-json\/wp\/v2\/media?parent=55968"}],"wp:term":[{"taxonomy":"category","embeddable":true,"href":"https:\/\/www.cofb.org\/es\/wp-json\/wp\/v2\/categories?post=55968"},{"taxonomy":"post_tag","embeddable":true,"href":"https:\/\/www.cofb.org\/es\/wp-json\/wp\/v2\/tags?post=55968"}],"curies":[{"name":"wp","href":"https:\/\/api.w.org\/{rel}","templated":true}]}}