{"id":5596,"date":"2014-03-07T09:10:27","date_gmt":"2014-03-07T08:10:27","guid":{"rendered":"http:\/\/blog.cofb.cat\/?p=5596"},"modified":"2014-03-07T09:10:27","modified_gmt":"2014-03-07T08:10:27","slug":"a-punt-per-a-infarma-madrid-el-dia-25-les-xifres-daquesta-cita-farmaceutica","status":"publish","type":"post","link":"https:\/\/www.cofb.org\/es\/2014\/03\/07\/a-punt-per-a-infarma-madrid-el-dia-25-les-xifres-daquesta-cita-farmaceutica\/","title":{"rendered":"Listo para Infarma Madrid el d\u00eda 25: las cifras de esta cita farmac\u00e9utica"},"content":{"rendered":"<p><a href=\"http:\/\/www.infarma.es\/\"><img decoding=\"async\" class=\"size-full wp-image-2915 alignright\" alt=\"infarma2014-logo\" src=\"http:\/\/blog.cofb.cat\/wp-content\/uploads\/2013\/09\/infarma2014-logo.jpg\" width=\"339\" height=\"96\" \/><\/a>En breve llegar\u00e1 Infarma Madrid 2014: abrir\u00e1 sus puertas el 25 de marzo en el recinto ferial de Ifema. \u00c9stas son algunas de las cifras de este Congreso y Sal\u00f3n Europeo de Farmacia, Medicamentos y Parafarmacia, cita anual de referencia para el sector:<\/p>\n<ul>\n<li><strong>45<\/strong> conferencias y 100 ponentes<\/li>\n<li><strong>2.500<\/strong> congresistas<\/li>\n<li><strong>156<\/strong> p\u00f3sters cient\u00edficos<\/li>\n<li><strong>25.000<\/strong> visitantes profesionales<\/li>\n<li><strong>200<\/strong> expositores (laboratorios y empresas de servicios)<\/li>\n<\/ul>\n<p>Dentro del programa del Congreso se abordar\u00e1n cuestiones como la cartera de servicios, los modelos farmac\u00e9uticos en Europa, la atenci\u00f3n a nuevas demandas sociales desde la oficina de farmacia, la potenciaci\u00f3n de mercados, la rentabilidad y sostenibilidad de la farmacia, la venta de medicamentos a trav\u00e9s de Internet o la nutrigen\u00e9tica. <b>Ver <a href=\"http:\/\/www.infarma.es\/documents\/318930\/96d26bdd-9f72-4872-85f9-a612d4dbd1e5\" target=\"_blank\" rel=\"noopener\">programa<\/a><\/b><\/p>\n<p>Infarma lo organizan los colegios oficiales de farmac\u00e9uticos de Madrid y Barcelona y va alternando su sede cada a\u00f1o en estas ciudades. El presidente del Comit\u00e9 Organizador de Infarma 2014, Alberto Garc\u00eda Romero, destaca que Infarma &quot;permite actualizarse sobre qu\u00e9 est\u00e1 pasando en el sector, compartir proyectos y experiencias y establecer nuevas relaciones profesionales y empresariales&quot;.<\/p>\n<p>Toda la informaci\u00f3n sobre Infarma 2014 la encontrar\u00e1 aqu\u00ed: <b><a href=\"http:\/\/www.infarma.es\/\" target=\"_blank\" rel=\"noopener\">www.infarma.es<\/a><\/b><\/p>","protected":false},"excerpt":{"rendered":"<p>En breve llegar\u00e1 Infarma Madrid 2014: abrir\u00e1 sus puertas el 25 de marzo en el recinto ferial de Ifema. \u00c9stas son algunas de las cifras de este Congreso y Sal\u00f3n Europeo de Farmacia, Medicamentos y Parafarmacia, cita anual de referencia para el sector: 45 conferencias y 100 ponentes 2.500 congresistas 156 p\u00f3sters [\u2026]<\/p>","protected":false},"author":1,"featured_media":2920,"comment_status":"open","ping_status":"open","sticky":false,"template":"","format":"standard","meta":{"_uag_custom_page_level_css":"","site-sidebar-layout":"default","site-content-layout":"","ast-site-content-layout":"default","site-content-style":"default","site-sidebar-style":"default","ast-global-header-display":"","ast-banner-title-visibility":"","ast-main-header-display":"","ast-hfb-above-header-display":"","ast-hfb-below-header-display":"","ast-hfb-mobile-header-display":"","site-post-title":"","ast-breadcrumbs-content":"","ast-featured-img":"disabled","footer-sml-layout":"","theme-transparent-header-meta":"","adv-header-id-meta":"","stick-header-meta":"","header-above-stick-meta":"","header-main-stick-meta":"","header-below-stick-meta":"","astra-migrate-meta-layouts":"default","ast-page-background-enabled":"default","ast-page-background-meta":{"desktop":{"background-color":"var(--ast-global-color-4)","background-image":"","background-repeat":"repeat","background-position":"center center","background-size":"auto","background-attachment":"scroll","background-type":"","background-media":"","overlay-type":"","overlay-color":"","overlay-opacity":"","overlay-gradient":""},"tablet":{"background-color":"","background-image":"","background-repeat":"repeat","background-position":"center center","background-size":"auto","background-attachment":"scroll","background-type":"","background-media":"","overlay-type":"","overlay-color":"","overlay-opacity":"","overlay-gradient":""},"mobile":{"background-color":"","background-image":"","background-repeat":"repeat","background-position":"center center","background-size":"auto","background-attachment":"scroll","background-type":"","background-media":"","overlay-type":"","overlay-color":"","overlay-opacity":"","overlay-gradient":""}},"ast-content-background-meta":{"desktop":{"background-color":"var(--ast-global-color-5)","background-image":"","background-repeat":"repeat","background-position":"center center","background-size":"auto","background-attachment":"scroll","background-type":"","background-media":"","overlay-type":"","overlay-color":"","overlay-opacity":"","overlay-gradient":""},"tablet":{"background-color":"var(--ast-global-color-5)","background-image":"","background-repeat":"repeat","background-position":"center center","background-size":"auto","background-attachment":"scroll","background-type":"","background-media":"","overlay-type":"","overlay-color":"","overlay-opacity":"","overlay-gradient":""},"mobile":{"background-color":"var(--ast-global-color-5)","background-image":"","background-repeat":"repeat","background-position":"center center","background-size":"auto","background-attachment":"scroll","background-type":"","background-media":"","overlay-type":"","overlay-color":"","overlay-opacity":"","overlay-gradient":""}},"footnotes":""},"categories":[32],"tags":[2121,28],"class_list":["post-5596","post","type-post","status-publish","format-standard","has-post-thumbnail","hentry","category-noticies-farmacia","tag-congressos","tag-infarma"],"yoast_head":"<!-- This site is optimized with the Yoast SEO plugin v22.4 - https:\/\/yoast.com\/wordpress\/plugins\/seo\/ -->\n<title>A punt per a Infarma Madrid el dia 25: les xifres d\u2019aquesta cita farmac\u00e8utica - Col\u00b7legi de Farmac\u00e8utics de Barcelona<\/title>\n<meta name=\"robots\" content=\"index, follow, max-snippet:-1, max-image-preview:large, max-video-preview:-1\" \/>\n<link rel=\"canonical\" href=\"https:\/\/novaorg.cofb.net\/2014\/03\/07\/a-punt-per-a-infarma-madrid-el-dia-25-les-xifres-daquesta-cita-farmaceutica\/\" \/>\n<meta property=\"og:locale\" content=\"es_ES\" \/>\n<meta property=\"og:type\" content=\"article\" \/>\n<meta property=\"og:title\" content=\"A punt per a Infarma Madrid el dia 25: les xifres d\u2019aquesta cita farmac\u00e8utica - Col\u00b7legi de Farmac\u00e8utics de Barcelona\" \/>\n<meta property=\"og:description\" content=\"En breu arribar\u00e0 Infarma Madrid 2014: obrir\u00e0 les seves portes el 25 de mar\u00e7 al recinte firal d\u2019Ifema. Aquestes s\u00f3n algunes de les xifres d\u2019aquest Congr\u00e9s i Sal\u00f3 Europeu de Farm\u00e0cia, Medicaments i Parafarm\u00e0cia, cita anual de refer\u00e8ncia per al sector: 45 confer\u00e8ncies i 100 ponents 2.500 congressistes 156 p\u00f2sters [&hellip;]\" \/>\n<meta property=\"og:url\" content=\"https:\/\/novaorg.cofb.net\/2014\/03\/07\/a-punt-per-a-infarma-madrid-el-dia-25-les-xifres-daquesta-cita-farmaceutica\/\" \/>\n<meta property=\"og:site_name\" content=\"Col\u00b7legi de Farmac\u00e8utics de Barcelona\" \/>\n<meta property=\"article:publisher\" content=\"https:\/\/www.facebook.com\/farmaceuticsbcn\/\" \/>\n<meta property=\"article:published_time\" content=\"2014-03-07T08:10:27+00:00\" \/>\n<meta name=\"author\" content=\"wpAdminCofbOrg\" \/>\n<meta name=\"twitter:card\" content=\"summary_large_image\" \/>\n<meta name=\"twitter:creator\" content=\"@farmaceuticsbcn\" \/>\n<meta name=\"twitter:site\" content=\"@farmaceuticsbcn\" \/>\n<meta name=\"twitter:label1\" content=\"Escrito por\" \/>\n\t<meta name=\"twitter:data1\" content=\"wpAdminCofbOrg\" \/>\n\t<meta name=\"twitter:label2\" content=\"Tiempo de lectura\" \/>\n\t<meta name=\"twitter:data2\" content=\"1 minuto\" \/>\n<script type=\"application\/ld+json\" class=\"yoast-schema-graph\">{\"@context\":\"https:\/\/schema.org\",\"@graph\":[{\"@type\":\"Article\",\"@id\":\"https:\/\/novaorg.cofb.net\/2014\/03\/07\/a-punt-per-a-infarma-madrid-el-dia-25-les-xifres-daquesta-cita-farmaceutica\/#article\",\"isPartOf\":{\"@id\":\"https:\/\/novaorg.cofb.net\/2014\/03\/07\/a-punt-per-a-infarma-madrid-el-dia-25-les-xifres-daquesta-cita-farmaceutica\/\"},\"author\":{\"name\":\"wpAdminCofbOrg\",\"@id\":\"https:\/\/www.cofb.org\/#\/schema\/person\/22ed7eea88da74b0fa4d3154ad87ffcb\"},\"headline\":\"A punt per a Infarma Madrid el dia 25: les xifres d\u2019aquesta cita farmac\u00e8utica\",\"datePublished\":\"2014-03-07T08:10:27+00:00\",\"dateModified\":\"2014-03-07T08:10:27+00:00\",\"mainEntityOfPage\":{\"@id\":\"https:\/\/novaorg.cofb.net\/2014\/03\/07\/a-punt-per-a-infarma-madrid-el-dia-25-les-xifres-daquesta-cita-farmaceutica\/\"},\"wordCount\":209,\"commentCount\":0,\"publisher\":{\"@id\":\"https:\/\/www.cofb.org\/#organization\"},\"image\":{\"@id\":\"https:\/\/novaorg.cofb.net\/2014\/03\/07\/a-punt-per-a-infarma-madrid-el-dia-25-les-xifres-daquesta-cita-farmaceutica\/#primaryimage\"},\"thumbnailUrl\":\"\",\"keywords\":[\"Congressos\",\"Infarma\"],\"articleSection\":[\"Not\u00edcies farm\u00e0cia\"],\"inLanguage\":\"es\",\"potentialAction\":[{\"@type\":\"CommentAction\",\"name\":\"Comment\",\"target\":[\"https:\/\/novaorg.cofb.net\/2014\/03\/07\/a-punt-per-a-infarma-madrid-el-dia-25-les-xifres-daquesta-cita-farmaceutica\/#respond\"]}]},{\"@type\":\"WebPage\",\"@id\":\"https:\/\/novaorg.cofb.net\/2014\/03\/07\/a-punt-per-a-infarma-madrid-el-dia-25-les-xifres-daquesta-cita-farmaceutica\/\",\"url\":\"https:\/\/novaorg.cofb.net\/2014\/03\/07\/a-punt-per-a-infarma-madrid-el-dia-25-les-xifres-daquesta-cita-farmaceutica\/\",\"name\":\"A punt per a Infarma Madrid el dia 25: les xifres d\u2019aquesta cita farmac\u00e8utica - Col\u00b7legi de Farmac\u00e8utics de Barcelona\",\"isPartOf\":{\"@id\":\"https:\/\/www.cofb.org\/#website\"},\"primaryImageOfPage\":{\"@id\":\"https:\/\/novaorg.cofb.net\/2014\/03\/07\/a-punt-per-a-infarma-madrid-el-dia-25-les-xifres-daquesta-cita-farmaceutica\/#primaryimage\"},\"image\":{\"@id\":\"https:\/\/novaorg.cofb.net\/2014\/03\/07\/a-punt-per-a-infarma-madrid-el-dia-25-les-xifres-daquesta-cita-farmaceutica\/#primaryimage\"},\"thumbnailUrl\":\"\",\"datePublished\":\"2014-03-07T08:10:27+00:00\",\"dateModified\":\"2014-03-07T08:10:27+00:00\",\"breadcrumb\":{\"@id\":\"https:\/\/novaorg.cofb.net\/2014\/03\/07\/a-punt-per-a-infarma-madrid-el-dia-25-les-xifres-daquesta-cita-farmaceutica\/#breadcrumb\"},\"inLanguage\":\"es\",\"potentialAction\":[{\"@type\":\"ReadAction\",\"target\":[\"https:\/\/novaorg.cofb.net\/2014\/03\/07\/a-punt-per-a-infarma-madrid-el-dia-25-les-xifres-daquesta-cita-farmaceutica\/\"]}]},{\"@type\":\"ImageObject\",\"inLanguage\":\"es\",\"@id\":\"https:\/\/novaorg.cofb.net\/2014\/03\/07\/a-punt-per-a-infarma-madrid-el-dia-25-les-xifres-daquesta-cita-farmaceutica\/#primaryimage\",\"url\":\"\",\"contentUrl\":\"\"},{\"@type\":\"BreadcrumbList\",\"@id\":\"https:\/\/novaorg.cofb.net\/2014\/03\/07\/a-punt-per-a-infarma-madrid-el-dia-25-les-xifres-daquesta-cita-farmaceutica\/#breadcrumb\",\"itemListElement\":[{\"@type\":\"ListItem\",\"position\":1,\"name\":\"Inici\",\"item\":\"https:\/\/novaorg.cofb.net\/\"},{\"@type\":\"ListItem\",\"position\":2,\"name\":\"A punt per a Infarma Madrid el dia 25: les xifres d\u2019aquesta cita farmac\u00e8utica\"}]},{\"@type\":\"WebSite\",\"@id\":\"https:\/\/www.cofb.org\/#website\",\"url\":\"https:\/\/www.cofb.org\/\",\"name\":\"Col\u00b7legi de Farmac\u00e8utics de Barcelona\",\"description\":\"\",\"publisher\":{\"@id\":\"https:\/\/www.cofb.org\/#organization\"},\"potentialAction\":[{\"@type\":\"SearchAction\",\"target\":{\"@type\":\"EntryPoint\",\"urlTemplate\":\"https:\/\/www.cofb.org\/?s={search_term_string}\"},\"query-input\":\"required name=search_term_string\"}],\"inLanguage\":\"es\"},{\"@type\":\"Organization\",\"@id\":\"https:\/\/www.cofb.org\/#organization\",\"name\":\"Col\u00b7legi de Farmac\u00e8utics de Barcelona\",\"url\":\"https:\/\/www.cofb.org\/\",\"logo\":{\"@type\":\"ImageObject\",\"inLanguage\":\"es\",\"@id\":\"https:\/\/www.cofb.org\/#\/schema\/logo\/image\/\",\"url\":\"https:\/\/www.cofb.org\/wp-content\/uploads\/2023\/11\/cropped-Logotip-COFB.png\",\"contentUrl\":\"https:\/\/www.cofb.org\/wp-content\/uploads\/2023\/11\/cropped-Logotip-COFB.png\",\"width\":500,\"height\":105,\"caption\":\"Col\u00b7legi de Farmac\u00e8utics de Barcelona\"},\"image\":{\"@id\":\"https:\/\/www.cofb.org\/#\/schema\/logo\/image\/\"},\"sameAs\":[\"https:\/\/www.facebook.com\/farmaceuticsbcn\/\",\"https:\/\/twitter.com\/farmaceuticsbcn\",\"https:\/\/www.instagram.com\/farmaceuticsbcn\/\",\"https:\/\/www.linkedin.com\/company\/farmaceuticsbcn\/\"]},{\"@type\":\"Person\",\"@id\":\"https:\/\/www.cofb.org\/#\/schema\/person\/22ed7eea88da74b0fa4d3154ad87ffcb\",\"name\":\"wpAdminCofbOrg\",\"image\":{\"@type\":\"ImageObject\",\"inLanguage\":\"es\",\"@id\":\"https:\/\/www.cofb.org\/#\/schema\/person\/image\/\",\"url\":\"https:\/\/secure.gravatar.com\/avatar\/1721b20b3b8ca882c3b56ec6c978c594fff670e40c0718e9190eaeeb76aae7d8?s=96&d=mm&r=g\",\"contentUrl\":\"https:\/\/secure.gravatar.com\/avatar\/1721b20b3b8ca882c3b56ec6c978c594fff670e40c0718e9190eaeeb76aae7d8?s=96&d=mm&r=g\",\"caption\":\"wpAdminCofbOrg\"},\"sameAs\":[\"http:\/\/192.168.64.122\/wordpress\"],\"url\":\"https:\/\/www.cofb.org\/es\/author\/wpadmincofborg\/\"}]}<\/script>\n<!-- \/ Yoast SEO plugin. -->","yoast_head_json":{"title":"A punt per a Infarma Madrid el dia 25: les xifres d\u2019aquesta cita farmac\u00e8utica - Col\u00b7legi de Farmac\u00e8utics de Barcelona","robots":{"index":"index","follow":"follow","max-snippet":"max-snippet:-1","max-image-preview":"max-image-preview:large","max-video-preview":"max-video-preview:-1"},"canonical":"https:\/\/novaorg.cofb.net\/2014\/03\/07\/a-punt-per-a-infarma-madrid-el-dia-25-les-xifres-daquesta-cita-farmaceutica\/","og_locale":"es_ES","og_type":"article","og_title":"A punt per a Infarma Madrid el dia 25: les xifres d\u2019aquesta cita farmac\u00e8utica - Col\u00b7legi de Farmac\u00e8utics de Barcelona","og_description":"En breu arribar\u00e0 Infarma Madrid 2014: obrir\u00e0 les seves portes el 25 de mar\u00e7 al recinte firal d\u2019Ifema. Aquestes s\u00f3n algunes de les xifres d\u2019aquest Congr\u00e9s i Sal\u00f3 Europeu de Farm\u00e0cia, Medicaments i Parafarm\u00e0cia, cita anual de refer\u00e8ncia per al sector: 45 confer\u00e8ncies i 100 ponents 2.500 congressistes 156 p\u00f2sters [&hellip;]","og_url":"https:\/\/novaorg.cofb.net\/2014\/03\/07\/a-punt-per-a-infarma-madrid-el-dia-25-les-xifres-daquesta-cita-farmaceutica\/","og_site_name":"Col\u00b7legi de Farmac\u00e8utics de Barcelona","article_publisher":"https:\/\/www.facebook.com\/farmaceuticsbcn\/","article_published_time":"2014-03-07T08:10:27+00:00","author":"wpAdminCofbOrg","twitter_card":"summary_large_image","twitter_creator":"@farmaceuticsbcn","twitter_site":"@farmaceuticsbcn","twitter_misc":{"Escrito por":"wpAdminCofbOrg","Tiempo de lectura":"1 minuto"},"schema":{"@context":"https:\/\/schema.org","@graph":[{"@type":"Article","@id":"https:\/\/novaorg.cofb.net\/2014\/03\/07\/a-punt-per-a-infarma-madrid-el-dia-25-les-xifres-daquesta-cita-farmaceutica\/#article","isPartOf":{"@id":"https:\/\/novaorg.cofb.net\/2014\/03\/07\/a-punt-per-a-infarma-madrid-el-dia-25-les-xifres-daquesta-cita-farmaceutica\/"},"author":{"name":"wpAdminCofbOrg","@id":"https:\/\/www.cofb.org\/#\/schema\/person\/22ed7eea88da74b0fa4d3154ad87ffcb"},"headline":"A punt per a Infarma Madrid el dia 25: les xifres d\u2019aquesta cita farmac\u00e8utica","datePublished":"2014-03-07T08:10:27+00:00","dateModified":"2014-03-07T08:10:27+00:00","mainEntityOfPage":{"@id":"https:\/\/novaorg.cofb.net\/2014\/03\/07\/a-punt-per-a-infarma-madrid-el-dia-25-les-xifres-daquesta-cita-farmaceutica\/"},"wordCount":209,"commentCount":0,"publisher":{"@id":"https:\/\/www.cofb.org\/#organization"},"image":{"@id":"https:\/\/novaorg.cofb.net\/2014\/03\/07\/a-punt-per-a-infarma-madrid-el-dia-25-les-xifres-daquesta-cita-farmaceutica\/#primaryimage"},"thumbnailUrl":"","keywords":["Congressos","Infarma"],"articleSection":["Not\u00edcies farm\u00e0cia"],"inLanguage":"es","potentialAction":[{"@type":"CommentAction","name":"Comment","target":["https:\/\/novaorg.cofb.net\/2014\/03\/07\/a-punt-per-a-infarma-madrid-el-dia-25-les-xifres-daquesta-cita-farmaceutica\/#respond"]}]},{"@type":"WebPage","@id":"https:\/\/novaorg.cofb.net\/2014\/03\/07\/a-punt-per-a-infarma-madrid-el-dia-25-les-xifres-daquesta-cita-farmaceutica\/","url":"https:\/\/novaorg.cofb.net\/2014\/03\/07\/a-punt-per-a-infarma-madrid-el-dia-25-les-xifres-daquesta-cita-farmaceutica\/","name":"A punt per a Infarma Madrid el dia 25: les xifres d\u2019aquesta cita farmac\u00e8utica - Col\u00b7legi de Farmac\u00e8utics de Barcelona","isPartOf":{"@id":"https:\/\/www.cofb.org\/#website"},"primaryImageOfPage":{"@id":"https:\/\/novaorg.cofb.net\/2014\/03\/07\/a-punt-per-a-infarma-madrid-el-dia-25-les-xifres-daquesta-cita-farmaceutica\/#primaryimage"},"image":{"@id":"https:\/\/novaorg.cofb.net\/2014\/03\/07\/a-punt-per-a-infarma-madrid-el-dia-25-les-xifres-daquesta-cita-farmaceutica\/#primaryimage"},"thumbnailUrl":"","datePublished":"2014-03-07T08:10:27+00:00","dateModified":"2014-03-07T08:10:27+00:00","breadcrumb":{"@id":"https:\/\/novaorg.cofb.net\/2014\/03\/07\/a-punt-per-a-infarma-madrid-el-dia-25-les-xifres-daquesta-cita-farmaceutica\/#breadcrumb"},"inLanguage":"es","potentialAction":[{"@type":"ReadAction","target":["https:\/\/novaorg.cofb.net\/2014\/03\/07\/a-punt-per-a-infarma-madrid-el-dia-25-les-xifres-daquesta-cita-farmaceutica\/"]}]},{"@type":"ImageObject","inLanguage":"es","@id":"https:\/\/novaorg.cofb.net\/2014\/03\/07\/a-punt-per-a-infarma-madrid-el-dia-25-les-xifres-daquesta-cita-farmaceutica\/#primaryimage","url":"","contentUrl":""},{"@type":"BreadcrumbList","@id":"https:\/\/novaorg.cofb.net\/2014\/03\/07\/a-punt-per-a-infarma-madrid-el-dia-25-les-xifres-daquesta-cita-farmaceutica\/#breadcrumb","itemListElement":[{"@type":"ListItem","position":1,"name":"Inici","item":"https:\/\/novaorg.cofb.net\/"},{"@type":"ListItem","position":2,"name":"A punt per a Infarma Madrid el dia 25: les xifres d\u2019aquesta cita farmac\u00e8utica"}]},{"@type":"WebSite","@id":"https:\/\/www.cofb.org\/#website","url":"https:\/\/www.cofb.org\/","name":"Col\u00b7legi de Farmac\u00e8utics de Barcelona","description":"","publisher":{"@id":"https:\/\/www.cofb.org\/#organization"},"potentialAction":[{"@type":"SearchAction","target":{"@type":"EntryPoint","urlTemplate":"https:\/\/www.cofb.org\/?s={search_term_string}"},"query-input":"required name=search_term_string"}],"inLanguage":"es"},{"@type":"Organization","@id":"https:\/\/www.cofb.org\/#organization","name":"Col\u00b7legi de Farmac\u00e8utics de Barcelona","url":"https:\/\/www.cofb.org\/","logo":{"@type":"ImageObject","inLanguage":"es","@id":"https:\/\/www.cofb.org\/#\/schema\/logo\/image\/","url":"https:\/\/www.cofb.org\/wp-content\/uploads\/2023\/11\/cropped-Logotip-COFB.png","contentUrl":"https:\/\/www.cofb.org\/wp-content\/uploads\/2023\/11\/cropped-Logotip-COFB.png","width":500,"height":105,"caption":"Col\u00b7legi de Farmac\u00e8utics de Barcelona"},"image":{"@id":"https:\/\/www.cofb.org\/#\/schema\/logo\/image\/"},"sameAs":["https:\/\/www.facebook.com\/farmaceuticsbcn\/","https:\/\/twitter.com\/farmaceuticsbcn","https:\/\/www.instagram.com\/farmaceuticsbcn\/","https:\/\/www.linkedin.com\/company\/farmaceuticsbcn\/"]},{"@type":"Person","@id":"https:\/\/www.cofb.org\/#\/schema\/person\/22ed7eea88da74b0fa4d3154ad87ffcb","name":"wpAdminCofbOrg","image":{"@type":"ImageObject","inLanguage":"es","@id":"https:\/\/www.cofb.org\/#\/schema\/person\/image\/","url":"https:\/\/secure.gravatar.com\/avatar\/1721b20b3b8ca882c3b56ec6c978c594fff670e40c0718e9190eaeeb76aae7d8?s=96&d=mm&r=g","contentUrl":"https:\/\/secure.gravatar.com\/avatar\/1721b20b3b8ca882c3b56ec6c978c594fff670e40c0718e9190eaeeb76aae7d8?s=96&d=mm&r=g","caption":"wpAdminCofbOrg"},"sameAs":["http:\/\/192.168.64.122\/wordpress"],"url":"https:\/\/www.cofb.org\/es\/author\/wpadmincofborg\/"}]}},"uagb_featured_image_src":{"full":false,"thumbnail":false,"medium":false,"medium_large":false,"large":false,"1536x1536":false,"2048x2048":false,"trp-custom-language-flag":false},"uagb_author_info":{"display_name":"wpAdminCofbOrg","author_link":"https:\/\/www.cofb.org\/es\/author\/wpadmincofborg\/"},"uagb_comment_info":0,"uagb_excerpt":"En breu arribar\u00e0 Infarma Madrid 2014: obrir\u00e0 les seves portes el 25 de mar\u00e7 al recinte firal d\u2019Ifema. Aquestes s\u00f3n algunes de les xifres d\u2019aquest Congr\u00e9s i Sal\u00f3 Europeu de Farm\u00e0cia, Medicaments i Parafarm\u00e0cia, cita anual de refer\u00e8ncia per al sector: 45 confer\u00e8ncies i 100 ponents 2.500 congressistes 156 p\u00f2sters [&hellip;]","_links":{"self":[{"href":"https:\/\/www.cofb.org\/es\/wp-json\/wp\/v2\/posts\/5596","targetHints":{"allow":["GET"]}}],"collection":[{"href":"https:\/\/www.cofb.org\/es\/wp-json\/wp\/v2\/posts"}],"about":[{"href":"https:\/\/www.cofb.org\/es\/wp-json\/wp\/v2\/types\/post"}],"author":[{"embeddable":true,"href":"https:\/\/www.cofb.org\/es\/wp-json\/wp\/v2\/users\/1"}],"replies":[{"embeddable":true,"href":"https:\/\/www.cofb.org\/es\/wp-json\/wp\/v2\/comments?post=5596"}],"version-history":[{"count":0,"href":"https:\/\/www.cofb.org\/es\/wp-json\/wp\/v2\/posts\/5596\/revisions"}],"wp:featuredmedia":[{"embeddable":true,"href":"https:\/\/www.cofb.org\/es\/wp-json\/"}],"wp:attachment":[{"href":"https:\/\/www.cofb.org\/es\/wp-json\/wp\/v2\/media?parent=5596"}],"wp:term":[{"taxonomy":"category","embeddable":true,"href":"https:\/\/www.cofb.org\/es\/wp-json\/wp\/v2\/categories?post=5596"},{"taxonomy":"post_tag","embeddable":true,"href":"https:\/\/www.cofb.org\/es\/wp-json\/wp\/v2\/tags?post=5596"}],"curies":[{"name":"wp","href":"https:\/\/api.w.org\/{rel}","templated":true}]}}