{"id":55952,"date":"2021-06-25T13:20:54","date_gmt":"2021-06-25T11:20:54","guid":{"rendered":"https:\/\/blog.cofb.cat\/?p=55952"},"modified":"2021-06-25T13:20:54","modified_gmt":"2021-06-25T11:20:54","slug":"prop-de-6-000-assistents-i-mes-de-200-expositors-participen-a-infarma-virtual-2021","status":"publish","type":"post","link":"https:\/\/www.cofb.org\/es\/2021\/06\/25\/prop-de-6-000-assistents-i-mes-de-200-expositors-participen-a-infarma-virtual-2021\/","title":{"rendered":"Cerca de 6.000 asistentes y m\u00e1s de 200 expositores participan en Infarma Virtual 2021"},"content":{"rendered":"<p><strong>Infarma Virtual 2021<\/strong> cerr\u00f3 el <strong>17 de junio<\/strong> las puertas de una edici\u00f3n muy especial que, por primera vez, ha integrado <strong>la experiencia del Congreso y Sal\u00f3n ferial<\/strong> dentro de una misma plataforma online.<\/p>\n<p>La edici\u00f3n organizada por los <strong>Colegios Oficiales de Farmac\u00e9uticos<\/strong> de <strong>Madrid<\/strong> y <strong>Barcelona<\/strong>, en colaboraci\u00f3n con <strong>Interalia<\/strong>, se ha convertido de nuevo en <strong>referencia del sector farmac\u00e9utico<\/strong>, como demuestran las<strong> cifras de seguimiento de Infarma Virtual 2021<\/strong>.<\/p>\n<figure id=\"attachment_55960\" aria-describedby=\"caption-attachment-55960\" style=\"width: 620px\" class=\"wp-caption aligncenter\"><img fetchpriority=\"high\" decoding=\"async\" class=\"wp-image-55960 size-large\" title=\"De izquierda a derecha: Luis Gonz\u00e1lez, presidente del COFM; Jorge Arqu\u00e9, presidente de Interalia y Jordi Casas, presidente del COFB.\" src=\"https:\/\/blog.cofb.cat\/wp-content\/uploads\/2021\/06\/Clausura-Infarma-Virtual-2021-1024x543.png\" alt=\"D'esquerra a dreta: Luis Gonz\u00e1lez, president del COFM; Jorge Arqu\u00e9, president d'Interalia i Jordi Casas, president del COFB.\" width=\"620\" height=\"329\" \/><figcaption id=\"caption-attachment-55960\" class=\"wp-caption-text\">De izquierda a derecha: Luis Gonz\u00e1lez, presidente del COFM; Jorge Arqu\u00e9, presidente de Interalia y Jordi Casas, presidente del COFB.<\/figcaption><\/figure>\n<div class=\"box info\"><\/div>\n<h1><span style=\"color: #008080;\"><strong>El encuentro virtual, en cifras<\/strong><\/span><\/h1>\n<p>En total, <strong>el n\u00famero de asistentes se situ\u00f3 cerca de los 6.000<\/strong>, una cifra que los organizadores consideran muy positiva y que invita a mantener experiencias exitosas como el <strong><em>networking<\/em><\/strong> virtual entre congresistas, expositores e industria en la pr\u00f3xima edici\u00f3n de Infarma que se celebrar\u00e1 en Madrid.<\/p>\n<p>El seguimiento y la participaci\u00f3n ha sido muy alto durante los tres d\u00edas de Congreso y Sal\u00f3n. <strong>La asistencia a las ponencias ha rondado el medio millar, como promedio de usuarios \u00fanicos<\/strong>, con picos que han conseguido <strong>620 profesionales<\/strong> en el caso de la mesa redonda <strong>\u201cEl nuevo <em>shopper<\/em> en el canal farmacia\u201d<\/strong> y los<strong> 518 usuarios<\/strong>\u00a0de la conferencia <strong>&quot;Plataformas de comercio electr\u00f3nico&quot;<\/strong>.<\/p>\n<p>Igualmente, las <strong>85 presentaciones comerciales<\/strong> ofertadas por los expositores han obtenido un importante eco, con <strong>6.307 visualizaciones<\/strong>.<\/p>\n<p>Por eso, el comit\u00e9 organizador ha decidido que <strong>Infarma Virtual 2021<\/strong> mantendr\u00e1 abierto el acceso de la plataforma online hasta el pr\u00f3ximo 16 de julio, donde ya est\u00e1n alojados los v\u00eddeos de las ponencias y mesas redondas, de tal forma que los <strong>cuatro pilares de esta edici\u00f3n virtual<\/strong> &#8211;<strong>congreso, estudios cient\u00edficos, expositores y <em>networking<\/em><\/strong>- sean de consulta m\u00e1s all\u00e1 de los tres d\u00edas iniciales.<\/p>\n<\/div>\n<h1><span style=\"color: #008080;\"><strong>Balance de Infarma Virtual 2021<\/strong><\/span><\/h1>\n<p>Durante el<strong>acto de clausura<\/strong>, el presidente de Interalia, <strong>Jorge Arqu\u00e9<\/strong>, agradeci\u00f3 ayer el apoyo y tambi\u00e9n le espera, durante estos dos a\u00f1os, de la industria y de los expositores. \u201cNo es un d\u00eda de clausura, sino de continuaci\u00f3n, la llama de Infarma sigue encendida\u201d, se\u00f1al\u00f3.<\/p>\n<p>Por su parte, el presidente del Colegio Oficial de Farmac\u00e9uticos de Madrid, <strong>Luis Gonz\u00e1lez D\u00edez<\/strong>, mostr\u00f3 tambi\u00e9n su gratitud a los ponentes, congresistas y expositores por su participaci\u00f3n y se refiri\u00f3 a la calidad de un programa cient\u00edfico que ha permitido poner en valor la actuaci\u00f3n de los farmac\u00e9uticos durante la pandemia. \u201cLos farmac\u00e9uticos debemos sentirnos orgullosos de lo que hemos hecho. <strong>Hemos demostrado nuestra esencia como sanitarios<\/strong>\u201d, asegur\u00f3 en su intervenci\u00f3n.<\/p>\n<p><img decoding=\"async\" class=\"aligncenter size-large wp-image-55903\" src=\"https:\/\/blog.cofb.cat\/wp-content\/uploads\/2021\/06\/INFARMA-VIRTUAL-2021-1024x512.png\" alt=\"\" width=\"620\" height=\"310\" \/><\/p>\n<p>Por \u00faltimo, el presidente del Colegio Oficial de Farmac\u00e9uticos de Barcelona, <strong>Jordi Casas S\u00e1nchez<\/strong>, tambi\u00e9n reconoci\u00f3 a los patrocinadores, congresistas, expositores y \u201ctodas las personas que han hecho posible que el esp\u00edritu de Infarma se mantenga vivo un a\u00f1o m\u00e1s\u201d. \u201cNo hemos querido que el congreso estuviera monopolizado por la <strong>pandemia<\/strong>, <strong>hemos querido ir mucho m\u00e1s all\u00e1<\/strong>, hablando de <strong>digitalizaci\u00f3n<\/strong>, <strong>integraci\u00f3n asistencial<\/strong> o <strong>nuevas terapias<\/strong> al margen de los <strong>tratamientos de la COVID-19<\/strong>\u201d, remarc\u00f3.<\/p>\n<h2><span style=\"color: #008080;\"><strong>Incorporaci\u00f3n de herramientas digitales en Infarma Madrid 2022<\/strong><\/span><\/h2>\n<p>Por \u00faltimo, los tres presidentes se mostraron <strong>\u201cconvencidos de que la edici\u00f3n de 2022 incluir\u00e1 aspectos y herramientas de 2021, ya que la digitalizaci\u00f3n ha venido para quedarse y las ediciones presenciales tendr\u00e1n que incorporarla de alguna manera\u201d<\/strong>.<\/p>\n<p><strong>Infarma Madrid 2022<\/strong> tendr\u00e1 lugar los d\u00edas <strong>22, 23 y 24 de marzo<\/strong> en uno <strong>formato presencial<\/strong> que integrar\u00e1 algunas de las <strong>soluciones digitales<\/strong> incorporadas en la \u00faltima edici\u00f3n.<\/p>\n<div class=\"destacat-blog\">\n<p><em>El Congreso de<strong>Infarma Virtual 2021<\/strong> ha contado con el <strong>patrocinio de CarbonellFarma, Essity y FarmaQuatrium<\/strong> como <strong>patrocinadores oro<\/strong>; y <strong>Bancofar, Cinfa, Cofares, Farmanager y Kern Pharma<\/strong> como <strong>patrocinadores plata<\/strong>.<\/em><\/p>\n<\/div>\n<p><strong>Otras publicaciones de inter\u00e9s:<\/strong><\/p>\n<ul>\n<li><a href=\"https:\/\/blog.cofb.cat\/compte-enrere-perque-comenci-infarma-virtual-2021-15-17-juny-connectara-professionals-expositors\/\" target=\"_blank\" rel=\"noopener\">Cuenta atr\u00e1s para que comience Infarma Virtual 2021: del 15 al 17 de junio conectar\u00e1 a profesionales y expositores (Junio 2021)<\/a><\/li>\n<li><a href=\"https:\/\/blog.cofb.cat\/infarma-virtual-2021-abordara-la-resposta-professional-del-farmaceutic-durant-la-pandemia-aixi-com-la-necessitat-dadaptar-se-a-nous-rols-patologies-canals-i-perfils-dusuari\/\" target=\"_blank\" rel=\"noopener\">Infarma Virtual 2021 abordar\u00e1 la respuesta profesional del farmac\u00e9utico durante la pandemia, as\u00ed como la necesidad de adaptarse a nuevos roles, patolog\u00edas, canales y perfiles de usuario (Mayo 2021)<\/a><\/li>\n<\/ul>","protected":false},"excerpt":{"rendered":"<p>Infarma Virtual 2021 cerr\u00f3 el 17 de junio las puertas de una edici\u00f3n muy especial que, por primera vez, ha integrado la experiencia del Congreso y Sal\u00f3n ferial dentro de una misma plataforma online. La edici\u00f3n organizada por los Colegios Oficiales de Farmac\u00e9uticos de Madrid y Barcelona, en colaboraci\u00f3n con Interalia, se ha convertido en [\u2026]<\/p>","protected":false},"author":1,"featured_media":55960,"comment_status":"open","ping_status":"open","sticky":false,"template":"","format":"standard","meta":{"_uag_custom_page_level_css":"","site-sidebar-layout":"default","site-content-layout":"","ast-site-content-layout":"default","site-content-style":"default","site-sidebar-style":"default","ast-global-header-display":"","ast-banner-title-visibility":"","ast-main-header-display":"","ast-hfb-above-header-display":"","ast-hfb-below-header-display":"","ast-hfb-mobile-header-display":"","site-post-title":"","ast-breadcrumbs-content":"","ast-featured-img":"disabled","footer-sml-layout":"","theme-transparent-header-meta":"","adv-header-id-meta":"","stick-header-meta":"","header-above-stick-meta":"","header-main-stick-meta":"","header-below-stick-meta":"","astra-migrate-meta-layouts":"default","ast-page-background-enabled":"default","ast-page-background-meta":{"desktop":{"background-color":"var(--ast-global-color-4)","background-image":"","background-repeat":"repeat","background-position":"center center","background-size":"auto","background-attachment":"scroll","background-type":"","background-media":"","overlay-type":"","overlay-color":"","overlay-opacity":"","overlay-gradient":""},"tablet":{"background-color":"","background-image":"","background-repeat":"repeat","background-position":"center center","background-size":"auto","background-attachment":"scroll","background-type":"","background-media":"","overlay-type":"","overlay-color":"","overlay-opacity":"","overlay-gradient":""},"mobile":{"background-color":"","background-image":"","background-repeat":"repeat","background-position":"center center","background-size":"auto","background-attachment":"scroll","background-type":"","background-media":"","overlay-type":"","overlay-color":"","overlay-opacity":"","overlay-gradient":""}},"ast-content-background-meta":{"desktop":{"background-color":"var(--ast-global-color-5)","background-image":"","background-repeat":"repeat","background-position":"center center","background-size":"auto","background-attachment":"scroll","background-type":"","background-media":"","overlay-type":"","overlay-color":"","overlay-opacity":"","overlay-gradient":""},"tablet":{"background-color":"var(--ast-global-color-5)","background-image":"","background-repeat":"repeat","background-position":"center center","background-size":"auto","background-attachment":"scroll","background-type":"","background-media":"","overlay-type":"","overlay-color":"","overlay-opacity":"","overlay-gradient":""},"mobile":{"background-color":"var(--ast-global-color-5)","background-image":"","background-repeat":"repeat","background-position":"center center","background-size":"auto","background-attachment":"scroll","background-type":"","background-media":"","overlay-type":"","overlay-color":"","overlay-opacity":"","overlay-gradient":""}},"footnotes":""},"categories":[23,2165],"tags":[3127,4606,18,110,940,111,187,112,70,4607,28,4574,115,509],"class_list":["post-55952","post","type-post","status-publish","format-standard","has-post-thumbnail","hentry","category-destacats","category-infarma","tag-actualitzacio","tag-balanc","tag-cofb","tag-cofm","tag-conferencies","tag-congres","tag-congres-i-salo","tag-digitalitzacio","tag-formacio","tag-format-virtual","tag-infarma","tag-infarma-virtual-2021","tag-interalia","tag-salo"],"yoast_head":"<!-- This site is optimized with the Yoast SEO plugin v22.4 - https:\/\/yoast.com\/wordpress\/plugins\/seo\/ -->\n<title>Prop de 6.000 assistents i m\u00e9s de 200 expositors participen a Infarma Virtual 2021 - Col\u00b7legi de Farmac\u00e8utics de Barcelona<\/title>\n<meta name=\"description\" content=\"Infarma Virtual 2021 va tancar el 17 de juny les portes d&#039;una edici\u00f3 molt especial que, per primera vegada, ha integrat l&#039;experi\u00e8ncia del Congr\u00e9s i Sal\u00f3 firal dins d&#039;una mateixa plataforma en l\u00ednia.\" \/>\n<meta name=\"robots\" content=\"index, follow, max-snippet:-1, max-image-preview:large, max-video-preview:-1\" \/>\n<link rel=\"canonical\" href=\"https:\/\/www.cofb.org\/es\/2021\/06\/25\/prop-de-6-000-assistents-i-mes-de-200-expositors-participen-a-infarma-virtual-2021\/\" \/>\n<meta property=\"og:locale\" content=\"es_ES\" \/>\n<meta property=\"og:type\" content=\"article\" \/>\n<meta property=\"og:title\" content=\"Prop de 6.000 assistents i m\u00e9s de 200 expositors participen a Infarma Virtual 2021 - Col\u00b7legi de Farmac\u00e8utics de Barcelona\" \/>\n<meta property=\"og:description\" content=\"Infarma Virtual 2021 va tancar el 17 de juny les portes d&#039;una edici\u00f3 molt especial que, per primera vegada, ha integrat l&#039;experi\u00e8ncia del Congr\u00e9s i Sal\u00f3 firal dins d&#039;una mateixa plataforma en l\u00ednia.\" \/>\n<meta property=\"og:url\" content=\"https:\/\/www.cofb.org\/es\/2021\/06\/25\/prop-de-6-000-assistents-i-mes-de-200-expositors-participen-a-infarma-virtual-2021\/\" \/>\n<meta property=\"og:site_name\" content=\"Col\u00b7legi de Farmac\u00e8utics de Barcelona\" \/>\n<meta property=\"article:publisher\" content=\"https:\/\/www.facebook.com\/farmaceuticsbcn\/\" \/>\n<meta property=\"article:published_time\" content=\"2021-06-25T11:20:54+00:00\" \/>\n<meta name=\"author\" content=\"wpAdminCofbOrg\" \/>\n<meta name=\"twitter:card\" content=\"summary_large_image\" \/>\n<meta name=\"twitter:creator\" content=\"@farmaceuticsbcn\" \/>\n<meta name=\"twitter:site\" content=\"@farmaceuticsbcn\" \/>\n<meta name=\"twitter:label1\" content=\"Escrito por\" \/>\n\t<meta name=\"twitter:data1\" content=\"wpAdminCofbOrg\" \/>\n\t<meta name=\"twitter:label2\" content=\"Tiempo de lectura\" \/>\n\t<meta name=\"twitter:data2\" content=\"3 minutos\" \/>\n<script type=\"application\/ld+json\" class=\"yoast-schema-graph\">{\"@context\":\"https:\/\/schema.org\",\"@graph\":[{\"@type\":\"Article\",\"@id\":\"https:\/\/www.cofb.org\/2021\/06\/25\/prop-de-6-000-assistents-i-mes-de-200-expositors-participen-a-infarma-virtual-2021\/#article\",\"isPartOf\":{\"@id\":\"https:\/\/www.cofb.org\/2021\/06\/25\/prop-de-6-000-assistents-i-mes-de-200-expositors-participen-a-infarma-virtual-2021\/\"},\"author\":{\"name\":\"wpAdminCofbOrg\",\"@id\":\"https:\/\/www.cofb.org\/#\/schema\/person\/22ed7eea88da74b0fa4d3154ad87ffcb\"},\"headline\":\"Prop de 6.000 assistents i m\u00e9s de 200 expositors participen a Infarma Virtual 2021\",\"datePublished\":\"2021-06-25T11:20:54+00:00\",\"dateModified\":\"2021-06-25T11:20:54+00:00\",\"mainEntityOfPage\":{\"@id\":\"https:\/\/www.cofb.org\/2021\/06\/25\/prop-de-6-000-assistents-i-mes-de-200-expositors-participen-a-infarma-virtual-2021\/\"},\"wordCount\":701,\"commentCount\":0,\"publisher\":{\"@id\":\"https:\/\/www.cofb.org\/#organization\"},\"image\":{\"@id\":\"https:\/\/www.cofb.org\/2021\/06\/25\/prop-de-6-000-assistents-i-mes-de-200-expositors-participen-a-infarma-virtual-2021\/#primaryimage\"},\"thumbnailUrl\":\"\",\"keywords\":[\"actualitzaci\u00f3\",\"balan\u00e7\",\"COFB\",\"COFM\",\"Confer\u00e8ncies\",\"Congr\u00e8s\",\"Congr\u00e9s i Sal\u00f3\",\"Digitalitzaci\u00f3\",\"Formaci\u00f3\",\"format virtual\",\"Infarma\",\"Infarma Virtual 2021\",\"Interalia\",\"Sal\u00f3\"],\"articleSection\":[\"Destacats\",\"Infarma\"],\"inLanguage\":\"es\",\"potentialAction\":[{\"@type\":\"CommentAction\",\"name\":\"Comment\",\"target\":[\"https:\/\/www.cofb.org\/2021\/06\/25\/prop-de-6-000-assistents-i-mes-de-200-expositors-participen-a-infarma-virtual-2021\/#respond\"]}]},{\"@type\":\"WebPage\",\"@id\":\"https:\/\/www.cofb.org\/2021\/06\/25\/prop-de-6-000-assistents-i-mes-de-200-expositors-participen-a-infarma-virtual-2021\/\",\"url\":\"https:\/\/www.cofb.org\/2021\/06\/25\/prop-de-6-000-assistents-i-mes-de-200-expositors-participen-a-infarma-virtual-2021\/\",\"name\":\"Prop de 6.000 assistents i m\u00e9s de 200 expositors participen a Infarma Virtual 2021 - Col\u00b7legi de Farmac\u00e8utics de Barcelona\",\"isPartOf\":{\"@id\":\"https:\/\/www.cofb.org\/#website\"},\"primaryImageOfPage\":{\"@id\":\"https:\/\/www.cofb.org\/2021\/06\/25\/prop-de-6-000-assistents-i-mes-de-200-expositors-participen-a-infarma-virtual-2021\/#primaryimage\"},\"image\":{\"@id\":\"https:\/\/www.cofb.org\/2021\/06\/25\/prop-de-6-000-assistents-i-mes-de-200-expositors-participen-a-infarma-virtual-2021\/#primaryimage\"},\"thumbnailUrl\":\"\",\"datePublished\":\"2021-06-25T11:20:54+00:00\",\"dateModified\":\"2021-06-25T11:20:54+00:00\",\"description\":\"Infarma Virtual 2021 va tancar el 17 de juny les portes d'una edici\u00f3 molt especial que, per primera vegada, ha integrat l'experi\u00e8ncia del Congr\u00e9s i Sal\u00f3 firal dins d'una mateixa plataforma en l\u00ednia.\",\"breadcrumb\":{\"@id\":\"https:\/\/www.cofb.org\/2021\/06\/25\/prop-de-6-000-assistents-i-mes-de-200-expositors-participen-a-infarma-virtual-2021\/#breadcrumb\"},\"inLanguage\":\"es\",\"potentialAction\":[{\"@type\":\"ReadAction\",\"target\":[\"https:\/\/www.cofb.org\/2021\/06\/25\/prop-de-6-000-assistents-i-mes-de-200-expositors-participen-a-infarma-virtual-2021\/\"]}]},{\"@type\":\"ImageObject\",\"inLanguage\":\"es\",\"@id\":\"https:\/\/www.cofb.org\/2021\/06\/25\/prop-de-6-000-assistents-i-mes-de-200-expositors-participen-a-infarma-virtual-2021\/#primaryimage\",\"url\":\"\",\"contentUrl\":\"\"},{\"@type\":\"BreadcrumbList\",\"@id\":\"https:\/\/www.cofb.org\/2021\/06\/25\/prop-de-6-000-assistents-i-mes-de-200-expositors-participen-a-infarma-virtual-2021\/#breadcrumb\",\"itemListElement\":[{\"@type\":\"ListItem\",\"position\":1,\"name\":\"Inici\",\"item\":\"https:\/\/novaorg.cofb.net\/\"},{\"@type\":\"ListItem\",\"position\":2,\"name\":\"Prop de 6.000 assistents i m\u00e9s de 200 expositors participen a Infarma Virtual 2021\"}]},{\"@type\":\"WebSite\",\"@id\":\"https:\/\/www.cofb.org\/#website\",\"url\":\"https:\/\/www.cofb.org\/\",\"name\":\"Col\u00b7legi de Farmac\u00e8utics de Barcelona\",\"description\":\"\",\"publisher\":{\"@id\":\"https:\/\/www.cofb.org\/#organization\"},\"potentialAction\":[{\"@type\":\"SearchAction\",\"target\":{\"@type\":\"EntryPoint\",\"urlTemplate\":\"https:\/\/www.cofb.org\/?s={search_term_string}\"},\"query-input\":\"required name=search_term_string\"}],\"inLanguage\":\"es\"},{\"@type\":\"Organization\",\"@id\":\"https:\/\/www.cofb.org\/#organization\",\"name\":\"Col\u00b7legi de Farmac\u00e8utics de Barcelona\",\"url\":\"https:\/\/www.cofb.org\/\",\"logo\":{\"@type\":\"ImageObject\",\"inLanguage\":\"es\",\"@id\":\"https:\/\/www.cofb.org\/#\/schema\/logo\/image\/\",\"url\":\"https:\/\/www.cofb.org\/wp-content\/uploads\/2023\/11\/cropped-Logotip-COFB.png\",\"contentUrl\":\"https:\/\/www.cofb.org\/wp-content\/uploads\/2023\/11\/cropped-Logotip-COFB.png\",\"width\":500,\"height\":105,\"caption\":\"Col\u00b7legi de Farmac\u00e8utics de Barcelona\"},\"image\":{\"@id\":\"https:\/\/www.cofb.org\/#\/schema\/logo\/image\/\"},\"sameAs\":[\"https:\/\/www.facebook.com\/farmaceuticsbcn\/\",\"https:\/\/twitter.com\/farmaceuticsbcn\",\"https:\/\/www.instagram.com\/farmaceuticsbcn\/\",\"https:\/\/www.linkedin.com\/company\/farmaceuticsbcn\/\"]},{\"@type\":\"Person\",\"@id\":\"https:\/\/www.cofb.org\/#\/schema\/person\/22ed7eea88da74b0fa4d3154ad87ffcb\",\"name\":\"wpAdminCofbOrg\",\"image\":{\"@type\":\"ImageObject\",\"inLanguage\":\"es\",\"@id\":\"https:\/\/www.cofb.org\/#\/schema\/person\/image\/\",\"url\":\"https:\/\/secure.gravatar.com\/avatar\/1721b20b3b8ca882c3b56ec6c978c594fff670e40c0718e9190eaeeb76aae7d8?s=96&d=mm&r=g\",\"contentUrl\":\"https:\/\/secure.gravatar.com\/avatar\/1721b20b3b8ca882c3b56ec6c978c594fff670e40c0718e9190eaeeb76aae7d8?s=96&d=mm&r=g\",\"caption\":\"wpAdminCofbOrg\"},\"sameAs\":[\"http:\/\/192.168.64.122\/wordpress\"],\"url\":\"https:\/\/www.cofb.org\/es\/author\/wpadmincofborg\/\"}]}<\/script>\n<!-- \/ Yoast SEO plugin. -->","yoast_head_json":{"title":"Prop de 6.000 assistents i m\u00e9s de 200 expositors participen a Infarma Virtual 2021 - Col\u00b7legi de Farmac\u00e8utics de Barcelona","description":"Infarma Virtual 2021 va tancar el 17 de juny les portes d'una edici\u00f3 molt especial que, per primera vegada, ha integrat l'experi\u00e8ncia del Congr\u00e9s i Sal\u00f3 firal dins d'una mateixa plataforma en l\u00ednia.","robots":{"index":"index","follow":"follow","max-snippet":"max-snippet:-1","max-image-preview":"max-image-preview:large","max-video-preview":"max-video-preview:-1"},"canonical":"https:\/\/www.cofb.org\/es\/2021\/06\/25\/prop-de-6-000-assistents-i-mes-de-200-expositors-participen-a-infarma-virtual-2021\/","og_locale":"es_ES","og_type":"article","og_title":"Prop de 6.000 assistents i m\u00e9s de 200 expositors participen a Infarma Virtual 2021 - Col\u00b7legi de Farmac\u00e8utics de Barcelona","og_description":"Infarma Virtual 2021 va tancar el 17 de juny les portes d'una edici\u00f3 molt especial que, per primera vegada, ha integrat l'experi\u00e8ncia del Congr\u00e9s i Sal\u00f3 firal dins d'una mateixa plataforma en l\u00ednia.","og_url":"https:\/\/www.cofb.org\/es\/2021\/06\/25\/prop-de-6-000-assistents-i-mes-de-200-expositors-participen-a-infarma-virtual-2021\/","og_site_name":"Col\u00b7legi de Farmac\u00e8utics de Barcelona","article_publisher":"https:\/\/www.facebook.com\/farmaceuticsbcn\/","article_published_time":"2021-06-25T11:20:54+00:00","author":"wpAdminCofbOrg","twitter_card":"summary_large_image","twitter_creator":"@farmaceuticsbcn","twitter_site":"@farmaceuticsbcn","twitter_misc":{"Escrito por":"wpAdminCofbOrg","Tiempo de lectura":"3 minutos"},"schema":{"@context":"https:\/\/schema.org","@graph":[{"@type":"Article","@id":"https:\/\/www.cofb.org\/2021\/06\/25\/prop-de-6-000-assistents-i-mes-de-200-expositors-participen-a-infarma-virtual-2021\/#article","isPartOf":{"@id":"https:\/\/www.cofb.org\/2021\/06\/25\/prop-de-6-000-assistents-i-mes-de-200-expositors-participen-a-infarma-virtual-2021\/"},"author":{"name":"wpAdminCofbOrg","@id":"https:\/\/www.cofb.org\/#\/schema\/person\/22ed7eea88da74b0fa4d3154ad87ffcb"},"headline":"Prop de 6.000 assistents i m\u00e9s de 200 expositors participen a Infarma Virtual 2021","datePublished":"2021-06-25T11:20:54+00:00","dateModified":"2021-06-25T11:20:54+00:00","mainEntityOfPage":{"@id":"https:\/\/www.cofb.org\/2021\/06\/25\/prop-de-6-000-assistents-i-mes-de-200-expositors-participen-a-infarma-virtual-2021\/"},"wordCount":701,"commentCount":0,"publisher":{"@id":"https:\/\/www.cofb.org\/#organization"},"image":{"@id":"https:\/\/www.cofb.org\/2021\/06\/25\/prop-de-6-000-assistents-i-mes-de-200-expositors-participen-a-infarma-virtual-2021\/#primaryimage"},"thumbnailUrl":"","keywords":["actualitzaci\u00f3","balan\u00e7","COFB","COFM","Confer\u00e8ncies","Congr\u00e8s","Congr\u00e9s i Sal\u00f3","Digitalitzaci\u00f3","Formaci\u00f3","format virtual","Infarma","Infarma Virtual 2021","Interalia","Sal\u00f3"],"articleSection":["Destacats","Infarma"],"inLanguage":"es","potentialAction":[{"@type":"CommentAction","name":"Comment","target":["https:\/\/www.cofb.org\/2021\/06\/25\/prop-de-6-000-assistents-i-mes-de-200-expositors-participen-a-infarma-virtual-2021\/#respond"]}]},{"@type":"WebPage","@id":"https:\/\/www.cofb.org\/2021\/06\/25\/prop-de-6-000-assistents-i-mes-de-200-expositors-participen-a-infarma-virtual-2021\/","url":"https:\/\/www.cofb.org\/2021\/06\/25\/prop-de-6-000-assistents-i-mes-de-200-expositors-participen-a-infarma-virtual-2021\/","name":"Prop de 6.000 assistents i m\u00e9s de 200 expositors participen a Infarma Virtual 2021 - Col\u00b7legi de Farmac\u00e8utics de Barcelona","isPartOf":{"@id":"https:\/\/www.cofb.org\/#website"},"primaryImageOfPage":{"@id":"https:\/\/www.cofb.org\/2021\/06\/25\/prop-de-6-000-assistents-i-mes-de-200-expositors-participen-a-infarma-virtual-2021\/#primaryimage"},"image":{"@id":"https:\/\/www.cofb.org\/2021\/06\/25\/prop-de-6-000-assistents-i-mes-de-200-expositors-participen-a-infarma-virtual-2021\/#primaryimage"},"thumbnailUrl":"","datePublished":"2021-06-25T11:20:54+00:00","dateModified":"2021-06-25T11:20:54+00:00","description":"Infarma Virtual 2021 va tancar el 17 de juny les portes d'una edici\u00f3 molt especial que, per primera vegada, ha integrat l'experi\u00e8ncia del Congr\u00e9s i Sal\u00f3 firal dins d'una mateixa plataforma en l\u00ednia.","breadcrumb":{"@id":"https:\/\/www.cofb.org\/2021\/06\/25\/prop-de-6-000-assistents-i-mes-de-200-expositors-participen-a-infarma-virtual-2021\/#breadcrumb"},"inLanguage":"es","potentialAction":[{"@type":"ReadAction","target":["https:\/\/www.cofb.org\/2021\/06\/25\/prop-de-6-000-assistents-i-mes-de-200-expositors-participen-a-infarma-virtual-2021\/"]}]},{"@type":"ImageObject","inLanguage":"es","@id":"https:\/\/www.cofb.org\/2021\/06\/25\/prop-de-6-000-assistents-i-mes-de-200-expositors-participen-a-infarma-virtual-2021\/#primaryimage","url":"","contentUrl":""},{"@type":"BreadcrumbList","@id":"https:\/\/www.cofb.org\/2021\/06\/25\/prop-de-6-000-assistents-i-mes-de-200-expositors-participen-a-infarma-virtual-2021\/#breadcrumb","itemListElement":[{"@type":"ListItem","position":1,"name":"Inici","item":"https:\/\/novaorg.cofb.net\/"},{"@type":"ListItem","position":2,"name":"Prop de 6.000 assistents i m\u00e9s de 200 expositors participen a Infarma Virtual 2021"}]},{"@type":"WebSite","@id":"https:\/\/www.cofb.org\/#website","url":"https:\/\/www.cofb.org\/","name":"Col\u00b7legi de Farmac\u00e8utics de Barcelona","description":"","publisher":{"@id":"https:\/\/www.cofb.org\/#organization"},"potentialAction":[{"@type":"SearchAction","target":{"@type":"EntryPoint","urlTemplate":"https:\/\/www.cofb.org\/?s={search_term_string}"},"query-input":"required name=search_term_string"}],"inLanguage":"es"},{"@type":"Organization","@id":"https:\/\/www.cofb.org\/#organization","name":"Col\u00b7legi de Farmac\u00e8utics de Barcelona","url":"https:\/\/www.cofb.org\/","logo":{"@type":"ImageObject","inLanguage":"es","@id":"https:\/\/www.cofb.org\/#\/schema\/logo\/image\/","url":"https:\/\/www.cofb.org\/wp-content\/uploads\/2023\/11\/cropped-Logotip-COFB.png","contentUrl":"https:\/\/www.cofb.org\/wp-content\/uploads\/2023\/11\/cropped-Logotip-COFB.png","width":500,"height":105,"caption":"Col\u00b7legi de Farmac\u00e8utics de Barcelona"},"image":{"@id":"https:\/\/www.cofb.org\/#\/schema\/logo\/image\/"},"sameAs":["https:\/\/www.facebook.com\/farmaceuticsbcn\/","https:\/\/twitter.com\/farmaceuticsbcn","https:\/\/www.instagram.com\/farmaceuticsbcn\/","https:\/\/www.linkedin.com\/company\/farmaceuticsbcn\/"]},{"@type":"Person","@id":"https:\/\/www.cofb.org\/#\/schema\/person\/22ed7eea88da74b0fa4d3154ad87ffcb","name":"wpAdminCofbOrg","image":{"@type":"ImageObject","inLanguage":"es","@id":"https:\/\/www.cofb.org\/#\/schema\/person\/image\/","url":"https:\/\/secure.gravatar.com\/avatar\/1721b20b3b8ca882c3b56ec6c978c594fff670e40c0718e9190eaeeb76aae7d8?s=96&d=mm&r=g","contentUrl":"https:\/\/secure.gravatar.com\/avatar\/1721b20b3b8ca882c3b56ec6c978c594fff670e40c0718e9190eaeeb76aae7d8?s=96&d=mm&r=g","caption":"wpAdminCofbOrg"},"sameAs":["http:\/\/192.168.64.122\/wordpress"],"url":"https:\/\/www.cofb.org\/es\/author\/wpadmincofborg\/"}]}},"uagb_featured_image_src":{"full":false,"thumbnail":false,"medium":false,"medium_large":false,"large":false,"1536x1536":false,"2048x2048":false,"trp-custom-language-flag":false},"uagb_author_info":{"display_name":"wpAdminCofbOrg","author_link":"https:\/\/www.cofb.org\/es\/author\/wpadmincofborg\/"},"uagb_comment_info":0,"uagb_excerpt":"Infarma Virtual 2021 va tancar el 17 de juny les portes d&#8217;una edici\u00f3 molt especial que, per primera vegada, ha integrat l&#8217;experi\u00e8ncia del Congr\u00e9s i Sal\u00f3 firal dins d&#8217;una mateixa plataforma en l\u00ednia. L&#8217;edici\u00f3 organitzada pels Col\u00b7legis Oficials de Farmac\u00e8utics de Madrid i Barcelona, en col\u00b7laboraci\u00f3 amb Interalia, s&#8217;ha convertit [&hellip;]","_links":{"self":[{"href":"https:\/\/www.cofb.org\/es\/wp-json\/wp\/v2\/posts\/55952","targetHints":{"allow":["GET"]}}],"collection":[{"href":"https:\/\/www.cofb.org\/es\/wp-json\/wp\/v2\/posts"}],"about":[{"href":"https:\/\/www.cofb.org\/es\/wp-json\/wp\/v2\/types\/post"}],"author":[{"embeddable":true,"href":"https:\/\/www.cofb.org\/es\/wp-json\/wp\/v2\/users\/1"}],"replies":[{"embeddable":true,"href":"https:\/\/www.cofb.org\/es\/wp-json\/wp\/v2\/comments?post=55952"}],"version-history":[{"count":0,"href":"https:\/\/www.cofb.org\/es\/wp-json\/wp\/v2\/posts\/55952\/revisions"}],"wp:featuredmedia":[{"embeddable":true,"href":"https:\/\/www.cofb.org\/es\/wp-json\/"}],"wp:attachment":[{"href":"https:\/\/www.cofb.org\/es\/wp-json\/wp\/v2\/media?parent=55952"}],"wp:term":[{"taxonomy":"category","embeddable":true,"href":"https:\/\/www.cofb.org\/es\/wp-json\/wp\/v2\/categories?post=55952"},{"taxonomy":"post_tag","embeddable":true,"href":"https:\/\/www.cofb.org\/es\/wp-json\/wp\/v2\/tags?post=55952"}],"curies":[{"name":"wp","href":"https:\/\/api.w.org\/{rel}","templated":true}]}}