{"id":5594,"date":"2014-03-10T18:00:44","date_gmt":"2014-03-10T17:00:44","guid":{"rendered":"http:\/\/blog.cofb.cat\/?p=5594"},"modified":"2014-03-10T18:00:44","modified_gmt":"2014-03-10T17:00:44","slug":"apren-a-assessorar-sobre-complements-nutricionals","status":"publish","type":"post","link":"https:\/\/www.cofb.org\/es\/2014\/03\/10\/apren-a-assessorar-sobre-complements-nutricionals\/","title":{"rendered":"El farmac\u00e9utico asesora en complementos nutricionales"},"content":{"rendered":"<p>&quot;El farmac\u00e9utico debe conocer una serie de datos sobre complementos alimenticios que le permita dar al usuario una recomendaci\u00f3n m\u00e1s individualizada&quot;. Esto lo dice Anna Bach, vocal de Alimentaci\u00f3n y Nutrici\u00f3n, para introducir la conferencia que se ha celebrado en la sede colegial <strong>&quot;Complementos nutricionales: recomendaci\u00f3n activa desde la farmacia&quot;<\/strong>.<\/p>\n<p>La primera ventaja que presentan los complementos, fuentes concentradas de nutrientes que tienen un efecto nutricional o fisiol\u00f3gico, es que <strong>contribuyen a conseguir una alimentaci\u00f3n \u00f3ptima<\/strong>. Tal y como explica una de las ponentes, Montserrat Folch, licenciada en Medicina y Cirug\u00eda, master en Nutrici\u00f3n y Diet\u00e9tica por la Facultad de Farmacia (UB) y socio numerario de la Sociedad Espa\u00f1ola de Nutrici\u00f3n Comunitaria (SENC), \u201calgunas de estas sustancias tomadas en dosis adecuadas pueden mejorar sensiblemente la calidad de la dieta y tambi\u00e9n problemas de salud como enfermedades cr\u00f3nicas\u201d. Por otra parte, tambi\u00e9n se toman para \u201cproteger y reparar la piel, tener m\u00e1s energ\u00eda, mejorar la silueta y fortalecer el sistema inmune y las defensas\u201d, a\u00f1ade Mar Blanco, farmac\u00e9utica comunitaria, responsable del Departamento T\u00e9cnico de la Asociaci\u00f3n Espa\u00f1ola de Fitoterapia y Nutrici\u00f3n (AFINUR).<\/p>\n<p>Sin embargo, <strong>debe tenerse cuidado a la hora de escoger cu\u00e1l es el complemento m\u00e1s adecuado. \u201cActualmente se comercializan muchos complementos y algunos de ellos presentan contraindicaciones, por lo que el asesoramiento del farmac\u00e9utico es necesario\u201d<\/strong>, concreta Maria Jos\u00e9 Alonso, vocal de Homeopat\u00eda y Plantas Medicinales, que tambi\u00e9n particip\u00f3 en el acto patrocinado por <span style=\"text-decoration: underline;\"><span style=\"color: #000000; text-decoration: underline;\">Eophy<\/span><\/span>. &quot;El principal criterio a tener en cuenta es que el complemento sea de calidad, ya que significar\u00e1 que es seguro y eficaz&quot;, concluye Mar Blanco.<\/p>\n<h6 style=\"text-align: right;\"><span style=\"color: #808080;\" data-mce-mark=\"1\">Con el patrocinio de:<\/span><\/h6>\n<p style=\"text-align: right;\"><img decoding=\"async\" alt=\"\" src=\"http:\/\/www.cofb.net\/image\/image_gallery?img_id=1847&amp;large=1&amp;key=381705\" \/><\/p>","protected":false},"excerpt":{"rendered":"<p>&quot;El farmac\u00e9utico debe conocer una serie de datos sobre complementos alimenticios que le permita dar al usuario una recomendaci\u00f3n m\u00e1s individualizada&quot;. Esto lo dice Anna Bach, vocal de Alimentaci\u00f3n y Nutrici\u00f3n, para introducir la conferencia que se ha celebrado en la sede colegial &quot;Complementos nutricionales: recomendaci\u00f3n activa desde la farmacia&quot;. [\u2026]<\/p>","protected":false},"author":1,"featured_media":5607,"comment_status":"open","ping_status":"open","sticky":false,"template":"","format":"standard","meta":{"_uag_custom_page_level_css":"","site-sidebar-layout":"default","site-content-layout":"","ast-site-content-layout":"default","site-content-style":"default","site-sidebar-style":"default","ast-global-header-display":"","ast-banner-title-visibility":"","ast-main-header-display":"","ast-hfb-above-header-display":"","ast-hfb-below-header-display":"","ast-hfb-mobile-header-display":"","site-post-title":"","ast-breadcrumbs-content":"","ast-featured-img":"disabled","footer-sml-layout":"","theme-transparent-header-meta":"","adv-header-id-meta":"","stick-header-meta":"","header-above-stick-meta":"","header-main-stick-meta":"","header-below-stick-meta":"","astra-migrate-meta-layouts":"default","ast-page-background-enabled":"default","ast-page-background-meta":{"desktop":{"background-color":"var(--ast-global-color-4)","background-image":"","background-repeat":"repeat","background-position":"center center","background-size":"auto","background-attachment":"scroll","background-type":"","background-media":"","overlay-type":"","overlay-color":"","overlay-opacity":"","overlay-gradient":""},"tablet":{"background-color":"","background-image":"","background-repeat":"repeat","background-position":"center center","background-size":"auto","background-attachment":"scroll","background-type":"","background-media":"","overlay-type":"","overlay-color":"","overlay-opacity":"","overlay-gradient":""},"mobile":{"background-color":"","background-image":"","background-repeat":"repeat","background-position":"center center","background-size":"auto","background-attachment":"scroll","background-type":"","background-media":"","overlay-type":"","overlay-color":"","overlay-opacity":"","overlay-gradient":""}},"ast-content-background-meta":{"desktop":{"background-color":"var(--ast-global-color-5)","background-image":"","background-repeat":"repeat","background-position":"center center","background-size":"auto","background-attachment":"scroll","background-type":"","background-media":"","overlay-type":"","overlay-color":"","overlay-opacity":"","overlay-gradient":""},"tablet":{"background-color":"var(--ast-global-color-5)","background-image":"","background-repeat":"repeat","background-position":"center center","background-size":"auto","background-attachment":"scroll","background-type":"","background-media":"","overlay-type":"","overlay-color":"","overlay-opacity":"","overlay-gradient":""},"mobile":{"background-color":"var(--ast-global-color-5)","background-image":"","background-repeat":"repeat","background-position":"center center","background-size":"auto","background-attachment":"scroll","background-type":"","background-media":"","overlay-type":"","overlay-color":"","overlay-opacity":"","overlay-gradient":""}},"footnotes":""},"categories":[57],"tags":[16,70],"class_list":["post-5594","post","type-post","status-publish","format-standard","has-post-thumbnail","hentry","category-mon-collegial","tag-alimentacio-i-nutricio","tag-formacio"],"yoast_head":"<!-- This site is optimized with the Yoast SEO plugin v22.4 - https:\/\/yoast.com\/wordpress\/plugins\/seo\/ -->\n<title>El farmac\u00e8utic assessora en complements nutricionals - Col\u00b7legi de Farmac\u00e8utics de Barcelona<\/title>\n<meta name=\"robots\" content=\"index, follow, max-snippet:-1, max-image-preview:large, max-video-preview:-1\" \/>\n<link rel=\"canonical\" href=\"https:\/\/novaorg.cofb.net\/2014\/03\/10\/apren-a-assessorar-sobre-complements-nutricionals\/\" \/>\n<meta property=\"og:locale\" content=\"es_ES\" \/>\n<meta property=\"og:type\" content=\"article\" \/>\n<meta property=\"og:title\" content=\"El farmac\u00e8utic assessora en complements nutricionals - Col\u00b7legi de Farmac\u00e8utics de Barcelona\" \/>\n<meta property=\"og:description\" content=\"\u201cEl farmac\u00e8utic ha de con\u00e8ixer una s\u00e8rie de dades sobre complements alimentosos que li permeti donar a l&#8217;usuari una recomanaci\u00f3 m\u00e9s individualitzada\u201d. Aix\u00f2 ho diu Anna Bach, vocal d\u2019Alimentaci\u00f3 i Nutrici\u00f3, per introduir la confer\u00e8ncia que s\u2019ha celebrat a la seu col\u00b7legial \u201cComplements nutricionals: recomanaci\u00f3 activa des de la farm\u00e0cia\u201d. [&hellip;]\" \/>\n<meta property=\"og:url\" content=\"https:\/\/novaorg.cofb.net\/2014\/03\/10\/apren-a-assessorar-sobre-complements-nutricionals\/\" \/>\n<meta property=\"og:site_name\" content=\"Col\u00b7legi de Farmac\u00e8utics de Barcelona\" \/>\n<meta property=\"article:publisher\" content=\"https:\/\/www.facebook.com\/farmaceuticsbcn\/\" \/>\n<meta property=\"article:published_time\" content=\"2014-03-10T17:00:44+00:00\" \/>\n<meta name=\"author\" content=\"wpAdminCofbOrg\" \/>\n<meta name=\"twitter:card\" content=\"summary_large_image\" \/>\n<meta name=\"twitter:creator\" content=\"@farmaceuticsbcn\" \/>\n<meta name=\"twitter:site\" content=\"@farmaceuticsbcn\" \/>\n<meta name=\"twitter:label1\" content=\"Escrito por\" \/>\n\t<meta name=\"twitter:data1\" content=\"wpAdminCofbOrg\" \/>\n\t<meta name=\"twitter:label2\" content=\"Tiempo de lectura\" \/>\n\t<meta name=\"twitter:data2\" content=\"2 minutos\" \/>\n<script type=\"application\/ld+json\" class=\"yoast-schema-graph\">{\"@context\":\"https:\/\/schema.org\",\"@graph\":[{\"@type\":\"Article\",\"@id\":\"https:\/\/novaorg.cofb.net\/2014\/03\/10\/apren-a-assessorar-sobre-complements-nutricionals\/#article\",\"isPartOf\":{\"@id\":\"https:\/\/novaorg.cofb.net\/2014\/03\/10\/apren-a-assessorar-sobre-complements-nutricionals\/\"},\"author\":{\"name\":\"wpAdminCofbOrg\",\"@id\":\"https:\/\/www.cofb.org\/#\/schema\/person\/22ed7eea88da74b0fa4d3154ad87ffcb\"},\"headline\":\"El farmac\u00e8utic assessora en complements nutricionals\",\"datePublished\":\"2014-03-10T17:00:44+00:00\",\"dateModified\":\"2014-03-10T17:00:44+00:00\",\"mainEntityOfPage\":{\"@id\":\"https:\/\/novaorg.cofb.net\/2014\/03\/10\/apren-a-assessorar-sobre-complements-nutricionals\/\"},\"wordCount\":312,\"commentCount\":3,\"publisher\":{\"@id\":\"https:\/\/www.cofb.org\/#organization\"},\"image\":{\"@id\":\"https:\/\/novaorg.cofb.net\/2014\/03\/10\/apren-a-assessorar-sobre-complements-nutricionals\/#primaryimage\"},\"thumbnailUrl\":\"\",\"keywords\":[\"Alimentaci\u00f3 i nutrici\u00f3\",\"Formaci\u00f3\"],\"articleSection\":[\"M\u00f3n col\u00b7legial\"],\"inLanguage\":\"es\",\"potentialAction\":[{\"@type\":\"CommentAction\",\"name\":\"Comment\",\"target\":[\"https:\/\/novaorg.cofb.net\/2014\/03\/10\/apren-a-assessorar-sobre-complements-nutricionals\/#respond\"]}]},{\"@type\":\"WebPage\",\"@id\":\"https:\/\/novaorg.cofb.net\/2014\/03\/10\/apren-a-assessorar-sobre-complements-nutricionals\/\",\"url\":\"https:\/\/novaorg.cofb.net\/2014\/03\/10\/apren-a-assessorar-sobre-complements-nutricionals\/\",\"name\":\"El farmac\u00e8utic assessora en complements nutricionals - Col\u00b7legi de Farmac\u00e8utics de Barcelona\",\"isPartOf\":{\"@id\":\"https:\/\/www.cofb.org\/#website\"},\"primaryImageOfPage\":{\"@id\":\"https:\/\/novaorg.cofb.net\/2014\/03\/10\/apren-a-assessorar-sobre-complements-nutricionals\/#primaryimage\"},\"image\":{\"@id\":\"https:\/\/novaorg.cofb.net\/2014\/03\/10\/apren-a-assessorar-sobre-complements-nutricionals\/#primaryimage\"},\"thumbnailUrl\":\"\",\"datePublished\":\"2014-03-10T17:00:44+00:00\",\"dateModified\":\"2014-03-10T17:00:44+00:00\",\"breadcrumb\":{\"@id\":\"https:\/\/novaorg.cofb.net\/2014\/03\/10\/apren-a-assessorar-sobre-complements-nutricionals\/#breadcrumb\"},\"inLanguage\":\"es\",\"potentialAction\":[{\"@type\":\"ReadAction\",\"target\":[\"https:\/\/novaorg.cofb.net\/2014\/03\/10\/apren-a-assessorar-sobre-complements-nutricionals\/\"]}]},{\"@type\":\"ImageObject\",\"inLanguage\":\"es\",\"@id\":\"https:\/\/novaorg.cofb.net\/2014\/03\/10\/apren-a-assessorar-sobre-complements-nutricionals\/#primaryimage\",\"url\":\"\",\"contentUrl\":\"\"},{\"@type\":\"BreadcrumbList\",\"@id\":\"https:\/\/novaorg.cofb.net\/2014\/03\/10\/apren-a-assessorar-sobre-complements-nutricionals\/#breadcrumb\",\"itemListElement\":[{\"@type\":\"ListItem\",\"position\":1,\"name\":\"Inici\",\"item\":\"https:\/\/novaorg.cofb.net\/\"},{\"@type\":\"ListItem\",\"position\":2,\"name\":\"El farmac\u00e8utic assessora en complements nutricionals\"}]},{\"@type\":\"WebSite\",\"@id\":\"https:\/\/www.cofb.org\/#website\",\"url\":\"https:\/\/www.cofb.org\/\",\"name\":\"Col\u00b7legi de Farmac\u00e8utics de Barcelona\",\"description\":\"\",\"publisher\":{\"@id\":\"https:\/\/www.cofb.org\/#organization\"},\"potentialAction\":[{\"@type\":\"SearchAction\",\"target\":{\"@type\":\"EntryPoint\",\"urlTemplate\":\"https:\/\/www.cofb.org\/?s={search_term_string}\"},\"query-input\":\"required name=search_term_string\"}],\"inLanguage\":\"es\"},{\"@type\":\"Organization\",\"@id\":\"https:\/\/www.cofb.org\/#organization\",\"name\":\"Col\u00b7legi de Farmac\u00e8utics de Barcelona\",\"url\":\"https:\/\/www.cofb.org\/\",\"logo\":{\"@type\":\"ImageObject\",\"inLanguage\":\"es\",\"@id\":\"https:\/\/www.cofb.org\/#\/schema\/logo\/image\/\",\"url\":\"https:\/\/www.cofb.org\/wp-content\/uploads\/2023\/11\/cropped-Logotip-COFB.png\",\"contentUrl\":\"https:\/\/www.cofb.org\/wp-content\/uploads\/2023\/11\/cropped-Logotip-COFB.png\",\"width\":500,\"height\":105,\"caption\":\"Col\u00b7legi de Farmac\u00e8utics de Barcelona\"},\"image\":{\"@id\":\"https:\/\/www.cofb.org\/#\/schema\/logo\/image\/\"},\"sameAs\":[\"https:\/\/www.facebook.com\/farmaceuticsbcn\/\",\"https:\/\/twitter.com\/farmaceuticsbcn\",\"https:\/\/www.instagram.com\/farmaceuticsbcn\/\",\"https:\/\/www.linkedin.com\/company\/farmaceuticsbcn\/\"]},{\"@type\":\"Person\",\"@id\":\"https:\/\/www.cofb.org\/#\/schema\/person\/22ed7eea88da74b0fa4d3154ad87ffcb\",\"name\":\"wpAdminCofbOrg\",\"image\":{\"@type\":\"ImageObject\",\"inLanguage\":\"es\",\"@id\":\"https:\/\/www.cofb.org\/#\/schema\/person\/image\/\",\"url\":\"https:\/\/secure.gravatar.com\/avatar\/1721b20b3b8ca882c3b56ec6c978c594fff670e40c0718e9190eaeeb76aae7d8?s=96&d=mm&r=g\",\"contentUrl\":\"https:\/\/secure.gravatar.com\/avatar\/1721b20b3b8ca882c3b56ec6c978c594fff670e40c0718e9190eaeeb76aae7d8?s=96&d=mm&r=g\",\"caption\":\"wpAdminCofbOrg\"},\"sameAs\":[\"http:\/\/192.168.64.122\/wordpress\"],\"url\":\"https:\/\/www.cofb.org\/es\/author\/wpadmincofborg\/\"}]}<\/script>\n<!-- \/ Yoast SEO plugin. -->","yoast_head_json":{"title":"El farmac\u00e8utic assessora en complements nutricionals - Col\u00b7legi de Farmac\u00e8utics de Barcelona","robots":{"index":"index","follow":"follow","max-snippet":"max-snippet:-1","max-image-preview":"max-image-preview:large","max-video-preview":"max-video-preview:-1"},"canonical":"https:\/\/novaorg.cofb.net\/2014\/03\/10\/apren-a-assessorar-sobre-complements-nutricionals\/","og_locale":"es_ES","og_type":"article","og_title":"El farmac\u00e8utic assessora en complements nutricionals - Col\u00b7legi de Farmac\u00e8utics de Barcelona","og_description":"\u201cEl farmac\u00e8utic ha de con\u00e8ixer una s\u00e8rie de dades sobre complements alimentosos que li permeti donar a l&#8217;usuari una recomanaci\u00f3 m\u00e9s individualitzada\u201d. Aix\u00f2 ho diu Anna Bach, vocal d\u2019Alimentaci\u00f3 i Nutrici\u00f3, per introduir la confer\u00e8ncia que s\u2019ha celebrat a la seu col\u00b7legial \u201cComplements nutricionals: recomanaci\u00f3 activa des de la farm\u00e0cia\u201d. [&hellip;]","og_url":"https:\/\/novaorg.cofb.net\/2014\/03\/10\/apren-a-assessorar-sobre-complements-nutricionals\/","og_site_name":"Col\u00b7legi de Farmac\u00e8utics de Barcelona","article_publisher":"https:\/\/www.facebook.com\/farmaceuticsbcn\/","article_published_time":"2014-03-10T17:00:44+00:00","author":"wpAdminCofbOrg","twitter_card":"summary_large_image","twitter_creator":"@farmaceuticsbcn","twitter_site":"@farmaceuticsbcn","twitter_misc":{"Escrito por":"wpAdminCofbOrg","Tiempo de lectura":"2 minutos"},"schema":{"@context":"https:\/\/schema.org","@graph":[{"@type":"Article","@id":"https:\/\/novaorg.cofb.net\/2014\/03\/10\/apren-a-assessorar-sobre-complements-nutricionals\/#article","isPartOf":{"@id":"https:\/\/novaorg.cofb.net\/2014\/03\/10\/apren-a-assessorar-sobre-complements-nutricionals\/"},"author":{"name":"wpAdminCofbOrg","@id":"https:\/\/www.cofb.org\/#\/schema\/person\/22ed7eea88da74b0fa4d3154ad87ffcb"},"headline":"El farmac\u00e8utic assessora en complements nutricionals","datePublished":"2014-03-10T17:00:44+00:00","dateModified":"2014-03-10T17:00:44+00:00","mainEntityOfPage":{"@id":"https:\/\/novaorg.cofb.net\/2014\/03\/10\/apren-a-assessorar-sobre-complements-nutricionals\/"},"wordCount":312,"commentCount":3,"publisher":{"@id":"https:\/\/www.cofb.org\/#organization"},"image":{"@id":"https:\/\/novaorg.cofb.net\/2014\/03\/10\/apren-a-assessorar-sobre-complements-nutricionals\/#primaryimage"},"thumbnailUrl":"","keywords":["Alimentaci\u00f3 i nutrici\u00f3","Formaci\u00f3"],"articleSection":["M\u00f3n col\u00b7legial"],"inLanguage":"es","potentialAction":[{"@type":"CommentAction","name":"Comment","target":["https:\/\/novaorg.cofb.net\/2014\/03\/10\/apren-a-assessorar-sobre-complements-nutricionals\/#respond"]}]},{"@type":"WebPage","@id":"https:\/\/novaorg.cofb.net\/2014\/03\/10\/apren-a-assessorar-sobre-complements-nutricionals\/","url":"https:\/\/novaorg.cofb.net\/2014\/03\/10\/apren-a-assessorar-sobre-complements-nutricionals\/","name":"El farmac\u00e8utic assessora en complements nutricionals - Col\u00b7legi de Farmac\u00e8utics de Barcelona","isPartOf":{"@id":"https:\/\/www.cofb.org\/#website"},"primaryImageOfPage":{"@id":"https:\/\/novaorg.cofb.net\/2014\/03\/10\/apren-a-assessorar-sobre-complements-nutricionals\/#primaryimage"},"image":{"@id":"https:\/\/novaorg.cofb.net\/2014\/03\/10\/apren-a-assessorar-sobre-complements-nutricionals\/#primaryimage"},"thumbnailUrl":"","datePublished":"2014-03-10T17:00:44+00:00","dateModified":"2014-03-10T17:00:44+00:00","breadcrumb":{"@id":"https:\/\/novaorg.cofb.net\/2014\/03\/10\/apren-a-assessorar-sobre-complements-nutricionals\/#breadcrumb"},"inLanguage":"es","potentialAction":[{"@type":"ReadAction","target":["https:\/\/novaorg.cofb.net\/2014\/03\/10\/apren-a-assessorar-sobre-complements-nutricionals\/"]}]},{"@type":"ImageObject","inLanguage":"es","@id":"https:\/\/novaorg.cofb.net\/2014\/03\/10\/apren-a-assessorar-sobre-complements-nutricionals\/#primaryimage","url":"","contentUrl":""},{"@type":"BreadcrumbList","@id":"https:\/\/novaorg.cofb.net\/2014\/03\/10\/apren-a-assessorar-sobre-complements-nutricionals\/#breadcrumb","itemListElement":[{"@type":"ListItem","position":1,"name":"Inici","item":"https:\/\/novaorg.cofb.net\/"},{"@type":"ListItem","position":2,"name":"El farmac\u00e8utic assessora en complements nutricionals"}]},{"@type":"WebSite","@id":"https:\/\/www.cofb.org\/#website","url":"https:\/\/www.cofb.org\/","name":"Col\u00b7legi de Farmac\u00e8utics de Barcelona","description":"","publisher":{"@id":"https:\/\/www.cofb.org\/#organization"},"potentialAction":[{"@type":"SearchAction","target":{"@type":"EntryPoint","urlTemplate":"https:\/\/www.cofb.org\/?s={search_term_string}"},"query-input":"required name=search_term_string"}],"inLanguage":"es"},{"@type":"Organization","@id":"https:\/\/www.cofb.org\/#organization","name":"Col\u00b7legi de Farmac\u00e8utics de Barcelona","url":"https:\/\/www.cofb.org\/","logo":{"@type":"ImageObject","inLanguage":"es","@id":"https:\/\/www.cofb.org\/#\/schema\/logo\/image\/","url":"https:\/\/www.cofb.org\/wp-content\/uploads\/2023\/11\/cropped-Logotip-COFB.png","contentUrl":"https:\/\/www.cofb.org\/wp-content\/uploads\/2023\/11\/cropped-Logotip-COFB.png","width":500,"height":105,"caption":"Col\u00b7legi de Farmac\u00e8utics de Barcelona"},"image":{"@id":"https:\/\/www.cofb.org\/#\/schema\/logo\/image\/"},"sameAs":["https:\/\/www.facebook.com\/farmaceuticsbcn\/","https:\/\/twitter.com\/farmaceuticsbcn","https:\/\/www.instagram.com\/farmaceuticsbcn\/","https:\/\/www.linkedin.com\/company\/farmaceuticsbcn\/"]},{"@type":"Person","@id":"https:\/\/www.cofb.org\/#\/schema\/person\/22ed7eea88da74b0fa4d3154ad87ffcb","name":"wpAdminCofbOrg","image":{"@type":"ImageObject","inLanguage":"es","@id":"https:\/\/www.cofb.org\/#\/schema\/person\/image\/","url":"https:\/\/secure.gravatar.com\/avatar\/1721b20b3b8ca882c3b56ec6c978c594fff670e40c0718e9190eaeeb76aae7d8?s=96&d=mm&r=g","contentUrl":"https:\/\/secure.gravatar.com\/avatar\/1721b20b3b8ca882c3b56ec6c978c594fff670e40c0718e9190eaeeb76aae7d8?s=96&d=mm&r=g","caption":"wpAdminCofbOrg"},"sameAs":["http:\/\/192.168.64.122\/wordpress"],"url":"https:\/\/www.cofb.org\/es\/author\/wpadmincofborg\/"}]}},"uagb_featured_image_src":{"full":false,"thumbnail":false,"medium":false,"medium_large":false,"large":false,"1536x1536":false,"2048x2048":false,"trp-custom-language-flag":false},"uagb_author_info":{"display_name":"wpAdminCofbOrg","author_link":"https:\/\/www.cofb.org\/es\/author\/wpadmincofborg\/"},"uagb_comment_info":3,"uagb_excerpt":"\u201cEl farmac\u00e8utic ha de con\u00e8ixer una s\u00e8rie de dades sobre complements alimentosos que li permeti donar a l&#8217;usuari una recomanaci\u00f3 m\u00e9s individualitzada\u201d. Aix\u00f2 ho diu Anna Bach, vocal d\u2019Alimentaci\u00f3 i Nutrici\u00f3, per introduir la confer\u00e8ncia que s\u2019ha celebrat a la seu col\u00b7legial \u201cComplements nutricionals: recomanaci\u00f3 activa des de la farm\u00e0cia\u201d. [&hellip;]","_links":{"self":[{"href":"https:\/\/www.cofb.org\/es\/wp-json\/wp\/v2\/posts\/5594","targetHints":{"allow":["GET"]}}],"collection":[{"href":"https:\/\/www.cofb.org\/es\/wp-json\/wp\/v2\/posts"}],"about":[{"href":"https:\/\/www.cofb.org\/es\/wp-json\/wp\/v2\/types\/post"}],"author":[{"embeddable":true,"href":"https:\/\/www.cofb.org\/es\/wp-json\/wp\/v2\/users\/1"}],"replies":[{"embeddable":true,"href":"https:\/\/www.cofb.org\/es\/wp-json\/wp\/v2\/comments?post=5594"}],"version-history":[{"count":0,"href":"https:\/\/www.cofb.org\/es\/wp-json\/wp\/v2\/posts\/5594\/revisions"}],"wp:featuredmedia":[{"embeddable":true,"href":"https:\/\/www.cofb.org\/es\/wp-json\/"}],"wp:attachment":[{"href":"https:\/\/www.cofb.org\/es\/wp-json\/wp\/v2\/media?parent=5594"}],"wp:term":[{"taxonomy":"category","embeddable":true,"href":"https:\/\/www.cofb.org\/es\/wp-json\/wp\/v2\/categories?post=5594"},{"taxonomy":"post_tag","embeddable":true,"href":"https:\/\/www.cofb.org\/es\/wp-json\/wp\/v2\/tags?post=5594"}],"curies":[{"name":"wp","href":"https:\/\/api.w.org\/{rel}","templated":true}]}}