{"id":55897,"date":"2021-06-10T16:42:13","date_gmt":"2021-06-10T14:42:13","guid":{"rendered":"https:\/\/blog.cofb.cat\/?p=55897"},"modified":"2021-06-10T16:42:13","modified_gmt":"2021-06-10T14:42:13","slug":"compte-enrere-perque-comenci-infarma-virtual-2021-15-17-juny-connectara-professionals-expositors","status":"publish","type":"post","link":"https:\/\/www.cofb.org\/es\/2021\/06\/10\/compte-enrere-perque-comenci-infarma-virtual-2021-15-17-juny-connectara-professionals-expositors\/","title":{"rendered":"Cuenta atr\u00e1s para que comience Infarma Virtual 2021: del 15 al 17 de junio conectar\u00e1 a profesionales y expositores"},"content":{"rendered":"<div class=\"html\">\n<div class=\"prueba\"><strong>Cuenta atr\u00e1s para que comience Infarma Virtual 2021<\/strong>. Los presidentes de los colegios oficiales de farmac\u00e9uticos de Madrid y Barcelona,\u00a0<strong>Luis Gonz\u00e1lez y Jordi Casas,<\/strong>\u00a0respectivamente,\u00a0<strong>junto con el presidente de Interalia, Jordi Arqu\u00e9,\u00a0<\/strong>han dado hoy a conocer en rueda de prensa las\u00a0<strong>novedades de la nueva edici\u00f3n virtual de Infarma,<\/strong>\u00a0que tendr\u00e1 lugar la pr\u00f3xima semana,<strong>\u00a0entre el 15 y el 17 de junio.<\/strong><\/div>\n<\/div>\n<div class=\"bottom-socials\">\n<div class=\"row\">\n<div class=\"span6\">\n<div class=\"text-left\">\n<p>La edici\u00f3n virtual del Congreso y Sal\u00f3n de la Farmacia reunir\u00e1\u00a0<strong>m\u00e1s de 200 expositores<\/strong>, seg\u00fan las previsiones del Comit\u00e9 Organizador. Por el momento, ya se han registrado\u00a0<strong>m\u00e1s de 2.600 profesionales,<\/strong>\u00a0que podr\u00e1n actualizar sus conocimientos y prepararse frente a los cambios sociol\u00f3gicos, tecnol\u00f3gicos y cient\u00edficos que se est\u00e1n produciendo.<\/p>\n<figure id=\"attachment_55901\" aria-describedby=\"caption-attachment-55901\" style=\"width: 620px\" class=\"wp-caption aligncenter\"><img fetchpriority=\"high\" decoding=\"async\" class=\"wp-image-55901 size-large\" title=\"De izquierda a derecha: Jordi Casas, presidente del COFB; Luis Gonz\u00e1lez, presidente del COFM y Jorge Arqu\u00e9, presidente de Interalia. \" src=\"https:\/\/blog.cofb.cat\/wp-content\/uploads\/2021\/06\/Rueda-de-prensa-de-Infarma-Virtual-2021-1024x768.jpg\" alt=\"D'esquerra a dreta: Jordi Casas, president del COFB; Luis Gonz\u00e1lez, president del COFM i Jorge Arqu\u00e9, president d'Interalia. \" width=\"620\" height=\"465\" \/><figcaption id=\"caption-attachment-55901\" class=\"wp-caption-text\">De izquierda a derecha: Jordi Casas, presidente del COFB; Luis Gonz\u00e1lez, presidente del COFM y Jorge Arqu\u00e9, presidente de Interalia.<\/figcaption><\/figure>\n<h1><span style=\"color: #008080;\"><strong>Intervenciones de los presidentes del COFM, COFB e Interalia<\/strong><\/span><\/h1>\n<h2><span style=\"color: #800080;\"><strong>Luis Gonz\u00e1lez, presidente del COFM: \u201cInfarma nos brinda la ocasi\u00f3n de aprender para seguir evolucionando con el fin de ser m\u00e1s \u00fatiles, y decidir qu\u00e9 farmacia queremos en el futuro\u201d<\/strong><\/span><\/h2>\n<p>El presidente del Colegio Oficial de Farmac\u00e9uticos de Madrid,\u00a0<strong>Luis Gonz\u00e1lez<\/strong>, ha destacado que \u201csi en estos momentos se ha podido dar continuidad a\u00a0<strong>Infarma Virtual 2021<\/strong>, es gracias al\u00a0<strong>apoyo ya la confianza que nos trasladan los farmac\u00e9uticos y expositores en cada edici\u00f3n<\/strong>\u201d.<\/p>\n<p>Gonz\u00e1lez tambi\u00e9n ha querido destacar la sinton\u00eda y la colaboraci\u00f3n con el COF de Barcelona, junto con Interalia, a la hora impulsar un evento de referencia como Infarma Virtual 2021: \u201cInfarma, como sab\u00e9is, es una\u00a0<strong>historia de \u00e9xito<\/strong>\u00a0que naci\u00f3 y se ha desarrollado a partir de 2012 gracias al\u00a0<strong>trabajo conjunto de dos grandes Colegios y de Interalia<\/strong>, que han sabido colaborar y hacer equipo para organizar la gran cita anual de la Farmacia en Espa\u00f1a\u201d. Y, animando a todos los profesionales farmac\u00e9uticos a no perderse Infarma Virtual 2021, ha a\u00f1adido: \u201cLa formaci\u00f3n es una necesidad de nuestro desarrollo profesional e Infarma nos ofrece la ocasi\u00f3n de aprender por\u00a0<strong>seguir evolucionando con el objetivo de ser m\u00e1s \u00fatiles<\/strong>, y tambi\u00e9n\u00a0<strong>nos brinda la oportunidad\u00a0<\/strong>decidir qu\u00e9 Farmacia queremos en el futuro\u201d.<\/p>\n<h2><span style=\"color: #800080;\"><strong>Jordi Casas, presidente del COFB: &quot;Tendremos la oportunidad de volvernos a encontrar, mantener vivo el esp\u00edritu de Infarma y disfrutar de la Farmacia junto a compa\u00f1eros de profesi\u00f3n&quot;<\/strong><\/span><\/h2>\n<p>En la misma l\u00ednea,\u00a0<strong>Jordi Casas<\/strong>, presidente del Colegio de Farmac\u00e9uticos de Barcelona, ha puesto el foco en el\u00a0<strong>programa cient\u00edfico<\/strong>, que cuenta con\u00a0<strong>\u201cexpertos de reconocida trayectoria\u201d<\/strong>\u00a0y consta de\u00a0<strong>&quot;seis ponencias que ofrecer\u00e1n contenidos de gran actualidad y de utilidad para el d\u00eda a d\u00eda y el futuro profesional&quot;<\/strong>.<\/p>\n<p>Casas ha resaltado tambi\u00e9n que para los farmac\u00e9uticos es importante asistir a Infarma Virtual 2021 \u201cporque permite\u00a0<strong>actualizar conocimientos, compartir experiencias y conectar con otros profesionales del sector<\/strong>\u201d. Asimismo, ha destacado que\u00a0<strong>\u201cdurante 3 d\u00edas, tendremos la oportunidad de volver a encontrarnos<\/strong>\u00a0\u2013en este caso, virtualmente\u2013,\u00a0<strong>mantener vivo el esp\u00edritu que siempre ha caracterizado a Infarma\u00a0<\/strong>como punto de encuentro de referencia del sector\u00a0<strong>y, sobre todo, disfrutar de la Farmacia<\/strong>, junto a compa\u00f1eros de profesi\u00f3n\u201d.<\/p>\n<h2><span style=\"color: #800080;\"><strong>Jordi Arqu\u00e9, presidente Interalia: &quot;Hemos querido que la experiencia de todos los asistentes sea lo m\u00e1s parecido posible a las ediciones presenciales de Infarma&quot;<\/strong><\/span><\/h2>\n<p>Por \u00faltimo,\u00a0<strong>Jordi Arqu\u00e9<\/strong>, presidente de Interalia, ha puesto el \u00e9nfasis en la oferta comercial de los expositores, que tendr\u00e1n disponible los participantes de Infarma virtual 2021. \u201cEn Infarma Virtual 2021 habr\u00e1\u00a0<strong>m\u00e1s de 200 stands virtuales<\/strong>, y los asistentes podr\u00e1n\u00a0<strong>navegar f\u00e1cilmente<\/strong>\u00a0entre toda esta oferta comercial con buscadores de expositores, marcas y productos\u201d, ha explicado el presidente de Interalia.<\/p>\n<p>Y ha a\u00f1adido: \u201cEn esta edici\u00f3n tambi\u00e9n habr\u00e1\u00a0<strong>m\u00e1s de 80 presentaciones<\/strong>\u00a0comerciales de las marcas presentes, consistentes en unos v\u00eddeos accesibles durante toda la duraci\u00f3n del evento\u201d. \u201cPor otra parte, tambi\u00e9n encontraremos\u00a0<strong>herramientas de\u00a0<em>networking<\/em><\/strong>\u00a0que permitir\u00e1n que los asistentes puedan conectarse entre ellos. Aunque sabemos que una\u00a0<strong>encuentro digital<\/strong>\u00a0no puede sustituir el contacto personal de un congreso y un sal\u00f3n presenciales,\u00a0<strong>hemos querido que la experiencia de todos los asistentes sea lo m\u00e1s parecida posible a las ediciones presenciales de Infarma<\/strong>\u201d, concluy\u00f3 el presidente de Interalia.<\/p>\n<p><img decoding=\"async\" class=\"aligncenter size-large wp-image-55903\" src=\"https:\/\/blog.cofb.cat\/wp-content\/uploads\/2021\/06\/INFARMA-VIRTUAL-2021-1024x512.png\" alt=\"\" width=\"620\" height=\"310\" \/><\/p>\n<h1><span style=\"color: #008080;\"><strong>Un programa cient\u00edfico con contenidos de gran actualidad<\/strong><\/span><\/h1>\n<p>El\u00a0<strong>primer d\u00eda, el 15 de junio<\/strong>, se empezar\u00e1 con una mesa redonda donde\u00a0<strong>se analizar\u00e1 la aportaci\u00f3n y los servicios ofrecidos por las farmacias durante la pandemia<\/strong>, como ha sido el caso de\u00a0<strong>la atenci\u00f3n farmac\u00e9utica domiciliaria<\/strong>. A continuaci\u00f3n, de la mano de diferentes ponentes del \u00e1mbito sanitario, se partir\u00e1 de la\u00a0<strong>situaci\u00f3n actual marcada por la pandemia<\/strong>\u00a0y se debatir\u00e1, entre otros aspectos,\u00a0<strong>qu\u00e9 servicios puede ofrecer y desarrollar el farmac\u00e9utico comunitario en el abordaje de la cronicidad<\/strong>.<\/p>\n<p>Durante la\u00a0<strong>segunda jornada, el 16 de junio<\/strong>, se hablar\u00e1 de cu\u00e1les son las\u00a0<strong>caracter\u00edsticas del consumidor del canal farmacia<\/strong>, c\u00f3mo influye cada generaci\u00f3n en el uso de las diferentes redes sociales, d\u00f3nde consulta y d\u00f3nde compra. A continuaci\u00f3n, yendo\u00a0<strong>m\u00e1s all\u00e1 de la COVID-19<\/strong>, se expondr\u00e1\u00a0<strong>qu\u00e9 terapias est\u00e1n en desarrollo y\/o cu\u00e1les son las l\u00edneas de investigaci\u00f3n m\u00e1s importantes actualmente de nuestro entorno.<\/strong><\/p>\n<p>Por \u00faltimo, el\u00a0<strong>jueves 17 de junio<\/strong>, los temas centrales ser\u00e1n, por un lado,\u00a0<strong>el estr\u00e9s y la inmunidad<\/strong>, que se enfocar\u00e1 desde el\u00a0<strong>punto de vista farmacol\u00f3gico<\/strong>\u00a0y de los posibles consejos asistenciales desde la oficina de farmacia. Por otra parte, las\u00a0<strong>nuevas plataformas de comercio electr\u00f3nico y su repercusi\u00f3n en el sector farmac\u00e9utico.<\/strong><\/p>\n<p style=\"text-align: left;\">El Congreso de Infarma Virtual 2021 cuenta con el <strong>patrocinio de CarbonellFarma, Essity y FarmaQuatrium como patrocinadores oro<\/strong>; y <strong>Bancofar, Cinfa, Cofares, Farmanager y Kern Pharma como patrocinadores plata<\/strong>.<\/p>\n<p><strong>Otras publicaciones de inter\u00e9s:<\/strong><\/p>\n<div class=\"addthis_inline_share_toolbox\" data-url=\"https:\/\/www.cofb.org\/sala-de-premsa\/notes-premsa\/-\/asset_publisher\/GVZR6OjauRsN\/content\/compte-enrere-perque-comenci-infarma-virtual-2021-que-se-celebrara-del-15-al-17-de-juny\/maximized?inheritRedirect=false&amp;p_p_state=maximized\" data-title=\"Compte enrere perqu\u00e8 comenci Infarma Virtual 2021, que se celebrar\u00e0 del 15 al 17 de juny - Notes de premsa - Col\u00b7legi de Farmac\u00e8utics de Barcelona\">\n<div id=\"atstbx\" class=\"at-resp-share-element at-style-responsive addthis-smartlayers addthis-animated at4-show\" role=\"region\" aria-labelledby=\"at-2a1c907c-499e-4ed7-bc9e-18606b4407f6\">\n<ul>\n<li class=\"at-share-btn-elements\"><a href=\"https:\/\/blog.cofb.cat\/infarma-virtual-2021-abordara-la-resposta-professional-del-farmaceutic-durant-la-pandemia-aixi-com-la-necessitat-dadaptar-se-a-nous-rols-patologies-canals-i-perfils-dusuari\/\" target=\"_blank\" rel=\"noopener\">\u00a0Infarma Virtual 2021 abordar\u00e1 la respuesta profesional del farmac\u00e9utico durante la pandemia, as\u00ed como la necesidad de adaptarse a nuevos roles, patolog\u00edas, canales y perfiles de usuario (Mayo 2021)<\/a><\/li>\n<li><a href=\"https:\/\/blog.cofb.cat\/infarma-2021-posa-marxa-edicio-virtual-que-se-celebrara-15-17-juny\/\" target=\"_blank\" rel=\"noopener\">Infarma 2021 se pone en marcha con una edici\u00f3n virtual que se celebrar\u00e1 del 15 al 17 de junio (Abril 2021)<\/a><\/li>\n<\/ul>\n<\/div>\n<\/div>\n<\/div>\n<\/div>\n<\/div>\n<\/div>","protected":false},"excerpt":{"rendered":"<p>Cuenta atr\u00e1s para que comience Infarma Virtual 2021. Los presidentes de los colegios oficiales de farmac\u00e9uticos de Madrid y Barcelona, Luis Gonz\u00e1lez y Jordi Casas, respectivamente, junto con el presidente de Interalia, Jordi Arqu\u00e9, han dado hoy a conocer en rueda de prensa las novedades de la nueva edici\u00f3n virtual de Infarma, que tendr\u00e1 lugar la pr\u00f3xima semana, entre el 15 [\u2026]<\/p>","protected":false},"author":1,"featured_media":55901,"comment_status":"open","ping_status":"open","sticky":false,"template":"","format":"standard","meta":{"_uag_custom_page_level_css":"","site-sidebar-layout":"default","site-content-layout":"","ast-site-content-layout":"default","site-content-style":"default","site-sidebar-style":"default","ast-global-header-display":"","ast-banner-title-visibility":"","ast-main-header-display":"","ast-hfb-above-header-display":"","ast-hfb-below-header-display":"","ast-hfb-mobile-header-display":"","site-post-title":"","ast-breadcrumbs-content":"","ast-featured-img":"disabled","footer-sml-layout":"","theme-transparent-header-meta":"","adv-header-id-meta":"","stick-header-meta":"","header-above-stick-meta":"","header-main-stick-meta":"","header-below-stick-meta":"","astra-migrate-meta-layouts":"default","ast-page-background-enabled":"default","ast-page-background-meta":{"desktop":{"background-color":"var(--ast-global-color-4)","background-image":"","background-repeat":"repeat","background-position":"center center","background-size":"auto","background-attachment":"scroll","background-type":"","background-media":"","overlay-type":"","overlay-color":"","overlay-opacity":"","overlay-gradient":""},"tablet":{"background-color":"","background-image":"","background-repeat":"repeat","background-position":"center center","background-size":"auto","background-attachment":"scroll","background-type":"","background-media":"","overlay-type":"","overlay-color":"","overlay-opacity":"","overlay-gradient":""},"mobile":{"background-color":"","background-image":"","background-repeat":"repeat","background-position":"center center","background-size":"auto","background-attachment":"scroll","background-type":"","background-media":"","overlay-type":"","overlay-color":"","overlay-opacity":"","overlay-gradient":""}},"ast-content-background-meta":{"desktop":{"background-color":"var(--ast-global-color-5)","background-image":"","background-repeat":"repeat","background-position":"center center","background-size":"auto","background-attachment":"scroll","background-type":"","background-media":"","overlay-type":"","overlay-color":"","overlay-opacity":"","overlay-gradient":""},"tablet":{"background-color":"var(--ast-global-color-5)","background-image":"","background-repeat":"repeat","background-position":"center center","background-size":"auto","background-attachment":"scroll","background-type":"","background-media":"","overlay-type":"","overlay-color":"","overlay-opacity":"","overlay-gradient":""},"mobile":{"background-color":"var(--ast-global-color-5)","background-image":"","background-repeat":"repeat","background-position":"center center","background-size":"auto","background-attachment":"scroll","background-type":"","background-media":"","overlay-type":"","overlay-color":"","overlay-opacity":"","overlay-gradient":""}},"footnotes":""},"categories":[23,2165],"tags":[18,110,19,591,2429,502,111,4605,2214,53,68,69,28,4574,115,3274,93,76,907,509],"class_list":["post-55897","post","type-post","status-publish","format-standard","has-post-thumbnail","hentry","category-destacats","category-infarma","tag-cofb","tag-cofm","tag-collegi-de-farmaceutics-de-barcelona","tag-collegi-de-farmaceutics-de-madrid","tag-collegis-professionals","tag-coneixements","tag-congres","tag-estand","tag-expositors","tag-farmaceutics","tag-farmacia","tag-farmacia-comunitaria","tag-infarma","tag-infarma-virtual-2021","tag-interalia","tag-novetats","tag-novetats-terapeutiques","tag-oficina-de-farmacia","tag-professionals","tag-salo"],"yoast_head":"<!-- This site is optimized with the Yoast SEO plugin v22.4 - https:\/\/yoast.com\/wordpress\/plugins\/seo\/ -->\n<title>Compte enrere perqu\u00e8 comenci Infarma Virtual 2021: del 15 al 17 de juny connectar\u00e0 a professionals i expositors - Col\u00b7legi de Farmac\u00e8utics de Barcelona<\/title>\n<meta name=\"description\" content=\"Compte enrere perqu\u00e8 comenci Infarma Virtual 2021. Els presidents dels col\u00b7legis oficials de farmac\u00e8utics de Madrid i Barcelona,\u00a0Luis Gonz\u00e1lez i Jordi Casas,\u00a0respectivament,\u00a0juntament amb el president de\u00a0Interalia, Jordi\u00a0Arqu\u00e9,\u00a0han donat avui a con\u00e8ixer les\u00a0novetats de la nova edici\u00f3 virtual d&#039;Infarma.\" \/>\n<meta name=\"robots\" content=\"index, follow, max-snippet:-1, max-image-preview:large, max-video-preview:-1\" \/>\n<link rel=\"canonical\" href=\"https:\/\/www.cofb.org\/es\/2021\/06\/10\/compte-enrere-perque-comenci-infarma-virtual-2021-15-17-juny-connectara-professionals-expositors\/\" \/>\n<meta property=\"og:locale\" content=\"es_ES\" \/>\n<meta property=\"og:type\" content=\"article\" \/>\n<meta property=\"og:title\" content=\"Compte enrere perqu\u00e8 comenci Infarma Virtual 2021: del 15 al 17 de juny connectar\u00e0 a professionals i expositors - Col\u00b7legi de Farmac\u00e8utics de Barcelona\" \/>\n<meta property=\"og:description\" content=\"Compte enrere perqu\u00e8 comenci Infarma Virtual 2021. Els presidents dels col\u00b7legis oficials de farmac\u00e8utics de Madrid i Barcelona,\u00a0Luis Gonz\u00e1lez i Jordi Casas,\u00a0respectivament,\u00a0juntament amb el president de\u00a0Interalia, Jordi\u00a0Arqu\u00e9,\u00a0han donat avui a con\u00e8ixer les\u00a0novetats de la nova edici\u00f3 virtual d&#039;Infarma.\" \/>\n<meta property=\"og:url\" content=\"https:\/\/www.cofb.org\/es\/2021\/06\/10\/compte-enrere-perque-comenci-infarma-virtual-2021-15-17-juny-connectara-professionals-expositors\/\" \/>\n<meta property=\"og:site_name\" content=\"Col\u00b7legi de Farmac\u00e8utics de Barcelona\" \/>\n<meta property=\"article:publisher\" content=\"https:\/\/www.facebook.com\/farmaceuticsbcn\/\" \/>\n<meta property=\"article:published_time\" content=\"2021-06-10T14:42:13+00:00\" \/>\n<meta name=\"author\" content=\"wpAdminCofbOrg\" \/>\n<meta name=\"twitter:card\" content=\"summary_large_image\" \/>\n<meta name=\"twitter:creator\" content=\"@farmaceuticsbcn\" \/>\n<meta name=\"twitter:site\" content=\"@farmaceuticsbcn\" \/>\n<meta name=\"twitter:label1\" content=\"Escrito por\" \/>\n\t<meta name=\"twitter:data1\" content=\"wpAdminCofbOrg\" \/>\n\t<meta name=\"twitter:label2\" content=\"Tiempo de lectura\" \/>\n\t<meta name=\"twitter:data2\" content=\"5 minutos\" \/>\n<script type=\"application\/ld+json\" class=\"yoast-schema-graph\">{\"@context\":\"https:\/\/schema.org\",\"@graph\":[{\"@type\":\"Article\",\"@id\":\"https:\/\/www.cofb.org\/2021\/06\/10\/compte-enrere-perque-comenci-infarma-virtual-2021-15-17-juny-connectara-professionals-expositors\/#article\",\"isPartOf\":{\"@id\":\"https:\/\/www.cofb.org\/2021\/06\/10\/compte-enrere-perque-comenci-infarma-virtual-2021-15-17-juny-connectara-professionals-expositors\/\"},\"author\":{\"name\":\"wpAdminCofbOrg\",\"@id\":\"https:\/\/www.cofb.org\/#\/schema\/person\/22ed7eea88da74b0fa4d3154ad87ffcb\"},\"headline\":\"Compte enrere perqu\u00e8 comenci Infarma Virtual 2021: del 15 al 17 de juny connectar\u00e0 a professionals i expositors\",\"datePublished\":\"2021-06-10T14:42:13+00:00\",\"dateModified\":\"2021-06-10T14:42:13+00:00\",\"mainEntityOfPage\":{\"@id\":\"https:\/\/www.cofb.org\/2021\/06\/10\/compte-enrere-perque-comenci-infarma-virtual-2021-15-17-juny-connectara-professionals-expositors\/\"},\"wordCount\":1061,\"commentCount\":0,\"publisher\":{\"@id\":\"https:\/\/www.cofb.org\/#organization\"},\"image\":{\"@id\":\"https:\/\/www.cofb.org\/2021\/06\/10\/compte-enrere-perque-comenci-infarma-virtual-2021-15-17-juny-connectara-professionals-expositors\/#primaryimage\"},\"thumbnailUrl\":\"\",\"keywords\":[\"COFB\",\"COFM\",\"Col\u00b7legi de Farmac\u00e8utics de Barcelona\",\"Col\u00b7legi de Farmac\u00e8utics de Madrid\",\"col\u00b7legis professionals\",\"coneixements\",\"Congr\u00e8s\",\"estand\",\"expositors\",\"farmac\u00e8utics\",\"Farm\u00e0cia\",\"farm\u00e0cia comunit\u00e0ria\",\"Infarma\",\"Infarma Virtual 2021\",\"Interalia\",\"novetats\",\"novetats terap\u00e8utiques\",\"Oficina de farm\u00e0cia\",\"professionals\",\"Sal\u00f3\"],\"articleSection\":[\"Destacats\",\"Infarma\"],\"inLanguage\":\"es\",\"potentialAction\":[{\"@type\":\"CommentAction\",\"name\":\"Comment\",\"target\":[\"https:\/\/www.cofb.org\/2021\/06\/10\/compte-enrere-perque-comenci-infarma-virtual-2021-15-17-juny-connectara-professionals-expositors\/#respond\"]}]},{\"@type\":\"WebPage\",\"@id\":\"https:\/\/www.cofb.org\/2021\/06\/10\/compte-enrere-perque-comenci-infarma-virtual-2021-15-17-juny-connectara-professionals-expositors\/\",\"url\":\"https:\/\/www.cofb.org\/2021\/06\/10\/compte-enrere-perque-comenci-infarma-virtual-2021-15-17-juny-connectara-professionals-expositors\/\",\"name\":\"Compte enrere perqu\u00e8 comenci Infarma Virtual 2021: del 15 al 17 de juny connectar\u00e0 a professionals i expositors - Col\u00b7legi de Farmac\u00e8utics de Barcelona\",\"isPartOf\":{\"@id\":\"https:\/\/www.cofb.org\/#website\"},\"primaryImageOfPage\":{\"@id\":\"https:\/\/www.cofb.org\/2021\/06\/10\/compte-enrere-perque-comenci-infarma-virtual-2021-15-17-juny-connectara-professionals-expositors\/#primaryimage\"},\"image\":{\"@id\":\"https:\/\/www.cofb.org\/2021\/06\/10\/compte-enrere-perque-comenci-infarma-virtual-2021-15-17-juny-connectara-professionals-expositors\/#primaryimage\"},\"thumbnailUrl\":\"\",\"datePublished\":\"2021-06-10T14:42:13+00:00\",\"dateModified\":\"2021-06-10T14:42:13+00:00\",\"description\":\"Compte enrere perqu\u00e8 comenci Infarma Virtual 2021. Els presidents dels col\u00b7legis oficials de farmac\u00e8utics de Madrid i Barcelona,\u00a0Luis Gonz\u00e1lez i Jordi Casas,\u00a0respectivament,\u00a0juntament amb el president de\u00a0Interalia, Jordi\u00a0Arqu\u00e9,\u00a0han donat avui a con\u00e8ixer les\u00a0novetats de la nova edici\u00f3 virtual d'Infarma.\",\"breadcrumb\":{\"@id\":\"https:\/\/www.cofb.org\/2021\/06\/10\/compte-enrere-perque-comenci-infarma-virtual-2021-15-17-juny-connectara-professionals-expositors\/#breadcrumb\"},\"inLanguage\":\"es\",\"potentialAction\":[{\"@type\":\"ReadAction\",\"target\":[\"https:\/\/www.cofb.org\/2021\/06\/10\/compte-enrere-perque-comenci-infarma-virtual-2021-15-17-juny-connectara-professionals-expositors\/\"]}]},{\"@type\":\"ImageObject\",\"inLanguage\":\"es\",\"@id\":\"https:\/\/www.cofb.org\/2021\/06\/10\/compte-enrere-perque-comenci-infarma-virtual-2021-15-17-juny-connectara-professionals-expositors\/#primaryimage\",\"url\":\"\",\"contentUrl\":\"\"},{\"@type\":\"BreadcrumbList\",\"@id\":\"https:\/\/www.cofb.org\/2021\/06\/10\/compte-enrere-perque-comenci-infarma-virtual-2021-15-17-juny-connectara-professionals-expositors\/#breadcrumb\",\"itemListElement\":[{\"@type\":\"ListItem\",\"position\":1,\"name\":\"Inici\",\"item\":\"https:\/\/novaorg.cofb.net\/\"},{\"@type\":\"ListItem\",\"position\":2,\"name\":\"Compte enrere perqu\u00e8 comenci Infarma Virtual 2021: del 15 al 17 de juny connectar\u00e0 a professionals i expositors\"}]},{\"@type\":\"WebSite\",\"@id\":\"https:\/\/www.cofb.org\/#website\",\"url\":\"https:\/\/www.cofb.org\/\",\"name\":\"Col\u00b7legi de Farmac\u00e8utics de Barcelona\",\"description\":\"\",\"publisher\":{\"@id\":\"https:\/\/www.cofb.org\/#organization\"},\"potentialAction\":[{\"@type\":\"SearchAction\",\"target\":{\"@type\":\"EntryPoint\",\"urlTemplate\":\"https:\/\/www.cofb.org\/?s={search_term_string}\"},\"query-input\":\"required name=search_term_string\"}],\"inLanguage\":\"es\"},{\"@type\":\"Organization\",\"@id\":\"https:\/\/www.cofb.org\/#organization\",\"name\":\"Col\u00b7legi de Farmac\u00e8utics de Barcelona\",\"url\":\"https:\/\/www.cofb.org\/\",\"logo\":{\"@type\":\"ImageObject\",\"inLanguage\":\"es\",\"@id\":\"https:\/\/www.cofb.org\/#\/schema\/logo\/image\/\",\"url\":\"https:\/\/www.cofb.org\/wp-content\/uploads\/2023\/11\/cropped-Logotip-COFB.png\",\"contentUrl\":\"https:\/\/www.cofb.org\/wp-content\/uploads\/2023\/11\/cropped-Logotip-COFB.png\",\"width\":500,\"height\":105,\"caption\":\"Col\u00b7legi de Farmac\u00e8utics de Barcelona\"},\"image\":{\"@id\":\"https:\/\/www.cofb.org\/#\/schema\/logo\/image\/\"},\"sameAs\":[\"https:\/\/www.facebook.com\/farmaceuticsbcn\/\",\"https:\/\/twitter.com\/farmaceuticsbcn\",\"https:\/\/www.instagram.com\/farmaceuticsbcn\/\",\"https:\/\/www.linkedin.com\/company\/farmaceuticsbcn\/\"]},{\"@type\":\"Person\",\"@id\":\"https:\/\/www.cofb.org\/#\/schema\/person\/22ed7eea88da74b0fa4d3154ad87ffcb\",\"name\":\"wpAdminCofbOrg\",\"image\":{\"@type\":\"ImageObject\",\"inLanguage\":\"es\",\"@id\":\"https:\/\/www.cofb.org\/#\/schema\/person\/image\/\",\"url\":\"https:\/\/secure.gravatar.com\/avatar\/1721b20b3b8ca882c3b56ec6c978c594fff670e40c0718e9190eaeeb76aae7d8?s=96&d=mm&r=g\",\"contentUrl\":\"https:\/\/secure.gravatar.com\/avatar\/1721b20b3b8ca882c3b56ec6c978c594fff670e40c0718e9190eaeeb76aae7d8?s=96&d=mm&r=g\",\"caption\":\"wpAdminCofbOrg\"},\"sameAs\":[\"http:\/\/192.168.64.122\/wordpress\"],\"url\":\"https:\/\/www.cofb.org\/es\/author\/wpadmincofborg\/\"}]}<\/script>\n<!-- \/ Yoast SEO plugin. -->","yoast_head_json":{"title":"Compte enrere perqu\u00e8 comenci Infarma Virtual 2021: del 15 al 17 de juny connectar\u00e0 a professionals i expositors - Col\u00b7legi de Farmac\u00e8utics de Barcelona","description":"Compte enrere perqu\u00e8 comenci Infarma Virtual 2021. Els presidents dels col\u00b7legis oficials de farmac\u00e8utics de Madrid i Barcelona,\u00a0Luis Gonz\u00e1lez i Jordi Casas,\u00a0respectivament,\u00a0juntament amb el president de\u00a0Interalia, Jordi\u00a0Arqu\u00e9,\u00a0han donat avui a con\u00e8ixer les\u00a0novetats de la nova edici\u00f3 virtual d'Infarma.","robots":{"index":"index","follow":"follow","max-snippet":"max-snippet:-1","max-image-preview":"max-image-preview:large","max-video-preview":"max-video-preview:-1"},"canonical":"https:\/\/www.cofb.org\/es\/2021\/06\/10\/compte-enrere-perque-comenci-infarma-virtual-2021-15-17-juny-connectara-professionals-expositors\/","og_locale":"es_ES","og_type":"article","og_title":"Compte enrere perqu\u00e8 comenci Infarma Virtual 2021: del 15 al 17 de juny connectar\u00e0 a professionals i expositors - Col\u00b7legi de Farmac\u00e8utics de Barcelona","og_description":"Compte enrere perqu\u00e8 comenci Infarma Virtual 2021. Els presidents dels col\u00b7legis oficials de farmac\u00e8utics de Madrid i Barcelona,\u00a0Luis Gonz\u00e1lez i Jordi Casas,\u00a0respectivament,\u00a0juntament amb el president de\u00a0Interalia, Jordi\u00a0Arqu\u00e9,\u00a0han donat avui a con\u00e8ixer les\u00a0novetats de la nova edici\u00f3 virtual d'Infarma.","og_url":"https:\/\/www.cofb.org\/es\/2021\/06\/10\/compte-enrere-perque-comenci-infarma-virtual-2021-15-17-juny-connectara-professionals-expositors\/","og_site_name":"Col\u00b7legi de Farmac\u00e8utics de Barcelona","article_publisher":"https:\/\/www.facebook.com\/farmaceuticsbcn\/","article_published_time":"2021-06-10T14:42:13+00:00","author":"wpAdminCofbOrg","twitter_card":"summary_large_image","twitter_creator":"@farmaceuticsbcn","twitter_site":"@farmaceuticsbcn","twitter_misc":{"Escrito por":"wpAdminCofbOrg","Tiempo de lectura":"5 minutos"},"schema":{"@context":"https:\/\/schema.org","@graph":[{"@type":"Article","@id":"https:\/\/www.cofb.org\/2021\/06\/10\/compte-enrere-perque-comenci-infarma-virtual-2021-15-17-juny-connectara-professionals-expositors\/#article","isPartOf":{"@id":"https:\/\/www.cofb.org\/2021\/06\/10\/compte-enrere-perque-comenci-infarma-virtual-2021-15-17-juny-connectara-professionals-expositors\/"},"author":{"name":"wpAdminCofbOrg","@id":"https:\/\/www.cofb.org\/#\/schema\/person\/22ed7eea88da74b0fa4d3154ad87ffcb"},"headline":"Compte enrere perqu\u00e8 comenci Infarma Virtual 2021: del 15 al 17 de juny connectar\u00e0 a professionals i expositors","datePublished":"2021-06-10T14:42:13+00:00","dateModified":"2021-06-10T14:42:13+00:00","mainEntityOfPage":{"@id":"https:\/\/www.cofb.org\/2021\/06\/10\/compte-enrere-perque-comenci-infarma-virtual-2021-15-17-juny-connectara-professionals-expositors\/"},"wordCount":1061,"commentCount":0,"publisher":{"@id":"https:\/\/www.cofb.org\/#organization"},"image":{"@id":"https:\/\/www.cofb.org\/2021\/06\/10\/compte-enrere-perque-comenci-infarma-virtual-2021-15-17-juny-connectara-professionals-expositors\/#primaryimage"},"thumbnailUrl":"","keywords":["COFB","COFM","Col\u00b7legi de Farmac\u00e8utics de Barcelona","Col\u00b7legi de Farmac\u00e8utics de Madrid","col\u00b7legis professionals","coneixements","Congr\u00e8s","estand","expositors","farmac\u00e8utics","Farm\u00e0cia","farm\u00e0cia comunit\u00e0ria","Infarma","Infarma Virtual 2021","Interalia","novetats","novetats terap\u00e8utiques","Oficina de farm\u00e0cia","professionals","Sal\u00f3"],"articleSection":["Destacats","Infarma"],"inLanguage":"es","potentialAction":[{"@type":"CommentAction","name":"Comment","target":["https:\/\/www.cofb.org\/2021\/06\/10\/compte-enrere-perque-comenci-infarma-virtual-2021-15-17-juny-connectara-professionals-expositors\/#respond"]}]},{"@type":"WebPage","@id":"https:\/\/www.cofb.org\/2021\/06\/10\/compte-enrere-perque-comenci-infarma-virtual-2021-15-17-juny-connectara-professionals-expositors\/","url":"https:\/\/www.cofb.org\/2021\/06\/10\/compte-enrere-perque-comenci-infarma-virtual-2021-15-17-juny-connectara-professionals-expositors\/","name":"Compte enrere perqu\u00e8 comenci Infarma Virtual 2021: del 15 al 17 de juny connectar\u00e0 a professionals i expositors - Col\u00b7legi de Farmac\u00e8utics de Barcelona","isPartOf":{"@id":"https:\/\/www.cofb.org\/#website"},"primaryImageOfPage":{"@id":"https:\/\/www.cofb.org\/2021\/06\/10\/compte-enrere-perque-comenci-infarma-virtual-2021-15-17-juny-connectara-professionals-expositors\/#primaryimage"},"image":{"@id":"https:\/\/www.cofb.org\/2021\/06\/10\/compte-enrere-perque-comenci-infarma-virtual-2021-15-17-juny-connectara-professionals-expositors\/#primaryimage"},"thumbnailUrl":"","datePublished":"2021-06-10T14:42:13+00:00","dateModified":"2021-06-10T14:42:13+00:00","description":"Compte enrere perqu\u00e8 comenci Infarma Virtual 2021. Els presidents dels col\u00b7legis oficials de farmac\u00e8utics de Madrid i Barcelona,\u00a0Luis Gonz\u00e1lez i Jordi Casas,\u00a0respectivament,\u00a0juntament amb el president de\u00a0Interalia, Jordi\u00a0Arqu\u00e9,\u00a0han donat avui a con\u00e8ixer les\u00a0novetats de la nova edici\u00f3 virtual d'Infarma.","breadcrumb":{"@id":"https:\/\/www.cofb.org\/2021\/06\/10\/compte-enrere-perque-comenci-infarma-virtual-2021-15-17-juny-connectara-professionals-expositors\/#breadcrumb"},"inLanguage":"es","potentialAction":[{"@type":"ReadAction","target":["https:\/\/www.cofb.org\/2021\/06\/10\/compte-enrere-perque-comenci-infarma-virtual-2021-15-17-juny-connectara-professionals-expositors\/"]}]},{"@type":"ImageObject","inLanguage":"es","@id":"https:\/\/www.cofb.org\/2021\/06\/10\/compte-enrere-perque-comenci-infarma-virtual-2021-15-17-juny-connectara-professionals-expositors\/#primaryimage","url":"","contentUrl":""},{"@type":"BreadcrumbList","@id":"https:\/\/www.cofb.org\/2021\/06\/10\/compte-enrere-perque-comenci-infarma-virtual-2021-15-17-juny-connectara-professionals-expositors\/#breadcrumb","itemListElement":[{"@type":"ListItem","position":1,"name":"Inici","item":"https:\/\/novaorg.cofb.net\/"},{"@type":"ListItem","position":2,"name":"Compte enrere perqu\u00e8 comenci Infarma Virtual 2021: del 15 al 17 de juny connectar\u00e0 a professionals i expositors"}]},{"@type":"WebSite","@id":"https:\/\/www.cofb.org\/#website","url":"https:\/\/www.cofb.org\/","name":"Col\u00b7legi de Farmac\u00e8utics de Barcelona","description":"","publisher":{"@id":"https:\/\/www.cofb.org\/#organization"},"potentialAction":[{"@type":"SearchAction","target":{"@type":"EntryPoint","urlTemplate":"https:\/\/www.cofb.org\/?s={search_term_string}"},"query-input":"required name=search_term_string"}],"inLanguage":"es"},{"@type":"Organization","@id":"https:\/\/www.cofb.org\/#organization","name":"Col\u00b7legi de Farmac\u00e8utics de Barcelona","url":"https:\/\/www.cofb.org\/","logo":{"@type":"ImageObject","inLanguage":"es","@id":"https:\/\/www.cofb.org\/#\/schema\/logo\/image\/","url":"https:\/\/www.cofb.org\/wp-content\/uploads\/2023\/11\/cropped-Logotip-COFB.png","contentUrl":"https:\/\/www.cofb.org\/wp-content\/uploads\/2023\/11\/cropped-Logotip-COFB.png","width":500,"height":105,"caption":"Col\u00b7legi de Farmac\u00e8utics de Barcelona"},"image":{"@id":"https:\/\/www.cofb.org\/#\/schema\/logo\/image\/"},"sameAs":["https:\/\/www.facebook.com\/farmaceuticsbcn\/","https:\/\/twitter.com\/farmaceuticsbcn","https:\/\/www.instagram.com\/farmaceuticsbcn\/","https:\/\/www.linkedin.com\/company\/farmaceuticsbcn\/"]},{"@type":"Person","@id":"https:\/\/www.cofb.org\/#\/schema\/person\/22ed7eea88da74b0fa4d3154ad87ffcb","name":"wpAdminCofbOrg","image":{"@type":"ImageObject","inLanguage":"es","@id":"https:\/\/www.cofb.org\/#\/schema\/person\/image\/","url":"https:\/\/secure.gravatar.com\/avatar\/1721b20b3b8ca882c3b56ec6c978c594fff670e40c0718e9190eaeeb76aae7d8?s=96&d=mm&r=g","contentUrl":"https:\/\/secure.gravatar.com\/avatar\/1721b20b3b8ca882c3b56ec6c978c594fff670e40c0718e9190eaeeb76aae7d8?s=96&d=mm&r=g","caption":"wpAdminCofbOrg"},"sameAs":["http:\/\/192.168.64.122\/wordpress"],"url":"https:\/\/www.cofb.org\/es\/author\/wpadmincofborg\/"}]}},"uagb_featured_image_src":{"full":false,"thumbnail":false,"medium":false,"medium_large":false,"large":false,"1536x1536":false,"2048x2048":false,"trp-custom-language-flag":false},"uagb_author_info":{"display_name":"wpAdminCofbOrg","author_link":"https:\/\/www.cofb.org\/es\/author\/wpadmincofborg\/"},"uagb_comment_info":0,"uagb_excerpt":"Compte enrere perqu\u00e8 comenci Infarma Virtual 2021. Els presidents dels col\u00b7legis oficials de farmac\u00e8utics de Madrid i Barcelona,\u00a0Luis Gonz\u00e1lez i Jordi Casas,\u00a0respectivament,\u00a0juntament amb el president d&#8217;Interalia, Jordi\u00a0Arqu\u00e9,\u00a0han donat avui a con\u00e8ixer en roda de premsa les\u00a0novetats de la nova edici\u00f3 virtual d&#8217;Infarma,\u00a0que tindr\u00e0 lloc la setmana que ve,\u00a0entre el 15 [&hellip;]","_links":{"self":[{"href":"https:\/\/www.cofb.org\/es\/wp-json\/wp\/v2\/posts\/55897","targetHints":{"allow":["GET"]}}],"collection":[{"href":"https:\/\/www.cofb.org\/es\/wp-json\/wp\/v2\/posts"}],"about":[{"href":"https:\/\/www.cofb.org\/es\/wp-json\/wp\/v2\/types\/post"}],"author":[{"embeddable":true,"href":"https:\/\/www.cofb.org\/es\/wp-json\/wp\/v2\/users\/1"}],"replies":[{"embeddable":true,"href":"https:\/\/www.cofb.org\/es\/wp-json\/wp\/v2\/comments?post=55897"}],"version-history":[{"count":0,"href":"https:\/\/www.cofb.org\/es\/wp-json\/wp\/v2\/posts\/55897\/revisions"}],"wp:featuredmedia":[{"embeddable":true,"href":"https:\/\/www.cofb.org\/es\/wp-json\/"}],"wp:attachment":[{"href":"https:\/\/www.cofb.org\/es\/wp-json\/wp\/v2\/media?parent=55897"}],"wp:term":[{"taxonomy":"category","embeddable":true,"href":"https:\/\/www.cofb.org\/es\/wp-json\/wp\/v2\/categories?post=55897"},{"taxonomy":"post_tag","embeddable":true,"href":"https:\/\/www.cofb.org\/es\/wp-json\/wp\/v2\/tags?post=55897"}],"curies":[{"name":"wp","href":"https:\/\/api.w.org\/{rel}","templated":true}]}}