{"id":55884,"date":"2021-06-09T17:45:21","date_gmt":"2021-06-09T15:45:21","guid":{"rendered":"https:\/\/blog.cofb.cat\/?p=55884"},"modified":"2021-06-09T17:45:21","modified_gmt":"2021-06-09T15:45:21","slug":"presenta-farmaserveis-plataforma-registre-assistencial-laplicacio-mobil-que-impulsaran-digitalitzacio-farmacies-relacio-pacient","status":"publish","type":"post","link":"https:\/\/www.cofb.org\/es\/2021\/06\/09\/presenta-farmaserveis-plataforma-registre-assistencial-laplicacio-mobil-que-impulsaran-digitalitzacio-farmacies-relacio-pacient\/","title":{"rendered":"Se presenta Farmaserveis, la plataforma de registro asistencial y la aplicaci\u00f3n m\u00f3vil que impulsar\u00e1n la digitalizaci\u00f3n de las farmacias y la relaci\u00f3n con el paciente"},"content":{"rendered":"<p><strong>Farmaserveis<\/strong>, la <strong>plataforma de registro asistencial de la red de farmacias<\/strong>, <strong>se pone en marcha en toda Catalu\u00f1a<\/strong> con el objetivo de transformar la relaci\u00f3n actual con el paciente y conectar con su salud digitalmente. As\u00ed lo han anunciado los <strong>presidentes de los cuatro Colegios de Farmac\u00e9uticos catalanes<\/strong>, en el marco de una <strong>sesi\u00f3n informativa virtual<\/strong> organizada hoy por el Consell de Col\u00b7legis Farmac\u00e8utics de Catalunya, con <strong>m\u00e1s de 1.000 inscritos. <\/strong><\/p>\n<p>El proyecto de <strong>Farmaserveis<\/strong> empez\u00f3 en la <strong>provincia de Barcelona<\/strong> y, actualmente, la plataforma ya cuenta con <strong>m\u00e1s de 10.000 registros<\/strong> de la <strong>presi\u00f3n arterial de los pacientes<\/strong>, y <strong>m\u00e1s de 1.000 farmac\u00e9uticos implicados<\/strong> s\u00f3lo en Barcelona. Con <strong>la extensi\u00f3n en toda Catalu\u00f1a<\/strong>, se dar\u00e1 un paso adelante por <strong>dar respuesta a la necesidad de transformaci\u00f3n digital de las farmacias frente a los cambios de tendencias de la sociedad<\/strong>.<\/p>\n<figure id=\"attachment_55889\" aria-describedby=\"caption-attachment-55889\" style=\"width: 620px\" class=\"wp-caption aligncenter\"><img fetchpriority=\"high\" decoding=\"async\" class=\"wp-image-55889 size-large\" title=\"Los pacientes podr\u00e1n consultar sus datos de salud \u2013previamente registrados por el farmac\u00e9utico en la plataforma Farmaserveis\u2013 a trav\u00e9s de FarmaserveisApp. \" src=\"https:\/\/blog.cofb.cat\/wp-content\/uploads\/2021\/06\/Farmaserveis-1-1024x700.jpg\" alt=\"Els pacients podran consultar les seves dades de salut -pr\u00e8viament registrades pel farmac\u00e8utic a la plataforma Farmaserveis\u2013 a trav\u00e9s de FarmaserveisApp. \" width=\"620\" height=\"424\" \/><figcaption id=\"caption-attachment-55889\" class=\"wp-caption-text\">Los pacientes podr\u00e1n consultar sus datos de salud \u2013previamente registrados por el farmac\u00e9utico en la plataforma Farmaserveis\u2013 a trav\u00e9s de FarmaserveisApp.<\/figcaption><\/figure>\n<p>Durante la sesi\u00f3n, tambi\u00e9n se ha presentado <strong>FarmaserveisApp<\/strong>. Con esta aplicaci\u00f3n m\u00f3vil, que est\u00e1 previsto que est\u00e9 operativa pr\u00f3ximamente, los pacientes podr\u00e1n <strong>consultar sus datos de salud<\/strong> -previamente registradas por el farmac\u00e9utico en la plataforma Farmaserveis\u2013, adem\u00e1s de <strong>recibir las comunicaciones de su farmac\u00e9utico, extraer informes para el m\u00e9dico y buscar la farmacia m\u00e1s pr\u00f3xima,<\/strong> entre otras funcionalidades.<\/p>\n<h1><span style=\"color: #008080;\"><strong>\u00bfQu\u00e9 aporta Farmaserveis al farmac\u00e9utico y al paciente?<\/strong><\/span><\/h1>\n<p>Farmaserveis, adem\u00e1s de permitir el <strong>registro de indicadores de salud del paciente<\/strong> y hacer el <strong>seguimiento de manera protocolizada, estandarizada y en l\u00ednea<\/strong>, pone a disposici\u00f3n del farmac\u00e9utico <strong>recursos audiovisuales<\/strong> (v\u00eddeotutoriales, infograf\u00edas, documentos y consejos) que facilitan su <strong>labor diaria de educaci\u00f3n sanitaria<\/strong>. Concretamente, estos recursos acercan al paciente cada uno de los <strong>servicios asistenciales<\/strong> y se consigue establecer una <strong>relaci\u00f3n m\u00e1s cercana<\/strong>, que traspasa el mostrador gracias al uso de dispositivos m\u00f3viles.<\/p>\n<p>Asimismo, la plataforma tambi\u00e9n ofrece la posibilidad <strong>de emitir informes autom\u00e1ticos de derivaci\u00f3n por el m\u00e9dico o para el mismo paciente en diferentes formatos<\/strong> (impreso y digital), y contar con una <strong>agenda de citas de los distintos servicios de farmacia asistencial<\/strong>.<\/p>\n<p>Los servicios que actualmente se ofrecen y que requieren una formaci\u00f3n espec\u00edfica son el de <strong>control de la presi\u00f3n arterial<\/strong> y el <strong>Programa de Cesaci\u00f3n Tab\u00e1quica<\/strong> y, pr\u00f3ximamente, se incorporar\u00e1 el servicio sobre <strong>consejo alimentario<\/strong>. Tambi\u00e9n incluye los modelos de <strong>consentimientos informados<\/strong> del usuario en relaci\u00f3n a sus datos de salud, datos que est\u00e1n custodiados en un <strong>repositorio seguro <\/strong>desarrollado por el Consejo de Colegios Farmac\u00e9uticos de Catalu\u00f1a.<\/p>\n<figure id=\"attachment_55890\" aria-describedby=\"caption-attachment-55890\" style=\"width: 620px\" class=\"wp-caption aligncenter\"><img decoding=\"async\" class=\"wp-image-55890 size-large\" title=\"Un momento de la presentaci\u00f3n de Farmaserveis, que se extiende en toda Catalu\u00f1a.\" src=\"https:\/\/blog.cofb.cat\/wp-content\/uploads\/2021\/06\/Sesi\u00f3n-informativa-Farmaserveis-1024x670.jpg\" alt=\"Un moment de la presentaci\u00f3 de Farmaserveis, que s'est\u00e9n a tot Catalunya.\" width=\"620\" height=\"406\" \/><figcaption id=\"caption-attachment-55890\" class=\"wp-caption-text\">Un momento de la presentaci\u00f3n de Farmaserveis, que se extiende en toda Catalu\u00f1a.<\/figcaption><\/figure>\n<p>En todo caso, se trata de un <strong>proyecto din\u00e1mico<\/strong>, que ir\u00e1 incorporando nuevos servicios y funcionalidades comunes a todo el territorio, as\u00ed como otros espec\u00edficos para actividades y campa\u00f1as en un territorio concreto.<\/p>\n<div class=\"box info\"><\/p>\n<h1><span style=\"color: #008080;\"><strong>La importancia de las gu\u00edas de intervenci\u00f3n farmac\u00e9utica y del registro en beneficio de los pacientes <\/strong><\/span><\/h1>\n<h2><span style=\"color: #000080;\"><strong>Presi\u00f3n arterial <\/strong><\/span><\/h2>\n<p>Actualmente, el <strong>m\u00f3dulo de presi\u00f3n arterial<\/strong> de Farmaserveis permite, de una manera \u00e1gil y sencilla, hacer el <strong>seguimiento del pulso<\/strong> y de los valores de <strong>presi\u00f3n arterial sist\u00f3lica<\/strong> y <strong>diast\u00f3lica<\/strong> en aquellas personas que presenten <strong>hipertensi\u00f3n arterial,<\/strong> o en aquellas<strong> personas sanas <\/strong>que necesitan <strong>monitorizaci\u00f3n <\/strong>de estos par\u00e1metros.<\/p>\n<p>El<strong>actuaci\u00f3n farmac\u00e9utica <\/strong>est\u00e1 <strong>descrita<\/strong> y <strong>protocolizada<\/strong> en la <strong>&quot;Gu\u00eda de Abordaje de la Hipertensi\u00f3n Arterial desde la farmacia comunitaria&quot;<\/strong>, que cuenta con la revisi\u00f3n del Plan Director del Aparato Circulatorio del Departamento de Salud, de la Gerencia del medicamento del Servicio Catal\u00e1n de la Salud y de la Secci\u00f3n catalana de la Sociedad Espa\u00f1ola de Farmacia Familiar y Comunitaria. Adem\u00e1s, se definen <strong>criterios de derivaci\u00f3n<\/strong> hacia los centros de atenci\u00f3n primaria y en urgencias, seg\u00fan la gravedad de la situaci\u00f3n cl\u00ednica del paciente. Todo ello permite favorecer la <strong>gesti\u00f3n compartida de los pacientes<\/strong> para la <strong>mejora de su estado de salud<\/strong>.<\/p>\n<h2><span style=\"color: #000080;\"><strong>Programa de Cesaci\u00f3n Tab\u00e1quica <\/strong><\/span><\/h2>\n<p>Por otra parte, el m\u00f3dulo de Farmaserveis sobre el <strong>Programa de Cesaci\u00f3n Tab\u00e1quica<\/strong> tambi\u00e9n va acompa\u00f1ado de la \u201c<strong>Gu\u00eda de intervenci\u00f3n farmac\u00e9utica para el abordaje de la persona fumadora desde la farmacia comunitaria\u201d<\/strong>, que tiene por objetivo constituir un <strong>instrumento actualizado y \u00fatil<\/strong> que facilita <strong>actuaciones homog\u00e9neas<\/strong> a todos los profesionales farmac\u00e9uticos que quieran prestar el Servicio de Cesaci\u00f3n Tab\u00e1quica desde la farmacia comunitaria, para mejorar la tasa de abandono del tabaquismo de la poblaci\u00f3n general.<\/p>\n<p>Esta gu\u00eda \u2013que cuenta con la revisi\u00f3n y soporte de la<strong>Ag\u00e8ncia de Salut P\u00fablica de Catalunya<\/strong>, el <strong>Programa de Atenci\u00f3n Primaria Sin Humo<\/strong>, la <strong>Sociedad Catalana de Atenci\u00f3n y Tratamiento de Consumo del Tabaco<\/strong> y la <strong>Sociedad Espa\u00f1ola de Farmacia Familiar y Comunitaria de Catalu\u00f1a<\/strong>\u2013 incorpora <strong>nuevos conceptos<\/strong> surgidos \u00faltimamente, como el <strong>humo de tercera<\/strong> y <strong>cuarta mano<\/strong>, las interacciones del bupropi\u00f3n y la vareniclina o las nuevas formas de consumo de tabaco, entre otros.<\/p>\n<p><\/div>\n<h1><span style=\"color: #008080;\"><strong>Farmaserveis, un proyecto estrat\u00e9gico del Consejo de Colegios Farmac\u00e9uticos de Catalu\u00f1a<\/strong><\/span><\/h1>\n<p>La <strong>iniciativa<\/strong> de <strong>Farmaserveis<\/strong> forma parte de una <strong>apuesta estrat\u00e9gica del Consejo de Colegios Farmac\u00e9uticos de Catalu\u00f1a por la digitalizaci\u00f3n de la farmacia catalana, <\/strong>que permite aportar valor al paciente, al farmac\u00e9utico, a la red de farmacias y al sistema de salud.<\/p>\n<p>Todo ello, demuestra el <strong>potencial<\/strong> de la red de farmacias en un <strong>entorno digital<\/strong> y acerca a los profesionales farmac\u00e9uticos de toda Catalu\u00f1a a los pacientes, <strong>integrando el registro de la actividad farmac\u00e9utica y los servicios de salud<\/strong>.<\/p>\n<div class=\"box success\"><\/p>\n<p>Los colegiados del COFB, disponen de toda la informaci\u00f3n actualizada sobre <a href=\"https:\/\/farmaceutics.cofb.net\/group\/guest\/farmaserveis\" target=\"_blank\" rel=\"noopener\"><strong>Farmaserveis en este apartado de la intranet colegial<\/strong><\/a> (acceso exclusivo colegiados).<\/p>\n<p><\/div>\n<p><strong>Otras publicaciones de inter\u00e9s:<\/strong><\/p>\n<ul>\n<li><a href=\"https:\/\/blog.cofb.cat\/consell-collegis-farmaceutics-catalunya-publica-guia-labordatge-hipertensio-arterial-farmacia\/\" target=\"_blank\" rel=\"noopener\">El Consejo de Colegios Farmac\u00e9uticos de Catalu\u00f1a publica una gu\u00eda para el abordaje de la hipertensi\u00f3n arterial en la farmacia (Diciembre 2020)<\/a><\/li>\n<\/ul>","protected":false},"excerpt":{"rendered":"<p>Farmaserveis, la plataforma de registro asistencial de la red de farmacias, se pone en marcha en toda Catalu\u00f1a con el objetivo de transformar la relaci\u00f3n actual con el paciente y conectar con su salud digitalmente. As\u00ed lo han anunciado los presidentes de los cuatro Colegios de Farmac\u00e9uticos catalanes, en el marco [\u2026]<\/p>","protected":false},"author":1,"featured_media":55888,"comment_status":"open","ping_status":"open","sticky":false,"template":"","format":"standard","meta":{"_uag_custom_page_level_css":"","site-sidebar-layout":"default","site-content-layout":"","ast-site-content-layout":"default","site-content-style":"default","site-sidebar-style":"default","ast-global-header-display":"","ast-banner-title-visibility":"","ast-main-header-display":"","ast-hfb-above-header-display":"","ast-hfb-below-header-display":"","ast-hfb-mobile-header-display":"","site-post-title":"","ast-breadcrumbs-content":"","ast-featured-img":"disabled","footer-sml-layout":"","theme-transparent-header-meta":"","adv-header-id-meta":"","stick-header-meta":"","header-above-stick-meta":"","header-main-stick-meta":"","header-below-stick-meta":"","astra-migrate-meta-layouts":"default","ast-page-background-enabled":"default","ast-page-background-meta":{"desktop":{"background-color":"var(--ast-global-color-4)","background-image":"","background-repeat":"repeat","background-position":"center center","background-size":"auto","background-attachment":"scroll","background-type":"","background-media":"","overlay-type":"","overlay-color":"","overlay-opacity":"","overlay-gradient":""},"tablet":{"background-color":"","background-image":"","background-repeat":"repeat","background-position":"center center","background-size":"auto","background-attachment":"scroll","background-type":"","background-media":"","overlay-type":"","overlay-color":"","overlay-opacity":"","overlay-gradient":""},"mobile":{"background-color":"","background-image":"","background-repeat":"repeat","background-position":"center center","background-size":"auto","background-attachment":"scroll","background-type":"","background-media":"","overlay-type":"","overlay-color":"","overlay-opacity":"","overlay-gradient":""}},"ast-content-background-meta":{"desktop":{"background-color":"var(--ast-global-color-5)","background-image":"","background-repeat":"repeat","background-position":"center center","background-size":"auto","background-attachment":"scroll","background-type":"","background-media":"","overlay-type":"","overlay-color":"","overlay-opacity":"","overlay-gradient":""},"tablet":{"background-color":"var(--ast-global-color-5)","background-image":"","background-repeat":"repeat","background-position":"center center","background-size":"auto","background-attachment":"scroll","background-type":"","background-media":"","overlay-type":"","overlay-color":"","overlay-opacity":"","overlay-gradient":""},"mobile":{"background-color":"var(--ast-global-color-5)","background-image":"","background-repeat":"repeat","background-position":"center center","background-size":"auto","background-attachment":"scroll","background-type":"","background-media":"","overlay-type":"","overlay-color":"","overlay-opacity":"","overlay-gradient":""}},"footnotes":""},"categories":[23,57],"tags":[308,18,271,163,112,53,68,69,132,59,2305,136,4604,117,137,913],"class_list":["post-55884","post","type-post","status-publish","format-standard","has-post-thumbnail","hentry","category-destacats","category-mon-collegial","tag-ccfc","tag-cofb","tag-consell-alimentari","tag-consell-de-collegis-farmaceutics-de-catalunya","tag-digitalitzacio","tag-farmaceutics","tag-farmacia","tag-farmacia-comunitaria","tag-farmaserveis","tag-pacients","tag-pressio-arterial","tag-programa-de-cessacio-tabaquica","tag-recursos-audiovisuals","tag-salut","tag-tabac","tag-transformacio-digital"],"yoast_head":"<!-- This site is optimized with the Yoast SEO plugin v22.4 - https:\/\/yoast.com\/wordpress\/plugins\/seo\/ -->\n<title>Es presenta Farmaserveis, la plataforma de registre assistencial i l\u2019aplicaci\u00f3 m\u00f2bil que impulsaran la digitalitzaci\u00f3 de les farm\u00e0cies i la relaci\u00f3 amb el pacient - Col\u00b7legi de Farmac\u00e8utics de Barcelona<\/title>\n<meta name=\"description\" content=\"Farmaserveis, la plataforma de registre assistencial de la xarxa de farm\u00e0cies, es posa en marxa a tot Catalunya amb l\u2019objectiu de transformar la relaci\u00f3 actual amb el pacient i connectar amb la seva salut digitalment.\" \/>\n<meta name=\"robots\" content=\"index, follow, max-snippet:-1, max-image-preview:large, max-video-preview:-1\" \/>\n<link rel=\"canonical\" href=\"https:\/\/novaorg.cofb.net\/2021\/06\/09\/presenta-farmaserveis-plataforma-registre-assistencial-laplicacio-mobil-que-impulsaran-digitalitzacio-farmacies-relacio-pacient\/\" \/>\n<meta property=\"og:locale\" content=\"es_ES\" \/>\n<meta property=\"og:type\" content=\"article\" \/>\n<meta property=\"og:title\" content=\"Es presenta Farmaserveis, la plataforma de registre assistencial i l\u2019aplicaci\u00f3 m\u00f2bil que impulsaran la digitalitzaci\u00f3 de les farm\u00e0cies i la relaci\u00f3 amb el pacient - Col\u00b7legi de Farmac\u00e8utics de Barcelona\" \/>\n<meta property=\"og:description\" content=\"Farmaserveis, la plataforma de registre assistencial de la xarxa de farm\u00e0cies, es posa en marxa a tot Catalunya amb l\u2019objectiu de transformar la relaci\u00f3 actual amb el pacient i connectar amb la seva salut digitalment.\" \/>\n<meta property=\"og:url\" content=\"https:\/\/novaorg.cofb.net\/2021\/06\/09\/presenta-farmaserveis-plataforma-registre-assistencial-laplicacio-mobil-que-impulsaran-digitalitzacio-farmacies-relacio-pacient\/\" \/>\n<meta property=\"og:site_name\" content=\"Col\u00b7legi de Farmac\u00e8utics de Barcelona\" \/>\n<meta property=\"article:publisher\" content=\"https:\/\/www.facebook.com\/farmaceuticsbcn\/\" \/>\n<meta property=\"article:published_time\" content=\"2021-06-09T15:45:21+00:00\" \/>\n<meta name=\"author\" content=\"wpAdminCofbOrg\" \/>\n<meta name=\"twitter:card\" content=\"summary_large_image\" \/>\n<meta name=\"twitter:creator\" content=\"@farmaceuticsbcn\" \/>\n<meta name=\"twitter:site\" content=\"@farmaceuticsbcn\" \/>\n<meta name=\"twitter:label1\" content=\"Escrito por\" \/>\n\t<meta name=\"twitter:data1\" content=\"wpAdminCofbOrg\" \/>\n\t<meta name=\"twitter:label2\" content=\"Tiempo de lectura\" \/>\n\t<meta name=\"twitter:data2\" content=\"5 minutos\" \/>\n<script type=\"application\/ld+json\" class=\"yoast-schema-graph\">{\"@context\":\"https:\/\/schema.org\",\"@graph\":[{\"@type\":\"Article\",\"@id\":\"https:\/\/novaorg.cofb.net\/2021\/06\/09\/presenta-farmaserveis-plataforma-registre-assistencial-laplicacio-mobil-que-impulsaran-digitalitzacio-farmacies-relacio-pacient\/#article\",\"isPartOf\":{\"@id\":\"https:\/\/novaorg.cofb.net\/2021\/06\/09\/presenta-farmaserveis-plataforma-registre-assistencial-laplicacio-mobil-que-impulsaran-digitalitzacio-farmacies-relacio-pacient\/\"},\"author\":{\"name\":\"wpAdminCofbOrg\",\"@id\":\"https:\/\/www.cofb.org\/#\/schema\/person\/22ed7eea88da74b0fa4d3154ad87ffcb\"},\"headline\":\"Es presenta Farmaserveis, la plataforma de registre assistencial i l\u2019aplicaci\u00f3 m\u00f2bil que impulsaran la digitalitzaci\u00f3 de les farm\u00e0cies i la relaci\u00f3 amb el pacient\",\"datePublished\":\"2021-06-09T15:45:21+00:00\",\"dateModified\":\"2021-06-09T15:45:21+00:00\",\"mainEntityOfPage\":{\"@id\":\"https:\/\/novaorg.cofb.net\/2021\/06\/09\/presenta-farmaserveis-plataforma-registre-assistencial-laplicacio-mobil-que-impulsaran-digitalitzacio-farmacies-relacio-pacient\/\"},\"wordCount\":1073,\"commentCount\":0,\"publisher\":{\"@id\":\"https:\/\/www.cofb.org\/#organization\"},\"image\":{\"@id\":\"https:\/\/novaorg.cofb.net\/2021\/06\/09\/presenta-farmaserveis-plataforma-registre-assistencial-laplicacio-mobil-que-impulsaran-digitalitzacio-farmacies-relacio-pacient\/#primaryimage\"},\"thumbnailUrl\":\"\",\"keywords\":[\"CCFC\",\"COFB\",\"consell alimentari\",\"Consell de Col\u00b7legis Farmac\u00e8utics de Catalunya\",\"Digitalitzaci\u00f3\",\"farmac\u00e8utics\",\"Farm\u00e0cia\",\"farm\u00e0cia comunit\u00e0ria\",\"Farmaserveis\",\"pacients\",\"pressi\u00f3 arterial\",\"Programa de cessaci\u00f3 tab\u00e0quica\",\"recursos audiovisuals\",\"salut\",\"tabac\",\"transformaci\u00f3 digital\"],\"articleSection\":[\"Destacats\",\"M\u00f3n col\u00b7legial\"],\"inLanguage\":\"es\",\"potentialAction\":[{\"@type\":\"CommentAction\",\"name\":\"Comment\",\"target\":[\"https:\/\/novaorg.cofb.net\/2021\/06\/09\/presenta-farmaserveis-plataforma-registre-assistencial-laplicacio-mobil-que-impulsaran-digitalitzacio-farmacies-relacio-pacient\/#respond\"]}]},{\"@type\":\"WebPage\",\"@id\":\"https:\/\/novaorg.cofb.net\/2021\/06\/09\/presenta-farmaserveis-plataforma-registre-assistencial-laplicacio-mobil-que-impulsaran-digitalitzacio-farmacies-relacio-pacient\/\",\"url\":\"https:\/\/novaorg.cofb.net\/2021\/06\/09\/presenta-farmaserveis-plataforma-registre-assistencial-laplicacio-mobil-que-impulsaran-digitalitzacio-farmacies-relacio-pacient\/\",\"name\":\"Es presenta Farmaserveis, la plataforma de registre assistencial i l\u2019aplicaci\u00f3 m\u00f2bil que impulsaran la digitalitzaci\u00f3 de les farm\u00e0cies i la relaci\u00f3 amb el pacient - Col\u00b7legi de Farmac\u00e8utics de Barcelona\",\"isPartOf\":{\"@id\":\"https:\/\/www.cofb.org\/#website\"},\"primaryImageOfPage\":{\"@id\":\"https:\/\/novaorg.cofb.net\/2021\/06\/09\/presenta-farmaserveis-plataforma-registre-assistencial-laplicacio-mobil-que-impulsaran-digitalitzacio-farmacies-relacio-pacient\/#primaryimage\"},\"image\":{\"@id\":\"https:\/\/novaorg.cofb.net\/2021\/06\/09\/presenta-farmaserveis-plataforma-registre-assistencial-laplicacio-mobil-que-impulsaran-digitalitzacio-farmacies-relacio-pacient\/#primaryimage\"},\"thumbnailUrl\":\"\",\"datePublished\":\"2021-06-09T15:45:21+00:00\",\"dateModified\":\"2021-06-09T15:45:21+00:00\",\"description\":\"Farmaserveis, la plataforma de registre assistencial de la xarxa de farm\u00e0cies, es posa en marxa a tot Catalunya amb l\u2019objectiu de transformar la relaci\u00f3 actual amb el pacient i connectar amb la seva salut digitalment.\",\"breadcrumb\":{\"@id\":\"https:\/\/novaorg.cofb.net\/2021\/06\/09\/presenta-farmaserveis-plataforma-registre-assistencial-laplicacio-mobil-que-impulsaran-digitalitzacio-farmacies-relacio-pacient\/#breadcrumb\"},\"inLanguage\":\"es\",\"potentialAction\":[{\"@type\":\"ReadAction\",\"target\":[\"https:\/\/novaorg.cofb.net\/2021\/06\/09\/presenta-farmaserveis-plataforma-registre-assistencial-laplicacio-mobil-que-impulsaran-digitalitzacio-farmacies-relacio-pacient\/\"]}]},{\"@type\":\"ImageObject\",\"inLanguage\":\"es\",\"@id\":\"https:\/\/novaorg.cofb.net\/2021\/06\/09\/presenta-farmaserveis-plataforma-registre-assistencial-laplicacio-mobil-que-impulsaran-digitalitzacio-farmacies-relacio-pacient\/#primaryimage\",\"url\":\"\",\"contentUrl\":\"\"},{\"@type\":\"BreadcrumbList\",\"@id\":\"https:\/\/novaorg.cofb.net\/2021\/06\/09\/presenta-farmaserveis-plataforma-registre-assistencial-laplicacio-mobil-que-impulsaran-digitalitzacio-farmacies-relacio-pacient\/#breadcrumb\",\"itemListElement\":[{\"@type\":\"ListItem\",\"position\":1,\"name\":\"Inici\",\"item\":\"https:\/\/novaorg.cofb.net\/\"},{\"@type\":\"ListItem\",\"position\":2,\"name\":\"Es presenta Farmaserveis, la plataforma de registre assistencial i l\u2019aplicaci\u00f3 m\u00f2bil que impulsaran la digitalitzaci\u00f3 de les farm\u00e0cies i la relaci\u00f3 amb el pacient\"}]},{\"@type\":\"WebSite\",\"@id\":\"https:\/\/www.cofb.org\/#website\",\"url\":\"https:\/\/www.cofb.org\/\",\"name\":\"Col\u00b7legi de Farmac\u00e8utics de Barcelona\",\"description\":\"\",\"publisher\":{\"@id\":\"https:\/\/www.cofb.org\/#organization\"},\"potentialAction\":[{\"@type\":\"SearchAction\",\"target\":{\"@type\":\"EntryPoint\",\"urlTemplate\":\"https:\/\/www.cofb.org\/?s={search_term_string}\"},\"query-input\":\"required name=search_term_string\"}],\"inLanguage\":\"es\"},{\"@type\":\"Organization\",\"@id\":\"https:\/\/www.cofb.org\/#organization\",\"name\":\"Col\u00b7legi de Farmac\u00e8utics de Barcelona\",\"url\":\"https:\/\/www.cofb.org\/\",\"logo\":{\"@type\":\"ImageObject\",\"inLanguage\":\"es\",\"@id\":\"https:\/\/www.cofb.org\/#\/schema\/logo\/image\/\",\"url\":\"https:\/\/www.cofb.org\/wp-content\/uploads\/2023\/11\/cropped-Logotip-COFB.png\",\"contentUrl\":\"https:\/\/www.cofb.org\/wp-content\/uploads\/2023\/11\/cropped-Logotip-COFB.png\",\"width\":500,\"height\":105,\"caption\":\"Col\u00b7legi de Farmac\u00e8utics de Barcelona\"},\"image\":{\"@id\":\"https:\/\/www.cofb.org\/#\/schema\/logo\/image\/\"},\"sameAs\":[\"https:\/\/www.facebook.com\/farmaceuticsbcn\/\",\"https:\/\/twitter.com\/farmaceuticsbcn\",\"https:\/\/www.instagram.com\/farmaceuticsbcn\/\",\"https:\/\/www.linkedin.com\/company\/farmaceuticsbcn\/\"]},{\"@type\":\"Person\",\"@id\":\"https:\/\/www.cofb.org\/#\/schema\/person\/22ed7eea88da74b0fa4d3154ad87ffcb\",\"name\":\"wpAdminCofbOrg\",\"image\":{\"@type\":\"ImageObject\",\"inLanguage\":\"es\",\"@id\":\"https:\/\/www.cofb.org\/#\/schema\/person\/image\/\",\"url\":\"https:\/\/secure.gravatar.com\/avatar\/1721b20b3b8ca882c3b56ec6c978c594fff670e40c0718e9190eaeeb76aae7d8?s=96&d=mm&r=g\",\"contentUrl\":\"https:\/\/secure.gravatar.com\/avatar\/1721b20b3b8ca882c3b56ec6c978c594fff670e40c0718e9190eaeeb76aae7d8?s=96&d=mm&r=g\",\"caption\":\"wpAdminCofbOrg\"},\"sameAs\":[\"http:\/\/192.168.64.122\/wordpress\"],\"url\":\"https:\/\/www.cofb.org\/es\/author\/wpadmincofborg\/\"}]}<\/script>\n<!-- \/ Yoast SEO plugin. -->","yoast_head_json":{"title":"Es presenta Farmaserveis, la plataforma de registre assistencial i l\u2019aplicaci\u00f3 m\u00f2bil que impulsaran la digitalitzaci\u00f3 de les farm\u00e0cies i la relaci\u00f3 amb el pacient - Col\u00b7legi de Farmac\u00e8utics de Barcelona","description":"Farmaserveis, la plataforma de registre assistencial de la xarxa de farm\u00e0cies, es posa en marxa a tot Catalunya amb l\u2019objectiu de transformar la relaci\u00f3 actual amb el pacient i connectar amb la seva salut digitalment.","robots":{"index":"index","follow":"follow","max-snippet":"max-snippet:-1","max-image-preview":"max-image-preview:large","max-video-preview":"max-video-preview:-1"},"canonical":"https:\/\/novaorg.cofb.net\/2021\/06\/09\/presenta-farmaserveis-plataforma-registre-assistencial-laplicacio-mobil-que-impulsaran-digitalitzacio-farmacies-relacio-pacient\/","og_locale":"es_ES","og_type":"article","og_title":"Es presenta Farmaserveis, la plataforma de registre assistencial i l\u2019aplicaci\u00f3 m\u00f2bil que impulsaran la digitalitzaci\u00f3 de les farm\u00e0cies i la relaci\u00f3 amb el pacient - Col\u00b7legi de Farmac\u00e8utics de Barcelona","og_description":"Farmaserveis, la plataforma de registre assistencial de la xarxa de farm\u00e0cies, es posa en marxa a tot Catalunya amb l\u2019objectiu de transformar la relaci\u00f3 actual amb el pacient i connectar amb la seva salut digitalment.","og_url":"https:\/\/novaorg.cofb.net\/2021\/06\/09\/presenta-farmaserveis-plataforma-registre-assistencial-laplicacio-mobil-que-impulsaran-digitalitzacio-farmacies-relacio-pacient\/","og_site_name":"Col\u00b7legi de Farmac\u00e8utics de Barcelona","article_publisher":"https:\/\/www.facebook.com\/farmaceuticsbcn\/","article_published_time":"2021-06-09T15:45:21+00:00","author":"wpAdminCofbOrg","twitter_card":"summary_large_image","twitter_creator":"@farmaceuticsbcn","twitter_site":"@farmaceuticsbcn","twitter_misc":{"Escrito por":"wpAdminCofbOrg","Tiempo de lectura":"5 minutos"},"schema":{"@context":"https:\/\/schema.org","@graph":[{"@type":"Article","@id":"https:\/\/novaorg.cofb.net\/2021\/06\/09\/presenta-farmaserveis-plataforma-registre-assistencial-laplicacio-mobil-que-impulsaran-digitalitzacio-farmacies-relacio-pacient\/#article","isPartOf":{"@id":"https:\/\/novaorg.cofb.net\/2021\/06\/09\/presenta-farmaserveis-plataforma-registre-assistencial-laplicacio-mobil-que-impulsaran-digitalitzacio-farmacies-relacio-pacient\/"},"author":{"name":"wpAdminCofbOrg","@id":"https:\/\/www.cofb.org\/#\/schema\/person\/22ed7eea88da74b0fa4d3154ad87ffcb"},"headline":"Es presenta Farmaserveis, la plataforma de registre assistencial i l\u2019aplicaci\u00f3 m\u00f2bil que impulsaran la digitalitzaci\u00f3 de les farm\u00e0cies i la relaci\u00f3 amb el pacient","datePublished":"2021-06-09T15:45:21+00:00","dateModified":"2021-06-09T15:45:21+00:00","mainEntityOfPage":{"@id":"https:\/\/novaorg.cofb.net\/2021\/06\/09\/presenta-farmaserveis-plataforma-registre-assistencial-laplicacio-mobil-que-impulsaran-digitalitzacio-farmacies-relacio-pacient\/"},"wordCount":1073,"commentCount":0,"publisher":{"@id":"https:\/\/www.cofb.org\/#organization"},"image":{"@id":"https:\/\/novaorg.cofb.net\/2021\/06\/09\/presenta-farmaserveis-plataforma-registre-assistencial-laplicacio-mobil-que-impulsaran-digitalitzacio-farmacies-relacio-pacient\/#primaryimage"},"thumbnailUrl":"","keywords":["CCFC","COFB","consell alimentari","Consell de Col\u00b7legis Farmac\u00e8utics de Catalunya","Digitalitzaci\u00f3","farmac\u00e8utics","Farm\u00e0cia","farm\u00e0cia comunit\u00e0ria","Farmaserveis","pacients","pressi\u00f3 arterial","Programa de cessaci\u00f3 tab\u00e0quica","recursos audiovisuals","salut","tabac","transformaci\u00f3 digital"],"articleSection":["Destacats","M\u00f3n col\u00b7legial"],"inLanguage":"es","potentialAction":[{"@type":"CommentAction","name":"Comment","target":["https:\/\/novaorg.cofb.net\/2021\/06\/09\/presenta-farmaserveis-plataforma-registre-assistencial-laplicacio-mobil-que-impulsaran-digitalitzacio-farmacies-relacio-pacient\/#respond"]}]},{"@type":"WebPage","@id":"https:\/\/novaorg.cofb.net\/2021\/06\/09\/presenta-farmaserveis-plataforma-registre-assistencial-laplicacio-mobil-que-impulsaran-digitalitzacio-farmacies-relacio-pacient\/","url":"https:\/\/novaorg.cofb.net\/2021\/06\/09\/presenta-farmaserveis-plataforma-registre-assistencial-laplicacio-mobil-que-impulsaran-digitalitzacio-farmacies-relacio-pacient\/","name":"Es presenta Farmaserveis, la plataforma de registre assistencial i l\u2019aplicaci\u00f3 m\u00f2bil que impulsaran la digitalitzaci\u00f3 de les farm\u00e0cies i la relaci\u00f3 amb el pacient - Col\u00b7legi de Farmac\u00e8utics de Barcelona","isPartOf":{"@id":"https:\/\/www.cofb.org\/#website"},"primaryImageOfPage":{"@id":"https:\/\/novaorg.cofb.net\/2021\/06\/09\/presenta-farmaserveis-plataforma-registre-assistencial-laplicacio-mobil-que-impulsaran-digitalitzacio-farmacies-relacio-pacient\/#primaryimage"},"image":{"@id":"https:\/\/novaorg.cofb.net\/2021\/06\/09\/presenta-farmaserveis-plataforma-registre-assistencial-laplicacio-mobil-que-impulsaran-digitalitzacio-farmacies-relacio-pacient\/#primaryimage"},"thumbnailUrl":"","datePublished":"2021-06-09T15:45:21+00:00","dateModified":"2021-06-09T15:45:21+00:00","description":"Farmaserveis, la plataforma de registre assistencial de la xarxa de farm\u00e0cies, es posa en marxa a tot Catalunya amb l\u2019objectiu de transformar la relaci\u00f3 actual amb el pacient i connectar amb la seva salut digitalment.","breadcrumb":{"@id":"https:\/\/novaorg.cofb.net\/2021\/06\/09\/presenta-farmaserveis-plataforma-registre-assistencial-laplicacio-mobil-que-impulsaran-digitalitzacio-farmacies-relacio-pacient\/#breadcrumb"},"inLanguage":"es","potentialAction":[{"@type":"ReadAction","target":["https:\/\/novaorg.cofb.net\/2021\/06\/09\/presenta-farmaserveis-plataforma-registre-assistencial-laplicacio-mobil-que-impulsaran-digitalitzacio-farmacies-relacio-pacient\/"]}]},{"@type":"ImageObject","inLanguage":"es","@id":"https:\/\/novaorg.cofb.net\/2021\/06\/09\/presenta-farmaserveis-plataforma-registre-assistencial-laplicacio-mobil-que-impulsaran-digitalitzacio-farmacies-relacio-pacient\/#primaryimage","url":"","contentUrl":""},{"@type":"BreadcrumbList","@id":"https:\/\/novaorg.cofb.net\/2021\/06\/09\/presenta-farmaserveis-plataforma-registre-assistencial-laplicacio-mobil-que-impulsaran-digitalitzacio-farmacies-relacio-pacient\/#breadcrumb","itemListElement":[{"@type":"ListItem","position":1,"name":"Inici","item":"https:\/\/novaorg.cofb.net\/"},{"@type":"ListItem","position":2,"name":"Es presenta Farmaserveis, la plataforma de registre assistencial i l\u2019aplicaci\u00f3 m\u00f2bil que impulsaran la digitalitzaci\u00f3 de les farm\u00e0cies i la relaci\u00f3 amb el pacient"}]},{"@type":"WebSite","@id":"https:\/\/www.cofb.org\/#website","url":"https:\/\/www.cofb.org\/","name":"Col\u00b7legi de Farmac\u00e8utics de Barcelona","description":"","publisher":{"@id":"https:\/\/www.cofb.org\/#organization"},"potentialAction":[{"@type":"SearchAction","target":{"@type":"EntryPoint","urlTemplate":"https:\/\/www.cofb.org\/?s={search_term_string}"},"query-input":"required name=search_term_string"}],"inLanguage":"es"},{"@type":"Organization","@id":"https:\/\/www.cofb.org\/#organization","name":"Col\u00b7legi de Farmac\u00e8utics de Barcelona","url":"https:\/\/www.cofb.org\/","logo":{"@type":"ImageObject","inLanguage":"es","@id":"https:\/\/www.cofb.org\/#\/schema\/logo\/image\/","url":"https:\/\/www.cofb.org\/wp-content\/uploads\/2023\/11\/cropped-Logotip-COFB.png","contentUrl":"https:\/\/www.cofb.org\/wp-content\/uploads\/2023\/11\/cropped-Logotip-COFB.png","width":500,"height":105,"caption":"Col\u00b7legi de Farmac\u00e8utics de Barcelona"},"image":{"@id":"https:\/\/www.cofb.org\/#\/schema\/logo\/image\/"},"sameAs":["https:\/\/www.facebook.com\/farmaceuticsbcn\/","https:\/\/twitter.com\/farmaceuticsbcn","https:\/\/www.instagram.com\/farmaceuticsbcn\/","https:\/\/www.linkedin.com\/company\/farmaceuticsbcn\/"]},{"@type":"Person","@id":"https:\/\/www.cofb.org\/#\/schema\/person\/22ed7eea88da74b0fa4d3154ad87ffcb","name":"wpAdminCofbOrg","image":{"@type":"ImageObject","inLanguage":"es","@id":"https:\/\/www.cofb.org\/#\/schema\/person\/image\/","url":"https:\/\/secure.gravatar.com\/avatar\/1721b20b3b8ca882c3b56ec6c978c594fff670e40c0718e9190eaeeb76aae7d8?s=96&d=mm&r=g","contentUrl":"https:\/\/secure.gravatar.com\/avatar\/1721b20b3b8ca882c3b56ec6c978c594fff670e40c0718e9190eaeeb76aae7d8?s=96&d=mm&r=g","caption":"wpAdminCofbOrg"},"sameAs":["http:\/\/192.168.64.122\/wordpress"],"url":"https:\/\/www.cofb.org\/es\/author\/wpadmincofborg\/"}]}},"uagb_featured_image_src":{"full":false,"thumbnail":false,"medium":false,"medium_large":false,"large":false,"1536x1536":false,"2048x2048":false,"trp-custom-language-flag":false},"uagb_author_info":{"display_name":"wpAdminCofbOrg","author_link":"https:\/\/www.cofb.org\/es\/author\/wpadmincofborg\/"},"uagb_comment_info":0,"uagb_excerpt":"Farmaserveis, la plataforma de registre assistencial de la xarxa de farm\u00e0cies, es posa en marxa a tot Catalunya amb l\u2019objectiu de transformar la relaci\u00f3 actual amb el pacient i connectar amb la seva salut digitalment. Aix\u00ed ho han anunciat els presidents dels quatre Col\u00b7legis de Farmac\u00e8utics catalans, en el marc [&hellip;]","_links":{"self":[{"href":"https:\/\/www.cofb.org\/es\/wp-json\/wp\/v2\/posts\/55884","targetHints":{"allow":["GET"]}}],"collection":[{"href":"https:\/\/www.cofb.org\/es\/wp-json\/wp\/v2\/posts"}],"about":[{"href":"https:\/\/www.cofb.org\/es\/wp-json\/wp\/v2\/types\/post"}],"author":[{"embeddable":true,"href":"https:\/\/www.cofb.org\/es\/wp-json\/wp\/v2\/users\/1"}],"replies":[{"embeddable":true,"href":"https:\/\/www.cofb.org\/es\/wp-json\/wp\/v2\/comments?post=55884"}],"version-history":[{"count":0,"href":"https:\/\/www.cofb.org\/es\/wp-json\/wp\/v2\/posts\/55884\/revisions"}],"wp:featuredmedia":[{"embeddable":true,"href":"https:\/\/www.cofb.org\/es\/wp-json\/"}],"wp:attachment":[{"href":"https:\/\/www.cofb.org\/es\/wp-json\/wp\/v2\/media?parent=55884"}],"wp:term":[{"taxonomy":"category","embeddable":true,"href":"https:\/\/www.cofb.org\/es\/wp-json\/wp\/v2\/categories?post=55884"},{"taxonomy":"post_tag","embeddable":true,"href":"https:\/\/www.cofb.org\/es\/wp-json\/wp\/v2\/tags?post=55884"}],"curies":[{"name":"wp","href":"https:\/\/api.w.org\/{rel}","templated":true}]}}