{"id":55846,"date":"2021-06-14T18:10:54","date_gmt":"2021-06-14T16:10:54","guid":{"rendered":"https:\/\/blog.cofb.cat\/?p=55846"},"modified":"2021-06-14T18:10:54","modified_gmt":"2021-06-14T16:10:54","slug":"aprofundint-patologies-lextremitat-inferior-solucions-ortesis","status":"publish","type":"post","link":"https:\/\/www.cofb.org\/es\/2021\/06\/14\/aprofundint-patologies-lextremitat-inferior-solucions-ortesis\/","title":{"rendered":"Profundizando en las patolog\u00edas de la extremidad inferior y las soluciones con ortesis"},"content":{"rendered":"<p>El pasado 9 de junio tuvo lugar en el Colegio de Farmac\u00e9uticos de Barcelona (COFB) la formaci\u00f3n <strong>&quot;Patolog\u00edas de la extremidad inferior y soluciones con ortesis&quot;<\/strong> impartida a trav\u00e9s de <strong>metodolog\u00eda h\u00edbrida<\/strong>. Es decir, hab\u00eda personas que se conectaron virtualmente a la sesi\u00f3n y hubo otras que la siguieron presencialmente en la sede del COFB.<\/p>\n<figure id=\"attachment_55935\" aria-describedby=\"caption-attachment-55935\" style=\"width: 620px\" class=\"wp-caption aligncenter\"><img fetchpriority=\"high\" decoding=\"async\" class=\"wp-image-55935 size-large\" title=\"La formaci\u00f3n fue impartida por Antonio Gonz\u00e1lez, diplomado en Fisioterapia (CEU) y Podolog\u00eda (Universidad de Valencia), especialista t\u00e9cnico de producto de Orliman.\" src=\"https:\/\/blog.cofb.cat\/wp-content\/uploads\/2021\/06\/Ortesis-2-1024x575.png\" alt=\"La formaci\u00f3 va estar impartida per Antonio Gonz\u00e1lez, diplomat en Fisioter\u00e0pia (CEU) i Podologia (Universitat de Val\u00e8ncia), especialista t\u00e8cnic de producte d\u2019Orliman.\" width=\"620\" height=\"348\" \/><figcaption id=\"caption-attachment-55935\" class=\"wp-caption-text\">La formaci\u00f3n fue impartida por Antonio Gonz\u00e1lez, diplomado en Fisioterapia (CEU) y Podolog\u00eda (Universidad de Valencia), especialista t\u00e9cnico de producto de Orliman.<\/figcaption><\/figure>\n<p>En la formaci\u00f3n, que corri\u00f3 a cargo de<strong>Antonio Gonz\u00e1lez<\/strong>, diplomado en Fisioterapia (CEU) y Podolog\u00eda (Universidad de Valencia), especialista t\u00e9cnico de producto de Orliman, se profundiz\u00f3 en las <strong>patolog\u00edas principales<\/strong> de rodilla, tobillo y pie; consultas que los farmac\u00e9uticos reciben a menudo en la oficina de farmacia y que es importante conocer c\u00f3mo tratarlas. La sesi\u00f3n, coordinada por <strong>Elena Palau<\/strong>, vocal de Ortopedia del COFB, cont\u00f3 con una<strong> parte pr\u00e1ctica<\/strong> y permiti\u00f3 a los farmac\u00e9uticos saber recomendar y relacionar la ortesis correcta, ser capaces de <strong>tomar tama\u00f1os<\/strong> y <strong>asesorar en las recomendaciones de colocaci\u00f3n<\/strong> y tener las habilidades para reconocer a los <strong>diferentes materiales<\/strong> de cada ortesis.<\/p>\n<p>En relaci\u00f3n con la rodilla, se trataron temas como: esguince, condromalacia, artrosis de rodilla, tendinitis rotuliana e inestabilidad rotuliana. Por otra parte, en relaci\u00f3n con el tobillo\/pie, se habl\u00f3 de: el esguince, la laxitud y la inestabilidad de tobillo, la fascitis plantar, el h\u00e1lux valgo y las lesiones de dedos.<\/p>\n<p><strong><em>A continuaci\u00f3n, ampliamos cuatro de las patolog\u00edas a las que hizo referencia Gonz\u00e1lez, recogiendo sus causas, sus principales s\u00edntomas y las ortesis recomendadas en cada caso.<\/em><\/strong><\/p>\n<h2><strong><span style=\"color: #008080;\">Gonartrosis<\/span><\/strong><\/h2>\n<p>La primera de las patolog\u00edas a las que hizo referencia el ponente fue la <strong>gonartrosis<\/strong>, caracterizada por ser un <strong>proceso cr\u00f3nico articular<\/strong> y el envejecimiento del cart\u00edlago y la superficie articular junto con la degeneraci\u00f3n de los meniscos. El proceso normal de envejecimiento de la articulaci\u00f3n puede acelerarse debido a m\u00faltiples circunstancias como <strong>deformaciones de la rodilla, sobrecarga, enfermedades reum\u00e1ticas<\/strong>\u2026 En cuanto a la sintomatolog\u00eda correspondiente a la gonartrosis, podemos hablar de atrofia muscular, inflamaci\u00f3n, dolor y rigidez articular.<\/p>\n<figure id=\"attachment_55942\" aria-describedby=\"caption-attachment-55942\" style=\"width: 620px\" class=\"wp-caption aligncenter\"><img decoding=\"async\" class=\"wp-image-55942 size-large\" title=\"Antonio Gonz\u00e1lez, mostr\u00f3 durante su intervenci\u00f3n, distintos tipos de ortesis.\" src=\"https:\/\/blog.cofb.cat\/wp-content\/uploads\/2021\/06\/Ortesis-extremitats-inferiors-1024x616.jpg\" alt=\"Antonio Gonz\u00e1lez, va mostrar durant la seva intervenci\u00f3, diferents tipus d'ortesis.\" width=\"620\" height=\"373\" \/><figcaption id=\"caption-attachment-55942\" class=\"wp-caption-text\">Antonio Gonz\u00e1lez, mostr\u00f3 durante su intervenci\u00f3n, distintos tipos de ortesis.<\/figcaption><\/figure>\n<p>En relaci\u00f3n con el tratamiento ort\u00e9tico, Gonz\u00e1lez record\u00f3 que como la artrosis como proceso normal no cuida, el objetivo de las ortesis es <strong>mitigar la sintomatolog\u00eda<\/strong>, y que a la hora de escoger una ortesis hay que tener en cuenta factores como la flexibilidad de la columna, el grado de la artrosis o la morfolog\u00eda muslo-pierna.<\/p>\n<h2><strong><span style=\"color: #008080;\">Esguince de tobillo<\/span><\/strong><\/h2>\n<p>El esguince de tobillo se produce por un <strong>movimiento brusco<\/strong> del retropi\u00e9. La lesi\u00f3n tiene <strong>tres grados<\/strong>: 1) Estiramiento o distensi\u00f3n del ligamento. Se puede andar; 2) Rotura parcial (40-50%) de las fibras. Incapacidad para andar de puntillas; 3) Rotura total del ligamento. No se puede apoyar el pie.<\/p>\n<p>El <strong>grado del esguince<\/strong> determinar\u00e1: los s\u00edntomas, el <strong>grado de incapacidad, dolor e inflamaci\u00f3n<\/strong> y el <strong>plazo de inmovilizaci\u00f3n <\/strong>y<strong> recuperaci\u00f3n<\/strong>. En relaci\u00f3n con el tratamiento, en el<strong>esguince de grado I y II<\/strong>, se aconseja <strong>inmovilizaci\u00f3n funcional con bandajes<\/strong> o con ortesis con sistemas estabilizadores, seg\u00fan el grado del esguince y la limitaci\u00f3n y estabilizaci\u00f3n que se pretenda conseguir. En el<strong>esguince de grado III<\/strong>: inmovilizaci\u00f3n total o intervenci\u00f3n quir\u00fargica.<\/p>\n<p>En cuanto al <strong>tratamiento ort\u00e9tico<\/strong>, Gonz\u00e1lez record\u00f3 que el objetivo de la <strong>tobillera<\/strong> es <strong>aportar estabilidad al tobillo<\/strong>, evitar el movimiento del esguince y evitar reca\u00eddas. Adem\u00e1s, detall\u00f3 que en los <strong>esguinces de grado I<\/strong> algunas de las caracter\u00edsticas de la tobillera son: materiales y cintas el\u00e1sticas, sin materiales r\u00edgidos en la zona de los mal\u00e9olos y que puedan ser utilizadas sin calcetines. En los <strong>esguinces de grado II<\/strong>: materiales y cintas r\u00edgidas y semirr\u00edgidas, con materiales r\u00edgidos en la zona de los mal\u00e9olos y que deben utilizarse siempre con calcetines. En los <strong>esguinces de grado III<\/strong>: inmovilizar el tobillo en posici\u00f3n funcional, estabilizadores r\u00edgidos, suela antideslizante y en mecedora, control flexi\u00f3n\/extensi\u00f3n.<\/p>\n<h2><span style=\"color: #008080;\"><strong>Fractura de pie y tobillo<\/strong><\/span><\/h2>\n<p>La <strong>sintomatolog\u00eda caracter\u00edstica<\/strong> es el dolor, la inflamaci\u00f3n, el hematoma y la incapacidad funcional. En cuanto al <strong>tratamiento<\/strong>, Gonz\u00e1lez se refiri\u00f3 a la <strong>inmovilizaci\u00f3n completa del pie y el tobillo<\/strong>, la <strong>compresi\u00f3n<\/strong> para reducir el<strong>edema<\/strong> (acumulaci\u00f3n de l\u00edquido) y, despu\u00e9s del per\u00edodo pautado, empezar <strong>carga parcial<\/strong>. Durante el <strong>tratamiento rehabilitador<\/strong>, hizo hincapi\u00e9 en las <strong>ortesis estabilizadoras<\/strong> para controlar el rango articular.<\/p>\n<h2><span style=\"color: #008080;\"><strong>Lesiones musculares<\/strong><\/span><\/h2>\n<p>Gonz\u00e1lez expuso que las <strong>lesiones musculares son muy frecuentes<\/strong>, principalmente, en el<strong>\u00e1mbito deportivo<\/strong> y que representan el <strong>30% de las lesiones totales<\/strong>. Se producen con mayor frecuencia en los m\u00fasculos biarticulares (cu\u00e1driceps, isquiotibiales, aductores y gemelos). La lesi\u00f3n puede ser del tipo: contractura, micro rotura fibrilar, rotura fibrilar y rotura muscular.<\/p>\n<figure id=\"attachment_55936\" aria-describedby=\"caption-attachment-55936\" style=\"width: 620px\" class=\"wp-caption aligncenter\"><img decoding=\"async\" class=\"wp-image-55936 size-large\" title=\"Gonz\u00e1lez se refiri\u00f3 a las lesiones musculares, muy frecuentes, principalmente, en el \u00e1mbito deportivo.\" src=\"https:\/\/blog.cofb.cat\/wp-content\/uploads\/2021\/06\/Lesi\u00f3-muscular-1024x620.png\" alt=\"Gonz\u00e1lez va referir-se a les lesions musculars, molt freq\u00fcents, principalment, en l'\u00e0mbit esportiu.\" width=\"620\" height=\"375\" \/><figcaption id=\"caption-attachment-55936\" class=\"wp-caption-text\">Gonz\u00e1lez se refiri\u00f3 a las lesiones musculares, muy frecuentes, principalmente, en el \u00e1mbito deportivo.<\/figcaption><\/figure>\n<p>Tal y como expuso Gonz\u00e1lez, si la <strong>lesi\u00f3n muscular<\/strong> se produce durante la <strong>pr\u00e1ctica deportiva<\/strong>, la sensaci\u00f3n es de golpe, pinchazo o pedrada, y la sintomatolog\u00eda aparece entre las <strong>primeras 12 y 24 horas<\/strong> despu\u00e9s de la lesi\u00f3n. Los <strong>s\u00edntomas principales<\/strong> var\u00edan en funci\u00f3n de la gravedad de la lesi\u00f3n: dolor, aumento de la temperatura local, hematoma, edema, deformidad muscular, impotencia funcional (casos m\u00e1s severos), tumefacci\u00f3n. En relaci\u00f3n con el <strong>tratamiento ort\u00e9sico<\/strong>, el especialista de Orliman detall\u00f3 que sus objetivos principales son la compresi\u00f3n y contenci\u00f3n de la zona, disminuir la vibraci\u00f3n y contracci\u00f3n muscular y favorecer la movilizaci\u00f3n y la funcionalidad precoz.<\/p>\n<p>&nbsp;<\/p>\n<p style=\"text-align: right;\"><strong>Con el patrocinio de:<\/strong><\/p>\n<p style=\"text-align: right;\"><a href=\"https:\/\/www.actiusbyorliman.com\/\" target=\"_blank\" rel=\"noopener\"><img loading=\"lazy\" decoding=\"async\" class=\"wp-image-55852 alignright\" src=\"https:\/\/blog.cofb.cat\/wp-content\/uploads\/2021\/06\/actius-by-orliman.png\" alt=\"\" width=\"143\" height=\"70\" \/><\/a><\/p>\n<p>&nbsp;<\/p>\n<p><strong>Otras publicaciones de inter\u00e9s:<\/strong><\/p>\n<ul>\n<li><a href=\"https:\/\/blog.cofb.cat\/mes-140-inscrits-formacio-sobre-solucions-ortesis-patologies-lextremitat-superior\/\" target=\"_blank\" rel=\"noopener\">M\u00e1s de 140 inscritos en la formaci\u00f3n sobre soluciones con ortesis en patolog\u00edas de la extremidad superior (Mayo 2021)<\/a><\/li>\n<li><a href=\"https:\/\/blog.cofb.cat\/actualitzacio-ortopedia-basica-ambit-moltes-possibilitats-loficina-farmacia\/\" target=\"_blank\" rel=\"noopener\">Actualizaci\u00f3n en ortopedia b\u00e1sica: Un \u00e1mbito con muchas posibilidades para la oficina de farmacia (Noviembre 2019)<\/a><\/li>\n<\/ul>","protected":false},"excerpt":{"rendered":"<p>El pasado 9 de junio tuvo lugar en el Colegio de Farmac\u00e9uticos de Barcelona (COFB) la formaci\u00f3n &quot;Patolog\u00edas de la extremidad inferior y soluciones con ortesis&quot; impartida a trav\u00e9s de metodolog\u00eda h\u00edbrida. Es decir, hab\u00eda personas que se conectaron virtualmente a la sesi\u00f3n y hubo otras [...]<\/p>","protected":false},"author":1,"featured_media":55942,"comment_status":"open","ping_status":"open","sticky":false,"template":"","format":"standard","meta":{"_uag_custom_page_level_css":"","site-sidebar-layout":"default","site-content-layout":"","ast-site-content-layout":"default","site-content-style":"default","site-sidebar-style":"default","ast-global-header-display":"","ast-banner-title-visibility":"","ast-main-header-display":"","ast-hfb-above-header-display":"","ast-hfb-below-header-display":"","ast-hfb-mobile-header-display":"","site-post-title":"","ast-breadcrumbs-content":"","ast-featured-img":"disabled","footer-sml-layout":"","theme-transparent-header-meta":"","adv-header-id-meta":"","stick-header-meta":"","header-above-stick-meta":"","header-main-stick-meta":"","header-below-stick-meta":"","astra-migrate-meta-layouts":"default","ast-page-background-enabled":"default","ast-page-background-meta":{"desktop":{"background-color":"var(--ast-global-color-4)","background-image":"","background-repeat":"repeat","background-position":"center center","background-size":"auto","background-attachment":"scroll","background-type":"","background-media":"","overlay-type":"","overlay-color":"","overlay-opacity":"","overlay-gradient":""},"tablet":{"background-color":"","background-image":"","background-repeat":"repeat","background-position":"center center","background-size":"auto","background-attachment":"scroll","background-type":"","background-media":"","overlay-type":"","overlay-color":"","overlay-opacity":"","overlay-gradient":""},"mobile":{"background-color":"","background-image":"","background-repeat":"repeat","background-position":"center center","background-size":"auto","background-attachment":"scroll","background-type":"","background-media":"","overlay-type":"","overlay-color":"","overlay-opacity":"","overlay-gradient":""}},"ast-content-background-meta":{"desktop":{"background-color":"var(--ast-global-color-5)","background-image":"","background-repeat":"repeat","background-position":"center center","background-size":"auto","background-attachment":"scroll","background-type":"","background-media":"","overlay-type":"","overlay-color":"","overlay-opacity":"","overlay-gradient":""},"tablet":{"background-color":"var(--ast-global-color-5)","background-image":"","background-repeat":"repeat","background-position":"center center","background-size":"auto","background-attachment":"scroll","background-type":"","background-media":"","overlay-type":"","overlay-color":"","overlay-opacity":"","overlay-gradient":""},"mobile":{"background-color":"var(--ast-global-color-5)","background-image":"","background-repeat":"repeat","background-position":"center center","background-size":"auto","background-attachment":"scroll","background-type":"","background-media":"","overlay-type":"","overlay-color":"","overlay-opacity":"","overlay-gradient":""}},"footnotes":""},"categories":[23,57],"tags":[18,19,4597,4598,4599,24,68,69,70,300,4600,4601,4602,76,4559,103,637,4603],"class_list":["post-55846","post","type-post","status-publish","format-standard","has-post-thumbnail","hentry","category-destacats","category-mon-collegial","tag-cofb","tag-collegi-de-farmaceutics-de-barcelona","tag-esquic","tag-extremitats-inferiors","tag-extremitats-superiors","tag-farmaceutics-comunitaris","tag-farmacia","tag-farmacia-comunitaria","tag-formacio","tag-formacio-continuada","tag-fractura","tag-gonartrosi","tag-gonoartrosi","tag-oficina-de-farmacia","tag-ortesi","tag-ortopedia","tag-programa-de-formacio-continuada","tag-solucions-amb-ortesis"],"yoast_head":"<!-- This site is optimized with the Yoast SEO plugin v22.4 - https:\/\/yoast.com\/wordpress\/plugins\/seo\/ -->\n<title>Aprofundint en les patologies de l&#039;extremitat inferior i les solucions amb ortesis - Col\u00b7legi de Farmac\u00e8utics de Barcelona<\/title>\n<meta name=\"description\" content=\"El passat 9 de juny va tenir lloc al Col\u00b7legi de Farmac\u00e8utics de Barcelona (COFB) la formaci\u00f3 &quot;Patologies de l&#039;extremitat inferior i solucions amb ortesis&quot; impartida a trav\u00e9s de metodologia h\u00edbrida.\" \/>\n<meta name=\"robots\" content=\"index, follow, max-snippet:-1, max-image-preview:large, max-video-preview:-1\" \/>\n<link rel=\"canonical\" href=\"https:\/\/novaorg.cofb.net\/2021\/06\/14\/aprofundint-patologies-lextremitat-inferior-solucions-ortesis\/\" \/>\n<meta property=\"og:locale\" content=\"es_ES\" \/>\n<meta property=\"og:type\" content=\"article\" \/>\n<meta property=\"og:title\" content=\"Aprofundint en les patologies de l&#039;extremitat inferior i les solucions amb ortesis - Col\u00b7legi de Farmac\u00e8utics de Barcelona\" \/>\n<meta property=\"og:description\" content=\"El passat 9 de juny va tenir lloc al Col\u00b7legi de Farmac\u00e8utics de Barcelona (COFB) la formaci\u00f3 &quot;Patologies de l&#039;extremitat inferior i solucions amb ortesis&quot; impartida a trav\u00e9s de metodologia h\u00edbrida.\" \/>\n<meta property=\"og:url\" content=\"https:\/\/novaorg.cofb.net\/2021\/06\/14\/aprofundint-patologies-lextremitat-inferior-solucions-ortesis\/\" \/>\n<meta property=\"og:site_name\" content=\"Col\u00b7legi de Farmac\u00e8utics de Barcelona\" \/>\n<meta property=\"article:publisher\" content=\"https:\/\/www.facebook.com\/farmaceuticsbcn\/\" \/>\n<meta property=\"article:published_time\" content=\"2021-06-14T16:10:54+00:00\" \/>\n<meta name=\"author\" content=\"wpAdminCofbOrg\" \/>\n<meta name=\"twitter:card\" content=\"summary_large_image\" \/>\n<meta name=\"twitter:creator\" content=\"@farmaceuticsbcn\" \/>\n<meta name=\"twitter:site\" content=\"@farmaceuticsbcn\" \/>\n<meta name=\"twitter:label1\" content=\"Escrito por\" \/>\n\t<meta name=\"twitter:data1\" content=\"wpAdminCofbOrg\" \/>\n\t<meta name=\"twitter:label2\" content=\"Tiempo de lectura\" \/>\n\t<meta name=\"twitter:data2\" content=\"5 minutos\" \/>\n<script type=\"application\/ld+json\" class=\"yoast-schema-graph\">{\"@context\":\"https:\/\/schema.org\",\"@graph\":[{\"@type\":\"Article\",\"@id\":\"https:\/\/novaorg.cofb.net\/2021\/06\/14\/aprofundint-patologies-lextremitat-inferior-solucions-ortesis\/#article\",\"isPartOf\":{\"@id\":\"https:\/\/novaorg.cofb.net\/2021\/06\/14\/aprofundint-patologies-lextremitat-inferior-solucions-ortesis\/\"},\"author\":{\"name\":\"wpAdminCofbOrg\",\"@id\":\"https:\/\/www.cofb.org\/#\/schema\/person\/22ed7eea88da74b0fa4d3154ad87ffcb\"},\"headline\":\"Aprofundint en les patologies de l&#8217;extremitat inferior i les solucions amb ortesis\",\"datePublished\":\"2021-06-14T16:10:54+00:00\",\"dateModified\":\"2021-06-14T16:10:54+00:00\",\"mainEntityOfPage\":{\"@id\":\"https:\/\/novaorg.cofb.net\/2021\/06\/14\/aprofundint-patologies-lextremitat-inferior-solucions-ortesis\/\"},\"wordCount\":1075,\"commentCount\":0,\"publisher\":{\"@id\":\"https:\/\/www.cofb.org\/#organization\"},\"image\":{\"@id\":\"https:\/\/novaorg.cofb.net\/2021\/06\/14\/aprofundint-patologies-lextremitat-inferior-solucions-ortesis\/#primaryimage\"},\"thumbnailUrl\":\"\",\"keywords\":[\"COFB\",\"Col\u00b7legi de Farmac\u00e8utics de Barcelona\",\"esqui\u00e7\",\"extremitats inferiors\",\"extremitats superiors\",\"farmac\u00e8utics comunitaris\",\"Farm\u00e0cia\",\"farm\u00e0cia comunit\u00e0ria\",\"Formaci\u00f3\",\"formaci\u00f3 continuada\",\"fractura\",\"gonartrosi\",\"gonoartrosi\",\"Oficina de farm\u00e0cia\",\"ortesi\",\"Ortop\u00e8dia\",\"programa de formaci\u00f3 continuada\",\"solucions amb ortesis\"],\"articleSection\":[\"Destacats\",\"M\u00f3n col\u00b7legial\"],\"inLanguage\":\"es\",\"potentialAction\":[{\"@type\":\"CommentAction\",\"name\":\"Comment\",\"target\":[\"https:\/\/novaorg.cofb.net\/2021\/06\/14\/aprofundint-patologies-lextremitat-inferior-solucions-ortesis\/#respond\"]}]},{\"@type\":\"WebPage\",\"@id\":\"https:\/\/novaorg.cofb.net\/2021\/06\/14\/aprofundint-patologies-lextremitat-inferior-solucions-ortesis\/\",\"url\":\"https:\/\/novaorg.cofb.net\/2021\/06\/14\/aprofundint-patologies-lextremitat-inferior-solucions-ortesis\/\",\"name\":\"Aprofundint en les patologies de l'extremitat inferior i les solucions amb ortesis - Col\u00b7legi de Farmac\u00e8utics de Barcelona\",\"isPartOf\":{\"@id\":\"https:\/\/www.cofb.org\/#website\"},\"primaryImageOfPage\":{\"@id\":\"https:\/\/novaorg.cofb.net\/2021\/06\/14\/aprofundint-patologies-lextremitat-inferior-solucions-ortesis\/#primaryimage\"},\"image\":{\"@id\":\"https:\/\/novaorg.cofb.net\/2021\/06\/14\/aprofundint-patologies-lextremitat-inferior-solucions-ortesis\/#primaryimage\"},\"thumbnailUrl\":\"\",\"datePublished\":\"2021-06-14T16:10:54+00:00\",\"dateModified\":\"2021-06-14T16:10:54+00:00\",\"description\":\"El passat 9 de juny va tenir lloc al Col\u00b7legi de Farmac\u00e8utics de Barcelona (COFB) la formaci\u00f3 \\\"Patologies de l'extremitat inferior i solucions amb ortesis\\\" impartida a trav\u00e9s de metodologia h\u00edbrida.\",\"breadcrumb\":{\"@id\":\"https:\/\/novaorg.cofb.net\/2021\/06\/14\/aprofundint-patologies-lextremitat-inferior-solucions-ortesis\/#breadcrumb\"},\"inLanguage\":\"es\",\"potentialAction\":[{\"@type\":\"ReadAction\",\"target\":[\"https:\/\/novaorg.cofb.net\/2021\/06\/14\/aprofundint-patologies-lextremitat-inferior-solucions-ortesis\/\"]}]},{\"@type\":\"ImageObject\",\"inLanguage\":\"es\",\"@id\":\"https:\/\/novaorg.cofb.net\/2021\/06\/14\/aprofundint-patologies-lextremitat-inferior-solucions-ortesis\/#primaryimage\",\"url\":\"\",\"contentUrl\":\"\"},{\"@type\":\"BreadcrumbList\",\"@id\":\"https:\/\/novaorg.cofb.net\/2021\/06\/14\/aprofundint-patologies-lextremitat-inferior-solucions-ortesis\/#breadcrumb\",\"itemListElement\":[{\"@type\":\"ListItem\",\"position\":1,\"name\":\"Inici\",\"item\":\"https:\/\/novaorg.cofb.net\/\"},{\"@type\":\"ListItem\",\"position\":2,\"name\":\"Aprofundint en les patologies de l&#8217;extremitat inferior i les solucions amb ortesis\"}]},{\"@type\":\"WebSite\",\"@id\":\"https:\/\/www.cofb.org\/#website\",\"url\":\"https:\/\/www.cofb.org\/\",\"name\":\"Col\u00b7legi de Farmac\u00e8utics de Barcelona\",\"description\":\"\",\"publisher\":{\"@id\":\"https:\/\/www.cofb.org\/#organization\"},\"potentialAction\":[{\"@type\":\"SearchAction\",\"target\":{\"@type\":\"EntryPoint\",\"urlTemplate\":\"https:\/\/www.cofb.org\/?s={search_term_string}\"},\"query-input\":\"required name=search_term_string\"}],\"inLanguage\":\"es\"},{\"@type\":\"Organization\",\"@id\":\"https:\/\/www.cofb.org\/#organization\",\"name\":\"Col\u00b7legi de Farmac\u00e8utics de Barcelona\",\"url\":\"https:\/\/www.cofb.org\/\",\"logo\":{\"@type\":\"ImageObject\",\"inLanguage\":\"es\",\"@id\":\"https:\/\/www.cofb.org\/#\/schema\/logo\/image\/\",\"url\":\"https:\/\/www.cofb.org\/wp-content\/uploads\/2023\/11\/cropped-Logotip-COFB.png\",\"contentUrl\":\"https:\/\/www.cofb.org\/wp-content\/uploads\/2023\/11\/cropped-Logotip-COFB.png\",\"width\":500,\"height\":105,\"caption\":\"Col\u00b7legi de Farmac\u00e8utics de Barcelona\"},\"image\":{\"@id\":\"https:\/\/www.cofb.org\/#\/schema\/logo\/image\/\"},\"sameAs\":[\"https:\/\/www.facebook.com\/farmaceuticsbcn\/\",\"https:\/\/twitter.com\/farmaceuticsbcn\",\"https:\/\/www.instagram.com\/farmaceuticsbcn\/\",\"https:\/\/www.linkedin.com\/company\/farmaceuticsbcn\/\"]},{\"@type\":\"Person\",\"@id\":\"https:\/\/www.cofb.org\/#\/schema\/person\/22ed7eea88da74b0fa4d3154ad87ffcb\",\"name\":\"wpAdminCofbOrg\",\"image\":{\"@type\":\"ImageObject\",\"inLanguage\":\"es\",\"@id\":\"https:\/\/www.cofb.org\/#\/schema\/person\/image\/\",\"url\":\"https:\/\/secure.gravatar.com\/avatar\/1721b20b3b8ca882c3b56ec6c978c594fff670e40c0718e9190eaeeb76aae7d8?s=96&d=mm&r=g\",\"contentUrl\":\"https:\/\/secure.gravatar.com\/avatar\/1721b20b3b8ca882c3b56ec6c978c594fff670e40c0718e9190eaeeb76aae7d8?s=96&d=mm&r=g\",\"caption\":\"wpAdminCofbOrg\"},\"sameAs\":[\"http:\/\/192.168.64.122\/wordpress\"],\"url\":\"https:\/\/www.cofb.org\/es\/author\/wpadmincofborg\/\"}]}<\/script>\n<!-- \/ Yoast SEO plugin. -->","yoast_head_json":{"title":"Aprofundint en les patologies de l'extremitat inferior i les solucions amb ortesis - Col\u00b7legi de Farmac\u00e8utics de Barcelona","description":"El passat 9 de juny va tenir lloc al Col\u00b7legi de Farmac\u00e8utics de Barcelona (COFB) la formaci\u00f3 \"Patologies de l'extremitat inferior i solucions amb ortesis\" impartida a trav\u00e9s de metodologia h\u00edbrida.","robots":{"index":"index","follow":"follow","max-snippet":"max-snippet:-1","max-image-preview":"max-image-preview:large","max-video-preview":"max-video-preview:-1"},"canonical":"https:\/\/novaorg.cofb.net\/2021\/06\/14\/aprofundint-patologies-lextremitat-inferior-solucions-ortesis\/","og_locale":"es_ES","og_type":"article","og_title":"Aprofundint en les patologies de l'extremitat inferior i les solucions amb ortesis - Col\u00b7legi de Farmac\u00e8utics de Barcelona","og_description":"El passat 9 de juny va tenir lloc al Col\u00b7legi de Farmac\u00e8utics de Barcelona (COFB) la formaci\u00f3 \"Patologies de l'extremitat inferior i solucions amb ortesis\" impartida a trav\u00e9s de metodologia h\u00edbrida.","og_url":"https:\/\/novaorg.cofb.net\/2021\/06\/14\/aprofundint-patologies-lextremitat-inferior-solucions-ortesis\/","og_site_name":"Col\u00b7legi de Farmac\u00e8utics de Barcelona","article_publisher":"https:\/\/www.facebook.com\/farmaceuticsbcn\/","article_published_time":"2021-06-14T16:10:54+00:00","author":"wpAdminCofbOrg","twitter_card":"summary_large_image","twitter_creator":"@farmaceuticsbcn","twitter_site":"@farmaceuticsbcn","twitter_misc":{"Escrito por":"wpAdminCofbOrg","Tiempo de lectura":"5 minutos"},"schema":{"@context":"https:\/\/schema.org","@graph":[{"@type":"Article","@id":"https:\/\/novaorg.cofb.net\/2021\/06\/14\/aprofundint-patologies-lextremitat-inferior-solucions-ortesis\/#article","isPartOf":{"@id":"https:\/\/novaorg.cofb.net\/2021\/06\/14\/aprofundint-patologies-lextremitat-inferior-solucions-ortesis\/"},"author":{"name":"wpAdminCofbOrg","@id":"https:\/\/www.cofb.org\/#\/schema\/person\/22ed7eea88da74b0fa4d3154ad87ffcb"},"headline":"Aprofundint en les patologies de l&#8217;extremitat inferior i les solucions amb ortesis","datePublished":"2021-06-14T16:10:54+00:00","dateModified":"2021-06-14T16:10:54+00:00","mainEntityOfPage":{"@id":"https:\/\/novaorg.cofb.net\/2021\/06\/14\/aprofundint-patologies-lextremitat-inferior-solucions-ortesis\/"},"wordCount":1075,"commentCount":0,"publisher":{"@id":"https:\/\/www.cofb.org\/#organization"},"image":{"@id":"https:\/\/novaorg.cofb.net\/2021\/06\/14\/aprofundint-patologies-lextremitat-inferior-solucions-ortesis\/#primaryimage"},"thumbnailUrl":"","keywords":["COFB","Col\u00b7legi de Farmac\u00e8utics de Barcelona","esqui\u00e7","extremitats inferiors","extremitats superiors","farmac\u00e8utics comunitaris","Farm\u00e0cia","farm\u00e0cia comunit\u00e0ria","Formaci\u00f3","formaci\u00f3 continuada","fractura","gonartrosi","gonoartrosi","Oficina de farm\u00e0cia","ortesi","Ortop\u00e8dia","programa de formaci\u00f3 continuada","solucions amb ortesis"],"articleSection":["Destacats","M\u00f3n col\u00b7legial"],"inLanguage":"es","potentialAction":[{"@type":"CommentAction","name":"Comment","target":["https:\/\/novaorg.cofb.net\/2021\/06\/14\/aprofundint-patologies-lextremitat-inferior-solucions-ortesis\/#respond"]}]},{"@type":"WebPage","@id":"https:\/\/novaorg.cofb.net\/2021\/06\/14\/aprofundint-patologies-lextremitat-inferior-solucions-ortesis\/","url":"https:\/\/novaorg.cofb.net\/2021\/06\/14\/aprofundint-patologies-lextremitat-inferior-solucions-ortesis\/","name":"Aprofundint en les patologies de l'extremitat inferior i les solucions amb ortesis - Col\u00b7legi de Farmac\u00e8utics de Barcelona","isPartOf":{"@id":"https:\/\/www.cofb.org\/#website"},"primaryImageOfPage":{"@id":"https:\/\/novaorg.cofb.net\/2021\/06\/14\/aprofundint-patologies-lextremitat-inferior-solucions-ortesis\/#primaryimage"},"image":{"@id":"https:\/\/novaorg.cofb.net\/2021\/06\/14\/aprofundint-patologies-lextremitat-inferior-solucions-ortesis\/#primaryimage"},"thumbnailUrl":"","datePublished":"2021-06-14T16:10:54+00:00","dateModified":"2021-06-14T16:10:54+00:00","description":"El passat 9 de juny va tenir lloc al Col\u00b7legi de Farmac\u00e8utics de Barcelona (COFB) la formaci\u00f3 \"Patologies de l'extremitat inferior i solucions amb ortesis\" impartida a trav\u00e9s de metodologia h\u00edbrida.","breadcrumb":{"@id":"https:\/\/novaorg.cofb.net\/2021\/06\/14\/aprofundint-patologies-lextremitat-inferior-solucions-ortesis\/#breadcrumb"},"inLanguage":"es","potentialAction":[{"@type":"ReadAction","target":["https:\/\/novaorg.cofb.net\/2021\/06\/14\/aprofundint-patologies-lextremitat-inferior-solucions-ortesis\/"]}]},{"@type":"ImageObject","inLanguage":"es","@id":"https:\/\/novaorg.cofb.net\/2021\/06\/14\/aprofundint-patologies-lextremitat-inferior-solucions-ortesis\/#primaryimage","url":"","contentUrl":""},{"@type":"BreadcrumbList","@id":"https:\/\/novaorg.cofb.net\/2021\/06\/14\/aprofundint-patologies-lextremitat-inferior-solucions-ortesis\/#breadcrumb","itemListElement":[{"@type":"ListItem","position":1,"name":"Inici","item":"https:\/\/novaorg.cofb.net\/"},{"@type":"ListItem","position":2,"name":"Aprofundint en les patologies de l&#8217;extremitat inferior i les solucions amb ortesis"}]},{"@type":"WebSite","@id":"https:\/\/www.cofb.org\/#website","url":"https:\/\/www.cofb.org\/","name":"Col\u00b7legi de Farmac\u00e8utics de Barcelona","description":"","publisher":{"@id":"https:\/\/www.cofb.org\/#organization"},"potentialAction":[{"@type":"SearchAction","target":{"@type":"EntryPoint","urlTemplate":"https:\/\/www.cofb.org\/?s={search_term_string}"},"query-input":"required name=search_term_string"}],"inLanguage":"es"},{"@type":"Organization","@id":"https:\/\/www.cofb.org\/#organization","name":"Col\u00b7legi de Farmac\u00e8utics de Barcelona","url":"https:\/\/www.cofb.org\/","logo":{"@type":"ImageObject","inLanguage":"es","@id":"https:\/\/www.cofb.org\/#\/schema\/logo\/image\/","url":"https:\/\/www.cofb.org\/wp-content\/uploads\/2023\/11\/cropped-Logotip-COFB.png","contentUrl":"https:\/\/www.cofb.org\/wp-content\/uploads\/2023\/11\/cropped-Logotip-COFB.png","width":500,"height":105,"caption":"Col\u00b7legi de Farmac\u00e8utics de Barcelona"},"image":{"@id":"https:\/\/www.cofb.org\/#\/schema\/logo\/image\/"},"sameAs":["https:\/\/www.facebook.com\/farmaceuticsbcn\/","https:\/\/twitter.com\/farmaceuticsbcn","https:\/\/www.instagram.com\/farmaceuticsbcn\/","https:\/\/www.linkedin.com\/company\/farmaceuticsbcn\/"]},{"@type":"Person","@id":"https:\/\/www.cofb.org\/#\/schema\/person\/22ed7eea88da74b0fa4d3154ad87ffcb","name":"wpAdminCofbOrg","image":{"@type":"ImageObject","inLanguage":"es","@id":"https:\/\/www.cofb.org\/#\/schema\/person\/image\/","url":"https:\/\/secure.gravatar.com\/avatar\/1721b20b3b8ca882c3b56ec6c978c594fff670e40c0718e9190eaeeb76aae7d8?s=96&d=mm&r=g","contentUrl":"https:\/\/secure.gravatar.com\/avatar\/1721b20b3b8ca882c3b56ec6c978c594fff670e40c0718e9190eaeeb76aae7d8?s=96&d=mm&r=g","caption":"wpAdminCofbOrg"},"sameAs":["http:\/\/192.168.64.122\/wordpress"],"url":"https:\/\/www.cofb.org\/es\/author\/wpadmincofborg\/"}]}},"uagb_featured_image_src":{"full":false,"thumbnail":false,"medium":false,"medium_large":false,"large":false,"1536x1536":false,"2048x2048":false,"trp-custom-language-flag":false},"uagb_author_info":{"display_name":"wpAdminCofbOrg","author_link":"https:\/\/www.cofb.org\/es\/author\/wpadmincofborg\/"},"uagb_comment_info":0,"uagb_excerpt":"El passat 9 de juny va tenir lloc al Col\u00b7legi de Farmac\u00e8utics de Barcelona (COFB) la formaci\u00f3 &#8220;Patologies de l&#8217;extremitat inferior i solucions amb ortesis&#8221; impartida a trav\u00e9s de metodologia h\u00edbrida. \u00c9s a dir, hi havia persones que van connectar-se virtualment a la sessi\u00f3 i n&#8217;hi va haver d&#8217;altres que [&hellip;]","_links":{"self":[{"href":"https:\/\/www.cofb.org\/es\/wp-json\/wp\/v2\/posts\/55846","targetHints":{"allow":["GET"]}}],"collection":[{"href":"https:\/\/www.cofb.org\/es\/wp-json\/wp\/v2\/posts"}],"about":[{"href":"https:\/\/www.cofb.org\/es\/wp-json\/wp\/v2\/types\/post"}],"author":[{"embeddable":true,"href":"https:\/\/www.cofb.org\/es\/wp-json\/wp\/v2\/users\/1"}],"replies":[{"embeddable":true,"href":"https:\/\/www.cofb.org\/es\/wp-json\/wp\/v2\/comments?post=55846"}],"version-history":[{"count":0,"href":"https:\/\/www.cofb.org\/es\/wp-json\/wp\/v2\/posts\/55846\/revisions"}],"wp:featuredmedia":[{"embeddable":true,"href":"https:\/\/www.cofb.org\/es\/wp-json\/"}],"wp:attachment":[{"href":"https:\/\/www.cofb.org\/es\/wp-json\/wp\/v2\/media?parent=55846"}],"wp:term":[{"taxonomy":"category","embeddable":true,"href":"https:\/\/www.cofb.org\/es\/wp-json\/wp\/v2\/categories?post=55846"},{"taxonomy":"post_tag","embeddable":true,"href":"https:\/\/www.cofb.org\/es\/wp-json\/wp\/v2\/tags?post=55846"}],"curies":[{"name":"wp","href":"https:\/\/api.w.org\/{rel}","templated":true}]}}