{"id":5581,"date":"2014-03-06T13:21:31","date_gmt":"2014-03-06T12:21:31","guid":{"rendered":"http:\/\/blog.cofb.cat\/?p=5581"},"modified":"2014-03-06T13:21:31","modified_gmt":"2014-03-06T12:21:31","slug":"les-farmacies-catalanes-no-han-cobrat-la-factura-del-gener","status":"publish","type":"post","link":"https:\/\/www.cofb.org\/es\/2014\/03\/06\/les-farmacies-catalanes-no-han-cobrat-la-factura-del-gener\/","title":{"rendered":"Las farmacias catalanas no han cobrado la factura de enero"},"content":{"rendered":"<p>La Administraci\u00f3n deber\u00eda haber pagado a fecha 5 de marzo la factura del mes de enero a las farmacias catalanas seg\u00fan el Concierto vigente con el CatSalut pero <strong>no ha efectuado este pago<\/strong>. Son 116,9 millones de euros que se suman a 112 millones de euros pendientes de la factura de diciembre. Por tanto,\u00a0<strong>la deuda total asciende a 228,9 millones de euros<\/strong>.<\/p>\n<p>De acuerdo con las previsiones de la Generalitat, hasta el pr\u00f3ximo 30 de abril los farmac\u00e9uticos no cobrar\u00e1n los medicamentos que dispensaron durante el mes de enero, es decir, los cobrar\u00e1n con 55 d\u00edas de retraso y con una media de unos tres meses despu\u00e9s de haberlos dispensado.<\/p>","protected":false},"excerpt":{"rendered":"<p>La Administraci\u00f3n deber\u00eda haber pagado a fecha 5 de marzo la factura del mes de enero a las farmacias catalanas seg\u00fan el Concierto vigente con el CatSalut, pero no ha efectuado este pago. Son 116,9 millones de euros que se suman a 112 millones de euros pendientes de la factura de diciembre. Por [\u2026]<\/p>","protected":false},"author":1,"featured_media":965,"comment_status":"open","ping_status":"open","sticky":false,"template":"","format":"standard","meta":{"_uag_custom_page_level_css":"","site-sidebar-layout":"default","site-content-layout":"","ast-site-content-layout":"default","site-content-style":"default","site-sidebar-style":"default","ast-global-header-display":"","ast-banner-title-visibility":"","ast-main-header-display":"","ast-hfb-above-header-display":"","ast-hfb-below-header-display":"","ast-hfb-mobile-header-display":"","site-post-title":"","ast-breadcrumbs-content":"","ast-featured-img":"disabled","footer-sml-layout":"","theme-transparent-header-meta":"","adv-header-id-meta":"","stick-header-meta":"","header-above-stick-meta":"","header-main-stick-meta":"","header-below-stick-meta":"","astra-migrate-meta-layouts":"default","ast-page-background-enabled":"default","ast-page-background-meta":{"desktop":{"background-color":"var(--ast-global-color-4)","background-image":"","background-repeat":"repeat","background-position":"center center","background-size":"auto","background-attachment":"scroll","background-type":"","background-media":"","overlay-type":"","overlay-color":"","overlay-opacity":"","overlay-gradient":""},"tablet":{"background-color":"","background-image":"","background-repeat":"repeat","background-position":"center center","background-size":"auto","background-attachment":"scroll","background-type":"","background-media":"","overlay-type":"","overlay-color":"","overlay-opacity":"","overlay-gradient":""},"mobile":{"background-color":"","background-image":"","background-repeat":"repeat","background-position":"center center","background-size":"auto","background-attachment":"scroll","background-type":"","background-media":"","overlay-type":"","overlay-color":"","overlay-opacity":"","overlay-gradient":""}},"ast-content-background-meta":{"desktop":{"background-color":"var(--ast-global-color-5)","background-image":"","background-repeat":"repeat","background-position":"center center","background-size":"auto","background-attachment":"scroll","background-type":"","background-media":"","overlay-type":"","overlay-color":"","overlay-opacity":"","overlay-gradient":""},"tablet":{"background-color":"var(--ast-global-color-5)","background-image":"","background-repeat":"repeat","background-position":"center center","background-size":"auto","background-attachment":"scroll","background-type":"","background-media":"","overlay-type":"","overlay-color":"","overlay-opacity":"","overlay-gradient":""},"mobile":{"background-color":"var(--ast-global-color-5)","background-image":"","background-repeat":"repeat","background-position":"center center","background-size":"auto","background-attachment":"scroll","background-type":"","background-media":"","overlay-type":"","overlay-color":"","overlay-opacity":"","overlay-gradient":""}},"footnotes":""},"categories":[32],"tags":[2133,76],"class_list":["post-5581","post","type-post","status-publish","format-standard","has-post-thumbnail","hentry","category-noticies-farmacia","tag-impagaments","tag-oficina-de-farmacia"],"yoast_head":"<!-- This site is optimized with the Yoast SEO plugin v22.4 - https:\/\/yoast.com\/wordpress\/plugins\/seo\/ -->\n<title>Les farm\u00e0cies catalanes no han cobrat la factura del gener - Col\u00b7legi de Farmac\u00e8utics de Barcelona<\/title>\n<meta name=\"robots\" content=\"index, follow, max-snippet:-1, max-image-preview:large, max-video-preview:-1\" \/>\n<link rel=\"canonical\" href=\"https:\/\/novaorg.cofb.net\/2014\/03\/06\/les-farmacies-catalanes-no-han-cobrat-la-factura-del-gener\/\" \/>\n<meta property=\"og:locale\" content=\"es_ES\" \/>\n<meta property=\"og:type\" content=\"article\" \/>\n<meta property=\"og:title\" content=\"Les farm\u00e0cies catalanes no han cobrat la factura del gener - Col\u00b7legi de Farmac\u00e8utics de Barcelona\" \/>\n<meta property=\"og:description\" content=\"L\u2019Administraci\u00f3 hauria d&#8217;haver pagat a data 5 de mar\u00e7 la factura del mes de gener a les farm\u00e0cies catalanes segons el Concert vigent amb el CatSalut per\u00f2 no ha efectuat aquest pagament. S\u00f3n 116,9 milions d\u2019euros que se sumen als 112 milions d\u2019euros pendents de la factura del desembre. Per [&hellip;]\" \/>\n<meta property=\"og:url\" content=\"https:\/\/novaorg.cofb.net\/2014\/03\/06\/les-farmacies-catalanes-no-han-cobrat-la-factura-del-gener\/\" \/>\n<meta property=\"og:site_name\" content=\"Col\u00b7legi de Farmac\u00e8utics de Barcelona\" \/>\n<meta property=\"article:publisher\" content=\"https:\/\/www.facebook.com\/farmaceuticsbcn\/\" \/>\n<meta property=\"article:published_time\" content=\"2014-03-06T12:21:31+00:00\" \/>\n<meta name=\"author\" content=\"wpAdminCofbOrg\" \/>\n<meta name=\"twitter:card\" content=\"summary_large_image\" \/>\n<meta name=\"twitter:creator\" content=\"@farmaceuticsbcn\" \/>\n<meta name=\"twitter:site\" content=\"@farmaceuticsbcn\" \/>\n<meta name=\"twitter:label1\" content=\"Escrito por\" \/>\n\t<meta name=\"twitter:data1\" content=\"wpAdminCofbOrg\" \/>\n\t<meta name=\"twitter:label2\" content=\"Tiempo de lectura\" \/>\n\t<meta name=\"twitter:data2\" content=\"1 minuto\" \/>\n<script type=\"application\/ld+json\" class=\"yoast-schema-graph\">{\"@context\":\"https:\/\/schema.org\",\"@graph\":[{\"@type\":\"Article\",\"@id\":\"https:\/\/novaorg.cofb.net\/2014\/03\/06\/les-farmacies-catalanes-no-han-cobrat-la-factura-del-gener\/#article\",\"isPartOf\":{\"@id\":\"https:\/\/novaorg.cofb.net\/2014\/03\/06\/les-farmacies-catalanes-no-han-cobrat-la-factura-del-gener\/\"},\"author\":{\"name\":\"wpAdminCofbOrg\",\"@id\":\"https:\/\/www.cofb.org\/#\/schema\/person\/22ed7eea88da74b0fa4d3154ad87ffcb\"},\"headline\":\"Les farm\u00e0cies catalanes no han cobrat la factura del gener\",\"datePublished\":\"2014-03-06T12:21:31+00:00\",\"dateModified\":\"2014-03-06T12:21:31+00:00\",\"mainEntityOfPage\":{\"@id\":\"https:\/\/novaorg.cofb.net\/2014\/03\/06\/les-farmacies-catalanes-no-han-cobrat-la-factura-del-gener\/\"},\"wordCount\":123,\"commentCount\":0,\"publisher\":{\"@id\":\"https:\/\/www.cofb.org\/#organization\"},\"image\":{\"@id\":\"https:\/\/novaorg.cofb.net\/2014\/03\/06\/les-farmacies-catalanes-no-han-cobrat-la-factura-del-gener\/#primaryimage\"},\"thumbnailUrl\":\"\",\"keywords\":[\"Impagaments\",\"Oficina de farm\u00e0cia\"],\"articleSection\":[\"Not\u00edcies farm\u00e0cia\"],\"inLanguage\":\"es\",\"potentialAction\":[{\"@type\":\"CommentAction\",\"name\":\"Comment\",\"target\":[\"https:\/\/novaorg.cofb.net\/2014\/03\/06\/les-farmacies-catalanes-no-han-cobrat-la-factura-del-gener\/#respond\"]}]},{\"@type\":\"WebPage\",\"@id\":\"https:\/\/novaorg.cofb.net\/2014\/03\/06\/les-farmacies-catalanes-no-han-cobrat-la-factura-del-gener\/\",\"url\":\"https:\/\/novaorg.cofb.net\/2014\/03\/06\/les-farmacies-catalanes-no-han-cobrat-la-factura-del-gener\/\",\"name\":\"Les farm\u00e0cies catalanes no han cobrat la factura del gener - Col\u00b7legi de Farmac\u00e8utics de Barcelona\",\"isPartOf\":{\"@id\":\"https:\/\/www.cofb.org\/#website\"},\"primaryImageOfPage\":{\"@id\":\"https:\/\/novaorg.cofb.net\/2014\/03\/06\/les-farmacies-catalanes-no-han-cobrat-la-factura-del-gener\/#primaryimage\"},\"image\":{\"@id\":\"https:\/\/novaorg.cofb.net\/2014\/03\/06\/les-farmacies-catalanes-no-han-cobrat-la-factura-del-gener\/#primaryimage\"},\"thumbnailUrl\":\"\",\"datePublished\":\"2014-03-06T12:21:31+00:00\",\"dateModified\":\"2014-03-06T12:21:31+00:00\",\"breadcrumb\":{\"@id\":\"https:\/\/novaorg.cofb.net\/2014\/03\/06\/les-farmacies-catalanes-no-han-cobrat-la-factura-del-gener\/#breadcrumb\"},\"inLanguage\":\"es\",\"potentialAction\":[{\"@type\":\"ReadAction\",\"target\":[\"https:\/\/novaorg.cofb.net\/2014\/03\/06\/les-farmacies-catalanes-no-han-cobrat-la-factura-del-gener\/\"]}]},{\"@type\":\"ImageObject\",\"inLanguage\":\"es\",\"@id\":\"https:\/\/novaorg.cofb.net\/2014\/03\/06\/les-farmacies-catalanes-no-han-cobrat-la-factura-del-gener\/#primaryimage\",\"url\":\"\",\"contentUrl\":\"\"},{\"@type\":\"BreadcrumbList\",\"@id\":\"https:\/\/novaorg.cofb.net\/2014\/03\/06\/les-farmacies-catalanes-no-han-cobrat-la-factura-del-gener\/#breadcrumb\",\"itemListElement\":[{\"@type\":\"ListItem\",\"position\":1,\"name\":\"Inici\",\"item\":\"https:\/\/novaorg.cofb.net\/\"},{\"@type\":\"ListItem\",\"position\":2,\"name\":\"Les farm\u00e0cies catalanes no han cobrat la factura del gener\"}]},{\"@type\":\"WebSite\",\"@id\":\"https:\/\/www.cofb.org\/#website\",\"url\":\"https:\/\/www.cofb.org\/\",\"name\":\"Col\u00b7legi de Farmac\u00e8utics de Barcelona\",\"description\":\"\",\"publisher\":{\"@id\":\"https:\/\/www.cofb.org\/#organization\"},\"potentialAction\":[{\"@type\":\"SearchAction\",\"target\":{\"@type\":\"EntryPoint\",\"urlTemplate\":\"https:\/\/www.cofb.org\/?s={search_term_string}\"},\"query-input\":\"required name=search_term_string\"}],\"inLanguage\":\"es\"},{\"@type\":\"Organization\",\"@id\":\"https:\/\/www.cofb.org\/#organization\",\"name\":\"Col\u00b7legi de Farmac\u00e8utics de Barcelona\",\"url\":\"https:\/\/www.cofb.org\/\",\"logo\":{\"@type\":\"ImageObject\",\"inLanguage\":\"es\",\"@id\":\"https:\/\/www.cofb.org\/#\/schema\/logo\/image\/\",\"url\":\"https:\/\/www.cofb.org\/wp-content\/uploads\/2023\/11\/cropped-Logotip-COFB.png\",\"contentUrl\":\"https:\/\/www.cofb.org\/wp-content\/uploads\/2023\/11\/cropped-Logotip-COFB.png\",\"width\":500,\"height\":105,\"caption\":\"Col\u00b7legi de Farmac\u00e8utics de Barcelona\"},\"image\":{\"@id\":\"https:\/\/www.cofb.org\/#\/schema\/logo\/image\/\"},\"sameAs\":[\"https:\/\/www.facebook.com\/farmaceuticsbcn\/\",\"https:\/\/twitter.com\/farmaceuticsbcn\",\"https:\/\/www.instagram.com\/farmaceuticsbcn\/\",\"https:\/\/www.linkedin.com\/company\/farmaceuticsbcn\/\"]},{\"@type\":\"Person\",\"@id\":\"https:\/\/www.cofb.org\/#\/schema\/person\/22ed7eea88da74b0fa4d3154ad87ffcb\",\"name\":\"wpAdminCofbOrg\",\"image\":{\"@type\":\"ImageObject\",\"inLanguage\":\"es\",\"@id\":\"https:\/\/www.cofb.org\/#\/schema\/person\/image\/\",\"url\":\"https:\/\/secure.gravatar.com\/avatar\/1721b20b3b8ca882c3b56ec6c978c594fff670e40c0718e9190eaeeb76aae7d8?s=96&d=mm&r=g\",\"contentUrl\":\"https:\/\/secure.gravatar.com\/avatar\/1721b20b3b8ca882c3b56ec6c978c594fff670e40c0718e9190eaeeb76aae7d8?s=96&d=mm&r=g\",\"caption\":\"wpAdminCofbOrg\"},\"sameAs\":[\"http:\/\/192.168.64.122\/wordpress\"],\"url\":\"https:\/\/www.cofb.org\/es\/author\/wpadmincofborg\/\"}]}<\/script>\n<!-- \/ Yoast SEO plugin. -->","yoast_head_json":{"title":"Les farm\u00e0cies catalanes no han cobrat la factura del gener - Col\u00b7legi de Farmac\u00e8utics de Barcelona","robots":{"index":"index","follow":"follow","max-snippet":"max-snippet:-1","max-image-preview":"max-image-preview:large","max-video-preview":"max-video-preview:-1"},"canonical":"https:\/\/novaorg.cofb.net\/2014\/03\/06\/les-farmacies-catalanes-no-han-cobrat-la-factura-del-gener\/","og_locale":"es_ES","og_type":"article","og_title":"Les farm\u00e0cies catalanes no han cobrat la factura del gener - Col\u00b7legi de Farmac\u00e8utics de Barcelona","og_description":"L\u2019Administraci\u00f3 hauria d&#8217;haver pagat a data 5 de mar\u00e7 la factura del mes de gener a les farm\u00e0cies catalanes segons el Concert vigent amb el CatSalut per\u00f2 no ha efectuat aquest pagament. S\u00f3n 116,9 milions d\u2019euros que se sumen als 112 milions d\u2019euros pendents de la factura del desembre. Per [&hellip;]","og_url":"https:\/\/novaorg.cofb.net\/2014\/03\/06\/les-farmacies-catalanes-no-han-cobrat-la-factura-del-gener\/","og_site_name":"Col\u00b7legi de Farmac\u00e8utics de Barcelona","article_publisher":"https:\/\/www.facebook.com\/farmaceuticsbcn\/","article_published_time":"2014-03-06T12:21:31+00:00","author":"wpAdminCofbOrg","twitter_card":"summary_large_image","twitter_creator":"@farmaceuticsbcn","twitter_site":"@farmaceuticsbcn","twitter_misc":{"Escrito por":"wpAdminCofbOrg","Tiempo de lectura":"1 minuto"},"schema":{"@context":"https:\/\/schema.org","@graph":[{"@type":"Article","@id":"https:\/\/novaorg.cofb.net\/2014\/03\/06\/les-farmacies-catalanes-no-han-cobrat-la-factura-del-gener\/#article","isPartOf":{"@id":"https:\/\/novaorg.cofb.net\/2014\/03\/06\/les-farmacies-catalanes-no-han-cobrat-la-factura-del-gener\/"},"author":{"name":"wpAdminCofbOrg","@id":"https:\/\/www.cofb.org\/#\/schema\/person\/22ed7eea88da74b0fa4d3154ad87ffcb"},"headline":"Les farm\u00e0cies catalanes no han cobrat la factura del gener","datePublished":"2014-03-06T12:21:31+00:00","dateModified":"2014-03-06T12:21:31+00:00","mainEntityOfPage":{"@id":"https:\/\/novaorg.cofb.net\/2014\/03\/06\/les-farmacies-catalanes-no-han-cobrat-la-factura-del-gener\/"},"wordCount":123,"commentCount":0,"publisher":{"@id":"https:\/\/www.cofb.org\/#organization"},"image":{"@id":"https:\/\/novaorg.cofb.net\/2014\/03\/06\/les-farmacies-catalanes-no-han-cobrat-la-factura-del-gener\/#primaryimage"},"thumbnailUrl":"","keywords":["Impagaments","Oficina de farm\u00e0cia"],"articleSection":["Not\u00edcies farm\u00e0cia"],"inLanguage":"es","potentialAction":[{"@type":"CommentAction","name":"Comment","target":["https:\/\/novaorg.cofb.net\/2014\/03\/06\/les-farmacies-catalanes-no-han-cobrat-la-factura-del-gener\/#respond"]}]},{"@type":"WebPage","@id":"https:\/\/novaorg.cofb.net\/2014\/03\/06\/les-farmacies-catalanes-no-han-cobrat-la-factura-del-gener\/","url":"https:\/\/novaorg.cofb.net\/2014\/03\/06\/les-farmacies-catalanes-no-han-cobrat-la-factura-del-gener\/","name":"Les farm\u00e0cies catalanes no han cobrat la factura del gener - Col\u00b7legi de Farmac\u00e8utics de Barcelona","isPartOf":{"@id":"https:\/\/www.cofb.org\/#website"},"primaryImageOfPage":{"@id":"https:\/\/novaorg.cofb.net\/2014\/03\/06\/les-farmacies-catalanes-no-han-cobrat-la-factura-del-gener\/#primaryimage"},"image":{"@id":"https:\/\/novaorg.cofb.net\/2014\/03\/06\/les-farmacies-catalanes-no-han-cobrat-la-factura-del-gener\/#primaryimage"},"thumbnailUrl":"","datePublished":"2014-03-06T12:21:31+00:00","dateModified":"2014-03-06T12:21:31+00:00","breadcrumb":{"@id":"https:\/\/novaorg.cofb.net\/2014\/03\/06\/les-farmacies-catalanes-no-han-cobrat-la-factura-del-gener\/#breadcrumb"},"inLanguage":"es","potentialAction":[{"@type":"ReadAction","target":["https:\/\/novaorg.cofb.net\/2014\/03\/06\/les-farmacies-catalanes-no-han-cobrat-la-factura-del-gener\/"]}]},{"@type":"ImageObject","inLanguage":"es","@id":"https:\/\/novaorg.cofb.net\/2014\/03\/06\/les-farmacies-catalanes-no-han-cobrat-la-factura-del-gener\/#primaryimage","url":"","contentUrl":""},{"@type":"BreadcrumbList","@id":"https:\/\/novaorg.cofb.net\/2014\/03\/06\/les-farmacies-catalanes-no-han-cobrat-la-factura-del-gener\/#breadcrumb","itemListElement":[{"@type":"ListItem","position":1,"name":"Inici","item":"https:\/\/novaorg.cofb.net\/"},{"@type":"ListItem","position":2,"name":"Les farm\u00e0cies catalanes no han cobrat la factura del gener"}]},{"@type":"WebSite","@id":"https:\/\/www.cofb.org\/#website","url":"https:\/\/www.cofb.org\/","name":"Col\u00b7legi de Farmac\u00e8utics de Barcelona","description":"","publisher":{"@id":"https:\/\/www.cofb.org\/#organization"},"potentialAction":[{"@type":"SearchAction","target":{"@type":"EntryPoint","urlTemplate":"https:\/\/www.cofb.org\/?s={search_term_string}"},"query-input":"required name=search_term_string"}],"inLanguage":"es"},{"@type":"Organization","@id":"https:\/\/www.cofb.org\/#organization","name":"Col\u00b7legi de Farmac\u00e8utics de Barcelona","url":"https:\/\/www.cofb.org\/","logo":{"@type":"ImageObject","inLanguage":"es","@id":"https:\/\/www.cofb.org\/#\/schema\/logo\/image\/","url":"https:\/\/www.cofb.org\/wp-content\/uploads\/2023\/11\/cropped-Logotip-COFB.png","contentUrl":"https:\/\/www.cofb.org\/wp-content\/uploads\/2023\/11\/cropped-Logotip-COFB.png","width":500,"height":105,"caption":"Col\u00b7legi de Farmac\u00e8utics de Barcelona"},"image":{"@id":"https:\/\/www.cofb.org\/#\/schema\/logo\/image\/"},"sameAs":["https:\/\/www.facebook.com\/farmaceuticsbcn\/","https:\/\/twitter.com\/farmaceuticsbcn","https:\/\/www.instagram.com\/farmaceuticsbcn\/","https:\/\/www.linkedin.com\/company\/farmaceuticsbcn\/"]},{"@type":"Person","@id":"https:\/\/www.cofb.org\/#\/schema\/person\/22ed7eea88da74b0fa4d3154ad87ffcb","name":"wpAdminCofbOrg","image":{"@type":"ImageObject","inLanguage":"es","@id":"https:\/\/www.cofb.org\/#\/schema\/person\/image\/","url":"https:\/\/secure.gravatar.com\/avatar\/1721b20b3b8ca882c3b56ec6c978c594fff670e40c0718e9190eaeeb76aae7d8?s=96&d=mm&r=g","contentUrl":"https:\/\/secure.gravatar.com\/avatar\/1721b20b3b8ca882c3b56ec6c978c594fff670e40c0718e9190eaeeb76aae7d8?s=96&d=mm&r=g","caption":"wpAdminCofbOrg"},"sameAs":["http:\/\/192.168.64.122\/wordpress"],"url":"https:\/\/www.cofb.org\/es\/author\/wpadmincofborg\/"}]}},"uagb_featured_image_src":{"full":false,"thumbnail":false,"medium":false,"medium_large":false,"large":false,"1536x1536":false,"2048x2048":false,"trp-custom-language-flag":false},"uagb_author_info":{"display_name":"wpAdminCofbOrg","author_link":"https:\/\/www.cofb.org\/es\/author\/wpadmincofborg\/"},"uagb_comment_info":0,"uagb_excerpt":"L\u2019Administraci\u00f3 hauria d&#8217;haver pagat a data 5 de mar\u00e7 la factura del mes de gener a les farm\u00e0cies catalanes segons el Concert vigent amb el CatSalut per\u00f2 no ha efectuat aquest pagament. S\u00f3n 116,9 milions d\u2019euros que se sumen als 112 milions d\u2019euros pendents de la factura del desembre. Per [&hellip;]","_links":{"self":[{"href":"https:\/\/www.cofb.org\/es\/wp-json\/wp\/v2\/posts\/5581","targetHints":{"allow":["GET"]}}],"collection":[{"href":"https:\/\/www.cofb.org\/es\/wp-json\/wp\/v2\/posts"}],"about":[{"href":"https:\/\/www.cofb.org\/es\/wp-json\/wp\/v2\/types\/post"}],"author":[{"embeddable":true,"href":"https:\/\/www.cofb.org\/es\/wp-json\/wp\/v2\/users\/1"}],"replies":[{"embeddable":true,"href":"https:\/\/www.cofb.org\/es\/wp-json\/wp\/v2\/comments?post=5581"}],"version-history":[{"count":0,"href":"https:\/\/www.cofb.org\/es\/wp-json\/wp\/v2\/posts\/5581\/revisions"}],"wp:featuredmedia":[{"embeddable":true,"href":"https:\/\/www.cofb.org\/es\/wp-json\/"}],"wp:attachment":[{"href":"https:\/\/www.cofb.org\/es\/wp-json\/wp\/v2\/media?parent=5581"}],"wp:term":[{"taxonomy":"category","embeddable":true,"href":"https:\/\/www.cofb.org\/es\/wp-json\/wp\/v2\/categories?post=5581"},{"taxonomy":"post_tag","embeddable":true,"href":"https:\/\/www.cofb.org\/es\/wp-json\/wp\/v2\/tags?post=5581"}],"curies":[{"name":"wp","href":"https:\/\/api.w.org\/{rel}","templated":true}]}}