{"id":55682,"date":"2021-06-03T17:28:49","date_gmt":"2021-06-03T15:28:49","guid":{"rendered":"https:\/\/blog.cofb.cat\/?p=55682"},"modified":"2021-06-03T17:28:49","modified_gmt":"2021-06-03T15:28:49","slug":"arriba-el-vi-concurs-de-fotografia-del-cofb","status":"publish","type":"post","link":"https:\/\/www.cofb.org\/es\/2021\/06\/03\/arriba-el-vi-concurs-de-fotografia-del-cofb\/","title":{"rendered":"Llega el VI Concurso de fotograf\u00eda del COFB"},"content":{"rendered":"<p>La\u00a0<strong>Secci\u00f3n de Fotograf\u00eda del Colegio de Farmac\u00e9uticos de Barcelona<\/strong>\u00a0(FotoCofb) convoca el\u00a0<strong>VI Concurso de Fotograf\u00eda<\/strong>\u00a0para todos los\u00a0<strong>farmac\u00e9uticos colegiados y sus familiares<\/strong>, mayores de edad,<strong> de primer grado.<\/strong><\/p>\n<p><img fetchpriority=\"high\" decoding=\"async\" class=\"aligncenter size-large wp-image-55683\" src=\"https:\/\/blog.cofb.cat\/wp-content\/uploads\/2021\/05\/EST-TW-VI-Concurs-de-fotografia-1024x576.jpg\" alt=\"\" width=\"620\" height=\"349\" \/><\/p>\n<h2><strong><span style=\"color: #008080;\">Tem\u00e1tica<\/span><\/strong><\/h2>\n<p>La tem\u00e1tica de este a\u00f1o trata del desconfinamiento, bajo el nombre Desconfinament, allegro ma non troppo, las fotograf\u00edas deben partir de esta base: fotograf\u00edas del reencuentro con amigos y familiares, las primeras salidas y la cotidianidad desconfinada.<\/p>\n<h2><strong><span style=\"color: #008080;\">Categor\u00edas<\/span><\/strong><\/h2>\n<p>El concurso tiene dos categor\u00edas premiadas:<\/p>\n<ol>\n<li>Fotograf\u00edas en<strong> color.<\/strong><\/li>\n<li>Fotograf\u00edas en <strong>monocolor o blanco y negro.<\/strong><\/li>\n<\/ol>\n<p>Cada participante puede presentar un m\u00e1ximo de <strong>DOS<\/strong> fotograf\u00edas en color y <strong>DOS<\/strong> en monocolor.<\/p>\n<h2><strong><span style=\"color: #008080;\">Formatos de las fotograf\u00edas<\/span><\/strong><\/h2>\n<ul>\n<li><strong>Hechas con c\u00e1mara<\/strong>: las fotograf\u00edas tomadas con c\u00e1mara deben tener una resoluci\u00f3n m\u00ednima de <strong>200ppi<\/strong> o la m\u00e1xima posible.<\/li>\n<li><strong>Hechas con el m\u00f3vil<\/strong>: las fotograf\u00edas tomadas con m\u00f3vil (smartphone) deben presentarse con la <strong>m\u00e1xima resoluci\u00f3n posible<\/strong>.<\/li>\n<\/ul>\n<h2><strong><span style=\"color: #008080;\">Premios<\/span><\/strong><\/h2>\n<p>Los premios consistir\u00e1n en <strong>libros de tem\u00e1tica fotogr\u00e1fica<\/strong>. Habr\u00e1 un premio para la <strong>mejor fotograf\u00eda en la categor\u00eda color<\/strong> y un premio para la <strong>mejor fotograf\u00eda en la categor\u00eda blanco y negro o monocolor.<\/strong><\/p>\n<p>&nbsp;<\/p>\n<div class=\"box info\"><\/p>\n<h2><strong><span style=\"color: #008080;\">Inscripciones<\/span><\/strong><\/h2>\n<ul>\n<li>La inscripci\u00f3n es <strong>gratuita y se puede realizar <a href=\"https:\/\/www.cofb.org\/es\/que-oferim\/farmaceutics\/serveis\/formacio-i-projectes\/activitats\/?p_p_id=webportletLlistatActivitats_WAR_webportletLlistatActivitats_INSTANCE_RuQd0cQLInOb&amp;p_p_lifecycle=0&amp;p_p_state=normal&amp;p_p_mode=view&amp;p_p_col_id=column-3&amp;p_p_col_count=1&amp;_webportletLlistatActivitats_WAR_webportletLlistatActivitats_INSTANCE_RuQd0cQLInOb_strutsAction=%2Fview%2Fdetall&amp;_webportletLlistatActivitats_WAR_webportletLlistatActivitats_INSTANCE_RuQd0cQLInOb_id=3279\" target=\"_blank\" rel=\"noopener\">aqu\u00ed<\/a>.<\/strong><\/li>\n<li>Pueden participar los <strong>colegiados o familiares mayores de edad <\/strong>y de primer grado, que deben inscribirse previamente hasta el <strong>15 de octubre de 2021. Bases consultables en \u00e9ste <a href=\"https:\/\/comercial.cofb.net\/uploads\/Bases%20VI%20Concurs%20de%20Fotografia%20COFB%20_21%20v-01.pdf\" target=\"_blank\" rel=\"noopener\">enlace<\/a>.<\/strong><\/li>\n<\/ul>\n<p><\/div>\n<p><strong>Otras publicaciones de inter\u00e9s:<\/strong><\/p>\n<ul>\n<li><a href=\"https:\/\/blog.cofb.cat\/ja-esta-en-marxa-el-v-concurs-de-fotografia-del-cofb\/\">Ya est\u00e1 en marcha el V Concurso de Fotograf\u00eda del COFB<\/a><\/li>\n<li><a href=\"https:\/\/blog.cofb.cat\/la-v-edicio-del-concurs-de-fotografia-ja-te-guanyadors\/\">La V Edici\u00f3n del Concurso de Fotograf\u00eda ya tiene ganadores<\/a><\/li>\n<\/ul>","protected":false},"excerpt":{"rendered":"<p>La Secci\u00f3n de Fotograf\u00eda del Colegio de Farmac\u00e9uticos de Barcelona (FotoCofb) convoca el VI Concurso de Fotograf\u00eda para todos los farmac\u00e9uticos colegiados y sus familiares, mayores de edad, de primer grado. Tem\u00e1tica La tem\u00e1tica de este a\u00f1o trata del desconfinamiento, bajo el nombre \u201cDesconfinament, allegro ma non troppo\u201d, las fotograf\u00edas deben partir de esta base: fotograf\u00edas [\u2026]<\/p>","protected":false},"author":1,"featured_media":55683,"comment_status":"open","ping_status":"open","sticky":false,"template":"","format":"standard","meta":{"_uag_custom_page_level_css":"","site-sidebar-layout":"default","site-content-layout":"","ast-site-content-layout":"default","site-content-style":"default","site-sidebar-style":"default","ast-global-header-display":"","ast-banner-title-visibility":"","ast-main-header-display":"","ast-hfb-above-header-display":"","ast-hfb-below-header-display":"","ast-hfb-mobile-header-display":"","site-post-title":"","ast-breadcrumbs-content":"","ast-featured-img":"disabled","footer-sml-layout":"","theme-transparent-header-meta":"","adv-header-id-meta":"","stick-header-meta":"","header-above-stick-meta":"","header-main-stick-meta":"","header-below-stick-meta":"","astra-migrate-meta-layouts":"default","ast-page-background-enabled":"default","ast-page-background-meta":{"desktop":{"background-color":"var(--ast-global-color-4)","background-image":"","background-repeat":"repeat","background-position":"center center","background-size":"auto","background-attachment":"scroll","background-type":"","background-media":"","overlay-type":"","overlay-color":"","overlay-opacity":"","overlay-gradient":""},"tablet":{"background-color":"","background-image":"","background-repeat":"repeat","background-position":"center center","background-size":"auto","background-attachment":"scroll","background-type":"","background-media":"","overlay-type":"","overlay-color":"","overlay-opacity":"","overlay-gradient":""},"mobile":{"background-color":"","background-image":"","background-repeat":"repeat","background-position":"center center","background-size":"auto","background-attachment":"scroll","background-type":"","background-media":"","overlay-type":"","overlay-color":"","overlay-opacity":"","overlay-gradient":""}},"ast-content-background-meta":{"desktop":{"background-color":"var(--ast-global-color-5)","background-image":"","background-repeat":"repeat","background-position":"center center","background-size":"auto","background-attachment":"scroll","background-type":"","background-media":"","overlay-type":"","overlay-color":"","overlay-opacity":"","overlay-gradient":""},"tablet":{"background-color":"var(--ast-global-color-5)","background-image":"","background-repeat":"repeat","background-position":"center center","background-size":"auto","background-attachment":"scroll","background-type":"","background-media":"","overlay-type":"","overlay-color":"","overlay-opacity":"","overlay-gradient":""},"mobile":{"background-color":"var(--ast-global-color-5)","background-image":"","background-repeat":"repeat","background-position":"center center","background-size":"auto","background-attachment":"scroll","background-type":"","background-media":"","overlay-type":"","overlay-color":"","overlay-opacity":"","overlay-gradient":""}},"footnotes":""},"categories":[23,535],"tags":[4187,4188,887,18,19,692,953,888,2199,4189,53,68,530,4190,536],"class_list":["post-55682","post","type-post","status-publish","format-standard","has-post-thumbnail","hentry","category-destacats","category-seccio-de-fotografia-del-cofb","tag-activitat-cultural","tag-activitats-collegials","tag-categories","tag-cofb","tag-collegi-de-farmaceutics-de-barcelona","tag-collegiats","tag-concurs-de-fotografia","tag-concurs-fotografic","tag-cultura","tag-desconfinament","tag-farmaceutics","tag-farmacia","tag-fotografia","tag-fotos","tag-seccio-de-fotografia-del-collegi-de-farmaceutics-de-barcelona"],"yoast_head":"<!-- This site is optimized with the Yoast SEO plugin v22.4 - https:\/\/yoast.com\/wordpress\/plugins\/seo\/ -->\n<title>Arriba el VI Concurs de fotografia del COFB - Col\u00b7legi de Farmac\u00e8utics de Barcelona<\/title>\n<meta name=\"description\" content=\"La\u00a0Secci\u00f3 de Fotografia del Col\u00b7legi de Farmac\u00e8utics de Barcelona\u00a0(FotoCofb) convoca el\u00a0VI Concurs de Fotografia\u00a0per a tots els\u00a0farmac\u00e8utics col\u00b7legiats i els seus familiars, majors d&#039;edat, de primer grau.\" \/>\n<meta name=\"robots\" content=\"index, follow, max-snippet:-1, max-image-preview:large, max-video-preview:-1\" \/>\n<link rel=\"canonical\" href=\"https:\/\/novaorg.cofb.net\/2021\/06\/03\/arriba-el-vi-concurs-de-fotografia-del-cofb\/\" \/>\n<meta property=\"og:locale\" content=\"es_ES\" \/>\n<meta property=\"og:type\" content=\"article\" \/>\n<meta property=\"og:title\" content=\"Arriba el VI Concurs de fotografia del COFB - Col\u00b7legi de Farmac\u00e8utics de Barcelona\" \/>\n<meta property=\"og:description\" content=\"La\u00a0Secci\u00f3 de Fotografia del Col\u00b7legi de Farmac\u00e8utics de Barcelona\u00a0(FotoCofb) convoca el\u00a0VI Concurs de Fotografia\u00a0per a tots els\u00a0farmac\u00e8utics col\u00b7legiats i els seus familiars, majors d&#039;edat, de primer grau.\" \/>\n<meta property=\"og:url\" content=\"https:\/\/novaorg.cofb.net\/2021\/06\/03\/arriba-el-vi-concurs-de-fotografia-del-cofb\/\" \/>\n<meta property=\"og:site_name\" content=\"Col\u00b7legi de Farmac\u00e8utics de Barcelona\" \/>\n<meta property=\"article:publisher\" content=\"https:\/\/www.facebook.com\/farmaceuticsbcn\/\" \/>\n<meta property=\"article:published_time\" content=\"2021-06-03T15:28:49+00:00\" \/>\n<meta name=\"author\" content=\"wpAdminCofbOrg\" \/>\n<meta name=\"twitter:card\" content=\"summary_large_image\" \/>\n<meta name=\"twitter:creator\" content=\"@farmaceuticsbcn\" \/>\n<meta name=\"twitter:site\" content=\"@farmaceuticsbcn\" \/>\n<meta name=\"twitter:label1\" content=\"Escrito por\" \/>\n\t<meta name=\"twitter:data1\" content=\"wpAdminCofbOrg\" \/>\n\t<meta name=\"twitter:label2\" content=\"Tiempo de lectura\" \/>\n\t<meta name=\"twitter:data2\" content=\"1 minuto\" \/>\n<script type=\"application\/ld+json\" class=\"yoast-schema-graph\">{\"@context\":\"https:\/\/schema.org\",\"@graph\":[{\"@type\":\"Article\",\"@id\":\"https:\/\/novaorg.cofb.net\/2021\/06\/03\/arriba-el-vi-concurs-de-fotografia-del-cofb\/#article\",\"isPartOf\":{\"@id\":\"https:\/\/novaorg.cofb.net\/2021\/06\/03\/arriba-el-vi-concurs-de-fotografia-del-cofb\/\"},\"author\":{\"name\":\"wpAdminCofbOrg\",\"@id\":\"https:\/\/www.cofb.org\/#\/schema\/person\/22ed7eea88da74b0fa4d3154ad87ffcb\"},\"headline\":\"Arriba el VI Concurs de fotografia del COFB\",\"datePublished\":\"2021-06-03T15:28:49+00:00\",\"dateModified\":\"2021-06-03T15:28:49+00:00\",\"mainEntityOfPage\":{\"@id\":\"https:\/\/novaorg.cofb.net\/2021\/06\/03\/arriba-el-vi-concurs-de-fotografia-del-cofb\/\"},\"wordCount\":281,\"commentCount\":0,\"publisher\":{\"@id\":\"https:\/\/www.cofb.org\/#organization\"},\"image\":{\"@id\":\"https:\/\/novaorg.cofb.net\/2021\/06\/03\/arriba-el-vi-concurs-de-fotografia-del-cofb\/#primaryimage\"},\"thumbnailUrl\":\"\",\"keywords\":[\"activitat cultural\",\"activitats col\u00b7legials\",\"categories\",\"COFB\",\"Col\u00b7legi de Farmac\u00e8utics de Barcelona\",\"col\u00b7legiats\",\"concurs de fotografia\",\"concurs fotogr\u00e0fic\",\"Cultura\",\"desconfinament\",\"farmac\u00e8utics\",\"Farm\u00e0cia\",\"fotografia\",\"fotos\",\"Secci\u00f3 de Fotografia del Col\u00b7legi de Farmac\u00e8utics de Barcelona\"],\"articleSection\":[\"Destacats\",\"Secci\u00f3 de fotografia del COFB\"],\"inLanguage\":\"es\",\"potentialAction\":[{\"@type\":\"CommentAction\",\"name\":\"Comment\",\"target\":[\"https:\/\/novaorg.cofb.net\/2021\/06\/03\/arriba-el-vi-concurs-de-fotografia-del-cofb\/#respond\"]}]},{\"@type\":\"WebPage\",\"@id\":\"https:\/\/novaorg.cofb.net\/2021\/06\/03\/arriba-el-vi-concurs-de-fotografia-del-cofb\/\",\"url\":\"https:\/\/novaorg.cofb.net\/2021\/06\/03\/arriba-el-vi-concurs-de-fotografia-del-cofb\/\",\"name\":\"Arriba el VI Concurs de fotografia del COFB - Col\u00b7legi de Farmac\u00e8utics de Barcelona\",\"isPartOf\":{\"@id\":\"https:\/\/www.cofb.org\/#website\"},\"primaryImageOfPage\":{\"@id\":\"https:\/\/novaorg.cofb.net\/2021\/06\/03\/arriba-el-vi-concurs-de-fotografia-del-cofb\/#primaryimage\"},\"image\":{\"@id\":\"https:\/\/novaorg.cofb.net\/2021\/06\/03\/arriba-el-vi-concurs-de-fotografia-del-cofb\/#primaryimage\"},\"thumbnailUrl\":\"\",\"datePublished\":\"2021-06-03T15:28:49+00:00\",\"dateModified\":\"2021-06-03T15:28:49+00:00\",\"description\":\"La\u00a0Secci\u00f3 de Fotografia del Col\u00b7legi de Farmac\u00e8utics de Barcelona\u00a0(FotoCofb) convoca el\u00a0VI Concurs de Fotografia\u00a0per a tots els\u00a0farmac\u00e8utics col\u00b7legiats i els seus familiars, majors d'edat, de primer grau.\",\"breadcrumb\":{\"@id\":\"https:\/\/novaorg.cofb.net\/2021\/06\/03\/arriba-el-vi-concurs-de-fotografia-del-cofb\/#breadcrumb\"},\"inLanguage\":\"es\",\"potentialAction\":[{\"@type\":\"ReadAction\",\"target\":[\"https:\/\/novaorg.cofb.net\/2021\/06\/03\/arriba-el-vi-concurs-de-fotografia-del-cofb\/\"]}]},{\"@type\":\"ImageObject\",\"inLanguage\":\"es\",\"@id\":\"https:\/\/novaorg.cofb.net\/2021\/06\/03\/arriba-el-vi-concurs-de-fotografia-del-cofb\/#primaryimage\",\"url\":\"\",\"contentUrl\":\"\"},{\"@type\":\"BreadcrumbList\",\"@id\":\"https:\/\/novaorg.cofb.net\/2021\/06\/03\/arriba-el-vi-concurs-de-fotografia-del-cofb\/#breadcrumb\",\"itemListElement\":[{\"@type\":\"ListItem\",\"position\":1,\"name\":\"Inici\",\"item\":\"https:\/\/novaorg.cofb.net\/\"},{\"@type\":\"ListItem\",\"position\":2,\"name\":\"Arriba el VI Concurs de fotografia del COFB\"}]},{\"@type\":\"WebSite\",\"@id\":\"https:\/\/www.cofb.org\/#website\",\"url\":\"https:\/\/www.cofb.org\/\",\"name\":\"Col\u00b7legi de Farmac\u00e8utics de Barcelona\",\"description\":\"\",\"publisher\":{\"@id\":\"https:\/\/www.cofb.org\/#organization\"},\"potentialAction\":[{\"@type\":\"SearchAction\",\"target\":{\"@type\":\"EntryPoint\",\"urlTemplate\":\"https:\/\/www.cofb.org\/?s={search_term_string}\"},\"query-input\":\"required name=search_term_string\"}],\"inLanguage\":\"es\"},{\"@type\":\"Organization\",\"@id\":\"https:\/\/www.cofb.org\/#organization\",\"name\":\"Col\u00b7legi de Farmac\u00e8utics de Barcelona\",\"url\":\"https:\/\/www.cofb.org\/\",\"logo\":{\"@type\":\"ImageObject\",\"inLanguage\":\"es\",\"@id\":\"https:\/\/www.cofb.org\/#\/schema\/logo\/image\/\",\"url\":\"https:\/\/www.cofb.org\/wp-content\/uploads\/2023\/11\/cropped-Logotip-COFB.png\",\"contentUrl\":\"https:\/\/www.cofb.org\/wp-content\/uploads\/2023\/11\/cropped-Logotip-COFB.png\",\"width\":500,\"height\":105,\"caption\":\"Col\u00b7legi de Farmac\u00e8utics de Barcelona\"},\"image\":{\"@id\":\"https:\/\/www.cofb.org\/#\/schema\/logo\/image\/\"},\"sameAs\":[\"https:\/\/www.facebook.com\/farmaceuticsbcn\/\",\"https:\/\/twitter.com\/farmaceuticsbcn\",\"https:\/\/www.instagram.com\/farmaceuticsbcn\/\",\"https:\/\/www.linkedin.com\/company\/farmaceuticsbcn\/\"]},{\"@type\":\"Person\",\"@id\":\"https:\/\/www.cofb.org\/#\/schema\/person\/22ed7eea88da74b0fa4d3154ad87ffcb\",\"name\":\"wpAdminCofbOrg\",\"image\":{\"@type\":\"ImageObject\",\"inLanguage\":\"es\",\"@id\":\"https:\/\/www.cofb.org\/#\/schema\/person\/image\/\",\"url\":\"https:\/\/secure.gravatar.com\/avatar\/1721b20b3b8ca882c3b56ec6c978c594fff670e40c0718e9190eaeeb76aae7d8?s=96&d=mm&r=g\",\"contentUrl\":\"https:\/\/secure.gravatar.com\/avatar\/1721b20b3b8ca882c3b56ec6c978c594fff670e40c0718e9190eaeeb76aae7d8?s=96&d=mm&r=g\",\"caption\":\"wpAdminCofbOrg\"},\"sameAs\":[\"http:\/\/192.168.64.122\/wordpress\"],\"url\":\"https:\/\/www.cofb.org\/es\/author\/wpadmincofborg\/\"}]}<\/script>\n<!-- \/ Yoast SEO plugin. -->","yoast_head_json":{"title":"Arriba el VI Concurs de fotografia del COFB - Col\u00b7legi de Farmac\u00e8utics de Barcelona","description":"La\u00a0Secci\u00f3 de Fotografia del Col\u00b7legi de Farmac\u00e8utics de Barcelona\u00a0(FotoCofb) convoca el\u00a0VI Concurs de Fotografia\u00a0per a tots els\u00a0farmac\u00e8utics col\u00b7legiats i els seus familiars, majors d'edat, de primer grau.","robots":{"index":"index","follow":"follow","max-snippet":"max-snippet:-1","max-image-preview":"max-image-preview:large","max-video-preview":"max-video-preview:-1"},"canonical":"https:\/\/novaorg.cofb.net\/2021\/06\/03\/arriba-el-vi-concurs-de-fotografia-del-cofb\/","og_locale":"es_ES","og_type":"article","og_title":"Arriba el VI Concurs de fotografia del COFB - Col\u00b7legi de Farmac\u00e8utics de Barcelona","og_description":"La\u00a0Secci\u00f3 de Fotografia del Col\u00b7legi de Farmac\u00e8utics de Barcelona\u00a0(FotoCofb) convoca el\u00a0VI Concurs de Fotografia\u00a0per a tots els\u00a0farmac\u00e8utics col\u00b7legiats i els seus familiars, majors d'edat, de primer grau.","og_url":"https:\/\/novaorg.cofb.net\/2021\/06\/03\/arriba-el-vi-concurs-de-fotografia-del-cofb\/","og_site_name":"Col\u00b7legi de Farmac\u00e8utics de Barcelona","article_publisher":"https:\/\/www.facebook.com\/farmaceuticsbcn\/","article_published_time":"2021-06-03T15:28:49+00:00","author":"wpAdminCofbOrg","twitter_card":"summary_large_image","twitter_creator":"@farmaceuticsbcn","twitter_site":"@farmaceuticsbcn","twitter_misc":{"Escrito por":"wpAdminCofbOrg","Tiempo de lectura":"1 minuto"},"schema":{"@context":"https:\/\/schema.org","@graph":[{"@type":"Article","@id":"https:\/\/novaorg.cofb.net\/2021\/06\/03\/arriba-el-vi-concurs-de-fotografia-del-cofb\/#article","isPartOf":{"@id":"https:\/\/novaorg.cofb.net\/2021\/06\/03\/arriba-el-vi-concurs-de-fotografia-del-cofb\/"},"author":{"name":"wpAdminCofbOrg","@id":"https:\/\/www.cofb.org\/#\/schema\/person\/22ed7eea88da74b0fa4d3154ad87ffcb"},"headline":"Arriba el VI Concurs de fotografia del COFB","datePublished":"2021-06-03T15:28:49+00:00","dateModified":"2021-06-03T15:28:49+00:00","mainEntityOfPage":{"@id":"https:\/\/novaorg.cofb.net\/2021\/06\/03\/arriba-el-vi-concurs-de-fotografia-del-cofb\/"},"wordCount":281,"commentCount":0,"publisher":{"@id":"https:\/\/www.cofb.org\/#organization"},"image":{"@id":"https:\/\/novaorg.cofb.net\/2021\/06\/03\/arriba-el-vi-concurs-de-fotografia-del-cofb\/#primaryimage"},"thumbnailUrl":"","keywords":["activitat cultural","activitats col\u00b7legials","categories","COFB","Col\u00b7legi de Farmac\u00e8utics de Barcelona","col\u00b7legiats","concurs de fotografia","concurs fotogr\u00e0fic","Cultura","desconfinament","farmac\u00e8utics","Farm\u00e0cia","fotografia","fotos","Secci\u00f3 de Fotografia del Col\u00b7legi de Farmac\u00e8utics de Barcelona"],"articleSection":["Destacats","Secci\u00f3 de fotografia del COFB"],"inLanguage":"es","potentialAction":[{"@type":"CommentAction","name":"Comment","target":["https:\/\/novaorg.cofb.net\/2021\/06\/03\/arriba-el-vi-concurs-de-fotografia-del-cofb\/#respond"]}]},{"@type":"WebPage","@id":"https:\/\/novaorg.cofb.net\/2021\/06\/03\/arriba-el-vi-concurs-de-fotografia-del-cofb\/","url":"https:\/\/novaorg.cofb.net\/2021\/06\/03\/arriba-el-vi-concurs-de-fotografia-del-cofb\/","name":"Arriba el VI Concurs de fotografia del COFB - Col\u00b7legi de Farmac\u00e8utics de Barcelona","isPartOf":{"@id":"https:\/\/www.cofb.org\/#website"},"primaryImageOfPage":{"@id":"https:\/\/novaorg.cofb.net\/2021\/06\/03\/arriba-el-vi-concurs-de-fotografia-del-cofb\/#primaryimage"},"image":{"@id":"https:\/\/novaorg.cofb.net\/2021\/06\/03\/arriba-el-vi-concurs-de-fotografia-del-cofb\/#primaryimage"},"thumbnailUrl":"","datePublished":"2021-06-03T15:28:49+00:00","dateModified":"2021-06-03T15:28:49+00:00","description":"La\u00a0Secci\u00f3 de Fotografia del Col\u00b7legi de Farmac\u00e8utics de Barcelona\u00a0(FotoCofb) convoca el\u00a0VI Concurs de Fotografia\u00a0per a tots els\u00a0farmac\u00e8utics col\u00b7legiats i els seus familiars, majors d'edat, de primer grau.","breadcrumb":{"@id":"https:\/\/novaorg.cofb.net\/2021\/06\/03\/arriba-el-vi-concurs-de-fotografia-del-cofb\/#breadcrumb"},"inLanguage":"es","potentialAction":[{"@type":"ReadAction","target":["https:\/\/novaorg.cofb.net\/2021\/06\/03\/arriba-el-vi-concurs-de-fotografia-del-cofb\/"]}]},{"@type":"ImageObject","inLanguage":"es","@id":"https:\/\/novaorg.cofb.net\/2021\/06\/03\/arriba-el-vi-concurs-de-fotografia-del-cofb\/#primaryimage","url":"","contentUrl":""},{"@type":"BreadcrumbList","@id":"https:\/\/novaorg.cofb.net\/2021\/06\/03\/arriba-el-vi-concurs-de-fotografia-del-cofb\/#breadcrumb","itemListElement":[{"@type":"ListItem","position":1,"name":"Inici","item":"https:\/\/novaorg.cofb.net\/"},{"@type":"ListItem","position":2,"name":"Arriba el VI Concurs de fotografia del COFB"}]},{"@type":"WebSite","@id":"https:\/\/www.cofb.org\/#website","url":"https:\/\/www.cofb.org\/","name":"Col\u00b7legi de Farmac\u00e8utics de Barcelona","description":"","publisher":{"@id":"https:\/\/www.cofb.org\/#organization"},"potentialAction":[{"@type":"SearchAction","target":{"@type":"EntryPoint","urlTemplate":"https:\/\/www.cofb.org\/?s={search_term_string}"},"query-input":"required name=search_term_string"}],"inLanguage":"es"},{"@type":"Organization","@id":"https:\/\/www.cofb.org\/#organization","name":"Col\u00b7legi de Farmac\u00e8utics de Barcelona","url":"https:\/\/www.cofb.org\/","logo":{"@type":"ImageObject","inLanguage":"es","@id":"https:\/\/www.cofb.org\/#\/schema\/logo\/image\/","url":"https:\/\/www.cofb.org\/wp-content\/uploads\/2023\/11\/cropped-Logotip-COFB.png","contentUrl":"https:\/\/www.cofb.org\/wp-content\/uploads\/2023\/11\/cropped-Logotip-COFB.png","width":500,"height":105,"caption":"Col\u00b7legi de Farmac\u00e8utics de Barcelona"},"image":{"@id":"https:\/\/www.cofb.org\/#\/schema\/logo\/image\/"},"sameAs":["https:\/\/www.facebook.com\/farmaceuticsbcn\/","https:\/\/twitter.com\/farmaceuticsbcn","https:\/\/www.instagram.com\/farmaceuticsbcn\/","https:\/\/www.linkedin.com\/company\/farmaceuticsbcn\/"]},{"@type":"Person","@id":"https:\/\/www.cofb.org\/#\/schema\/person\/22ed7eea88da74b0fa4d3154ad87ffcb","name":"wpAdminCofbOrg","image":{"@type":"ImageObject","inLanguage":"es","@id":"https:\/\/www.cofb.org\/#\/schema\/person\/image\/","url":"https:\/\/secure.gravatar.com\/avatar\/1721b20b3b8ca882c3b56ec6c978c594fff670e40c0718e9190eaeeb76aae7d8?s=96&d=mm&r=g","contentUrl":"https:\/\/secure.gravatar.com\/avatar\/1721b20b3b8ca882c3b56ec6c978c594fff670e40c0718e9190eaeeb76aae7d8?s=96&d=mm&r=g","caption":"wpAdminCofbOrg"},"sameAs":["http:\/\/192.168.64.122\/wordpress"],"url":"https:\/\/www.cofb.org\/es\/author\/wpadmincofborg\/"}]}},"uagb_featured_image_src":{"full":false,"thumbnail":false,"medium":false,"medium_large":false,"large":false,"1536x1536":false,"2048x2048":false,"trp-custom-language-flag":false},"uagb_author_info":{"display_name":"wpAdminCofbOrg","author_link":"https:\/\/www.cofb.org\/es\/author\/wpadmincofborg\/"},"uagb_comment_info":0,"uagb_excerpt":"La\u00a0Secci\u00f3 de Fotografia del Col\u00b7legi de Farmac\u00e8utics de Barcelona\u00a0(FotoCofb) convoca el\u00a0VI Concurs de Fotografia\u00a0per a tots els\u00a0farmac\u00e8utics col\u00b7legiats i els seus familiars, majors d&#8217;edat, de primer grau. Tem\u00e0tica La tem\u00e0tica d&#8217;enguany tracta del desconfinament, sota el nom &#8220;Desconfinament, allegro ma non troppo&#8221;, les fotografies han de partir d&#8217;aquesta base: fotografies [&hellip;]","_links":{"self":[{"href":"https:\/\/www.cofb.org\/es\/wp-json\/wp\/v2\/posts\/55682","targetHints":{"allow":["GET"]}}],"collection":[{"href":"https:\/\/www.cofb.org\/es\/wp-json\/wp\/v2\/posts"}],"about":[{"href":"https:\/\/www.cofb.org\/es\/wp-json\/wp\/v2\/types\/post"}],"author":[{"embeddable":true,"href":"https:\/\/www.cofb.org\/es\/wp-json\/wp\/v2\/users\/1"}],"replies":[{"embeddable":true,"href":"https:\/\/www.cofb.org\/es\/wp-json\/wp\/v2\/comments?post=55682"}],"version-history":[{"count":0,"href":"https:\/\/www.cofb.org\/es\/wp-json\/wp\/v2\/posts\/55682\/revisions"}],"wp:featuredmedia":[{"embeddable":true,"href":"https:\/\/www.cofb.org\/es\/wp-json\/"}],"wp:attachment":[{"href":"https:\/\/www.cofb.org\/es\/wp-json\/wp\/v2\/media?parent=55682"}],"wp:term":[{"taxonomy":"category","embeddable":true,"href":"https:\/\/www.cofb.org\/es\/wp-json\/wp\/v2\/categories?post=55682"},{"taxonomy":"post_tag","embeddable":true,"href":"https:\/\/www.cofb.org\/es\/wp-json\/wp\/v2\/tags?post=55682"}],"curies":[{"name":"wp","href":"https:\/\/api.w.org\/{rel}","templated":true}]}}