{"id":54735,"date":"2021-03-11T15:11:42","date_gmt":"2021-03-11T13:11:42","guid":{"rendered":"https:\/\/blog.cofb.cat\/?p=54735"},"modified":"2021-03-11T15:11:42","modified_gmt":"2021-03-11T13:11:42","slug":"collegis-farmaceutics-barcelona-madrid-nestle-health-science-impulsen-campanya-promoure-envelliment-saludable-farmacia-comunitaria","status":"publish","type":"post","link":"https:\/\/www.cofb.org\/es\/2021\/03\/11\/collegis-farmaceutics-barcelona-madrid-nestle-health-science-impulsen-campanya-promoure-envelliment-saludable-farmacia-comunitaria\/","title":{"rendered":"Los Colegios de Farmac\u00e9uticos de Barcelona y Madrid y Nestl\u00e9 Health Science impulsan una campa\u00f1a para promover un envejecimiento saludable desde la farmacia comunitaria"},"content":{"rendered":"<p>Los <strong>Colegios de Farmac\u00e9uticos de Barcelona y Madrid<\/strong>, a trav\u00e9s de sus vocal\u00edas de Alimentaci\u00f3n y Nutrici\u00f3n, y con la colaboraci\u00f3n y patrocinio de<strong> Nestl\u00e9 Health Science<\/strong>, impulsar\u00e1n una <strong>campa\u00f1a de intervenci\u00f3n farmac\u00e9utica<\/strong> por <strong>promover un envejecimiento saludable desde la farmacia comunitaria. La participaci\u00f3n est\u00e1 abierta a todos aquellos farmac\u00e9uticos que ejerzan en oficinas de farmacia de Espa\u00f1a y, para adherirse, pueden hacerlo a trav\u00e9s de la web de<a href=\"https:\/\/www.agorasanitaria.com\/campana-para-el-envejecimiento-saludable\/\">\u00c1gora Sanitaria<\/a>.<\/strong><\/p>\n<p><img fetchpriority=\"high\" decoding=\"async\" class=\"aligncenter size-large wp-image-54744\" src=\"https:\/\/blog.cofb.cat\/wp-content\/uploads\/2021\/03\/Campa\u00f1a-envejecimiento-saludable-1024x552.png\" alt=\"\" width=\"620\" height=\"334\" \/><\/p>\n<p>La campa\u00f1a, que empezar\u00e1 el 15 de abril y durar\u00e1 6 meses, tiene como lema <strong>&quot;Hazte mayor, vive mejor&quot; <\/strong>y se enmarca en <strong>el \u00e1rea formativa \u00c1gora de Nutrici\u00f3n y Salud<\/strong>. La presentaci\u00f3n de la iniciativa se celebr\u00f3 el 4 de marzo, con la conferencia <strong><a href=\"https:\/\/www.youtube.com\/watch?v=K31deu4z6FU\">&quot;Nuevas estrategias en el envejecimiento saludable&quot;<\/a><\/strong>, moderada por <strong>Anna Bach-Faig <\/strong>y <strong>Carmen Lozano<\/strong>, vocales de Alimentaci\u00f3n y Nutrici\u00f3n de los Colegios de Farmac\u00e9uticos de Barcelona y Madrid, respectivamente. A su vez, cont\u00f3 con la intervenci\u00f3n conjunta del <strong>Dr. Marco Inzitario<\/strong>, director de Atenci\u00f3n Intermedia, Investigaci\u00f3n y Docencia del Parque Sanitario Pere Virgili y presidente de la Sociedad Catalana de Geriatr\u00eda y Gerontolog\u00eda; y <strong>Guillermo Bagar\u00eda<\/strong>, vocal de Oficina de Farmacia del COFB.<\/p>\n<div class=\"box success\"><\/p>\n<h1><span style=\"color: #008080;\"><strong>\u00bfCu\u00e1les son los objetivos de la campa\u00f1a?<\/strong><\/span><\/h1>\n<p>La campa\u00f1a tiene cinco grandes objetivos:<\/p>\n<ul>\n<li><strong>Promover h\u00e1bitos de vida saludables en personas sanas<\/strong> para mantener su estado de salud.<\/li>\n<li><strong>Sensibilizar sobre la importancia de cuidarse<\/strong>, a partir de la alimentaci\u00f3n y la actividad f\u00edsica, <strong>para envejecer saludablemente y con autonom\u00eda<\/strong>.<\/li>\n<li><strong>Implementar un protocolo de cribado para personas mayores de 65 a\u00f1os<\/strong>, mediante herramientas de detecci\u00f3n precoz de la desnutrici\u00f3n y riesgo de sarcopenia en el contexto de la farmacia comunitaria que sea factible y generalizado.<\/li>\n<li><strong>Ayudar a mejorar el estado nutricional y de salud de los adultos mayores de 65 a\u00f1os en situaci\u00f3n de riesgo o malnutrici\u00f3n.<\/strong><\/li>\n<li>Posicionar al farmac\u00e9utico como <strong>profesional sanitario experto<\/strong> que puede evaluar y asesorar en temas de alimentaci\u00f3n y nutrici\u00f3n.<\/li>\n<\/ul>\n<p><\/div>\n<h1><span style=\"color: #008080;\"><strong>\u00bfC\u00f3mo funcionar\u00e1?<\/strong><\/span><\/h1>\n<p>Los <strong>farmac\u00e9uticos<\/strong> que quieran participar, <strong>tendr\u00e1n tiempo hasta el 29 de marzo para completar una formaci\u00f3n online gratuita de 4 horas<\/strong>, donde se aportar\u00e1n los conocimientos necesarios para llevar a cabo la intervenci\u00f3n y se detallar\u00e1 el protocolo de \u00e9sta.<\/p>\n<p>Una vez que la campa\u00f1a se haya iniciado el 15 de abril, el objetivo es poner en pr\u00e1ctica <strong>un Servicio Profesional Farmac\u00e9utico Asistencial (SPFA)<\/strong> para la <strong>detecci\u00f3n <\/strong>y <strong>prevenci\u00f3n<\/strong> del deterioro nutricional y funcional, junto con la promoci\u00f3n de la salud en las personas mayores.<\/p>\n<p>En primer lugar, los farmac\u00e9uticos entrevistar\u00e1n <strong>poblaci\u00f3n mayor de 65 a\u00f1os<\/strong> (atendida directamente oa trav\u00e9s de sus cuidadores). Lo har\u00e1n a trav\u00e9s de los cuestionarios <strong>MNA<\/strong> y <strong>SARC-F<\/strong>, que eval\u00faan el<strong>estado nutricional y funcional<\/strong>, y que permiten detectar situaciones de desnutrici\u00f3n, que puedan sugerir la derivaci\u00f3n al m\u00e9dico. Una vez realizados los cuestionarios, ofrecer\u00e1n consejo nutricional y de actividad f\u00edsica en funci\u00f3n de los resultados de la evaluaci\u00f3n personalizada a trav\u00e9s de <strong>contenidos de educaci\u00f3n sanitaria <\/strong>sobre alimentaci\u00f3n y ejercicio f\u00edsico, entre otros.<\/p>\n<p>La campa\u00f1a tambi\u00e9n contempla una <strong>reevaluaci\u00f3n peri\u00f3dica<\/strong> (hasta los 6 meses). <strong>Los resultados e intervenciones se registran a trav\u00e9s de una aplicaci\u00f3n web, que permitir\u00e1 generar informes personalizados para el usuario y\/o el cuidador<\/strong>. A su vez, las farmacias participantes recibir\u00e1n un kit con <strong>materiales f\u00edsicos y v\u00eddeos divulgativos<\/strong> que les servir\u00e1n de apoyo a la hora de realizar educaci\u00f3n sanitaria.<\/p>\n<div class=\"box info\"><\/p>\n<h1><span style=\"color: #008080;\"><strong>Calendario de la campa\u00f1a<\/strong><\/span><\/h1>\n<ul>\n<li>Hasta el <strong>25 de marzo<\/strong>: <a href=\"https:\/\/www.agorasanitaria.com\/campana-para-el-envejecimiento-saludable\/\">Adhesi\u00f3n a la campa\u00f1a<\/a>.<\/li>\n<li>Entre el <strong>5 y 29 de marzo<\/strong>: Formaci\u00f3n de los farmac\u00e9uticos participantes.<\/li>\n<li>Entre el <strong>12 y el 15 de abril<\/strong>: Recepci\u00f3n de materiales.<\/li>\n<li><strong>15 de abril<\/strong>: Inicio de la campa\u00f1a.<\/li>\n<\/ul>\n<p><\/div>\n<p><strong>Otras publicaciones de inter\u00e9s:<\/strong><\/p>\n<ul>\n<li><a href=\"https:\/\/blog.cofb.cat\/mes-90-dels-usuaris-que-shan-format-agora-nutricio-salut-recomanarien-cursos\/\" target=\"_blank\" rel=\"noopener\">M\u00e1s del 90% de los usuarios que se han formado con \u00c1gora de Nutrici\u00f3n y Salud recomendar\u00edan sus cursos (Enero 2021)<\/a><\/li>\n<li><a href=\"https:\/\/blog.cofb.cat\/agora-nutricio-salut-posa-marxa-primera-edicio-curs-sobre-intervencio-farmaceutica-disfagia\/\" target=\"_blank\" rel=\"noopener\">\u00c1gora de Nutrici\u00f3n y Salud pone en marcha la primera edici\u00f3n del curso sobre intervenci\u00f3n farmac\u00e9utica en disfagia (Octubre 2019)<\/a><\/li>\n<\/ul>","protected":false},"excerpt":{"rendered":"<p>Los Colegios de Farmac\u00e9uticos de Barcelona y Madrid, a trav\u00e9s de sus vocal\u00edas de Alimentaci\u00f3n y Nutrici\u00f3n, y con la colaboraci\u00f3n y patrocinio de Nestl\u00e9 Health Science, impulsar\u00e1n una campa\u00f1a de intervenci\u00f3n farmac\u00e9utica para promover un envejecimiento saludable desde la farmacia comunitaria. La participaci\u00f3n est\u00e1 abierta a todos aquellos farmac\u00e9uticos que [\u2026]<\/p>","protected":false},"author":1,"featured_media":54744,"comment_status":"open","ping_status":"open","sticky":false,"template":"","format":"standard","meta":{"_uag_custom_page_level_css":"","site-sidebar-layout":"default","site-content-layout":"","ast-site-content-layout":"default","site-content-style":"default","site-sidebar-style":"default","ast-global-header-display":"","ast-banner-title-visibility":"","ast-main-header-display":"","ast-hfb-above-header-display":"","ast-hfb-below-header-display":"","ast-hfb-mobile-header-display":"","site-post-title":"","ast-breadcrumbs-content":"","ast-featured-img":"disabled","footer-sml-layout":"","theme-transparent-header-meta":"","adv-header-id-meta":"","stick-header-meta":"","header-above-stick-meta":"","header-main-stick-meta":"","header-below-stick-meta":"","astra-migrate-meta-layouts":"default","ast-page-background-enabled":"default","ast-page-background-meta":{"desktop":{"background-color":"var(--ast-global-color-4)","background-image":"","background-repeat":"repeat","background-position":"center center","background-size":"auto","background-attachment":"scroll","background-type":"","background-media":"","overlay-type":"","overlay-color":"","overlay-opacity":"","overlay-gradient":""},"tablet":{"background-color":"","background-image":"","background-repeat":"repeat","background-position":"center center","background-size":"auto","background-attachment":"scroll","background-type":"","background-media":"","overlay-type":"","overlay-color":"","overlay-opacity":"","overlay-gradient":""},"mobile":{"background-color":"","background-image":"","background-repeat":"repeat","background-position":"center center","background-size":"auto","background-attachment":"scroll","background-type":"","background-media":"","overlay-type":"","overlay-color":"","overlay-opacity":"","overlay-gradient":""}},"ast-content-background-meta":{"desktop":{"background-color":"var(--ast-global-color-5)","background-image":"","background-repeat":"repeat","background-position":"center center","background-size":"auto","background-attachment":"scroll","background-type":"","background-media":"","overlay-type":"","overlay-color":"","overlay-opacity":"","overlay-gradient":""},"tablet":{"background-color":"var(--ast-global-color-5)","background-image":"","background-repeat":"repeat","background-position":"center center","background-size":"auto","background-attachment":"scroll","background-type":"","background-media":"","overlay-type":"","overlay-color":"","overlay-opacity":"","overlay-gradient":""},"mobile":{"background-color":"var(--ast-global-color-5)","background-image":"","background-repeat":"repeat","background-position":"center center","background-size":"auto","background-attachment":"scroll","background-type":"","background-media":"","overlay-type":"","overlay-color":"","overlay-opacity":"","overlay-gradient":""}},"footnotes":""},"categories":[23,57],"tags":[559,36,594,101,4166,3042,53,24,68,69,46,262,117,3045,4529],"class_list":["post-54735","post","type-post","status-publish","format-standard","has-post-thumbnail","hentry","category-destacats","category-mon-collegial","tag-activitat-fisica","tag-alimentacio","tag-envelliment-saludable","tag-esport","tag-estil-de-vida-actiu","tag-estil-de-vida-saludable","tag-farmaceutics","tag-farmaceutics-comunitaris","tag-farmacia","tag-farmacia-comunitaria","tag-nutricio","tag-oficines-de-farmacia","tag-salut","tag-sarcopenia","tag-vida-saludable"],"yoast_head":"<!-- This site is optimized with the Yoast SEO plugin v22.4 - https:\/\/yoast.com\/wordpress\/plugins\/seo\/ -->\n<title>Els Col\u00b7legis de Farmac\u00e8utics de Barcelona i Madrid i Nestl\u00e9 Health Science impulsen una campanya per promoure un envelliment saludable des de la farm\u00e0cia comunit\u00e0ria - Col\u00b7legi de Farmac\u00e8utics de Barcelona<\/title>\n<meta name=\"description\" content=\"Els Col\u00b7legis de Farmac\u00e8utics de Barcelona i Madrid, a trav\u00e9s de les seves vocalies d&#039;Alimentaci\u00f3 i Nutrici\u00f3, i amb la col\u00b7laboraci\u00f3 i patrocini de Nestl\u00e9 Health Science, impulsaran una campanya d&#039;intervenci\u00f3 farmac\u00e8utica per promoure\u00a0un envelliment saludable a la farm\u00e0cia comunit\u00e0ria.\" \/>\n<meta name=\"robots\" content=\"index, follow, max-snippet:-1, max-image-preview:large, max-video-preview:-1\" \/>\n<link rel=\"canonical\" href=\"https:\/\/novaorg.cofb.net\/2021\/03\/11\/collegis-farmaceutics-barcelona-madrid-nestle-health-science-impulsen-campanya-promoure-envelliment-saludable-farmacia-comunitaria\/\" \/>\n<meta property=\"og:locale\" content=\"es_ES\" \/>\n<meta property=\"og:type\" content=\"article\" \/>\n<meta property=\"og:title\" content=\"Els Col\u00b7legis de Farmac\u00e8utics de Barcelona i Madrid i Nestl\u00e9 Health Science impulsen una campanya per promoure un envelliment saludable des de la farm\u00e0cia comunit\u00e0ria - Col\u00b7legi de Farmac\u00e8utics de Barcelona\" \/>\n<meta property=\"og:description\" content=\"Els Col\u00b7legis de Farmac\u00e8utics de Barcelona i Madrid, a trav\u00e9s de les seves vocalies d&#039;Alimentaci\u00f3 i Nutrici\u00f3, i amb la col\u00b7laboraci\u00f3 i patrocini de Nestl\u00e9 Health Science, impulsaran una campanya d&#039;intervenci\u00f3 farmac\u00e8utica per promoure\u00a0un envelliment saludable a la farm\u00e0cia comunit\u00e0ria.\" \/>\n<meta property=\"og:url\" content=\"https:\/\/novaorg.cofb.net\/2021\/03\/11\/collegis-farmaceutics-barcelona-madrid-nestle-health-science-impulsen-campanya-promoure-envelliment-saludable-farmacia-comunitaria\/\" \/>\n<meta property=\"og:site_name\" content=\"Col\u00b7legi de Farmac\u00e8utics de Barcelona\" \/>\n<meta property=\"article:publisher\" content=\"https:\/\/www.facebook.com\/farmaceuticsbcn\/\" \/>\n<meta property=\"article:published_time\" content=\"2021-03-11T13:11:42+00:00\" \/>\n<meta name=\"author\" content=\"wpAdminCofbOrg\" \/>\n<meta name=\"twitter:card\" content=\"summary_large_image\" \/>\n<meta name=\"twitter:creator\" content=\"@farmaceuticsbcn\" \/>\n<meta name=\"twitter:site\" content=\"@farmaceuticsbcn\" \/>\n<meta name=\"twitter:label1\" content=\"Escrito por\" \/>\n\t<meta name=\"twitter:data1\" content=\"wpAdminCofbOrg\" \/>\n\t<meta name=\"twitter:label2\" content=\"Tiempo de lectura\" \/>\n\t<meta name=\"twitter:data2\" content=\"3 minutos\" \/>\n<script type=\"application\/ld+json\" class=\"yoast-schema-graph\">{\"@context\":\"https:\/\/schema.org\",\"@graph\":[{\"@type\":\"Article\",\"@id\":\"https:\/\/novaorg.cofb.net\/2021\/03\/11\/collegis-farmaceutics-barcelona-madrid-nestle-health-science-impulsen-campanya-promoure-envelliment-saludable-farmacia-comunitaria\/#article\",\"isPartOf\":{\"@id\":\"https:\/\/novaorg.cofb.net\/2021\/03\/11\/collegis-farmaceutics-barcelona-madrid-nestle-health-science-impulsen-campanya-promoure-envelliment-saludable-farmacia-comunitaria\/\"},\"author\":{\"name\":\"wpAdminCofbOrg\",\"@id\":\"https:\/\/www.cofb.org\/#\/schema\/person\/22ed7eea88da74b0fa4d3154ad87ffcb\"},\"headline\":\"Els Col\u00b7legis de Farmac\u00e8utics de Barcelona i Madrid i Nestl\u00e9 Health Science impulsen una campanya per promoure un envelliment saludable des de la farm\u00e0cia comunit\u00e0ria\",\"datePublished\":\"2021-03-11T13:11:42+00:00\",\"dateModified\":\"2021-03-11T13:11:42+00:00\",\"mainEntityOfPage\":{\"@id\":\"https:\/\/novaorg.cofb.net\/2021\/03\/11\/collegis-farmaceutics-barcelona-madrid-nestle-health-science-impulsen-campanya-promoure-envelliment-saludable-farmacia-comunitaria\/\"},\"wordCount\":714,\"commentCount\":0,\"publisher\":{\"@id\":\"https:\/\/www.cofb.org\/#organization\"},\"image\":{\"@id\":\"https:\/\/novaorg.cofb.net\/2021\/03\/11\/collegis-farmaceutics-barcelona-madrid-nestle-health-science-impulsen-campanya-promoure-envelliment-saludable-farmacia-comunitaria\/#primaryimage\"},\"thumbnailUrl\":\"\",\"keywords\":[\"activitat f\u00edsica\",\"alimentaci\u00f3\",\"envelliment saludable\",\"esport\",\"estil de vida actiu\",\"estil de vida saludable\",\"farmac\u00e8utics\",\"farmac\u00e8utics comunitaris\",\"Farm\u00e0cia\",\"farm\u00e0cia comunit\u00e0ria\",\"Nutrici\u00f3\",\"oficines de farm\u00e0cia\",\"salut\",\"sarcop\u00e8nia\",\"vida saludable\"],\"articleSection\":[\"Destacats\",\"M\u00f3n col\u00b7legial\"],\"inLanguage\":\"es\",\"potentialAction\":[{\"@type\":\"CommentAction\",\"name\":\"Comment\",\"target\":[\"https:\/\/novaorg.cofb.net\/2021\/03\/11\/collegis-farmaceutics-barcelona-madrid-nestle-health-science-impulsen-campanya-promoure-envelliment-saludable-farmacia-comunitaria\/#respond\"]}]},{\"@type\":\"WebPage\",\"@id\":\"https:\/\/novaorg.cofb.net\/2021\/03\/11\/collegis-farmaceutics-barcelona-madrid-nestle-health-science-impulsen-campanya-promoure-envelliment-saludable-farmacia-comunitaria\/\",\"url\":\"https:\/\/novaorg.cofb.net\/2021\/03\/11\/collegis-farmaceutics-barcelona-madrid-nestle-health-science-impulsen-campanya-promoure-envelliment-saludable-farmacia-comunitaria\/\",\"name\":\"Els Col\u00b7legis de Farmac\u00e8utics de Barcelona i Madrid i Nestl\u00e9 Health Science impulsen una campanya per promoure un envelliment saludable des de la farm\u00e0cia comunit\u00e0ria - Col\u00b7legi de Farmac\u00e8utics de Barcelona\",\"isPartOf\":{\"@id\":\"https:\/\/www.cofb.org\/#website\"},\"primaryImageOfPage\":{\"@id\":\"https:\/\/novaorg.cofb.net\/2021\/03\/11\/collegis-farmaceutics-barcelona-madrid-nestle-health-science-impulsen-campanya-promoure-envelliment-saludable-farmacia-comunitaria\/#primaryimage\"},\"image\":{\"@id\":\"https:\/\/novaorg.cofb.net\/2021\/03\/11\/collegis-farmaceutics-barcelona-madrid-nestle-health-science-impulsen-campanya-promoure-envelliment-saludable-farmacia-comunitaria\/#primaryimage\"},\"thumbnailUrl\":\"\",\"datePublished\":\"2021-03-11T13:11:42+00:00\",\"dateModified\":\"2021-03-11T13:11:42+00:00\",\"description\":\"Els Col\u00b7legis de Farmac\u00e8utics de Barcelona i Madrid, a trav\u00e9s de les seves vocalies d'Alimentaci\u00f3 i Nutrici\u00f3, i amb la col\u00b7laboraci\u00f3 i patrocini de Nestl\u00e9 Health Science, impulsaran una campanya d'intervenci\u00f3 farmac\u00e8utica per promoure\u00a0un envelliment saludable a la farm\u00e0cia comunit\u00e0ria.\",\"breadcrumb\":{\"@id\":\"https:\/\/novaorg.cofb.net\/2021\/03\/11\/collegis-farmaceutics-barcelona-madrid-nestle-health-science-impulsen-campanya-promoure-envelliment-saludable-farmacia-comunitaria\/#breadcrumb\"},\"inLanguage\":\"es\",\"potentialAction\":[{\"@type\":\"ReadAction\",\"target\":[\"https:\/\/novaorg.cofb.net\/2021\/03\/11\/collegis-farmaceutics-barcelona-madrid-nestle-health-science-impulsen-campanya-promoure-envelliment-saludable-farmacia-comunitaria\/\"]}]},{\"@type\":\"ImageObject\",\"inLanguage\":\"es\",\"@id\":\"https:\/\/novaorg.cofb.net\/2021\/03\/11\/collegis-farmaceutics-barcelona-madrid-nestle-health-science-impulsen-campanya-promoure-envelliment-saludable-farmacia-comunitaria\/#primaryimage\",\"url\":\"\",\"contentUrl\":\"\"},{\"@type\":\"BreadcrumbList\",\"@id\":\"https:\/\/novaorg.cofb.net\/2021\/03\/11\/collegis-farmaceutics-barcelona-madrid-nestle-health-science-impulsen-campanya-promoure-envelliment-saludable-farmacia-comunitaria\/#breadcrumb\",\"itemListElement\":[{\"@type\":\"ListItem\",\"position\":1,\"name\":\"Inici\",\"item\":\"https:\/\/novaorg.cofb.net\/\"},{\"@type\":\"ListItem\",\"position\":2,\"name\":\"Els Col\u00b7legis de Farmac\u00e8utics de Barcelona i Madrid i Nestl\u00e9 Health Science impulsen una campanya per promoure un envelliment saludable des de la farm\u00e0cia comunit\u00e0ria\"}]},{\"@type\":\"WebSite\",\"@id\":\"https:\/\/www.cofb.org\/#website\",\"url\":\"https:\/\/www.cofb.org\/\",\"name\":\"Col\u00b7legi de Farmac\u00e8utics de Barcelona\",\"description\":\"\",\"publisher\":{\"@id\":\"https:\/\/www.cofb.org\/#organization\"},\"potentialAction\":[{\"@type\":\"SearchAction\",\"target\":{\"@type\":\"EntryPoint\",\"urlTemplate\":\"https:\/\/www.cofb.org\/?s={search_term_string}\"},\"query-input\":\"required name=search_term_string\"}],\"inLanguage\":\"es\"},{\"@type\":\"Organization\",\"@id\":\"https:\/\/www.cofb.org\/#organization\",\"name\":\"Col\u00b7legi de Farmac\u00e8utics de Barcelona\",\"url\":\"https:\/\/www.cofb.org\/\",\"logo\":{\"@type\":\"ImageObject\",\"inLanguage\":\"es\",\"@id\":\"https:\/\/www.cofb.org\/#\/schema\/logo\/image\/\",\"url\":\"https:\/\/www.cofb.org\/wp-content\/uploads\/2023\/11\/cropped-Logotip-COFB.png\",\"contentUrl\":\"https:\/\/www.cofb.org\/wp-content\/uploads\/2023\/11\/cropped-Logotip-COFB.png\",\"width\":500,\"height\":105,\"caption\":\"Col\u00b7legi de Farmac\u00e8utics de Barcelona\"},\"image\":{\"@id\":\"https:\/\/www.cofb.org\/#\/schema\/logo\/image\/\"},\"sameAs\":[\"https:\/\/www.facebook.com\/farmaceuticsbcn\/\",\"https:\/\/twitter.com\/farmaceuticsbcn\",\"https:\/\/www.instagram.com\/farmaceuticsbcn\/\",\"https:\/\/www.linkedin.com\/company\/farmaceuticsbcn\/\"]},{\"@type\":\"Person\",\"@id\":\"https:\/\/www.cofb.org\/#\/schema\/person\/22ed7eea88da74b0fa4d3154ad87ffcb\",\"name\":\"wpAdminCofbOrg\",\"image\":{\"@type\":\"ImageObject\",\"inLanguage\":\"es\",\"@id\":\"https:\/\/www.cofb.org\/#\/schema\/person\/image\/\",\"url\":\"https:\/\/secure.gravatar.com\/avatar\/1721b20b3b8ca882c3b56ec6c978c594fff670e40c0718e9190eaeeb76aae7d8?s=96&d=mm&r=g\",\"contentUrl\":\"https:\/\/secure.gravatar.com\/avatar\/1721b20b3b8ca882c3b56ec6c978c594fff670e40c0718e9190eaeeb76aae7d8?s=96&d=mm&r=g\",\"caption\":\"wpAdminCofbOrg\"},\"sameAs\":[\"http:\/\/192.168.64.122\/wordpress\"],\"url\":\"https:\/\/www.cofb.org\/es\/author\/wpadmincofborg\/\"}]}<\/script>\n<!-- \/ Yoast SEO plugin. -->","yoast_head_json":{"title":"Els Col\u00b7legis de Farmac\u00e8utics de Barcelona i Madrid i Nestl\u00e9 Health Science impulsen una campanya per promoure un envelliment saludable des de la farm\u00e0cia comunit\u00e0ria - Col\u00b7legi de Farmac\u00e8utics de Barcelona","description":"Els Col\u00b7legis de Farmac\u00e8utics de Barcelona i Madrid, a trav\u00e9s de les seves vocalies d'Alimentaci\u00f3 i Nutrici\u00f3, i amb la col\u00b7laboraci\u00f3 i patrocini de Nestl\u00e9 Health Science, impulsaran una campanya d'intervenci\u00f3 farmac\u00e8utica per promoure\u00a0un envelliment saludable a la farm\u00e0cia comunit\u00e0ria.","robots":{"index":"index","follow":"follow","max-snippet":"max-snippet:-1","max-image-preview":"max-image-preview:large","max-video-preview":"max-video-preview:-1"},"canonical":"https:\/\/novaorg.cofb.net\/2021\/03\/11\/collegis-farmaceutics-barcelona-madrid-nestle-health-science-impulsen-campanya-promoure-envelliment-saludable-farmacia-comunitaria\/","og_locale":"es_ES","og_type":"article","og_title":"Els Col\u00b7legis de Farmac\u00e8utics de Barcelona i Madrid i Nestl\u00e9 Health Science impulsen una campanya per promoure un envelliment saludable des de la farm\u00e0cia comunit\u00e0ria - Col\u00b7legi de Farmac\u00e8utics de Barcelona","og_description":"Els Col\u00b7legis de Farmac\u00e8utics de Barcelona i Madrid, a trav\u00e9s de les seves vocalies d'Alimentaci\u00f3 i Nutrici\u00f3, i amb la col\u00b7laboraci\u00f3 i patrocini de Nestl\u00e9 Health Science, impulsaran una campanya d'intervenci\u00f3 farmac\u00e8utica per promoure\u00a0un envelliment saludable a la farm\u00e0cia comunit\u00e0ria.","og_url":"https:\/\/novaorg.cofb.net\/2021\/03\/11\/collegis-farmaceutics-barcelona-madrid-nestle-health-science-impulsen-campanya-promoure-envelliment-saludable-farmacia-comunitaria\/","og_site_name":"Col\u00b7legi de Farmac\u00e8utics de Barcelona","article_publisher":"https:\/\/www.facebook.com\/farmaceuticsbcn\/","article_published_time":"2021-03-11T13:11:42+00:00","author":"wpAdminCofbOrg","twitter_card":"summary_large_image","twitter_creator":"@farmaceuticsbcn","twitter_site":"@farmaceuticsbcn","twitter_misc":{"Escrito por":"wpAdminCofbOrg","Tiempo de lectura":"3 minutos"},"schema":{"@context":"https:\/\/schema.org","@graph":[{"@type":"Article","@id":"https:\/\/novaorg.cofb.net\/2021\/03\/11\/collegis-farmaceutics-barcelona-madrid-nestle-health-science-impulsen-campanya-promoure-envelliment-saludable-farmacia-comunitaria\/#article","isPartOf":{"@id":"https:\/\/novaorg.cofb.net\/2021\/03\/11\/collegis-farmaceutics-barcelona-madrid-nestle-health-science-impulsen-campanya-promoure-envelliment-saludable-farmacia-comunitaria\/"},"author":{"name":"wpAdminCofbOrg","@id":"https:\/\/www.cofb.org\/#\/schema\/person\/22ed7eea88da74b0fa4d3154ad87ffcb"},"headline":"Els Col\u00b7legis de Farmac\u00e8utics de Barcelona i Madrid i Nestl\u00e9 Health Science impulsen una campanya per promoure un envelliment saludable des de la farm\u00e0cia comunit\u00e0ria","datePublished":"2021-03-11T13:11:42+00:00","dateModified":"2021-03-11T13:11:42+00:00","mainEntityOfPage":{"@id":"https:\/\/novaorg.cofb.net\/2021\/03\/11\/collegis-farmaceutics-barcelona-madrid-nestle-health-science-impulsen-campanya-promoure-envelliment-saludable-farmacia-comunitaria\/"},"wordCount":714,"commentCount":0,"publisher":{"@id":"https:\/\/www.cofb.org\/#organization"},"image":{"@id":"https:\/\/novaorg.cofb.net\/2021\/03\/11\/collegis-farmaceutics-barcelona-madrid-nestle-health-science-impulsen-campanya-promoure-envelliment-saludable-farmacia-comunitaria\/#primaryimage"},"thumbnailUrl":"","keywords":["activitat f\u00edsica","alimentaci\u00f3","envelliment saludable","esport","estil de vida actiu","estil de vida saludable","farmac\u00e8utics","farmac\u00e8utics comunitaris","Farm\u00e0cia","farm\u00e0cia comunit\u00e0ria","Nutrici\u00f3","oficines de farm\u00e0cia","salut","sarcop\u00e8nia","vida saludable"],"articleSection":["Destacats","M\u00f3n col\u00b7legial"],"inLanguage":"es","potentialAction":[{"@type":"CommentAction","name":"Comment","target":["https:\/\/novaorg.cofb.net\/2021\/03\/11\/collegis-farmaceutics-barcelona-madrid-nestle-health-science-impulsen-campanya-promoure-envelliment-saludable-farmacia-comunitaria\/#respond"]}]},{"@type":"WebPage","@id":"https:\/\/novaorg.cofb.net\/2021\/03\/11\/collegis-farmaceutics-barcelona-madrid-nestle-health-science-impulsen-campanya-promoure-envelliment-saludable-farmacia-comunitaria\/","url":"https:\/\/novaorg.cofb.net\/2021\/03\/11\/collegis-farmaceutics-barcelona-madrid-nestle-health-science-impulsen-campanya-promoure-envelliment-saludable-farmacia-comunitaria\/","name":"Els Col\u00b7legis de Farmac\u00e8utics de Barcelona i Madrid i Nestl\u00e9 Health Science impulsen una campanya per promoure un envelliment saludable des de la farm\u00e0cia comunit\u00e0ria - Col\u00b7legi de Farmac\u00e8utics de Barcelona","isPartOf":{"@id":"https:\/\/www.cofb.org\/#website"},"primaryImageOfPage":{"@id":"https:\/\/novaorg.cofb.net\/2021\/03\/11\/collegis-farmaceutics-barcelona-madrid-nestle-health-science-impulsen-campanya-promoure-envelliment-saludable-farmacia-comunitaria\/#primaryimage"},"image":{"@id":"https:\/\/novaorg.cofb.net\/2021\/03\/11\/collegis-farmaceutics-barcelona-madrid-nestle-health-science-impulsen-campanya-promoure-envelliment-saludable-farmacia-comunitaria\/#primaryimage"},"thumbnailUrl":"","datePublished":"2021-03-11T13:11:42+00:00","dateModified":"2021-03-11T13:11:42+00:00","description":"Els Col\u00b7legis de Farmac\u00e8utics de Barcelona i Madrid, a trav\u00e9s de les seves vocalies d'Alimentaci\u00f3 i Nutrici\u00f3, i amb la col\u00b7laboraci\u00f3 i patrocini de Nestl\u00e9 Health Science, impulsaran una campanya d'intervenci\u00f3 farmac\u00e8utica per promoure\u00a0un envelliment saludable a la farm\u00e0cia comunit\u00e0ria.","breadcrumb":{"@id":"https:\/\/novaorg.cofb.net\/2021\/03\/11\/collegis-farmaceutics-barcelona-madrid-nestle-health-science-impulsen-campanya-promoure-envelliment-saludable-farmacia-comunitaria\/#breadcrumb"},"inLanguage":"es","potentialAction":[{"@type":"ReadAction","target":["https:\/\/novaorg.cofb.net\/2021\/03\/11\/collegis-farmaceutics-barcelona-madrid-nestle-health-science-impulsen-campanya-promoure-envelliment-saludable-farmacia-comunitaria\/"]}]},{"@type":"ImageObject","inLanguage":"es","@id":"https:\/\/novaorg.cofb.net\/2021\/03\/11\/collegis-farmaceutics-barcelona-madrid-nestle-health-science-impulsen-campanya-promoure-envelliment-saludable-farmacia-comunitaria\/#primaryimage","url":"","contentUrl":""},{"@type":"BreadcrumbList","@id":"https:\/\/novaorg.cofb.net\/2021\/03\/11\/collegis-farmaceutics-barcelona-madrid-nestle-health-science-impulsen-campanya-promoure-envelliment-saludable-farmacia-comunitaria\/#breadcrumb","itemListElement":[{"@type":"ListItem","position":1,"name":"Inici","item":"https:\/\/novaorg.cofb.net\/"},{"@type":"ListItem","position":2,"name":"Els Col\u00b7legis de Farmac\u00e8utics de Barcelona i Madrid i Nestl\u00e9 Health Science impulsen una campanya per promoure un envelliment saludable des de la farm\u00e0cia comunit\u00e0ria"}]},{"@type":"WebSite","@id":"https:\/\/www.cofb.org\/#website","url":"https:\/\/www.cofb.org\/","name":"Col\u00b7legi de Farmac\u00e8utics de Barcelona","description":"","publisher":{"@id":"https:\/\/www.cofb.org\/#organization"},"potentialAction":[{"@type":"SearchAction","target":{"@type":"EntryPoint","urlTemplate":"https:\/\/www.cofb.org\/?s={search_term_string}"},"query-input":"required name=search_term_string"}],"inLanguage":"es"},{"@type":"Organization","@id":"https:\/\/www.cofb.org\/#organization","name":"Col\u00b7legi de Farmac\u00e8utics de Barcelona","url":"https:\/\/www.cofb.org\/","logo":{"@type":"ImageObject","inLanguage":"es","@id":"https:\/\/www.cofb.org\/#\/schema\/logo\/image\/","url":"https:\/\/www.cofb.org\/wp-content\/uploads\/2023\/11\/cropped-Logotip-COFB.png","contentUrl":"https:\/\/www.cofb.org\/wp-content\/uploads\/2023\/11\/cropped-Logotip-COFB.png","width":500,"height":105,"caption":"Col\u00b7legi de Farmac\u00e8utics de Barcelona"},"image":{"@id":"https:\/\/www.cofb.org\/#\/schema\/logo\/image\/"},"sameAs":["https:\/\/www.facebook.com\/farmaceuticsbcn\/","https:\/\/twitter.com\/farmaceuticsbcn","https:\/\/www.instagram.com\/farmaceuticsbcn\/","https:\/\/www.linkedin.com\/company\/farmaceuticsbcn\/"]},{"@type":"Person","@id":"https:\/\/www.cofb.org\/#\/schema\/person\/22ed7eea88da74b0fa4d3154ad87ffcb","name":"wpAdminCofbOrg","image":{"@type":"ImageObject","inLanguage":"es","@id":"https:\/\/www.cofb.org\/#\/schema\/person\/image\/","url":"https:\/\/secure.gravatar.com\/avatar\/1721b20b3b8ca882c3b56ec6c978c594fff670e40c0718e9190eaeeb76aae7d8?s=96&d=mm&r=g","contentUrl":"https:\/\/secure.gravatar.com\/avatar\/1721b20b3b8ca882c3b56ec6c978c594fff670e40c0718e9190eaeeb76aae7d8?s=96&d=mm&r=g","caption":"wpAdminCofbOrg"},"sameAs":["http:\/\/192.168.64.122\/wordpress"],"url":"https:\/\/www.cofb.org\/es\/author\/wpadmincofborg\/"}]}},"uagb_featured_image_src":{"full":false,"thumbnail":false,"medium":false,"medium_large":false,"large":false,"1536x1536":false,"2048x2048":false,"trp-custom-language-flag":false},"uagb_author_info":{"display_name":"wpAdminCofbOrg","author_link":"https:\/\/www.cofb.org\/es\/author\/wpadmincofborg\/"},"uagb_comment_info":0,"uagb_excerpt":"Els Col\u00b7legis de Farmac\u00e8utics de Barcelona i Madrid, a trav\u00e9s de les seves vocalies d&#8217;Alimentaci\u00f3 i Nutrici\u00f3, i amb la col\u00b7laboraci\u00f3 i patrocini de Nestl\u00e9 Health Science, impulsaran una campanya d&#8217;intervenci\u00f3 farmac\u00e8utica per promoure\u00a0un envelliment saludable des de la farm\u00e0cia comunit\u00e0ria. La participaci\u00f3 est\u00e0 oberta a tots aquells farmac\u00e8utics que [&hellip;]","_links":{"self":[{"href":"https:\/\/www.cofb.org\/es\/wp-json\/wp\/v2\/posts\/54735","targetHints":{"allow":["GET"]}}],"collection":[{"href":"https:\/\/www.cofb.org\/es\/wp-json\/wp\/v2\/posts"}],"about":[{"href":"https:\/\/www.cofb.org\/es\/wp-json\/wp\/v2\/types\/post"}],"author":[{"embeddable":true,"href":"https:\/\/www.cofb.org\/es\/wp-json\/wp\/v2\/users\/1"}],"replies":[{"embeddable":true,"href":"https:\/\/www.cofb.org\/es\/wp-json\/wp\/v2\/comments?post=54735"}],"version-history":[{"count":0,"href":"https:\/\/www.cofb.org\/es\/wp-json\/wp\/v2\/posts\/54735\/revisions"}],"wp:featuredmedia":[{"embeddable":true,"href":"https:\/\/www.cofb.org\/es\/wp-json\/"}],"wp:attachment":[{"href":"https:\/\/www.cofb.org\/es\/wp-json\/wp\/v2\/media?parent=54735"}],"wp:term":[{"taxonomy":"category","embeddable":true,"href":"https:\/\/www.cofb.org\/es\/wp-json\/wp\/v2\/categories?post=54735"},{"taxonomy":"post_tag","embeddable":true,"href":"https:\/\/www.cofb.org\/es\/wp-json\/wp\/v2\/tags?post=54735"}],"curies":[{"name":"wp","href":"https:\/\/api.w.org\/{rel}","templated":true}]}}