{"id":54333,"date":"2021-02-18T18:48:03","date_gmt":"2021-02-18T16:48:03","guid":{"rendered":"https:\/\/blog.cofb.cat\/?p=54333"},"modified":"2021-02-18T18:48:03","modified_gmt":"2021-02-18T16:48:03","slug":"versio-presencial-dinfarma-ajorna-seva-celebracio-fins-2022","status":"publish","type":"post","link":"https:\/\/www.cofb.org\/es\/2021\/02\/18\/versio-presencial-dinfarma-ajorna-seva-celebracio-fins-2022\/","title":{"rendered":"La versi\u00f3n presencial de Infarma aplaza su celebraci\u00f3n hasta el 2022"},"content":{"rendered":"<p>El Comit\u00e9 Organizador de Infarma, el Congreso y Sal\u00f3n organizado por los Colegios de Farmac\u00e9uticos de Madrid y Barcelona, conjuntamente con Interalia, ha optado, finalmente, por un <strong>formato virtual<\/strong> este 2021, mientras que la edici\u00f3n presencial de Infarma Madrid se aplaza, en principio, hasta los d\u00edas <strong>22, 23 y 24 de marzo de 2022<\/strong> en Ifema.<\/p>\n<figure id=\"attachment_54345\" aria-describedby=\"caption-attachment-54345\" style=\"width: 620px\" class=\"wp-caption aligncenter\"><img fetchpriority=\"high\" decoding=\"async\" class=\"wp-image-54345 size-large\" title=\"Infarma se celebrar\u00e1 en formato virtual en 2021. \" src=\"https:\/\/blog.cofb.cat\/wp-content\/uploads\/2021\/02\/Infarma-2021-1024x724.jpg\" alt=\"Infarma se celebrar\u00e0 en format virtual aquest 2021. \" width=\"620\" height=\"438\" \/><figcaption id=\"caption-attachment-54345\" class=\"wp-caption-text\">Infarma se celebrar\u00e1 en formato virtual en 2021.<\/figcaption><\/figure>\n<h1><span style=\"color: #008080;\"><strong>Garantizar la salud y la seguridad de los asistentes, una prioridad<\/strong><\/span><\/h1>\n<p>La salud y la seguridad de todos los asistentes son la m\u00e1xima prioridad de la organizaci\u00f3n, cuya voluntad es organizar una feria que cumpla con los altos niveles de calidad y asistencia que caracterizan a Infarma. La celebraci\u00f3n virtual de Infarma en 2021 y presencial en 2022 permite ofrecer a todos los congresistas, visitantes y expositores un encuentro a la altura de sus expectativas.<\/p>\n<h1><span style=\"color: #008080;\"><strong>Plataformas innovadoras online desde donde se podr\u00e1n seguir conferencias y mesas redondas<\/strong><\/span><\/h1>\n<p>Despu\u00e9s del \u00e9xito de<a href=\"https:\/\/blog.cofb.cat\/infarma-jornadas-digitales-covid-19-registra-8-000-connexions-professionals-al-cicle-de-sis-conferencies\/\" target=\"_blank\" rel=\"noopener\"><strong>Infarma Jornadas Digitales COVID-19<\/strong><\/a>, celebradas el 17, 18 y 19 del pasado mes de junio, Infarma 2021 utilizar\u00e1 una de las plataformas online m\u00e1s innovadoras para ofrecer la mejor experiencia a todos los asistentes. Estos podr\u00e1n acceder a un completo programa de <strong>conferencias<\/strong>, <strong>mesas redondas<\/strong> y actividades sobre los temas m\u00e1s actuales para el sector farmac\u00e9utico. Al mismo tiempo, eficaces herramientas de <em>networking<\/em> les permitir\u00e1n encontrar y contactar f\u00e1cilmente con personas y organizaciones de su inter\u00e9s.<\/p>\n<p>As\u00ed pues, Infarma volver\u00e1 a ser, tambi\u00e9n en formato virtual, la <strong>encuentro profesional m\u00e1s importante y de referencia<\/strong>, sobre todo, para el amplio abanico de servicios de la oficina de farmacia. Mientras, la organizaci\u00f3n trabaja ya porque <strong>Infarma Madrid 2022<\/strong> vuelva a ser, con m\u00e1s fuerza que nunca, el<strong>evento imprescindible<\/strong> al servicio de uno de los sectores m\u00e1s din\u00e1micos e innovadores de nuestra econom\u00eda.<\/p>\n<p><strong>Otras publicaciones de inter\u00e9s:<\/strong><\/p>\n<ul>\n<li><a href=\"https:\/\/blog.cofb.cat\/ja-disponibles-ponencies-jornades-digitals-infarma-covid-19\/\" target=\"_blank\" rel=\"noopener\">Ya disponibles las ponencias de las Jornadas Digitales Infarma COVID-19 (Julio 2020)<\/a><\/li>\n<li><a href=\"https:\/\/blog.cofb.cat\/infarma-jornadas-digitales-covid-19-registra-8-000-connexions-professionals-al-cicle-de-sis-conferencies\/\" target=\"_blank\" rel=\"noopener\">&#039;Infarma Jornadas Digitales COVID-19&#039; registra 8.000 conexiones profesionales al ciclo de seis conferencias (Junio 2020)<\/a><\/li>\n<\/ul>","protected":false},"excerpt":{"rendered":"<p>El Comit\u00e9 Organizador de Infarma, el Congreso y Sal\u00f3n organizado por los Colegios de Farmac\u00e9uticos de Madrid y Barcelona, conjuntamente con Interalia, ha optado, finalmente, por un formato virtual este 2021, mientras que la edici\u00f3n presencial de Infarma Madrid es aplaza, en principio, hasta los d\u00edas 22, 23 y 24 de marzo de 2022 en [\u2026]<\/p>","protected":false},"author":1,"featured_media":54345,"comment_status":"open","ping_status":"open","sticky":false,"template":"","format":"standard","meta":{"_uag_custom_page_level_css":"","site-sidebar-layout":"default","site-content-layout":"","ast-site-content-layout":"default","site-content-style":"default","site-sidebar-style":"default","ast-global-header-display":"","ast-banner-title-visibility":"","ast-main-header-display":"","ast-hfb-above-header-display":"","ast-hfb-below-header-display":"","ast-hfb-mobile-header-display":"","site-post-title":"","ast-breadcrumbs-content":"","ast-featured-img":"disabled","footer-sml-layout":"","theme-transparent-header-meta":"","adv-header-id-meta":"","stick-header-meta":"","header-above-stick-meta":"","header-main-stick-meta":"","header-below-stick-meta":"","astra-migrate-meta-layouts":"default","ast-page-background-enabled":"default","ast-page-background-meta":{"desktop":{"background-color":"var(--ast-global-color-4)","background-image":"","background-repeat":"repeat","background-position":"center center","background-size":"auto","background-attachment":"scroll","background-type":"","background-media":"","overlay-type":"","overlay-color":"","overlay-opacity":"","overlay-gradient":""},"tablet":{"background-color":"","background-image":"","background-repeat":"repeat","background-position":"center center","background-size":"auto","background-attachment":"scroll","background-type":"","background-media":"","overlay-type":"","overlay-color":"","overlay-opacity":"","overlay-gradient":""},"mobile":{"background-color":"","background-image":"","background-repeat":"repeat","background-position":"center center","background-size":"auto","background-attachment":"scroll","background-type":"","background-media":"","overlay-type":"","overlay-color":"","overlay-opacity":"","overlay-gradient":""}},"ast-content-background-meta":{"desktop":{"background-color":"var(--ast-global-color-5)","background-image":"","background-repeat":"repeat","background-position":"center center","background-size":"auto","background-attachment":"scroll","background-type":"","background-media":"","overlay-type":"","overlay-color":"","overlay-opacity":"","overlay-gradient":""},"tablet":{"background-color":"var(--ast-global-color-5)","background-image":"","background-repeat":"repeat","background-position":"center center","background-size":"auto","background-attachment":"scroll","background-type":"","background-media":"","overlay-type":"","overlay-color":"","overlay-opacity":"","overlay-gradient":""},"mobile":{"background-color":"var(--ast-global-color-5)","background-image":"","background-repeat":"repeat","background-position":"center center","background-size":"auto","background-attachment":"scroll","background-type":"","background-media":"","overlay-type":"","overlay-color":"","overlay-opacity":"","overlay-gradient":""}},"footnotes":""},"categories":[23,2165],"tags":[573,18,110,19,111,187,90,53,69,70,334,4125,28,4123,4210,4211,4516,262,471,509,117,670],"class_list":["post-54333","post","type-post","status-publish","format-standard","has-post-thumbnail","hentry","category-destacats","category-infarma","tag-actualitat","tag-cofb","tag-cofm","tag-collegi-de-farmaceutics-de-barcelona","tag-congres","tag-congres-i-salo","tag-covid-19","tag-farmaceutics","tag-farmacia-comunitaria","tag-formacio","tag-formacio-online","tag-formacio-virtual","tag-infarma","tag-infarma-2021","tag-jornades-digitals","tag-jornades-digitals-infarma-covid-19","tag-networking","tag-oficines-de-farmacia","tag-pandemia","tag-salo","tag-salut","tag-seguretat"],"yoast_head":"<!-- This site is optimized with the Yoast SEO plugin v22.4 - https:\/\/yoast.com\/wordpress\/plugins\/seo\/ -->\n<title>La versi\u00f3 presencial d\u2019Infarma ajorna la seva celebraci\u00f3 fins al 2022 - Col\u00b7legi de Farmac\u00e8utics de Barcelona<\/title>\n<meta name=\"description\" content=\"El Comit\u00e8 Organitzador d\u2019Infarma, el Congr\u00e9s i Sal\u00f3 organitzat pels Col\u00b7legis de Farmac\u00e8utics de Madrid i Barcelona, conjuntament amb Interalia, ha optat, finalment, per un format virtual aquest 2021.\" \/>\n<meta name=\"robots\" content=\"index, follow, max-snippet:-1, max-image-preview:large, max-video-preview:-1\" \/>\n<link rel=\"canonical\" href=\"https:\/\/www.cofb.org\/es\/2021\/02\/18\/versio-presencial-dinfarma-ajorna-seva-celebracio-fins-2022\/\" \/>\n<meta property=\"og:locale\" content=\"es_ES\" \/>\n<meta property=\"og:type\" content=\"article\" \/>\n<meta property=\"og:title\" content=\"La versi\u00f3 presencial d\u2019Infarma ajorna la seva celebraci\u00f3 fins al 2022 - Col\u00b7legi de Farmac\u00e8utics de Barcelona\" \/>\n<meta property=\"og:description\" content=\"El Comit\u00e8 Organitzador d\u2019Infarma, el Congr\u00e9s i Sal\u00f3 organitzat pels Col\u00b7legis de Farmac\u00e8utics de Madrid i Barcelona, conjuntament amb Interalia, ha optat, finalment, per un format virtual aquest 2021.\" \/>\n<meta property=\"og:url\" content=\"https:\/\/www.cofb.org\/es\/2021\/02\/18\/versio-presencial-dinfarma-ajorna-seva-celebracio-fins-2022\/\" \/>\n<meta property=\"og:site_name\" content=\"Col\u00b7legi de Farmac\u00e8utics de Barcelona\" \/>\n<meta property=\"article:publisher\" content=\"https:\/\/www.facebook.com\/farmaceuticsbcn\/\" \/>\n<meta property=\"article:published_time\" content=\"2021-02-18T16:48:03+00:00\" \/>\n<meta name=\"author\" content=\"wpAdminCofbOrg\" \/>\n<meta name=\"twitter:card\" content=\"summary_large_image\" \/>\n<meta name=\"twitter:creator\" content=\"@farmaceuticsbcn\" \/>\n<meta name=\"twitter:site\" content=\"@farmaceuticsbcn\" \/>\n<meta name=\"twitter:label1\" content=\"Escrito por\" \/>\n\t<meta name=\"twitter:data1\" content=\"wpAdminCofbOrg\" \/>\n\t<meta name=\"twitter:label2\" content=\"Tiempo de lectura\" \/>\n\t<meta name=\"twitter:data2\" content=\"2 minutos\" \/>\n<script type=\"application\/ld+json\" class=\"yoast-schema-graph\">{\"@context\":\"https:\/\/schema.org\",\"@graph\":[{\"@type\":\"Article\",\"@id\":\"https:\/\/www.cofb.org\/2021\/02\/18\/versio-presencial-dinfarma-ajorna-seva-celebracio-fins-2022\/#article\",\"isPartOf\":{\"@id\":\"https:\/\/www.cofb.org\/2021\/02\/18\/versio-presencial-dinfarma-ajorna-seva-celebracio-fins-2022\/\"},\"author\":{\"name\":\"wpAdminCofbOrg\",\"@id\":\"https:\/\/www.cofb.org\/#\/schema\/person\/22ed7eea88da74b0fa4d3154ad87ffcb\"},\"headline\":\"La versi\u00f3 presencial d\u2019Infarma ajorna la seva celebraci\u00f3 fins al 2022\",\"datePublished\":\"2021-02-18T16:48:03+00:00\",\"dateModified\":\"2021-02-18T16:48:03+00:00\",\"mainEntityOfPage\":{\"@id\":\"https:\/\/www.cofb.org\/2021\/02\/18\/versio-presencial-dinfarma-ajorna-seva-celebracio-fins-2022\/\"},\"wordCount\":364,\"commentCount\":0,\"publisher\":{\"@id\":\"https:\/\/www.cofb.org\/#organization\"},\"image\":{\"@id\":\"https:\/\/www.cofb.org\/2021\/02\/18\/versio-presencial-dinfarma-ajorna-seva-celebracio-fins-2022\/#primaryimage\"},\"thumbnailUrl\":\"\",\"keywords\":[\"actualitat\",\"COFB\",\"COFM\",\"Col\u00b7legi de Farmac\u00e8utics de Barcelona\",\"Congr\u00e8s\",\"Congr\u00e9s i Sal\u00f3\",\"COVID-19\",\"farmac\u00e8utics\",\"farm\u00e0cia comunit\u00e0ria\",\"Formaci\u00f3\",\"formaci\u00f3 online\",\"formaci\u00f3 virtual\",\"Infarma\",\"Infarma 2021\",\"Jornades Digitals\",\"Jornades Digitals Infarma COVID-19\",\"networking\",\"oficines de farm\u00e0cia\",\"pand\u00e8mia\",\"Sal\u00f3\",\"salut\",\"seguretat\"],\"articleSection\":[\"Destacats\",\"Infarma\"],\"inLanguage\":\"es\",\"potentialAction\":[{\"@type\":\"CommentAction\",\"name\":\"Comment\",\"target\":[\"https:\/\/www.cofb.org\/2021\/02\/18\/versio-presencial-dinfarma-ajorna-seva-celebracio-fins-2022\/#respond\"]}]},{\"@type\":\"WebPage\",\"@id\":\"https:\/\/www.cofb.org\/2021\/02\/18\/versio-presencial-dinfarma-ajorna-seva-celebracio-fins-2022\/\",\"url\":\"https:\/\/www.cofb.org\/2021\/02\/18\/versio-presencial-dinfarma-ajorna-seva-celebracio-fins-2022\/\",\"name\":\"La versi\u00f3 presencial d\u2019Infarma ajorna la seva celebraci\u00f3 fins al 2022 - Col\u00b7legi de Farmac\u00e8utics de Barcelona\",\"isPartOf\":{\"@id\":\"https:\/\/www.cofb.org\/#website\"},\"primaryImageOfPage\":{\"@id\":\"https:\/\/www.cofb.org\/2021\/02\/18\/versio-presencial-dinfarma-ajorna-seva-celebracio-fins-2022\/#primaryimage\"},\"image\":{\"@id\":\"https:\/\/www.cofb.org\/2021\/02\/18\/versio-presencial-dinfarma-ajorna-seva-celebracio-fins-2022\/#primaryimage\"},\"thumbnailUrl\":\"\",\"datePublished\":\"2021-02-18T16:48:03+00:00\",\"dateModified\":\"2021-02-18T16:48:03+00:00\",\"description\":\"El Comit\u00e8 Organitzador d\u2019Infarma, el Congr\u00e9s i Sal\u00f3 organitzat pels Col\u00b7legis de Farmac\u00e8utics de Madrid i Barcelona, conjuntament amb Interalia, ha optat, finalment, per un format virtual aquest 2021.\",\"breadcrumb\":{\"@id\":\"https:\/\/www.cofb.org\/2021\/02\/18\/versio-presencial-dinfarma-ajorna-seva-celebracio-fins-2022\/#breadcrumb\"},\"inLanguage\":\"es\",\"potentialAction\":[{\"@type\":\"ReadAction\",\"target\":[\"https:\/\/www.cofb.org\/2021\/02\/18\/versio-presencial-dinfarma-ajorna-seva-celebracio-fins-2022\/\"]}]},{\"@type\":\"ImageObject\",\"inLanguage\":\"es\",\"@id\":\"https:\/\/www.cofb.org\/2021\/02\/18\/versio-presencial-dinfarma-ajorna-seva-celebracio-fins-2022\/#primaryimage\",\"url\":\"\",\"contentUrl\":\"\"},{\"@type\":\"BreadcrumbList\",\"@id\":\"https:\/\/www.cofb.org\/2021\/02\/18\/versio-presencial-dinfarma-ajorna-seva-celebracio-fins-2022\/#breadcrumb\",\"itemListElement\":[{\"@type\":\"ListItem\",\"position\":1,\"name\":\"Inici\",\"item\":\"https:\/\/novaorg.cofb.net\/\"},{\"@type\":\"ListItem\",\"position\":2,\"name\":\"La versi\u00f3 presencial d\u2019Infarma ajorna la seva celebraci\u00f3 fins al 2022\"}]},{\"@type\":\"WebSite\",\"@id\":\"https:\/\/www.cofb.org\/#website\",\"url\":\"https:\/\/www.cofb.org\/\",\"name\":\"Col\u00b7legi de Farmac\u00e8utics de Barcelona\",\"description\":\"\",\"publisher\":{\"@id\":\"https:\/\/www.cofb.org\/#organization\"},\"potentialAction\":[{\"@type\":\"SearchAction\",\"target\":{\"@type\":\"EntryPoint\",\"urlTemplate\":\"https:\/\/www.cofb.org\/?s={search_term_string}\"},\"query-input\":\"required name=search_term_string\"}],\"inLanguage\":\"es\"},{\"@type\":\"Organization\",\"@id\":\"https:\/\/www.cofb.org\/#organization\",\"name\":\"Col\u00b7legi de Farmac\u00e8utics de Barcelona\",\"url\":\"https:\/\/www.cofb.org\/\",\"logo\":{\"@type\":\"ImageObject\",\"inLanguage\":\"es\",\"@id\":\"https:\/\/www.cofb.org\/#\/schema\/logo\/image\/\",\"url\":\"https:\/\/www.cofb.org\/wp-content\/uploads\/2023\/11\/cropped-Logotip-COFB.png\",\"contentUrl\":\"https:\/\/www.cofb.org\/wp-content\/uploads\/2023\/11\/cropped-Logotip-COFB.png\",\"width\":500,\"height\":105,\"caption\":\"Col\u00b7legi de Farmac\u00e8utics de Barcelona\"},\"image\":{\"@id\":\"https:\/\/www.cofb.org\/#\/schema\/logo\/image\/\"},\"sameAs\":[\"https:\/\/www.facebook.com\/farmaceuticsbcn\/\",\"https:\/\/twitter.com\/farmaceuticsbcn\",\"https:\/\/www.instagram.com\/farmaceuticsbcn\/\",\"https:\/\/www.linkedin.com\/company\/farmaceuticsbcn\/\"]},{\"@type\":\"Person\",\"@id\":\"https:\/\/www.cofb.org\/#\/schema\/person\/22ed7eea88da74b0fa4d3154ad87ffcb\",\"name\":\"wpAdminCofbOrg\",\"image\":{\"@type\":\"ImageObject\",\"inLanguage\":\"es\",\"@id\":\"https:\/\/www.cofb.org\/#\/schema\/person\/image\/\",\"url\":\"https:\/\/secure.gravatar.com\/avatar\/1721b20b3b8ca882c3b56ec6c978c594fff670e40c0718e9190eaeeb76aae7d8?s=96&d=mm&r=g\",\"contentUrl\":\"https:\/\/secure.gravatar.com\/avatar\/1721b20b3b8ca882c3b56ec6c978c594fff670e40c0718e9190eaeeb76aae7d8?s=96&d=mm&r=g\",\"caption\":\"wpAdminCofbOrg\"},\"sameAs\":[\"http:\/\/192.168.64.122\/wordpress\"],\"url\":\"https:\/\/www.cofb.org\/es\/author\/wpadmincofborg\/\"}]}<\/script>\n<!-- \/ Yoast SEO plugin. -->","yoast_head_json":{"title":"La versi\u00f3 presencial d\u2019Infarma ajorna la seva celebraci\u00f3 fins al 2022 - Col\u00b7legi de Farmac\u00e8utics de Barcelona","description":"El Comit\u00e8 Organitzador d\u2019Infarma, el Congr\u00e9s i Sal\u00f3 organitzat pels Col\u00b7legis de Farmac\u00e8utics de Madrid i Barcelona, conjuntament amb Interalia, ha optat, finalment, per un format virtual aquest 2021.","robots":{"index":"index","follow":"follow","max-snippet":"max-snippet:-1","max-image-preview":"max-image-preview:large","max-video-preview":"max-video-preview:-1"},"canonical":"https:\/\/www.cofb.org\/es\/2021\/02\/18\/versio-presencial-dinfarma-ajorna-seva-celebracio-fins-2022\/","og_locale":"es_ES","og_type":"article","og_title":"La versi\u00f3 presencial d\u2019Infarma ajorna la seva celebraci\u00f3 fins al 2022 - Col\u00b7legi de Farmac\u00e8utics de Barcelona","og_description":"El Comit\u00e8 Organitzador d\u2019Infarma, el Congr\u00e9s i Sal\u00f3 organitzat pels Col\u00b7legis de Farmac\u00e8utics de Madrid i Barcelona, conjuntament amb Interalia, ha optat, finalment, per un format virtual aquest 2021.","og_url":"https:\/\/www.cofb.org\/es\/2021\/02\/18\/versio-presencial-dinfarma-ajorna-seva-celebracio-fins-2022\/","og_site_name":"Col\u00b7legi de Farmac\u00e8utics de Barcelona","article_publisher":"https:\/\/www.facebook.com\/farmaceuticsbcn\/","article_published_time":"2021-02-18T16:48:03+00:00","author":"wpAdminCofbOrg","twitter_card":"summary_large_image","twitter_creator":"@farmaceuticsbcn","twitter_site":"@farmaceuticsbcn","twitter_misc":{"Escrito por":"wpAdminCofbOrg","Tiempo de lectura":"2 minutos"},"schema":{"@context":"https:\/\/schema.org","@graph":[{"@type":"Article","@id":"https:\/\/www.cofb.org\/2021\/02\/18\/versio-presencial-dinfarma-ajorna-seva-celebracio-fins-2022\/#article","isPartOf":{"@id":"https:\/\/www.cofb.org\/2021\/02\/18\/versio-presencial-dinfarma-ajorna-seva-celebracio-fins-2022\/"},"author":{"name":"wpAdminCofbOrg","@id":"https:\/\/www.cofb.org\/#\/schema\/person\/22ed7eea88da74b0fa4d3154ad87ffcb"},"headline":"La versi\u00f3 presencial d\u2019Infarma ajorna la seva celebraci\u00f3 fins al 2022","datePublished":"2021-02-18T16:48:03+00:00","dateModified":"2021-02-18T16:48:03+00:00","mainEntityOfPage":{"@id":"https:\/\/www.cofb.org\/2021\/02\/18\/versio-presencial-dinfarma-ajorna-seva-celebracio-fins-2022\/"},"wordCount":364,"commentCount":0,"publisher":{"@id":"https:\/\/www.cofb.org\/#organization"},"image":{"@id":"https:\/\/www.cofb.org\/2021\/02\/18\/versio-presencial-dinfarma-ajorna-seva-celebracio-fins-2022\/#primaryimage"},"thumbnailUrl":"","keywords":["actualitat","COFB","COFM","Col\u00b7legi de Farmac\u00e8utics de Barcelona","Congr\u00e8s","Congr\u00e9s i Sal\u00f3","COVID-19","farmac\u00e8utics","farm\u00e0cia comunit\u00e0ria","Formaci\u00f3","formaci\u00f3 online","formaci\u00f3 virtual","Infarma","Infarma 2021","Jornades Digitals","Jornades Digitals Infarma COVID-19","networking","oficines de farm\u00e0cia","pand\u00e8mia","Sal\u00f3","salut","seguretat"],"articleSection":["Destacats","Infarma"],"inLanguage":"es","potentialAction":[{"@type":"CommentAction","name":"Comment","target":["https:\/\/www.cofb.org\/2021\/02\/18\/versio-presencial-dinfarma-ajorna-seva-celebracio-fins-2022\/#respond"]}]},{"@type":"WebPage","@id":"https:\/\/www.cofb.org\/2021\/02\/18\/versio-presencial-dinfarma-ajorna-seva-celebracio-fins-2022\/","url":"https:\/\/www.cofb.org\/2021\/02\/18\/versio-presencial-dinfarma-ajorna-seva-celebracio-fins-2022\/","name":"La versi\u00f3 presencial d\u2019Infarma ajorna la seva celebraci\u00f3 fins al 2022 - Col\u00b7legi de Farmac\u00e8utics de Barcelona","isPartOf":{"@id":"https:\/\/www.cofb.org\/#website"},"primaryImageOfPage":{"@id":"https:\/\/www.cofb.org\/2021\/02\/18\/versio-presencial-dinfarma-ajorna-seva-celebracio-fins-2022\/#primaryimage"},"image":{"@id":"https:\/\/www.cofb.org\/2021\/02\/18\/versio-presencial-dinfarma-ajorna-seva-celebracio-fins-2022\/#primaryimage"},"thumbnailUrl":"","datePublished":"2021-02-18T16:48:03+00:00","dateModified":"2021-02-18T16:48:03+00:00","description":"El Comit\u00e8 Organitzador d\u2019Infarma, el Congr\u00e9s i Sal\u00f3 organitzat pels Col\u00b7legis de Farmac\u00e8utics de Madrid i Barcelona, conjuntament amb Interalia, ha optat, finalment, per un format virtual aquest 2021.","breadcrumb":{"@id":"https:\/\/www.cofb.org\/2021\/02\/18\/versio-presencial-dinfarma-ajorna-seva-celebracio-fins-2022\/#breadcrumb"},"inLanguage":"es","potentialAction":[{"@type":"ReadAction","target":["https:\/\/www.cofb.org\/2021\/02\/18\/versio-presencial-dinfarma-ajorna-seva-celebracio-fins-2022\/"]}]},{"@type":"ImageObject","inLanguage":"es","@id":"https:\/\/www.cofb.org\/2021\/02\/18\/versio-presencial-dinfarma-ajorna-seva-celebracio-fins-2022\/#primaryimage","url":"","contentUrl":""},{"@type":"BreadcrumbList","@id":"https:\/\/www.cofb.org\/2021\/02\/18\/versio-presencial-dinfarma-ajorna-seva-celebracio-fins-2022\/#breadcrumb","itemListElement":[{"@type":"ListItem","position":1,"name":"Inici","item":"https:\/\/novaorg.cofb.net\/"},{"@type":"ListItem","position":2,"name":"La versi\u00f3 presencial d\u2019Infarma ajorna la seva celebraci\u00f3 fins al 2022"}]},{"@type":"WebSite","@id":"https:\/\/www.cofb.org\/#website","url":"https:\/\/www.cofb.org\/","name":"Col\u00b7legi de Farmac\u00e8utics de Barcelona","description":"","publisher":{"@id":"https:\/\/www.cofb.org\/#organization"},"potentialAction":[{"@type":"SearchAction","target":{"@type":"EntryPoint","urlTemplate":"https:\/\/www.cofb.org\/?s={search_term_string}"},"query-input":"required name=search_term_string"}],"inLanguage":"es"},{"@type":"Organization","@id":"https:\/\/www.cofb.org\/#organization","name":"Col\u00b7legi de Farmac\u00e8utics de Barcelona","url":"https:\/\/www.cofb.org\/","logo":{"@type":"ImageObject","inLanguage":"es","@id":"https:\/\/www.cofb.org\/#\/schema\/logo\/image\/","url":"https:\/\/www.cofb.org\/wp-content\/uploads\/2023\/11\/cropped-Logotip-COFB.png","contentUrl":"https:\/\/www.cofb.org\/wp-content\/uploads\/2023\/11\/cropped-Logotip-COFB.png","width":500,"height":105,"caption":"Col\u00b7legi de Farmac\u00e8utics de Barcelona"},"image":{"@id":"https:\/\/www.cofb.org\/#\/schema\/logo\/image\/"},"sameAs":["https:\/\/www.facebook.com\/farmaceuticsbcn\/","https:\/\/twitter.com\/farmaceuticsbcn","https:\/\/www.instagram.com\/farmaceuticsbcn\/","https:\/\/www.linkedin.com\/company\/farmaceuticsbcn\/"]},{"@type":"Person","@id":"https:\/\/www.cofb.org\/#\/schema\/person\/22ed7eea88da74b0fa4d3154ad87ffcb","name":"wpAdminCofbOrg","image":{"@type":"ImageObject","inLanguage":"es","@id":"https:\/\/www.cofb.org\/#\/schema\/person\/image\/","url":"https:\/\/secure.gravatar.com\/avatar\/1721b20b3b8ca882c3b56ec6c978c594fff670e40c0718e9190eaeeb76aae7d8?s=96&d=mm&r=g","contentUrl":"https:\/\/secure.gravatar.com\/avatar\/1721b20b3b8ca882c3b56ec6c978c594fff670e40c0718e9190eaeeb76aae7d8?s=96&d=mm&r=g","caption":"wpAdminCofbOrg"},"sameAs":["http:\/\/192.168.64.122\/wordpress"],"url":"https:\/\/www.cofb.org\/es\/author\/wpadmincofborg\/"}]}},"uagb_featured_image_src":{"full":false,"thumbnail":false,"medium":false,"medium_large":false,"large":false,"1536x1536":false,"2048x2048":false,"trp-custom-language-flag":false},"uagb_author_info":{"display_name":"wpAdminCofbOrg","author_link":"https:\/\/www.cofb.org\/es\/author\/wpadmincofborg\/"},"uagb_comment_info":0,"uagb_excerpt":"El Comit\u00e8 Organitzador d\u2019Infarma, el Congr\u00e9s i Sal\u00f3 organitzat pels Col\u00b7legis de Farmac\u00e8utics de Madrid i Barcelona, conjuntament amb Interalia, ha optat, finalment, per un format virtual aquest 2021, mentre que l&#8217;edici\u00f3 presencial d\u2019Infarma Madrid s&#8217;ajorna, en principi, fins als dies 22, 23 i 24 de mar\u00e7 de 2022 a [&hellip;]","_links":{"self":[{"href":"https:\/\/www.cofb.org\/es\/wp-json\/wp\/v2\/posts\/54333","targetHints":{"allow":["GET"]}}],"collection":[{"href":"https:\/\/www.cofb.org\/es\/wp-json\/wp\/v2\/posts"}],"about":[{"href":"https:\/\/www.cofb.org\/es\/wp-json\/wp\/v2\/types\/post"}],"author":[{"embeddable":true,"href":"https:\/\/www.cofb.org\/es\/wp-json\/wp\/v2\/users\/1"}],"replies":[{"embeddable":true,"href":"https:\/\/www.cofb.org\/es\/wp-json\/wp\/v2\/comments?post=54333"}],"version-history":[{"count":0,"href":"https:\/\/www.cofb.org\/es\/wp-json\/wp\/v2\/posts\/54333\/revisions"}],"wp:featuredmedia":[{"embeddable":true,"href":"https:\/\/www.cofb.org\/es\/wp-json\/"}],"wp:attachment":[{"href":"https:\/\/www.cofb.org\/es\/wp-json\/wp\/v2\/media?parent=54333"}],"wp:term":[{"taxonomy":"category","embeddable":true,"href":"https:\/\/www.cofb.org\/es\/wp-json\/wp\/v2\/categories?post=54333"},{"taxonomy":"post_tag","embeddable":true,"href":"https:\/\/www.cofb.org\/es\/wp-json\/wp\/v2\/tags?post=54333"}],"curies":[{"name":"wp","href":"https:\/\/api.w.org\/{rel}","templated":true}]}}