{"id":54240,"date":"2021-02-24T11:30:40","date_gmt":"2021-02-24T09:30:40","guid":{"rendered":"https:\/\/blog.cofb.cat\/?p=54240"},"modified":"2021-02-24T11:30:40","modified_gmt":"2021-02-24T09:30:40","slug":"fitoterapia-usos-i-aplicacions-olis-essencials-en-embaras-i-lactancia-nivell-2","status":"publish","type":"post","link":"https:\/\/www.cofb.org\/es\/2021\/02\/24\/fitoterapia-usos-i-aplicacions-olis-essencials-en-embaras-i-lactancia-nivell-2\/","title":{"rendered":"Fitoterapia: Usos y aplicaciones de los aceites esenciales en embarazo y lactancia (Nivel 2)"},"content":{"rendered":"<p>Durante el mes de febrero han tenido lugar en el COFB dos sesiones del curso <strong>&quot;Fitoterapia, usos y aplicaciones de los aceites esenciales en el embarazo y la lactancia&quot; <\/strong>en formato <em>webinar<\/em>. Esta formaci\u00f3n estaba dirigida a aquellos farmac\u00e9uticos que hab\u00edan cursado previamente el nivel 1 de Fitoterapia, usos y aplicaciones de los aceites esenciales. El<strong>objetivo<\/strong>\u00a0de estas dos sesiones que se impartieron, respectivamente, el 23 y el 24 de febrero, son las siguientes: saber cu\u00e1les son los <strong>aceites esenciales quimiotipados<\/strong> indicados para un amplio abanico de <strong>situaciones t\u00edpicas<\/strong> del embarazo y la lactancia.<\/p>\n<p><img fetchpriority=\"high\" decoding=\"async\" class=\"aligncenter size-large wp-image-54258\" src=\"https:\/\/blog.cofb.cat\/wp-content\/uploads\/2021\/02\/Fitoter\u00e0pia-Nivell-2-1024x680.png\" alt=\"\" width=\"620\" height=\"412\" \/><\/p>\n<p>El encargado de impartir la sesi\u00f3n fue<strong> Alfredo Quevedo<\/strong>, licenciado en Farmacia, graduado en naturopat\u00eda por el Instituto Euronature (Francia) y especialista en aceites esenciales terap\u00e9uticos y responsable cient\u00edfico de Pranar\u00f4m Espa\u00f1a. La coordinaci\u00f3n de la formaci\u00f3n corri\u00f3 a cargo de <strong>Josep Allu\u00e9<\/strong>, vocal de Plantas Medicinales y Homeopat\u00eda del Colegio de Farmac\u00e9uticos de Barcelona.<\/p>\n<div class=\"box success\"><\/p>\n<h1><span style=\"color: #008080;\"><strong>Aceites esenciales y embarazo: garantizar la seguridad y la eficacia<\/strong><\/span><\/h1>\n<p>Podemos utilizar <strong>aceites esenciales<\/strong> en el embarazo? La respuesta es clara, s\u00ed, pero tomando una serie de <strong>precauciones<\/strong> que nos garanticen la<strong> seguridad<\/strong> y la<strong>eficacia<\/strong>. De hecho, los aceites esenciales pueden ayudarnos a tratar afecciones que se producen en el tiempo del embarazo para las que apenas existen alternativas.<\/p>\n<p><\/div>\n<h1><span style=\"color: #008080;\"><strong>Principales temas abordados<\/strong><\/span><\/h1>\n<p>Los primeros puntos del programa fueron las <strong>recomendaciones generales<\/strong> para la mujer embarazada, familias bioqu\u00edmicas y aceites esenciales desaconsejados. A continuaci\u00f3n, en cuanto al<strong>embarazo<\/strong> se habl\u00f3 de los aceites esenciales antes del embarazo (fecundidad), afecciones infecciosas (gripe, resfriados, hongos, etc.), afecciones osteomusculares, ci\u00e1tica, afecciones circulatorias (piernas pesadas, varices, hemorroides, trastornos de la tensi\u00f3n arterial), afecciones digestivas (n\u00e1useas, acidez g\u00e1strica, gastritis, estre\u00f1imiento, trastornos del apetito), afecciones nerviosas (cefaleas, ansiedad, estr\u00e9s).<\/p>\n<p>En relaci\u00f3n con el <strong>parte<\/strong> se habl\u00f3 de los aceites esenciales en la relajaci\u00f3n del perin\u00e9, preparaci\u00f3n del parto, contracciones precoces, dolor, esisiotom\u00eda\u2026 En cuanto a la lactancia, se habl\u00f3 de los aceites esenciales en la estimulaci\u00f3n de la lactancia, cuidado del pez\u00f3n, ingurgitaci\u00f3n, congesti\u00f3n mamaria, mastitis y, finalmente, de los aceites esenciales en el caso de las <strong>estr\u00edas<\/strong>.<\/p>\n<p style=\"text-align: right;\"><strong>Con el patrocinio de:<\/strong><\/p>\n<p style=\"text-align: right;\"><a href=\"https:\/\/www.pranarom.com\/\" target=\"_blank\" rel=\"noopener\"><img decoding=\"async\" class=\"wp-image-53804 alignright\" src=\"https:\/\/blog.cofb.cat\/wp-content\/uploads\/2021\/01\/pranarom_logo-1024x172.jpg\" alt=\"\" width=\"197\" height=\"33\" \/><\/a><\/p>\n<p>&nbsp;<\/p>\n<p><strong>Otras publicaciones de inter\u00e9s:<\/strong><\/p>\n<ul>\n<li><a href=\"https:\/\/blog.cofb.cat\/abordatge-fitoterapia-latencio-primaria-farmacia-comunitaria\/\" target=\"_blank\" rel=\"noopener\">Abordaje de la fitoterapia: desde la Atenci\u00f3n Primaria a la farmacia comunitaria (Enero 2021)<\/a><\/li>\n<li><a href=\"https:\/\/blog.cofb.cat\/usos-aplicacions-dels-olis-essencials-fitoterapia\/\" target=\"_blank\" rel=\"noopener\">Usos y aplicaciones de los aceites esenciales en la fitoterapia (Marzo 2020)<\/a><\/li>\n<li><a href=\"https:\/\/blog.cofb.cat\/rellevancia-dels-olis-essencials-fitoterapia-actual\/\" target=\"_blank\" rel=\"noopener\">La relevancia de los aceites esenciales en la fitoterapia actual (Febrero 2019)<\/a><\/li>\n<\/ul>","protected":false},"excerpt":{"rendered":"<p>Durante el mes de febrero han tenido lugar en el COFB dos sesiones del curso &quot;Fitoterapia, usos y aplicaciones de los aceites esenciales en el embarazo y la lactancia&quot; en formato webinar. Esta formaci\u00f3n estaba dirigida a aquellos farmac\u00e9uticos que hab\u00edan cursado previamente el nivel 1 de Fitoterapia, usos y aplicaciones de los aceites esenciales. El objetivo de \u00e9stas [\u2026]<\/p>","protected":false},"author":1,"featured_media":54258,"comment_status":"open","ping_status":"open","sticky":false,"template":"","format":"standard","meta":{"_uag_custom_page_level_css":"","site-sidebar-layout":"default","site-content-layout":"","ast-site-content-layout":"default","site-content-style":"default","site-sidebar-style":"default","ast-global-header-display":"","ast-banner-title-visibility":"","ast-main-header-display":"","ast-hfb-above-header-display":"","ast-hfb-below-header-display":"","ast-hfb-mobile-header-display":"","site-post-title":"","ast-breadcrumbs-content":"","ast-featured-img":"disabled","footer-sml-layout":"","theme-transparent-header-meta":"","adv-header-id-meta":"","stick-header-meta":"","header-above-stick-meta":"","header-main-stick-meta":"","header-below-stick-meta":"","astra-migrate-meta-layouts":"default","ast-page-background-enabled":"default","ast-page-background-meta":{"desktop":{"background-color":"var(--ast-global-color-4)","background-image":"","background-repeat":"repeat","background-position":"center center","background-size":"auto","background-attachment":"scroll","background-type":"","background-media":"","overlay-type":"","overlay-color":"","overlay-opacity":"","overlay-gradient":""},"tablet":{"background-color":"","background-image":"","background-repeat":"repeat","background-position":"center center","background-size":"auto","background-attachment":"scroll","background-type":"","background-media":"","overlay-type":"","overlay-color":"","overlay-opacity":"","overlay-gradient":""},"mobile":{"background-color":"","background-image":"","background-repeat":"repeat","background-position":"center center","background-size":"auto","background-attachment":"scroll","background-type":"","background-media":"","overlay-type":"","overlay-color":"","overlay-opacity":"","overlay-gradient":""}},"ast-content-background-meta":{"desktop":{"background-color":"var(--ast-global-color-5)","background-image":"","background-repeat":"repeat","background-position":"center center","background-size":"auto","background-attachment":"scroll","background-type":"","background-media":"","overlay-type":"","overlay-color":"","overlay-opacity":"","overlay-gradient":""},"tablet":{"background-color":"var(--ast-global-color-5)","background-image":"","background-repeat":"repeat","background-position":"center center","background-size":"auto","background-attachment":"scroll","background-type":"","background-media":"","overlay-type":"","overlay-color":"","overlay-opacity":"","overlay-gradient":""},"mobile":{"background-color":"var(--ast-global-color-5)","background-image":"","background-repeat":"repeat","background-position":"center center","background-size":"auto","background-attachment":"scroll","background-type":"","background-media":"","overlay-type":"","overlay-color":"","overlay-opacity":"","overlay-gradient":""}},"footnotes":""},"categories":[23,57],"tags":[18,356,19,347,349,70,351,177,94,637,182,2976],"class_list":["post-54240","post","type-post","status-publish","format-standard","has-post-thumbnail","hentry","category-destacats","category-mon-collegial","tag-cofb","tag-collegi","tag-collegi-de-farmaceutics-de-barcelona","tag-embaras","tag-fitoterapia","tag-formacio","tag-lactancia","tag-olis-essencials","tag-plantes-medicinals","tag-programa-de-formacio-continuada","tag-usos-i-aplicacions-dels-olis-essencials","tag-vocalia-de-plantes-medicinals"],"yoast_head":"<!-- This site is optimized with the Yoast SEO plugin v22.4 - https:\/\/yoast.com\/wordpress\/plugins\/seo\/ -->\n<title>Fitoter\u00e0pia: Usos i aplicacions dels olis essencials en embar\u00e0s i lact\u00e0ncia (Nivell 2) - Col\u00b7legi de Farmac\u00e8utics de Barcelona<\/title>\n<meta name=\"description\" content=\"Durant el mes de febrer han tingut lloc al COFB dues sessions del curs &quot;Fitoter\u00e0pia, usos i aplicacions dels olis essencials en l&#039;embar\u00e0s i la lact\u00e0ncia&quot; en format Webinar.\u00a0\" \/>\n<meta name=\"robots\" content=\"index, follow, max-snippet:-1, max-image-preview:large, max-video-preview:-1\" \/>\n<link rel=\"canonical\" href=\"https:\/\/novaorg.cofb.net\/2021\/02\/24\/fitoterapia-usos-i-aplicacions-olis-essencials-en-embaras-i-lactancia-nivell-2\/\" \/>\n<meta property=\"og:locale\" content=\"es_ES\" \/>\n<meta property=\"og:type\" content=\"article\" \/>\n<meta property=\"og:title\" content=\"Fitoter\u00e0pia: Usos i aplicacions dels olis essencials en embar\u00e0s i lact\u00e0ncia (Nivell 2) - Col\u00b7legi de Farmac\u00e8utics de Barcelona\" \/>\n<meta property=\"og:description\" content=\"Durant el mes de febrer han tingut lloc al COFB dues sessions del curs &quot;Fitoter\u00e0pia, usos i aplicacions dels olis essencials en l&#039;embar\u00e0s i la lact\u00e0ncia&quot; en format Webinar.\u00a0\" \/>\n<meta property=\"og:url\" content=\"https:\/\/novaorg.cofb.net\/2021\/02\/24\/fitoterapia-usos-i-aplicacions-olis-essencials-en-embaras-i-lactancia-nivell-2\/\" \/>\n<meta property=\"og:site_name\" content=\"Col\u00b7legi de Farmac\u00e8utics de Barcelona\" \/>\n<meta property=\"article:publisher\" content=\"https:\/\/www.facebook.com\/farmaceuticsbcn\/\" \/>\n<meta property=\"article:published_time\" content=\"2021-02-24T09:30:40+00:00\" \/>\n<meta name=\"author\" content=\"wpAdminCofbOrg\" \/>\n<meta name=\"twitter:card\" content=\"summary_large_image\" \/>\n<meta name=\"twitter:creator\" content=\"@farmaceuticsbcn\" \/>\n<meta name=\"twitter:site\" content=\"@farmaceuticsbcn\" \/>\n<meta name=\"twitter:label1\" content=\"Escrito por\" \/>\n\t<meta name=\"twitter:data1\" content=\"wpAdminCofbOrg\" \/>\n\t<meta name=\"twitter:label2\" content=\"Tiempo de lectura\" \/>\n\t<meta name=\"twitter:data2\" content=\"2 minutos\" \/>\n<script type=\"application\/ld+json\" class=\"yoast-schema-graph\">{\"@context\":\"https:\/\/schema.org\",\"@graph\":[{\"@type\":\"Article\",\"@id\":\"https:\/\/novaorg.cofb.net\/2021\/02\/24\/fitoterapia-usos-i-aplicacions-olis-essencials-en-embaras-i-lactancia-nivell-2\/#article\",\"isPartOf\":{\"@id\":\"https:\/\/novaorg.cofb.net\/2021\/02\/24\/fitoterapia-usos-i-aplicacions-olis-essencials-en-embaras-i-lactancia-nivell-2\/\"},\"author\":{\"name\":\"wpAdminCofbOrg\",\"@id\":\"https:\/\/www.cofb.org\/#\/schema\/person\/22ed7eea88da74b0fa4d3154ad87ffcb\"},\"headline\":\"Fitoter\u00e0pia: Usos i aplicacions dels olis essencials en embar\u00e0s i lact\u00e0ncia (Nivell 2)\",\"datePublished\":\"2021-02-24T09:30:40+00:00\",\"dateModified\":\"2021-02-24T09:30:40+00:00\",\"mainEntityOfPage\":{\"@id\":\"https:\/\/novaorg.cofb.net\/2021\/02\/24\/fitoterapia-usos-i-aplicacions-olis-essencials-en-embaras-i-lactancia-nivell-2\/\"},\"wordCount\":461,\"commentCount\":0,\"publisher\":{\"@id\":\"https:\/\/www.cofb.org\/#organization\"},\"image\":{\"@id\":\"https:\/\/novaorg.cofb.net\/2021\/02\/24\/fitoterapia-usos-i-aplicacions-olis-essencials-en-embaras-i-lactancia-nivell-2\/#primaryimage\"},\"thumbnailUrl\":\"\",\"keywords\":[\"COFB\",\"Col\u00b7legi\",\"Col\u00b7legi de Farmac\u00e8utics de Barcelona\",\"embar\u00e0s\",\"Fitoter\u00e0pia\",\"Formaci\u00f3\",\"lact\u00e0ncia\",\"olis essencials\",\"Plantes Medicinals\",\"programa de formaci\u00f3 continuada\",\"usos i aplicacions dels olis essencials\",\"Vocalia de Plantes Medicinals\"],\"articleSection\":[\"Destacats\",\"M\u00f3n col\u00b7legial\"],\"inLanguage\":\"es\",\"potentialAction\":[{\"@type\":\"CommentAction\",\"name\":\"Comment\",\"target\":[\"https:\/\/novaorg.cofb.net\/2021\/02\/24\/fitoterapia-usos-i-aplicacions-olis-essencials-en-embaras-i-lactancia-nivell-2\/#respond\"]}]},{\"@type\":\"WebPage\",\"@id\":\"https:\/\/novaorg.cofb.net\/2021\/02\/24\/fitoterapia-usos-i-aplicacions-olis-essencials-en-embaras-i-lactancia-nivell-2\/\",\"url\":\"https:\/\/novaorg.cofb.net\/2021\/02\/24\/fitoterapia-usos-i-aplicacions-olis-essencials-en-embaras-i-lactancia-nivell-2\/\",\"name\":\"Fitoter\u00e0pia: Usos i aplicacions dels olis essencials en embar\u00e0s i lact\u00e0ncia (Nivell 2) - Col\u00b7legi de Farmac\u00e8utics de Barcelona\",\"isPartOf\":{\"@id\":\"https:\/\/www.cofb.org\/#website\"},\"primaryImageOfPage\":{\"@id\":\"https:\/\/novaorg.cofb.net\/2021\/02\/24\/fitoterapia-usos-i-aplicacions-olis-essencials-en-embaras-i-lactancia-nivell-2\/#primaryimage\"},\"image\":{\"@id\":\"https:\/\/novaorg.cofb.net\/2021\/02\/24\/fitoterapia-usos-i-aplicacions-olis-essencials-en-embaras-i-lactancia-nivell-2\/#primaryimage\"},\"thumbnailUrl\":\"\",\"datePublished\":\"2021-02-24T09:30:40+00:00\",\"dateModified\":\"2021-02-24T09:30:40+00:00\",\"description\":\"Durant el mes de febrer han tingut lloc al COFB dues sessions del curs \\\"Fitoter\u00e0pia, usos i aplicacions dels olis essencials en l'embar\u00e0s i la lact\u00e0ncia\\\" en format Webinar.\u00a0\",\"breadcrumb\":{\"@id\":\"https:\/\/novaorg.cofb.net\/2021\/02\/24\/fitoterapia-usos-i-aplicacions-olis-essencials-en-embaras-i-lactancia-nivell-2\/#breadcrumb\"},\"inLanguage\":\"es\",\"potentialAction\":[{\"@type\":\"ReadAction\",\"target\":[\"https:\/\/novaorg.cofb.net\/2021\/02\/24\/fitoterapia-usos-i-aplicacions-olis-essencials-en-embaras-i-lactancia-nivell-2\/\"]}]},{\"@type\":\"ImageObject\",\"inLanguage\":\"es\",\"@id\":\"https:\/\/novaorg.cofb.net\/2021\/02\/24\/fitoterapia-usos-i-aplicacions-olis-essencials-en-embaras-i-lactancia-nivell-2\/#primaryimage\",\"url\":\"\",\"contentUrl\":\"\"},{\"@type\":\"BreadcrumbList\",\"@id\":\"https:\/\/novaorg.cofb.net\/2021\/02\/24\/fitoterapia-usos-i-aplicacions-olis-essencials-en-embaras-i-lactancia-nivell-2\/#breadcrumb\",\"itemListElement\":[{\"@type\":\"ListItem\",\"position\":1,\"name\":\"Inici\",\"item\":\"https:\/\/novaorg.cofb.net\/\"},{\"@type\":\"ListItem\",\"position\":2,\"name\":\"Fitoter\u00e0pia: Usos i aplicacions dels olis essencials en embar\u00e0s i lact\u00e0ncia (Nivell 2)\"}]},{\"@type\":\"WebSite\",\"@id\":\"https:\/\/www.cofb.org\/#website\",\"url\":\"https:\/\/www.cofb.org\/\",\"name\":\"Col\u00b7legi de Farmac\u00e8utics de Barcelona\",\"description\":\"\",\"publisher\":{\"@id\":\"https:\/\/www.cofb.org\/#organization\"},\"potentialAction\":[{\"@type\":\"SearchAction\",\"target\":{\"@type\":\"EntryPoint\",\"urlTemplate\":\"https:\/\/www.cofb.org\/?s={search_term_string}\"},\"query-input\":\"required name=search_term_string\"}],\"inLanguage\":\"es\"},{\"@type\":\"Organization\",\"@id\":\"https:\/\/www.cofb.org\/#organization\",\"name\":\"Col\u00b7legi de Farmac\u00e8utics de Barcelona\",\"url\":\"https:\/\/www.cofb.org\/\",\"logo\":{\"@type\":\"ImageObject\",\"inLanguage\":\"es\",\"@id\":\"https:\/\/www.cofb.org\/#\/schema\/logo\/image\/\",\"url\":\"https:\/\/www.cofb.org\/wp-content\/uploads\/2023\/11\/cropped-Logotip-COFB.png\",\"contentUrl\":\"https:\/\/www.cofb.org\/wp-content\/uploads\/2023\/11\/cropped-Logotip-COFB.png\",\"width\":500,\"height\":105,\"caption\":\"Col\u00b7legi de Farmac\u00e8utics de Barcelona\"},\"image\":{\"@id\":\"https:\/\/www.cofb.org\/#\/schema\/logo\/image\/\"},\"sameAs\":[\"https:\/\/www.facebook.com\/farmaceuticsbcn\/\",\"https:\/\/twitter.com\/farmaceuticsbcn\",\"https:\/\/www.instagram.com\/farmaceuticsbcn\/\",\"https:\/\/www.linkedin.com\/company\/farmaceuticsbcn\/\"]},{\"@type\":\"Person\",\"@id\":\"https:\/\/www.cofb.org\/#\/schema\/person\/22ed7eea88da74b0fa4d3154ad87ffcb\",\"name\":\"wpAdminCofbOrg\",\"image\":{\"@type\":\"ImageObject\",\"inLanguage\":\"es\",\"@id\":\"https:\/\/www.cofb.org\/#\/schema\/person\/image\/\",\"url\":\"https:\/\/secure.gravatar.com\/avatar\/1721b20b3b8ca882c3b56ec6c978c594fff670e40c0718e9190eaeeb76aae7d8?s=96&d=mm&r=g\",\"contentUrl\":\"https:\/\/secure.gravatar.com\/avatar\/1721b20b3b8ca882c3b56ec6c978c594fff670e40c0718e9190eaeeb76aae7d8?s=96&d=mm&r=g\",\"caption\":\"wpAdminCofbOrg\"},\"sameAs\":[\"http:\/\/192.168.64.122\/wordpress\"],\"url\":\"https:\/\/www.cofb.org\/es\/author\/wpadmincofborg\/\"}]}<\/script>\n<!-- \/ Yoast SEO plugin. -->","yoast_head_json":{"title":"Fitoter\u00e0pia: Usos i aplicacions dels olis essencials en embar\u00e0s i lact\u00e0ncia (Nivell 2) - Col\u00b7legi de Farmac\u00e8utics de Barcelona","description":"Durant el mes de febrer han tingut lloc al COFB dues sessions del curs \"Fitoter\u00e0pia, usos i aplicacions dels olis essencials en l'embar\u00e0s i la lact\u00e0ncia\" en format Webinar.\u00a0","robots":{"index":"index","follow":"follow","max-snippet":"max-snippet:-1","max-image-preview":"max-image-preview:large","max-video-preview":"max-video-preview:-1"},"canonical":"https:\/\/novaorg.cofb.net\/2021\/02\/24\/fitoterapia-usos-i-aplicacions-olis-essencials-en-embaras-i-lactancia-nivell-2\/","og_locale":"es_ES","og_type":"article","og_title":"Fitoter\u00e0pia: Usos i aplicacions dels olis essencials en embar\u00e0s i lact\u00e0ncia (Nivell 2) - Col\u00b7legi de Farmac\u00e8utics de Barcelona","og_description":"Durant el mes de febrer han tingut lloc al COFB dues sessions del curs \"Fitoter\u00e0pia, usos i aplicacions dels olis essencials en l'embar\u00e0s i la lact\u00e0ncia\" en format Webinar.\u00a0","og_url":"https:\/\/novaorg.cofb.net\/2021\/02\/24\/fitoterapia-usos-i-aplicacions-olis-essencials-en-embaras-i-lactancia-nivell-2\/","og_site_name":"Col\u00b7legi de Farmac\u00e8utics de Barcelona","article_publisher":"https:\/\/www.facebook.com\/farmaceuticsbcn\/","article_published_time":"2021-02-24T09:30:40+00:00","author":"wpAdminCofbOrg","twitter_card":"summary_large_image","twitter_creator":"@farmaceuticsbcn","twitter_site":"@farmaceuticsbcn","twitter_misc":{"Escrito por":"wpAdminCofbOrg","Tiempo de lectura":"2 minutos"},"schema":{"@context":"https:\/\/schema.org","@graph":[{"@type":"Article","@id":"https:\/\/novaorg.cofb.net\/2021\/02\/24\/fitoterapia-usos-i-aplicacions-olis-essencials-en-embaras-i-lactancia-nivell-2\/#article","isPartOf":{"@id":"https:\/\/novaorg.cofb.net\/2021\/02\/24\/fitoterapia-usos-i-aplicacions-olis-essencials-en-embaras-i-lactancia-nivell-2\/"},"author":{"name":"wpAdminCofbOrg","@id":"https:\/\/www.cofb.org\/#\/schema\/person\/22ed7eea88da74b0fa4d3154ad87ffcb"},"headline":"Fitoter\u00e0pia: Usos i aplicacions dels olis essencials en embar\u00e0s i lact\u00e0ncia (Nivell 2)","datePublished":"2021-02-24T09:30:40+00:00","dateModified":"2021-02-24T09:30:40+00:00","mainEntityOfPage":{"@id":"https:\/\/novaorg.cofb.net\/2021\/02\/24\/fitoterapia-usos-i-aplicacions-olis-essencials-en-embaras-i-lactancia-nivell-2\/"},"wordCount":461,"commentCount":0,"publisher":{"@id":"https:\/\/www.cofb.org\/#organization"},"image":{"@id":"https:\/\/novaorg.cofb.net\/2021\/02\/24\/fitoterapia-usos-i-aplicacions-olis-essencials-en-embaras-i-lactancia-nivell-2\/#primaryimage"},"thumbnailUrl":"","keywords":["COFB","Col\u00b7legi","Col\u00b7legi de Farmac\u00e8utics de Barcelona","embar\u00e0s","Fitoter\u00e0pia","Formaci\u00f3","lact\u00e0ncia","olis essencials","Plantes Medicinals","programa de formaci\u00f3 continuada","usos i aplicacions dels olis essencials","Vocalia de Plantes Medicinals"],"articleSection":["Destacats","M\u00f3n col\u00b7legial"],"inLanguage":"es","potentialAction":[{"@type":"CommentAction","name":"Comment","target":["https:\/\/novaorg.cofb.net\/2021\/02\/24\/fitoterapia-usos-i-aplicacions-olis-essencials-en-embaras-i-lactancia-nivell-2\/#respond"]}]},{"@type":"WebPage","@id":"https:\/\/novaorg.cofb.net\/2021\/02\/24\/fitoterapia-usos-i-aplicacions-olis-essencials-en-embaras-i-lactancia-nivell-2\/","url":"https:\/\/novaorg.cofb.net\/2021\/02\/24\/fitoterapia-usos-i-aplicacions-olis-essencials-en-embaras-i-lactancia-nivell-2\/","name":"Fitoter\u00e0pia: Usos i aplicacions dels olis essencials en embar\u00e0s i lact\u00e0ncia (Nivell 2) - Col\u00b7legi de Farmac\u00e8utics de Barcelona","isPartOf":{"@id":"https:\/\/www.cofb.org\/#website"},"primaryImageOfPage":{"@id":"https:\/\/novaorg.cofb.net\/2021\/02\/24\/fitoterapia-usos-i-aplicacions-olis-essencials-en-embaras-i-lactancia-nivell-2\/#primaryimage"},"image":{"@id":"https:\/\/novaorg.cofb.net\/2021\/02\/24\/fitoterapia-usos-i-aplicacions-olis-essencials-en-embaras-i-lactancia-nivell-2\/#primaryimage"},"thumbnailUrl":"","datePublished":"2021-02-24T09:30:40+00:00","dateModified":"2021-02-24T09:30:40+00:00","description":"Durant el mes de febrer han tingut lloc al COFB dues sessions del curs \"Fitoter\u00e0pia, usos i aplicacions dels olis essencials en l'embar\u00e0s i la lact\u00e0ncia\" en format Webinar.\u00a0","breadcrumb":{"@id":"https:\/\/novaorg.cofb.net\/2021\/02\/24\/fitoterapia-usos-i-aplicacions-olis-essencials-en-embaras-i-lactancia-nivell-2\/#breadcrumb"},"inLanguage":"es","potentialAction":[{"@type":"ReadAction","target":["https:\/\/novaorg.cofb.net\/2021\/02\/24\/fitoterapia-usos-i-aplicacions-olis-essencials-en-embaras-i-lactancia-nivell-2\/"]}]},{"@type":"ImageObject","inLanguage":"es","@id":"https:\/\/novaorg.cofb.net\/2021\/02\/24\/fitoterapia-usos-i-aplicacions-olis-essencials-en-embaras-i-lactancia-nivell-2\/#primaryimage","url":"","contentUrl":""},{"@type":"BreadcrumbList","@id":"https:\/\/novaorg.cofb.net\/2021\/02\/24\/fitoterapia-usos-i-aplicacions-olis-essencials-en-embaras-i-lactancia-nivell-2\/#breadcrumb","itemListElement":[{"@type":"ListItem","position":1,"name":"Inici","item":"https:\/\/novaorg.cofb.net\/"},{"@type":"ListItem","position":2,"name":"Fitoter\u00e0pia: Usos i aplicacions dels olis essencials en embar\u00e0s i lact\u00e0ncia (Nivell 2)"}]},{"@type":"WebSite","@id":"https:\/\/www.cofb.org\/#website","url":"https:\/\/www.cofb.org\/","name":"Col\u00b7legi de Farmac\u00e8utics de Barcelona","description":"","publisher":{"@id":"https:\/\/www.cofb.org\/#organization"},"potentialAction":[{"@type":"SearchAction","target":{"@type":"EntryPoint","urlTemplate":"https:\/\/www.cofb.org\/?s={search_term_string}"},"query-input":"required name=search_term_string"}],"inLanguage":"es"},{"@type":"Organization","@id":"https:\/\/www.cofb.org\/#organization","name":"Col\u00b7legi de Farmac\u00e8utics de Barcelona","url":"https:\/\/www.cofb.org\/","logo":{"@type":"ImageObject","inLanguage":"es","@id":"https:\/\/www.cofb.org\/#\/schema\/logo\/image\/","url":"https:\/\/www.cofb.org\/wp-content\/uploads\/2023\/11\/cropped-Logotip-COFB.png","contentUrl":"https:\/\/www.cofb.org\/wp-content\/uploads\/2023\/11\/cropped-Logotip-COFB.png","width":500,"height":105,"caption":"Col\u00b7legi de Farmac\u00e8utics de Barcelona"},"image":{"@id":"https:\/\/www.cofb.org\/#\/schema\/logo\/image\/"},"sameAs":["https:\/\/www.facebook.com\/farmaceuticsbcn\/","https:\/\/twitter.com\/farmaceuticsbcn","https:\/\/www.instagram.com\/farmaceuticsbcn\/","https:\/\/www.linkedin.com\/company\/farmaceuticsbcn\/"]},{"@type":"Person","@id":"https:\/\/www.cofb.org\/#\/schema\/person\/22ed7eea88da74b0fa4d3154ad87ffcb","name":"wpAdminCofbOrg","image":{"@type":"ImageObject","inLanguage":"es","@id":"https:\/\/www.cofb.org\/#\/schema\/person\/image\/","url":"https:\/\/secure.gravatar.com\/avatar\/1721b20b3b8ca882c3b56ec6c978c594fff670e40c0718e9190eaeeb76aae7d8?s=96&d=mm&r=g","contentUrl":"https:\/\/secure.gravatar.com\/avatar\/1721b20b3b8ca882c3b56ec6c978c594fff670e40c0718e9190eaeeb76aae7d8?s=96&d=mm&r=g","caption":"wpAdminCofbOrg"},"sameAs":["http:\/\/192.168.64.122\/wordpress"],"url":"https:\/\/www.cofb.org\/es\/author\/wpadmincofborg\/"}]}},"uagb_featured_image_src":{"full":false,"thumbnail":false,"medium":false,"medium_large":false,"large":false,"1536x1536":false,"2048x2048":false,"trp-custom-language-flag":false},"uagb_author_info":{"display_name":"wpAdminCofbOrg","author_link":"https:\/\/www.cofb.org\/es\/author\/wpadmincofborg\/"},"uagb_comment_info":0,"uagb_excerpt":"Durant el mes de febrer han tingut lloc al COFB dues sessions del curs &#8220;Fitoter\u00e0pia, usos i aplicacions dels olis essencials en l&#8217;embar\u00e0s i la lact\u00e0ncia&#8221; en format webinar.\u00a0Aquesta formaci\u00f3 estava dirigida a aquells farmac\u00e8utics que havien cursat pr\u00e8viament el nivell 1 de &#8220;Fitoter\u00e0pia, usos i aplicacions dels olis essencials&#8221;.\u00a0L&#8217;objectiu\u00a0d&#8217;aquestes [&hellip;]","_links":{"self":[{"href":"https:\/\/www.cofb.org\/es\/wp-json\/wp\/v2\/posts\/54240","targetHints":{"allow":["GET"]}}],"collection":[{"href":"https:\/\/www.cofb.org\/es\/wp-json\/wp\/v2\/posts"}],"about":[{"href":"https:\/\/www.cofb.org\/es\/wp-json\/wp\/v2\/types\/post"}],"author":[{"embeddable":true,"href":"https:\/\/www.cofb.org\/es\/wp-json\/wp\/v2\/users\/1"}],"replies":[{"embeddable":true,"href":"https:\/\/www.cofb.org\/es\/wp-json\/wp\/v2\/comments?post=54240"}],"version-history":[{"count":0,"href":"https:\/\/www.cofb.org\/es\/wp-json\/wp\/v2\/posts\/54240\/revisions"}],"wp:featuredmedia":[{"embeddable":true,"href":"https:\/\/www.cofb.org\/es\/wp-json\/"}],"wp:attachment":[{"href":"https:\/\/www.cofb.org\/es\/wp-json\/wp\/v2\/media?parent=54240"}],"wp:term":[{"taxonomy":"category","embeddable":true,"href":"https:\/\/www.cofb.org\/es\/wp-json\/wp\/v2\/categories?post=54240"},{"taxonomy":"post_tag","embeddable":true,"href":"https:\/\/www.cofb.org\/es\/wp-json\/wp\/v2\/tags?post=54240"}],"curies":[{"name":"wp","href":"https:\/\/api.w.org\/{rel}","templated":true}]}}