{"id":54220,"date":"2021-02-10T19:21:59","date_gmt":"2021-02-10T17:21:59","guid":{"rendered":"https:\/\/blog.cofb.cat\/?p=54220"},"modified":"2021-02-10T19:21:59","modified_gmt":"2021-02-10T17:21:59","slug":"catsalut-i-ccfc-signen-un-conveni-estrategic-per-fomentar-el-desplegament-de-latencio-farmaceutica-comunitaria-en-el-sistema-public-de-salut","status":"publish","type":"post","link":"https:\/\/www.cofb.org\/es\/2021\/02\/10\/catsalut-i-ccfc-signen-un-conveni-estrategic-per-fomentar-el-desplegament-de-latencio-farmaceutica-comunitaria-en-el-sistema-public-de-salut\/","title":{"rendered":"Firmado el convenio estrat\u00e9gico para fomentar el despliegue de la atenci\u00f3n farmac\u00e9utica comunitaria en el Sistema p\u00fablico de Salud"},"content":{"rendered":"<p>El <strong>Servicio Catal\u00e1n de la Salud<\/strong> (CatSalut) y el <strong>Consejo de Colegios Farmac\u00e9uticos de Catalu\u00f1a<\/strong> (CCFC) han firmado hoy uno <strong>convenio estrat\u00e9gico<\/strong> para desarrollar proyectos destinados a fomentar el <strong>despliegue de la atenci\u00f3n farmac\u00e9utica<\/strong> en el marco del <strong>Sistema p\u00fablico de salud de Catalunya.<\/strong> Este convenio supone <strong>un gran paso por la integraci\u00f3n de la red de farmacias de Catalu\u00f1a, permitiendo que se convierta en un punto de atenci\u00f3n comunitaria m\u00e1s dentro del Sistema de Salud.<\/strong><\/p>\n<figure id=\"attachment_54226\" aria-describedby=\"caption-attachment-54226\" style=\"width: 620px\" class=\"wp-caption aligncenter\"><img fetchpriority=\"high\" decoding=\"async\" class=\"wp-image-54226 size-large\" title=\"En primer plano (de izquierda a derecha): Jordi Casas, presidente del COFB y del CCFC, y Adri\u00e0 Comella, director del CatSalut. En la segunda fila, Rosa N\u00faria Aleixandre, vicepresidenta del CCFC y presidenta del COFGi, X\u00e8nia Acebes, directora del \u00e1rea Sanitaria del CatSalut y Cari Pontes, gerencia del Medicamento del CatSalut. En la \u00faltima fila, Maria Enrique-Tranc\u00f3n, vicesecretaria del CCFC y presidenta del COFL y Antoni Veciana, tesorero del CCFC y presidente del COFT.\" src=\"https:\/\/blog.cofb.cat\/wp-content\/uploads\/2021\/02\/IMG_4361-1024x683.jpg\" alt=\"En primer pla (d'esquerra a dreta): Jordi Casas, president del COFB i del CCFC, i Adri\u00e0 Comella, director del CatSalut. A la segona fila, Rosa N\u00faria Aleixandre, vicepresidenta del CCFC i presidenta del COFGi, X\u00e8nia Acebes, directora de l'\u00e0rea Sanit\u00e0ria del CatSalut i Cari Pontes, ger\u00e8ncia del Medicament del CatSalut. A l'\u00faltima fila, Maria Enrique-Tranc\u00f3n, vicesecret\u00e0ria del CCFC i presidenta del COFL i Antoni Veciana, tresorer del CCFC i president del COFT.\" width=\"620\" height=\"414\" \/><figcaption id=\"caption-attachment-54226\" class=\"wp-caption-text\">En primer plano (de izquierda a derecha): Jordi Casas, presidente del COFB y del CCFC, y Adri\u00e0 Comella, director del CatSalut. En la segunda fila, Rosa N\u00faria Aleixandre, vicepresidenta del CCFC y presidenta del COFGi, X\u00e8nia Acebes, directora del \u00e1rea Sanitaria del CatSalut y Cari Pontes, gerencia del Medicamento del CatSalut. En la \u00faltima fila, Maria Enrique-Taranc\u00f3n, vicesecretaria del CCFC y presidenta del COFL y Antoni Veciana, tesorero del CCFC y presidente del COFT.<\/figcaption><\/figure>\n<p>La atenci\u00f3n farmac\u00e9utica <strong>tiene potencial para aumentar de forma importante su recorrido<\/strong>, sobre todo, en cuanto a su <strong>cooperaci\u00f3n<\/strong> y <strong>integraci\u00f3n <\/strong>con el resto de niveles asistenciales. Esto se ha puesto especialmente de manifiesto en las iniciativas puestas en marcha durante la <strong>COVID-19,<\/strong> en cuyo marco la<strong>accesibilidad<\/strong> y la <strong>capilaridad<\/strong> de la red de oficinas de farmacias han reafirmado<strong> la oportunidad de avanzar en su integraci\u00f3n y consolidaci\u00f3n como elemento b\u00e1sico de atenci\u00f3n sanitaria de proximidad. <\/strong><\/p>\n<p>Algunos ejemplos de estas iniciativas son la <strong>gesti\u00f3n del plan de medicaci\u00f3n desde la farmacia<\/strong> para evitar desplazamientos innecesarios a Centros de Atenci\u00f3n Primaria; el <strong>circuito para la entrega de proximidad de Medicamentos Hospitalarios de Dispensaci\u00f3n Ambulatoria (MHDA)<\/strong> a trav\u00e9s de la farmacia comunitaria y cuando la farmacia hospitalaria lo solicita; el <strong>proyecto Yo DIC!<\/strong> \u2013acr\u00f3nimo de Derivaci\u00f3n, Integraci\u00f3n y Concienciaci\u00f3n\u2013, con el objetivo de promover una vigilancia epidemiol\u00f3gica integrada; o la estrategia de <strong>cribado piloto de la COVID-19 que se realiz\u00f3 en las farmacias del distrito de Les Corts, en Barcelona. <\/strong><\/p>\n<h1><span style=\"color: #008080;\"><strong>3 grandes \u00e1mbitos de actuaci\u00f3n recogidos en el convenio<\/strong><\/span><\/h1>\n<p>Los proyectos en los que se concreta el Convenio est\u00e1n relacionados con 3 grandes \u00e1mbitos de actuaci\u00f3n. En primer lugar, la <strong>promoci\u00f3n de la salud y prevenci\u00f3n de la enfermedad; <\/strong>en segundo lugar, <strong>la accesibilidad y coordinaci\u00f3n asistencial; <\/strong>en tercer lugar, <strong>la atenci\u00f3n y seguimiento farmacoterap\u00e9utico a pacientes con enfermedades cr\u00f3nicas. <\/strong><\/p>\n<p>Algunos de estos proyectos que contempla el Convenio est\u00e1n ya en marcha, como es el caso del Programa de primeras dispensaciones, el Programa de cribado de c\u00e1ncer de colon y recto y el Programa de educaci\u00f3n sanitaria sobre el buen uso de los medicamentos. Asimismo, los que todav\u00eda no lo est\u00e1n, se ha establecido un sistema de priorizaci\u00f3n para ir desarroll\u00e1ndolos progresivamente, basado en aspectos operativos y de viabilidad, criterios asistenciales, normativos y de herramientas de sistemas de informaci\u00f3n.<\/p>\n<figure id=\"attachment_54225\" aria-describedby=\"caption-attachment-54225\" style=\"width: 620px\" class=\"wp-caption aligncenter\"><img decoding=\"async\" class=\"wp-image-54225 size-large\" title=\"Jordi Casas, presidente del COFB y del CCFC, en un momento de su intervenci\u00f3n durante la firma del convenio.\" src=\"https:\/\/blog.cofb.cat\/wp-content\/uploads\/2021\/02\/IMG_4346-1024x683.jpg\" alt=\"Jordi Casas, president del COFB i del CCFC, en un moment de la seva intervenci\u00f3 durant la signatura del conveni.\" width=\"620\" height=\"414\" \/><figcaption id=\"caption-attachment-54225\" class=\"wp-caption-text\">Jordi Casas, presidente del COFB y del CCFC, en un momento de su intervenci\u00f3n durante la firma del convenio.<\/figcaption><\/figure>\n<h1><span style=\"color: #008080;\"><strong>Adopci\u00f3n de la marca \u201c\/Salud\u201d por parte de las farmacias comunitarias<\/strong><\/span><\/h1>\n<p>Dado que este Convenio supone un avance en la coordinaci\u00f3n de las oficinas de farmacia como parte del Sistema p\u00fablico de Salud de Catalunya, <strong>esta integraci\u00f3n se har\u00e1 visible en todo el sistema sanitario y en la ciudadan\u00eda mediante la adopci\u00f3n de la marca \u201c\/Salud\u201d por parte de las farmacias, en los casos que se considere adecuado.<\/strong><\/p>\n<h1><span style=\"color: #008080;\"><strong>Reforzar, estructurar y establecer mecanismos para la atenci\u00f3n farmac\u00e9utica continuada del paciente<\/strong><\/span><\/h1>\n<p>En 2010, se aprob\u00f3 el Concierto de Atenci\u00f3n Farmac\u00e9utica, firmado entre el CatSalut y el Consejo de Colegios Farmac\u00e9uticos de Catalu\u00f1a \u2013actualmente vigente\u2013, que establece el marco de colaboraci\u00f3n entre ambas instituciones y regula la forma y las condiciones donde la poblaci\u00f3n asistida por el Sistema Nacional de Salud obtiene la atenci\u00f3n farmac\u00e9utica de las oficinas de farmacia.<\/p>\n<p>El CatSalut y CCFC coinciden en que para garantizar una <strong>buena atenci\u00f3n del paciente<\/strong> es necesaria una <strong>buena coordinaci\u00f3n de los distintos niveles asistenciales, <\/strong>que favorezca la coherencia y continuidad del proceso y que acompa\u00f1e al paciente de forma fluida seg\u00fan sus necesidades. En este sentido, dada la <strong>importancia de garantizar una atenci\u00f3n farmac\u00e9utica continuada y adecuada al paciente a lo largo de todo el proceso terap\u00e9utico<\/strong>, se ha decidido firmar este nuevo convenio con el objetivo de <strong>reforzar<\/strong>, <strong>estructurar y establecer mecanismos<\/strong> que favorezcan esta continuidad y la calidad en la atenci\u00f3n farmac\u00e9utica.<\/p>\n<div class=\"destacat-blog\">\n<h1><span style=\"color: #008080;\"><strong>Valoraci\u00f3n desde el Consejo de Colegios Farmac\u00e9uticos de Catalu\u00f1a<\/strong><\/span><\/h1>\n<p>Jordi Casas, presidente del COFB y del CCFC, Rosa N\u00faria Aleixandre, vicepresidenta del CCFC y presidenta del COFGi, Maria Enrique-Taranc\u00f3n, vicesecretaria del CCFC y presidenta del COFL y Toni Veciana, tesorero del CCFC y presidente del COFT, valoraron el alcance de este convenio.<br \/>\n<iframe src=\"https:\/\/player.vimeo.com\/video\/510273451\" width=\"640\" height=\"360\" frameborder=\"0\" allowfullscreen=\"allowfullscreen\"><\/iframe><\/p>\n<\/div>\n<p><strong>Otras publicaciones de inter\u00e9s:<\/strong><\/p>\n<ul>\n<li><a href=\"https:\/\/blog.cofb.cat\/protocol-de-comunicacio-entre-farmacia-comunitaria-i-datencio-primaria\/\" target=\"_blank\" rel=\"noopener\">Creaci\u00f3n de un grupo de trabajo entre la Farmacia Comunitaria y la Atenci\u00f3n Primaria liderado por el CatSalut y el COFB (Septiembre 2019)<\/a><\/li>\n<li><a href=\"https:\/\/blog.cofb.cat\/situacio-sanitat-catalana-conferencia-dadria-comella-director-catsalut-cofb\/\" target=\"_blank\" rel=\"noopener\">Estado de la situaci\u00f3n de la sanidad catalana: Conferencia de Adri\u00e0 Comella, director del CatSalut, en el COFB (Enero 2019)<\/a><\/li>\n<\/ul>","protected":false},"excerpt":{"rendered":"<p>El Servicio Catal\u00e1n de la Salud (CatSalut) y el Consejo de Colegios Farmac\u00e9uticos de Catalu\u00f1a (CCFC) han firmado hoy un convenio estrat\u00e9gico para desarrollar proyectos destinados a fomentar el despliegue de la atenci\u00f3n farmac\u00e9utica en el marco del Sistema p\u00fablico de Salud de Catalu\u00f1a. Este convenio supone un gran paso por [\u2026]<\/p>","protected":false},"author":1,"featured_media":54224,"comment_status":"open","ping_status":"open","sticky":false,"template":"","format":"standard","meta":{"_uag_custom_page_level_css":"","site-sidebar-layout":"default","site-content-layout":"","ast-site-content-layout":"default","site-content-style":"default","site-sidebar-style":"default","ast-global-header-display":"","ast-banner-title-visibility":"","ast-main-header-display":"","ast-hfb-above-header-display":"","ast-hfb-below-header-display":"","ast-hfb-mobile-header-display":"","site-post-title":"","ast-breadcrumbs-content":"","ast-featured-img":"disabled","footer-sml-layout":"","theme-transparent-header-meta":"","adv-header-id-meta":"","stick-header-meta":"","header-above-stick-meta":"","header-main-stick-meta":"","header-below-stick-meta":"","astra-migrate-meta-layouts":"default","ast-page-background-enabled":"default","ast-page-background-meta":{"desktop":{"background-color":"var(--ast-global-color-4)","background-image":"","background-repeat":"repeat","background-position":"center center","background-size":"auto","background-attachment":"scroll","background-type":"","background-media":"","overlay-type":"","overlay-color":"","overlay-opacity":"","overlay-gradient":""},"tablet":{"background-color":"","background-image":"","background-repeat":"repeat","background-position":"center center","background-size":"auto","background-attachment":"scroll","background-type":"","background-media":"","overlay-type":"","overlay-color":"","overlay-opacity":"","overlay-gradient":""},"mobile":{"background-color":"","background-image":"","background-repeat":"repeat","background-position":"center center","background-size":"auto","background-attachment":"scroll","background-type":"","background-media":"","overlay-type":"","overlay-color":"","overlay-opacity":"","overlay-gradient":""}},"ast-content-background-meta":{"desktop":{"background-color":"var(--ast-global-color-5)","background-image":"","background-repeat":"repeat","background-position":"center center","background-size":"auto","background-attachment":"scroll","background-type":"","background-media":"","overlay-type":"","overlay-color":"","overlay-opacity":"","overlay-gradient":""},"tablet":{"background-color":"var(--ast-global-color-5)","background-image":"","background-repeat":"repeat","background-position":"center center","background-size":"auto","background-attachment":"scroll","background-type":"","background-media":"","overlay-type":"","overlay-color":"","overlay-opacity":"","overlay-gradient":""},"mobile":{"background-color":"var(--ast-global-color-5)","background-image":"","background-repeat":"repeat","background-position":"center center","background-size":"auto","background-attachment":"scroll","background-type":"","background-media":"","overlay-type":"","overlay-color":"","overlay-opacity":"","overlay-gradient":""}},"footnotes":""},"categories":[23,57],"tags":[3441,64,399,308,2949,19,163,394,311,24,69,25,247,76,117,4503],"class_list":["post-54220","post","type-post","status-publish","format-standard","has-post-thumbnail","hentry","category-destacats","category-mon-collegial","tag-adria-comella","tag-atencio-farmaceutica","tag-catsalut","tag-ccfc","tag-collaboracio","tag-collegi-de-farmaceutics-de-barcelona","tag-consell-de-collegis-farmaceutics-de-catalunya","tag-conveni","tag-departament-de-salut","tag-farmaceutics-comunitaris","tag-farmacia-comunitaria","tag-farmacies","tag-jordi-casas","tag-oficina-de-farmacia","tag-salut","tag-signatura"],"yoast_head":"<!-- This site is optimized with the Yoast SEO plugin v22.4 - https:\/\/yoast.com\/wordpress\/plugins\/seo\/ -->\n<title>Signat el conveni estrat\u00e8gic per fomentar el desplegament de l\u2019atenci\u00f3 farmac\u00e8utica comunit\u00e0ria en el Sistema p\u00fablic de Salut - Col\u00b7legi de Farmac\u00e8utics de Barcelona<\/title>\n<meta name=\"description\" content=\"El Servei Catal\u00e0 de la Salut (CatSalut) i el Consell de Col\u00b7legis Farmac\u00e8utics de Catalunya (CCFC) han signat avui un conveni estrat\u00e8gic per desenvolupar projectes destinats a fomentar el desplegament de l\u2019atenci\u00f3 farmac\u00e8utica en el marc del Sistema p\u00fablic de Salut de Catalunya.\" \/>\n<meta name=\"robots\" content=\"index, follow, max-snippet:-1, max-image-preview:large, max-video-preview:-1\" \/>\n<link rel=\"canonical\" href=\"https:\/\/novaorg.cofb.net\/2021\/02\/10\/catsalut-i-ccfc-signen-un-conveni-estrategic-per-fomentar-el-desplegament-de-latencio-farmaceutica-comunitaria-en-el-sistema-public-de-salut\/\" \/>\n<meta property=\"og:locale\" content=\"es_ES\" \/>\n<meta property=\"og:type\" content=\"article\" \/>\n<meta property=\"og:title\" content=\"Signat el conveni estrat\u00e8gic per fomentar el desplegament de l\u2019atenci\u00f3 farmac\u00e8utica comunit\u00e0ria en el Sistema p\u00fablic de Salut - Col\u00b7legi de Farmac\u00e8utics de Barcelona\" \/>\n<meta property=\"og:description\" content=\"El Servei Catal\u00e0 de la Salut (CatSalut) i el Consell de Col\u00b7legis Farmac\u00e8utics de Catalunya (CCFC) han signat avui un conveni estrat\u00e8gic per desenvolupar projectes destinats a fomentar el desplegament de l\u2019atenci\u00f3 farmac\u00e8utica en el marc del Sistema p\u00fablic de Salut de Catalunya.\" \/>\n<meta property=\"og:url\" content=\"https:\/\/novaorg.cofb.net\/2021\/02\/10\/catsalut-i-ccfc-signen-un-conveni-estrategic-per-fomentar-el-desplegament-de-latencio-farmaceutica-comunitaria-en-el-sistema-public-de-salut\/\" \/>\n<meta property=\"og:site_name\" content=\"Col\u00b7legi de Farmac\u00e8utics de Barcelona\" \/>\n<meta property=\"article:publisher\" content=\"https:\/\/www.facebook.com\/farmaceuticsbcn\/\" \/>\n<meta property=\"article:published_time\" content=\"2021-02-10T17:21:59+00:00\" \/>\n<meta name=\"author\" content=\"wpAdminCofbOrg\" \/>\n<meta name=\"twitter:card\" content=\"summary_large_image\" \/>\n<meta name=\"twitter:creator\" content=\"@farmaceuticsbcn\" \/>\n<meta name=\"twitter:site\" content=\"@farmaceuticsbcn\" \/>\n<meta name=\"twitter:label1\" content=\"Escrito por\" \/>\n\t<meta name=\"twitter:data1\" content=\"wpAdminCofbOrg\" \/>\n\t<meta name=\"twitter:label2\" content=\"Tiempo de lectura\" \/>\n\t<meta name=\"twitter:data2\" content=\"5 minutos\" \/>\n<script type=\"application\/ld+json\" class=\"yoast-schema-graph\">{\"@context\":\"https:\/\/schema.org\",\"@graph\":[{\"@type\":\"Article\",\"@id\":\"https:\/\/novaorg.cofb.net\/2021\/02\/10\/catsalut-i-ccfc-signen-un-conveni-estrategic-per-fomentar-el-desplegament-de-latencio-farmaceutica-comunitaria-en-el-sistema-public-de-salut\/#article\",\"isPartOf\":{\"@id\":\"https:\/\/novaorg.cofb.net\/2021\/02\/10\/catsalut-i-ccfc-signen-un-conveni-estrategic-per-fomentar-el-desplegament-de-latencio-farmaceutica-comunitaria-en-el-sistema-public-de-salut\/\"},\"author\":{\"name\":\"wpAdminCofbOrg\",\"@id\":\"https:\/\/www.cofb.org\/#\/schema\/person\/22ed7eea88da74b0fa4d3154ad87ffcb\"},\"headline\":\"Signat el conveni estrat\u00e8gic per fomentar el desplegament de l\u2019atenci\u00f3 farmac\u00e8utica comunit\u00e0ria en el Sistema p\u00fablic de Salut\",\"datePublished\":\"2021-02-10T17:21:59+00:00\",\"dateModified\":\"2021-02-10T17:21:59+00:00\",\"mainEntityOfPage\":{\"@id\":\"https:\/\/novaorg.cofb.net\/2021\/02\/10\/catsalut-i-ccfc-signen-un-conveni-estrategic-per-fomentar-el-desplegament-de-latencio-farmaceutica-comunitaria-en-el-sistema-public-de-salut\/\"},\"wordCount\":928,\"commentCount\":0,\"publisher\":{\"@id\":\"https:\/\/www.cofb.org\/#organization\"},\"image\":{\"@id\":\"https:\/\/novaorg.cofb.net\/2021\/02\/10\/catsalut-i-ccfc-signen-un-conveni-estrategic-per-fomentar-el-desplegament-de-latencio-farmaceutica-comunitaria-en-el-sistema-public-de-salut\/#primaryimage\"},\"thumbnailUrl\":\"\",\"keywords\":[\"Adri\u00e0 Comella\",\"Atenci\u00f3 farmac\u00e8utica\",\"catSalut\",\"CCFC\",\"col\u00b7laboraci\u00f3\",\"Col\u00b7legi de Farmac\u00e8utics de Barcelona\",\"Consell de Col\u00b7legis Farmac\u00e8utics de Catalunya\",\"conveni\",\"Departament de Salut\",\"farmac\u00e8utics comunitaris\",\"farm\u00e0cia comunit\u00e0ria\",\"farm\u00e0cies\",\"Jordi Casas\",\"Oficina de farm\u00e0cia\",\"salut\",\"signatura\"],\"articleSection\":[\"Destacats\",\"M\u00f3n col\u00b7legial\"],\"inLanguage\":\"es\",\"potentialAction\":[{\"@type\":\"CommentAction\",\"name\":\"Comment\",\"target\":[\"https:\/\/novaorg.cofb.net\/2021\/02\/10\/catsalut-i-ccfc-signen-un-conveni-estrategic-per-fomentar-el-desplegament-de-latencio-farmaceutica-comunitaria-en-el-sistema-public-de-salut\/#respond\"]}]},{\"@type\":\"WebPage\",\"@id\":\"https:\/\/novaorg.cofb.net\/2021\/02\/10\/catsalut-i-ccfc-signen-un-conveni-estrategic-per-fomentar-el-desplegament-de-latencio-farmaceutica-comunitaria-en-el-sistema-public-de-salut\/\",\"url\":\"https:\/\/novaorg.cofb.net\/2021\/02\/10\/catsalut-i-ccfc-signen-un-conveni-estrategic-per-fomentar-el-desplegament-de-latencio-farmaceutica-comunitaria-en-el-sistema-public-de-salut\/\",\"name\":\"Signat el conveni estrat\u00e8gic per fomentar el desplegament de l\u2019atenci\u00f3 farmac\u00e8utica comunit\u00e0ria en el Sistema p\u00fablic de Salut - Col\u00b7legi de Farmac\u00e8utics de Barcelona\",\"isPartOf\":{\"@id\":\"https:\/\/www.cofb.org\/#website\"},\"primaryImageOfPage\":{\"@id\":\"https:\/\/novaorg.cofb.net\/2021\/02\/10\/catsalut-i-ccfc-signen-un-conveni-estrategic-per-fomentar-el-desplegament-de-latencio-farmaceutica-comunitaria-en-el-sistema-public-de-salut\/#primaryimage\"},\"image\":{\"@id\":\"https:\/\/novaorg.cofb.net\/2021\/02\/10\/catsalut-i-ccfc-signen-un-conveni-estrategic-per-fomentar-el-desplegament-de-latencio-farmaceutica-comunitaria-en-el-sistema-public-de-salut\/#primaryimage\"},\"thumbnailUrl\":\"\",\"datePublished\":\"2021-02-10T17:21:59+00:00\",\"dateModified\":\"2021-02-10T17:21:59+00:00\",\"description\":\"El Servei Catal\u00e0 de la Salut (CatSalut) i el Consell de Col\u00b7legis Farmac\u00e8utics de Catalunya (CCFC) han signat avui un conveni estrat\u00e8gic per desenvolupar projectes destinats a fomentar el desplegament de l\u2019atenci\u00f3 farmac\u00e8utica en el marc del Sistema p\u00fablic de Salut de Catalunya.\",\"breadcrumb\":{\"@id\":\"https:\/\/novaorg.cofb.net\/2021\/02\/10\/catsalut-i-ccfc-signen-un-conveni-estrategic-per-fomentar-el-desplegament-de-latencio-farmaceutica-comunitaria-en-el-sistema-public-de-salut\/#breadcrumb\"},\"inLanguage\":\"es\",\"potentialAction\":[{\"@type\":\"ReadAction\",\"target\":[\"https:\/\/novaorg.cofb.net\/2021\/02\/10\/catsalut-i-ccfc-signen-un-conveni-estrategic-per-fomentar-el-desplegament-de-latencio-farmaceutica-comunitaria-en-el-sistema-public-de-salut\/\"]}]},{\"@type\":\"ImageObject\",\"inLanguage\":\"es\",\"@id\":\"https:\/\/novaorg.cofb.net\/2021\/02\/10\/catsalut-i-ccfc-signen-un-conveni-estrategic-per-fomentar-el-desplegament-de-latencio-farmaceutica-comunitaria-en-el-sistema-public-de-salut\/#primaryimage\",\"url\":\"\",\"contentUrl\":\"\"},{\"@type\":\"BreadcrumbList\",\"@id\":\"https:\/\/novaorg.cofb.net\/2021\/02\/10\/catsalut-i-ccfc-signen-un-conveni-estrategic-per-fomentar-el-desplegament-de-latencio-farmaceutica-comunitaria-en-el-sistema-public-de-salut\/#breadcrumb\",\"itemListElement\":[{\"@type\":\"ListItem\",\"position\":1,\"name\":\"Inici\",\"item\":\"https:\/\/novaorg.cofb.net\/\"},{\"@type\":\"ListItem\",\"position\":2,\"name\":\"Signat el conveni estrat\u00e8gic per fomentar el desplegament de l\u2019atenci\u00f3 farmac\u00e8utica comunit\u00e0ria en el Sistema p\u00fablic de Salut\"}]},{\"@type\":\"WebSite\",\"@id\":\"https:\/\/www.cofb.org\/#website\",\"url\":\"https:\/\/www.cofb.org\/\",\"name\":\"Col\u00b7legi de Farmac\u00e8utics de Barcelona\",\"description\":\"\",\"publisher\":{\"@id\":\"https:\/\/www.cofb.org\/#organization\"},\"potentialAction\":[{\"@type\":\"SearchAction\",\"target\":{\"@type\":\"EntryPoint\",\"urlTemplate\":\"https:\/\/www.cofb.org\/?s={search_term_string}\"},\"query-input\":\"required name=search_term_string\"}],\"inLanguage\":\"es\"},{\"@type\":\"Organization\",\"@id\":\"https:\/\/www.cofb.org\/#organization\",\"name\":\"Col\u00b7legi de Farmac\u00e8utics de Barcelona\",\"url\":\"https:\/\/www.cofb.org\/\",\"logo\":{\"@type\":\"ImageObject\",\"inLanguage\":\"es\",\"@id\":\"https:\/\/www.cofb.org\/#\/schema\/logo\/image\/\",\"url\":\"https:\/\/www.cofb.org\/wp-content\/uploads\/2023\/11\/cropped-Logotip-COFB.png\",\"contentUrl\":\"https:\/\/www.cofb.org\/wp-content\/uploads\/2023\/11\/cropped-Logotip-COFB.png\",\"width\":500,\"height\":105,\"caption\":\"Col\u00b7legi de Farmac\u00e8utics de Barcelona\"},\"image\":{\"@id\":\"https:\/\/www.cofb.org\/#\/schema\/logo\/image\/\"},\"sameAs\":[\"https:\/\/www.facebook.com\/farmaceuticsbcn\/\",\"https:\/\/twitter.com\/farmaceuticsbcn\",\"https:\/\/www.instagram.com\/farmaceuticsbcn\/\",\"https:\/\/www.linkedin.com\/company\/farmaceuticsbcn\/\"]},{\"@type\":\"Person\",\"@id\":\"https:\/\/www.cofb.org\/#\/schema\/person\/22ed7eea88da74b0fa4d3154ad87ffcb\",\"name\":\"wpAdminCofbOrg\",\"image\":{\"@type\":\"ImageObject\",\"inLanguage\":\"es\",\"@id\":\"https:\/\/www.cofb.org\/#\/schema\/person\/image\/\",\"url\":\"https:\/\/secure.gravatar.com\/avatar\/1721b20b3b8ca882c3b56ec6c978c594fff670e40c0718e9190eaeeb76aae7d8?s=96&d=mm&r=g\",\"contentUrl\":\"https:\/\/secure.gravatar.com\/avatar\/1721b20b3b8ca882c3b56ec6c978c594fff670e40c0718e9190eaeeb76aae7d8?s=96&d=mm&r=g\",\"caption\":\"wpAdminCofbOrg\"},\"sameAs\":[\"http:\/\/192.168.64.122\/wordpress\"],\"url\":\"https:\/\/www.cofb.org\/es\/author\/wpadmincofborg\/\"}]}<\/script>\n<!-- \/ Yoast SEO plugin. -->","yoast_head_json":{"title":"Signat el conveni estrat\u00e8gic per fomentar el desplegament de l\u2019atenci\u00f3 farmac\u00e8utica comunit\u00e0ria en el Sistema p\u00fablic de Salut - Col\u00b7legi de Farmac\u00e8utics de Barcelona","description":"El Servei Catal\u00e0 de la Salut (CatSalut) i el Consell de Col\u00b7legis Farmac\u00e8utics de Catalunya (CCFC) han signat avui un conveni estrat\u00e8gic per desenvolupar projectes destinats a fomentar el desplegament de l\u2019atenci\u00f3 farmac\u00e8utica en el marc del Sistema p\u00fablic de Salut de Catalunya.","robots":{"index":"index","follow":"follow","max-snippet":"max-snippet:-1","max-image-preview":"max-image-preview:large","max-video-preview":"max-video-preview:-1"},"canonical":"https:\/\/novaorg.cofb.net\/2021\/02\/10\/catsalut-i-ccfc-signen-un-conveni-estrategic-per-fomentar-el-desplegament-de-latencio-farmaceutica-comunitaria-en-el-sistema-public-de-salut\/","og_locale":"es_ES","og_type":"article","og_title":"Signat el conveni estrat\u00e8gic per fomentar el desplegament de l\u2019atenci\u00f3 farmac\u00e8utica comunit\u00e0ria en el Sistema p\u00fablic de Salut - Col\u00b7legi de Farmac\u00e8utics de Barcelona","og_description":"El Servei Catal\u00e0 de la Salut (CatSalut) i el Consell de Col\u00b7legis Farmac\u00e8utics de Catalunya (CCFC) han signat avui un conveni estrat\u00e8gic per desenvolupar projectes destinats a fomentar el desplegament de l\u2019atenci\u00f3 farmac\u00e8utica en el marc del Sistema p\u00fablic de Salut de Catalunya.","og_url":"https:\/\/novaorg.cofb.net\/2021\/02\/10\/catsalut-i-ccfc-signen-un-conveni-estrategic-per-fomentar-el-desplegament-de-latencio-farmaceutica-comunitaria-en-el-sistema-public-de-salut\/","og_site_name":"Col\u00b7legi de Farmac\u00e8utics de Barcelona","article_publisher":"https:\/\/www.facebook.com\/farmaceuticsbcn\/","article_published_time":"2021-02-10T17:21:59+00:00","author":"wpAdminCofbOrg","twitter_card":"summary_large_image","twitter_creator":"@farmaceuticsbcn","twitter_site":"@farmaceuticsbcn","twitter_misc":{"Escrito por":"wpAdminCofbOrg","Tiempo de lectura":"5 minutos"},"schema":{"@context":"https:\/\/schema.org","@graph":[{"@type":"Article","@id":"https:\/\/novaorg.cofb.net\/2021\/02\/10\/catsalut-i-ccfc-signen-un-conveni-estrategic-per-fomentar-el-desplegament-de-latencio-farmaceutica-comunitaria-en-el-sistema-public-de-salut\/#article","isPartOf":{"@id":"https:\/\/novaorg.cofb.net\/2021\/02\/10\/catsalut-i-ccfc-signen-un-conveni-estrategic-per-fomentar-el-desplegament-de-latencio-farmaceutica-comunitaria-en-el-sistema-public-de-salut\/"},"author":{"name":"wpAdminCofbOrg","@id":"https:\/\/www.cofb.org\/#\/schema\/person\/22ed7eea88da74b0fa4d3154ad87ffcb"},"headline":"Signat el conveni estrat\u00e8gic per fomentar el desplegament de l\u2019atenci\u00f3 farmac\u00e8utica comunit\u00e0ria en el Sistema p\u00fablic de Salut","datePublished":"2021-02-10T17:21:59+00:00","dateModified":"2021-02-10T17:21:59+00:00","mainEntityOfPage":{"@id":"https:\/\/novaorg.cofb.net\/2021\/02\/10\/catsalut-i-ccfc-signen-un-conveni-estrategic-per-fomentar-el-desplegament-de-latencio-farmaceutica-comunitaria-en-el-sistema-public-de-salut\/"},"wordCount":928,"commentCount":0,"publisher":{"@id":"https:\/\/www.cofb.org\/#organization"},"image":{"@id":"https:\/\/novaorg.cofb.net\/2021\/02\/10\/catsalut-i-ccfc-signen-un-conveni-estrategic-per-fomentar-el-desplegament-de-latencio-farmaceutica-comunitaria-en-el-sistema-public-de-salut\/#primaryimage"},"thumbnailUrl":"","keywords":["Adri\u00e0 Comella","Atenci\u00f3 farmac\u00e8utica","catSalut","CCFC","col\u00b7laboraci\u00f3","Col\u00b7legi de Farmac\u00e8utics de Barcelona","Consell de Col\u00b7legis Farmac\u00e8utics de Catalunya","conveni","Departament de Salut","farmac\u00e8utics comunitaris","farm\u00e0cia comunit\u00e0ria","farm\u00e0cies","Jordi Casas","Oficina de farm\u00e0cia","salut","signatura"],"articleSection":["Destacats","M\u00f3n col\u00b7legial"],"inLanguage":"es","potentialAction":[{"@type":"CommentAction","name":"Comment","target":["https:\/\/novaorg.cofb.net\/2021\/02\/10\/catsalut-i-ccfc-signen-un-conveni-estrategic-per-fomentar-el-desplegament-de-latencio-farmaceutica-comunitaria-en-el-sistema-public-de-salut\/#respond"]}]},{"@type":"WebPage","@id":"https:\/\/novaorg.cofb.net\/2021\/02\/10\/catsalut-i-ccfc-signen-un-conveni-estrategic-per-fomentar-el-desplegament-de-latencio-farmaceutica-comunitaria-en-el-sistema-public-de-salut\/","url":"https:\/\/novaorg.cofb.net\/2021\/02\/10\/catsalut-i-ccfc-signen-un-conveni-estrategic-per-fomentar-el-desplegament-de-latencio-farmaceutica-comunitaria-en-el-sistema-public-de-salut\/","name":"Signat el conveni estrat\u00e8gic per fomentar el desplegament de l\u2019atenci\u00f3 farmac\u00e8utica comunit\u00e0ria en el Sistema p\u00fablic de Salut - Col\u00b7legi de Farmac\u00e8utics de Barcelona","isPartOf":{"@id":"https:\/\/www.cofb.org\/#website"},"primaryImageOfPage":{"@id":"https:\/\/novaorg.cofb.net\/2021\/02\/10\/catsalut-i-ccfc-signen-un-conveni-estrategic-per-fomentar-el-desplegament-de-latencio-farmaceutica-comunitaria-en-el-sistema-public-de-salut\/#primaryimage"},"image":{"@id":"https:\/\/novaorg.cofb.net\/2021\/02\/10\/catsalut-i-ccfc-signen-un-conveni-estrategic-per-fomentar-el-desplegament-de-latencio-farmaceutica-comunitaria-en-el-sistema-public-de-salut\/#primaryimage"},"thumbnailUrl":"","datePublished":"2021-02-10T17:21:59+00:00","dateModified":"2021-02-10T17:21:59+00:00","description":"El Servei Catal\u00e0 de la Salut (CatSalut) i el Consell de Col\u00b7legis Farmac\u00e8utics de Catalunya (CCFC) han signat avui un conveni estrat\u00e8gic per desenvolupar projectes destinats a fomentar el desplegament de l\u2019atenci\u00f3 farmac\u00e8utica en el marc del Sistema p\u00fablic de Salut de Catalunya.","breadcrumb":{"@id":"https:\/\/novaorg.cofb.net\/2021\/02\/10\/catsalut-i-ccfc-signen-un-conveni-estrategic-per-fomentar-el-desplegament-de-latencio-farmaceutica-comunitaria-en-el-sistema-public-de-salut\/#breadcrumb"},"inLanguage":"es","potentialAction":[{"@type":"ReadAction","target":["https:\/\/novaorg.cofb.net\/2021\/02\/10\/catsalut-i-ccfc-signen-un-conveni-estrategic-per-fomentar-el-desplegament-de-latencio-farmaceutica-comunitaria-en-el-sistema-public-de-salut\/"]}]},{"@type":"ImageObject","inLanguage":"es","@id":"https:\/\/novaorg.cofb.net\/2021\/02\/10\/catsalut-i-ccfc-signen-un-conveni-estrategic-per-fomentar-el-desplegament-de-latencio-farmaceutica-comunitaria-en-el-sistema-public-de-salut\/#primaryimage","url":"","contentUrl":""},{"@type":"BreadcrumbList","@id":"https:\/\/novaorg.cofb.net\/2021\/02\/10\/catsalut-i-ccfc-signen-un-conveni-estrategic-per-fomentar-el-desplegament-de-latencio-farmaceutica-comunitaria-en-el-sistema-public-de-salut\/#breadcrumb","itemListElement":[{"@type":"ListItem","position":1,"name":"Inici","item":"https:\/\/novaorg.cofb.net\/"},{"@type":"ListItem","position":2,"name":"Signat el conveni estrat\u00e8gic per fomentar el desplegament de l\u2019atenci\u00f3 farmac\u00e8utica comunit\u00e0ria en el Sistema p\u00fablic de Salut"}]},{"@type":"WebSite","@id":"https:\/\/www.cofb.org\/#website","url":"https:\/\/www.cofb.org\/","name":"Col\u00b7legi de Farmac\u00e8utics de Barcelona","description":"","publisher":{"@id":"https:\/\/www.cofb.org\/#organization"},"potentialAction":[{"@type":"SearchAction","target":{"@type":"EntryPoint","urlTemplate":"https:\/\/www.cofb.org\/?s={search_term_string}"},"query-input":"required name=search_term_string"}],"inLanguage":"es"},{"@type":"Organization","@id":"https:\/\/www.cofb.org\/#organization","name":"Col\u00b7legi de Farmac\u00e8utics de Barcelona","url":"https:\/\/www.cofb.org\/","logo":{"@type":"ImageObject","inLanguage":"es","@id":"https:\/\/www.cofb.org\/#\/schema\/logo\/image\/","url":"https:\/\/www.cofb.org\/wp-content\/uploads\/2023\/11\/cropped-Logotip-COFB.png","contentUrl":"https:\/\/www.cofb.org\/wp-content\/uploads\/2023\/11\/cropped-Logotip-COFB.png","width":500,"height":105,"caption":"Col\u00b7legi de Farmac\u00e8utics de Barcelona"},"image":{"@id":"https:\/\/www.cofb.org\/#\/schema\/logo\/image\/"},"sameAs":["https:\/\/www.facebook.com\/farmaceuticsbcn\/","https:\/\/twitter.com\/farmaceuticsbcn","https:\/\/www.instagram.com\/farmaceuticsbcn\/","https:\/\/www.linkedin.com\/company\/farmaceuticsbcn\/"]},{"@type":"Person","@id":"https:\/\/www.cofb.org\/#\/schema\/person\/22ed7eea88da74b0fa4d3154ad87ffcb","name":"wpAdminCofbOrg","image":{"@type":"ImageObject","inLanguage":"es","@id":"https:\/\/www.cofb.org\/#\/schema\/person\/image\/","url":"https:\/\/secure.gravatar.com\/avatar\/1721b20b3b8ca882c3b56ec6c978c594fff670e40c0718e9190eaeeb76aae7d8?s=96&d=mm&r=g","contentUrl":"https:\/\/secure.gravatar.com\/avatar\/1721b20b3b8ca882c3b56ec6c978c594fff670e40c0718e9190eaeeb76aae7d8?s=96&d=mm&r=g","caption":"wpAdminCofbOrg"},"sameAs":["http:\/\/192.168.64.122\/wordpress"],"url":"https:\/\/www.cofb.org\/es\/author\/wpadmincofborg\/"}]}},"uagb_featured_image_src":{"full":false,"thumbnail":false,"medium":false,"medium_large":false,"large":false,"1536x1536":false,"2048x2048":false,"trp-custom-language-flag":false},"uagb_author_info":{"display_name":"wpAdminCofbOrg","author_link":"https:\/\/www.cofb.org\/es\/author\/wpadmincofborg\/"},"uagb_comment_info":0,"uagb_excerpt":"El Servei Catal\u00e0 de la Salut (CatSalut) i el Consell de Col\u00b7legis Farmac\u00e8utics de Catalunya (CCFC) han signat avui un conveni estrat\u00e8gic per desenvolupar projectes destinats a fomentar el desplegament de l\u2019atenci\u00f3 farmac\u00e8utica en el marc del Sistema p\u00fablic de Salut de Catalunya. Aquest conveni suposa un gran pas per [&hellip;]","_links":{"self":[{"href":"https:\/\/www.cofb.org\/es\/wp-json\/wp\/v2\/posts\/54220","targetHints":{"allow":["GET"]}}],"collection":[{"href":"https:\/\/www.cofb.org\/es\/wp-json\/wp\/v2\/posts"}],"about":[{"href":"https:\/\/www.cofb.org\/es\/wp-json\/wp\/v2\/types\/post"}],"author":[{"embeddable":true,"href":"https:\/\/www.cofb.org\/es\/wp-json\/wp\/v2\/users\/1"}],"replies":[{"embeddable":true,"href":"https:\/\/www.cofb.org\/es\/wp-json\/wp\/v2\/comments?post=54220"}],"version-history":[{"count":0,"href":"https:\/\/www.cofb.org\/es\/wp-json\/wp\/v2\/posts\/54220\/revisions"}],"wp:featuredmedia":[{"embeddable":true,"href":"https:\/\/www.cofb.org\/es\/wp-json\/"}],"wp:attachment":[{"href":"https:\/\/www.cofb.org\/es\/wp-json\/wp\/v2\/media?parent=54220"}],"wp:term":[{"taxonomy":"category","embeddable":true,"href":"https:\/\/www.cofb.org\/es\/wp-json\/wp\/v2\/categories?post=54220"},{"taxonomy":"post_tag","embeddable":true,"href":"https:\/\/www.cofb.org\/es\/wp-json\/wp\/v2\/tags?post=54220"}],"curies":[{"name":"wp","href":"https:\/\/api.w.org\/{rel}","templated":true}]}}