{"id":54110,"date":"2021-02-11T15:11:09","date_gmt":"2021-02-11T13:11:09","guid":{"rendered":"https:\/\/blog.cofb.cat\/?p=54110"},"modified":"2021-02-11T15:11:09","modified_gmt":"2021-02-11T13:11:09","slug":"vacunacio-covid-19-dels-professionals-farmaceutics-preguntes-frequents","status":"publish","type":"post","link":"https:\/\/www.cofb.org\/es\/2021\/02\/11\/vacunacio-covid-19-dels-professionals-farmaceutics-preguntes-frequents\/","title":{"rendered":"Vacunaci\u00f3n COVID-19 de los profesionales farmac\u00e9uticos: preguntas frecuentes"},"content":{"rendered":"<p>El Departamento de Salud anunci\u00f3 <strong>el inicio de la vacunaci\u00f3n de los profesionales sanitarios que trabajan en las oficinas de farmacia, esta semana,<\/strong> con la vacuna de AstraZeneca. Los <strong>profesionales priorizados<\/strong> son aquellos que tienen contacto directo con pacientes, e incluyen los <strong>farmac\u00e9uticos titulares, sustitutos y adjuntos, as\u00ed como los auxiliares o t\u00e9cnicos en farmacia<\/strong>. El resto del personal ser\u00e1n convocados cuando corresponda en funci\u00f3n del grupo de poblaci\u00f3n al que pertenecen.<\/p>\n<p><img fetchpriority=\"high\" decoding=\"async\" class=\"aligncenter size-large wp-image-54124\" src=\"https:\/\/blog.cofb.cat\/wp-content\/uploads\/2021\/02\/image00021-1024x683.jpeg\" alt=\"\" width=\"620\" height=\"414\" \/><\/p>\n<p>Ante esta noticia, el COFB ha elaborado un comunicado a colegiados en el que se recogen preguntas frecuentes que pueden surgir, hoy en d\u00eda:<\/p>\n<div class=\"destacat-blog\">\n<h2><strong>\u00bfTengo m\u00e1s de 55 a\u00f1os, cuando me vacunar\u00e1n?<br \/>\n<\/strong><\/h2>\n<p>La vacunaci\u00f3n comenz\u00f3 el 9 de febrero de 2021 en personas de<strong>entre 18 y 55 a\u00f1os<\/strong>, de forma progresiva, y durante las 3 o 4 semanas siguientes, aproximadamente. Las personas <strong>mayores de 55 a\u00f1os<\/strong> est\u00e1 previsto que <strong>se incorporen pronto<\/strong>, en el momento en que se pueda garantizar la disponibilidad de vacunas ARNm.<\/p>\n<h2><strong>Me han dado hora para vacunarme, pero no puedo asistir. \u00bfPuedo ir en cualquier otro momento?<br \/>\n<\/strong><\/h2>\n<p>Si la hora de la cita que te han dado no te va bien, puedes ir dentro del horario establecido, <strong>el horario de vacunaci\u00f3n es de 9 a 12 hy de 15 a 19 h.<\/strong><\/p>\n<h2><strong>Me han dirigido a un punto de vacunaci\u00f3n pero no me va bien. \u00bfPuedo ir a cualquier otro dentro del horario en el que me han citado?<\/strong><\/h2>\n<p>Si el punto de vacunaci\u00f3n no te va bien, puedes ir dentro del horario establecido en <strong>cualquier otro punto de vacunaci\u00f3n<\/strong>. Estamos pendientes de confirmaci\u00f3n sobre el procedimiento para solicitar el cambio de centro.<\/p>\n<p><img decoding=\"async\" class=\"aligncenter size-large wp-image-54149\" src=\"https:\/\/blog.cofb.cat\/wp-content\/uploads\/2021\/02\/image00009-1024x683.jpeg\" alt=\"\" width=\"620\" height=\"414\" \/><\/p>\n<h2><strong>\u00bfQu\u00e9 debo llevar para vacunarme?<\/strong><\/h2>\n<ol>\n<li>CIP (en caso de no disponer del mismo, el DNI).<\/li>\n<li><a href=\"https:\/\/canalsalut.gencat.cat\/web\/.content\/_A-Z\/V\/vacuna-covid-19\/convocatoria\/declaracio-responsable-vacunacio-covid19-imprimir.pdf\" target=\"_blank\" rel=\"noopener\">Declaraci\u00f3n responsable<\/a>.<\/li>\n<li>Documento que acredite que formas parte de uno de los colectivos priorizados por la vacunaci\u00f3n: <strong>carn\u00e9 de colegiado<\/strong> o certificado del colegio profesional, contrato de trabajo o \u00faltima n\u00f3mina. En caso de aut\u00f3nomos, alta de aut\u00f3nomo o \u00faltimo recibo de cotizaciones.<\/li>\n<\/ol>\n<h2><strong>No podr\u00e1s ser vacunado en esta convocatoria si:<\/strong><\/h2>\n<ol>\n<li>Sufres una inmunodepresi\u00f3n grave, enfermedad cardiovascular no controlada o enfermedad hep\u00e1tica, renal metab\u00f3lica\/endocrina y neurol\u00f3gica grave.<\/li>\n<li>Tienes <strong>m\u00e1s<\/strong> de 55 a\u00f1os.<\/li>\n<li>Eres uno <strong>caso positivo de COVID-19<\/strong> o <strong>contacto estrecho<\/strong>; en este caso deber\u00e1s pedir cita para vacunarte cuando hayas finalizado tu aislamiento.<\/li>\n<li>Si <strong>no formas parte<\/strong> de los colectivos profesionales priorizados.<\/li>\n<\/ol>\n<h2><strong>Si no estoy de acuerdo con la vacunaci\u00f3n con AstraZeneca, \u00bfpuedo exigir que me pongan una vacuna con mayor porcentaje de eficacia?<\/strong><\/h2>\n<p>La vacuna<strong> NO<\/strong> se puede elegir, ni los farmac\u00e9uticos ni ning\u00fan otro grupo podr\u00e1 elegir la vacuna que le pongan. Se administrar\u00e1 la que sea adecuada para su grupo.<\/p>\n<p>Las vacunas <strong>no son s\u00f3lo por protecci\u00f3n individual sino de grupo<\/strong>, aunque la eficacia sea menor, existen vacunas de efectividad s\u00f3lo del 50% que han erradicado totalmente enfermedades porque el grupo est\u00e1 mayoritariamente vacunado.<\/p>\n<\/div>\n<p><strong>Para m\u00e1s informaci\u00f3n<\/strong> puede consultar el portal de <a href=\"https:\/\/canalsalut.gencat.cat\/ca\/salut-a-z\/v\/vacuna-covid-19\/professionals\/convocatoria\">Canal Salud<\/a> de la Generalitat o despejar las dudas relacionadas con la vacunaci\u00f3n en el<a href=\"https:\/\/farmaceutics.cofb.net\/group\/guest\/ultims-comunicats\/-\/asset_publisher\/H4sC0W15BZtR\/content\/preguntes-frequents-vacunacio-covid-19-per-als-professionals-de-les-farmacies-comunicat-63-2021\/maximized?_101_INSTANCE_H4sC0W15BZtR_redirect=\/group\/guest\/coronavirus\" target=\"_blank\" rel=\"noopener\">espacio dedicado al Coronavirus en la intranet colegial<\/a>.<\/p>","protected":false},"excerpt":{"rendered":"<p>El Departament de Salut anunci\u00f3 el inicio de la vacunaci\u00f3n de los profesionales sanitarios que trabajan en las oficinas de farmacia, esta semana, con la vacuna de AstraZeneca. Los profesionales priorizados son aquellos que tienen contacto directo con pacientes, e incluyen a los farmac\u00e9uticos titulares, sustitutos y adjuntos, as\u00ed como a los auxiliares o t\u00e9cnicos [\u2026]<\/p>","protected":false},"author":1,"featured_media":54125,"comment_status":"open","ping_status":"open","sticky":false,"template":"","format":"standard","meta":{"_uag_custom_page_level_css":"","site-sidebar-layout":"default","site-content-layout":"","ast-site-content-layout":"default","site-content-style":"default","site-sidebar-style":"default","ast-global-header-display":"","ast-banner-title-visibility":"","ast-main-header-display":"","ast-hfb-above-header-display":"","ast-hfb-below-header-display":"","ast-hfb-mobile-header-display":"","site-post-title":"","ast-breadcrumbs-content":"","ast-featured-img":"disabled","footer-sml-layout":"","theme-transparent-header-meta":"","adv-header-id-meta":"","stick-header-meta":"","header-above-stick-meta":"","header-main-stick-meta":"","header-below-stick-meta":"","astra-migrate-meta-layouts":"default","ast-page-background-enabled":"default","ast-page-background-meta":{"desktop":{"background-color":"var(--ast-global-color-4)","background-image":"","background-repeat":"repeat","background-position":"center center","background-size":"auto","background-attachment":"scroll","background-type":"","background-media":"","overlay-type":"","overlay-color":"","overlay-opacity":"","overlay-gradient":""},"tablet":{"background-color":"","background-image":"","background-repeat":"repeat","background-position":"center center","background-size":"auto","background-attachment":"scroll","background-type":"","background-media":"","overlay-type":"","overlay-color":"","overlay-opacity":"","overlay-gradient":""},"mobile":{"background-color":"","background-image":"","background-repeat":"repeat","background-position":"center center","background-size":"auto","background-attachment":"scroll","background-type":"","background-media":"","overlay-type":"","overlay-color":"","overlay-opacity":"","overlay-gradient":""}},"ast-content-background-meta":{"desktop":{"background-color":"var(--ast-global-color-5)","background-image":"","background-repeat":"repeat","background-position":"center center","background-size":"auto","background-attachment":"scroll","background-type":"","background-media":"","overlay-type":"","overlay-color":"","overlay-opacity":"","overlay-gradient":""},"tablet":{"background-color":"var(--ast-global-color-5)","background-image":"","background-repeat":"repeat","background-position":"center center","background-size":"auto","background-attachment":"scroll","background-type":"","background-media":"","overlay-type":"","overlay-color":"","overlay-opacity":"","overlay-gradient":""},"mobile":{"background-color":"var(--ast-global-color-5)","background-image":"","background-repeat":"repeat","background-position":"center center","background-size":"auto","background-attachment":"scroll","background-type":"","background-media":"","overlay-type":"","overlay-color":"","overlay-opacity":"","overlay-gradient":""}},"footnotes":""},"categories":[23,32],"tags":[4318,4499,4500,399,469,90,4501,53,69,76,4287,4502,814,2194],"class_list":["post-54110","post","type-post","status-publish","format-standard","has-post-thumbnail","hentry","category-destacats","category-noticies-farmacia","tag-actualitat-covid","tag-astrazeneca","tag-campanya-de-vacunacio","tag-catsalut","tag-coronavirus","tag-covid-19","tag-estrategia-de-vacunacio","tag-farmaceutics","tag-farmacia-comunitaria","tag-oficina-de-farmacia","tag-preguntes-frequents","tag-tecnics-i-auxiliars","tag-vacunacio","tag-vacunes"],"yoast_head":"<!-- This site is optimized with the Yoast SEO plugin v22.4 - https:\/\/yoast.com\/wordpress\/plugins\/seo\/ -->\n<title>Vacunaci\u00f3 COVID-19 dels professionals farmac\u00e8utics: preguntes freq\u00fcents - Col\u00b7legi de Farmac\u00e8utics de Barcelona<\/title>\n<meta name=\"robots\" content=\"index, follow, max-snippet:-1, max-image-preview:large, max-video-preview:-1\" \/>\n<link rel=\"canonical\" href=\"https:\/\/novaorg.cofb.net\/2021\/02\/11\/vacunacio-covid-19-dels-professionals-farmaceutics-preguntes-frequents\/\" \/>\n<meta property=\"og:locale\" content=\"es_ES\" \/>\n<meta property=\"og:type\" content=\"article\" \/>\n<meta property=\"og:title\" content=\"Vacunaci\u00f3 COVID-19 dels professionals farmac\u00e8utics: preguntes freq\u00fcents - Col\u00b7legi de Farmac\u00e8utics de Barcelona\" \/>\n<meta property=\"og:description\" content=\"El Departament de Salut va anunciar l&#8217;inici de la vacunaci\u00f3 dels professionals sanitaris que treballen a les oficines de farm\u00e0cia, aquesta setmana, amb la vacuna d\u2019AstraZeneca.\u00a0Els professionals prioritzats s\u00f3n aquells que tenen contacte directe amb pacients, i inclouen els farmac\u00e8utics titulars, substituts i adjunts, aix\u00ed com els auxiliars o t\u00e8cnics [&hellip;]\" \/>\n<meta property=\"og:url\" content=\"https:\/\/novaorg.cofb.net\/2021\/02\/11\/vacunacio-covid-19-dels-professionals-farmaceutics-preguntes-frequents\/\" \/>\n<meta property=\"og:site_name\" content=\"Col\u00b7legi de Farmac\u00e8utics de Barcelona\" \/>\n<meta property=\"article:publisher\" content=\"https:\/\/www.facebook.com\/farmaceuticsbcn\/\" \/>\n<meta property=\"article:published_time\" content=\"2021-02-11T13:11:09+00:00\" \/>\n<meta name=\"author\" content=\"wpAdminCofbOrg\" \/>\n<meta name=\"twitter:card\" content=\"summary_large_image\" \/>\n<meta name=\"twitter:creator\" content=\"@farmaceuticsbcn\" \/>\n<meta name=\"twitter:site\" content=\"@farmaceuticsbcn\" \/>\n<meta name=\"twitter:label1\" content=\"Escrito por\" \/>\n\t<meta name=\"twitter:data1\" content=\"wpAdminCofbOrg\" \/>\n\t<meta name=\"twitter:label2\" content=\"Tiempo de lectura\" \/>\n\t<meta name=\"twitter:data2\" content=\"3 minutos\" \/>\n<script type=\"application\/ld+json\" class=\"yoast-schema-graph\">{\"@context\":\"https:\/\/schema.org\",\"@graph\":[{\"@type\":\"Article\",\"@id\":\"https:\/\/novaorg.cofb.net\/2021\/02\/11\/vacunacio-covid-19-dels-professionals-farmaceutics-preguntes-frequents\/#article\",\"isPartOf\":{\"@id\":\"https:\/\/novaorg.cofb.net\/2021\/02\/11\/vacunacio-covid-19-dels-professionals-farmaceutics-preguntes-frequents\/\"},\"author\":{\"name\":\"wpAdminCofbOrg\",\"@id\":\"https:\/\/www.cofb.org\/#\/schema\/person\/22ed7eea88da74b0fa4d3154ad87ffcb\"},\"headline\":\"Vacunaci\u00f3 COVID-19 dels professionals farmac\u00e8utics: preguntes freq\u00fcents\",\"datePublished\":\"2021-02-11T13:11:09+00:00\",\"dateModified\":\"2021-02-11T13:11:09+00:00\",\"mainEntityOfPage\":{\"@id\":\"https:\/\/novaorg.cofb.net\/2021\/02\/11\/vacunacio-covid-19-dels-professionals-farmaceutics-preguntes-frequents\/\"},\"wordCount\":542,\"commentCount\":0,\"publisher\":{\"@id\":\"https:\/\/www.cofb.org\/#organization\"},\"image\":{\"@id\":\"https:\/\/novaorg.cofb.net\/2021\/02\/11\/vacunacio-covid-19-dels-professionals-farmaceutics-preguntes-frequents\/#primaryimage\"},\"thumbnailUrl\":\"\",\"keywords\":[\"Actualitat COVID\",\"astrazeneca\",\"campanya de vacunaci\u00f3\",\"catSalut\",\"coronavirus\",\"COVID-19\",\"estrat\u00e8gia de vacunaci\u00f3\",\"farmac\u00e8utics\",\"farm\u00e0cia comunit\u00e0ria\",\"Oficina de farm\u00e0cia\",\"preguntes freq\u00fcents\",\"t\u00e8cnics i auxiliars\",\"vacunaci\u00f3\",\"vacunes\"],\"articleSection\":[\"Destacats\",\"Not\u00edcies farm\u00e0cia\"],\"inLanguage\":\"es\",\"potentialAction\":[{\"@type\":\"CommentAction\",\"name\":\"Comment\",\"target\":[\"https:\/\/novaorg.cofb.net\/2021\/02\/11\/vacunacio-covid-19-dels-professionals-farmaceutics-preguntes-frequents\/#respond\"]}]},{\"@type\":\"WebPage\",\"@id\":\"https:\/\/novaorg.cofb.net\/2021\/02\/11\/vacunacio-covid-19-dels-professionals-farmaceutics-preguntes-frequents\/\",\"url\":\"https:\/\/novaorg.cofb.net\/2021\/02\/11\/vacunacio-covid-19-dels-professionals-farmaceutics-preguntes-frequents\/\",\"name\":\"Vacunaci\u00f3 COVID-19 dels professionals farmac\u00e8utics: preguntes freq\u00fcents - Col\u00b7legi de Farmac\u00e8utics de Barcelona\",\"isPartOf\":{\"@id\":\"https:\/\/www.cofb.org\/#website\"},\"primaryImageOfPage\":{\"@id\":\"https:\/\/novaorg.cofb.net\/2021\/02\/11\/vacunacio-covid-19-dels-professionals-farmaceutics-preguntes-frequents\/#primaryimage\"},\"image\":{\"@id\":\"https:\/\/novaorg.cofb.net\/2021\/02\/11\/vacunacio-covid-19-dels-professionals-farmaceutics-preguntes-frequents\/#primaryimage\"},\"thumbnailUrl\":\"\",\"datePublished\":\"2021-02-11T13:11:09+00:00\",\"dateModified\":\"2021-02-11T13:11:09+00:00\",\"breadcrumb\":{\"@id\":\"https:\/\/novaorg.cofb.net\/2021\/02\/11\/vacunacio-covid-19-dels-professionals-farmaceutics-preguntes-frequents\/#breadcrumb\"},\"inLanguage\":\"es\",\"potentialAction\":[{\"@type\":\"ReadAction\",\"target\":[\"https:\/\/novaorg.cofb.net\/2021\/02\/11\/vacunacio-covid-19-dels-professionals-farmaceutics-preguntes-frequents\/\"]}]},{\"@type\":\"ImageObject\",\"inLanguage\":\"es\",\"@id\":\"https:\/\/novaorg.cofb.net\/2021\/02\/11\/vacunacio-covid-19-dels-professionals-farmaceutics-preguntes-frequents\/#primaryimage\",\"url\":\"\",\"contentUrl\":\"\"},{\"@type\":\"BreadcrumbList\",\"@id\":\"https:\/\/novaorg.cofb.net\/2021\/02\/11\/vacunacio-covid-19-dels-professionals-farmaceutics-preguntes-frequents\/#breadcrumb\",\"itemListElement\":[{\"@type\":\"ListItem\",\"position\":1,\"name\":\"Inici\",\"item\":\"https:\/\/novaorg.cofb.net\/\"},{\"@type\":\"ListItem\",\"position\":2,\"name\":\"Vacunaci\u00f3 COVID-19 dels professionals farmac\u00e8utics: preguntes freq\u00fcents\"}]},{\"@type\":\"WebSite\",\"@id\":\"https:\/\/www.cofb.org\/#website\",\"url\":\"https:\/\/www.cofb.org\/\",\"name\":\"Col\u00b7legi de Farmac\u00e8utics de Barcelona\",\"description\":\"\",\"publisher\":{\"@id\":\"https:\/\/www.cofb.org\/#organization\"},\"potentialAction\":[{\"@type\":\"SearchAction\",\"target\":{\"@type\":\"EntryPoint\",\"urlTemplate\":\"https:\/\/www.cofb.org\/?s={search_term_string}\"},\"query-input\":\"required name=search_term_string\"}],\"inLanguage\":\"es\"},{\"@type\":\"Organization\",\"@id\":\"https:\/\/www.cofb.org\/#organization\",\"name\":\"Col\u00b7legi de Farmac\u00e8utics de Barcelona\",\"url\":\"https:\/\/www.cofb.org\/\",\"logo\":{\"@type\":\"ImageObject\",\"inLanguage\":\"es\",\"@id\":\"https:\/\/www.cofb.org\/#\/schema\/logo\/image\/\",\"url\":\"https:\/\/www.cofb.org\/wp-content\/uploads\/2023\/11\/cropped-Logotip-COFB.png\",\"contentUrl\":\"https:\/\/www.cofb.org\/wp-content\/uploads\/2023\/11\/cropped-Logotip-COFB.png\",\"width\":500,\"height\":105,\"caption\":\"Col\u00b7legi de Farmac\u00e8utics de Barcelona\"},\"image\":{\"@id\":\"https:\/\/www.cofb.org\/#\/schema\/logo\/image\/\"},\"sameAs\":[\"https:\/\/www.facebook.com\/farmaceuticsbcn\/\",\"https:\/\/twitter.com\/farmaceuticsbcn\",\"https:\/\/www.instagram.com\/farmaceuticsbcn\/\",\"https:\/\/www.linkedin.com\/company\/farmaceuticsbcn\/\"]},{\"@type\":\"Person\",\"@id\":\"https:\/\/www.cofb.org\/#\/schema\/person\/22ed7eea88da74b0fa4d3154ad87ffcb\",\"name\":\"wpAdminCofbOrg\",\"image\":{\"@type\":\"ImageObject\",\"inLanguage\":\"es\",\"@id\":\"https:\/\/www.cofb.org\/#\/schema\/person\/image\/\",\"url\":\"https:\/\/secure.gravatar.com\/avatar\/1721b20b3b8ca882c3b56ec6c978c594fff670e40c0718e9190eaeeb76aae7d8?s=96&d=mm&r=g\",\"contentUrl\":\"https:\/\/secure.gravatar.com\/avatar\/1721b20b3b8ca882c3b56ec6c978c594fff670e40c0718e9190eaeeb76aae7d8?s=96&d=mm&r=g\",\"caption\":\"wpAdminCofbOrg\"},\"sameAs\":[\"http:\/\/192.168.64.122\/wordpress\"],\"url\":\"https:\/\/www.cofb.org\/es\/author\/wpadmincofborg\/\"}]}<\/script>\n<!-- \/ Yoast SEO plugin. -->","yoast_head_json":{"title":"Vacunaci\u00f3 COVID-19 dels professionals farmac\u00e8utics: preguntes freq\u00fcents - Col\u00b7legi de Farmac\u00e8utics de Barcelona","robots":{"index":"index","follow":"follow","max-snippet":"max-snippet:-1","max-image-preview":"max-image-preview:large","max-video-preview":"max-video-preview:-1"},"canonical":"https:\/\/novaorg.cofb.net\/2021\/02\/11\/vacunacio-covid-19-dels-professionals-farmaceutics-preguntes-frequents\/","og_locale":"es_ES","og_type":"article","og_title":"Vacunaci\u00f3 COVID-19 dels professionals farmac\u00e8utics: preguntes freq\u00fcents - Col\u00b7legi de Farmac\u00e8utics de Barcelona","og_description":"El Departament de Salut va anunciar l&#8217;inici de la vacunaci\u00f3 dels professionals sanitaris que treballen a les oficines de farm\u00e0cia, aquesta setmana, amb la vacuna d\u2019AstraZeneca.\u00a0Els professionals prioritzats s\u00f3n aquells que tenen contacte directe amb pacients, i inclouen els farmac\u00e8utics titulars, substituts i adjunts, aix\u00ed com els auxiliars o t\u00e8cnics [&hellip;]","og_url":"https:\/\/novaorg.cofb.net\/2021\/02\/11\/vacunacio-covid-19-dels-professionals-farmaceutics-preguntes-frequents\/","og_site_name":"Col\u00b7legi de Farmac\u00e8utics de Barcelona","article_publisher":"https:\/\/www.facebook.com\/farmaceuticsbcn\/","article_published_time":"2021-02-11T13:11:09+00:00","author":"wpAdminCofbOrg","twitter_card":"summary_large_image","twitter_creator":"@farmaceuticsbcn","twitter_site":"@farmaceuticsbcn","twitter_misc":{"Escrito por":"wpAdminCofbOrg","Tiempo de lectura":"3 minutos"},"schema":{"@context":"https:\/\/schema.org","@graph":[{"@type":"Article","@id":"https:\/\/novaorg.cofb.net\/2021\/02\/11\/vacunacio-covid-19-dels-professionals-farmaceutics-preguntes-frequents\/#article","isPartOf":{"@id":"https:\/\/novaorg.cofb.net\/2021\/02\/11\/vacunacio-covid-19-dels-professionals-farmaceutics-preguntes-frequents\/"},"author":{"name":"wpAdminCofbOrg","@id":"https:\/\/www.cofb.org\/#\/schema\/person\/22ed7eea88da74b0fa4d3154ad87ffcb"},"headline":"Vacunaci\u00f3 COVID-19 dels professionals farmac\u00e8utics: preguntes freq\u00fcents","datePublished":"2021-02-11T13:11:09+00:00","dateModified":"2021-02-11T13:11:09+00:00","mainEntityOfPage":{"@id":"https:\/\/novaorg.cofb.net\/2021\/02\/11\/vacunacio-covid-19-dels-professionals-farmaceutics-preguntes-frequents\/"},"wordCount":542,"commentCount":0,"publisher":{"@id":"https:\/\/www.cofb.org\/#organization"},"image":{"@id":"https:\/\/novaorg.cofb.net\/2021\/02\/11\/vacunacio-covid-19-dels-professionals-farmaceutics-preguntes-frequents\/#primaryimage"},"thumbnailUrl":"","keywords":["Actualitat COVID","astrazeneca","campanya de vacunaci\u00f3","catSalut","coronavirus","COVID-19","estrat\u00e8gia de vacunaci\u00f3","farmac\u00e8utics","farm\u00e0cia comunit\u00e0ria","Oficina de farm\u00e0cia","preguntes freq\u00fcents","t\u00e8cnics i auxiliars","vacunaci\u00f3","vacunes"],"articleSection":["Destacats","Not\u00edcies farm\u00e0cia"],"inLanguage":"es","potentialAction":[{"@type":"CommentAction","name":"Comment","target":["https:\/\/novaorg.cofb.net\/2021\/02\/11\/vacunacio-covid-19-dels-professionals-farmaceutics-preguntes-frequents\/#respond"]}]},{"@type":"WebPage","@id":"https:\/\/novaorg.cofb.net\/2021\/02\/11\/vacunacio-covid-19-dels-professionals-farmaceutics-preguntes-frequents\/","url":"https:\/\/novaorg.cofb.net\/2021\/02\/11\/vacunacio-covid-19-dels-professionals-farmaceutics-preguntes-frequents\/","name":"Vacunaci\u00f3 COVID-19 dels professionals farmac\u00e8utics: preguntes freq\u00fcents - Col\u00b7legi de Farmac\u00e8utics de Barcelona","isPartOf":{"@id":"https:\/\/www.cofb.org\/#website"},"primaryImageOfPage":{"@id":"https:\/\/novaorg.cofb.net\/2021\/02\/11\/vacunacio-covid-19-dels-professionals-farmaceutics-preguntes-frequents\/#primaryimage"},"image":{"@id":"https:\/\/novaorg.cofb.net\/2021\/02\/11\/vacunacio-covid-19-dels-professionals-farmaceutics-preguntes-frequents\/#primaryimage"},"thumbnailUrl":"","datePublished":"2021-02-11T13:11:09+00:00","dateModified":"2021-02-11T13:11:09+00:00","breadcrumb":{"@id":"https:\/\/novaorg.cofb.net\/2021\/02\/11\/vacunacio-covid-19-dels-professionals-farmaceutics-preguntes-frequents\/#breadcrumb"},"inLanguage":"es","potentialAction":[{"@type":"ReadAction","target":["https:\/\/novaorg.cofb.net\/2021\/02\/11\/vacunacio-covid-19-dels-professionals-farmaceutics-preguntes-frequents\/"]}]},{"@type":"ImageObject","inLanguage":"es","@id":"https:\/\/novaorg.cofb.net\/2021\/02\/11\/vacunacio-covid-19-dels-professionals-farmaceutics-preguntes-frequents\/#primaryimage","url":"","contentUrl":""},{"@type":"BreadcrumbList","@id":"https:\/\/novaorg.cofb.net\/2021\/02\/11\/vacunacio-covid-19-dels-professionals-farmaceutics-preguntes-frequents\/#breadcrumb","itemListElement":[{"@type":"ListItem","position":1,"name":"Inici","item":"https:\/\/novaorg.cofb.net\/"},{"@type":"ListItem","position":2,"name":"Vacunaci\u00f3 COVID-19 dels professionals farmac\u00e8utics: preguntes freq\u00fcents"}]},{"@type":"WebSite","@id":"https:\/\/www.cofb.org\/#website","url":"https:\/\/www.cofb.org\/","name":"Col\u00b7legi de Farmac\u00e8utics de Barcelona","description":"","publisher":{"@id":"https:\/\/www.cofb.org\/#organization"},"potentialAction":[{"@type":"SearchAction","target":{"@type":"EntryPoint","urlTemplate":"https:\/\/www.cofb.org\/?s={search_term_string}"},"query-input":"required name=search_term_string"}],"inLanguage":"es"},{"@type":"Organization","@id":"https:\/\/www.cofb.org\/#organization","name":"Col\u00b7legi de Farmac\u00e8utics de Barcelona","url":"https:\/\/www.cofb.org\/","logo":{"@type":"ImageObject","inLanguage":"es","@id":"https:\/\/www.cofb.org\/#\/schema\/logo\/image\/","url":"https:\/\/www.cofb.org\/wp-content\/uploads\/2023\/11\/cropped-Logotip-COFB.png","contentUrl":"https:\/\/www.cofb.org\/wp-content\/uploads\/2023\/11\/cropped-Logotip-COFB.png","width":500,"height":105,"caption":"Col\u00b7legi de Farmac\u00e8utics de Barcelona"},"image":{"@id":"https:\/\/www.cofb.org\/#\/schema\/logo\/image\/"},"sameAs":["https:\/\/www.facebook.com\/farmaceuticsbcn\/","https:\/\/twitter.com\/farmaceuticsbcn","https:\/\/www.instagram.com\/farmaceuticsbcn\/","https:\/\/www.linkedin.com\/company\/farmaceuticsbcn\/"]},{"@type":"Person","@id":"https:\/\/www.cofb.org\/#\/schema\/person\/22ed7eea88da74b0fa4d3154ad87ffcb","name":"wpAdminCofbOrg","image":{"@type":"ImageObject","inLanguage":"es","@id":"https:\/\/www.cofb.org\/#\/schema\/person\/image\/","url":"https:\/\/secure.gravatar.com\/avatar\/1721b20b3b8ca882c3b56ec6c978c594fff670e40c0718e9190eaeeb76aae7d8?s=96&d=mm&r=g","contentUrl":"https:\/\/secure.gravatar.com\/avatar\/1721b20b3b8ca882c3b56ec6c978c594fff670e40c0718e9190eaeeb76aae7d8?s=96&d=mm&r=g","caption":"wpAdminCofbOrg"},"sameAs":["http:\/\/192.168.64.122\/wordpress"],"url":"https:\/\/www.cofb.org\/es\/author\/wpadmincofborg\/"}]}},"uagb_featured_image_src":{"full":false,"thumbnail":false,"medium":false,"medium_large":false,"large":false,"1536x1536":false,"2048x2048":false,"trp-custom-language-flag":false},"uagb_author_info":{"display_name":"wpAdminCofbOrg","author_link":"https:\/\/www.cofb.org\/es\/author\/wpadmincofborg\/"},"uagb_comment_info":0,"uagb_excerpt":"El Departament de Salut va anunciar l&#8217;inici de la vacunaci\u00f3 dels professionals sanitaris que treballen a les oficines de farm\u00e0cia, aquesta setmana, amb la vacuna d\u2019AstraZeneca.\u00a0Els professionals prioritzats s\u00f3n aquells que tenen contacte directe amb pacients, i inclouen els farmac\u00e8utics titulars, substituts i adjunts, aix\u00ed com els auxiliars o t\u00e8cnics [&hellip;]","_links":{"self":[{"href":"https:\/\/www.cofb.org\/es\/wp-json\/wp\/v2\/posts\/54110","targetHints":{"allow":["GET"]}}],"collection":[{"href":"https:\/\/www.cofb.org\/es\/wp-json\/wp\/v2\/posts"}],"about":[{"href":"https:\/\/www.cofb.org\/es\/wp-json\/wp\/v2\/types\/post"}],"author":[{"embeddable":true,"href":"https:\/\/www.cofb.org\/es\/wp-json\/wp\/v2\/users\/1"}],"replies":[{"embeddable":true,"href":"https:\/\/www.cofb.org\/es\/wp-json\/wp\/v2\/comments?post=54110"}],"version-history":[{"count":0,"href":"https:\/\/www.cofb.org\/es\/wp-json\/wp\/v2\/posts\/54110\/revisions"}],"wp:featuredmedia":[{"embeddable":true,"href":"https:\/\/www.cofb.org\/es\/wp-json\/"}],"wp:attachment":[{"href":"https:\/\/www.cofb.org\/es\/wp-json\/wp\/v2\/media?parent=54110"}],"wp:term":[{"taxonomy":"category","embeddable":true,"href":"https:\/\/www.cofb.org\/es\/wp-json\/wp\/v2\/categories?post=54110"},{"taxonomy":"post_tag","embeddable":true,"href":"https:\/\/www.cofb.org\/es\/wp-json\/wp\/v2\/tags?post=54110"}],"curies":[{"name":"wp","href":"https:\/\/api.w.org\/{rel}","templated":true}]}}