{"id":53829,"date":"2021-01-25T16:17:44","date_gmt":"2021-01-25T14:17:44","guid":{"rendered":"https:\/\/blog.cofb.cat\/?p=53829"},"modified":"2021-01-25T16:17:44","modified_gmt":"2021-01-25T14:17:44","slug":"abordatge-fitoterapia-latencio-primaria-farmacia-comunitaria","status":"publish","type":"post","link":"https:\/\/www.cofb.org\/es\/2021\/01\/25\/abordatge-fitoterapia-latencio-primaria-farmacia-comunitaria\/","title":{"rendered":"Abordaje de la fitoterapia: desde la Atenci\u00f3n Primaria a la farmacia comunitaria"},"content":{"rendered":"<p>El pasado 14 de enero tuvo lugar la conferencia <strong>&quot;Abordaje de la fitoterapia, desde la Atenci\u00f3n Primaria hasta la farmacia comunitaria&quot;<\/strong>, que corri\u00f3 a cargo de <strong>M. Jos\u00e9 Alonso<\/strong>, farmac\u00e9utica comunitaria, y <strong>Francisco Mar\u00edn Jim\u00e9nez<\/strong>, m\u00e9dico de Atenci\u00f3n Primaria. La sesi\u00f3n empez\u00f3 planteando si, realmente, existe una<strong> relaci\u00f3n fluida<\/strong> entre la <strong>fitoterapia<\/strong>, los <strong>centros de Atenci\u00f3n Primaria<\/strong> y la <strong>farmacia comunitaria<\/strong>.<\/p>\n<p>A continuaci\u00f3n, se aportaron datos de una encuesta realizada a profesionales de los Centros de Atenci\u00f3n Primaria del Prat de Llobregat: Diecisiete de septiembre, Ramona Via, y dr. Colina y Capsada. Entre los profesionales encuestados de estos tres centros, uno <strong>45,5%<\/strong> declaraba tener pocos conocimientos espec\u00edficos de fitoterapia; uno <strong>36.4%<\/strong> declaraba no tener ning\u00fan tipo de conocimientos fitoterap\u00e9uticos; uno <strong>9,1%<\/strong> afirmaba tener conocimientos moderados y otro <strong>9,1%<\/strong>\u00a0respond\u00eda tener conocimientos suficientes para una pr\u00e1ctica segura. Esta encuesta sirvi\u00f3 a los ponentes para apuntar que uno de los principales problemas con los que se encuentran los profesionales sanitarios a la hora de prescribir un producto fitoterap\u00e9utico es el precio de este tipo de producto, que no son financiados.<\/p>\n<figure id=\"attachment_53885\" aria-describedby=\"caption-attachment-53885\" style=\"width: 850px\" class=\"wp-caption aligncenter\"><a href=\"https:\/\/blog.cofb.cat\/wp-content\/uploads\/2021\/01\/Abordatge-fitoter\u00e0pia.jpg\"><img fetchpriority=\"high\" decoding=\"async\" class=\"wp-image-53885 size-full\" title=\"M. Jos\u00e9 Alonso, farmac\u00e9utica y Francisco Mar\u00edn, m\u00e9dico de Atenci\u00f3n primaria impartieron la conferencia. \" src=\"https:\/\/blog.cofb.cat\/wp-content\/uploads\/2021\/01\/Abordatge-fitoter\u00e0pia.jpg\" alt=\"M. Jos\u00e9 Alonso, farmac\u00e8utica i Francisco Mar\u00edn, metge d'Atenci\u00f3 prim\u00e0ria van impartir la confer\u00e8ncia. \" width=\"850\" height=\"557\" \/><\/a><figcaption id=\"caption-attachment-53885\" class=\"wp-caption-text\">M. Jos\u00e9 Alonso, farmac\u00e9utica y Francisco Mar\u00edn, m\u00e9dico de Atenci\u00f3n primaria impartieron la conferencia.<\/figcaption><\/figure>\n<h1><span style=\"color: #008080;\"><strong>Oficina de Farmacia y Atenci\u00f3n Primaria<\/strong><\/span><\/h1>\n<p>La encuesta presentada por los ponentes tambi\u00e9n sirvi\u00f3 para analizar c\u00f3mo se perciben las farmacias por parte de los profesionales sanitarios. Uno <strong>56,86%<\/strong> de estos profesionales considera que quiz\u00e1s s\u00ed se trata de agentes de salud infrautilizados por el sistema; uno <strong>34,1%<\/strong> cree que definitivamente se trata de agentes de salud infrautilizados por el sistema y<strong> 9,1%<\/strong> considera que no.<\/p>\n<div class=\"box note\"><\/p>\n<h1><span style=\"color: #008080;\"><strong>La oficina de farmacia, puerta de entrada al sistema de salud<\/strong><\/span><\/h1>\n<p>Durante la conferencia se ofrecieron algunas pautas para<strong>evaluar la gravedad de un paciente<\/strong> que llega a la oficina de farmacia como tira reactiva de orina, haringotest, pulsiox\u00edmetro, medir la temperatura corporal y tambi\u00e9n la frecuencia card\u00edaca y la glucemia.<\/p>\n<p><\/div>\n<h1><span style=\"color: #008080;\"><strong>Patolog\u00edas invernales y medidas de prevenci\u00f3n<\/strong><\/span><\/h1>\n<p>A continuaci\u00f3n, se hizo un repaso de los <strong>cuadros infecciosos<\/strong> t\u00edpicos de la estaci\u00f3n invernal como pueden ser el <strong>resfriado<\/strong>, la <strong>gripe<\/strong> y, este a\u00f1o, la <strong>COVID-19<\/strong>. Tambi\u00e9n se hizo referencia a una serie de cuadros que suelen ser complicaciones (sobreinfecciones por bacterias) de resfriados comunes como la <strong>bronquitis<\/strong>, la <strong>faringoamigdalitis aguda<\/strong>, la <strong>sinusitis<\/strong>, la<strong>otitis<\/strong> y la <strong>laringitis<\/strong>.<\/p>\n<h2><span style=\"color: #008080;\"><strong>Medidas preventivas<\/strong><\/span><\/h2>\n<p>Por todo ello, tambi\u00e9n se hizo un repaso de las <strong>medidas preventivas<\/strong>; una serie de medidas generales que tambi\u00e9n sirven para evitar un contagio cuando ya estamos infectados como lavarse las manos con frecuencia, utilizar pa\u00f1uelos de papel desechables, evitar corrientes de aire y cambios bruscos de temperatura y desestimar el consumo de tabaco.<\/p>\n<p>A ra\u00edz de la aparici\u00f3n de la COVID-19, tambi\u00e9n podr\u00edan a\u00f1adirse como <strong>medidas preventivas<\/strong> la buena ventilaci\u00f3n de los espacios y el uso de mascarillas. Tanto en el caso de la gripe como en el caso de la COVID-19 actualmente se dispone de vacunas. En el caso de COVID-19, la vacuna se est\u00e1 administrando, en primer lugar, a personal sanitario y personas vulnerables.<\/p>\n<h1><span style=\"color: #008080;\"><strong>Plantas de protecci\u00f3n y alivio de los s\u00edntomas con acciones espec\u00edficas: granada, c\u00farcuma y jengibre<\/strong><\/span><\/h1>\n<p>Seg\u00fan expusieron los ponentes, la granada tiene <strong>acci\u00f3n antiinflamatoria<\/strong>, <strong>antiviral<\/strong> y<strong> antibacteriana<\/strong>. Varios estudios han demostrado que los extractos que contienen entre un 60 y un 90% de compuestos polifen\u00f3licos de la granada pueden inhibir significativamente la replicaci\u00f3n del virus de la gripe A.<\/p>\n<p>Estas tres acciones descritas en el caso de la granada tambi\u00e9n las tiene la c\u00farcuma que, adem\u00e1s, destaca por su efecto antioxidante y antif\u00fangico (curcumina). La curcumina interrumpe la infecci\u00f3n viral, dirigi\u00e9ndose directamente a las prote\u00ednas virales, inhibiendo la producci\u00f3n de part\u00edculas y la expresi\u00f3n g\u00e9nica y bloquean entrada, replicaci\u00f3n y gemaci\u00f3n de virus.<\/p>\n<p>En el caso del <strong>jengibre<\/strong>, se afirm\u00f3 que algunos de sus componentes demostraron actividad antiviral y actividad antibacteriana contra bacterias periodontales. Tambi\u00e9n se record\u00f3 que el jengibre debe utilizarse con precauci\u00f3n en individuos que sufran gastritis, \u00falcera p\u00e9ptica o reflujo gastroesof\u00e1gico.<\/p>\n<p>En la \u00faltima parte de la sesi\u00f3n, se expusieron diferentes <strong>casos cl\u00ednicos<\/strong> y <strong>ejemplos de consejo farmac\u00e9utico<\/strong> de <strong>productos de fitoterapia<\/strong>. Estos productos, seg\u00fan se expuso, pueden utilizarse tambi\u00e9n para prevenir nuevos episodios (se aconseja tomar durante dos semanas y repetir si es necesario).<\/p>\n<p style=\"text-align: right;\"><strong>Con el patrocinio de:<\/strong><\/p>\n<p style=\"text-align: right;\"><a href=\"https:\/\/www.alchemlife.es\/\" target=\"_blank\" rel=\"noopener\"><img decoding=\"async\" class=\"size-full wp-image-53879 alignright\" src=\"https:\/\/blog.cofb.cat\/wp-content\/uploads\/2021\/01\/alchem.png\" alt=\"\" width=\"189\" height=\"50\" \/><\/a><\/p>\n<p>&nbsp;<\/p>\n<p>&nbsp;<\/p>\n<p><strong>Otras publicaciones de inter\u00e9s:<\/strong><\/p>\n<ul>\n<li><a href=\"https:\/\/blog.cofb.cat\/usos-aplicacions-dels-olis-essencials-fitoterapia\/\" target=\"_blank\" rel=\"noopener\">Usos y aplicaciones de los aceites esenciales en la fitoterapia<\/a><\/li>\n<li><a href=\"https:\/\/blog.cofb.cat\/rellevancia-dels-olis-essencials-fitoterapia-actual\/\" target=\"_blank\" rel=\"noopener\">La relevancia de los aceites esenciales en la fitoterapia actual<\/a><\/li>\n<\/ul>","protected":false},"excerpt":{"rendered":"<p>El pasado 14 de enero tuvo lugar la conferencia \u201cAbordaje de la fitoterapia, desde la Atenci\u00f3n Primaria hasta la farmacia comunitaria\u201d, que corri\u00f3 a cargo de M. Jos\u00e9 Alonso, farmac\u00e9utica comunitaria, y Francisco Mar\u00edn Jim\u00e9nez, m\u00e9dico de &#039;Atenci\u00f3n Primaria. La sesi\u00f3n empez\u00f3 planteando si, realmente, hay [\u2026]<\/p>","protected":false},"author":1,"featured_media":53885,"comment_status":"open","ping_status":"open","sticky":false,"template":"","format":"standard","meta":{"_uag_custom_page_level_css":"","site-sidebar-layout":"default","site-content-layout":"","ast-site-content-layout":"default","site-content-style":"default","site-sidebar-style":"default","ast-global-header-display":"","ast-banner-title-visibility":"","ast-main-header-display":"","ast-hfb-above-header-display":"","ast-hfb-below-header-display":"","ast-hfb-mobile-header-display":"","site-post-title":"","ast-breadcrumbs-content":"","ast-featured-img":"disabled","footer-sml-layout":"","theme-transparent-header-meta":"","adv-header-id-meta":"","stick-header-meta":"","header-above-stick-meta":"","header-main-stick-meta":"","header-below-stick-meta":"","astra-migrate-meta-layouts":"default","ast-page-background-enabled":"default","ast-page-background-meta":{"desktop":{"background-color":"var(--ast-global-color-4)","background-image":"","background-repeat":"repeat","background-position":"center center","background-size":"auto","background-attachment":"scroll","background-type":"","background-media":"","overlay-type":"","overlay-color":"","overlay-opacity":"","overlay-gradient":""},"tablet":{"background-color":"","background-image":"","background-repeat":"repeat","background-position":"center center","background-size":"auto","background-attachment":"scroll","background-type":"","background-media":"","overlay-type":"","overlay-color":"","overlay-opacity":"","overlay-gradient":""},"mobile":{"background-color":"","background-image":"","background-repeat":"repeat","background-position":"center center","background-size":"auto","background-attachment":"scroll","background-type":"","background-media":"","overlay-type":"","overlay-color":"","overlay-opacity":"","overlay-gradient":""}},"ast-content-background-meta":{"desktop":{"background-color":"var(--ast-global-color-5)","background-image":"","background-repeat":"repeat","background-position":"center center","background-size":"auto","background-attachment":"scroll","background-type":"","background-media":"","overlay-type":"","overlay-color":"","overlay-opacity":"","overlay-gradient":""},"tablet":{"background-color":"var(--ast-global-color-5)","background-image":"","background-repeat":"repeat","background-position":"center center","background-size":"auto","background-attachment":"scroll","background-type":"","background-media":"","overlay-type":"","overlay-color":"","overlay-opacity":"","overlay-gradient":""},"mobile":{"background-color":"var(--ast-global-color-5)","background-image":"","background-repeat":"repeat","background-position":"center center","background-size":"auto","background-attachment":"scroll","background-type":"","background-media":"","overlay-type":"","overlay-color":"","overlay-opacity":"","overlay-gradient":""}},"footnotes":""},"categories":[23,57],"tags":[3127,938,4484,552,18,19,520,90,24,69,349,70,964,256,76,637,117,510,3787],"class_list":["post-53829","post","type-post","status-publish","format-standard","has-post-thumbnail","hentry","category-destacats","category-mon-collegial","tag-actualitzacio","tag-atencio-primaria","tag-bronquitis","tag-centres-datencio-primaria","tag-cofb","tag-collegi-de-farmaceutics-de-barcelona","tag-conferencia","tag-covid-19","tag-farmaceutics-comunitaris","tag-farmacia-comunitaria","tag-fitoterapia","tag-formacio","tag-grip","tag-infeccio","tag-oficina-de-farmacia","tag-programa-de-formacio-continuada","tag-salut","tag-sanitat","tag-sistema-de-salut"],"yoast_head":"<!-- This site is optimized with the Yoast SEO plugin v22.4 - https:\/\/yoast.com\/wordpress\/plugins\/seo\/ -->\n<title>Abordatge de la fitoter\u00e0pia: des de l&#039;Atenci\u00f3 Prim\u00e0ria a la farm\u00e0cia comunit\u00e0ria - Col\u00b7legi de Farmac\u00e8utics de Barcelona<\/title>\n<meta name=\"description\" content=\"El passat 14 de gener va tenir lloc la confer\u00e8ncia &quot;Abordatge de la fitoter\u00e0pia, des de l&#039;Atenci\u00f3 Prim\u00e0ria fins a la farm\u00e0cia comunit\u00e0ria&quot;, que va anar a c\u00e0rrec de M\u00aa Jos\u00e9 Alonso, farmac\u00e8utica comunit\u00e0ria, i Francisco Mar\u00edn Jim\u00e9nez, metge d&#039;Atenci\u00f3 Prim\u00e0ria.\" \/>\n<meta name=\"robots\" content=\"index, follow, max-snippet:-1, max-image-preview:large, max-video-preview:-1\" \/>\n<link rel=\"canonical\" href=\"https:\/\/novaorg.cofb.net\/2021\/01\/25\/abordatge-fitoterapia-latencio-primaria-farmacia-comunitaria\/\" \/>\n<meta property=\"og:locale\" content=\"es_ES\" \/>\n<meta property=\"og:type\" content=\"article\" \/>\n<meta property=\"og:title\" content=\"Abordatge de la fitoter\u00e0pia: des de l&#039;Atenci\u00f3 Prim\u00e0ria a la farm\u00e0cia comunit\u00e0ria - Col\u00b7legi de Farmac\u00e8utics de Barcelona\" \/>\n<meta property=\"og:description\" content=\"El passat 14 de gener va tenir lloc la confer\u00e8ncia &quot;Abordatge de la fitoter\u00e0pia, des de l&#039;Atenci\u00f3 Prim\u00e0ria fins a la farm\u00e0cia comunit\u00e0ria&quot;, que va anar a c\u00e0rrec de M\u00aa Jos\u00e9 Alonso, farmac\u00e8utica comunit\u00e0ria, i Francisco Mar\u00edn Jim\u00e9nez, metge d&#039;Atenci\u00f3 Prim\u00e0ria.\" \/>\n<meta property=\"og:url\" content=\"https:\/\/novaorg.cofb.net\/2021\/01\/25\/abordatge-fitoterapia-latencio-primaria-farmacia-comunitaria\/\" \/>\n<meta property=\"og:site_name\" content=\"Col\u00b7legi de Farmac\u00e8utics de Barcelona\" \/>\n<meta property=\"article:publisher\" content=\"https:\/\/www.facebook.com\/farmaceuticsbcn\/\" \/>\n<meta property=\"article:published_time\" content=\"2021-01-25T14:17:44+00:00\" \/>\n<meta name=\"author\" content=\"wpAdminCofbOrg\" \/>\n<meta name=\"twitter:card\" content=\"summary_large_image\" \/>\n<meta name=\"twitter:creator\" content=\"@farmaceuticsbcn\" \/>\n<meta name=\"twitter:site\" content=\"@farmaceuticsbcn\" \/>\n<meta name=\"twitter:label1\" content=\"Escrito por\" \/>\n\t<meta name=\"twitter:data1\" content=\"wpAdminCofbOrg\" \/>\n\t<meta name=\"twitter:label2\" content=\"Tiempo de lectura\" \/>\n\t<meta name=\"twitter:data2\" content=\"4 minutos\" \/>\n<script type=\"application\/ld+json\" class=\"yoast-schema-graph\">{\"@context\":\"https:\/\/schema.org\",\"@graph\":[{\"@type\":\"Article\",\"@id\":\"https:\/\/novaorg.cofb.net\/2021\/01\/25\/abordatge-fitoterapia-latencio-primaria-farmacia-comunitaria\/#article\",\"isPartOf\":{\"@id\":\"https:\/\/novaorg.cofb.net\/2021\/01\/25\/abordatge-fitoterapia-latencio-primaria-farmacia-comunitaria\/\"},\"author\":{\"name\":\"wpAdminCofbOrg\",\"@id\":\"https:\/\/www.cofb.org\/#\/schema\/person\/22ed7eea88da74b0fa4d3154ad87ffcb\"},\"headline\":\"Abordatge de la fitoter\u00e0pia: des de l&#8217;Atenci\u00f3 Prim\u00e0ria a la farm\u00e0cia comunit\u00e0ria\",\"datePublished\":\"2021-01-25T14:17:44+00:00\",\"dateModified\":\"2021-01-25T14:17:44+00:00\",\"mainEntityOfPage\":{\"@id\":\"https:\/\/novaorg.cofb.net\/2021\/01\/25\/abordatge-fitoterapia-latencio-primaria-farmacia-comunitaria\/\"},\"wordCount\":826,\"commentCount\":0,\"publisher\":{\"@id\":\"https:\/\/www.cofb.org\/#organization\"},\"image\":{\"@id\":\"https:\/\/novaorg.cofb.net\/2021\/01\/25\/abordatge-fitoterapia-latencio-primaria-farmacia-comunitaria\/#primaryimage\"},\"thumbnailUrl\":\"\",\"keywords\":[\"actualitzaci\u00f3\",\"Atenci\u00f3 prim\u00e0ria\",\"bronquitis\",\"Centres d'Atenci\u00f3 Prim\u00e0ria\",\"COFB\",\"Col\u00b7legi de Farmac\u00e8utics de Barcelona\",\"confer\u00e8ncia\",\"COVID-19\",\"farmac\u00e8utics comunitaris\",\"farm\u00e0cia comunit\u00e0ria\",\"Fitoter\u00e0pia\",\"Formaci\u00f3\",\"Grip\",\"infecci\u00f3\",\"Oficina de farm\u00e0cia\",\"programa de formaci\u00f3 continuada\",\"salut\",\"sanitat\",\"sistema de salut\"],\"articleSection\":[\"Destacats\",\"M\u00f3n col\u00b7legial\"],\"inLanguage\":\"es\",\"potentialAction\":[{\"@type\":\"CommentAction\",\"name\":\"Comment\",\"target\":[\"https:\/\/novaorg.cofb.net\/2021\/01\/25\/abordatge-fitoterapia-latencio-primaria-farmacia-comunitaria\/#respond\"]}]},{\"@type\":\"WebPage\",\"@id\":\"https:\/\/novaorg.cofb.net\/2021\/01\/25\/abordatge-fitoterapia-latencio-primaria-farmacia-comunitaria\/\",\"url\":\"https:\/\/novaorg.cofb.net\/2021\/01\/25\/abordatge-fitoterapia-latencio-primaria-farmacia-comunitaria\/\",\"name\":\"Abordatge de la fitoter\u00e0pia: des de l'Atenci\u00f3 Prim\u00e0ria a la farm\u00e0cia comunit\u00e0ria - Col\u00b7legi de Farmac\u00e8utics de Barcelona\",\"isPartOf\":{\"@id\":\"https:\/\/www.cofb.org\/#website\"},\"primaryImageOfPage\":{\"@id\":\"https:\/\/novaorg.cofb.net\/2021\/01\/25\/abordatge-fitoterapia-latencio-primaria-farmacia-comunitaria\/#primaryimage\"},\"image\":{\"@id\":\"https:\/\/novaorg.cofb.net\/2021\/01\/25\/abordatge-fitoterapia-latencio-primaria-farmacia-comunitaria\/#primaryimage\"},\"thumbnailUrl\":\"\",\"datePublished\":\"2021-01-25T14:17:44+00:00\",\"dateModified\":\"2021-01-25T14:17:44+00:00\",\"description\":\"El passat 14 de gener va tenir lloc la confer\u00e8ncia \\\"Abordatge de la fitoter\u00e0pia, des de l'Atenci\u00f3 Prim\u00e0ria fins a la farm\u00e0cia comunit\u00e0ria\\\", que va anar a c\u00e0rrec de M\u00aa Jos\u00e9 Alonso, farmac\u00e8utica comunit\u00e0ria, i Francisco Mar\u00edn Jim\u00e9nez, metge d'Atenci\u00f3 Prim\u00e0ria.\",\"breadcrumb\":{\"@id\":\"https:\/\/novaorg.cofb.net\/2021\/01\/25\/abordatge-fitoterapia-latencio-primaria-farmacia-comunitaria\/#breadcrumb\"},\"inLanguage\":\"es\",\"potentialAction\":[{\"@type\":\"ReadAction\",\"target\":[\"https:\/\/novaorg.cofb.net\/2021\/01\/25\/abordatge-fitoterapia-latencio-primaria-farmacia-comunitaria\/\"]}]},{\"@type\":\"ImageObject\",\"inLanguage\":\"es\",\"@id\":\"https:\/\/novaorg.cofb.net\/2021\/01\/25\/abordatge-fitoterapia-latencio-primaria-farmacia-comunitaria\/#primaryimage\",\"url\":\"\",\"contentUrl\":\"\"},{\"@type\":\"BreadcrumbList\",\"@id\":\"https:\/\/novaorg.cofb.net\/2021\/01\/25\/abordatge-fitoterapia-latencio-primaria-farmacia-comunitaria\/#breadcrumb\",\"itemListElement\":[{\"@type\":\"ListItem\",\"position\":1,\"name\":\"Inici\",\"item\":\"https:\/\/novaorg.cofb.net\/\"},{\"@type\":\"ListItem\",\"position\":2,\"name\":\"Abordatge de la fitoter\u00e0pia: des de l&#8217;Atenci\u00f3 Prim\u00e0ria a la farm\u00e0cia comunit\u00e0ria\"}]},{\"@type\":\"WebSite\",\"@id\":\"https:\/\/www.cofb.org\/#website\",\"url\":\"https:\/\/www.cofb.org\/\",\"name\":\"Col\u00b7legi de Farmac\u00e8utics de Barcelona\",\"description\":\"\",\"publisher\":{\"@id\":\"https:\/\/www.cofb.org\/#organization\"},\"potentialAction\":[{\"@type\":\"SearchAction\",\"target\":{\"@type\":\"EntryPoint\",\"urlTemplate\":\"https:\/\/www.cofb.org\/?s={search_term_string}\"},\"query-input\":\"required name=search_term_string\"}],\"inLanguage\":\"es\"},{\"@type\":\"Organization\",\"@id\":\"https:\/\/www.cofb.org\/#organization\",\"name\":\"Col\u00b7legi de Farmac\u00e8utics de Barcelona\",\"url\":\"https:\/\/www.cofb.org\/\",\"logo\":{\"@type\":\"ImageObject\",\"inLanguage\":\"es\",\"@id\":\"https:\/\/www.cofb.org\/#\/schema\/logo\/image\/\",\"url\":\"https:\/\/www.cofb.org\/wp-content\/uploads\/2023\/11\/cropped-Logotip-COFB.png\",\"contentUrl\":\"https:\/\/www.cofb.org\/wp-content\/uploads\/2023\/11\/cropped-Logotip-COFB.png\",\"width\":500,\"height\":105,\"caption\":\"Col\u00b7legi de Farmac\u00e8utics de Barcelona\"},\"image\":{\"@id\":\"https:\/\/www.cofb.org\/#\/schema\/logo\/image\/\"},\"sameAs\":[\"https:\/\/www.facebook.com\/farmaceuticsbcn\/\",\"https:\/\/twitter.com\/farmaceuticsbcn\",\"https:\/\/www.instagram.com\/farmaceuticsbcn\/\",\"https:\/\/www.linkedin.com\/company\/farmaceuticsbcn\/\"]},{\"@type\":\"Person\",\"@id\":\"https:\/\/www.cofb.org\/#\/schema\/person\/22ed7eea88da74b0fa4d3154ad87ffcb\",\"name\":\"wpAdminCofbOrg\",\"image\":{\"@type\":\"ImageObject\",\"inLanguage\":\"es\",\"@id\":\"https:\/\/www.cofb.org\/#\/schema\/person\/image\/\",\"url\":\"https:\/\/secure.gravatar.com\/avatar\/1721b20b3b8ca882c3b56ec6c978c594fff670e40c0718e9190eaeeb76aae7d8?s=96&d=mm&r=g\",\"contentUrl\":\"https:\/\/secure.gravatar.com\/avatar\/1721b20b3b8ca882c3b56ec6c978c594fff670e40c0718e9190eaeeb76aae7d8?s=96&d=mm&r=g\",\"caption\":\"wpAdminCofbOrg\"},\"sameAs\":[\"http:\/\/192.168.64.122\/wordpress\"],\"url\":\"https:\/\/www.cofb.org\/es\/author\/wpadmincofborg\/\"}]}<\/script>\n<!-- \/ Yoast SEO plugin. -->","yoast_head_json":{"title":"Abordatge de la fitoter\u00e0pia: des de l'Atenci\u00f3 Prim\u00e0ria a la farm\u00e0cia comunit\u00e0ria - Col\u00b7legi de Farmac\u00e8utics de Barcelona","description":"El passat 14 de gener va tenir lloc la confer\u00e8ncia \"Abordatge de la fitoter\u00e0pia, des de l'Atenci\u00f3 Prim\u00e0ria fins a la farm\u00e0cia comunit\u00e0ria\", que va anar a c\u00e0rrec de M\u00aa Jos\u00e9 Alonso, farmac\u00e8utica comunit\u00e0ria, i Francisco Mar\u00edn Jim\u00e9nez, metge d'Atenci\u00f3 Prim\u00e0ria.","robots":{"index":"index","follow":"follow","max-snippet":"max-snippet:-1","max-image-preview":"max-image-preview:large","max-video-preview":"max-video-preview:-1"},"canonical":"https:\/\/novaorg.cofb.net\/2021\/01\/25\/abordatge-fitoterapia-latencio-primaria-farmacia-comunitaria\/","og_locale":"es_ES","og_type":"article","og_title":"Abordatge de la fitoter\u00e0pia: des de l'Atenci\u00f3 Prim\u00e0ria a la farm\u00e0cia comunit\u00e0ria - Col\u00b7legi de Farmac\u00e8utics de Barcelona","og_description":"El passat 14 de gener va tenir lloc la confer\u00e8ncia \"Abordatge de la fitoter\u00e0pia, des de l'Atenci\u00f3 Prim\u00e0ria fins a la farm\u00e0cia comunit\u00e0ria\", que va anar a c\u00e0rrec de M\u00aa Jos\u00e9 Alonso, farmac\u00e8utica comunit\u00e0ria, i Francisco Mar\u00edn Jim\u00e9nez, metge d'Atenci\u00f3 Prim\u00e0ria.","og_url":"https:\/\/novaorg.cofb.net\/2021\/01\/25\/abordatge-fitoterapia-latencio-primaria-farmacia-comunitaria\/","og_site_name":"Col\u00b7legi de Farmac\u00e8utics de Barcelona","article_publisher":"https:\/\/www.facebook.com\/farmaceuticsbcn\/","article_published_time":"2021-01-25T14:17:44+00:00","author":"wpAdminCofbOrg","twitter_card":"summary_large_image","twitter_creator":"@farmaceuticsbcn","twitter_site":"@farmaceuticsbcn","twitter_misc":{"Escrito por":"wpAdminCofbOrg","Tiempo de lectura":"4 minutos"},"schema":{"@context":"https:\/\/schema.org","@graph":[{"@type":"Article","@id":"https:\/\/novaorg.cofb.net\/2021\/01\/25\/abordatge-fitoterapia-latencio-primaria-farmacia-comunitaria\/#article","isPartOf":{"@id":"https:\/\/novaorg.cofb.net\/2021\/01\/25\/abordatge-fitoterapia-latencio-primaria-farmacia-comunitaria\/"},"author":{"name":"wpAdminCofbOrg","@id":"https:\/\/www.cofb.org\/#\/schema\/person\/22ed7eea88da74b0fa4d3154ad87ffcb"},"headline":"Abordatge de la fitoter\u00e0pia: des de l&#8217;Atenci\u00f3 Prim\u00e0ria a la farm\u00e0cia comunit\u00e0ria","datePublished":"2021-01-25T14:17:44+00:00","dateModified":"2021-01-25T14:17:44+00:00","mainEntityOfPage":{"@id":"https:\/\/novaorg.cofb.net\/2021\/01\/25\/abordatge-fitoterapia-latencio-primaria-farmacia-comunitaria\/"},"wordCount":826,"commentCount":0,"publisher":{"@id":"https:\/\/www.cofb.org\/#organization"},"image":{"@id":"https:\/\/novaorg.cofb.net\/2021\/01\/25\/abordatge-fitoterapia-latencio-primaria-farmacia-comunitaria\/#primaryimage"},"thumbnailUrl":"","keywords":["actualitzaci\u00f3","Atenci\u00f3 prim\u00e0ria","bronquitis","Centres d'Atenci\u00f3 Prim\u00e0ria","COFB","Col\u00b7legi de Farmac\u00e8utics de Barcelona","confer\u00e8ncia","COVID-19","farmac\u00e8utics comunitaris","farm\u00e0cia comunit\u00e0ria","Fitoter\u00e0pia","Formaci\u00f3","Grip","infecci\u00f3","Oficina de farm\u00e0cia","programa de formaci\u00f3 continuada","salut","sanitat","sistema de salut"],"articleSection":["Destacats","M\u00f3n col\u00b7legial"],"inLanguage":"es","potentialAction":[{"@type":"CommentAction","name":"Comment","target":["https:\/\/novaorg.cofb.net\/2021\/01\/25\/abordatge-fitoterapia-latencio-primaria-farmacia-comunitaria\/#respond"]}]},{"@type":"WebPage","@id":"https:\/\/novaorg.cofb.net\/2021\/01\/25\/abordatge-fitoterapia-latencio-primaria-farmacia-comunitaria\/","url":"https:\/\/novaorg.cofb.net\/2021\/01\/25\/abordatge-fitoterapia-latencio-primaria-farmacia-comunitaria\/","name":"Abordatge de la fitoter\u00e0pia: des de l'Atenci\u00f3 Prim\u00e0ria a la farm\u00e0cia comunit\u00e0ria - Col\u00b7legi de Farmac\u00e8utics de Barcelona","isPartOf":{"@id":"https:\/\/www.cofb.org\/#website"},"primaryImageOfPage":{"@id":"https:\/\/novaorg.cofb.net\/2021\/01\/25\/abordatge-fitoterapia-latencio-primaria-farmacia-comunitaria\/#primaryimage"},"image":{"@id":"https:\/\/novaorg.cofb.net\/2021\/01\/25\/abordatge-fitoterapia-latencio-primaria-farmacia-comunitaria\/#primaryimage"},"thumbnailUrl":"","datePublished":"2021-01-25T14:17:44+00:00","dateModified":"2021-01-25T14:17:44+00:00","description":"El passat 14 de gener va tenir lloc la confer\u00e8ncia \"Abordatge de la fitoter\u00e0pia, des de l'Atenci\u00f3 Prim\u00e0ria fins a la farm\u00e0cia comunit\u00e0ria\", que va anar a c\u00e0rrec de M\u00aa Jos\u00e9 Alonso, farmac\u00e8utica comunit\u00e0ria, i Francisco Mar\u00edn Jim\u00e9nez, metge d'Atenci\u00f3 Prim\u00e0ria.","breadcrumb":{"@id":"https:\/\/novaorg.cofb.net\/2021\/01\/25\/abordatge-fitoterapia-latencio-primaria-farmacia-comunitaria\/#breadcrumb"},"inLanguage":"es","potentialAction":[{"@type":"ReadAction","target":["https:\/\/novaorg.cofb.net\/2021\/01\/25\/abordatge-fitoterapia-latencio-primaria-farmacia-comunitaria\/"]}]},{"@type":"ImageObject","inLanguage":"es","@id":"https:\/\/novaorg.cofb.net\/2021\/01\/25\/abordatge-fitoterapia-latencio-primaria-farmacia-comunitaria\/#primaryimage","url":"","contentUrl":""},{"@type":"BreadcrumbList","@id":"https:\/\/novaorg.cofb.net\/2021\/01\/25\/abordatge-fitoterapia-latencio-primaria-farmacia-comunitaria\/#breadcrumb","itemListElement":[{"@type":"ListItem","position":1,"name":"Inici","item":"https:\/\/novaorg.cofb.net\/"},{"@type":"ListItem","position":2,"name":"Abordatge de la fitoter\u00e0pia: des de l&#8217;Atenci\u00f3 Prim\u00e0ria a la farm\u00e0cia comunit\u00e0ria"}]},{"@type":"WebSite","@id":"https:\/\/www.cofb.org\/#website","url":"https:\/\/www.cofb.org\/","name":"Col\u00b7legi de Farmac\u00e8utics de Barcelona","description":"","publisher":{"@id":"https:\/\/www.cofb.org\/#organization"},"potentialAction":[{"@type":"SearchAction","target":{"@type":"EntryPoint","urlTemplate":"https:\/\/www.cofb.org\/?s={search_term_string}"},"query-input":"required name=search_term_string"}],"inLanguage":"es"},{"@type":"Organization","@id":"https:\/\/www.cofb.org\/#organization","name":"Col\u00b7legi de Farmac\u00e8utics de Barcelona","url":"https:\/\/www.cofb.org\/","logo":{"@type":"ImageObject","inLanguage":"es","@id":"https:\/\/www.cofb.org\/#\/schema\/logo\/image\/","url":"https:\/\/www.cofb.org\/wp-content\/uploads\/2023\/11\/cropped-Logotip-COFB.png","contentUrl":"https:\/\/www.cofb.org\/wp-content\/uploads\/2023\/11\/cropped-Logotip-COFB.png","width":500,"height":105,"caption":"Col\u00b7legi de Farmac\u00e8utics de Barcelona"},"image":{"@id":"https:\/\/www.cofb.org\/#\/schema\/logo\/image\/"},"sameAs":["https:\/\/www.facebook.com\/farmaceuticsbcn\/","https:\/\/twitter.com\/farmaceuticsbcn","https:\/\/www.instagram.com\/farmaceuticsbcn\/","https:\/\/www.linkedin.com\/company\/farmaceuticsbcn\/"]},{"@type":"Person","@id":"https:\/\/www.cofb.org\/#\/schema\/person\/22ed7eea88da74b0fa4d3154ad87ffcb","name":"wpAdminCofbOrg","image":{"@type":"ImageObject","inLanguage":"es","@id":"https:\/\/www.cofb.org\/#\/schema\/person\/image\/","url":"https:\/\/secure.gravatar.com\/avatar\/1721b20b3b8ca882c3b56ec6c978c594fff670e40c0718e9190eaeeb76aae7d8?s=96&d=mm&r=g","contentUrl":"https:\/\/secure.gravatar.com\/avatar\/1721b20b3b8ca882c3b56ec6c978c594fff670e40c0718e9190eaeeb76aae7d8?s=96&d=mm&r=g","caption":"wpAdminCofbOrg"},"sameAs":["http:\/\/192.168.64.122\/wordpress"],"url":"https:\/\/www.cofb.org\/es\/author\/wpadmincofborg\/"}]}},"uagb_featured_image_src":{"full":false,"thumbnail":false,"medium":false,"medium_large":false,"large":false,"1536x1536":false,"2048x2048":false,"trp-custom-language-flag":false},"uagb_author_info":{"display_name":"wpAdminCofbOrg","author_link":"https:\/\/www.cofb.org\/es\/author\/wpadmincofborg\/"},"uagb_comment_info":0,"uagb_excerpt":"El passat 14 de gener va tenir lloc la confer\u00e8ncia &#8220;Abordatge de la fitoter\u00e0pia, des de l&#8217;Atenci\u00f3 Prim\u00e0ria fins a la farm\u00e0cia comunit\u00e0ria&#8221;, que va anar a c\u00e0rrec de M. Jos\u00e9 Alonso, farmac\u00e8utica comunit\u00e0ria, i Francisco Mar\u00edn Jim\u00e9nez, metge d&#8217;Atenci\u00f3 Prim\u00e0ria. La sessi\u00f3 va comen\u00e7ar plantejant si, realment, hi ha [&hellip;]","_links":{"self":[{"href":"https:\/\/www.cofb.org\/es\/wp-json\/wp\/v2\/posts\/53829","targetHints":{"allow":["GET"]}}],"collection":[{"href":"https:\/\/www.cofb.org\/es\/wp-json\/wp\/v2\/posts"}],"about":[{"href":"https:\/\/www.cofb.org\/es\/wp-json\/wp\/v2\/types\/post"}],"author":[{"embeddable":true,"href":"https:\/\/www.cofb.org\/es\/wp-json\/wp\/v2\/users\/1"}],"replies":[{"embeddable":true,"href":"https:\/\/www.cofb.org\/es\/wp-json\/wp\/v2\/comments?post=53829"}],"version-history":[{"count":0,"href":"https:\/\/www.cofb.org\/es\/wp-json\/wp\/v2\/posts\/53829\/revisions"}],"wp:featuredmedia":[{"embeddable":true,"href":"https:\/\/www.cofb.org\/es\/wp-json\/"}],"wp:attachment":[{"href":"https:\/\/www.cofb.org\/es\/wp-json\/wp\/v2\/media?parent=53829"}],"wp:term":[{"taxonomy":"category","embeddable":true,"href":"https:\/\/www.cofb.org\/es\/wp-json\/wp\/v2\/categories?post=53829"},{"taxonomy":"post_tag","embeddable":true,"href":"https:\/\/www.cofb.org\/es\/wp-json\/wp\/v2\/tags?post=53829"}],"curies":[{"name":"wp","href":"https:\/\/api.w.org\/{rel}","templated":true}]}}