{"id":53792,"date":"2021-02-10T10:53:13","date_gmt":"2021-02-10T08:53:13","guid":{"rendered":"https:\/\/blog.cofb.cat\/?p=53792"},"modified":"2021-02-10T10:53:13","modified_gmt":"2021-02-10T08:53:13","slug":"nova-formacio-sobre-fitoterapia-cofb","status":"publish","type":"post","link":"https:\/\/www.cofb.org\/es\/2021\/02\/10\/nova-formacio-sobre-fitoterapia-cofb\/","title":{"rendered":"Nueva formaci\u00f3n sobre fitoterapia en el COFB"},"content":{"rendered":"<p>Durante los meses de enero y febrero han tenido lugar en el COFB las sesiones de la formaci\u00f3n <strong>&quot;Fitoterapia: Usos y Aplicaciones de los aceites esenciales&quot;<\/strong>. Se trata de una formaci\u00f3n que ya se ha impartido en otras ocasiones en el Colegio y que resulta muy interesante porque permite abordar los fundamentos de uso y aplicaci\u00f3n de los aceites esenciales y profundizar en ellos; conocer c\u00f3mo aplicar los aceites esenciales como herramienta fitoterap\u00e9utica; saber utilizarlos en funci\u00f3n de cada afecci\u00f3n y saber cu\u00e1les son las diferentes v\u00edas de administraci\u00f3n y posolog\u00edas para evitar posibles toxicidades. El encargado de coordinar este curso fue <strong>Josep Allu\u00e9<\/strong>, vocal de Plantas Medicinales y Homeopat\u00eda del COFB.<\/p>\n<h2><span style=\"color: #008080;\"><strong>Los aceites esenciales, herramienta valiosa en la farmacia comunitaria<\/strong><\/span><\/h2>\n<p>Los aceites esenciales son <strong>extractos muy concentrados<\/strong> obtenidos por destilaci\u00f3n a partir de plantas arom\u00e1ticas como la lavanda y el tomillo. Del uso y aplicaci\u00f3n de estos aceites se deriva una terapia natural basada en el<strong>actividad fitoterap\u00e9utica de las mol\u00e9culas bioqu\u00edmicas<\/strong> que los componen. Existe evidencia cient\u00edfica de que los aceites esenciales son eficaces en campos de actuaci\u00f3n numerosos y variados.<\/p>\n<p id=\"yui_patched_v3_11_0_2_1610614755846_27\">Los aceites esenciales aportan soluciones a casos de infecciones, trastornos articulares, afecciones dermatol\u00f3gicas, trastornos del sistema nervioso, etc., por eso son una <strong>herramienta valiosa en la farmacia comunitaria<\/strong>.<\/p>\n<div class=\"destacat-blog\">\n<h2><strong>Ponentes\u00a0<\/strong><\/h2>\n<p>La formaci\u00f3n cont\u00f3 con las intervenciones de:<\/p>\n<ul>\n<li><strong>Alfredo Quevedo<\/strong>, licenciado en Farmacia, graduado en naturopat\u00eda, instituto Euronature (Francia), especialista en aceites esenciales terap\u00e9uticos, responsable cient\u00edfico de Pranar\u00f4m Espa\u00f1a SLU<\/li>\n<li><strong>Maite Castro Albizua<\/strong>, farmac\u00e9utica, formadora, visitadora m\u00e9dica, responsable t\u00e9cnica de Pranar\u00f4m Espa\u00f1a SLU<\/li>\n<li><strong>Matilde Garc\u00eda Monreal<\/strong>, farmac\u00e9utica titular en Valencia, especialista en fitoterapia y aceites esenciales<\/li>\n<\/ul>\n<\/div>\n<p><a href=\"https:\/\/blog.cofb.cat\/wp-content\/uploads\/2021\/01\/Olis-essencials-ok.jpg\"><img fetchpriority=\"high\" decoding=\"async\" class=\"aligncenter size-full wp-image-53848\" src=\"https:\/\/blog.cofb.cat\/wp-content\/uploads\/2021\/01\/Olis-essencials-ok.jpg\" alt=\"\" width=\"800\" height=\"495\" \/><\/a><\/p>\n<div class=\"box info\"><\/div>\n<h1><span style=\"color: #008080;\"><strong>Programa<\/strong><\/span><\/h1>\n<p>A lo largo de la formaci\u00f3n, se abordaron los siguientes contenidos:<\/p>\n<h2><strong>Generalidades<\/strong><\/h2>\n<p>Dentro de este primer punto, los ponentes hicieron una introducci\u00f3n y expusieron las definiciones de<strong>aceite esencial<\/strong>, <strong>esencia<\/strong> as\u00ed como de los <strong>criterios de calidad<\/strong> de un aceite esencial. Adem\u00e1s, se refirieron a los\u00a0<strong>aceites esenciales quimiotipados<\/strong> (OEQT), los <strong>m\u00e9todos de an\u00e1lisis<\/strong>, cromatograf\u00eda de gases con espectrometr\u00eda de masas; las <strong>v\u00edas de administraci\u00f3n<\/strong> (t\u00f3pica, oral e inhalada), las <strong>precauciones de utilizaci\u00f3n<\/strong> y <strong>seguridad<\/strong> de los aceites esenciales en grupos espec\u00edficos de poblaci\u00f3n (embarazo, pediatr\u00eda, asm\u00e1ticos, etc.) y el cuadro de uso seguro de los aceites esenciales m\u00e1s comunes.<\/p>\n<h2><strong>Infectolog\u00eda<\/strong><\/h2>\n<p>Dentro de este segundo bloque, los contenidos expuestos se centraron en los mecanismos de acci\u00f3n de los aceites esenciales antiinfecciosos, la investigaci\u00f3n y publicaciones cient\u00edficas y las principales aplicaciones pr\u00e1cticas.<\/p>\n<h2><strong>Sistema respiratorio<\/strong><\/h2>\n<p>A este respecto, en las sesiones se hizo referencia a los aceites esenciales expectorantes mucol\u00edticos, a los aceites esenciales antial\u00e9rgicos ya las principales aplicaciones pr\u00e1cticas.<\/p>\n<h2><strong>Inflamaci\u00f3n y gesti\u00f3n del dolor<\/strong><\/h2>\n<p>En este blog, los principales conceptos abordados fueron los aceites esenciales antiinflamatorios, otros aceites esenciales de utilidad en la gesti\u00f3n del dolor, investigaci\u00f3n y publicaciones cient\u00edficas y principales aplicaciones pr\u00e1cticas.<\/p>\n<h2><strong>Sistema circulatorio<\/strong><\/h2>\n<p>En relaci\u00f3n al sistema circulatorio, a lo largo de la formaci\u00f3n se trataron los aceites esenciales que act\u00faan sobre la circulaci\u00f3n venosa; la gesti\u00f3n de las alteraciones de la tensi\u00f3n arterial y sus principales aplicaciones pr\u00e1cticas.<\/p>\n<h2><strong>Sistema digestivo<\/strong><\/h2>\n<p>En cuanto al sistema digestivo, la formaci\u00f3n hizo referencia a los aceites esenciales digestivos, antiespasm\u00f3dicos, carminativos y otros aceites esenciales eup\u00e9pticos. Asimismo, tambi\u00e9n se trat\u00f3 la importancia sanitaria de los cuidados depurativos, los aceites esenciales depurativos y las principales aplicaciones pr\u00e1cticas.<\/p>\n<h2><strong>Dermatolog\u00eda<\/strong><\/h2>\n<p>Por lo que respecta al \u00e1mbito de la dermatolog\u00eda, se hizo referencia a los aceites esenciales en dermatolog\u00eda y, concretamente, a los aceites esenciales antiinflamatorios\/analg\u00e9sicos\/antipruriginosos. Todo ello sin dejar de lado los aceites esenciales antiinfecciosos en dermatolog\u00eda, los aceites esenciales cicatrizantes, los aceites vegetales (el soporte ideal de los OEQT) y las principales aplicaciones pr\u00e1cticas.<\/p>\n<h2><strong>Sistema nervioso<\/strong><\/h2>\n<p>Por \u00faltimo, en cuanto al sistema nervioso, se abord\u00f3 la relaci\u00f3n existente entre la v\u00eda olfativa y el sistema nervioso; y se habl\u00f3 de los aceites esenciales relajantes, calmantes y relajantes; sedantes y antidepresivos y sus aplicaciones pr\u00e1cticas.<\/p>\n<\/div>\n<p>Por \u00faltimo, cabe destacar que, tal y como se ha recogido en el programa, en la primera sesi\u00f3n se expusieron los <strong>conceptos b\u00e1sicos de la acci\u00f3n fitoterap\u00e9utica de los aceites esenciales<\/strong>, los criterios de calidad, las v\u00edas de administraci\u00f3n y las precauciones de uso. Posteriormente, se estudiaron los aceites esenciales recomendados en casos de infecciones y principales sistemas del organismo. El curso proporcion\u00f3 las <strong>monograf\u00edas<\/strong> de <strong>60 aceites quimiotipados<\/strong> con propiedades principales, indicaciones y afecciones. Para facilitar su comprensi\u00f3n se clasificaron en diferentes familias arom\u00e1ticas de acuerdo con la composici\u00f3n bioqu\u00edmica.<\/p>\n<p style=\"text-align: right;\"><strong>Con el patrocinio de<\/strong><\/p>\n<p style=\"text-align: right;\"><a href=\"https:\/\/www.pranarom.es\/\" target=\"_blank\" rel=\"noopener\"><img decoding=\"async\" class=\"wp-image-53804 alignright\" src=\"https:\/\/blog.cofb.cat\/wp-content\/uploads\/2021\/01\/pranarom_logo-1024x172.jpg\" alt=\"\" width=\"166\" height=\"28\" \/><\/a><\/p>\n<p>&nbsp;<\/p>\n<p><strong>Otras publicaciones de inter\u00e9s:<\/strong><\/p>\n<ul>\n<li><a href=\"https:\/\/blog.cofb.cat\/usos-aplicacions-dels-olis-essencials-fitoterapia\/\" target=\"_blank\" rel=\"noopener\">Usos y aplicaciones de los aceites esenciales en la fitoterapia (Marzo 2020)<\/a><\/li>\n<li><a href=\"https:\/\/blog.cofb.cat\/importancia-duna-indicacio-adequada-dels-olis-essencials-pediatria\/\" target=\"_blank\" rel=\"noopener\">La importancia de una indicaci\u00f3n adecuada de los aceites esenciales en pediatr\u00eda (Marzo 2019)<\/a><\/li>\n<li><a href=\"https:\/\/blog.cofb.cat\/rellevancia-dels-olis-essencials-fitoterapia-actual\/\" target=\"_blank\" rel=\"noopener\">La relevancia de los aceites esenciales en la fitoterapia actual (Febrero 2019)<\/a><\/li>\n<\/ul>","protected":false},"excerpt":{"rendered":"<p>Durante los meses de enero y febrero han tenido lugar en el COFB las sesiones de la formaci\u00f3n &quot;Fitoterapia: Usos y Aplicaciones de los aceites esenciales&quot;. Se trata de una formaci\u00f3n que ya se ha impartido en otras ocasiones en el Colegio y que resulta muy interesante porque permite abordar los fundamentos de uso y aplicaci\u00f3n [\u2026]<\/p>","protected":false},"author":1,"featured_media":53848,"comment_status":"open","ping_status":"open","sticky":false,"template":"","format":"standard","meta":{"_uag_custom_page_level_css":"","site-sidebar-layout":"default","site-content-layout":"","ast-site-content-layout":"default","site-content-style":"default","site-sidebar-style":"default","ast-global-header-display":"","ast-banner-title-visibility":"","ast-main-header-display":"","ast-hfb-above-header-display":"","ast-hfb-below-header-display":"","ast-hfb-mobile-header-display":"","site-post-title":"","ast-breadcrumbs-content":"","ast-featured-img":"disabled","footer-sml-layout":"","theme-transparent-header-meta":"","adv-header-id-meta":"","stick-header-meta":"","header-above-stick-meta":"","header-main-stick-meta":"","header-below-stick-meta":"","astra-migrate-meta-layouts":"default","ast-page-background-enabled":"default","ast-page-background-meta":{"desktop":{"background-color":"var(--ast-global-color-4)","background-image":"","background-repeat":"repeat","background-position":"center center","background-size":"auto","background-attachment":"scroll","background-type":"","background-media":"","overlay-type":"","overlay-color":"","overlay-opacity":"","overlay-gradient":""},"tablet":{"background-color":"","background-image":"","background-repeat":"repeat","background-position":"center center","background-size":"auto","background-attachment":"scroll","background-type":"","background-media":"","overlay-type":"","overlay-color":"","overlay-opacity":"","overlay-gradient":""},"mobile":{"background-color":"","background-image":"","background-repeat":"repeat","background-position":"center center","background-size":"auto","background-attachment":"scroll","background-type":"","background-media":"","overlay-type":"","overlay-color":"","overlay-opacity":"","overlay-gradient":""}},"ast-content-background-meta":{"desktop":{"background-color":"var(--ast-global-color-5)","background-image":"","background-repeat":"repeat","background-position":"center center","background-size":"auto","background-attachment":"scroll","background-type":"","background-media":"","overlay-type":"","overlay-color":"","overlay-opacity":"","overlay-gradient":""},"tablet":{"background-color":"var(--ast-global-color-5)","background-image":"","background-repeat":"repeat","background-position":"center center","background-size":"auto","background-attachment":"scroll","background-type":"","background-media":"","overlay-type":"","overlay-color":"","overlay-opacity":"","overlay-gradient":""},"mobile":{"background-color":"var(--ast-global-color-5)","background-image":"","background-repeat":"repeat","background-position":"center center","background-size":"auto","background-attachment":"scroll","background-type":"","background-media":"","overlay-type":"","overlay-color":"","overlay-opacity":"","overlay-gradient":""}},"footnotes":""},"categories":[23,57],"tags":[168,18,19,37,4483,24,68,69,349,70,3477,177,94,637,117,510,182],"class_list":["post-53792","post","type-post","status-publish","format-standard","has-post-thumbnail","hentry","category-destacats","category-mon-collegial","tag-aplicacions-olis-essencials","tag-cofb","tag-collegi-de-farmaceutics-de-barcelona","tag-consell-farmaceutic","tag-eines-fitoterapeutiques","tag-farmaceutics-comunitaris","tag-farmacia","tag-farmacia-comunitaria","tag-fitoterapia","tag-formacio","tag-indicacio-farmaceutica","tag-olis-essencials","tag-plantes-medicinals","tag-programa-de-formacio-continuada","tag-salut","tag-sanitat","tag-usos-i-aplicacions-dels-olis-essencials"],"yoast_head":"<!-- This site is optimized with the Yoast SEO plugin v22.4 - https:\/\/yoast.com\/wordpress\/plugins\/seo\/ -->\n<title>Nova formaci\u00f3 sobre fitoter\u00e0pia al COFB - Col\u00b7legi de Farmac\u00e8utics de Barcelona<\/title>\n<meta name=\"robots\" content=\"index, follow, max-snippet:-1, max-image-preview:large, max-video-preview:-1\" \/>\n<link rel=\"canonical\" href=\"https:\/\/novaorg.cofb.net\/2021\/02\/10\/nova-formacio-sobre-fitoterapia-cofb\/\" \/>\n<meta property=\"og:locale\" content=\"es_ES\" \/>\n<meta property=\"og:type\" content=\"article\" \/>\n<meta property=\"og:title\" content=\"Nova formaci\u00f3 sobre fitoter\u00e0pia al COFB - Col\u00b7legi de Farmac\u00e8utics de Barcelona\" \/>\n<meta property=\"og:description\" content=\"Durant els mesos de gener i febrer han tingut lloc al COFB les sessions\u00a0 de la formaci\u00f3 &#8220;Fitoter\u00e0pia: Usos i Aplicacions dels olis essencials&#8221;. Es tracta d&#8217;una formaci\u00f3 que ja s&#8217;ha impartit en altres ocasions al Col\u00b7legi i que resulta molt interessant perqu\u00e8 permet abordar els fonaments d&#8217;\u00fas i d\u2019aplicaci\u00f3 [&hellip;]\" \/>\n<meta property=\"og:url\" content=\"https:\/\/novaorg.cofb.net\/2021\/02\/10\/nova-formacio-sobre-fitoterapia-cofb\/\" \/>\n<meta property=\"og:site_name\" content=\"Col\u00b7legi de Farmac\u00e8utics de Barcelona\" \/>\n<meta property=\"article:publisher\" content=\"https:\/\/www.facebook.com\/farmaceuticsbcn\/\" \/>\n<meta property=\"article:published_time\" content=\"2021-02-10T08:53:13+00:00\" \/>\n<meta name=\"author\" content=\"wpAdminCofbOrg\" \/>\n<meta name=\"twitter:card\" content=\"summary_large_image\" \/>\n<meta name=\"twitter:creator\" content=\"@farmaceuticsbcn\" \/>\n<meta name=\"twitter:site\" content=\"@farmaceuticsbcn\" \/>\n<meta name=\"twitter:label1\" content=\"Escrito por\" \/>\n\t<meta name=\"twitter:data1\" content=\"wpAdminCofbOrg\" \/>\n\t<meta name=\"twitter:label2\" content=\"Tiempo de lectura\" \/>\n\t<meta name=\"twitter:data2\" content=\"4 minutos\" \/>\n<script type=\"application\/ld+json\" class=\"yoast-schema-graph\">{\"@context\":\"https:\/\/schema.org\",\"@graph\":[{\"@type\":\"Article\",\"@id\":\"https:\/\/novaorg.cofb.net\/2021\/02\/10\/nova-formacio-sobre-fitoterapia-cofb\/#article\",\"isPartOf\":{\"@id\":\"https:\/\/novaorg.cofb.net\/2021\/02\/10\/nova-formacio-sobre-fitoterapia-cofb\/\"},\"author\":{\"name\":\"wpAdminCofbOrg\",\"@id\":\"https:\/\/www.cofb.org\/#\/schema\/person\/22ed7eea88da74b0fa4d3154ad87ffcb\"},\"headline\":\"Nova formaci\u00f3 sobre fitoter\u00e0pia al COFB\",\"datePublished\":\"2021-02-10T08:53:13+00:00\",\"dateModified\":\"2021-02-10T08:53:13+00:00\",\"mainEntityOfPage\":{\"@id\":\"https:\/\/novaorg.cofb.net\/2021\/02\/10\/nova-formacio-sobre-fitoterapia-cofb\/\"},\"wordCount\":875,\"commentCount\":0,\"publisher\":{\"@id\":\"https:\/\/www.cofb.org\/#organization\"},\"image\":{\"@id\":\"https:\/\/novaorg.cofb.net\/2021\/02\/10\/nova-formacio-sobre-fitoterapia-cofb\/#primaryimage\"},\"thumbnailUrl\":\"\",\"keywords\":[\"aplicacions olis essencials\",\"COFB\",\"Col\u00b7legi de Farmac\u00e8utics de Barcelona\",\"consell farmac\u00e8utic\",\"eines fitoterap\u00e8utiques\",\"farmac\u00e8utics comunitaris\",\"Farm\u00e0cia\",\"farm\u00e0cia comunit\u00e0ria\",\"Fitoter\u00e0pia\",\"Formaci\u00f3\",\"indicaci\u00f3 farmac\u00e8utica\",\"olis essencials\",\"Plantes Medicinals\",\"programa de formaci\u00f3 continuada\",\"salut\",\"sanitat\",\"usos i aplicacions dels olis essencials\"],\"articleSection\":[\"Destacats\",\"M\u00f3n col\u00b7legial\"],\"inLanguage\":\"es\",\"potentialAction\":[{\"@type\":\"CommentAction\",\"name\":\"Comment\",\"target\":[\"https:\/\/novaorg.cofb.net\/2021\/02\/10\/nova-formacio-sobre-fitoterapia-cofb\/#respond\"]}]},{\"@type\":\"WebPage\",\"@id\":\"https:\/\/novaorg.cofb.net\/2021\/02\/10\/nova-formacio-sobre-fitoterapia-cofb\/\",\"url\":\"https:\/\/novaorg.cofb.net\/2021\/02\/10\/nova-formacio-sobre-fitoterapia-cofb\/\",\"name\":\"Nova formaci\u00f3 sobre fitoter\u00e0pia al COFB - Col\u00b7legi de Farmac\u00e8utics de Barcelona\",\"isPartOf\":{\"@id\":\"https:\/\/www.cofb.org\/#website\"},\"primaryImageOfPage\":{\"@id\":\"https:\/\/novaorg.cofb.net\/2021\/02\/10\/nova-formacio-sobre-fitoterapia-cofb\/#primaryimage\"},\"image\":{\"@id\":\"https:\/\/novaorg.cofb.net\/2021\/02\/10\/nova-formacio-sobre-fitoterapia-cofb\/#primaryimage\"},\"thumbnailUrl\":\"\",\"datePublished\":\"2021-02-10T08:53:13+00:00\",\"dateModified\":\"2021-02-10T08:53:13+00:00\",\"breadcrumb\":{\"@id\":\"https:\/\/novaorg.cofb.net\/2021\/02\/10\/nova-formacio-sobre-fitoterapia-cofb\/#breadcrumb\"},\"inLanguage\":\"es\",\"potentialAction\":[{\"@type\":\"ReadAction\",\"target\":[\"https:\/\/novaorg.cofb.net\/2021\/02\/10\/nova-formacio-sobre-fitoterapia-cofb\/\"]}]},{\"@type\":\"ImageObject\",\"inLanguage\":\"es\",\"@id\":\"https:\/\/novaorg.cofb.net\/2021\/02\/10\/nova-formacio-sobre-fitoterapia-cofb\/#primaryimage\",\"url\":\"\",\"contentUrl\":\"\"},{\"@type\":\"BreadcrumbList\",\"@id\":\"https:\/\/novaorg.cofb.net\/2021\/02\/10\/nova-formacio-sobre-fitoterapia-cofb\/#breadcrumb\",\"itemListElement\":[{\"@type\":\"ListItem\",\"position\":1,\"name\":\"Inici\",\"item\":\"https:\/\/novaorg.cofb.net\/\"},{\"@type\":\"ListItem\",\"position\":2,\"name\":\"Nova formaci\u00f3 sobre fitoter\u00e0pia al COFB\"}]},{\"@type\":\"WebSite\",\"@id\":\"https:\/\/www.cofb.org\/#website\",\"url\":\"https:\/\/www.cofb.org\/\",\"name\":\"Col\u00b7legi de Farmac\u00e8utics de Barcelona\",\"description\":\"\",\"publisher\":{\"@id\":\"https:\/\/www.cofb.org\/#organization\"},\"potentialAction\":[{\"@type\":\"SearchAction\",\"target\":{\"@type\":\"EntryPoint\",\"urlTemplate\":\"https:\/\/www.cofb.org\/?s={search_term_string}\"},\"query-input\":\"required name=search_term_string\"}],\"inLanguage\":\"es\"},{\"@type\":\"Organization\",\"@id\":\"https:\/\/www.cofb.org\/#organization\",\"name\":\"Col\u00b7legi de Farmac\u00e8utics de Barcelona\",\"url\":\"https:\/\/www.cofb.org\/\",\"logo\":{\"@type\":\"ImageObject\",\"inLanguage\":\"es\",\"@id\":\"https:\/\/www.cofb.org\/#\/schema\/logo\/image\/\",\"url\":\"https:\/\/www.cofb.org\/wp-content\/uploads\/2023\/11\/cropped-Logotip-COFB.png\",\"contentUrl\":\"https:\/\/www.cofb.org\/wp-content\/uploads\/2023\/11\/cropped-Logotip-COFB.png\",\"width\":500,\"height\":105,\"caption\":\"Col\u00b7legi de Farmac\u00e8utics de Barcelona\"},\"image\":{\"@id\":\"https:\/\/www.cofb.org\/#\/schema\/logo\/image\/\"},\"sameAs\":[\"https:\/\/www.facebook.com\/farmaceuticsbcn\/\",\"https:\/\/twitter.com\/farmaceuticsbcn\",\"https:\/\/www.instagram.com\/farmaceuticsbcn\/\",\"https:\/\/www.linkedin.com\/company\/farmaceuticsbcn\/\"]},{\"@type\":\"Person\",\"@id\":\"https:\/\/www.cofb.org\/#\/schema\/person\/22ed7eea88da74b0fa4d3154ad87ffcb\",\"name\":\"wpAdminCofbOrg\",\"image\":{\"@type\":\"ImageObject\",\"inLanguage\":\"es\",\"@id\":\"https:\/\/www.cofb.org\/#\/schema\/person\/image\/\",\"url\":\"https:\/\/secure.gravatar.com\/avatar\/1721b20b3b8ca882c3b56ec6c978c594fff670e40c0718e9190eaeeb76aae7d8?s=96&d=mm&r=g\",\"contentUrl\":\"https:\/\/secure.gravatar.com\/avatar\/1721b20b3b8ca882c3b56ec6c978c594fff670e40c0718e9190eaeeb76aae7d8?s=96&d=mm&r=g\",\"caption\":\"wpAdminCofbOrg\"},\"sameAs\":[\"http:\/\/192.168.64.122\/wordpress\"],\"url\":\"https:\/\/www.cofb.org\/es\/author\/wpadmincofborg\/\"}]}<\/script>\n<!-- \/ Yoast SEO plugin. -->","yoast_head_json":{"title":"Nova formaci\u00f3 sobre fitoter\u00e0pia al COFB - Col\u00b7legi de Farmac\u00e8utics de Barcelona","robots":{"index":"index","follow":"follow","max-snippet":"max-snippet:-1","max-image-preview":"max-image-preview:large","max-video-preview":"max-video-preview:-1"},"canonical":"https:\/\/novaorg.cofb.net\/2021\/02\/10\/nova-formacio-sobre-fitoterapia-cofb\/","og_locale":"es_ES","og_type":"article","og_title":"Nova formaci\u00f3 sobre fitoter\u00e0pia al COFB - Col\u00b7legi de Farmac\u00e8utics de Barcelona","og_description":"Durant els mesos de gener i febrer han tingut lloc al COFB les sessions\u00a0 de la formaci\u00f3 &#8220;Fitoter\u00e0pia: Usos i Aplicacions dels olis essencials&#8221;. Es tracta d&#8217;una formaci\u00f3 que ja s&#8217;ha impartit en altres ocasions al Col\u00b7legi i que resulta molt interessant perqu\u00e8 permet abordar els fonaments d&#8217;\u00fas i d\u2019aplicaci\u00f3 [&hellip;]","og_url":"https:\/\/novaorg.cofb.net\/2021\/02\/10\/nova-formacio-sobre-fitoterapia-cofb\/","og_site_name":"Col\u00b7legi de Farmac\u00e8utics de Barcelona","article_publisher":"https:\/\/www.facebook.com\/farmaceuticsbcn\/","article_published_time":"2021-02-10T08:53:13+00:00","author":"wpAdminCofbOrg","twitter_card":"summary_large_image","twitter_creator":"@farmaceuticsbcn","twitter_site":"@farmaceuticsbcn","twitter_misc":{"Escrito por":"wpAdminCofbOrg","Tiempo de lectura":"4 minutos"},"schema":{"@context":"https:\/\/schema.org","@graph":[{"@type":"Article","@id":"https:\/\/novaorg.cofb.net\/2021\/02\/10\/nova-formacio-sobre-fitoterapia-cofb\/#article","isPartOf":{"@id":"https:\/\/novaorg.cofb.net\/2021\/02\/10\/nova-formacio-sobre-fitoterapia-cofb\/"},"author":{"name":"wpAdminCofbOrg","@id":"https:\/\/www.cofb.org\/#\/schema\/person\/22ed7eea88da74b0fa4d3154ad87ffcb"},"headline":"Nova formaci\u00f3 sobre fitoter\u00e0pia al COFB","datePublished":"2021-02-10T08:53:13+00:00","dateModified":"2021-02-10T08:53:13+00:00","mainEntityOfPage":{"@id":"https:\/\/novaorg.cofb.net\/2021\/02\/10\/nova-formacio-sobre-fitoterapia-cofb\/"},"wordCount":875,"commentCount":0,"publisher":{"@id":"https:\/\/www.cofb.org\/#organization"},"image":{"@id":"https:\/\/novaorg.cofb.net\/2021\/02\/10\/nova-formacio-sobre-fitoterapia-cofb\/#primaryimage"},"thumbnailUrl":"","keywords":["aplicacions olis essencials","COFB","Col\u00b7legi de Farmac\u00e8utics de Barcelona","consell farmac\u00e8utic","eines fitoterap\u00e8utiques","farmac\u00e8utics comunitaris","Farm\u00e0cia","farm\u00e0cia comunit\u00e0ria","Fitoter\u00e0pia","Formaci\u00f3","indicaci\u00f3 farmac\u00e8utica","olis essencials","Plantes Medicinals","programa de formaci\u00f3 continuada","salut","sanitat","usos i aplicacions dels olis essencials"],"articleSection":["Destacats","M\u00f3n col\u00b7legial"],"inLanguage":"es","potentialAction":[{"@type":"CommentAction","name":"Comment","target":["https:\/\/novaorg.cofb.net\/2021\/02\/10\/nova-formacio-sobre-fitoterapia-cofb\/#respond"]}]},{"@type":"WebPage","@id":"https:\/\/novaorg.cofb.net\/2021\/02\/10\/nova-formacio-sobre-fitoterapia-cofb\/","url":"https:\/\/novaorg.cofb.net\/2021\/02\/10\/nova-formacio-sobre-fitoterapia-cofb\/","name":"Nova formaci\u00f3 sobre fitoter\u00e0pia al COFB - Col\u00b7legi de Farmac\u00e8utics de Barcelona","isPartOf":{"@id":"https:\/\/www.cofb.org\/#website"},"primaryImageOfPage":{"@id":"https:\/\/novaorg.cofb.net\/2021\/02\/10\/nova-formacio-sobre-fitoterapia-cofb\/#primaryimage"},"image":{"@id":"https:\/\/novaorg.cofb.net\/2021\/02\/10\/nova-formacio-sobre-fitoterapia-cofb\/#primaryimage"},"thumbnailUrl":"","datePublished":"2021-02-10T08:53:13+00:00","dateModified":"2021-02-10T08:53:13+00:00","breadcrumb":{"@id":"https:\/\/novaorg.cofb.net\/2021\/02\/10\/nova-formacio-sobre-fitoterapia-cofb\/#breadcrumb"},"inLanguage":"es","potentialAction":[{"@type":"ReadAction","target":["https:\/\/novaorg.cofb.net\/2021\/02\/10\/nova-formacio-sobre-fitoterapia-cofb\/"]}]},{"@type":"ImageObject","inLanguage":"es","@id":"https:\/\/novaorg.cofb.net\/2021\/02\/10\/nova-formacio-sobre-fitoterapia-cofb\/#primaryimage","url":"","contentUrl":""},{"@type":"BreadcrumbList","@id":"https:\/\/novaorg.cofb.net\/2021\/02\/10\/nova-formacio-sobre-fitoterapia-cofb\/#breadcrumb","itemListElement":[{"@type":"ListItem","position":1,"name":"Inici","item":"https:\/\/novaorg.cofb.net\/"},{"@type":"ListItem","position":2,"name":"Nova formaci\u00f3 sobre fitoter\u00e0pia al COFB"}]},{"@type":"WebSite","@id":"https:\/\/www.cofb.org\/#website","url":"https:\/\/www.cofb.org\/","name":"Col\u00b7legi de Farmac\u00e8utics de Barcelona","description":"","publisher":{"@id":"https:\/\/www.cofb.org\/#organization"},"potentialAction":[{"@type":"SearchAction","target":{"@type":"EntryPoint","urlTemplate":"https:\/\/www.cofb.org\/?s={search_term_string}"},"query-input":"required name=search_term_string"}],"inLanguage":"es"},{"@type":"Organization","@id":"https:\/\/www.cofb.org\/#organization","name":"Col\u00b7legi de Farmac\u00e8utics de Barcelona","url":"https:\/\/www.cofb.org\/","logo":{"@type":"ImageObject","inLanguage":"es","@id":"https:\/\/www.cofb.org\/#\/schema\/logo\/image\/","url":"https:\/\/www.cofb.org\/wp-content\/uploads\/2023\/11\/cropped-Logotip-COFB.png","contentUrl":"https:\/\/www.cofb.org\/wp-content\/uploads\/2023\/11\/cropped-Logotip-COFB.png","width":500,"height":105,"caption":"Col\u00b7legi de Farmac\u00e8utics de Barcelona"},"image":{"@id":"https:\/\/www.cofb.org\/#\/schema\/logo\/image\/"},"sameAs":["https:\/\/www.facebook.com\/farmaceuticsbcn\/","https:\/\/twitter.com\/farmaceuticsbcn","https:\/\/www.instagram.com\/farmaceuticsbcn\/","https:\/\/www.linkedin.com\/company\/farmaceuticsbcn\/"]},{"@type":"Person","@id":"https:\/\/www.cofb.org\/#\/schema\/person\/22ed7eea88da74b0fa4d3154ad87ffcb","name":"wpAdminCofbOrg","image":{"@type":"ImageObject","inLanguage":"es","@id":"https:\/\/www.cofb.org\/#\/schema\/person\/image\/","url":"https:\/\/secure.gravatar.com\/avatar\/1721b20b3b8ca882c3b56ec6c978c594fff670e40c0718e9190eaeeb76aae7d8?s=96&d=mm&r=g","contentUrl":"https:\/\/secure.gravatar.com\/avatar\/1721b20b3b8ca882c3b56ec6c978c594fff670e40c0718e9190eaeeb76aae7d8?s=96&d=mm&r=g","caption":"wpAdminCofbOrg"},"sameAs":["http:\/\/192.168.64.122\/wordpress"],"url":"https:\/\/www.cofb.org\/es\/author\/wpadmincofborg\/"}]}},"uagb_featured_image_src":{"full":false,"thumbnail":false,"medium":false,"medium_large":false,"large":false,"1536x1536":false,"2048x2048":false,"trp-custom-language-flag":false},"uagb_author_info":{"display_name":"wpAdminCofbOrg","author_link":"https:\/\/www.cofb.org\/es\/author\/wpadmincofborg\/"},"uagb_comment_info":0,"uagb_excerpt":"Durant els mesos de gener i febrer han tingut lloc al COFB les sessions\u00a0 de la formaci\u00f3 &#8220;Fitoter\u00e0pia: Usos i Aplicacions dels olis essencials&#8221;. Es tracta d&#8217;una formaci\u00f3 que ja s&#8217;ha impartit en altres ocasions al Col\u00b7legi i que resulta molt interessant perqu\u00e8 permet abordar els fonaments d&#8217;\u00fas i d\u2019aplicaci\u00f3 [&hellip;]","_links":{"self":[{"href":"https:\/\/www.cofb.org\/es\/wp-json\/wp\/v2\/posts\/53792","targetHints":{"allow":["GET"]}}],"collection":[{"href":"https:\/\/www.cofb.org\/es\/wp-json\/wp\/v2\/posts"}],"about":[{"href":"https:\/\/www.cofb.org\/es\/wp-json\/wp\/v2\/types\/post"}],"author":[{"embeddable":true,"href":"https:\/\/www.cofb.org\/es\/wp-json\/wp\/v2\/users\/1"}],"replies":[{"embeddable":true,"href":"https:\/\/www.cofb.org\/es\/wp-json\/wp\/v2\/comments?post=53792"}],"version-history":[{"count":0,"href":"https:\/\/www.cofb.org\/es\/wp-json\/wp\/v2\/posts\/53792\/revisions"}],"wp:featuredmedia":[{"embeddable":true,"href":"https:\/\/www.cofb.org\/es\/wp-json\/"}],"wp:attachment":[{"href":"https:\/\/www.cofb.org\/es\/wp-json\/wp\/v2\/media?parent=53792"}],"wp:term":[{"taxonomy":"category","embeddable":true,"href":"https:\/\/www.cofb.org\/es\/wp-json\/wp\/v2\/categories?post=53792"},{"taxonomy":"post_tag","embeddable":true,"href":"https:\/\/www.cofb.org\/es\/wp-json\/wp\/v2\/tags?post=53792"}],"curies":[{"name":"wp","href":"https:\/\/api.w.org\/{rel}","templated":true}]}}