{"id":53546,"date":"2020-12-24T12:40:46","date_gmt":"2020-12-24T10:40:46","guid":{"rendered":"https:\/\/blog.cofb.cat\/?p=53546"},"modified":"2020-12-24T12:40:46","modified_gmt":"2020-12-24T10:40:46","slug":"respostes-preguntes-mes-frequents-sobre-tests-covid-19","status":"publish","type":"post","link":"https:\/\/www.cofb.org\/es\/2020\/12\/24\/respostes-preguntes-mes-frequents-sobre-tests-covid-19\/","title":{"rendered":"Respuestas a las preguntas m\u00e1s frecuentes sobre los test COVID-19"},"content":{"rendered":"<p>Con el objetivo de clarificar dudas sobre los <strong>diferentes tipos de test COVID-19<\/strong>, desde el Colegio de Farmac\u00e9uticos de Barcelona,\u00a0<strong>Guillermo Bagar\u00eda <\/strong>y <strong>Xavier Tejedor,\u00a0<\/strong>vocal de Oficina de Farmacia y vocal de An\u00e1lisis, respectivamente, mantuvieron recientemente una<a href=\"https:\/\/farmaceutics.cofb.net\/group\/guest\/ultims-comunicats\/-\/asset_publisher\/H4sC0W15BZtR\/content\/tests-covid-19-estat-de-situacio-desembre-2020-video\/maximized?_101_INSTANCE_H4sC0W15BZtR_redirect=\/group\/guest\/coronavirus\" target=\"_blank\" rel=\"noopener\"><strong> conversaci\u00f3n divulgativa<\/strong><\/a> para poner luz a varios aspectos en relaci\u00f3n a esta cuesti\u00f3n. La conversaci\u00f3n est\u00e1 <a href=\"https:\/\/farmaceutics.cofb.net\/group\/guest\/ultims-comunicats\/-\/asset_publisher\/H4sC0W15BZtR\/content\/tests-covid-19-estat-de-situacio-desembre-2020-video\/maximized?_101_INSTANCE_H4sC0W15BZtR_redirect=\/group\/guest\/coronavirus\" target=\"_blank\" rel=\"noopener\">disponible en formato <strong>v\u00eddeo<\/strong><\/a><strong> (acceso exclusivo colegiados)<\/strong>. A continuaci\u00f3n, recogemos algunos de los aspectos m\u00e1s relevantes que abordaron ambos vocales.<\/p>\n<figure id=\"attachment_53555\" aria-describedby=\"caption-attachment-53555\" style=\"width: 669px\" class=\"wp-caption alignnone\"><a href=\"https:\/\/blog.cofb.cat\/wp-content\/uploads\/2020\/12\/Tests-COVID19-1.jpg\"><img fetchpriority=\"high\" decoding=\"async\" class=\"wp-image-53555 size-full\" title=\"De izquierda a derecha: Xavier Tejedor, vocal de An\u00e1lisis del COFB y Guillermo Bagar\u00eda, vocal de Oficina de Farmacia del COFB.\" src=\"https:\/\/blog.cofb.cat\/wp-content\/uploads\/2020\/12\/Tests-COVID19-1.jpg\" alt=\"D'esquerra a dreta: Xavier Tejedor, vocal d'An\u00e0lisis del COFB i Guillermo Bagar\u00eda, vocal d'Oficina de Farm\u00e0cia del COFB.\" width=\"669\" height=\"376\" \/><\/a><figcaption id=\"caption-attachment-53555\" class=\"wp-caption-text\">De izquierda a derecha: Xavier Tejedor, vocal de An\u00e1lisis del COFB y Guillermo Bagar\u00eda, vocal de Oficina de Farmacia del COFB.<\/figcaption><\/figure>\n<h1><span style=\"color: #008080;\"><strong>Tres tipos de pruebas diferenciadas<\/strong><\/span><\/h1>\n<p>Al inicio de la conversaci\u00f3n, Xavier Tejedor afirm\u00f3 que \u201cde una forma gen\u00e9rica, se puede hablar de <strong>tres tipos de pruebas<\/strong>\u201c. A continuaci\u00f3n, le explicamos m\u00e1s detalladamente en qu\u00e9 consiste cada una de ellas.<\/p>\n<h2><strong>Tests PCR<\/strong><\/h2>\n<p>Conocida como <strong>PCR<\/strong> (reacci\u00f3n en cadena de la polimerasa, por sus siglas en ingl\u00e9s), esta prueba pretende\u00a0<strong>amplificar un fragmento del genoma del virus<\/strong>. Tal y como apunt\u00f3 Tejedor, \u201ces una <strong>prueba directa<\/strong>, porque vamos a buscar material gen\u00e9tico del virus y lo amplificamos; y se considera el m\u00e9todo de referencia o <em>gold-standard\u201d<\/em>. El vocal de An\u00e1lisis se\u00f1al\u00f3 que, en este caso,\u201del tipo de muestra que se utiliza de forma universal son <strong>muestras de tipo nasofar\u00edngeo,<\/strong> <strong>orofar\u00edngeo <\/strong>o, incluso, de <strong>tipo salival<\/strong>&#8220;.<\/p>\n<p>Para obtener este tipo de muestras, es necesario que los profesionales sanitarios -equipados con EPIS (equipos de protecci\u00f3n individual)- tengan un entrenamiento previo, para que la muestra tenga el m\u00e1ximo rendimiento posible.<\/p>\n<h2><strong>Macetas de anticuerpos<\/strong><\/h2>\n<p>\u201cSe considera que el test de anticuerpos es una<strong> prueba indirecta,<\/strong> para que no vayamos a buscar ni prote\u00ednas del virus ni un fragmento de su material gen\u00e9tico. Buscamos una <strong>respuesta en forma de anticuerpos<\/strong>, que puede ser a partir de\u00a0<strong>IgM<\/strong> (anticuerpos de respuesta r\u00e1pida, pero que no aparecen hasta despu\u00e9s de <strong>7 d\u00edas desde la infecci\u00f3n<\/strong>, en caso de que se haya producido) oa partir de\u00a0<strong>IgG<\/strong> (anticuerpos de respuesta tard\u00eda, que aparecen, como m\u00ednimo, al cabo de 15 d\u00edas de haber contra\u00eddo la infecci\u00f3n)\u201d, expuso Tejedor. En definitiva, \u00e9ste es un tipo de test que est\u00e1 evaluando la <strong>respuesta inmunitaria del individuo<\/strong> frente a un agente infeccioso.<\/p>\n<h3><strong>No pueden ser utilizados como diagn\u00f3stico<\/strong><\/h3>\n<p>Por tanto, seg\u00fan apunt\u00f3 Tejedor, estos test s\u00f3lo sirven para el control de pacientes que ya han sido diagnosticados o para detectar si en alg\u00fan momento ha habido un contacto con el agente infeccioso, que es el virus. Los test de anticuerpos no pueden ser utilizados como diagn\u00f3stico. Las muestras que se utilizan en este caso son <strong>muestras de sangre obtenidas por punci\u00f3n digital<\/strong> en el extremo lateral del dedo, previo masaje y en condiciones de asepsia.<\/p>\n<figure id=\"attachment_53556\" aria-describedby=\"caption-attachment-53556\" style=\"width: 646px\" class=\"wp-caption aligncenter\"><a href=\"https:\/\/blog.cofb.cat\/wp-content\/uploads\/2020\/12\/Tests-COVID19-2.jpg\"><img decoding=\"async\" class=\"wp-image-53556 size-full\" title=\"Guillermo Bagar\u00eda, vocal de Oficina de Farmacia del COFB. \" src=\"https:\/\/blog.cofb.cat\/wp-content\/uploads\/2020\/12\/Tests-COVID19-2.jpg\" alt=\"Guillermo Bagar\u00eda, vocal d'Oficina de Farm\u00e0cia del COFB. \" width=\"646\" height=\"366\" \/><\/a><figcaption id=\"caption-attachment-53556\" class=\"wp-caption-text\">Guillermo Bagar\u00eda, vocal de Oficina de Farmacia del COFB.<\/figcaption><\/figure>\n<h2><strong>Tests de ant\u00edgenos<\/strong><\/h2>\n<p>Dentro de este punto, Bagar\u00eda apunt\u00f3 que, hoy en d\u00eda, <strong>no hay ning\u00fan test antig\u00e9nico autorizado por el autodiagn\u00f3stico<\/strong>. Por tanto, los tests de ant\u00edgenos deben realizarse en el<strong>\u00e1mbito asistencial de un equipo m\u00e9dico<\/strong>.<\/p>\n<p>A continuaci\u00f3n, Tejedor apunt\u00f3 que <strong>los tests antig\u00e9nicos son verdaderos tests diagn\u00f3sticos<\/strong>, pruebas de diagn\u00f3stico in vitro que, seg\u00fan la ley vigente, deben estar bajo el paraguas de los <strong>laboratorios cl\u00ednicos<\/strong> y, en circunstancias extraordinarias como las actuales, el Departamento de Salud puede montar circuitos excepcionales como los que se han desarrollado en los Centros de Atenci\u00f3n Primaria o en diferentes puntos de cribado poblacional.<\/p>\n<p>Los tests antig\u00e9nicos son <strong>pruebas basadas en la detecci\u00f3n de una prote\u00edna del virus,<\/strong> por tanto, son <strong>pruebas directas<\/strong>. Esta prote\u00edna no aparecer\u00e1 hasta los 4 o 5 d\u00edas desde que se ha producido la infecci\u00f3n. En cuanto a la muestra, \u00e9sta es de <strong>secreciones respiratorias<\/strong>, recogida con hisopo de la zona nasofar\u00edngea. El vocal de An\u00e1lisis tambi\u00e9n apunt\u00f3 que &quot;\u00faltimamente, tambi\u00e9n se ha podido demostrar su rendimiento en muestras que son de origen salival&quot;.<\/p>\n<figure id=\"attachment_53557\" aria-describedby=\"caption-attachment-53557\" style=\"width: 620px\" class=\"wp-caption aligncenter\"><a href=\"https:\/\/blog.cofb.cat\/wp-content\/uploads\/2020\/12\/Tests-COVID19-3.jpg\"><img decoding=\"async\" class=\"wp-image-53557\" title=\"Xavier Tejedor, vocal de An\u00e1lisis del Colegio de Farmac\u00e9uticos de Barcelona.\" src=\"https:\/\/blog.cofb.cat\/wp-content\/uploads\/2020\/12\/Tests-COVID19-3.jpg\" alt=\"Xavier Tejedor, vocal d'An\u00e0lisis del Col\u00b7legi de Farmac\u00e8utics de Barcelona.\" width=\"620\" height=\"347\" \/><\/a><figcaption id=\"caption-attachment-53557\" class=\"wp-caption-text\">Xavier Tejedor, vocal de An\u00e1lisis del Colegio de Farmac\u00e9uticos de Barcelona.<\/figcaption><\/figure>\n<h1><strong><span style=\"color: #008080;\">Cribado poblacional en Les Corts<\/span><\/strong><\/h1>\n<p>En la parte final de la conversaci\u00f3n, Bagar\u00eda se refiri\u00f3 al <a href=\"https:\/\/blog.cofb.cat\/salut-posa-en-marxa-un-programa-pilot-de-cribratge-de-la-covid-19-a-les-farmacies-de-les-corts-de-barcelona-amb-proves-pcr\/\"><strong>proyecto de cribado poblacional<\/strong><\/a>\u00a0impulsado por la Agencia de Salud P\u00fablica de Catalu\u00f1a, desplegado en el distrito de Les Corts desde el 17 de diciembre, en el que participa la <strong>red de farmacias. <\/strong>Las farmacias entregan a los usuarios (previamente invitados por carta) un kit de test PCR para que se puedan tomar en casa la automuestra de saliva, que despu\u00e9s debe ser devuelto a la oficina de farmacia donde se ha recogido.<strong>\u00a0<\/strong><\/p>\n<p>Tambi\u00e9n record\u00f3 que los colegiados, si tienen cualquier duda que no se aclara en el v\u00eddeo, tienen a su disposici\u00f3n el Centro de Informaci\u00f3n del Medicamento.<\/p>\n<p style=\"text-align: center;\"><strong>Para m\u00e1s informaci\u00f3n, puede consultar tambi\u00e9n la siguiente infograf\u00eda sobre los<a href=\"https:\/\/farmaceutics.cofb.net\/documents\/10186\/2232777\/tipus_testos_covid_def.pdf\/ce76d52d-51dc-4b77-b748-3a96f4811900\" target=\"_blank\" rel=\"noopener\"> tipos de tests COVID-19<\/a> (acceso exclusivo colegiados).<\/strong><\/p>\n<p><strong>Otras publicaciones de inter\u00e9s:<\/strong><\/p>\n<ul>\n<li><a href=\"https:\/\/blog.cofb.cat\/salut-posa-en-marxa-un-programa-pilot-de-cribratge-de-la-covid-19-a-les-farmacies-de-les-corts-de-barcelona-amb-proves-pcr\/\" target=\"_blank\" rel=\"noopener\">Salut pone en marcha un programa piloto de cribado de la COVID-19 en las farmacias de Les Corts de Barcelona con pruebas PCR (Diciembre 2020)<\/a><\/li>\n<\/ul>","protected":false},"excerpt":{"rendered":"<p>Con el objetivo de clarificar dudas sobre los distintos tipos de test COVID-19, desde el Colegio de Farmac\u00e9uticos de Barcelona, Guillermo Bagar\u00eda y Xavier Tejedor, vocal de Oficina de Farmacia y vocal de An\u00e1lisis, respectivamente, mantuvieron recientemente una conversaci\u00f3n divulgativa para arrojar luz a diversos aspectos en relaci\u00f3n con esta cuesti\u00f3n. La conversaci\u00f3n est\u00e1 [\u2026]<\/p>","protected":false},"author":1,"featured_media":53598,"comment_status":"open","ping_status":"open","sticky":false,"template":"","format":"standard","meta":{"_uag_custom_page_level_css":"","site-sidebar-layout":"default","site-content-layout":"","ast-site-content-layout":"default","site-content-style":"default","site-sidebar-style":"default","ast-global-header-display":"","ast-banner-title-visibility":"","ast-main-header-display":"","ast-hfb-above-header-display":"","ast-hfb-below-header-display":"","ast-hfb-mobile-header-display":"","site-post-title":"","ast-breadcrumbs-content":"","ast-featured-img":"disabled","footer-sml-layout":"","theme-transparent-header-meta":"","adv-header-id-meta":"","stick-header-meta":"","header-above-stick-meta":"","header-main-stick-meta":"","header-below-stick-meta":"","astra-migrate-meta-layouts":"default","ast-page-background-enabled":"default","ast-page-background-meta":{"desktop":{"background-color":"var(--ast-global-color-4)","background-image":"","background-repeat":"repeat","background-position":"center center","background-size":"auto","background-attachment":"scroll","background-type":"","background-media":"","overlay-type":"","overlay-color":"","overlay-opacity":"","overlay-gradient":""},"tablet":{"background-color":"","background-image":"","background-repeat":"repeat","background-position":"center center","background-size":"auto","background-attachment":"scroll","background-type":"","background-media":"","overlay-type":"","overlay-color":"","overlay-opacity":"","overlay-gradient":""},"mobile":{"background-color":"","background-image":"","background-repeat":"repeat","background-position":"center center","background-size":"auto","background-attachment":"scroll","background-type":"","background-media":"","overlay-type":"","overlay-color":"","overlay-opacity":"","overlay-gradient":""}},"ast-content-background-meta":{"desktop":{"background-color":"var(--ast-global-color-5)","background-image":"","background-repeat":"repeat","background-position":"center center","background-size":"auto","background-attachment":"scroll","background-type":"","background-media":"","overlay-type":"","overlay-color":"","overlay-opacity":"","overlay-gradient":""},"tablet":{"background-color":"var(--ast-global-color-5)","background-image":"","background-repeat":"repeat","background-position":"center center","background-size":"auto","background-attachment":"scroll","background-type":"","background-media":"","overlay-type":"","overlay-color":"","overlay-opacity":"","overlay-gradient":""},"mobile":{"background-color":"var(--ast-global-color-5)","background-image":"","background-repeat":"repeat","background-position":"center center","background-size":"auto","background-attachment":"scroll","background-type":"","background-media":"","overlay-type":"","overlay-color":"","overlay-opacity":"","overlay-gradient":""}},"footnotes":""},"categories":[23,57],"tags":[86,4465,493,469,90,728,4466,4467,4468,4469,517,361,4470,462,4471,4472,4473,4474],"class_list":["post-53546","post","type-post","status-publish","format-standard","has-post-thumbnail","hentry","category-destacats","category-mon-collegial","tag-analisis-cliniques","tag-anticossos","tag-autotest","tag-coronavirus","tag-covid-19","tag-cribratge","tag-cribratges-poblacionals","tag-igg","tag-igm","tag-mostres","tag-pcr","tag-sars-cov-2","tag-test-dantigens","tag-tests","tag-tests-serologics","tag-tipus-de-proves","tag-vocal-danalisis","tag-vocal-doficina-de-farmacia"],"yoast_head":"<!-- This site is optimized with the Yoast SEO plugin v22.4 - https:\/\/yoast.com\/wordpress\/plugins\/seo\/ -->\n<title>Respostes a les preguntes m\u00e9s freq\u00fcents sobre els tests COVID-19 - Col\u00b7legi de Farmac\u00e8utics de Barcelona<\/title>\n<meta name=\"description\" content=\"Amb l&#039;objectiu de clarificar dubtes sobre els diferents tipus de tests #COVID19\u00a0que estan a l&#039;abast de la poblaci\u00f3, Guillermo Bagar\u00eda, vocal d&#039;Oficina de Farm\u00e0cia del COFB i Xavier Tejedor, vocal d&#039;An\u00e0lisis de la mateixa instituci\u00f3, van mantenir recentment una conversa divulgativa per posar llum a diversos aspectes.\" \/>\n<meta name=\"robots\" content=\"index, follow, max-snippet:-1, max-image-preview:large, max-video-preview:-1\" \/>\n<link rel=\"canonical\" href=\"https:\/\/novaorg.cofb.net\/2020\/12\/24\/respostes-preguntes-mes-frequents-sobre-tests-covid-19\/\" \/>\n<meta property=\"og:locale\" content=\"es_ES\" \/>\n<meta property=\"og:type\" content=\"article\" \/>\n<meta property=\"og:title\" content=\"Respostes a les preguntes m\u00e9s freq\u00fcents sobre els tests COVID-19 - Col\u00b7legi de Farmac\u00e8utics de Barcelona\" \/>\n<meta property=\"og:description\" content=\"Amb l&#039;objectiu de clarificar dubtes sobre els diferents tipus de tests #COVID19\u00a0que estan a l&#039;abast de la poblaci\u00f3, Guillermo Bagar\u00eda, vocal d&#039;Oficina de Farm\u00e0cia del COFB i Xavier Tejedor, vocal d&#039;An\u00e0lisis de la mateixa instituci\u00f3, van mantenir recentment una conversa divulgativa per posar llum a diversos aspectes.\" \/>\n<meta property=\"og:url\" content=\"https:\/\/novaorg.cofb.net\/2020\/12\/24\/respostes-preguntes-mes-frequents-sobre-tests-covid-19\/\" \/>\n<meta property=\"og:site_name\" content=\"Col\u00b7legi de Farmac\u00e8utics de Barcelona\" \/>\n<meta property=\"article:publisher\" content=\"https:\/\/www.facebook.com\/farmaceuticsbcn\/\" \/>\n<meta property=\"article:published_time\" content=\"2020-12-24T10:40:46+00:00\" \/>\n<meta name=\"author\" content=\"wpAdminCofbOrg\" \/>\n<meta name=\"twitter:card\" content=\"summary_large_image\" \/>\n<meta name=\"twitter:creator\" content=\"@farmaceuticsbcn\" \/>\n<meta name=\"twitter:site\" content=\"@farmaceuticsbcn\" \/>\n<meta name=\"twitter:label1\" content=\"Escrito por\" \/>\n\t<meta name=\"twitter:data1\" content=\"wpAdminCofbOrg\" \/>\n\t<meta name=\"twitter:label2\" content=\"Tiempo de lectura\" \/>\n\t<meta name=\"twitter:data2\" content=\"4 minutos\" \/>\n<script type=\"application\/ld+json\" class=\"yoast-schema-graph\">{\"@context\":\"https:\/\/schema.org\",\"@graph\":[{\"@type\":\"Article\",\"@id\":\"https:\/\/novaorg.cofb.net\/2020\/12\/24\/respostes-preguntes-mes-frequents-sobre-tests-covid-19\/#article\",\"isPartOf\":{\"@id\":\"https:\/\/novaorg.cofb.net\/2020\/12\/24\/respostes-preguntes-mes-frequents-sobre-tests-covid-19\/\"},\"author\":{\"name\":\"wpAdminCofbOrg\",\"@id\":\"https:\/\/www.cofb.org\/#\/schema\/person\/22ed7eea88da74b0fa4d3154ad87ffcb\"},\"headline\":\"Respostes a les preguntes m\u00e9s freq\u00fcents sobre els tests COVID-19\",\"datePublished\":\"2020-12-24T10:40:46+00:00\",\"dateModified\":\"2020-12-24T10:40:46+00:00\",\"mainEntityOfPage\":{\"@id\":\"https:\/\/novaorg.cofb.net\/2020\/12\/24\/respostes-preguntes-mes-frequents-sobre-tests-covid-19\/\"},\"wordCount\":940,\"commentCount\":0,\"publisher\":{\"@id\":\"https:\/\/www.cofb.org\/#organization\"},\"image\":{\"@id\":\"https:\/\/novaorg.cofb.net\/2020\/12\/24\/respostes-preguntes-mes-frequents-sobre-tests-covid-19\/#primaryimage\"},\"thumbnailUrl\":\"\",\"keywords\":[\"an\u00e0lisis cl\u00edniques\",\"anticossos\",\"autotest\",\"coronavirus\",\"COVID-19\",\"cribratge\",\"cribratges poblacionals\",\"IgG\",\"IgM\",\"mostres\",\"PCR\",\"SARS-CoV-2\",\"test d'ant\u00edgens\",\"tests\",\"tests serol\u00f2gics\",\"tipus de proves\",\"vocal d'an\u00e0lisis\",\"vocal d'oficina de farm\u00e0cia\"],\"articleSection\":[\"Destacats\",\"M\u00f3n col\u00b7legial\"],\"inLanguage\":\"es\",\"potentialAction\":[{\"@type\":\"CommentAction\",\"name\":\"Comment\",\"target\":[\"https:\/\/novaorg.cofb.net\/2020\/12\/24\/respostes-preguntes-mes-frequents-sobre-tests-covid-19\/#respond\"]}]},{\"@type\":\"WebPage\",\"@id\":\"https:\/\/novaorg.cofb.net\/2020\/12\/24\/respostes-preguntes-mes-frequents-sobre-tests-covid-19\/\",\"url\":\"https:\/\/novaorg.cofb.net\/2020\/12\/24\/respostes-preguntes-mes-frequents-sobre-tests-covid-19\/\",\"name\":\"Respostes a les preguntes m\u00e9s freq\u00fcents sobre els tests COVID-19 - Col\u00b7legi de Farmac\u00e8utics de Barcelona\",\"isPartOf\":{\"@id\":\"https:\/\/www.cofb.org\/#website\"},\"primaryImageOfPage\":{\"@id\":\"https:\/\/novaorg.cofb.net\/2020\/12\/24\/respostes-preguntes-mes-frequents-sobre-tests-covid-19\/#primaryimage\"},\"image\":{\"@id\":\"https:\/\/novaorg.cofb.net\/2020\/12\/24\/respostes-preguntes-mes-frequents-sobre-tests-covid-19\/#primaryimage\"},\"thumbnailUrl\":\"\",\"datePublished\":\"2020-12-24T10:40:46+00:00\",\"dateModified\":\"2020-12-24T10:40:46+00:00\",\"description\":\"Amb l'objectiu de clarificar dubtes sobre els diferents tipus de tests #COVID19\u00a0que estan a l'abast de la poblaci\u00f3, Guillermo Bagar\u00eda, vocal d'Oficina de Farm\u00e0cia del COFB i Xavier Tejedor, vocal d'An\u00e0lisis de la mateixa instituci\u00f3, van mantenir recentment una conversa divulgativa per posar llum a diversos aspectes.\",\"breadcrumb\":{\"@id\":\"https:\/\/novaorg.cofb.net\/2020\/12\/24\/respostes-preguntes-mes-frequents-sobre-tests-covid-19\/#breadcrumb\"},\"inLanguage\":\"es\",\"potentialAction\":[{\"@type\":\"ReadAction\",\"target\":[\"https:\/\/novaorg.cofb.net\/2020\/12\/24\/respostes-preguntes-mes-frequents-sobre-tests-covid-19\/\"]}]},{\"@type\":\"ImageObject\",\"inLanguage\":\"es\",\"@id\":\"https:\/\/novaorg.cofb.net\/2020\/12\/24\/respostes-preguntes-mes-frequents-sobre-tests-covid-19\/#primaryimage\",\"url\":\"\",\"contentUrl\":\"\"},{\"@type\":\"BreadcrumbList\",\"@id\":\"https:\/\/novaorg.cofb.net\/2020\/12\/24\/respostes-preguntes-mes-frequents-sobre-tests-covid-19\/#breadcrumb\",\"itemListElement\":[{\"@type\":\"ListItem\",\"position\":1,\"name\":\"Inici\",\"item\":\"https:\/\/novaorg.cofb.net\/\"},{\"@type\":\"ListItem\",\"position\":2,\"name\":\"Respostes a les preguntes m\u00e9s freq\u00fcents sobre els tests COVID-19\"}]},{\"@type\":\"WebSite\",\"@id\":\"https:\/\/www.cofb.org\/#website\",\"url\":\"https:\/\/www.cofb.org\/\",\"name\":\"Col\u00b7legi de Farmac\u00e8utics de Barcelona\",\"description\":\"\",\"publisher\":{\"@id\":\"https:\/\/www.cofb.org\/#organization\"},\"potentialAction\":[{\"@type\":\"SearchAction\",\"target\":{\"@type\":\"EntryPoint\",\"urlTemplate\":\"https:\/\/www.cofb.org\/?s={search_term_string}\"},\"query-input\":\"required name=search_term_string\"}],\"inLanguage\":\"es\"},{\"@type\":\"Organization\",\"@id\":\"https:\/\/www.cofb.org\/#organization\",\"name\":\"Col\u00b7legi de Farmac\u00e8utics de Barcelona\",\"url\":\"https:\/\/www.cofb.org\/\",\"logo\":{\"@type\":\"ImageObject\",\"inLanguage\":\"es\",\"@id\":\"https:\/\/www.cofb.org\/#\/schema\/logo\/image\/\",\"url\":\"https:\/\/www.cofb.org\/wp-content\/uploads\/2023\/11\/cropped-Logotip-COFB.png\",\"contentUrl\":\"https:\/\/www.cofb.org\/wp-content\/uploads\/2023\/11\/cropped-Logotip-COFB.png\",\"width\":500,\"height\":105,\"caption\":\"Col\u00b7legi de Farmac\u00e8utics de Barcelona\"},\"image\":{\"@id\":\"https:\/\/www.cofb.org\/#\/schema\/logo\/image\/\"},\"sameAs\":[\"https:\/\/www.facebook.com\/farmaceuticsbcn\/\",\"https:\/\/twitter.com\/farmaceuticsbcn\",\"https:\/\/www.instagram.com\/farmaceuticsbcn\/\",\"https:\/\/www.linkedin.com\/company\/farmaceuticsbcn\/\"]},{\"@type\":\"Person\",\"@id\":\"https:\/\/www.cofb.org\/#\/schema\/person\/22ed7eea88da74b0fa4d3154ad87ffcb\",\"name\":\"wpAdminCofbOrg\",\"image\":{\"@type\":\"ImageObject\",\"inLanguage\":\"es\",\"@id\":\"https:\/\/www.cofb.org\/#\/schema\/person\/image\/\",\"url\":\"https:\/\/secure.gravatar.com\/avatar\/1721b20b3b8ca882c3b56ec6c978c594fff670e40c0718e9190eaeeb76aae7d8?s=96&d=mm&r=g\",\"contentUrl\":\"https:\/\/secure.gravatar.com\/avatar\/1721b20b3b8ca882c3b56ec6c978c594fff670e40c0718e9190eaeeb76aae7d8?s=96&d=mm&r=g\",\"caption\":\"wpAdminCofbOrg\"},\"sameAs\":[\"http:\/\/192.168.64.122\/wordpress\"],\"url\":\"https:\/\/www.cofb.org\/es\/author\/wpadmincofborg\/\"}]}<\/script>\n<!-- \/ Yoast SEO plugin. -->","yoast_head_json":{"title":"Respostes a les preguntes m\u00e9s freq\u00fcents sobre els tests COVID-19 - Col\u00b7legi de Farmac\u00e8utics de Barcelona","description":"Amb l'objectiu de clarificar dubtes sobre els diferents tipus de tests #COVID19\u00a0que estan a l'abast de la poblaci\u00f3, Guillermo Bagar\u00eda, vocal d'Oficina de Farm\u00e0cia del COFB i Xavier Tejedor, vocal d'An\u00e0lisis de la mateixa instituci\u00f3, van mantenir recentment una conversa divulgativa per posar llum a diversos aspectes.","robots":{"index":"index","follow":"follow","max-snippet":"max-snippet:-1","max-image-preview":"max-image-preview:large","max-video-preview":"max-video-preview:-1"},"canonical":"https:\/\/novaorg.cofb.net\/2020\/12\/24\/respostes-preguntes-mes-frequents-sobre-tests-covid-19\/","og_locale":"es_ES","og_type":"article","og_title":"Respostes a les preguntes m\u00e9s freq\u00fcents sobre els tests COVID-19 - Col\u00b7legi de Farmac\u00e8utics de Barcelona","og_description":"Amb l'objectiu de clarificar dubtes sobre els diferents tipus de tests #COVID19\u00a0que estan a l'abast de la poblaci\u00f3, Guillermo Bagar\u00eda, vocal d'Oficina de Farm\u00e0cia del COFB i Xavier Tejedor, vocal d'An\u00e0lisis de la mateixa instituci\u00f3, van mantenir recentment una conversa divulgativa per posar llum a diversos aspectes.","og_url":"https:\/\/novaorg.cofb.net\/2020\/12\/24\/respostes-preguntes-mes-frequents-sobre-tests-covid-19\/","og_site_name":"Col\u00b7legi de Farmac\u00e8utics de Barcelona","article_publisher":"https:\/\/www.facebook.com\/farmaceuticsbcn\/","article_published_time":"2020-12-24T10:40:46+00:00","author":"wpAdminCofbOrg","twitter_card":"summary_large_image","twitter_creator":"@farmaceuticsbcn","twitter_site":"@farmaceuticsbcn","twitter_misc":{"Escrito por":"wpAdminCofbOrg","Tiempo de lectura":"4 minutos"},"schema":{"@context":"https:\/\/schema.org","@graph":[{"@type":"Article","@id":"https:\/\/novaorg.cofb.net\/2020\/12\/24\/respostes-preguntes-mes-frequents-sobre-tests-covid-19\/#article","isPartOf":{"@id":"https:\/\/novaorg.cofb.net\/2020\/12\/24\/respostes-preguntes-mes-frequents-sobre-tests-covid-19\/"},"author":{"name":"wpAdminCofbOrg","@id":"https:\/\/www.cofb.org\/#\/schema\/person\/22ed7eea88da74b0fa4d3154ad87ffcb"},"headline":"Respostes a les preguntes m\u00e9s freq\u00fcents sobre els tests COVID-19","datePublished":"2020-12-24T10:40:46+00:00","dateModified":"2020-12-24T10:40:46+00:00","mainEntityOfPage":{"@id":"https:\/\/novaorg.cofb.net\/2020\/12\/24\/respostes-preguntes-mes-frequents-sobre-tests-covid-19\/"},"wordCount":940,"commentCount":0,"publisher":{"@id":"https:\/\/www.cofb.org\/#organization"},"image":{"@id":"https:\/\/novaorg.cofb.net\/2020\/12\/24\/respostes-preguntes-mes-frequents-sobre-tests-covid-19\/#primaryimage"},"thumbnailUrl":"","keywords":["an\u00e0lisis cl\u00edniques","anticossos","autotest","coronavirus","COVID-19","cribratge","cribratges poblacionals","IgG","IgM","mostres","PCR","SARS-CoV-2","test d'ant\u00edgens","tests","tests serol\u00f2gics","tipus de proves","vocal d'an\u00e0lisis","vocal d'oficina de farm\u00e0cia"],"articleSection":["Destacats","M\u00f3n col\u00b7legial"],"inLanguage":"es","potentialAction":[{"@type":"CommentAction","name":"Comment","target":["https:\/\/novaorg.cofb.net\/2020\/12\/24\/respostes-preguntes-mes-frequents-sobre-tests-covid-19\/#respond"]}]},{"@type":"WebPage","@id":"https:\/\/novaorg.cofb.net\/2020\/12\/24\/respostes-preguntes-mes-frequents-sobre-tests-covid-19\/","url":"https:\/\/novaorg.cofb.net\/2020\/12\/24\/respostes-preguntes-mes-frequents-sobre-tests-covid-19\/","name":"Respostes a les preguntes m\u00e9s freq\u00fcents sobre els tests COVID-19 - Col\u00b7legi de Farmac\u00e8utics de Barcelona","isPartOf":{"@id":"https:\/\/www.cofb.org\/#website"},"primaryImageOfPage":{"@id":"https:\/\/novaorg.cofb.net\/2020\/12\/24\/respostes-preguntes-mes-frequents-sobre-tests-covid-19\/#primaryimage"},"image":{"@id":"https:\/\/novaorg.cofb.net\/2020\/12\/24\/respostes-preguntes-mes-frequents-sobre-tests-covid-19\/#primaryimage"},"thumbnailUrl":"","datePublished":"2020-12-24T10:40:46+00:00","dateModified":"2020-12-24T10:40:46+00:00","description":"Amb l'objectiu de clarificar dubtes sobre els diferents tipus de tests #COVID19\u00a0que estan a l'abast de la poblaci\u00f3, Guillermo Bagar\u00eda, vocal d'Oficina de Farm\u00e0cia del COFB i Xavier Tejedor, vocal d'An\u00e0lisis de la mateixa instituci\u00f3, van mantenir recentment una conversa divulgativa per posar llum a diversos aspectes.","breadcrumb":{"@id":"https:\/\/novaorg.cofb.net\/2020\/12\/24\/respostes-preguntes-mes-frequents-sobre-tests-covid-19\/#breadcrumb"},"inLanguage":"es","potentialAction":[{"@type":"ReadAction","target":["https:\/\/novaorg.cofb.net\/2020\/12\/24\/respostes-preguntes-mes-frequents-sobre-tests-covid-19\/"]}]},{"@type":"ImageObject","inLanguage":"es","@id":"https:\/\/novaorg.cofb.net\/2020\/12\/24\/respostes-preguntes-mes-frequents-sobre-tests-covid-19\/#primaryimage","url":"","contentUrl":""},{"@type":"BreadcrumbList","@id":"https:\/\/novaorg.cofb.net\/2020\/12\/24\/respostes-preguntes-mes-frequents-sobre-tests-covid-19\/#breadcrumb","itemListElement":[{"@type":"ListItem","position":1,"name":"Inici","item":"https:\/\/novaorg.cofb.net\/"},{"@type":"ListItem","position":2,"name":"Respostes a les preguntes m\u00e9s freq\u00fcents sobre els tests COVID-19"}]},{"@type":"WebSite","@id":"https:\/\/www.cofb.org\/#website","url":"https:\/\/www.cofb.org\/","name":"Col\u00b7legi de Farmac\u00e8utics de Barcelona","description":"","publisher":{"@id":"https:\/\/www.cofb.org\/#organization"},"potentialAction":[{"@type":"SearchAction","target":{"@type":"EntryPoint","urlTemplate":"https:\/\/www.cofb.org\/?s={search_term_string}"},"query-input":"required name=search_term_string"}],"inLanguage":"es"},{"@type":"Organization","@id":"https:\/\/www.cofb.org\/#organization","name":"Col\u00b7legi de Farmac\u00e8utics de Barcelona","url":"https:\/\/www.cofb.org\/","logo":{"@type":"ImageObject","inLanguage":"es","@id":"https:\/\/www.cofb.org\/#\/schema\/logo\/image\/","url":"https:\/\/www.cofb.org\/wp-content\/uploads\/2023\/11\/cropped-Logotip-COFB.png","contentUrl":"https:\/\/www.cofb.org\/wp-content\/uploads\/2023\/11\/cropped-Logotip-COFB.png","width":500,"height":105,"caption":"Col\u00b7legi de Farmac\u00e8utics de Barcelona"},"image":{"@id":"https:\/\/www.cofb.org\/#\/schema\/logo\/image\/"},"sameAs":["https:\/\/www.facebook.com\/farmaceuticsbcn\/","https:\/\/twitter.com\/farmaceuticsbcn","https:\/\/www.instagram.com\/farmaceuticsbcn\/","https:\/\/www.linkedin.com\/company\/farmaceuticsbcn\/"]},{"@type":"Person","@id":"https:\/\/www.cofb.org\/#\/schema\/person\/22ed7eea88da74b0fa4d3154ad87ffcb","name":"wpAdminCofbOrg","image":{"@type":"ImageObject","inLanguage":"es","@id":"https:\/\/www.cofb.org\/#\/schema\/person\/image\/","url":"https:\/\/secure.gravatar.com\/avatar\/1721b20b3b8ca882c3b56ec6c978c594fff670e40c0718e9190eaeeb76aae7d8?s=96&d=mm&r=g","contentUrl":"https:\/\/secure.gravatar.com\/avatar\/1721b20b3b8ca882c3b56ec6c978c594fff670e40c0718e9190eaeeb76aae7d8?s=96&d=mm&r=g","caption":"wpAdminCofbOrg"},"sameAs":["http:\/\/192.168.64.122\/wordpress"],"url":"https:\/\/www.cofb.org\/es\/author\/wpadmincofborg\/"}]}},"uagb_featured_image_src":{"full":false,"thumbnail":false,"medium":false,"medium_large":false,"large":false,"1536x1536":false,"2048x2048":false,"trp-custom-language-flag":false},"uagb_author_info":{"display_name":"wpAdminCofbOrg","author_link":"https:\/\/www.cofb.org\/es\/author\/wpadmincofborg\/"},"uagb_comment_info":0,"uagb_excerpt":"Amb l&#8217;objectiu de clarificar dubtes sobre els diferents tipus de tests COVID-19, des del Col\u00b7legi de Farmac\u00e8utics de Barcelona,\u00a0Guillermo Bagar\u00eda i Xavier Tejedor,\u00a0vocal d&#8217;Oficina de Farm\u00e0cia i vocal d&#8217;An\u00e0lisis, respectivament, van mantenir recentment una conversa divulgativa per posar llum a diversos aspectes en relaci\u00f3 amb aquesta q\u00fcesti\u00f3. La conversa est\u00e0 [&hellip;]","_links":{"self":[{"href":"https:\/\/www.cofb.org\/es\/wp-json\/wp\/v2\/posts\/53546","targetHints":{"allow":["GET"]}}],"collection":[{"href":"https:\/\/www.cofb.org\/es\/wp-json\/wp\/v2\/posts"}],"about":[{"href":"https:\/\/www.cofb.org\/es\/wp-json\/wp\/v2\/types\/post"}],"author":[{"embeddable":true,"href":"https:\/\/www.cofb.org\/es\/wp-json\/wp\/v2\/users\/1"}],"replies":[{"embeddable":true,"href":"https:\/\/www.cofb.org\/es\/wp-json\/wp\/v2\/comments?post=53546"}],"version-history":[{"count":0,"href":"https:\/\/www.cofb.org\/es\/wp-json\/wp\/v2\/posts\/53546\/revisions"}],"wp:featuredmedia":[{"embeddable":true,"href":"https:\/\/www.cofb.org\/es\/wp-json\/"}],"wp:attachment":[{"href":"https:\/\/www.cofb.org\/es\/wp-json\/wp\/v2\/media?parent=53546"}],"wp:term":[{"taxonomy":"category","embeddable":true,"href":"https:\/\/www.cofb.org\/es\/wp-json\/wp\/v2\/categories?post=53546"},{"taxonomy":"post_tag","embeddable":true,"href":"https:\/\/www.cofb.org\/es\/wp-json\/wp\/v2\/tags?post=53546"}],"curies":[{"name":"wp","href":"https:\/\/api.w.org\/{rel}","templated":true}]}}