{"id":53481,"date":"2020-12-23T13:14:49","date_gmt":"2020-12-23T11:14:49","guid":{"rendered":"https:\/\/blog.cofb.cat\/?p=53481"},"modified":"2020-12-23T13:14:49","modified_gmt":"2020-12-23T11:14:49","slug":"homenatge-excepcional-als-collegiats-que-celebren-50-75-anys-membres-cofb","status":"publish","type":"post","link":"https:\/\/www.cofb.org\/es\/2020\/12\/23\/homenatge-excepcional-als-collegiats-que-celebren-50-75-anys-membres-cofb\/","title":{"rendered":"Homenaje excepcional a los colegiados que celebran 50 y 75 a\u00f1os como miembros del COFB"},"content":{"rendered":"<p>El pasado jueves <strong>17 de diciembre<\/strong> tuvo lugar el<strong>homenaje y entrega de insignias a los colegiados y colegiadas que celebran los 50 y 75 a\u00f1os como miembros del COFB<\/strong>. No habi\u00e9ndose podido realizar la entrega en el marco habitual de la Diada del Farmac\u00e9utico, debido a la pandemia provocada por la\u00a0<strong>COVID-19, este a\u00f1o se ha tenido que desarrollar el homenaje, de forma excepcional, en formato virtual<\/strong>. El acto cont\u00f3 con las <strong>intervenciones<\/strong> de <strong>Jordi Casas<\/strong>\u00a0y <strong>Aina Surroca<\/strong>, presidente y secretaria del COFB, respectivamente.<\/p>\n<h1><span style=\"color: #008080;\"><strong>Agradecimiento y felicitaci\u00f3n a los colegiados\u00a0<\/strong><\/span><\/h1>\n<p>Ambos coincidieron en destacar que, pese a las restricciones, no se pod\u00eda dejar de hacer el acto que acompa\u00f1a a la tradicional entrega de las <strong>insignias de plata<\/strong> a los colegiados que cumplen <strong>medio siglo de colegiaci\u00f3n <\/strong>y la<strong>\u00a0de oro y brillantes a los colegiados que celebran 75<\/strong>.<a href=\"https:\/\/blog.cofb.cat\/wp-content\/uploads\/2020\/12\/cofb.161017-135-_edited.jpg\"><img fetchpriority=\"high\" decoding=\"async\" class=\"aligncenter size-large wp-image-53539\" src=\"https:\/\/blog.cofb.cat\/wp-content\/uploads\/2020\/12\/cofb.161017-135-_edited-1024x683.jpg\" alt=\"\" width=\"620\" height=\"414\" \/><\/a><\/p>\n<p>Unos hitos que representan una muestra de <strong>compromiso con la profesi\u00f3n farmac\u00e9utica<\/strong> y de trabajo diario desde los <strong>diversos \u00e1mbitos de ejercicio<\/strong> de la profesi\u00f3n. Este a\u00f1o las insignias se han entregado a trav\u00e9s de correo postal, pero sin embargo se consider\u00f3 oportuno organizar un encuentro virtual con los homenajeados para hacerles llegar el<strong>agradecimiento<\/strong> y la <strong>felicitaci\u00f3n<\/strong> del Colegio.<\/p>\n<h1><span style=\"color: #008080;\"><strong>Intervenci\u00f3n de Jordi Casas, presidente del Colegio<\/strong><\/span><\/h1>\n<p>En su discurso, el presidente del Colegio apunt\u00f3 que este a\u00f1o el acto de homenaje que supone la Diada del Farmac\u00e9utico se hac\u00eda en \u201cunas <strong>circunstancias diferentes<\/strong> y\u00a0<strong>excepcionales<\/strong>.\u201dCada a\u00f1o celebramos la Diada alrededor del mes de octubre en el Palau de la M\u00fasica. A pesar de la <strong>situaci\u00f3n sanitaria<\/strong> que todos estamos sufriendo en primera persona y que no nos permite celebrar un acto tan emotivo como es el D\u00eda del Farmac\u00e9utico, no hemos querido dejar pasar la ocasi\u00f3n de <strong>compartir un rato con los homenajeados<\/strong> y dedicarles unas <strong>palabras de reconocimiento a toda una vida dedicada a la farmacia<\/strong>\u201c, afirm\u00f3 el presidente del COFB. Y a\u00f1adi\u00f3: \u201cAdem\u00e1s, no ocurre cada a\u00f1o que contamos con un farmac\u00e9utico que cumple <strong>75 a\u00f1os de colegiaci\u00f3n<\/strong>\u201c. El presidente del Colegio tambi\u00e9n quiso destacar que era consciente de que \u201clas herramientas digitales no tienen el calor de los actos presenciales que, como la Diada, se hacen<strong> rodeados<\/strong>, de<strong>amigos<\/strong>, <strong>conocidos<\/strong> y<strong> familiares<\/strong>&#8220;.<\/p>\n<figure id=\"attachment_53502\" aria-describedby=\"caption-attachment-53502\" style=\"width: 781px\" class=\"wp-caption aligncenter\"><a href=\"https:\/\/blog.cofb.cat\/wp-content\/uploads\/2020\/12\/Jordi-Casas-i-Aina-Surroca.jpg\"><img decoding=\"async\" class=\"wp-image-53502 size-full\" title=\"Jordi Casas y Aina Surroca, en un momento del homenaje a los farmac\u00e9uticos que cumpl\u00edan 50 y 75 a\u00f1os como colegiados.\" src=\"https:\/\/blog.cofb.cat\/wp-content\/uploads\/2020\/12\/Jordi-Casas-i-Aina-Surroca.jpg\" alt=\"Jordi Casas i Aina Surroca, en un moment de l'homenatge als farmac\u00e8utics que complien 50 i 75 anys com a col\u00b7legiats.\" width=\"781\" height=\"421\" \/><\/a><figcaption id=\"caption-attachment-53502\" class=\"wp-caption-text\">Jordi Casas y Aina Surroca, en un momento del homenaje a los farmac\u00e9uticos que cumpl\u00edan 50 y 75 a\u00f1os como colegiados.<\/figcaption><\/figure>\n<h1><span style=\"color: #008080;\"><strong>Reconocimiento a los 50 y 75 a\u00f1os de colegiaci\u00f3n<\/strong><\/span><\/h1>\n<p>Tras la intervenci\u00f3n de Casas, Aina Surroca, secretaria del Colegio, hizo una lectura de los nombres y apellidos de los colegiados homenajeados que cumpl\u00edan <strong>50 a\u00f1os de colegiaci\u00f3n<\/strong> y del colegiado que <strong>cumpl\u00eda 75<\/strong> -Francisco Mor\u00e9 Escol\u00e0-, tal y como se hace tradicionalmente en el Palau de la M\u00fasica. \u201cNos hubiera gustado mucho poder entregarles las insignias personalmente\u201d, apunt\u00f3 la secretaria. Y a\u00f1adi\u00f3 que: \u201cEsperamos podernos<strong> reencontrar el pr\u00f3ximo a\u00f1o<\/strong> en el Palau de la M\u00fasica si las circunstancias mejoran\u201d. Por \u00faltimo, Surroca destac\u00f3 que la entrega de las insignias a los colegiados que este a\u00f1o celebraban <strong>25 a\u00f1os de colegiaci\u00f3n<\/strong> se har\u00e1, si nada lo impide, en la <strong>Fiesta del Farmac\u00e9utico 2021<\/strong>.<\/p>\n<p><strong>Otras publicaciones de inter\u00e9s:<\/strong><\/p>\n<ul>\n<li><a href=\"https:\/\/blog.cofb.cat\/cofb-homenatja-professio-18a-edicio-diada-farmaceutic\/\" target=\"_blank\" rel=\"noopener\">El COFB homenajea a la profesi\u00f3n en la 18\u00aa edici\u00f3n de la Diada del Farmac\u00e9utico (Octubre 2019)<\/a><\/li>\n<li><a href=\"https:\/\/blog.cofb.cat\/temps-han-canviat-pero-lessencia-farmacia-continua-sent-mateixa-ajudar-pacients-reflexions-diada-farmaceutic-2019\/\" target=\"_blank\" rel=\"noopener\">\u201cLos tiempos han cambiado, pero la esencia de la farmacia sigue siendo la misma: ayudar a los pacientes\u201d. Reflexiones en la Fiesta del Farmac\u00e9utico 2019 (Noviembre 2019)<\/a><\/li>\n<li><a href=\"https:\/\/blog.cofb.cat\/farmaceutic-pot-paper-important-no-nomes-lhora-dispensar-sino-dimplicar-se-mes-persona-reflexions-diada-farmaceutic-2018\/\" target=\"_blank\" rel=\"noopener\">\u201cEl farmac\u00e9utico puede desempe\u00f1ar un papel muy importante, no s\u00f3lo a la hora de dispensar sino de implicarse m\u00e1s en la persona\u201d Reflexiones en el D\u00eda del Farmac\u00e9utico 2018 (Noviembre 2018)<\/a><\/li>\n<li><a href=\"https:\/\/blog.cofb.cat\/diada-farmaceutic-2018-paper-farmaceutic-front-cronicitat\/\" target=\"_blank\" rel=\"noopener\">Fiesta del Farmac\u00e9utico 2018: el papel del farmac\u00e9utico para hacer frente a la cronicidad (Octubre 2018)<\/a><\/li>\n<\/ul>","protected":false},"excerpt":{"rendered":"<p>El pasado jueves 17 de diciembre tuvo lugar el homenaje y entrega de insignias a los colegiados y colegiadas que celebran los 50 y 75 a\u00f1os como miembros del COFB. No habi\u00e9ndose podido realizar la entrega en el marco habitual de la Diada del Farmac\u00e9utico, debido a la pandemia provocada [\u2026]<\/p>","protected":false},"author":1,"featured_media":53539,"comment_status":"open","ping_status":"open","sticky":false,"template":"","format":"standard","meta":{"_uag_custom_page_level_css":"","site-sidebar-layout":"default","site-content-layout":"","ast-site-content-layout":"default","site-content-style":"default","site-sidebar-style":"default","ast-global-header-display":"","ast-banner-title-visibility":"","ast-main-header-display":"","ast-hfb-above-header-display":"","ast-hfb-below-header-display":"","ast-hfb-mobile-header-display":"","site-post-title":"","ast-breadcrumbs-content":"","ast-featured-img":"disabled","footer-sml-layout":"","theme-transparent-header-meta":"","adv-header-id-meta":"","stick-header-meta":"","header-above-stick-meta":"","header-main-stick-meta":"","header-below-stick-meta":"","astra-migrate-meta-layouts":"default","ast-page-background-enabled":"default","ast-page-background-meta":{"desktop":{"background-color":"var(--ast-global-color-4)","background-image":"","background-repeat":"repeat","background-position":"center center","background-size":"auto","background-attachment":"scroll","background-type":"","background-media":"","overlay-type":"","overlay-color":"","overlay-opacity":"","overlay-gradient":""},"tablet":{"background-color":"","background-image":"","background-repeat":"repeat","background-position":"center center","background-size":"auto","background-attachment":"scroll","background-type":"","background-media":"","overlay-type":"","overlay-color":"","overlay-opacity":"","overlay-gradient":""},"mobile":{"background-color":"","background-image":"","background-repeat":"repeat","background-position":"center center","background-size":"auto","background-attachment":"scroll","background-type":"","background-media":"","overlay-type":"","overlay-color":"","overlay-opacity":"","overlay-gradient":""}},"ast-content-background-meta":{"desktop":{"background-color":"var(--ast-global-color-5)","background-image":"","background-repeat":"repeat","background-position":"center center","background-size":"auto","background-attachment":"scroll","background-type":"","background-media":"","overlay-type":"","overlay-color":"","overlay-opacity":"","overlay-gradient":""},"tablet":{"background-color":"var(--ast-global-color-5)","background-image":"","background-repeat":"repeat","background-position":"center center","background-size":"auto","background-attachment":"scroll","background-type":"","background-media":"","overlay-type":"","overlay-color":"","overlay-opacity":"","overlay-gradient":""},"mobile":{"background-color":"var(--ast-global-color-5)","background-image":"","background-repeat":"repeat","background-position":"center center","background-size":"auto","background-attachment":"scroll","background-type":"","background-media":"","overlay-type":"","overlay-color":"","overlay-opacity":"","overlay-gradient":""}},"footnotes":""},"categories":[23,57],"tags":[4461,18,19,968,692,969,970,4462,53,69,25,974,4463,4464,76,580,581],"class_list":["post-53481","post","type-post","status-publish","format-standard","has-post-thumbnail","hentry","category-destacats","category-mon-collegial","tag-50-anys","tag-cofb","tag-collegi-de-farmaceutics-de-barcelona","tag-collegiacio","tag-collegiats","tag-diada","tag-diada-del-farmaceutic","tag-diada-virtual","tag-farmaceutics","tag-farmacia-comunitaria","tag-farmacies","tag-insignies","tag-insignies-dor","tag-insignies-de-plata","tag-oficina-de-farmacia","tag-president","tag-secretaria"],"yoast_head":"<!-- This site is optimized with the Yoast SEO plugin v22.4 - https:\/\/yoast.com\/wordpress\/plugins\/seo\/ -->\n<title>Homenatge excepcional als col\u00b7legiats que celebren 50 i 75 anys com a membres del COFB - Col\u00b7legi de Farmac\u00e8utics de Barcelona<\/title>\n<meta name=\"description\" content=\"El passat dijous 17 de desembre va tenir lloc al COFB la Diada del Farmac\u00e8utic 2020, enguany en format virtual a causa la pand\u00e8mia provocada per la COVID-19.\" \/>\n<meta name=\"robots\" content=\"index, follow, max-snippet:-1, max-image-preview:large, max-video-preview:-1\" \/>\n<link rel=\"canonical\" href=\"https:\/\/novaorg.cofb.net\/2020\/12\/23\/homenatge-excepcional-als-collegiats-que-celebren-50-75-anys-membres-cofb\/\" \/>\n<meta property=\"og:locale\" content=\"es_ES\" \/>\n<meta property=\"og:type\" content=\"article\" \/>\n<meta property=\"og:title\" content=\"Homenatge excepcional als col\u00b7legiats que celebren 50 i 75 anys com a membres del COFB - Col\u00b7legi de Farmac\u00e8utics de Barcelona\" \/>\n<meta property=\"og:description\" content=\"El passat dijous 17 de desembre va tenir lloc al COFB la Diada del Farmac\u00e8utic 2020, enguany en format virtual a causa la pand\u00e8mia provocada per la COVID-19.\" \/>\n<meta property=\"og:url\" content=\"https:\/\/novaorg.cofb.net\/2020\/12\/23\/homenatge-excepcional-als-collegiats-que-celebren-50-75-anys-membres-cofb\/\" \/>\n<meta property=\"og:site_name\" content=\"Col\u00b7legi de Farmac\u00e8utics de Barcelona\" \/>\n<meta property=\"article:publisher\" content=\"https:\/\/www.facebook.com\/farmaceuticsbcn\/\" \/>\n<meta property=\"article:published_time\" content=\"2020-12-23T11:14:49+00:00\" \/>\n<meta name=\"author\" content=\"wpAdminCofbOrg\" \/>\n<meta name=\"twitter:card\" content=\"summary_large_image\" \/>\n<meta name=\"twitter:creator\" content=\"@farmaceuticsbcn\" \/>\n<meta name=\"twitter:site\" content=\"@farmaceuticsbcn\" \/>\n<meta name=\"twitter:label1\" content=\"Escrito por\" \/>\n\t<meta name=\"twitter:data1\" content=\"wpAdminCofbOrg\" \/>\n\t<meta name=\"twitter:label2\" content=\"Tiempo de lectura\" \/>\n\t<meta name=\"twitter:data2\" content=\"3 minutos\" \/>\n<script type=\"application\/ld+json\" class=\"yoast-schema-graph\">{\"@context\":\"https:\/\/schema.org\",\"@graph\":[{\"@type\":\"Article\",\"@id\":\"https:\/\/novaorg.cofb.net\/2020\/12\/23\/homenatge-excepcional-als-collegiats-que-celebren-50-75-anys-membres-cofb\/#article\",\"isPartOf\":{\"@id\":\"https:\/\/novaorg.cofb.net\/2020\/12\/23\/homenatge-excepcional-als-collegiats-que-celebren-50-75-anys-membres-cofb\/\"},\"author\":{\"name\":\"wpAdminCofbOrg\",\"@id\":\"https:\/\/www.cofb.org\/#\/schema\/person\/22ed7eea88da74b0fa4d3154ad87ffcb\"},\"headline\":\"Homenatge excepcional als col\u00b7legiats que celebren 50 i 75 anys com a membres del COFB\",\"datePublished\":\"2020-12-23T11:14:49+00:00\",\"dateModified\":\"2020-12-23T11:14:49+00:00\",\"mainEntityOfPage\":{\"@id\":\"https:\/\/novaorg.cofb.net\/2020\/12\/23\/homenatge-excepcional-als-collegiats-que-celebren-50-75-anys-membres-cofb\/\"},\"wordCount\":668,\"commentCount\":0,\"publisher\":{\"@id\":\"https:\/\/www.cofb.org\/#organization\"},\"image\":{\"@id\":\"https:\/\/novaorg.cofb.net\/2020\/12\/23\/homenatge-excepcional-als-collegiats-que-celebren-50-75-anys-membres-cofb\/#primaryimage\"},\"thumbnailUrl\":\"\",\"keywords\":[\"50 anys\",\"COFB\",\"Col\u00b7legi de Farmac\u00e8utics de Barcelona\",\"col\u00b7legiaci\u00f3\",\"col\u00b7legiats\",\"Diada\",\"Diada del Farmac\u00e8utic\",\"diada virtual\",\"farmac\u00e8utics\",\"farm\u00e0cia comunit\u00e0ria\",\"farm\u00e0cies\",\"ins\u00edgnies\",\"ins\u00edgnies d'or\",\"ins\u00edgnies de plata\",\"Oficina de farm\u00e0cia\",\"president\",\"secret\u00e0ria\"],\"articleSection\":[\"Destacats\",\"M\u00f3n col\u00b7legial\"],\"inLanguage\":\"es\",\"potentialAction\":[{\"@type\":\"CommentAction\",\"name\":\"Comment\",\"target\":[\"https:\/\/novaorg.cofb.net\/2020\/12\/23\/homenatge-excepcional-als-collegiats-que-celebren-50-75-anys-membres-cofb\/#respond\"]}]},{\"@type\":\"WebPage\",\"@id\":\"https:\/\/novaorg.cofb.net\/2020\/12\/23\/homenatge-excepcional-als-collegiats-que-celebren-50-75-anys-membres-cofb\/\",\"url\":\"https:\/\/novaorg.cofb.net\/2020\/12\/23\/homenatge-excepcional-als-collegiats-que-celebren-50-75-anys-membres-cofb\/\",\"name\":\"Homenatge excepcional als col\u00b7legiats que celebren 50 i 75 anys com a membres del COFB - Col\u00b7legi de Farmac\u00e8utics de Barcelona\",\"isPartOf\":{\"@id\":\"https:\/\/www.cofb.org\/#website\"},\"primaryImageOfPage\":{\"@id\":\"https:\/\/novaorg.cofb.net\/2020\/12\/23\/homenatge-excepcional-als-collegiats-que-celebren-50-75-anys-membres-cofb\/#primaryimage\"},\"image\":{\"@id\":\"https:\/\/novaorg.cofb.net\/2020\/12\/23\/homenatge-excepcional-als-collegiats-que-celebren-50-75-anys-membres-cofb\/#primaryimage\"},\"thumbnailUrl\":\"\",\"datePublished\":\"2020-12-23T11:14:49+00:00\",\"dateModified\":\"2020-12-23T11:14:49+00:00\",\"description\":\"El passat dijous 17 de desembre va tenir lloc al COFB la Diada del Farmac\u00e8utic 2020, enguany en format virtual a causa la pand\u00e8mia provocada per la COVID-19.\",\"breadcrumb\":{\"@id\":\"https:\/\/novaorg.cofb.net\/2020\/12\/23\/homenatge-excepcional-als-collegiats-que-celebren-50-75-anys-membres-cofb\/#breadcrumb\"},\"inLanguage\":\"es\",\"potentialAction\":[{\"@type\":\"ReadAction\",\"target\":[\"https:\/\/novaorg.cofb.net\/2020\/12\/23\/homenatge-excepcional-als-collegiats-que-celebren-50-75-anys-membres-cofb\/\"]}]},{\"@type\":\"ImageObject\",\"inLanguage\":\"es\",\"@id\":\"https:\/\/novaorg.cofb.net\/2020\/12\/23\/homenatge-excepcional-als-collegiats-que-celebren-50-75-anys-membres-cofb\/#primaryimage\",\"url\":\"\",\"contentUrl\":\"\"},{\"@type\":\"BreadcrumbList\",\"@id\":\"https:\/\/novaorg.cofb.net\/2020\/12\/23\/homenatge-excepcional-als-collegiats-que-celebren-50-75-anys-membres-cofb\/#breadcrumb\",\"itemListElement\":[{\"@type\":\"ListItem\",\"position\":1,\"name\":\"Inici\",\"item\":\"https:\/\/novaorg.cofb.net\/\"},{\"@type\":\"ListItem\",\"position\":2,\"name\":\"Homenatge excepcional als col\u00b7legiats que celebren 50 i 75 anys com a membres del COFB\"}]},{\"@type\":\"WebSite\",\"@id\":\"https:\/\/www.cofb.org\/#website\",\"url\":\"https:\/\/www.cofb.org\/\",\"name\":\"Col\u00b7legi de Farmac\u00e8utics de Barcelona\",\"description\":\"\",\"publisher\":{\"@id\":\"https:\/\/www.cofb.org\/#organization\"},\"potentialAction\":[{\"@type\":\"SearchAction\",\"target\":{\"@type\":\"EntryPoint\",\"urlTemplate\":\"https:\/\/www.cofb.org\/?s={search_term_string}\"},\"query-input\":\"required name=search_term_string\"}],\"inLanguage\":\"es\"},{\"@type\":\"Organization\",\"@id\":\"https:\/\/www.cofb.org\/#organization\",\"name\":\"Col\u00b7legi de Farmac\u00e8utics de Barcelona\",\"url\":\"https:\/\/www.cofb.org\/\",\"logo\":{\"@type\":\"ImageObject\",\"inLanguage\":\"es\",\"@id\":\"https:\/\/www.cofb.org\/#\/schema\/logo\/image\/\",\"url\":\"https:\/\/www.cofb.org\/wp-content\/uploads\/2023\/11\/cropped-Logotip-COFB.png\",\"contentUrl\":\"https:\/\/www.cofb.org\/wp-content\/uploads\/2023\/11\/cropped-Logotip-COFB.png\",\"width\":500,\"height\":105,\"caption\":\"Col\u00b7legi de Farmac\u00e8utics de Barcelona\"},\"image\":{\"@id\":\"https:\/\/www.cofb.org\/#\/schema\/logo\/image\/\"},\"sameAs\":[\"https:\/\/www.facebook.com\/farmaceuticsbcn\/\",\"https:\/\/twitter.com\/farmaceuticsbcn\",\"https:\/\/www.instagram.com\/farmaceuticsbcn\/\",\"https:\/\/www.linkedin.com\/company\/farmaceuticsbcn\/\"]},{\"@type\":\"Person\",\"@id\":\"https:\/\/www.cofb.org\/#\/schema\/person\/22ed7eea88da74b0fa4d3154ad87ffcb\",\"name\":\"wpAdminCofbOrg\",\"image\":{\"@type\":\"ImageObject\",\"inLanguage\":\"es\",\"@id\":\"https:\/\/www.cofb.org\/#\/schema\/person\/image\/\",\"url\":\"https:\/\/secure.gravatar.com\/avatar\/1721b20b3b8ca882c3b56ec6c978c594fff670e40c0718e9190eaeeb76aae7d8?s=96&d=mm&r=g\",\"contentUrl\":\"https:\/\/secure.gravatar.com\/avatar\/1721b20b3b8ca882c3b56ec6c978c594fff670e40c0718e9190eaeeb76aae7d8?s=96&d=mm&r=g\",\"caption\":\"wpAdminCofbOrg\"},\"sameAs\":[\"http:\/\/192.168.64.122\/wordpress\"],\"url\":\"https:\/\/www.cofb.org\/es\/author\/wpadmincofborg\/\"}]}<\/script>\n<!-- \/ Yoast SEO plugin. -->","yoast_head_json":{"title":"Homenatge excepcional als col\u00b7legiats que celebren 50 i 75 anys com a membres del COFB - Col\u00b7legi de Farmac\u00e8utics de Barcelona","description":"El passat dijous 17 de desembre va tenir lloc al COFB la Diada del Farmac\u00e8utic 2020, enguany en format virtual a causa la pand\u00e8mia provocada per la COVID-19.","robots":{"index":"index","follow":"follow","max-snippet":"max-snippet:-1","max-image-preview":"max-image-preview:large","max-video-preview":"max-video-preview:-1"},"canonical":"https:\/\/novaorg.cofb.net\/2020\/12\/23\/homenatge-excepcional-als-collegiats-que-celebren-50-75-anys-membres-cofb\/","og_locale":"es_ES","og_type":"article","og_title":"Homenatge excepcional als col\u00b7legiats que celebren 50 i 75 anys com a membres del COFB - Col\u00b7legi de Farmac\u00e8utics de Barcelona","og_description":"El passat dijous 17 de desembre va tenir lloc al COFB la Diada del Farmac\u00e8utic 2020, enguany en format virtual a causa la pand\u00e8mia provocada per la COVID-19.","og_url":"https:\/\/novaorg.cofb.net\/2020\/12\/23\/homenatge-excepcional-als-collegiats-que-celebren-50-75-anys-membres-cofb\/","og_site_name":"Col\u00b7legi de Farmac\u00e8utics de Barcelona","article_publisher":"https:\/\/www.facebook.com\/farmaceuticsbcn\/","article_published_time":"2020-12-23T11:14:49+00:00","author":"wpAdminCofbOrg","twitter_card":"summary_large_image","twitter_creator":"@farmaceuticsbcn","twitter_site":"@farmaceuticsbcn","twitter_misc":{"Escrito por":"wpAdminCofbOrg","Tiempo de lectura":"3 minutos"},"schema":{"@context":"https:\/\/schema.org","@graph":[{"@type":"Article","@id":"https:\/\/novaorg.cofb.net\/2020\/12\/23\/homenatge-excepcional-als-collegiats-que-celebren-50-75-anys-membres-cofb\/#article","isPartOf":{"@id":"https:\/\/novaorg.cofb.net\/2020\/12\/23\/homenatge-excepcional-als-collegiats-que-celebren-50-75-anys-membres-cofb\/"},"author":{"name":"wpAdminCofbOrg","@id":"https:\/\/www.cofb.org\/#\/schema\/person\/22ed7eea88da74b0fa4d3154ad87ffcb"},"headline":"Homenatge excepcional als col\u00b7legiats que celebren 50 i 75 anys com a membres del COFB","datePublished":"2020-12-23T11:14:49+00:00","dateModified":"2020-12-23T11:14:49+00:00","mainEntityOfPage":{"@id":"https:\/\/novaorg.cofb.net\/2020\/12\/23\/homenatge-excepcional-als-collegiats-que-celebren-50-75-anys-membres-cofb\/"},"wordCount":668,"commentCount":0,"publisher":{"@id":"https:\/\/www.cofb.org\/#organization"},"image":{"@id":"https:\/\/novaorg.cofb.net\/2020\/12\/23\/homenatge-excepcional-als-collegiats-que-celebren-50-75-anys-membres-cofb\/#primaryimage"},"thumbnailUrl":"","keywords":["50 anys","COFB","Col\u00b7legi de Farmac\u00e8utics de Barcelona","col\u00b7legiaci\u00f3","col\u00b7legiats","Diada","Diada del Farmac\u00e8utic","diada virtual","farmac\u00e8utics","farm\u00e0cia comunit\u00e0ria","farm\u00e0cies","ins\u00edgnies","ins\u00edgnies d'or","ins\u00edgnies de plata","Oficina de farm\u00e0cia","president","secret\u00e0ria"],"articleSection":["Destacats","M\u00f3n col\u00b7legial"],"inLanguage":"es","potentialAction":[{"@type":"CommentAction","name":"Comment","target":["https:\/\/novaorg.cofb.net\/2020\/12\/23\/homenatge-excepcional-als-collegiats-que-celebren-50-75-anys-membres-cofb\/#respond"]}]},{"@type":"WebPage","@id":"https:\/\/novaorg.cofb.net\/2020\/12\/23\/homenatge-excepcional-als-collegiats-que-celebren-50-75-anys-membres-cofb\/","url":"https:\/\/novaorg.cofb.net\/2020\/12\/23\/homenatge-excepcional-als-collegiats-que-celebren-50-75-anys-membres-cofb\/","name":"Homenatge excepcional als col\u00b7legiats que celebren 50 i 75 anys com a membres del COFB - Col\u00b7legi de Farmac\u00e8utics de Barcelona","isPartOf":{"@id":"https:\/\/www.cofb.org\/#website"},"primaryImageOfPage":{"@id":"https:\/\/novaorg.cofb.net\/2020\/12\/23\/homenatge-excepcional-als-collegiats-que-celebren-50-75-anys-membres-cofb\/#primaryimage"},"image":{"@id":"https:\/\/novaorg.cofb.net\/2020\/12\/23\/homenatge-excepcional-als-collegiats-que-celebren-50-75-anys-membres-cofb\/#primaryimage"},"thumbnailUrl":"","datePublished":"2020-12-23T11:14:49+00:00","dateModified":"2020-12-23T11:14:49+00:00","description":"El passat dijous 17 de desembre va tenir lloc al COFB la Diada del Farmac\u00e8utic 2020, enguany en format virtual a causa la pand\u00e8mia provocada per la COVID-19.","breadcrumb":{"@id":"https:\/\/novaorg.cofb.net\/2020\/12\/23\/homenatge-excepcional-als-collegiats-que-celebren-50-75-anys-membres-cofb\/#breadcrumb"},"inLanguage":"es","potentialAction":[{"@type":"ReadAction","target":["https:\/\/novaorg.cofb.net\/2020\/12\/23\/homenatge-excepcional-als-collegiats-que-celebren-50-75-anys-membres-cofb\/"]}]},{"@type":"ImageObject","inLanguage":"es","@id":"https:\/\/novaorg.cofb.net\/2020\/12\/23\/homenatge-excepcional-als-collegiats-que-celebren-50-75-anys-membres-cofb\/#primaryimage","url":"","contentUrl":""},{"@type":"BreadcrumbList","@id":"https:\/\/novaorg.cofb.net\/2020\/12\/23\/homenatge-excepcional-als-collegiats-que-celebren-50-75-anys-membres-cofb\/#breadcrumb","itemListElement":[{"@type":"ListItem","position":1,"name":"Inici","item":"https:\/\/novaorg.cofb.net\/"},{"@type":"ListItem","position":2,"name":"Homenatge excepcional als col\u00b7legiats que celebren 50 i 75 anys com a membres del COFB"}]},{"@type":"WebSite","@id":"https:\/\/www.cofb.org\/#website","url":"https:\/\/www.cofb.org\/","name":"Col\u00b7legi de Farmac\u00e8utics de Barcelona","description":"","publisher":{"@id":"https:\/\/www.cofb.org\/#organization"},"potentialAction":[{"@type":"SearchAction","target":{"@type":"EntryPoint","urlTemplate":"https:\/\/www.cofb.org\/?s={search_term_string}"},"query-input":"required name=search_term_string"}],"inLanguage":"es"},{"@type":"Organization","@id":"https:\/\/www.cofb.org\/#organization","name":"Col\u00b7legi de Farmac\u00e8utics de Barcelona","url":"https:\/\/www.cofb.org\/","logo":{"@type":"ImageObject","inLanguage":"es","@id":"https:\/\/www.cofb.org\/#\/schema\/logo\/image\/","url":"https:\/\/www.cofb.org\/wp-content\/uploads\/2023\/11\/cropped-Logotip-COFB.png","contentUrl":"https:\/\/www.cofb.org\/wp-content\/uploads\/2023\/11\/cropped-Logotip-COFB.png","width":500,"height":105,"caption":"Col\u00b7legi de Farmac\u00e8utics de Barcelona"},"image":{"@id":"https:\/\/www.cofb.org\/#\/schema\/logo\/image\/"},"sameAs":["https:\/\/www.facebook.com\/farmaceuticsbcn\/","https:\/\/twitter.com\/farmaceuticsbcn","https:\/\/www.instagram.com\/farmaceuticsbcn\/","https:\/\/www.linkedin.com\/company\/farmaceuticsbcn\/"]},{"@type":"Person","@id":"https:\/\/www.cofb.org\/#\/schema\/person\/22ed7eea88da74b0fa4d3154ad87ffcb","name":"wpAdminCofbOrg","image":{"@type":"ImageObject","inLanguage":"es","@id":"https:\/\/www.cofb.org\/#\/schema\/person\/image\/","url":"https:\/\/secure.gravatar.com\/avatar\/1721b20b3b8ca882c3b56ec6c978c594fff670e40c0718e9190eaeeb76aae7d8?s=96&d=mm&r=g","contentUrl":"https:\/\/secure.gravatar.com\/avatar\/1721b20b3b8ca882c3b56ec6c978c594fff670e40c0718e9190eaeeb76aae7d8?s=96&d=mm&r=g","caption":"wpAdminCofbOrg"},"sameAs":["http:\/\/192.168.64.122\/wordpress"],"url":"https:\/\/www.cofb.org\/es\/author\/wpadmincofborg\/"}]}},"uagb_featured_image_src":{"full":false,"thumbnail":false,"medium":false,"medium_large":false,"large":false,"1536x1536":false,"2048x2048":false,"trp-custom-language-flag":false},"uagb_author_info":{"display_name":"wpAdminCofbOrg","author_link":"https:\/\/www.cofb.org\/es\/author\/wpadmincofborg\/"},"uagb_comment_info":0,"uagb_excerpt":"El passat dijous 17 de desembre va tenir lloc l&#8217;homenatge i lliurament d&#8217;ins\u00edgnies als col\u00b7legiats i col\u00b7legiades que celebren els 50 i 75 anys com a membres del COFB. No havent-se pogut fer el lliurament en el marc habitual de la Diada del Farmac\u00e8utic, a causa de la pand\u00e8mia provocada [&hellip;]","_links":{"self":[{"href":"https:\/\/www.cofb.org\/es\/wp-json\/wp\/v2\/posts\/53481","targetHints":{"allow":["GET"]}}],"collection":[{"href":"https:\/\/www.cofb.org\/es\/wp-json\/wp\/v2\/posts"}],"about":[{"href":"https:\/\/www.cofb.org\/es\/wp-json\/wp\/v2\/types\/post"}],"author":[{"embeddable":true,"href":"https:\/\/www.cofb.org\/es\/wp-json\/wp\/v2\/users\/1"}],"replies":[{"embeddable":true,"href":"https:\/\/www.cofb.org\/es\/wp-json\/wp\/v2\/comments?post=53481"}],"version-history":[{"count":0,"href":"https:\/\/www.cofb.org\/es\/wp-json\/wp\/v2\/posts\/53481\/revisions"}],"wp:featuredmedia":[{"embeddable":true,"href":"https:\/\/www.cofb.org\/es\/wp-json\/"}],"wp:attachment":[{"href":"https:\/\/www.cofb.org\/es\/wp-json\/wp\/v2\/media?parent=53481"}],"wp:term":[{"taxonomy":"category","embeddable":true,"href":"https:\/\/www.cofb.org\/es\/wp-json\/wp\/v2\/categories?post=53481"},{"taxonomy":"post_tag","embeddable":true,"href":"https:\/\/www.cofb.org\/es\/wp-json\/wp\/v2\/tags?post=53481"}],"curies":[{"name":"wp","href":"https:\/\/api.w.org\/{rel}","templated":true}]}}