{"id":53412,"date":"2020-12-21T19:15:55","date_gmt":"2020-12-21T17:15:55","guid":{"rendered":"https:\/\/blog.cofb.cat\/?p=53412"},"modified":"2020-12-21T19:15:55","modified_gmt":"2020-12-21T17:15:55","slug":"concurs-de-dibuix-infantil-un-nadal-diferent-ja-tenim-guanyadors","status":"publish","type":"post","link":"https:\/\/www.cofb.org\/es\/2020\/12\/21\/concurs-de-dibuix-infantil-un-nadal-diferent-ja-tenim-guanyadors\/","title":{"rendered":"Concurso de dibujo infantil \u201cUna Navidad diferente\u201d: \u00a1Ya tenemos ganadores y ganadoras!"},"content":{"rendered":"<p>Este a\u00f1o, debido a la pandemia provocada por la <strong>COVID-19<\/strong>, no se ha podido celebrar la tradicional <strong>fiesta infantil<\/strong> que ten\u00eda lugar cada a\u00f1o en el COFB antes de las Fiestas de Navidad y en la que se entregaban los premios del concurso de dibujo infantil.<\/p>\n<h1><span style=\"color: #008080;\"><strong>XII edici\u00f3n del concurso<\/strong><\/span><\/h1>\n<p>Sin embargo, los ni\u00f1os y ni\u00f1as que han querido participar en el concurso de dibujo infantil, en la que ha sido su <strong>XII edici\u00f3n<\/strong>, han podido hacerlo y bajo la tem\u00e1tica <a href=\"https:\/\/blog.cofb.cat\/xii-edicio-concurs-dibuix-infantil-nadal-diferent\/\" target=\"_blank\" rel=\"noopener\">&quot;Una Navidad diferente&quot;<\/a> nos han hecho llegar sus creaciones. A todos y todas les damos las gracias por haber querido participar en esta tradici\u00f3n tan navide\u00f1a, en un a\u00f1o que ha sido muy complicado.<\/p>\n<p>A continuaci\u00f3n, le mostramos cu\u00e1les han sido los <strong>dibujos ganadores<\/strong> de las distintas categor\u00edas.<\/p>\n<h3><strong>En la categor\u00eda de 4 a 5 a\u00f1os:<\/strong><\/h3>\n<figure id=\"attachment_53442\" aria-describedby=\"caption-attachment-53442\" style=\"width: 620px\" class=\"wp-caption aligncenter\"><a href=\"https:\/\/blog.cofb.cat\/wp-content\/uploads\/2020\/12\/1-2_edited2.jpg\"><img fetchpriority=\"high\" decoding=\"async\" class=\"wp-image-53442 size-large\" title=\"La ganadora ha sido Claudia Moya Maym\u00f3, de 5 a\u00f1os.\" src=\"https:\/\/blog.cofb.cat\/wp-content\/uploads\/2020\/12\/1-2_edited2-1024x738.jpg\" alt=\"La guanyadora ha estat Cl\u00e0udia Moya Maym\u00f3 , de 5 anys.\" width=\"620\" height=\"447\" \/><\/a><figcaption id=\"caption-attachment-53442\" class=\"wp-caption-text\">La ganadora ha sido Claudia Moya Maym\u00f3, de 5 a\u00f1os.<\/figcaption><\/figure>\n<h3><strong>En la categor\u00eda de 6 a 7 a\u00f1os:<\/strong><\/h3>\n<figure id=\"attachment_53422\" aria-describedby=\"caption-attachment-53422\" style=\"width: 620px\" class=\"wp-caption aligncenter\"><a href=\"https:\/\/blog.cofb.cat\/wp-content\/uploads\/2020\/12\/2-7.jpg\"><img decoding=\"async\" class=\"wp-image-53422 size-large\" src=\"https:\/\/blog.cofb.cat\/wp-content\/uploads\/2020\/12\/2-7-731x1024.jpg\" alt=\"\" width=\"620\" height=\"869\" \/><\/a><figcaption id=\"caption-attachment-53422\" class=\"wp-caption-text\">La ganadora ha sido Maria Campos Grau, de 7 a\u00f1os.<\/figcaption><\/figure>\n<h3><strong>En la categor\u00eda de 8 a 9 a\u00f1os:<\/strong><\/h3>\n<figure id=\"attachment_53423\" aria-describedby=\"caption-attachment-53423\" style=\"width: 620px\" class=\"wp-caption aligncenter\"><a href=\"https:\/\/blog.cofb.cat\/wp-content\/uploads\/2020\/12\/3-7.jpg\"><img decoding=\"async\" class=\"wp-image-53423 size-large\" src=\"https:\/\/blog.cofb.cat\/wp-content\/uploads\/2020\/12\/3-7-1024x724.jpg\" alt=\"\" width=\"620\" height=\"438\" \/><\/a><figcaption id=\"caption-attachment-53423\" class=\"wp-caption-text\">El ganador fue Arnau Callizo Rubio, de 9 a\u00f1os.<\/figcaption><\/figure>\n<h3><strong>En la categor\u00eda de 10 a 11 a\u00f1os:\u00a0<\/strong><\/h3>\n<figure id=\"attachment_53424\" aria-describedby=\"caption-attachment-53424\" style=\"width: 620px\" class=\"wp-caption aligncenter\"><a href=\"https:\/\/blog.cofb.cat\/wp-content\/uploads\/2020\/12\/4-2.jpeg\"><img loading=\"lazy\" decoding=\"async\" class=\"wp-image-53424 size-large\" src=\"https:\/\/blog.cofb.cat\/wp-content\/uploads\/2020\/12\/4-2-1022x1024.jpeg\" alt=\"\" width=\"620\" height=\"621\" \/><\/a><figcaption id=\"caption-attachment-53424\" class=\"wp-caption-text\">La ganadora ha sido Isona Vendrades Gallardo, de 10 a\u00f1os.<\/figcaption><\/figure>\n<p><strong>Participantes de la categor\u00eda de 4 a 5 a\u00f1os:<\/strong><\/p>\n\n<p>&nbsp;<\/p>\n<p><strong>Participantes de la categor\u00eda de 6 a 7 a\u00f1os:<\/strong><\/p>\n<p>&nbsp;<\/p>\n\n<p><strong>Participantes de la categor\u00eda de 8 a 9 a\u00f1os:<\/strong><\/p>\n\n<p><strong>Participantes de la categor\u00eda de 10 a 11 a\u00f1os:<\/strong><\/p>\n\n<p>&nbsp;<\/p>\n<div class=\"box info\"> Este a\u00f1o no podremos <strong>hacer la tradicional entrega de premios en la fiesta infantil, ya que no se celebrar\u00e1 por la pandemia\u00a0<\/strong>, pero habr\u00e1 <strong>cuatro, uno por cada categor\u00eda<\/strong>. Adem\u00e1s, <strong>los dibujos premiados ser\u00e1n los protagonistas de la postal de Navidad del COFB de este a\u00f1o<\/strong>.<span style=\"color: #ff0000;\"><span style=\"color: #000000;\">\u00a0<\/span><\/span>\u00a0<\/div>\n<p style=\"text-align: right;\"><b>Con la colaboraci\u00f3n de:<\/b><\/p>\n<p><a href=\"http:\/\/cartostyl.com\/\" target=\"_blank\" rel=\"noopener\"><img loading=\"lazy\" decoding=\"async\" class=\"alignright wp-image-53195 size-full\" title=\"Patrocinadores del X Concurso de Dibujo Infantil del COFB Palacio de la M\u00fasica Orfe\u00f3n Catal\u00e1n, Cartostyl, el Auditorio, Ordesa, Carpel, CosmoCaixa, Museo del Chocolate\" src=\"https:\/\/blog.cofb.cat\/wp-content\/uploads\/2020\/12\/Cartostyl-Logo.jpg\" alt=\"\" width=\"280\" height=\"75\" \/><\/a><\/p>\n<p>&nbsp;<\/p>\n<p>&nbsp;<\/p>\n<p><strong>Otras publicaciones de inter\u00e9s:<\/strong><\/p>\n<ul>\n<li><a href=\"https:\/\/blog.cofb.cat\/xii-edicio-concurs-dibuix-infantil-nadal-diferent\/\" target=\"_blank\" rel=\"noopener\">&quot;Una Navidad diferente&quot;. XII edici\u00f3n del Concurso de Dibujo Infantil (Diciembre 2020)<\/a><\/li>\n<li><a href=\"https:\/\/blog.cofb.cat\/x-edicio-concurs-dibuix-infantil-cofb-nadal-petit-princep\/\" target=\"_blank\" rel=\"noopener\">X edici\u00f3n del Concurso de Dibujo Infantil del COFB: \u201cLa Navidad del Peque\u00f1o Pr\u00edncipe\u201d (Noviembre 2018)<\/a><\/li>\n<\/ul>","protected":false},"excerpt":{"rendered":"<p>Este a\u00f1o, debido a la pandemia provocada por la COVID-19, no se ha podido celebrar la tradicional fiesta infantil que ten\u00eda lugar cada a\u00f1o en el COFB antes de las Fiestas de Navidad y en la que se entregaban los premios del concurso de dibujo infantil. XII edici\u00f3n del concurso Sin embargo, los [\u2026]<\/p>","protected":false},"author":1,"featured_media":53489,"comment_status":"open","ping_status":"open","sticky":false,"template":"","format":"standard","meta":{"_uag_custom_page_level_css":"","site-sidebar-layout":"default","site-content-layout":"","ast-site-content-layout":"default","site-content-style":"default","site-sidebar-style":"default","ast-global-header-display":"","ast-banner-title-visibility":"","ast-main-header-display":"","ast-hfb-above-header-display":"","ast-hfb-below-header-display":"","ast-hfb-mobile-header-display":"","site-post-title":"","ast-breadcrumbs-content":"","ast-featured-img":"disabled","footer-sml-layout":"","theme-transparent-header-meta":"","adv-header-id-meta":"","stick-header-meta":"","header-above-stick-meta":"","header-main-stick-meta":"","header-below-stick-meta":"","astra-migrate-meta-layouts":"default","ast-page-background-enabled":"default","ast-page-background-meta":{"desktop":{"background-color":"var(--ast-global-color-4)","background-image":"","background-repeat":"repeat","background-position":"center center","background-size":"auto","background-attachment":"scroll","background-type":"","background-media":"","overlay-type":"","overlay-color":"","overlay-opacity":"","overlay-gradient":""},"tablet":{"background-color":"","background-image":"","background-repeat":"repeat","background-position":"center center","background-size":"auto","background-attachment":"scroll","background-type":"","background-media":"","overlay-type":"","overlay-color":"","overlay-opacity":"","overlay-gradient":""},"mobile":{"background-color":"","background-image":"","background-repeat":"repeat","background-position":"center center","background-size":"auto","background-attachment":"scroll","background-type":"","background-media":"","overlay-type":"","overlay-color":"","overlay-opacity":"","overlay-gradient":""}},"ast-content-background-meta":{"desktop":{"background-color":"var(--ast-global-color-5)","background-image":"","background-repeat":"repeat","background-position":"center center","background-size":"auto","background-attachment":"scroll","background-type":"","background-media":"","overlay-type":"","overlay-color":"","overlay-opacity":"","overlay-gradient":""},"tablet":{"background-color":"var(--ast-global-color-5)","background-image":"","background-repeat":"repeat","background-position":"center center","background-size":"auto","background-attachment":"scroll","background-type":"","background-media":"","overlay-type":"","overlay-color":"","overlay-opacity":"","overlay-gradient":""},"mobile":{"background-color":"var(--ast-global-color-5)","background-image":"","background-repeat":"repeat","background-position":"center center","background-size":"auto","background-attachment":"scroll","background-type":"","background-media":"","overlay-type":"","overlay-color":"","overlay-opacity":"","overlay-gradient":""}},"footnotes":""},"categories":[23,57],"tags":[4454,18,19,2154,1030,869,4455,992,4456,53,69,4457,896,608,4458,996,2953,997,4459,4440,4460],"class_list":["post-53412","post","type-post","status-publish","format-standard","has-post-thumbnail","hentry","category-destacats","category-mon-collegial","tag-art","tag-cofb","tag-collegi-de-farmaceutics-de-barcelona","tag-comissio-de-cultura","tag-concurs-de-dibuix","tag-creacio","tag-dibuix","tag-dibuix-infantil","tag-dibuixos","tag-farmaceutics","tag-farmacia-comunitaria","tag-festes-de-nadal","tag-guanyadors","tag-infants","tag-lleure","tag-nadal","tag-nenes","tag-nens","tag-pintura","tag-un-nadal-diferent","tag-xii-edicio-concurs"],"yoast_head":"<!-- This site is optimized with the Yoast SEO plugin v22.4 - https:\/\/yoast.com\/wordpress\/plugins\/seo\/ -->\n<title>Concurs de dibuix infantil &quot;Un Nadal diferent&quot;: Ja tenim guanyadors i guanyadores! - Col\u00b7legi de Farmac\u00e8utics de Barcelona<\/title>\n<meta name=\"description\" content=\"Enguany, a causa de la pand\u00e8mia provocada per la COVID-19, no s&#039;ha pogut celebrar la tradicional festa infantil que tenia lloc cada any al COFB abans de les Festes de Nadal i en la qual s&#039;entregaven els premis del concurs de dibuix infantil.\" \/>\n<meta name=\"robots\" content=\"index, follow, max-snippet:-1, max-image-preview:large, max-video-preview:-1\" \/>\n<link rel=\"canonical\" href=\"https:\/\/novaorg.cofb.net\/2020\/12\/21\/concurs-de-dibuix-infantil-un-nadal-diferent-ja-tenim-guanyadors\/\" \/>\n<meta property=\"og:locale\" content=\"es_ES\" \/>\n<meta property=\"og:type\" content=\"article\" \/>\n<meta property=\"og:title\" content=\"Concurs de dibuix infantil &quot;Un Nadal diferent&quot;: Ja tenim guanyadors i guanyadores! - Col\u00b7legi de Farmac\u00e8utics de Barcelona\" \/>\n<meta property=\"og:description\" content=\"Enguany, a causa de la pand\u00e8mia provocada per la COVID-19, no s&#039;ha pogut celebrar la tradicional festa infantil que tenia lloc cada any al COFB abans de les Festes de Nadal i en la qual s&#039;entregaven els premis del concurs de dibuix infantil.\" \/>\n<meta property=\"og:url\" content=\"https:\/\/novaorg.cofb.net\/2020\/12\/21\/concurs-de-dibuix-infantil-un-nadal-diferent-ja-tenim-guanyadors\/\" \/>\n<meta property=\"og:site_name\" content=\"Col\u00b7legi de Farmac\u00e8utics de Barcelona\" \/>\n<meta property=\"article:publisher\" content=\"https:\/\/www.facebook.com\/farmaceuticsbcn\/\" \/>\n<meta property=\"article:published_time\" content=\"2020-12-21T17:15:55+00:00\" \/>\n<meta name=\"author\" content=\"wpAdminCofbOrg\" \/>\n<meta name=\"twitter:card\" content=\"summary_large_image\" \/>\n<meta name=\"twitter:creator\" content=\"@farmaceuticsbcn\" \/>\n<meta name=\"twitter:site\" content=\"@farmaceuticsbcn\" \/>\n<meta name=\"twitter:label1\" content=\"Escrito por\" \/>\n\t<meta name=\"twitter:data1\" content=\"wpAdminCofbOrg\" \/>\n\t<meta name=\"twitter:label2\" content=\"Tiempo de lectura\" \/>\n\t<meta name=\"twitter:data2\" content=\"2 minutos\" \/>\n<script type=\"application\/ld+json\" class=\"yoast-schema-graph\">{\"@context\":\"https:\/\/schema.org\",\"@graph\":[{\"@type\":\"Article\",\"@id\":\"https:\/\/novaorg.cofb.net\/2020\/12\/21\/concurs-de-dibuix-infantil-un-nadal-diferent-ja-tenim-guanyadors\/#article\",\"isPartOf\":{\"@id\":\"https:\/\/novaorg.cofb.net\/2020\/12\/21\/concurs-de-dibuix-infantil-un-nadal-diferent-ja-tenim-guanyadors\/\"},\"author\":{\"name\":\"wpAdminCofbOrg\",\"@id\":\"https:\/\/www.cofb.org\/#\/schema\/person\/22ed7eea88da74b0fa4d3154ad87ffcb\"},\"headline\":\"Concurs de dibuix infantil &#8220;Un Nadal diferent&#8221;: Ja tenim guanyadors i guanyadores!\",\"datePublished\":\"2020-12-21T17:15:55+00:00\",\"dateModified\":\"2020-12-21T17:15:55+00:00\",\"mainEntityOfPage\":{\"@id\":\"https:\/\/novaorg.cofb.net\/2020\/12\/21\/concurs-de-dibuix-infantil-un-nadal-diferent-ja-tenim-guanyadors\/\"},\"wordCount\":375,\"commentCount\":0,\"publisher\":{\"@id\":\"https:\/\/www.cofb.org\/#organization\"},\"image\":{\"@id\":\"https:\/\/novaorg.cofb.net\/2020\/12\/21\/concurs-de-dibuix-infantil-un-nadal-diferent-ja-tenim-guanyadors\/#primaryimage\"},\"thumbnailUrl\":\"\",\"keywords\":[\"art\",\"COFB\",\"Col\u00b7legi de Farmac\u00e8utics de Barcelona\",\"Comissi\u00f3 de Cultura\",\"concurs de dibuix\",\"creaci\u00f3\",\"dibuix\",\"dibuix infantil\",\"dibuixos\",\"farmac\u00e8utics\",\"farm\u00e0cia comunit\u00e0ria\",\"Festes de Nadal\",\"guanyadors\",\"infants\",\"lleure\",\"Nadal\",\"nenes\",\"nens\",\"pintura\",\"un Nadal diferent\",\"XII edici\u00f3 concurs\"],\"articleSection\":[\"Destacats\",\"M\u00f3n col\u00b7legial\"],\"inLanguage\":\"es\",\"potentialAction\":[{\"@type\":\"CommentAction\",\"name\":\"Comment\",\"target\":[\"https:\/\/novaorg.cofb.net\/2020\/12\/21\/concurs-de-dibuix-infantil-un-nadal-diferent-ja-tenim-guanyadors\/#respond\"]}]},{\"@type\":\"WebPage\",\"@id\":\"https:\/\/novaorg.cofb.net\/2020\/12\/21\/concurs-de-dibuix-infantil-un-nadal-diferent-ja-tenim-guanyadors\/\",\"url\":\"https:\/\/novaorg.cofb.net\/2020\/12\/21\/concurs-de-dibuix-infantil-un-nadal-diferent-ja-tenim-guanyadors\/\",\"name\":\"Concurs de dibuix infantil \\\"Un Nadal diferent\\\": Ja tenim guanyadors i guanyadores! - Col\u00b7legi de Farmac\u00e8utics de Barcelona\",\"isPartOf\":{\"@id\":\"https:\/\/www.cofb.org\/#website\"},\"primaryImageOfPage\":{\"@id\":\"https:\/\/novaorg.cofb.net\/2020\/12\/21\/concurs-de-dibuix-infantil-un-nadal-diferent-ja-tenim-guanyadors\/#primaryimage\"},\"image\":{\"@id\":\"https:\/\/novaorg.cofb.net\/2020\/12\/21\/concurs-de-dibuix-infantil-un-nadal-diferent-ja-tenim-guanyadors\/#primaryimage\"},\"thumbnailUrl\":\"\",\"datePublished\":\"2020-12-21T17:15:55+00:00\",\"dateModified\":\"2020-12-21T17:15:55+00:00\",\"description\":\"Enguany, a causa de la pand\u00e8mia provocada per la COVID-19, no s'ha pogut celebrar la tradicional festa infantil que tenia lloc cada any al COFB abans de les Festes de Nadal i en la qual s'entregaven els premis del concurs de dibuix infantil.\",\"breadcrumb\":{\"@id\":\"https:\/\/novaorg.cofb.net\/2020\/12\/21\/concurs-de-dibuix-infantil-un-nadal-diferent-ja-tenim-guanyadors\/#breadcrumb\"},\"inLanguage\":\"es\",\"potentialAction\":[{\"@type\":\"ReadAction\",\"target\":[\"https:\/\/novaorg.cofb.net\/2020\/12\/21\/concurs-de-dibuix-infantil-un-nadal-diferent-ja-tenim-guanyadors\/\"]}]},{\"@type\":\"ImageObject\",\"inLanguage\":\"es\",\"@id\":\"https:\/\/novaorg.cofb.net\/2020\/12\/21\/concurs-de-dibuix-infantil-un-nadal-diferent-ja-tenim-guanyadors\/#primaryimage\",\"url\":\"\",\"contentUrl\":\"\"},{\"@type\":\"BreadcrumbList\",\"@id\":\"https:\/\/novaorg.cofb.net\/2020\/12\/21\/concurs-de-dibuix-infantil-un-nadal-diferent-ja-tenim-guanyadors\/#breadcrumb\",\"itemListElement\":[{\"@type\":\"ListItem\",\"position\":1,\"name\":\"Inici\",\"item\":\"https:\/\/novaorg.cofb.net\/\"},{\"@type\":\"ListItem\",\"position\":2,\"name\":\"Concurs de dibuix infantil &#8220;Un Nadal diferent&#8221;: Ja tenim guanyadors i guanyadores!\"}]},{\"@type\":\"WebSite\",\"@id\":\"https:\/\/www.cofb.org\/#website\",\"url\":\"https:\/\/www.cofb.org\/\",\"name\":\"Col\u00b7legi de Farmac\u00e8utics de Barcelona\",\"description\":\"\",\"publisher\":{\"@id\":\"https:\/\/www.cofb.org\/#organization\"},\"potentialAction\":[{\"@type\":\"SearchAction\",\"target\":{\"@type\":\"EntryPoint\",\"urlTemplate\":\"https:\/\/www.cofb.org\/?s={search_term_string}\"},\"query-input\":\"required name=search_term_string\"}],\"inLanguage\":\"es\"},{\"@type\":\"Organization\",\"@id\":\"https:\/\/www.cofb.org\/#organization\",\"name\":\"Col\u00b7legi de Farmac\u00e8utics de Barcelona\",\"url\":\"https:\/\/www.cofb.org\/\",\"logo\":{\"@type\":\"ImageObject\",\"inLanguage\":\"es\",\"@id\":\"https:\/\/www.cofb.org\/#\/schema\/logo\/image\/\",\"url\":\"https:\/\/www.cofb.org\/wp-content\/uploads\/2023\/11\/cropped-Logotip-COFB.png\",\"contentUrl\":\"https:\/\/www.cofb.org\/wp-content\/uploads\/2023\/11\/cropped-Logotip-COFB.png\",\"width\":500,\"height\":105,\"caption\":\"Col\u00b7legi de Farmac\u00e8utics de Barcelona\"},\"image\":{\"@id\":\"https:\/\/www.cofb.org\/#\/schema\/logo\/image\/\"},\"sameAs\":[\"https:\/\/www.facebook.com\/farmaceuticsbcn\/\",\"https:\/\/twitter.com\/farmaceuticsbcn\",\"https:\/\/www.instagram.com\/farmaceuticsbcn\/\",\"https:\/\/www.linkedin.com\/company\/farmaceuticsbcn\/\"]},{\"@type\":\"Person\",\"@id\":\"https:\/\/www.cofb.org\/#\/schema\/person\/22ed7eea88da74b0fa4d3154ad87ffcb\",\"name\":\"wpAdminCofbOrg\",\"image\":{\"@type\":\"ImageObject\",\"inLanguage\":\"es\",\"@id\":\"https:\/\/www.cofb.org\/#\/schema\/person\/image\/\",\"url\":\"https:\/\/secure.gravatar.com\/avatar\/1721b20b3b8ca882c3b56ec6c978c594fff670e40c0718e9190eaeeb76aae7d8?s=96&d=mm&r=g\",\"contentUrl\":\"https:\/\/secure.gravatar.com\/avatar\/1721b20b3b8ca882c3b56ec6c978c594fff670e40c0718e9190eaeeb76aae7d8?s=96&d=mm&r=g\",\"caption\":\"wpAdminCofbOrg\"},\"sameAs\":[\"http:\/\/192.168.64.122\/wordpress\"],\"url\":\"https:\/\/www.cofb.org\/es\/author\/wpadmincofborg\/\"}]}<\/script>\n<!-- \/ Yoast SEO plugin. -->","yoast_head_json":{"title":"Concurs de dibuix infantil \"Un Nadal diferent\": Ja tenim guanyadors i guanyadores! - Col\u00b7legi de Farmac\u00e8utics de Barcelona","description":"Enguany, a causa de la pand\u00e8mia provocada per la COVID-19, no s'ha pogut celebrar la tradicional festa infantil que tenia lloc cada any al COFB abans de les Festes de Nadal i en la qual s'entregaven els premis del concurs de dibuix infantil.","robots":{"index":"index","follow":"follow","max-snippet":"max-snippet:-1","max-image-preview":"max-image-preview:large","max-video-preview":"max-video-preview:-1"},"canonical":"https:\/\/novaorg.cofb.net\/2020\/12\/21\/concurs-de-dibuix-infantil-un-nadal-diferent-ja-tenim-guanyadors\/","og_locale":"es_ES","og_type":"article","og_title":"Concurs de dibuix infantil \"Un Nadal diferent\": Ja tenim guanyadors i guanyadores! - Col\u00b7legi de Farmac\u00e8utics de Barcelona","og_description":"Enguany, a causa de la pand\u00e8mia provocada per la COVID-19, no s'ha pogut celebrar la tradicional festa infantil que tenia lloc cada any al COFB abans de les Festes de Nadal i en la qual s'entregaven els premis del concurs de dibuix infantil.","og_url":"https:\/\/novaorg.cofb.net\/2020\/12\/21\/concurs-de-dibuix-infantil-un-nadal-diferent-ja-tenim-guanyadors\/","og_site_name":"Col\u00b7legi de Farmac\u00e8utics de Barcelona","article_publisher":"https:\/\/www.facebook.com\/farmaceuticsbcn\/","article_published_time":"2020-12-21T17:15:55+00:00","author":"wpAdminCofbOrg","twitter_card":"summary_large_image","twitter_creator":"@farmaceuticsbcn","twitter_site":"@farmaceuticsbcn","twitter_misc":{"Escrito por":"wpAdminCofbOrg","Tiempo de lectura":"2 minutos"},"schema":{"@context":"https:\/\/schema.org","@graph":[{"@type":"Article","@id":"https:\/\/novaorg.cofb.net\/2020\/12\/21\/concurs-de-dibuix-infantil-un-nadal-diferent-ja-tenim-guanyadors\/#article","isPartOf":{"@id":"https:\/\/novaorg.cofb.net\/2020\/12\/21\/concurs-de-dibuix-infantil-un-nadal-diferent-ja-tenim-guanyadors\/"},"author":{"name":"wpAdminCofbOrg","@id":"https:\/\/www.cofb.org\/#\/schema\/person\/22ed7eea88da74b0fa4d3154ad87ffcb"},"headline":"Concurs de dibuix infantil &#8220;Un Nadal diferent&#8221;: Ja tenim guanyadors i guanyadores!","datePublished":"2020-12-21T17:15:55+00:00","dateModified":"2020-12-21T17:15:55+00:00","mainEntityOfPage":{"@id":"https:\/\/novaorg.cofb.net\/2020\/12\/21\/concurs-de-dibuix-infantil-un-nadal-diferent-ja-tenim-guanyadors\/"},"wordCount":375,"commentCount":0,"publisher":{"@id":"https:\/\/www.cofb.org\/#organization"},"image":{"@id":"https:\/\/novaorg.cofb.net\/2020\/12\/21\/concurs-de-dibuix-infantil-un-nadal-diferent-ja-tenim-guanyadors\/#primaryimage"},"thumbnailUrl":"","keywords":["art","COFB","Col\u00b7legi de Farmac\u00e8utics de Barcelona","Comissi\u00f3 de Cultura","concurs de dibuix","creaci\u00f3","dibuix","dibuix infantil","dibuixos","farmac\u00e8utics","farm\u00e0cia comunit\u00e0ria","Festes de Nadal","guanyadors","infants","lleure","Nadal","nenes","nens","pintura","un Nadal diferent","XII edici\u00f3 concurs"],"articleSection":["Destacats","M\u00f3n col\u00b7legial"],"inLanguage":"es","potentialAction":[{"@type":"CommentAction","name":"Comment","target":["https:\/\/novaorg.cofb.net\/2020\/12\/21\/concurs-de-dibuix-infantil-un-nadal-diferent-ja-tenim-guanyadors\/#respond"]}]},{"@type":"WebPage","@id":"https:\/\/novaorg.cofb.net\/2020\/12\/21\/concurs-de-dibuix-infantil-un-nadal-diferent-ja-tenim-guanyadors\/","url":"https:\/\/novaorg.cofb.net\/2020\/12\/21\/concurs-de-dibuix-infantil-un-nadal-diferent-ja-tenim-guanyadors\/","name":"Concurs de dibuix infantil \"Un Nadal diferent\": Ja tenim guanyadors i guanyadores! - Col\u00b7legi de Farmac\u00e8utics de Barcelona","isPartOf":{"@id":"https:\/\/www.cofb.org\/#website"},"primaryImageOfPage":{"@id":"https:\/\/novaorg.cofb.net\/2020\/12\/21\/concurs-de-dibuix-infantil-un-nadal-diferent-ja-tenim-guanyadors\/#primaryimage"},"image":{"@id":"https:\/\/novaorg.cofb.net\/2020\/12\/21\/concurs-de-dibuix-infantil-un-nadal-diferent-ja-tenim-guanyadors\/#primaryimage"},"thumbnailUrl":"","datePublished":"2020-12-21T17:15:55+00:00","dateModified":"2020-12-21T17:15:55+00:00","description":"Enguany, a causa de la pand\u00e8mia provocada per la COVID-19, no s'ha pogut celebrar la tradicional festa infantil que tenia lloc cada any al COFB abans de les Festes de Nadal i en la qual s'entregaven els premis del concurs de dibuix infantil.","breadcrumb":{"@id":"https:\/\/novaorg.cofb.net\/2020\/12\/21\/concurs-de-dibuix-infantil-un-nadal-diferent-ja-tenim-guanyadors\/#breadcrumb"},"inLanguage":"es","potentialAction":[{"@type":"ReadAction","target":["https:\/\/novaorg.cofb.net\/2020\/12\/21\/concurs-de-dibuix-infantil-un-nadal-diferent-ja-tenim-guanyadors\/"]}]},{"@type":"ImageObject","inLanguage":"es","@id":"https:\/\/novaorg.cofb.net\/2020\/12\/21\/concurs-de-dibuix-infantil-un-nadal-diferent-ja-tenim-guanyadors\/#primaryimage","url":"","contentUrl":""},{"@type":"BreadcrumbList","@id":"https:\/\/novaorg.cofb.net\/2020\/12\/21\/concurs-de-dibuix-infantil-un-nadal-diferent-ja-tenim-guanyadors\/#breadcrumb","itemListElement":[{"@type":"ListItem","position":1,"name":"Inici","item":"https:\/\/novaorg.cofb.net\/"},{"@type":"ListItem","position":2,"name":"Concurs de dibuix infantil &#8220;Un Nadal diferent&#8221;: Ja tenim guanyadors i guanyadores!"}]},{"@type":"WebSite","@id":"https:\/\/www.cofb.org\/#website","url":"https:\/\/www.cofb.org\/","name":"Col\u00b7legi de Farmac\u00e8utics de Barcelona","description":"","publisher":{"@id":"https:\/\/www.cofb.org\/#organization"},"potentialAction":[{"@type":"SearchAction","target":{"@type":"EntryPoint","urlTemplate":"https:\/\/www.cofb.org\/?s={search_term_string}"},"query-input":"required name=search_term_string"}],"inLanguage":"es"},{"@type":"Organization","@id":"https:\/\/www.cofb.org\/#organization","name":"Col\u00b7legi de Farmac\u00e8utics de Barcelona","url":"https:\/\/www.cofb.org\/","logo":{"@type":"ImageObject","inLanguage":"es","@id":"https:\/\/www.cofb.org\/#\/schema\/logo\/image\/","url":"https:\/\/www.cofb.org\/wp-content\/uploads\/2023\/11\/cropped-Logotip-COFB.png","contentUrl":"https:\/\/www.cofb.org\/wp-content\/uploads\/2023\/11\/cropped-Logotip-COFB.png","width":500,"height":105,"caption":"Col\u00b7legi de Farmac\u00e8utics de Barcelona"},"image":{"@id":"https:\/\/www.cofb.org\/#\/schema\/logo\/image\/"},"sameAs":["https:\/\/www.facebook.com\/farmaceuticsbcn\/","https:\/\/twitter.com\/farmaceuticsbcn","https:\/\/www.instagram.com\/farmaceuticsbcn\/","https:\/\/www.linkedin.com\/company\/farmaceuticsbcn\/"]},{"@type":"Person","@id":"https:\/\/www.cofb.org\/#\/schema\/person\/22ed7eea88da74b0fa4d3154ad87ffcb","name":"wpAdminCofbOrg","image":{"@type":"ImageObject","inLanguage":"es","@id":"https:\/\/www.cofb.org\/#\/schema\/person\/image\/","url":"https:\/\/secure.gravatar.com\/avatar\/1721b20b3b8ca882c3b56ec6c978c594fff670e40c0718e9190eaeeb76aae7d8?s=96&d=mm&r=g","contentUrl":"https:\/\/secure.gravatar.com\/avatar\/1721b20b3b8ca882c3b56ec6c978c594fff670e40c0718e9190eaeeb76aae7d8?s=96&d=mm&r=g","caption":"wpAdminCofbOrg"},"sameAs":["http:\/\/192.168.64.122\/wordpress"],"url":"https:\/\/www.cofb.org\/es\/author\/wpadmincofborg\/"}]}},"uagb_featured_image_src":{"full":false,"thumbnail":false,"medium":false,"medium_large":false,"large":false,"1536x1536":false,"2048x2048":false,"trp-custom-language-flag":false},"uagb_author_info":{"display_name":"wpAdminCofbOrg","author_link":"https:\/\/www.cofb.org\/es\/author\/wpadmincofborg\/"},"uagb_comment_info":0,"uagb_excerpt":"Enguany, a causa de la pand\u00e8mia provocada per la COVID-19, no s&#8217;ha pogut celebrar la tradicional festa infantil que tenia lloc cada any al COFB abans de les Festes de Nadal i en la qual s&#8217;entregaven els premis del concurs de dibuix infantil. XII edici\u00f3 del concurs Malgrat aix\u00f2, els [&hellip;]","_links":{"self":[{"href":"https:\/\/www.cofb.org\/es\/wp-json\/wp\/v2\/posts\/53412","targetHints":{"allow":["GET"]}}],"collection":[{"href":"https:\/\/www.cofb.org\/es\/wp-json\/wp\/v2\/posts"}],"about":[{"href":"https:\/\/www.cofb.org\/es\/wp-json\/wp\/v2\/types\/post"}],"author":[{"embeddable":true,"href":"https:\/\/www.cofb.org\/es\/wp-json\/wp\/v2\/users\/1"}],"replies":[{"embeddable":true,"href":"https:\/\/www.cofb.org\/es\/wp-json\/wp\/v2\/comments?post=53412"}],"version-history":[{"count":0,"href":"https:\/\/www.cofb.org\/es\/wp-json\/wp\/v2\/posts\/53412\/revisions"}],"wp:featuredmedia":[{"embeddable":true,"href":"https:\/\/www.cofb.org\/es\/wp-json\/"}],"wp:attachment":[{"href":"https:\/\/www.cofb.org\/es\/wp-json\/wp\/v2\/media?parent=53412"}],"wp:term":[{"taxonomy":"category","embeddable":true,"href":"https:\/\/www.cofb.org\/es\/wp-json\/wp\/v2\/categories?post=53412"},{"taxonomy":"post_tag","embeddable":true,"href":"https:\/\/www.cofb.org\/es\/wp-json\/wp\/v2\/tags?post=53412"}],"curies":[{"name":"wp","href":"https:\/\/api.w.org\/{rel}","templated":true}]}}