{"id":53368,"date":"2020-12-22T18:36:28","date_gmt":"2020-12-22T16:36:28","guid":{"rendered":"https:\/\/blog.cofb.cat\/?p=53368"},"modified":"2020-12-22T18:36:28","modified_gmt":"2020-12-22T16:36:28","slug":"paper-dels-farmaceutics-lacompanyament-assessorament-dels-pacients-oncologics-lambit-dermofarmacia","status":"publish","type":"post","link":"https:\/\/www.cofb.org\/es\/2020\/12\/22\/paper-dels-farmaceutics-lacompanyament-assessorament-dels-pacients-oncologics-lambit-dermofarmacia\/","title":{"rendered":"El papel de los farmac\u00e9uticos en el acompa\u00f1amiento y asesoramiento de los pacientes oncol\u00f3gicos en el \u00e1mbito de la dermofarmacia"},"content":{"rendered":"<p>Durante los meses de noviembre y diciembre se ha impartido en formato webinar el curso <strong>&quot;Dermofarmacia y Oncolog\u00eda&quot;<\/strong>. A lo largo de las <strong>cinco sesiones<\/strong> que ha tenido la formaci\u00f3n, se ha hecho un repaso de las diferentes <strong>terapias oncol\u00f3gicas<\/strong> que se realizan en la actualidad y de los <strong>efectos secundarios<\/strong> que originan sobre la piel de los pacientes. Estos <strong>efectos secundarios<\/strong> en muchas ocasiones son graves y pueden producir un impacto f\u00edsico muy importante que, a largo plazo, tambi\u00e9n puede ocasionar un <strong>impacto psicol\u00f3gico grave<\/strong>. Todo ello se traduce en una <strong>disminuci\u00f3n de la calidad de vida de los pacientes<\/strong> y, en algunos casos, puede llegar a ser <strong>motivo de abandono de los tratamientos oncol\u00f3gicos<\/strong>.<\/p>\n<div class=\"box success\"><\/div>\n<h1><strong><span style=\"color: #008080;\">Objetivos de la formaci\u00f3n<\/span><\/strong><\/h1>\n<p>La formaci\u00f3n ten\u00eda por objetivos<strong> capacitar al farmac\u00e9utico<\/strong> para identificar los efectos sobre la piel de un tratamiento oncol\u00f3gico, poder recomendar los cuidados dermocosm\u00e9ticos y los <strong>tipos de productos<\/strong> adecuados a cada caso, saber <strong>realizar un seguimiento dermocosm\u00e9tico del enfermo,<\/strong> <strong>dar soporte personalizado<\/strong> y<strong> aconsejar los productos de maquillaje terap\u00e9utico<\/strong> m\u00e1s adecuado.<\/p>\n<\/div>\n<h1><span style=\"color: #008080;\"><strong>Acompa\u00f1ar a los pacientes oncol\u00f3gicos desde la oficina de farmacia<\/strong><\/span><\/h1>\n<p>Por eso, durante la formaci\u00f3n, se ha explicado detalladamente c\u00f3mo <strong>orientar a los pacientes desde la oficina de farmacia<\/strong>, a fin de poder hacer frente a estos efectos y divulgar c\u00f3mo utilizar productos de cuidado y limpieza adecuados para cada tipo de efecto secundario. Tambi\u00e9n se ha profundizado en diferentes medidas que permiten <strong>preparar la piel<\/strong> y <strong>hacerla m\u00e1s resistente a los tratamientos oncol\u00f3gicos<\/strong>.<\/p>\n<p>Es importante que los pacientes conozcan qu\u00e9 pueden hacer y cu\u00e1les <strong>soluciones hay disponibles para resolver sus problemas<\/strong>. En este sentido, los farmac\u00e9uticos tienen un papel muy importante tanto a la hora de explicar, como a la hora de<strong>acompa\u00f1ar al paciente oncol\u00f3gico a lo largo de su enfermedad<\/strong>.<\/p>\n<p><a href=\"https:\/\/blog.cofb.cat\/wp-content\/uploads\/2020\/12\/Dermofarm\u00e0cia-i-oncologia.png\"><img fetchpriority=\"high\" decoding=\"async\" class=\"aligncenter size-large wp-image-53404\" src=\"https:\/\/blog.cofb.cat\/wp-content\/uploads\/2020\/12\/Dermofarm\u00e0cia-i-oncologia-1024x613.png\" alt=\"\" width=\"620\" height=\"371\" \/><\/a><\/p>\n<div class=\"destacat-blog\">\n<h1><span style=\"color: #008080;\"><strong>Temas principales del programa<\/strong><\/span><\/h1>\n<p><strong>Terapias oncol\u00f3gicas<\/strong> actuales y <strong>efectos en la piel<\/strong><\/p>\n<p><strong>Cuidados dermocosm\u00e9tico<\/strong>Es como complemento terap\u00e9utico<\/p>\n<p>Qu\u00e9 hacer y c\u00f3mo <strong>gestionar la afectaci\u00f3n emocional<\/strong> del paciente oncol\u00f3gico<\/p>\n<p><strong>Habilidades de comunicaci\u00f3n del personal sanitario<\/strong> a la hora de atender a este paciente ya su familia<\/p>\n<p>El <strong>maquillaje terap\u00e9utico<\/strong> en el paciente oncol\u00f3gico<\/p>\n<p><strong>Taller pr\u00e1ctico<\/strong> de maquillaje terap\u00e9utico<\/p>\n<p>El <strong>paciente oncol\u00f3gico<\/strong> en el<strong>oficina de farmacia<\/strong><\/p>\n<p>El <strong>papel del farmac\u00e9utico<\/strong> como <strong>soporte del paciente oncol\u00f3gico<\/strong><\/p>\n<\/div>\n<h1><span style=\"color: #008080;\"><strong>Afectaci\u00f3n emocional de los pacientes oncol\u00f3gicos<\/strong><\/span><\/h1>\n<p>Una de las sesiones m\u00e1s destacadas de esta formaci\u00f3n fue la realizada por la psic\u00f3loga Marta de la Fuente, que explic\u00f3 muy bien c\u00f3mo gestionar el<strong>afectaci\u00f3n emocional<\/strong> del paciente oncol\u00f3gico. La psic\u00f3loga profundiz\u00f3 en la <strong>t\u00e9cnica del <\/strong><em><strong>counselling<\/strong>,<\/em>\u00a0sus fundamentos y c\u00f3mo aplicarla; y anim\u00f3 a todos los asistentes a ponerla en pr\u00e1ctica, puesto que como todo, requiere un cierto entrenamiento y una cierta experiencia.<\/p>\n<h2><strong>Maquillaje oncol\u00f3gico<\/strong><\/h2>\n<p>La\u00a0<strong>formaci\u00f3n\u00a0<\/strong>cont\u00f3 con la presencia de una paciente real que, durante la <strong>sesi\u00f3n de maquillaje<\/strong>, sirvi\u00f3 de modelo al maquillador especialista en paciente oncol\u00f3gico, Alejandro Gil, a la hora de explicar las <strong>diferentes t\u00e9cnicas<\/strong> de<strong>aplicaci\u00f3n del maquillaje<\/strong> corrector.<\/p>\n<p><a href=\"https:\/\/blog.cofb.cat\/wp-content\/uploads\/2020\/12\/Oncologia.png\"><img decoding=\"async\" class=\"aligncenter size-full wp-image-53410\" src=\"https:\/\/blog.cofb.cat\/wp-content\/uploads\/2020\/12\/Oncologia.png\" alt=\"\" width=\"863\" height=\"550\" \/><\/a><\/p>\n<p>Otro testimonio importante del curso fue el de la farmac\u00e9utica Helena Molero, farmac\u00e9utica titular de la Farmacia Ciutat de Tarragona, que explic\u00f3 su experiencia a lo largo de los \u00faltimos 8 a\u00f1os en el<strong>atenci\u00f3n integral<\/strong> del <strong>paciente oncol\u00f3gico<\/strong>. Durante la formaci\u00f3n, expuso c\u00f3mo han creado el <strong>servicio de cuidados especiales de la piel en la farmacia<\/strong> y <strong>c\u00f3mo lo desarrollan<\/strong>: a quien va dirigido, <strong>c\u00f3mo lo comunican<\/strong>, <strong>qu\u00e9 productos tienen en la categor\u00eda<\/strong>, c\u00f3mo los organizan en los lineales y <strong>qui\u00e9n es el encargado de llevar a cabo<\/strong> y <strong>organizar el servicio<\/strong>.<\/p>\n<p>El curso tambi\u00e9n cont\u00f3 con la participaci\u00f3n de la doctora Alba Catal\u00e0, dermat\u00f3loga del Centro M\u00e9dico Teknon y del Servicio de Dermatolog\u00eda del Hospital Plat\u00f3, y con la participaci\u00f3n de David Gardu\u00f1o y Jes\u00fas P\u00e9rez, ambos responsables del Departamento de Oncolog\u00eda de Roche Posay, laboratorio patrocinador del curso.<\/p>\n<h1><span style=\"color: #008080;\"><strong>Una formaci\u00f3n de gran utilidad para los farmac\u00e9uticos comunitarios<\/strong><\/span><\/h1>\n<p>Desde el punto de vista de Marta Alcalde, vocal de Dermofarmacia y Productos Sanitarios del COFB, el curso fue \u201c<strong>muy completo<\/strong> y <strong>de gran utilidad para los farmac\u00e9uticos comunitarios<\/strong>\u201c, ya que \u201cel <strong>c\u00e1ncer es una patolog\u00eda en aumento<\/strong> entre nuestra poblaci\u00f3n\u201d. De hecho, seg\u00fan datos de la Sociedad Espa\u00f1ola de Oncolog\u00eda M\u00e9dica (SEOM) en 2019 se detectaron<strong> 277.234 nuevos casos de c\u00e1ncer<\/strong> y la incidencia en los \u00faltimos 5 a\u00f1os se ha visto incrementada en un 12%.<\/p>\n<p>Seg\u00fan Alcalde,\u201dteniendo en cuenta estos datos y la forma en que parece que va a evolucionar esta patolog\u00eda en los pr\u00f3ximos a\u00f1os, la <strong>formaci\u00f3n del farmac\u00e9utico<\/strong> en este sentido es clave a la hora de poder <strong>dar un buen asesoramiento<\/strong> y, sobre todo, a la hora de poder hacer un<strong> buen acompa\u00f1amiento a los pacientes<\/strong> a lo largo de toda la enfermedad.<\/p>\n<p style=\"text-align: right;\"><strong>Con el patrocinio de:<\/strong><\/p>\n<p style=\"text-align: right;\"><a href=\"https:\/\/www.laroche-posay.es\/\" target=\"_blank\" rel=\"noopener\"><img decoding=\"async\" class=\"size-full wp-image-53402 alignright\" src=\"https:\/\/blog.cofb.cat\/wp-content\/uploads\/2020\/12\/La-Roche-Posay.png\" alt=\"\" width=\"155\" height=\"80\" \/><\/a><\/p>\n<p>&nbsp;<\/p>\n<p>&nbsp;<\/p>\n<p><strong>Otras publicaciones de inter\u00e9s:<\/strong><\/p>\n<ul>\n<li><a href=\"https:\/\/blog.cofb.cat\/dermofarmacia-recomanacions-i-tractaments\/\" target=\"_blank\" rel=\"noopener\">\u201cDermofarmacia. Recomendaciones y tratamientos\u201d (Noviembre 2020)<\/a><\/li>\n<\/ul>","protected":false},"excerpt":{"rendered":"<p>Durante los meses de noviembre y diciembre se ha impartido en formato webinar el curso &quot;Dermofarmacia y Oncolog\u00eda&quot;. A lo largo de las cinco sesiones que ha tenido la formaci\u00f3n, se ha realizado un repaso de las diferentes terapias oncol\u00f3gicas que se realizan en la actualidad y de los efectos secundarios que originan sobre la piel [\u2026]<\/p>","protected":false},"author":1,"featured_media":53404,"comment_status":"open","ping_status":"open","sticky":false,"template":"","format":"standard","meta":{"_uag_custom_page_level_css":"","site-sidebar-layout":"default","site-content-layout":"","ast-site-content-layout":"default","site-content-style":"default","site-sidebar-style":"default","ast-global-header-display":"","ast-banner-title-visibility":"","ast-main-header-display":"","ast-hfb-above-header-display":"","ast-hfb-below-header-display":"","ast-hfb-mobile-header-display":"","site-post-title":"","ast-breadcrumbs-content":"","ast-featured-img":"disabled","footer-sml-layout":"","theme-transparent-header-meta":"","adv-header-id-meta":"","stick-header-meta":"","header-above-stick-meta":"","header-main-stick-meta":"","header-below-stick-meta":"","astra-migrate-meta-layouts":"default","ast-page-background-enabled":"default","ast-page-background-meta":{"desktop":{"background-color":"var(--ast-global-color-4)","background-image":"","background-repeat":"repeat","background-position":"center center","background-size":"auto","background-attachment":"scroll","background-type":"","background-media":"","overlay-type":"","overlay-color":"","overlay-opacity":"","overlay-gradient":""},"tablet":{"background-color":"","background-image":"","background-repeat":"repeat","background-position":"center center","background-size":"auto","background-attachment":"scroll","background-type":"","background-media":"","overlay-type":"","overlay-color":"","overlay-opacity":"","overlay-gradient":""},"mobile":{"background-color":"","background-image":"","background-repeat":"repeat","background-position":"center center","background-size":"auto","background-attachment":"scroll","background-type":"","background-media":"","overlay-type":"","overlay-color":"","overlay-opacity":"","overlay-gradient":""}},"ast-content-background-meta":{"desktop":{"background-color":"var(--ast-global-color-5)","background-image":"","background-repeat":"repeat","background-position":"center center","background-size":"auto","background-attachment":"scroll","background-type":"","background-media":"","overlay-type":"","overlay-color":"","overlay-opacity":"","overlay-gradient":""},"tablet":{"background-color":"var(--ast-global-color-5)","background-image":"","background-repeat":"repeat","background-position":"center center","background-size":"auto","background-attachment":"scroll","background-type":"","background-media":"","overlay-type":"","overlay-color":"","overlay-opacity":"","overlay-gradient":""},"mobile":{"background-color":"var(--ast-global-color-5)","background-image":"","background-repeat":"repeat","background-position":"center center","background-size":"auto","background-attachment":"scroll","background-type":"","background-media":"","overlay-type":"","overlay-color":"","overlay-opacity":"","overlay-gradient":""}},"footnotes":""},"categories":[23,57],"tags":[18,19,79,81,4453,24,70,76,724,789,369,117,510,3094,727],"class_list":["post-53368","post","type-post","status-publish","format-standard","has-post-thumbnail","hentry","category-destacats","category-mon-collegial","tag-cofb","tag-collegi-de-farmaceutics-de-barcelona","tag-dermatologia","tag-dermofarmacia","tag-efectes-secundaris","tag-farmaceutics-comunitaris","tag-formacio","tag-oficina-de-farmacia","tag-oncologia","tag-recomanacions","tag-recomanacions-del-farmaceutic-2","tag-salut","tag-sanitat","tag-tractaments","tag-vocalia-de-dermofarmacia-i-productes-sanitaris"],"yoast_head":"<!-- This site is optimized with the Yoast SEO plugin v22.4 - https:\/\/yoast.com\/wordpress\/plugins\/seo\/ -->\n<title>El paper dels farmac\u00e8utics en l&#039;acompanyament i assessorament dels pacients oncol\u00f2gics en l&#039;\u00e0mbit de la dermofarm\u00e0cia - Col\u00b7legi de Farmac\u00e8utics de Barcelona<\/title>\n<meta name=\"description\" content=\"Durant els mesos de novembre i desembre s&#039;ha impartit en format webinar el curs &quot;Dermofarm\u00e0cia i Oncologia&quot;.\u00a0Al llarg de les 5 sessions que ha tingut la formaci\u00f3, s&#039;ha fet un rep\u00e0s de les diferents ter\u00e0pies oncol\u00f2giques que es realitzen a l\u2019actualitat i dels efectes secundaris que originen sobre la pell dels pacients.\u00a0\" \/>\n<meta name=\"robots\" content=\"index, follow, max-snippet:-1, max-image-preview:large, max-video-preview:-1\" \/>\n<link rel=\"canonical\" href=\"https:\/\/novaorg.cofb.net\/2020\/12\/22\/paper-dels-farmaceutics-lacompanyament-assessorament-dels-pacients-oncologics-lambit-dermofarmacia\/\" \/>\n<meta property=\"og:locale\" content=\"es_ES\" \/>\n<meta property=\"og:type\" content=\"article\" \/>\n<meta property=\"og:title\" content=\"El paper dels farmac\u00e8utics en l&#039;acompanyament i assessorament dels pacients oncol\u00f2gics en l&#039;\u00e0mbit de la dermofarm\u00e0cia - Col\u00b7legi de Farmac\u00e8utics de Barcelona\" \/>\n<meta property=\"og:description\" content=\"Durant els mesos de novembre i desembre s&#039;ha impartit en format webinar el curs &quot;Dermofarm\u00e0cia i Oncologia&quot;.\u00a0Al llarg de les 5 sessions que ha tingut la formaci\u00f3, s&#039;ha fet un rep\u00e0s de les diferents ter\u00e0pies oncol\u00f2giques que es realitzen a l\u2019actualitat i dels efectes secundaris que originen sobre la pell dels pacients.\u00a0\" \/>\n<meta property=\"og:url\" content=\"https:\/\/novaorg.cofb.net\/2020\/12\/22\/paper-dels-farmaceutics-lacompanyament-assessorament-dels-pacients-oncologics-lambit-dermofarmacia\/\" \/>\n<meta property=\"og:site_name\" content=\"Col\u00b7legi de Farmac\u00e8utics de Barcelona\" \/>\n<meta property=\"article:publisher\" content=\"https:\/\/www.facebook.com\/farmaceuticsbcn\/\" \/>\n<meta property=\"article:published_time\" content=\"2020-12-22T16:36:28+00:00\" \/>\n<meta name=\"author\" content=\"wpAdminCofbOrg\" \/>\n<meta name=\"twitter:card\" content=\"summary_large_image\" \/>\n<meta name=\"twitter:creator\" content=\"@farmaceuticsbcn\" \/>\n<meta name=\"twitter:site\" content=\"@farmaceuticsbcn\" \/>\n<meta name=\"twitter:label1\" content=\"Escrito por\" \/>\n\t<meta name=\"twitter:data1\" content=\"wpAdminCofbOrg\" \/>\n\t<meta name=\"twitter:label2\" content=\"Tiempo de lectura\" \/>\n\t<meta name=\"twitter:data2\" content=\"4 minutos\" \/>\n<script type=\"application\/ld+json\" class=\"yoast-schema-graph\">{\"@context\":\"https:\/\/schema.org\",\"@graph\":[{\"@type\":\"Article\",\"@id\":\"https:\/\/novaorg.cofb.net\/2020\/12\/22\/paper-dels-farmaceutics-lacompanyament-assessorament-dels-pacients-oncologics-lambit-dermofarmacia\/#article\",\"isPartOf\":{\"@id\":\"https:\/\/novaorg.cofb.net\/2020\/12\/22\/paper-dels-farmaceutics-lacompanyament-assessorament-dels-pacients-oncologics-lambit-dermofarmacia\/\"},\"author\":{\"name\":\"wpAdminCofbOrg\",\"@id\":\"https:\/\/www.cofb.org\/#\/schema\/person\/22ed7eea88da74b0fa4d3154ad87ffcb\"},\"headline\":\"El paper dels farmac\u00e8utics en l&#8217;acompanyament i assessorament dels pacients oncol\u00f2gics en l&#8217;\u00e0mbit de la dermofarm\u00e0cia\",\"datePublished\":\"2020-12-22T16:36:28+00:00\",\"dateModified\":\"2020-12-22T16:36:28+00:00\",\"mainEntityOfPage\":{\"@id\":\"https:\/\/novaorg.cofb.net\/2020\/12\/22\/paper-dels-farmaceutics-lacompanyament-assessorament-dels-pacients-oncologics-lambit-dermofarmacia\/\"},\"wordCount\":883,\"commentCount\":0,\"publisher\":{\"@id\":\"https:\/\/www.cofb.org\/#organization\"},\"image\":{\"@id\":\"https:\/\/novaorg.cofb.net\/2020\/12\/22\/paper-dels-farmaceutics-lacompanyament-assessorament-dels-pacients-oncologics-lambit-dermofarmacia\/#primaryimage\"},\"thumbnailUrl\":\"\",\"keywords\":[\"COFB\",\"Col\u00b7legi de Farmac\u00e8utics de Barcelona\",\"dermatologia\",\"Dermofarm\u00e0cia\",\"efectes secundaris\",\"farmac\u00e8utics comunitaris\",\"Formaci\u00f3\",\"Oficina de farm\u00e0cia\",\"oncologia\",\"Recomanacions\",\"recomanacions del farmac\u00e8utic\",\"salut\",\"sanitat\",\"tractaments\",\"Vocalia de Dermofarm\u00e0cia i Productes Sanitaris\"],\"articleSection\":[\"Destacats\",\"M\u00f3n col\u00b7legial\"],\"inLanguage\":\"es\",\"potentialAction\":[{\"@type\":\"CommentAction\",\"name\":\"Comment\",\"target\":[\"https:\/\/novaorg.cofb.net\/2020\/12\/22\/paper-dels-farmaceutics-lacompanyament-assessorament-dels-pacients-oncologics-lambit-dermofarmacia\/#respond\"]}]},{\"@type\":\"WebPage\",\"@id\":\"https:\/\/novaorg.cofb.net\/2020\/12\/22\/paper-dels-farmaceutics-lacompanyament-assessorament-dels-pacients-oncologics-lambit-dermofarmacia\/\",\"url\":\"https:\/\/novaorg.cofb.net\/2020\/12\/22\/paper-dels-farmaceutics-lacompanyament-assessorament-dels-pacients-oncologics-lambit-dermofarmacia\/\",\"name\":\"El paper dels farmac\u00e8utics en l'acompanyament i assessorament dels pacients oncol\u00f2gics en l'\u00e0mbit de la dermofarm\u00e0cia - Col\u00b7legi de Farmac\u00e8utics de Barcelona\",\"isPartOf\":{\"@id\":\"https:\/\/www.cofb.org\/#website\"},\"primaryImageOfPage\":{\"@id\":\"https:\/\/novaorg.cofb.net\/2020\/12\/22\/paper-dels-farmaceutics-lacompanyament-assessorament-dels-pacients-oncologics-lambit-dermofarmacia\/#primaryimage\"},\"image\":{\"@id\":\"https:\/\/novaorg.cofb.net\/2020\/12\/22\/paper-dels-farmaceutics-lacompanyament-assessorament-dels-pacients-oncologics-lambit-dermofarmacia\/#primaryimage\"},\"thumbnailUrl\":\"\",\"datePublished\":\"2020-12-22T16:36:28+00:00\",\"dateModified\":\"2020-12-22T16:36:28+00:00\",\"description\":\"Durant els mesos de novembre i desembre s'ha impartit en format webinar el curs \\\"Dermofarm\u00e0cia i Oncologia\\\".\u00a0Al llarg de les 5 sessions que ha tingut la formaci\u00f3, s'ha fet un rep\u00e0s de les diferents ter\u00e0pies oncol\u00f2giques que es realitzen a l\u2019actualitat i dels efectes secundaris que originen sobre la pell dels pacients.\u00a0\",\"breadcrumb\":{\"@id\":\"https:\/\/novaorg.cofb.net\/2020\/12\/22\/paper-dels-farmaceutics-lacompanyament-assessorament-dels-pacients-oncologics-lambit-dermofarmacia\/#breadcrumb\"},\"inLanguage\":\"es\",\"potentialAction\":[{\"@type\":\"ReadAction\",\"target\":[\"https:\/\/novaorg.cofb.net\/2020\/12\/22\/paper-dels-farmaceutics-lacompanyament-assessorament-dels-pacients-oncologics-lambit-dermofarmacia\/\"]}]},{\"@type\":\"ImageObject\",\"inLanguage\":\"es\",\"@id\":\"https:\/\/novaorg.cofb.net\/2020\/12\/22\/paper-dels-farmaceutics-lacompanyament-assessorament-dels-pacients-oncologics-lambit-dermofarmacia\/#primaryimage\",\"url\":\"\",\"contentUrl\":\"\"},{\"@type\":\"BreadcrumbList\",\"@id\":\"https:\/\/novaorg.cofb.net\/2020\/12\/22\/paper-dels-farmaceutics-lacompanyament-assessorament-dels-pacients-oncologics-lambit-dermofarmacia\/#breadcrumb\",\"itemListElement\":[{\"@type\":\"ListItem\",\"position\":1,\"name\":\"Inici\",\"item\":\"https:\/\/novaorg.cofb.net\/\"},{\"@type\":\"ListItem\",\"position\":2,\"name\":\"El paper dels farmac\u00e8utics en l&#8217;acompanyament i assessorament dels pacients oncol\u00f2gics en l&#8217;\u00e0mbit de la dermofarm\u00e0cia\"}]},{\"@type\":\"WebSite\",\"@id\":\"https:\/\/www.cofb.org\/#website\",\"url\":\"https:\/\/www.cofb.org\/\",\"name\":\"Col\u00b7legi de Farmac\u00e8utics de Barcelona\",\"description\":\"\",\"publisher\":{\"@id\":\"https:\/\/www.cofb.org\/#organization\"},\"potentialAction\":[{\"@type\":\"SearchAction\",\"target\":{\"@type\":\"EntryPoint\",\"urlTemplate\":\"https:\/\/www.cofb.org\/?s={search_term_string}\"},\"query-input\":\"required name=search_term_string\"}],\"inLanguage\":\"es\"},{\"@type\":\"Organization\",\"@id\":\"https:\/\/www.cofb.org\/#organization\",\"name\":\"Col\u00b7legi de Farmac\u00e8utics de Barcelona\",\"url\":\"https:\/\/www.cofb.org\/\",\"logo\":{\"@type\":\"ImageObject\",\"inLanguage\":\"es\",\"@id\":\"https:\/\/www.cofb.org\/#\/schema\/logo\/image\/\",\"url\":\"https:\/\/www.cofb.org\/wp-content\/uploads\/2023\/11\/cropped-Logotip-COFB.png\",\"contentUrl\":\"https:\/\/www.cofb.org\/wp-content\/uploads\/2023\/11\/cropped-Logotip-COFB.png\",\"width\":500,\"height\":105,\"caption\":\"Col\u00b7legi de Farmac\u00e8utics de Barcelona\"},\"image\":{\"@id\":\"https:\/\/www.cofb.org\/#\/schema\/logo\/image\/\"},\"sameAs\":[\"https:\/\/www.facebook.com\/farmaceuticsbcn\/\",\"https:\/\/twitter.com\/farmaceuticsbcn\",\"https:\/\/www.instagram.com\/farmaceuticsbcn\/\",\"https:\/\/www.linkedin.com\/company\/farmaceuticsbcn\/\"]},{\"@type\":\"Person\",\"@id\":\"https:\/\/www.cofb.org\/#\/schema\/person\/22ed7eea88da74b0fa4d3154ad87ffcb\",\"name\":\"wpAdminCofbOrg\",\"image\":{\"@type\":\"ImageObject\",\"inLanguage\":\"es\",\"@id\":\"https:\/\/www.cofb.org\/#\/schema\/person\/image\/\",\"url\":\"https:\/\/secure.gravatar.com\/avatar\/1721b20b3b8ca882c3b56ec6c978c594fff670e40c0718e9190eaeeb76aae7d8?s=96&d=mm&r=g\",\"contentUrl\":\"https:\/\/secure.gravatar.com\/avatar\/1721b20b3b8ca882c3b56ec6c978c594fff670e40c0718e9190eaeeb76aae7d8?s=96&d=mm&r=g\",\"caption\":\"wpAdminCofbOrg\"},\"sameAs\":[\"http:\/\/192.168.64.122\/wordpress\"],\"url\":\"https:\/\/www.cofb.org\/es\/author\/wpadmincofborg\/\"}]}<\/script>\n<!-- \/ Yoast SEO plugin. -->","yoast_head_json":{"title":"El paper dels farmac\u00e8utics en l'acompanyament i assessorament dels pacients oncol\u00f2gics en l'\u00e0mbit de la dermofarm\u00e0cia - Col\u00b7legi de Farmac\u00e8utics de Barcelona","description":"Durant els mesos de novembre i desembre s'ha impartit en format webinar el curs \"Dermofarm\u00e0cia i Oncologia\".\u00a0Al llarg de les 5 sessions que ha tingut la formaci\u00f3, s'ha fet un rep\u00e0s de les diferents ter\u00e0pies oncol\u00f2giques que es realitzen a l\u2019actualitat i dels efectes secundaris que originen sobre la pell dels pacients.\u00a0","robots":{"index":"index","follow":"follow","max-snippet":"max-snippet:-1","max-image-preview":"max-image-preview:large","max-video-preview":"max-video-preview:-1"},"canonical":"https:\/\/novaorg.cofb.net\/2020\/12\/22\/paper-dels-farmaceutics-lacompanyament-assessorament-dels-pacients-oncologics-lambit-dermofarmacia\/","og_locale":"es_ES","og_type":"article","og_title":"El paper dels farmac\u00e8utics en l'acompanyament i assessorament dels pacients oncol\u00f2gics en l'\u00e0mbit de la dermofarm\u00e0cia - Col\u00b7legi de Farmac\u00e8utics de Barcelona","og_description":"Durant els mesos de novembre i desembre s'ha impartit en format webinar el curs \"Dermofarm\u00e0cia i Oncologia\".\u00a0Al llarg de les 5 sessions que ha tingut la formaci\u00f3, s'ha fet un rep\u00e0s de les diferents ter\u00e0pies oncol\u00f2giques que es realitzen a l\u2019actualitat i dels efectes secundaris que originen sobre la pell dels pacients.\u00a0","og_url":"https:\/\/novaorg.cofb.net\/2020\/12\/22\/paper-dels-farmaceutics-lacompanyament-assessorament-dels-pacients-oncologics-lambit-dermofarmacia\/","og_site_name":"Col\u00b7legi de Farmac\u00e8utics de Barcelona","article_publisher":"https:\/\/www.facebook.com\/farmaceuticsbcn\/","article_published_time":"2020-12-22T16:36:28+00:00","author":"wpAdminCofbOrg","twitter_card":"summary_large_image","twitter_creator":"@farmaceuticsbcn","twitter_site":"@farmaceuticsbcn","twitter_misc":{"Escrito por":"wpAdminCofbOrg","Tiempo de lectura":"4 minutos"},"schema":{"@context":"https:\/\/schema.org","@graph":[{"@type":"Article","@id":"https:\/\/novaorg.cofb.net\/2020\/12\/22\/paper-dels-farmaceutics-lacompanyament-assessorament-dels-pacients-oncologics-lambit-dermofarmacia\/#article","isPartOf":{"@id":"https:\/\/novaorg.cofb.net\/2020\/12\/22\/paper-dels-farmaceutics-lacompanyament-assessorament-dels-pacients-oncologics-lambit-dermofarmacia\/"},"author":{"name":"wpAdminCofbOrg","@id":"https:\/\/www.cofb.org\/#\/schema\/person\/22ed7eea88da74b0fa4d3154ad87ffcb"},"headline":"El paper dels farmac\u00e8utics en l&#8217;acompanyament i assessorament dels pacients oncol\u00f2gics en l&#8217;\u00e0mbit de la dermofarm\u00e0cia","datePublished":"2020-12-22T16:36:28+00:00","dateModified":"2020-12-22T16:36:28+00:00","mainEntityOfPage":{"@id":"https:\/\/novaorg.cofb.net\/2020\/12\/22\/paper-dels-farmaceutics-lacompanyament-assessorament-dels-pacients-oncologics-lambit-dermofarmacia\/"},"wordCount":883,"commentCount":0,"publisher":{"@id":"https:\/\/www.cofb.org\/#organization"},"image":{"@id":"https:\/\/novaorg.cofb.net\/2020\/12\/22\/paper-dels-farmaceutics-lacompanyament-assessorament-dels-pacients-oncologics-lambit-dermofarmacia\/#primaryimage"},"thumbnailUrl":"","keywords":["COFB","Col\u00b7legi de Farmac\u00e8utics de Barcelona","dermatologia","Dermofarm\u00e0cia","efectes secundaris","farmac\u00e8utics comunitaris","Formaci\u00f3","Oficina de farm\u00e0cia","oncologia","Recomanacions","recomanacions del farmac\u00e8utic","salut","sanitat","tractaments","Vocalia de Dermofarm\u00e0cia i Productes Sanitaris"],"articleSection":["Destacats","M\u00f3n col\u00b7legial"],"inLanguage":"es","potentialAction":[{"@type":"CommentAction","name":"Comment","target":["https:\/\/novaorg.cofb.net\/2020\/12\/22\/paper-dels-farmaceutics-lacompanyament-assessorament-dels-pacients-oncologics-lambit-dermofarmacia\/#respond"]}]},{"@type":"WebPage","@id":"https:\/\/novaorg.cofb.net\/2020\/12\/22\/paper-dels-farmaceutics-lacompanyament-assessorament-dels-pacients-oncologics-lambit-dermofarmacia\/","url":"https:\/\/novaorg.cofb.net\/2020\/12\/22\/paper-dels-farmaceutics-lacompanyament-assessorament-dels-pacients-oncologics-lambit-dermofarmacia\/","name":"El paper dels farmac\u00e8utics en l'acompanyament i assessorament dels pacients oncol\u00f2gics en l'\u00e0mbit de la dermofarm\u00e0cia - Col\u00b7legi de Farmac\u00e8utics de Barcelona","isPartOf":{"@id":"https:\/\/www.cofb.org\/#website"},"primaryImageOfPage":{"@id":"https:\/\/novaorg.cofb.net\/2020\/12\/22\/paper-dels-farmaceutics-lacompanyament-assessorament-dels-pacients-oncologics-lambit-dermofarmacia\/#primaryimage"},"image":{"@id":"https:\/\/novaorg.cofb.net\/2020\/12\/22\/paper-dels-farmaceutics-lacompanyament-assessorament-dels-pacients-oncologics-lambit-dermofarmacia\/#primaryimage"},"thumbnailUrl":"","datePublished":"2020-12-22T16:36:28+00:00","dateModified":"2020-12-22T16:36:28+00:00","description":"Durant els mesos de novembre i desembre s'ha impartit en format webinar el curs \"Dermofarm\u00e0cia i Oncologia\".\u00a0Al llarg de les 5 sessions que ha tingut la formaci\u00f3, s'ha fet un rep\u00e0s de les diferents ter\u00e0pies oncol\u00f2giques que es realitzen a l\u2019actualitat i dels efectes secundaris que originen sobre la pell dels pacients.\u00a0","breadcrumb":{"@id":"https:\/\/novaorg.cofb.net\/2020\/12\/22\/paper-dels-farmaceutics-lacompanyament-assessorament-dels-pacients-oncologics-lambit-dermofarmacia\/#breadcrumb"},"inLanguage":"es","potentialAction":[{"@type":"ReadAction","target":["https:\/\/novaorg.cofb.net\/2020\/12\/22\/paper-dels-farmaceutics-lacompanyament-assessorament-dels-pacients-oncologics-lambit-dermofarmacia\/"]}]},{"@type":"ImageObject","inLanguage":"es","@id":"https:\/\/novaorg.cofb.net\/2020\/12\/22\/paper-dels-farmaceutics-lacompanyament-assessorament-dels-pacients-oncologics-lambit-dermofarmacia\/#primaryimage","url":"","contentUrl":""},{"@type":"BreadcrumbList","@id":"https:\/\/novaorg.cofb.net\/2020\/12\/22\/paper-dels-farmaceutics-lacompanyament-assessorament-dels-pacients-oncologics-lambit-dermofarmacia\/#breadcrumb","itemListElement":[{"@type":"ListItem","position":1,"name":"Inici","item":"https:\/\/novaorg.cofb.net\/"},{"@type":"ListItem","position":2,"name":"El paper dels farmac\u00e8utics en l&#8217;acompanyament i assessorament dels pacients oncol\u00f2gics en l&#8217;\u00e0mbit de la dermofarm\u00e0cia"}]},{"@type":"WebSite","@id":"https:\/\/www.cofb.org\/#website","url":"https:\/\/www.cofb.org\/","name":"Col\u00b7legi de Farmac\u00e8utics de Barcelona","description":"","publisher":{"@id":"https:\/\/www.cofb.org\/#organization"},"potentialAction":[{"@type":"SearchAction","target":{"@type":"EntryPoint","urlTemplate":"https:\/\/www.cofb.org\/?s={search_term_string}"},"query-input":"required name=search_term_string"}],"inLanguage":"es"},{"@type":"Organization","@id":"https:\/\/www.cofb.org\/#organization","name":"Col\u00b7legi de Farmac\u00e8utics de Barcelona","url":"https:\/\/www.cofb.org\/","logo":{"@type":"ImageObject","inLanguage":"es","@id":"https:\/\/www.cofb.org\/#\/schema\/logo\/image\/","url":"https:\/\/www.cofb.org\/wp-content\/uploads\/2023\/11\/cropped-Logotip-COFB.png","contentUrl":"https:\/\/www.cofb.org\/wp-content\/uploads\/2023\/11\/cropped-Logotip-COFB.png","width":500,"height":105,"caption":"Col\u00b7legi de Farmac\u00e8utics de Barcelona"},"image":{"@id":"https:\/\/www.cofb.org\/#\/schema\/logo\/image\/"},"sameAs":["https:\/\/www.facebook.com\/farmaceuticsbcn\/","https:\/\/twitter.com\/farmaceuticsbcn","https:\/\/www.instagram.com\/farmaceuticsbcn\/","https:\/\/www.linkedin.com\/company\/farmaceuticsbcn\/"]},{"@type":"Person","@id":"https:\/\/www.cofb.org\/#\/schema\/person\/22ed7eea88da74b0fa4d3154ad87ffcb","name":"wpAdminCofbOrg","image":{"@type":"ImageObject","inLanguage":"es","@id":"https:\/\/www.cofb.org\/#\/schema\/person\/image\/","url":"https:\/\/secure.gravatar.com\/avatar\/1721b20b3b8ca882c3b56ec6c978c594fff670e40c0718e9190eaeeb76aae7d8?s=96&d=mm&r=g","contentUrl":"https:\/\/secure.gravatar.com\/avatar\/1721b20b3b8ca882c3b56ec6c978c594fff670e40c0718e9190eaeeb76aae7d8?s=96&d=mm&r=g","caption":"wpAdminCofbOrg"},"sameAs":["http:\/\/192.168.64.122\/wordpress"],"url":"https:\/\/www.cofb.org\/es\/author\/wpadmincofborg\/"}]}},"uagb_featured_image_src":{"full":false,"thumbnail":false,"medium":false,"medium_large":false,"large":false,"1536x1536":false,"2048x2048":false,"trp-custom-language-flag":false},"uagb_author_info":{"display_name":"wpAdminCofbOrg","author_link":"https:\/\/www.cofb.org\/es\/author\/wpadmincofborg\/"},"uagb_comment_info":0,"uagb_excerpt":"Durant els mesos de novembre i desembre s&#8217;ha impartit en format webinar el curs &#8220;Dermofarm\u00e0cia i Oncologia&#8221;.\u00a0Al llarg de les cinc sessions que ha tingut la formaci\u00f3, s&#8217;ha fet un rep\u00e0s de les diferents ter\u00e0pies oncol\u00f2giques que es realitzen en l\u2019actualitat i dels efectes secundaris que originen sobre la pell [&hellip;]","_links":{"self":[{"href":"https:\/\/www.cofb.org\/es\/wp-json\/wp\/v2\/posts\/53368","targetHints":{"allow":["GET"]}}],"collection":[{"href":"https:\/\/www.cofb.org\/es\/wp-json\/wp\/v2\/posts"}],"about":[{"href":"https:\/\/www.cofb.org\/es\/wp-json\/wp\/v2\/types\/post"}],"author":[{"embeddable":true,"href":"https:\/\/www.cofb.org\/es\/wp-json\/wp\/v2\/users\/1"}],"replies":[{"embeddable":true,"href":"https:\/\/www.cofb.org\/es\/wp-json\/wp\/v2\/comments?post=53368"}],"version-history":[{"count":0,"href":"https:\/\/www.cofb.org\/es\/wp-json\/wp\/v2\/posts\/53368\/revisions"}],"wp:featuredmedia":[{"embeddable":true,"href":"https:\/\/www.cofb.org\/es\/wp-json\/"}],"wp:attachment":[{"href":"https:\/\/www.cofb.org\/es\/wp-json\/wp\/v2\/media?parent=53368"}],"wp:term":[{"taxonomy":"category","embeddable":true,"href":"https:\/\/www.cofb.org\/es\/wp-json\/wp\/v2\/categories?post=53368"},{"taxonomy":"post_tag","embeddable":true,"href":"https:\/\/www.cofb.org\/es\/wp-json\/wp\/v2\/tags?post=53368"}],"curies":[{"name":"wp","href":"https:\/\/api.w.org\/{rel}","templated":true}]}}