{"id":53356,"date":"2020-12-17T19:40:09","date_gmt":"2020-12-17T17:40:09","guid":{"rendered":"https:\/\/blog.cofb.cat\/?p=53356"},"modified":"2020-12-17T19:40:09","modified_gmt":"2020-12-17T17:40:09","slug":"salut-posa-en-marxa-un-programa-pilot-de-cribratge-de-la-covid-19-a-les-farmacies-de-les-corts-de-barcelona-amb-proves-pcr","status":"publish","type":"post","link":"https:\/\/www.cofb.org\/es\/2020\/12\/17\/salut-posa-en-marxa-un-programa-pilot-de-cribratge-de-la-covid-19-a-les-farmacies-de-les-corts-de-barcelona-amb-proves-pcr\/","title":{"rendered":"Salut pone en marcha un programa piloto de cribado de la COVID-19 en las farmacias de Les Corts de Barcelona con pruebas PCR"},"content":{"rendered":"<p>El<strong>Ag\u00e8ncia de Salut P\u00fablica de Catalunya<\/strong> impulsa uno <strong>programa piloto de cribado de la COVID-19 en las farmacias del distrito<\/strong> de las Cortes de Barcelona. El objetivo es cortar las cadenas de transmisi\u00f3n de personas asintom\u00e1ticas y frenar los contagios por SARS-CoV-2.<\/p>\n<p>Un total de 50 farmacias del distrito de Les Corts de Barcelona entregar\u00e1n <strong>kits de test PCR<\/strong> a personas de<strong>entre 30 y 59 a\u00f1os<\/strong>. Lo har\u00e1n en el marco de un proyecto piloto de cribado poblacional de la COVID-19 que la Agencia de Salud P\u00fablica de Catalu\u00f1a encarg\u00f3 al Consorcio Sanitario de Barcelona, como parte del Servicio Catal\u00e1n de la Salud (CatSalut), con la colaboraci\u00f3n del Consejo de Colegios Farmac\u00e9uticos de Catalu\u00f1a (CCFC); el Colegio de Farmac\u00e9uticos de Barcelona (COFB); el Hospital Cl\u00ednic y el Hospital Sant Joan de D\u00e9u.<\/p>\n<p><a href=\"https:\/\/blog.cofb.cat\/wp-content\/uploads\/2020\/12\/Pilot-Les-Corts-NP.png\"><img fetchpriority=\"high\" decoding=\"async\" class=\"aligncenter size-full wp-image-53357\" src=\"https:\/\/blog.cofb.cat\/wp-content\/uploads\/2020\/12\/Pilot-Les-Corts-NP.png\" alt=\"\" width=\"842\" height=\"597\" \/><\/a><\/p>\n<h1><span style=\"color: #008080;\"><strong>\u00bfC\u00f3mo funcionar\u00e1 el cribado?<\/strong><\/span><\/h1>\n<p>El cribado, totalmente gratuito y que sigue el modelo del <a href=\"https:\/\/blog.cofb.cat\/el-programa-de-deteccio-precoc-de-cancer-de-colon-i-recte-celebra-10-anys-a-la-ciutat-de-barcelona\/\" target=\"_blank\" rel=\"noopener\"><strong>Programa de detecci\u00f3n precoz de c\u00e1ncer de colon y recto<\/strong><\/a>, se focalizar\u00e1 en las personas de entre 30 y 59 a\u00f1os de tres \u00e1reas b\u00e1sicas correspondientes al distrito de Les Corts.<\/p>\n<p>\u2022 El Centro de Atenci\u00f3n Primaria <strong>Montnegro<\/strong><br \/>\n\u2022 El Centro de Atenci\u00f3n Primaria <strong>Les Corts \u2013 Pedralbes<\/strong><br \/>\n\u2022 El Centro de Atenci\u00f3n Primaria <strong>Les Corts \u2013 Helios<\/strong><\/p>\n<p>La poblaci\u00f3n ser\u00e1 invitada a participar de forma escalonada. A partir del 16 de diciembre, <strong>alrededor de 32.600 personas<\/strong> recibir\u00e1n una carta o un SMS en casa invit\u00e1ndolas a formar parte del cribado. Una vez reciban el escrito, y decidan participar, podr\u00e1n dirigirse a cualquiera de las farmacias que participan en el programa piloto para <strong>recoger el kit de automuestra de saliva<\/strong>. El farmac\u00e9utico, que ha realizado una formaci\u00f3n espec\u00edfica, dar\u00e1 las instrucciones necesarias al usuario para que pueda tomarse la muestra de saliva correctamente en su casa, que deber\u00e1 devolverla a la farmacia donde la ha recogido antes de las 12h del mediod\u00eda del d\u00eda siguiente.<\/p>\n<div class=\"destacat-blog\">\n<h1><span style=\"color: #008080;\"><strong>La experiencia de las farmacias en programas de cribado<\/strong><\/span><\/h1>\n<p>El desarrollo de esta iniciativa se har\u00e1 siguiendo el modelo del <strong>Programa de Detecci\u00f3n Precoz del C\u00e1ncer de Colon y Recto (PDPCCR)<\/strong>, en el que ya llevan m\u00e1s de 10 a\u00f1os participando las farmacias de la ciudad de Barcelona y que se ha ido extendiendo gradualmente al resto de Catalu\u00f1a.<\/p>\n<p>Con este circuito se da respuesta a los aspectos de fiabilidad del test, recogida f\u00e1cil y \u00e1gil de las muestras, seguridad tanto por el usuario como para el farmac\u00e9utico, y trazabilidad del proceso mediante el registro y notificaci\u00f3n en una aplicaci\u00f3n inform\u00e1tica para garantizar en todo momento la calidad del servicio.<\/p>\n<figure id=\"attachment_53376\" aria-describedby=\"caption-attachment-53376\" style=\"width: 620px\" class=\"wp-caption aligncenter\"><a href=\"https:\/\/blog.cofb.cat\/wp-content\/uploads\/2020\/12\/Kit-automostra-saliva_COFB.jpg\"><img decoding=\"async\" class=\"wp-image-53376 size-large\" title=\"Imagen del kit de automuestra de saliva que se proporcionar\u00e1 a los usuarios.\" src=\"https:\/\/blog.cofb.cat\/wp-content\/uploads\/2020\/12\/Kit-automostra-saliva_COFB-1024x720.jpg\" alt=\"Imatge del kit d'automostra de saliva que es proporcionar\u00e0 als usuaris.\" width=\"620\" height=\"436\" \/><\/a><figcaption id=\"caption-attachment-53376\" class=\"wp-caption-text\">Imagen del kit de automuestra de saliva que se proporcionar\u00e1 a los usuarios.<\/figcaption><\/figure>\n<p>Una vez m\u00e1s, participando en este cribado y aportando valor tambi\u00e9n en otros campos, como el seguimiento de pacientes cr\u00f3nicos, se pone de manifiesto la <strong>potencialidad de la red de farmacias<\/strong> como <strong>recurso sanitario<\/strong> aliado con el sistema de salud por <strong>dar respuesta a las necesidades de la poblaci\u00f3n<\/strong> en el marco de la crisis sanitaria que estamos viviendo.<\/p>\n<p>Adem\u00e1s, estos cribados ayudar\u00e1n a <strong>liberar a los profesionales de la atenci\u00f3n primaria<\/strong> de la toma de muestras y de la log\u00edstica, reserv\u00e1ndoles s\u00f3lo la gesti\u00f3n de positivos (Gestor Covid) y de los contactos, junto con la Agencia de Salud P\u00fablica de Catalu\u00f1a.<\/p>\n<\/div>\n<h1><span style=\"color: #008080;\"><strong>Los resultados, disponibles en Mi Salud<\/strong><\/span><\/h1>\n<p>Finalmente, cuando la farmacia tenga la muestra, la enviar\u00e1 a los laboratorios del Hospital Sant Joan de D\u00e9u y el Hospital Cl\u00ednic, que comunicar\u00e1n el resultado a trav\u00e9s de Mi Salud en un margen de 24h. M\u00e1s concretamente, frente a los casos positivos, los resultados tambi\u00e9n ser\u00e1n comunicados al gestor COVID del CAP para que se ponga en contacto con el usuario. Inicialmente est\u00e1 previsto la realizaci\u00f3n de un test por persona, aunque ser\u00e1 el Departamento de Salud, bajo criterios de <strong>salud p\u00fablica<\/strong>, quien decidir\u00e1 en cada momento la cantidad de pruebas a realizar.<\/p>\n<p>Estos<strong> cribados se alargar\u00e1n hasta el 22 de enero<\/strong> y permitir\u00e1n conocer la respuesta de la poblaci\u00f3n invitada a participar en el programa piloto, as\u00ed como circuitos y sistemas reaplicables a otros cribados.<\/p>\n<p>Adem\u00e1s, tal y como anunciaron la consellera de Salud y el secretario de Salud P\u00fablica, si los resultados son satisfactorios, los cribados en las farmacias se desplegar\u00e1n en el resto de Catalunya.<\/p>\n<p>Toda la informaci\u00f3n se puede encontrar en <a href=\"https:\/\/canalsalut.gencat.cat\/ca\/salut-a-z\/c\/coronavirus-2019-ncov\/ciutadania\/que-es-coronavirus\/proves-de-deteccio\/programa-pilot-testos-saliva-farmacies\/\" target=\"_blank\" rel=\"noopener\">Canal Salud<\/a>.<\/p>\n<p><strong>Otras publicaciones de inter\u00e9s:<\/strong><\/p>\n<ul>\n<li><a href=\"https:\/\/blog.cofb.cat\/arrenca-a-terrassa-el-projecte-pilot-dactuacio-dels-farmaceutics-comunitaris-contra-la-covid-19\/\" target=\"_blank\" rel=\"noopener\">Arranca en Terrassa el proyecto piloto de actuaci\u00f3n de los farmac\u00e9uticos comunitarios contra la COVID-19 (Septiembre 2020)<\/a><\/li>\n<\/ul>","protected":false},"excerpt":{"rendered":"<p>La Agencia de Salud P\u00fablica de Catalu\u00f1a impulsa un programa piloto de cribado de la COVID-19 en las farmacias del distrito de Les Corts de Barcelona. El objetivo es cortar las cadenas de transmisi\u00f3n de personas asintom\u00e1ticas y frenar los contagios por SARS-CoV-2. Un total de 50 farmacias del distrito de Las [\u2026]<\/p>","protected":false},"author":1,"featured_media":53357,"comment_status":"open","ping_status":"open","sticky":false,"template":"","format":"standard","meta":{"_uag_custom_page_level_css":"","site-sidebar-layout":"default","site-content-layout":"","ast-site-content-layout":"default","site-content-style":"default","site-sidebar-style":"default","ast-global-header-display":"","ast-banner-title-visibility":"","ast-main-header-display":"","ast-hfb-above-header-display":"","ast-hfb-below-header-display":"","ast-hfb-mobile-header-display":"","site-post-title":"","ast-breadcrumbs-content":"","ast-featured-img":"disabled","footer-sml-layout":"","theme-transparent-header-meta":"","adv-header-id-meta":"","stick-header-meta":"","header-above-stick-meta":"","header-main-stick-meta":"","header-below-stick-meta":"","astra-migrate-meta-layouts":"default","ast-page-background-enabled":"default","ast-page-background-meta":{"desktop":{"background-color":"var(--ast-global-color-4)","background-image":"","background-repeat":"repeat","background-position":"center center","background-size":"auto","background-attachment":"scroll","background-type":"","background-media":"","overlay-type":"","overlay-color":"","overlay-opacity":"","overlay-gradient":""},"tablet":{"background-color":"","background-image":"","background-repeat":"repeat","background-position":"center center","background-size":"auto","background-attachment":"scroll","background-type":"","background-media":"","overlay-type":"","overlay-color":"","overlay-opacity":"","overlay-gradient":""},"mobile":{"background-color":"","background-image":"","background-repeat":"repeat","background-position":"center center","background-size":"auto","background-attachment":"scroll","background-type":"","background-media":"","overlay-type":"","overlay-color":"","overlay-opacity":"","overlay-gradient":""}},"ast-content-background-meta":{"desktop":{"background-color":"var(--ast-global-color-5)","background-image":"","background-repeat":"repeat","background-position":"center center","background-size":"auto","background-attachment":"scroll","background-type":"","background-media":"","overlay-type":"","overlay-color":"","overlay-opacity":"","overlay-gradient":""},"tablet":{"background-color":"var(--ast-global-color-5)","background-image":"","background-repeat":"repeat","background-position":"center center","background-size":"auto","background-attachment":"scroll","background-type":"","background-media":"","overlay-type":"","overlay-color":"","overlay-opacity":"","overlay-gradient":""},"mobile":{"background-color":"var(--ast-global-color-5)","background-image":"","background-repeat":"repeat","background-position":"center center","background-size":"auto","background-attachment":"scroll","background-type":"","background-media":"","overlay-type":"","overlay-color":"","overlay-opacity":"","overlay-gradient":""}},"footnotes":""},"categories":[23,57],"tags":[2569,4449,308,18,19,163,469,90,728,311,53,68,69,914,4450,4451,471,4452,3290,117,510],"class_list":["post-53356","post","type-post","status-publish","format-standard","has-post-thumbnail","hentry","category-destacats","category-mon-collegial","tag-agencia-de-salut-publica-de-catalunya","tag-automostra","tag-ccfc","tag-cofb","tag-collegi-de-farmaceutics-de-barcelona","tag-consell-de-collegis-farmaceutics-de-catalunya","tag-coronavirus","tag-covid-19","tag-cribratge","tag-departament-de-salut","tag-farmaceutics","tag-farmacia","tag-farmacia-comunitaria","tag-generalitat-de-catalunya","tag-kit","tag-les-corts","tag-pandemia","tag-pilot","tag-programa-de-deteccio-precoc-del-cancer-de-colon-i-recte","tag-salut","tag-sanitat"],"yoast_head":"<!-- This site is optimized with the Yoast SEO plugin v22.4 - https:\/\/yoast.com\/wordpress\/plugins\/seo\/ -->\n<title>Salut posa en marxa un programa pilot de cribratge de la COVID-19 a les farm\u00e0cies de Les Corts de Barcelona amb proves PCR - Col\u00b7legi de Farmac\u00e8utics de Barcelona<\/title>\n<meta name=\"description\" content=\"L\u2019Ag\u00e8ncia de Salut P\u00fablica de Catalunya impulsa un programa pilot de cribratge de la COVID-19 a les farm\u00e0cies del districte de les Corts de Barcelona. L\u2019objectiu \u00e9s tallar les cadenes de transmissi\u00f3 de persones asimptom\u00e0tiques i frenar els contagis per SARS-CoV-2.\" \/>\n<meta name=\"robots\" content=\"index, follow, max-snippet:-1, max-image-preview:large, max-video-preview:-1\" \/>\n<link rel=\"canonical\" href=\"https:\/\/novaorg.cofb.net\/2020\/12\/17\/salut-posa-en-marxa-un-programa-pilot-de-cribratge-de-la-covid-19-a-les-farmacies-de-les-corts-de-barcelona-amb-proves-pcr\/\" \/>\n<meta property=\"og:locale\" content=\"es_ES\" \/>\n<meta property=\"og:type\" content=\"article\" \/>\n<meta property=\"og:title\" content=\"Salut posa en marxa un programa pilot de cribratge de la COVID-19 a les farm\u00e0cies de Les Corts de Barcelona amb proves PCR - Col\u00b7legi de Farmac\u00e8utics de Barcelona\" \/>\n<meta property=\"og:description\" content=\"L\u2019Ag\u00e8ncia de Salut P\u00fablica de Catalunya impulsa un programa pilot de cribratge de la COVID-19 a les farm\u00e0cies del districte de les Corts de Barcelona. L\u2019objectiu \u00e9s tallar les cadenes de transmissi\u00f3 de persones asimptom\u00e0tiques i frenar els contagis per SARS-CoV-2.\" \/>\n<meta property=\"og:url\" content=\"https:\/\/novaorg.cofb.net\/2020\/12\/17\/salut-posa-en-marxa-un-programa-pilot-de-cribratge-de-la-covid-19-a-les-farmacies-de-les-corts-de-barcelona-amb-proves-pcr\/\" \/>\n<meta property=\"og:site_name\" content=\"Col\u00b7legi de Farmac\u00e8utics de Barcelona\" \/>\n<meta property=\"article:publisher\" content=\"https:\/\/www.facebook.com\/farmaceuticsbcn\/\" \/>\n<meta property=\"article:published_time\" content=\"2020-12-17T17:40:09+00:00\" \/>\n<meta name=\"author\" content=\"wpAdminCofbOrg\" \/>\n<meta name=\"twitter:card\" content=\"summary_large_image\" \/>\n<meta name=\"twitter:creator\" content=\"@farmaceuticsbcn\" \/>\n<meta name=\"twitter:site\" content=\"@farmaceuticsbcn\" \/>\n<meta name=\"twitter:label1\" content=\"Escrito por\" \/>\n\t<meta name=\"twitter:data1\" content=\"wpAdminCofbOrg\" \/>\n\t<meta name=\"twitter:label2\" content=\"Tiempo de lectura\" \/>\n\t<meta name=\"twitter:data2\" content=\"4 minutos\" \/>\n<script type=\"application\/ld+json\" class=\"yoast-schema-graph\">{\"@context\":\"https:\/\/schema.org\",\"@graph\":[{\"@type\":\"Article\",\"@id\":\"https:\/\/novaorg.cofb.net\/2020\/12\/17\/salut-posa-en-marxa-un-programa-pilot-de-cribratge-de-la-covid-19-a-les-farmacies-de-les-corts-de-barcelona-amb-proves-pcr\/#article\",\"isPartOf\":{\"@id\":\"https:\/\/novaorg.cofb.net\/2020\/12\/17\/salut-posa-en-marxa-un-programa-pilot-de-cribratge-de-la-covid-19-a-les-farmacies-de-les-corts-de-barcelona-amb-proves-pcr\/\"},\"author\":{\"name\":\"wpAdminCofbOrg\",\"@id\":\"https:\/\/www.cofb.org\/#\/schema\/person\/22ed7eea88da74b0fa4d3154ad87ffcb\"},\"headline\":\"Salut posa en marxa un programa pilot de cribratge de la COVID-19 a les farm\u00e0cies de Les Corts de Barcelona amb proves PCR\",\"datePublished\":\"2020-12-17T17:40:09+00:00\",\"dateModified\":\"2020-12-17T17:40:09+00:00\",\"mainEntityOfPage\":{\"@id\":\"https:\/\/novaorg.cofb.net\/2020\/12\/17\/salut-posa-en-marxa-un-programa-pilot-de-cribratge-de-la-covid-19-a-les-farmacies-de-les-corts-de-barcelona-amb-proves-pcr\/\"},\"wordCount\":819,\"commentCount\":0,\"publisher\":{\"@id\":\"https:\/\/www.cofb.org\/#organization\"},\"image\":{\"@id\":\"https:\/\/novaorg.cofb.net\/2020\/12\/17\/salut-posa-en-marxa-un-programa-pilot-de-cribratge-de-la-covid-19-a-les-farmacies-de-les-corts-de-barcelona-amb-proves-pcr\/#primaryimage\"},\"thumbnailUrl\":\"\",\"keywords\":[\"Ag\u00e8ncia de Salut P\u00fablica de Catalunya\",\"automostra\",\"CCFC\",\"COFB\",\"Col\u00b7legi de Farmac\u00e8utics de Barcelona\",\"Consell de Col\u00b7legis Farmac\u00e8utics de Catalunya\",\"coronavirus\",\"COVID-19\",\"cribratge\",\"Departament de Salut\",\"farmac\u00e8utics\",\"Farm\u00e0cia\",\"farm\u00e0cia comunit\u00e0ria\",\"Generalitat de Catalunya\",\"kit\",\"Les Corts\",\"pand\u00e8mia\",\"pilot\",\"Programa de Detecci\u00f3 Preco\u00e7 del C\u00e0ncer de C\u00f2lon i Recte\",\"salut\",\"sanitat\"],\"articleSection\":[\"Destacats\",\"M\u00f3n col\u00b7legial\"],\"inLanguage\":\"es\",\"potentialAction\":[{\"@type\":\"CommentAction\",\"name\":\"Comment\",\"target\":[\"https:\/\/novaorg.cofb.net\/2020\/12\/17\/salut-posa-en-marxa-un-programa-pilot-de-cribratge-de-la-covid-19-a-les-farmacies-de-les-corts-de-barcelona-amb-proves-pcr\/#respond\"]}]},{\"@type\":\"WebPage\",\"@id\":\"https:\/\/novaorg.cofb.net\/2020\/12\/17\/salut-posa-en-marxa-un-programa-pilot-de-cribratge-de-la-covid-19-a-les-farmacies-de-les-corts-de-barcelona-amb-proves-pcr\/\",\"url\":\"https:\/\/novaorg.cofb.net\/2020\/12\/17\/salut-posa-en-marxa-un-programa-pilot-de-cribratge-de-la-covid-19-a-les-farmacies-de-les-corts-de-barcelona-amb-proves-pcr\/\",\"name\":\"Salut posa en marxa un programa pilot de cribratge de la COVID-19 a les farm\u00e0cies de Les Corts de Barcelona amb proves PCR - Col\u00b7legi de Farmac\u00e8utics de Barcelona\",\"isPartOf\":{\"@id\":\"https:\/\/www.cofb.org\/#website\"},\"primaryImageOfPage\":{\"@id\":\"https:\/\/novaorg.cofb.net\/2020\/12\/17\/salut-posa-en-marxa-un-programa-pilot-de-cribratge-de-la-covid-19-a-les-farmacies-de-les-corts-de-barcelona-amb-proves-pcr\/#primaryimage\"},\"image\":{\"@id\":\"https:\/\/novaorg.cofb.net\/2020\/12\/17\/salut-posa-en-marxa-un-programa-pilot-de-cribratge-de-la-covid-19-a-les-farmacies-de-les-corts-de-barcelona-amb-proves-pcr\/#primaryimage\"},\"thumbnailUrl\":\"\",\"datePublished\":\"2020-12-17T17:40:09+00:00\",\"dateModified\":\"2020-12-17T17:40:09+00:00\",\"description\":\"L\u2019Ag\u00e8ncia de Salut P\u00fablica de Catalunya impulsa un programa pilot de cribratge de la COVID-19 a les farm\u00e0cies del districte de les Corts de Barcelona. L\u2019objectiu \u00e9s tallar les cadenes de transmissi\u00f3 de persones asimptom\u00e0tiques i frenar els contagis per SARS-CoV-2.\",\"breadcrumb\":{\"@id\":\"https:\/\/novaorg.cofb.net\/2020\/12\/17\/salut-posa-en-marxa-un-programa-pilot-de-cribratge-de-la-covid-19-a-les-farmacies-de-les-corts-de-barcelona-amb-proves-pcr\/#breadcrumb\"},\"inLanguage\":\"es\",\"potentialAction\":[{\"@type\":\"ReadAction\",\"target\":[\"https:\/\/novaorg.cofb.net\/2020\/12\/17\/salut-posa-en-marxa-un-programa-pilot-de-cribratge-de-la-covid-19-a-les-farmacies-de-les-corts-de-barcelona-amb-proves-pcr\/\"]}]},{\"@type\":\"ImageObject\",\"inLanguage\":\"es\",\"@id\":\"https:\/\/novaorg.cofb.net\/2020\/12\/17\/salut-posa-en-marxa-un-programa-pilot-de-cribratge-de-la-covid-19-a-les-farmacies-de-les-corts-de-barcelona-amb-proves-pcr\/#primaryimage\",\"url\":\"\",\"contentUrl\":\"\"},{\"@type\":\"BreadcrumbList\",\"@id\":\"https:\/\/novaorg.cofb.net\/2020\/12\/17\/salut-posa-en-marxa-un-programa-pilot-de-cribratge-de-la-covid-19-a-les-farmacies-de-les-corts-de-barcelona-amb-proves-pcr\/#breadcrumb\",\"itemListElement\":[{\"@type\":\"ListItem\",\"position\":1,\"name\":\"Inici\",\"item\":\"https:\/\/novaorg.cofb.net\/\"},{\"@type\":\"ListItem\",\"position\":2,\"name\":\"Salut posa en marxa un programa pilot de cribratge de la COVID-19 a les farm\u00e0cies de Les Corts de Barcelona amb proves PCR\"}]},{\"@type\":\"WebSite\",\"@id\":\"https:\/\/www.cofb.org\/#website\",\"url\":\"https:\/\/www.cofb.org\/\",\"name\":\"Col\u00b7legi de Farmac\u00e8utics de Barcelona\",\"description\":\"\",\"publisher\":{\"@id\":\"https:\/\/www.cofb.org\/#organization\"},\"potentialAction\":[{\"@type\":\"SearchAction\",\"target\":{\"@type\":\"EntryPoint\",\"urlTemplate\":\"https:\/\/www.cofb.org\/?s={search_term_string}\"},\"query-input\":\"required name=search_term_string\"}],\"inLanguage\":\"es\"},{\"@type\":\"Organization\",\"@id\":\"https:\/\/www.cofb.org\/#organization\",\"name\":\"Col\u00b7legi de Farmac\u00e8utics de Barcelona\",\"url\":\"https:\/\/www.cofb.org\/\",\"logo\":{\"@type\":\"ImageObject\",\"inLanguage\":\"es\",\"@id\":\"https:\/\/www.cofb.org\/#\/schema\/logo\/image\/\",\"url\":\"https:\/\/www.cofb.org\/wp-content\/uploads\/2023\/11\/cropped-Logotip-COFB.png\",\"contentUrl\":\"https:\/\/www.cofb.org\/wp-content\/uploads\/2023\/11\/cropped-Logotip-COFB.png\",\"width\":500,\"height\":105,\"caption\":\"Col\u00b7legi de Farmac\u00e8utics de Barcelona\"},\"image\":{\"@id\":\"https:\/\/www.cofb.org\/#\/schema\/logo\/image\/\"},\"sameAs\":[\"https:\/\/www.facebook.com\/farmaceuticsbcn\/\",\"https:\/\/twitter.com\/farmaceuticsbcn\",\"https:\/\/www.instagram.com\/farmaceuticsbcn\/\",\"https:\/\/www.linkedin.com\/company\/farmaceuticsbcn\/\"]},{\"@type\":\"Person\",\"@id\":\"https:\/\/www.cofb.org\/#\/schema\/person\/22ed7eea88da74b0fa4d3154ad87ffcb\",\"name\":\"wpAdminCofbOrg\",\"image\":{\"@type\":\"ImageObject\",\"inLanguage\":\"es\",\"@id\":\"https:\/\/www.cofb.org\/#\/schema\/person\/image\/\",\"url\":\"https:\/\/secure.gravatar.com\/avatar\/1721b20b3b8ca882c3b56ec6c978c594fff670e40c0718e9190eaeeb76aae7d8?s=96&d=mm&r=g\",\"contentUrl\":\"https:\/\/secure.gravatar.com\/avatar\/1721b20b3b8ca882c3b56ec6c978c594fff670e40c0718e9190eaeeb76aae7d8?s=96&d=mm&r=g\",\"caption\":\"wpAdminCofbOrg\"},\"sameAs\":[\"http:\/\/192.168.64.122\/wordpress\"],\"url\":\"https:\/\/www.cofb.org\/es\/author\/wpadmincofborg\/\"}]}<\/script>\n<!-- \/ Yoast SEO plugin. -->","yoast_head_json":{"title":"Salut posa en marxa un programa pilot de cribratge de la COVID-19 a les farm\u00e0cies de Les Corts de Barcelona amb proves PCR - Col\u00b7legi de Farmac\u00e8utics de Barcelona","description":"L\u2019Ag\u00e8ncia de Salut P\u00fablica de Catalunya impulsa un programa pilot de cribratge de la COVID-19 a les farm\u00e0cies del districte de les Corts de Barcelona. L\u2019objectiu \u00e9s tallar les cadenes de transmissi\u00f3 de persones asimptom\u00e0tiques i frenar els contagis per SARS-CoV-2.","robots":{"index":"index","follow":"follow","max-snippet":"max-snippet:-1","max-image-preview":"max-image-preview:large","max-video-preview":"max-video-preview:-1"},"canonical":"https:\/\/novaorg.cofb.net\/2020\/12\/17\/salut-posa-en-marxa-un-programa-pilot-de-cribratge-de-la-covid-19-a-les-farmacies-de-les-corts-de-barcelona-amb-proves-pcr\/","og_locale":"es_ES","og_type":"article","og_title":"Salut posa en marxa un programa pilot de cribratge de la COVID-19 a les farm\u00e0cies de Les Corts de Barcelona amb proves PCR - Col\u00b7legi de Farmac\u00e8utics de Barcelona","og_description":"L\u2019Ag\u00e8ncia de Salut P\u00fablica de Catalunya impulsa un programa pilot de cribratge de la COVID-19 a les farm\u00e0cies del districte de les Corts de Barcelona. L\u2019objectiu \u00e9s tallar les cadenes de transmissi\u00f3 de persones asimptom\u00e0tiques i frenar els contagis per SARS-CoV-2.","og_url":"https:\/\/novaorg.cofb.net\/2020\/12\/17\/salut-posa-en-marxa-un-programa-pilot-de-cribratge-de-la-covid-19-a-les-farmacies-de-les-corts-de-barcelona-amb-proves-pcr\/","og_site_name":"Col\u00b7legi de Farmac\u00e8utics de Barcelona","article_publisher":"https:\/\/www.facebook.com\/farmaceuticsbcn\/","article_published_time":"2020-12-17T17:40:09+00:00","author":"wpAdminCofbOrg","twitter_card":"summary_large_image","twitter_creator":"@farmaceuticsbcn","twitter_site":"@farmaceuticsbcn","twitter_misc":{"Escrito por":"wpAdminCofbOrg","Tiempo de lectura":"4 minutos"},"schema":{"@context":"https:\/\/schema.org","@graph":[{"@type":"Article","@id":"https:\/\/novaorg.cofb.net\/2020\/12\/17\/salut-posa-en-marxa-un-programa-pilot-de-cribratge-de-la-covid-19-a-les-farmacies-de-les-corts-de-barcelona-amb-proves-pcr\/#article","isPartOf":{"@id":"https:\/\/novaorg.cofb.net\/2020\/12\/17\/salut-posa-en-marxa-un-programa-pilot-de-cribratge-de-la-covid-19-a-les-farmacies-de-les-corts-de-barcelona-amb-proves-pcr\/"},"author":{"name":"wpAdminCofbOrg","@id":"https:\/\/www.cofb.org\/#\/schema\/person\/22ed7eea88da74b0fa4d3154ad87ffcb"},"headline":"Salut posa en marxa un programa pilot de cribratge de la COVID-19 a les farm\u00e0cies de Les Corts de Barcelona amb proves PCR","datePublished":"2020-12-17T17:40:09+00:00","dateModified":"2020-12-17T17:40:09+00:00","mainEntityOfPage":{"@id":"https:\/\/novaorg.cofb.net\/2020\/12\/17\/salut-posa-en-marxa-un-programa-pilot-de-cribratge-de-la-covid-19-a-les-farmacies-de-les-corts-de-barcelona-amb-proves-pcr\/"},"wordCount":819,"commentCount":0,"publisher":{"@id":"https:\/\/www.cofb.org\/#organization"},"image":{"@id":"https:\/\/novaorg.cofb.net\/2020\/12\/17\/salut-posa-en-marxa-un-programa-pilot-de-cribratge-de-la-covid-19-a-les-farmacies-de-les-corts-de-barcelona-amb-proves-pcr\/#primaryimage"},"thumbnailUrl":"","keywords":["Ag\u00e8ncia de Salut P\u00fablica de Catalunya","automostra","CCFC","COFB","Col\u00b7legi de Farmac\u00e8utics de Barcelona","Consell de Col\u00b7legis Farmac\u00e8utics de Catalunya","coronavirus","COVID-19","cribratge","Departament de Salut","farmac\u00e8utics","Farm\u00e0cia","farm\u00e0cia comunit\u00e0ria","Generalitat de Catalunya","kit","Les Corts","pand\u00e8mia","pilot","Programa de Detecci\u00f3 Preco\u00e7 del C\u00e0ncer de C\u00f2lon i Recte","salut","sanitat"],"articleSection":["Destacats","M\u00f3n col\u00b7legial"],"inLanguage":"es","potentialAction":[{"@type":"CommentAction","name":"Comment","target":["https:\/\/novaorg.cofb.net\/2020\/12\/17\/salut-posa-en-marxa-un-programa-pilot-de-cribratge-de-la-covid-19-a-les-farmacies-de-les-corts-de-barcelona-amb-proves-pcr\/#respond"]}]},{"@type":"WebPage","@id":"https:\/\/novaorg.cofb.net\/2020\/12\/17\/salut-posa-en-marxa-un-programa-pilot-de-cribratge-de-la-covid-19-a-les-farmacies-de-les-corts-de-barcelona-amb-proves-pcr\/","url":"https:\/\/novaorg.cofb.net\/2020\/12\/17\/salut-posa-en-marxa-un-programa-pilot-de-cribratge-de-la-covid-19-a-les-farmacies-de-les-corts-de-barcelona-amb-proves-pcr\/","name":"Salut posa en marxa un programa pilot de cribratge de la COVID-19 a les farm\u00e0cies de Les Corts de Barcelona amb proves PCR - Col\u00b7legi de Farmac\u00e8utics de Barcelona","isPartOf":{"@id":"https:\/\/www.cofb.org\/#website"},"primaryImageOfPage":{"@id":"https:\/\/novaorg.cofb.net\/2020\/12\/17\/salut-posa-en-marxa-un-programa-pilot-de-cribratge-de-la-covid-19-a-les-farmacies-de-les-corts-de-barcelona-amb-proves-pcr\/#primaryimage"},"image":{"@id":"https:\/\/novaorg.cofb.net\/2020\/12\/17\/salut-posa-en-marxa-un-programa-pilot-de-cribratge-de-la-covid-19-a-les-farmacies-de-les-corts-de-barcelona-amb-proves-pcr\/#primaryimage"},"thumbnailUrl":"","datePublished":"2020-12-17T17:40:09+00:00","dateModified":"2020-12-17T17:40:09+00:00","description":"L\u2019Ag\u00e8ncia de Salut P\u00fablica de Catalunya impulsa un programa pilot de cribratge de la COVID-19 a les farm\u00e0cies del districte de les Corts de Barcelona. L\u2019objectiu \u00e9s tallar les cadenes de transmissi\u00f3 de persones asimptom\u00e0tiques i frenar els contagis per SARS-CoV-2.","breadcrumb":{"@id":"https:\/\/novaorg.cofb.net\/2020\/12\/17\/salut-posa-en-marxa-un-programa-pilot-de-cribratge-de-la-covid-19-a-les-farmacies-de-les-corts-de-barcelona-amb-proves-pcr\/#breadcrumb"},"inLanguage":"es","potentialAction":[{"@type":"ReadAction","target":["https:\/\/novaorg.cofb.net\/2020\/12\/17\/salut-posa-en-marxa-un-programa-pilot-de-cribratge-de-la-covid-19-a-les-farmacies-de-les-corts-de-barcelona-amb-proves-pcr\/"]}]},{"@type":"ImageObject","inLanguage":"es","@id":"https:\/\/novaorg.cofb.net\/2020\/12\/17\/salut-posa-en-marxa-un-programa-pilot-de-cribratge-de-la-covid-19-a-les-farmacies-de-les-corts-de-barcelona-amb-proves-pcr\/#primaryimage","url":"","contentUrl":""},{"@type":"BreadcrumbList","@id":"https:\/\/novaorg.cofb.net\/2020\/12\/17\/salut-posa-en-marxa-un-programa-pilot-de-cribratge-de-la-covid-19-a-les-farmacies-de-les-corts-de-barcelona-amb-proves-pcr\/#breadcrumb","itemListElement":[{"@type":"ListItem","position":1,"name":"Inici","item":"https:\/\/novaorg.cofb.net\/"},{"@type":"ListItem","position":2,"name":"Salut posa en marxa un programa pilot de cribratge de la COVID-19 a les farm\u00e0cies de Les Corts de Barcelona amb proves PCR"}]},{"@type":"WebSite","@id":"https:\/\/www.cofb.org\/#website","url":"https:\/\/www.cofb.org\/","name":"Col\u00b7legi de Farmac\u00e8utics de Barcelona","description":"","publisher":{"@id":"https:\/\/www.cofb.org\/#organization"},"potentialAction":[{"@type":"SearchAction","target":{"@type":"EntryPoint","urlTemplate":"https:\/\/www.cofb.org\/?s={search_term_string}"},"query-input":"required name=search_term_string"}],"inLanguage":"es"},{"@type":"Organization","@id":"https:\/\/www.cofb.org\/#organization","name":"Col\u00b7legi de Farmac\u00e8utics de Barcelona","url":"https:\/\/www.cofb.org\/","logo":{"@type":"ImageObject","inLanguage":"es","@id":"https:\/\/www.cofb.org\/#\/schema\/logo\/image\/","url":"https:\/\/www.cofb.org\/wp-content\/uploads\/2023\/11\/cropped-Logotip-COFB.png","contentUrl":"https:\/\/www.cofb.org\/wp-content\/uploads\/2023\/11\/cropped-Logotip-COFB.png","width":500,"height":105,"caption":"Col\u00b7legi de Farmac\u00e8utics de Barcelona"},"image":{"@id":"https:\/\/www.cofb.org\/#\/schema\/logo\/image\/"},"sameAs":["https:\/\/www.facebook.com\/farmaceuticsbcn\/","https:\/\/twitter.com\/farmaceuticsbcn","https:\/\/www.instagram.com\/farmaceuticsbcn\/","https:\/\/www.linkedin.com\/company\/farmaceuticsbcn\/"]},{"@type":"Person","@id":"https:\/\/www.cofb.org\/#\/schema\/person\/22ed7eea88da74b0fa4d3154ad87ffcb","name":"wpAdminCofbOrg","image":{"@type":"ImageObject","inLanguage":"es","@id":"https:\/\/www.cofb.org\/#\/schema\/person\/image\/","url":"https:\/\/secure.gravatar.com\/avatar\/1721b20b3b8ca882c3b56ec6c978c594fff670e40c0718e9190eaeeb76aae7d8?s=96&d=mm&r=g","contentUrl":"https:\/\/secure.gravatar.com\/avatar\/1721b20b3b8ca882c3b56ec6c978c594fff670e40c0718e9190eaeeb76aae7d8?s=96&d=mm&r=g","caption":"wpAdminCofbOrg"},"sameAs":["http:\/\/192.168.64.122\/wordpress"],"url":"https:\/\/www.cofb.org\/es\/author\/wpadmincofborg\/"}]}},"uagb_featured_image_src":{"full":false,"thumbnail":false,"medium":false,"medium_large":false,"large":false,"1536x1536":false,"2048x2048":false,"trp-custom-language-flag":false},"uagb_author_info":{"display_name":"wpAdminCofbOrg","author_link":"https:\/\/www.cofb.org\/es\/author\/wpadmincofborg\/"},"uagb_comment_info":0,"uagb_excerpt":"L\u2019Ag\u00e8ncia de Salut P\u00fablica de Catalunya impulsa un programa pilot de cribratge de la COVID-19 a les farm\u00e0cies del districte de les Corts de Barcelona. L\u2019objectiu \u00e9s tallar les cadenes de transmissi\u00f3 de persones asimptom\u00e0tiques i frenar els contagis per SARS-CoV-2. Un total de 50 farm\u00e0cies del districte de Les [&hellip;]","_links":{"self":[{"href":"https:\/\/www.cofb.org\/es\/wp-json\/wp\/v2\/posts\/53356","targetHints":{"allow":["GET"]}}],"collection":[{"href":"https:\/\/www.cofb.org\/es\/wp-json\/wp\/v2\/posts"}],"about":[{"href":"https:\/\/www.cofb.org\/es\/wp-json\/wp\/v2\/types\/post"}],"author":[{"embeddable":true,"href":"https:\/\/www.cofb.org\/es\/wp-json\/wp\/v2\/users\/1"}],"replies":[{"embeddable":true,"href":"https:\/\/www.cofb.org\/es\/wp-json\/wp\/v2\/comments?post=53356"}],"version-history":[{"count":0,"href":"https:\/\/www.cofb.org\/es\/wp-json\/wp\/v2\/posts\/53356\/revisions"}],"wp:featuredmedia":[{"embeddable":true,"href":"https:\/\/www.cofb.org\/es\/wp-json\/"}],"wp:attachment":[{"href":"https:\/\/www.cofb.org\/es\/wp-json\/wp\/v2\/media?parent=53356"}],"wp:term":[{"taxonomy":"category","embeddable":true,"href":"https:\/\/www.cofb.org\/es\/wp-json\/wp\/v2\/categories?post=53356"},{"taxonomy":"post_tag","embeddable":true,"href":"https:\/\/www.cofb.org\/es\/wp-json\/wp\/v2\/tags?post=53356"}],"curies":[{"name":"wp","href":"https:\/\/api.w.org\/{rel}","templated":true}]}}