{"id":53285,"date":"2020-12-16T14:40:57","date_gmt":"2020-12-16T12:40:57","guid":{"rendered":"https:\/\/blog.cofb.cat\/?p=53285"},"modified":"2020-12-16T14:40:57","modified_gmt":"2020-12-16T12:40:57","slug":"junta-general-ordinaria-aprovada-per-unanimitat-la-proposta-de-pressupostos-per-al-2021","status":"publish","type":"post","link":"https:\/\/www.cofb.org\/es\/2020\/12\/16\/junta-general-ordinaria-aprovada-per-unanimitat-la-proposta-de-pressupostos-per-al-2021\/","title":{"rendered":"Junta General Ordinaria: Aprobada por unanimidad la propuesta de presupuestos para 2021"},"content":{"rendered":"<p>El pasado lunes 14 de diciembre tuvo lugar en el<strong> Col\u00b7legi de Farmac\u00e8utics de Barcelona (COFB)<\/strong> la <strong>Junta General Ordinaria<\/strong> en el que se van <strong>aprobar por unanimidad<\/strong> los <strong>presupuestos para 2021<\/strong>. A lo largo de la Junta, que tambi\u00e9n se pudo seguir v\u00eda webinar, se present\u00f3 el<strong>Informe de Tesorer\u00eda<\/strong>\u00a0a cargo de <strong>Miquel Recasens<\/strong>, tesorero del Colegio, y el<strong>Informe de Presidencia <\/strong>a cargo del presidente, <strong>Jordi Casas,<\/strong> y la vicepresidenta, <strong>N\u00faria Bosch<\/strong>, que se centr\u00f3 en la parte de <strong>comunicaci\u00f3n<\/strong>. <strong>Aina Surroca<\/strong>, secretaria del COFB y responsable de la Comisi\u00f3n delegada de Formaci\u00f3n Continuada tambi\u00e9n estuvo presente.<\/p>\n<figure id=\"attachment_53330\" aria-describedby=\"caption-attachment-53330\" style=\"width: 620px\" class=\"wp-caption aligncenter\"><a href=\"https:\/\/blog.cofb.cat\/wp-content\/uploads\/2020\/12\/cofb.201214-07.jpg\"><img fetchpriority=\"high\" decoding=\"async\" class=\"wp-image-53330 size-large\" title=\"De izquierda a derecha: Aina Surroca, secretaria del COFB; Jordi Casas, presidente del COFB, y Miquel Recasens; tesorero. \" src=\"https:\/\/blog.cofb.cat\/wp-content\/uploads\/2020\/12\/cofb.201214-07-1024x683.jpg\" alt=\"D'esquerra a dreta: Aina Surroca, secret\u00e0ria del COFB; Jordi Casas, president del COFB, i Miquel Recasens; tresorer. \" width=\"620\" height=\"414\" \/><\/a><figcaption id=\"caption-attachment-53330\" class=\"wp-caption-text\">De izquierda a derecha: Aina Surroca, secretaria del COFB; Jordi Casas, presidente del COFB, y Miquel Recasens; tesorero.<\/figcaption><\/figure>\n<h1><span style=\"color: #008080;\"><strong>Informe de Tesorer\u00eda<\/strong><\/span><\/h1>\n<p>Miquel Recasens, tesorero del COFB, expuso <strong>la propuesta de presupuestos para 2021<\/strong>, que se han elaborado con la prudencia que requiere la incertidumbre generada por la situaci\u00f3n actual. La <strong>pandemia de la COVID-19<\/strong>, junto con el cambio de modelo de colaboraci\u00f3n bancaria que se inici\u00f3 en 2019, han supuesto una reducci\u00f3n de ingresos importante, que se compensan con una disminuci\u00f3n de gastos y un incremento de las aportaciones de los colegiados.<\/p>\n<p>La disminuci\u00f3n de gastos afecta principalmente a tres \u00e1mbitos: el estructural (vinculado a la sede colegial, el personal y la parte administrativa), con el objetivo de garantizar la sostenibilidad de la corporaci\u00f3n; la institucional, que queda restringida durante 2021; y la formaci\u00f3n y cartera de servicios, que han visto reducida su actividad.<\/p>\n<figure id=\"attachment_53297\" aria-describedby=\"caption-attachment-53297\" style=\"width: 620px\" class=\"wp-caption aligncenter\"><a href=\"https:\/\/blog.cofb.cat\/wp-content\/uploads\/2020\/12\/cofb.201214-24.jpg\"><img decoding=\"async\" class=\"wp-image-53297 size-large\" title=\"El tesorero del Colegio, Miquel Recasens, en un momento de su intervenci\u00f3n. \" src=\"https:\/\/blog.cofb.cat\/wp-content\/uploads\/2020\/12\/cofb.201214-24-1024x683.jpg\" alt=\"El tresorer del Col\u00b7legi, Miquel Recasens, en un moment de la seva intervenci\u00f3. \" width=\"620\" height=\"414\" \/><\/a><figcaption id=\"caption-attachment-53297\" class=\"wp-caption-text\">El tesorero del Colegio, Miquel Recasens, en un momento de su intervenci\u00f3n.<\/figcaption><\/figure>\n<p>En el presupuesto de 2021 destaca la dotaci\u00f3n para el desarrollo del <strong>Plan de Igualdad laboral<\/strong>, del <strong>Plan de Ciberseguridad<\/strong> y del sistema de <em><strong>Compliance<\/strong><\/em>. Para garantizar el servicio a los colegiados, tambi\u00e9n incorpora el gasto de mantenimiento del Portal de Tr\u00e0mits, que favorece las gestiones de forma digitalizada.<\/p>\n<p>Por otra parte, con la voluntad de persistir en el progreso de la profesi\u00f3n, se incorpora una dotaci\u00f3n para los gastos que vaya generando <strong>la adaptaci\u00f3n tecnol\u00f3gica en la integraci\u00f3n con el Sistema de Salud<\/strong>. En este sentido, el tesorero destac\u00f3 <strong>Farmaserveis<\/strong>, la plataforma asistencial de la red de farmacias de Catalu\u00f1a, como un proyecto que representa una apuesta estrat\u00e9gica para la corporaci\u00f3n.<\/p>\n<p>Por \u00faltimo, en el apartado de inversiones, Recasens puso el \u00e9nfasis en que este 2021, acelerado por la situaci\u00f3n de restricciones de movilidad, <strong>se invertir\u00e1 en la adaptaci\u00f3n de las aulas para actividades de formaci\u00f3n y comunicaci\u00f3n<\/strong> realizables en <strong>formatos h\u00edbridos, combinando la asistencia presencial y telem\u00e1tica<\/strong>.<\/p>\n<h1><span style=\"color: #008080;\"><strong>Informe de Presidencia<\/strong><\/span><\/h1>\n<p>En el Informe de Presidencia, Jordi Casas, presidente del COFB, hizo referencia, en primer lugar, a la <strong><a href=\"https:\/\/blog.cofb.cat\/jordi-casas-sanchez-nou-president-collegi-farmaceutics-barcelona-mandat-2020-2024\/\" target=\"_blank\" rel=\"noopener\">renovaci\u00f3n de la Junta<\/a> <\/strong>que se produjo el pasado mes de julio, as\u00ed como en los <strong>nuevos miembros de la red de coordinadores<\/strong>. A continuaci\u00f3n, abord\u00f3 los <strong>cambios en la estructura colegial<\/strong> a ra\u00edz de la pandemia provocada por la COVID-19 (adaptaci\u00f3n de la sede colegial e instauraci\u00f3n del teletrabajo; reuniones de Junta online, adaptaci\u00f3n de la formaci\u00f3n presencial a virtual o la celebraci\u00f3n de las Jornadas digitales Infarma, entre otros).<\/p>\n<figure id=\"attachment_53334\" aria-describedby=\"caption-attachment-53334\" style=\"width: 620px\" class=\"wp-caption aligncenter\"><a href=\"https:\/\/blog.cofb.cat\/wp-content\/uploads\/2020\/12\/cofb.201214-13.jpg\"><img decoding=\"async\" class=\"wp-image-53334 size-large\" title=\"Jordi Casas, presidente del Colegio de Farmac\u00e9uticos de Barcelona, en un momento de su intervenci\u00f3n. \" src=\"https:\/\/blog.cofb.cat\/wp-content\/uploads\/2020\/12\/cofb.201214-13-1024x683.jpg\" alt=\"Jordi Casas, president del Col\u00b7legi de Farmac\u00e8utics de Barcelona, en un moment de la seva intervenci\u00f3. \" width=\"620\" height=\"414\" \/><\/a><figcaption id=\"caption-attachment-53334\" class=\"wp-caption-text\">Jordi Casas, presidente del Colegio de Farmac\u00e9uticos de Barcelona, en un momento de su intervenci\u00f3n.<\/figcaption><\/figure>\n<div class=\"mceTemp\"><\/div>\n<p>Por otra parte, se refiri\u00f3 a <strong>la implicaci\u00f3n de la profesi\u00f3n farmac\u00e9utica en el abordaje de la COVID-19<\/strong>, como la colaboraci\u00f3n en el proyecto <strong>Hoteles \/Salud<\/strong>, el proyecto para conseguir que los<strong> voluntarios<\/strong> acercaran la medicaci\u00f3n o los <strong>MHDA<\/strong> a personas vulnerables, los m\u00e1s de <strong>6.000.000 de planes de medicaci\u00f3n<\/strong> que las farmacias catalanas han recuperado y los\u00a0 <strong>79.800 pacientes cr\u00f3nicos que se han atendido con prescripciones de larga duraci\u00f3n.<\/strong> Otro de los proyectos a los que hizo referencia Casas fue <a href=\"https:\/\/blog.cofb.cat\/arrenca-a-terrassa-el-projecte-pilot-dactuacio-dels-farmaceutics-comunitaris-contra-la-covid-19\/\" target=\"_blank\" rel=\"noopener\"><strong>\u201cYO DIGO\u201d<\/strong><\/a>, en el que las farmacias de algunas poblaciones del Vall\u00e8s Occidental se convierten en puntos de <strong>derivaci\u00f3n<\/strong>, <strong>informaci\u00f3n<\/strong> y <strong>concienciaci\u00f3n<\/strong> de la COVID-19. Otro de los proyectos en los que participar\u00e1n las farmacias es en el piloto de Salud en el que, siguiendo el mismo modelo del programa de cribado de c\u00e1ncer de colon y recto, los usuarios que sean invitados a participar podr\u00e1n acudir a las farmacias a <strong>recoger un kit<\/strong> por <strong>tomarse la automuestra<\/strong> (PCR saliva) y devolverlo a la farmacia para que se env\u00ede al laboratorio.<\/p>\n<figure id=\"attachment_53352\" aria-describedby=\"caption-attachment-53352\" style=\"width: 1017px\" class=\"wp-caption aligncenter\"><a href=\"https:\/\/blog.cofb.cat\/wp-content\/uploads\/2020\/12\/Webinar-JGO-desembre-2021.jpg\"><img loading=\"lazy\" decoding=\"async\" class=\"wp-image-53352 size-full\" title=\"La Junta General Ordinaria tambi\u00e9n pudo ser seguida v\u00eda webinar.\" src=\"https:\/\/blog.cofb.cat\/wp-content\/uploads\/2020\/12\/Webinar-JGO-desembre-2021.jpg\" alt=\"La Junta General Ordin\u00e0ria tamb\u00e9 va poder ser seguida v\u00eda webinar.\" width=\"1017\" height=\"571\" \/><\/a><figcaption id=\"caption-attachment-53352\" class=\"wp-caption-text\">La Junta General Ordinaria tambi\u00e9n pudo ser seguida v\u00eda webinar.<\/figcaption><\/figure>\n<p>M\u00e1s all\u00e1 de la COVID-19, el presidente del Colegio habl\u00f3 de la publicaci\u00f3n de la <strong><a href=\"https:\/\/blog.cofb.cat\/consell-collegis-farmaceutics-catalunya-publica-guia-labordatge-hipertensio-arterial-farmacia\/\" target=\"_blank\" rel=\"noopener\">Gu\u00eda para el abordaje de la Hipertensi\u00f3n arterial en la farmacia<\/a> comunitaria<\/strong>. Casas tambi\u00e9n abord\u00f3 el compromiso del CatSalut de trabajar en un<strong> nuevo concierto <\/strong>y la<strong> propuesta de integraci\u00f3n de la farmacia comunitaria como punto de contacto comunitario del sistema de salud<\/strong>. En este sentido, habl\u00f3 de <strong>Farmaserveis<\/strong>, la<strong> plataforma asistencial<\/strong> de la red de farmacias de Catalu\u00f1a, que ha puesto en marcha el primer curso sobre presi\u00f3n arterial con m\u00e1s de 800 inscritos.<\/p>\n<div class=\"destacat-blog\">\n<h2><strong>Comunicaci\u00f3n<\/strong><\/h2>\n<p>Dentro de este blog, la vicepresidenta del COFB, N\u00faria Bosch, se refiri\u00f3 a los aspectos m\u00e1s relevantes del \u00e1rea de <strong>Comunicaci\u00f3n<\/strong>. Destac\u00f3 que entre los meses de enero y noviembre se han atendido desde el Departamento\u00a0<strong>m\u00e1s de 370 peticiones de medios<\/strong>, lo que supone un <strong>incremento de un 138%<\/strong> respecto al mismo per\u00edodo del a\u00f1o pasado.<\/p>\n<p>En cuanto a la actividad digital, Bosch hizo referencia a las <strong>m\u00e1s de 34.500<\/strong> <strong>interacciones en las redes sociales del COFB<\/strong> (Twitter, Facebook y LinkedIn), que representan un notable aumento respecto al mismo per\u00edodo del a\u00f1o pasado, el crecimiento de las <strong>visitas a la p\u00e1gina web institucional del Colegio<\/strong>\u00a0<strong>www.cofb.org<\/strong>, en la <strong>intranet colegial (BBS)<\/strong> y en la <strong>web de Salud del COFB, farmaceuticonline.com<\/strong>; as\u00ed como las <strong>m\u00e1s de 50.000 reproducciones<\/strong> que han tenido el conjunto de <strong>v\u00eddeos<\/strong> elaborados por <strong>visualizar la tarea farmac\u00e9utica<\/strong> durante la pandemia provocada por la COVID-19.<\/p>\n<figure id=\"attachment_53307\" aria-describedby=\"caption-attachment-53307\" style=\"width: 620px\" class=\"wp-caption aligncenter\"><a href=\"https:\/\/blog.cofb.cat\/wp-content\/uploads\/2020\/12\/cofb.201214-36.jpg\"><img loading=\"lazy\" decoding=\"async\" class=\"wp-image-53307 size-large\" title=\"La vicepresidenta del COFB, Nuria Bosch, durante su intervenci\u00f3n. \" src=\"https:\/\/blog.cofb.cat\/wp-content\/uploads\/2020\/12\/cofb.201214-36-1024x683.jpg\" alt=\"La vicepresidenta del COFB, N\u00faria Bosch, durant la seva intervenci\u00f3. \" width=\"620\" height=\"414\" \/><\/a><figcaption id=\"caption-attachment-53307\" class=\"wp-caption-text\">La vicepresidenta del COFB, Nuria Bosch, durante su intervenci\u00f3n.<\/figcaption><\/figure>\n<p>Por \u00faltimo, hizo menci\u00f3n de la <strong>campa\u00f1a sobre el buen uso de las mascarillas<\/strong>, impulsada por el Consejo de Colegios Farmac\u00e9uticos de Catalu\u00f1a (CCFC) y que tiene como lema <strong><a href=\"https:\/\/blog.cofb.cat\/farmacies-catalanes-posen-marxa-campanya-promoure-bon-us-mascaretes-poblacio\/\" target=\"_blank\" rel=\"noopener\">\u201cLa mascarilla en su sitio\u201d<\/a>.\u00a0<\/strong>Por \u00faltimo, anunci\u00f3 las<strong> nuevas fechas de Infarma 2020-2021, <\/strong>que est\u00e1 previsto que se celebre los<strong> d\u00edas 15, 16 y 17 de junio de 2021.\u00a0<\/strong><\/p>\n<\/div>\n<div class=\"box note\"><\/div>\n<p>Cada a\u00f1o, el Col\u00b7legi lleva a cabo <strong>dos Juntas Generales<\/strong> relacionadas con el <strong>presupuesto del COFB<\/strong> en las que se presenta a los colegiados la <strong>liquidaci\u00f3n del a\u00f1o anterior<\/strong> (Junta del mes de junio) y la <strong>propuesta de presupuesto para el a\u00f1o siguiente<\/strong> (Junta de diciembre). La aprobaci\u00f3n de los presupuestos se somete a la votaci\u00f3n de los colegiados que asisten a la misma por su aprobaci\u00f3n.<\/p>\n<\/div>\n<p><strong>Otras publicaciones de inter\u00e9s:<\/strong><\/p>\n<ul>\n<li><a href=\"https:\/\/blog.cofb.cat\/junta-general-ordinaria-aprovada-unanimitat-liquidacio-pressupost-2019\/\" target=\"_blank\" rel=\"noopener\">Junta General Ordinaria: Aprobada por unanimidad la liquidaci\u00f3n del presupuesto de 2019<\/a><\/li>\n<li><a href=\"https:\/\/blog.cofb.cat\/aprovats-unanimitat-pressupostos-2020-junta-general-ordinaria\/\" target=\"_blank\" rel=\"noopener\">Aprobados por unanimidad los presupuestos para 2020 en la Junta General Ordinaria (Febrero 2020)<\/a><\/li>\n<li><a href=\"https:\/\/blog.cofb.cat\/junta-general-ordinaria-aprovats-per-unanimitat-els-pressupostos-del-collegi-per-al-2019\/\" target=\"_blank\" rel=\"noopener\">Junta General Ordinaria: Aprobados por unanimidad los presupuestos del Colegio para 2019 (Diciembre 2019)<\/a><\/li>\n<\/ul>","protected":false},"excerpt":{"rendered":"<p>El pasado lunes 14 de diciembre tuvo lugar en el Colegio de Farmac\u00e9uticos de Barcelona (COFB) la Junta General Ordinaria en la que se aprobaron por unanimidad los presupuestos para 2021. A lo largo de la Junta, que tambi\u00e9n se pudo seguir v\u00eda webinar, se present\u00f3 el Informe de [\u2026]<\/p>","protected":false},"author":1,"featured_media":53355,"comment_status":"open","ping_status":"open","sticky":false,"template":"","format":"standard","meta":{"_uag_custom_page_level_css":"","site-sidebar-layout":"default","site-content-layout":"","ast-site-content-layout":"default","site-content-style":"default","site-sidebar-style":"default","ast-global-header-display":"","ast-banner-title-visibility":"","ast-main-header-display":"","ast-hfb-above-header-display":"","ast-hfb-below-header-display":"","ast-hfb-mobile-header-display":"","site-post-title":"","ast-breadcrumbs-content":"","ast-featured-img":"disabled","footer-sml-layout":"","theme-transparent-header-meta":"","adv-header-id-meta":"","stick-header-meta":"","header-above-stick-meta":"","header-main-stick-meta":"","header-below-stick-meta":"","astra-migrate-meta-layouts":"default","ast-page-background-enabled":"default","ast-page-background-meta":{"desktop":{"background-color":"var(--ast-global-color-4)","background-image":"","background-repeat":"repeat","background-position":"center center","background-size":"auto","background-attachment":"scroll","background-type":"","background-media":"","overlay-type":"","overlay-color":"","overlay-opacity":"","overlay-gradient":""},"tablet":{"background-color":"","background-image":"","background-repeat":"repeat","background-position":"center center","background-size":"auto","background-attachment":"scroll","background-type":"","background-media":"","overlay-type":"","overlay-color":"","overlay-opacity":"","overlay-gradient":""},"mobile":{"background-color":"","background-image":"","background-repeat":"repeat","background-position":"center center","background-size":"auto","background-attachment":"scroll","background-type":"","background-media":"","overlay-type":"","overlay-color":"","overlay-opacity":"","overlay-gradient":""}},"ast-content-background-meta":{"desktop":{"background-color":"var(--ast-global-color-5)","background-image":"","background-repeat":"repeat","background-position":"center center","background-size":"auto","background-attachment":"scroll","background-type":"","background-media":"","overlay-type":"","overlay-color":"","overlay-opacity":"","overlay-gradient":""},"tablet":{"background-color":"var(--ast-global-color-5)","background-image":"","background-repeat":"repeat","background-position":"center center","background-size":"auto","background-attachment":"scroll","background-type":"","background-media":"","overlay-type":"","overlay-color":"","overlay-opacity":"","overlay-gradient":""},"mobile":{"background-color":"var(--ast-global-color-5)","background-image":"","background-repeat":"repeat","background-position":"center center","background-size":"auto","background-attachment":"scroll","background-type":"","background-media":"","overlay-type":"","overlay-color":"","overlay-opacity":"","overlay-gradient":""}},"footnotes":""},"categories":[23,57],"tags":[410,356,19,53,69,413,414,415,416,417,418,420,421,1027],"class_list":["post-53285","post","type-post","status-publish","format-standard","has-post-thumbnail","hentry","category-destacats","category-mon-collegial","tag-aprovacio-pressupostos","tag-collegi","tag-collegi-de-farmaceutics-de-barcelona","tag-farmaceutics","tag-farmacia-comunitaria","tag-informe-de-presidencia","tag-informe-de-secretaria","tag-informe-de-tresoreria","tag-jgo","tag-junta-de-govern","tag-junta-de-govern-del-cofb","tag-junta-general-ordinaria","tag-pressupostos","tag-proposta-de-pressupostos"],"yoast_head":"<!-- This site is optimized with the Yoast SEO plugin v22.4 - https:\/\/yoast.com\/wordpress\/plugins\/seo\/ -->\n<title>Junta General Ordin\u00e0ria: Aprovada per unanimitat la proposta de pressupostos per al 2021 - Col\u00b7legi de Farmac\u00e8utics de Barcelona<\/title>\n<meta name=\"description\" content=\"El passat dilluns 14 de desembre va tenir lloc al Col\u00b7legi de Farmac\u00e8utics de Barcelona (COFB) la Junta General Ordin\u00e0ria en qu\u00e8 es van aprovar per unanimitat els pressupostos per al 2021.\" \/>\n<meta name=\"robots\" content=\"index, follow, max-snippet:-1, max-image-preview:large, max-video-preview:-1\" \/>\n<link rel=\"canonical\" href=\"https:\/\/novaorg.cofb.net\/2020\/12\/16\/junta-general-ordinaria-aprovada-per-unanimitat-la-proposta-de-pressupostos-per-al-2021\/\" \/>\n<meta property=\"og:locale\" content=\"es_ES\" \/>\n<meta property=\"og:type\" content=\"article\" \/>\n<meta property=\"og:title\" content=\"Junta General Ordin\u00e0ria: Aprovada per unanimitat la proposta de pressupostos per al 2021 - Col\u00b7legi de Farmac\u00e8utics de Barcelona\" \/>\n<meta property=\"og:description\" content=\"El passat dilluns 14 de desembre va tenir lloc al Col\u00b7legi de Farmac\u00e8utics de Barcelona (COFB) la Junta General Ordin\u00e0ria en qu\u00e8 es van aprovar per unanimitat els pressupostos per al 2021.\" \/>\n<meta property=\"og:url\" content=\"https:\/\/novaorg.cofb.net\/2020\/12\/16\/junta-general-ordinaria-aprovada-per-unanimitat-la-proposta-de-pressupostos-per-al-2021\/\" \/>\n<meta property=\"og:site_name\" content=\"Col\u00b7legi de Farmac\u00e8utics de Barcelona\" \/>\n<meta property=\"article:publisher\" content=\"https:\/\/www.facebook.com\/farmaceuticsbcn\/\" \/>\n<meta property=\"article:published_time\" content=\"2020-12-16T12:40:57+00:00\" \/>\n<meta name=\"author\" content=\"wpAdminCofbOrg\" \/>\n<meta name=\"twitter:card\" content=\"summary_large_image\" \/>\n<meta name=\"twitter:creator\" content=\"@farmaceuticsbcn\" \/>\n<meta name=\"twitter:site\" content=\"@farmaceuticsbcn\" \/>\n<meta name=\"twitter:label1\" content=\"Escrito por\" \/>\n\t<meta name=\"twitter:data1\" content=\"wpAdminCofbOrg\" \/>\n\t<meta name=\"twitter:label2\" content=\"Tiempo de lectura\" \/>\n\t<meta name=\"twitter:data2\" content=\"6 minutos\" \/>\n<script type=\"application\/ld+json\" class=\"yoast-schema-graph\">{\"@context\":\"https:\/\/schema.org\",\"@graph\":[{\"@type\":\"Article\",\"@id\":\"https:\/\/novaorg.cofb.net\/2020\/12\/16\/junta-general-ordinaria-aprovada-per-unanimitat-la-proposta-de-pressupostos-per-al-2021\/#article\",\"isPartOf\":{\"@id\":\"https:\/\/novaorg.cofb.net\/2020\/12\/16\/junta-general-ordinaria-aprovada-per-unanimitat-la-proposta-de-pressupostos-per-al-2021\/\"},\"author\":{\"name\":\"wpAdminCofbOrg\",\"@id\":\"https:\/\/www.cofb.org\/#\/schema\/person\/22ed7eea88da74b0fa4d3154ad87ffcb\"},\"headline\":\"Junta General Ordin\u00e0ria: Aprovada per unanimitat la proposta de pressupostos per al 2021\",\"datePublished\":\"2020-12-16T12:40:57+00:00\",\"dateModified\":\"2020-12-16T12:40:57+00:00\",\"mainEntityOfPage\":{\"@id\":\"https:\/\/novaorg.cofb.net\/2020\/12\/16\/junta-general-ordinaria-aprovada-per-unanimitat-la-proposta-de-pressupostos-per-al-2021\/\"},\"wordCount\":1268,\"commentCount\":0,\"publisher\":{\"@id\":\"https:\/\/www.cofb.org\/#organization\"},\"image\":{\"@id\":\"https:\/\/novaorg.cofb.net\/2020\/12\/16\/junta-general-ordinaria-aprovada-per-unanimitat-la-proposta-de-pressupostos-per-al-2021\/#primaryimage\"},\"thumbnailUrl\":\"\",\"keywords\":[\"aprovaci\u00f3 pressupostos\",\"Col\u00b7legi\",\"Col\u00b7legi de Farmac\u00e8utics de Barcelona\",\"farmac\u00e8utics\",\"farm\u00e0cia comunit\u00e0ria\",\"informe de presid\u00e8ncia\",\"informe de secretaria\",\"informe de tresoreria\",\"JGO\",\"Junta de Govern\",\"Junta de Govern del COFB\",\"Junta General Ordin\u00e0ria\",\"pressupostos\",\"proposta de pressupostos\"],\"articleSection\":[\"Destacats\",\"M\u00f3n col\u00b7legial\"],\"inLanguage\":\"es\",\"potentialAction\":[{\"@type\":\"CommentAction\",\"name\":\"Comment\",\"target\":[\"https:\/\/novaorg.cofb.net\/2020\/12\/16\/junta-general-ordinaria-aprovada-per-unanimitat-la-proposta-de-pressupostos-per-al-2021\/#respond\"]}]},{\"@type\":\"WebPage\",\"@id\":\"https:\/\/novaorg.cofb.net\/2020\/12\/16\/junta-general-ordinaria-aprovada-per-unanimitat-la-proposta-de-pressupostos-per-al-2021\/\",\"url\":\"https:\/\/novaorg.cofb.net\/2020\/12\/16\/junta-general-ordinaria-aprovada-per-unanimitat-la-proposta-de-pressupostos-per-al-2021\/\",\"name\":\"Junta General Ordin\u00e0ria: Aprovada per unanimitat la proposta de pressupostos per al 2021 - Col\u00b7legi de Farmac\u00e8utics de Barcelona\",\"isPartOf\":{\"@id\":\"https:\/\/www.cofb.org\/#website\"},\"primaryImageOfPage\":{\"@id\":\"https:\/\/novaorg.cofb.net\/2020\/12\/16\/junta-general-ordinaria-aprovada-per-unanimitat-la-proposta-de-pressupostos-per-al-2021\/#primaryimage\"},\"image\":{\"@id\":\"https:\/\/novaorg.cofb.net\/2020\/12\/16\/junta-general-ordinaria-aprovada-per-unanimitat-la-proposta-de-pressupostos-per-al-2021\/#primaryimage\"},\"thumbnailUrl\":\"\",\"datePublished\":\"2020-12-16T12:40:57+00:00\",\"dateModified\":\"2020-12-16T12:40:57+00:00\",\"description\":\"El passat dilluns 14 de desembre va tenir lloc al Col\u00b7legi de Farmac\u00e8utics de Barcelona (COFB) la Junta General Ordin\u00e0ria en qu\u00e8 es van aprovar per unanimitat els pressupostos per al 2021.\",\"breadcrumb\":{\"@id\":\"https:\/\/novaorg.cofb.net\/2020\/12\/16\/junta-general-ordinaria-aprovada-per-unanimitat-la-proposta-de-pressupostos-per-al-2021\/#breadcrumb\"},\"inLanguage\":\"es\",\"potentialAction\":[{\"@type\":\"ReadAction\",\"target\":[\"https:\/\/novaorg.cofb.net\/2020\/12\/16\/junta-general-ordinaria-aprovada-per-unanimitat-la-proposta-de-pressupostos-per-al-2021\/\"]}]},{\"@type\":\"ImageObject\",\"inLanguage\":\"es\",\"@id\":\"https:\/\/novaorg.cofb.net\/2020\/12\/16\/junta-general-ordinaria-aprovada-per-unanimitat-la-proposta-de-pressupostos-per-al-2021\/#primaryimage\",\"url\":\"\",\"contentUrl\":\"\"},{\"@type\":\"BreadcrumbList\",\"@id\":\"https:\/\/novaorg.cofb.net\/2020\/12\/16\/junta-general-ordinaria-aprovada-per-unanimitat-la-proposta-de-pressupostos-per-al-2021\/#breadcrumb\",\"itemListElement\":[{\"@type\":\"ListItem\",\"position\":1,\"name\":\"Inici\",\"item\":\"https:\/\/novaorg.cofb.net\/\"},{\"@type\":\"ListItem\",\"position\":2,\"name\":\"Junta General Ordin\u00e0ria: Aprovada per unanimitat la proposta de pressupostos per al 2021\"}]},{\"@type\":\"WebSite\",\"@id\":\"https:\/\/www.cofb.org\/#website\",\"url\":\"https:\/\/www.cofb.org\/\",\"name\":\"Col\u00b7legi de Farmac\u00e8utics de Barcelona\",\"description\":\"\",\"publisher\":{\"@id\":\"https:\/\/www.cofb.org\/#organization\"},\"potentialAction\":[{\"@type\":\"SearchAction\",\"target\":{\"@type\":\"EntryPoint\",\"urlTemplate\":\"https:\/\/www.cofb.org\/?s={search_term_string}\"},\"query-input\":\"required name=search_term_string\"}],\"inLanguage\":\"es\"},{\"@type\":\"Organization\",\"@id\":\"https:\/\/www.cofb.org\/#organization\",\"name\":\"Col\u00b7legi de Farmac\u00e8utics de Barcelona\",\"url\":\"https:\/\/www.cofb.org\/\",\"logo\":{\"@type\":\"ImageObject\",\"inLanguage\":\"es\",\"@id\":\"https:\/\/www.cofb.org\/#\/schema\/logo\/image\/\",\"url\":\"https:\/\/www.cofb.org\/wp-content\/uploads\/2023\/11\/cropped-Logotip-COFB.png\",\"contentUrl\":\"https:\/\/www.cofb.org\/wp-content\/uploads\/2023\/11\/cropped-Logotip-COFB.png\",\"width\":500,\"height\":105,\"caption\":\"Col\u00b7legi de Farmac\u00e8utics de Barcelona\"},\"image\":{\"@id\":\"https:\/\/www.cofb.org\/#\/schema\/logo\/image\/\"},\"sameAs\":[\"https:\/\/www.facebook.com\/farmaceuticsbcn\/\",\"https:\/\/twitter.com\/farmaceuticsbcn\",\"https:\/\/www.instagram.com\/farmaceuticsbcn\/\",\"https:\/\/www.linkedin.com\/company\/farmaceuticsbcn\/\"]},{\"@type\":\"Person\",\"@id\":\"https:\/\/www.cofb.org\/#\/schema\/person\/22ed7eea88da74b0fa4d3154ad87ffcb\",\"name\":\"wpAdminCofbOrg\",\"image\":{\"@type\":\"ImageObject\",\"inLanguage\":\"es\",\"@id\":\"https:\/\/www.cofb.org\/#\/schema\/person\/image\/\",\"url\":\"https:\/\/secure.gravatar.com\/avatar\/1721b20b3b8ca882c3b56ec6c978c594fff670e40c0718e9190eaeeb76aae7d8?s=96&d=mm&r=g\",\"contentUrl\":\"https:\/\/secure.gravatar.com\/avatar\/1721b20b3b8ca882c3b56ec6c978c594fff670e40c0718e9190eaeeb76aae7d8?s=96&d=mm&r=g\",\"caption\":\"wpAdminCofbOrg\"},\"sameAs\":[\"http:\/\/192.168.64.122\/wordpress\"],\"url\":\"https:\/\/www.cofb.org\/es\/author\/wpadmincofborg\/\"}]}<\/script>\n<!-- \/ Yoast SEO plugin. -->","yoast_head_json":{"title":"Junta General Ordin\u00e0ria: Aprovada per unanimitat la proposta de pressupostos per al 2021 - Col\u00b7legi de Farmac\u00e8utics de Barcelona","description":"El passat dilluns 14 de desembre va tenir lloc al Col\u00b7legi de Farmac\u00e8utics de Barcelona (COFB) la Junta General Ordin\u00e0ria en qu\u00e8 es van aprovar per unanimitat els pressupostos per al 2021.","robots":{"index":"index","follow":"follow","max-snippet":"max-snippet:-1","max-image-preview":"max-image-preview:large","max-video-preview":"max-video-preview:-1"},"canonical":"https:\/\/novaorg.cofb.net\/2020\/12\/16\/junta-general-ordinaria-aprovada-per-unanimitat-la-proposta-de-pressupostos-per-al-2021\/","og_locale":"es_ES","og_type":"article","og_title":"Junta General Ordin\u00e0ria: Aprovada per unanimitat la proposta de pressupostos per al 2021 - Col\u00b7legi de Farmac\u00e8utics de Barcelona","og_description":"El passat dilluns 14 de desembre va tenir lloc al Col\u00b7legi de Farmac\u00e8utics de Barcelona (COFB) la Junta General Ordin\u00e0ria en qu\u00e8 es van aprovar per unanimitat els pressupostos per al 2021.","og_url":"https:\/\/novaorg.cofb.net\/2020\/12\/16\/junta-general-ordinaria-aprovada-per-unanimitat-la-proposta-de-pressupostos-per-al-2021\/","og_site_name":"Col\u00b7legi de Farmac\u00e8utics de Barcelona","article_publisher":"https:\/\/www.facebook.com\/farmaceuticsbcn\/","article_published_time":"2020-12-16T12:40:57+00:00","author":"wpAdminCofbOrg","twitter_card":"summary_large_image","twitter_creator":"@farmaceuticsbcn","twitter_site":"@farmaceuticsbcn","twitter_misc":{"Escrito por":"wpAdminCofbOrg","Tiempo de lectura":"6 minutos"},"schema":{"@context":"https:\/\/schema.org","@graph":[{"@type":"Article","@id":"https:\/\/novaorg.cofb.net\/2020\/12\/16\/junta-general-ordinaria-aprovada-per-unanimitat-la-proposta-de-pressupostos-per-al-2021\/#article","isPartOf":{"@id":"https:\/\/novaorg.cofb.net\/2020\/12\/16\/junta-general-ordinaria-aprovada-per-unanimitat-la-proposta-de-pressupostos-per-al-2021\/"},"author":{"name":"wpAdminCofbOrg","@id":"https:\/\/www.cofb.org\/#\/schema\/person\/22ed7eea88da74b0fa4d3154ad87ffcb"},"headline":"Junta General Ordin\u00e0ria: Aprovada per unanimitat la proposta de pressupostos per al 2021","datePublished":"2020-12-16T12:40:57+00:00","dateModified":"2020-12-16T12:40:57+00:00","mainEntityOfPage":{"@id":"https:\/\/novaorg.cofb.net\/2020\/12\/16\/junta-general-ordinaria-aprovada-per-unanimitat-la-proposta-de-pressupostos-per-al-2021\/"},"wordCount":1268,"commentCount":0,"publisher":{"@id":"https:\/\/www.cofb.org\/#organization"},"image":{"@id":"https:\/\/novaorg.cofb.net\/2020\/12\/16\/junta-general-ordinaria-aprovada-per-unanimitat-la-proposta-de-pressupostos-per-al-2021\/#primaryimage"},"thumbnailUrl":"","keywords":["aprovaci\u00f3 pressupostos","Col\u00b7legi","Col\u00b7legi de Farmac\u00e8utics de Barcelona","farmac\u00e8utics","farm\u00e0cia comunit\u00e0ria","informe de presid\u00e8ncia","informe de secretaria","informe de tresoreria","JGO","Junta de Govern","Junta de Govern del COFB","Junta General Ordin\u00e0ria","pressupostos","proposta de pressupostos"],"articleSection":["Destacats","M\u00f3n col\u00b7legial"],"inLanguage":"es","potentialAction":[{"@type":"CommentAction","name":"Comment","target":["https:\/\/novaorg.cofb.net\/2020\/12\/16\/junta-general-ordinaria-aprovada-per-unanimitat-la-proposta-de-pressupostos-per-al-2021\/#respond"]}]},{"@type":"WebPage","@id":"https:\/\/novaorg.cofb.net\/2020\/12\/16\/junta-general-ordinaria-aprovada-per-unanimitat-la-proposta-de-pressupostos-per-al-2021\/","url":"https:\/\/novaorg.cofb.net\/2020\/12\/16\/junta-general-ordinaria-aprovada-per-unanimitat-la-proposta-de-pressupostos-per-al-2021\/","name":"Junta General Ordin\u00e0ria: Aprovada per unanimitat la proposta de pressupostos per al 2021 - Col\u00b7legi de Farmac\u00e8utics de Barcelona","isPartOf":{"@id":"https:\/\/www.cofb.org\/#website"},"primaryImageOfPage":{"@id":"https:\/\/novaorg.cofb.net\/2020\/12\/16\/junta-general-ordinaria-aprovada-per-unanimitat-la-proposta-de-pressupostos-per-al-2021\/#primaryimage"},"image":{"@id":"https:\/\/novaorg.cofb.net\/2020\/12\/16\/junta-general-ordinaria-aprovada-per-unanimitat-la-proposta-de-pressupostos-per-al-2021\/#primaryimage"},"thumbnailUrl":"","datePublished":"2020-12-16T12:40:57+00:00","dateModified":"2020-12-16T12:40:57+00:00","description":"El passat dilluns 14 de desembre va tenir lloc al Col\u00b7legi de Farmac\u00e8utics de Barcelona (COFB) la Junta General Ordin\u00e0ria en qu\u00e8 es van aprovar per unanimitat els pressupostos per al 2021.","breadcrumb":{"@id":"https:\/\/novaorg.cofb.net\/2020\/12\/16\/junta-general-ordinaria-aprovada-per-unanimitat-la-proposta-de-pressupostos-per-al-2021\/#breadcrumb"},"inLanguage":"es","potentialAction":[{"@type":"ReadAction","target":["https:\/\/novaorg.cofb.net\/2020\/12\/16\/junta-general-ordinaria-aprovada-per-unanimitat-la-proposta-de-pressupostos-per-al-2021\/"]}]},{"@type":"ImageObject","inLanguage":"es","@id":"https:\/\/novaorg.cofb.net\/2020\/12\/16\/junta-general-ordinaria-aprovada-per-unanimitat-la-proposta-de-pressupostos-per-al-2021\/#primaryimage","url":"","contentUrl":""},{"@type":"BreadcrumbList","@id":"https:\/\/novaorg.cofb.net\/2020\/12\/16\/junta-general-ordinaria-aprovada-per-unanimitat-la-proposta-de-pressupostos-per-al-2021\/#breadcrumb","itemListElement":[{"@type":"ListItem","position":1,"name":"Inici","item":"https:\/\/novaorg.cofb.net\/"},{"@type":"ListItem","position":2,"name":"Junta General Ordin\u00e0ria: Aprovada per unanimitat la proposta de pressupostos per al 2021"}]},{"@type":"WebSite","@id":"https:\/\/www.cofb.org\/#website","url":"https:\/\/www.cofb.org\/","name":"Col\u00b7legi de Farmac\u00e8utics de Barcelona","description":"","publisher":{"@id":"https:\/\/www.cofb.org\/#organization"},"potentialAction":[{"@type":"SearchAction","target":{"@type":"EntryPoint","urlTemplate":"https:\/\/www.cofb.org\/?s={search_term_string}"},"query-input":"required name=search_term_string"}],"inLanguage":"es"},{"@type":"Organization","@id":"https:\/\/www.cofb.org\/#organization","name":"Col\u00b7legi de Farmac\u00e8utics de Barcelona","url":"https:\/\/www.cofb.org\/","logo":{"@type":"ImageObject","inLanguage":"es","@id":"https:\/\/www.cofb.org\/#\/schema\/logo\/image\/","url":"https:\/\/www.cofb.org\/wp-content\/uploads\/2023\/11\/cropped-Logotip-COFB.png","contentUrl":"https:\/\/www.cofb.org\/wp-content\/uploads\/2023\/11\/cropped-Logotip-COFB.png","width":500,"height":105,"caption":"Col\u00b7legi de Farmac\u00e8utics de Barcelona"},"image":{"@id":"https:\/\/www.cofb.org\/#\/schema\/logo\/image\/"},"sameAs":["https:\/\/www.facebook.com\/farmaceuticsbcn\/","https:\/\/twitter.com\/farmaceuticsbcn","https:\/\/www.instagram.com\/farmaceuticsbcn\/","https:\/\/www.linkedin.com\/company\/farmaceuticsbcn\/"]},{"@type":"Person","@id":"https:\/\/www.cofb.org\/#\/schema\/person\/22ed7eea88da74b0fa4d3154ad87ffcb","name":"wpAdminCofbOrg","image":{"@type":"ImageObject","inLanguage":"es","@id":"https:\/\/www.cofb.org\/#\/schema\/person\/image\/","url":"https:\/\/secure.gravatar.com\/avatar\/1721b20b3b8ca882c3b56ec6c978c594fff670e40c0718e9190eaeeb76aae7d8?s=96&d=mm&r=g","contentUrl":"https:\/\/secure.gravatar.com\/avatar\/1721b20b3b8ca882c3b56ec6c978c594fff670e40c0718e9190eaeeb76aae7d8?s=96&d=mm&r=g","caption":"wpAdminCofbOrg"},"sameAs":["http:\/\/192.168.64.122\/wordpress"],"url":"https:\/\/www.cofb.org\/es\/author\/wpadmincofborg\/"}]}},"uagb_featured_image_src":{"full":false,"thumbnail":false,"medium":false,"medium_large":false,"large":false,"1536x1536":false,"2048x2048":false,"trp-custom-language-flag":false},"uagb_author_info":{"display_name":"wpAdminCofbOrg","author_link":"https:\/\/www.cofb.org\/es\/author\/wpadmincofborg\/"},"uagb_comment_info":0,"uagb_excerpt":"El passat dilluns 14 de desembre va tenir lloc al Col\u00b7legi de Farmac\u00e8utics de Barcelona (COFB) la Junta General Ordin\u00e0ria en qu\u00e8 es van aprovar per unanimitat els pressupostos per al 2021. Al llarg de la Junta, que tamb\u00e9 es va poder seguir via webinar, es va presentar l&#8217;Informe de [&hellip;]","_links":{"self":[{"href":"https:\/\/www.cofb.org\/es\/wp-json\/wp\/v2\/posts\/53285","targetHints":{"allow":["GET"]}}],"collection":[{"href":"https:\/\/www.cofb.org\/es\/wp-json\/wp\/v2\/posts"}],"about":[{"href":"https:\/\/www.cofb.org\/es\/wp-json\/wp\/v2\/types\/post"}],"author":[{"embeddable":true,"href":"https:\/\/www.cofb.org\/es\/wp-json\/wp\/v2\/users\/1"}],"replies":[{"embeddable":true,"href":"https:\/\/www.cofb.org\/es\/wp-json\/wp\/v2\/comments?post=53285"}],"version-history":[{"count":0,"href":"https:\/\/www.cofb.org\/es\/wp-json\/wp\/v2\/posts\/53285\/revisions"}],"wp:featuredmedia":[{"embeddable":true,"href":"https:\/\/www.cofb.org\/es\/wp-json\/"}],"wp:attachment":[{"href":"https:\/\/www.cofb.org\/es\/wp-json\/wp\/v2\/media?parent=53285"}],"wp:term":[{"taxonomy":"category","embeddable":true,"href":"https:\/\/www.cofb.org\/es\/wp-json\/wp\/v2\/categories?post=53285"},{"taxonomy":"post_tag","embeddable":true,"href":"https:\/\/www.cofb.org\/es\/wp-json\/wp\/v2\/tags?post=53285"}],"curies":[{"name":"wp","href":"https:\/\/api.w.org\/{rel}","templated":true}]}}