{"id":53219,"date":"2020-12-18T13:53:31","date_gmt":"2020-12-18T11:53:31","guid":{"rendered":"https:\/\/blog.cofb.cat\/?p=53219"},"modified":"2020-12-18T13:53:31","modified_gmt":"2020-12-18T11:53:31","slug":"nutricio-infantil-personalitzada-com-a-suport-al-desenvolupament-de-nadons-i-infants","status":"publish","type":"post","link":"https:\/\/www.cofb.org\/es\/2020\/12\/18\/nutricio-infantil-personalitzada-com-a-suport-al-desenvolupament-de-nadons-i-infants\/","title":{"rendered":"Nutrici\u00f3n infantil personalizada como soporte al desarrollo de beb\u00e9s y ni\u00f1os"},"content":{"rendered":"<p>El pasado 2 de diciembre tuvo lugar en el Colegio de Farmac\u00e9uticos de Barcelona (COFB) la conferencia\u00a0<strong>&quot;Nutrici\u00f3n infantil personalizada como apoyo al desarrollo de beb\u00e9s y ni\u00f1os&quot;<\/strong>, moderada por la vocal de Alimentaci\u00f3n y Nutrici\u00f3n del COFB, Anna Bach-Faig. La sesi\u00f3n tuvo dos blogs. Por un lado, la ponencia <strong>&quot;Impacto de la nutrici\u00f3n en la microbiota intestinal&quot;<\/strong>, a cargo del director del departamento de pediatr\u00eda de la Cl\u00ednica Universidad de Navarra, dr. Jos\u00e9 Manuel Moreno Villares; y, por otro, la ponencia <strong>&quot;El rol activo de la farmacia comunitaria en la nutrici\u00f3n infantil&quot;<\/strong>, a cargo de Luis Garc\u00eda Moreno, farmac\u00e9utico comunitario, dietista-nutricionista y miembro del grupo de nutrici\u00f3n y digestivo de SEFAC.<\/p>\n<figure id=\"attachment_53237\" aria-describedby=\"caption-attachment-53237\" style=\"width: 620px\" class=\"wp-caption aligncenter\"><a href=\"https:\/\/blog.cofb.cat\/wp-content\/uploads\/2020\/12\/Nutrici\u00f3-personalitzada-1.png\" rel=\"El Dr. Jos\u00e9 Manuel Moreno Villares, del Departament de Pediatria de la Cl\u00ednica Universitat de Navarra, en un moment de la seva confer\u00e8ncia. \"><img fetchpriority=\"high\" decoding=\"async\" class=\"wp-image-53237 size-large\" title=\"El dr. Jos\u00e9 Manuel Moreno Villares, del Departamento de Pediatr\u00eda de la Cl\u00ednica Universidad de Navarra, en un momento de su conferencia. \" src=\"https:\/\/blog.cofb.cat\/wp-content\/uploads\/2020\/12\/Nutrici\u00f3-personalitzada-1-1024x591.png\" alt=\"\" width=\"620\" height=\"358\" \/><\/a><figcaption id=\"caption-attachment-53237\" class=\"wp-caption-text\">El dr. Jos\u00e9 Manuel Moreno Villares, del Departamento de Pediatr\u00eda de la Cl\u00ednica Universidad de Navarra, en un momento de su conferencia.<\/figcaption><\/figure>\n<h1><span style=\"color: #008080;\"><strong>Impacto de la nutrici\u00f3n en la microbiota intestinal<\/strong><\/span><\/h1>\n<p>El doctor empez\u00f3 su intervenci\u00f3n haciendo referencia a las definiciones de microbiota y microbioma, las funciones de la microbiota intestinal (adquisici\u00f3n, evoluci\u00f3n, etc.) Destac\u00f3 que hay ocasiones en las que el equilibrio de la microbiota se modifica (disbiosis intestinal ) y que una menor diversidad bacteriana se asocia a: enfermedad inflamatoria intestinal, diabetes mellitus, eczema at\u00f3pico, enfermedad cel\u00edaca, artritis psori\u00e1sica\u2026<\/p>\n<h2><strong>Alteraci\u00f3n de la microbiota y manifestaciones al\u00e9rgicas<\/strong><\/h2>\n<p>Dentro de este blog, el doctor apunt\u00f3 que una <strong>diversidad de la microbiota intestinal en etapas tempranas<\/strong> parece asociarse a una <strong>menor incidencia de manifestaciones al\u00e9rgicas <\/strong>y que la disminuci\u00f3n de la diversidad microbiana precede a las manifestaciones al\u00e9rgicas.<\/p>\n<h2><strong>Modificaci\u00f3n de la microbiota<\/strong><\/h2>\n<p>Seg\u00fan apunt\u00f3, existen dos estrategias que pueden modificar la microbiota La primera consistir\u00eda en\u00a0<strong>modular la microbiota existente <\/strong>(ejemplos: a trav\u00e9s de una dieta personalizada; tomando prebi\u00f3ticos o pasar de un uso indiscriminado de los antibi\u00f3ticos que altera la microbiota a un uso personalizado basado en cada microbiota y sus resistencias). La segunda consistir\u00eda en\u00a0<strong>a\u00f1adir nuevos microorganismos<\/strong> (ejemplos: ingesti\u00f3n de bacterias vivas como probi\u00f3ticas, trasplante de microbiota, o simbi\u00f3ticos).<\/p>\n<h2><strong>Conclusiones<\/strong><\/h2>\n<p>Como <strong>conclusiones principales<\/strong> de su intervenci\u00f3n, el dr. Moreno destac\u00f3 que nos encontramos en una etapa en la que, cada vez m\u00e1s, podemos modificar la salud a trav\u00e9s de la alimentaci\u00f3n y medir sus efectos a trav\u00e9s de nuestros microbios o sus metabolitos. Dado que el establecimiento de la microbiota sucede en edades tempranas, su conocimiento es especialmente importante en lo que respecta a los ni\u00f1os.<\/p>\n<p>&nbsp;<\/p>\n<figure id=\"attachment_53256\" aria-describedby=\"caption-attachment-53256\" style=\"width: 620px\" class=\"wp-caption aligncenter\"><a href=\"https:\/\/blog.cofb.cat\/wp-content\/uploads\/2020\/12\/Nad\u00f3.png\"><img decoding=\"async\" class=\"wp-image-53256 size-large\" title=\"El establecimiento de la microbiota se produce en edades tempranas. \" src=\"https:\/\/blog.cofb.cat\/wp-content\/uploads\/2020\/12\/Nad\u00f3-1024x671.png\" alt=\"L'establiment de la microbiota es produeix en edats primerenques. \" width=\"620\" height=\"406\" \/><\/a><figcaption id=\"caption-attachment-53256\" class=\"wp-caption-text\">El establecimiento de la microbiota se produce en edades tempranas.<\/figcaption><\/figure>\n<p>Otras conclusiones del dr. Moreno fueron que algunos estudios cl\u00ednicos de intervenci\u00f3n demuestran <strong>la eficacia de determinadas cepas de probi\u00f3ticos<\/strong> en la prevenci\u00f3n de la enterocolitis necrosante y de las manifestaciones al\u00e9rgicas, y en el tratamiento de algunos trastornos digestivos funcionales del lactante y el ni\u00f1o. Sin embargo, existe la necesidad de buenos estudios cl\u00ednicos para determinar las aplicaciones pr\u00e1cticas de la modificaci\u00f3n de la microbiota.<\/p>\n<div class=\"box success\"><\/p>\n<h1><span style=\"color: #008080;\"><strong>La personalizaci\u00f3n de la nutrici\u00f3n en las primeras etapas de la vida mejora la salud<\/strong><\/span><\/h1>\n<p>Las \u00faltimas investigaciones y los avances conseguidos confirman que la <strong>personalizaci\u00f3n de la nutrici\u00f3n en las primeras etapas de la vida<\/strong> asegura un mejor desarrollo y estado de salud.<\/p>\n<p>En la conferencia se hizo una revisi\u00f3n de la <strong>influencia de la microbiota<\/strong> en los problemas de salud de lactantes y reci\u00e9n nacidos como c\u00f3licos, alergias alimentarias o dermatitis at\u00f3pica y se analizaron las \u00faltimas tendencias y estudios en <strong>el uso de probi\u00f3ticos en beb\u00e9s<\/strong>. Tambi\u00e9n se expuso y valor\u00f3 la <strong>necesidad de complementar<\/strong> en diferentes situaciones vinculadas a distintos nutrientes en las que el farmac\u00e9utico puede intervenir.<\/p>\n<p><\/div>\n<h1><span style=\"color: #008080;\"><strong>El rol activo de la farmacia comunitaria en la nutrici\u00f3n infantil<\/strong><\/span><\/h1>\n<p>En este blog, el farmac\u00e9utico comunitario Luis Garc\u00eda Moreno abord\u00f3 <strong>la alimentaci\u00f3n de los ni\u00f1os entre 0 y 3 a\u00f1os<\/strong>. Tal y como explic\u00f3, en<strong> ni\u00f1os entre 0 y 3 a\u00f1os<\/strong> con una perfecta <strong>alimentaci\u00f3n equilibrada y saludable<\/strong> no ser\u00eda necesaria la suplementaci\u00f3n. A\u00fan as\u00ed, se pueden dar situaciones de suplementaci\u00f3n como el estre\u00f1imiento. Seg\u00fan apunt\u00f3, el 16% de los padres consideran que sus hijos sufren. Para hacerle frente, el farmac\u00e9utico record\u00f3 que es importante<strong> modificar la dieta<\/strong>, <strong>equilibrar el contenido de fibra<\/strong>, <strong>incorporar frutas<\/strong>, <strong>verduras<\/strong> y <strong>cereales integrales, <\/strong>adem\u00e1s de hacer una buena <strong>ingesta de l\u00edquidos<\/strong>.<\/p>\n<figure id=\"attachment_53248\" aria-describedby=\"caption-attachment-53248\" style=\"width: 620px\" class=\"wp-caption aligncenter\"><a href=\"https:\/\/blog.cofb.cat\/wp-content\/uploads\/2020\/12\/Farmac\u00e8utic.png\"><img decoding=\"async\" class=\"wp-image-53248 size-large\" title=\"Intervenci\u00f3n del farmac\u00e9utico Luis Garc\u00eda Moreno en el marco de la conferencia &quot;Nutrici\u00f3n infantil personalizada como soporte al desarrollo de beb\u00e9s y ni\u00f1os&quot;\" src=\"https:\/\/blog.cofb.cat\/wp-content\/uploads\/2020\/12\/Farmac\u00e8utic-1024x660.png\" alt=\"Intervenci\u00f3 del farmac\u00e8utic Luis Garc\u00eda Moreno en el marc de la confer\u00e8ncia &quot;Nutrici\u00f3 infantil personalitzada com a suport al desenvolupament de nadons i infants&quot;\" width=\"620\" height=\"400\" \/><\/a><figcaption id=\"caption-attachment-53248\" class=\"wp-caption-text\">Intervenci\u00f3n del farmac\u00e9utico Luis Garc\u00eda Moreno en el marco de la conferencia &quot;Nutrici\u00f3n infantil personalizada como apoyo al desarrollo de beb\u00e9s y ni\u00f1os&quot;<\/figcaption><\/figure>\n<p>A continuaci\u00f3n, Garc\u00eda abord\u00f3 la <strong>diarrea asociada a antibi\u00f3ticos<\/strong>, refiri\u00e9ndose a que hasta un <strong>62% de los ni\u00f1os tratados con antibi\u00f3ticos<\/strong> experimentan<strong> episodios de diarrea<\/strong> como resultado de esta disbiosis. Por otra parte, tambi\u00e9n se refiri\u00f3 a las situaciones de suplementaci\u00f3n de vitamina D en ni\u00f1os de 0 a 3 a\u00f1os. Algunos de los <strong>grupos de riesgo<\/strong> que pueden necesitar suplementaci\u00f3n son los siguientes: ni\u00f1os con asma, patolog\u00eda infecciosa repetida, enfermedades autoinmunes, enfermedades cardiovasculares o durante la estaci\u00f3n del invierno, casos de raquitismo u obesidad.<\/p>\n<h2><strong>La adecuada ingesta de DHA, esencial en la infancia<\/strong><\/h2>\n<p>Por \u00faltimo, en cuanto a la suplementaci\u00f3n con DHA (\u00e1cido docosahexaenoico por sus siglas en ingl\u00e9s), el farmac\u00e9utico expuso que \u00e9ste se encuentra presente en el at\u00fan, las sardinas, el salm\u00f3n, las anchoas, los boquerones y la caballa y en microalgas marinas. Dado su <strong>papel estructural<\/strong>, una <strong>adecuada ingesta de DHA<\/strong> es<strong> esencial en la infancia<\/strong>. Todo ello, porque el cerebro y los ojos sufren <strong>desarrollo r\u00e1pido<\/strong> en la edad temprana.<\/p>\n<p>Tambi\u00e9n cabe destacar que los beb\u00e9s nacen con <strong>poca visi\u00f3n<\/strong> y su <strong>agudeza visual<\/strong> se desarrolla a lo largo del tiempo. La visi\u00f3n mejora en gran medida, pero no se acaba de desarrollar hasta los dos a\u00f1os.<\/p>\n<p style=\"text-align: right;\"><strong>Con el patrocinio de:<\/strong><\/p>\n<p style=\"text-align: right;\"><a href=\"https:\/\/www.nestlebebe.es\/\" target=\"_blank\" rel=\"noopener\"><img loading=\"lazy\" decoding=\"async\" class=\"wp-image-53222 alignright\" src=\"https:\/\/blog.cofb.cat\/wp-content\/uploads\/2020\/12\/Baby-Me.png\" alt=\"\" width=\"142\" height=\"63\" \/><\/a><\/p>\n<p>&nbsp;<\/p>\n<p>&nbsp;<\/p>\n<p><strong>Otras publicaciones de inter\u00e9s:<\/strong><\/p>\n<ul>\n<li><a href=\"https:\/\/blog.cofb.cat\/teoria-practica-lactuacio-farmaceutica-nutricio-artificial\/\" target=\"_blank\" rel=\"noopener\">Teor\u00eda y pr\u00e1ctica de la actuaci\u00f3n farmac\u00e9utica en nutrici\u00f3n artificial (Febrero 2020)<\/a><\/li>\n<li><a href=\"https:\/\/blog.cofb.cat\/consell-farmaceutic-darrers-avencos-formules-infantils\/\" target=\"_blank\" rel=\"noopener\">El consejo farmac\u00e9utico y los \u00faltimos avances en f\u00f3rmulas infantiles (Diciembre 2019)<\/a><\/li>\n<li><a href=\"https:\/\/blog.cofb.cat\/aprenentatges-sobre-lalimentacio-infantil-collegi\/\" target=\"_blank\" rel=\"noopener\">Aprendizajes sobre la alimentaci\u00f3n infantil en el Colegio (Febrero 2018)<\/a><\/li>\n<\/ul>","protected":false},"excerpt":{"rendered":"<p>El pasado 2 de diciembre tuvo lugar en el Colegio de Farmac\u00e9uticos de Barcelona (COFB) la conferencia \u201cNutrici\u00f3n infantil personalizada como apoyo al desarrollo de beb\u00e9s y ni\u00f1os\u201d, moderada por la vocal de Alimentaci\u00f3n y Nutrici\u00f3n del COFB, Anna Bach -Hago. La sesi\u00f3n tuvo dos blogs. Por un lado, la ponencia \u201cImpacto de [\u2026]<\/p>","protected":false},"author":1,"featured_media":53256,"comment_status":"open","ping_status":"open","sticky":false,"template":"","format":"standard","meta":{"_uag_custom_page_level_css":"","site-sidebar-layout":"default","site-content-layout":"","ast-site-content-layout":"default","site-content-style":"default","site-sidebar-style":"default","ast-global-header-display":"","ast-banner-title-visibility":"","ast-main-header-display":"","ast-hfb-above-header-display":"","ast-hfb-below-header-display":"","ast-hfb-mobile-header-display":"","site-post-title":"","ast-breadcrumbs-content":"","ast-featured-img":"disabled","footer-sml-layout":"","theme-transparent-header-meta":"","adv-header-id-meta":"","stick-header-meta":"","header-above-stick-meta":"","header-main-stick-meta":"","header-below-stick-meta":"","astra-migrate-meta-layouts":"default","ast-page-background-enabled":"default","ast-page-background-meta":{"desktop":{"background-color":"var(--ast-global-color-4)","background-image":"","background-repeat":"repeat","background-position":"center center","background-size":"auto","background-attachment":"scroll","background-type":"","background-media":"","overlay-type":"","overlay-color":"","overlay-opacity":"","overlay-gradient":""},"tablet":{"background-color":"","background-image":"","background-repeat":"repeat","background-position":"center center","background-size":"auto","background-attachment":"scroll","background-type":"","background-media":"","overlay-type":"","overlay-color":"","overlay-opacity":"","overlay-gradient":""},"mobile":{"background-color":"","background-image":"","background-repeat":"repeat","background-position":"center center","background-size":"auto","background-attachment":"scroll","background-type":"","background-media":"","overlay-type":"","overlay-color":"","overlay-opacity":"","overlay-gradient":""}},"ast-content-background-meta":{"desktop":{"background-color":"var(--ast-global-color-5)","background-image":"","background-repeat":"repeat","background-position":"center center","background-size":"auto","background-attachment":"scroll","background-type":"","background-media":"","overlay-type":"","overlay-color":"","overlay-opacity":"","overlay-gradient":""},"tablet":{"background-color":"var(--ast-global-color-5)","background-image":"","background-repeat":"repeat","background-position":"center center","background-size":"auto","background-attachment":"scroll","background-type":"","background-media":"","overlay-type":"","overlay-color":"","overlay-opacity":"","overlay-gradient":""},"mobile":{"background-color":"var(--ast-global-color-5)","background-image":"","background-repeat":"repeat","background-position":"center center","background-size":"auto","background-attachment":"scroll","background-type":"","background-media":"","overlay-type":"","overlay-color":"","overlay-opacity":"","overlay-gradient":""}},"footnotes":""},"categories":[23,57],"tags":[36,2967,18,19,53,68,69,608,3457,46,4442,76,747,95,3892,117,388],"class_list":["post-53219","post","type-post","status-publish","format-standard","has-post-thumbnail","hentry","category-destacats","category-mon-collegial","tag-alimentacio","tag-alimentacio-infantil","tag-cofb","tag-collegi-de-farmaceutics-de-barcelona","tag-farmaceutics","tag-farmacia","tag-farmacia-comunitaria","tag-infants","tag-lactants","tag-nutricio","tag-nutricio-personalitzada","tag-oficina-de-farmacia","tag-prebiotics","tag-probiotics","tag-probiotics-i-prebiotics","tag-salut","tag-vocalia-alimentacio-i-nutricio"],"yoast_head":"<!-- This site is optimized with the Yoast SEO plugin v22.4 - https:\/\/yoast.com\/wordpress\/plugins\/seo\/ -->\n<title>Nutrici\u00f3 infantil personalitzada com a suport al desenvolupament de nadons i infants - Col\u00b7legi de Farmac\u00e8utics de Barcelona<\/title>\n<meta name=\"description\" content=\"El passat 2 de desembre va tenir lloc al Col\u00b7legi de Farmac\u00e8utics de Barcelona (COFB) la confer\u00e8ncia\u00a0&quot;Nutrici\u00f3\u00a0infantil personalitzada com a suport al desenvolupament de nadons i infants&quot;, moderada per la vocal d&#039;Alimentaci\u00f3 i Nutrici\u00f3 del COFB, Anna Bach-Faig.\" \/>\n<meta name=\"robots\" content=\"index, follow, max-snippet:-1, max-image-preview:large, max-video-preview:-1\" \/>\n<link rel=\"canonical\" href=\"https:\/\/novaorg.cofb.net\/2020\/12\/18\/nutricio-infantil-personalitzada-com-a-suport-al-desenvolupament-de-nadons-i-infants\/\" \/>\n<meta property=\"og:locale\" content=\"es_ES\" \/>\n<meta property=\"og:type\" content=\"article\" \/>\n<meta property=\"og:title\" content=\"Nutrici\u00f3 infantil personalitzada com a suport al desenvolupament de nadons i infants - Col\u00b7legi de Farmac\u00e8utics de Barcelona\" \/>\n<meta property=\"og:description\" content=\"El passat 2 de desembre va tenir lloc al Col\u00b7legi de Farmac\u00e8utics de Barcelona (COFB) la confer\u00e8ncia\u00a0&quot;Nutrici\u00f3\u00a0infantil personalitzada com a suport al desenvolupament de nadons i infants&quot;, moderada per la vocal d&#039;Alimentaci\u00f3 i Nutrici\u00f3 del COFB, Anna Bach-Faig.\" \/>\n<meta property=\"og:url\" content=\"https:\/\/novaorg.cofb.net\/2020\/12\/18\/nutricio-infantil-personalitzada-com-a-suport-al-desenvolupament-de-nadons-i-infants\/\" \/>\n<meta property=\"og:site_name\" content=\"Col\u00b7legi de Farmac\u00e8utics de Barcelona\" \/>\n<meta property=\"article:publisher\" content=\"https:\/\/www.facebook.com\/farmaceuticsbcn\/\" \/>\n<meta property=\"article:published_time\" content=\"2020-12-18T11:53:31+00:00\" \/>\n<meta name=\"author\" content=\"wpAdminCofbOrg\" \/>\n<meta name=\"twitter:card\" content=\"summary_large_image\" \/>\n<meta name=\"twitter:creator\" content=\"@farmaceuticsbcn\" \/>\n<meta name=\"twitter:site\" content=\"@farmaceuticsbcn\" \/>\n<meta name=\"twitter:label1\" content=\"Escrito por\" \/>\n\t<meta name=\"twitter:data1\" content=\"wpAdminCofbOrg\" \/>\n\t<meta name=\"twitter:label2\" content=\"Tiempo de lectura\" \/>\n\t<meta name=\"twitter:data2\" content=\"5 minutos\" \/>\n<script type=\"application\/ld+json\" class=\"yoast-schema-graph\">{\"@context\":\"https:\/\/schema.org\",\"@graph\":[{\"@type\":\"Article\",\"@id\":\"https:\/\/novaorg.cofb.net\/2020\/12\/18\/nutricio-infantil-personalitzada-com-a-suport-al-desenvolupament-de-nadons-i-infants\/#article\",\"isPartOf\":{\"@id\":\"https:\/\/novaorg.cofb.net\/2020\/12\/18\/nutricio-infantil-personalitzada-com-a-suport-al-desenvolupament-de-nadons-i-infants\/\"},\"author\":{\"name\":\"wpAdminCofbOrg\",\"@id\":\"https:\/\/www.cofb.org\/#\/schema\/person\/22ed7eea88da74b0fa4d3154ad87ffcb\"},\"headline\":\"Nutrici\u00f3 infantil personalitzada com a suport al desenvolupament de nadons i infants\",\"datePublished\":\"2020-12-18T11:53:31+00:00\",\"dateModified\":\"2020-12-18T11:53:31+00:00\",\"mainEntityOfPage\":{\"@id\":\"https:\/\/novaorg.cofb.net\/2020\/12\/18\/nutricio-infantil-personalitzada-com-a-suport-al-desenvolupament-de-nadons-i-infants\/\"},\"wordCount\":1097,\"commentCount\":0,\"publisher\":{\"@id\":\"https:\/\/www.cofb.org\/#organization\"},\"image\":{\"@id\":\"https:\/\/novaorg.cofb.net\/2020\/12\/18\/nutricio-infantil-personalitzada-com-a-suport-al-desenvolupament-de-nadons-i-infants\/#primaryimage\"},\"thumbnailUrl\":\"\",\"keywords\":[\"alimentaci\u00f3\",\"alimentaci\u00f3 infantil\",\"COFB\",\"Col\u00b7legi de Farmac\u00e8utics de Barcelona\",\"farmac\u00e8utics\",\"Farm\u00e0cia\",\"farm\u00e0cia comunit\u00e0ria\",\"infants\",\"lactants\",\"Nutrici\u00f3\",\"nutrici\u00f3 personalitzada\",\"Oficina de farm\u00e0cia\",\"prebi\u00f2tics\",\"probi\u00f2tics\",\"probi\u00f2tics i prebi\u00f2tics\",\"salut\",\"vocalia alimentaci\u00f3 i nutrici\u00f3\"],\"articleSection\":[\"Destacats\",\"M\u00f3n col\u00b7legial\"],\"inLanguage\":\"es\",\"potentialAction\":[{\"@type\":\"CommentAction\",\"name\":\"Comment\",\"target\":[\"https:\/\/novaorg.cofb.net\/2020\/12\/18\/nutricio-infantil-personalitzada-com-a-suport-al-desenvolupament-de-nadons-i-infants\/#respond\"]}]},{\"@type\":\"WebPage\",\"@id\":\"https:\/\/novaorg.cofb.net\/2020\/12\/18\/nutricio-infantil-personalitzada-com-a-suport-al-desenvolupament-de-nadons-i-infants\/\",\"url\":\"https:\/\/novaorg.cofb.net\/2020\/12\/18\/nutricio-infantil-personalitzada-com-a-suport-al-desenvolupament-de-nadons-i-infants\/\",\"name\":\"Nutrici\u00f3 infantil personalitzada com a suport al desenvolupament de nadons i infants - Col\u00b7legi de Farmac\u00e8utics de Barcelona\",\"isPartOf\":{\"@id\":\"https:\/\/www.cofb.org\/#website\"},\"primaryImageOfPage\":{\"@id\":\"https:\/\/novaorg.cofb.net\/2020\/12\/18\/nutricio-infantil-personalitzada-com-a-suport-al-desenvolupament-de-nadons-i-infants\/#primaryimage\"},\"image\":{\"@id\":\"https:\/\/novaorg.cofb.net\/2020\/12\/18\/nutricio-infantil-personalitzada-com-a-suport-al-desenvolupament-de-nadons-i-infants\/#primaryimage\"},\"thumbnailUrl\":\"\",\"datePublished\":\"2020-12-18T11:53:31+00:00\",\"dateModified\":\"2020-12-18T11:53:31+00:00\",\"description\":\"El passat 2 de desembre va tenir lloc al Col\u00b7legi de Farmac\u00e8utics de Barcelona (COFB) la confer\u00e8ncia\u00a0\\\"Nutrici\u00f3\u00a0infantil personalitzada com a suport al desenvolupament de nadons i infants\\\", moderada per la vocal d'Alimentaci\u00f3 i Nutrici\u00f3 del COFB, Anna Bach-Faig.\",\"breadcrumb\":{\"@id\":\"https:\/\/novaorg.cofb.net\/2020\/12\/18\/nutricio-infantil-personalitzada-com-a-suport-al-desenvolupament-de-nadons-i-infants\/#breadcrumb\"},\"inLanguage\":\"es\",\"potentialAction\":[{\"@type\":\"ReadAction\",\"target\":[\"https:\/\/novaorg.cofb.net\/2020\/12\/18\/nutricio-infantil-personalitzada-com-a-suport-al-desenvolupament-de-nadons-i-infants\/\"]}]},{\"@type\":\"ImageObject\",\"inLanguage\":\"es\",\"@id\":\"https:\/\/novaorg.cofb.net\/2020\/12\/18\/nutricio-infantil-personalitzada-com-a-suport-al-desenvolupament-de-nadons-i-infants\/#primaryimage\",\"url\":\"\",\"contentUrl\":\"\"},{\"@type\":\"BreadcrumbList\",\"@id\":\"https:\/\/novaorg.cofb.net\/2020\/12\/18\/nutricio-infantil-personalitzada-com-a-suport-al-desenvolupament-de-nadons-i-infants\/#breadcrumb\",\"itemListElement\":[{\"@type\":\"ListItem\",\"position\":1,\"name\":\"Inici\",\"item\":\"https:\/\/novaorg.cofb.net\/\"},{\"@type\":\"ListItem\",\"position\":2,\"name\":\"Nutrici\u00f3 infantil personalitzada com a suport al desenvolupament de nadons i infants\"}]},{\"@type\":\"WebSite\",\"@id\":\"https:\/\/www.cofb.org\/#website\",\"url\":\"https:\/\/www.cofb.org\/\",\"name\":\"Col\u00b7legi de Farmac\u00e8utics de Barcelona\",\"description\":\"\",\"publisher\":{\"@id\":\"https:\/\/www.cofb.org\/#organization\"},\"potentialAction\":[{\"@type\":\"SearchAction\",\"target\":{\"@type\":\"EntryPoint\",\"urlTemplate\":\"https:\/\/www.cofb.org\/?s={search_term_string}\"},\"query-input\":\"required name=search_term_string\"}],\"inLanguage\":\"es\"},{\"@type\":\"Organization\",\"@id\":\"https:\/\/www.cofb.org\/#organization\",\"name\":\"Col\u00b7legi de Farmac\u00e8utics de Barcelona\",\"url\":\"https:\/\/www.cofb.org\/\",\"logo\":{\"@type\":\"ImageObject\",\"inLanguage\":\"es\",\"@id\":\"https:\/\/www.cofb.org\/#\/schema\/logo\/image\/\",\"url\":\"https:\/\/www.cofb.org\/wp-content\/uploads\/2023\/11\/cropped-Logotip-COFB.png\",\"contentUrl\":\"https:\/\/www.cofb.org\/wp-content\/uploads\/2023\/11\/cropped-Logotip-COFB.png\",\"width\":500,\"height\":105,\"caption\":\"Col\u00b7legi de Farmac\u00e8utics de Barcelona\"},\"image\":{\"@id\":\"https:\/\/www.cofb.org\/#\/schema\/logo\/image\/\"},\"sameAs\":[\"https:\/\/www.facebook.com\/farmaceuticsbcn\/\",\"https:\/\/twitter.com\/farmaceuticsbcn\",\"https:\/\/www.instagram.com\/farmaceuticsbcn\/\",\"https:\/\/www.linkedin.com\/company\/farmaceuticsbcn\/\"]},{\"@type\":\"Person\",\"@id\":\"https:\/\/www.cofb.org\/#\/schema\/person\/22ed7eea88da74b0fa4d3154ad87ffcb\",\"name\":\"wpAdminCofbOrg\",\"image\":{\"@type\":\"ImageObject\",\"inLanguage\":\"es\",\"@id\":\"https:\/\/www.cofb.org\/#\/schema\/person\/image\/\",\"url\":\"https:\/\/secure.gravatar.com\/avatar\/1721b20b3b8ca882c3b56ec6c978c594fff670e40c0718e9190eaeeb76aae7d8?s=96&d=mm&r=g\",\"contentUrl\":\"https:\/\/secure.gravatar.com\/avatar\/1721b20b3b8ca882c3b56ec6c978c594fff670e40c0718e9190eaeeb76aae7d8?s=96&d=mm&r=g\",\"caption\":\"wpAdminCofbOrg\"},\"sameAs\":[\"http:\/\/192.168.64.122\/wordpress\"],\"url\":\"https:\/\/www.cofb.org\/es\/author\/wpadmincofborg\/\"}]}<\/script>\n<!-- \/ Yoast SEO plugin. -->","yoast_head_json":{"title":"Nutrici\u00f3 infantil personalitzada com a suport al desenvolupament de nadons i infants - Col\u00b7legi de Farmac\u00e8utics de Barcelona","description":"El passat 2 de desembre va tenir lloc al Col\u00b7legi de Farmac\u00e8utics de Barcelona (COFB) la confer\u00e8ncia\u00a0\"Nutrici\u00f3\u00a0infantil personalitzada com a suport al desenvolupament de nadons i infants\", moderada per la vocal d'Alimentaci\u00f3 i Nutrici\u00f3 del COFB, Anna Bach-Faig.","robots":{"index":"index","follow":"follow","max-snippet":"max-snippet:-1","max-image-preview":"max-image-preview:large","max-video-preview":"max-video-preview:-1"},"canonical":"https:\/\/novaorg.cofb.net\/2020\/12\/18\/nutricio-infantil-personalitzada-com-a-suport-al-desenvolupament-de-nadons-i-infants\/","og_locale":"es_ES","og_type":"article","og_title":"Nutrici\u00f3 infantil personalitzada com a suport al desenvolupament de nadons i infants - Col\u00b7legi de Farmac\u00e8utics de Barcelona","og_description":"El passat 2 de desembre va tenir lloc al Col\u00b7legi de Farmac\u00e8utics de Barcelona (COFB) la confer\u00e8ncia\u00a0\"Nutrici\u00f3\u00a0infantil personalitzada com a suport al desenvolupament de nadons i infants\", moderada per la vocal d'Alimentaci\u00f3 i Nutrici\u00f3 del COFB, Anna Bach-Faig.","og_url":"https:\/\/novaorg.cofb.net\/2020\/12\/18\/nutricio-infantil-personalitzada-com-a-suport-al-desenvolupament-de-nadons-i-infants\/","og_site_name":"Col\u00b7legi de Farmac\u00e8utics de Barcelona","article_publisher":"https:\/\/www.facebook.com\/farmaceuticsbcn\/","article_published_time":"2020-12-18T11:53:31+00:00","author":"wpAdminCofbOrg","twitter_card":"summary_large_image","twitter_creator":"@farmaceuticsbcn","twitter_site":"@farmaceuticsbcn","twitter_misc":{"Escrito por":"wpAdminCofbOrg","Tiempo de lectura":"5 minutos"},"schema":{"@context":"https:\/\/schema.org","@graph":[{"@type":"Article","@id":"https:\/\/novaorg.cofb.net\/2020\/12\/18\/nutricio-infantil-personalitzada-com-a-suport-al-desenvolupament-de-nadons-i-infants\/#article","isPartOf":{"@id":"https:\/\/novaorg.cofb.net\/2020\/12\/18\/nutricio-infantil-personalitzada-com-a-suport-al-desenvolupament-de-nadons-i-infants\/"},"author":{"name":"wpAdminCofbOrg","@id":"https:\/\/www.cofb.org\/#\/schema\/person\/22ed7eea88da74b0fa4d3154ad87ffcb"},"headline":"Nutrici\u00f3 infantil personalitzada com a suport al desenvolupament de nadons i infants","datePublished":"2020-12-18T11:53:31+00:00","dateModified":"2020-12-18T11:53:31+00:00","mainEntityOfPage":{"@id":"https:\/\/novaorg.cofb.net\/2020\/12\/18\/nutricio-infantil-personalitzada-com-a-suport-al-desenvolupament-de-nadons-i-infants\/"},"wordCount":1097,"commentCount":0,"publisher":{"@id":"https:\/\/www.cofb.org\/#organization"},"image":{"@id":"https:\/\/novaorg.cofb.net\/2020\/12\/18\/nutricio-infantil-personalitzada-com-a-suport-al-desenvolupament-de-nadons-i-infants\/#primaryimage"},"thumbnailUrl":"","keywords":["alimentaci\u00f3","alimentaci\u00f3 infantil","COFB","Col\u00b7legi de Farmac\u00e8utics de Barcelona","farmac\u00e8utics","Farm\u00e0cia","farm\u00e0cia comunit\u00e0ria","infants","lactants","Nutrici\u00f3","nutrici\u00f3 personalitzada","Oficina de farm\u00e0cia","prebi\u00f2tics","probi\u00f2tics","probi\u00f2tics i prebi\u00f2tics","salut","vocalia alimentaci\u00f3 i nutrici\u00f3"],"articleSection":["Destacats","M\u00f3n col\u00b7legial"],"inLanguage":"es","potentialAction":[{"@type":"CommentAction","name":"Comment","target":["https:\/\/novaorg.cofb.net\/2020\/12\/18\/nutricio-infantil-personalitzada-com-a-suport-al-desenvolupament-de-nadons-i-infants\/#respond"]}]},{"@type":"WebPage","@id":"https:\/\/novaorg.cofb.net\/2020\/12\/18\/nutricio-infantil-personalitzada-com-a-suport-al-desenvolupament-de-nadons-i-infants\/","url":"https:\/\/novaorg.cofb.net\/2020\/12\/18\/nutricio-infantil-personalitzada-com-a-suport-al-desenvolupament-de-nadons-i-infants\/","name":"Nutrici\u00f3 infantil personalitzada com a suport al desenvolupament de nadons i infants - Col\u00b7legi de Farmac\u00e8utics de Barcelona","isPartOf":{"@id":"https:\/\/www.cofb.org\/#website"},"primaryImageOfPage":{"@id":"https:\/\/novaorg.cofb.net\/2020\/12\/18\/nutricio-infantil-personalitzada-com-a-suport-al-desenvolupament-de-nadons-i-infants\/#primaryimage"},"image":{"@id":"https:\/\/novaorg.cofb.net\/2020\/12\/18\/nutricio-infantil-personalitzada-com-a-suport-al-desenvolupament-de-nadons-i-infants\/#primaryimage"},"thumbnailUrl":"","datePublished":"2020-12-18T11:53:31+00:00","dateModified":"2020-12-18T11:53:31+00:00","description":"El passat 2 de desembre va tenir lloc al Col\u00b7legi de Farmac\u00e8utics de Barcelona (COFB) la confer\u00e8ncia\u00a0\"Nutrici\u00f3\u00a0infantil personalitzada com a suport al desenvolupament de nadons i infants\", moderada per la vocal d'Alimentaci\u00f3 i Nutrici\u00f3 del COFB, Anna Bach-Faig.","breadcrumb":{"@id":"https:\/\/novaorg.cofb.net\/2020\/12\/18\/nutricio-infantil-personalitzada-com-a-suport-al-desenvolupament-de-nadons-i-infants\/#breadcrumb"},"inLanguage":"es","potentialAction":[{"@type":"ReadAction","target":["https:\/\/novaorg.cofb.net\/2020\/12\/18\/nutricio-infantil-personalitzada-com-a-suport-al-desenvolupament-de-nadons-i-infants\/"]}]},{"@type":"ImageObject","inLanguage":"es","@id":"https:\/\/novaorg.cofb.net\/2020\/12\/18\/nutricio-infantil-personalitzada-com-a-suport-al-desenvolupament-de-nadons-i-infants\/#primaryimage","url":"","contentUrl":""},{"@type":"BreadcrumbList","@id":"https:\/\/novaorg.cofb.net\/2020\/12\/18\/nutricio-infantil-personalitzada-com-a-suport-al-desenvolupament-de-nadons-i-infants\/#breadcrumb","itemListElement":[{"@type":"ListItem","position":1,"name":"Inici","item":"https:\/\/novaorg.cofb.net\/"},{"@type":"ListItem","position":2,"name":"Nutrici\u00f3 infantil personalitzada com a suport al desenvolupament de nadons i infants"}]},{"@type":"WebSite","@id":"https:\/\/www.cofb.org\/#website","url":"https:\/\/www.cofb.org\/","name":"Col\u00b7legi de Farmac\u00e8utics de Barcelona","description":"","publisher":{"@id":"https:\/\/www.cofb.org\/#organization"},"potentialAction":[{"@type":"SearchAction","target":{"@type":"EntryPoint","urlTemplate":"https:\/\/www.cofb.org\/?s={search_term_string}"},"query-input":"required name=search_term_string"}],"inLanguage":"es"},{"@type":"Organization","@id":"https:\/\/www.cofb.org\/#organization","name":"Col\u00b7legi de Farmac\u00e8utics de Barcelona","url":"https:\/\/www.cofb.org\/","logo":{"@type":"ImageObject","inLanguage":"es","@id":"https:\/\/www.cofb.org\/#\/schema\/logo\/image\/","url":"https:\/\/www.cofb.org\/wp-content\/uploads\/2023\/11\/cropped-Logotip-COFB.png","contentUrl":"https:\/\/www.cofb.org\/wp-content\/uploads\/2023\/11\/cropped-Logotip-COFB.png","width":500,"height":105,"caption":"Col\u00b7legi de Farmac\u00e8utics de Barcelona"},"image":{"@id":"https:\/\/www.cofb.org\/#\/schema\/logo\/image\/"},"sameAs":["https:\/\/www.facebook.com\/farmaceuticsbcn\/","https:\/\/twitter.com\/farmaceuticsbcn","https:\/\/www.instagram.com\/farmaceuticsbcn\/","https:\/\/www.linkedin.com\/company\/farmaceuticsbcn\/"]},{"@type":"Person","@id":"https:\/\/www.cofb.org\/#\/schema\/person\/22ed7eea88da74b0fa4d3154ad87ffcb","name":"wpAdminCofbOrg","image":{"@type":"ImageObject","inLanguage":"es","@id":"https:\/\/www.cofb.org\/#\/schema\/person\/image\/","url":"https:\/\/secure.gravatar.com\/avatar\/1721b20b3b8ca882c3b56ec6c978c594fff670e40c0718e9190eaeeb76aae7d8?s=96&d=mm&r=g","contentUrl":"https:\/\/secure.gravatar.com\/avatar\/1721b20b3b8ca882c3b56ec6c978c594fff670e40c0718e9190eaeeb76aae7d8?s=96&d=mm&r=g","caption":"wpAdminCofbOrg"},"sameAs":["http:\/\/192.168.64.122\/wordpress"],"url":"https:\/\/www.cofb.org\/es\/author\/wpadmincofborg\/"}]}},"uagb_featured_image_src":{"full":false,"thumbnail":false,"medium":false,"medium_large":false,"large":false,"1536x1536":false,"2048x2048":false,"trp-custom-language-flag":false},"uagb_author_info":{"display_name":"wpAdminCofbOrg","author_link":"https:\/\/www.cofb.org\/es\/author\/wpadmincofborg\/"},"uagb_comment_info":0,"uagb_excerpt":"El passat 2 de desembre va tenir lloc al Col\u00b7legi de Farmac\u00e8utics de Barcelona (COFB) la confer\u00e8ncia\u00a0&#8220;Nutrici\u00f3\u00a0infantil personalitzada com a suport al desenvolupament de nadons i infants&#8221;, moderada per la vocal d&#8217;Alimentaci\u00f3 i Nutrici\u00f3 del COFB, Anna Bach-Faig. La sessi\u00f3 va tenir dos blocs. D&#8217;una banda, la pon\u00e8ncia &#8220;Impacte de [&hellip;]","_links":{"self":[{"href":"https:\/\/www.cofb.org\/es\/wp-json\/wp\/v2\/posts\/53219","targetHints":{"allow":["GET"]}}],"collection":[{"href":"https:\/\/www.cofb.org\/es\/wp-json\/wp\/v2\/posts"}],"about":[{"href":"https:\/\/www.cofb.org\/es\/wp-json\/wp\/v2\/types\/post"}],"author":[{"embeddable":true,"href":"https:\/\/www.cofb.org\/es\/wp-json\/wp\/v2\/users\/1"}],"replies":[{"embeddable":true,"href":"https:\/\/www.cofb.org\/es\/wp-json\/wp\/v2\/comments?post=53219"}],"version-history":[{"count":0,"href":"https:\/\/www.cofb.org\/es\/wp-json\/wp\/v2\/posts\/53219\/revisions"}],"wp:featuredmedia":[{"embeddable":true,"href":"https:\/\/www.cofb.org\/es\/wp-json\/"}],"wp:attachment":[{"href":"https:\/\/www.cofb.org\/es\/wp-json\/wp\/v2\/media?parent=53219"}],"wp:term":[{"taxonomy":"category","embeddable":true,"href":"https:\/\/www.cofb.org\/es\/wp-json\/wp\/v2\/categories?post=53219"},{"taxonomy":"post_tag","embeddable":true,"href":"https:\/\/www.cofb.org\/es\/wp-json\/wp\/v2\/tags?post=53219"}],"curies":[{"name":"wp","href":"https:\/\/api.w.org\/{rel}","templated":true}]}}