{"id":53018,"date":"2020-12-01T14:56:13","date_gmt":"2020-12-01T12:56:13","guid":{"rendered":"https:\/\/blog.cofb.cat\/?p=53018"},"modified":"2020-12-01T14:56:13","modified_gmt":"2020-12-01T12:56:13","slug":"publicada-la-memoria-del-cofb-quines-accions-han-estat-mes-rellevants-el-2019","status":"publish","type":"post","link":"https:\/\/www.cofb.org\/es\/2020\/12\/01\/publicada-la-memoria-del-cofb-quines-accions-han-estat-mes-rellevants-el-2019\/","title":{"rendered":"Publicada la Memoria del COFB: \u00bfqu\u00e9 acciones han sido m\u00e1s relevantes en 2019?"},"content":{"rendered":"<p><strong>Despu\u00e9s de un 2020 muy intenso y marcado<\/strong>, sin duda, <strong>por la pandemia provocada por la COVID-19<\/strong>, no hemos querido dejar pasar la oportunidad de detenernos un momento y hacer un <strong>repaso detallado de lo que dio de s\u00ed en 2019<\/strong>.<\/p>\n<p><strong>\u00bfCu\u00e1les fueron las acciones m\u00e1s relevantes por el COFB?<\/strong> La respuesta la encontrar\u00e1 en la <strong>Memoria 2019 del Colegio de Farmac\u00e9uticos de Barcelona<\/strong>, que est\u00e1 disponible en <a href=\"https:\/\/www.cofb.org\/es\/fitxers\/memoria-cofb-2019\/\" target=\"_blank\" rel=\"noopener\">siguiente enlace<\/a>, y al <a href=\"https:\/\/cdn.knightlab.com\/libs\/timeline3\/latest\/embed\/index.html?source=1TGYvAF9yGPDfcSIyxzW6ErIpe0uYCx19fAtm_b5Ss44&amp;font=Default&amp;lang=en&amp;initial_zoom=2&amp;height=650\" target=\"_blank\" rel=\"noopener\"><em>timeline<\/em> interactivo<\/a> que permite consultar, mes a mes, todo lo que dio de s\u00ed al a\u00f1o.<\/p>\n<figure id=\"attachment_53019\" aria-describedby=\"caption-attachment-53019\" style=\"width: 620px\" class=\"wp-caption aligncenter\"><a href=\"https:\/\/www.cofb.org\/es\/fitxers\/memoria-cofb-2019\/\" target=\"_blank\" rel=\"noopener\"><img fetchpriority=\"high\" decoding=\"async\" class=\"wp-image-53019 size-large\" title=\"Pulsa en la imagen para acceder a la memoria 2019 del COFB.\" src=\"https:\/\/blog.cofb.cat\/wp-content\/uploads\/2020\/11\/page0001_page-0001-844x1024.jpg\" alt=\"Clica a la imatge per accedir a la mem\u00f2ria 2019 del COFB.\" width=\"620\" height=\"752\" \/><\/a><figcaption id=\"caption-attachment-53019\" class=\"wp-caption-text\">Pulsa en la imagen para acceder a la memoria 2019 del COFB.<\/figcaption><\/figure>\n<h1><strong>Los temas principales de 2019<\/strong><\/h1>\n<p>Como temas principales, encontrar\u00e1, por un lado, la <strong>celebraci\u00f3n de los 10 a\u00f1os del Programa de detecci\u00f3n precoz de c\u00e1ncer de colon y recto<\/strong>, as\u00ed como las <strong>campa\u00f1as significativas de 2019<\/strong>, que ha impulsado las farmacias: las dos oleadas de<strong>\u201cAtenci\u00f3n Piel 365\u201d<\/strong>, para sensibilizar de la importancia de <strong>protegerse del sol<\/strong> durante todo el a\u00f1o y la campa\u00f1a sobre la <strong>importancia de la receta<\/strong> en <strong>medicamentos que requieren prescripci\u00f3n m\u00e9dica<\/strong> (ibuprofeno, paracetamol y antibi\u00f3ticos).<\/p>\n<p>En el apartado de <strong>Formaci\u00f3n<\/strong>, repasamos, entre otros, el <strong>total de actividades formativas<\/strong> que se han impartido y el <strong>n\u00famero de asistentes<\/strong>, as\u00ed como las actividades que m\u00e1s inter\u00e9s han despertado y las novedades de<strong>\u00c1gora Sanitaria<\/strong>. Otro de los temas abordados a lo largo de esta edici\u00f3n es la celebraci\u00f3n de<strong>Infarma Barcelona 2019<\/strong>, y el balance de este <strong>congreso y sal\u00f3n de referencia<\/strong> para el <strong>sector farmac\u00e9utico<\/strong>.<\/p>\n<p>Tambi\u00e9n hacemos una recopilaci\u00f3n de los temas que m\u00e1s inter\u00e9s tuvieron para los <strong>medios de comunicaci\u00f3n <\/strong>y de las <strong>reuniones<\/strong> que la <strong>Junta de Gobierno<\/strong> celebr\u00f3 en varios puntos de la provincia de Barcelona. Todo ello, sin dejar de lado la <strong>Fiesta del Farmac\u00e9utico<\/strong>, las <strong>becas y premios colegiales para potenciar la investigaci\u00f3n<\/strong>, las <strong>acciones<\/strong> de <strong>Responsabilidad Social Corporativa<\/strong> y la <strong>reorganizaci\u00f3n de la presencia digital del COFB<\/strong> -que tiene como hecho destacado la renovaci\u00f3n de <a href=\"http:\/\/www.cofb.org\/es\/\" target=\"_blank\" rel=\"noopener\">www.cofb.org<\/a>, actual <strong>puerta de entrada<\/strong> a todos los <strong>contenidos<\/strong> y <strong>espacios digitales<\/strong> del Colegio-.<\/p>\n<div class=\"destacat-blog\">\n<h2><strong>El\u00a0<em>timeline\u00a0<\/em>interactivo de la memoria del COFB<\/strong><\/h2>\n<p><iframe src=\"https:\/\/cdn.knightlab.com\/libs\/timeline3\/latest\/embed\/index.html?source=1TGYvAF9yGPDfcSIyxzW6ErIpe0uYCx19fAtm_b5Ss44&amp;font=Default&amp;lang=en&amp;initial_zoom=2&amp;amp\" width=\"100%\" height=\"700\"><span data-mce-type=\"bookmark\" style=\"display: inline-block; width: 0px; overflow: hidden; line-height: 0;\" class=\"mce_SELRES_start\"><\/span><span data-mce-type=\"bookmark\" style=\"display: inline-block; width: 0px; overflow: hidden; line-height: 0;\" class=\"mce_SELRES_start\"><\/span><\/iframe><\/p>\n<\/div>\n<h1><strong>\u00bfQui\u00e9n mueve el colegio? Comisiones, departamentos y colegiados<\/strong><\/h1>\n<p>Por \u00faltimo, la Memoria concluye con <strong>el Anexo \u201c\u00bfQui\u00e9n mueve el Colegio?\u201d<\/strong>, compuesto por <strong>tres apartados<\/strong>: <strong>Comisiones<\/strong>, en el que se desglosan los objetivos de las 8 Comisiones delegadas de la Junta de Gobierno; <strong>Departamentos<\/strong>, donde se exponen las actividades m\u00e1s relevantes llevadas a cabo en 2019 por cada uno de los Departamentos de la instituci\u00f3n; y <strong>Colegiados<\/strong>, dedicado a todos vosotros, los <strong>m\u00e1s de 8.900 colegiados <\/strong>de la provincia de Barcelona.<\/p>\n<p><strong><a href=\"https:\/\/www.cofb.org\/es\/web\/guest\/colegio\/publicaciones\/memoria-cofb\" target=\"_blank\" rel=\"noopener\">Acceder a la Memoria 2019 y consultar las publicaciones anteriores<\/a><\/strong> (V\u00eda <a href=\"https:\/\/www.cofb.org\/es\/\" target=\"_blank\" rel=\"noopener\">cofb.org<\/a>)<\/p>\n<p><strong>Otras publicaciones de inter\u00e9s:<\/strong><\/p>\n<ul>\n<li><a href=\"https:\/\/blog.cofb.cat\/memoria-del-cofb-que-ha-estat-el-mes-destacat-del-2018\/\" target=\"_blank\" rel=\"noopener\">Memoria del COFB: \u00bfqu\u00e9 ha sido lo m\u00e1s destacado de 2018? (Agosto 2019)<\/a><\/li>\n<li><a href=\"https:\/\/blog.cofb.cat\/memoria-cofb-mes-destacat-2017\/\" target=\"_blank\" rel=\"noopener\">Memoria del COFB: \u00bfQu\u00e9 ha sido lo m\u00e1s destacado de 2017? (Agosto 2018)<\/a><\/li>\n<li><a href=\"https:\/\/blog.cofb.cat\/memoria-cofb-2016-quin-cami-hem-construit-per-millorar-la-salut-de-les-persones\/\" target=\"_blank\" rel=\"noopener\">Memoria del COFB 2016: \u00bfQu\u00e9 camino hemos construido para mejorar la salud de las personas? (Agosto 2017)<\/a><\/li>\n<\/ul>","protected":false},"excerpt":{"rendered":"<p>Despu\u00e9s de un 2020 muy intenso y marcado, sin duda, por la pandemia provocada por la COVID-19, no hemos querido dejar pasar la oportunidad de detenernos un momento y hacer un repaso detallado de lo que dio de s\u00ed el 2019. \u00bfCu\u00e1les fueron las acciones m\u00e1s relevantes para el COFB? La respuesta la [\u2026]<\/p>","protected":false},"author":1,"featured_media":53051,"comment_status":"open","ping_status":"open","sticky":false,"template":"","format":"standard","meta":{"_uag_custom_page_level_css":"","site-sidebar-layout":"default","site-content-layout":"","ast-site-content-layout":"default","site-content-style":"default","site-sidebar-style":"default","ast-global-header-display":"","ast-banner-title-visibility":"","ast-main-header-display":"","ast-hfb-above-header-display":"","ast-hfb-below-header-display":"","ast-hfb-mobile-header-display":"","site-post-title":"","ast-breadcrumbs-content":"","ast-featured-img":"disabled","footer-sml-layout":"","theme-transparent-header-meta":"","adv-header-id-meta":"","stick-header-meta":"","header-above-stick-meta":"","header-main-stick-meta":"","header-below-stick-meta":"","astra-migrate-meta-layouts":"default","ast-page-background-enabled":"default","ast-page-background-meta":{"desktop":{"background-color":"var(--ast-global-color-4)","background-image":"","background-repeat":"repeat","background-position":"center center","background-size":"auto","background-attachment":"scroll","background-type":"","background-media":"","overlay-type":"","overlay-color":"","overlay-opacity":"","overlay-gradient":""},"tablet":{"background-color":"","background-image":"","background-repeat":"repeat","background-position":"center center","background-size":"auto","background-attachment":"scroll","background-type":"","background-media":"","overlay-type":"","overlay-color":"","overlay-opacity":"","overlay-gradient":""},"mobile":{"background-color":"","background-image":"","background-repeat":"repeat","background-position":"center center","background-size":"auto","background-attachment":"scroll","background-type":"","background-media":"","overlay-type":"","overlay-color":"","overlay-opacity":"","overlay-gradient":""}},"ast-content-background-meta":{"desktop":{"background-color":"var(--ast-global-color-5)","background-image":"","background-repeat":"repeat","background-position":"center center","background-size":"auto","background-attachment":"scroll","background-type":"","background-media":"","overlay-type":"","overlay-color":"","overlay-opacity":"","overlay-gradient":""},"tablet":{"background-color":"var(--ast-global-color-5)","background-image":"","background-repeat":"repeat","background-position":"center center","background-size":"auto","background-attachment":"scroll","background-type":"","background-media":"","overlay-type":"","overlay-color":"","overlay-opacity":"","overlay-gradient":""},"mobile":{"background-color":"var(--ast-global-color-5)","background-image":"","background-repeat":"repeat","background-position":"center center","background-size":"auto","background-attachment":"scroll","background-type":"","background-media":"","overlay-type":"","overlay-color":"","overlay-opacity":"","overlay-gradient":""}},"footnotes":""},"categories":[23,57],"tags":[3522,3800,109,90,3211,4429,471,3290,2498,4430],"class_list":["post-53018","post","type-post","status-publish","format-standard","has-post-thumbnail","hentry","category-destacats","category-mon-collegial","tag-atenciopell365","tag-10-anys","tag-agora-sanitaria","tag-covid-19","tag-infarma-barcelona-2019","tag-memoria-2019","tag-pandemia","tag-programa-de-deteccio-precoc-del-cancer-de-colon-i-recte","tag-rsc","tag-timeline"],"yoast_head":"<!-- This site is optimized with the Yoast SEO plugin v22.4 - https:\/\/yoast.com\/wordpress\/plugins\/seo\/ -->\n<title>Publicada la Mem\u00f2ria del COFB: quines accions han estat m\u00e9s rellevants el 2019? - Col\u00b7legi de Farmac\u00e8utics de Barcelona<\/title>\n<meta name=\"description\" content=\"Despr\u00e9s d\u2019un 2020 marcat per la COVID-19, no hem volgut deixar passar l\u2019oportunitat d\u2019aturar-nos un moment i fer un rep\u00e0s detallat del que va donar de si el 2019. Quines van ser les accions m\u00e9s rellevants pel COFB? La resposta la trobareu a la Mem\u00f2ria 2019 del Col\u00b7legi de Farmac\u00e8utics de Barcelona.\" \/>\n<meta name=\"robots\" content=\"index, follow, max-snippet:-1, max-image-preview:large, max-video-preview:-1\" \/>\n<link rel=\"canonical\" href=\"https:\/\/novaorg.cofb.net\/2020\/12\/01\/publicada-la-memoria-del-cofb-quines-accions-han-estat-mes-rellevants-el-2019\/\" \/>\n<meta property=\"og:locale\" content=\"es_ES\" \/>\n<meta property=\"og:type\" content=\"article\" \/>\n<meta property=\"og:title\" content=\"Publicada la Mem\u00f2ria del COFB: quines accions han estat m\u00e9s rellevants el 2019? - Col\u00b7legi de Farmac\u00e8utics de Barcelona\" \/>\n<meta property=\"og:description\" content=\"Despr\u00e9s d\u2019un 2020 marcat per la COVID-19, no hem volgut deixar passar l\u2019oportunitat d\u2019aturar-nos un moment i fer un rep\u00e0s detallat del que va donar de si el 2019. Quines van ser les accions m\u00e9s rellevants pel COFB? La resposta la trobareu a la Mem\u00f2ria 2019 del Col\u00b7legi de Farmac\u00e8utics de Barcelona.\" \/>\n<meta property=\"og:url\" content=\"https:\/\/novaorg.cofb.net\/2020\/12\/01\/publicada-la-memoria-del-cofb-quines-accions-han-estat-mes-rellevants-el-2019\/\" \/>\n<meta property=\"og:site_name\" content=\"Col\u00b7legi de Farmac\u00e8utics de Barcelona\" \/>\n<meta property=\"article:publisher\" content=\"https:\/\/www.facebook.com\/farmaceuticsbcn\/\" \/>\n<meta property=\"article:published_time\" content=\"2020-12-01T12:56:13+00:00\" \/>\n<meta name=\"author\" content=\"wpAdminCofbOrg\" \/>\n<meta name=\"twitter:card\" content=\"summary_large_image\" \/>\n<meta name=\"twitter:creator\" content=\"@farmaceuticsbcn\" \/>\n<meta name=\"twitter:site\" content=\"@farmaceuticsbcn\" \/>\n<meta name=\"twitter:label1\" content=\"Escrito por\" \/>\n\t<meta name=\"twitter:data1\" content=\"wpAdminCofbOrg\" \/>\n\t<meta name=\"twitter:label2\" content=\"Tiempo de lectura\" \/>\n\t<meta name=\"twitter:data2\" content=\"3 minutos\" \/>\n<script type=\"application\/ld+json\" class=\"yoast-schema-graph\">{\"@context\":\"https:\/\/schema.org\",\"@graph\":[{\"@type\":\"Article\",\"@id\":\"https:\/\/novaorg.cofb.net\/2020\/12\/01\/publicada-la-memoria-del-cofb-quines-accions-han-estat-mes-rellevants-el-2019\/#article\",\"isPartOf\":{\"@id\":\"https:\/\/novaorg.cofb.net\/2020\/12\/01\/publicada-la-memoria-del-cofb-quines-accions-han-estat-mes-rellevants-el-2019\/\"},\"author\":{\"name\":\"wpAdminCofbOrg\",\"@id\":\"https:\/\/www.cofb.org\/#\/schema\/person\/22ed7eea88da74b0fa4d3154ad87ffcb\"},\"headline\":\"Publicada la Mem\u00f2ria del COFB: quines accions han estat m\u00e9s rellevants el 2019?\",\"datePublished\":\"2020-12-01T12:56:13+00:00\",\"dateModified\":\"2020-12-01T12:56:13+00:00\",\"mainEntityOfPage\":{\"@id\":\"https:\/\/novaorg.cofb.net\/2020\/12\/01\/publicada-la-memoria-del-cofb-quines-accions-han-estat-mes-rellevants-el-2019\/\"},\"wordCount\":537,\"commentCount\":0,\"publisher\":{\"@id\":\"https:\/\/www.cofb.org\/#organization\"},\"image\":{\"@id\":\"https:\/\/novaorg.cofb.net\/2020\/12\/01\/publicada-la-memoria-del-cofb-quines-accions-han-estat-mes-rellevants-el-2019\/#primaryimage\"},\"thumbnailUrl\":\"\",\"keywords\":[\"#Atenci\u00f3Pell365\",\"10 anys\",\"\u00c1gora Sanitaria\",\"COVID-19\",\"infarma barcelona 2019\",\"mem\u00f2ria 2019\",\"pand\u00e8mia\",\"Programa de Detecci\u00f3 Preco\u00e7 del C\u00e0ncer de C\u00f2lon i Recte\",\"RSC\",\"timeline\"],\"articleSection\":[\"Destacats\",\"M\u00f3n col\u00b7legial\"],\"inLanguage\":\"es\",\"potentialAction\":[{\"@type\":\"CommentAction\",\"name\":\"Comment\",\"target\":[\"https:\/\/novaorg.cofb.net\/2020\/12\/01\/publicada-la-memoria-del-cofb-quines-accions-han-estat-mes-rellevants-el-2019\/#respond\"]}]},{\"@type\":\"WebPage\",\"@id\":\"https:\/\/novaorg.cofb.net\/2020\/12\/01\/publicada-la-memoria-del-cofb-quines-accions-han-estat-mes-rellevants-el-2019\/\",\"url\":\"https:\/\/novaorg.cofb.net\/2020\/12\/01\/publicada-la-memoria-del-cofb-quines-accions-han-estat-mes-rellevants-el-2019\/\",\"name\":\"Publicada la Mem\u00f2ria del COFB: quines accions han estat m\u00e9s rellevants el 2019? - Col\u00b7legi de Farmac\u00e8utics de Barcelona\",\"isPartOf\":{\"@id\":\"https:\/\/www.cofb.org\/#website\"},\"primaryImageOfPage\":{\"@id\":\"https:\/\/novaorg.cofb.net\/2020\/12\/01\/publicada-la-memoria-del-cofb-quines-accions-han-estat-mes-rellevants-el-2019\/#primaryimage\"},\"image\":{\"@id\":\"https:\/\/novaorg.cofb.net\/2020\/12\/01\/publicada-la-memoria-del-cofb-quines-accions-han-estat-mes-rellevants-el-2019\/#primaryimage\"},\"thumbnailUrl\":\"\",\"datePublished\":\"2020-12-01T12:56:13+00:00\",\"dateModified\":\"2020-12-01T12:56:13+00:00\",\"description\":\"Despr\u00e9s d\u2019un 2020 marcat per la COVID-19, no hem volgut deixar passar l\u2019oportunitat d\u2019aturar-nos un moment i fer un rep\u00e0s detallat del que va donar de si el 2019. Quines van ser les accions m\u00e9s rellevants pel COFB? La resposta la trobareu a la Mem\u00f2ria 2019 del Col\u00b7legi de Farmac\u00e8utics de Barcelona.\",\"breadcrumb\":{\"@id\":\"https:\/\/novaorg.cofb.net\/2020\/12\/01\/publicada-la-memoria-del-cofb-quines-accions-han-estat-mes-rellevants-el-2019\/#breadcrumb\"},\"inLanguage\":\"es\",\"potentialAction\":[{\"@type\":\"ReadAction\",\"target\":[\"https:\/\/novaorg.cofb.net\/2020\/12\/01\/publicada-la-memoria-del-cofb-quines-accions-han-estat-mes-rellevants-el-2019\/\"]}]},{\"@type\":\"ImageObject\",\"inLanguage\":\"es\",\"@id\":\"https:\/\/novaorg.cofb.net\/2020\/12\/01\/publicada-la-memoria-del-cofb-quines-accions-han-estat-mes-rellevants-el-2019\/#primaryimage\",\"url\":\"\",\"contentUrl\":\"\"},{\"@type\":\"BreadcrumbList\",\"@id\":\"https:\/\/novaorg.cofb.net\/2020\/12\/01\/publicada-la-memoria-del-cofb-quines-accions-han-estat-mes-rellevants-el-2019\/#breadcrumb\",\"itemListElement\":[{\"@type\":\"ListItem\",\"position\":1,\"name\":\"Inici\",\"item\":\"https:\/\/novaorg.cofb.net\/\"},{\"@type\":\"ListItem\",\"position\":2,\"name\":\"Publicada la Mem\u00f2ria del COFB: quines accions han estat m\u00e9s rellevants el 2019?\"}]},{\"@type\":\"WebSite\",\"@id\":\"https:\/\/www.cofb.org\/#website\",\"url\":\"https:\/\/www.cofb.org\/\",\"name\":\"Col\u00b7legi de Farmac\u00e8utics de Barcelona\",\"description\":\"\",\"publisher\":{\"@id\":\"https:\/\/www.cofb.org\/#organization\"},\"potentialAction\":[{\"@type\":\"SearchAction\",\"target\":{\"@type\":\"EntryPoint\",\"urlTemplate\":\"https:\/\/www.cofb.org\/?s={search_term_string}\"},\"query-input\":\"required name=search_term_string\"}],\"inLanguage\":\"es\"},{\"@type\":\"Organization\",\"@id\":\"https:\/\/www.cofb.org\/#organization\",\"name\":\"Col\u00b7legi de Farmac\u00e8utics de Barcelona\",\"url\":\"https:\/\/www.cofb.org\/\",\"logo\":{\"@type\":\"ImageObject\",\"inLanguage\":\"es\",\"@id\":\"https:\/\/www.cofb.org\/#\/schema\/logo\/image\/\",\"url\":\"https:\/\/www.cofb.org\/wp-content\/uploads\/2023\/11\/cropped-Logotip-COFB.png\",\"contentUrl\":\"https:\/\/www.cofb.org\/wp-content\/uploads\/2023\/11\/cropped-Logotip-COFB.png\",\"width\":500,\"height\":105,\"caption\":\"Col\u00b7legi de Farmac\u00e8utics de Barcelona\"},\"image\":{\"@id\":\"https:\/\/www.cofb.org\/#\/schema\/logo\/image\/\"},\"sameAs\":[\"https:\/\/www.facebook.com\/farmaceuticsbcn\/\",\"https:\/\/twitter.com\/farmaceuticsbcn\",\"https:\/\/www.instagram.com\/farmaceuticsbcn\/\",\"https:\/\/www.linkedin.com\/company\/farmaceuticsbcn\/\"]},{\"@type\":\"Person\",\"@id\":\"https:\/\/www.cofb.org\/#\/schema\/person\/22ed7eea88da74b0fa4d3154ad87ffcb\",\"name\":\"wpAdminCofbOrg\",\"image\":{\"@type\":\"ImageObject\",\"inLanguage\":\"es\",\"@id\":\"https:\/\/www.cofb.org\/#\/schema\/person\/image\/\",\"url\":\"https:\/\/secure.gravatar.com\/avatar\/1721b20b3b8ca882c3b56ec6c978c594fff670e40c0718e9190eaeeb76aae7d8?s=96&d=mm&r=g\",\"contentUrl\":\"https:\/\/secure.gravatar.com\/avatar\/1721b20b3b8ca882c3b56ec6c978c594fff670e40c0718e9190eaeeb76aae7d8?s=96&d=mm&r=g\",\"caption\":\"wpAdminCofbOrg\"},\"sameAs\":[\"http:\/\/192.168.64.122\/wordpress\"],\"url\":\"https:\/\/www.cofb.org\/es\/author\/wpadmincofborg\/\"}]}<\/script>\n<!-- \/ Yoast SEO plugin. -->","yoast_head_json":{"title":"Publicada la Mem\u00f2ria del COFB: quines accions han estat m\u00e9s rellevants el 2019? - Col\u00b7legi de Farmac\u00e8utics de Barcelona","description":"Despr\u00e9s d\u2019un 2020 marcat per la COVID-19, no hem volgut deixar passar l\u2019oportunitat d\u2019aturar-nos un moment i fer un rep\u00e0s detallat del que va donar de si el 2019. Quines van ser les accions m\u00e9s rellevants pel COFB? La resposta la trobareu a la Mem\u00f2ria 2019 del Col\u00b7legi de Farmac\u00e8utics de Barcelona.","robots":{"index":"index","follow":"follow","max-snippet":"max-snippet:-1","max-image-preview":"max-image-preview:large","max-video-preview":"max-video-preview:-1"},"canonical":"https:\/\/novaorg.cofb.net\/2020\/12\/01\/publicada-la-memoria-del-cofb-quines-accions-han-estat-mes-rellevants-el-2019\/","og_locale":"es_ES","og_type":"article","og_title":"Publicada la Mem\u00f2ria del COFB: quines accions han estat m\u00e9s rellevants el 2019? - Col\u00b7legi de Farmac\u00e8utics de Barcelona","og_description":"Despr\u00e9s d\u2019un 2020 marcat per la COVID-19, no hem volgut deixar passar l\u2019oportunitat d\u2019aturar-nos un moment i fer un rep\u00e0s detallat del que va donar de si el 2019. Quines van ser les accions m\u00e9s rellevants pel COFB? La resposta la trobareu a la Mem\u00f2ria 2019 del Col\u00b7legi de Farmac\u00e8utics de Barcelona.","og_url":"https:\/\/novaorg.cofb.net\/2020\/12\/01\/publicada-la-memoria-del-cofb-quines-accions-han-estat-mes-rellevants-el-2019\/","og_site_name":"Col\u00b7legi de Farmac\u00e8utics de Barcelona","article_publisher":"https:\/\/www.facebook.com\/farmaceuticsbcn\/","article_published_time":"2020-12-01T12:56:13+00:00","author":"wpAdminCofbOrg","twitter_card":"summary_large_image","twitter_creator":"@farmaceuticsbcn","twitter_site":"@farmaceuticsbcn","twitter_misc":{"Escrito por":"wpAdminCofbOrg","Tiempo de lectura":"3 minutos"},"schema":{"@context":"https:\/\/schema.org","@graph":[{"@type":"Article","@id":"https:\/\/novaorg.cofb.net\/2020\/12\/01\/publicada-la-memoria-del-cofb-quines-accions-han-estat-mes-rellevants-el-2019\/#article","isPartOf":{"@id":"https:\/\/novaorg.cofb.net\/2020\/12\/01\/publicada-la-memoria-del-cofb-quines-accions-han-estat-mes-rellevants-el-2019\/"},"author":{"name":"wpAdminCofbOrg","@id":"https:\/\/www.cofb.org\/#\/schema\/person\/22ed7eea88da74b0fa4d3154ad87ffcb"},"headline":"Publicada la Mem\u00f2ria del COFB: quines accions han estat m\u00e9s rellevants el 2019?","datePublished":"2020-12-01T12:56:13+00:00","dateModified":"2020-12-01T12:56:13+00:00","mainEntityOfPage":{"@id":"https:\/\/novaorg.cofb.net\/2020\/12\/01\/publicada-la-memoria-del-cofb-quines-accions-han-estat-mes-rellevants-el-2019\/"},"wordCount":537,"commentCount":0,"publisher":{"@id":"https:\/\/www.cofb.org\/#organization"},"image":{"@id":"https:\/\/novaorg.cofb.net\/2020\/12\/01\/publicada-la-memoria-del-cofb-quines-accions-han-estat-mes-rellevants-el-2019\/#primaryimage"},"thumbnailUrl":"","keywords":["#Atenci\u00f3Pell365","10 anys","\u00c1gora Sanitaria","COVID-19","infarma barcelona 2019","mem\u00f2ria 2019","pand\u00e8mia","Programa de Detecci\u00f3 Preco\u00e7 del C\u00e0ncer de C\u00f2lon i Recte","RSC","timeline"],"articleSection":["Destacats","M\u00f3n col\u00b7legial"],"inLanguage":"es","potentialAction":[{"@type":"CommentAction","name":"Comment","target":["https:\/\/novaorg.cofb.net\/2020\/12\/01\/publicada-la-memoria-del-cofb-quines-accions-han-estat-mes-rellevants-el-2019\/#respond"]}]},{"@type":"WebPage","@id":"https:\/\/novaorg.cofb.net\/2020\/12\/01\/publicada-la-memoria-del-cofb-quines-accions-han-estat-mes-rellevants-el-2019\/","url":"https:\/\/novaorg.cofb.net\/2020\/12\/01\/publicada-la-memoria-del-cofb-quines-accions-han-estat-mes-rellevants-el-2019\/","name":"Publicada la Mem\u00f2ria del COFB: quines accions han estat m\u00e9s rellevants el 2019? - Col\u00b7legi de Farmac\u00e8utics de Barcelona","isPartOf":{"@id":"https:\/\/www.cofb.org\/#website"},"primaryImageOfPage":{"@id":"https:\/\/novaorg.cofb.net\/2020\/12\/01\/publicada-la-memoria-del-cofb-quines-accions-han-estat-mes-rellevants-el-2019\/#primaryimage"},"image":{"@id":"https:\/\/novaorg.cofb.net\/2020\/12\/01\/publicada-la-memoria-del-cofb-quines-accions-han-estat-mes-rellevants-el-2019\/#primaryimage"},"thumbnailUrl":"","datePublished":"2020-12-01T12:56:13+00:00","dateModified":"2020-12-01T12:56:13+00:00","description":"Despr\u00e9s d\u2019un 2020 marcat per la COVID-19, no hem volgut deixar passar l\u2019oportunitat d\u2019aturar-nos un moment i fer un rep\u00e0s detallat del que va donar de si el 2019. Quines van ser les accions m\u00e9s rellevants pel COFB? La resposta la trobareu a la Mem\u00f2ria 2019 del Col\u00b7legi de Farmac\u00e8utics de Barcelona.","breadcrumb":{"@id":"https:\/\/novaorg.cofb.net\/2020\/12\/01\/publicada-la-memoria-del-cofb-quines-accions-han-estat-mes-rellevants-el-2019\/#breadcrumb"},"inLanguage":"es","potentialAction":[{"@type":"ReadAction","target":["https:\/\/novaorg.cofb.net\/2020\/12\/01\/publicada-la-memoria-del-cofb-quines-accions-han-estat-mes-rellevants-el-2019\/"]}]},{"@type":"ImageObject","inLanguage":"es","@id":"https:\/\/novaorg.cofb.net\/2020\/12\/01\/publicada-la-memoria-del-cofb-quines-accions-han-estat-mes-rellevants-el-2019\/#primaryimage","url":"","contentUrl":""},{"@type":"BreadcrumbList","@id":"https:\/\/novaorg.cofb.net\/2020\/12\/01\/publicada-la-memoria-del-cofb-quines-accions-han-estat-mes-rellevants-el-2019\/#breadcrumb","itemListElement":[{"@type":"ListItem","position":1,"name":"Inici","item":"https:\/\/novaorg.cofb.net\/"},{"@type":"ListItem","position":2,"name":"Publicada la Mem\u00f2ria del COFB: quines accions han estat m\u00e9s rellevants el 2019?"}]},{"@type":"WebSite","@id":"https:\/\/www.cofb.org\/#website","url":"https:\/\/www.cofb.org\/","name":"Col\u00b7legi de Farmac\u00e8utics de Barcelona","description":"","publisher":{"@id":"https:\/\/www.cofb.org\/#organization"},"potentialAction":[{"@type":"SearchAction","target":{"@type":"EntryPoint","urlTemplate":"https:\/\/www.cofb.org\/?s={search_term_string}"},"query-input":"required name=search_term_string"}],"inLanguage":"es"},{"@type":"Organization","@id":"https:\/\/www.cofb.org\/#organization","name":"Col\u00b7legi de Farmac\u00e8utics de Barcelona","url":"https:\/\/www.cofb.org\/","logo":{"@type":"ImageObject","inLanguage":"es","@id":"https:\/\/www.cofb.org\/#\/schema\/logo\/image\/","url":"https:\/\/www.cofb.org\/wp-content\/uploads\/2023\/11\/cropped-Logotip-COFB.png","contentUrl":"https:\/\/www.cofb.org\/wp-content\/uploads\/2023\/11\/cropped-Logotip-COFB.png","width":500,"height":105,"caption":"Col\u00b7legi de Farmac\u00e8utics de Barcelona"},"image":{"@id":"https:\/\/www.cofb.org\/#\/schema\/logo\/image\/"},"sameAs":["https:\/\/www.facebook.com\/farmaceuticsbcn\/","https:\/\/twitter.com\/farmaceuticsbcn","https:\/\/www.instagram.com\/farmaceuticsbcn\/","https:\/\/www.linkedin.com\/company\/farmaceuticsbcn\/"]},{"@type":"Person","@id":"https:\/\/www.cofb.org\/#\/schema\/person\/22ed7eea88da74b0fa4d3154ad87ffcb","name":"wpAdminCofbOrg","image":{"@type":"ImageObject","inLanguage":"es","@id":"https:\/\/www.cofb.org\/#\/schema\/person\/image\/","url":"https:\/\/secure.gravatar.com\/avatar\/1721b20b3b8ca882c3b56ec6c978c594fff670e40c0718e9190eaeeb76aae7d8?s=96&d=mm&r=g","contentUrl":"https:\/\/secure.gravatar.com\/avatar\/1721b20b3b8ca882c3b56ec6c978c594fff670e40c0718e9190eaeeb76aae7d8?s=96&d=mm&r=g","caption":"wpAdminCofbOrg"},"sameAs":["http:\/\/192.168.64.122\/wordpress"],"url":"https:\/\/www.cofb.org\/es\/author\/wpadmincofborg\/"}]}},"uagb_featured_image_src":{"full":false,"thumbnail":false,"medium":false,"medium_large":false,"large":false,"1536x1536":false,"2048x2048":false,"trp-custom-language-flag":false},"uagb_author_info":{"display_name":"wpAdminCofbOrg","author_link":"https:\/\/www.cofb.org\/es\/author\/wpadmincofborg\/"},"uagb_comment_info":0,"uagb_excerpt":"Despr\u00e9s d\u2019un 2020 molt intens i marcat, sens dubte, per la pand\u00e8mia provocada per la COVID-19, no hem volgut deixar passar l\u2019oportunitat d\u2019aturar-nos un moment i fer un rep\u00e0s detallat del que va donar de si el 2019. Quines van ser les accions m\u00e9s rellevants pel COFB? La resposta la [&hellip;]","_links":{"self":[{"href":"https:\/\/www.cofb.org\/es\/wp-json\/wp\/v2\/posts\/53018","targetHints":{"allow":["GET"]}}],"collection":[{"href":"https:\/\/www.cofb.org\/es\/wp-json\/wp\/v2\/posts"}],"about":[{"href":"https:\/\/www.cofb.org\/es\/wp-json\/wp\/v2\/types\/post"}],"author":[{"embeddable":true,"href":"https:\/\/www.cofb.org\/es\/wp-json\/wp\/v2\/users\/1"}],"replies":[{"embeddable":true,"href":"https:\/\/www.cofb.org\/es\/wp-json\/wp\/v2\/comments?post=53018"}],"version-history":[{"count":0,"href":"https:\/\/www.cofb.org\/es\/wp-json\/wp\/v2\/posts\/53018\/revisions"}],"wp:featuredmedia":[{"embeddable":true,"href":"https:\/\/www.cofb.org\/es\/wp-json\/"}],"wp:attachment":[{"href":"https:\/\/www.cofb.org\/es\/wp-json\/wp\/v2\/media?parent=53018"}],"wp:term":[{"taxonomy":"category","embeddable":true,"href":"https:\/\/www.cofb.org\/es\/wp-json\/wp\/v2\/categories?post=53018"},{"taxonomy":"post_tag","embeddable":true,"href":"https:\/\/www.cofb.org\/es\/wp-json\/wp\/v2\/tags?post=53018"}],"curies":[{"name":"wp","href":"https:\/\/api.w.org\/{rel}","templated":true}]}}