{"id":52956,"date":"2020-12-24T15:34:59","date_gmt":"2020-12-24T13:34:59","guid":{"rendered":"https:\/\/blog.cofb.cat\/?p=52956"},"modified":"2020-12-24T15:34:59","modified_gmt":"2020-12-24T13:34:59","slug":"novembre-els-tests-rapids-a-les-farmacies-i-el-mgof-temes-mes-destacats-als-mitjans","status":"publish","type":"post","link":"https:\/\/www.cofb.org\/es\/2020\/12\/24\/novembre-els-tests-rapids-a-les-farmacies-i-el-mgof-temes-mes-destacats-als-mitjans\/","title":{"rendered":"Noviembre: los tests COVID-19 en las farmacias, el papel de los farmac\u00e9uticos durante la pandemia y la inauguraci\u00f3n del MGOF, temas m\u00e1s destacados en los medios"},"content":{"rendered":"<h1><strong>Tests COVID-19 en las farmacias<\/strong><\/h1>\n<p>Durante todo noviembre, la <strong>posibilidad de integrar en las farmacias dentro del circuito de detecci\u00f3n y prevenci\u00f3n de la COVID<\/strong> ha sido uno de los temas m\u00e1s destacados. Varios medios contaron con las declaraciones de miembros del COFB para hablar de ello. El vocal de Oficina de Farmacia, <strong>Guillermo Bagaria<\/strong>, atendi\u00f3 a <a href=\"https:\/\/beteve.cat\/societat\/salut-sollicita-tests-antigens-farmacies-coronavirus\/\" target=\"_blank\" rel=\"noopener\">Betev\u00e9<\/a>, <a href=\"https:\/\/www.elnacional.cat\/ca\/salut\/farmaceutics-demanen-regular-test-antigens-no-vendre-coronavirus_554127_102.html\" target=\"_blank\" rel=\"noopener\">El Nacional<\/a>\u00a0(declaraciones publicadas tambi\u00e9n en <a href=\"https:\/\/www.elnacional.cat\/ca\/salut\/avis-oriol-mitja-argimon-burocracia-no-freni-tests-rapids-covid_554469_102.html\" target=\"_blank\" rel=\"noopener\">otra pieza<\/a>), <a href=\"https:\/\/www.rtve.es\/alacarta\/audios\/serveis-informatius-radio-4\/07-11-20\/5707465\/\" target=\"_blank\" rel=\"noopener\">Radio 4<\/a>\u00a0(a partir del minuto 14:40),\u00a0<a href=\"https:\/\/www.rtve.es\/alacarta\/videos\/linformatiu\/linformatiu04112020\/5707453\/?t=07m22s\" target=\"_blank\" rel=\"noopener\">el Informativo de TVE<\/a>\u00a0(minuto 7:22), <a href=\"https:\/\/www.lavanguardia.com\/vida\/20201105\/49250599528\/farmacias-reclaman-hacer-tests-rapidos-covid-19.html\" target=\"_blank\" rel=\"noopener\">La Vanguardia<\/a> (tambi\u00e9n en versi\u00f3n en papel) y en <a href=\"https:\/\/www.alacarta.cat\/noticiesenxarxa\/capitol\/noticies_en_xarxa_11112020\" target=\"_blank\" rel=\"noopener\">La Red<\/a> (minuto 2:13:00). <strong>Meritxell Blanchart<\/strong>, coordinadora de las farmacias del Vall\u00e8s Occidental Este<strong>,<\/strong> atendi\u00f3 a <a href=\"https:\/\/radiosabadell.fm\/noticia\/meritxell-blanchart-collegi-de-farmaceutics-estem-capacitats-fer-els-tests-dantigens-les\" target=\"_blank\" rel=\"noopener\">Radio Sabadell<\/a>; y\u00a0<strong>Marta de Bol\u00f3s<\/strong>, la coordinadora de Farmacias del Baix Alquilregat, Litoral y Hospitalet, fue entrevistada en\u00a0<a href=\"https:\/\/lhdigital.cat\/web\/digital-h\/televisio\/veure-video\/-\/journal_content\/56_INSTANCE_ZrP3\/11023\/14964847\" target=\"_blank\" rel=\"noopener\">L&#039;Hospitalet Digital<\/a>\u00a0(a partir del minuto 41:15).<\/p>\n<p><a href=\"https:\/\/blog.cofb.cat\/wp-content\/uploads\/2020\/12\/TVE_Bagaria.png\"><img fetchpriority=\"high\" decoding=\"async\" class=\"aligncenter size-full wp-image-53635\" src=\"https:\/\/blog.cofb.cat\/wp-content\/uploads\/2020\/12\/TVE_Bagaria.png\" alt=\"\" width=\"602\" height=\"368\" \/><\/a><\/p>\n<h3><strong>El Departamento de Salud anuncia que se est\u00e1 trabajando en un protocolo para que las farmacias hagan tests\u00a0<\/strong><\/h3>\n<p>El 16 de noviembre, <strong>la consejera de Salud, Alba Verg\u00e9s,<\/strong> declar\u00f3 que se estaba trabajando en un protocolo <strong>considerando la posibilidad de realizar tests en las farmacias<\/strong>. Ante esta noticia, el presidente del COFB, <strong>Jordi Casas<\/strong>, fue entrevistado por <a href=\"https:\/\/elglobal.es\/farmacia\/seria-un-error-pensar-que-de-forma-inminente-habra-3-000-puntos-mas-en-cataluna-haciendo-test-de-covid\/\" target=\"_blank\" rel=\"noopener\">El Global<\/a>\u00a0(la entrevista fue mencionada tambi\u00e9n\u00a0<a href=\"https:\/\/elglobal.es\/farmacia\/cataluna-apuesta-por-la-autorealizacion-de-test-covid-por-los-ciudadanos-que-entregaran-en-farmacias\/\" target=\"_blank\" rel=\"noopener\">en otra pieza<\/a>), <a href=\"https:\/\/www.elpratradio.com\/programs\/entrevistesplanetaprat\/elpratradio_podcast_26599\" target=\"_blank\" rel=\"noopener\">El Prat Radio<\/a> y <strong>TV3<\/strong> en dos ocasiones: en <a href=\"https:\/\/www.ccma.cat\/tv3\/alacarta\/tot-es-mou\/jordi-casas-el-test-dantigens-esta-validat-i-ens-agradaria-que-arribes-a-les-farmacies-el-mes-rapid-possible\/video\/6069497\/\" target=\"_blank\" rel=\"noopener\">Todo se mueve<\/a> y por el <a href=\"https:\/\/www.ccma.cat\/tv3\/alacarta\/telenoticies\/les-farmacies-es-posicionen-favorablement-a-fer-tests-dantigens\/video\/6069535\/\" target=\"_blank\" rel=\"noopener\">Telediario<\/a>; ambas piezas van <a href=\"https:\/\/www.ccma.cat\/324\/salut-prepara-un-protocol-perque-els-tests-dantigens-es-facin-a-les-farmacies\/noticia\/3060110\/\" target=\"_blank\" rel=\"noopener\">reutilizarse por otra del 3\/24<\/a>, a la que tambi\u00e9n se hizo menci\u00f3n a declaraciones de la farmac\u00e9utica <strong>Merc\u00e8 Barau<\/strong>.\u00a0<strong>Casas<\/strong> tambi\u00e9n atendi\u00f3 a <a href=\"http:\/\/www.alacarta.cat\/noticiesenxarxa\/capitol\/noticies_en_xarxa_17112020\" target=\"_blank\" rel=\"noopener\">Noticias en Red<\/a> (minuto 6:15), <a href=\"https:\/\/www.rtve.es\/alacarta\/audios\/de-boca-a-orella\/boca-orella-tercera-hora-16-11-20\/5716649\/?t=27m42s\" target=\"_blank\" rel=\"noopener\">Radio 4<\/a>, <a href=\"https:\/\/www.rtve.es\/noticias\/20201118\/farmaceuticos-pruebas-antigenos-coronavirus\/2057275.shtml\" target=\"_blank\" rel=\"noopener\">rtve.es<\/a>, <a href=\"https:\/\/www.telecinco.es\/informativos\/informativo_15_horas\/informativo-mediodia-david-cantero-isabel-jimenez_18_3044745292.html\" target=\"_blank\" rel=\"noopener\">Informativos Telecinco<\/a> (minuto 16:00), y, de nuevo, en <a href=\"https:\/\/www.ccma.cat\/tv3\/alacarta\/telenoticies\/telenoticies-vespre-18112020\/video\/6069931\/\" target=\"_blank\" rel=\"noopener\">Telediario de TV3<\/a>\u00a0(minuto 17:30). Adem\u00e1s, hizo <strong>declaraciones a ACN<\/strong>, que las repicaron la <a href=\"https:\/\/www.cope.es\/emisoras\/cataluna\/barcelona-provincia\/barcelona\/noticias\/las-farmacias-sin-prisa-para-hacer-tests-antigenos-tenemos-que-cerrar-circuito-seguro-20201117_1000891\" target=\"_blank\" rel=\"noopener\">Cope<\/a>, <a href=\"https:\/\/www.diaridegirona.cat\/catalunya\/2020\/11\/18\/govern-anuncia-estrategia-testatge-massiu\/1074262.html\" target=\"_blank\" rel=\"noopener\">Diario de Tarragona<\/a> (tambi\u00e9n en papel), <a href=\"https:\/\/tarragonadigital.com\/catalunya\/farmacies-test-antigens-reaccio\" target=\"_blank\" rel=\"noopener\">Tarragona Digital<\/a>, <a href=\"https:\/\/laciutat.cat\/laciutatdebarcelona\/barcelona\/les-farmacies-no-tenen-pressa-per-fer-tests-dantigen\" target=\"_blank\" rel=\"noopener\">La Ciudad<\/a> y <a href=\"https:\/\/el9nou.cat\/osona-ripolles\/actualitat\/les-farmacies-no-tenen-pressa-per-fer-tests-dantigen-encara-no-hi-ha-res-definit-hem-de-tancar-un-circuit-segur\/\" target=\"_blank\" rel=\"noopener\">El 9 nuevo<\/a>.<\/p>\n<p><a href=\"https:\/\/blog.cofb.cat\/wp-content\/uploads\/2020\/11\/Casas-TV3-1.jpg\"><img decoding=\"async\" class=\"aligncenter size-large wp-image-53074\" src=\"https:\/\/blog.cofb.cat\/wp-content\/uploads\/2020\/11\/Casas-TV3-1-1024x576.jpg\" alt=\"\" width=\"620\" height=\"349\" \/><\/a><br \/>\nPor su parte, la vicepresidenta del COFB, <strong>N\u00faria Bosch<\/strong>, atendi\u00f3 tambi\u00e9n a los medios durante todo el mes. <strong>Raco 1<\/strong> la entrevist\u00f3 en el programa <a href=\"https:\/\/api.audioteca.rac1.cat\/embed\/52c741bb-5ec2-47af-a2df-397f32c594d0\" target=\"_blank\" rel=\"noopener\">&quot;No lo s\u00e9&quot;<\/a> (minuto 51), y <a href=\"https:\/\/www.rac1.cat\/info-rac1\/20201116\/49495751561\/testos-antigen-farmacies-generalitat-salut-mendioroz.html\" target=\"_blank\" rel=\"noopener\">las declaraciones fueron reutilizadas por la web de Rac 1<\/a>. <strong>Bosch<\/strong> atendi\u00f3 tambi\u00e9n a la <a href=\"https:\/\/play.cadenaser.com\/audio\/370RD010000001669905\/\" target=\"_blank\" rel=\"noopener\">Cadena Ser<\/a>, en <a href=\"https:\/\/www.eitb.tv\/es\/video\/en-jake-en-jake\/5328\/178388\/17-11-2020\/?__utma=144586529.2009988206.1605608466.1605626612.1605626612.1&amp;__utmb=144586529.0.10.1605626612&amp;__utmc=144586529&amp;__utmx=-&amp;__utmz=144586529.1605626612.1.1.utmcsr=t.co|utmccn=(referral)|utmcmd=referral|utmcct=\/&amp;__utmv=-&amp;__utmk=33103166\" target=\"_blank\" rel=\"noopener\">EITB<\/a>\u00a0(a partir del minuto 50), <a href=\"https:\/\/www.lavanguardia.com\/vida\/20201118\/49529942657\/tests-antigenos-farmacias-coronavirus.html\" target=\"_blank\" rel=\"noopener\">La Vanguardia<\/a>\u00a0(tambi\u00e9n publicado en papel) y\u00a0<a href=\"https:\/\/www.rtve.es\/alacarta\/videos\/el-vespre\/\" target=\"_blank\" rel=\"noopener\">La Noche de La 2<\/a>\u00a0(minuto 9:45). Asimismo, recogieron declaraciones de la vicepresidenta del COFB\u00a0<a href=\"https:\/\/www.antena3.com\/noticias\/mundo\/eeuu-francia-reino-unido-permiten-test-antigenos-farmacias_202011185fb4d14af1b0790001ae0d68.html\" target=\"_blank\" rel=\"noopener\">Antena 3 Noticias<\/a> y\u00a0<a href=\"https:\/\/www.regio7.cat\/arreu-catalunya-espanya-mon\/2020\/11\/18\/farmacies-sofereixen-tests-dantigens-descarregar\/642976.html\" target=\"_blank\" rel=\"noopener\">Regi\u00f3n 7<\/a>.<\/p>\n<p>Adem\u00e1s, <strong>ACN<\/strong> cit\u00f3 a \u201c<strong>fuentes del Colegio de Farmac\u00e9uticos de Barcelona<\/strong>\u201d en una pieza que fue recogida por <a href=\"https:\/\/www.lleida.com\/noticia_canal\/salut-planeja-que-les-farmacies-facin-tests-dantigen-amb-garanties-de-tracabilitat\" target=\"_blank\" rel=\"noopener\">Lleida.com<\/a>, el <a href=\"https:\/\/www.diaridegirona.cat\/catalunya\/2020\/11\/17\/salut-treballa-farmacies-puguin-tests\/1074111.html\" target=\"_blank\" rel=\"noopener\">La Opini\u00f3n de Zamora<\/a> (tambi\u00e9n en papel), <a href=\"https:\/\/www.larepublica.cat\/noticies\/societat\/salut-preparara-una-estrategia-perque-les-farmacies-facin-tests-dantigen-amb-garanties-de-tracabilitat-3\/\" target=\"_blank\" rel=\"noopener\">La Rep\u00fablica<\/a>, <a href=\"https:\/\/www.lamanyana.cat\/detall-noticies\/article\/salut-preparara-una-estrategia-perque-les-farmacies-facin-tests-dantigen-amb-garanties-de-tracabili\/\" target=\"_blank\" rel=\"noopener\">El Ma\u00f1ana<\/a>, <a href=\"https:\/\/www.setmanarilebre.cat\/noticia\/126399\/salut-preparara-una-estrategia-perque-les-farmacies-facin-tests-dantigen-amb-garanties-de-\" target=\"_blank\" rel=\"noopener\">Semanario el Ebro<\/a> y las versiones en papel del diario M\u00e9s i Regi\u00f3 7.<\/p>\n<p><a href=\"https:\/\/blog.cofb.cat\/wp-content\/uploads\/2020\/12\/VespreLa2TVE.png\"><img decoding=\"async\" class=\"aligncenter size-full wp-image-53636\" src=\"https:\/\/blog.cofb.cat\/wp-content\/uploads\/2020\/12\/VespreLa2TVE.png\" alt=\"\" width=\"601\" height=\"299\" \/><\/a><\/p>\n<h3><strong>Cribado piloto de la COVID-19 en las farmacias con PCRs de automuestra<\/strong><\/h3>\n<p>D\u00edas m\u00e1s tarde, el Departamento de Salud anunci\u00f3 que<strong>n en las pr\u00f3ximas semanas se pondr\u00eda en marcha un programa piloto de cribado de la COVID-19,<\/strong> con un circuito muy similar al Programa de detecci\u00f3n precoz de c\u00e1ncer de colon y recto, en cuyo marco <strong>las farmacias entregar\u00edan PCRs de automuestra.<\/strong> En el <a href=\"https:\/\/www.ccma.cat\/tv3\/alacarta\/telenoticies\/les-farmacies-entren-en-escena-sutilitzaran-per-fer-cribratges-amb-automostra\/video\/6070456\/\" target=\"_blank\" rel=\"noopener\">Telediario de TV3<\/a> se emiti\u00f3 una pieza informante de este proyecto, que recogi\u00f3 declaraciones de <strong>Jordi Casas<\/strong>, presidente del COFB. Por otra parte, <strong>Nuria Bosch,<\/strong> vicepresidenta del COFB, atendi\u00f3 a\u00a0<a href=\"https:\/\/www.ccma.cat\/catradio\/alacarta\/catalunya-migdia\/el-collegi-de-farmaceutics-aplaudeix-els-cribratges-amb-automostra-que-ha-anunciat-el-govern\/audio\/1085168\/\" target=\"_blank\" rel=\"noopener\">Catalu\u00f1a Radio<\/a>, <a href=\"https:\/\/www.rtve.es\/alacarta\/videos\/linformatiu\/linformatiu21112020\/5721364\/?t=05m41s\" target=\"_blank\" rel=\"noopener\">El Informativo de TVE<\/a>\u00a0(minuto 5:14),\u00a0<a href=\"https:\/\/www.ondacero.es\/emisoras\/catalunya\/audios-podcast\/noticies-migdia\/les-farmacies-recolliran-automostres-pcr-sistema-molt-semblant-cribratge-cancer-colon_202011235fbbcacf1d91b60001ad0c24.html\" target=\"_blank\" rel=\"noopener\">Onda Cero<\/a>\u00a0y en el diario\u00a0<strong>ABC<\/strong>, que lo public\u00f3 en papel.<\/p>\n<p><a href=\"https:\/\/blog.cofb.cat\/wp-content\/uploads\/2020\/12\/TV3_cribratge-1.png\"><img loading=\"lazy\" decoding=\"async\" class=\"aligncenter wp-image-53640 size-full\" src=\"https:\/\/blog.cofb.cat\/wp-content\/uploads\/2020\/12\/TV3_cribratge-1.png\" alt=\"\" width=\"801\" height=\"461\" \/><\/a><\/p>\n<h3><strong>Tests de anticuerpos en las farmacias bajo prescripci\u00f3n m\u00e9dica\u00a0<\/strong><\/h3>\n<p>En paralelo, dos empresas comercializadoras de <strong>tests de anticuerpos<\/strong> comunicaron a la Agencia Espa\u00f1ola de Medicamentos y Productos Sanitarios (AEMPS) que dispon\u00edan de la correspondiente <strong>certificaci\u00f3n europea<\/strong> y que pr\u00f3ximamente les ir\u00edan<strong> distribuyendo a trav\u00e9s del canal farmacia bajo prescripci\u00f3n m\u00e9dica.\u00a0<\/strong>El vocal de An\u00e1lisis del Colegio,\u00a0<strong>Xavier Tejedor<\/strong>, atendi\u00f3 a\u00a0<a href=\"https:\/\/www.rac1.cat\/societat\/20201116\/49499783482\/testos-covid-farmacies-serologics-sang-preu-funcionament-coronavirus-antigens.html\" target=\"_blank\" rel=\"noopener\">Rac1<\/a>,\u00a0<a href=\"https:\/\/catalunyadiari.com\/actualitat\/aixi-funcionen-tests-serologics-vendran-farmacies-catalanes\" target=\"_blank\" rel=\"noopener\">Catalu\u00f1a Diario<\/a>\u00a0y la cadena\u00a0<a href=\"https:\/\/www.cope.es\/emisoras\/cataluna\/barcelona-provincia\/barcelona\/herrera-a-cope-catalunya-i-andorra\/noticias\/asi-son-los-test-rapidos-que-generalitat-quiere-hacer-las-farmacias-cataluna-20201118_1004041\" target=\"_blank\" rel=\"noopener\">Cope<\/a>\u00a0para aclarar diferentes conceptos en relaci\u00f3n con estos tests. Adem\u00e1s,\u00a0<strong>las declaraciones de Tejedor en Rac1<\/strong>\u00a0fueron\u00a0<a href=\"https:\/\/catalunyadiari.com\/actualitat\/aixi-funcionen-tests-serologics-vendran-farmacies-catalanes\" target=\"_blank\" rel=\"noopener\">recogidas en una pieza de Catalunya Diari<\/a>.<\/p>\n<p><a href=\"https:\/\/blog.cofb.cat\/wp-content\/uploads\/2020\/12\/RAC1_tests.png\"><img loading=\"lazy\" decoding=\"async\" class=\"aligncenter size-large wp-image-53642\" src=\"https:\/\/blog.cofb.cat\/wp-content\/uploads\/2020\/12\/RAC1_tests.png\" alt=\"\" width=\"620\" height=\"430\" \/><\/a><\/p>\n<div class=\"custom-divider\"><\/div>\n<h1><strong>Papel de los farmac\u00e9uticos durante la pandemia<\/strong><\/h1>\n<p>M\u00e1s all\u00e1 de los tests, Jordi Casas, presidente del COFB, particip\u00f3 en una mesa redonda organizada por<strong>\u00a0 imFarmacias, titulada\u00a0<em>&quot;\u00bfPor qu\u00e9 no se aprovecha todo el potencial de la red de farmacias?&quot;,\u00a0<\/em>de la que\u00a0<a href=\"https:\/\/www.imfarmacias.es\/noticia\/22024\/quizas-luego-sea-tarde-por-que-no-se-aprovecha-todo-el-potencial.html\" target=\"_blank\" rel=\"noopener\">se hizo una pieza<\/a>.\u00a0<\/strong>N\u00faria Bosch, vicepresidenta del COFB, estuvo presente en un<strong> debate con Antoni Torres<\/strong>, presidente de FEFAC, en <a href=\"https:\/\/www.rtve.es\/alacarta\/audios\/economix\/nasdaq-amazon-covid19-economia\/5715717\/?t=12m17s\" target=\"_blank\" rel=\"noopener\">programa Econ\u00f3mice<\/a>, de <strong>Radio 4\u00a0<\/strong>hablando del papel de los farmac\u00e9uticos durante la pandemia.<\/p>\n<p><strong>Las farmacias de Rub\u00ed han empezado a derivar, informar y concienciar sobre la COVID-19<\/strong> en el marco del proyecto ya iniciado en Terrassa el pasado septiembre. De esta manera, otras 19 farmacias se incorporan al <strong>proyecto piloto que busca trabajar de forma coordinada en la lucha contra la pandemia<\/strong>. <a href=\"https:\/\/www.rubitv.cat\/noticia\/8187\/farm-cies-rub-esdevenen-punts-derivaci-conscienciaci-sobre-covid-19\" target=\"_blank\" rel=\"noopener\">Rub\u00ed TV<\/a> se hizo eco.<\/p>\n<p><a href=\"https:\/\/blog.cofb.cat\/wp-content\/uploads\/2020\/12\/imFarmacias_rubitv-1.png\"><img loading=\"lazy\" decoding=\"async\" class=\"aligncenter size-full wp-image-53650\" src=\"https:\/\/blog.cofb.cat\/wp-content\/uploads\/2020\/12\/imFarmacias_rubitv-1.png\" alt=\"\" width=\"991\" height=\"570\" \/><\/a><\/p>\n<div class=\"custom-divider\"><\/div>\n<h1><strong>Inauguraci\u00f3n de la XVI edici\u00f3n del MGOF<\/strong><\/h1>\n<p>El COFB envi\u00f3 una nota de prensa recogiendo la inauguraci\u00f3n de la <strong>XVI edici\u00f3n del M\u00e1ster de Gesti\u00f3n de Oficina de Farmacia<\/strong>. Durante la presentaci\u00f3n, el presidente del Colegio, <strong>Jordi Casas<\/strong>, dedic\u00f3 unas palabras a los asistentes centradas en <strong>la importancia del equilibrio entre la vertiente asistencial y de gesti\u00f3n, clave en el d\u00eda a d\u00eda de las oficinas de farmacia<\/strong>. Varios medios se hicieron eco: <a href=\"https:\/\/www.imfarmacias.es\/noticia\/22038\/la-importancia-del-equilibrio-entre-la-vertiente-asistencial-y-de-gest.html\" target=\"_blank\" rel=\"noopener\">imFarmacias<\/a>, <a href=\"https:\/\/www.farmaventas.es\/noticias-del-sector\/10889-el-equilibrio-entre-la-vertiente-asistencial-y-de-gestion-es-clave-en-las-oficinas-de-farmacia.html\" target=\"_blank\" rel=\"noopener\">Farmaventas<\/a>, <a href=\"http:\/\/www.elfarmaceutico.es\/index.php\/noticias-actualidad-farmaceutica\/item\/11200-el-master-de-gestion-de-la-oficina-de-farmacia-llega-a-la-decimosexta-edicion\" target=\"_blank\" rel=\"noopener\">El Global<\/a>, <a href=\"https:\/\/revistaacofar.com\/actualidad\/noticias\/el-equilibrio-entre-la-vertiente-asistencial-y-de-gestion-es-clave-en-las-oficinas-de-farmacia\/\" target=\"_blank\" rel=\"noopener\">Acostar<\/a>, <a href=\"https:\/\/www.actasanitaria.com\/barcelona-master-farmacia\/\" target=\"_blank\" rel=\"noopener\">Acta Sanitaria<\/a>, <a href=\"https:\/\/revistafarmanatur.com\/gestion-farmaceutica\/equilibrio-la-vertiente-asistencial-gestion-clave-las-oficinas-farmacia\/\" target=\"_blank\" rel=\"noopener\">Farmanaturo<\/a> y <a href=\"https:\/\/www.diariofarma.com\/2020\/11\/03\/el-cof-de-barcelona-arranca-con-una-nueva-edicion-de-su-master-de-gestion\" target=\"_blank\" rel=\"noopener\">Diariofarma<\/a>.<\/p>\n<p><a href=\"https:\/\/blog.cofb.cat\/wp-content\/uploads\/2020\/12\/Diariofarma_ElFarmac\u00e9utico.png\"><img loading=\"lazy\" decoding=\"async\" class=\"aligncenter size-full wp-image-53647\" src=\"https:\/\/blog.cofb.cat\/wp-content\/uploads\/2020\/12\/Diariofarma_ElFarmac\u00e9utico.png\" alt=\"\" width=\"953\" height=\"578\" \/><\/a><\/p>\n<div class=\"custom-divider\"><\/div>\n<h1><strong>Entrevista al nuevo presidente del COFB\u00a0<\/strong><\/h1>\n<p><strong>Jordi Casas,<\/strong>\u00a0presidente del COFB,<strong>\u00a0<\/strong>fue entrevistado en la revista <a href=\"https:\/\/www.aeseg.es\/revista_en_generico_numero_32\/24\/\" target=\"_blank\" rel=\"noopener\">En Gen\u00e9rico<\/a> sobre los objetivos y l\u00edneas de trabajo de la nueva Junta del COFB. Por otra parte, escribi\u00f3 un art\u00edculo en\u00a0<strong>El Global<\/strong>, titulado \u201cEl radar social de la farmacia\u201d, donde habl\u00f3 del <strong>programa Radares<\/strong>, un proyecto en el que participan farmacias de Barcelona con el objetivo de prevenir el riesgo de aislamiento social y la soledad no deseada en las personas mayores.<\/p>\n<p><a href=\"https:\/\/blog.cofb.cat\/wp-content\/uploads\/2020\/12\/EnGen\u00e9rico.png\"><img loading=\"lazy\" decoding=\"async\" class=\"aligncenter size-large wp-image-53653\" src=\"https:\/\/blog.cofb.cat\/wp-content\/uploads\/2020\/12\/EnGen\u00e9rico-1024x744.png\" alt=\"\" width=\"620\" height=\"450\" \/><\/a><\/p>\n<div class=\"custom-divider\"><\/div>\n<h1><strong>El COFB como fuente de informaci\u00f3n<\/strong><\/h1>\n<h3><strong>Mascarillas en las farmacias<\/strong><\/h3>\n<p>La vicetesorera del COFB, <strong>Marta Gento<\/strong>, <a href=\"https:\/\/beteve.cat\/economia\/diferencies-mascaretes-ffp2-kn95-n95-certificats\/\" target=\"_blank\" rel=\"noopener\">atendi\u00f3 a Betev\u00e9<\/a>\u00a0para hablar diferentes cuestiones en torno a las mascarillas, como las diferencias entre las mascarillas FFP2 y las KN95 y N95 o la reducci\u00f3n del IVA.<\/p>\n<p>Por otra parte, durante el mes de noviembre <strong>se difundi\u00f3 en las redes un v\u00eddeo que mostraba que un supermercado vend\u00eda mascarillas con certificaci\u00f3n KN95<\/strong> tapando esta se\u00f1al <strong>con una etiqueta en la que pon\u00eda FFP2<\/strong>. Ante la pol\u00e9mica que gener\u00f3 un v\u00eddeo, <a href=\"https:\/\/www.verificat.cat\/fact-check\/per-que-hi-ha-mascaretes-kn95-que-porten-una-etiqueta-que-diu-ffp2\" target=\"_blank\" rel=\"noopener\">Verificado.cat<\/a> hizo una pieza por la que cont\u00f3 con las declaraciones de <strong>Maria Perell\u00f3<\/strong>, responsable del Centro de Informaci\u00f3n del Medicamento del COFB. Perell\u00f3 aclar\u00f3 que son <strong>certificaciones con distintos requisitos, pero con la misma eficacia<\/strong>.<a href=\"https:\/\/blog.cofb.cat\/wp-content\/uploads\/2020\/12\/Img-6-1.png\"><img loading=\"lazy\" decoding=\"async\" class=\"aligncenter size-large wp-image-53136\" src=\"https:\/\/blog.cofb.cat\/wp-content\/uploads\/2020\/12\/Img-6-1-1024x655.png\" alt=\"\" width=\"620\" height=\"397\" \/><\/a><\/p>\n<h3><strong>Automedicaci\u00f3n durante la pandemia<\/strong><\/h3>\n<p><a href=\"https:\/\/www.cope.es\/programas\/la-tarde\/audios\/tarde-12-11-2020-1500-1600-horas-20201112_1271782\" target=\"_blank\" rel=\"noopener\"><em><strong>La Tarde<\/strong><\/em> <\/a> (minuto 33:17) de la cadena <strong>COPE<\/strong>, entrevist\u00f3 a <strong>Laura Gom\u00e0<\/strong>, vocal del COFB, para abordar la cuesti\u00f3n sobre si<strong> la automedicaci\u00f3n hab\u00eda aumentado o no durante la pandemia.\u00a0<\/strong><strong>Gom\u00e0 habl\u00f3 de la experiencia en su farmacia <\/strong>y contest\u00f3 a <strong>m\u00e1s preguntas sobre la actualidad de la farmacia<\/strong>.<\/p>\n<h3><strong>Entrevistas a farmac\u00e9uticos de la provincia de Barcelona<\/strong><\/h3>\n<p>El medio especializado\u00a0<a href=\"https:\/\/www.imfarmacias.es\/revista\/99\/22\/\" target=\"_blank\" rel=\"noopener\">imFarmacias<\/a>, en su secci\u00f3n \u201cA Pie de Calle\u201d, public\u00f3 una<strong> serie de entrevistas<\/strong> a farmac\u00e9uticos de la provincia de Barcelona donde trasladaron diferentes reflexiones en torno a la profesi\u00f3n. Los entrevistados fueron\u00a0<a href=\"https:\/\/www.imfarmacias.es\/noticia\/22225\/la-bajada-de-precios-puede-ser-util-en-un-momento-dado-pero-no-de-f.html\" target=\"_blank\" rel=\"noopener\"><strong>Amelia Garc\u00eda-Miranda<\/strong><\/a>, coordinadora del sector sanitario Barcelona Eixample;\u00a0<a href=\"https:\/\/www.imfarmacias.es\/noticia\/22241\/me-gustaria-que-hubiera-mas-comunicacion-y-colaboracion-con-los-c.html\" target=\"_blank\" rel=\"noopener\"><strong>Meritxell Font<\/strong><\/a>, coordinadora del sector sanitario de Anoia; y <a href=\"https:\/\/www.imfarmacias.es\/noticia\/22107\/la-farmacia-ha-sabido-encontrar-su-sitio-dentro-de-la-pandemia-manten.html\" target=\"_blank\" rel=\"noopener\"><strong>Oscar Estomba<\/strong><\/a>, farmac\u00e9utico sustituto.<\/p>\n<p><a href=\"https:\/\/blog.cofb.cat\/wp-content\/uploads\/2020\/12\/Img-4.png\"><img loading=\"lazy\" decoding=\"async\" class=\"aligncenter size-large wp-image-53128\" src=\"https:\/\/blog.cofb.cat\/wp-content\/uploads\/2020\/12\/Img-4-1024x708.png\" alt=\"\" width=\"620\" height=\"429\" \/><\/a><\/p>\n<h3><strong>Dermofarmacia<\/strong><\/h3>\n<p>La vocal de Dermofarmacia y Productos Sanitarios del COFB, <strong>Marta Alcalde<\/strong>, atendi\u00f3 a <strong>Correo Farmac\u00e9utico<\/strong> <a href=\"https:\/\/www.diariomedico.com\/farmacia\/comunitaria\/autocuidado\/el-cannabidiol-se-abre-paso-en-la-terapia-no-farmacologica-del-dolor.html\" target=\"_blank\" rel=\"noopener\">por una pieza que trataba el cannabidiol y la posibilidad de utilizarlo para tratar lesiones deportivas<\/a>. Alcalde repas\u00f3 la <strong>situaci\u00f3n actual de los geles analg\u00e9sicos y antiinflamatorios para tratar este tipo de lesiones<\/strong>.<\/p>\n<p>Adem\u00e1s, la vocal del COFB <a href=\"https:\/\/www.rtve.es\/alacarta\/audios\/despres-del-collapse\/cosmetics-veritat-frau-24-11-20\/5723225\/?t=49m07s\" target=\"_blank\" rel=\"noopener\">atendi\u00f3 tambi\u00e9n al programa \u201cDespu\u00e9s del colapso\u201d<\/a>, de <strong>Radio 4<\/strong>, sobre las <strong>nuevas tendencias en dermocosm\u00e9tica<\/strong>. Alcalde declar\u00f3 que actualmente, lo que se ve es una <strong>tendencia hacia los productos naturales, una cosm\u00e9tica sostenible y org\u00e1nica<\/strong>.<\/p>\n<h3><strong>Desabastecimiento de medicamentos<\/strong><\/h3>\n<p>La vicepresidenta del COFB, <strong>N\u00faria Bosch<\/strong>, atendi\u00f3 a Radio 4 en <a href=\"https:\/\/www.rtve.es\/alacarta\/audios\/despres-del-collapse\/medicament-tractament-farmaceutiques\/5705230\/?t=27m36s\" target=\"_blank\" rel=\"noopener\">una entrevista sobre el desabastecimiento de medicamentos<\/a>\u00a0(minuto 27:36). Bosch quiso <strong>tranquilizar<\/strong> a los oyentes, declarando que <strong>los problemas de suministro son aislados y siempre se dispone de sustitutos<\/strong>.<\/p>\n<div class=\"custom-divider\"><\/div>\n<h1><strong>Menciones en el COFB<\/strong><\/h1>\n<h3><strong>Clips formativos \u00c1gora Sanitaria y ANEFP: Autocuidado en tiempo de COVID-19<\/strong><\/h3>\n<p><strong>La Asociaci\u00f3n por el Autocuidado de la Salud<\/strong> (ANEFP), conjuntamente con <strong>\u00c1gora Sanitaria<\/strong>, puso en marcha una serie de clips formativos sobre autocuidado en tiempos de COVID-19, a los que ya se han apuntado m\u00e1s de 10.000 farmac\u00e9uticos. <strong>El Global<\/strong> hizo <a href=\"https:\/\/elglobal.es\/mas\/autocuidado\/mas-de-10-000-farmaceuticos-se-forman-sobre-autocuidado-y-covid-19-con-agora-sanitaria-y-anefp\/\" target=\"_blank\" rel=\"noopener\">una pieza para destacarlo<\/a>. Tambi\u00e9n sali\u00f3 a la versi\u00f3n en papel.<\/p>\n<p><a href=\"https:\/\/blog.cofb.cat\/wp-content\/uploads\/2020\/12\/ElGlobal-1.png\"><img loading=\"lazy\" decoding=\"async\" class=\"aligncenter size-full wp-image-53662\" src=\"https:\/\/blog.cofb.cat\/wp-content\/uploads\/2020\/12\/ElGlobal-1.png\" alt=\"\" width=\"813\" height=\"693\" \/><\/a><\/p>\n<div class=\"custom-divider\"><\/div>\n<p><strong>Otras publicaciones de inter\u00e9s:<\/strong><\/p>\n<ul>\n<li><a href=\"https:\/\/blog.cofb.cat\/octubre-tests-covid-19-congres-cannabmed-programa-formacio-continuada-2020-21-cofb-temes-mes-destacats-als-mitjans\/\" target=\"_blank\" rel=\"noopener\">Octubre: los tests COVID-19, el congreso Cannabmed y el programa de formaci\u00f3n continua 2020-21 del COFB, temas m\u00e1s destacados en los medios<\/a><\/li>\n<li><a href=\"https:\/\/blog.cofb.cat\/agost-setembre-dia-mundial-farmaceutic-tests-dantigens-farmacia-projecte-pilot-terrassa-contra-covid-19-temes-mes-destacats-als-mitjans\/\" target=\"_blank\" rel=\"noopener\">Agosto y septiembre: el D\u00eda Mundial del Farmac\u00e9utico, los tests de ant\u00edgenos en la farmacia y el proyecto piloto de Terrassa contra la COVID-19, temas m\u00e1s destacados en los medios<\/a><\/li>\n<li><a href=\"https:\/\/blog.cofb.cat\/juliol-nova-junta-govern-cofb-paper-farmaceutic-covid19-novetats-agora-sanitariaresident-del-cofb-i-el-tancament-del-mgof-temes-mes-destacats-als-mitjans\/\" target=\"_blank\" rel=\"noopener\">Julio: La nueva Junta de Gobierno del COFB, el papel de los farmac\u00e9uticos durante la COVID-19 y las novedades de \u00c0gora Sanit\u00e0ria, temas m\u00e1s destacados en los medios<\/a><\/li>\n<\/ul>","protected":false},"excerpt":{"rendered":"<p>Tests COVID-19 en las farmacias Durante todo noviembre, la posibilidad de integrar en las farmacias dentro del circuito de detecci\u00f3n y prevenci\u00f3n de la COVID ha sido uno de los temas m\u00e1s destacados. Varios medios contaron con las declaraciones de miembros del COFB para hablar de ello. El vocal de Oficina de Farmacia, Guillermo Bagaria, [\u2026]<\/p>","protected":false},"author":1,"featured_media":53668,"comment_status":"open","ping_status":"open","sticky":false,"template":"","format":"standard","meta":{"_uag_custom_page_level_css":"","site-sidebar-layout":"default","site-content-layout":"","ast-site-content-layout":"default","site-content-style":"default","site-sidebar-style":"default","ast-global-header-display":"","ast-banner-title-visibility":"","ast-main-header-display":"","ast-hfb-above-header-display":"","ast-hfb-below-header-display":"","ast-hfb-mobile-header-display":"","site-post-title":"","ast-breadcrumbs-content":"","ast-featured-img":"disabled","footer-sml-layout":"","theme-transparent-header-meta":"","adv-header-id-meta":"","stick-header-meta":"","header-above-stick-meta":"","header-main-stick-meta":"","header-below-stick-meta":"","astra-migrate-meta-layouts":"default","ast-page-background-enabled":"default","ast-page-background-meta":{"desktop":{"background-color":"var(--ast-global-color-4)","background-image":"","background-repeat":"repeat","background-position":"center center","background-size":"auto","background-attachment":"scroll","background-type":"","background-media":"","overlay-type":"","overlay-color":"","overlay-opacity":"","overlay-gradient":""},"tablet":{"background-color":"","background-image":"","background-repeat":"repeat","background-position":"center center","background-size":"auto","background-attachment":"scroll","background-type":"","background-media":"","overlay-type":"","overlay-color":"","overlay-opacity":"","overlay-gradient":""},"mobile":{"background-color":"","background-image":"","background-repeat":"repeat","background-position":"center center","background-size":"auto","background-attachment":"scroll","background-type":"","background-media":"","overlay-type":"","overlay-color":"","overlay-opacity":"","overlay-gradient":""}},"ast-content-background-meta":{"desktop":{"background-color":"var(--ast-global-color-5)","background-image":"","background-repeat":"repeat","background-position":"center center","background-size":"auto","background-attachment":"scroll","background-type":"","background-media":"","overlay-type":"","overlay-color":"","overlay-opacity":"","overlay-gradient":""},"tablet":{"background-color":"var(--ast-global-color-5)","background-image":"","background-repeat":"repeat","background-position":"center center","background-size":"auto","background-attachment":"scroll","background-type":"","background-media":"","overlay-type":"","overlay-color":"","overlay-opacity":"","overlay-gradient":""},"mobile":{"background-color":"var(--ast-global-color-5)","background-image":"","background-repeat":"repeat","background-position":"center center","background-size":"auto","background-attachment":"scroll","background-type":"","background-media":"","overlay-type":"","overlay-color":"","overlay-opacity":"","overlay-gradient":""}},"footnotes":""},"categories":[23,32],"tags":[4268,4235,4419,109,4420,3985,3986,4061,2721,90,4421,3994,4422,554,3997,3998,4423,3761,4002,247,4401,4003,4403,445,4424,4404,584,4333,4084,4425,877,459,4426,2951,4427,4093,460,4098,4308,558,3366,4428],"class_list":["post-52956","post","type-post","status-publish","format-standard","has-post-thumbnail","hentry","category-destacats","category-noticies-farmacia","tag-acn","tag-acofar","tag-aesan","tag-agora-sanitaria","tag-alba-verges","tag-amelia-garcia-miranda","tag-beteve","tag-cope","tag-correo-farmaceutico","tag-covid-19","tag-diariofarma","tag-el-global","tag-el-nacional","tag-entrevistes","tag-farmanatur","tag-farmaventas","tag-ffp2","tag-guillermo-bagaria","tag-imfarmacias","tag-jordi-casas","tag-kn95","tag-la-vanguardia","tag-laura-goma","tag-marta-alcalde","tag-marta-de-bolos","tag-marta-gento","tag-mascaretes","tag-merce-barau","tag-meritxell-blanchart","tag-meritxell-font","tag-mgof","tag-mitjans","tag-novembre","tag-nuria-bosch","tag-oscar-estomba","tag-radio-4","tag-recull-de-mitjans","tag-rtve","tag-telecinco","tag-tests-rapids","tag-tv3","tag-verificat"],"yoast_head":"<!-- This site is optimized with the Yoast SEO plugin v22.4 - https:\/\/yoast.com\/wordpress\/plugins\/seo\/ -->\n<title>Novembre: els tests COVID-19 a les farm\u00e0cies, el paper dels farmac\u00e8utics durant la pand\u00e8mia i la inauguraci\u00f3 del MGOF, temes m\u00e9s destacats als mitjans - Col\u00b7legi de Farmac\u00e8utics de Barcelona<\/title>\n<meta name=\"description\" content=\"Durant novembre, la possibilitat d&#039;integrar a les farm\u00e0cies dins del circuit de detecci\u00f3 i prevenci\u00f3 de la COVID ha estat el tema destacat. Des del COFB es van dedicar esfor\u00e7os a mostrar que els farmac\u00e8utics estan preparats. Alba Verg\u00e9s va declarar que s&#039;estaven fent passos per fer tests d&#039;ant\u00edgens a les farm\u00e0cies.\" \/>\n<meta name=\"robots\" content=\"index, follow, max-snippet:-1, max-image-preview:large, max-video-preview:-1\" \/>\n<link rel=\"canonical\" href=\"https:\/\/novaorg.cofb.net\/2020\/12\/24\/novembre-els-tests-rapids-a-les-farmacies-i-el-mgof-temes-mes-destacats-als-mitjans\/\" \/>\n<meta property=\"og:locale\" content=\"es_ES\" \/>\n<meta property=\"og:type\" content=\"article\" \/>\n<meta property=\"og:title\" content=\"Novembre: els tests COVID-19 a les farm\u00e0cies, el paper dels farmac\u00e8utics durant la pand\u00e8mia i la inauguraci\u00f3 del MGOF, temes m\u00e9s destacats als mitjans - Col\u00b7legi de Farmac\u00e8utics de Barcelona\" \/>\n<meta property=\"og:description\" content=\"Durant novembre, la possibilitat d&#039;integrar a les farm\u00e0cies dins del circuit de detecci\u00f3 i prevenci\u00f3 de la COVID ha estat el tema destacat. Des del COFB es van dedicar esfor\u00e7os a mostrar que els farmac\u00e8utics estan preparats. Alba Verg\u00e9s va declarar que s&#039;estaven fent passos per fer tests d&#039;ant\u00edgens a les farm\u00e0cies.\" \/>\n<meta property=\"og:url\" content=\"https:\/\/novaorg.cofb.net\/2020\/12\/24\/novembre-els-tests-rapids-a-les-farmacies-i-el-mgof-temes-mes-destacats-als-mitjans\/\" \/>\n<meta property=\"og:site_name\" content=\"Col\u00b7legi de Farmac\u00e8utics de Barcelona\" \/>\n<meta property=\"article:publisher\" content=\"https:\/\/www.facebook.com\/farmaceuticsbcn\/\" \/>\n<meta property=\"article:published_time\" content=\"2020-12-24T13:34:59+00:00\" \/>\n<meta name=\"author\" content=\"wpAdminCofbOrg\" \/>\n<meta name=\"twitter:card\" content=\"summary_large_image\" \/>\n<meta name=\"twitter:creator\" content=\"@farmaceuticsbcn\" \/>\n<meta name=\"twitter:site\" content=\"@farmaceuticsbcn\" \/>\n<meta name=\"twitter:label1\" content=\"Escrito por\" \/>\n\t<meta name=\"twitter:data1\" content=\"wpAdminCofbOrg\" \/>\n\t<meta name=\"twitter:label2\" content=\"Tiempo de lectura\" \/>\n\t<meta name=\"twitter:data2\" content=\"8 minutos\" \/>\n<script type=\"application\/ld+json\" class=\"yoast-schema-graph\">{\"@context\":\"https:\/\/schema.org\",\"@graph\":[{\"@type\":\"Article\",\"@id\":\"https:\/\/novaorg.cofb.net\/2020\/12\/24\/novembre-els-tests-rapids-a-les-farmacies-i-el-mgof-temes-mes-destacats-als-mitjans\/#article\",\"isPartOf\":{\"@id\":\"https:\/\/novaorg.cofb.net\/2020\/12\/24\/novembre-els-tests-rapids-a-les-farmacies-i-el-mgof-temes-mes-destacats-als-mitjans\/\"},\"author\":{\"name\":\"wpAdminCofbOrg\",\"@id\":\"https:\/\/www.cofb.org\/#\/schema\/person\/22ed7eea88da74b0fa4d3154ad87ffcb\"},\"headline\":\"Novembre: els tests COVID-19 a les farm\u00e0cies, el paper dels farmac\u00e8utics durant la pand\u00e8mia i la inauguraci\u00f3 del MGOF, temes m\u00e9s destacats als mitjans\",\"datePublished\":\"2020-12-24T13:34:59+00:00\",\"dateModified\":\"2020-12-24T13:34:59+00:00\",\"mainEntityOfPage\":{\"@id\":\"https:\/\/novaorg.cofb.net\/2020\/12\/24\/novembre-els-tests-rapids-a-les-farmacies-i-el-mgof-temes-mes-destacats-als-mitjans\/\"},\"wordCount\":1635,\"commentCount\":0,\"publisher\":{\"@id\":\"https:\/\/www.cofb.org\/#organization\"},\"image\":{\"@id\":\"https:\/\/novaorg.cofb.net\/2020\/12\/24\/novembre-els-tests-rapids-a-les-farmacies-i-el-mgof-temes-mes-destacats-als-mitjans\/#primaryimage\"},\"thumbnailUrl\":\"\",\"keywords\":[\"ACN\",\"Acofar\",\"AESAN\",\"\u00c1gora Sanitaria\",\"Alba Verg\u00e9s\",\"Am\u00e8lia Garc\u00eda-Miranda\",\"beteve\",\"Cope\",\"Correo Farmac\u00e9utico\",\"COVID-19\",\"diariofarma\",\"el global\",\"El Nacional\",\"entrevistes\",\"farmanatur\",\"farmaventas\",\"FFP2\",\"Guillermo Bagaria\",\"imfarmacias\",\"Jordi Casas\",\"KN95\",\"La Vanguardia\",\"Laura Gom\u00e0\",\"Marta Alcalde\",\"Marta de Bol\u00f3s\",\"Marta Gento\",\"mascaretes\",\"Merc\u00e8 Barau\",\"Meritxell Blanchart\",\"Meritxell Font\",\"MGOF\",\"Mitjans\",\"novembre\",\"N\u00faria Bosch\",\"Oscar Estomba\",\"R\u00e0dio 4\",\"recull de mitjans\",\"RTVE\",\"Telecinco\",\"tests r\u00e0pids\",\"TV3\",\"Verificat\"],\"articleSection\":[\"Destacats\",\"Not\u00edcies farm\u00e0cia\"],\"inLanguage\":\"es\",\"potentialAction\":[{\"@type\":\"CommentAction\",\"name\":\"Comment\",\"target\":[\"https:\/\/novaorg.cofb.net\/2020\/12\/24\/novembre-els-tests-rapids-a-les-farmacies-i-el-mgof-temes-mes-destacats-als-mitjans\/#respond\"]}]},{\"@type\":\"WebPage\",\"@id\":\"https:\/\/novaorg.cofb.net\/2020\/12\/24\/novembre-els-tests-rapids-a-les-farmacies-i-el-mgof-temes-mes-destacats-als-mitjans\/\",\"url\":\"https:\/\/novaorg.cofb.net\/2020\/12\/24\/novembre-els-tests-rapids-a-les-farmacies-i-el-mgof-temes-mes-destacats-als-mitjans\/\",\"name\":\"Novembre: els tests COVID-19 a les farm\u00e0cies, el paper dels farmac\u00e8utics durant la pand\u00e8mia i la inauguraci\u00f3 del MGOF, temes m\u00e9s destacats als mitjans - Col\u00b7legi de Farmac\u00e8utics de Barcelona\",\"isPartOf\":{\"@id\":\"https:\/\/www.cofb.org\/#website\"},\"primaryImageOfPage\":{\"@id\":\"https:\/\/novaorg.cofb.net\/2020\/12\/24\/novembre-els-tests-rapids-a-les-farmacies-i-el-mgof-temes-mes-destacats-als-mitjans\/#primaryimage\"},\"image\":{\"@id\":\"https:\/\/novaorg.cofb.net\/2020\/12\/24\/novembre-els-tests-rapids-a-les-farmacies-i-el-mgof-temes-mes-destacats-als-mitjans\/#primaryimage\"},\"thumbnailUrl\":\"\",\"datePublished\":\"2020-12-24T13:34:59+00:00\",\"dateModified\":\"2020-12-24T13:34:59+00:00\",\"description\":\"Durant novembre, la possibilitat d'integrar a les farm\u00e0cies dins del circuit de detecci\u00f3 i prevenci\u00f3 de la COVID ha estat el tema destacat. Des del COFB es van dedicar esfor\u00e7os a mostrar que els farmac\u00e8utics estan preparats. Alba Verg\u00e9s va declarar que s'estaven fent passos per fer tests d'ant\u00edgens a les farm\u00e0cies.\",\"breadcrumb\":{\"@id\":\"https:\/\/novaorg.cofb.net\/2020\/12\/24\/novembre-els-tests-rapids-a-les-farmacies-i-el-mgof-temes-mes-destacats-als-mitjans\/#breadcrumb\"},\"inLanguage\":\"es\",\"potentialAction\":[{\"@type\":\"ReadAction\",\"target\":[\"https:\/\/novaorg.cofb.net\/2020\/12\/24\/novembre-els-tests-rapids-a-les-farmacies-i-el-mgof-temes-mes-destacats-als-mitjans\/\"]}]},{\"@type\":\"ImageObject\",\"inLanguage\":\"es\",\"@id\":\"https:\/\/novaorg.cofb.net\/2020\/12\/24\/novembre-els-tests-rapids-a-les-farmacies-i-el-mgof-temes-mes-destacats-als-mitjans\/#primaryimage\",\"url\":\"\",\"contentUrl\":\"\"},{\"@type\":\"BreadcrumbList\",\"@id\":\"https:\/\/novaorg.cofb.net\/2020\/12\/24\/novembre-els-tests-rapids-a-les-farmacies-i-el-mgof-temes-mes-destacats-als-mitjans\/#breadcrumb\",\"itemListElement\":[{\"@type\":\"ListItem\",\"position\":1,\"name\":\"Inici\",\"item\":\"https:\/\/novaorg.cofb.net\/\"},{\"@type\":\"ListItem\",\"position\":2,\"name\":\"Novembre: els tests COVID-19 a les farm\u00e0cies, el paper dels farmac\u00e8utics durant la pand\u00e8mia i la inauguraci\u00f3 del MGOF, temes m\u00e9s destacats als mitjans\"}]},{\"@type\":\"WebSite\",\"@id\":\"https:\/\/www.cofb.org\/#website\",\"url\":\"https:\/\/www.cofb.org\/\",\"name\":\"Col\u00b7legi de Farmac\u00e8utics de Barcelona\",\"description\":\"\",\"publisher\":{\"@id\":\"https:\/\/www.cofb.org\/#organization\"},\"potentialAction\":[{\"@type\":\"SearchAction\",\"target\":{\"@type\":\"EntryPoint\",\"urlTemplate\":\"https:\/\/www.cofb.org\/?s={search_term_string}\"},\"query-input\":\"required name=search_term_string\"}],\"inLanguage\":\"es\"},{\"@type\":\"Organization\",\"@id\":\"https:\/\/www.cofb.org\/#organization\",\"name\":\"Col\u00b7legi de Farmac\u00e8utics de Barcelona\",\"url\":\"https:\/\/www.cofb.org\/\",\"logo\":{\"@type\":\"ImageObject\",\"inLanguage\":\"es\",\"@id\":\"https:\/\/www.cofb.org\/#\/schema\/logo\/image\/\",\"url\":\"https:\/\/www.cofb.org\/wp-content\/uploads\/2023\/11\/cropped-Logotip-COFB.png\",\"contentUrl\":\"https:\/\/www.cofb.org\/wp-content\/uploads\/2023\/11\/cropped-Logotip-COFB.png\",\"width\":500,\"height\":105,\"caption\":\"Col\u00b7legi de Farmac\u00e8utics de Barcelona\"},\"image\":{\"@id\":\"https:\/\/www.cofb.org\/#\/schema\/logo\/image\/\"},\"sameAs\":[\"https:\/\/www.facebook.com\/farmaceuticsbcn\/\",\"https:\/\/twitter.com\/farmaceuticsbcn\",\"https:\/\/www.instagram.com\/farmaceuticsbcn\/\",\"https:\/\/www.linkedin.com\/company\/farmaceuticsbcn\/\"]},{\"@type\":\"Person\",\"@id\":\"https:\/\/www.cofb.org\/#\/schema\/person\/22ed7eea88da74b0fa4d3154ad87ffcb\",\"name\":\"wpAdminCofbOrg\",\"image\":{\"@type\":\"ImageObject\",\"inLanguage\":\"es\",\"@id\":\"https:\/\/www.cofb.org\/#\/schema\/person\/image\/\",\"url\":\"https:\/\/secure.gravatar.com\/avatar\/1721b20b3b8ca882c3b56ec6c978c594fff670e40c0718e9190eaeeb76aae7d8?s=96&d=mm&r=g\",\"contentUrl\":\"https:\/\/secure.gravatar.com\/avatar\/1721b20b3b8ca882c3b56ec6c978c594fff670e40c0718e9190eaeeb76aae7d8?s=96&d=mm&r=g\",\"caption\":\"wpAdminCofbOrg\"},\"sameAs\":[\"http:\/\/192.168.64.122\/wordpress\"],\"url\":\"https:\/\/www.cofb.org\/es\/author\/wpadmincofborg\/\"}]}<\/script>\n<!-- \/ Yoast SEO plugin. -->","yoast_head_json":{"title":"Novembre: els tests COVID-19 a les farm\u00e0cies, el paper dels farmac\u00e8utics durant la pand\u00e8mia i la inauguraci\u00f3 del MGOF, temes m\u00e9s destacats als mitjans - Col\u00b7legi de Farmac\u00e8utics de Barcelona","description":"Durant novembre, la possibilitat d'integrar a les farm\u00e0cies dins del circuit de detecci\u00f3 i prevenci\u00f3 de la COVID ha estat el tema destacat. Des del COFB es van dedicar esfor\u00e7os a mostrar que els farmac\u00e8utics estan preparats. Alba Verg\u00e9s va declarar que s'estaven fent passos per fer tests d'ant\u00edgens a les farm\u00e0cies.","robots":{"index":"index","follow":"follow","max-snippet":"max-snippet:-1","max-image-preview":"max-image-preview:large","max-video-preview":"max-video-preview:-1"},"canonical":"https:\/\/novaorg.cofb.net\/2020\/12\/24\/novembre-els-tests-rapids-a-les-farmacies-i-el-mgof-temes-mes-destacats-als-mitjans\/","og_locale":"es_ES","og_type":"article","og_title":"Novembre: els tests COVID-19 a les farm\u00e0cies, el paper dels farmac\u00e8utics durant la pand\u00e8mia i la inauguraci\u00f3 del MGOF, temes m\u00e9s destacats als mitjans - Col\u00b7legi de Farmac\u00e8utics de Barcelona","og_description":"Durant novembre, la possibilitat d'integrar a les farm\u00e0cies dins del circuit de detecci\u00f3 i prevenci\u00f3 de la COVID ha estat el tema destacat. Des del COFB es van dedicar esfor\u00e7os a mostrar que els farmac\u00e8utics estan preparats. Alba Verg\u00e9s va declarar que s'estaven fent passos per fer tests d'ant\u00edgens a les farm\u00e0cies.","og_url":"https:\/\/novaorg.cofb.net\/2020\/12\/24\/novembre-els-tests-rapids-a-les-farmacies-i-el-mgof-temes-mes-destacats-als-mitjans\/","og_site_name":"Col\u00b7legi de Farmac\u00e8utics de Barcelona","article_publisher":"https:\/\/www.facebook.com\/farmaceuticsbcn\/","article_published_time":"2020-12-24T13:34:59+00:00","author":"wpAdminCofbOrg","twitter_card":"summary_large_image","twitter_creator":"@farmaceuticsbcn","twitter_site":"@farmaceuticsbcn","twitter_misc":{"Escrito por":"wpAdminCofbOrg","Tiempo de lectura":"8 minutos"},"schema":{"@context":"https:\/\/schema.org","@graph":[{"@type":"Article","@id":"https:\/\/novaorg.cofb.net\/2020\/12\/24\/novembre-els-tests-rapids-a-les-farmacies-i-el-mgof-temes-mes-destacats-als-mitjans\/#article","isPartOf":{"@id":"https:\/\/novaorg.cofb.net\/2020\/12\/24\/novembre-els-tests-rapids-a-les-farmacies-i-el-mgof-temes-mes-destacats-als-mitjans\/"},"author":{"name":"wpAdminCofbOrg","@id":"https:\/\/www.cofb.org\/#\/schema\/person\/22ed7eea88da74b0fa4d3154ad87ffcb"},"headline":"Novembre: els tests COVID-19 a les farm\u00e0cies, el paper dels farmac\u00e8utics durant la pand\u00e8mia i la inauguraci\u00f3 del MGOF, temes m\u00e9s destacats als mitjans","datePublished":"2020-12-24T13:34:59+00:00","dateModified":"2020-12-24T13:34:59+00:00","mainEntityOfPage":{"@id":"https:\/\/novaorg.cofb.net\/2020\/12\/24\/novembre-els-tests-rapids-a-les-farmacies-i-el-mgof-temes-mes-destacats-als-mitjans\/"},"wordCount":1635,"commentCount":0,"publisher":{"@id":"https:\/\/www.cofb.org\/#organization"},"image":{"@id":"https:\/\/novaorg.cofb.net\/2020\/12\/24\/novembre-els-tests-rapids-a-les-farmacies-i-el-mgof-temes-mes-destacats-als-mitjans\/#primaryimage"},"thumbnailUrl":"","keywords":["ACN","Acofar","AESAN","\u00c1gora Sanitaria","Alba Verg\u00e9s","Am\u00e8lia Garc\u00eda-Miranda","beteve","Cope","Correo Farmac\u00e9utico","COVID-19","diariofarma","el global","El Nacional","entrevistes","farmanatur","farmaventas","FFP2","Guillermo Bagaria","imfarmacias","Jordi Casas","KN95","La Vanguardia","Laura Gom\u00e0","Marta Alcalde","Marta de Bol\u00f3s","Marta Gento","mascaretes","Merc\u00e8 Barau","Meritxell Blanchart","Meritxell Font","MGOF","Mitjans","novembre","N\u00faria Bosch","Oscar Estomba","R\u00e0dio 4","recull de mitjans","RTVE","Telecinco","tests r\u00e0pids","TV3","Verificat"],"articleSection":["Destacats","Not\u00edcies farm\u00e0cia"],"inLanguage":"es","potentialAction":[{"@type":"CommentAction","name":"Comment","target":["https:\/\/novaorg.cofb.net\/2020\/12\/24\/novembre-els-tests-rapids-a-les-farmacies-i-el-mgof-temes-mes-destacats-als-mitjans\/#respond"]}]},{"@type":"WebPage","@id":"https:\/\/novaorg.cofb.net\/2020\/12\/24\/novembre-els-tests-rapids-a-les-farmacies-i-el-mgof-temes-mes-destacats-als-mitjans\/","url":"https:\/\/novaorg.cofb.net\/2020\/12\/24\/novembre-els-tests-rapids-a-les-farmacies-i-el-mgof-temes-mes-destacats-als-mitjans\/","name":"Novembre: els tests COVID-19 a les farm\u00e0cies, el paper dels farmac\u00e8utics durant la pand\u00e8mia i la inauguraci\u00f3 del MGOF, temes m\u00e9s destacats als mitjans - Col\u00b7legi de Farmac\u00e8utics de Barcelona","isPartOf":{"@id":"https:\/\/www.cofb.org\/#website"},"primaryImageOfPage":{"@id":"https:\/\/novaorg.cofb.net\/2020\/12\/24\/novembre-els-tests-rapids-a-les-farmacies-i-el-mgof-temes-mes-destacats-als-mitjans\/#primaryimage"},"image":{"@id":"https:\/\/novaorg.cofb.net\/2020\/12\/24\/novembre-els-tests-rapids-a-les-farmacies-i-el-mgof-temes-mes-destacats-als-mitjans\/#primaryimage"},"thumbnailUrl":"","datePublished":"2020-12-24T13:34:59+00:00","dateModified":"2020-12-24T13:34:59+00:00","description":"Durant novembre, la possibilitat d'integrar a les farm\u00e0cies dins del circuit de detecci\u00f3 i prevenci\u00f3 de la COVID ha estat el tema destacat. Des del COFB es van dedicar esfor\u00e7os a mostrar que els farmac\u00e8utics estan preparats. Alba Verg\u00e9s va declarar que s'estaven fent passos per fer tests d'ant\u00edgens a les farm\u00e0cies.","breadcrumb":{"@id":"https:\/\/novaorg.cofb.net\/2020\/12\/24\/novembre-els-tests-rapids-a-les-farmacies-i-el-mgof-temes-mes-destacats-als-mitjans\/#breadcrumb"},"inLanguage":"es","potentialAction":[{"@type":"ReadAction","target":["https:\/\/novaorg.cofb.net\/2020\/12\/24\/novembre-els-tests-rapids-a-les-farmacies-i-el-mgof-temes-mes-destacats-als-mitjans\/"]}]},{"@type":"ImageObject","inLanguage":"es","@id":"https:\/\/novaorg.cofb.net\/2020\/12\/24\/novembre-els-tests-rapids-a-les-farmacies-i-el-mgof-temes-mes-destacats-als-mitjans\/#primaryimage","url":"","contentUrl":""},{"@type":"BreadcrumbList","@id":"https:\/\/novaorg.cofb.net\/2020\/12\/24\/novembre-els-tests-rapids-a-les-farmacies-i-el-mgof-temes-mes-destacats-als-mitjans\/#breadcrumb","itemListElement":[{"@type":"ListItem","position":1,"name":"Inici","item":"https:\/\/novaorg.cofb.net\/"},{"@type":"ListItem","position":2,"name":"Novembre: els tests COVID-19 a les farm\u00e0cies, el paper dels farmac\u00e8utics durant la pand\u00e8mia i la inauguraci\u00f3 del MGOF, temes m\u00e9s destacats als mitjans"}]},{"@type":"WebSite","@id":"https:\/\/www.cofb.org\/#website","url":"https:\/\/www.cofb.org\/","name":"Col\u00b7legi de Farmac\u00e8utics de Barcelona","description":"","publisher":{"@id":"https:\/\/www.cofb.org\/#organization"},"potentialAction":[{"@type":"SearchAction","target":{"@type":"EntryPoint","urlTemplate":"https:\/\/www.cofb.org\/?s={search_term_string}"},"query-input":"required name=search_term_string"}],"inLanguage":"es"},{"@type":"Organization","@id":"https:\/\/www.cofb.org\/#organization","name":"Col\u00b7legi de Farmac\u00e8utics de Barcelona","url":"https:\/\/www.cofb.org\/","logo":{"@type":"ImageObject","inLanguage":"es","@id":"https:\/\/www.cofb.org\/#\/schema\/logo\/image\/","url":"https:\/\/www.cofb.org\/wp-content\/uploads\/2023\/11\/cropped-Logotip-COFB.png","contentUrl":"https:\/\/www.cofb.org\/wp-content\/uploads\/2023\/11\/cropped-Logotip-COFB.png","width":500,"height":105,"caption":"Col\u00b7legi de Farmac\u00e8utics de Barcelona"},"image":{"@id":"https:\/\/www.cofb.org\/#\/schema\/logo\/image\/"},"sameAs":["https:\/\/www.facebook.com\/farmaceuticsbcn\/","https:\/\/twitter.com\/farmaceuticsbcn","https:\/\/www.instagram.com\/farmaceuticsbcn\/","https:\/\/www.linkedin.com\/company\/farmaceuticsbcn\/"]},{"@type":"Person","@id":"https:\/\/www.cofb.org\/#\/schema\/person\/22ed7eea88da74b0fa4d3154ad87ffcb","name":"wpAdminCofbOrg","image":{"@type":"ImageObject","inLanguage":"es","@id":"https:\/\/www.cofb.org\/#\/schema\/person\/image\/","url":"https:\/\/secure.gravatar.com\/avatar\/1721b20b3b8ca882c3b56ec6c978c594fff670e40c0718e9190eaeeb76aae7d8?s=96&d=mm&r=g","contentUrl":"https:\/\/secure.gravatar.com\/avatar\/1721b20b3b8ca882c3b56ec6c978c594fff670e40c0718e9190eaeeb76aae7d8?s=96&d=mm&r=g","caption":"wpAdminCofbOrg"},"sameAs":["http:\/\/192.168.64.122\/wordpress"],"url":"https:\/\/www.cofb.org\/es\/author\/wpadmincofborg\/"}]}},"uagb_featured_image_src":{"full":false,"thumbnail":false,"medium":false,"medium_large":false,"large":false,"1536x1536":false,"2048x2048":false,"trp-custom-language-flag":false},"uagb_author_info":{"display_name":"wpAdminCofbOrg","author_link":"https:\/\/www.cofb.org\/es\/author\/wpadmincofborg\/"},"uagb_comment_info":0,"uagb_excerpt":"Tests COVID-19 a les farm\u00e0cies Durant tot novembre, la possibilitat d&#8217;integrar a les farm\u00e0cies dins del circuit de detecci\u00f3 i prevenci\u00f3 de la COVID ha estat un dels temes m\u00e9s destacats.\u00a0Diversos mitjans van comptar amb les declaracions de membres del COFB per parlar-ne. El vocal d&#8217;Oficina de Farm\u00e0cia, Guillermo Bagaria, [&hellip;]","_links":{"self":[{"href":"https:\/\/www.cofb.org\/es\/wp-json\/wp\/v2\/posts\/52956","targetHints":{"allow":["GET"]}}],"collection":[{"href":"https:\/\/www.cofb.org\/es\/wp-json\/wp\/v2\/posts"}],"about":[{"href":"https:\/\/www.cofb.org\/es\/wp-json\/wp\/v2\/types\/post"}],"author":[{"embeddable":true,"href":"https:\/\/www.cofb.org\/es\/wp-json\/wp\/v2\/users\/1"}],"replies":[{"embeddable":true,"href":"https:\/\/www.cofb.org\/es\/wp-json\/wp\/v2\/comments?post=52956"}],"version-history":[{"count":0,"href":"https:\/\/www.cofb.org\/es\/wp-json\/wp\/v2\/posts\/52956\/revisions"}],"wp:featuredmedia":[{"embeddable":true,"href":"https:\/\/www.cofb.org\/es\/wp-json\/"}],"wp:attachment":[{"href":"https:\/\/www.cofb.org\/es\/wp-json\/wp\/v2\/media?parent=52956"}],"wp:term":[{"taxonomy":"category","embeddable":true,"href":"https:\/\/www.cofb.org\/es\/wp-json\/wp\/v2\/categories?post=52956"},{"taxonomy":"post_tag","embeddable":true,"href":"https:\/\/www.cofb.org\/es\/wp-json\/wp\/v2\/tags?post=52956"}],"curies":[{"name":"wp","href":"https:\/\/api.w.org\/{rel}","templated":true}]}}