{"id":52724,"date":"2020-11-17T19:35:14","date_gmt":"2020-11-17T17:35:14","guid":{"rendered":"https:\/\/blog.cofb.cat\/?p=52724"},"modified":"2020-11-17T19:35:14","modified_gmt":"2020-11-17T17:35:14","slug":"jornada-sobre-biosimilars-cofb","status":"publish","type":"post","link":"https:\/\/www.cofb.org\/es\/2020\/11\/17\/jornada-sobre-biosimilars-cofb\/","title":{"rendered":"El intercambio de experiencias pr\u00e1cticas y la visi\u00f3n asistencial centran la jornada sobre biosimilares en el COFB"},"content":{"rendered":"<p>El pasado jueves <strong>5 de noviembre<\/strong> tuvo lugar en <strong>Col\u00b7legi de Farmac\u00e8utics de Barcelona (COFB)<\/strong> la jornada <strong>&quot;Biosimilares, experiencias pr\u00e1cticas de introducci\u00f3n y utilizaci\u00f3n en el entorno cl\u00ednico&quot;<\/strong>, organizada conjuntamente con la <a href=\"http:\/\/www.scfarmclin.org\/index.php\" target=\"_blank\" rel=\"noopener\">Sociedad Catalana de Farmacia Cl\u00ednica (SCFC)<\/a>\u00a0y dirigida a farmac\u00e9uticos hospitalarios y de Atenci\u00f3n Primaria.<\/p>\n<figure id=\"attachment_52938\" aria-describedby=\"caption-attachment-52938\" style=\"width: 922px\" class=\"wp-caption aligncenter\"><a href=\"https:\/\/blog.cofb.cat\/wp-content\/uploads\/2020\/11\/Jornada-Biosimilars-COFB.jpg\"><img fetchpriority=\"high\" decoding=\"async\" class=\"wp-image-52938 size-full\" title=\"Fernando de Mora, farmac\u00f3logo y profesor del Departamento de Farmacolog\u00eda Terap\u00e9utica y Toxicolog\u00eda de la UAB, en un momento de su exposici\u00f3n en la sede del COFB.\" src=\"https:\/\/blog.cofb.cat\/wp-content\/uploads\/2020\/11\/Jornada-Biosimilars-COFB.jpg\" alt=\"Fernando de Mora, farmac\u00f2leg i professor del Departament de Farmacologia Terap\u00e8utica i Toxicologia de la UAB, en un moment de la seva exposici\u00f3 a la seu del COFB.\" width=\"922\" height=\"519\" \/><\/a><figcaption id=\"caption-attachment-52938\" class=\"wp-caption-text\">Fernando de Mora, farmac\u00f3logo y profesor del Departamento de Farmacolog\u00eda Terap\u00e9utica y Toxicolog\u00eda de la UAB, en un momento de su exposici\u00f3n en la sede del COFB.<\/figcaption><\/figure>\n<p>El objetivo era <strong>profundizar en los conocimientos de los biosimilares<\/strong> y su relaci\u00f3n con los<strong> f\u00e1rmacos biol\u00f3gicos originales<\/strong>, asimilar los argumentos y la evidencia para entender y explicar su introducci\u00f3n en la pr\u00e1ctica cl\u00ednica y <strong>poder responder a las dudas<\/strong> y <strong>el debate<\/strong> establecido en torno a estos medicamentos. La encargada de presentar la sesi\u00f3n fue <strong>Aina Surroca<\/strong>, secretaria de la Junta del Colegio y responsable de la Comisi\u00f3n Delegada de Formaci\u00f3n Continuada.<\/p>\n<div class=\"box success\"><\/p>\n<h2><span style=\"color: #008080;\"><strong>Optimizaci\u00f3n de los recursos del sistema sanitario<\/strong><\/span><\/h2>\n<p>Los <strong>medicamentos biosimilares<\/strong> se obtienen mediante <strong>procesos de desarrollo y fabricaci\u00f3n de calidad contrastada<\/strong> equivalentes a los que se aplican a los productos biol\u00f3gicos originales.<\/p>\n<p>La <strong>comparabilidad con el f\u00e1rmaco de referencia<\/strong> permite establecer el<strong>eficacia<\/strong> y la <strong>seguridad<\/strong> a largo plazo con las mismas garant\u00edas que ofrecen los medicamentos originales de referencia. La <strong>demostraci\u00f3n de biosimilaridad<\/strong> incluye <strong>estudios comparativos precl\u00ednicos y cl\u00ednicos<\/strong>, la obligatoriedad de <strong>realizar estudios postcomercializaci\u00f3n<\/strong> y de <strong>seguir programas exhaustivos de farmacovigilancia<\/strong>. El hecho de que tengan un <strong>precio menor en el biotecnol\u00f3gico de referencia<\/strong> hace posible tratar a m\u00e1s pacientes y que los hospitales optimicen los recursos del sistema sanitario.<\/p>\n<p><\/div>\n<h1><span style=\"color: #008080;\"><strong>Biosimilares y medicamentos biol\u00f3gicos originales\u00a0<\/strong><\/span><\/h1>\n<p><strong>Fernando de Mora<\/strong>, farmac\u00f3logo y profesor del Departamento de Farmacolog\u00eda Terap\u00e9utica y Toxicolog\u00eda de la UAB, se ocup\u00f3 del primer bloque de la jornada. En su exposici\u00f3n, hizo referencia a conceptos como la <strong>demostraci\u00f3n de biosimilaridad<\/strong>; el<strong>extrapolaci\u00f3n de indicaciones<\/strong>; la seguridad de los <em>switch <\/em>y la <strong>relevancia de la comunicaci\u00f3n con el paciente<\/strong> (efecto nocebo); la combinaci\u00f3n de biosimilares con otros f\u00e1rmacos, y el valor a\u00f1adido de los biosimilares.<\/p>\n<h1><span style=\"color: #008080;\"><strong>Biosimilares en la pr\u00e1ctica cl\u00ednica, una visi\u00f3n asistencial<\/strong><\/span><\/h1>\n<p>En este punto, Gonzalo Calvo, farmac\u00f3logo, consultor senior y jefe del servicio de farmacolog\u00eda cl\u00ednica del Hospital Cl\u00ednic se refiri\u00f3 a los <strong>niveles de decisi\u00f3n<\/strong> <strong>en el marco de los biosimilares<\/strong> (pol\u00edtica sanitaria, decisiones colegiadas y decisiones individuales paciente\/prescriptor).<\/p>\n<figure id=\"attachment_52916\" aria-describedby=\"caption-attachment-52916\" style=\"width: 620px\" class=\"wp-caption aligncenter\"><a href=\"https:\/\/blog.cofb.cat\/wp-content\/uploads\/2020\/11\/BioSim.jpg\"><img decoding=\"async\" class=\"wp-image-52916 size-large\" title=\"Los medicamentos biosimilares se obtienen mediante procesos de desarrollo y fabricaci\u00f3n de calidad contrastada.\" src=\"https:\/\/blog.cofb.cat\/wp-content\/uploads\/2020\/11\/BioSim-1024x568.jpg\" alt=\"Els medicaments biosimilars s\u2019obtenen mitjan\u00e7ant processos de desenvolupament i fabricaci\u00f3 de qualitat contrastada.\" width=\"620\" height=\"344\" \/><\/a><figcaption id=\"caption-attachment-52916\" class=\"wp-caption-text\">Los medicamentos biosimilares se obtienen mediante procesos de desarrollo y fabricaci\u00f3n de calidad contrastada.<\/figcaption><\/figure>\n<p>Como ejemplos de<strong> decisiones colegiadas<\/strong>, encontrar\u00edamos incorporar un biosimilar al formulario del hospital o <strong>informar adecuadamente a los servicios afectados<\/strong>. Por otra parte, el ponente tambi\u00e9n ejemplific\u00f3 la <strong>propuesta colegiada-decisi\u00f3n cl\u00ednica<\/strong>, como podr\u00eda ser informar y solicitar a los m\u00e9dicos responsables que consideren la <strong>posibilidad de cambiar al biosimilar<\/strong> si creen que no existe riesgo para el paciente.<\/p>\n<h1><span style=\"color: #008080;\"><strong>Exposici\u00f3n de experiencias pr\u00e1cticas\u00a0<\/strong><\/span><\/h1>\n<p>En esta \u00faltima parte de la sesi\u00f3n, tuvo lugar un <strong>intercambio de experiencias<\/strong> entre varios ponentes, concretamente del Hospital Cl\u00ednic de Barcelona y el Hospital Universitari de Vic.<\/p>\n<h2><span style=\"color: #000000;\"><strong>Hospital Cl\u00ednico de Barcelona, el caso de trastuzumab<\/strong><\/span><\/h2>\n<p>La onc\u00f3loga <strong>Olga Mart\u00ednez<\/strong>, del Servicio de Oncolog\u00eda M\u00e9dica del Hospital Cl\u00ednic, explic\u00f3 el caso de este hospital con el <strong>trastuzumab biosimilar. Las indicaciones de este medicamento ser\u00edan el c\u00e1ncer de mama precoz neoadyuvancia\/adyuvancia, el c\u00e1ncer de mama metast\u00e1tico y el c\u00e1ncer g\u00e1strico metast\u00e1tico.\u00a0<\/strong><\/p>\n<p>A continuaci\u00f3n, recogi\u00f3 la actualizaci\u00f3n del posicionamiento sobre <strong>sustituci\u00f3n e intercambiabilidad<\/strong> de la Sociedad Espa\u00f1ola de Oncolog\u00eda M\u00e9dica (SEOM), en la que se afirma que la sustituci\u00f3n autom\u00e1tica de los medicamentos biol\u00f3gicos est\u00e1 prohibida por ley en Espa\u00f1a y que, por tanto, los <strong>biosimilares<\/strong>, en tanto que <strong>biol\u00f3gicos,<\/strong> no pueden sustituirse una vez prescritos por el m\u00e9dico. Y tambi\u00e9n destac\u00f3 que la SEOM<strong> desaconseja en general la intercambiabilidad de biol\u00f3gicos para una misma indicaci\u00f3n en pacientes oncol\u00f3gicos\u00a0<\/strong>una vez iniciado el tratamiento.<\/p>\n<p>Como conclusiones, apunt\u00f3 que la experiencia con el trastuzumab se basa en una <strong>decisi\u00f3n conjunta<\/strong> entre el \u00c1rea del Medicamento y Oncolog\u00eda M\u00e9dica, que se tom\u00f3 con <strong>datos de seguridad<\/strong> y <strong>eficacia,<\/strong> y que supone una <strong>reducci\u00f3n de costes<\/strong>.<\/p>\n<p><a href=\"https:\/\/blog.cofb.cat\/wp-content\/uploads\/2020\/11\/20201105_170845.jpg\"><img decoding=\"async\" class=\"aligncenter wp-image-52908 size-large\" src=\"https:\/\/blog.cofb.cat\/wp-content\/uploads\/2020\/11\/20201105_170845-1024x616.jpg\" alt=\"\" width=\"620\" height=\"373\" \/><\/a><\/p>\n<p>En este sentido, Gonzalo Calvo expuso la constituci\u00f3n de un grupo de trabajo en el Hospital Cl\u00ednic para establecer una <strong>pol\u00edtica consensuada<\/strong> sobre la <strong>incorporaci\u00f3n<\/strong> y el<strong>uso de biosimilares<\/strong> en la pr\u00e1ctica cl\u00ednica hospitalaria. Un grupo que est\u00e1 formado por <strong>facultativos de los servicios implicados<\/strong> en la prescripci\u00f3n de biosimilares.<\/p>\n<h2><span style=\"color: #000000;\"><strong>Intervenci\u00f3n de la farmacia en la toma de decisiones<\/strong><\/span><\/h2>\n<p>Este bloque cont\u00f3 con las aportaciones de Leo Munell, farmac\u00e9utica, jefe de unidad asistencial del Servicio de Farmacia del Hospital Universitari de Vic y del Dr. Joan Sal\u00f3, digest\u00f3logo, jefe de unidad asistencial del propio hospital.<\/p>\n<p>El dr. Sal\u00f3n abord\u00f3 la <strong>intervenci\u00f3n de la farmacia<\/strong> en la <strong>toma de decisiones<\/strong> en cuanto a los <strong>tratamientos biol\u00f3gicos<\/strong>. Desglos\u00f3 el circuito -en el que se tienen en cuenta las consideraciones de la farmacia- desde la consulta al digest\u00f3logo hasta la prescripci\u00f3n del biol\u00f3gico y la dispensaci\u00f3n. La intervenci\u00f3n de la farmacia comprende la revisi\u00f3n de datos, <em>checklist<\/em> de los requisitos, etc. Una de las conclusiones de su exposici\u00f3n fue que la<strong>experiencia en el uso de los biosimilares<\/strong> favorece la decisi\u00f3n de realizar intercambio por razones de sostenibilidad.<\/p>\n<p style=\"text-align: right;\"><strong>Actividad organizada conjuntamente con:<\/strong><\/p>\n<p><a href=\"http:\/\/www.scfarmclin.org\/index.php\" target=\"_blank\" rel=\"noopener\"><img loading=\"lazy\" decoding=\"async\" class=\"wp-image-52733 alignright\" src=\"https:\/\/blog.cofb.cat\/wp-content\/uploads\/2020\/11\/SCFC.jpg\" alt=\"\" width=\"105\" height=\"84\" \/><\/a><\/p>\n<p>&nbsp;<\/p>\n<p>&nbsp;<\/p>\n<p style=\"text-align: right;\"><strong>Con el patrocinio:<\/strong><\/p>\n<p style=\"text-align: right;\"><a href=\"https:\/\/www.amgenbiosimilars.com\/\" target=\"_blank\" rel=\"noopener\"><img loading=\"lazy\" decoding=\"async\" class=\"wp-image-52731 alignright\" src=\"https:\/\/blog.cofb.cat\/wp-content\/uploads\/2020\/11\/AMGEN.jpg\" alt=\"\" width=\"116\" height=\"62\" \/><\/a><\/p>\n<p>&nbsp;<\/p>\n<p><strong>Otras publicaciones de inter\u00e9s:<\/strong><\/p>\n<ul>\n<li><a href=\"https:\/\/blog.cofb.cat\/els-biosimilars-arriben-a-la-farmacia-que-hem-de-saber\/\" target=\"_blank\" rel=\"noopener\">Los biosimilares llegan a la farmacia, \u00bfqu\u00e9 debemos saber? (Mayo 2016)<\/a><\/li>\n<\/ul>","protected":false},"excerpt":{"rendered":"<p>El pasado jueves 5 de noviembre tuvo lugar en el Colegio de Farmac\u00e9uticos de Barcelona (COFB) la jornada &quot;Biosimilares, experiencias pr\u00e1cticas de introducci\u00f3n y utilizaci\u00f3n en el entorno cl\u00ednico&quot;, organizada conjuntamente con la Sociedad Catalana de Farmacia Cl\u00ednica (SCFC ) y dirigida a farmac\u00e9uticos hospitalarios y de Atenci\u00f3n Primaria. El objetivo era profundizar en los conocimientos [\u2026]<\/p>","protected":false},"author":1,"featured_media":52938,"comment_status":"open","ping_status":"open","sticky":false,"template":"","format":"standard","meta":{"_uag_custom_page_level_css":"","site-sidebar-layout":"default","site-content-layout":"","ast-site-content-layout":"default","site-content-style":"default","site-sidebar-style":"default","ast-global-header-display":"","ast-banner-title-visibility":"","ast-main-header-display":"","ast-hfb-above-header-display":"","ast-hfb-below-header-display":"","ast-hfb-mobile-header-display":"","site-post-title":"","ast-breadcrumbs-content":"","ast-featured-img":"disabled","footer-sml-layout":"","theme-transparent-header-meta":"","adv-header-id-meta":"","stick-header-meta":"","header-above-stick-meta":"","header-main-stick-meta":"","header-below-stick-meta":"","astra-migrate-meta-layouts":"default","ast-page-background-enabled":"default","ast-page-background-meta":{"desktop":{"background-color":"var(--ast-global-color-4)","background-image":"","background-repeat":"repeat","background-position":"center center","background-size":"auto","background-attachment":"scroll","background-type":"","background-media":"","overlay-type":"","overlay-color":"","overlay-opacity":"","overlay-gradient":""},"tablet":{"background-color":"","background-image":"","background-repeat":"repeat","background-position":"center center","background-size":"auto","background-attachment":"scroll","background-type":"","background-media":"","overlay-type":"","overlay-color":"","overlay-opacity":"","overlay-gradient":""},"mobile":{"background-color":"","background-image":"","background-repeat":"repeat","background-position":"center center","background-size":"auto","background-attachment":"scroll","background-type":"","background-media":"","overlay-type":"","overlay-color":"","overlay-opacity":"","overlay-gradient":""}},"ast-content-background-meta":{"desktop":{"background-color":"var(--ast-global-color-5)","background-image":"","background-repeat":"repeat","background-position":"center center","background-size":"auto","background-attachment":"scroll","background-type":"","background-media":"","overlay-type":"","overlay-color":"","overlay-opacity":"","overlay-gradient":""},"tablet":{"background-color":"var(--ast-global-color-5)","background-image":"","background-repeat":"repeat","background-position":"center center","background-size":"auto","background-attachment":"scroll","background-type":"","background-media":"","overlay-type":"","overlay-color":"","overlay-opacity":"","overlay-gradient":""},"mobile":{"background-color":"var(--ast-global-color-5)","background-image":"","background-repeat":"repeat","background-position":"center center","background-size":"auto","background-attachment":"scroll","background-type":"","background-media":"","overlay-type":"","overlay-color":"","overlay-opacity":"","overlay-gradient":""}},"footnotes":""},"categories":[23,57],"tags":[2396,18,19,3385,4415,53,68,300,45,637,286],"class_list":["post-52724","post","type-post","status-publish","format-standard","has-post-thumbnail","hentry","category-destacats","category-mon-collegial","tag-biosimilars","tag-cofb","tag-collegi-de-farmaceutics-de-barcelona","tag-colloqui","tag-experiencies-practiques","tag-farmaceutics","tag-farmacia","tag-formacio-continuada","tag-medicaments","tag-programa-de-formacio-continuada","tag-societat-catalana-de-farmacia-clinica"],"yoast_head":"<!-- This site is optimized with the Yoast SEO plugin v22.4 - https:\/\/yoast.com\/wordpress\/plugins\/seo\/ -->\n<title>L&#039;intercanvi d&#039;experi\u00e8ncies pr\u00e0ctiques i la visi\u00f3 assistencial centren la jornada sobre biosimilars al COFB - Col\u00b7legi de Farmac\u00e8utics de Barcelona<\/title>\n<meta name=\"description\" content=\"El passat dijous 5 de novembre va tenir lloc al Col\u00b7legi de Farmac\u00e8utics de Barcelona (COFB) la jornada &quot;Biosimilars, experi\u00e8ncies pr\u00e0ctiques d&#039;introducci\u00f3 i utilitzaci\u00f3 en l&#039;entorn cl\u00ednic&quot;.\u00a0\" \/>\n<meta name=\"robots\" content=\"index, follow, max-snippet:-1, max-image-preview:large, max-video-preview:-1\" \/>\n<link rel=\"canonical\" href=\"https:\/\/novaorg.cofb.net\/2020\/11\/17\/jornada-sobre-biosimilars-cofb\/\" \/>\n<meta property=\"og:locale\" content=\"es_ES\" \/>\n<meta property=\"og:type\" content=\"article\" \/>\n<meta property=\"og:title\" content=\"L&#039;intercanvi d&#039;experi\u00e8ncies pr\u00e0ctiques i la visi\u00f3 assistencial centren la jornada sobre biosimilars al COFB - Col\u00b7legi de Farmac\u00e8utics de Barcelona\" \/>\n<meta property=\"og:description\" content=\"El passat dijous 5 de novembre va tenir lloc al Col\u00b7legi de Farmac\u00e8utics de Barcelona (COFB) la jornada &quot;Biosimilars, experi\u00e8ncies pr\u00e0ctiques d&#039;introducci\u00f3 i utilitzaci\u00f3 en l&#039;entorn cl\u00ednic&quot;.\u00a0\" \/>\n<meta property=\"og:url\" content=\"https:\/\/novaorg.cofb.net\/2020\/11\/17\/jornada-sobre-biosimilars-cofb\/\" \/>\n<meta property=\"og:site_name\" content=\"Col\u00b7legi de Farmac\u00e8utics de Barcelona\" \/>\n<meta property=\"article:publisher\" content=\"https:\/\/www.facebook.com\/farmaceuticsbcn\/\" \/>\n<meta property=\"article:published_time\" content=\"2020-11-17T17:35:14+00:00\" \/>\n<meta name=\"author\" content=\"wpAdminCofbOrg\" \/>\n<meta name=\"twitter:card\" content=\"summary_large_image\" \/>\n<meta name=\"twitter:creator\" content=\"@farmaceuticsbcn\" \/>\n<meta name=\"twitter:site\" content=\"@farmaceuticsbcn\" \/>\n<meta name=\"twitter:label1\" content=\"Escrito por\" \/>\n\t<meta name=\"twitter:data1\" content=\"wpAdminCofbOrg\" \/>\n\t<meta name=\"twitter:label2\" content=\"Tiempo de lectura\" \/>\n\t<meta name=\"twitter:data2\" content=\"5 minutos\" \/>\n<script type=\"application\/ld+json\" class=\"yoast-schema-graph\">{\"@context\":\"https:\/\/schema.org\",\"@graph\":[{\"@type\":\"Article\",\"@id\":\"https:\/\/novaorg.cofb.net\/2020\/11\/17\/jornada-sobre-biosimilars-cofb\/#article\",\"isPartOf\":{\"@id\":\"https:\/\/novaorg.cofb.net\/2020\/11\/17\/jornada-sobre-biosimilars-cofb\/\"},\"author\":{\"name\":\"wpAdminCofbOrg\",\"@id\":\"https:\/\/www.cofb.org\/#\/schema\/person\/22ed7eea88da74b0fa4d3154ad87ffcb\"},\"headline\":\"L&#8217;intercanvi d&#8217;experi\u00e8ncies pr\u00e0ctiques i la visi\u00f3 assistencial centren la jornada sobre biosimilars al COFB\",\"datePublished\":\"2020-11-17T17:35:14+00:00\",\"dateModified\":\"2020-11-17T17:35:14+00:00\",\"mainEntityOfPage\":{\"@id\":\"https:\/\/novaorg.cofb.net\/2020\/11\/17\/jornada-sobre-biosimilars-cofb\/\"},\"wordCount\":1013,\"commentCount\":0,\"publisher\":{\"@id\":\"https:\/\/www.cofb.org\/#organization\"},\"image\":{\"@id\":\"https:\/\/novaorg.cofb.net\/2020\/11\/17\/jornada-sobre-biosimilars-cofb\/#primaryimage\"},\"thumbnailUrl\":\"\",\"keywords\":[\"biosimilars\",\"COFB\",\"Col\u00b7legi de Farmac\u00e8utics de Barcelona\",\"col\u00b7loqui\",\"experi\u00e8ncies pr\u00e0ctiques\",\"farmac\u00e8utics\",\"Farm\u00e0cia\",\"formaci\u00f3 continuada\",\"medicaments\",\"programa de formaci\u00f3 continuada\",\"Societat Catalana de Farm\u00e0cia Cl\u00ednica\"],\"articleSection\":[\"Destacats\",\"M\u00f3n col\u00b7legial\"],\"inLanguage\":\"es\",\"potentialAction\":[{\"@type\":\"CommentAction\",\"name\":\"Comment\",\"target\":[\"https:\/\/novaorg.cofb.net\/2020\/11\/17\/jornada-sobre-biosimilars-cofb\/#respond\"]}]},{\"@type\":\"WebPage\",\"@id\":\"https:\/\/novaorg.cofb.net\/2020\/11\/17\/jornada-sobre-biosimilars-cofb\/\",\"url\":\"https:\/\/novaorg.cofb.net\/2020\/11\/17\/jornada-sobre-biosimilars-cofb\/\",\"name\":\"L'intercanvi d'experi\u00e8ncies pr\u00e0ctiques i la visi\u00f3 assistencial centren la jornada sobre biosimilars al COFB - Col\u00b7legi de Farmac\u00e8utics de Barcelona\",\"isPartOf\":{\"@id\":\"https:\/\/www.cofb.org\/#website\"},\"primaryImageOfPage\":{\"@id\":\"https:\/\/novaorg.cofb.net\/2020\/11\/17\/jornada-sobre-biosimilars-cofb\/#primaryimage\"},\"image\":{\"@id\":\"https:\/\/novaorg.cofb.net\/2020\/11\/17\/jornada-sobre-biosimilars-cofb\/#primaryimage\"},\"thumbnailUrl\":\"\",\"datePublished\":\"2020-11-17T17:35:14+00:00\",\"dateModified\":\"2020-11-17T17:35:14+00:00\",\"description\":\"El passat dijous 5 de novembre va tenir lloc al Col\u00b7legi de Farmac\u00e8utics de Barcelona (COFB) la jornada \\\"Biosimilars, experi\u00e8ncies pr\u00e0ctiques d'introducci\u00f3 i utilitzaci\u00f3 en l'entorn cl\u00ednic\\\".\u00a0\",\"breadcrumb\":{\"@id\":\"https:\/\/novaorg.cofb.net\/2020\/11\/17\/jornada-sobre-biosimilars-cofb\/#breadcrumb\"},\"inLanguage\":\"es\",\"potentialAction\":[{\"@type\":\"ReadAction\",\"target\":[\"https:\/\/novaorg.cofb.net\/2020\/11\/17\/jornada-sobre-biosimilars-cofb\/\"]}]},{\"@type\":\"ImageObject\",\"inLanguage\":\"es\",\"@id\":\"https:\/\/novaorg.cofb.net\/2020\/11\/17\/jornada-sobre-biosimilars-cofb\/#primaryimage\",\"url\":\"\",\"contentUrl\":\"\"},{\"@type\":\"BreadcrumbList\",\"@id\":\"https:\/\/novaorg.cofb.net\/2020\/11\/17\/jornada-sobre-biosimilars-cofb\/#breadcrumb\",\"itemListElement\":[{\"@type\":\"ListItem\",\"position\":1,\"name\":\"Inici\",\"item\":\"https:\/\/novaorg.cofb.net\/\"},{\"@type\":\"ListItem\",\"position\":2,\"name\":\"L&#8217;intercanvi d&#8217;experi\u00e8ncies pr\u00e0ctiques i la visi\u00f3 assistencial centren la jornada sobre biosimilars al COFB\"}]},{\"@type\":\"WebSite\",\"@id\":\"https:\/\/www.cofb.org\/#website\",\"url\":\"https:\/\/www.cofb.org\/\",\"name\":\"Col\u00b7legi de Farmac\u00e8utics de Barcelona\",\"description\":\"\",\"publisher\":{\"@id\":\"https:\/\/www.cofb.org\/#organization\"},\"potentialAction\":[{\"@type\":\"SearchAction\",\"target\":{\"@type\":\"EntryPoint\",\"urlTemplate\":\"https:\/\/www.cofb.org\/?s={search_term_string}\"},\"query-input\":\"required name=search_term_string\"}],\"inLanguage\":\"es\"},{\"@type\":\"Organization\",\"@id\":\"https:\/\/www.cofb.org\/#organization\",\"name\":\"Col\u00b7legi de Farmac\u00e8utics de Barcelona\",\"url\":\"https:\/\/www.cofb.org\/\",\"logo\":{\"@type\":\"ImageObject\",\"inLanguage\":\"es\",\"@id\":\"https:\/\/www.cofb.org\/#\/schema\/logo\/image\/\",\"url\":\"https:\/\/www.cofb.org\/wp-content\/uploads\/2023\/11\/cropped-Logotip-COFB.png\",\"contentUrl\":\"https:\/\/www.cofb.org\/wp-content\/uploads\/2023\/11\/cropped-Logotip-COFB.png\",\"width\":500,\"height\":105,\"caption\":\"Col\u00b7legi de Farmac\u00e8utics de Barcelona\"},\"image\":{\"@id\":\"https:\/\/www.cofb.org\/#\/schema\/logo\/image\/\"},\"sameAs\":[\"https:\/\/www.facebook.com\/farmaceuticsbcn\/\",\"https:\/\/twitter.com\/farmaceuticsbcn\",\"https:\/\/www.instagram.com\/farmaceuticsbcn\/\",\"https:\/\/www.linkedin.com\/company\/farmaceuticsbcn\/\"]},{\"@type\":\"Person\",\"@id\":\"https:\/\/www.cofb.org\/#\/schema\/person\/22ed7eea88da74b0fa4d3154ad87ffcb\",\"name\":\"wpAdminCofbOrg\",\"image\":{\"@type\":\"ImageObject\",\"inLanguage\":\"es\",\"@id\":\"https:\/\/www.cofb.org\/#\/schema\/person\/image\/\",\"url\":\"https:\/\/secure.gravatar.com\/avatar\/1721b20b3b8ca882c3b56ec6c978c594fff670e40c0718e9190eaeeb76aae7d8?s=96&d=mm&r=g\",\"contentUrl\":\"https:\/\/secure.gravatar.com\/avatar\/1721b20b3b8ca882c3b56ec6c978c594fff670e40c0718e9190eaeeb76aae7d8?s=96&d=mm&r=g\",\"caption\":\"wpAdminCofbOrg\"},\"sameAs\":[\"http:\/\/192.168.64.122\/wordpress\"],\"url\":\"https:\/\/www.cofb.org\/es\/author\/wpadmincofborg\/\"}]}<\/script>\n<!-- \/ Yoast SEO plugin. -->","yoast_head_json":{"title":"L'intercanvi d'experi\u00e8ncies pr\u00e0ctiques i la visi\u00f3 assistencial centren la jornada sobre biosimilars al COFB - Col\u00b7legi de Farmac\u00e8utics de Barcelona","description":"El passat dijous 5 de novembre va tenir lloc al Col\u00b7legi de Farmac\u00e8utics de Barcelona (COFB) la jornada \"Biosimilars, experi\u00e8ncies pr\u00e0ctiques d'introducci\u00f3 i utilitzaci\u00f3 en l'entorn cl\u00ednic\".\u00a0","robots":{"index":"index","follow":"follow","max-snippet":"max-snippet:-1","max-image-preview":"max-image-preview:large","max-video-preview":"max-video-preview:-1"},"canonical":"https:\/\/novaorg.cofb.net\/2020\/11\/17\/jornada-sobre-biosimilars-cofb\/","og_locale":"es_ES","og_type":"article","og_title":"L'intercanvi d'experi\u00e8ncies pr\u00e0ctiques i la visi\u00f3 assistencial centren la jornada sobre biosimilars al COFB - Col\u00b7legi de Farmac\u00e8utics de Barcelona","og_description":"El passat dijous 5 de novembre va tenir lloc al Col\u00b7legi de Farmac\u00e8utics de Barcelona (COFB) la jornada \"Biosimilars, experi\u00e8ncies pr\u00e0ctiques d'introducci\u00f3 i utilitzaci\u00f3 en l'entorn cl\u00ednic\".\u00a0","og_url":"https:\/\/novaorg.cofb.net\/2020\/11\/17\/jornada-sobre-biosimilars-cofb\/","og_site_name":"Col\u00b7legi de Farmac\u00e8utics de Barcelona","article_publisher":"https:\/\/www.facebook.com\/farmaceuticsbcn\/","article_published_time":"2020-11-17T17:35:14+00:00","author":"wpAdminCofbOrg","twitter_card":"summary_large_image","twitter_creator":"@farmaceuticsbcn","twitter_site":"@farmaceuticsbcn","twitter_misc":{"Escrito por":"wpAdminCofbOrg","Tiempo de lectura":"5 minutos"},"schema":{"@context":"https:\/\/schema.org","@graph":[{"@type":"Article","@id":"https:\/\/novaorg.cofb.net\/2020\/11\/17\/jornada-sobre-biosimilars-cofb\/#article","isPartOf":{"@id":"https:\/\/novaorg.cofb.net\/2020\/11\/17\/jornada-sobre-biosimilars-cofb\/"},"author":{"name":"wpAdminCofbOrg","@id":"https:\/\/www.cofb.org\/#\/schema\/person\/22ed7eea88da74b0fa4d3154ad87ffcb"},"headline":"L&#8217;intercanvi d&#8217;experi\u00e8ncies pr\u00e0ctiques i la visi\u00f3 assistencial centren la jornada sobre biosimilars al COFB","datePublished":"2020-11-17T17:35:14+00:00","dateModified":"2020-11-17T17:35:14+00:00","mainEntityOfPage":{"@id":"https:\/\/novaorg.cofb.net\/2020\/11\/17\/jornada-sobre-biosimilars-cofb\/"},"wordCount":1013,"commentCount":0,"publisher":{"@id":"https:\/\/www.cofb.org\/#organization"},"image":{"@id":"https:\/\/novaorg.cofb.net\/2020\/11\/17\/jornada-sobre-biosimilars-cofb\/#primaryimage"},"thumbnailUrl":"","keywords":["biosimilars","COFB","Col\u00b7legi de Farmac\u00e8utics de Barcelona","col\u00b7loqui","experi\u00e8ncies pr\u00e0ctiques","farmac\u00e8utics","Farm\u00e0cia","formaci\u00f3 continuada","medicaments","programa de formaci\u00f3 continuada","Societat Catalana de Farm\u00e0cia Cl\u00ednica"],"articleSection":["Destacats","M\u00f3n col\u00b7legial"],"inLanguage":"es","potentialAction":[{"@type":"CommentAction","name":"Comment","target":["https:\/\/novaorg.cofb.net\/2020\/11\/17\/jornada-sobre-biosimilars-cofb\/#respond"]}]},{"@type":"WebPage","@id":"https:\/\/novaorg.cofb.net\/2020\/11\/17\/jornada-sobre-biosimilars-cofb\/","url":"https:\/\/novaorg.cofb.net\/2020\/11\/17\/jornada-sobre-biosimilars-cofb\/","name":"L'intercanvi d'experi\u00e8ncies pr\u00e0ctiques i la visi\u00f3 assistencial centren la jornada sobre biosimilars al COFB - Col\u00b7legi de Farmac\u00e8utics de Barcelona","isPartOf":{"@id":"https:\/\/www.cofb.org\/#website"},"primaryImageOfPage":{"@id":"https:\/\/novaorg.cofb.net\/2020\/11\/17\/jornada-sobre-biosimilars-cofb\/#primaryimage"},"image":{"@id":"https:\/\/novaorg.cofb.net\/2020\/11\/17\/jornada-sobre-biosimilars-cofb\/#primaryimage"},"thumbnailUrl":"","datePublished":"2020-11-17T17:35:14+00:00","dateModified":"2020-11-17T17:35:14+00:00","description":"El passat dijous 5 de novembre va tenir lloc al Col\u00b7legi de Farmac\u00e8utics de Barcelona (COFB) la jornada \"Biosimilars, experi\u00e8ncies pr\u00e0ctiques d'introducci\u00f3 i utilitzaci\u00f3 en l'entorn cl\u00ednic\".\u00a0","breadcrumb":{"@id":"https:\/\/novaorg.cofb.net\/2020\/11\/17\/jornada-sobre-biosimilars-cofb\/#breadcrumb"},"inLanguage":"es","potentialAction":[{"@type":"ReadAction","target":["https:\/\/novaorg.cofb.net\/2020\/11\/17\/jornada-sobre-biosimilars-cofb\/"]}]},{"@type":"ImageObject","inLanguage":"es","@id":"https:\/\/novaorg.cofb.net\/2020\/11\/17\/jornada-sobre-biosimilars-cofb\/#primaryimage","url":"","contentUrl":""},{"@type":"BreadcrumbList","@id":"https:\/\/novaorg.cofb.net\/2020\/11\/17\/jornada-sobre-biosimilars-cofb\/#breadcrumb","itemListElement":[{"@type":"ListItem","position":1,"name":"Inici","item":"https:\/\/novaorg.cofb.net\/"},{"@type":"ListItem","position":2,"name":"L&#8217;intercanvi d&#8217;experi\u00e8ncies pr\u00e0ctiques i la visi\u00f3 assistencial centren la jornada sobre biosimilars al COFB"}]},{"@type":"WebSite","@id":"https:\/\/www.cofb.org\/#website","url":"https:\/\/www.cofb.org\/","name":"Col\u00b7legi de Farmac\u00e8utics de Barcelona","description":"","publisher":{"@id":"https:\/\/www.cofb.org\/#organization"},"potentialAction":[{"@type":"SearchAction","target":{"@type":"EntryPoint","urlTemplate":"https:\/\/www.cofb.org\/?s={search_term_string}"},"query-input":"required name=search_term_string"}],"inLanguage":"es"},{"@type":"Organization","@id":"https:\/\/www.cofb.org\/#organization","name":"Col\u00b7legi de Farmac\u00e8utics de Barcelona","url":"https:\/\/www.cofb.org\/","logo":{"@type":"ImageObject","inLanguage":"es","@id":"https:\/\/www.cofb.org\/#\/schema\/logo\/image\/","url":"https:\/\/www.cofb.org\/wp-content\/uploads\/2023\/11\/cropped-Logotip-COFB.png","contentUrl":"https:\/\/www.cofb.org\/wp-content\/uploads\/2023\/11\/cropped-Logotip-COFB.png","width":500,"height":105,"caption":"Col\u00b7legi de Farmac\u00e8utics de Barcelona"},"image":{"@id":"https:\/\/www.cofb.org\/#\/schema\/logo\/image\/"},"sameAs":["https:\/\/www.facebook.com\/farmaceuticsbcn\/","https:\/\/twitter.com\/farmaceuticsbcn","https:\/\/www.instagram.com\/farmaceuticsbcn\/","https:\/\/www.linkedin.com\/company\/farmaceuticsbcn\/"]},{"@type":"Person","@id":"https:\/\/www.cofb.org\/#\/schema\/person\/22ed7eea88da74b0fa4d3154ad87ffcb","name":"wpAdminCofbOrg","image":{"@type":"ImageObject","inLanguage":"es","@id":"https:\/\/www.cofb.org\/#\/schema\/person\/image\/","url":"https:\/\/secure.gravatar.com\/avatar\/1721b20b3b8ca882c3b56ec6c978c594fff670e40c0718e9190eaeeb76aae7d8?s=96&d=mm&r=g","contentUrl":"https:\/\/secure.gravatar.com\/avatar\/1721b20b3b8ca882c3b56ec6c978c594fff670e40c0718e9190eaeeb76aae7d8?s=96&d=mm&r=g","caption":"wpAdminCofbOrg"},"sameAs":["http:\/\/192.168.64.122\/wordpress"],"url":"https:\/\/www.cofb.org\/es\/author\/wpadmincofborg\/"}]}},"uagb_featured_image_src":{"full":false,"thumbnail":false,"medium":false,"medium_large":false,"large":false,"1536x1536":false,"2048x2048":false,"trp-custom-language-flag":false},"uagb_author_info":{"display_name":"wpAdminCofbOrg","author_link":"https:\/\/www.cofb.org\/es\/author\/wpadmincofborg\/"},"uagb_comment_info":0,"uagb_excerpt":"El passat dijous 5 de novembre va tenir lloc al Col\u00b7legi de Farmac\u00e8utics de Barcelona (COFB) la jornada &#8220;Biosimilars, experi\u00e8ncies pr\u00e0ctiques d&#8217;introducci\u00f3 i utilitzaci\u00f3 en l&#8217;entorn cl\u00ednic&#8221;, organitzada conjuntament amb la Societat Catalana de Farm\u00e0cia Cl\u00ednica (SCFC)\u00a0i adre\u00e7ada a farmac\u00e8utics hospitalaris i d&#8217;Atenci\u00f3 Prim\u00e0ria. L&#8217;objectiu era aprofundir en els coneixements [&hellip;]","_links":{"self":[{"href":"https:\/\/www.cofb.org\/es\/wp-json\/wp\/v2\/posts\/52724","targetHints":{"allow":["GET"]}}],"collection":[{"href":"https:\/\/www.cofb.org\/es\/wp-json\/wp\/v2\/posts"}],"about":[{"href":"https:\/\/www.cofb.org\/es\/wp-json\/wp\/v2\/types\/post"}],"author":[{"embeddable":true,"href":"https:\/\/www.cofb.org\/es\/wp-json\/wp\/v2\/users\/1"}],"replies":[{"embeddable":true,"href":"https:\/\/www.cofb.org\/es\/wp-json\/wp\/v2\/comments?post=52724"}],"version-history":[{"count":0,"href":"https:\/\/www.cofb.org\/es\/wp-json\/wp\/v2\/posts\/52724\/revisions"}],"wp:featuredmedia":[{"embeddable":true,"href":"https:\/\/www.cofb.org\/es\/wp-json\/"}],"wp:attachment":[{"href":"https:\/\/www.cofb.org\/es\/wp-json\/wp\/v2\/media?parent=52724"}],"wp:term":[{"taxonomy":"category","embeddable":true,"href":"https:\/\/www.cofb.org\/es\/wp-json\/wp\/v2\/categories?post=52724"},{"taxonomy":"post_tag","embeddable":true,"href":"https:\/\/www.cofb.org\/es\/wp-json\/wp\/v2\/tags?post=52724"}],"curies":[{"name":"wp","href":"https:\/\/api.w.org\/{rel}","templated":true}]}}