{"id":52693,"date":"2021-01-18T18:36:21","date_gmt":"2021-01-18T16:36:21","guid":{"rendered":"https:\/\/blog.cofb.cat\/?p=52693"},"modified":"2021-01-18T18:36:21","modified_gmt":"2021-01-18T16:36:21","slug":"radar-social-farmacia","status":"publish","type":"post","link":"https:\/\/www.cofb.org\/es\/2021\/01\/18\/radar-social-farmacia\/","title":{"rendered":"El radar social de la farmacia"},"content":{"rendered":"<h3><\/h3>\n<h3><strong>Art\u00edculo de Jordi Casas, presidente del Colegio Oficial de Farmac\u00e9uticos de Barcelona<\/strong><\/h3>\n<div class=\"destacat-blog\">\n<h4><em><strong>&quot;Con acciones de este tipo, nuestro papel como agentes de salud sale reforzado y se demuestra, una vez m\u00e1s, la importancia del trabajo en equipo en una red de acci\u00f3n comunitaria como la que representa Radares.&quot;<\/strong><\/em><\/h4>\n<\/div>\n<p>Carme tiene 80 a\u00f1os, vive sola, y Maria, su farmac\u00e9utica de confianza, ha detectado que hace unos d\u00edas que no acude a la farmacia a buscar su medicaci\u00f3n. Es la primera se\u00f1al de alerta para Maria, que participa en el <strong>proyecto Radares<\/strong>, cuyo objetivo es <strong>prevenir el riesgo de aislamiento social y la soledad no deseada de personas mayores<\/strong> como Carmen.<\/p>\n<p><a href=\"https:\/\/blog.cofb.cat\/wp-content\/uploads\/2020\/11\/Radars-petit.jpg\"><img fetchpriority=\"high\" decoding=\"async\" class=\"aligncenter size-large wp-image-52695\" src=\"https:\/\/blog.cofb.cat\/wp-content\/uploads\/2020\/11\/Radars-petit-1024x683.jpg\" alt=\"\" width=\"620\" height=\"414\" \/><\/a><\/p>\n<p>Los <strong>farmac\u00e9uticos siempre hemos realizado una importante labor social<\/strong> detectando este tipo de problem\u00e1ticas, y fue en 2014 cuando el Ayuntamiento de Barcelona, con la colaboraci\u00f3n del Colegio de Farmac\u00e9uticos de Barcelona, integr\u00f3 a las farmacias comunitarias en su red de agentes \u201cradares\u201d, con un protocolo especial dentro del programa gracias al perfil sanitario del farmac\u00e9utico. Sin duda, se trata de un proyecto que fortalece la capacidad que tenemos para <strong>actuar a escala social<\/strong>, ya que como <strong>profesionales sanitarios accesibles y cercanos a la poblaci\u00f3n, plenamente integrados en los barrios, ayudamos a reducir un problema de impacto global junto al resto de actores implicados.<\/strong><\/p>\n<p>De hecho, el CGCOF ha situado a Radars como iniciativa vinculada con la consecuci\u00f3n de los <strong>Objetivos de Desarrollo Sostenible<\/strong> fijados por Naciones Unidas. Y es que son muchas las acciones que llevamos a cabo. Desde <strong>facilitar informaci\u00f3n del proyecto y de los recursos de Servicios Sociales existentes<\/strong>; hasta <strong>identificar y comunicar situaciones de riesgo<\/strong>; pasando por <strong>ceder la farmacia como espacio de mediaci\u00f3n y, en el caso de los usuarios que lo requieran, proponer servicios de la farmacia<\/strong> dirigidos a la <strong>mejora de la adherencia ya la educaci\u00f3n sanitaria<\/strong>. Asimismo, durante la <strong>pandemia hemos continuado m\u00e1s activos que nunca<\/strong>, triplicando las llamadas a las personas usuarias para poder realizar un acompa\u00f1amiento m\u00e1s pr\u00f3ximo e intenso y contando con una relaci\u00f3n muy estrecha con el resto de agentes que participan.<\/p>\n<p>Por todo esto, quiero agradecer el trabajo de los <strong>farmac\u00e9uticos comunitarios<\/strong> que, d\u00eda tras d\u00eda, encienden el suyo <strong>&quot;radar social&quot;<\/strong> para ayudar a personas mayores que se encuentren en una situaci\u00f3n vulnerable. Con acciones de este tipo, nuestro <strong>papel como agentes de salud sale reforzado<\/strong> y se demuestra, una vez m\u00e1s, la <strong>importancia del trabajo en equipo en una red de acci\u00f3n comunitaria como la que representa Radares<\/strong>.<\/p>\n<p style=\"text-align: left;\"><strong>Originalmente publicada en la tribuna al medio El Global, publicada en su <a href=\"https:\/\/elglobal.es\/wp-content\/uploads\/2020\/11\/950ELGLOBAL.pdf\" target=\"_blank\" rel=\"noopener\">versi\u00f3n en papel<\/a>\u00a0(p\u00e1g. 31) de la edici\u00f3n n\u00famero 950.<\/strong><\/p>\n<p><strong>Otras publicaciones de inter\u00e9s:<\/strong><\/p>\n<ul>\n<li><a href=\"https:\/\/blog.cofb.cat\/en-marxa-lagora-de-nutricio-i-salut-per-incidir-en-lalimentacio-saludable-dadults-i-persones-grans\/\" target=\"_blank\" rel=\"noopener\">En marcha el \u00c1gora de Nutrici\u00f3n y Salud para incidir en la alimentaci\u00f3n saludable de adultos y personas mayores (Mayo 2019)<\/a><\/li>\n<li><a href=\"https:\/\/blog.cofb.cat\/lajuntament-el-cofb-acorden-estendre-la-xarxa-de-radars\/\" target=\"_blank\" rel=\"noopener\">El Ayuntamiento y el COFB acuerdan extender la red de Radares (Octubre 2016)<\/a><\/li>\n<li><a href=\"https:\/\/blog.cofb.cat\/els-farmaceutics-formadors-en-el-bon-us-dels-medicaments-per-a-persones-grans\/\" target=\"_blank\" rel=\"noopener\">Los farmac\u00e9uticos, formadores en el buen uso de los medicamentos para personas mayores (Noviembre 2015)<\/a><\/li>\n<\/ul>","protected":false},"excerpt":{"rendered":"<p>Art\u00edculo de Jordi Casas, presidente del Colegio Oficial de Farmac\u00e9uticos de Barcelona \u201cCon acciones de este tipo, nuestro papel como agentes de salud sale reforzado y se demuestra, una vez m\u00e1s, la importancia del trabajo en equipo en una red de acci\u00f3n comunitaria como la que representa Radares.\u201d Carmen [\u2026]<\/p>","protected":false},"author":1,"featured_media":52695,"comment_status":"open","ping_status":"open","sticky":false,"template":"","format":"standard","meta":{"_uag_custom_page_level_css":"","site-sidebar-layout":"default","site-content-layout":"","ast-site-content-layout":"default","site-content-style":"default","site-sidebar-style":"default","ast-global-header-display":"","ast-banner-title-visibility":"","ast-main-header-display":"","ast-hfb-above-header-display":"","ast-hfb-below-header-display":"","ast-hfb-mobile-header-display":"","site-post-title":"","ast-breadcrumbs-content":"","ast-featured-img":"disabled","footer-sml-layout":"","theme-transparent-header-meta":"","adv-header-id-meta":"","stick-header-meta":"","header-above-stick-meta":"","header-main-stick-meta":"","header-below-stick-meta":"","astra-migrate-meta-layouts":"default","ast-page-background-enabled":"default","ast-page-background-meta":{"desktop":{"background-color":"var(--ast-global-color-4)","background-image":"","background-repeat":"repeat","background-position":"center center","background-size":"auto","background-attachment":"scroll","background-type":"","background-media":"","overlay-type":"","overlay-color":"","overlay-opacity":"","overlay-gradient":""},"tablet":{"background-color":"","background-image":"","background-repeat":"repeat","background-position":"center center","background-size":"auto","background-attachment":"scroll","background-type":"","background-media":"","overlay-type":"","overlay-color":"","overlay-opacity":"","overlay-gradient":""},"mobile":{"background-color":"","background-image":"","background-repeat":"repeat","background-position":"center center","background-size":"auto","background-attachment":"scroll","background-type":"","background-media":"","overlay-type":"","overlay-color":"","overlay-opacity":"","overlay-gradient":""}},"ast-content-background-meta":{"desktop":{"background-color":"var(--ast-global-color-5)","background-image":"","background-repeat":"repeat","background-position":"center center","background-size":"auto","background-attachment":"scroll","background-type":"","background-media":"","overlay-type":"","overlay-color":"","overlay-opacity":"","overlay-gradient":""},"tablet":{"background-color":"var(--ast-global-color-5)","background-image":"","background-repeat":"repeat","background-position":"center center","background-size":"auto","background-attachment":"scroll","background-type":"","background-media":"","overlay-type":"","overlay-color":"","overlay-opacity":"","overlay-gradient":""},"mobile":{"background-color":"var(--ast-global-color-5)","background-image":"","background-repeat":"repeat","background-position":"center center","background-size":"auto","background-attachment":"scroll","background-type":"","background-media":"","overlay-type":"","overlay-color":"","overlay-opacity":"","overlay-gradient":""}},"footnotes":""},"categories":[23,489],"tags":[3069,3994,247,260,471,2697,4408,2258],"class_list":["post-52693","post","type-post","status-publish","format-standard","has-post-thumbnail","hentry","category-destacats","category-opinions-del-collegi","tag-aillament-social","tag-el-global","tag-jordi-casas","tag-objectius-de-desenvolupament-sostenible","tag-pandemia","tag-persones-grans","tag-projecte-radars","tag-radars"],"yoast_head":"<!-- This site is optimized with the Yoast SEO plugin v22.4 - https:\/\/yoast.com\/wordpress\/plugins\/seo\/ -->\n<title>El radar social de la farm\u00e0cia - Col\u00b7legi de Farmac\u00e8utics de Barcelona<\/title>\n<meta name=\"description\" content=\"La Carme t\u00e9 80 anys, viu sola, i Maria, la seva farmac\u00e8utica de confian\u00e7a, ha detectat que fa uns dies que no acudeix a la farm\u00e0cia. \u00c9s el primer signe d&#039;alerta per a Maria, que participa en el projecte Radars, l&#039;objectiu del qual \u00e9s prevenir el risc d&#039;a\u00efllament social de persones grans com la Carme.\" \/>\n<meta name=\"robots\" content=\"index, follow, max-snippet:-1, max-image-preview:large, max-video-preview:-1\" \/>\n<link rel=\"canonical\" href=\"https:\/\/novaorg.cofb.net\/2021\/01\/18\/radar-social-farmacia\/\" \/>\n<meta property=\"og:locale\" content=\"es_ES\" \/>\n<meta property=\"og:type\" content=\"article\" \/>\n<meta property=\"og:title\" content=\"El radar social de la farm\u00e0cia - Col\u00b7legi de Farmac\u00e8utics de Barcelona\" \/>\n<meta property=\"og:description\" content=\"La Carme t\u00e9 80 anys, viu sola, i Maria, la seva farmac\u00e8utica de confian\u00e7a, ha detectat que fa uns dies que no acudeix a la farm\u00e0cia. \u00c9s el primer signe d&#039;alerta per a Maria, que participa en el projecte Radars, l&#039;objectiu del qual \u00e9s prevenir el risc d&#039;a\u00efllament social de persones grans com la Carme.\" \/>\n<meta property=\"og:url\" content=\"https:\/\/novaorg.cofb.net\/2021\/01\/18\/radar-social-farmacia\/\" \/>\n<meta property=\"og:site_name\" content=\"Col\u00b7legi de Farmac\u00e8utics de Barcelona\" \/>\n<meta property=\"article:publisher\" content=\"https:\/\/www.facebook.com\/farmaceuticsbcn\/\" \/>\n<meta property=\"article:published_time\" content=\"2021-01-18T16:36:21+00:00\" \/>\n<meta name=\"author\" content=\"wpAdminCofbOrg\" \/>\n<meta name=\"twitter:card\" content=\"summary_large_image\" \/>\n<meta name=\"twitter:creator\" content=\"@farmaceuticsbcn\" \/>\n<meta name=\"twitter:site\" content=\"@farmaceuticsbcn\" \/>\n<meta name=\"twitter:label1\" content=\"Escrito por\" \/>\n\t<meta name=\"twitter:data1\" content=\"wpAdminCofbOrg\" \/>\n\t<meta name=\"twitter:label2\" content=\"Tiempo de lectura\" \/>\n\t<meta name=\"twitter:data2\" content=\"3 minutos\" \/>\n<script type=\"application\/ld+json\" class=\"yoast-schema-graph\">{\"@context\":\"https:\/\/schema.org\",\"@graph\":[{\"@type\":\"Article\",\"@id\":\"https:\/\/novaorg.cofb.net\/2021\/01\/18\/radar-social-farmacia\/#article\",\"isPartOf\":{\"@id\":\"https:\/\/novaorg.cofb.net\/2021\/01\/18\/radar-social-farmacia\/\"},\"author\":{\"name\":\"wpAdminCofbOrg\",\"@id\":\"https:\/\/www.cofb.org\/#\/schema\/person\/22ed7eea88da74b0fa4d3154ad87ffcb\"},\"headline\":\"El radar social de la farm\u00e0cia\",\"datePublished\":\"2021-01-18T16:36:21+00:00\",\"dateModified\":\"2021-01-18T16:36:21+00:00\",\"mainEntityOfPage\":{\"@id\":\"https:\/\/novaorg.cofb.net\/2021\/01\/18\/radar-social-farmacia\/\"},\"wordCount\":548,\"commentCount\":0,\"publisher\":{\"@id\":\"https:\/\/www.cofb.org\/#organization\"},\"image\":{\"@id\":\"https:\/\/novaorg.cofb.net\/2021\/01\/18\/radar-social-farmacia\/#primaryimage\"},\"thumbnailUrl\":\"\",\"keywords\":[\"a\u00efllament social\",\"el global\",\"Jordi Casas\",\"Objectius de Desenvolupament Sostenible\",\"pand\u00e8mia\",\"persones grans\",\"Projecte Radars\",\"Radars\"],\"articleSection\":[\"Destacats\",\"Opinions del Col\u00b7legi\"],\"inLanguage\":\"es\",\"potentialAction\":[{\"@type\":\"CommentAction\",\"name\":\"Comment\",\"target\":[\"https:\/\/novaorg.cofb.net\/2021\/01\/18\/radar-social-farmacia\/#respond\"]}]},{\"@type\":\"WebPage\",\"@id\":\"https:\/\/novaorg.cofb.net\/2021\/01\/18\/radar-social-farmacia\/\",\"url\":\"https:\/\/novaorg.cofb.net\/2021\/01\/18\/radar-social-farmacia\/\",\"name\":\"El radar social de la farm\u00e0cia - Col\u00b7legi de Farmac\u00e8utics de Barcelona\",\"isPartOf\":{\"@id\":\"https:\/\/www.cofb.org\/#website\"},\"primaryImageOfPage\":{\"@id\":\"https:\/\/novaorg.cofb.net\/2021\/01\/18\/radar-social-farmacia\/#primaryimage\"},\"image\":{\"@id\":\"https:\/\/novaorg.cofb.net\/2021\/01\/18\/radar-social-farmacia\/#primaryimage\"},\"thumbnailUrl\":\"\",\"datePublished\":\"2021-01-18T16:36:21+00:00\",\"dateModified\":\"2021-01-18T16:36:21+00:00\",\"description\":\"La Carme t\u00e9 80 anys, viu sola, i Maria, la seva farmac\u00e8utica de confian\u00e7a, ha detectat que fa uns dies que no acudeix a la farm\u00e0cia. \u00c9s el primer signe d'alerta per a Maria, que participa en el projecte Radars, l'objectiu del qual \u00e9s prevenir el risc d'a\u00efllament social de persones grans com la Carme.\",\"breadcrumb\":{\"@id\":\"https:\/\/novaorg.cofb.net\/2021\/01\/18\/radar-social-farmacia\/#breadcrumb\"},\"inLanguage\":\"es\",\"potentialAction\":[{\"@type\":\"ReadAction\",\"target\":[\"https:\/\/novaorg.cofb.net\/2021\/01\/18\/radar-social-farmacia\/\"]}]},{\"@type\":\"ImageObject\",\"inLanguage\":\"es\",\"@id\":\"https:\/\/novaorg.cofb.net\/2021\/01\/18\/radar-social-farmacia\/#primaryimage\",\"url\":\"\",\"contentUrl\":\"\"},{\"@type\":\"BreadcrumbList\",\"@id\":\"https:\/\/novaorg.cofb.net\/2021\/01\/18\/radar-social-farmacia\/#breadcrumb\",\"itemListElement\":[{\"@type\":\"ListItem\",\"position\":1,\"name\":\"Inici\",\"item\":\"https:\/\/novaorg.cofb.net\/\"},{\"@type\":\"ListItem\",\"position\":2,\"name\":\"El radar social de la farm\u00e0cia\"}]},{\"@type\":\"WebSite\",\"@id\":\"https:\/\/www.cofb.org\/#website\",\"url\":\"https:\/\/www.cofb.org\/\",\"name\":\"Col\u00b7legi de Farmac\u00e8utics de Barcelona\",\"description\":\"\",\"publisher\":{\"@id\":\"https:\/\/www.cofb.org\/#organization\"},\"potentialAction\":[{\"@type\":\"SearchAction\",\"target\":{\"@type\":\"EntryPoint\",\"urlTemplate\":\"https:\/\/www.cofb.org\/?s={search_term_string}\"},\"query-input\":\"required name=search_term_string\"}],\"inLanguage\":\"es\"},{\"@type\":\"Organization\",\"@id\":\"https:\/\/www.cofb.org\/#organization\",\"name\":\"Col\u00b7legi de Farmac\u00e8utics de Barcelona\",\"url\":\"https:\/\/www.cofb.org\/\",\"logo\":{\"@type\":\"ImageObject\",\"inLanguage\":\"es\",\"@id\":\"https:\/\/www.cofb.org\/#\/schema\/logo\/image\/\",\"url\":\"https:\/\/www.cofb.org\/wp-content\/uploads\/2023\/11\/cropped-Logotip-COFB.png\",\"contentUrl\":\"https:\/\/www.cofb.org\/wp-content\/uploads\/2023\/11\/cropped-Logotip-COFB.png\",\"width\":500,\"height\":105,\"caption\":\"Col\u00b7legi de Farmac\u00e8utics de Barcelona\"},\"image\":{\"@id\":\"https:\/\/www.cofb.org\/#\/schema\/logo\/image\/\"},\"sameAs\":[\"https:\/\/www.facebook.com\/farmaceuticsbcn\/\",\"https:\/\/twitter.com\/farmaceuticsbcn\",\"https:\/\/www.instagram.com\/farmaceuticsbcn\/\",\"https:\/\/www.linkedin.com\/company\/farmaceuticsbcn\/\"]},{\"@type\":\"Person\",\"@id\":\"https:\/\/www.cofb.org\/#\/schema\/person\/22ed7eea88da74b0fa4d3154ad87ffcb\",\"name\":\"wpAdminCofbOrg\",\"image\":{\"@type\":\"ImageObject\",\"inLanguage\":\"es\",\"@id\":\"https:\/\/www.cofb.org\/#\/schema\/person\/image\/\",\"url\":\"https:\/\/secure.gravatar.com\/avatar\/1721b20b3b8ca882c3b56ec6c978c594fff670e40c0718e9190eaeeb76aae7d8?s=96&d=mm&r=g\",\"contentUrl\":\"https:\/\/secure.gravatar.com\/avatar\/1721b20b3b8ca882c3b56ec6c978c594fff670e40c0718e9190eaeeb76aae7d8?s=96&d=mm&r=g\",\"caption\":\"wpAdminCofbOrg\"},\"sameAs\":[\"http:\/\/192.168.64.122\/wordpress\"],\"url\":\"https:\/\/www.cofb.org\/es\/author\/wpadmincofborg\/\"}]}<\/script>\n<!-- \/ Yoast SEO plugin. -->","yoast_head_json":{"title":"El radar social de la farm\u00e0cia - Col\u00b7legi de Farmac\u00e8utics de Barcelona","description":"La Carme t\u00e9 80 anys, viu sola, i Maria, la seva farmac\u00e8utica de confian\u00e7a, ha detectat que fa uns dies que no acudeix a la farm\u00e0cia. \u00c9s el primer signe d'alerta per a Maria, que participa en el projecte Radars, l'objectiu del qual \u00e9s prevenir el risc d'a\u00efllament social de persones grans com la Carme.","robots":{"index":"index","follow":"follow","max-snippet":"max-snippet:-1","max-image-preview":"max-image-preview:large","max-video-preview":"max-video-preview:-1"},"canonical":"https:\/\/novaorg.cofb.net\/2021\/01\/18\/radar-social-farmacia\/","og_locale":"es_ES","og_type":"article","og_title":"El radar social de la farm\u00e0cia - Col\u00b7legi de Farmac\u00e8utics de Barcelona","og_description":"La Carme t\u00e9 80 anys, viu sola, i Maria, la seva farmac\u00e8utica de confian\u00e7a, ha detectat que fa uns dies que no acudeix a la farm\u00e0cia. \u00c9s el primer signe d'alerta per a Maria, que participa en el projecte Radars, l'objectiu del qual \u00e9s prevenir el risc d'a\u00efllament social de persones grans com la Carme.","og_url":"https:\/\/novaorg.cofb.net\/2021\/01\/18\/radar-social-farmacia\/","og_site_name":"Col\u00b7legi de Farmac\u00e8utics de Barcelona","article_publisher":"https:\/\/www.facebook.com\/farmaceuticsbcn\/","article_published_time":"2021-01-18T16:36:21+00:00","author":"wpAdminCofbOrg","twitter_card":"summary_large_image","twitter_creator":"@farmaceuticsbcn","twitter_site":"@farmaceuticsbcn","twitter_misc":{"Escrito por":"wpAdminCofbOrg","Tiempo de lectura":"3 minutos"},"schema":{"@context":"https:\/\/schema.org","@graph":[{"@type":"Article","@id":"https:\/\/novaorg.cofb.net\/2021\/01\/18\/radar-social-farmacia\/#article","isPartOf":{"@id":"https:\/\/novaorg.cofb.net\/2021\/01\/18\/radar-social-farmacia\/"},"author":{"name":"wpAdminCofbOrg","@id":"https:\/\/www.cofb.org\/#\/schema\/person\/22ed7eea88da74b0fa4d3154ad87ffcb"},"headline":"El radar social de la farm\u00e0cia","datePublished":"2021-01-18T16:36:21+00:00","dateModified":"2021-01-18T16:36:21+00:00","mainEntityOfPage":{"@id":"https:\/\/novaorg.cofb.net\/2021\/01\/18\/radar-social-farmacia\/"},"wordCount":548,"commentCount":0,"publisher":{"@id":"https:\/\/www.cofb.org\/#organization"},"image":{"@id":"https:\/\/novaorg.cofb.net\/2021\/01\/18\/radar-social-farmacia\/#primaryimage"},"thumbnailUrl":"","keywords":["a\u00efllament social","el global","Jordi Casas","Objectius de Desenvolupament Sostenible","pand\u00e8mia","persones grans","Projecte Radars","Radars"],"articleSection":["Destacats","Opinions del Col\u00b7legi"],"inLanguage":"es","potentialAction":[{"@type":"CommentAction","name":"Comment","target":["https:\/\/novaorg.cofb.net\/2021\/01\/18\/radar-social-farmacia\/#respond"]}]},{"@type":"WebPage","@id":"https:\/\/novaorg.cofb.net\/2021\/01\/18\/radar-social-farmacia\/","url":"https:\/\/novaorg.cofb.net\/2021\/01\/18\/radar-social-farmacia\/","name":"El radar social de la farm\u00e0cia - Col\u00b7legi de Farmac\u00e8utics de Barcelona","isPartOf":{"@id":"https:\/\/www.cofb.org\/#website"},"primaryImageOfPage":{"@id":"https:\/\/novaorg.cofb.net\/2021\/01\/18\/radar-social-farmacia\/#primaryimage"},"image":{"@id":"https:\/\/novaorg.cofb.net\/2021\/01\/18\/radar-social-farmacia\/#primaryimage"},"thumbnailUrl":"","datePublished":"2021-01-18T16:36:21+00:00","dateModified":"2021-01-18T16:36:21+00:00","description":"La Carme t\u00e9 80 anys, viu sola, i Maria, la seva farmac\u00e8utica de confian\u00e7a, ha detectat que fa uns dies que no acudeix a la farm\u00e0cia. \u00c9s el primer signe d'alerta per a Maria, que participa en el projecte Radars, l'objectiu del qual \u00e9s prevenir el risc d'a\u00efllament social de persones grans com la Carme.","breadcrumb":{"@id":"https:\/\/novaorg.cofb.net\/2021\/01\/18\/radar-social-farmacia\/#breadcrumb"},"inLanguage":"es","potentialAction":[{"@type":"ReadAction","target":["https:\/\/novaorg.cofb.net\/2021\/01\/18\/radar-social-farmacia\/"]}]},{"@type":"ImageObject","inLanguage":"es","@id":"https:\/\/novaorg.cofb.net\/2021\/01\/18\/radar-social-farmacia\/#primaryimage","url":"","contentUrl":""},{"@type":"BreadcrumbList","@id":"https:\/\/novaorg.cofb.net\/2021\/01\/18\/radar-social-farmacia\/#breadcrumb","itemListElement":[{"@type":"ListItem","position":1,"name":"Inici","item":"https:\/\/novaorg.cofb.net\/"},{"@type":"ListItem","position":2,"name":"El radar social de la farm\u00e0cia"}]},{"@type":"WebSite","@id":"https:\/\/www.cofb.org\/#website","url":"https:\/\/www.cofb.org\/","name":"Col\u00b7legi de Farmac\u00e8utics de Barcelona","description":"","publisher":{"@id":"https:\/\/www.cofb.org\/#organization"},"potentialAction":[{"@type":"SearchAction","target":{"@type":"EntryPoint","urlTemplate":"https:\/\/www.cofb.org\/?s={search_term_string}"},"query-input":"required name=search_term_string"}],"inLanguage":"es"},{"@type":"Organization","@id":"https:\/\/www.cofb.org\/#organization","name":"Col\u00b7legi de Farmac\u00e8utics de Barcelona","url":"https:\/\/www.cofb.org\/","logo":{"@type":"ImageObject","inLanguage":"es","@id":"https:\/\/www.cofb.org\/#\/schema\/logo\/image\/","url":"https:\/\/www.cofb.org\/wp-content\/uploads\/2023\/11\/cropped-Logotip-COFB.png","contentUrl":"https:\/\/www.cofb.org\/wp-content\/uploads\/2023\/11\/cropped-Logotip-COFB.png","width":500,"height":105,"caption":"Col\u00b7legi de Farmac\u00e8utics de Barcelona"},"image":{"@id":"https:\/\/www.cofb.org\/#\/schema\/logo\/image\/"},"sameAs":["https:\/\/www.facebook.com\/farmaceuticsbcn\/","https:\/\/twitter.com\/farmaceuticsbcn","https:\/\/www.instagram.com\/farmaceuticsbcn\/","https:\/\/www.linkedin.com\/company\/farmaceuticsbcn\/"]},{"@type":"Person","@id":"https:\/\/www.cofb.org\/#\/schema\/person\/22ed7eea88da74b0fa4d3154ad87ffcb","name":"wpAdminCofbOrg","image":{"@type":"ImageObject","inLanguage":"es","@id":"https:\/\/www.cofb.org\/#\/schema\/person\/image\/","url":"https:\/\/secure.gravatar.com\/avatar\/1721b20b3b8ca882c3b56ec6c978c594fff670e40c0718e9190eaeeb76aae7d8?s=96&d=mm&r=g","contentUrl":"https:\/\/secure.gravatar.com\/avatar\/1721b20b3b8ca882c3b56ec6c978c594fff670e40c0718e9190eaeeb76aae7d8?s=96&d=mm&r=g","caption":"wpAdminCofbOrg"},"sameAs":["http:\/\/192.168.64.122\/wordpress"],"url":"https:\/\/www.cofb.org\/es\/author\/wpadmincofborg\/"}]}},"uagb_featured_image_src":{"full":false,"thumbnail":false,"medium":false,"medium_large":false,"large":false,"1536x1536":false,"2048x2048":false,"trp-custom-language-flag":false},"uagb_author_info":{"display_name":"wpAdminCofbOrg","author_link":"https:\/\/www.cofb.org\/es\/author\/wpadmincofborg\/"},"uagb_comment_info":0,"uagb_excerpt":"Article de Jordi Casas, president del Col\u00b7legi Oficial de Farmac\u00e8utics de Barcelona &#8220;Amb accions d&#8217;aquest tipus, el nostre paper com a agents de salut surt refor\u00e7at i es demostra, una vegada m\u00e9s, la import\u00e0ncia del treball en equip en una xarxa d&#8217;acci\u00f3 comunit\u00e0ria com la que representa Radars.&#8221; La Carme [&hellip;]","_links":{"self":[{"href":"https:\/\/www.cofb.org\/es\/wp-json\/wp\/v2\/posts\/52693","targetHints":{"allow":["GET"]}}],"collection":[{"href":"https:\/\/www.cofb.org\/es\/wp-json\/wp\/v2\/posts"}],"about":[{"href":"https:\/\/www.cofb.org\/es\/wp-json\/wp\/v2\/types\/post"}],"author":[{"embeddable":true,"href":"https:\/\/www.cofb.org\/es\/wp-json\/wp\/v2\/users\/1"}],"replies":[{"embeddable":true,"href":"https:\/\/www.cofb.org\/es\/wp-json\/wp\/v2\/comments?post=52693"}],"version-history":[{"count":0,"href":"https:\/\/www.cofb.org\/es\/wp-json\/wp\/v2\/posts\/52693\/revisions"}],"wp:featuredmedia":[{"embeddable":true,"href":"https:\/\/www.cofb.org\/es\/wp-json\/"}],"wp:attachment":[{"href":"https:\/\/www.cofb.org\/es\/wp-json\/wp\/v2\/media?parent=52693"}],"wp:term":[{"taxonomy":"category","embeddable":true,"href":"https:\/\/www.cofb.org\/es\/wp-json\/wp\/v2\/categories?post=52693"},{"taxonomy":"post_tag","embeddable":true,"href":"https:\/\/www.cofb.org\/es\/wp-json\/wp\/v2\/tags?post=52693"}],"curies":[{"name":"wp","href":"https:\/\/api.w.org\/{rel}","templated":true}]}}