{"id":52553,"date":"2020-11-12T15:39:47","date_gmt":"2020-11-12T13:39:47","guid":{"rendered":"https:\/\/blog.cofb.cat\/?p=52553"},"modified":"2020-11-12T15:39:47","modified_gmt":"2020-11-12T13:39:47","slug":"dermofarmacia-recomanacions-i-tractaments","status":"publish","type":"post","link":"https:\/\/www.cofb.org\/es\/2020\/11\/12\/dermofarmacia-recomanacions-i-tractaments\/","title":{"rendered":"\u201cDermofarmacia. Recomendaciones y tratamientos\u201d"},"content":{"rendered":"<p>A lo largo del mes de octubre han tenido lugar en el Colegio varias sesiones de la formaci\u00f3n <strong>\u201cDermofarmacia. Recomendaciones y tratamientos\u201d<\/strong> en formato Webinar. Se trata de un curso que ten\u00eda por objetivos que los participantes adquirieran los <strong>conocimientos<\/strong>, las <strong>habilidades<\/strong> y las <strong>t\u00e9cnicas<\/strong> necesarias para poder proporcionar el consejo m\u00e1s adecuado para <strong>prevenir y tratar<\/strong> cada una de las <strong>alteraciones dermatol\u00f3gicas<\/strong>\u00a0en que se centraba la formaci\u00f3n, estuvieran al corriente de las <strong>innovaciones<\/strong> y los <strong>tratamientos de elecci\u00f3n<\/strong> y supieran\u00a0<strong>recomendar los productos<\/strong> y los <strong>tratamientos dermofarmac\u00e9uticos<\/strong> adecuados a cada caso y derivar al especialista cuando es conveniente.<\/p>\n<figure id=\"attachment_52627\" aria-describedby=\"caption-attachment-52627\" style=\"width: 853px\" class=\"wp-caption aligncenter\"><a href=\"https:\/\/blog.cofb.cat\/wp-content\/uploads\/2020\/11\/Dermofarm\u00e0cia-recomanacions-i-tractaments.jpg\"><img fetchpriority=\"high\" decoding=\"async\" class=\"wp-image-52627 size-full\" title=\"Durante la formaci\u00f3n, los farmac\u00e9uticos aprendieron a recomendar los productos y tratamientos m\u00e1s adecuados a cada caso.\" src=\"https:\/\/blog.cofb.cat\/wp-content\/uploads\/2020\/11\/Dermofarm\u00e0cia-recomanacions-i-tractaments.jpg\" alt=\"Durant la formaci\u00f3, els farmac\u00e8utics van aprendre a recomanar els productes i tractaments m\u00e9s adequats a cada cas.\" width=\"853\" height=\"557\" \/><\/a><figcaption id=\"caption-attachment-52627\" class=\"wp-caption-text\">Durante la formaci\u00f3n, los farmac\u00e9uticos aprendieron a recomendar los productos y tratamientos m\u00e1s adecuados a cada caso.<\/figcaption><\/figure>\n<p>El programa constaba de<strong> cuatro blogs<\/strong>:<\/p>\n<ul>\n<li><strong>Acn\u00e9<\/strong><\/li>\n<li><strong>Ros\u00e1cea y dermatitis at\u00f3pica<\/strong><\/li>\n<li><strong>Tatuajes, piercings y queloides <\/strong><\/li>\n<li><strong>Hiperhidrosis<\/strong><\/li>\n<\/ul>\n<h1><span style=\"color: #008080;\"><strong>Acn\u00e9<\/strong><\/span><\/h1>\n<p>La farmac\u00e9utica y cosmet\u00f3loga Al\u00edcia Alonso defini\u00f3 el acn\u00e9 como una <strong>enfermedad cr\u00f3nica<\/strong> y <strong>multifactorial<\/strong>, que produce <strong>lesiones no inflamatorias<\/strong> como puntos negros, puntos blancos y <strong>lesiones inflamatorias<\/strong> como n\u00f3dulos, p\u00fastulas y p\u00e1pulas. Se calcula que <strong>m\u00e1s del 80% de adolescentes y adultos j\u00f3venes tiene acn\u00e9<\/strong>; que remite, en la mayor\u00eda de los casos, en torno a los 20-25 a\u00f1os. Tambi\u00e9n se refiri\u00f3 a los principios activos que act\u00faan en el acn\u00e9 en el \u00e1mbito<strong>\u00a0t\u00f3pico<\/strong> (retinoides, antibi\u00f3ticos, per\u00f3xido de benzoilo, \u00e1cido acetil salicilio, etc.) y en el \u00e1mbito<strong>\u00a0sist\u00e9mico<\/strong> (retinoides, antibi\u00f3ticos, anticonceptivos). El objetivo del tratamiento contra el acn\u00e9 es controlar y tratar las lesiones existentes, prevenir la aparici\u00f3n de nuevas lesiones y limitar las lesiones cicatriciales permanentes. Por otra parte, es necesario informar a los pacientes que es un <strong>tratamiento largo<\/strong> (m\u00ednimo 3-6 semanas) y que requiere <strong>constancia<\/strong>.<\/p>\n<p>Desde las <strong>farmacias<\/strong> se pueden ofrecer <strong>consejos relacionados con la dieta y el acn\u00e9<\/strong>, tales como que se recomienda una dieta equilibrada y rica en <strong>alimentos frescos<\/strong>, que los alimentos con un <strong>alto \u00edndice gluc\u00e9mico<\/strong> (causantes de picos de insulina pueden <strong>empeorar el acn\u00e9<\/strong>) y que es necesario<strong> evitar az\u00facares refinados<\/strong>.<\/p>\n<h1><span style=\"color: #008080;\"><strong>Ros\u00e1cea y dermatitis at\u00f3pica<\/strong><\/span><\/h1>\n<p>Blanca Ll\u00e0cer, farmac\u00e9utica comunitaria y m\u00e1ster en Cosmetolog\u00eda por la Universidad de Barcelona defini\u00f3 <strong>ros\u00e1cea<\/strong> como una <strong>enfermedad inflamatoria cr\u00f3nica y recurrente<\/strong>, relacionada con el fol\u00edculo piloseb\u00e1ceo, que afecta a convexidades del centro de la cara y tiene una sintomatolog\u00eda caracter\u00edstica, pero com\u00fan a otras patolog\u00edas inflamatorias. Tambi\u00e9n hizo referencia al protocolo de actuaci\u00f3n y al papel de la farmacia frente a esta patolog\u00eda, que implica el empoderamiento del paciente y la educaci\u00f3n sanitaria (mejorar la adherencia al tratamiento, explicar los efectos adversos, evitar factores desencadenantes, etc.).<\/p>\n<p>Por otra parte, Ll\u00e0cer tambi\u00e9n abord\u00f3 la dermatitis at\u00f3pica, una enfermedad inflamatoria cr\u00f3nica que de la piel que curso con per\u00edodos de brotes y fases de mantenimiento. A trav\u00e9s del consejo farmac\u00e9utico, estos profesionales pueden <strong>mejorar la calidad de vida de los pacientes<\/strong>. En cuanto al mantenimiento, recomendando cuidados generales y frente a un brote pueden reducir la sintomatolog\u00eda y reducir el n\u00famero y la intensidad de los brotes. Y, frente a un brote, el objetivo es reducir la sintomatolog\u00eda y evitar complicaciones.<\/p>\n<figure id=\"attachment_52710\" aria-describedby=\"caption-attachment-52710\" style=\"width: 909px\" class=\"wp-caption aligncenter\"><a href=\"https:\/\/blog.cofb.cat\/wp-content\/uploads\/2020\/11\/Destacada-27-octubre.jpg\"><img decoding=\"async\" class=\"Bona part dels temes tractats al curs s\u00f3n consultes freq\u00fcents a les oficines de farm\u00e0cia. wp-image-52710 size-full\" title=\"Buena parte de los temas tratados en el curso son consultas frecuentes en las oficinas de farmacia.\" src=\"https:\/\/blog.cofb.cat\/wp-content\/uploads\/2020\/11\/Destacada-27-octubre.jpg\" alt=\"\" width=\"909\" height=\"590\" \/><\/a><figcaption id=\"caption-attachment-52710\" class=\"wp-caption-text\">Buena parte de los temas tratados en el curso son consultas frecuentes en las oficinas de farmacia.<\/figcaption><\/figure>\n<h1><span style=\"color: #008080;\"><strong>Hiperhidrosis<\/strong><\/span><\/h1>\n<p>La farmac\u00e9utica Elisa Su\u00f1er Oller se centr\u00f3 en la <strong>hiperhidrosis<\/strong>, una <strong>cantidad de sudoraci\u00f3n superior<\/strong> para el balance t\u00e9rmico normal. La <strong>hiperhidrosis primaria<\/strong> afecta a palmas de las manos y plantas de los pies, axilas y cara (frente y labio superior). La hiperhidrosis palmoplantar es la forma m\u00e1s com\u00fan, con un claro impacto en la calidad de vida. Por lo que respecta a la hiperhidrosis secundaria, es la segunda forma m\u00e1s com\u00fan. En relaci\u00f3n al tratamiento, se refiri\u00f3 a medidas conservadoras y no conservadoras como preparados t\u00f3picos con sales de aluminio, agentes orales, toxina botul\u00ednica tipo A, ionoforesis y procedimientos quir\u00fargicos.<\/p>\n<h1><span style=\"color: #008080;\"><strong>Queloides, piercings y tatuajes<\/strong><\/span><\/h1>\n<p>En la cuarta y \u00faltima sesi\u00f3n, la Dra. Maribel Mart\u00ed empez\u00f3 su intervenci\u00f3n abordando la fisiolog\u00eda de la cicatrizaci\u00f3n, el proceso de reparaci\u00f3n de los tejidos da\u00f1ados, as\u00ed como los tipos de cicatriz <strong>madura<\/strong> (plana y ligeramente coloreada; la madurez total se alcanza al cabo de 2 a\u00f1os) y <strong>inmadura<\/strong> (ligeramente elevada, rojiza, que presenta picor y dolor). Tambi\u00e9n abord\u00f3 a los queloides, un tipo de cicatriz que sobrepasa los l\u00edmites de la herida original e invade los tejidos circundantes.<\/p>\n<p>En otra parte de presentaci\u00f3n, la Dra. Mart\u00ed se focaliz\u00f3 en los <strong>piercings<\/strong>, perforaciones de la piel para colocar objetos decorativos o joyas, que atraviesan la piel, mucosas y tejidos corporales. Dentro de este punto, habl\u00f3 de <strong>tipos de piercings<\/strong>, de los <strong>materiales m\u00e1s apropiados\u00a0<\/strong>y del cuidado del piercing en relaci\u00f3n con la cicatrizaci\u00f3n. Tambi\u00e9n abord\u00f3 las complicaciones m\u00e1s frecuentes y c\u00f3mo tratarlas en funci\u00f3n de si se trata de infecciones locales, dermatitis de contacto o cicatriz hipertr\u00f3fica queloide. Por \u00faltimo, a hacer referencia a las complicaciones de los tatuajes y c\u00f3mo cuidarlos (evitar la presi\u00f3n en la zona tatuada, lavar el tatuaje con agua y jab\u00f3n bactericida entre 3 y 4 veces al d\u00eda durante unos 15 d\u00edas; aplicar antibi\u00f3tico en oclusi\u00f3n durante 7 d\u00edas, evitar, hasta la cicatrizaci\u00f3n completa ba\u00f1arse en un jacuzzi, ba\u00f1era, piscina, etc.).<\/p>\n<div class=\"box info\"><\/p>\n<p id=\"yui_patched_v3_11_0_2_1604484971788_116\">Una <strong>atenci\u00f3n profesional<\/strong> que se adapte a las necesidades de un paciente cada vez <strong>m\u00e1s exigente e informado<\/strong> y saber valorar las <strong>caracter\u00edsticas fisiol\u00f3gicas y patol\u00f3gicas del ciudadano<\/strong> teniendo presente la <strong>medicaci\u00f3n y los h\u00e1bitos de vida<\/strong>, son factores diferenciales a la hora de personalizar las recomendaciones y tratamientos dermofarmac\u00e9uticos.<\/p>\n<p>Estar al d\u00eda de las <strong>nuevas l\u00edneas disponibles<\/strong> para tratar y gestionar los diferentes problemas dermatol\u00f3gicos es fundamental para poder proporcionar un <strong>consejo de salud \u00f3ptimo<\/strong>. La aplicaci\u00f3n de estos productos hace aumentar el <strong>bienestar personal del usuario<\/strong> y le ayuda a <strong>mejorar positivamente su imagen<\/strong>.<\/p>\n<p><\/div>\n<h1><span style=\"color: #008080;\"><strong>Valoraci\u00f3n de la vocal de Dermofarmacia y Productos Sanitarios del COFB, Marta Alcalde<\/strong><\/span><\/h1>\n<p>Marta Alcalde, vocal de <strong>Dermofarmacia y Productos Sanitarios del COFB<\/strong>, hace una <strong>valoraci\u00f3n muy positiva<\/strong> de esta formaci\u00f3n. Alcalde explic\u00f3 que, en el caso de la ros\u00e1cea y el acn\u00e9, la sesi\u00f3n tuvo un v\u00ednculo con la actualidad, ya que \u201cestas patolog\u00edas hoy en d\u00eda se ven <strong>agravadas por el uso de las mascarillas<\/strong> y, por tanto, hay un <strong>incremento de consultas en nuestro d\u00eda a d\u00eda como farmac\u00e9uticos<\/strong>&#8220;.<\/p>\n<figure id=\"attachment_52708\" aria-describedby=\"caption-attachment-52708\" style=\"width: 768px\" class=\"wp-caption aligncenter\"><a href=\"https:\/\/blog.cofb.cat\/wp-content\/uploads\/2020\/11\/Marta-Alcalde-1-768x539.jpg\"><img decoding=\"async\" class=\"wp-image-52708 size-full\" title=\"Marta Alcalde, vocal de Dermofarmacia y Productos Sanitarios del COFB.\" src=\"https:\/\/blog.cofb.cat\/wp-content\/uploads\/2020\/11\/Marta-Alcalde-1-768x539.jpg\" alt=\"Marta Alcalde, vocal de Dermofarm\u00e0cia i Productes Sanitaris del COFB.\" width=\"768\" height=\"539\" \/><\/a><figcaption id=\"caption-attachment-52708\" class=\"wp-caption-text\">Marta Alcalde, vocal de Dermofarmacia y Productos Sanitarios del COFB.<\/figcaption><\/figure>\n<p>Otro de los motivos de consulta habitual en la farmacia son<strong>Los principales efectos adversos en las pr\u00e1cticas de <em>bodyart<\/em><\/strong>, que actualmente est\u00e1n <strong>muy de moda<\/strong>. Seg\u00fan la vocal de Dermofarmacia y Productos Sanitarios del COFB, \u201csiempre es importante <strong>recordar c\u00f3mo cuidar la piel despu\u00e9s de realizarse estas pr\u00e1cticas<\/strong> y conocer cu\u00e1ndo debemos derivar al m\u00e9dico en caso de que aparezcan complicaciones\u201d.<\/p>\n<p>Por \u00faltimo, en cuanto a la hiperhidrosis, Alcalde apunt\u00f3 que, a pesar de no ser un tema de consulta muy frecuente en las oficinas de farmacia, \u201csiempre hay casos, y <strong>es adecuado que desde la farmacia se haga una buena recomendaci\u00f3n<\/strong>, ya que esta patolog\u00eda comporta <strong>graves afectaciones en el \u00e1mbito social y laboral<\/strong> por las personas que la padecen\u201d.<\/p>\n<p style=\"text-align: right;\"><strong>Con el patrocinio de:<\/strong><\/p>\n<p><a href=\"https:\/\/blog.cofb.cat\/wp-content\/uploads\/2020\/11\/Bayer-Ozoaqua-Rilastil.jpg\"><img loading=\"lazy\" decoding=\"async\" class=\"wp-image-52575 alignright\" src=\"https:\/\/blog.cofb.cat\/wp-content\/uploads\/2020\/11\/Bayer-Ozoaqua-Rilastil.jpg\" alt=\"\" width=\"324\" height=\"69\" \/><\/a><\/p>\n<p>&nbsp;<\/p>\n<p>&nbsp;<\/p>\n<p><strong>Otras publicaciones de inter\u00e9s:<\/strong><\/p>\n<ul>\n<li><a href=\"https:\/\/blog.cofb.cat\/nova-edicio-de-la-formacio-consultes-frequents-en-dermofarmacia-per-a-tecnics-i-auxiliars\/\" target=\"_blank\" rel=\"noopener\">Nueva edici\u00f3n de la formaci\u00f3n \u201cConsultas frecuentes en dermofarmacia\u201d dirigida a t\u00e9cnicos y auxiliares (Marzo 2020)<\/a><\/li>\n<li><a href=\"https:\/\/blog.cofb.cat\/tecnics-auxiliars-aprofundeixen-consultes-mes-frequents-dermofarmacia\/\" target=\"_blank\" rel=\"noopener\">T\u00e9cnicos y auxiliares profundizan en las consultas m\u00e1s frecuentes en dermofarmacia (Mayo 2019)<\/a><\/li>\n<li><a href=\"https:\/\/blog.cofb.cat\/nou-escenari-dermofarmacia-reptes-superar-forum-dermoexpert\/\" target=\"_blank\" rel=\"noopener\">El nuevo escenario de la dermofarmacia y los retos a superar [Forum Dermoexpert] (Octubre 2018)<\/a><\/li>\n<li><a href=\"https:\/\/blog.cofb.cat\/tendencies-en-lambit-de-la-dermofarmacia-cura-facial-i-capillar\/\" target=\"_blank\" rel=\"noopener\">Tendencias en el \u00e1mbito de la dermofarmacia: cuidado facial y capilar (Septiembre 2018)<\/a><\/li>\n<\/ul>","protected":false},"excerpt":{"rendered":"<p>A lo largo del mes de octubre han tenido lugar en el Colegio varias sesiones de la formaci\u00f3n \u201cDermofarmacia. Recomendaciones y tratamientos\u201d en formato Webinar. Se trata de un curso que ten\u00eda por objetivos que los participantes adquirieran los conocimientos, habilidades y t\u00e9cnicas necesarias para poder proporcionar el consejo m\u00e1s adecuado para prevenir [\u2026]<\/p>","protected":false},"author":1,"featured_media":52627,"comment_status":"open","ping_status":"open","sticky":false,"template":"","format":"standard","meta":{"_uag_custom_page_level_css":"","site-sidebar-layout":"default","site-content-layout":"","ast-site-content-layout":"default","site-content-style":"default","site-sidebar-style":"default","ast-global-header-display":"","ast-banner-title-visibility":"","ast-main-header-display":"","ast-hfb-above-header-display":"","ast-hfb-below-header-display":"","ast-hfb-mobile-header-display":"","site-post-title":"","ast-breadcrumbs-content":"","ast-featured-img":"disabled","footer-sml-layout":"","theme-transparent-header-meta":"","adv-header-id-meta":"","stick-header-meta":"","header-above-stick-meta":"","header-main-stick-meta":"","header-below-stick-meta":"","astra-migrate-meta-layouts":"default","ast-page-background-enabled":"default","ast-page-background-meta":{"desktop":{"background-color":"var(--ast-global-color-4)","background-image":"","background-repeat":"repeat","background-position":"center center","background-size":"auto","background-attachment":"scroll","background-type":"","background-media":"","overlay-type":"","overlay-color":"","overlay-opacity":"","overlay-gradient":""},"tablet":{"background-color":"","background-image":"","background-repeat":"repeat","background-position":"center center","background-size":"auto","background-attachment":"scroll","background-type":"","background-media":"","overlay-type":"","overlay-color":"","overlay-opacity":"","overlay-gradient":""},"mobile":{"background-color":"","background-image":"","background-repeat":"repeat","background-position":"center center","background-size":"auto","background-attachment":"scroll","background-type":"","background-media":"","overlay-type":"","overlay-color":"","overlay-opacity":"","overlay-gradient":""}},"ast-content-background-meta":{"desktop":{"background-color":"var(--ast-global-color-5)","background-image":"","background-repeat":"repeat","background-position":"center center","background-size":"auto","background-attachment":"scroll","background-type":"","background-media":"","overlay-type":"","overlay-color":"","overlay-opacity":"","overlay-gradient":""},"tablet":{"background-color":"var(--ast-global-color-5)","background-image":"","background-repeat":"repeat","background-position":"center center","background-size":"auto","background-attachment":"scroll","background-type":"","background-media":"","overlay-type":"","overlay-color":"","overlay-opacity":"","overlay-gradient":""},"mobile":{"background-color":"var(--ast-global-color-5)","background-image":"","background-repeat":"repeat","background-position":"center center","background-size":"auto","background-attachment":"scroll","background-type":"","background-media":"","overlay-type":"","overlay-color":"","overlay-opacity":"","overlay-gradient":""}},"footnotes":""},"categories":[23,57],"tags":[439,18,19,153,213,79,81,53,68,70,4412,3284,4413,789,369,4414,3094,370,85],"class_list":["post-52553","post","type-post","status-publish","format-standard","has-post-thumbnail","hentry","category-destacats","category-mon-collegial","tag-acne","tag-cofb","tag-collegi-de-farmaceutics-de-barcelona","tag-cosmetica","tag-dermatitis-atopica","tag-dermatologia","tag-dermofarmacia","tag-farmaceutics","tag-farmacia","tag-formacio","tag-piercings","tag-programa-formatiu","tag-programa-formatiu-2020-2021","tag-recomanacions","tag-recomanacions-del-farmaceutic-2","tag-tatuatges","tag-tractaments","tag-vocal-de-dermofarmacia-i-productes-sanitaris","tag-vocalia-de-dermofarmacia"],"yoast_head":"<!-- This site is optimized with the Yoast SEO plugin v22.4 - https:\/\/yoast.com\/wordpress\/plugins\/seo\/ -->\n<title>&quot;Dermofarm\u00e0cia. Recomanacions i tractaments&quot; - Col\u00b7legi de Farmac\u00e8utics de Barcelona<\/title>\n<meta name=\"description\" content=\"Al llarg del mes d&#039;octubre han tingut lloc al Col\u00b7legi diverses sessions de la formaci\u00f3 &quot;Dermofarm\u00e0cia. Recomanacions i tractaments&quot; en format Webinar.\" \/>\n<meta name=\"robots\" content=\"index, follow, max-snippet:-1, max-image-preview:large, max-video-preview:-1\" \/>\n<link rel=\"canonical\" href=\"https:\/\/novaorg.cofb.net\/2020\/11\/12\/dermofarmacia-recomanacions-i-tractaments\/\" \/>\n<meta property=\"og:locale\" content=\"es_ES\" \/>\n<meta property=\"og:type\" content=\"article\" \/>\n<meta property=\"og:title\" content=\"&quot;Dermofarm\u00e0cia. Recomanacions i tractaments&quot; - Col\u00b7legi de Farmac\u00e8utics de Barcelona\" \/>\n<meta property=\"og:description\" content=\"Al llarg del mes d&#039;octubre han tingut lloc al Col\u00b7legi diverses sessions de la formaci\u00f3 &quot;Dermofarm\u00e0cia. Recomanacions i tractaments&quot; en format Webinar.\" \/>\n<meta property=\"og:url\" content=\"https:\/\/novaorg.cofb.net\/2020\/11\/12\/dermofarmacia-recomanacions-i-tractaments\/\" \/>\n<meta property=\"og:site_name\" content=\"Col\u00b7legi de Farmac\u00e8utics de Barcelona\" \/>\n<meta property=\"article:publisher\" content=\"https:\/\/www.facebook.com\/farmaceuticsbcn\/\" \/>\n<meta property=\"article:published_time\" content=\"2020-11-12T13:39:47+00:00\" \/>\n<meta name=\"author\" content=\"wpAdminCofbOrg\" \/>\n<meta name=\"twitter:card\" content=\"summary_large_image\" \/>\n<meta name=\"twitter:creator\" content=\"@farmaceuticsbcn\" \/>\n<meta name=\"twitter:site\" content=\"@farmaceuticsbcn\" \/>\n<meta name=\"twitter:label1\" content=\"Escrito por\" \/>\n\t<meta name=\"twitter:data1\" content=\"wpAdminCofbOrg\" \/>\n\t<meta name=\"twitter:label2\" content=\"Tiempo de lectura\" \/>\n\t<meta name=\"twitter:data2\" content=\"7 minutos\" \/>\n<script type=\"application\/ld+json\" class=\"yoast-schema-graph\">{\"@context\":\"https:\/\/schema.org\",\"@graph\":[{\"@type\":\"Article\",\"@id\":\"https:\/\/novaorg.cofb.net\/2020\/11\/12\/dermofarmacia-recomanacions-i-tractaments\/#article\",\"isPartOf\":{\"@id\":\"https:\/\/novaorg.cofb.net\/2020\/11\/12\/dermofarmacia-recomanacions-i-tractaments\/\"},\"author\":{\"name\":\"wpAdminCofbOrg\",\"@id\":\"https:\/\/www.cofb.org\/#\/schema\/person\/22ed7eea88da74b0fa4d3154ad87ffcb\"},\"headline\":\"&#8220;Dermofarm\u00e0cia. Recomanacions i tractaments&#8221;\",\"datePublished\":\"2020-11-12T13:39:47+00:00\",\"dateModified\":\"2020-11-12T13:39:47+00:00\",\"mainEntityOfPage\":{\"@id\":\"https:\/\/novaorg.cofb.net\/2020\/11\/12\/dermofarmacia-recomanacions-i-tractaments\/\"},\"wordCount\":1370,\"commentCount\":0,\"publisher\":{\"@id\":\"https:\/\/www.cofb.org\/#organization\"},\"image\":{\"@id\":\"https:\/\/novaorg.cofb.net\/2020\/11\/12\/dermofarmacia-recomanacions-i-tractaments\/#primaryimage\"},\"thumbnailUrl\":\"\",\"keywords\":[\"acne\",\"COFB\",\"Col\u00b7legi de Farmac\u00e8utics de Barcelona\",\"cosm\u00e8tica\",\"dermatitis at\u00f2pica\",\"dermatologia\",\"Dermofarm\u00e0cia\",\"farmac\u00e8utics\",\"Farm\u00e0cia\",\"Formaci\u00f3\",\"piercings\",\"programa formatiu\",\"programa formatiu 2020-2021\",\"Recomanacions\",\"recomanacions del farmac\u00e8utic\",\"tatuatges\",\"tractaments\",\"Vocal de Dermofarm\u00e0cia i Productes Sanitaris\",\"vocalia de dermofarm\u00e0cia\"],\"articleSection\":[\"Destacats\",\"M\u00f3n col\u00b7legial\"],\"inLanguage\":\"es\",\"potentialAction\":[{\"@type\":\"CommentAction\",\"name\":\"Comment\",\"target\":[\"https:\/\/novaorg.cofb.net\/2020\/11\/12\/dermofarmacia-recomanacions-i-tractaments\/#respond\"]}]},{\"@type\":\"WebPage\",\"@id\":\"https:\/\/novaorg.cofb.net\/2020\/11\/12\/dermofarmacia-recomanacions-i-tractaments\/\",\"url\":\"https:\/\/novaorg.cofb.net\/2020\/11\/12\/dermofarmacia-recomanacions-i-tractaments\/\",\"name\":\"\\\"Dermofarm\u00e0cia. Recomanacions i tractaments\\\" - Col\u00b7legi de Farmac\u00e8utics de Barcelona\",\"isPartOf\":{\"@id\":\"https:\/\/www.cofb.org\/#website\"},\"primaryImageOfPage\":{\"@id\":\"https:\/\/novaorg.cofb.net\/2020\/11\/12\/dermofarmacia-recomanacions-i-tractaments\/#primaryimage\"},\"image\":{\"@id\":\"https:\/\/novaorg.cofb.net\/2020\/11\/12\/dermofarmacia-recomanacions-i-tractaments\/#primaryimage\"},\"thumbnailUrl\":\"\",\"datePublished\":\"2020-11-12T13:39:47+00:00\",\"dateModified\":\"2020-11-12T13:39:47+00:00\",\"description\":\"Al llarg del mes d'octubre han tingut lloc al Col\u00b7legi diverses sessions de la formaci\u00f3 \\\"Dermofarm\u00e0cia. Recomanacions i tractaments\\\" en format Webinar.\",\"breadcrumb\":{\"@id\":\"https:\/\/novaorg.cofb.net\/2020\/11\/12\/dermofarmacia-recomanacions-i-tractaments\/#breadcrumb\"},\"inLanguage\":\"es\",\"potentialAction\":[{\"@type\":\"ReadAction\",\"target\":[\"https:\/\/novaorg.cofb.net\/2020\/11\/12\/dermofarmacia-recomanacions-i-tractaments\/\"]}]},{\"@type\":\"ImageObject\",\"inLanguage\":\"es\",\"@id\":\"https:\/\/novaorg.cofb.net\/2020\/11\/12\/dermofarmacia-recomanacions-i-tractaments\/#primaryimage\",\"url\":\"\",\"contentUrl\":\"\"},{\"@type\":\"BreadcrumbList\",\"@id\":\"https:\/\/novaorg.cofb.net\/2020\/11\/12\/dermofarmacia-recomanacions-i-tractaments\/#breadcrumb\",\"itemListElement\":[{\"@type\":\"ListItem\",\"position\":1,\"name\":\"Inici\",\"item\":\"https:\/\/novaorg.cofb.net\/\"},{\"@type\":\"ListItem\",\"position\":2,\"name\":\"&#8220;Dermofarm\u00e0cia. Recomanacions i tractaments&#8221;\"}]},{\"@type\":\"WebSite\",\"@id\":\"https:\/\/www.cofb.org\/#website\",\"url\":\"https:\/\/www.cofb.org\/\",\"name\":\"Col\u00b7legi de Farmac\u00e8utics de Barcelona\",\"description\":\"\",\"publisher\":{\"@id\":\"https:\/\/www.cofb.org\/#organization\"},\"potentialAction\":[{\"@type\":\"SearchAction\",\"target\":{\"@type\":\"EntryPoint\",\"urlTemplate\":\"https:\/\/www.cofb.org\/?s={search_term_string}\"},\"query-input\":\"required name=search_term_string\"}],\"inLanguage\":\"es\"},{\"@type\":\"Organization\",\"@id\":\"https:\/\/www.cofb.org\/#organization\",\"name\":\"Col\u00b7legi de Farmac\u00e8utics de Barcelona\",\"url\":\"https:\/\/www.cofb.org\/\",\"logo\":{\"@type\":\"ImageObject\",\"inLanguage\":\"es\",\"@id\":\"https:\/\/www.cofb.org\/#\/schema\/logo\/image\/\",\"url\":\"https:\/\/www.cofb.org\/wp-content\/uploads\/2023\/11\/cropped-Logotip-COFB.png\",\"contentUrl\":\"https:\/\/www.cofb.org\/wp-content\/uploads\/2023\/11\/cropped-Logotip-COFB.png\",\"width\":500,\"height\":105,\"caption\":\"Col\u00b7legi de Farmac\u00e8utics de Barcelona\"},\"image\":{\"@id\":\"https:\/\/www.cofb.org\/#\/schema\/logo\/image\/\"},\"sameAs\":[\"https:\/\/www.facebook.com\/farmaceuticsbcn\/\",\"https:\/\/twitter.com\/farmaceuticsbcn\",\"https:\/\/www.instagram.com\/farmaceuticsbcn\/\",\"https:\/\/www.linkedin.com\/company\/farmaceuticsbcn\/\"]},{\"@type\":\"Person\",\"@id\":\"https:\/\/www.cofb.org\/#\/schema\/person\/22ed7eea88da74b0fa4d3154ad87ffcb\",\"name\":\"wpAdminCofbOrg\",\"image\":{\"@type\":\"ImageObject\",\"inLanguage\":\"es\",\"@id\":\"https:\/\/www.cofb.org\/#\/schema\/person\/image\/\",\"url\":\"https:\/\/secure.gravatar.com\/avatar\/1721b20b3b8ca882c3b56ec6c978c594fff670e40c0718e9190eaeeb76aae7d8?s=96&d=mm&r=g\",\"contentUrl\":\"https:\/\/secure.gravatar.com\/avatar\/1721b20b3b8ca882c3b56ec6c978c594fff670e40c0718e9190eaeeb76aae7d8?s=96&d=mm&r=g\",\"caption\":\"wpAdminCofbOrg\"},\"sameAs\":[\"http:\/\/192.168.64.122\/wordpress\"],\"url\":\"https:\/\/www.cofb.org\/es\/author\/wpadmincofborg\/\"}]}<\/script>\n<!-- \/ Yoast SEO plugin. -->","yoast_head_json":{"title":"\"Dermofarm\u00e0cia. Recomanacions i tractaments\" - Col\u00b7legi de Farmac\u00e8utics de Barcelona","description":"Al llarg del mes d'octubre han tingut lloc al Col\u00b7legi diverses sessions de la formaci\u00f3 \"Dermofarm\u00e0cia. Recomanacions i tractaments\" en format Webinar.","robots":{"index":"index","follow":"follow","max-snippet":"max-snippet:-1","max-image-preview":"max-image-preview:large","max-video-preview":"max-video-preview:-1"},"canonical":"https:\/\/novaorg.cofb.net\/2020\/11\/12\/dermofarmacia-recomanacions-i-tractaments\/","og_locale":"es_ES","og_type":"article","og_title":"\"Dermofarm\u00e0cia. Recomanacions i tractaments\" - Col\u00b7legi de Farmac\u00e8utics de Barcelona","og_description":"Al llarg del mes d'octubre han tingut lloc al Col\u00b7legi diverses sessions de la formaci\u00f3 \"Dermofarm\u00e0cia. Recomanacions i tractaments\" en format Webinar.","og_url":"https:\/\/novaorg.cofb.net\/2020\/11\/12\/dermofarmacia-recomanacions-i-tractaments\/","og_site_name":"Col\u00b7legi de Farmac\u00e8utics de Barcelona","article_publisher":"https:\/\/www.facebook.com\/farmaceuticsbcn\/","article_published_time":"2020-11-12T13:39:47+00:00","author":"wpAdminCofbOrg","twitter_card":"summary_large_image","twitter_creator":"@farmaceuticsbcn","twitter_site":"@farmaceuticsbcn","twitter_misc":{"Escrito por":"wpAdminCofbOrg","Tiempo de lectura":"7 minutos"},"schema":{"@context":"https:\/\/schema.org","@graph":[{"@type":"Article","@id":"https:\/\/novaorg.cofb.net\/2020\/11\/12\/dermofarmacia-recomanacions-i-tractaments\/#article","isPartOf":{"@id":"https:\/\/novaorg.cofb.net\/2020\/11\/12\/dermofarmacia-recomanacions-i-tractaments\/"},"author":{"name":"wpAdminCofbOrg","@id":"https:\/\/www.cofb.org\/#\/schema\/person\/22ed7eea88da74b0fa4d3154ad87ffcb"},"headline":"&#8220;Dermofarm\u00e0cia. Recomanacions i tractaments&#8221;","datePublished":"2020-11-12T13:39:47+00:00","dateModified":"2020-11-12T13:39:47+00:00","mainEntityOfPage":{"@id":"https:\/\/novaorg.cofb.net\/2020\/11\/12\/dermofarmacia-recomanacions-i-tractaments\/"},"wordCount":1370,"commentCount":0,"publisher":{"@id":"https:\/\/www.cofb.org\/#organization"},"image":{"@id":"https:\/\/novaorg.cofb.net\/2020\/11\/12\/dermofarmacia-recomanacions-i-tractaments\/#primaryimage"},"thumbnailUrl":"","keywords":["acne","COFB","Col\u00b7legi de Farmac\u00e8utics de Barcelona","cosm\u00e8tica","dermatitis at\u00f2pica","dermatologia","Dermofarm\u00e0cia","farmac\u00e8utics","Farm\u00e0cia","Formaci\u00f3","piercings","programa formatiu","programa formatiu 2020-2021","Recomanacions","recomanacions del farmac\u00e8utic","tatuatges","tractaments","Vocal de Dermofarm\u00e0cia i Productes Sanitaris","vocalia de dermofarm\u00e0cia"],"articleSection":["Destacats","M\u00f3n col\u00b7legial"],"inLanguage":"es","potentialAction":[{"@type":"CommentAction","name":"Comment","target":["https:\/\/novaorg.cofb.net\/2020\/11\/12\/dermofarmacia-recomanacions-i-tractaments\/#respond"]}]},{"@type":"WebPage","@id":"https:\/\/novaorg.cofb.net\/2020\/11\/12\/dermofarmacia-recomanacions-i-tractaments\/","url":"https:\/\/novaorg.cofb.net\/2020\/11\/12\/dermofarmacia-recomanacions-i-tractaments\/","name":"\"Dermofarm\u00e0cia. Recomanacions i tractaments\" - Col\u00b7legi de Farmac\u00e8utics de Barcelona","isPartOf":{"@id":"https:\/\/www.cofb.org\/#website"},"primaryImageOfPage":{"@id":"https:\/\/novaorg.cofb.net\/2020\/11\/12\/dermofarmacia-recomanacions-i-tractaments\/#primaryimage"},"image":{"@id":"https:\/\/novaorg.cofb.net\/2020\/11\/12\/dermofarmacia-recomanacions-i-tractaments\/#primaryimage"},"thumbnailUrl":"","datePublished":"2020-11-12T13:39:47+00:00","dateModified":"2020-11-12T13:39:47+00:00","description":"Al llarg del mes d'octubre han tingut lloc al Col\u00b7legi diverses sessions de la formaci\u00f3 \"Dermofarm\u00e0cia. Recomanacions i tractaments\" en format Webinar.","breadcrumb":{"@id":"https:\/\/novaorg.cofb.net\/2020\/11\/12\/dermofarmacia-recomanacions-i-tractaments\/#breadcrumb"},"inLanguage":"es","potentialAction":[{"@type":"ReadAction","target":["https:\/\/novaorg.cofb.net\/2020\/11\/12\/dermofarmacia-recomanacions-i-tractaments\/"]}]},{"@type":"ImageObject","inLanguage":"es","@id":"https:\/\/novaorg.cofb.net\/2020\/11\/12\/dermofarmacia-recomanacions-i-tractaments\/#primaryimage","url":"","contentUrl":""},{"@type":"BreadcrumbList","@id":"https:\/\/novaorg.cofb.net\/2020\/11\/12\/dermofarmacia-recomanacions-i-tractaments\/#breadcrumb","itemListElement":[{"@type":"ListItem","position":1,"name":"Inici","item":"https:\/\/novaorg.cofb.net\/"},{"@type":"ListItem","position":2,"name":"&#8220;Dermofarm\u00e0cia. Recomanacions i tractaments&#8221;"}]},{"@type":"WebSite","@id":"https:\/\/www.cofb.org\/#website","url":"https:\/\/www.cofb.org\/","name":"Col\u00b7legi de Farmac\u00e8utics de Barcelona","description":"","publisher":{"@id":"https:\/\/www.cofb.org\/#organization"},"potentialAction":[{"@type":"SearchAction","target":{"@type":"EntryPoint","urlTemplate":"https:\/\/www.cofb.org\/?s={search_term_string}"},"query-input":"required name=search_term_string"}],"inLanguage":"es"},{"@type":"Organization","@id":"https:\/\/www.cofb.org\/#organization","name":"Col\u00b7legi de Farmac\u00e8utics de Barcelona","url":"https:\/\/www.cofb.org\/","logo":{"@type":"ImageObject","inLanguage":"es","@id":"https:\/\/www.cofb.org\/#\/schema\/logo\/image\/","url":"https:\/\/www.cofb.org\/wp-content\/uploads\/2023\/11\/cropped-Logotip-COFB.png","contentUrl":"https:\/\/www.cofb.org\/wp-content\/uploads\/2023\/11\/cropped-Logotip-COFB.png","width":500,"height":105,"caption":"Col\u00b7legi de Farmac\u00e8utics de Barcelona"},"image":{"@id":"https:\/\/www.cofb.org\/#\/schema\/logo\/image\/"},"sameAs":["https:\/\/www.facebook.com\/farmaceuticsbcn\/","https:\/\/twitter.com\/farmaceuticsbcn","https:\/\/www.instagram.com\/farmaceuticsbcn\/","https:\/\/www.linkedin.com\/company\/farmaceuticsbcn\/"]},{"@type":"Person","@id":"https:\/\/www.cofb.org\/#\/schema\/person\/22ed7eea88da74b0fa4d3154ad87ffcb","name":"wpAdminCofbOrg","image":{"@type":"ImageObject","inLanguage":"es","@id":"https:\/\/www.cofb.org\/#\/schema\/person\/image\/","url":"https:\/\/secure.gravatar.com\/avatar\/1721b20b3b8ca882c3b56ec6c978c594fff670e40c0718e9190eaeeb76aae7d8?s=96&d=mm&r=g","contentUrl":"https:\/\/secure.gravatar.com\/avatar\/1721b20b3b8ca882c3b56ec6c978c594fff670e40c0718e9190eaeeb76aae7d8?s=96&d=mm&r=g","caption":"wpAdminCofbOrg"},"sameAs":["http:\/\/192.168.64.122\/wordpress"],"url":"https:\/\/www.cofb.org\/es\/author\/wpadmincofborg\/"}]}},"uagb_featured_image_src":{"full":false,"thumbnail":false,"medium":false,"medium_large":false,"large":false,"1536x1536":false,"2048x2048":false,"trp-custom-language-flag":false},"uagb_author_info":{"display_name":"wpAdminCofbOrg","author_link":"https:\/\/www.cofb.org\/es\/author\/wpadmincofborg\/"},"uagb_comment_info":0,"uagb_excerpt":"Al llarg del mes d&#8217;octubre han tingut lloc al Col\u00b7legi diverses sessions de la formaci\u00f3 &#8220;Dermofarm\u00e0cia. Recomanacions i tractaments&#8221; en format Webinar. Es tracta d&#8217;un curs que tenia per objectius que els participants\u00a0\u00a0adquirissin els coneixements, les habilitats i les t\u00e8cniques necess\u00e0ries per poder proporcionar el consell m\u00e9s adient per prevenir [&hellip;]","_links":{"self":[{"href":"https:\/\/www.cofb.org\/es\/wp-json\/wp\/v2\/posts\/52553","targetHints":{"allow":["GET"]}}],"collection":[{"href":"https:\/\/www.cofb.org\/es\/wp-json\/wp\/v2\/posts"}],"about":[{"href":"https:\/\/www.cofb.org\/es\/wp-json\/wp\/v2\/types\/post"}],"author":[{"embeddable":true,"href":"https:\/\/www.cofb.org\/es\/wp-json\/wp\/v2\/users\/1"}],"replies":[{"embeddable":true,"href":"https:\/\/www.cofb.org\/es\/wp-json\/wp\/v2\/comments?post=52553"}],"version-history":[{"count":0,"href":"https:\/\/www.cofb.org\/es\/wp-json\/wp\/v2\/posts\/52553\/revisions"}],"wp:featuredmedia":[{"embeddable":true,"href":"https:\/\/www.cofb.org\/es\/wp-json\/"}],"wp:attachment":[{"href":"https:\/\/www.cofb.org\/es\/wp-json\/wp\/v2\/media?parent=52553"}],"wp:term":[{"taxonomy":"category","embeddable":true,"href":"https:\/\/www.cofb.org\/es\/wp-json\/wp\/v2\/categories?post=52553"},{"taxonomy":"post_tag","embeddable":true,"href":"https:\/\/www.cofb.org\/es\/wp-json\/wp\/v2\/tags?post=52553"}],"curies":[{"name":"wp","href":"https:\/\/api.w.org\/{rel}","templated":true}]}}