{"id":52514,"date":"2020-11-02T18:02:56","date_gmt":"2020-11-02T16:02:56","guid":{"rendered":"https:\/\/blog.cofb.cat\/?p=52514"},"modified":"2020-11-02T18:02:56","modified_gmt":"2020-11-02T16:02:56","slug":"inauguracio-mgof-lequilibri-vessant-assistencial-gestio-clau-oficines-farmacia","status":"publish","type":"post","link":"https:\/\/www.cofb.org\/es\/2020\/11\/02\/inauguracio-mgof-lequilibri-vessant-assistencial-gestio-clau-oficines-farmacia\/","title":{"rendered":"Inauguraci\u00f3n del MGOF: &quot;El equilibrio entre la vertiente asistencial y la de gesti\u00f3n es clave en las oficinas de farmacia&quot;"},"content":{"rendered":"<p>El pasado <strong>8 de octubre<\/strong> el <strong>COFB celebr\u00f3 la inauguraci\u00f3n de la XVI edici\u00f3n del M\u00e1ster de Gesti\u00f3n de la Oficina de Farmacia (MGOF)<\/strong>, en formato presencial y siguiendo todas las medidas sanitarias para prevenir los contagios por SARS-CoV-2. <strong>Jordi Casas<\/strong>, presidente del COFB, dio la bienvenida a los participantes del M\u00e1ster y les dedic\u00f3 unas palabras centradas en la <strong>importancia del equilibrio entre la vertiente asistencial<\/strong> y la de <strong>gesti\u00f3n<\/strong>, clave para el d\u00eda a d\u00eda de las oficinas de farmacia.<\/p>\n<figure id=\"attachment_52536\" aria-describedby=\"caption-attachment-52536\" style=\"width: 620px\" class=\"wp-caption aligncenter\"><a href=\"https:\/\/blog.cofb.cat\/wp-content\/uploads\/2020\/11\/2020-10-08-Inauguraci\u00f3-MGOF-3_blog-1.jpg\"><img fetchpriority=\"high\" decoding=\"async\" class=\"wp-image-52536 size-large\" title=\"Jordi Casas, presidente del COFB, dio la bienvenida a los participantes del MGOF\" src=\"https:\/\/blog.cofb.cat\/wp-content\/uploads\/2020\/11\/2020-10-08-Inauguraci\u00f3-MGOF-3_blog-1-1024x615.jpg\" alt=\"Jordi Casas, president del COFB, va donar la benvinguda als participants del MGOF\" width=\"620\" height=\"372\" \/><\/a><figcaption id=\"caption-attachment-52536\" class=\"wp-caption-text\">Jordi Casas, presidente del COFB, dio la bienvenida a los participantes del MGOF<\/figcaption><\/figure>\n<p>En la inauguraci\u00f3n, tambi\u00e9n estuvieron presentes <strong>Aina Surroca<\/strong>, secretaria del COFB y responsable de la Comisi\u00f3n delegada de Formaci\u00f3n Continua; <strong>Juan<\/strong> <strong>Carlos Serra<\/strong>, director del MGOF; <strong>Cristina Rodr\u00edguez<\/strong> y <strong>M\u00f3nica Gallach<\/strong>, coordinadoras del M\u00e1ster y miembros del Departamento de Formaci\u00f3n y Desarrollo Profesional del COFB.<\/p>\n<h1><strong>Equilibrio entre conocimientos cient\u00edficos y gesti\u00f3n profesional <\/strong><\/h1>\n<p>Durante la inauguraci\u00f3n, el presidente del COFB afirm\u00f3: \u201cNo podemos limitarnos a la <strong>parte<\/strong> <strong>cient\u00edfica<\/strong>, ya que el modelo mayoritario que tenemos de desarrollo de nuestra actividad profesional -que son las oficinas de farmacia- implica tener conocimientos de <strong>gesti\u00f3n de la actividad profesional<\/strong>\u201d. En este sentido, Casas reivindic\u00f3 el modelo de oficina de farmacia que tenemos actualmente, basado en el <strong>binomio titularidad-propiedad<\/strong>, que ofrece como principal ventaja que, en el ejercicio de la profesi\u00f3n, es el propio profesional el gestor o empresario.<\/p>\n<p>Por todo ello, quiso poner de relieve el acierto que supuso que, 16 a\u00f1os atr\u00e1s, el COFB apostara por el MGOF y, m\u00e1s concretamente, el presidente del Colegio destac\u00f3 la <strong>importancia de la formaci\u00f3n<\/strong> en un momento lleno de incertidumbre: \u201cHay <strong>farmacias de zonas tur\u00edsticas<\/strong> o de paso que se han visto afectadas por el confinamiento y las <strong>consecuencias de la COVID-19<\/strong>\u201d. Con esto, se refiri\u00f3 a que el MGOF puede <strong>proporcionar herramientas \u00fatiles<\/strong> en las oficinas de farmacia y serles de ayuda en un entorno de <strong>transici\u00f3n<\/strong>, de <strong>cambio<\/strong> y tan <strong>vol\u00e1til<\/strong> como lo que estamos viviendo actualmente.<\/p>\n<h1><strong>M\u00f3dulos y metodolog\u00eda<\/strong><\/h1>\n<p>Dirigido a titulares de farmacia comunitaria oa graduados en Farmacia que pueden ser titulares en breve, el M\u00e1ster comprende <strong>tres m\u00f3dulos: finanzas y fiscalidad, gesti\u00f3n de personas y marketing<\/strong>. Para que sea m\u00e1s accesible, los alumnos tienen la opci\u00f3n de cursarlos por separado en funci\u00f3n de sus intereses y disponibilidad. Asimismo, se trabaja con ejemplos, ejercicios, casos y otros recursos para que la aplicaci\u00f3n de los conocimientos adquiridos sea inmediata. En cada edici\u00f3n, se fomenta la capacidad de reflexi\u00f3n, el trabajo cooperativo y la transmisi\u00f3n de conocimientos.<\/p>\n<p>El M\u00e1ster, como en cada edici\u00f3n, ha <strong>adaptado el programa a las demandas del entorno ya las necesidades del colectivo<\/strong> y ha realizado <strong>nuevas incorporaciones en el m\u00f3dulo de finanzas y de marketing como el taller de habilidades directivas sobre Programaci\u00f3n Neuroling\u00fc\u00edstica<\/strong>. Por otra parte, ha sido pionero a la vez <strong>de aplicar la tecnolog\u00eda<\/strong> para mantenernos m\u00e1s conectados y <strong>tener los recursos para continuar innovando<\/strong>. El M\u00e1ster est\u00e1 listo para <strong>cambiar a la modalidad virtual<\/strong> en cualquier momento, si las <strong>recomendaciones sanitarias<\/strong> as\u00ed lo indican.<\/p>\n<div class=\"mceTemp\"><\/div>\n<figure id=\"attachment_52537\" aria-describedby=\"caption-attachment-52537\" style=\"width: 620px\" class=\"wp-caption aligncenter\"><a href=\"https:\/\/blog.cofb.cat\/wp-content\/uploads\/2020\/11\/2020-10-08-Inauguraci\u00f3-MGOF-4_blog.jpg\"><img decoding=\"async\" class=\"wp-image-52537 size-large\" title=\"Un momento de la inauguraci\u00f3n de la XVI edici\u00f3n del M\u00e1ster de Gesti\u00f3n de la Oficina de Farmacia (MGOF)\" src=\"https:\/\/blog.cofb.cat\/wp-content\/uploads\/2020\/11\/2020-10-08-Inauguraci\u00f3-MGOF-4_blog-1024x615.jpg\" alt=\"Un moment de la inauguraci\u00f3 de la XVI edici\u00f3 del M\u00e0ster de Gesti\u00f3 de l'Oficina de Farm\u00e0cia (MGOF)\" width=\"620\" height=\"372\" \/><\/a><figcaption id=\"caption-attachment-52537\" class=\"wp-caption-text\">Un momento de la inauguraci\u00f3n de la XVI edici\u00f3n del M\u00e1ster de Gesti\u00f3n de la Oficina de Farmacia (MGOF)<\/figcaption><\/figure>\n<h1><strong>\u00bfQu\u00e9 destacan los alumnos de la anterior edici\u00f3n?<\/strong><\/h1>\n<p>Participantes de anteriores ediciones destacan que el M\u00e1ster resulta <strong>muy \u00fatil<\/strong> para adquirir conocimientos que despu\u00e9s son <strong>totalmente aplicables a la oficina de farmacia<\/strong>. Adem\u00e1s, consideran que la gran cantidad y variedad de recursos pr\u00e1cticos que proporciona a trav\u00e9s de los profesionales que lo imparten resultan muy \u00fatiles para llevar de forma m\u00e1s consciente y eficiente la gesti\u00f3n y direcci\u00f3n de la oficina de farmacia, junto con el equipo que la integra.<\/p>\n<p>Como en otras ediciones, el MGOF incluye <strong>conferencias<\/strong> y <strong>casos de \u00e9xito<\/strong> de antiguos estudiantes del M\u00e1ster, con el objetivo de aportar sus experiencias e impresiones. Adem\u00e1s, continuar\u00e1n en marcha los <strong>Foro MGOF<\/strong>, un ciclo de conferencias de temas relacionados con la gesti\u00f3n de la farmacia y espacio de reflexi\u00f3n conjunta.<\/p>\n<p><strong>Otras publicaciones de inter\u00e9s:\u00a0<\/strong><\/p>\n<ul>\n<li><a href=\"https:\/\/blog.cofb.cat\/cloenda-de-la-xv-edicio-del-master-de-gestio-de-loficina-de-farmacia-mgof-quan-sha-necessitat-a-tots-els-professionals-en-el-sistema-sanitari-durant-la-covid-19-els-farmaceutics-han-est\/\" target=\"_blank\" rel=\"noopener\">Clausura de la XV edici\u00f3n del M\u00e1ster de Gesti\u00f3n de la Oficina de Farmacia (MGOF): \u201cCuando se ha necesitado a todos los profesionales en el sistema sanitario durante la COVID-19, los farmac\u00e9uticos han sido clave\u201d (Julio 2020)<\/a><\/li>\n<li><a href=\"https:\/\/blog.cofb.cat\/divulgacio-xarxes-socials-farmacia-nova-edicio-forum-mgof\/\" target=\"_blank\" rel=\"noopener\">La divulgaci\u00f3n en las redes sociales desde la farmacia a una nueva edici\u00f3n del Foro MGOF (Octubre 2019)<\/a><\/li>\n<\/ul>","protected":false},"excerpt":{"rendered":"<p>El pasado 8 de octubre el COFB celebr\u00f3 la inauguraci\u00f3n de la XVI edici\u00f3n del M\u00e1ster de Gesti\u00f3n de la Oficina de Farmacia (MGOF), en formato presencial y siguiendo todas las medidas sanitarias para prevenir los contagios por SARS-CoV-2. Jordi Casas, presidente del COFB, dio la bienvenida a los participantes del [\u2026]<\/p>","protected":false},"author":1,"featured_media":52537,"comment_status":"open","ping_status":"open","sticky":false,"template":"","format":"standard","meta":{"_uag_custom_page_level_css":"","site-sidebar-layout":"default","site-content-layout":"","ast-site-content-layout":"default","site-content-style":"default","site-sidebar-style":"default","ast-global-header-display":"","ast-banner-title-visibility":"","ast-main-header-display":"","ast-hfb-above-header-display":"","ast-hfb-below-header-display":"","ast-hfb-mobile-header-display":"","site-post-title":"","ast-breadcrumbs-content":"","ast-featured-img":"disabled","footer-sml-layout":"","theme-transparent-header-meta":"","adv-header-id-meta":"","stick-header-meta":"","header-above-stick-meta":"","header-main-stick-meta":"","header-below-stick-meta":"","astra-migrate-meta-layouts":"default","ast-page-background-enabled":"default","ast-page-background-meta":{"desktop":{"background-color":"var(--ast-global-color-4)","background-image":"","background-repeat":"repeat","background-position":"center center","background-size":"auto","background-attachment":"scroll","background-type":"","background-media":"","overlay-type":"","overlay-color":"","overlay-opacity":"","overlay-gradient":""},"tablet":{"background-color":"","background-image":"","background-repeat":"repeat","background-position":"center center","background-size":"auto","background-attachment":"scroll","background-type":"","background-media":"","overlay-type":"","overlay-color":"","overlay-opacity":"","overlay-gradient":""},"mobile":{"background-color":"","background-image":"","background-repeat":"repeat","background-position":"center center","background-size":"auto","background-attachment":"scroll","background-type":"","background-media":"","overlay-type":"","overlay-color":"","overlay-opacity":"","overlay-gradient":""}},"ast-content-background-meta":{"desktop":{"background-color":"var(--ast-global-color-5)","background-image":"","background-repeat":"repeat","background-position":"center center","background-size":"auto","background-attachment":"scroll","background-type":"","background-media":"","overlay-type":"","overlay-color":"","overlay-opacity":"","overlay-gradient":""},"tablet":{"background-color":"var(--ast-global-color-5)","background-image":"","background-repeat":"repeat","background-position":"center center","background-size":"auto","background-attachment":"scroll","background-type":"","background-media":"","overlay-type":"","overlay-color":"","overlay-opacity":"","overlay-gradient":""},"mobile":{"background-color":"var(--ast-global-color-5)","background-image":"","background-repeat":"repeat","background-position":"center center","background-size":"auto","background-attachment":"scroll","background-type":"","background-media":"","overlay-type":"","overlay-color":"","overlay-opacity":"","overlay-gradient":""}},"footnotes":""},"categories":[23,57],"tags":[4389,1050,4390,940,90,4391,2856,70,2415,737,768,4392,247,4393,770,3177,877,4339,2518,76,4394,361],"class_list":["post-52514","post","type-post","status-publish","format-standard","has-post-thumbnail","hentry","category-destacats","category-mon-collegial","tag-activitat-professional","tag-aina-surroca","tag-casos-dexit","tag-conferencies","tag-covid-19","tag-cristina-rodriguez","tag-finances-i-fiscalitat","tag-formacio","tag-forum-mgof","tag-gestio","tag-gestio-de-persones","tag-inauguracio-mgof","tag-jordi-casas","tag-juan-carlos-serra","tag-marqueting","tag-master-en-gestio-doficina-de-farmacia","tag-mgof","tag-modalitat-virtual","tag-monica-gallach","tag-oficina-de-farmacia","tag-programacio-neurolinguistica","tag-sars-cov-2"],"yoast_head":"<!-- This site is optimized with the Yoast SEO plugin v22.4 - https:\/\/yoast.com\/wordpress\/plugins\/seo\/ -->\n<title>Inauguraci\u00f3 del MGOF: \u201cL\u2019equilibri entre la vessant assistencial i la de gesti\u00f3 \u00e9s clau a les oficines de farm\u00e0cia\u201d - Col\u00b7legi de Farmac\u00e8utics de Barcelona<\/title>\n<meta name=\"description\" content=\"El passat 8 d&#039;octubre el COFB va celebrar la inauguraci\u00f3 de la XVI edici\u00f3 del M\u00e0ster de Gesti\u00f3 de l&#039;Oficina de Farm\u00e0cia (MGOF), en format presencial i seguint totes les mesures sanit\u00e0ries per a prevenir els contagis per SARS-CoV-2.\" \/>\n<meta name=\"robots\" content=\"index, follow, max-snippet:-1, max-image-preview:large, max-video-preview:-1\" \/>\n<link rel=\"canonical\" href=\"https:\/\/novaorg.cofb.net\/2020\/11\/02\/inauguracio-mgof-lequilibri-vessant-assistencial-gestio-clau-oficines-farmacia\/\" \/>\n<meta property=\"og:locale\" content=\"es_ES\" \/>\n<meta property=\"og:type\" content=\"article\" \/>\n<meta property=\"og:title\" content=\"Inauguraci\u00f3 del MGOF: \u201cL\u2019equilibri entre la vessant assistencial i la de gesti\u00f3 \u00e9s clau a les oficines de farm\u00e0cia\u201d - Col\u00b7legi de Farmac\u00e8utics de Barcelona\" \/>\n<meta property=\"og:description\" content=\"El passat 8 d&#039;octubre el COFB va celebrar la inauguraci\u00f3 de la XVI edici\u00f3 del M\u00e0ster de Gesti\u00f3 de l&#039;Oficina de Farm\u00e0cia (MGOF), en format presencial i seguint totes les mesures sanit\u00e0ries per a prevenir els contagis per SARS-CoV-2.\" \/>\n<meta property=\"og:url\" content=\"https:\/\/novaorg.cofb.net\/2020\/11\/02\/inauguracio-mgof-lequilibri-vessant-assistencial-gestio-clau-oficines-farmacia\/\" \/>\n<meta property=\"og:site_name\" content=\"Col\u00b7legi de Farmac\u00e8utics de Barcelona\" \/>\n<meta property=\"article:publisher\" content=\"https:\/\/www.facebook.com\/farmaceuticsbcn\/\" \/>\n<meta property=\"article:published_time\" content=\"2020-11-02T16:02:56+00:00\" \/>\n<meta name=\"author\" content=\"wpAdminCofbOrg\" \/>\n<meta name=\"twitter:card\" content=\"summary_large_image\" \/>\n<meta name=\"twitter:creator\" content=\"@farmaceuticsbcn\" \/>\n<meta name=\"twitter:site\" content=\"@farmaceuticsbcn\" \/>\n<meta name=\"twitter:label1\" content=\"Escrito por\" \/>\n\t<meta name=\"twitter:data1\" content=\"wpAdminCofbOrg\" \/>\n\t<meta name=\"twitter:label2\" content=\"Tiempo de lectura\" \/>\n\t<meta name=\"twitter:data2\" content=\"4 minutos\" \/>\n<script type=\"application\/ld+json\" class=\"yoast-schema-graph\">{\"@context\":\"https:\/\/schema.org\",\"@graph\":[{\"@type\":\"Article\",\"@id\":\"https:\/\/novaorg.cofb.net\/2020\/11\/02\/inauguracio-mgof-lequilibri-vessant-assistencial-gestio-clau-oficines-farmacia\/#article\",\"isPartOf\":{\"@id\":\"https:\/\/novaorg.cofb.net\/2020\/11\/02\/inauguracio-mgof-lequilibri-vessant-assistencial-gestio-clau-oficines-farmacia\/\"},\"author\":{\"name\":\"wpAdminCofbOrg\",\"@id\":\"https:\/\/www.cofb.org\/#\/schema\/person\/22ed7eea88da74b0fa4d3154ad87ffcb\"},\"headline\":\"Inauguraci\u00f3 del MGOF: \u201cL\u2019equilibri entre la vessant assistencial i la de gesti\u00f3 \u00e9s clau a les oficines de farm\u00e0cia\u201d\",\"datePublished\":\"2020-11-02T16:02:56+00:00\",\"dateModified\":\"2020-11-02T16:02:56+00:00\",\"mainEntityOfPage\":{\"@id\":\"https:\/\/novaorg.cofb.net\/2020\/11\/02\/inauguracio-mgof-lequilibri-vessant-assistencial-gestio-clau-oficines-farmacia\/\"},\"wordCount\":830,\"commentCount\":0,\"publisher\":{\"@id\":\"https:\/\/www.cofb.org\/#organization\"},\"image\":{\"@id\":\"https:\/\/novaorg.cofb.net\/2020\/11\/02\/inauguracio-mgof-lequilibri-vessant-assistencial-gestio-clau-oficines-farmacia\/#primaryimage\"},\"thumbnailUrl\":\"\",\"keywords\":[\"activitat professional\",\"Aina Surroca\",\"casos d'\u00e8xit\",\"Confer\u00e8ncies\",\"COVID-19\",\"Cristina Rodr\u00edguez\",\"finances i fiscalitat\",\"Formaci\u00f3\",\"F\u00f2rum MGOF\",\"gesti\u00f3\",\"gesti\u00f3 de persones\",\"inauguraci\u00f3 MGOF\",\"Jordi Casas\",\"Juan Carlos Serra\",\"m\u00e0rqueting\",\"M\u00e0ster en Gesti\u00f3 d'Oficina de Farm\u00e0cia\",\"MGOF\",\"modalitat virtual\",\"M\u00f2nica Gallach\",\"Oficina de farm\u00e0cia\",\"Programaci\u00f3 Neuroling\u00fc\u00edstica\",\"SARS-CoV-2\"],\"articleSection\":[\"Destacats\",\"M\u00f3n col\u00b7legial\"],\"inLanguage\":\"es\",\"potentialAction\":[{\"@type\":\"CommentAction\",\"name\":\"Comment\",\"target\":[\"https:\/\/novaorg.cofb.net\/2020\/11\/02\/inauguracio-mgof-lequilibri-vessant-assistencial-gestio-clau-oficines-farmacia\/#respond\"]}]},{\"@type\":\"WebPage\",\"@id\":\"https:\/\/novaorg.cofb.net\/2020\/11\/02\/inauguracio-mgof-lequilibri-vessant-assistencial-gestio-clau-oficines-farmacia\/\",\"url\":\"https:\/\/novaorg.cofb.net\/2020\/11\/02\/inauguracio-mgof-lequilibri-vessant-assistencial-gestio-clau-oficines-farmacia\/\",\"name\":\"Inauguraci\u00f3 del MGOF: \u201cL\u2019equilibri entre la vessant assistencial i la de gesti\u00f3 \u00e9s clau a les oficines de farm\u00e0cia\u201d - Col\u00b7legi de Farmac\u00e8utics de Barcelona\",\"isPartOf\":{\"@id\":\"https:\/\/www.cofb.org\/#website\"},\"primaryImageOfPage\":{\"@id\":\"https:\/\/novaorg.cofb.net\/2020\/11\/02\/inauguracio-mgof-lequilibri-vessant-assistencial-gestio-clau-oficines-farmacia\/#primaryimage\"},\"image\":{\"@id\":\"https:\/\/novaorg.cofb.net\/2020\/11\/02\/inauguracio-mgof-lequilibri-vessant-assistencial-gestio-clau-oficines-farmacia\/#primaryimage\"},\"thumbnailUrl\":\"\",\"datePublished\":\"2020-11-02T16:02:56+00:00\",\"dateModified\":\"2020-11-02T16:02:56+00:00\",\"description\":\"El passat 8 d'octubre el COFB va celebrar la inauguraci\u00f3 de la XVI edici\u00f3 del M\u00e0ster de Gesti\u00f3 de l'Oficina de Farm\u00e0cia (MGOF), en format presencial i seguint totes les mesures sanit\u00e0ries per a prevenir els contagis per SARS-CoV-2.\",\"breadcrumb\":{\"@id\":\"https:\/\/novaorg.cofb.net\/2020\/11\/02\/inauguracio-mgof-lequilibri-vessant-assistencial-gestio-clau-oficines-farmacia\/#breadcrumb\"},\"inLanguage\":\"es\",\"potentialAction\":[{\"@type\":\"ReadAction\",\"target\":[\"https:\/\/novaorg.cofb.net\/2020\/11\/02\/inauguracio-mgof-lequilibri-vessant-assistencial-gestio-clau-oficines-farmacia\/\"]}]},{\"@type\":\"ImageObject\",\"inLanguage\":\"es\",\"@id\":\"https:\/\/novaorg.cofb.net\/2020\/11\/02\/inauguracio-mgof-lequilibri-vessant-assistencial-gestio-clau-oficines-farmacia\/#primaryimage\",\"url\":\"\",\"contentUrl\":\"\"},{\"@type\":\"BreadcrumbList\",\"@id\":\"https:\/\/novaorg.cofb.net\/2020\/11\/02\/inauguracio-mgof-lequilibri-vessant-assistencial-gestio-clau-oficines-farmacia\/#breadcrumb\",\"itemListElement\":[{\"@type\":\"ListItem\",\"position\":1,\"name\":\"Inici\",\"item\":\"https:\/\/novaorg.cofb.net\/\"},{\"@type\":\"ListItem\",\"position\":2,\"name\":\"Inauguraci\u00f3 del MGOF: \u201cL\u2019equilibri entre la vessant assistencial i la de gesti\u00f3 \u00e9s clau a les oficines de farm\u00e0cia\u201d\"}]},{\"@type\":\"WebSite\",\"@id\":\"https:\/\/www.cofb.org\/#website\",\"url\":\"https:\/\/www.cofb.org\/\",\"name\":\"Col\u00b7legi de Farmac\u00e8utics de Barcelona\",\"description\":\"\",\"publisher\":{\"@id\":\"https:\/\/www.cofb.org\/#organization\"},\"potentialAction\":[{\"@type\":\"SearchAction\",\"target\":{\"@type\":\"EntryPoint\",\"urlTemplate\":\"https:\/\/www.cofb.org\/?s={search_term_string}\"},\"query-input\":\"required name=search_term_string\"}],\"inLanguage\":\"es\"},{\"@type\":\"Organization\",\"@id\":\"https:\/\/www.cofb.org\/#organization\",\"name\":\"Col\u00b7legi de Farmac\u00e8utics de Barcelona\",\"url\":\"https:\/\/www.cofb.org\/\",\"logo\":{\"@type\":\"ImageObject\",\"inLanguage\":\"es\",\"@id\":\"https:\/\/www.cofb.org\/#\/schema\/logo\/image\/\",\"url\":\"https:\/\/www.cofb.org\/wp-content\/uploads\/2023\/11\/cropped-Logotip-COFB.png\",\"contentUrl\":\"https:\/\/www.cofb.org\/wp-content\/uploads\/2023\/11\/cropped-Logotip-COFB.png\",\"width\":500,\"height\":105,\"caption\":\"Col\u00b7legi de Farmac\u00e8utics de Barcelona\"},\"image\":{\"@id\":\"https:\/\/www.cofb.org\/#\/schema\/logo\/image\/\"},\"sameAs\":[\"https:\/\/www.facebook.com\/farmaceuticsbcn\/\",\"https:\/\/twitter.com\/farmaceuticsbcn\",\"https:\/\/www.instagram.com\/farmaceuticsbcn\/\",\"https:\/\/www.linkedin.com\/company\/farmaceuticsbcn\/\"]},{\"@type\":\"Person\",\"@id\":\"https:\/\/www.cofb.org\/#\/schema\/person\/22ed7eea88da74b0fa4d3154ad87ffcb\",\"name\":\"wpAdminCofbOrg\",\"image\":{\"@type\":\"ImageObject\",\"inLanguage\":\"es\",\"@id\":\"https:\/\/www.cofb.org\/#\/schema\/person\/image\/\",\"url\":\"https:\/\/secure.gravatar.com\/avatar\/1721b20b3b8ca882c3b56ec6c978c594fff670e40c0718e9190eaeeb76aae7d8?s=96&d=mm&r=g\",\"contentUrl\":\"https:\/\/secure.gravatar.com\/avatar\/1721b20b3b8ca882c3b56ec6c978c594fff670e40c0718e9190eaeeb76aae7d8?s=96&d=mm&r=g\",\"caption\":\"wpAdminCofbOrg\"},\"sameAs\":[\"http:\/\/192.168.64.122\/wordpress\"],\"url\":\"https:\/\/www.cofb.org\/es\/author\/wpadmincofborg\/\"}]}<\/script>\n<!-- \/ Yoast SEO plugin. -->","yoast_head_json":{"title":"Inauguraci\u00f3 del MGOF: \u201cL\u2019equilibri entre la vessant assistencial i la de gesti\u00f3 \u00e9s clau a les oficines de farm\u00e0cia\u201d - Col\u00b7legi de Farmac\u00e8utics de Barcelona","description":"El passat 8 d'octubre el COFB va celebrar la inauguraci\u00f3 de la XVI edici\u00f3 del M\u00e0ster de Gesti\u00f3 de l'Oficina de Farm\u00e0cia (MGOF), en format presencial i seguint totes les mesures sanit\u00e0ries per a prevenir els contagis per SARS-CoV-2.","robots":{"index":"index","follow":"follow","max-snippet":"max-snippet:-1","max-image-preview":"max-image-preview:large","max-video-preview":"max-video-preview:-1"},"canonical":"https:\/\/novaorg.cofb.net\/2020\/11\/02\/inauguracio-mgof-lequilibri-vessant-assistencial-gestio-clau-oficines-farmacia\/","og_locale":"es_ES","og_type":"article","og_title":"Inauguraci\u00f3 del MGOF: \u201cL\u2019equilibri entre la vessant assistencial i la de gesti\u00f3 \u00e9s clau a les oficines de farm\u00e0cia\u201d - Col\u00b7legi de Farmac\u00e8utics de Barcelona","og_description":"El passat 8 d'octubre el COFB va celebrar la inauguraci\u00f3 de la XVI edici\u00f3 del M\u00e0ster de Gesti\u00f3 de l'Oficina de Farm\u00e0cia (MGOF), en format presencial i seguint totes les mesures sanit\u00e0ries per a prevenir els contagis per SARS-CoV-2.","og_url":"https:\/\/novaorg.cofb.net\/2020\/11\/02\/inauguracio-mgof-lequilibri-vessant-assistencial-gestio-clau-oficines-farmacia\/","og_site_name":"Col\u00b7legi de Farmac\u00e8utics de Barcelona","article_publisher":"https:\/\/www.facebook.com\/farmaceuticsbcn\/","article_published_time":"2020-11-02T16:02:56+00:00","author":"wpAdminCofbOrg","twitter_card":"summary_large_image","twitter_creator":"@farmaceuticsbcn","twitter_site":"@farmaceuticsbcn","twitter_misc":{"Escrito por":"wpAdminCofbOrg","Tiempo de lectura":"4 minutos"},"schema":{"@context":"https:\/\/schema.org","@graph":[{"@type":"Article","@id":"https:\/\/novaorg.cofb.net\/2020\/11\/02\/inauguracio-mgof-lequilibri-vessant-assistencial-gestio-clau-oficines-farmacia\/#article","isPartOf":{"@id":"https:\/\/novaorg.cofb.net\/2020\/11\/02\/inauguracio-mgof-lequilibri-vessant-assistencial-gestio-clau-oficines-farmacia\/"},"author":{"name":"wpAdminCofbOrg","@id":"https:\/\/www.cofb.org\/#\/schema\/person\/22ed7eea88da74b0fa4d3154ad87ffcb"},"headline":"Inauguraci\u00f3 del MGOF: \u201cL\u2019equilibri entre la vessant assistencial i la de gesti\u00f3 \u00e9s clau a les oficines de farm\u00e0cia\u201d","datePublished":"2020-11-02T16:02:56+00:00","dateModified":"2020-11-02T16:02:56+00:00","mainEntityOfPage":{"@id":"https:\/\/novaorg.cofb.net\/2020\/11\/02\/inauguracio-mgof-lequilibri-vessant-assistencial-gestio-clau-oficines-farmacia\/"},"wordCount":830,"commentCount":0,"publisher":{"@id":"https:\/\/www.cofb.org\/#organization"},"image":{"@id":"https:\/\/novaorg.cofb.net\/2020\/11\/02\/inauguracio-mgof-lequilibri-vessant-assistencial-gestio-clau-oficines-farmacia\/#primaryimage"},"thumbnailUrl":"","keywords":["activitat professional","Aina Surroca","casos d'\u00e8xit","Confer\u00e8ncies","COVID-19","Cristina Rodr\u00edguez","finances i fiscalitat","Formaci\u00f3","F\u00f2rum MGOF","gesti\u00f3","gesti\u00f3 de persones","inauguraci\u00f3 MGOF","Jordi Casas","Juan Carlos Serra","m\u00e0rqueting","M\u00e0ster en Gesti\u00f3 d'Oficina de Farm\u00e0cia","MGOF","modalitat virtual","M\u00f2nica Gallach","Oficina de farm\u00e0cia","Programaci\u00f3 Neuroling\u00fc\u00edstica","SARS-CoV-2"],"articleSection":["Destacats","M\u00f3n col\u00b7legial"],"inLanguage":"es","potentialAction":[{"@type":"CommentAction","name":"Comment","target":["https:\/\/novaorg.cofb.net\/2020\/11\/02\/inauguracio-mgof-lequilibri-vessant-assistencial-gestio-clau-oficines-farmacia\/#respond"]}]},{"@type":"WebPage","@id":"https:\/\/novaorg.cofb.net\/2020\/11\/02\/inauguracio-mgof-lequilibri-vessant-assistencial-gestio-clau-oficines-farmacia\/","url":"https:\/\/novaorg.cofb.net\/2020\/11\/02\/inauguracio-mgof-lequilibri-vessant-assistencial-gestio-clau-oficines-farmacia\/","name":"Inauguraci\u00f3 del MGOF: \u201cL\u2019equilibri entre la vessant assistencial i la de gesti\u00f3 \u00e9s clau a les oficines de farm\u00e0cia\u201d - Col\u00b7legi de Farmac\u00e8utics de Barcelona","isPartOf":{"@id":"https:\/\/www.cofb.org\/#website"},"primaryImageOfPage":{"@id":"https:\/\/novaorg.cofb.net\/2020\/11\/02\/inauguracio-mgof-lequilibri-vessant-assistencial-gestio-clau-oficines-farmacia\/#primaryimage"},"image":{"@id":"https:\/\/novaorg.cofb.net\/2020\/11\/02\/inauguracio-mgof-lequilibri-vessant-assistencial-gestio-clau-oficines-farmacia\/#primaryimage"},"thumbnailUrl":"","datePublished":"2020-11-02T16:02:56+00:00","dateModified":"2020-11-02T16:02:56+00:00","description":"El passat 8 d'octubre el COFB va celebrar la inauguraci\u00f3 de la XVI edici\u00f3 del M\u00e0ster de Gesti\u00f3 de l'Oficina de Farm\u00e0cia (MGOF), en format presencial i seguint totes les mesures sanit\u00e0ries per a prevenir els contagis per SARS-CoV-2.","breadcrumb":{"@id":"https:\/\/novaorg.cofb.net\/2020\/11\/02\/inauguracio-mgof-lequilibri-vessant-assistencial-gestio-clau-oficines-farmacia\/#breadcrumb"},"inLanguage":"es","potentialAction":[{"@type":"ReadAction","target":["https:\/\/novaorg.cofb.net\/2020\/11\/02\/inauguracio-mgof-lequilibri-vessant-assistencial-gestio-clau-oficines-farmacia\/"]}]},{"@type":"ImageObject","inLanguage":"es","@id":"https:\/\/novaorg.cofb.net\/2020\/11\/02\/inauguracio-mgof-lequilibri-vessant-assistencial-gestio-clau-oficines-farmacia\/#primaryimage","url":"","contentUrl":""},{"@type":"BreadcrumbList","@id":"https:\/\/novaorg.cofb.net\/2020\/11\/02\/inauguracio-mgof-lequilibri-vessant-assistencial-gestio-clau-oficines-farmacia\/#breadcrumb","itemListElement":[{"@type":"ListItem","position":1,"name":"Inici","item":"https:\/\/novaorg.cofb.net\/"},{"@type":"ListItem","position":2,"name":"Inauguraci\u00f3 del MGOF: \u201cL\u2019equilibri entre la vessant assistencial i la de gesti\u00f3 \u00e9s clau a les oficines de farm\u00e0cia\u201d"}]},{"@type":"WebSite","@id":"https:\/\/www.cofb.org\/#website","url":"https:\/\/www.cofb.org\/","name":"Col\u00b7legi de Farmac\u00e8utics de Barcelona","description":"","publisher":{"@id":"https:\/\/www.cofb.org\/#organization"},"potentialAction":[{"@type":"SearchAction","target":{"@type":"EntryPoint","urlTemplate":"https:\/\/www.cofb.org\/?s={search_term_string}"},"query-input":"required name=search_term_string"}],"inLanguage":"es"},{"@type":"Organization","@id":"https:\/\/www.cofb.org\/#organization","name":"Col\u00b7legi de Farmac\u00e8utics de Barcelona","url":"https:\/\/www.cofb.org\/","logo":{"@type":"ImageObject","inLanguage":"es","@id":"https:\/\/www.cofb.org\/#\/schema\/logo\/image\/","url":"https:\/\/www.cofb.org\/wp-content\/uploads\/2023\/11\/cropped-Logotip-COFB.png","contentUrl":"https:\/\/www.cofb.org\/wp-content\/uploads\/2023\/11\/cropped-Logotip-COFB.png","width":500,"height":105,"caption":"Col\u00b7legi de Farmac\u00e8utics de Barcelona"},"image":{"@id":"https:\/\/www.cofb.org\/#\/schema\/logo\/image\/"},"sameAs":["https:\/\/www.facebook.com\/farmaceuticsbcn\/","https:\/\/twitter.com\/farmaceuticsbcn","https:\/\/www.instagram.com\/farmaceuticsbcn\/","https:\/\/www.linkedin.com\/company\/farmaceuticsbcn\/"]},{"@type":"Person","@id":"https:\/\/www.cofb.org\/#\/schema\/person\/22ed7eea88da74b0fa4d3154ad87ffcb","name":"wpAdminCofbOrg","image":{"@type":"ImageObject","inLanguage":"es","@id":"https:\/\/www.cofb.org\/#\/schema\/person\/image\/","url":"https:\/\/secure.gravatar.com\/avatar\/1721b20b3b8ca882c3b56ec6c978c594fff670e40c0718e9190eaeeb76aae7d8?s=96&d=mm&r=g","contentUrl":"https:\/\/secure.gravatar.com\/avatar\/1721b20b3b8ca882c3b56ec6c978c594fff670e40c0718e9190eaeeb76aae7d8?s=96&d=mm&r=g","caption":"wpAdminCofbOrg"},"sameAs":["http:\/\/192.168.64.122\/wordpress"],"url":"https:\/\/www.cofb.org\/es\/author\/wpadmincofborg\/"}]}},"uagb_featured_image_src":{"full":false,"thumbnail":false,"medium":false,"medium_large":false,"large":false,"1536x1536":false,"2048x2048":false,"trp-custom-language-flag":false},"uagb_author_info":{"display_name":"wpAdminCofbOrg","author_link":"https:\/\/www.cofb.org\/es\/author\/wpadmincofborg\/"},"uagb_comment_info":0,"uagb_excerpt":"El passat 8 d&#8217;octubre el COFB va celebrar la inauguraci\u00f3 de la XVI edici\u00f3 del M\u00e0ster de Gesti\u00f3 de l&#8217;Oficina de Farm\u00e0cia (MGOF), en format presencial i seguint totes les mesures sanit\u00e0ries per \u00a0prevenir els contagis per SARS-CoV-2. Jordi Casas, president del COFB, va donar la benvinguda als participants del [&hellip;]","_links":{"self":[{"href":"https:\/\/www.cofb.org\/es\/wp-json\/wp\/v2\/posts\/52514","targetHints":{"allow":["GET"]}}],"collection":[{"href":"https:\/\/www.cofb.org\/es\/wp-json\/wp\/v2\/posts"}],"about":[{"href":"https:\/\/www.cofb.org\/es\/wp-json\/wp\/v2\/types\/post"}],"author":[{"embeddable":true,"href":"https:\/\/www.cofb.org\/es\/wp-json\/wp\/v2\/users\/1"}],"replies":[{"embeddable":true,"href":"https:\/\/www.cofb.org\/es\/wp-json\/wp\/v2\/comments?post=52514"}],"version-history":[{"count":0,"href":"https:\/\/www.cofb.org\/es\/wp-json\/wp\/v2\/posts\/52514\/revisions"}],"wp:featuredmedia":[{"embeddable":true,"href":"https:\/\/www.cofb.org\/es\/wp-json\/"}],"wp:attachment":[{"href":"https:\/\/www.cofb.org\/es\/wp-json\/wp\/v2\/media?parent=52514"}],"wp:term":[{"taxonomy":"category","embeddable":true,"href":"https:\/\/www.cofb.org\/es\/wp-json\/wp\/v2\/categories?post=52514"},{"taxonomy":"post_tag","embeddable":true,"href":"https:\/\/www.cofb.org\/es\/wp-json\/wp\/v2\/tags?post=52514"}],"curies":[{"name":"wp","href":"https:\/\/api.w.org\/{rel}","templated":true}]}}