{"id":52455,"date":"2020-11-10T13:50:49","date_gmt":"2020-11-10T11:50:49","guid":{"rendered":"https:\/\/blog.cofb.cat\/?p=52455"},"modified":"2020-11-10T13:50:49","modified_gmt":"2020-11-10T11:50:49","slug":"psicobiotics-bacteris-que-equilibren-salut-mental-tema-central-duna-nova-tertulia-dactualitat-cofb","status":"publish","type":"post","link":"https:\/\/www.cofb.org\/es\/2020\/11\/10\/psicobiotics-bacteris-que-equilibren-salut-mental-tema-central-duna-nova-tertulia-dactualitat-cofb\/","title":{"rendered":"\u201cPsicibi\u00f3ticos, las bacterias que equilibran la salud mental\u201d, tema central de una nueva tertulia de actualidad en el COFB"},"content":{"rendered":"<p>El pasado <strong>27 de octubre<\/strong> tuvo lugar en formato Webinar la<strong> tertulia de actualidad<\/strong> <strong>\u201cPsicobi\u00f3ticos, las bacterias que equilibran la salud mental\u201d <\/strong>a cargo del dr. <strong>Jos\u00e9 \u00c1ngel Alda<\/strong>, jefe de secci\u00f3n de psiquiatr\u00eda y coordinador de la unidad de TDAH del Hospital Sant Joan de D\u00e9u y del dr. <strong>Francisco Guarner<\/strong>, especialista en <strong>enfermedades de trato digestivo<\/strong>, investigador principal del Grupo de investigaci\u00f3n en Fisiolog\u00eda y Fisiopatolog\u00eda Digestiva del Hospital Vall d&#039;Hebron de Barcelona.<\/p>\n<figure id=\"attachment_52716\" aria-describedby=\"caption-attachment-52716\" style=\"width: 620px\" class=\"wp-caption aligncenter\"><a href=\"https:\/\/blog.cofb.cat\/wp-content\/uploads\/2020\/11\/Tert\u00falia-psicobi\u00f2tics-presentaci\u00f3.jpg\"><img fetchpriority=\"high\" decoding=\"async\" class=\"wp-image-52716 size-large\" title=\"De izquierda a derecha: el dr. Francisco Guarner, la vocal de Alimentaci\u00f3n y Nutrici\u00f3n del COFB y el dr. Jos\u00e9 \u00c1ngel Alda en el inicio de la tertulia de actualidad celebrada el pasado 27 de octubre.\" src=\"https:\/\/blog.cofb.cat\/wp-content\/uploads\/2020\/11\/Tert\u00falia-psicobi\u00f2tics-presentaci\u00f3-1024x642.jpg\" alt=\"D'esquerra a dreta: el Dr. Francisco Guarner, la vocal d'Alimentaci\u00f3 i Nutrici\u00f3 del COFB i el Dr. Jos\u00e9 \u00c1ngel Alda en l'inici de la tert\u00falia d'actualitat celebrada el passat 27 d'octubre.\" width=\"620\" height=\"389\" \/><\/a><figcaption id=\"caption-attachment-52716\" class=\"wp-caption-text\">De izquierda a derecha: el dr. Francisco Guarner, la vocal de Alimentaci\u00f3n y Nutrici\u00f3n del COFB, Anna Bach, y el dr. Jos\u00e9 \u00c1ngel Alda en el inicio de la tertulia de actualidad celebrada el pasado 27 de octubre.<\/figcaption><\/figure>\n<p><strong>Anna Bach-Faig<\/strong>, vocal de Alimentaci\u00f3n Nutrici\u00f3n del COFB, fue la encargada de introducir y moderar la sesi\u00f3n. En su intervenci\u00f3n, Bach-Faig apunt\u00f3 que \u201ccada vez m\u00e1s los especialistas estudian las <strong>consecuencias neuropsiqui\u00e1tricas<\/strong> que pueden producir una <strong>disbiosis de la microbiota intestinal<\/strong>\u201c. Y a\u00f1adi\u00f3 que &quot;a lo largo de la sesi\u00f3n se repasar\u00eda en qu\u00e9 punto se encuentran estas investigaciones y cu\u00e1l es la pr\u00e1ctica cl\u00ednica actual de estos casos&quot;.<\/p>\n<div class=\"destacat-blog\">\n<h1><span style=\"color: #008080;\"><strong>Eje cerebro-intestino<\/strong><\/span><\/h1>\n<p>El<strong>eje cerebro-intestino<\/strong> es una reconocida <strong>v\u00eda de comunicaci\u00f3n bidireccional<\/strong> regulada a nivel neuronal, endocrino e inmunol\u00f3gico que est\u00e1 influida por la <strong>microbiota intestinal<\/strong>. Cada vez hay m\u00e1s estudios que demuestran la <strong>influencia del microbioma intestinal en el mantenimiento de las funciones cerebrales<\/strong> y que apuntan a la posibilidad de ejercer tambi\u00e9n influencia en el <strong>riesgo de trastornos psiqui\u00e1tricos y neurol\u00f3gicos<\/strong> como el<strong>estr\u00e9s<\/strong>, el<strong>ansiedad<\/strong>, la <strong>depresi\u00f3n<\/strong> o el<strong>autismo<\/strong>.<\/p>\n<p>Cada vez m\u00e1s, los especialistas estudian las <strong>consecuencias neuropsiqui\u00e1trica<\/strong>Es que pueden producir una <strong>disbiosis de la microbiota<\/strong> intestinal. En esta sesi\u00f3n repasaremos en qu\u00e9 punto est\u00e1n las investigaciones relacionadas y cu\u00e1l es la pr\u00e1ctica cl\u00ednica actual.<\/p>\n<\/div>\n<h1><span style=\"color: #008080;\"><strong>Continuar profundizando en la investigaci\u00f3n de la microbiota<\/strong><\/span><\/h1>\n<p>En su exposici\u00f3n, el dr. Guarner apunt\u00f3 que varios estudios experimentales y cl\u00ednicos implican la<strong> microbiota intestinal<\/strong> como<strong> factor de susceptibilidad<\/strong> en <strong>trastornos psicol\u00f3gicos y neurol\u00f3gicos<\/strong> (respuesta al estr\u00e9s, depresi\u00f3n, ansiedad, trastornos del espectro autista, deterioro cognitivo senil, etc.). Sin embargo, el campo es incipiente y la interpretaci\u00f3n de datos es dif\u00edcil, ya que la <strong>composici\u00f3n de la microbiota<\/strong> est\u00e1 influenciada por <strong>m\u00faltiples factores<\/strong>, como la dieta, los f\u00e1rmacos, el ejercicio f\u00edsico, etc. Por eso, se necesitan <strong>estudios longitudinales<\/strong> y ensayos controlados aleatorios en seres humanos para averiguar si la manipulaci\u00f3n de la microbiota intestinal (dieta, probi\u00f3ticos, prebi\u00f3ticos) proporcionar\u00e1 <strong>nuevas estrategias terap\u00e9uticas<\/strong>.<\/p>\n<figure id=\"attachment_52715\" aria-describedby=\"caption-attachment-52715\" style=\"width: 685px\" class=\"wp-caption aligncenter\"><a href=\"https:\/\/blog.cofb.cat\/wp-content\/uploads\/2020\/11\/Tert\u00falia-psicobi\u00f2tics-Dr.-Guarner.jpg\"><img decoding=\"async\" class=\"wp-image-52715 size-full\" title=\"El dr. Guarner, en un momento de su participaci\u00f3n en la tertulia de actualidad &quot;Las psicobi\u00f3ticas, las bacterias que equilibran la salud mental&quot;.\" src=\"https:\/\/blog.cofb.cat\/wp-content\/uploads\/2020\/11\/Tert\u00falia-psicobi\u00f2tics-Dr.-Guarner.jpg\" alt=\"El Dr. Guarner, en un moment de la seva participaci\u00f3 en la tert\u00falia d'actualitat &quot;Els psicobi\u00f2tics, els bacteris que equilibren la salut mental&quot;.\" width=\"685\" height=\"509\" \/><\/a><figcaption id=\"caption-attachment-52715\" class=\"wp-caption-text\">El dr. Guarner, en un momento de su participaci\u00f3n en la tertulia de actualidad \u201cLos psicobi\u00f3ticos, las bacterias que equilibran la salud mental\u201d.<\/figcaption><\/figure>\n<h1><span style=\"color: #008080;\"><strong>Los psicobi\u00f3ticos<\/strong><\/span><\/h1>\n<p>En su presentaci\u00f3n, el dr. Alda expuso la <strong>definici\u00f3n de psicobi\u00f3ticos<\/strong>. Se trata de un <strong>grupo de probi\u00f3ticos<\/strong> que afectan al <strong>Sistema Nervioso Central (SNC)<\/strong>, mediante el eje intestino-cerebro a trav\u00e9s de la <strong>respuesta inmune, humoral, v\u00edas neurales y metab\u00f3licas,<\/strong> mejorando la <strong>funci\u00f3n gastrointestinal<\/strong> y tambi\u00e9n la <strong>capacidad antidepresiva y ansiol\u00edtica. Algunas cepas de psicobi\u00f3ticos inhiben la inflamaci\u00f3n y disminuyen los niveles de cortisol, mejorando los s\u00edntomas de la ansiedad y depresi\u00f3n.<\/strong><\/p>\n<p>Sin embargo, seg\u00fan apunt\u00f3 el dr. Alda, <strong>los efectos de los psicobi\u00f3ticos en los trastornos mentales y neurol\u00f3gicos son limitados. <\/strong>Y es que todav\u00eda <strong>se necesitan m\u00e1s estudios de psicobi\u00f3ticos<\/strong> para determinar su efectividad y mecanismo de acci\u00f3n como tratamiento para distintos trastornos psiqui\u00e1tricos.<\/p>\n<h1><span style=\"color: #008080;\"><strong>Dieta y trastornos del neurodesarrollo<\/strong><\/span><\/h1>\n<figure id=\"attachment_52714\" aria-describedby=\"caption-attachment-52714\" style=\"width: 682px\" class=\"wp-caption aligncenter\"><a href=\"https:\/\/blog.cofb.cat\/wp-content\/uploads\/2020\/11\/Tert\u00falia-psicobi\u00f2tics-Dr.-Alda.jpg\"><img decoding=\"async\" class=\"wp-image-52714 size-full\" title=\"El dr. Alda, durante su intervenci\u00f3n en la tertulia de actualidad &quot;Las psicobi\u00f3ticas, las bacterias que equilibran la salud mental&quot;.\" src=\"https:\/\/blog.cofb.cat\/wp-content\/uploads\/2020\/11\/Tert\u00falia-psicobi\u00f2tics-Dr.-Alda.jpg\" alt=\"El Dr. Alda, durant la seva intervenci\u00f3 en la tert\u00falia d'actualitat &quot;Els psicobi\u00f2tics, els bacteris que equilibren la salut mental&quot;.\" width=\"682\" height=\"509\" \/><\/a><figcaption id=\"caption-attachment-52714\" class=\"wp-caption-text\">El dr. Alda, durante su intervenci\u00f3n en la tertulia de actualidad \u201cLas psicobi\u00f3ticas, las bacterias que equilibran la salud mental\u201d.<\/figcaption><\/figure>\n<p>En este punto, el dr. Alda se refiri\u00f3 a un estudio sobre la dieta mediterr\u00e1nea y el TDAH en ni\u00f1os y adolescentes. Seg\u00fan este trabajo, existen diferencias significativas en lo que se refiere al consumo de alimentos y nutrientes entre ni\u00f1os y adolescentes y sugiere que <strong>una dieta alta en az\u00facar refinado y grasas saturadas<\/strong> puede <strong>aumentar el riesgo de TDAH<\/strong>. Por el contrario, una <strong>dieta saludable<\/strong>, caracterizada por un <strong>alto consumo de frutas y verduras<\/strong> proteger\u00eda contra el <strong>TDAH o la hiperactividad<\/strong>.<\/p>\n<h1><span style=\"color: #008080;\"><strong>Conclusiones finales<\/strong><\/span><\/h1>\n<p>En definitiva, como <strong>principales conclusiones<\/strong>, el dr. Alda destac\u00f3 la <strong>importancia<\/strong> del<strong>eje cerebro-intestino<\/strong> en la salud mental y el hecho de que existen nuevas evidencias sobre los efectos de los psicobi\u00f3ticos en campos como la depresi\u00f3n\/ansiedad, los trastornos neurodegenerativos o los trastornos de neurodesarrollo, pero que <strong>son necesarios m\u00e1s estudios<\/strong>, en la misma l\u00ednea de lo que expuso Guarner en su intervenci\u00f3n.<\/p>\n<p style=\"text-align: right;\"><strong>Con el patrocinio de:<\/strong><\/p>\n<p style=\"text-align: right;\"><a href=\"https:\/\/www.neuraxpharm.com\/\" target=\"_blank\" rel=\"noopener\"><img loading=\"lazy\" decoding=\"async\" class=\"wp-image-52464 alignright\" src=\"https:\/\/blog.cofb.cat\/wp-content\/uploads\/2020\/10\/Neuraxpharm.jpg\" alt=\"\" width=\"142\" height=\"60\" \/><\/a><\/p>\n<p>&nbsp;<\/p>\n<p>&nbsp;<\/p>\n<p><strong>Otras publicaciones de inter\u00e9s:<\/strong><\/p>\n<ul>\n<li><a href=\"https:\/\/blog.cofb.cat\/deficit-de-vitamina-d-tendencia-o-realitat\/\" target=\"_blank\" rel=\"noopener\">D\u00e9ficit de vitamina D. \u00bfTendencia o realidad? [Tertulia de actualidad] (Junio 2020)<\/a><\/li>\n<li><a href=\"https:\/\/blog.cofb.cat\/coneixent-mes-sobre-lexposoma-nova-tertulia-dactualitat-cofb\/\" target=\"_blank\" rel=\"noopener\">Conociendo m\u00e1s sobre la exposoma a una nueva tertulia de actualidad en el COFB (Julio 2019)<\/a><\/li>\n<li><a href=\"https:\/\/blog.cofb.cat\/paper-farmacia-lictus-nova-tertulia-dactualitat-cofb\/\" target=\"_blank\" rel=\"noopener\">El papel de la farmacia en el ictus. Nueva tertulia de actualidad en el COFB (Noviembre 2018)<\/a><\/li>\n<\/ul>\n<p>&nbsp;<\/p>","protected":false},"excerpt":{"rendered":"<p>El pasado 27 de octubre tuvo lugar en formato Webinar la tertulia de actualidad \u201cPsicobi\u00f3ticas, las bacterias que equilibran la salud mental\u201d a cargo del Dr. Jos\u00e9 \u00c1ngel Alda, jefe de secci\u00f3n de psiquiatr\u00eda y coordinador de la unidad de TDAH del Hospital Sant Joan de D\u00e9u y del dr. Francisco [\u2026]<\/p>","protected":false},"author":1,"featured_media":52723,"comment_status":"open","ping_status":"open","sticky":false,"template":"","format":"standard","meta":{"_uag_custom_page_level_css":"","site-sidebar-layout":"default","site-content-layout":"","ast-site-content-layout":"default","site-content-style":"default","site-sidebar-style":"default","ast-global-header-display":"","ast-banner-title-visibility":"","ast-main-header-display":"","ast-hfb-above-header-display":"","ast-hfb-below-header-display":"","ast-hfb-mobile-header-display":"","site-post-title":"","ast-breadcrumbs-content":"","ast-featured-img":"disabled","footer-sml-layout":"","theme-transparent-header-meta":"","adv-header-id-meta":"","stick-header-meta":"","header-above-stick-meta":"","header-main-stick-meta":"","header-below-stick-meta":"","astra-migrate-meta-layouts":"default","ast-page-background-enabled":"default","ast-page-background-meta":{"desktop":{"background-color":"var(--ast-global-color-4)","background-image":"","background-repeat":"repeat","background-position":"center center","background-size":"auto","background-attachment":"scroll","background-type":"","background-media":"","overlay-type":"","overlay-color":"","overlay-opacity":"","overlay-gradient":""},"tablet":{"background-color":"","background-image":"","background-repeat":"repeat","background-position":"center center","background-size":"auto","background-attachment":"scroll","background-type":"","background-media":"","overlay-type":"","overlay-color":"","overlay-opacity":"","overlay-gradient":""},"mobile":{"background-color":"","background-image":"","background-repeat":"repeat","background-position":"center center","background-size":"auto","background-attachment":"scroll","background-type":"","background-media":"","overlay-type":"","overlay-color":"","overlay-opacity":"","overlay-gradient":""}},"ast-content-background-meta":{"desktop":{"background-color":"var(--ast-global-color-5)","background-image":"","background-repeat":"repeat","background-position":"center center","background-size":"auto","background-attachment":"scroll","background-type":"","background-media":"","overlay-type":"","overlay-color":"","overlay-opacity":"","overlay-gradient":""},"tablet":{"background-color":"var(--ast-global-color-5)","background-image":"","background-repeat":"repeat","background-position":"center center","background-size":"auto","background-attachment":"scroll","background-type":"","background-media":"","overlay-type":"","overlay-color":"","overlay-opacity":"","overlay-gradient":""},"mobile":{"background-color":"var(--ast-global-color-5)","background-image":"","background-repeat":"repeat","background-position":"center center","background-size":"auto","background-attachment":"scroll","background-type":"","background-media":"","overlay-type":"","overlay-color":"","overlay-opacity":"","overlay-gradient":""}},"footnotes":""},"categories":[23,57],"tags":[36,16,3292,3041,3121,18,19,2792,4386,53,68,69,70,745,4387,46,3109,3284,4388,472,139,3364],"class_list":["post-52455","post","type-post","status-publish","format-standard","has-post-thumbnail","hentry","category-destacats","category-mon-collegial","tag-alimentacio","tag-alimentacio-i-nutricio","tag-aparell-digestiu","tag-assessorament-alimentari","tag-cervell","tag-cofb","tag-collegi-de-farmaceutics-de-barcelona","tag-dietes","tag-disbiosi","tag-farmaceutics","tag-farmacia","tag-farmacia-comunitaria","tag-formacio","tag-microbiota-intestinal","tag-neurodesenvolupament","tag-nutricio","tag-professionals-farmaceutics","tag-programa-formatiu","tag-psicobiotics","tag-salut-mental","tag-tertulia-actualitat","tag-vocal-dalimentacio-i-nutricio-del-cofb"],"yoast_head":"<!-- This site is optimized with the Yoast SEO plugin v22.4 - https:\/\/yoast.com\/wordpress\/plugins\/seo\/ -->\n<title>&quot;Psicobi\u00f2tics, els bacteris que equilibren la salut mental&quot;, tema central d&#039;una nova tert\u00falia d&#039;actualitat al COFB - Col\u00b7legi de Farmac\u00e8utics de Barcelona<\/title>\n<meta name=\"description\" content=\"El passat 27 d&#039;octubre va tenir lloc la tert\u00falia d&#039;actualitat &quot;Psicobi\u00f2tics, els bacteris que equilibren la salut mental&quot; a c\u00e0rrec del Dr. Jos\u00e9 \u00c1ngel Alda i del Dr. Francisco Guarner.\" \/>\n<meta name=\"robots\" content=\"index, follow, max-snippet:-1, max-image-preview:large, max-video-preview:-1\" \/>\n<link rel=\"canonical\" href=\"https:\/\/novaorg.cofb.net\/2020\/11\/10\/psicobiotics-bacteris-que-equilibren-salut-mental-tema-central-duna-nova-tertulia-dactualitat-cofb\/\" \/>\n<meta property=\"og:locale\" content=\"es_ES\" \/>\n<meta property=\"og:type\" content=\"article\" \/>\n<meta property=\"og:title\" content=\"&quot;Psicobi\u00f2tics, els bacteris que equilibren la salut mental&quot;, tema central d&#039;una nova tert\u00falia d&#039;actualitat al COFB - Col\u00b7legi de Farmac\u00e8utics de Barcelona\" \/>\n<meta property=\"og:description\" content=\"El passat 27 d&#039;octubre va tenir lloc la tert\u00falia d&#039;actualitat &quot;Psicobi\u00f2tics, els bacteris que equilibren la salut mental&quot; a c\u00e0rrec del Dr. Jos\u00e9 \u00c1ngel Alda i del Dr. Francisco Guarner.\" \/>\n<meta property=\"og:url\" content=\"https:\/\/novaorg.cofb.net\/2020\/11\/10\/psicobiotics-bacteris-que-equilibren-salut-mental-tema-central-duna-nova-tertulia-dactualitat-cofb\/\" \/>\n<meta property=\"og:site_name\" content=\"Col\u00b7legi de Farmac\u00e8utics de Barcelona\" \/>\n<meta property=\"article:publisher\" content=\"https:\/\/www.facebook.com\/farmaceuticsbcn\/\" \/>\n<meta property=\"article:published_time\" content=\"2020-11-10T11:50:49+00:00\" \/>\n<meta name=\"author\" content=\"wpAdminCofbOrg\" \/>\n<meta name=\"twitter:card\" content=\"summary_large_image\" \/>\n<meta name=\"twitter:creator\" content=\"@farmaceuticsbcn\" \/>\n<meta name=\"twitter:site\" content=\"@farmaceuticsbcn\" \/>\n<meta name=\"twitter:label1\" content=\"Escrito por\" \/>\n\t<meta name=\"twitter:data1\" content=\"wpAdminCofbOrg\" \/>\n\t<meta name=\"twitter:label2\" content=\"Tiempo de lectura\" \/>\n\t<meta name=\"twitter:data2\" content=\"4 minutos\" \/>\n<script type=\"application\/ld+json\" class=\"yoast-schema-graph\">{\"@context\":\"https:\/\/schema.org\",\"@graph\":[{\"@type\":\"Article\",\"@id\":\"https:\/\/novaorg.cofb.net\/2020\/11\/10\/psicobiotics-bacteris-que-equilibren-salut-mental-tema-central-duna-nova-tertulia-dactualitat-cofb\/#article\",\"isPartOf\":{\"@id\":\"https:\/\/novaorg.cofb.net\/2020\/11\/10\/psicobiotics-bacteris-que-equilibren-salut-mental-tema-central-duna-nova-tertulia-dactualitat-cofb\/\"},\"author\":{\"name\":\"wpAdminCofbOrg\",\"@id\":\"https:\/\/www.cofb.org\/#\/schema\/person\/22ed7eea88da74b0fa4d3154ad87ffcb\"},\"headline\":\"&#8220;Psicobi\u00f2tics, els bacteris que equilibren la salut mental&#8221;, tema central d&#8217;una nova tert\u00falia d&#8217;actualitat al COFB\",\"datePublished\":\"2020-11-10T11:50:49+00:00\",\"dateModified\":\"2020-11-10T11:50:49+00:00\",\"mainEntityOfPage\":{\"@id\":\"https:\/\/novaorg.cofb.net\/2020\/11\/10\/psicobiotics-bacteris-que-equilibren-salut-mental-tema-central-duna-nova-tertulia-dactualitat-cofb\/\"},\"wordCount\":901,\"commentCount\":0,\"publisher\":{\"@id\":\"https:\/\/www.cofb.org\/#organization\"},\"image\":{\"@id\":\"https:\/\/novaorg.cofb.net\/2020\/11\/10\/psicobiotics-bacteris-que-equilibren-salut-mental-tema-central-duna-nova-tertulia-dactualitat-cofb\/#primaryimage\"},\"thumbnailUrl\":\"\",\"keywords\":[\"alimentaci\u00f3\",\"Alimentaci\u00f3 i nutrici\u00f3\",\"aparell digestiu\",\"assessorament alimentari\",\"cervell\",\"COFB\",\"Col\u00b7legi de Farmac\u00e8utics de Barcelona\",\"dietes\",\"disbiosi\",\"farmac\u00e8utics\",\"Farm\u00e0cia\",\"farm\u00e0cia comunit\u00e0ria\",\"Formaci\u00f3\",\"microbiota intestinal\",\"neurodesenvolupament\",\"Nutrici\u00f3\",\"professionals farmac\u00e8utics\",\"programa formatiu\",\"psicobi\u00f2tics\",\"salut mental\",\"tert\u00falia actualitat\",\"Vocal d'Alimentaci\u00f3 i Nutrici\u00f3 del COFB\"],\"articleSection\":[\"Destacats\",\"M\u00f3n col\u00b7legial\"],\"inLanguage\":\"es\",\"potentialAction\":[{\"@type\":\"CommentAction\",\"name\":\"Comment\",\"target\":[\"https:\/\/novaorg.cofb.net\/2020\/11\/10\/psicobiotics-bacteris-que-equilibren-salut-mental-tema-central-duna-nova-tertulia-dactualitat-cofb\/#respond\"]}]},{\"@type\":\"WebPage\",\"@id\":\"https:\/\/novaorg.cofb.net\/2020\/11\/10\/psicobiotics-bacteris-que-equilibren-salut-mental-tema-central-duna-nova-tertulia-dactualitat-cofb\/\",\"url\":\"https:\/\/novaorg.cofb.net\/2020\/11\/10\/psicobiotics-bacteris-que-equilibren-salut-mental-tema-central-duna-nova-tertulia-dactualitat-cofb\/\",\"name\":\"\\\"Psicobi\u00f2tics, els bacteris que equilibren la salut mental\\\", tema central d'una nova tert\u00falia d'actualitat al COFB - Col\u00b7legi de Farmac\u00e8utics de Barcelona\",\"isPartOf\":{\"@id\":\"https:\/\/www.cofb.org\/#website\"},\"primaryImageOfPage\":{\"@id\":\"https:\/\/novaorg.cofb.net\/2020\/11\/10\/psicobiotics-bacteris-que-equilibren-salut-mental-tema-central-duna-nova-tertulia-dactualitat-cofb\/#primaryimage\"},\"image\":{\"@id\":\"https:\/\/novaorg.cofb.net\/2020\/11\/10\/psicobiotics-bacteris-que-equilibren-salut-mental-tema-central-duna-nova-tertulia-dactualitat-cofb\/#primaryimage\"},\"thumbnailUrl\":\"\",\"datePublished\":\"2020-11-10T11:50:49+00:00\",\"dateModified\":\"2020-11-10T11:50:49+00:00\",\"description\":\"El passat 27 d'octubre va tenir lloc la tert\u00falia d'actualitat \\\"Psicobi\u00f2tics, els bacteris que equilibren la salut mental\\\" a c\u00e0rrec del Dr. Jos\u00e9 \u00c1ngel Alda i del Dr. Francisco Guarner.\",\"breadcrumb\":{\"@id\":\"https:\/\/novaorg.cofb.net\/2020\/11\/10\/psicobiotics-bacteris-que-equilibren-salut-mental-tema-central-duna-nova-tertulia-dactualitat-cofb\/#breadcrumb\"},\"inLanguage\":\"es\",\"potentialAction\":[{\"@type\":\"ReadAction\",\"target\":[\"https:\/\/novaorg.cofb.net\/2020\/11\/10\/psicobiotics-bacteris-que-equilibren-salut-mental-tema-central-duna-nova-tertulia-dactualitat-cofb\/\"]}]},{\"@type\":\"ImageObject\",\"inLanguage\":\"es\",\"@id\":\"https:\/\/novaorg.cofb.net\/2020\/11\/10\/psicobiotics-bacteris-que-equilibren-salut-mental-tema-central-duna-nova-tertulia-dactualitat-cofb\/#primaryimage\",\"url\":\"\",\"contentUrl\":\"\"},{\"@type\":\"BreadcrumbList\",\"@id\":\"https:\/\/novaorg.cofb.net\/2020\/11\/10\/psicobiotics-bacteris-que-equilibren-salut-mental-tema-central-duna-nova-tertulia-dactualitat-cofb\/#breadcrumb\",\"itemListElement\":[{\"@type\":\"ListItem\",\"position\":1,\"name\":\"Inici\",\"item\":\"https:\/\/novaorg.cofb.net\/\"},{\"@type\":\"ListItem\",\"position\":2,\"name\":\"&#8220;Psicobi\u00f2tics, els bacteris que equilibren la salut mental&#8221;, tema central d&#8217;una nova tert\u00falia d&#8217;actualitat al COFB\"}]},{\"@type\":\"WebSite\",\"@id\":\"https:\/\/www.cofb.org\/#website\",\"url\":\"https:\/\/www.cofb.org\/\",\"name\":\"Col\u00b7legi de Farmac\u00e8utics de Barcelona\",\"description\":\"\",\"publisher\":{\"@id\":\"https:\/\/www.cofb.org\/#organization\"},\"potentialAction\":[{\"@type\":\"SearchAction\",\"target\":{\"@type\":\"EntryPoint\",\"urlTemplate\":\"https:\/\/www.cofb.org\/?s={search_term_string}\"},\"query-input\":\"required name=search_term_string\"}],\"inLanguage\":\"es\"},{\"@type\":\"Organization\",\"@id\":\"https:\/\/www.cofb.org\/#organization\",\"name\":\"Col\u00b7legi de Farmac\u00e8utics de Barcelona\",\"url\":\"https:\/\/www.cofb.org\/\",\"logo\":{\"@type\":\"ImageObject\",\"inLanguage\":\"es\",\"@id\":\"https:\/\/www.cofb.org\/#\/schema\/logo\/image\/\",\"url\":\"https:\/\/www.cofb.org\/wp-content\/uploads\/2023\/11\/cropped-Logotip-COFB.png\",\"contentUrl\":\"https:\/\/www.cofb.org\/wp-content\/uploads\/2023\/11\/cropped-Logotip-COFB.png\",\"width\":500,\"height\":105,\"caption\":\"Col\u00b7legi de Farmac\u00e8utics de Barcelona\"},\"image\":{\"@id\":\"https:\/\/www.cofb.org\/#\/schema\/logo\/image\/\"},\"sameAs\":[\"https:\/\/www.facebook.com\/farmaceuticsbcn\/\",\"https:\/\/twitter.com\/farmaceuticsbcn\",\"https:\/\/www.instagram.com\/farmaceuticsbcn\/\",\"https:\/\/www.linkedin.com\/company\/farmaceuticsbcn\/\"]},{\"@type\":\"Person\",\"@id\":\"https:\/\/www.cofb.org\/#\/schema\/person\/22ed7eea88da74b0fa4d3154ad87ffcb\",\"name\":\"wpAdminCofbOrg\",\"image\":{\"@type\":\"ImageObject\",\"inLanguage\":\"es\",\"@id\":\"https:\/\/www.cofb.org\/#\/schema\/person\/image\/\",\"url\":\"https:\/\/secure.gravatar.com\/avatar\/1721b20b3b8ca882c3b56ec6c978c594fff670e40c0718e9190eaeeb76aae7d8?s=96&d=mm&r=g\",\"contentUrl\":\"https:\/\/secure.gravatar.com\/avatar\/1721b20b3b8ca882c3b56ec6c978c594fff670e40c0718e9190eaeeb76aae7d8?s=96&d=mm&r=g\",\"caption\":\"wpAdminCofbOrg\"},\"sameAs\":[\"http:\/\/192.168.64.122\/wordpress\"],\"url\":\"https:\/\/www.cofb.org\/es\/author\/wpadmincofborg\/\"}]}<\/script>\n<!-- \/ Yoast SEO plugin. -->","yoast_head_json":{"title":"\"Psicobi\u00f2tics, els bacteris que equilibren la salut mental\", tema central d'una nova tert\u00falia d'actualitat al COFB - Col\u00b7legi de Farmac\u00e8utics de Barcelona","description":"El passat 27 d'octubre va tenir lloc la tert\u00falia d'actualitat \"Psicobi\u00f2tics, els bacteris que equilibren la salut mental\" a c\u00e0rrec del Dr. Jos\u00e9 \u00c1ngel Alda i del Dr. Francisco Guarner.","robots":{"index":"index","follow":"follow","max-snippet":"max-snippet:-1","max-image-preview":"max-image-preview:large","max-video-preview":"max-video-preview:-1"},"canonical":"https:\/\/novaorg.cofb.net\/2020\/11\/10\/psicobiotics-bacteris-que-equilibren-salut-mental-tema-central-duna-nova-tertulia-dactualitat-cofb\/","og_locale":"es_ES","og_type":"article","og_title":"\"Psicobi\u00f2tics, els bacteris que equilibren la salut mental\", tema central d'una nova tert\u00falia d'actualitat al COFB - Col\u00b7legi de Farmac\u00e8utics de Barcelona","og_description":"El passat 27 d'octubre va tenir lloc la tert\u00falia d'actualitat \"Psicobi\u00f2tics, els bacteris que equilibren la salut mental\" a c\u00e0rrec del Dr. Jos\u00e9 \u00c1ngel Alda i del Dr. Francisco Guarner.","og_url":"https:\/\/novaorg.cofb.net\/2020\/11\/10\/psicobiotics-bacteris-que-equilibren-salut-mental-tema-central-duna-nova-tertulia-dactualitat-cofb\/","og_site_name":"Col\u00b7legi de Farmac\u00e8utics de Barcelona","article_publisher":"https:\/\/www.facebook.com\/farmaceuticsbcn\/","article_published_time":"2020-11-10T11:50:49+00:00","author":"wpAdminCofbOrg","twitter_card":"summary_large_image","twitter_creator":"@farmaceuticsbcn","twitter_site":"@farmaceuticsbcn","twitter_misc":{"Escrito por":"wpAdminCofbOrg","Tiempo de lectura":"4 minutos"},"schema":{"@context":"https:\/\/schema.org","@graph":[{"@type":"Article","@id":"https:\/\/novaorg.cofb.net\/2020\/11\/10\/psicobiotics-bacteris-que-equilibren-salut-mental-tema-central-duna-nova-tertulia-dactualitat-cofb\/#article","isPartOf":{"@id":"https:\/\/novaorg.cofb.net\/2020\/11\/10\/psicobiotics-bacteris-que-equilibren-salut-mental-tema-central-duna-nova-tertulia-dactualitat-cofb\/"},"author":{"name":"wpAdminCofbOrg","@id":"https:\/\/www.cofb.org\/#\/schema\/person\/22ed7eea88da74b0fa4d3154ad87ffcb"},"headline":"&#8220;Psicobi\u00f2tics, els bacteris que equilibren la salut mental&#8221;, tema central d&#8217;una nova tert\u00falia d&#8217;actualitat al COFB","datePublished":"2020-11-10T11:50:49+00:00","dateModified":"2020-11-10T11:50:49+00:00","mainEntityOfPage":{"@id":"https:\/\/novaorg.cofb.net\/2020\/11\/10\/psicobiotics-bacteris-que-equilibren-salut-mental-tema-central-duna-nova-tertulia-dactualitat-cofb\/"},"wordCount":901,"commentCount":0,"publisher":{"@id":"https:\/\/www.cofb.org\/#organization"},"image":{"@id":"https:\/\/novaorg.cofb.net\/2020\/11\/10\/psicobiotics-bacteris-que-equilibren-salut-mental-tema-central-duna-nova-tertulia-dactualitat-cofb\/#primaryimage"},"thumbnailUrl":"","keywords":["alimentaci\u00f3","Alimentaci\u00f3 i nutrici\u00f3","aparell digestiu","assessorament alimentari","cervell","COFB","Col\u00b7legi de Farmac\u00e8utics de Barcelona","dietes","disbiosi","farmac\u00e8utics","Farm\u00e0cia","farm\u00e0cia comunit\u00e0ria","Formaci\u00f3","microbiota intestinal","neurodesenvolupament","Nutrici\u00f3","professionals farmac\u00e8utics","programa formatiu","psicobi\u00f2tics","salut mental","tert\u00falia actualitat","Vocal d'Alimentaci\u00f3 i Nutrici\u00f3 del COFB"],"articleSection":["Destacats","M\u00f3n col\u00b7legial"],"inLanguage":"es","potentialAction":[{"@type":"CommentAction","name":"Comment","target":["https:\/\/novaorg.cofb.net\/2020\/11\/10\/psicobiotics-bacteris-que-equilibren-salut-mental-tema-central-duna-nova-tertulia-dactualitat-cofb\/#respond"]}]},{"@type":"WebPage","@id":"https:\/\/novaorg.cofb.net\/2020\/11\/10\/psicobiotics-bacteris-que-equilibren-salut-mental-tema-central-duna-nova-tertulia-dactualitat-cofb\/","url":"https:\/\/novaorg.cofb.net\/2020\/11\/10\/psicobiotics-bacteris-que-equilibren-salut-mental-tema-central-duna-nova-tertulia-dactualitat-cofb\/","name":"\"Psicobi\u00f2tics, els bacteris que equilibren la salut mental\", tema central d'una nova tert\u00falia d'actualitat al COFB - Col\u00b7legi de Farmac\u00e8utics de Barcelona","isPartOf":{"@id":"https:\/\/www.cofb.org\/#website"},"primaryImageOfPage":{"@id":"https:\/\/novaorg.cofb.net\/2020\/11\/10\/psicobiotics-bacteris-que-equilibren-salut-mental-tema-central-duna-nova-tertulia-dactualitat-cofb\/#primaryimage"},"image":{"@id":"https:\/\/novaorg.cofb.net\/2020\/11\/10\/psicobiotics-bacteris-que-equilibren-salut-mental-tema-central-duna-nova-tertulia-dactualitat-cofb\/#primaryimage"},"thumbnailUrl":"","datePublished":"2020-11-10T11:50:49+00:00","dateModified":"2020-11-10T11:50:49+00:00","description":"El passat 27 d'octubre va tenir lloc la tert\u00falia d'actualitat \"Psicobi\u00f2tics, els bacteris que equilibren la salut mental\" a c\u00e0rrec del Dr. Jos\u00e9 \u00c1ngel Alda i del Dr. Francisco Guarner.","breadcrumb":{"@id":"https:\/\/novaorg.cofb.net\/2020\/11\/10\/psicobiotics-bacteris-que-equilibren-salut-mental-tema-central-duna-nova-tertulia-dactualitat-cofb\/#breadcrumb"},"inLanguage":"es","potentialAction":[{"@type":"ReadAction","target":["https:\/\/novaorg.cofb.net\/2020\/11\/10\/psicobiotics-bacteris-que-equilibren-salut-mental-tema-central-duna-nova-tertulia-dactualitat-cofb\/"]}]},{"@type":"ImageObject","inLanguage":"es","@id":"https:\/\/novaorg.cofb.net\/2020\/11\/10\/psicobiotics-bacteris-que-equilibren-salut-mental-tema-central-duna-nova-tertulia-dactualitat-cofb\/#primaryimage","url":"","contentUrl":""},{"@type":"BreadcrumbList","@id":"https:\/\/novaorg.cofb.net\/2020\/11\/10\/psicobiotics-bacteris-que-equilibren-salut-mental-tema-central-duna-nova-tertulia-dactualitat-cofb\/#breadcrumb","itemListElement":[{"@type":"ListItem","position":1,"name":"Inici","item":"https:\/\/novaorg.cofb.net\/"},{"@type":"ListItem","position":2,"name":"&#8220;Psicobi\u00f2tics, els bacteris que equilibren la salut mental&#8221;, tema central d&#8217;una nova tert\u00falia d&#8217;actualitat al COFB"}]},{"@type":"WebSite","@id":"https:\/\/www.cofb.org\/#website","url":"https:\/\/www.cofb.org\/","name":"Col\u00b7legi de Farmac\u00e8utics de Barcelona","description":"","publisher":{"@id":"https:\/\/www.cofb.org\/#organization"},"potentialAction":[{"@type":"SearchAction","target":{"@type":"EntryPoint","urlTemplate":"https:\/\/www.cofb.org\/?s={search_term_string}"},"query-input":"required name=search_term_string"}],"inLanguage":"es"},{"@type":"Organization","@id":"https:\/\/www.cofb.org\/#organization","name":"Col\u00b7legi de Farmac\u00e8utics de Barcelona","url":"https:\/\/www.cofb.org\/","logo":{"@type":"ImageObject","inLanguage":"es","@id":"https:\/\/www.cofb.org\/#\/schema\/logo\/image\/","url":"https:\/\/www.cofb.org\/wp-content\/uploads\/2023\/11\/cropped-Logotip-COFB.png","contentUrl":"https:\/\/www.cofb.org\/wp-content\/uploads\/2023\/11\/cropped-Logotip-COFB.png","width":500,"height":105,"caption":"Col\u00b7legi de Farmac\u00e8utics de Barcelona"},"image":{"@id":"https:\/\/www.cofb.org\/#\/schema\/logo\/image\/"},"sameAs":["https:\/\/www.facebook.com\/farmaceuticsbcn\/","https:\/\/twitter.com\/farmaceuticsbcn","https:\/\/www.instagram.com\/farmaceuticsbcn\/","https:\/\/www.linkedin.com\/company\/farmaceuticsbcn\/"]},{"@type":"Person","@id":"https:\/\/www.cofb.org\/#\/schema\/person\/22ed7eea88da74b0fa4d3154ad87ffcb","name":"wpAdminCofbOrg","image":{"@type":"ImageObject","inLanguage":"es","@id":"https:\/\/www.cofb.org\/#\/schema\/person\/image\/","url":"https:\/\/secure.gravatar.com\/avatar\/1721b20b3b8ca882c3b56ec6c978c594fff670e40c0718e9190eaeeb76aae7d8?s=96&d=mm&r=g","contentUrl":"https:\/\/secure.gravatar.com\/avatar\/1721b20b3b8ca882c3b56ec6c978c594fff670e40c0718e9190eaeeb76aae7d8?s=96&d=mm&r=g","caption":"wpAdminCofbOrg"},"sameAs":["http:\/\/192.168.64.122\/wordpress"],"url":"https:\/\/www.cofb.org\/es\/author\/wpadmincofborg\/"}]}},"uagb_featured_image_src":{"full":false,"thumbnail":false,"medium":false,"medium_large":false,"large":false,"1536x1536":false,"2048x2048":false,"trp-custom-language-flag":false},"uagb_author_info":{"display_name":"wpAdminCofbOrg","author_link":"https:\/\/www.cofb.org\/es\/author\/wpadmincofborg\/"},"uagb_comment_info":0,"uagb_excerpt":"El passat 27 d&#8217;octubre va tenir lloc en format Webinar la tert\u00falia d&#8217;actualitat &#8220;Psicobi\u00f2tics, els bacteris que equilibren la salut mental&#8221; a c\u00e0rrec del Dr. Jos\u00e9 \u00c1ngel Alda, cap de secci\u00f3 de psiquiatria i coordinador de la unitat de TDAH de l&#8217;Hospital Sant Joan de D\u00e9u i del Dr. Francisco [&hellip;]","_links":{"self":[{"href":"https:\/\/www.cofb.org\/es\/wp-json\/wp\/v2\/posts\/52455","targetHints":{"allow":["GET"]}}],"collection":[{"href":"https:\/\/www.cofb.org\/es\/wp-json\/wp\/v2\/posts"}],"about":[{"href":"https:\/\/www.cofb.org\/es\/wp-json\/wp\/v2\/types\/post"}],"author":[{"embeddable":true,"href":"https:\/\/www.cofb.org\/es\/wp-json\/wp\/v2\/users\/1"}],"replies":[{"embeddable":true,"href":"https:\/\/www.cofb.org\/es\/wp-json\/wp\/v2\/comments?post=52455"}],"version-history":[{"count":0,"href":"https:\/\/www.cofb.org\/es\/wp-json\/wp\/v2\/posts\/52455\/revisions"}],"wp:featuredmedia":[{"embeddable":true,"href":"https:\/\/www.cofb.org\/es\/wp-json\/"}],"wp:attachment":[{"href":"https:\/\/www.cofb.org\/es\/wp-json\/wp\/v2\/media?parent=52455"}],"wp:term":[{"taxonomy":"category","embeddable":true,"href":"https:\/\/www.cofb.org\/es\/wp-json\/wp\/v2\/categories?post=52455"},{"taxonomy":"post_tag","embeddable":true,"href":"https:\/\/www.cofb.org\/es\/wp-json\/wp\/v2\/tags?post=52455"}],"curies":[{"name":"wp","href":"https:\/\/api.w.org\/{rel}","templated":true}]}}