{"id":52417,"date":"2020-11-04T12:40:25","date_gmt":"2020-11-04T10:40:25","guid":{"rendered":"https:\/\/blog.cofb.cat\/?p=52417"},"modified":"2020-11-04T12:40:25","modified_gmt":"2020-11-04T10:40:25","slug":"ostomies-nova-edicio-taller-adrecat-farmaceutics","status":"publish","type":"post","link":"https:\/\/www.cofb.org\/es\/2020\/11\/04\/ostomies-nova-edicio-taller-adrecat-farmaceutics\/","title":{"rendered":"Ostom\u00edas: nueva edici\u00f3n del taller dirigido a farmac\u00e9uticos"},"content":{"rendered":"<p>El pasado 21 de octubre tuvo lugar en el <strong>Col\u00b7legi de Farmac\u00e8utics de Barcelona<\/strong> una nueva edici\u00f3n del taller de ostom\u00edas, que este a\u00f1o se plante\u00f3 en dos modalidades: <strong>presencial<\/strong> y <strong>virtual<\/strong> a trav\u00e9s de la plataforma Zoom. La formaci\u00f3n, coordinada por <strong>Elena Palau<\/strong>, vocal de Ortopedia del Colegio, la imparti\u00f3 <strong>Teresa Poca<\/strong>, enfermera estomaterapeuta y supervisora de Servicio de Cirug\u00eda del Hospital de Barcelona.<\/p>\n<figure id=\"attachment_52437\" aria-describedby=\"caption-attachment-52437\" style=\"width: 620px\" class=\"wp-caption aligncenter\"><a href=\"https:\/\/blog.cofb.cat\/wp-content\/uploads\/2020\/10\/Ostomia-1-red..jpg\"><img fetchpriority=\"high\" decoding=\"async\" class=\"wp-image-52437 size-large\" title=\"La formaci\u00f3n const\u00f3 de una parte te\u00f3rica y una parte pr\u00e1ctica.\" src=\"https:\/\/blog.cofb.cat\/wp-content\/uploads\/2020\/10\/Ostomia-1-red.-1024x546.jpg\" alt=\"La formaci\u00f3 va constar d'una part te\u00f2rica i d'una part pr\u00e0ctica.\" width=\"620\" height=\"331\" \/><\/a><figcaption id=\"caption-attachment-52437\" class=\"wp-caption-text\">La formaci\u00f3n const\u00f3 de una parte te\u00f3rica y una parte pr\u00e1ctica.<\/figcaption><\/figure>\n<p>A trav\u00e9s de <strong>sesiones te\u00f3ricas<\/strong> y una <strong>demostraci\u00f3n pr\u00e1ctica<\/strong>, la formaci\u00f3n ten\u00eda por objetivos dar a conocer <strong>qu\u00e9 es<\/strong> y <strong>c\u00f3mo funciona<\/strong> una ostom\u00eda, conocer el <strong>material espec\u00edfico para cuidar el estoma<\/strong> y los <strong>beneficios del riego por colostom\u00eda<\/strong>.<\/p>\n<p>Concretamente, el programa incluy\u00f3 los siguientes temas: <strong>clasificaci\u00f3n de las ostom\u00edas<\/strong>, <strong>causas<\/strong> m\u00e1s frecuentes, <strong>material necesario para su cuidado<\/strong>, <strong>complicaciones<\/strong> principales, <strong>preparaci\u00f3n<\/strong> mec\u00e1nica del colon, <strong>sistemas continentes<\/strong>,<strong> taller te\u00f3rico y pr\u00e1ctico de irrigaci\u00f3n<\/strong> por colostom\u00eda y <strong>resoluci\u00f3n<\/strong> de casos pr\u00e1cticos relacionados con las tem\u00e1ticas impartidas.<\/p>\n<div class=\"destacat-blog\">\n<h2><span style=\"color: #008080;\"><strong>\u00bfQu\u00e9 es una ostom\u00eda?<\/strong><\/span><\/h2>\n<p>Una ostom\u00eda es una <strong>derivaci\u00f3n quir\u00fargica del aparato digestivo<\/strong> o <strong>del aparato urinario<\/strong> para que el paciente pueda eliminar los residuos que el organismo genera por una v\u00eda diferente a la natural cuando no es posible hacerlo por el conducto normal. La persona que lleva una incorporada necesita un material espec\u00edfico para realizar el mantenimiento diario del estoma.<\/p>\n<\/div>\n<figure id=\"attachment_52438\" aria-describedby=\"caption-attachment-52438\" style=\"width: 620px\" class=\"wp-caption aligncenter\"><a href=\"https:\/\/blog.cofb.cat\/wp-content\/uploads\/2020\/10\/Ostomia-2-red..jpg\"><img decoding=\"async\" class=\"wp-image-52438 size-large\" title=\"Teresa Poca, enfermera estomaterapeuta y supervisora de Servicio de Cirug\u00eda del Hospital de Barcelona, en un momento de la formaci\u00f3n.\" src=\"https:\/\/blog.cofb.cat\/wp-content\/uploads\/2020\/10\/Ostomia-2-red.-1024x596.jpg\" alt=\"Teresa Poca, infermera estomaterapeuta i supervisora de Servei de Cirurgia de l'Hospital de Barcelona, en un moment de la formaci\u00f3.\" width=\"620\" height=\"361\" \/><\/a><figcaption id=\"caption-attachment-52438\" class=\"wp-caption-text\">Teresa Poca, enfermera estomaterapeuta y supervisora de Servicio de Cirug\u00eda del Hospital de Barcelona, en un momento de la formaci\u00f3n.<\/figcaption><\/figure>\n<p>La <strong>formaci\u00f3n<\/strong> estaba especialmente indicada por<strong> proporcionar a los farmac\u00e9uticos<\/strong> asistentes <strong>herramientas para ofrecer ayuda a los pacientes<\/strong> para que entiendan que <strong>ajustar correctamente el bolso es prioritario para mantener una piel sana<\/strong> alrededor del estoma y que, en ocasiones, los accesorios pueden ser el mejor recurso para prolongar el tiempo de uso de la l\u00e1mina o impedir que se produzcan fugas.<\/p>\n<p style=\"text-align: right;\"><strong>Con el patrocinio de:<\/strong><\/p>\n<p style=\"text-align: right;\"><a href=\"https:\/\/www.hollister.es\/es-es\/\" target=\"_blank\" rel=\"noopener\"><img decoding=\"async\" class=\"wp-image-38142 alignright\" src=\"https:\/\/blog.cofb.cat\/wp-content\/uploads\/2018\/03\/hollister.jpg\" alt=\"\" width=\"187\" height=\"49\" \/><\/a><\/p>\n<p>&nbsp;<\/p>\n<p>&nbsp;<\/p>\n<p>&nbsp;<\/p>\n<p><strong>Otras publicaciones de inter\u00e9s:<\/strong><\/p>\n<ul>\n<li><a href=\"https:\/\/blog.cofb.cat\/nova-edicio-taller-dostomies\/\" target=\"_blank\" rel=\"noopener\">Nueva edici\u00f3n del taller de ostom\u00edas (Abril 2019)<\/a><\/li>\n<li><a href=\"https:\/\/blog.cofb.cat\/ostomies-actualitzacio-teorica-practica\/\" target=\"_blank\" rel=\"noopener\">Ostom\u00edas: actualizaci\u00f3n te\u00f3rica y pr\u00e1ctica (Marzo 2018)<\/a><\/li>\n<li><a href=\"https:\/\/blog.cofb.cat\/ortopedia-tallers-de-terapia-compressiva-ostomies-fabricacio-de-plantilles\/\" target=\"_blank\" rel=\"noopener\">Ortopedia: talleres de terapia compresiva, ostom\u00edas y fabricaci\u00f3n de plantillas (Mayo 2017)<\/a><\/li>\n<\/ul>\n<p>&nbsp;<\/p>","protected":false},"excerpt":{"rendered":"<p>El pasado 21 de octubre tuvo lugar en el Colegio de Farmac\u00e9uticos de Barcelona una nueva edici\u00f3n del taller de ostom\u00edas, que este a\u00f1o se plante\u00f3 en dos modalidades: presencial y virtual a trav\u00e9s de la plataforma Zoom. La formaci\u00f3n, coordinada por Elena Palau, vocal de Ortopedia del Colegio, la imparti\u00f3 Teresa Poca, [\u2026]<\/p>","protected":false},"author":1,"featured_media":52438,"comment_status":"open","ping_status":"open","sticky":false,"template":"","format":"standard","meta":{"_uag_custom_page_level_css":"","site-sidebar-layout":"default","site-content-layout":"","ast-site-content-layout":"default","site-content-style":"default","site-sidebar-style":"default","ast-global-header-display":"","ast-banner-title-visibility":"","ast-main-header-display":"","ast-hfb-above-header-display":"","ast-hfb-below-header-display":"","ast-hfb-mobile-header-display":"","site-post-title":"","ast-breadcrumbs-content":"","ast-featured-img":"disabled","footer-sml-layout":"","theme-transparent-header-meta":"","adv-header-id-meta":"","stick-header-meta":"","header-above-stick-meta":"","header-main-stick-meta":"","header-below-stick-meta":"","astra-migrate-meta-layouts":"default","ast-page-background-enabled":"default","ast-page-background-meta":{"desktop":{"background-color":"var(--ast-global-color-4)","background-image":"","background-repeat":"repeat","background-position":"center center","background-size":"auto","background-attachment":"scroll","background-type":"","background-media":"","overlay-type":"","overlay-color":"","overlay-opacity":"","overlay-gradient":""},"tablet":{"background-color":"","background-image":"","background-repeat":"repeat","background-position":"center center","background-size":"auto","background-attachment":"scroll","background-type":"","background-media":"","overlay-type":"","overlay-color":"","overlay-opacity":"","overlay-gradient":""},"mobile":{"background-color":"","background-image":"","background-repeat":"repeat","background-position":"center center","background-size":"auto","background-attachment":"scroll","background-type":"","background-media":"","overlay-type":"","overlay-color":"","overlay-opacity":"","overlay-gradient":""}},"ast-content-background-meta":{"desktop":{"background-color":"var(--ast-global-color-5)","background-image":"","background-repeat":"repeat","background-position":"center center","background-size":"auto","background-attachment":"scroll","background-type":"","background-media":"","overlay-type":"","overlay-color":"","overlay-opacity":"","overlay-gradient":""},"tablet":{"background-color":"var(--ast-global-color-5)","background-image":"","background-repeat":"repeat","background-position":"center center","background-size":"auto","background-attachment":"scroll","background-type":"","background-media":"","overlay-type":"","overlay-color":"","overlay-opacity":"","overlay-gradient":""},"mobile":{"background-color":"var(--ast-global-color-5)","background-image":"","background-repeat":"repeat","background-position":"center center","background-size":"auto","background-attachment":"scroll","background-type":"","background-media":"","overlay-type":"","overlay-color":"","overlay-opacity":"","overlay-gradient":""}},"footnotes":""},"categories":[23,57],"tags":[18,19,958,4383,53,68,70,3230,962,4384,4385],"class_list":["post-52417","post","type-post","status-publish","format-standard","has-post-thumbnail","hentry","category-destacats","category-mon-collegial","tag-cofb","tag-collegi-de-farmaceutics-de-barcelona","tag-colostomia","tag-estomes","tag-farmaceutics","tag-farmacia","tag-formacio","tag-formacions-cofb","tag-ostomies","tag-practica","tag-sistemes-continents"],"yoast_head":"<!-- This site is optimized with the Yoast SEO plugin v22.4 - https:\/\/yoast.com\/wordpress\/plugins\/seo\/ -->\n<title>Ostomies: nova edici\u00f3 del taller adre\u00e7at a farmac\u00e8utics - Col\u00b7legi de Farmac\u00e8utics de Barcelona<\/title>\n<meta name=\"description\" content=\"El passat 21 d&#039;octubre va tenir lloc al Col\u00b7legi de Farmac\u00e8utics de Barcelona una nova edici\u00f3 del taller d&#039;ostomies, que enguany es va plantejar en dues modalitats: presencial i virtual a trav\u00e9s de la plataforma Zoom.\" \/>\n<meta name=\"robots\" content=\"index, follow, max-snippet:-1, max-image-preview:large, max-video-preview:-1\" \/>\n<link rel=\"canonical\" href=\"https:\/\/novaorg.cofb.net\/2020\/11\/04\/ostomies-nova-edicio-taller-adrecat-farmaceutics\/\" \/>\n<meta property=\"og:locale\" content=\"es_ES\" \/>\n<meta property=\"og:type\" content=\"article\" \/>\n<meta property=\"og:title\" content=\"Ostomies: nova edici\u00f3 del taller adre\u00e7at a farmac\u00e8utics - Col\u00b7legi de Farmac\u00e8utics de Barcelona\" \/>\n<meta property=\"og:description\" content=\"El passat 21 d&#039;octubre va tenir lloc al Col\u00b7legi de Farmac\u00e8utics de Barcelona una nova edici\u00f3 del taller d&#039;ostomies, que enguany es va plantejar en dues modalitats: presencial i virtual a trav\u00e9s de la plataforma Zoom.\" \/>\n<meta property=\"og:url\" content=\"https:\/\/novaorg.cofb.net\/2020\/11\/04\/ostomies-nova-edicio-taller-adrecat-farmaceutics\/\" \/>\n<meta property=\"og:site_name\" content=\"Col\u00b7legi de Farmac\u00e8utics de Barcelona\" \/>\n<meta property=\"article:publisher\" content=\"https:\/\/www.facebook.com\/farmaceuticsbcn\/\" \/>\n<meta property=\"article:published_time\" content=\"2020-11-04T10:40:25+00:00\" \/>\n<meta name=\"author\" content=\"wpAdminCofbOrg\" \/>\n<meta name=\"twitter:card\" content=\"summary_large_image\" \/>\n<meta name=\"twitter:creator\" content=\"@farmaceuticsbcn\" \/>\n<meta name=\"twitter:site\" content=\"@farmaceuticsbcn\" \/>\n<meta name=\"twitter:label1\" content=\"Escrito por\" \/>\n\t<meta name=\"twitter:data1\" content=\"wpAdminCofbOrg\" \/>\n\t<meta name=\"twitter:label2\" content=\"Tiempo de lectura\" \/>\n\t<meta name=\"twitter:data2\" content=\"2 minutos\" \/>\n<script type=\"application\/ld+json\" class=\"yoast-schema-graph\">{\"@context\":\"https:\/\/schema.org\",\"@graph\":[{\"@type\":\"Article\",\"@id\":\"https:\/\/novaorg.cofb.net\/2020\/11\/04\/ostomies-nova-edicio-taller-adrecat-farmaceutics\/#article\",\"isPartOf\":{\"@id\":\"https:\/\/novaorg.cofb.net\/2020\/11\/04\/ostomies-nova-edicio-taller-adrecat-farmaceutics\/\"},\"author\":{\"name\":\"wpAdminCofbOrg\",\"@id\":\"https:\/\/www.cofb.org\/#\/schema\/person\/22ed7eea88da74b0fa4d3154ad87ffcb\"},\"headline\":\"Ostomies: nova edici\u00f3 del taller adre\u00e7at a farmac\u00e8utics\",\"datePublished\":\"2020-11-04T10:40:25+00:00\",\"dateModified\":\"2020-11-04T10:40:25+00:00\",\"mainEntityOfPage\":{\"@id\":\"https:\/\/novaorg.cofb.net\/2020\/11\/04\/ostomies-nova-edicio-taller-adrecat-farmaceutics\/\"},\"wordCount\":408,\"commentCount\":0,\"publisher\":{\"@id\":\"https:\/\/www.cofb.org\/#organization\"},\"image\":{\"@id\":\"https:\/\/novaorg.cofb.net\/2020\/11\/04\/ostomies-nova-edicio-taller-adrecat-farmaceutics\/#primaryimage\"},\"thumbnailUrl\":\"\",\"keywords\":[\"COFB\",\"Col\u00b7legi de Farmac\u00e8utics de Barcelona\",\"colostomia\",\"estomes\",\"farmac\u00e8utics\",\"Farm\u00e0cia\",\"Formaci\u00f3\",\"formacions cofb\",\"ostomies\",\"pr\u00e0ctica\",\"sistemes continents\"],\"articleSection\":[\"Destacats\",\"M\u00f3n col\u00b7legial\"],\"inLanguage\":\"es\",\"potentialAction\":[{\"@type\":\"CommentAction\",\"name\":\"Comment\",\"target\":[\"https:\/\/novaorg.cofb.net\/2020\/11\/04\/ostomies-nova-edicio-taller-adrecat-farmaceutics\/#respond\"]}]},{\"@type\":\"WebPage\",\"@id\":\"https:\/\/novaorg.cofb.net\/2020\/11\/04\/ostomies-nova-edicio-taller-adrecat-farmaceutics\/\",\"url\":\"https:\/\/novaorg.cofb.net\/2020\/11\/04\/ostomies-nova-edicio-taller-adrecat-farmaceutics\/\",\"name\":\"Ostomies: nova edici\u00f3 del taller adre\u00e7at a farmac\u00e8utics - Col\u00b7legi de Farmac\u00e8utics de Barcelona\",\"isPartOf\":{\"@id\":\"https:\/\/www.cofb.org\/#website\"},\"primaryImageOfPage\":{\"@id\":\"https:\/\/novaorg.cofb.net\/2020\/11\/04\/ostomies-nova-edicio-taller-adrecat-farmaceutics\/#primaryimage\"},\"image\":{\"@id\":\"https:\/\/novaorg.cofb.net\/2020\/11\/04\/ostomies-nova-edicio-taller-adrecat-farmaceutics\/#primaryimage\"},\"thumbnailUrl\":\"\",\"datePublished\":\"2020-11-04T10:40:25+00:00\",\"dateModified\":\"2020-11-04T10:40:25+00:00\",\"description\":\"El passat 21 d'octubre va tenir lloc al Col\u00b7legi de Farmac\u00e8utics de Barcelona una nova edici\u00f3 del taller d'ostomies, que enguany es va plantejar en dues modalitats: presencial i virtual a trav\u00e9s de la plataforma Zoom.\",\"breadcrumb\":{\"@id\":\"https:\/\/novaorg.cofb.net\/2020\/11\/04\/ostomies-nova-edicio-taller-adrecat-farmaceutics\/#breadcrumb\"},\"inLanguage\":\"es\",\"potentialAction\":[{\"@type\":\"ReadAction\",\"target\":[\"https:\/\/novaorg.cofb.net\/2020\/11\/04\/ostomies-nova-edicio-taller-adrecat-farmaceutics\/\"]}]},{\"@type\":\"ImageObject\",\"inLanguage\":\"es\",\"@id\":\"https:\/\/novaorg.cofb.net\/2020\/11\/04\/ostomies-nova-edicio-taller-adrecat-farmaceutics\/#primaryimage\",\"url\":\"\",\"contentUrl\":\"\"},{\"@type\":\"BreadcrumbList\",\"@id\":\"https:\/\/novaorg.cofb.net\/2020\/11\/04\/ostomies-nova-edicio-taller-adrecat-farmaceutics\/#breadcrumb\",\"itemListElement\":[{\"@type\":\"ListItem\",\"position\":1,\"name\":\"Inici\",\"item\":\"https:\/\/novaorg.cofb.net\/\"},{\"@type\":\"ListItem\",\"position\":2,\"name\":\"Ostomies: nova edici\u00f3 del taller adre\u00e7at a farmac\u00e8utics\"}]},{\"@type\":\"WebSite\",\"@id\":\"https:\/\/www.cofb.org\/#website\",\"url\":\"https:\/\/www.cofb.org\/\",\"name\":\"Col\u00b7legi de Farmac\u00e8utics de Barcelona\",\"description\":\"\",\"publisher\":{\"@id\":\"https:\/\/www.cofb.org\/#organization\"},\"potentialAction\":[{\"@type\":\"SearchAction\",\"target\":{\"@type\":\"EntryPoint\",\"urlTemplate\":\"https:\/\/www.cofb.org\/?s={search_term_string}\"},\"query-input\":\"required name=search_term_string\"}],\"inLanguage\":\"es\"},{\"@type\":\"Organization\",\"@id\":\"https:\/\/www.cofb.org\/#organization\",\"name\":\"Col\u00b7legi de Farmac\u00e8utics de Barcelona\",\"url\":\"https:\/\/www.cofb.org\/\",\"logo\":{\"@type\":\"ImageObject\",\"inLanguage\":\"es\",\"@id\":\"https:\/\/www.cofb.org\/#\/schema\/logo\/image\/\",\"url\":\"https:\/\/www.cofb.org\/wp-content\/uploads\/2023\/11\/cropped-Logotip-COFB.png\",\"contentUrl\":\"https:\/\/www.cofb.org\/wp-content\/uploads\/2023\/11\/cropped-Logotip-COFB.png\",\"width\":500,\"height\":105,\"caption\":\"Col\u00b7legi de Farmac\u00e8utics de Barcelona\"},\"image\":{\"@id\":\"https:\/\/www.cofb.org\/#\/schema\/logo\/image\/\"},\"sameAs\":[\"https:\/\/www.facebook.com\/farmaceuticsbcn\/\",\"https:\/\/twitter.com\/farmaceuticsbcn\",\"https:\/\/www.instagram.com\/farmaceuticsbcn\/\",\"https:\/\/www.linkedin.com\/company\/farmaceuticsbcn\/\"]},{\"@type\":\"Person\",\"@id\":\"https:\/\/www.cofb.org\/#\/schema\/person\/22ed7eea88da74b0fa4d3154ad87ffcb\",\"name\":\"wpAdminCofbOrg\",\"image\":{\"@type\":\"ImageObject\",\"inLanguage\":\"es\",\"@id\":\"https:\/\/www.cofb.org\/#\/schema\/person\/image\/\",\"url\":\"https:\/\/secure.gravatar.com\/avatar\/1721b20b3b8ca882c3b56ec6c978c594fff670e40c0718e9190eaeeb76aae7d8?s=96&d=mm&r=g\",\"contentUrl\":\"https:\/\/secure.gravatar.com\/avatar\/1721b20b3b8ca882c3b56ec6c978c594fff670e40c0718e9190eaeeb76aae7d8?s=96&d=mm&r=g\",\"caption\":\"wpAdminCofbOrg\"},\"sameAs\":[\"http:\/\/192.168.64.122\/wordpress\"],\"url\":\"https:\/\/www.cofb.org\/es\/author\/wpadmincofborg\/\"}]}<\/script>\n<!-- \/ Yoast SEO plugin. -->","yoast_head_json":{"title":"Ostomies: nova edici\u00f3 del taller adre\u00e7at a farmac\u00e8utics - Col\u00b7legi de Farmac\u00e8utics de Barcelona","description":"El passat 21 d'octubre va tenir lloc al Col\u00b7legi de Farmac\u00e8utics de Barcelona una nova edici\u00f3 del taller d'ostomies, que enguany es va plantejar en dues modalitats: presencial i virtual a trav\u00e9s de la plataforma Zoom.","robots":{"index":"index","follow":"follow","max-snippet":"max-snippet:-1","max-image-preview":"max-image-preview:large","max-video-preview":"max-video-preview:-1"},"canonical":"https:\/\/novaorg.cofb.net\/2020\/11\/04\/ostomies-nova-edicio-taller-adrecat-farmaceutics\/","og_locale":"es_ES","og_type":"article","og_title":"Ostomies: nova edici\u00f3 del taller adre\u00e7at a farmac\u00e8utics - Col\u00b7legi de Farmac\u00e8utics de Barcelona","og_description":"El passat 21 d'octubre va tenir lloc al Col\u00b7legi de Farmac\u00e8utics de Barcelona una nova edici\u00f3 del taller d'ostomies, que enguany es va plantejar en dues modalitats: presencial i virtual a trav\u00e9s de la plataforma Zoom.","og_url":"https:\/\/novaorg.cofb.net\/2020\/11\/04\/ostomies-nova-edicio-taller-adrecat-farmaceutics\/","og_site_name":"Col\u00b7legi de Farmac\u00e8utics de Barcelona","article_publisher":"https:\/\/www.facebook.com\/farmaceuticsbcn\/","article_published_time":"2020-11-04T10:40:25+00:00","author":"wpAdminCofbOrg","twitter_card":"summary_large_image","twitter_creator":"@farmaceuticsbcn","twitter_site":"@farmaceuticsbcn","twitter_misc":{"Escrito por":"wpAdminCofbOrg","Tiempo de lectura":"2 minutos"},"schema":{"@context":"https:\/\/schema.org","@graph":[{"@type":"Article","@id":"https:\/\/novaorg.cofb.net\/2020\/11\/04\/ostomies-nova-edicio-taller-adrecat-farmaceutics\/#article","isPartOf":{"@id":"https:\/\/novaorg.cofb.net\/2020\/11\/04\/ostomies-nova-edicio-taller-adrecat-farmaceutics\/"},"author":{"name":"wpAdminCofbOrg","@id":"https:\/\/www.cofb.org\/#\/schema\/person\/22ed7eea88da74b0fa4d3154ad87ffcb"},"headline":"Ostomies: nova edici\u00f3 del taller adre\u00e7at a farmac\u00e8utics","datePublished":"2020-11-04T10:40:25+00:00","dateModified":"2020-11-04T10:40:25+00:00","mainEntityOfPage":{"@id":"https:\/\/novaorg.cofb.net\/2020\/11\/04\/ostomies-nova-edicio-taller-adrecat-farmaceutics\/"},"wordCount":408,"commentCount":0,"publisher":{"@id":"https:\/\/www.cofb.org\/#organization"},"image":{"@id":"https:\/\/novaorg.cofb.net\/2020\/11\/04\/ostomies-nova-edicio-taller-adrecat-farmaceutics\/#primaryimage"},"thumbnailUrl":"","keywords":["COFB","Col\u00b7legi de Farmac\u00e8utics de Barcelona","colostomia","estomes","farmac\u00e8utics","Farm\u00e0cia","Formaci\u00f3","formacions cofb","ostomies","pr\u00e0ctica","sistemes continents"],"articleSection":["Destacats","M\u00f3n col\u00b7legial"],"inLanguage":"es","potentialAction":[{"@type":"CommentAction","name":"Comment","target":["https:\/\/novaorg.cofb.net\/2020\/11\/04\/ostomies-nova-edicio-taller-adrecat-farmaceutics\/#respond"]}]},{"@type":"WebPage","@id":"https:\/\/novaorg.cofb.net\/2020\/11\/04\/ostomies-nova-edicio-taller-adrecat-farmaceutics\/","url":"https:\/\/novaorg.cofb.net\/2020\/11\/04\/ostomies-nova-edicio-taller-adrecat-farmaceutics\/","name":"Ostomies: nova edici\u00f3 del taller adre\u00e7at a farmac\u00e8utics - Col\u00b7legi de Farmac\u00e8utics de Barcelona","isPartOf":{"@id":"https:\/\/www.cofb.org\/#website"},"primaryImageOfPage":{"@id":"https:\/\/novaorg.cofb.net\/2020\/11\/04\/ostomies-nova-edicio-taller-adrecat-farmaceutics\/#primaryimage"},"image":{"@id":"https:\/\/novaorg.cofb.net\/2020\/11\/04\/ostomies-nova-edicio-taller-adrecat-farmaceutics\/#primaryimage"},"thumbnailUrl":"","datePublished":"2020-11-04T10:40:25+00:00","dateModified":"2020-11-04T10:40:25+00:00","description":"El passat 21 d'octubre va tenir lloc al Col\u00b7legi de Farmac\u00e8utics de Barcelona una nova edici\u00f3 del taller d'ostomies, que enguany es va plantejar en dues modalitats: presencial i virtual a trav\u00e9s de la plataforma Zoom.","breadcrumb":{"@id":"https:\/\/novaorg.cofb.net\/2020\/11\/04\/ostomies-nova-edicio-taller-adrecat-farmaceutics\/#breadcrumb"},"inLanguage":"es","potentialAction":[{"@type":"ReadAction","target":["https:\/\/novaorg.cofb.net\/2020\/11\/04\/ostomies-nova-edicio-taller-adrecat-farmaceutics\/"]}]},{"@type":"ImageObject","inLanguage":"es","@id":"https:\/\/novaorg.cofb.net\/2020\/11\/04\/ostomies-nova-edicio-taller-adrecat-farmaceutics\/#primaryimage","url":"","contentUrl":""},{"@type":"BreadcrumbList","@id":"https:\/\/novaorg.cofb.net\/2020\/11\/04\/ostomies-nova-edicio-taller-adrecat-farmaceutics\/#breadcrumb","itemListElement":[{"@type":"ListItem","position":1,"name":"Inici","item":"https:\/\/novaorg.cofb.net\/"},{"@type":"ListItem","position":2,"name":"Ostomies: nova edici\u00f3 del taller adre\u00e7at a farmac\u00e8utics"}]},{"@type":"WebSite","@id":"https:\/\/www.cofb.org\/#website","url":"https:\/\/www.cofb.org\/","name":"Col\u00b7legi de Farmac\u00e8utics de Barcelona","description":"","publisher":{"@id":"https:\/\/www.cofb.org\/#organization"},"potentialAction":[{"@type":"SearchAction","target":{"@type":"EntryPoint","urlTemplate":"https:\/\/www.cofb.org\/?s={search_term_string}"},"query-input":"required name=search_term_string"}],"inLanguage":"es"},{"@type":"Organization","@id":"https:\/\/www.cofb.org\/#organization","name":"Col\u00b7legi de Farmac\u00e8utics de Barcelona","url":"https:\/\/www.cofb.org\/","logo":{"@type":"ImageObject","inLanguage":"es","@id":"https:\/\/www.cofb.org\/#\/schema\/logo\/image\/","url":"https:\/\/www.cofb.org\/wp-content\/uploads\/2023\/11\/cropped-Logotip-COFB.png","contentUrl":"https:\/\/www.cofb.org\/wp-content\/uploads\/2023\/11\/cropped-Logotip-COFB.png","width":500,"height":105,"caption":"Col\u00b7legi de Farmac\u00e8utics de Barcelona"},"image":{"@id":"https:\/\/www.cofb.org\/#\/schema\/logo\/image\/"},"sameAs":["https:\/\/www.facebook.com\/farmaceuticsbcn\/","https:\/\/twitter.com\/farmaceuticsbcn","https:\/\/www.instagram.com\/farmaceuticsbcn\/","https:\/\/www.linkedin.com\/company\/farmaceuticsbcn\/"]},{"@type":"Person","@id":"https:\/\/www.cofb.org\/#\/schema\/person\/22ed7eea88da74b0fa4d3154ad87ffcb","name":"wpAdminCofbOrg","image":{"@type":"ImageObject","inLanguage":"es","@id":"https:\/\/www.cofb.org\/#\/schema\/person\/image\/","url":"https:\/\/secure.gravatar.com\/avatar\/1721b20b3b8ca882c3b56ec6c978c594fff670e40c0718e9190eaeeb76aae7d8?s=96&d=mm&r=g","contentUrl":"https:\/\/secure.gravatar.com\/avatar\/1721b20b3b8ca882c3b56ec6c978c594fff670e40c0718e9190eaeeb76aae7d8?s=96&d=mm&r=g","caption":"wpAdminCofbOrg"},"sameAs":["http:\/\/192.168.64.122\/wordpress"],"url":"https:\/\/www.cofb.org\/es\/author\/wpadmincofborg\/"}]}},"uagb_featured_image_src":{"full":false,"thumbnail":false,"medium":false,"medium_large":false,"large":false,"1536x1536":false,"2048x2048":false,"trp-custom-language-flag":false},"uagb_author_info":{"display_name":"wpAdminCofbOrg","author_link":"https:\/\/www.cofb.org\/es\/author\/wpadmincofborg\/"},"uagb_comment_info":0,"uagb_excerpt":"El passat 21 d&#8217;octubre va tenir lloc al Col\u00b7legi de Farmac\u00e8utics de Barcelona una nova edici\u00f3 del taller d&#8217;ostomies, que enguany es va plantejar en dues modalitats: presencial i virtual a trav\u00e9s de la plataforma Zoom. La formaci\u00f3, coordinada per Elena Palau, vocal d&#8217;Ortop\u00e8dia del Col\u00b7legi, va impartir-la Teresa Poca, [&hellip;]","_links":{"self":[{"href":"https:\/\/www.cofb.org\/es\/wp-json\/wp\/v2\/posts\/52417","targetHints":{"allow":["GET"]}}],"collection":[{"href":"https:\/\/www.cofb.org\/es\/wp-json\/wp\/v2\/posts"}],"about":[{"href":"https:\/\/www.cofb.org\/es\/wp-json\/wp\/v2\/types\/post"}],"author":[{"embeddable":true,"href":"https:\/\/www.cofb.org\/es\/wp-json\/wp\/v2\/users\/1"}],"replies":[{"embeddable":true,"href":"https:\/\/www.cofb.org\/es\/wp-json\/wp\/v2\/comments?post=52417"}],"version-history":[{"count":0,"href":"https:\/\/www.cofb.org\/es\/wp-json\/wp\/v2\/posts\/52417\/revisions"}],"wp:featuredmedia":[{"embeddable":true,"href":"https:\/\/www.cofb.org\/es\/wp-json\/"}],"wp:attachment":[{"href":"https:\/\/www.cofb.org\/es\/wp-json\/wp\/v2\/media?parent=52417"}],"wp:term":[{"taxonomy":"category","embeddable":true,"href":"https:\/\/www.cofb.org\/es\/wp-json\/wp\/v2\/categories?post=52417"},{"taxonomy":"post_tag","embeddable":true,"href":"https:\/\/www.cofb.org\/es\/wp-json\/wp\/v2\/tags?post=52417"}],"curies":[{"name":"wp","href":"https:\/\/api.w.org\/{rel}","templated":true}]}}