{"id":51845,"date":"2020-08-28T13:36:56","date_gmt":"2020-08-28T11:36:56","guid":{"rendered":"https:\/\/blog.cofb.cat\/?p=51845"},"modified":"2020-08-28T13:36:56","modified_gmt":"2020-08-28T11:36:56","slug":"professio-farmaceutica-provincia-barcelona-xifres","status":"publish","type":"post","link":"https:\/\/www.cofb.org\/es\/2020\/08\/28\/professio-farmaceutica-provincia-barcelona-xifres\/","title":{"rendered":"La profesi\u00f3n farmac\u00e9utica en la provincia de Barcelona, en cifras"},"content":{"rendered":"<p>El <strong>Consejo General de Colegios Oficiales de Farmac\u00e9uticos<\/strong> (<strong>CGCOF<\/strong>) ha publicado, un a\u00f1o m\u00e1s, el informe <strong>&quot;Estad\u00edsticas de Colegiados Farmac\u00e9uticos y Farmacias Comunitarias&quot;<\/strong>, correspondiente al <strong>2019<\/strong>. El documento es una <strong>radiograf\u00eda de la profesi\u00f3n farmac\u00e9utica<\/strong>, que analiza la evoluci\u00f3n anual de las cifras m\u00e1s relevantes de la profesi\u00f3n.<\/p>\n<p><a href=\"https:\/\/blog.cofb.cat\/wp-content\/uploads\/2020\/08\/La-professi\u00f3-farmac\u00e8utica-a-la-prov\u00edncia-de-barcelona-en-xifres-2.png\"><img fetchpriority=\"high\" decoding=\"async\" class=\"aligncenter size-large wp-image-51968\" src=\"https:\/\/blog.cofb.cat\/wp-content\/uploads\/2020\/08\/La-professi\u00f3-farmac\u00e8utica-a-la-prov\u00edncia-de-barcelona-en-xifres-2-1024x1024.png\" alt=\"\" width=\"620\" height=\"620\" \/><\/a><\/p>\n<p>A continuaci\u00f3n, recogemos\u00a0<strong>algunos de los datos m\u00e1s destacados<\/strong>\u00a0de este \u00faltimo informe, en relaci\u00f3n con la provincia de Barcelona:<\/p>\n<h1><strong>Rozando los 9.000 colegiados en el<\/strong><strong>en provincia de Barcelona<\/strong><\/h1>\n<p>De los 75.260 farmac\u00e9uticos colegiados en Espa\u00f1a, <strong>Barcelona aporta, <\/strong>como <strong>segunda demarcaci\u00f3n <\/strong>m\u00e1s numerosa<strong>, 8.972<\/strong><strong>. <\/strong>Esto supone cerca del 80% de los <strong>11.303 farmac\u00e9uticos colegiados en Catalu\u00f1a<\/strong>.<\/p>\n<div class=\"box note\"><\/p>\n<h3><strong>Ligero incremento de colegiaciones en 2019<\/strong><\/h3>\n<p><strong>En la provincia se colegiaron 31 nuevos farmac\u00e9uticos<\/strong> (0,3%) y en\u00a0<strong>Catalu\u00f1a<\/strong> tambi\u00e9n cerr\u00f3 2019 con\u00a0<strong>Otros 55 colegiados respecto a 2018<\/strong>, un crecimiento del 0,5%. Sin embargo, el ritmo de crecimiento se vio reducido respecto al ejercicio anterior, del 1,6% y el 1,7%, respectivamente.<\/p>\n<p><\/div>\n<h1><strong>Tercera profesi\u00f3n sanitaria con m\u00e1s colegiados<\/strong><\/h1>\n<p>La farmac\u00e9utica, es la <strong>tercera profesi\u00f3n sanitaria en n\u00famero de colegiados <\/strong>(75.260)<strong>,<\/strong>\u00a0por detr\u00e1s de la <strong>medicina<\/strong>\u00a0(267.995) y la <strong>enfermer\u00eda<\/strong>\u00a0(316.094). Esto implica que la ciudadan\u00eda dispone de\u00a0<strong>160 farmac\u00e9uticos\/as, 570 m\u00e9dicos\/as y 672 enfermeros\/as por cada 100.000 habitantes<\/strong>.<\/p>\n<div class=\"box note\"><\/p>\n<h3><strong>Las farmac\u00e9uticas, mayor\u00eda en la profesi\u00f3n<\/strong><\/h3>\n<p><strong>Las mujeres suponen el 73,9% de las profesionales colegiadas<\/strong> en farmacia tanto en <strong>Barcelona (6.633)<\/strong> como <strong>Catalu\u00f1a (8.357)<\/strong>. Este porcentaje est\u00e1 <strong>por encima de la media espa\u00f1ola<\/strong> farmac\u00e9uticas, que es del\u00a0<strong>71,6%<\/strong>.<\/p>\n<p><\/div>\n<h1><strong>La farmacia comunitaria, \u00e1mbito mayoritario de la profesi\u00f3n<\/strong><\/h1>\n<p>La <strong>farmacia comunitaria sigue siendo la modalidad del ejercicio mayoritaria entre los colegiados<\/strong> en Barcelona, Catalu\u00f1a y Espa\u00f1a. En <strong>Barcelona<\/strong>, los colegiados dedicados a la farmacia comunitaria <strong>son 6.458<\/strong>, seguidos por los<strong>\u00a0de alimentaci\u00f3n<\/strong> (460) y <b>ortopedia\u00a0<\/b>(599). En <strong>clave catalana<\/strong>, encontramos\u00a0<strong>8.174 colegiados en farmacia comunitaria<\/strong>, modalidad <strong>enseguida<\/strong> <strong>por<\/strong> <strong>la de alimentaci\u00f3n<\/strong> (1.254) <strong>y dermofarmacia<\/strong> (1.239).<\/p>\n<div class=\"box note\"><\/p>\n<h3><strong>Profesionales nacidos en el extranjero<\/strong><\/h3>\n<p>En Espa\u00f1a hay un total de<strong> 1.085 colegiados provenientes del extranjero. Barcelona y provincia encabezan la lista con\u00a0<\/strong><strong>208<\/strong>.<\/p>\n<p><\/div>\n<h1><strong>La distribuci\u00f3n capital-provincia<\/strong><\/h1>\n<p>En la <strong>provincia de Barcelona<\/strong>, el <strong>44,1% de las farmacias est\u00e1n en la capital<\/strong>; hay un total de <strong>1.026 farmacias en Barcelona<\/strong> ciudad y <strong>1.303 en el resto<\/strong> de la provincia. En\u00a0<strong>\u00a0Catalu\u00f1a<\/strong>, encontramos\u00a0<strong>1.167 farmacias en las capitales de provincia (36,1%)<\/strong> y <strong>2.060<\/strong> <strong>al resto<\/strong> del territorio.<\/p>\n<div class=\"box note\"><\/p>\n<h3><strong>Aperturas de farmacias en la provincia de Barcelona<\/strong><\/h3>\n<p><strong>En Barcelona<\/strong>\u00a0se han abierto\u00a0<strong>8 de las 15 farmacias<\/strong>\u00a0<strong>que se han establecido en toda Catalu\u00f1a<\/strong> durante 2019, de un total de 70 en toda Espa\u00f1a. Estas oficinas se han implantado todas fuera de la capital barcelonesa.<\/p>\n<p><\/div>\n<p><strong>Fuente y m\u00e1s informaci\u00f3n<\/strong>:<a href=\"http:\/\/www.portalfarma.com\/Profesionales\/consejoinforma\/Paginas\/2018-Estadisticas-Colegiados-Farmaceuticos-Farmacias-Comunitarias-2017.aspx\">\u00a0<\/a><a href=\"https:\/\/www.portalfarma.com\/Profesionales\/consejoinforma\/Paginas\/2020-Espa%c3%b1a-red-farmacias-m%c3%a1s-grande-cercana-y-accesible.aspx\" target=\"_blank\" rel=\"noopener\">Estad\u00edsticas de Colegiados Farmac\u00e9uticos y Farmacias Comunitarias 2019 (v\u00eda Portalfarma)<\/a><\/p>","protected":false},"excerpt":{"rendered":"<p>El Consejo General de Colegios Oficiales de Farmac\u00e9uticos (CGCOF) ha publicado, un a\u00f1o m\u00e1s, el informe &quot;Estad\u00edsticas de Colegiados Farmac\u00e9uticos y Farmacias Comunitarias&quot;, correspondiente a 2019. El documento es una radiograf\u00eda de la profesi\u00f3n farmac\u00e9utica, que analiza la evoluci\u00f3n anual de las cifras m\u00e1s relevantes de la profesi\u00f3n. A continuaci\u00f3n, recogemos algunas de [\u2026]<\/p>","protected":false},"author":1,"featured_media":51964,"comment_status":"open","ping_status":"open","sticky":false,"template":"","format":"standard","meta":{"_uag_custom_page_level_css":"","site-sidebar-layout":"default","site-content-layout":"","ast-site-content-layout":"default","site-content-style":"default","site-sidebar-style":"default","ast-global-header-display":"","ast-banner-title-visibility":"","ast-main-header-display":"","ast-hfb-above-header-display":"","ast-hfb-below-header-display":"","ast-hfb-mobile-header-display":"","site-post-title":"","ast-breadcrumbs-content":"","ast-featured-img":"disabled","footer-sml-layout":"","theme-transparent-header-meta":"","adv-header-id-meta":"","stick-header-meta":"","header-above-stick-meta":"","header-main-stick-meta":"","header-below-stick-meta":"","astra-migrate-meta-layouts":"default","ast-page-background-enabled":"default","ast-page-background-meta":{"desktop":{"background-color":"var(--ast-global-color-4)","background-image":"","background-repeat":"repeat","background-position":"center center","background-size":"auto","background-attachment":"scroll","background-type":"","background-media":"","overlay-type":"","overlay-color":"","overlay-opacity":"","overlay-gradient":""},"tablet":{"background-color":"","background-image":"","background-repeat":"repeat","background-position":"center center","background-size":"auto","background-attachment":"scroll","background-type":"","background-media":"","overlay-type":"","overlay-color":"","overlay-opacity":"","overlay-gradient":""},"mobile":{"background-color":"","background-image":"","background-repeat":"repeat","background-position":"center center","background-size":"auto","background-attachment":"scroll","background-type":"","background-media":"","overlay-type":"","overlay-color":"","overlay-opacity":"","overlay-gradient":""}},"ast-content-background-meta":{"desktop":{"background-color":"var(--ast-global-color-5)","background-image":"","background-repeat":"repeat","background-position":"center center","background-size":"auto","background-attachment":"scroll","background-type":"","background-media":"","overlay-type":"","overlay-color":"","overlay-opacity":"","overlay-gradient":""},"tablet":{"background-color":"var(--ast-global-color-5)","background-image":"","background-repeat":"repeat","background-position":"center center","background-size":"auto","background-attachment":"scroll","background-type":"","background-media":"","overlay-type":"","overlay-color":"","overlay-opacity":"","overlay-gradient":""},"mobile":{"background-color":"var(--ast-global-color-5)","background-image":"","background-repeat":"repeat","background-position":"center center","background-size":"auto","background-attachment":"scroll","background-type":"","background-media":"","overlay-type":"","overlay-color":"","overlay-opacity":"","overlay-gradient":""}},"footnotes":""},"categories":[23,32],"tags":[308,240,4239,4274,4275,18,692,2735,162,81,4276,902,69,4277,4278,4279,4280,905,76,906,389,590],"class_list":["post-51845","post","type-post","status-publish","format-standard","has-post-thumbnail","hentry","category-destacats","category-noticies-farmacia","tag-ccfc","tag-cgcof","tag-cof-de-madrid","tag-cof-de-pontevedra","tag-cof-de-valencia","tag-cofb","tag-collegiats","tag-collegis-professinals","tag-consejo-general-de-colegios-farmaceuticos","tag-dermofarmacia","tag-dones-farmaceutiques","tag-estadistiques-de-collegiats-i-farmacies-comunitaries","tag-farmacia-comunitaria","tag-farmacies-noves","tag-galicia","tag-habitants-per-farmacia","tag-nombre-de-collegiats","tag-nombre-de-farmacies","tag-oficina-de-farmacia","tag-professio-farmaceutica","tag-vocalia-dalimentacio-i-nutricio","tag-vocalia-dortopedia"],"yoast_head":"<!-- This site is optimized with the Yoast SEO plugin v22.4 - https:\/\/yoast.com\/wordpress\/plugins\/seo\/ -->\n<title>La professi\u00f3 farmac\u00e8utica a la prov\u00edncia de Barcelona, en xifres - Col\u00b7legi de Farmac\u00e8utics de Barcelona<\/title>\n<meta name=\"description\" content=\"El Consejo General de Colegios Farmac\u00e9uticos ha publicat l&#039;informe &quot;Estad\u00edstiques de Col\u00b7legiats i Farm\u00e0cies Comunit\u00e0ries&quot; de 2019. El document analitza l&#039;evoluci\u00f3 anual de la professi\u00f3: nombre de col\u00b7legiats, nombre de farm\u00e0cies, percentatges de dones o la dispersi\u00f3 de les farm\u00e0cies a cada prov\u00edncia.\" \/>\n<meta name=\"robots\" content=\"index, follow, max-snippet:-1, max-image-preview:large, max-video-preview:-1\" \/>\n<link rel=\"canonical\" href=\"https:\/\/novaorg.cofb.net\/2020\/08\/28\/professio-farmaceutica-provincia-barcelona-xifres\/\" \/>\n<meta property=\"og:locale\" content=\"es_ES\" \/>\n<meta property=\"og:type\" content=\"article\" \/>\n<meta property=\"og:title\" content=\"La professi\u00f3 farmac\u00e8utica a la prov\u00edncia de Barcelona, en xifres - Col\u00b7legi de Farmac\u00e8utics de Barcelona\" \/>\n<meta property=\"og:description\" content=\"El Consejo General de Colegios Farmac\u00e9uticos ha publicat l&#039;informe &quot;Estad\u00edstiques de Col\u00b7legiats i Farm\u00e0cies Comunit\u00e0ries&quot; de 2019. El document analitza l&#039;evoluci\u00f3 anual de la professi\u00f3: nombre de col\u00b7legiats, nombre de farm\u00e0cies, percentatges de dones o la dispersi\u00f3 de les farm\u00e0cies a cada prov\u00edncia.\" \/>\n<meta property=\"og:url\" content=\"https:\/\/novaorg.cofb.net\/2020\/08\/28\/professio-farmaceutica-provincia-barcelona-xifres\/\" \/>\n<meta property=\"og:site_name\" content=\"Col\u00b7legi de Farmac\u00e8utics de Barcelona\" \/>\n<meta property=\"article:publisher\" content=\"https:\/\/www.facebook.com\/farmaceuticsbcn\/\" \/>\n<meta property=\"article:published_time\" content=\"2020-08-28T11:36:56+00:00\" \/>\n<meta name=\"author\" content=\"wpAdminCofbOrg\" \/>\n<meta name=\"twitter:card\" content=\"summary_large_image\" \/>\n<meta name=\"twitter:creator\" content=\"@farmaceuticsbcn\" \/>\n<meta name=\"twitter:site\" content=\"@farmaceuticsbcn\" \/>\n<meta name=\"twitter:label1\" content=\"Escrito por\" \/>\n\t<meta name=\"twitter:data1\" content=\"wpAdminCofbOrg\" \/>\n\t<meta name=\"twitter:label2\" content=\"Tiempo de lectura\" \/>\n\t<meta name=\"twitter:data2\" content=\"2 minutos\" \/>\n<script type=\"application\/ld+json\" class=\"yoast-schema-graph\">{\"@context\":\"https:\/\/schema.org\",\"@graph\":[{\"@type\":\"Article\",\"@id\":\"https:\/\/novaorg.cofb.net\/2020\/08\/28\/professio-farmaceutica-provincia-barcelona-xifres\/#article\",\"isPartOf\":{\"@id\":\"https:\/\/novaorg.cofb.net\/2020\/08\/28\/professio-farmaceutica-provincia-barcelona-xifres\/\"},\"author\":{\"name\":\"wpAdminCofbOrg\",\"@id\":\"https:\/\/www.cofb.org\/#\/schema\/person\/22ed7eea88da74b0fa4d3154ad87ffcb\"},\"headline\":\"La professi\u00f3 farmac\u00e8utica a la prov\u00edncia de Barcelona, en xifres\",\"datePublished\":\"2020-08-28T11:36:56+00:00\",\"dateModified\":\"2020-08-28T11:36:56+00:00\",\"mainEntityOfPage\":{\"@id\":\"https:\/\/novaorg.cofb.net\/2020\/08\/28\/professio-farmaceutica-provincia-barcelona-xifres\/\"},\"wordCount\":500,\"commentCount\":0,\"publisher\":{\"@id\":\"https:\/\/www.cofb.org\/#organization\"},\"image\":{\"@id\":\"https:\/\/novaorg.cofb.net\/2020\/08\/28\/professio-farmaceutica-provincia-barcelona-xifres\/#primaryimage\"},\"thumbnailUrl\":\"\",\"keywords\":[\"CCFC\",\"CGCOF\",\"COF de Madrid\",\"COF de Pontevedra\",\"COF de Val\u00e8ncia\",\"COFB\",\"col\u00b7legiats\",\"Col\u00b7legis professinals\",\"Consejo General de Colegios Farmac\u00e9uticos\",\"Dermofarm\u00e0cia\",\"dones farmac\u00e8utiques\",\"Estad\u00edstiques de Col\u00b7legiats i Farm\u00e0cies Comunit\u00e0ries\",\"farm\u00e0cia comunit\u00e0ria\",\"farm\u00e0cies noves\",\"Gal\u00edcia\",\"habitants per farm\u00e0cia\",\"nombre de col\u00b7legiats\",\"nombre de farm\u00e0cies\",\"Oficina de farm\u00e0cia\",\"professi\u00f3 farmac\u00e8utica\",\"vocalia d'alimentaci\u00f3 i nutrici\u00f3\",\"vocalia d'Ortop\u00e8dia\"],\"articleSection\":[\"Destacats\",\"Not\u00edcies farm\u00e0cia\"],\"inLanguage\":\"es\",\"potentialAction\":[{\"@type\":\"CommentAction\",\"name\":\"Comment\",\"target\":[\"https:\/\/novaorg.cofb.net\/2020\/08\/28\/professio-farmaceutica-provincia-barcelona-xifres\/#respond\"]}]},{\"@type\":\"WebPage\",\"@id\":\"https:\/\/novaorg.cofb.net\/2020\/08\/28\/professio-farmaceutica-provincia-barcelona-xifres\/\",\"url\":\"https:\/\/novaorg.cofb.net\/2020\/08\/28\/professio-farmaceutica-provincia-barcelona-xifres\/\",\"name\":\"La professi\u00f3 farmac\u00e8utica a la prov\u00edncia de Barcelona, en xifres - Col\u00b7legi de Farmac\u00e8utics de Barcelona\",\"isPartOf\":{\"@id\":\"https:\/\/www.cofb.org\/#website\"},\"primaryImageOfPage\":{\"@id\":\"https:\/\/novaorg.cofb.net\/2020\/08\/28\/professio-farmaceutica-provincia-barcelona-xifres\/#primaryimage\"},\"image\":{\"@id\":\"https:\/\/novaorg.cofb.net\/2020\/08\/28\/professio-farmaceutica-provincia-barcelona-xifres\/#primaryimage\"},\"thumbnailUrl\":\"\",\"datePublished\":\"2020-08-28T11:36:56+00:00\",\"dateModified\":\"2020-08-28T11:36:56+00:00\",\"description\":\"El Consejo General de Colegios Farmac\u00e9uticos ha publicat l'informe \\\"Estad\u00edstiques de Col\u00b7legiats i Farm\u00e0cies Comunit\u00e0ries\\\" de 2019. El document analitza l'evoluci\u00f3 anual de la professi\u00f3: nombre de col\u00b7legiats, nombre de farm\u00e0cies, percentatges de dones o la dispersi\u00f3 de les farm\u00e0cies a cada prov\u00edncia.\",\"breadcrumb\":{\"@id\":\"https:\/\/novaorg.cofb.net\/2020\/08\/28\/professio-farmaceutica-provincia-barcelona-xifres\/#breadcrumb\"},\"inLanguage\":\"es\",\"potentialAction\":[{\"@type\":\"ReadAction\",\"target\":[\"https:\/\/novaorg.cofb.net\/2020\/08\/28\/professio-farmaceutica-provincia-barcelona-xifres\/\"]}]},{\"@type\":\"ImageObject\",\"inLanguage\":\"es\",\"@id\":\"https:\/\/novaorg.cofb.net\/2020\/08\/28\/professio-farmaceutica-provincia-barcelona-xifres\/#primaryimage\",\"url\":\"\",\"contentUrl\":\"\"},{\"@type\":\"BreadcrumbList\",\"@id\":\"https:\/\/novaorg.cofb.net\/2020\/08\/28\/professio-farmaceutica-provincia-barcelona-xifres\/#breadcrumb\",\"itemListElement\":[{\"@type\":\"ListItem\",\"position\":1,\"name\":\"Inici\",\"item\":\"https:\/\/novaorg.cofb.net\/\"},{\"@type\":\"ListItem\",\"position\":2,\"name\":\"La professi\u00f3 farmac\u00e8utica a la prov\u00edncia de Barcelona, en xifres\"}]},{\"@type\":\"WebSite\",\"@id\":\"https:\/\/www.cofb.org\/#website\",\"url\":\"https:\/\/www.cofb.org\/\",\"name\":\"Col\u00b7legi de Farmac\u00e8utics de Barcelona\",\"description\":\"\",\"publisher\":{\"@id\":\"https:\/\/www.cofb.org\/#organization\"},\"potentialAction\":[{\"@type\":\"SearchAction\",\"target\":{\"@type\":\"EntryPoint\",\"urlTemplate\":\"https:\/\/www.cofb.org\/?s={search_term_string}\"},\"query-input\":\"required name=search_term_string\"}],\"inLanguage\":\"es\"},{\"@type\":\"Organization\",\"@id\":\"https:\/\/www.cofb.org\/#organization\",\"name\":\"Col\u00b7legi de Farmac\u00e8utics de Barcelona\",\"url\":\"https:\/\/www.cofb.org\/\",\"logo\":{\"@type\":\"ImageObject\",\"inLanguage\":\"es\",\"@id\":\"https:\/\/www.cofb.org\/#\/schema\/logo\/image\/\",\"url\":\"https:\/\/www.cofb.org\/wp-content\/uploads\/2023\/11\/cropped-Logotip-COFB.png\",\"contentUrl\":\"https:\/\/www.cofb.org\/wp-content\/uploads\/2023\/11\/cropped-Logotip-COFB.png\",\"width\":500,\"height\":105,\"caption\":\"Col\u00b7legi de Farmac\u00e8utics de Barcelona\"},\"image\":{\"@id\":\"https:\/\/www.cofb.org\/#\/schema\/logo\/image\/\"},\"sameAs\":[\"https:\/\/www.facebook.com\/farmaceuticsbcn\/\",\"https:\/\/twitter.com\/farmaceuticsbcn\",\"https:\/\/www.instagram.com\/farmaceuticsbcn\/\",\"https:\/\/www.linkedin.com\/company\/farmaceuticsbcn\/\"]},{\"@type\":\"Person\",\"@id\":\"https:\/\/www.cofb.org\/#\/schema\/person\/22ed7eea88da74b0fa4d3154ad87ffcb\",\"name\":\"wpAdminCofbOrg\",\"image\":{\"@type\":\"ImageObject\",\"inLanguage\":\"es\",\"@id\":\"https:\/\/www.cofb.org\/#\/schema\/person\/image\/\",\"url\":\"https:\/\/secure.gravatar.com\/avatar\/1721b20b3b8ca882c3b56ec6c978c594fff670e40c0718e9190eaeeb76aae7d8?s=96&d=mm&r=g\",\"contentUrl\":\"https:\/\/secure.gravatar.com\/avatar\/1721b20b3b8ca882c3b56ec6c978c594fff670e40c0718e9190eaeeb76aae7d8?s=96&d=mm&r=g\",\"caption\":\"wpAdminCofbOrg\"},\"sameAs\":[\"http:\/\/192.168.64.122\/wordpress\"],\"url\":\"https:\/\/www.cofb.org\/es\/author\/wpadmincofborg\/\"}]}<\/script>\n<!-- \/ Yoast SEO plugin. -->","yoast_head_json":{"title":"La professi\u00f3 farmac\u00e8utica a la prov\u00edncia de Barcelona, en xifres - Col\u00b7legi de Farmac\u00e8utics de Barcelona","description":"El Consejo General de Colegios Farmac\u00e9uticos ha publicat l'informe \"Estad\u00edstiques de Col\u00b7legiats i Farm\u00e0cies Comunit\u00e0ries\" de 2019. El document analitza l'evoluci\u00f3 anual de la professi\u00f3: nombre de col\u00b7legiats, nombre de farm\u00e0cies, percentatges de dones o la dispersi\u00f3 de les farm\u00e0cies a cada prov\u00edncia.","robots":{"index":"index","follow":"follow","max-snippet":"max-snippet:-1","max-image-preview":"max-image-preview:large","max-video-preview":"max-video-preview:-1"},"canonical":"https:\/\/novaorg.cofb.net\/2020\/08\/28\/professio-farmaceutica-provincia-barcelona-xifres\/","og_locale":"es_ES","og_type":"article","og_title":"La professi\u00f3 farmac\u00e8utica a la prov\u00edncia de Barcelona, en xifres - Col\u00b7legi de Farmac\u00e8utics de Barcelona","og_description":"El Consejo General de Colegios Farmac\u00e9uticos ha publicat l'informe \"Estad\u00edstiques de Col\u00b7legiats i Farm\u00e0cies Comunit\u00e0ries\" de 2019. El document analitza l'evoluci\u00f3 anual de la professi\u00f3: nombre de col\u00b7legiats, nombre de farm\u00e0cies, percentatges de dones o la dispersi\u00f3 de les farm\u00e0cies a cada prov\u00edncia.","og_url":"https:\/\/novaorg.cofb.net\/2020\/08\/28\/professio-farmaceutica-provincia-barcelona-xifres\/","og_site_name":"Col\u00b7legi de Farmac\u00e8utics de Barcelona","article_publisher":"https:\/\/www.facebook.com\/farmaceuticsbcn\/","article_published_time":"2020-08-28T11:36:56+00:00","author":"wpAdminCofbOrg","twitter_card":"summary_large_image","twitter_creator":"@farmaceuticsbcn","twitter_site":"@farmaceuticsbcn","twitter_misc":{"Escrito por":"wpAdminCofbOrg","Tiempo de lectura":"2 minutos"},"schema":{"@context":"https:\/\/schema.org","@graph":[{"@type":"Article","@id":"https:\/\/novaorg.cofb.net\/2020\/08\/28\/professio-farmaceutica-provincia-barcelona-xifres\/#article","isPartOf":{"@id":"https:\/\/novaorg.cofb.net\/2020\/08\/28\/professio-farmaceutica-provincia-barcelona-xifres\/"},"author":{"name":"wpAdminCofbOrg","@id":"https:\/\/www.cofb.org\/#\/schema\/person\/22ed7eea88da74b0fa4d3154ad87ffcb"},"headline":"La professi\u00f3 farmac\u00e8utica a la prov\u00edncia de Barcelona, en xifres","datePublished":"2020-08-28T11:36:56+00:00","dateModified":"2020-08-28T11:36:56+00:00","mainEntityOfPage":{"@id":"https:\/\/novaorg.cofb.net\/2020\/08\/28\/professio-farmaceutica-provincia-barcelona-xifres\/"},"wordCount":500,"commentCount":0,"publisher":{"@id":"https:\/\/www.cofb.org\/#organization"},"image":{"@id":"https:\/\/novaorg.cofb.net\/2020\/08\/28\/professio-farmaceutica-provincia-barcelona-xifres\/#primaryimage"},"thumbnailUrl":"","keywords":["CCFC","CGCOF","COF de Madrid","COF de Pontevedra","COF de Val\u00e8ncia","COFB","col\u00b7legiats","Col\u00b7legis professinals","Consejo General de Colegios Farmac\u00e9uticos","Dermofarm\u00e0cia","dones farmac\u00e8utiques","Estad\u00edstiques de Col\u00b7legiats i Farm\u00e0cies Comunit\u00e0ries","farm\u00e0cia comunit\u00e0ria","farm\u00e0cies noves","Gal\u00edcia","habitants per farm\u00e0cia","nombre de col\u00b7legiats","nombre de farm\u00e0cies","Oficina de farm\u00e0cia","professi\u00f3 farmac\u00e8utica","vocalia d'alimentaci\u00f3 i nutrici\u00f3","vocalia d'Ortop\u00e8dia"],"articleSection":["Destacats","Not\u00edcies farm\u00e0cia"],"inLanguage":"es","potentialAction":[{"@type":"CommentAction","name":"Comment","target":["https:\/\/novaorg.cofb.net\/2020\/08\/28\/professio-farmaceutica-provincia-barcelona-xifres\/#respond"]}]},{"@type":"WebPage","@id":"https:\/\/novaorg.cofb.net\/2020\/08\/28\/professio-farmaceutica-provincia-barcelona-xifres\/","url":"https:\/\/novaorg.cofb.net\/2020\/08\/28\/professio-farmaceutica-provincia-barcelona-xifres\/","name":"La professi\u00f3 farmac\u00e8utica a la prov\u00edncia de Barcelona, en xifres - Col\u00b7legi de Farmac\u00e8utics de Barcelona","isPartOf":{"@id":"https:\/\/www.cofb.org\/#website"},"primaryImageOfPage":{"@id":"https:\/\/novaorg.cofb.net\/2020\/08\/28\/professio-farmaceutica-provincia-barcelona-xifres\/#primaryimage"},"image":{"@id":"https:\/\/novaorg.cofb.net\/2020\/08\/28\/professio-farmaceutica-provincia-barcelona-xifres\/#primaryimage"},"thumbnailUrl":"","datePublished":"2020-08-28T11:36:56+00:00","dateModified":"2020-08-28T11:36:56+00:00","description":"El Consejo General de Colegios Farmac\u00e9uticos ha publicat l'informe \"Estad\u00edstiques de Col\u00b7legiats i Farm\u00e0cies Comunit\u00e0ries\" de 2019. El document analitza l'evoluci\u00f3 anual de la professi\u00f3: nombre de col\u00b7legiats, nombre de farm\u00e0cies, percentatges de dones o la dispersi\u00f3 de les farm\u00e0cies a cada prov\u00edncia.","breadcrumb":{"@id":"https:\/\/novaorg.cofb.net\/2020\/08\/28\/professio-farmaceutica-provincia-barcelona-xifres\/#breadcrumb"},"inLanguage":"es","potentialAction":[{"@type":"ReadAction","target":["https:\/\/novaorg.cofb.net\/2020\/08\/28\/professio-farmaceutica-provincia-barcelona-xifres\/"]}]},{"@type":"ImageObject","inLanguage":"es","@id":"https:\/\/novaorg.cofb.net\/2020\/08\/28\/professio-farmaceutica-provincia-barcelona-xifres\/#primaryimage","url":"","contentUrl":""},{"@type":"BreadcrumbList","@id":"https:\/\/novaorg.cofb.net\/2020\/08\/28\/professio-farmaceutica-provincia-barcelona-xifres\/#breadcrumb","itemListElement":[{"@type":"ListItem","position":1,"name":"Inici","item":"https:\/\/novaorg.cofb.net\/"},{"@type":"ListItem","position":2,"name":"La professi\u00f3 farmac\u00e8utica a la prov\u00edncia de Barcelona, en xifres"}]},{"@type":"WebSite","@id":"https:\/\/www.cofb.org\/#website","url":"https:\/\/www.cofb.org\/","name":"Col\u00b7legi de Farmac\u00e8utics de Barcelona","description":"","publisher":{"@id":"https:\/\/www.cofb.org\/#organization"},"potentialAction":[{"@type":"SearchAction","target":{"@type":"EntryPoint","urlTemplate":"https:\/\/www.cofb.org\/?s={search_term_string}"},"query-input":"required name=search_term_string"}],"inLanguage":"es"},{"@type":"Organization","@id":"https:\/\/www.cofb.org\/#organization","name":"Col\u00b7legi de Farmac\u00e8utics de Barcelona","url":"https:\/\/www.cofb.org\/","logo":{"@type":"ImageObject","inLanguage":"es","@id":"https:\/\/www.cofb.org\/#\/schema\/logo\/image\/","url":"https:\/\/www.cofb.org\/wp-content\/uploads\/2023\/11\/cropped-Logotip-COFB.png","contentUrl":"https:\/\/www.cofb.org\/wp-content\/uploads\/2023\/11\/cropped-Logotip-COFB.png","width":500,"height":105,"caption":"Col\u00b7legi de Farmac\u00e8utics de Barcelona"},"image":{"@id":"https:\/\/www.cofb.org\/#\/schema\/logo\/image\/"},"sameAs":["https:\/\/www.facebook.com\/farmaceuticsbcn\/","https:\/\/twitter.com\/farmaceuticsbcn","https:\/\/www.instagram.com\/farmaceuticsbcn\/","https:\/\/www.linkedin.com\/company\/farmaceuticsbcn\/"]},{"@type":"Person","@id":"https:\/\/www.cofb.org\/#\/schema\/person\/22ed7eea88da74b0fa4d3154ad87ffcb","name":"wpAdminCofbOrg","image":{"@type":"ImageObject","inLanguage":"es","@id":"https:\/\/www.cofb.org\/#\/schema\/person\/image\/","url":"https:\/\/secure.gravatar.com\/avatar\/1721b20b3b8ca882c3b56ec6c978c594fff670e40c0718e9190eaeeb76aae7d8?s=96&d=mm&r=g","contentUrl":"https:\/\/secure.gravatar.com\/avatar\/1721b20b3b8ca882c3b56ec6c978c594fff670e40c0718e9190eaeeb76aae7d8?s=96&d=mm&r=g","caption":"wpAdminCofbOrg"},"sameAs":["http:\/\/192.168.64.122\/wordpress"],"url":"https:\/\/www.cofb.org\/es\/author\/wpadmincofborg\/"}]}},"uagb_featured_image_src":{"full":false,"thumbnail":false,"medium":false,"medium_large":false,"large":false,"1536x1536":false,"2048x2048":false,"trp-custom-language-flag":false},"uagb_author_info":{"display_name":"wpAdminCofbOrg","author_link":"https:\/\/www.cofb.org\/es\/author\/wpadmincofborg\/"},"uagb_comment_info":0,"uagb_excerpt":"El Consejo General de Colegios Oficiales de Farmac\u00e9uticos (CGCOF) ha publicat, un any m\u00e9s, l&#8217;informe &#8220;Estad\u00edsticas de Colegiados Farmac\u00e9uticos y Farmacias Comunitarias&#8221;, corresponent al 2019. El document \u00e9s una radiografia de la professi\u00f3 farmac\u00e8utica, que analitza l&#8217;evoluci\u00f3 anual de les xifres m\u00e9s rellevants de la professi\u00f3. A continuaci\u00f3, recollim\u00a0algunes de [&hellip;]","_links":{"self":[{"href":"https:\/\/www.cofb.org\/es\/wp-json\/wp\/v2\/posts\/51845","targetHints":{"allow":["GET"]}}],"collection":[{"href":"https:\/\/www.cofb.org\/es\/wp-json\/wp\/v2\/posts"}],"about":[{"href":"https:\/\/www.cofb.org\/es\/wp-json\/wp\/v2\/types\/post"}],"author":[{"embeddable":true,"href":"https:\/\/www.cofb.org\/es\/wp-json\/wp\/v2\/users\/1"}],"replies":[{"embeddable":true,"href":"https:\/\/www.cofb.org\/es\/wp-json\/wp\/v2\/comments?post=51845"}],"version-history":[{"count":0,"href":"https:\/\/www.cofb.org\/es\/wp-json\/wp\/v2\/posts\/51845\/revisions"}],"wp:featuredmedia":[{"embeddable":true,"href":"https:\/\/www.cofb.org\/es\/wp-json\/"}],"wp:attachment":[{"href":"https:\/\/www.cofb.org\/es\/wp-json\/wp\/v2\/media?parent=51845"}],"wp:term":[{"taxonomy":"category","embeddable":true,"href":"https:\/\/www.cofb.org\/es\/wp-json\/wp\/v2\/categories?post=51845"},{"taxonomy":"post_tag","embeddable":true,"href":"https:\/\/www.cofb.org\/es\/wp-json\/wp\/v2\/tags?post=51845"}],"curies":[{"name":"wp","href":"https:\/\/api.w.org\/{rel}","templated":true}]}}