{"id":51782,"date":"2020-08-19T09:54:42","date_gmt":"2020-08-19T07:54:42","guid":{"rendered":"https:\/\/blog.cofb.cat\/?p=51782"},"modified":"2020-08-19T09:54:42","modified_gmt":"2020-08-19T07:54:42","slug":"juliol-nova-junta-govern-cofb-paper-farmaceutic-covid19-novetats-agora-sanitariaresident-del-cofb-i-el-tancament-del-mgof-temes-mes-destacats-als-mitjans","status":"publish","type":"post","link":"https:\/\/www.cofb.org\/es\/2020\/08\/19\/juliol-nova-junta-govern-cofb-paper-farmaceutic-covid19-novetats-agora-sanitariaresident-del-cofb-i-el-tancament-del-mgof-temes-mes-destacats-als-mitjans\/","title":{"rendered":"Julio: La nueva Junta de Gobierno del COFB, el papel de los farmac\u00e9uticos durante la COVID-19 y las novedades de \u00c0gora Sanit\u00e0ria, temas m\u00e1s destacados en los medios"},"content":{"rendered":"<h1><strong>Elecciones del COFB <\/strong><\/h1>\n<h3><strong>Jordi Casas, nuevo presidente del Colegio<\/strong><\/h3>\n<p><strong>La candidatura encabezada por Jordi Casas fue proclamada electa despu\u00e9s de que no se presentara ninguna alternativa.\u00a0<\/strong>De esta forma, el hasta entonces secretario del COFB fue <strong>elegido presidente, con una nueva Junta de Gobierno formada por 20 miembros, de los que 10 son nuevas incorporaciones.\u00a0<\/strong><\/p>\n<p>Se hicieron eco, entre otros,<a href=\"https:\/\/www.actasanitaria.com\/jordi-casas-presidente-farmaceuticos-barcelona\/\" target=\"_blank\" rel=\"noopener\">\u00a0Acta Sanitaria<\/a>, <a href=\"https:\/\/elglobal.es\/farmacia\/jordi-casas-nuevo-presidente-del-cof-de-barcelona\/\" target=\"_blank\" rel=\"noopener\">El Global<\/a>, <a href=\"https:\/\/www.diariomedico.com\/farmacia\/profesion\/jordi-casas-sanchez-se-pone-al-frente-del-cof-de-barcelona.html\" target=\"_blank\" rel=\"noopener\">Correo Farmac\u00e9utico<\/a>, <a href=\"https:\/\/www.redaccionmedica.com\/autonomias\/cataluna\/jordi-casas-elegido-presidente-del-colegio-de-farmaceuticos-de-barcelona-2125\" target=\"_blank\" rel=\"noopener\">Redacci\u00f3n M\u00e9dica<\/a>, <a href=\"https:\/\/www.consalud.es\/profesionales\/jordi-casas-sanchez-elegido-presidente-colegio-farmaceuticos-barcelona_82184_102.html\" target=\"_blank\" rel=\"noopener\">Cono Salud<\/a>, <a href=\"http:\/\/www.elfarmaceutico.es\/index.php\/noticias-actualidad-farmaceutica\/item\/11008-jordi-casas-sanchez-elegido-presidente-del-col-legi-de-farmaceutics-de-barcelona-para-el-mandato-2020-2024\" target=\"_blank\" rel=\"noopener\">El Farmac\u00e9utico<\/a>, <a href=\"https:\/\/www.imfarmacias.es\/noticia\/21062\/jordi-casas-sanchez-nuevo-presidente-del-collegi-de-farmaceutics.html\" target=\"_blank\" rel=\"noopener\">imFarmacias<\/a>, <a href=\"https:\/\/revistafarmanatur.com\/noticias\/jordi-casas-sanchez-elegido-presidente-del-col%c2%b7legi-farmaceutics-barcelona-mandato-2020-2024\/\" target=\"_blank\" rel=\"noopener\">Farmanaturo<\/a>, <a href=\"https:\/\/www.farmaventas.es\/noticias-del-sector\/10512-jordi-casas-sanchez-elegido-presidente-del-col-legi-de-farmaceutics-de-barcelona-para-el-mandato-2020-2024.html\" target=\"_blank\" rel=\"noopener\">Farmaventas<\/a>, <a href=\"http:\/\/www.pmfarma.es\/noticias\/28829-jordi-casas-sanchez-elegido-presidente-del-collegi-de-farmaceutics-de-barcelona-para-el-mandato-2020-2024.html?utm_source=rss-empleo&amp;utm_medium=rss\" target=\"_blank\" rel=\"noopener\">PM Farma<\/a>, <a href=\"https:\/\/fotos.europapress.es\/fotonoticia\/f3217744\/\" target=\"_blank\" rel=\"noopener\">Europa Press<\/a>, EFE, ACN y <a href=\"https:\/\/www.lavanguardia.com\/vida\/20200702\/482054473567\/jordi-casas-sanchez-presidira-el-collegi-de-farmaceutics-de-barcelona.html\" target=\"_blank\" rel=\"noopener\">La Vanguardia<\/a>.<\/p>\n<p><a href=\"https:\/\/blog.cofb.cat\/wp-content\/uploads\/2020\/08\/Img-1-1.png\"><img fetchpriority=\"high\" decoding=\"async\" class=\"aligncenter size-large wp-image-51896\" src=\"https:\/\/blog.cofb.cat\/wp-content\/uploads\/2020\/08\/Img-1-1-1024x630.png\" alt=\"\" width=\"620\" height=\"381\" \/><\/a><\/p>\n<h3><strong>Toma de posesi\u00f3n de la nueva Junta de Gobierno\u00a0<\/strong><\/h3>\n<p>Los miembros de la <strong>nueva Junta de Gobierno del COFB<\/strong>\u00a0van <strong>tomar posesi\u00f3n de sus cargos<\/strong>\u00a0para el mandato comprendido entre 2020 y 2024<strong>.\u00a0<\/strong>Lo hicieron en el marco de un acto interno, adaptado a la situaci\u00f3n actual marcada por la COVID-19 y respetando en todo momento las medidas de prevenci\u00f3n que recomiendan las autoridades sanitarias.<\/p>\n<p>Varios medios se hicieron <strong>eco del acto y la nota de prensa enviada por el Colegio, <\/strong>como por ejemplo,\u00a0<a href=\"https:\/\/www.farmaventas.es\/noticias-del-sector\/otras-noticias\/10602-la-nueva-junta-de-gobierno-del-cof-de-barcelona-toma-posesion-para-el-mandato-2020-2024.html\" target=\"_blank\" rel=\"noopener\">Farmaventas<\/a>, <a href=\"https:\/\/www.diariomedico.com\/farmacia\/profesion\/sostenibilidad-y-consolidacion-profesional-objetivos-de-la-nueva-junta-de-gobierno-del-cof-de-barcelona.html\" target=\"_blank\" rel=\"noopener\">Correo Farmac\u00e9utico<\/a>, <a href=\"https:\/\/www.imfarmacias.es\/noticia\/21262\/la-nueva-junta-de-gobierno-del-cof-de-barcelona-toma-posesion-para-el.html\" target=\"_blank\" rel=\"noopener\">imFarmacias<\/a> y <a href=\"https:\/\/elglobal.es\/farmacia\/la-nueva-junta-del-cof-de-barcelona-toma-posesion\/\" target=\"_blank\" rel=\"noopener\">El Global<\/a>.<\/p>\n<h3><a href=\"https:\/\/blog.cofb.cat\/wp-content\/uploads\/2020\/08\/Img-1.2.png\"><img decoding=\"async\" class=\"aligncenter size-large wp-image-51895\" src=\"https:\/\/blog.cofb.cat\/wp-content\/uploads\/2020\/08\/Img-1.2-1024x568.png\" alt=\"\" width=\"620\" height=\"344\" \/><\/a><\/h3>\n<h3><strong>Entrevistas al nuevo presidente del COFB<\/strong><\/h3>\n<p>En este contexto, los<strong> medios de la prensa especializada<\/strong>\u00a0<a href=\"https:\/\/www.diariomedico.com\/farmacia\/profesion\/casas-en-el-marco-de-la-covid-19-se-ha-evidenciado-mas-que-nunca-la-necesidad-de-la-actuacion-farmaceutica.html\" target=\"_blank\" rel=\"noopener\">Correo Farmac\u00e9utico,\u00a0<\/a><a href=\"https:\/\/www.imfarmacias.es\/noticia\/21273\/trabajaremos-por-seguir-construyendo-un-colegio-util-para-los-colegi.html\" target=\"_blank\" rel=\"noopener\">imFarmacias <\/a>y <a href=\"https:\/\/elglobal.es\/farmacia\/hace-falta-definir-como-integrar-al-farmaceutico-en-los-equipos-de-atencion-al-paciente-domiciliario\/\" target=\"_blank\" rel=\"noopener\">El Global<\/a> quisieron <strong>entrevistar a<\/strong> <strong>Jordi Casas como nuevo presidente del COFB<\/strong>. En las diferentes entrevistas, Casas hizo un repaso, entre otros aspectos, de los objetivos que plantea para los pr\u00f3ximos cuatro a\u00f1os, los retos a los que tendr\u00e1 que hacer frente la profesi\u00f3n y c\u00f3mo est\u00e1 afectando a la COVID-19 en la farmacia.<\/p>\n<p><a href=\"https:\/\/blog.cofb.cat\/wp-content\/uploads\/2020\/08\/Img-2-1.png\"><img decoding=\"async\" class=\"aligncenter size-large wp-image-51897\" src=\"https:\/\/blog.cofb.cat\/wp-content\/uploads\/2020\/08\/Img-2-1-1024x572.png\" alt=\"\" width=\"620\" height=\"346\" \/><\/a><\/p>\n<div class=\"custom-divider\"><\/div>\n<h1><strong>Los farmac\u00e9uticos de los distintos \u00e1mbitos de ejercicio, implicados en el abordaje de la COVID-19<\/strong><\/h1>\n<p>El Colegio emiti\u00f3 una nota de prensa <strong>poniendo en valor el papel de los farmac\u00e9uticos desde los distintos \u00e1mbitos de ejercicio de la profesi\u00f3n, que se han implicado activamente en el abordaje de la COVID-19. <\/strong>Entre otros medios, han recogido la nota de prensa <a href=\"https:\/\/www.lavanguardia.com\/vida\/20200703\/482062317586\/farmaceuticos-de-ambitos-diversos-participan-en-la-respuesta-a-la-covid-19.html\" target=\"_blank\" rel=\"noopener\">\u00a0La Vanguardia,<\/a>\u00a0<a href=\"https:\/\/agencias.abc.es\/noticia.asp?noticia=3430681\" target=\"_blank\" rel=\"noopener\">ABC,\u00a0<\/a><a href=\"https:\/\/www.diariofarma.com\/2020\/07\/06\/el-cof-de-barcelona-destaca-la-labor-del-farmaceutico-en-todas-sus-vertientes-durante-la-pandemia\" target=\"_blank\" rel=\"noopener\">Diariofarma<\/a>,\u00a0<a href=\"https:\/\/www.imfarmacias.es\/noticia\/21076\/los-farmaceuticos-se-implican-activamente-en-el-abordaje-del-covid19.html\" target=\"_blank\" rel=\"noopener\">imFarmacias<\/a> y\u00a0<a href=\"https:\/\/revistafarmanatur.com\/home-izq\/los-farmaceuticos-los-diferentes-ambitos-ejercicio-la-profesion-se-implican-activamente-abordaje-la-covid-19\/\" target=\"_blank\" rel=\"noopener\">Farmanaturo.<\/a><\/p>\n<p><a href=\"https:\/\/blog.cofb.cat\/wp-content\/uploads\/2020\/08\/Img-6.png\"><img loading=\"lazy\" decoding=\"async\" class=\"aligncenter size-large wp-image-51819\" src=\"https:\/\/blog.cofb.cat\/wp-content\/uploads\/2020\/08\/Img-6-1024x578.png\" alt=\"\" width=\"620\" height=\"350\" \/><\/a><\/p>\n<p>En el marco de la COVID-19, el COFB tambi\u00e9n ha sido portavoz en relaci\u00f3n con otros temas. En <a href=\"https:\/\/www.estelfitxers.com\/audio\/20200702-20_00PLUSVALUA.MP3\" target=\"_blank\" rel=\"noopener\">Radio Estel<\/a> entrevistaron a la<strong> vicepresidenta del COFB,<\/strong>\u00a0<strong>N\u00faria Bosch<\/strong>, para<strong> repasar la actualidad de la farmacia en tiempos de COVID-19<\/strong>\u00a0(a partir del minuto 11:25). Por otra parte,<strong> la vocal de oficina de Farmacia del COFB, Francisca Aranzana,<\/strong> fue <strong>entrevistada<\/strong> por <a href=\"https:\/\/www.larazon.es\/cataluna\/20200712\/v6po4ogewve4jndvf7unrzbfre.html\" target=\"_blank\" rel=\"noopener\">La Raz\u00f3n<\/a>, donde destac\u00f3 que <strong>el farmac\u00e9utico ha tenido un papel esencial en la crisis sanitaria y que el colectivo ha salido reforzado<\/strong>, ya que han dado soluciones y se han dejado la piel.<\/p>\n<p>Por \u00faltimo,<strong> ante la obligatoriedad de llevar de mascarilla a toda Catalu\u00f1a, Maria Perell\u00f3, responsable del Centro de Informaci\u00f3n del Medicamento del COFB,<\/strong> hizo declaraciones en el programa <a href=\"https:\/\/www.rtve.es\/alacarta\/audios\/de-boca-a-orella\/boca-orella-mascaretes-obligatories-tot-catalunya\/5620471\/?t=38m05s\" target=\"_blank\" rel=\"noopener\">&quot;De boca a oreja&quot; de Radio 4<\/a>. Perell\u00f3 remarc\u00f3 que <strong>\u201ctenemos que comprar mascarillas a medida que necesitamos y no acumular. En la farmacia hay disponibilidad y el farmac\u00e9utico siempre le aconsejar\u00e1 la m\u00e1s adecuada\u201d.<\/strong><\/p>\n<p><a href=\"https:\/\/blog.cofb.cat\/wp-content\/uploads\/2020\/08\/Img-9.png\"><img loading=\"lazy\" decoding=\"async\" class=\"aligncenter size-large wp-image-51898\" src=\"https:\/\/blog.cofb.cat\/wp-content\/uploads\/2020\/08\/Img-9-1024x631.png\" alt=\"\" width=\"620\" height=\"382\" \/><\/a><\/p>\n<div class=\"custom-divider\"><\/div>\n<h1><strong>Novedades de \u00c1gora Sanitaria\u00a0<\/strong><\/h1>\n<h3><strong>Oferta formativa del curso acad\u00e9mico 2020-21<\/strong><\/h3>\n<p><strong>\u00c1gora Sanitaria<\/strong>, el portal de formaci\u00f3n online de los COF de Barcelona y Madrid<strong>,<\/strong> present\u00f3 su <strong>oferta formativa para el curso acad\u00e9mico 2020-2021, adaptada a las necesidades de los farmac\u00e9uticos frente a la COVID-19.<\/strong> El <strong>programa<\/strong> est\u00e1 <strong>centrado<\/strong> en la indicaci\u00f3n de <strong>s\u00edntomas menores<\/strong>, el <strong>consejo nutricional<\/strong>, la <strong>detecci\u00f3n de s\u00edntomas de alarma<\/strong>, el conocimiento de <strong>enfermedades emergentes<\/strong> y la <strong>gesti\u00f3n de farmacia<\/strong>.<\/p>\n<p><a href=\"https:\/\/www.imfarmacias.es\/noticia\/21292\/agora-sanitaria-presenta-su-oferta-formativa-de-cara-al-curso-202020.html\" target=\"_blank\" rel=\"noopener\">imFarmacias<\/a>, <a href=\"https:\/\/vozlibre.com\/salud\/agora-sanitaria-presenta-una-oferta-formativa-adaptada-las-necesidades-los-farmaceuticos-tiempos-covid-19-31322\/\" target=\"_blank\" rel=\"noopener\">Voz Libre<\/a>, <a href=\"https:\/\/elglobal.es\/farmacia\/agora-sanitaria-presenta-su-oferta-formativa-para-el-curso-2020-2021\/\" target=\"_blank\" rel=\"noopener\">El Global<\/a>, <a href=\"https:\/\/revistafarmanatur.com\/home-drch\/agora-sanitaria-presenta-una-oferta-formativa-adaptada-las-necesidades-los-farmaceuticos-tiempos-covid-19\/\" target=\"_blank\" rel=\"noopener\">Farmanaturo<\/a>, <a href=\"https:\/\/www.farmaventas.es\/noticias-del-sector\/otras-noticias\/10615-agora-sanitaria-presenta-una-oferta-formativa-adaptada-a-las-necesidades-de-los-farmaceuticos-en-tiempos-de-covid-19.html\" target=\"_blank\" rel=\"noopener\">Farmaventas<\/a> y <a href=\"https:\/\/www.europapress.es\/madrid\/noticia-agora-sanitaria-presenta-oferta-formativa-adaptada-necesidades-farmaceuticos-tiempos-covid-19-20200729151523.html\" target=\"_blank\" rel=\"noopener\">Europa Press<\/a>\u00a0son algunos de los medios que recogieron la informaci\u00f3n de la nota de prensa enviada por COFM y COFB.<\/p>\n<h3><strong>Cat\u00e1logo de v\u00eddeos formativos sobre autocuidado en tiempos de COVID-19<\/strong><\/h3>\n<p><strong>\u00c1gora Sanitaria y<\/strong>\u00a0el<strong>Asociaci\u00f3n por el Autocuidado de la Salud (ANEFP)<\/strong> han puesto en marcha un <strong>cat\u00e1logo de v\u00eddeos formativos<\/strong> llamados \u201c<strong>Autocuidado en tiempo de COVID-19<\/strong>\u201c. Habr\u00e1 un total de 50 v\u00eddeos de aproximadamente 10 minutos, est\u00e1n elaborados por expertos de la industria farmac\u00e9utica y se publicar\u00e1n semanalmente.<\/p>\n<p>Los medios que recogieron esta informaci\u00f3n fueron: <a href=\"https:\/\/www.imfarmacias.es\/noticia\/21049\/agora-sanitaria-y-anefp-inician-un-catalogo-de-videos-formativos-so.html\" target=\"_blank\" rel=\"noopener\">imFarmacias<\/a>, <a href=\"https:\/\/www.diariofarma.com\/2020\/07\/01\/anefp-se-alia-con-agora-sanitaria-para-mejorar-la-formacion-de-los-farmaceuticos-en-autocuidado\" target=\"_blank\" rel=\"noopener\">Diariofarma<\/a>, <a href=\"https:\/\/www.consalud.es\/ecsalud\/nacional\/anefp-agora-sanitaria-crean-catalogo-videos-llamado-autocuidado-covid-19_82096_102.html\" target=\"_blank\" rel=\"noopener\">Cono Salud<\/a>, <a href=\"http:\/\/www.pmfarma.es\/noticias\/28808-agora-sanitaria-y-anefp-ponen-en-marcha-un-catalogo-de-videos-formativos-sobre-autocuidado-en-tiempo-de-covid-19.html?utm_source=rss-empleo&amp;utm_medium=rss\" target=\"_blank\" rel=\"noopener\">PM Farma<\/a>, <a href=\"http:\/\/www.elfarmaceutico.es\/index.php\/noticias-actualidad-farmaceutica\/item\/11005-agora-sanitaria-y-anefp-ponen-en-marcha-un-catalogo-de-videos-formativos-sobre-autocuidado-en-tiempo-de-covid-19\" target=\"_blank\" rel=\"noopener\">El Farmac\u00e9utico<\/a>, <a href=\"https:\/\/www.actasanitaria.com\/agora-sanitaria-videos-formativos-autocuidado-covid\/\" target=\"_blank\" rel=\"noopener\">Acta Sanitaria<\/a>, <a href=\"https:\/\/revistafarmanatur.com\/home-izq\/agora-sanitaria-anefp-ponen-marcha-catalogo-videos-formativos-autocuidado-tiempo-covid-19\/\" target=\"_blank\" rel=\"noopener\">Farmanaturo<\/a>, <a href=\"https:\/\/www.farmaventas.es\/noticias-del-sector\/10505-agora-sanitaria-y-anefp-ponen-en-marcha-un-catalogo-de-videos-formativos-sobre-autocuidado-en-tiempo-de-covid-19.html\" target=\"_blank\" rel=\"noopener\">Farmaventas<\/a>, <a href=\"https:\/\/elglobal.es\/mas\/autocuidado\/anefp-y-agora-sanitaria-ayudan-a-la-farmacia-a-promover-el-autocuidado-en-tiempos-de-coronavirus\/\" target=\"_blank\" rel=\"noopener\">El Global<\/a>\u00a0y <a href=\"https:\/\/www.actasanitaria.com\/faes-farma-video-formativo-autocuidado-tiempo-covid\/\" target=\"_blank\" rel=\"noopener\">Acta Sanitaria<\/a>.<\/p>\n<p><a href=\"https:\/\/blog.cofb.cat\/wp-content\/uploads\/2020\/08\/Img-5-2.png\"><img loading=\"lazy\" decoding=\"async\" class=\"aligncenter size-large wp-image-51900\" src=\"https:\/\/blog.cofb.cat\/wp-content\/uploads\/2020\/08\/Img-5-2-1024x667.png\" alt=\"\" width=\"620\" height=\"404\" \/><\/a><\/p>\n<div class=\"custom-divider\"><\/div>\n<h1><strong>El COFB se adhiere al Dec\u00e1logo para la reforma del Sistema de Salud de Catalunya<\/strong><\/h1>\n<p>El Colegio se adhiri\u00f3 al <a href=\"https:\/\/www.comb.cat\/Upload\/Documents\/8873.PDF\" target=\"_blank\" rel=\"noopener\">Dec\u00e1logo para la reforma del Sistema de Salud de Catalu\u00f1a<\/a>, un documento impulsado por\u00a0<strong>Consejo de Colegios de M\u00e9dicos de Catalu\u00f1a,<\/strong>\u00a0la\u00a0<strong>Sociedad Catalana de Gesti\u00f3n Sanitaria<\/strong>\u00a0y el\u00a0<strong>Consejo de Colegios de Enfermeras y Enfermeros de Catalu\u00f1a,\u00a0<\/strong>que reclama <strong>mejoras y reformas en el sistema sanitario catal\u00e1n<\/strong>, aprovechando las lecciones aprendidas durante la pandemia.<\/p>\n<p>El COFB comunic\u00f3 mediante una nota de prensa su adhesi\u00f3n, que fue recogida por <a href=\"http:\/\/www.pmfarma.es\/noticias\/28997-el-cofb-se-adhiere-al-decalogo-para-la-reforma-del-sistema-de-salud-de-catalunya.html?utm_source=rss-empleo&amp;utm_medium=rss\" target=\"_blank\" rel=\"noopener\">PM Farma<\/a>, <a href=\"https:\/\/www.farmaventas.es\/noticias-del-sector\/otras-noticias\/10595-np-el-cofb-se-adhiere-al-decalogo-para-la-reforma-del-sistema-de-salud-de-catalunya.html\" target=\"_blank\" rel=\"noopener\">Farmaventas<\/a>, <a href=\"https:\/\/www.diariofarma.com\/2020\/07\/23\/el-cof-de-barcelona-se-suma-a-la-reclamacion-de-una-reforma-que-palie-las-carencias-de-la-sanidad-catalana\" target=\"_blank\" rel=\"noopener\">Diariofarma<\/a>, <a href=\"http:\/\/www.elfarmaceutico.es\/index.php\/noticias-actualidad-farmaceutica\/item\/11050-el-cof-de-barcelona-se-adhiere-al-decalogo-para-la-reforma-del-sistema-de-salud-de-catalunya\" target=\"_blank\" rel=\"noopener\">El Farmac\u00e9utico,<\/a>\u00a0EFE, <a href=\"https:\/\/agencias.abc.es\/noticia.asp?noticia=3445318\" target=\"_blank\" rel=\"noopener\">Abc<\/a> y <a href=\"https:\/\/www.lavanguardia.com\/vida\/20200722\/482468829963\/colegio-farmaceuticos-se-adhiere-al-decalogo-para-reforma-del-sistema-salud.html\" target=\"_blank\" rel=\"noopener\">La Vanguardia<\/a>.<\/p>\n<p><a href=\"https:\/\/blog.cofb.cat\/wp-content\/uploads\/2020\/08\/Img-4-1.png\"><img loading=\"lazy\" decoding=\"async\" class=\"aligncenter size-large wp-image-51901\" src=\"https:\/\/blog.cofb.cat\/wp-content\/uploads\/2020\/08\/Img-4-1-1024x649.png\" alt=\"\" width=\"620\" height=\"393\" \/><\/a><\/p>\n<div class=\"custom-divider\"><\/div>\n<h1><strong>Clausura de la XV edici\u00f3n del MGOF<\/strong><\/h1>\n<p>Durante la <strong>clausura de la XV edici\u00f3n del<\/strong>\u00a0<strong>M\u00e1ster de Gesti\u00f3n de Oficina de Farmacia (MGOF),\u00a0<\/strong>que se celebr\u00f3 virtualmente, el entonces presidente del Colegio,\u00a0<strong>Jordi de Dalmases<\/strong>, destac\u00f3 que <strong>&quot;cuando se ha necesitado a todos los profesionales en el sistema sanitario, los farmac\u00e9uticos han sido clave&quot;<\/strong>.<\/p>\n<p>Varios medios recogieron el acto: <a href=\"https:\/\/www.imfarmacias.es\/noticia\/21043\/el-papel-de-los-farmaceuticos-durante-la-crisis-sanitaria-ha-sido-cla.html\" target=\"_blank\" rel=\"noopener\">imFarmacias<\/a>, <a href=\"http:\/\/www.elfarmaceutico.es\/index.php\/noticias-actualidad-farmaceutica\/item\/11002-jordi-de-dalmases-cuando-se-ha-necesitado-a-todos-los-profesionales-en-el-sistema-sanitario-durante-la-crisis-de-la-covid-19-los-farmaceuticos-han-sido-clave\" target=\"_blank\" rel=\"noopener\">El Farmac\u00e9utico<\/a>, <a href=\"http:\/\/www.pmfarma.es\/noticias\/28805-cuando-se-ha-necesitado-a-todos-los-profesionales-en-el-sistema-sanitario-durante-la-covid-19-los-farmaceuticos-han-sido-clave.html?utm_source=rss-empleo&amp;utm_medium=rss\" target=\"_blank\" rel=\"noopener\">PM Farma<\/a>, <a href=\"https:\/\/www.diariofarma.com\/2020\/07\/01\/de-dalmases-ensalza-a-la-farmacia-por-su-contribucion-sanitaria-durante-la-pandemia\" target=\"_blank\" rel=\"noopener\">Diariofarma<\/a>, <a href=\"https:\/\/revistaacofar.com\/actualidad\/noticias\/el-presidente-del-cofb-defiende-el-papel-clave-de-los-farmaceuticos-durante-la-pandemia\/\" target=\"_blank\" rel=\"noopener\">Acostar<\/a> y El Global en su versi\u00f3n en papel.<\/p>\n<p><a href=\"https:\/\/blog.cofb.cat\/wp-content\/uploads\/2020\/08\/Img-3.png\"><img loading=\"lazy\" decoding=\"async\" class=\"aligncenter size-large wp-image-51814\" src=\"https:\/\/blog.cofb.cat\/wp-content\/uploads\/2020\/08\/Img-3-1024x579.png\" alt=\"\" width=\"620\" height=\"351\" \/><\/a><\/p>\n<div class=\"custom-divider\"><\/div>\n<h1><strong>El COFB como fuente de informaci\u00f3n<\/strong><\/h1>\n<h2><strong><span style=\"color: #333333;\">Entrevista a Marta Alcalde, vocal de Dermofarmacia, en Farmanatur<\/span><\/strong><\/h2>\n<p>La vocal de Dermofarmacia y Productos Sanitarios del COFB, <strong>Marta Alcalde<\/strong>, fue entrevistada por <strong>Revista Farmanatur<\/strong>. En la entrevista, <a href=\"https:\/\/revistafarmanatur.com\/home-izq\/vez-tenemos-mas-dias-sol-lo-tanto-niveles-proteccion-se-incrementar-marta-alcalde\/\" target=\"_blank\" rel=\"noopener\">publicada en su web<\/a>, <strong>Alcalde<\/strong> habl\u00f3 de la campa\u00f1a del COFB \u201c<strong>Atenci\u00f3n Piel 365<\/strong>\u201c, de los <strong>peligros de la exposici\u00f3n solar<\/strong>, de\u00a0<strong>la actualidad farmac\u00e9utica<\/strong> en el \u00e1mbito de la Dermofarmacia y de los principales <strong>mitos en torno a la protecci\u00f3n solar<\/strong>.<\/p>\n<h2><span style=\"color: #333333;\"><strong>Mascarillas para la gente mayor\u00a0<\/strong><\/span><\/h2>\n<p>El equipo de <strong>verificaci\u00f3n de RTVE<\/strong> se puso en contacto con el Colegio por <strong>comprobar<\/strong> <strong>la veracidad de una cadena de WhatsApp<\/strong> <strong>que aseguraba <\/strong>que, a partir del<strong> 29 de julio,<\/strong> <strong>se repartir\u00edan 3 mascarillas al mes a los mayores de sesenta a\u00f1os<\/strong>. El <a href=\"https:\/\/www.rtve.es\/noticias\/20200724\/bulo-farmacias-reparto-tres-mascarillas-gratis-mes\/2031300.shtml\" target=\"_blank\" rel=\"noopener\"><strong>COFB desminti\u00f3 que en Catalu\u00f1a estuviera en marcha<\/strong><\/a> e hizo alusi\u00f3n a la <strong>campa\u00f1a Mascarilla \/Salud,<\/strong> en cuyo marco se repartieron m\u00e1s de 9 millones de mascarillas a trav\u00e9s de las farmacias catalanas hasta la finalizaci\u00f3n del estado de alarma.<\/p>\n<p><a href=\"https:\/\/blog.cofb.cat\/wp-content\/uploads\/2020\/08\/Img-7.png\"><img loading=\"lazy\" decoding=\"async\" class=\"aligncenter size-large wp-image-51820\" src=\"https:\/\/blog.cofb.cat\/wp-content\/uploads\/2020\/08\/Img-7-1024x550.png\" alt=\"\" width=\"620\" height=\"333\" \/><\/a><\/p>\n<div class=\"custom-divider\"><\/div>\n<h1><strong>Menciones en el COFB<\/strong><\/h1>\n<h3><strong>Women 350\u00ba Congreso<\/strong><\/h3>\n<p>La edici\u00f3n de este a\u00f1o del\u00a0<strong>Women 360\u00ba Congreso<\/strong>, centrada en la <strong>innovaci\u00f3n tecnol\u00f3gica y la salud<\/strong>, se celebr\u00f3 en formato virtual a consecuencia de la pandemia.\u00a0<strong>N\u00faria Bosch<\/strong>, vicepresidenta del COFB, intervino en la inauguraci\u00f3n, <span class=\"css-901oao css-16my406 r-1qd0xha r-ad9z0x r-bcqeeo r-qvutc0\">donde destac\u00f3 la importante labor que han realizado los farmac\u00e9uticos ante la <\/span><span class=\"r-18u37iz\">COVID-19.<\/span>\u00a0<strong>La Raz\u00f3n<\/strong> hizo una <a href=\"https:\/\/www.larazon.es\/familia\/20200703\/lynleurmurgx3i2s3g7pdbztey.html\" target=\"_blank\" rel=\"noopener\">cr\u00f3nica del evento<\/a>.<\/p>\n<p><a href=\"https:\/\/blog.cofb.cat\/wp-content\/uploads\/2020\/08\/Img-8.png\"><img loading=\"lazy\" decoding=\"async\" class=\"aligncenter size-large wp-image-51821\" src=\"https:\/\/blog.cofb.cat\/wp-content\/uploads\/2020\/08\/Img-8-1024x721.png\" alt=\"\" width=\"620\" height=\"437\" \/><\/a><\/p>\n<p><strong>Otras publicaciones de inter\u00e9s:<\/strong><\/p>\n<ul>\n<li><a href=\"https:\/\/blog.cofb.cat\/juny-les-jornades-digitals-infarma-la-convocatoria-deleccions-al-cofb-i-la-covid-19-temes-mes-destacats-als-mitjans\/\" target=\"_blank\" rel=\"noopener\">Junio: Las Jornadas Digitales de Infarma, la convocatoria de elecciones al COFB y la COVID-19, temas m\u00e1s destacados en los medios<\/a><\/li>\n<li><a href=\"https:\/\/blog.cofb.cat\/maig-farmacia-davant-covid-19-represa-lactivitat-formativa-cofb-temes-mes-destacats-als-mitjans\/\" target=\"_blank\" rel=\"noopener\">Mayo: La farmacia ante la COVID-19 y la reanudaci\u00f3n de la actividad formativa del COFB, temas m\u00e1s destacados en los medios<\/a><\/li>\n<li><a href=\"https:\/\/blog.cofb.cat\/abril-campanya-mascareta-salut-paper-dels-farmaceutics-durant-covid-19-temes-mes-destacats-als-mitjans\/\" target=\"_blank\" rel=\"noopener\">Abril: La campa\u00f1a Mascareta\/Salud y el papel de los farmac\u00e9uticos durante la COVID-19, temas m\u00e1s destacados en los medios<\/a><\/li>\n<\/ul>","protected":false},"excerpt":{"rendered":"<p>Elecciones del COFB Jordi Casas, nuevo presidente del Colegio La candidatura encabezada por Jordi Casas fue proclamada electa despu\u00e9s de que no se presentara ninguna alternativa. De esta forma, el hasta entonces secretario del COFB fue elegido presidente, con una nueva Junta de Gobierno formada por 20 miembros, de los cuales 10 [\u2026]<\/p>","protected":false},"author":1,"featured_media":51904,"comment_status":"open","ping_status":"open","sticky":false,"template":"","format":"standard","meta":{"_uag_custom_page_level_css":"","site-sidebar-layout":"default","site-content-layout":"","ast-site-content-layout":"default","site-content-style":"default","site-sidebar-style":"default","ast-global-header-display":"","ast-banner-title-visibility":"","ast-main-header-display":"","ast-hfb-above-header-display":"","ast-hfb-below-header-display":"","ast-hfb-mobile-header-display":"","site-post-title":"","ast-breadcrumbs-content":"","ast-featured-img":"disabled","footer-sml-layout":"","theme-transparent-header-meta":"","adv-header-id-meta":"","stick-header-meta":"","header-above-stick-meta":"","header-main-stick-meta":"","header-below-stick-meta":"","astra-migrate-meta-layouts":"default","ast-page-background-enabled":"default","ast-page-background-meta":{"desktop":{"background-color":"var(--ast-global-color-4)","background-image":"","background-repeat":"repeat","background-position":"center center","background-size":"auto","background-attachment":"scroll","background-type":"","background-media":"","overlay-type":"","overlay-color":"","overlay-opacity":"","overlay-gradient":""},"tablet":{"background-color":"","background-image":"","background-repeat":"repeat","background-position":"center center","background-size":"auto","background-attachment":"scroll","background-type":"","background-media":"","overlay-type":"","overlay-color":"","overlay-opacity":"","overlay-gradient":""},"mobile":{"background-color":"","background-image":"","background-repeat":"repeat","background-position":"center center","background-size":"auto","background-attachment":"scroll","background-type":"","background-media":"","overlay-type":"","overlay-color":"","overlay-opacity":"","overlay-gradient":""}},"ast-content-background-meta":{"desktop":{"background-color":"var(--ast-global-color-5)","background-image":"","background-repeat":"repeat","background-position":"center center","background-size":"auto","background-attachment":"scroll","background-type":"","background-media":"","overlay-type":"","overlay-color":"","overlay-opacity":"","overlay-gradient":""},"tablet":{"background-color":"var(--ast-global-color-5)","background-image":"","background-repeat":"repeat","background-position":"center center","background-size":"auto","background-attachment":"scroll","background-type":"","background-media":"","overlay-type":"","overlay-color":"","overlay-opacity":"","overlay-gradient":""},"mobile":{"background-color":"var(--ast-global-color-5)","background-image":"","background-repeat":"repeat","background-position":"center center","background-size":"auto","background-attachment":"scroll","background-type":"","background-media":"","overlay-type":"","overlay-color":"","overlay-opacity":"","overlay-gradient":""}},"footnotes":""},"categories":[23,32],"tags":[3522,3983,4268,3984,109,86,985,3634,938,4269,4270,4239,4271,4224,4225,469,2721,90,4227,4245,2157,3992,3993,3994,3995,4260,69,480,3997,3998,4000,4002,2156,247,2123,4272,4003,445,584,876,877,459,2951,3767,4251,2408,4273,4008,4098,96,253,4231,4259,2893],"class_list":["post-51782","post","type-post","status-publish","format-standard","has-post-thumbnail","hentry","category-destacats","category-noticies-farmacia","tag-atenciopell365","tag-abc","tag-acn","tag-acta-sanitaria","tag-agora-sanitaria","tag-analisis-cliniques","tag-anefp","tag-atencio-pell-365","tag-atencio-primaria","tag-autocura-en-temps-de-covid-19","tag-cadena-de-whatsapp","tag-cof-de-madrid","tag-con-salud","tag-consell-de-collegis-dinfermeres-i-infermers-de-catalunya","tag-consell-de-collegis-de-metges-de-catalunya","tag-coronavirus","tag-correo-farmaceutico","tag-covid-19","tag-decaleg-per-a-la-reforma-del-sistema-de-salut-de-catalunya","tag-diario-medico","tag-distribucio","tag-efe","tag-el-farmaceutico","tag-el-global","tag-europa-press","tag-exposicio-solar","tag-farmacia-comunitaria","tag-farmacia-hospitalaria","tag-farmanatur","tag-farmaventas","tag-gente","tag-imfarmacias","tag-industria","tag-jordi-casas","tag-jordi-de-dalmases","tag-la-razon","tag-la-vanguardia","tag-marta-alcalde","tag-mascaretes","tag-master-de-gestio-de-loficina-de-farmacia","tag-mgof","tag-mitjans","tag-nuria-bosch","tag-paper-del-farmaceutic","tag-pm-farma","tag-presa-de-possessio","tag-radio-estel","tag-redaccion-medica","tag-rtve","tag-salut-publica","tag-sistema-sanitari","tag-societat-catalana-de-gestio-sanitaria","tag-voz-libre","tag-women-360-congress"],"yoast_head":"<!-- This site is optimized with the Yoast SEO plugin v22.4 - https:\/\/yoast.com\/wordpress\/plugins\/seo\/ -->\n<title>Juliol: La nova Junta de Govern del COFB, el paper dels farmac\u00e8utics durant la COVID-19 i les novetats d&#039;\u00c0gora Sanit\u00e0ria, temes m\u00e9s destacats als mitjans - Col\u00b7legi de Farmac\u00e8utics de Barcelona<\/title>\n<meta name=\"description\" content=\"La candidatura de Jordi Casas va ser l&#039;\u00fanica que va presentar-se al proc\u00e9s electoral convocat per juliol. D&#039;aquesta manera, el fins llavors secretari del COFB va ser elegit president amb una nova junta amb un total de 20 membres dels quals la meitat s\u00f3n nous.\" \/>\n<meta name=\"robots\" content=\"index, follow, max-snippet:-1, max-image-preview:large, max-video-preview:-1\" \/>\n<link rel=\"canonical\" href=\"https:\/\/novaorg.cofb.net\/2020\/08\/19\/juliol-nova-junta-govern-cofb-paper-farmaceutic-covid19-novetats-agora-sanitariaresident-del-cofb-i-el-tancament-del-mgof-temes-mes-destacats-als-mitjans\/\" \/>\n<meta property=\"og:locale\" content=\"es_ES\" \/>\n<meta property=\"og:type\" content=\"article\" \/>\n<meta property=\"og:title\" content=\"Juliol: La nova Junta de Govern del COFB, el paper dels farmac\u00e8utics durant la COVID-19 i les novetats d&#039;\u00c0gora Sanit\u00e0ria, temes m\u00e9s destacats als mitjans - Col\u00b7legi de Farmac\u00e8utics de Barcelona\" \/>\n<meta property=\"og:description\" content=\"La candidatura de Jordi Casas va ser l&#039;\u00fanica que va presentar-se al proc\u00e9s electoral convocat per juliol. D&#039;aquesta manera, el fins llavors secretari del COFB va ser elegit president amb una nova junta amb un total de 20 membres dels quals la meitat s\u00f3n nous.\" \/>\n<meta property=\"og:url\" content=\"https:\/\/novaorg.cofb.net\/2020\/08\/19\/juliol-nova-junta-govern-cofb-paper-farmaceutic-covid19-novetats-agora-sanitariaresident-del-cofb-i-el-tancament-del-mgof-temes-mes-destacats-als-mitjans\/\" \/>\n<meta property=\"og:site_name\" content=\"Col\u00b7legi de Farmac\u00e8utics de Barcelona\" \/>\n<meta property=\"article:publisher\" content=\"https:\/\/www.facebook.com\/farmaceuticsbcn\/\" \/>\n<meta property=\"article:published_time\" content=\"2020-08-19T07:54:42+00:00\" \/>\n<meta name=\"author\" content=\"wpAdminCofbOrg\" \/>\n<meta name=\"twitter:card\" content=\"summary_large_image\" \/>\n<meta name=\"twitter:creator\" content=\"@farmaceuticsbcn\" \/>\n<meta name=\"twitter:site\" content=\"@farmaceuticsbcn\" \/>\n<meta name=\"twitter:label1\" content=\"Escrito por\" \/>\n\t<meta name=\"twitter:data1\" content=\"wpAdminCofbOrg\" \/>\n\t<meta name=\"twitter:label2\" content=\"Tiempo de lectura\" \/>\n\t<meta name=\"twitter:data2\" content=\"6 minutos\" \/>\n<script type=\"application\/ld+json\" class=\"yoast-schema-graph\">{\"@context\":\"https:\/\/schema.org\",\"@graph\":[{\"@type\":\"Article\",\"@id\":\"https:\/\/novaorg.cofb.net\/2020\/08\/19\/juliol-nova-junta-govern-cofb-paper-farmaceutic-covid19-novetats-agora-sanitariaresident-del-cofb-i-el-tancament-del-mgof-temes-mes-destacats-als-mitjans\/#article\",\"isPartOf\":{\"@id\":\"https:\/\/novaorg.cofb.net\/2020\/08\/19\/juliol-nova-junta-govern-cofb-paper-farmaceutic-covid19-novetats-agora-sanitariaresident-del-cofb-i-el-tancament-del-mgof-temes-mes-destacats-als-mitjans\/\"},\"author\":{\"name\":\"wpAdminCofbOrg\",\"@id\":\"https:\/\/www.cofb.org\/#\/schema\/person\/22ed7eea88da74b0fa4d3154ad87ffcb\"},\"headline\":\"Juliol: La nova Junta de Govern del COFB, el paper dels farmac\u00e8utics durant la COVID-19 i les novetats d&#8217;\u00c0gora Sanit\u00e0ria, temes m\u00e9s destacats als mitjans\",\"datePublished\":\"2020-08-19T07:54:42+00:00\",\"dateModified\":\"2020-08-19T07:54:42+00:00\",\"mainEntityOfPage\":{\"@id\":\"https:\/\/novaorg.cofb.net\/2020\/08\/19\/juliol-nova-junta-govern-cofb-paper-farmaceutic-covid19-novetats-agora-sanitariaresident-del-cofb-i-el-tancament-del-mgof-temes-mes-destacats-als-mitjans\/\"},\"wordCount\":1265,\"commentCount\":0,\"publisher\":{\"@id\":\"https:\/\/www.cofb.org\/#organization\"},\"image\":{\"@id\":\"https:\/\/novaorg.cofb.net\/2020\/08\/19\/juliol-nova-junta-govern-cofb-paper-farmaceutic-covid19-novetats-agora-sanitariaresident-del-cofb-i-el-tancament-del-mgof-temes-mes-destacats-als-mitjans\/#primaryimage\"},\"thumbnailUrl\":\"\",\"keywords\":[\"#Atenci\u00f3Pell365\",\"ABC\",\"ACN\",\"acta sanitaria\",\"\u00c1gora Sanitaria\",\"an\u00e0lisis cl\u00edniques\",\"anefp\",\"Atenci\u00f3 Pell 365\",\"Atenci\u00f3 prim\u00e0ria\",\"Autocura en temps de COVID-19\",\"cadena de WhatsApp\",\"COF de Madrid\",\"Con Salud\",\"Consell de Col\u00b7legis d'Infermeres i Infermers de Catalunya\",\"Consell de Col\u00b7legis de Metges de Catalunya\",\"coronavirus\",\"Correo Farmac\u00e9utico\",\"COVID-19\",\"Dec\u00e0leg per a la reforma del Sistema de Salut de Catalunya\",\"Diario M\u00e9dico\",\"Distribuci\u00f3\",\"EFE\",\"el farmac\u00e9utico\",\"el global\",\"europa press\",\"Exposici\u00f3 solar\",\"farm\u00e0cia comunit\u00e0ria\",\"farm\u00e0cia hospital\u00e0ria\",\"farmanatur\",\"farmaventas\",\"Gente\",\"imfarmacias\",\"Ind\u00fastria\",\"Jordi Casas\",\"Jordi de Dalmases\",\"La Raz\u00f3n\",\"La Vanguardia\",\"Marta Alcalde\",\"mascaretes\",\"master de gestio de l'oficina de farmacia\",\"MGOF\",\"Mitjans\",\"N\u00faria Bosch\",\"paper del farmac\u00e8utic\",\"PM Farma\",\"presa de possessi\u00f3\",\"R\u00e0dio Estel\",\"redacci\u00f3n m\u00e9dica\",\"RTVE\",\"Salut p\u00fablica\",\"sistema sanitari\",\"Societat Catalana de Gesti\u00f3 Sanit\u00e0ria\",\"voz libre\",\"Women 360 Congress\"],\"articleSection\":[\"Destacats\",\"Not\u00edcies farm\u00e0cia\"],\"inLanguage\":\"es\",\"potentialAction\":[{\"@type\":\"CommentAction\",\"name\":\"Comment\",\"target\":[\"https:\/\/novaorg.cofb.net\/2020\/08\/19\/juliol-nova-junta-govern-cofb-paper-farmaceutic-covid19-novetats-agora-sanitariaresident-del-cofb-i-el-tancament-del-mgof-temes-mes-destacats-als-mitjans\/#respond\"]}]},{\"@type\":\"WebPage\",\"@id\":\"https:\/\/novaorg.cofb.net\/2020\/08\/19\/juliol-nova-junta-govern-cofb-paper-farmaceutic-covid19-novetats-agora-sanitariaresident-del-cofb-i-el-tancament-del-mgof-temes-mes-destacats-als-mitjans\/\",\"url\":\"https:\/\/novaorg.cofb.net\/2020\/08\/19\/juliol-nova-junta-govern-cofb-paper-farmaceutic-covid19-novetats-agora-sanitariaresident-del-cofb-i-el-tancament-del-mgof-temes-mes-destacats-als-mitjans\/\",\"name\":\"Juliol: La nova Junta de Govern del COFB, el paper dels farmac\u00e8utics durant la COVID-19 i les novetats d'\u00c0gora Sanit\u00e0ria, temes m\u00e9s destacats als mitjans - Col\u00b7legi de Farmac\u00e8utics de Barcelona\",\"isPartOf\":{\"@id\":\"https:\/\/www.cofb.org\/#website\"},\"primaryImageOfPage\":{\"@id\":\"https:\/\/novaorg.cofb.net\/2020\/08\/19\/juliol-nova-junta-govern-cofb-paper-farmaceutic-covid19-novetats-agora-sanitariaresident-del-cofb-i-el-tancament-del-mgof-temes-mes-destacats-als-mitjans\/#primaryimage\"},\"image\":{\"@id\":\"https:\/\/novaorg.cofb.net\/2020\/08\/19\/juliol-nova-junta-govern-cofb-paper-farmaceutic-covid19-novetats-agora-sanitariaresident-del-cofb-i-el-tancament-del-mgof-temes-mes-destacats-als-mitjans\/#primaryimage\"},\"thumbnailUrl\":\"\",\"datePublished\":\"2020-08-19T07:54:42+00:00\",\"dateModified\":\"2020-08-19T07:54:42+00:00\",\"description\":\"La candidatura de Jordi Casas va ser l'\u00fanica que va presentar-se al proc\u00e9s electoral convocat per juliol. D'aquesta manera, el fins llavors secretari del COFB va ser elegit president amb una nova junta amb un total de 20 membres dels quals la meitat s\u00f3n nous.\",\"breadcrumb\":{\"@id\":\"https:\/\/novaorg.cofb.net\/2020\/08\/19\/juliol-nova-junta-govern-cofb-paper-farmaceutic-covid19-novetats-agora-sanitariaresident-del-cofb-i-el-tancament-del-mgof-temes-mes-destacats-als-mitjans\/#breadcrumb\"},\"inLanguage\":\"es\",\"potentialAction\":[{\"@type\":\"ReadAction\",\"target\":[\"https:\/\/novaorg.cofb.net\/2020\/08\/19\/juliol-nova-junta-govern-cofb-paper-farmaceutic-covid19-novetats-agora-sanitariaresident-del-cofb-i-el-tancament-del-mgof-temes-mes-destacats-als-mitjans\/\"]}]},{\"@type\":\"ImageObject\",\"inLanguage\":\"es\",\"@id\":\"https:\/\/novaorg.cofb.net\/2020\/08\/19\/juliol-nova-junta-govern-cofb-paper-farmaceutic-covid19-novetats-agora-sanitariaresident-del-cofb-i-el-tancament-del-mgof-temes-mes-destacats-als-mitjans\/#primaryimage\",\"url\":\"\",\"contentUrl\":\"\"},{\"@type\":\"BreadcrumbList\",\"@id\":\"https:\/\/novaorg.cofb.net\/2020\/08\/19\/juliol-nova-junta-govern-cofb-paper-farmaceutic-covid19-novetats-agora-sanitariaresident-del-cofb-i-el-tancament-del-mgof-temes-mes-destacats-als-mitjans\/#breadcrumb\",\"itemListElement\":[{\"@type\":\"ListItem\",\"position\":1,\"name\":\"Inici\",\"item\":\"https:\/\/novaorg.cofb.net\/\"},{\"@type\":\"ListItem\",\"position\":2,\"name\":\"Juliol: La nova Junta de Govern del COFB, el paper dels farmac\u00e8utics durant la COVID-19 i les novetats d&#8217;\u00c0gora Sanit\u00e0ria, temes m\u00e9s destacats als mitjans\"}]},{\"@type\":\"WebSite\",\"@id\":\"https:\/\/www.cofb.org\/#website\",\"url\":\"https:\/\/www.cofb.org\/\",\"name\":\"Col\u00b7legi de Farmac\u00e8utics de Barcelona\",\"description\":\"\",\"publisher\":{\"@id\":\"https:\/\/www.cofb.org\/#organization\"},\"potentialAction\":[{\"@type\":\"SearchAction\",\"target\":{\"@type\":\"EntryPoint\",\"urlTemplate\":\"https:\/\/www.cofb.org\/?s={search_term_string}\"},\"query-input\":\"required name=search_term_string\"}],\"inLanguage\":\"es\"},{\"@type\":\"Organization\",\"@id\":\"https:\/\/www.cofb.org\/#organization\",\"name\":\"Col\u00b7legi de Farmac\u00e8utics de Barcelona\",\"url\":\"https:\/\/www.cofb.org\/\",\"logo\":{\"@type\":\"ImageObject\",\"inLanguage\":\"es\",\"@id\":\"https:\/\/www.cofb.org\/#\/schema\/logo\/image\/\",\"url\":\"https:\/\/www.cofb.org\/wp-content\/uploads\/2023\/11\/cropped-Logotip-COFB.png\",\"contentUrl\":\"https:\/\/www.cofb.org\/wp-content\/uploads\/2023\/11\/cropped-Logotip-COFB.png\",\"width\":500,\"height\":105,\"caption\":\"Col\u00b7legi de Farmac\u00e8utics de Barcelona\"},\"image\":{\"@id\":\"https:\/\/www.cofb.org\/#\/schema\/logo\/image\/\"},\"sameAs\":[\"https:\/\/www.facebook.com\/farmaceuticsbcn\/\",\"https:\/\/twitter.com\/farmaceuticsbcn\",\"https:\/\/www.instagram.com\/farmaceuticsbcn\/\",\"https:\/\/www.linkedin.com\/company\/farmaceuticsbcn\/\"]},{\"@type\":\"Person\",\"@id\":\"https:\/\/www.cofb.org\/#\/schema\/person\/22ed7eea88da74b0fa4d3154ad87ffcb\",\"name\":\"wpAdminCofbOrg\",\"image\":{\"@type\":\"ImageObject\",\"inLanguage\":\"es\",\"@id\":\"https:\/\/www.cofb.org\/#\/schema\/person\/image\/\",\"url\":\"https:\/\/secure.gravatar.com\/avatar\/1721b20b3b8ca882c3b56ec6c978c594fff670e40c0718e9190eaeeb76aae7d8?s=96&d=mm&r=g\",\"contentUrl\":\"https:\/\/secure.gravatar.com\/avatar\/1721b20b3b8ca882c3b56ec6c978c594fff670e40c0718e9190eaeeb76aae7d8?s=96&d=mm&r=g\",\"caption\":\"wpAdminCofbOrg\"},\"sameAs\":[\"http:\/\/192.168.64.122\/wordpress\"],\"url\":\"https:\/\/www.cofb.org\/es\/author\/wpadmincofborg\/\"}]}<\/script>\n<!-- \/ Yoast SEO plugin. -->","yoast_head_json":{"title":"Juliol: La nova Junta de Govern del COFB, el paper dels farmac\u00e8utics durant la COVID-19 i les novetats d'\u00c0gora Sanit\u00e0ria, temes m\u00e9s destacats als mitjans - Col\u00b7legi de Farmac\u00e8utics de Barcelona","description":"La candidatura de Jordi Casas va ser l'\u00fanica que va presentar-se al proc\u00e9s electoral convocat per juliol. D'aquesta manera, el fins llavors secretari del COFB va ser elegit president amb una nova junta amb un total de 20 membres dels quals la meitat s\u00f3n nous.","robots":{"index":"index","follow":"follow","max-snippet":"max-snippet:-1","max-image-preview":"max-image-preview:large","max-video-preview":"max-video-preview:-1"},"canonical":"https:\/\/novaorg.cofb.net\/2020\/08\/19\/juliol-nova-junta-govern-cofb-paper-farmaceutic-covid19-novetats-agora-sanitariaresident-del-cofb-i-el-tancament-del-mgof-temes-mes-destacats-als-mitjans\/","og_locale":"es_ES","og_type":"article","og_title":"Juliol: La nova Junta de Govern del COFB, el paper dels farmac\u00e8utics durant la COVID-19 i les novetats d'\u00c0gora Sanit\u00e0ria, temes m\u00e9s destacats als mitjans - Col\u00b7legi de Farmac\u00e8utics de Barcelona","og_description":"La candidatura de Jordi Casas va ser l'\u00fanica que va presentar-se al proc\u00e9s electoral convocat per juliol. D'aquesta manera, el fins llavors secretari del COFB va ser elegit president amb una nova junta amb un total de 20 membres dels quals la meitat s\u00f3n nous.","og_url":"https:\/\/novaorg.cofb.net\/2020\/08\/19\/juliol-nova-junta-govern-cofb-paper-farmaceutic-covid19-novetats-agora-sanitariaresident-del-cofb-i-el-tancament-del-mgof-temes-mes-destacats-als-mitjans\/","og_site_name":"Col\u00b7legi de Farmac\u00e8utics de Barcelona","article_publisher":"https:\/\/www.facebook.com\/farmaceuticsbcn\/","article_published_time":"2020-08-19T07:54:42+00:00","author":"wpAdminCofbOrg","twitter_card":"summary_large_image","twitter_creator":"@farmaceuticsbcn","twitter_site":"@farmaceuticsbcn","twitter_misc":{"Escrito por":"wpAdminCofbOrg","Tiempo de lectura":"6 minutos"},"schema":{"@context":"https:\/\/schema.org","@graph":[{"@type":"Article","@id":"https:\/\/novaorg.cofb.net\/2020\/08\/19\/juliol-nova-junta-govern-cofb-paper-farmaceutic-covid19-novetats-agora-sanitariaresident-del-cofb-i-el-tancament-del-mgof-temes-mes-destacats-als-mitjans\/#article","isPartOf":{"@id":"https:\/\/novaorg.cofb.net\/2020\/08\/19\/juliol-nova-junta-govern-cofb-paper-farmaceutic-covid19-novetats-agora-sanitariaresident-del-cofb-i-el-tancament-del-mgof-temes-mes-destacats-als-mitjans\/"},"author":{"name":"wpAdminCofbOrg","@id":"https:\/\/www.cofb.org\/#\/schema\/person\/22ed7eea88da74b0fa4d3154ad87ffcb"},"headline":"Juliol: La nova Junta de Govern del COFB, el paper dels farmac\u00e8utics durant la COVID-19 i les novetats d&#8217;\u00c0gora Sanit\u00e0ria, temes m\u00e9s destacats als mitjans","datePublished":"2020-08-19T07:54:42+00:00","dateModified":"2020-08-19T07:54:42+00:00","mainEntityOfPage":{"@id":"https:\/\/novaorg.cofb.net\/2020\/08\/19\/juliol-nova-junta-govern-cofb-paper-farmaceutic-covid19-novetats-agora-sanitariaresident-del-cofb-i-el-tancament-del-mgof-temes-mes-destacats-als-mitjans\/"},"wordCount":1265,"commentCount":0,"publisher":{"@id":"https:\/\/www.cofb.org\/#organization"},"image":{"@id":"https:\/\/novaorg.cofb.net\/2020\/08\/19\/juliol-nova-junta-govern-cofb-paper-farmaceutic-covid19-novetats-agora-sanitariaresident-del-cofb-i-el-tancament-del-mgof-temes-mes-destacats-als-mitjans\/#primaryimage"},"thumbnailUrl":"","keywords":["#Atenci\u00f3Pell365","ABC","ACN","acta sanitaria","\u00c1gora Sanitaria","an\u00e0lisis cl\u00edniques","anefp","Atenci\u00f3 Pell 365","Atenci\u00f3 prim\u00e0ria","Autocura en temps de COVID-19","cadena de WhatsApp","COF de Madrid","Con Salud","Consell de Col\u00b7legis d'Infermeres i Infermers de Catalunya","Consell de Col\u00b7legis de Metges de Catalunya","coronavirus","Correo Farmac\u00e9utico","COVID-19","Dec\u00e0leg per a la reforma del Sistema de Salut de Catalunya","Diario M\u00e9dico","Distribuci\u00f3","EFE","el farmac\u00e9utico","el global","europa press","Exposici\u00f3 solar","farm\u00e0cia comunit\u00e0ria","farm\u00e0cia hospital\u00e0ria","farmanatur","farmaventas","Gente","imfarmacias","Ind\u00fastria","Jordi Casas","Jordi de Dalmases","La Raz\u00f3n","La Vanguardia","Marta Alcalde","mascaretes","master de gestio de l'oficina de farmacia","MGOF","Mitjans","N\u00faria Bosch","paper del farmac\u00e8utic","PM Farma","presa de possessi\u00f3","R\u00e0dio Estel","redacci\u00f3n m\u00e9dica","RTVE","Salut p\u00fablica","sistema sanitari","Societat Catalana de Gesti\u00f3 Sanit\u00e0ria","voz libre","Women 360 Congress"],"articleSection":["Destacats","Not\u00edcies farm\u00e0cia"],"inLanguage":"es","potentialAction":[{"@type":"CommentAction","name":"Comment","target":["https:\/\/novaorg.cofb.net\/2020\/08\/19\/juliol-nova-junta-govern-cofb-paper-farmaceutic-covid19-novetats-agora-sanitariaresident-del-cofb-i-el-tancament-del-mgof-temes-mes-destacats-als-mitjans\/#respond"]}]},{"@type":"WebPage","@id":"https:\/\/novaorg.cofb.net\/2020\/08\/19\/juliol-nova-junta-govern-cofb-paper-farmaceutic-covid19-novetats-agora-sanitariaresident-del-cofb-i-el-tancament-del-mgof-temes-mes-destacats-als-mitjans\/","url":"https:\/\/novaorg.cofb.net\/2020\/08\/19\/juliol-nova-junta-govern-cofb-paper-farmaceutic-covid19-novetats-agora-sanitariaresident-del-cofb-i-el-tancament-del-mgof-temes-mes-destacats-als-mitjans\/","name":"Juliol: La nova Junta de Govern del COFB, el paper dels farmac\u00e8utics durant la COVID-19 i les novetats d'\u00c0gora Sanit\u00e0ria, temes m\u00e9s destacats als mitjans - Col\u00b7legi de Farmac\u00e8utics de Barcelona","isPartOf":{"@id":"https:\/\/www.cofb.org\/#website"},"primaryImageOfPage":{"@id":"https:\/\/novaorg.cofb.net\/2020\/08\/19\/juliol-nova-junta-govern-cofb-paper-farmaceutic-covid19-novetats-agora-sanitariaresident-del-cofb-i-el-tancament-del-mgof-temes-mes-destacats-als-mitjans\/#primaryimage"},"image":{"@id":"https:\/\/novaorg.cofb.net\/2020\/08\/19\/juliol-nova-junta-govern-cofb-paper-farmaceutic-covid19-novetats-agora-sanitariaresident-del-cofb-i-el-tancament-del-mgof-temes-mes-destacats-als-mitjans\/#primaryimage"},"thumbnailUrl":"","datePublished":"2020-08-19T07:54:42+00:00","dateModified":"2020-08-19T07:54:42+00:00","description":"La candidatura de Jordi Casas va ser l'\u00fanica que va presentar-se al proc\u00e9s electoral convocat per juliol. D'aquesta manera, el fins llavors secretari del COFB va ser elegit president amb una nova junta amb un total de 20 membres dels quals la meitat s\u00f3n nous.","breadcrumb":{"@id":"https:\/\/novaorg.cofb.net\/2020\/08\/19\/juliol-nova-junta-govern-cofb-paper-farmaceutic-covid19-novetats-agora-sanitariaresident-del-cofb-i-el-tancament-del-mgof-temes-mes-destacats-als-mitjans\/#breadcrumb"},"inLanguage":"es","potentialAction":[{"@type":"ReadAction","target":["https:\/\/novaorg.cofb.net\/2020\/08\/19\/juliol-nova-junta-govern-cofb-paper-farmaceutic-covid19-novetats-agora-sanitariaresident-del-cofb-i-el-tancament-del-mgof-temes-mes-destacats-als-mitjans\/"]}]},{"@type":"ImageObject","inLanguage":"es","@id":"https:\/\/novaorg.cofb.net\/2020\/08\/19\/juliol-nova-junta-govern-cofb-paper-farmaceutic-covid19-novetats-agora-sanitariaresident-del-cofb-i-el-tancament-del-mgof-temes-mes-destacats-als-mitjans\/#primaryimage","url":"","contentUrl":""},{"@type":"BreadcrumbList","@id":"https:\/\/novaorg.cofb.net\/2020\/08\/19\/juliol-nova-junta-govern-cofb-paper-farmaceutic-covid19-novetats-agora-sanitariaresident-del-cofb-i-el-tancament-del-mgof-temes-mes-destacats-als-mitjans\/#breadcrumb","itemListElement":[{"@type":"ListItem","position":1,"name":"Inici","item":"https:\/\/novaorg.cofb.net\/"},{"@type":"ListItem","position":2,"name":"Juliol: La nova Junta de Govern del COFB, el paper dels farmac\u00e8utics durant la COVID-19 i les novetats d&#8217;\u00c0gora Sanit\u00e0ria, temes m\u00e9s destacats als mitjans"}]},{"@type":"WebSite","@id":"https:\/\/www.cofb.org\/#website","url":"https:\/\/www.cofb.org\/","name":"Col\u00b7legi de Farmac\u00e8utics de Barcelona","description":"","publisher":{"@id":"https:\/\/www.cofb.org\/#organization"},"potentialAction":[{"@type":"SearchAction","target":{"@type":"EntryPoint","urlTemplate":"https:\/\/www.cofb.org\/?s={search_term_string}"},"query-input":"required name=search_term_string"}],"inLanguage":"es"},{"@type":"Organization","@id":"https:\/\/www.cofb.org\/#organization","name":"Col\u00b7legi de Farmac\u00e8utics de Barcelona","url":"https:\/\/www.cofb.org\/","logo":{"@type":"ImageObject","inLanguage":"es","@id":"https:\/\/www.cofb.org\/#\/schema\/logo\/image\/","url":"https:\/\/www.cofb.org\/wp-content\/uploads\/2023\/11\/cropped-Logotip-COFB.png","contentUrl":"https:\/\/www.cofb.org\/wp-content\/uploads\/2023\/11\/cropped-Logotip-COFB.png","width":500,"height":105,"caption":"Col\u00b7legi de Farmac\u00e8utics de Barcelona"},"image":{"@id":"https:\/\/www.cofb.org\/#\/schema\/logo\/image\/"},"sameAs":["https:\/\/www.facebook.com\/farmaceuticsbcn\/","https:\/\/twitter.com\/farmaceuticsbcn","https:\/\/www.instagram.com\/farmaceuticsbcn\/","https:\/\/www.linkedin.com\/company\/farmaceuticsbcn\/"]},{"@type":"Person","@id":"https:\/\/www.cofb.org\/#\/schema\/person\/22ed7eea88da74b0fa4d3154ad87ffcb","name":"wpAdminCofbOrg","image":{"@type":"ImageObject","inLanguage":"es","@id":"https:\/\/www.cofb.org\/#\/schema\/person\/image\/","url":"https:\/\/secure.gravatar.com\/avatar\/1721b20b3b8ca882c3b56ec6c978c594fff670e40c0718e9190eaeeb76aae7d8?s=96&d=mm&r=g","contentUrl":"https:\/\/secure.gravatar.com\/avatar\/1721b20b3b8ca882c3b56ec6c978c594fff670e40c0718e9190eaeeb76aae7d8?s=96&d=mm&r=g","caption":"wpAdminCofbOrg"},"sameAs":["http:\/\/192.168.64.122\/wordpress"],"url":"https:\/\/www.cofb.org\/es\/author\/wpadmincofborg\/"}]}},"uagb_featured_image_src":{"full":false,"thumbnail":false,"medium":false,"medium_large":false,"large":false,"1536x1536":false,"2048x2048":false,"trp-custom-language-flag":false},"uagb_author_info":{"display_name":"wpAdminCofbOrg","author_link":"https:\/\/www.cofb.org\/es\/author\/wpadmincofborg\/"},"uagb_comment_info":0,"uagb_excerpt":"Eleccions del COFB Jordi Casas, nou president del Col\u00b7legi La candidatura encap\u00e7alada per Jordi Casas va ser proclamada electa despr\u00e9s que no se&#8217;n present\u00e9s cap d&#8217;alternativa.\u00a0D&#8217;aquesta manera, el fins llavors secretari del COFB va ser elegit president, amb una nova Junta de Govern formada per 20 membres, dels quals 10 [&hellip;]","_links":{"self":[{"href":"https:\/\/www.cofb.org\/es\/wp-json\/wp\/v2\/posts\/51782","targetHints":{"allow":["GET"]}}],"collection":[{"href":"https:\/\/www.cofb.org\/es\/wp-json\/wp\/v2\/posts"}],"about":[{"href":"https:\/\/www.cofb.org\/es\/wp-json\/wp\/v2\/types\/post"}],"author":[{"embeddable":true,"href":"https:\/\/www.cofb.org\/es\/wp-json\/wp\/v2\/users\/1"}],"replies":[{"embeddable":true,"href":"https:\/\/www.cofb.org\/es\/wp-json\/wp\/v2\/comments?post=51782"}],"version-history":[{"count":0,"href":"https:\/\/www.cofb.org\/es\/wp-json\/wp\/v2\/posts\/51782\/revisions"}],"wp:featuredmedia":[{"embeddable":true,"href":"https:\/\/www.cofb.org\/es\/wp-json\/"}],"wp:attachment":[{"href":"https:\/\/www.cofb.org\/es\/wp-json\/wp\/v2\/media?parent=51782"}],"wp:term":[{"taxonomy":"category","embeddable":true,"href":"https:\/\/www.cofb.org\/es\/wp-json\/wp\/v2\/categories?post=51782"},{"taxonomy":"post_tag","embeddable":true,"href":"https:\/\/www.cofb.org\/es\/wp-json\/wp\/v2\/tags?post=51782"}],"curies":[{"name":"wp","href":"https:\/\/api.w.org\/{rel}","templated":true}]}}