{"id":51325,"date":"2020-06-26T13:07:41","date_gmt":"2020-06-26T11:07:41","guid":{"rendered":"https:\/\/blog.cofb.cat\/?p=51325"},"modified":"2020-06-26T13:07:41","modified_gmt":"2020-06-26T11:07:41","slug":"ja-esta-en-marxa-el-v-concurs-de-fotografia-del-cofb","status":"publish","type":"post","link":"https:\/\/www.cofb.org\/es\/2020\/06\/26\/ja-esta-en-marxa-el-v-concurs-de-fotografia-del-cofb\/","title":{"rendered":"Ya est\u00e1 en marcha el V concurso de fotograf\u00eda del COFB"},"content":{"rendered":"<p>La\u00a0<strong>Secci\u00f3n de Fotograf\u00eda del Colegio de Farmac\u00e9uticos de Barcelona<\/strong>\u00a0(FotoCofb) convoca el\u00a0<strong>V Concurso de Fotograf\u00eda<\/strong>\u00a0para todos los\u00a0<strong>farmac\u00e9uticos colegiados y sus familiares de primer grado<\/strong>\u00a0mayores de edad.<\/p>\n<p><a href=\"https:\/\/blog.cofb.cat\/wp-content\/uploads\/2020\/06\/V-edici\u00f3-concurs.jpg\"><img fetchpriority=\"high\" decoding=\"async\" class=\"aligncenter size-full wp-image-51330\" src=\"https:\/\/blog.cofb.cat\/wp-content\/uploads\/2020\/06\/V-edici\u00f3-concurs.jpg\" alt=\"\" width=\"835\" height=\"283\" \/><\/a><\/p>\n<h1><span style=\"color: #008080;\"><strong>Tem\u00e1tica<\/strong><\/span><\/h1>\n<p>La tem\u00e1tica propuesta de las fotograf\u00edas debe estar relacionada con la <strong>COVID-19 y el confinamiento y desconfinamiento<\/strong>: fotos desde casa, hechas en casa, bodegones, retratos, encuentros con familiares y amigos, etc.<\/p>\n<h1><span style=\"color: #008080;\"><strong>Premios<\/strong><\/span><\/h1>\n<p>Los premios consistir\u00e1n en <strong>libros de tem\u00e1tica fotogr\u00e1fica<\/strong>. Habr\u00e1 uno <strong>premio<\/strong> por <strong>cada una de las dos mejores fotograf\u00edas en la categor\u00eda color<\/strong> y uno <strong>premio por cada una de las dos mejores fotograf\u00edas<\/strong> en la <strong>categor\u00eda blanco y negro o monocolor.<\/strong><\/p>\n<h1><span style=\"color: #008080;\"><strong>Fechas claves<\/strong><\/span><\/h1>\n<ul>\n<li><strong>Inscripci\u00f3n:<\/strong>\u00a0Entre el 15 de junio y el 16 de octubre de 2020, ambos inclusive.<\/li>\n<li><strong>Admisi\u00f3n de las fotograf\u00edas:<\/strong>\u00a0Del 19 al 30 de octubre de 2020<\/li>\n<li><strong>Exposici\u00f3n:<\/strong>\u00a0Las obras premiadas y aquellas que el jurado considere ser\u00e1n impresas y expuestas del 16 de noviembre al 11 de diciembre de 2020, en la sede colegial, con el t\u00edtulo de la fotograf\u00eda y el seud\u00f3nimo del autor.<\/li>\n<\/ul>\n<p><a href=\"https:\/\/blog.cofb.cat\/wp-content\/uploads\/2020\/06\/blonde-629726_1920.jpg\"><img decoding=\"async\" class=\"aligncenter size-large wp-image-51339\" src=\"https:\/\/blog.cofb.cat\/wp-content\/uploads\/2020\/06\/blonde-629726_1920-1024x683.jpg\" alt=\"\" width=\"620\" height=\"414\" \/><\/a><\/p>\n<div class=\"box info\"><\/p>\n<h1><span style=\"color: #008080;\"><strong>Categor\u00edas, formatos e inscripciones<\/strong><\/span><\/h1>\n<p>Los <strong>colegiados<\/strong> o <strong>familiares mayores de edad<\/strong> de primer grado que quieran participar, deben<strong>inscribir previamente<\/strong> hasta el <strong>16 de octubre de 2020<\/strong>.<\/p>\n<p><span style=\"color: #008080;\"><strong>Categor\u00edas y formato\u00a0<\/strong><\/span><\/p>\n<p>El concurso tiene dos categor\u00edas premiadas:<\/p>\n<p>a) fotos en <strong>color<\/strong><\/p>\n<p>b) fotos en <strong>monocolor<\/strong> o <strong>blanco y negro<\/strong><\/p>\n<p>Cada participante puede presentar un m\u00e1ximo de <strong>dos fotograf\u00edas en color y dos en monocolor o blanco y negro<\/strong>, que podr\u00e1n estar hechas <strong>con c\u00e1mara o m\u00f3vil.<\/strong><\/p>\n<p>Las fotograf\u00edas deben ser <strong>originales<\/strong>, <strong>exclusivas de los autores<\/strong> y <strong>no haber sido ni premiadas ni publicadas antes<\/strong>.<\/p>\n<p>No tienen cabida fotomontajes, <em>collages<\/em>, t\u00e9cnicas de pintura sobre imagen, fotograf\u00edas manipuladas de cualquier modo, ni fotograf\u00edas que contengan cualquier texto impreso o marca de agua. Tampoco se admiten fotograf\u00edas que atenten contra la dignidad de las personas ni de los derechos humanos.<\/p>\n<p><span style=\"color: #008080;\"><strong>Inscripciones<\/strong><\/span><br \/>\nLos derechos de inscripcin son gratuitos. Las bases del concurso se pueden consultar en \u00e9ste <a href=\"https:\/\/www.cofb.org\/es\/que-oferim\/farmaceutics\/serveis\/formacio-i-projectes\/activitats\/?p_p_id=webportletLlistatActivitats_WAR_webportletLlistatActivitats_INSTANCE_RuQd0cQLInOb&amp;p_p_lifecycle=0&amp;p_p_state=normal&amp;p_p_mode=view&amp;p_p_col_id=column-3&amp;p_p_col_count=1&amp;_webportletLlistatActivitats_WAR_webportletLlistatActivitats_INSTANCE_RuQd0cQLInOb_strutsAction=%2Fview%2Fdetall&amp;_webportletLlistatActivitats_WAR_webportletLlistatActivitats_INSTANCE_RuQd0cQLInOb_id=2963\" target=\"_blank\" rel=\"noopener\">enlace<\/a>, a trav\u00e9s del apartado \u201cActividades\u201d de la <a href=\"http:\/\/www.cofb.org\/es\/\" target=\"_blank\" rel=\"noopener\">www.cofb.org<\/a><\/p>\n<p><\/div>\n<p><strong>Otras publicaciones de inter\u00e9s:<\/strong><\/p>\n<ul>\n<li><a href=\"https:\/\/blog.cofb.cat\/en-marxa-el-iv-concurs-de-fotografia-del-cofb\/\" target=\"_blank\" rel=\"noopener\">En marcha el IV concurso de fotograf\u00eda del COFB (Julio 2019)<\/a><\/li>\n<li><a href=\"https:\/\/blog.cofb.cat\/ja-tenim-guanyadors-de-la-iii-edicio-del-concurs-de-fotografia-del-cofb\/\" target=\"_blank\" rel=\"noopener\">Ya tenemos ganadores de la III edici\u00f3n del Concurso de Fotograf\u00eda del COFB (Diciembre 2018)<\/a><\/li>\n<\/ul>","protected":false},"excerpt":{"rendered":"<p>La Secci\u00f3n de Fotograf\u00eda del Colegio de Farmac\u00e9uticos de Barcelona (FotoCofb) convoca el V Concurso de Fotograf\u00eda para todos los farmac\u00e9uticos colegiados y sus familiares de primer grado mayores de edad. Tem\u00e1tica La tem\u00e1tica propuesta de las fotograf\u00edas debe estar relacionada con la COVID-19 y el confinamiento y desconfinamiento: fotos desde casa, tomadas en casa, [\u2026]<\/p>","protected":false},"author":1,"featured_media":51339,"comment_status":"open","ping_status":"open","sticky":false,"template":"","format":"standard","meta":{"_uag_custom_page_level_css":"","site-sidebar-layout":"default","site-content-layout":"","ast-site-content-layout":"default","site-content-style":"default","site-sidebar-style":"default","ast-global-header-display":"","ast-banner-title-visibility":"","ast-main-header-display":"","ast-hfb-above-header-display":"","ast-hfb-below-header-display":"","ast-hfb-mobile-header-display":"","site-post-title":"","ast-breadcrumbs-content":"","ast-featured-img":"disabled","footer-sml-layout":"","theme-transparent-header-meta":"","adv-header-id-meta":"","stick-header-meta":"","header-above-stick-meta":"","header-main-stick-meta":"","header-below-stick-meta":"","astra-migrate-meta-layouts":"default","ast-page-background-enabled":"default","ast-page-background-meta":{"desktop":{"background-color":"var(--ast-global-color-4)","background-image":"","background-repeat":"repeat","background-position":"center center","background-size":"auto","background-attachment":"scroll","background-type":"","background-media":"","overlay-type":"","overlay-color":"","overlay-opacity":"","overlay-gradient":""},"tablet":{"background-color":"","background-image":"","background-repeat":"repeat","background-position":"center center","background-size":"auto","background-attachment":"scroll","background-type":"","background-media":"","overlay-type":"","overlay-color":"","overlay-opacity":"","overlay-gradient":""},"mobile":{"background-color":"","background-image":"","background-repeat":"repeat","background-position":"center center","background-size":"auto","background-attachment":"scroll","background-type":"","background-media":"","overlay-type":"","overlay-color":"","overlay-opacity":"","overlay-gradient":""}},"ast-content-background-meta":{"desktop":{"background-color":"var(--ast-global-color-5)","background-image":"","background-repeat":"repeat","background-position":"center center","background-size":"auto","background-attachment":"scroll","background-type":"","background-media":"","overlay-type":"","overlay-color":"","overlay-opacity":"","overlay-gradient":""},"tablet":{"background-color":"var(--ast-global-color-5)","background-image":"","background-repeat":"repeat","background-position":"center center","background-size":"auto","background-attachment":"scroll","background-type":"","background-media":"","overlay-type":"","overlay-color":"","overlay-opacity":"","overlay-gradient":""},"mobile":{"background-color":"var(--ast-global-color-5)","background-image":"","background-repeat":"repeat","background-position":"center center","background-size":"auto","background-attachment":"scroll","background-type":"","background-media":"","overlay-type":"","overlay-color":"","overlay-opacity":"","overlay-gradient":""}},"footnotes":""},"categories":[23,535],"tags":[4187,4188,887,18,19,692,953,888,4102,469,90,2199,4189,53,68,530,4190,536],"class_list":["post-51325","post","type-post","status-publish","format-standard","has-post-thumbnail","hentry","category-destacats","category-seccio-de-fotografia-del-cofb","tag-activitat-cultural","tag-activitats-collegials","tag-categories","tag-cofb","tag-collegi-de-farmaceutics-de-barcelona","tag-collegiats","tag-concurs-de-fotografia","tag-concurs-fotografic","tag-confinament","tag-coronavirus","tag-covid-19","tag-cultura","tag-desconfinament","tag-farmaceutics","tag-farmacia","tag-fotografia","tag-fotos","tag-seccio-de-fotografia-del-collegi-de-farmaceutics-de-barcelona"],"yoast_head":"<!-- This site is optimized with the Yoast SEO plugin v22.4 - https:\/\/yoast.com\/wordpress\/plugins\/seo\/ -->\n<title>Ja est\u00e0 en marxa el V concurs de fotografia del COFB - Col\u00b7legi de Farmac\u00e8utics de Barcelona<\/title>\n<meta name=\"description\" content=\"La\u00a0Secci\u00f3 de Fotografia del Col\u00b7legi de Farmac\u00e8utics de Barcelona\u00a0(FotoCofb), convoca el\u00a0V Concurs de Fotografia\u00a0per a tots els\u00a0farmac\u00e8utics col\u00b7legiats i els seus familiars de primer grau\u00a0majors d\u2019edat.\" \/>\n<meta name=\"robots\" content=\"index, follow, max-snippet:-1, max-image-preview:large, max-video-preview:-1\" \/>\n<link rel=\"canonical\" href=\"https:\/\/novaorg.cofb.net\/2020\/06\/26\/ja-esta-en-marxa-el-v-concurs-de-fotografia-del-cofb\/\" \/>\n<meta property=\"og:locale\" content=\"es_ES\" \/>\n<meta property=\"og:type\" content=\"article\" \/>\n<meta property=\"og:title\" content=\"Ja est\u00e0 en marxa el V concurs de fotografia del COFB - Col\u00b7legi de Farmac\u00e8utics de Barcelona\" \/>\n<meta property=\"og:description\" content=\"La\u00a0Secci\u00f3 de Fotografia del Col\u00b7legi de Farmac\u00e8utics de Barcelona\u00a0(FotoCofb), convoca el\u00a0V Concurs de Fotografia\u00a0per a tots els\u00a0farmac\u00e8utics col\u00b7legiats i els seus familiars de primer grau\u00a0majors d\u2019edat.\" \/>\n<meta property=\"og:url\" content=\"https:\/\/novaorg.cofb.net\/2020\/06\/26\/ja-esta-en-marxa-el-v-concurs-de-fotografia-del-cofb\/\" \/>\n<meta property=\"og:site_name\" content=\"Col\u00b7legi de Farmac\u00e8utics de Barcelona\" \/>\n<meta property=\"article:publisher\" content=\"https:\/\/www.facebook.com\/farmaceuticsbcn\/\" \/>\n<meta property=\"article:published_time\" content=\"2020-06-26T11:07:41+00:00\" \/>\n<meta name=\"author\" content=\"wpAdminCofbOrg\" \/>\n<meta name=\"twitter:card\" content=\"summary_large_image\" \/>\n<meta name=\"twitter:creator\" content=\"@farmaceuticsbcn\" \/>\n<meta name=\"twitter:site\" content=\"@farmaceuticsbcn\" \/>\n<meta name=\"twitter:label1\" content=\"Escrito por\" \/>\n\t<meta name=\"twitter:data1\" content=\"wpAdminCofbOrg\" \/>\n\t<meta name=\"twitter:label2\" content=\"Tiempo de lectura\" \/>\n\t<meta name=\"twitter:data2\" content=\"2 minutos\" \/>\n<script type=\"application\/ld+json\" class=\"yoast-schema-graph\">{\"@context\":\"https:\/\/schema.org\",\"@graph\":[{\"@type\":\"Article\",\"@id\":\"https:\/\/novaorg.cofb.net\/2020\/06\/26\/ja-esta-en-marxa-el-v-concurs-de-fotografia-del-cofb\/#article\",\"isPartOf\":{\"@id\":\"https:\/\/novaorg.cofb.net\/2020\/06\/26\/ja-esta-en-marxa-el-v-concurs-de-fotografia-del-cofb\/\"},\"author\":{\"name\":\"wpAdminCofbOrg\",\"@id\":\"https:\/\/www.cofb.org\/#\/schema\/person\/22ed7eea88da74b0fa4d3154ad87ffcb\"},\"headline\":\"Ja est\u00e0 en marxa el V concurs de fotografia del COFB\",\"datePublished\":\"2020-06-26T11:07:41+00:00\",\"dateModified\":\"2020-06-26T11:07:41+00:00\",\"mainEntityOfPage\":{\"@id\":\"https:\/\/novaorg.cofb.net\/2020\/06\/26\/ja-esta-en-marxa-el-v-concurs-de-fotografia-del-cofb\/\"},\"wordCount\":402,\"commentCount\":0,\"publisher\":{\"@id\":\"https:\/\/www.cofb.org\/#organization\"},\"image\":{\"@id\":\"https:\/\/novaorg.cofb.net\/2020\/06\/26\/ja-esta-en-marxa-el-v-concurs-de-fotografia-del-cofb\/#primaryimage\"},\"thumbnailUrl\":\"\",\"keywords\":[\"activitat cultural\",\"activitats col\u00b7legials\",\"categories\",\"COFB\",\"Col\u00b7legi de Farmac\u00e8utics de Barcelona\",\"col\u00b7legiats\",\"concurs de fotografia\",\"concurs fotogr\u00e0fic\",\"confinament\",\"coronavirus\",\"COVID-19\",\"Cultura\",\"desconfinament\",\"farmac\u00e8utics\",\"Farm\u00e0cia\",\"fotografia\",\"fotos\",\"Secci\u00f3 de Fotografia del Col\u00b7legi de Farmac\u00e8utics de Barcelona\"],\"articleSection\":[\"Destacats\",\"Secci\u00f3 de fotografia del COFB\"],\"inLanguage\":\"es\",\"potentialAction\":[{\"@type\":\"CommentAction\",\"name\":\"Comment\",\"target\":[\"https:\/\/novaorg.cofb.net\/2020\/06\/26\/ja-esta-en-marxa-el-v-concurs-de-fotografia-del-cofb\/#respond\"]}]},{\"@type\":\"WebPage\",\"@id\":\"https:\/\/novaorg.cofb.net\/2020\/06\/26\/ja-esta-en-marxa-el-v-concurs-de-fotografia-del-cofb\/\",\"url\":\"https:\/\/novaorg.cofb.net\/2020\/06\/26\/ja-esta-en-marxa-el-v-concurs-de-fotografia-del-cofb\/\",\"name\":\"Ja est\u00e0 en marxa el V concurs de fotografia del COFB - Col\u00b7legi de Farmac\u00e8utics de Barcelona\",\"isPartOf\":{\"@id\":\"https:\/\/www.cofb.org\/#website\"},\"primaryImageOfPage\":{\"@id\":\"https:\/\/novaorg.cofb.net\/2020\/06\/26\/ja-esta-en-marxa-el-v-concurs-de-fotografia-del-cofb\/#primaryimage\"},\"image\":{\"@id\":\"https:\/\/novaorg.cofb.net\/2020\/06\/26\/ja-esta-en-marxa-el-v-concurs-de-fotografia-del-cofb\/#primaryimage\"},\"thumbnailUrl\":\"\",\"datePublished\":\"2020-06-26T11:07:41+00:00\",\"dateModified\":\"2020-06-26T11:07:41+00:00\",\"description\":\"La\u00a0Secci\u00f3 de Fotografia del Col\u00b7legi de Farmac\u00e8utics de Barcelona\u00a0(FotoCofb), convoca el\u00a0V Concurs de Fotografia\u00a0per a tots els\u00a0farmac\u00e8utics col\u00b7legiats i els seus familiars de primer grau\u00a0majors d\u2019edat.\",\"breadcrumb\":{\"@id\":\"https:\/\/novaorg.cofb.net\/2020\/06\/26\/ja-esta-en-marxa-el-v-concurs-de-fotografia-del-cofb\/#breadcrumb\"},\"inLanguage\":\"es\",\"potentialAction\":[{\"@type\":\"ReadAction\",\"target\":[\"https:\/\/novaorg.cofb.net\/2020\/06\/26\/ja-esta-en-marxa-el-v-concurs-de-fotografia-del-cofb\/\"]}]},{\"@type\":\"ImageObject\",\"inLanguage\":\"es\",\"@id\":\"https:\/\/novaorg.cofb.net\/2020\/06\/26\/ja-esta-en-marxa-el-v-concurs-de-fotografia-del-cofb\/#primaryimage\",\"url\":\"\",\"contentUrl\":\"\"},{\"@type\":\"BreadcrumbList\",\"@id\":\"https:\/\/novaorg.cofb.net\/2020\/06\/26\/ja-esta-en-marxa-el-v-concurs-de-fotografia-del-cofb\/#breadcrumb\",\"itemListElement\":[{\"@type\":\"ListItem\",\"position\":1,\"name\":\"Inici\",\"item\":\"https:\/\/novaorg.cofb.net\/\"},{\"@type\":\"ListItem\",\"position\":2,\"name\":\"Ja est\u00e0 en marxa el V concurs de fotografia del COFB\"}]},{\"@type\":\"WebSite\",\"@id\":\"https:\/\/www.cofb.org\/#website\",\"url\":\"https:\/\/www.cofb.org\/\",\"name\":\"Col\u00b7legi de Farmac\u00e8utics de Barcelona\",\"description\":\"\",\"publisher\":{\"@id\":\"https:\/\/www.cofb.org\/#organization\"},\"potentialAction\":[{\"@type\":\"SearchAction\",\"target\":{\"@type\":\"EntryPoint\",\"urlTemplate\":\"https:\/\/www.cofb.org\/?s={search_term_string}\"},\"query-input\":\"required name=search_term_string\"}],\"inLanguage\":\"es\"},{\"@type\":\"Organization\",\"@id\":\"https:\/\/www.cofb.org\/#organization\",\"name\":\"Col\u00b7legi de Farmac\u00e8utics de Barcelona\",\"url\":\"https:\/\/www.cofb.org\/\",\"logo\":{\"@type\":\"ImageObject\",\"inLanguage\":\"es\",\"@id\":\"https:\/\/www.cofb.org\/#\/schema\/logo\/image\/\",\"url\":\"https:\/\/www.cofb.org\/wp-content\/uploads\/2023\/11\/cropped-Logotip-COFB.png\",\"contentUrl\":\"https:\/\/www.cofb.org\/wp-content\/uploads\/2023\/11\/cropped-Logotip-COFB.png\",\"width\":500,\"height\":105,\"caption\":\"Col\u00b7legi de Farmac\u00e8utics de Barcelona\"},\"image\":{\"@id\":\"https:\/\/www.cofb.org\/#\/schema\/logo\/image\/\"},\"sameAs\":[\"https:\/\/www.facebook.com\/farmaceuticsbcn\/\",\"https:\/\/twitter.com\/farmaceuticsbcn\",\"https:\/\/www.instagram.com\/farmaceuticsbcn\/\",\"https:\/\/www.linkedin.com\/company\/farmaceuticsbcn\/\"]},{\"@type\":\"Person\",\"@id\":\"https:\/\/www.cofb.org\/#\/schema\/person\/22ed7eea88da74b0fa4d3154ad87ffcb\",\"name\":\"wpAdminCofbOrg\",\"image\":{\"@type\":\"ImageObject\",\"inLanguage\":\"es\",\"@id\":\"https:\/\/www.cofb.org\/#\/schema\/person\/image\/\",\"url\":\"https:\/\/secure.gravatar.com\/avatar\/1721b20b3b8ca882c3b56ec6c978c594fff670e40c0718e9190eaeeb76aae7d8?s=96&d=mm&r=g\",\"contentUrl\":\"https:\/\/secure.gravatar.com\/avatar\/1721b20b3b8ca882c3b56ec6c978c594fff670e40c0718e9190eaeeb76aae7d8?s=96&d=mm&r=g\",\"caption\":\"wpAdminCofbOrg\"},\"sameAs\":[\"http:\/\/192.168.64.122\/wordpress\"],\"url\":\"https:\/\/www.cofb.org\/es\/author\/wpadmincofborg\/\"}]}<\/script>\n<!-- \/ Yoast SEO plugin. -->","yoast_head_json":{"title":"Ja est\u00e0 en marxa el V concurs de fotografia del COFB - Col\u00b7legi de Farmac\u00e8utics de Barcelona","description":"La\u00a0Secci\u00f3 de Fotografia del Col\u00b7legi de Farmac\u00e8utics de Barcelona\u00a0(FotoCofb), convoca el\u00a0V Concurs de Fotografia\u00a0per a tots els\u00a0farmac\u00e8utics col\u00b7legiats i els seus familiars de primer grau\u00a0majors d\u2019edat.","robots":{"index":"index","follow":"follow","max-snippet":"max-snippet:-1","max-image-preview":"max-image-preview:large","max-video-preview":"max-video-preview:-1"},"canonical":"https:\/\/novaorg.cofb.net\/2020\/06\/26\/ja-esta-en-marxa-el-v-concurs-de-fotografia-del-cofb\/","og_locale":"es_ES","og_type":"article","og_title":"Ja est\u00e0 en marxa el V concurs de fotografia del COFB - Col\u00b7legi de Farmac\u00e8utics de Barcelona","og_description":"La\u00a0Secci\u00f3 de Fotografia del Col\u00b7legi de Farmac\u00e8utics de Barcelona\u00a0(FotoCofb), convoca el\u00a0V Concurs de Fotografia\u00a0per a tots els\u00a0farmac\u00e8utics col\u00b7legiats i els seus familiars de primer grau\u00a0majors d\u2019edat.","og_url":"https:\/\/novaorg.cofb.net\/2020\/06\/26\/ja-esta-en-marxa-el-v-concurs-de-fotografia-del-cofb\/","og_site_name":"Col\u00b7legi de Farmac\u00e8utics de Barcelona","article_publisher":"https:\/\/www.facebook.com\/farmaceuticsbcn\/","article_published_time":"2020-06-26T11:07:41+00:00","author":"wpAdminCofbOrg","twitter_card":"summary_large_image","twitter_creator":"@farmaceuticsbcn","twitter_site":"@farmaceuticsbcn","twitter_misc":{"Escrito por":"wpAdminCofbOrg","Tiempo de lectura":"2 minutos"},"schema":{"@context":"https:\/\/schema.org","@graph":[{"@type":"Article","@id":"https:\/\/novaorg.cofb.net\/2020\/06\/26\/ja-esta-en-marxa-el-v-concurs-de-fotografia-del-cofb\/#article","isPartOf":{"@id":"https:\/\/novaorg.cofb.net\/2020\/06\/26\/ja-esta-en-marxa-el-v-concurs-de-fotografia-del-cofb\/"},"author":{"name":"wpAdminCofbOrg","@id":"https:\/\/www.cofb.org\/#\/schema\/person\/22ed7eea88da74b0fa4d3154ad87ffcb"},"headline":"Ja est\u00e0 en marxa el V concurs de fotografia del COFB","datePublished":"2020-06-26T11:07:41+00:00","dateModified":"2020-06-26T11:07:41+00:00","mainEntityOfPage":{"@id":"https:\/\/novaorg.cofb.net\/2020\/06\/26\/ja-esta-en-marxa-el-v-concurs-de-fotografia-del-cofb\/"},"wordCount":402,"commentCount":0,"publisher":{"@id":"https:\/\/www.cofb.org\/#organization"},"image":{"@id":"https:\/\/novaorg.cofb.net\/2020\/06\/26\/ja-esta-en-marxa-el-v-concurs-de-fotografia-del-cofb\/#primaryimage"},"thumbnailUrl":"","keywords":["activitat cultural","activitats col\u00b7legials","categories","COFB","Col\u00b7legi de Farmac\u00e8utics de Barcelona","col\u00b7legiats","concurs de fotografia","concurs fotogr\u00e0fic","confinament","coronavirus","COVID-19","Cultura","desconfinament","farmac\u00e8utics","Farm\u00e0cia","fotografia","fotos","Secci\u00f3 de Fotografia del Col\u00b7legi de Farmac\u00e8utics de Barcelona"],"articleSection":["Destacats","Secci\u00f3 de fotografia del COFB"],"inLanguage":"es","potentialAction":[{"@type":"CommentAction","name":"Comment","target":["https:\/\/novaorg.cofb.net\/2020\/06\/26\/ja-esta-en-marxa-el-v-concurs-de-fotografia-del-cofb\/#respond"]}]},{"@type":"WebPage","@id":"https:\/\/novaorg.cofb.net\/2020\/06\/26\/ja-esta-en-marxa-el-v-concurs-de-fotografia-del-cofb\/","url":"https:\/\/novaorg.cofb.net\/2020\/06\/26\/ja-esta-en-marxa-el-v-concurs-de-fotografia-del-cofb\/","name":"Ja est\u00e0 en marxa el V concurs de fotografia del COFB - Col\u00b7legi de Farmac\u00e8utics de Barcelona","isPartOf":{"@id":"https:\/\/www.cofb.org\/#website"},"primaryImageOfPage":{"@id":"https:\/\/novaorg.cofb.net\/2020\/06\/26\/ja-esta-en-marxa-el-v-concurs-de-fotografia-del-cofb\/#primaryimage"},"image":{"@id":"https:\/\/novaorg.cofb.net\/2020\/06\/26\/ja-esta-en-marxa-el-v-concurs-de-fotografia-del-cofb\/#primaryimage"},"thumbnailUrl":"","datePublished":"2020-06-26T11:07:41+00:00","dateModified":"2020-06-26T11:07:41+00:00","description":"La\u00a0Secci\u00f3 de Fotografia del Col\u00b7legi de Farmac\u00e8utics de Barcelona\u00a0(FotoCofb), convoca el\u00a0V Concurs de Fotografia\u00a0per a tots els\u00a0farmac\u00e8utics col\u00b7legiats i els seus familiars de primer grau\u00a0majors d\u2019edat.","breadcrumb":{"@id":"https:\/\/novaorg.cofb.net\/2020\/06\/26\/ja-esta-en-marxa-el-v-concurs-de-fotografia-del-cofb\/#breadcrumb"},"inLanguage":"es","potentialAction":[{"@type":"ReadAction","target":["https:\/\/novaorg.cofb.net\/2020\/06\/26\/ja-esta-en-marxa-el-v-concurs-de-fotografia-del-cofb\/"]}]},{"@type":"ImageObject","inLanguage":"es","@id":"https:\/\/novaorg.cofb.net\/2020\/06\/26\/ja-esta-en-marxa-el-v-concurs-de-fotografia-del-cofb\/#primaryimage","url":"","contentUrl":""},{"@type":"BreadcrumbList","@id":"https:\/\/novaorg.cofb.net\/2020\/06\/26\/ja-esta-en-marxa-el-v-concurs-de-fotografia-del-cofb\/#breadcrumb","itemListElement":[{"@type":"ListItem","position":1,"name":"Inici","item":"https:\/\/novaorg.cofb.net\/"},{"@type":"ListItem","position":2,"name":"Ja est\u00e0 en marxa el V concurs de fotografia del COFB"}]},{"@type":"WebSite","@id":"https:\/\/www.cofb.org\/#website","url":"https:\/\/www.cofb.org\/","name":"Col\u00b7legi de Farmac\u00e8utics de Barcelona","description":"","publisher":{"@id":"https:\/\/www.cofb.org\/#organization"},"potentialAction":[{"@type":"SearchAction","target":{"@type":"EntryPoint","urlTemplate":"https:\/\/www.cofb.org\/?s={search_term_string}"},"query-input":"required name=search_term_string"}],"inLanguage":"es"},{"@type":"Organization","@id":"https:\/\/www.cofb.org\/#organization","name":"Col\u00b7legi de Farmac\u00e8utics de Barcelona","url":"https:\/\/www.cofb.org\/","logo":{"@type":"ImageObject","inLanguage":"es","@id":"https:\/\/www.cofb.org\/#\/schema\/logo\/image\/","url":"https:\/\/www.cofb.org\/wp-content\/uploads\/2023\/11\/cropped-Logotip-COFB.png","contentUrl":"https:\/\/www.cofb.org\/wp-content\/uploads\/2023\/11\/cropped-Logotip-COFB.png","width":500,"height":105,"caption":"Col\u00b7legi de Farmac\u00e8utics de Barcelona"},"image":{"@id":"https:\/\/www.cofb.org\/#\/schema\/logo\/image\/"},"sameAs":["https:\/\/www.facebook.com\/farmaceuticsbcn\/","https:\/\/twitter.com\/farmaceuticsbcn","https:\/\/www.instagram.com\/farmaceuticsbcn\/","https:\/\/www.linkedin.com\/company\/farmaceuticsbcn\/"]},{"@type":"Person","@id":"https:\/\/www.cofb.org\/#\/schema\/person\/22ed7eea88da74b0fa4d3154ad87ffcb","name":"wpAdminCofbOrg","image":{"@type":"ImageObject","inLanguage":"es","@id":"https:\/\/www.cofb.org\/#\/schema\/person\/image\/","url":"https:\/\/secure.gravatar.com\/avatar\/1721b20b3b8ca882c3b56ec6c978c594fff670e40c0718e9190eaeeb76aae7d8?s=96&d=mm&r=g","contentUrl":"https:\/\/secure.gravatar.com\/avatar\/1721b20b3b8ca882c3b56ec6c978c594fff670e40c0718e9190eaeeb76aae7d8?s=96&d=mm&r=g","caption":"wpAdminCofbOrg"},"sameAs":["http:\/\/192.168.64.122\/wordpress"],"url":"https:\/\/www.cofb.org\/es\/author\/wpadmincofborg\/"}]}},"uagb_featured_image_src":{"full":false,"thumbnail":false,"medium":false,"medium_large":false,"large":false,"1536x1536":false,"2048x2048":false,"trp-custom-language-flag":false},"uagb_author_info":{"display_name":"wpAdminCofbOrg","author_link":"https:\/\/www.cofb.org\/es\/author\/wpadmincofborg\/"},"uagb_comment_info":0,"uagb_excerpt":"La\u00a0Secci\u00f3 de Fotografia del Col\u00b7legi de Farmac\u00e8utics de Barcelona\u00a0(FotoCofb) convoca el\u00a0V Concurs de Fotografia\u00a0per a tots els\u00a0farmac\u00e8utics col\u00b7legiats i els seus familiars de primer grau\u00a0majors d\u2019edat. Tem\u00e0tica La tem\u00e0tica proposada de les fotografies\u00a0ha d&#8217;estar relacionada amb la COVID-19 i el confinament i desconfinament: fotos des de casa, fetes a casa, [&hellip;]","_links":{"self":[{"href":"https:\/\/www.cofb.org\/es\/wp-json\/wp\/v2\/posts\/51325","targetHints":{"allow":["GET"]}}],"collection":[{"href":"https:\/\/www.cofb.org\/es\/wp-json\/wp\/v2\/posts"}],"about":[{"href":"https:\/\/www.cofb.org\/es\/wp-json\/wp\/v2\/types\/post"}],"author":[{"embeddable":true,"href":"https:\/\/www.cofb.org\/es\/wp-json\/wp\/v2\/users\/1"}],"replies":[{"embeddable":true,"href":"https:\/\/www.cofb.org\/es\/wp-json\/wp\/v2\/comments?post=51325"}],"version-history":[{"count":0,"href":"https:\/\/www.cofb.org\/es\/wp-json\/wp\/v2\/posts\/51325\/revisions"}],"wp:featuredmedia":[{"embeddable":true,"href":"https:\/\/www.cofb.org\/es\/wp-json\/"}],"wp:attachment":[{"href":"https:\/\/www.cofb.org\/es\/wp-json\/wp\/v2\/media?parent=51325"}],"wp:term":[{"taxonomy":"category","embeddable":true,"href":"https:\/\/www.cofb.org\/es\/wp-json\/wp\/v2\/categories?post=51325"},{"taxonomy":"post_tag","embeddable":true,"href":"https:\/\/www.cofb.org\/es\/wp-json\/wp\/v2\/tags?post=51325"}],"curies":[{"name":"wp","href":"https:\/\/api.w.org\/{rel}","templated":true}]}}