{"id":51306,"date":"2020-06-22T18:10:25","date_gmt":"2020-06-22T16:10:25","guid":{"rendered":"https:\/\/blog.cofb.cat\/?p=51306"},"modified":"2020-06-22T18:10:25","modified_gmt":"2020-06-22T16:10:25","slug":"finalitza-la-campanya-mascareta-salut-amb-mes-de-9-milions-de-mascaretes-dispensades-des-de-les-3-227-farmacies-catalanes","status":"publish","type":"post","link":"https:\/\/www.cofb.org\/es\/2020\/06\/22\/finalitza-la-campanya-mascareta-salut-amb-mes-de-9-milions-de-mascaretes-dispensades-des-de-les-3-227-farmacies-catalanes\/","title":{"rendered":"Finaliza la campa\u00f1a Mascareta\/Salut, con m\u00e1s de 9 millones de mascarillas dispensadas desde las 3.227 farmacias catalanas"},"content":{"rendered":"<p>Despu\u00e9s de dos meses en marcha, <strong>finaliza la<\/strong> <strong>campa\u00f1a Mascarilla\/Salud con 9.252.043 mascarillas sanitarias de tejido de tres capas dispensadas desde la red de 3.227 farmacias de Catalu\u00f1a. <\/strong><\/p>\n<p><a href=\"https:\/\/blog.cofb.cat\/wp-content\/uploads\/2020\/04\/MascaretaSalut-Destacada.png\"><img fetchpriority=\"high\" decoding=\"async\" class=\"aligncenter size-large wp-image-50764\" src=\"https:\/\/blog.cofb.cat\/wp-content\/uploads\/2020\/04\/MascaretaSalut-Destacada-1024x512.png\" alt=\"\" width=\"620\" height=\"310\" \/><\/a>Gracias a esta iniciativa, impulsada entre en el Departamento de Salud y el Consejo de Colegios Farmac\u00e9uticos de Catalu\u00f1a, <strong>la profesi\u00f3n farmac\u00e9utica ha realizado un esfuerzo extraordinario m\u00e1s all\u00e1 del trabajo que ya realiza en su d\u00eda a d\u00eda, dando respuesta a una necesidad derivada del proceso gradual de levantamiento del confinamiento -la utilizaci\u00f3n generalizada de mascarillas-, en un momento en que hab\u00eda baja disponibilidad de este producto.<\/strong><\/p>\n<h1><strong>Dispensaci\u00f3n a trav\u00e9s del sistema de receta electr\u00f3nica de forma profesional, regulada y registrada<\/strong><\/h1>\n<p><strong>La dispensaci\u00f3n se ha realizado a trav\u00e9s del sistema de receta electr\u00f3nica del CatSalut -previa presentaci\u00f3n por parte del usuario de la tarjeta sanitaria individual-, <\/strong>hecho que ha permitido hacerlo de<strong> forma profesional, regulada y registrada y adaptar la frecuencia de dispensaci\u00f3n en funci\u00f3n de la demanda por parte de la poblaci\u00f3n.<\/strong><\/p>\n<p><strong>La primera mascarilla gratuita<\/strong> <strong>fue cargo del Servicio Catal\u00e1n de la Salud,<\/strong> y, <strong>las siguientes, a 0,76 c\u00e9ntimos\/unidad, <\/strong>precio fijado para la campa\u00f1a por parte del Departamento de Salud<strong> sin que la distribuci\u00f3n ni las oficinas de farmacia hayan tenido margen de beneficio alguno.<\/strong><\/p>\n<div class=\"box info\"><\/p>\n<h1><strong>Mascarillas sanitarias: aspectos a tener en cuenta<\/strong><\/h1>\n<p>En el marco de esta campa\u00f1a, se elabor\u00f3 un<strong>\u00a0<a href=\"https:\/\/www.cofb.org\/es\/documents\/10136\/1155533\/cartell_bon_us_mascareta\/1ad3507e-1ac1-48c5-8957-36f4997eaa57\/\" target=\"_blank\" rel=\"noopener\">cartel con consejos sobre c\u00f3mo hacer un buen uso de las mascarillas.\u00a0<\/a><\/strong>Concretamente, los tres aspectos que se detallan son\u00a0<strong>cuando utilizarlas,\u00a0<\/strong>d\u00f3nde hay que tener presente que, e<strong>n ning\u00fan caso, el uso de mascarilla sanitaria sustituye a las principales medidas higi\u00e9nicas,\u00a0<\/strong>como el\u00a0<strong>lavado de manos frecuente o taparse la boca y la nariz con la cara interna del codo\u00a0<\/strong>o con\u00a0<strong>pa\u00f1uelos desechables si tosemos o estornudamos,\u00a0<\/strong>as\u00ed como las\u00a0<strong>medidas de distanciamiento social<\/strong>; en segundo lugar, se definen los<strong>\u00a0siete pasos a seguir para su correcto uso;<\/strong>\u00a0y, finalmente, se detallan<strong>\u00a0las caracter\u00edsticas de la mascarilla que se entreg\u00f3 al usuario.<\/strong><\/p>\n<p><\/div>\n<h1><strong>La cadena del medicamento, al servicio de la salud del pa\u00eds<\/strong><\/h1>\n<p>La campa\u00f1a, <strong>apoyada por el Departamento de Salud, <\/strong>se enmarca en un proyecto liderado en su origen desde el <strong>Consejo de Colegios Farmac\u00e9uticos de Catalu\u00f1a (CCFC),<\/strong> conjuntamente con otros agentes de la cadena de abastecimiento del medicamento \u2013la <strong>industria, con Hartmann, y la distribuci\u00f3n, con Fedefarma, Alliance Healthcare, Cofares y Hefame\u2013<\/strong> y un grupo de trabajo de la <strong>C\u00e1mara de Comercio de Barcelona<\/strong>.<\/p>\n<p>Con esta iniciativa, <strong>la cadena del medicamento<\/strong> (industria, distribuci\u00f3n y la red de 3.227 farmacias catalanas) se ha puesto de nuevo<strong> al servicio de la salud del pa\u00eds, <\/strong>demostrando con cada acci\u00f3n que <strong>responde siempre con profesionalidad y compromiso ante la sociedad y la Administraci\u00f3n<\/strong>. Asimismo, <strong>los profesionales farmac\u00e9uticos catalanes, <\/strong>pese al reto que est\u00e1 suponiendo la gesti\u00f3n de la crisis sanitaria generada por la COVID-19, <strong>siguen trabajando para garantizar el acceso al medicamento, la protecci\u00f3n de toda la poblaci\u00f3n y para atender a sus necesidades con las m\u00e1ximas garant\u00edas.<\/strong><\/p>\n<p><strong>Otras publicaciones de inter\u00e9s:<\/strong><\/p>\n<ul>\n<li><a href=\"https:\/\/blog.cofb.cat\/xarxa-3-227-farmacies-catalanes-comencara-distribuir-1-milio-mig-mascaretes-poblacio-partir-20-dabril\/\" target=\"_blank\" rel=\"noopener\">La red de 3.227 farmacias catalanas empezar\u00e1 a distribuir 1 mill\u00f3n y medio de mascarillas a la poblaci\u00f3n a partir del 20 de abril (Abril 2020).<\/a><\/li>\n<li><a href=\"https:\/\/blog.cofb.cat\/iniciatives-apropar-medicacio-persones-vulnerables-durant-pandemia-covid-19\/\" target=\"_blank\" rel=\"noopener\">Iniciativas para acercar la medicaci\u00f3n a personas vulnerables durante la pandemia por COVID-19 (Abril 2020)<\/a><\/li>\n<li><a href=\"https:\/\/blog.cofb.cat\/el-cof-de-barcelona-recorda-que-les-farmacies-estan-en-primera-linia-dactuacio-davant-el-coronavirus-i-treballa-per-obtenir-mes-proteccio-per-al-collectiu\/\" target=\"_blank\" rel=\"noopener\">El COF de Barcelona recuerda que las farmacias est\u00e1n en primera l\u00ednea de actuaci\u00f3n ante el coronavirus y trabaja para obtener mayor protecci\u00f3n para el colectivo (Marzo 2020)<\/a><\/li>\n<\/ul>","protected":false},"excerpt":{"rendered":"<p>Despu\u00e9s de dos meses en marcha, finaliza la campa\u00f1a Mascarilla\/Salud con 9.252.043 mascarillas sanitarias de tejido de tres capas dispensadas desde la red de 3.227 farmacias de Catalu\u00f1a. Gracias a esta iniciativa, impulsada entre en el Departamento de Salud y el Consejo de Colegios Farmac\u00e9uticos de Catalu\u00f1a, la profesi\u00f3n [\u2026]<\/p>","protected":false},"author":1,"featured_media":50764,"comment_status":"open","ping_status":"open","sticky":false,"template":"","format":"standard","meta":{"_uag_custom_page_level_css":"","site-sidebar-layout":"default","site-content-layout":"","ast-site-content-layout":"default","site-content-style":"default","site-sidebar-style":"default","ast-global-header-display":"","ast-banner-title-visibility":"","ast-main-header-display":"","ast-hfb-above-header-display":"","ast-hfb-below-header-display":"","ast-hfb-mobile-header-display":"","site-post-title":"","ast-breadcrumbs-content":"","ast-featured-img":"disabled","footer-sml-layout":"","theme-transparent-header-meta":"","adv-header-id-meta":"","stick-header-meta":"","header-above-stick-meta":"","header-main-stick-meta":"","header-below-stick-meta":"","astra-migrate-meta-layouts":"default","ast-page-background-enabled":"default","ast-page-background-meta":{"desktop":{"background-color":"var(--ast-global-color-4)","background-image":"","background-repeat":"repeat","background-position":"center center","background-size":"auto","background-attachment":"scroll","background-type":"","background-media":"","overlay-type":"","overlay-color":"","overlay-opacity":"","overlay-gradient":""},"tablet":{"background-color":"","background-image":"","background-repeat":"repeat","background-position":"center center","background-size":"auto","background-attachment":"scroll","background-type":"","background-media":"","overlay-type":"","overlay-color":"","overlay-opacity":"","overlay-gradient":""},"mobile":{"background-color":"","background-image":"","background-repeat":"repeat","background-position":"center center","background-size":"auto","background-attachment":"scroll","background-type":"","background-media":"","overlay-type":"","overlay-color":"","overlay-opacity":"","overlay-gradient":""}},"ast-content-background-meta":{"desktop":{"background-color":"var(--ast-global-color-5)","background-image":"","background-repeat":"repeat","background-position":"center center","background-size":"auto","background-attachment":"scroll","background-type":"","background-media":"","overlay-type":"","overlay-color":"","overlay-opacity":"","overlay-gradient":""},"tablet":{"background-color":"var(--ast-global-color-5)","background-image":"","background-repeat":"repeat","background-position":"center center","background-size":"auto","background-attachment":"scroll","background-type":"","background-media":"","overlay-type":"","overlay-color":"","overlay-opacity":"","overlay-gradient":""},"mobile":{"background-color":"var(--ast-global-color-5)","background-image":"","background-repeat":"repeat","background-position":"center center","background-size":"auto","background-attachment":"scroll","background-type":"","background-media":"","overlay-type":"","overlay-color":"","overlay-opacity":"","overlay-gradient":""}},"footnotes":""},"categories":[23,57],"tags":[64,308,3316,963,311,2157,2142,584,2143,407],"class_list":["post-51306","post","type-post","status-publish","format-standard","has-post-thumbnail","hentry","category-destacats","category-mon-collegial","tag-atencio-farmaceutica","tag-ccfc","tag-consell-de-collegis-de-farmaceutics-de-catalunya","tag-covid19","tag-departament-de-salut","tag-distribucio","tag-mascareta-salut","tag-mascaretes","tag-mascaretes-sanitaries","tag-servei-catala-de-la-salut"],"yoast_head":"<!-- This site is optimized with the Yoast SEO plugin v22.4 - https:\/\/yoast.com\/wordpress\/plugins\/seo\/ -->\n<title>Finalitza la campanya Mascareta \/Salut, amb m\u00e9s de 9 milions de mascaretes dispensades des de les 3.227 farm\u00e0cies catalanes - Col\u00b7legi de Farmac\u00e8utics de Barcelona<\/title>\n<meta name=\"description\" content=\"Despr\u00e9s de dos mesos en marxa, finalitza la campanya Mascareta \/Salut amb 9.252.043 mascaretes sanit\u00e0ries de teixit de tres capes dispensades des de la xarxa de 3.227 farm\u00e0cies de Catalunya, i que ha estat impulsada entre en el Departament de Salut i el Consell de Col\u00b7legis Farmac\u00e8utics de Catalunya.\" \/>\n<meta name=\"robots\" content=\"index, follow, max-snippet:-1, max-image-preview:large, max-video-preview:-1\" \/>\n<link rel=\"canonical\" href=\"https:\/\/novaorg.cofb.net\/2020\/06\/22\/finalitza-la-campanya-mascareta-salut-amb-mes-de-9-milions-de-mascaretes-dispensades-des-de-les-3-227-farmacies-catalanes\/\" \/>\n<meta property=\"og:locale\" content=\"es_ES\" \/>\n<meta property=\"og:type\" content=\"article\" \/>\n<meta property=\"og:title\" content=\"Finalitza la campanya Mascareta \/Salut, amb m\u00e9s de 9 milions de mascaretes dispensades des de les 3.227 farm\u00e0cies catalanes - Col\u00b7legi de Farmac\u00e8utics de Barcelona\" \/>\n<meta property=\"og:description\" content=\"Despr\u00e9s de dos mesos en marxa, finalitza la campanya Mascareta \/Salut amb 9.252.043 mascaretes sanit\u00e0ries de teixit de tres capes dispensades des de la xarxa de 3.227 farm\u00e0cies de Catalunya, i que ha estat impulsada entre en el Departament de Salut i el Consell de Col\u00b7legis Farmac\u00e8utics de Catalunya.\" \/>\n<meta property=\"og:url\" content=\"https:\/\/novaorg.cofb.net\/2020\/06\/22\/finalitza-la-campanya-mascareta-salut-amb-mes-de-9-milions-de-mascaretes-dispensades-des-de-les-3-227-farmacies-catalanes\/\" \/>\n<meta property=\"og:site_name\" content=\"Col\u00b7legi de Farmac\u00e8utics de Barcelona\" \/>\n<meta property=\"article:publisher\" content=\"https:\/\/www.facebook.com\/farmaceuticsbcn\/\" \/>\n<meta property=\"article:published_time\" content=\"2020-06-22T16:10:25+00:00\" \/>\n<meta name=\"author\" content=\"wpAdminCofbOrg\" \/>\n<meta name=\"twitter:card\" content=\"summary_large_image\" \/>\n<meta name=\"twitter:creator\" content=\"@farmaceuticsbcn\" \/>\n<meta name=\"twitter:site\" content=\"@farmaceuticsbcn\" \/>\n<meta name=\"twitter:label1\" content=\"Escrito por\" \/>\n\t<meta name=\"twitter:data1\" content=\"wpAdminCofbOrg\" \/>\n\t<meta name=\"twitter:label2\" content=\"Tiempo de lectura\" \/>\n\t<meta name=\"twitter:data2\" content=\"3 minutos\" \/>\n<script type=\"application\/ld+json\" class=\"yoast-schema-graph\">{\"@context\":\"https:\/\/schema.org\",\"@graph\":[{\"@type\":\"Article\",\"@id\":\"https:\/\/novaorg.cofb.net\/2020\/06\/22\/finalitza-la-campanya-mascareta-salut-amb-mes-de-9-milions-de-mascaretes-dispensades-des-de-les-3-227-farmacies-catalanes\/#article\",\"isPartOf\":{\"@id\":\"https:\/\/novaorg.cofb.net\/2020\/06\/22\/finalitza-la-campanya-mascareta-salut-amb-mes-de-9-milions-de-mascaretes-dispensades-des-de-les-3-227-farmacies-catalanes\/\"},\"author\":{\"name\":\"wpAdminCofbOrg\",\"@id\":\"https:\/\/www.cofb.org\/#\/schema\/person\/22ed7eea88da74b0fa4d3154ad87ffcb\"},\"headline\":\"Finalitza la campanya Mascareta \/Salut, amb m\u00e9s de 9 milions de mascaretes dispensades des de les 3.227 farm\u00e0cies catalanes\",\"datePublished\":\"2020-06-22T16:10:25+00:00\",\"dateModified\":\"2020-06-22T16:10:25+00:00\",\"mainEntityOfPage\":{\"@id\":\"https:\/\/novaorg.cofb.net\/2020\/06\/22\/finalitza-la-campanya-mascareta-salut-amb-mes-de-9-milions-de-mascaretes-dispensades-des-de-les-3-227-farmacies-catalanes\/\"},\"wordCount\":640,\"commentCount\":0,\"publisher\":{\"@id\":\"https:\/\/www.cofb.org\/#organization\"},\"image\":{\"@id\":\"https:\/\/novaorg.cofb.net\/2020\/06\/22\/finalitza-la-campanya-mascareta-salut-amb-mes-de-9-milions-de-mascaretes-dispensades-des-de-les-3-227-farmacies-catalanes\/#primaryimage\"},\"thumbnailUrl\":\"\",\"keywords\":[\"Atenci\u00f3 farmac\u00e8utica\",\"CCFC\",\"Consell de Col\u00b7legis de Farmac\u00e8utics de Catalunya\",\"COVID19\",\"Departament de Salut\",\"Distribuci\u00f3\",\"Mascareta\/Salut\",\"mascaretes\",\"mascaretes sanit\u00e0ries\",\"Servei Catal\u00e0 de la Salut\"],\"articleSection\":[\"Destacats\",\"M\u00f3n col\u00b7legial\"],\"inLanguage\":\"es\",\"potentialAction\":[{\"@type\":\"CommentAction\",\"name\":\"Comment\",\"target\":[\"https:\/\/novaorg.cofb.net\/2020\/06\/22\/finalitza-la-campanya-mascareta-salut-amb-mes-de-9-milions-de-mascaretes-dispensades-des-de-les-3-227-farmacies-catalanes\/#respond\"]}]},{\"@type\":\"WebPage\",\"@id\":\"https:\/\/novaorg.cofb.net\/2020\/06\/22\/finalitza-la-campanya-mascareta-salut-amb-mes-de-9-milions-de-mascaretes-dispensades-des-de-les-3-227-farmacies-catalanes\/\",\"url\":\"https:\/\/novaorg.cofb.net\/2020\/06\/22\/finalitza-la-campanya-mascareta-salut-amb-mes-de-9-milions-de-mascaretes-dispensades-des-de-les-3-227-farmacies-catalanes\/\",\"name\":\"Finalitza la campanya Mascareta \/Salut, amb m\u00e9s de 9 milions de mascaretes dispensades des de les 3.227 farm\u00e0cies catalanes - Col\u00b7legi de Farmac\u00e8utics de Barcelona\",\"isPartOf\":{\"@id\":\"https:\/\/www.cofb.org\/#website\"},\"primaryImageOfPage\":{\"@id\":\"https:\/\/novaorg.cofb.net\/2020\/06\/22\/finalitza-la-campanya-mascareta-salut-amb-mes-de-9-milions-de-mascaretes-dispensades-des-de-les-3-227-farmacies-catalanes\/#primaryimage\"},\"image\":{\"@id\":\"https:\/\/novaorg.cofb.net\/2020\/06\/22\/finalitza-la-campanya-mascareta-salut-amb-mes-de-9-milions-de-mascaretes-dispensades-des-de-les-3-227-farmacies-catalanes\/#primaryimage\"},\"thumbnailUrl\":\"\",\"datePublished\":\"2020-06-22T16:10:25+00:00\",\"dateModified\":\"2020-06-22T16:10:25+00:00\",\"description\":\"Despr\u00e9s de dos mesos en marxa, finalitza la campanya Mascareta \/Salut amb 9.252.043 mascaretes sanit\u00e0ries de teixit de tres capes dispensades des de la xarxa de 3.227 farm\u00e0cies de Catalunya, i que ha estat impulsada entre en el Departament de Salut i el Consell de Col\u00b7legis Farmac\u00e8utics de Catalunya.\",\"breadcrumb\":{\"@id\":\"https:\/\/novaorg.cofb.net\/2020\/06\/22\/finalitza-la-campanya-mascareta-salut-amb-mes-de-9-milions-de-mascaretes-dispensades-des-de-les-3-227-farmacies-catalanes\/#breadcrumb\"},\"inLanguage\":\"es\",\"potentialAction\":[{\"@type\":\"ReadAction\",\"target\":[\"https:\/\/novaorg.cofb.net\/2020\/06\/22\/finalitza-la-campanya-mascareta-salut-amb-mes-de-9-milions-de-mascaretes-dispensades-des-de-les-3-227-farmacies-catalanes\/\"]}]},{\"@type\":\"ImageObject\",\"inLanguage\":\"es\",\"@id\":\"https:\/\/novaorg.cofb.net\/2020\/06\/22\/finalitza-la-campanya-mascareta-salut-amb-mes-de-9-milions-de-mascaretes-dispensades-des-de-les-3-227-farmacies-catalanes\/#primaryimage\",\"url\":\"\",\"contentUrl\":\"\"},{\"@type\":\"BreadcrumbList\",\"@id\":\"https:\/\/novaorg.cofb.net\/2020\/06\/22\/finalitza-la-campanya-mascareta-salut-amb-mes-de-9-milions-de-mascaretes-dispensades-des-de-les-3-227-farmacies-catalanes\/#breadcrumb\",\"itemListElement\":[{\"@type\":\"ListItem\",\"position\":1,\"name\":\"Inici\",\"item\":\"https:\/\/novaorg.cofb.net\/\"},{\"@type\":\"ListItem\",\"position\":2,\"name\":\"Finalitza la campanya Mascareta \/Salut, amb m\u00e9s de 9 milions de mascaretes dispensades des de les 3.227 farm\u00e0cies catalanes\"}]},{\"@type\":\"WebSite\",\"@id\":\"https:\/\/www.cofb.org\/#website\",\"url\":\"https:\/\/www.cofb.org\/\",\"name\":\"Col\u00b7legi de Farmac\u00e8utics de Barcelona\",\"description\":\"\",\"publisher\":{\"@id\":\"https:\/\/www.cofb.org\/#organization\"},\"potentialAction\":[{\"@type\":\"SearchAction\",\"target\":{\"@type\":\"EntryPoint\",\"urlTemplate\":\"https:\/\/www.cofb.org\/?s={search_term_string}\"},\"query-input\":\"required name=search_term_string\"}],\"inLanguage\":\"es\"},{\"@type\":\"Organization\",\"@id\":\"https:\/\/www.cofb.org\/#organization\",\"name\":\"Col\u00b7legi de Farmac\u00e8utics de Barcelona\",\"url\":\"https:\/\/www.cofb.org\/\",\"logo\":{\"@type\":\"ImageObject\",\"inLanguage\":\"es\",\"@id\":\"https:\/\/www.cofb.org\/#\/schema\/logo\/image\/\",\"url\":\"https:\/\/www.cofb.org\/wp-content\/uploads\/2023\/11\/cropped-Logotip-COFB.png\",\"contentUrl\":\"https:\/\/www.cofb.org\/wp-content\/uploads\/2023\/11\/cropped-Logotip-COFB.png\",\"width\":500,\"height\":105,\"caption\":\"Col\u00b7legi de Farmac\u00e8utics de Barcelona\"},\"image\":{\"@id\":\"https:\/\/www.cofb.org\/#\/schema\/logo\/image\/\"},\"sameAs\":[\"https:\/\/www.facebook.com\/farmaceuticsbcn\/\",\"https:\/\/twitter.com\/farmaceuticsbcn\",\"https:\/\/www.instagram.com\/farmaceuticsbcn\/\",\"https:\/\/www.linkedin.com\/company\/farmaceuticsbcn\/\"]},{\"@type\":\"Person\",\"@id\":\"https:\/\/www.cofb.org\/#\/schema\/person\/22ed7eea88da74b0fa4d3154ad87ffcb\",\"name\":\"wpAdminCofbOrg\",\"image\":{\"@type\":\"ImageObject\",\"inLanguage\":\"es\",\"@id\":\"https:\/\/www.cofb.org\/#\/schema\/person\/image\/\",\"url\":\"https:\/\/secure.gravatar.com\/avatar\/1721b20b3b8ca882c3b56ec6c978c594fff670e40c0718e9190eaeeb76aae7d8?s=96&d=mm&r=g\",\"contentUrl\":\"https:\/\/secure.gravatar.com\/avatar\/1721b20b3b8ca882c3b56ec6c978c594fff670e40c0718e9190eaeeb76aae7d8?s=96&d=mm&r=g\",\"caption\":\"wpAdminCofbOrg\"},\"sameAs\":[\"http:\/\/192.168.64.122\/wordpress\"],\"url\":\"https:\/\/www.cofb.org\/es\/author\/wpadmincofborg\/\"}]}<\/script>\n<!-- \/ Yoast SEO plugin. -->","yoast_head_json":{"title":"Finalitza la campanya Mascareta \/Salut, amb m\u00e9s de 9 milions de mascaretes dispensades des de les 3.227 farm\u00e0cies catalanes - Col\u00b7legi de Farmac\u00e8utics de Barcelona","description":"Despr\u00e9s de dos mesos en marxa, finalitza la campanya Mascareta \/Salut amb 9.252.043 mascaretes sanit\u00e0ries de teixit de tres capes dispensades des de la xarxa de 3.227 farm\u00e0cies de Catalunya, i que ha estat impulsada entre en el Departament de Salut i el Consell de Col\u00b7legis Farmac\u00e8utics de Catalunya.","robots":{"index":"index","follow":"follow","max-snippet":"max-snippet:-1","max-image-preview":"max-image-preview:large","max-video-preview":"max-video-preview:-1"},"canonical":"https:\/\/novaorg.cofb.net\/2020\/06\/22\/finalitza-la-campanya-mascareta-salut-amb-mes-de-9-milions-de-mascaretes-dispensades-des-de-les-3-227-farmacies-catalanes\/","og_locale":"es_ES","og_type":"article","og_title":"Finalitza la campanya Mascareta \/Salut, amb m\u00e9s de 9 milions de mascaretes dispensades des de les 3.227 farm\u00e0cies catalanes - Col\u00b7legi de Farmac\u00e8utics de Barcelona","og_description":"Despr\u00e9s de dos mesos en marxa, finalitza la campanya Mascareta \/Salut amb 9.252.043 mascaretes sanit\u00e0ries de teixit de tres capes dispensades des de la xarxa de 3.227 farm\u00e0cies de Catalunya, i que ha estat impulsada entre en el Departament de Salut i el Consell de Col\u00b7legis Farmac\u00e8utics de Catalunya.","og_url":"https:\/\/novaorg.cofb.net\/2020\/06\/22\/finalitza-la-campanya-mascareta-salut-amb-mes-de-9-milions-de-mascaretes-dispensades-des-de-les-3-227-farmacies-catalanes\/","og_site_name":"Col\u00b7legi de Farmac\u00e8utics de Barcelona","article_publisher":"https:\/\/www.facebook.com\/farmaceuticsbcn\/","article_published_time":"2020-06-22T16:10:25+00:00","author":"wpAdminCofbOrg","twitter_card":"summary_large_image","twitter_creator":"@farmaceuticsbcn","twitter_site":"@farmaceuticsbcn","twitter_misc":{"Escrito por":"wpAdminCofbOrg","Tiempo de lectura":"3 minutos"},"schema":{"@context":"https:\/\/schema.org","@graph":[{"@type":"Article","@id":"https:\/\/novaorg.cofb.net\/2020\/06\/22\/finalitza-la-campanya-mascareta-salut-amb-mes-de-9-milions-de-mascaretes-dispensades-des-de-les-3-227-farmacies-catalanes\/#article","isPartOf":{"@id":"https:\/\/novaorg.cofb.net\/2020\/06\/22\/finalitza-la-campanya-mascareta-salut-amb-mes-de-9-milions-de-mascaretes-dispensades-des-de-les-3-227-farmacies-catalanes\/"},"author":{"name":"wpAdminCofbOrg","@id":"https:\/\/www.cofb.org\/#\/schema\/person\/22ed7eea88da74b0fa4d3154ad87ffcb"},"headline":"Finalitza la campanya Mascareta \/Salut, amb m\u00e9s de 9 milions de mascaretes dispensades des de les 3.227 farm\u00e0cies catalanes","datePublished":"2020-06-22T16:10:25+00:00","dateModified":"2020-06-22T16:10:25+00:00","mainEntityOfPage":{"@id":"https:\/\/novaorg.cofb.net\/2020\/06\/22\/finalitza-la-campanya-mascareta-salut-amb-mes-de-9-milions-de-mascaretes-dispensades-des-de-les-3-227-farmacies-catalanes\/"},"wordCount":640,"commentCount":0,"publisher":{"@id":"https:\/\/www.cofb.org\/#organization"},"image":{"@id":"https:\/\/novaorg.cofb.net\/2020\/06\/22\/finalitza-la-campanya-mascareta-salut-amb-mes-de-9-milions-de-mascaretes-dispensades-des-de-les-3-227-farmacies-catalanes\/#primaryimage"},"thumbnailUrl":"","keywords":["Atenci\u00f3 farmac\u00e8utica","CCFC","Consell de Col\u00b7legis de Farmac\u00e8utics de Catalunya","COVID19","Departament de Salut","Distribuci\u00f3","Mascareta\/Salut","mascaretes","mascaretes sanit\u00e0ries","Servei Catal\u00e0 de la Salut"],"articleSection":["Destacats","M\u00f3n col\u00b7legial"],"inLanguage":"es","potentialAction":[{"@type":"CommentAction","name":"Comment","target":["https:\/\/novaorg.cofb.net\/2020\/06\/22\/finalitza-la-campanya-mascareta-salut-amb-mes-de-9-milions-de-mascaretes-dispensades-des-de-les-3-227-farmacies-catalanes\/#respond"]}]},{"@type":"WebPage","@id":"https:\/\/novaorg.cofb.net\/2020\/06\/22\/finalitza-la-campanya-mascareta-salut-amb-mes-de-9-milions-de-mascaretes-dispensades-des-de-les-3-227-farmacies-catalanes\/","url":"https:\/\/novaorg.cofb.net\/2020\/06\/22\/finalitza-la-campanya-mascareta-salut-amb-mes-de-9-milions-de-mascaretes-dispensades-des-de-les-3-227-farmacies-catalanes\/","name":"Finalitza la campanya Mascareta \/Salut, amb m\u00e9s de 9 milions de mascaretes dispensades des de les 3.227 farm\u00e0cies catalanes - Col\u00b7legi de Farmac\u00e8utics de Barcelona","isPartOf":{"@id":"https:\/\/www.cofb.org\/#website"},"primaryImageOfPage":{"@id":"https:\/\/novaorg.cofb.net\/2020\/06\/22\/finalitza-la-campanya-mascareta-salut-amb-mes-de-9-milions-de-mascaretes-dispensades-des-de-les-3-227-farmacies-catalanes\/#primaryimage"},"image":{"@id":"https:\/\/novaorg.cofb.net\/2020\/06\/22\/finalitza-la-campanya-mascareta-salut-amb-mes-de-9-milions-de-mascaretes-dispensades-des-de-les-3-227-farmacies-catalanes\/#primaryimage"},"thumbnailUrl":"","datePublished":"2020-06-22T16:10:25+00:00","dateModified":"2020-06-22T16:10:25+00:00","description":"Despr\u00e9s de dos mesos en marxa, finalitza la campanya Mascareta \/Salut amb 9.252.043 mascaretes sanit\u00e0ries de teixit de tres capes dispensades des de la xarxa de 3.227 farm\u00e0cies de Catalunya, i que ha estat impulsada entre en el Departament de Salut i el Consell de Col\u00b7legis Farmac\u00e8utics de Catalunya.","breadcrumb":{"@id":"https:\/\/novaorg.cofb.net\/2020\/06\/22\/finalitza-la-campanya-mascareta-salut-amb-mes-de-9-milions-de-mascaretes-dispensades-des-de-les-3-227-farmacies-catalanes\/#breadcrumb"},"inLanguage":"es","potentialAction":[{"@type":"ReadAction","target":["https:\/\/novaorg.cofb.net\/2020\/06\/22\/finalitza-la-campanya-mascareta-salut-amb-mes-de-9-milions-de-mascaretes-dispensades-des-de-les-3-227-farmacies-catalanes\/"]}]},{"@type":"ImageObject","inLanguage":"es","@id":"https:\/\/novaorg.cofb.net\/2020\/06\/22\/finalitza-la-campanya-mascareta-salut-amb-mes-de-9-milions-de-mascaretes-dispensades-des-de-les-3-227-farmacies-catalanes\/#primaryimage","url":"","contentUrl":""},{"@type":"BreadcrumbList","@id":"https:\/\/novaorg.cofb.net\/2020\/06\/22\/finalitza-la-campanya-mascareta-salut-amb-mes-de-9-milions-de-mascaretes-dispensades-des-de-les-3-227-farmacies-catalanes\/#breadcrumb","itemListElement":[{"@type":"ListItem","position":1,"name":"Inici","item":"https:\/\/novaorg.cofb.net\/"},{"@type":"ListItem","position":2,"name":"Finalitza la campanya Mascareta \/Salut, amb m\u00e9s de 9 milions de mascaretes dispensades des de les 3.227 farm\u00e0cies catalanes"}]},{"@type":"WebSite","@id":"https:\/\/www.cofb.org\/#website","url":"https:\/\/www.cofb.org\/","name":"Col\u00b7legi de Farmac\u00e8utics de Barcelona","description":"","publisher":{"@id":"https:\/\/www.cofb.org\/#organization"},"potentialAction":[{"@type":"SearchAction","target":{"@type":"EntryPoint","urlTemplate":"https:\/\/www.cofb.org\/?s={search_term_string}"},"query-input":"required name=search_term_string"}],"inLanguage":"es"},{"@type":"Organization","@id":"https:\/\/www.cofb.org\/#organization","name":"Col\u00b7legi de Farmac\u00e8utics de Barcelona","url":"https:\/\/www.cofb.org\/","logo":{"@type":"ImageObject","inLanguage":"es","@id":"https:\/\/www.cofb.org\/#\/schema\/logo\/image\/","url":"https:\/\/www.cofb.org\/wp-content\/uploads\/2023\/11\/cropped-Logotip-COFB.png","contentUrl":"https:\/\/www.cofb.org\/wp-content\/uploads\/2023\/11\/cropped-Logotip-COFB.png","width":500,"height":105,"caption":"Col\u00b7legi de Farmac\u00e8utics de Barcelona"},"image":{"@id":"https:\/\/www.cofb.org\/#\/schema\/logo\/image\/"},"sameAs":["https:\/\/www.facebook.com\/farmaceuticsbcn\/","https:\/\/twitter.com\/farmaceuticsbcn","https:\/\/www.instagram.com\/farmaceuticsbcn\/","https:\/\/www.linkedin.com\/company\/farmaceuticsbcn\/"]},{"@type":"Person","@id":"https:\/\/www.cofb.org\/#\/schema\/person\/22ed7eea88da74b0fa4d3154ad87ffcb","name":"wpAdminCofbOrg","image":{"@type":"ImageObject","inLanguage":"es","@id":"https:\/\/www.cofb.org\/#\/schema\/person\/image\/","url":"https:\/\/secure.gravatar.com\/avatar\/1721b20b3b8ca882c3b56ec6c978c594fff670e40c0718e9190eaeeb76aae7d8?s=96&d=mm&r=g","contentUrl":"https:\/\/secure.gravatar.com\/avatar\/1721b20b3b8ca882c3b56ec6c978c594fff670e40c0718e9190eaeeb76aae7d8?s=96&d=mm&r=g","caption":"wpAdminCofbOrg"},"sameAs":["http:\/\/192.168.64.122\/wordpress"],"url":"https:\/\/www.cofb.org\/es\/author\/wpadmincofborg\/"}]}},"uagb_featured_image_src":{"full":false,"thumbnail":false,"medium":false,"medium_large":false,"large":false,"1536x1536":false,"2048x2048":false,"trp-custom-language-flag":false},"uagb_author_info":{"display_name":"wpAdminCofbOrg","author_link":"https:\/\/www.cofb.org\/es\/author\/wpadmincofborg\/"},"uagb_comment_info":0,"uagb_excerpt":"Despr\u00e9s de dos mesos en marxa, finalitza la campanya Mascareta \/Salut amb 9.252.043 mascaretes sanit\u00e0ries de teixit de tres capes dispensades des de la xarxa de 3.227 farm\u00e0cies de Catalunya. Gr\u00e0cies aquesta iniciativa, impulsada entre en el Departament de Salut i el Consell de Col\u00b7legis Farmac\u00e8utics de Catalunya, la professi\u00f3 [&hellip;]","_links":{"self":[{"href":"https:\/\/www.cofb.org\/es\/wp-json\/wp\/v2\/posts\/51306","targetHints":{"allow":["GET"]}}],"collection":[{"href":"https:\/\/www.cofb.org\/es\/wp-json\/wp\/v2\/posts"}],"about":[{"href":"https:\/\/www.cofb.org\/es\/wp-json\/wp\/v2\/types\/post"}],"author":[{"embeddable":true,"href":"https:\/\/www.cofb.org\/es\/wp-json\/wp\/v2\/users\/1"}],"replies":[{"embeddable":true,"href":"https:\/\/www.cofb.org\/es\/wp-json\/wp\/v2\/comments?post=51306"}],"version-history":[{"count":0,"href":"https:\/\/www.cofb.org\/es\/wp-json\/wp\/v2\/posts\/51306\/revisions"}],"wp:featuredmedia":[{"embeddable":true,"href":"https:\/\/www.cofb.org\/es\/wp-json\/"}],"wp:attachment":[{"href":"https:\/\/www.cofb.org\/es\/wp-json\/wp\/v2\/media?parent=51306"}],"wp:term":[{"taxonomy":"category","embeddable":true,"href":"https:\/\/www.cofb.org\/es\/wp-json\/wp\/v2\/categories?post=51306"},{"taxonomy":"post_tag","embeddable":true,"href":"https:\/\/www.cofb.org\/es\/wp-json\/wp\/v2\/tags?post=51306"}],"curies":[{"name":"wp","href":"https:\/\/api.w.org\/{rel}","templated":true}]}}