{"id":51226,"date":"2020-06-12T12:53:52","date_gmt":"2020-06-12T10:53:52","guid":{"rendered":"https:\/\/blog.cofb.cat\/?p=51226"},"modified":"2020-06-12T12:53:52","modified_gmt":"2020-06-12T10:53:52","slug":"quines-ponencies-trobarem-al-programa-dinfarma-jornades-digitals-covid-19","status":"publish","type":"post","link":"https:\/\/www.cofb.org\/es\/2020\/06\/12\/quines-ponencies-trobarem-al-programa-dinfarma-jornades-digitals-covid-19\/","title":{"rendered":"\u00bfQu\u00e9 ponencias encontraremos en el programa de Infarma Jornadas Digitales COVID-19?"},"content":{"rendered":"<p><strong>Queda menos de una semana para que comience Infarma Jornadas Digitales COVID-19<\/strong>, organizadas por los Colegios de Farmac\u00e9uticos de Barcelona y Madrid, con la colaboraci\u00f3n de Interalia. En la web de Infarma ya est\u00e1 <strong>disponible el <\/strong><a href=\"https:\/\/www.infarma.es\/programa-jornadas-digitales-covid-19\/\" target=\"_blank\" rel=\"noopener\"><strong>programa<\/strong><\/a><strong> de estas jornadas gratuitas<\/strong>, compuesto por <strong>seis ponencias<\/strong> que tendr\u00e1n lugar los pr\u00f3ximos <strong>17, 18 y 19 de junio<\/strong>.<\/p>\n<p><a href=\"https:\/\/blog.cofb.cat\/wp-content\/uploads\/2020\/06\/Save-the-date_Twitter_1024x512-2.jpg\"><img fetchpriority=\"high\" decoding=\"async\" class=\"aligncenter size-large wp-image-51229\" src=\"https:\/\/blog.cofb.cat\/wp-content\/uploads\/2020\/06\/Save-the-date_Twitter_1024x512-2-1024x512.jpg\" alt=\"\" width=\"620\" height=\"310\" \/><\/a><\/p>\n<h1><strong><u>\u00bfQu\u00e9 temas se abordar\u00e1n durante las conferencias?<\/u><\/strong><\/h1>\n<p>A lo largo de los tres d\u00edas, <strong>ponentes de reconocida trayectoria abordar\u00e1n diferentes tem\u00e1ticas en torno a la COVID-19<\/strong>, agrupadas en <strong>tres ejes principales<\/strong>: <strong>l\u00ednea de actuaci\u00f3n y proyecci\u00f3n de la farmacia, l\u00ednea cient\u00edfica-sanitaria y l\u00ednea gesti\u00f3n-econ\u00f3mica<\/strong>.<\/p>\n<h2><strong>Mi\u00e9rcoles, 17 de junio: evoluci\u00f3n de la profesi\u00f3n durante la crisis y efectos secundarios en los tratamientos<\/strong><\/h2>\n<p>La <strong>l\u00ednea de actuaci\u00f3n y proyecci\u00f3n de la farmacia<\/strong> contar\u00e1, en primer lugar, con la ponencia <strong>\u201cEvoluci\u00f3n de la profesi\u00f3n durante la crisis. C\u00f3mo se ha adaptado la oficina de farmacia\u201d<\/strong>, a cargo de Vicente J. Baixaul\u00ed, vicepresidente de SEFAC, y moderada por \u00d3scar L\u00f3pez, vocal de Oficina de Farmacia del COFM. Baixaul\u00ed se centrar\u00e1 en <strong>describir la crisis sanitaria<\/strong> provocada por la COVID-19 en las oficinas de farmacia desde su inicio hasta la fase de desescalada. Este relato estar\u00e1 ilustrado con <strong>im\u00e1genes e iniciativas que demuestran c\u00f3mo la oficina de farmacia y los farmac\u00e9uticos se han adaptado y han desempe\u00f1ado un papel fundamental<\/strong>.<\/p>\n<p>En segundo lugar, se impartir\u00e1 la sesi\u00f3n <strong>\u201cEl paciente postc\u00f3vido: \u00bfqu\u00e9 efectos secundarios en los tratamientos empiezan a conocerse?\u201d,<\/strong> a cargo de Manel Rabanal, jefe de la Secci\u00f3n de la Vigilancia y la Publicidad de los Medicamentos del Departamento de Salud, moderada por Aina Surroca, vocal del COFB. El dr. Rabanal dar\u00e1 a conocer durante su ponencia <strong>los datos recogidos por parte del Sistema Espa\u00f1ol de Farmacovigilancia de Medicamentos de Uso Humano (SEFV-MUH)<\/strong>, que ha realizado un seguimiento de los casos de sospechas de reacciones adversas notificados con medicamentos utilizados como tratamiento de la infecci\u00f3n por COVID-19.<\/p>\n<h2><strong>Jueves, 18 de junio: investigaci\u00f3n contra el SARS-CoV-2 y la situaci\u00f3n actual de las pruebas de diagn\u00f3stico<\/strong><\/h2>\n<p>Dentro de la l\u00ednea cient\u00edfica-sanitaria, se impartir\u00e1n las conferencias <strong>&quot;Investigaci\u00f3n contra el SARS-CoV-2: la estrategia test&amp;treat&quot;<\/strong>, a cargo del dr. Bonaventura Clotet, jefe del Servicio de Enfermedades Infecciosas del Hospital Germans Trias i Pujol de Badalona, y <strong>&quot;Situaci\u00f3n actual de las pruebas de diagn\u00f3stico&quot;<\/strong>, de la mano del dr. Jordi Vila, jefe del Servicio de Microbiolog\u00eda del Centro de Diagn\u00f3stico Biom\u00e9dico del Hospital Cl\u00ednic de Barcelona. Cristina Roure, vocal de Hospitales del Colegio de Farmac\u00e9uticos de Barcelona, y Llu\u00efsa Juan, vocal de An\u00e1lisis de este mismo Colegio, moderan, respectivamente, los webinares interactivos de este blog.<\/p>\n<p>Por un lado, el dr. Clotet expondr\u00e1 una de las claves en la investigaci\u00f3n contra el SARS-CoV-2, la estrategia \u201ctest&amp;treat\u201d, que consiste en <strong>diagnosticar la infecci\u00f3n en etapas muy iniciales<\/strong> y proporcionar un tratamiento efectivo a aquellas personas que den positivo, de modo que la progresi\u00f3n de la infecci\u00f3n se frene antes de conseguir la sintomatolog\u00eda m\u00e1s grave.<\/p>\n<p>Por otra parte, el dr. Villa revisar\u00e1 <strong>las herramientas disponibles actualmente<\/strong> para hacer un <strong>diagn\u00f3stico microbiol\u00f3gico de la COVID-19<\/strong>, analizando la evoluci\u00f3n de la tecnolog\u00eda a lo largo de la epidemia, as\u00ed como la interpretaci\u00f3n de las diferentes pruebas diagn\u00f3sticas.<\/p>\n<h2><strong>Viernes, 19 de junio: la gesti\u00f3n econ\u00f3mica post-pandemia y las estrategias ganadoras en estos tiempos de cambio<\/strong><\/h2>\n<p>Por \u00faltimo, en la l\u00ednea gesti\u00f3n-econ\u00f3mica, se impartir\u00e1 la ponencia <strong>\u201cGesti\u00f3n econ\u00f3mica post-pandemia y consecuencias en la oficina de farmacia. \u00bfPodemos avanzarnos a la situaci\u00f3n? \u00bfQu\u00e9 medidas legislativas podemos esperar?\u201d<\/strong>, a cargo de Jose L. Fern\u00e1ndez y Miguel Mart\u00ednez, de IQVIA. Luis Panadero, vicepresidente 3\u00ba del Colegio de Farmac\u00e9uticos de Madrid ser\u00e1 el encargado de moderar esta conferencia en la que los ponentes hablar\u00e1n del impacto, <strong>retos<\/strong> y las <strong>oportunidades<\/strong> que la crisis sanitaria provocada por la COVID-19 genera en las oficinas de farmacia desde un punto de vista econ\u00f3mico, y <strong>compartir\u00e1n algunas tendencias que han surgido en los \u00faltimos meses<\/strong> y que creen que se mantendr\u00e1n en el futuro.<\/p>\n<p>Otra de las conferencias ser\u00e1 <strong>\u201cFoco en el cliente y la gesti\u00f3n del punto de venta. Estrategias ganadoras en estos tiempos de cambio\u201d<\/strong>, de la mano de Jos\u00e9 Antonio Andreu, socio-director de Shoppertec. Moderada por Rosal\u00eda Gozalo, vocal de Dermofarmacia y Productos Sanitarios del COFM, el director de Shoppertec expondr\u00e1 c\u00f3mo est\u00e1n <strong>cambiando los h\u00e1bitos de compra<\/strong> de los usuarios de las oficinas de farmacia frente a la nueva normalidad; qu\u00e9 impacto tendr\u00e1 la pandemia en la gesti\u00f3n de categor\u00edas\/productos y el punto de venta y por qu\u00e9 cobra importancia conocer al cliente, gestionar la relaci\u00f3n con \u00e9l para mejorar su experiencia en la farmacia y qu\u00e9 podemos aprender de otros entornos \u201cretail \u201d para aplicar en la oficina de farmacia.<\/p>\n<p><strong>Otras publicaciones de inter\u00e9s:<\/strong><\/p>\n<ul>\n<li><a href=\"https:\/\/blog.cofb.cat\/els-proxims-17-18-i-19-de-juny-se-celebraran-les-jornades-digitals-infarma-2020-centrades-en-la-covid-19\/\" target=\"_blank\" rel=\"noopener\">Los pr\u00f3ximos 17, 18 y 19 de junio se celebrar\u00e1n las Jornadas Digitales Infarma 2020, centradas en la COVID-19 (Junio 2020)<\/a><\/li>\n<li><a href=\"https:\/\/blog.cofb.cat\/infarma-2020-2021-se-celebrara-del-23-al-25-de-marc-a-madrid\/\" target=\"_blank\" rel=\"noopener\">Infarma 2020-2021 se celebrar\u00e1 del 23 al 25 de marzo en Madrid (Mayo 2020)<\/a><\/li>\n<li><a href=\"https:\/\/blog.cofb.cat\/32a-edicio-dinfarma-sajorna-2021\/\" target=\"_blank\" rel=\"noopener\">La 32\u00aa edici\u00f3n de Infarma se aplaza hasta 2021 (Abril 2020)<\/a><\/li>\n<\/ul>","protected":false},"excerpt":{"rendered":"<p>Queda menos de una semana para que comience Infarma Jornadas Digitales COVID-19, organizadas por los Colegios de Farmac\u00e9uticos de Barcelona y Madrid, con la colaboraci\u00f3n de Interalia. En la web de Infarma ya est\u00e1 disponible el programa de estas jornadas gratuitas, compuesto por seis ponencias que tendr\u00e1n lugar los pr\u00f3ximos 17, 18 y 19 de junio. [\u2026]<\/p>","protected":false},"author":1,"featured_media":51229,"comment_status":"open","ping_status":"open","sticky":false,"template":"","format":"standard","meta":{"_uag_custom_page_level_css":"","site-sidebar-layout":"default","site-content-layout":"","ast-site-content-layout":"default","site-content-style":"default","site-sidebar-style":"default","ast-global-header-display":"","ast-banner-title-visibility":"","ast-main-header-display":"","ast-hfb-above-header-display":"","ast-hfb-below-header-display":"","ast-hfb-mobile-header-display":"","site-post-title":"","ast-breadcrumbs-content":"","ast-featured-img":"disabled","footer-sml-layout":"","theme-transparent-header-meta":"","adv-header-id-meta":"","stick-header-meta":"","header-above-stick-meta":"","header-main-stick-meta":"","header-below-stick-meta":"","astra-migrate-meta-layouts":"default","ast-page-background-enabled":"default","ast-page-background-meta":{"desktop":{"background-color":"var(--ast-global-color-4)","background-image":"","background-repeat":"repeat","background-position":"center center","background-size":"auto","background-attachment":"scroll","background-type":"","background-media":"","overlay-type":"","overlay-color":"","overlay-opacity":"","overlay-gradient":""},"tablet":{"background-color":"","background-image":"","background-repeat":"repeat","background-position":"center center","background-size":"auto","background-attachment":"scroll","background-type":"","background-media":"","overlay-type":"","overlay-color":"","overlay-opacity":"","overlay-gradient":""},"mobile":{"background-color":"","background-image":"","background-repeat":"repeat","background-position":"center center","background-size":"auto","background-attachment":"scroll","background-type":"","background-media":"","overlay-type":"","overlay-color":"","overlay-opacity":"","overlay-gradient":""}},"ast-content-background-meta":{"desktop":{"background-color":"var(--ast-global-color-5)","background-image":"","background-repeat":"repeat","background-position":"center center","background-size":"auto","background-attachment":"scroll","background-type":"","background-media":"","overlay-type":"","overlay-color":"","overlay-opacity":"","overlay-gradient":""},"tablet":{"background-color":"var(--ast-global-color-5)","background-image":"","background-repeat":"repeat","background-position":"center center","background-size":"auto","background-attachment":"scroll","background-type":"","background-media":"","overlay-type":"","overlay-color":"","overlay-opacity":"","overlay-gradient":""},"mobile":{"background-color":"var(--ast-global-color-5)","background-image":"","background-repeat":"repeat","background-position":"center center","background-size":"auto","background-attachment":"scroll","background-type":"","background-media":"","overlay-type":"","overlay-color":"","overlay-opacity":"","overlay-gradient":""}},"footnotes":""},"categories":[23,2165],"tags":[18,110,818,159,186,469,90,28,4077,4123,4179,508,115,471,4106],"class_list":["post-51226","post","type-post","status-publish","format-standard","has-post-thumbnail","hentry","category-destacats","category-infarma","tag-cofb","tag-cofm","tag-collegi-oficial-de-farmaceutics-de-barcelona","tag-collegi-oficial-de-farmaceutics-de-madrid","tag-congres-europeu-doficina-de-farmacia-i-salo-de-medicaments-i-parafarmacia","tag-coronavirus","tag-covid-19","tag-infarma","tag-infarma-2020","tag-infarma-2021","tag-infarma-digital","tag-infarma-madrid","tag-interalia","tag-pandemia","tag-salo-i-congres-europeu-de-farmacia"],"yoast_head":"<!-- This site is optimized with the Yoast SEO plugin v22.4 - https:\/\/yoast.com\/wordpress\/plugins\/seo\/ -->\n<title>Quines pon\u00e8ncies trobarem al programa d\u2019Infarma Jornades Digitals COVID-19? - Col\u00b7legi de Farmac\u00e8utics de Barcelona<\/title>\n<meta name=\"description\" content=\"Queda menys d&#039;una setmana perqu\u00e8 comenci Infarma Jornades Digitals COVID-19, organitzades pels Col\u00b7legis de Farmac\u00e8utics de Barcelona i Madrid, amb la col\u00b7laboraci\u00f3 d\u2019Interalia. Ja est\u00e0 disponible el programa d&#039;aquestes jornades gratu\u00eftes, compost per sis pon\u00e8ncies que tindran lloc els pr\u00f2xims 17, 18 i 19 de juny.\" \/>\n<meta name=\"robots\" content=\"index, follow, max-snippet:-1, max-image-preview:large, max-video-preview:-1\" \/>\n<link rel=\"canonical\" href=\"https:\/\/www.cofb.org\/es\/2020\/06\/12\/quines-ponencies-trobarem-al-programa-dinfarma-jornades-digitals-covid-19\/\" \/>\n<meta property=\"og:locale\" content=\"es_ES\" \/>\n<meta property=\"og:type\" content=\"article\" \/>\n<meta property=\"og:title\" content=\"Quines pon\u00e8ncies trobarem al programa d\u2019Infarma Jornades Digitals COVID-19? - Col\u00b7legi de Farmac\u00e8utics de Barcelona\" \/>\n<meta property=\"og:description\" content=\"Queda menys d&#039;una setmana perqu\u00e8 comenci Infarma Jornades Digitals COVID-19, organitzades pels Col\u00b7legis de Farmac\u00e8utics de Barcelona i Madrid, amb la col\u00b7laboraci\u00f3 d\u2019Interalia. Ja est\u00e0 disponible el programa d&#039;aquestes jornades gratu\u00eftes, compost per sis pon\u00e8ncies que tindran lloc els pr\u00f2xims 17, 18 i 19 de juny.\" \/>\n<meta property=\"og:url\" content=\"https:\/\/www.cofb.org\/es\/2020\/06\/12\/quines-ponencies-trobarem-al-programa-dinfarma-jornades-digitals-covid-19\/\" \/>\n<meta property=\"og:site_name\" content=\"Col\u00b7legi de Farmac\u00e8utics de Barcelona\" \/>\n<meta property=\"article:publisher\" content=\"https:\/\/www.facebook.com\/farmaceuticsbcn\/\" \/>\n<meta property=\"article:published_time\" content=\"2020-06-12T10:53:52+00:00\" \/>\n<meta name=\"author\" content=\"wpAdminCofbOrg\" \/>\n<meta name=\"twitter:card\" content=\"summary_large_image\" \/>\n<meta name=\"twitter:creator\" content=\"@farmaceuticsbcn\" \/>\n<meta name=\"twitter:site\" content=\"@farmaceuticsbcn\" \/>\n<meta name=\"twitter:label1\" content=\"Escrito por\" \/>\n\t<meta name=\"twitter:data1\" content=\"wpAdminCofbOrg\" \/>\n\t<meta name=\"twitter:label2\" content=\"Tiempo de lectura\" \/>\n\t<meta name=\"twitter:data2\" content=\"4 minutos\" \/>\n<script type=\"application\/ld+json\" class=\"yoast-schema-graph\">{\"@context\":\"https:\/\/schema.org\",\"@graph\":[{\"@type\":\"Article\",\"@id\":\"https:\/\/www.cofb.org\/2020\/06\/12\/quines-ponencies-trobarem-al-programa-dinfarma-jornades-digitals-covid-19\/#article\",\"isPartOf\":{\"@id\":\"https:\/\/www.cofb.org\/2020\/06\/12\/quines-ponencies-trobarem-al-programa-dinfarma-jornades-digitals-covid-19\/\"},\"author\":{\"name\":\"wpAdminCofbOrg\",\"@id\":\"https:\/\/www.cofb.org\/#\/schema\/person\/22ed7eea88da74b0fa4d3154ad87ffcb\"},\"headline\":\"Quines pon\u00e8ncies trobarem al programa d\u2019Infarma Jornades Digitals COVID-19?\",\"datePublished\":\"2020-06-12T10:53:52+00:00\",\"dateModified\":\"2020-06-12T10:53:52+00:00\",\"mainEntityOfPage\":{\"@id\":\"https:\/\/www.cofb.org\/2020\/06\/12\/quines-ponencies-trobarem-al-programa-dinfarma-jornades-digitals-covid-19\/\"},\"wordCount\":923,\"commentCount\":0,\"publisher\":{\"@id\":\"https:\/\/www.cofb.org\/#organization\"},\"image\":{\"@id\":\"https:\/\/www.cofb.org\/2020\/06\/12\/quines-ponencies-trobarem-al-programa-dinfarma-jornades-digitals-covid-19\/#primaryimage\"},\"thumbnailUrl\":\"\",\"keywords\":[\"COFB\",\"COFM\",\"Col\u00b7legi Oficial de Farmac\u00e8utics de Barcelona\",\"Col\u00b7legi Oficial de Farmac\u00e8utics de Madrid\",\"Congr\u00e9s Europeu d'Oficina de Farm\u00e0cia i Sal\u00f3 de Medicaments i Parafarm\u00e0cia\",\"coronavirus\",\"COVID-19\",\"Infarma\",\"Infarma 2020\",\"Infarma 2021\",\"Infarma Digital\",\"Infarma Madrid\",\"Interalia\",\"pand\u00e8mia\",\"Sal\u00f3 i Congr\u00e9s Europeu de Farm\u00e0cia\"],\"articleSection\":[\"Destacats\",\"Infarma\"],\"inLanguage\":\"es\",\"potentialAction\":[{\"@type\":\"CommentAction\",\"name\":\"Comment\",\"target\":[\"https:\/\/www.cofb.org\/2020\/06\/12\/quines-ponencies-trobarem-al-programa-dinfarma-jornades-digitals-covid-19\/#respond\"]}]},{\"@type\":\"WebPage\",\"@id\":\"https:\/\/www.cofb.org\/2020\/06\/12\/quines-ponencies-trobarem-al-programa-dinfarma-jornades-digitals-covid-19\/\",\"url\":\"https:\/\/www.cofb.org\/2020\/06\/12\/quines-ponencies-trobarem-al-programa-dinfarma-jornades-digitals-covid-19\/\",\"name\":\"Quines pon\u00e8ncies trobarem al programa d\u2019Infarma Jornades Digitals COVID-19? - Col\u00b7legi de Farmac\u00e8utics de Barcelona\",\"isPartOf\":{\"@id\":\"https:\/\/www.cofb.org\/#website\"},\"primaryImageOfPage\":{\"@id\":\"https:\/\/www.cofb.org\/2020\/06\/12\/quines-ponencies-trobarem-al-programa-dinfarma-jornades-digitals-covid-19\/#primaryimage\"},\"image\":{\"@id\":\"https:\/\/www.cofb.org\/2020\/06\/12\/quines-ponencies-trobarem-al-programa-dinfarma-jornades-digitals-covid-19\/#primaryimage\"},\"thumbnailUrl\":\"\",\"datePublished\":\"2020-06-12T10:53:52+00:00\",\"dateModified\":\"2020-06-12T10:53:52+00:00\",\"description\":\"Queda menys d'una setmana perqu\u00e8 comenci Infarma Jornades Digitals COVID-19, organitzades pels Col\u00b7legis de Farmac\u00e8utics de Barcelona i Madrid, amb la col\u00b7laboraci\u00f3 d\u2019Interalia. Ja est\u00e0 disponible el programa d'aquestes jornades gratu\u00eftes, compost per sis pon\u00e8ncies que tindran lloc els pr\u00f2xims 17, 18 i 19 de juny.\",\"breadcrumb\":{\"@id\":\"https:\/\/www.cofb.org\/2020\/06\/12\/quines-ponencies-trobarem-al-programa-dinfarma-jornades-digitals-covid-19\/#breadcrumb\"},\"inLanguage\":\"es\",\"potentialAction\":[{\"@type\":\"ReadAction\",\"target\":[\"https:\/\/www.cofb.org\/2020\/06\/12\/quines-ponencies-trobarem-al-programa-dinfarma-jornades-digitals-covid-19\/\"]}]},{\"@type\":\"ImageObject\",\"inLanguage\":\"es\",\"@id\":\"https:\/\/www.cofb.org\/2020\/06\/12\/quines-ponencies-trobarem-al-programa-dinfarma-jornades-digitals-covid-19\/#primaryimage\",\"url\":\"\",\"contentUrl\":\"\"},{\"@type\":\"BreadcrumbList\",\"@id\":\"https:\/\/www.cofb.org\/2020\/06\/12\/quines-ponencies-trobarem-al-programa-dinfarma-jornades-digitals-covid-19\/#breadcrumb\",\"itemListElement\":[{\"@type\":\"ListItem\",\"position\":1,\"name\":\"Inici\",\"item\":\"https:\/\/novaorg.cofb.net\/\"},{\"@type\":\"ListItem\",\"position\":2,\"name\":\"Quines pon\u00e8ncies trobarem al programa d\u2019Infarma Jornades Digitals COVID-19?\"}]},{\"@type\":\"WebSite\",\"@id\":\"https:\/\/www.cofb.org\/#website\",\"url\":\"https:\/\/www.cofb.org\/\",\"name\":\"Col\u00b7legi de Farmac\u00e8utics de Barcelona\",\"description\":\"\",\"publisher\":{\"@id\":\"https:\/\/www.cofb.org\/#organization\"},\"potentialAction\":[{\"@type\":\"SearchAction\",\"target\":{\"@type\":\"EntryPoint\",\"urlTemplate\":\"https:\/\/www.cofb.org\/?s={search_term_string}\"},\"query-input\":\"required name=search_term_string\"}],\"inLanguage\":\"es\"},{\"@type\":\"Organization\",\"@id\":\"https:\/\/www.cofb.org\/#organization\",\"name\":\"Col\u00b7legi de Farmac\u00e8utics de Barcelona\",\"url\":\"https:\/\/www.cofb.org\/\",\"logo\":{\"@type\":\"ImageObject\",\"inLanguage\":\"es\",\"@id\":\"https:\/\/www.cofb.org\/#\/schema\/logo\/image\/\",\"url\":\"https:\/\/www.cofb.org\/wp-content\/uploads\/2023\/11\/cropped-Logotip-COFB.png\",\"contentUrl\":\"https:\/\/www.cofb.org\/wp-content\/uploads\/2023\/11\/cropped-Logotip-COFB.png\",\"width\":500,\"height\":105,\"caption\":\"Col\u00b7legi de Farmac\u00e8utics de Barcelona\"},\"image\":{\"@id\":\"https:\/\/www.cofb.org\/#\/schema\/logo\/image\/\"},\"sameAs\":[\"https:\/\/www.facebook.com\/farmaceuticsbcn\/\",\"https:\/\/twitter.com\/farmaceuticsbcn\",\"https:\/\/www.instagram.com\/farmaceuticsbcn\/\",\"https:\/\/www.linkedin.com\/company\/farmaceuticsbcn\/\"]},{\"@type\":\"Person\",\"@id\":\"https:\/\/www.cofb.org\/#\/schema\/person\/22ed7eea88da74b0fa4d3154ad87ffcb\",\"name\":\"wpAdminCofbOrg\",\"image\":{\"@type\":\"ImageObject\",\"inLanguage\":\"es\",\"@id\":\"https:\/\/www.cofb.org\/#\/schema\/person\/image\/\",\"url\":\"https:\/\/secure.gravatar.com\/avatar\/1721b20b3b8ca882c3b56ec6c978c594fff670e40c0718e9190eaeeb76aae7d8?s=96&d=mm&r=g\",\"contentUrl\":\"https:\/\/secure.gravatar.com\/avatar\/1721b20b3b8ca882c3b56ec6c978c594fff670e40c0718e9190eaeeb76aae7d8?s=96&d=mm&r=g\",\"caption\":\"wpAdminCofbOrg\"},\"sameAs\":[\"http:\/\/192.168.64.122\/wordpress\"],\"url\":\"https:\/\/www.cofb.org\/es\/author\/wpadmincofborg\/\"}]}<\/script>\n<!-- \/ Yoast SEO plugin. -->","yoast_head_json":{"title":"Quines pon\u00e8ncies trobarem al programa d\u2019Infarma Jornades Digitals COVID-19? - Col\u00b7legi de Farmac\u00e8utics de Barcelona","description":"Queda menys d'una setmana perqu\u00e8 comenci Infarma Jornades Digitals COVID-19, organitzades pels Col\u00b7legis de Farmac\u00e8utics de Barcelona i Madrid, amb la col\u00b7laboraci\u00f3 d\u2019Interalia. Ja est\u00e0 disponible el programa d'aquestes jornades gratu\u00eftes, compost per sis pon\u00e8ncies que tindran lloc els pr\u00f2xims 17, 18 i 19 de juny.","robots":{"index":"index","follow":"follow","max-snippet":"max-snippet:-1","max-image-preview":"max-image-preview:large","max-video-preview":"max-video-preview:-1"},"canonical":"https:\/\/www.cofb.org\/es\/2020\/06\/12\/quines-ponencies-trobarem-al-programa-dinfarma-jornades-digitals-covid-19\/","og_locale":"es_ES","og_type":"article","og_title":"Quines pon\u00e8ncies trobarem al programa d\u2019Infarma Jornades Digitals COVID-19? - Col\u00b7legi de Farmac\u00e8utics de Barcelona","og_description":"Queda menys d'una setmana perqu\u00e8 comenci Infarma Jornades Digitals COVID-19, organitzades pels Col\u00b7legis de Farmac\u00e8utics de Barcelona i Madrid, amb la col\u00b7laboraci\u00f3 d\u2019Interalia. Ja est\u00e0 disponible el programa d'aquestes jornades gratu\u00eftes, compost per sis pon\u00e8ncies que tindran lloc els pr\u00f2xims 17, 18 i 19 de juny.","og_url":"https:\/\/www.cofb.org\/es\/2020\/06\/12\/quines-ponencies-trobarem-al-programa-dinfarma-jornades-digitals-covid-19\/","og_site_name":"Col\u00b7legi de Farmac\u00e8utics de Barcelona","article_publisher":"https:\/\/www.facebook.com\/farmaceuticsbcn\/","article_published_time":"2020-06-12T10:53:52+00:00","author":"wpAdminCofbOrg","twitter_card":"summary_large_image","twitter_creator":"@farmaceuticsbcn","twitter_site":"@farmaceuticsbcn","twitter_misc":{"Escrito por":"wpAdminCofbOrg","Tiempo de lectura":"4 minutos"},"schema":{"@context":"https:\/\/schema.org","@graph":[{"@type":"Article","@id":"https:\/\/www.cofb.org\/2020\/06\/12\/quines-ponencies-trobarem-al-programa-dinfarma-jornades-digitals-covid-19\/#article","isPartOf":{"@id":"https:\/\/www.cofb.org\/2020\/06\/12\/quines-ponencies-trobarem-al-programa-dinfarma-jornades-digitals-covid-19\/"},"author":{"name":"wpAdminCofbOrg","@id":"https:\/\/www.cofb.org\/#\/schema\/person\/22ed7eea88da74b0fa4d3154ad87ffcb"},"headline":"Quines pon\u00e8ncies trobarem al programa d\u2019Infarma Jornades Digitals COVID-19?","datePublished":"2020-06-12T10:53:52+00:00","dateModified":"2020-06-12T10:53:52+00:00","mainEntityOfPage":{"@id":"https:\/\/www.cofb.org\/2020\/06\/12\/quines-ponencies-trobarem-al-programa-dinfarma-jornades-digitals-covid-19\/"},"wordCount":923,"commentCount":0,"publisher":{"@id":"https:\/\/www.cofb.org\/#organization"},"image":{"@id":"https:\/\/www.cofb.org\/2020\/06\/12\/quines-ponencies-trobarem-al-programa-dinfarma-jornades-digitals-covid-19\/#primaryimage"},"thumbnailUrl":"","keywords":["COFB","COFM","Col\u00b7legi Oficial de Farmac\u00e8utics de Barcelona","Col\u00b7legi Oficial de Farmac\u00e8utics de Madrid","Congr\u00e9s Europeu d'Oficina de Farm\u00e0cia i Sal\u00f3 de Medicaments i Parafarm\u00e0cia","coronavirus","COVID-19","Infarma","Infarma 2020","Infarma 2021","Infarma Digital","Infarma Madrid","Interalia","pand\u00e8mia","Sal\u00f3 i Congr\u00e9s Europeu de Farm\u00e0cia"],"articleSection":["Destacats","Infarma"],"inLanguage":"es","potentialAction":[{"@type":"CommentAction","name":"Comment","target":["https:\/\/www.cofb.org\/2020\/06\/12\/quines-ponencies-trobarem-al-programa-dinfarma-jornades-digitals-covid-19\/#respond"]}]},{"@type":"WebPage","@id":"https:\/\/www.cofb.org\/2020\/06\/12\/quines-ponencies-trobarem-al-programa-dinfarma-jornades-digitals-covid-19\/","url":"https:\/\/www.cofb.org\/2020\/06\/12\/quines-ponencies-trobarem-al-programa-dinfarma-jornades-digitals-covid-19\/","name":"Quines pon\u00e8ncies trobarem al programa d\u2019Infarma Jornades Digitals COVID-19? - Col\u00b7legi de Farmac\u00e8utics de Barcelona","isPartOf":{"@id":"https:\/\/www.cofb.org\/#website"},"primaryImageOfPage":{"@id":"https:\/\/www.cofb.org\/2020\/06\/12\/quines-ponencies-trobarem-al-programa-dinfarma-jornades-digitals-covid-19\/#primaryimage"},"image":{"@id":"https:\/\/www.cofb.org\/2020\/06\/12\/quines-ponencies-trobarem-al-programa-dinfarma-jornades-digitals-covid-19\/#primaryimage"},"thumbnailUrl":"","datePublished":"2020-06-12T10:53:52+00:00","dateModified":"2020-06-12T10:53:52+00:00","description":"Queda menys d'una setmana perqu\u00e8 comenci Infarma Jornades Digitals COVID-19, organitzades pels Col\u00b7legis de Farmac\u00e8utics de Barcelona i Madrid, amb la col\u00b7laboraci\u00f3 d\u2019Interalia. Ja est\u00e0 disponible el programa d'aquestes jornades gratu\u00eftes, compost per sis pon\u00e8ncies que tindran lloc els pr\u00f2xims 17, 18 i 19 de juny.","breadcrumb":{"@id":"https:\/\/www.cofb.org\/2020\/06\/12\/quines-ponencies-trobarem-al-programa-dinfarma-jornades-digitals-covid-19\/#breadcrumb"},"inLanguage":"es","potentialAction":[{"@type":"ReadAction","target":["https:\/\/www.cofb.org\/2020\/06\/12\/quines-ponencies-trobarem-al-programa-dinfarma-jornades-digitals-covid-19\/"]}]},{"@type":"ImageObject","inLanguage":"es","@id":"https:\/\/www.cofb.org\/2020\/06\/12\/quines-ponencies-trobarem-al-programa-dinfarma-jornades-digitals-covid-19\/#primaryimage","url":"","contentUrl":""},{"@type":"BreadcrumbList","@id":"https:\/\/www.cofb.org\/2020\/06\/12\/quines-ponencies-trobarem-al-programa-dinfarma-jornades-digitals-covid-19\/#breadcrumb","itemListElement":[{"@type":"ListItem","position":1,"name":"Inici","item":"https:\/\/novaorg.cofb.net\/"},{"@type":"ListItem","position":2,"name":"Quines pon\u00e8ncies trobarem al programa d\u2019Infarma Jornades Digitals COVID-19?"}]},{"@type":"WebSite","@id":"https:\/\/www.cofb.org\/#website","url":"https:\/\/www.cofb.org\/","name":"Col\u00b7legi de Farmac\u00e8utics de Barcelona","description":"","publisher":{"@id":"https:\/\/www.cofb.org\/#organization"},"potentialAction":[{"@type":"SearchAction","target":{"@type":"EntryPoint","urlTemplate":"https:\/\/www.cofb.org\/?s={search_term_string}"},"query-input":"required name=search_term_string"}],"inLanguage":"es"},{"@type":"Organization","@id":"https:\/\/www.cofb.org\/#organization","name":"Col\u00b7legi de Farmac\u00e8utics de Barcelona","url":"https:\/\/www.cofb.org\/","logo":{"@type":"ImageObject","inLanguage":"es","@id":"https:\/\/www.cofb.org\/#\/schema\/logo\/image\/","url":"https:\/\/www.cofb.org\/wp-content\/uploads\/2023\/11\/cropped-Logotip-COFB.png","contentUrl":"https:\/\/www.cofb.org\/wp-content\/uploads\/2023\/11\/cropped-Logotip-COFB.png","width":500,"height":105,"caption":"Col\u00b7legi de Farmac\u00e8utics de Barcelona"},"image":{"@id":"https:\/\/www.cofb.org\/#\/schema\/logo\/image\/"},"sameAs":["https:\/\/www.facebook.com\/farmaceuticsbcn\/","https:\/\/twitter.com\/farmaceuticsbcn","https:\/\/www.instagram.com\/farmaceuticsbcn\/","https:\/\/www.linkedin.com\/company\/farmaceuticsbcn\/"]},{"@type":"Person","@id":"https:\/\/www.cofb.org\/#\/schema\/person\/22ed7eea88da74b0fa4d3154ad87ffcb","name":"wpAdminCofbOrg","image":{"@type":"ImageObject","inLanguage":"es","@id":"https:\/\/www.cofb.org\/#\/schema\/person\/image\/","url":"https:\/\/secure.gravatar.com\/avatar\/1721b20b3b8ca882c3b56ec6c978c594fff670e40c0718e9190eaeeb76aae7d8?s=96&d=mm&r=g","contentUrl":"https:\/\/secure.gravatar.com\/avatar\/1721b20b3b8ca882c3b56ec6c978c594fff670e40c0718e9190eaeeb76aae7d8?s=96&d=mm&r=g","caption":"wpAdminCofbOrg"},"sameAs":["http:\/\/192.168.64.122\/wordpress"],"url":"https:\/\/www.cofb.org\/es\/author\/wpadmincofborg\/"}]}},"uagb_featured_image_src":{"full":false,"thumbnail":false,"medium":false,"medium_large":false,"large":false,"1536x1536":false,"2048x2048":false,"trp-custom-language-flag":false},"uagb_author_info":{"display_name":"wpAdminCofbOrg","author_link":"https:\/\/www.cofb.org\/es\/author\/wpadmincofborg\/"},"uagb_comment_info":0,"uagb_excerpt":"Queda menys d&#8217;una setmana perqu\u00e8 comenci Infarma Jornades Digitals COVID-19, organitzades pels Col\u00b7legis de Farmac\u00e8utics de Barcelona i Madrid, amb la col\u00b7laboraci\u00f3 d\u2019Interalia. A la web d\u2019Infarma ja est\u00e0 disponible el programa d&#8217;aquestes jornades gratu\u00eftes, compost per sis pon\u00e8ncies que tindran lloc els pr\u00f2xims 17, 18 i 19 de juny. [&hellip;]","_links":{"self":[{"href":"https:\/\/www.cofb.org\/es\/wp-json\/wp\/v2\/posts\/51226","targetHints":{"allow":["GET"]}}],"collection":[{"href":"https:\/\/www.cofb.org\/es\/wp-json\/wp\/v2\/posts"}],"about":[{"href":"https:\/\/www.cofb.org\/es\/wp-json\/wp\/v2\/types\/post"}],"author":[{"embeddable":true,"href":"https:\/\/www.cofb.org\/es\/wp-json\/wp\/v2\/users\/1"}],"replies":[{"embeddable":true,"href":"https:\/\/www.cofb.org\/es\/wp-json\/wp\/v2\/comments?post=51226"}],"version-history":[{"count":0,"href":"https:\/\/www.cofb.org\/es\/wp-json\/wp\/v2\/posts\/51226\/revisions"}],"wp:featuredmedia":[{"embeddable":true,"href":"https:\/\/www.cofb.org\/es\/wp-json\/"}],"wp:attachment":[{"href":"https:\/\/www.cofb.org\/es\/wp-json\/wp\/v2\/media?parent=51226"}],"wp:term":[{"taxonomy":"category","embeddable":true,"href":"https:\/\/www.cofb.org\/es\/wp-json\/wp\/v2\/categories?post=51226"},{"taxonomy":"post_tag","embeddable":true,"href":"https:\/\/www.cofb.org\/es\/wp-json\/wp\/v2\/tags?post=51226"}],"curies":[{"name":"wp","href":"https:\/\/api.w.org\/{rel}","templated":true}]}}