{"id":50643,"date":"2020-04-01T12:05:31","date_gmt":"2020-04-01T10:05:31","guid":{"rendered":"https:\/\/blog.cofb.cat\/?p=50643"},"modified":"2020-04-01T12:05:31","modified_gmt":"2020-04-01T10:05:31","slug":"iniciatives-apropar-medicacio-persones-vulnerables-durant-pandemia-covid-19","status":"publish","type":"post","link":"https:\/\/www.cofb.org\/es\/2020\/04\/01\/iniciatives-apropar-medicacio-persones-vulnerables-durant-pandemia-covid-19\/","title":{"rendered":"Iniciativas para acercar la medicaci\u00f3n a personas vulnerables durante la pandemia por COVID-19"},"content":{"rendered":"<p>Debido al confinamiento, hay <strong>personas mayores y\/o vulnerables que no pueden salir de casa para recoger su medicaci\u00f3n<\/strong> en la farmacia, tal y como hac\u00edan habitualmente. Por eso, conscientes de las dificultades que pueden tener estas personas, <strong>desde el Consejo de Colegios Farmac\u00e9uticos de Catalu\u00f1a (CCFC)<\/strong>, que agrupa a los 4 colegios farmac\u00e9uticos catalanes se hizo una<strong> llama a estudiantes del grado de Farmacia para que colaboraran a la hora de acercar medicamentos<\/strong> personas que, por su vulnerabilidad, no pod\u00edan salir durante el confinamiento.<\/p>\n<p>Tambi\u00e9n se ha hecho una <a href=\"https:\/\/farmaceutics.cofb.net\/group\/guest\/activitat-de-l-oficina\/-\/asset_publisher\/UAe9Bmh8GZpc\/content\/crida-a-la-col-laboracio-voluntaria-d-aquells-col-legiats-que-en-aquests-moments-no-esteu-podent-desenvolupar-les-vostres-activitats-laborals-amb-norm\/maximized?_101_INSTANCE_UAe9Bmh8GZpc_redirect=%2F\" target=\"_blank\" rel=\"noopener\"><strong>llamada a los farmac\u00e9uticos colegiados<\/strong><\/a> que en estos momentos no est\u00e9n pudiendo desarrollar su actividad laboral con normalidad, proponiendo la\u00a0<strong>colaboraci\u00f3n voluntaria para poder llevar medicamentos desde las farmacias<\/strong> a aquellos pacientes fr\u00e1giles que no pueden salir de casa<strong>. Por ahora, entre ambos colectivos, s\u00f3lo en la provincia de Barcelona, ya se han adherido a la iniciativa un total de 260 voluntarios y voluntarias.<\/strong><\/p>\n<h1><span style=\"color: #008080;\"><strong>\u00bfC\u00f3mo funciona la red de estudiantes voluntarios?<\/strong><\/span><\/h1>\n<p>La <strong>llamada a los estudiantes<\/strong> voluntarios ha sido <strong>coordinada entre el Consejo de Colegios Farmac\u00e9uticos de Catalu\u00f1a (CCFC), la Universidad de Barcelona y la Universidad Ramon Llull<\/strong>. Una vez que se consiguieron los diversos voluntarios y se verific\u00f3 que las personas que se hab\u00edan ofrecido estaban cursando el Grado de Farmacia, cada Colegio emiti\u00f3 unos certificados de movilidad que los estudiantes deben llevar encima cuando prestan el servicio. Al mismo tiempo, desde los cuatro Colegios de Farmac\u00e9uticos catalanes, se hizo un llamamiento a las farmacias para saber si ten\u00edan conocimiento de clientes que pod\u00edan necesitar ese servicio.<\/p>\n<p><a href=\"https:\/\/blog.cofb.cat\/wp-content\/uploads\/2020\/04\/20200401_181616_edited.jpg\"><img fetchpriority=\"high\" decoding=\"async\" class=\"aligncenter size-large wp-image-50664\" src=\"https:\/\/blog.cofb.cat\/wp-content\/uploads\/2020\/04\/20200401_181616_edited-1024x576.jpg\" alt=\"\" width=\"620\" height=\"349\" \/><\/a><\/p>\n<p>Cuando los t\u00e9cnicos de cada Colegio encuentran coincidencia de zona geogr\u00e1fica entre oferta de estudiantes y demanda farmacias, avisan a la farmacia del nombre, DNI y tel\u00e9fono del estudiante para que le contacte y acuerden la hora en que ir\u00e1 a la farmacia a recoger el paquete con la medicaci\u00f3n para llevarlo al domicilio del paciente.<\/p>\n<p>La farmacia es la encargada de preparar el paquete con la medicaci\u00f3n que el estudiante debe entregar. Tambi\u00e9n se encarga de avisar al cliente de que se le entregar\u00e1 el paquete de la medicaci\u00f3n dentro de una franja horaria determinada.<\/p>\n<p style=\"text-align: center;\"><strong>Para m\u00e1s informaci\u00f3n sobre la red de estudiantes voluntarios del Grado de Farmacia, puede consultar la intranet colegial siguiendo este <a href=\"https:\/\/farmaceutics.cofb.net\/group\/guest\/ultims-comunicats\/-\/asset_publisher\/H4sC0W15BZtR\/content\/covid-19-xarxa-d-estudiants-voluntaris-per-apropar-la-medicacio-als-que-no-poden-sortir-de-casa-comunicat-171-2020\/maximized?_101_INSTANCE_H4sC0W15BZtR_redirect=\/group\/guest\/coronavirus\" target=\"_blank\" rel=\"noopener\">enlace<\/a>, donde tambi\u00e9n encontrar\u00e1 el protocolo completo.<\/strong><\/p>\n<div class=\"destacat-blog\">\n<h1><strong><span style=\"color: #008080;\">Convenio de colaboraci\u00f3n entre los colegios farmac\u00e9uticos y Cruz Roja<\/span><\/strong><\/h1>\n<p>Otra de las iniciativas que se han puesto en marcha para ayudar a las personas en situaci\u00f3n de vulnerabilidad, <strong><a href=\"https:\/\/www.portalfarma.com\/Profesionales\/consejoinforma\/Paginas\/2020-acuerdo-farmaceuticos-cruz-roja-entrega-mediamentos.aspx\" target=\"_blank\" rel=\"noopener\">es el convenio entre el Consejo General de Colegios Farmac\u00e9uticos y Cruz Roja<\/a><\/strong>, que es extensible a todos los colegios farmac\u00e9uticos de todo el Estado, <strong>entre ellos el COFB<\/strong>.<\/p>\n<p>El acuerdo contiene un <strong><a href=\"https:\/\/www.portalfarma.com\/Profesionales\/campanaspf\/Asesoramiento-salud-publica\/infeccion-coronavirus-2019-nCoV\/Documents\/pautas-entrega-medicamentos-domicilios-atraves-de-voluntario-cruz-roja.pdf\" target=\"_blank\" rel=\"noopener\">procedimiento de entrega de medicamentos en los domicilios de personas en circunstancias concretas<\/a><\/strong>, con la <strong>directa intervenci\u00f3n y supervisi\u00f3n del profesional farmac\u00e9utico comunitario<\/strong>, en el caso de no poder desplazarse personalmente a realizar la entrega. Es un <strong>sistema absolutamente excepcional<\/strong> y \u00fanicamente justificado por el<strong>Estado de Alarma derivado por la infecci\u00f3n por COVID-19<\/strong>.<\/p>\n<p><a href=\"https:\/\/blog.cofb.cat\/wp-content\/uploads\/2020\/04\/CGCOF-Cruz-Roja-1.jpg\"><img decoding=\"async\" class=\"aligncenter size-full wp-image-50668\" src=\"https:\/\/blog.cofb.cat\/wp-content\/uploads\/2020\/04\/CGCOF-Cruz-Roja-1.jpg\" alt=\"\" width=\"529\" height=\"243\" \/><\/a><\/p>\n<p>Las <strong>personas que pueden beneficiarse de este convenio<\/strong> son aquellas que viven solas, sin el apoyo de otras personas de su entorno, y que no pueden salir de su domicilio por problemas de movilidad, enfermedad aguda, situaci\u00f3n de cuarentena domiciliaria por COVID-19 o con procesos cr\u00f3nicos complejos incluidos en los grupos de mayor riesgo por COVID-19.<\/p>\n<\/div>\n<p><strong>Otras publicaciones de inter\u00e9s:<\/strong><\/p>\n<ul>\n<li><a href=\"https:\/\/blog.cofb.cat\/el-cof-de-barcelona-recorda-que-les-farmacies-estan-en-primera-linia-dactuacio-davant-el-coronavirus-i-treballa-per-obtenir-mes-proteccio-per-al-collectiu\/\" target=\"_blank\" rel=\"noopener\">El COF de Barcelona recuerda que las farmacias est\u00e1n en primera l\u00ednea de actuaci\u00f3n ante el coronavirus y trabaja para obtener mayor protecci\u00f3n para el colectivo (Marzo 2020)<\/a><\/li>\n<li><a href=\"https:\/\/blog.cofb.cat\/gracies-vostra-feina-diaria-davant-coronavirus\/\" target=\"_blank\" rel=\"noopener\">Gracias por su trabajo diario ante el coronavirus (Marzo 2020)<\/a><\/li>\n<li><a href=\"https:\/\/blog.cofb.cat\/mesures-dorganitzacio-recomanacions-accions-farmacia-davant-transmissio-coronavirus\/\" target=\"_blank\" rel=\"noopener\">Medidas de organizaci\u00f3n, recomendaciones y acciones para la farmacia frente a la transmisi\u00f3n del coronavirus (Marzo 2020)<\/a><\/li>\n<\/ul>\n<p>&nbsp;<\/p>","protected":false},"excerpt":{"rendered":"<p>Debido al confinamiento, hay personas mayores y\/o vulnerables que no pueden salir de casa para recoger su medicaci\u00f3n en la farmacia, tal y como hac\u00edan habitualmente. Por eso, conscientes de las dificultades que pueden tener estas personas, desde el Consejo de Colegios Farmac\u00e9uticos de [\u2026]<\/p>","protected":false},"author":1,"featured_media":50664,"comment_status":"open","ping_status":"open","sticky":false,"template":"","format":"standard","meta":{"_uag_custom_page_level_css":"","site-sidebar-layout":"default","site-content-layout":"","ast-site-content-layout":"default","site-content-style":"default","site-sidebar-style":"default","ast-global-header-display":"","ast-banner-title-visibility":"","ast-main-header-display":"","ast-hfb-above-header-display":"","ast-hfb-below-header-display":"","ast-hfb-mobile-header-display":"","site-post-title":"","ast-breadcrumbs-content":"","ast-featured-img":"disabled","footer-sml-layout":"","theme-transparent-header-meta":"","adv-header-id-meta":"","stick-header-meta":"","header-above-stick-meta":"","header-main-stick-meta":"","header-below-stick-meta":"","astra-migrate-meta-layouts":"default","ast-page-background-enabled":"default","ast-page-background-meta":{"desktop":{"background-color":"var(--ast-global-color-4)","background-image":"","background-repeat":"repeat","background-position":"center center","background-size":"auto","background-attachment":"scroll","background-type":"","background-media":"","overlay-type":"","overlay-color":"","overlay-opacity":"","overlay-gradient":""},"tablet":{"background-color":"","background-image":"","background-repeat":"repeat","background-position":"center center","background-size":"auto","background-attachment":"scroll","background-type":"","background-media":"","overlay-type":"","overlay-color":"","overlay-opacity":"","overlay-gradient":""},"mobile":{"background-color":"","background-image":"","background-repeat":"repeat","background-position":"center center","background-size":"auto","background-attachment":"scroll","background-type":"","background-media":"","overlay-type":"","overlay-color":"","overlay-opacity":"","overlay-gradient":""}},"ast-content-background-meta":{"desktop":{"background-color":"var(--ast-global-color-5)","background-image":"","background-repeat":"repeat","background-position":"center center","background-size":"auto","background-attachment":"scroll","background-type":"","background-media":"","overlay-type":"","overlay-color":"","overlay-opacity":"","overlay-gradient":""},"tablet":{"background-color":"var(--ast-global-color-5)","background-image":"","background-repeat":"repeat","background-position":"center center","background-size":"auto","background-attachment":"scroll","background-type":"","background-media":"","overlay-type":"","overlay-color":"","overlay-opacity":"","overlay-gradient":""},"mobile":{"background-color":"var(--ast-global-color-5)","background-image":"","background-repeat":"repeat","background-position":"center center","background-size":"auto","background-attachment":"scroll","background-type":"","background-media":"","overlay-type":"","overlay-color":"","overlay-opacity":"","overlay-gradient":""}},"footnotes":""},"categories":[23,57],"tags":[308,18,2949,19,4102,469,90,963,4103,2166,53,68,69,335,45,76,2697,4104,586,3038,3502,2544],"class_list":["post-50643","post","type-post","status-publish","format-standard","has-post-thumbnail","hentry","category-destacats","category-mon-collegial","tag-ccfc","tag-cofb","tag-collaboracio","tag-collegi-de-farmaceutics-de-barcelona","tag-confinament","tag-coronavirus","tag-covid-19","tag-covid19","tag-domicili","tag-estudiants","tag-farmaceutics","tag-farmacia","tag-farmacia-comunitaria","tag-medicacio","tag-medicaments","tag-oficina-de-farmacia","tag-persones-grans","tag-repartiment","tag-solidaritat","tag-universitat-de-barcelona","tag-universitat-ramon-llull","tag-voluntariat"],"yoast_head":"<!-- This site is optimized with the Yoast SEO plugin v22.4 - https:\/\/yoast.com\/wordpress\/plugins\/seo\/ -->\n<title>Iniciatives per apropar la medicaci\u00f3 a persones vulnerables durant la pand\u00e8mia per COVID-19 - Col\u00b7legi de Farmac\u00e8utics de Barcelona<\/title>\n<meta name=\"description\" content=\"A causa del confinament, hi ha persones grans i vulnerables que no poden sortir per anar a recollir la seva medicaci\u00f3 a la farm\u00e0cia, tal com feien habitualment\" \/>\n<meta name=\"robots\" content=\"index, follow, max-snippet:-1, max-image-preview:large, max-video-preview:-1\" \/>\n<link rel=\"canonical\" href=\"https:\/\/novaorg.cofb.net\/2020\/04\/01\/iniciatives-apropar-medicacio-persones-vulnerables-durant-pandemia-covid-19\/\" \/>\n<meta property=\"og:locale\" content=\"es_ES\" \/>\n<meta property=\"og:type\" content=\"article\" \/>\n<meta property=\"og:title\" content=\"Iniciatives per apropar la medicaci\u00f3 a persones vulnerables durant la pand\u00e8mia per COVID-19 - Col\u00b7legi de Farmac\u00e8utics de Barcelona\" \/>\n<meta property=\"og:description\" content=\"A causa del confinament, hi ha persones grans i vulnerables que no poden sortir per anar a recollir la seva medicaci\u00f3 a la farm\u00e0cia, tal com feien habitualment\" \/>\n<meta property=\"og:url\" content=\"https:\/\/novaorg.cofb.net\/2020\/04\/01\/iniciatives-apropar-medicacio-persones-vulnerables-durant-pandemia-covid-19\/\" \/>\n<meta property=\"og:site_name\" content=\"Col\u00b7legi de Farmac\u00e8utics de Barcelona\" \/>\n<meta property=\"article:publisher\" content=\"https:\/\/www.facebook.com\/farmaceuticsbcn\/\" \/>\n<meta property=\"article:published_time\" content=\"2020-04-01T10:05:31+00:00\" \/>\n<meta name=\"author\" content=\"wpAdminCofbOrg\" \/>\n<meta name=\"twitter:card\" content=\"summary_large_image\" \/>\n<meta name=\"twitter:creator\" content=\"@farmaceuticsbcn\" \/>\n<meta name=\"twitter:site\" content=\"@farmaceuticsbcn\" \/>\n<meta name=\"twitter:label1\" content=\"Escrito por\" \/>\n\t<meta name=\"twitter:data1\" content=\"wpAdminCofbOrg\" \/>\n\t<meta name=\"twitter:label2\" content=\"Tiempo de lectura\" \/>\n\t<meta name=\"twitter:data2\" content=\"3 minutos\" \/>\n<script type=\"application\/ld+json\" class=\"yoast-schema-graph\">{\"@context\":\"https:\/\/schema.org\",\"@graph\":[{\"@type\":\"Article\",\"@id\":\"https:\/\/novaorg.cofb.net\/2020\/04\/01\/iniciatives-apropar-medicacio-persones-vulnerables-durant-pandemia-covid-19\/#article\",\"isPartOf\":{\"@id\":\"https:\/\/novaorg.cofb.net\/2020\/04\/01\/iniciatives-apropar-medicacio-persones-vulnerables-durant-pandemia-covid-19\/\"},\"author\":{\"name\":\"wpAdminCofbOrg\",\"@id\":\"https:\/\/www.cofb.org\/#\/schema\/person\/22ed7eea88da74b0fa4d3154ad87ffcb\"},\"headline\":\"Iniciatives per apropar la medicaci\u00f3 a persones vulnerables durant la pand\u00e8mia per COVID-19\",\"datePublished\":\"2020-04-01T10:05:31+00:00\",\"dateModified\":\"2020-04-01T10:05:31+00:00\",\"mainEntityOfPage\":{\"@id\":\"https:\/\/novaorg.cofb.net\/2020\/04\/01\/iniciatives-apropar-medicacio-persones-vulnerables-durant-pandemia-covid-19\/\"},\"wordCount\":701,\"commentCount\":0,\"publisher\":{\"@id\":\"https:\/\/www.cofb.org\/#organization\"},\"image\":{\"@id\":\"https:\/\/novaorg.cofb.net\/2020\/04\/01\/iniciatives-apropar-medicacio-persones-vulnerables-durant-pandemia-covid-19\/#primaryimage\"},\"thumbnailUrl\":\"\",\"keywords\":[\"CCFC\",\"COFB\",\"col\u00b7laboraci\u00f3\",\"Col\u00b7legi de Farmac\u00e8utics de Barcelona\",\"confinament\",\"coronavirus\",\"COVID-19\",\"COVID19\",\"domicili\",\"Estudiants\",\"farmac\u00e8utics\",\"Farm\u00e0cia\",\"farm\u00e0cia comunit\u00e0ria\",\"medicaci\u00f3\",\"medicaments\",\"Oficina de farm\u00e0cia\",\"persones grans\",\"repartiment\",\"solidaritat\",\"Universitat de Barcelona\",\"Universitat Ramon Llull\",\"Voluntariat\"],\"articleSection\":[\"Destacats\",\"M\u00f3n col\u00b7legial\"],\"inLanguage\":\"es\",\"potentialAction\":[{\"@type\":\"CommentAction\",\"name\":\"Comment\",\"target\":[\"https:\/\/novaorg.cofb.net\/2020\/04\/01\/iniciatives-apropar-medicacio-persones-vulnerables-durant-pandemia-covid-19\/#respond\"]}]},{\"@type\":\"WebPage\",\"@id\":\"https:\/\/novaorg.cofb.net\/2020\/04\/01\/iniciatives-apropar-medicacio-persones-vulnerables-durant-pandemia-covid-19\/\",\"url\":\"https:\/\/novaorg.cofb.net\/2020\/04\/01\/iniciatives-apropar-medicacio-persones-vulnerables-durant-pandemia-covid-19\/\",\"name\":\"Iniciatives per apropar la medicaci\u00f3 a persones vulnerables durant la pand\u00e8mia per COVID-19 - Col\u00b7legi de Farmac\u00e8utics de Barcelona\",\"isPartOf\":{\"@id\":\"https:\/\/www.cofb.org\/#website\"},\"primaryImageOfPage\":{\"@id\":\"https:\/\/novaorg.cofb.net\/2020\/04\/01\/iniciatives-apropar-medicacio-persones-vulnerables-durant-pandemia-covid-19\/#primaryimage\"},\"image\":{\"@id\":\"https:\/\/novaorg.cofb.net\/2020\/04\/01\/iniciatives-apropar-medicacio-persones-vulnerables-durant-pandemia-covid-19\/#primaryimage\"},\"thumbnailUrl\":\"\",\"datePublished\":\"2020-04-01T10:05:31+00:00\",\"dateModified\":\"2020-04-01T10:05:31+00:00\",\"description\":\"A causa del confinament, hi ha persones grans i vulnerables que no poden sortir per anar a recollir la seva medicaci\u00f3 a la farm\u00e0cia, tal com feien habitualment\",\"breadcrumb\":{\"@id\":\"https:\/\/novaorg.cofb.net\/2020\/04\/01\/iniciatives-apropar-medicacio-persones-vulnerables-durant-pandemia-covid-19\/#breadcrumb\"},\"inLanguage\":\"es\",\"potentialAction\":[{\"@type\":\"ReadAction\",\"target\":[\"https:\/\/novaorg.cofb.net\/2020\/04\/01\/iniciatives-apropar-medicacio-persones-vulnerables-durant-pandemia-covid-19\/\"]}]},{\"@type\":\"ImageObject\",\"inLanguage\":\"es\",\"@id\":\"https:\/\/novaorg.cofb.net\/2020\/04\/01\/iniciatives-apropar-medicacio-persones-vulnerables-durant-pandemia-covid-19\/#primaryimage\",\"url\":\"\",\"contentUrl\":\"\"},{\"@type\":\"BreadcrumbList\",\"@id\":\"https:\/\/novaorg.cofb.net\/2020\/04\/01\/iniciatives-apropar-medicacio-persones-vulnerables-durant-pandemia-covid-19\/#breadcrumb\",\"itemListElement\":[{\"@type\":\"ListItem\",\"position\":1,\"name\":\"Inici\",\"item\":\"https:\/\/novaorg.cofb.net\/\"},{\"@type\":\"ListItem\",\"position\":2,\"name\":\"Iniciatives per apropar la medicaci\u00f3 a persones vulnerables durant la pand\u00e8mia per COVID-19\"}]},{\"@type\":\"WebSite\",\"@id\":\"https:\/\/www.cofb.org\/#website\",\"url\":\"https:\/\/www.cofb.org\/\",\"name\":\"Col\u00b7legi de Farmac\u00e8utics de Barcelona\",\"description\":\"\",\"publisher\":{\"@id\":\"https:\/\/www.cofb.org\/#organization\"},\"potentialAction\":[{\"@type\":\"SearchAction\",\"target\":{\"@type\":\"EntryPoint\",\"urlTemplate\":\"https:\/\/www.cofb.org\/?s={search_term_string}\"},\"query-input\":\"required name=search_term_string\"}],\"inLanguage\":\"es\"},{\"@type\":\"Organization\",\"@id\":\"https:\/\/www.cofb.org\/#organization\",\"name\":\"Col\u00b7legi de Farmac\u00e8utics de Barcelona\",\"url\":\"https:\/\/www.cofb.org\/\",\"logo\":{\"@type\":\"ImageObject\",\"inLanguage\":\"es\",\"@id\":\"https:\/\/www.cofb.org\/#\/schema\/logo\/image\/\",\"url\":\"https:\/\/www.cofb.org\/wp-content\/uploads\/2023\/11\/cropped-Logotip-COFB.png\",\"contentUrl\":\"https:\/\/www.cofb.org\/wp-content\/uploads\/2023\/11\/cropped-Logotip-COFB.png\",\"width\":500,\"height\":105,\"caption\":\"Col\u00b7legi de Farmac\u00e8utics de Barcelona\"},\"image\":{\"@id\":\"https:\/\/www.cofb.org\/#\/schema\/logo\/image\/\"},\"sameAs\":[\"https:\/\/www.facebook.com\/farmaceuticsbcn\/\",\"https:\/\/twitter.com\/farmaceuticsbcn\",\"https:\/\/www.instagram.com\/farmaceuticsbcn\/\",\"https:\/\/www.linkedin.com\/company\/farmaceuticsbcn\/\"]},{\"@type\":\"Person\",\"@id\":\"https:\/\/www.cofb.org\/#\/schema\/person\/22ed7eea88da74b0fa4d3154ad87ffcb\",\"name\":\"wpAdminCofbOrg\",\"image\":{\"@type\":\"ImageObject\",\"inLanguage\":\"es\",\"@id\":\"https:\/\/www.cofb.org\/#\/schema\/person\/image\/\",\"url\":\"https:\/\/secure.gravatar.com\/avatar\/1721b20b3b8ca882c3b56ec6c978c594fff670e40c0718e9190eaeeb76aae7d8?s=96&d=mm&r=g\",\"contentUrl\":\"https:\/\/secure.gravatar.com\/avatar\/1721b20b3b8ca882c3b56ec6c978c594fff670e40c0718e9190eaeeb76aae7d8?s=96&d=mm&r=g\",\"caption\":\"wpAdminCofbOrg\"},\"sameAs\":[\"http:\/\/192.168.64.122\/wordpress\"],\"url\":\"https:\/\/www.cofb.org\/es\/author\/wpadmincofborg\/\"}]}<\/script>\n<!-- \/ Yoast SEO plugin. -->","yoast_head_json":{"title":"Iniciatives per apropar la medicaci\u00f3 a persones vulnerables durant la pand\u00e8mia per COVID-19 - Col\u00b7legi de Farmac\u00e8utics de Barcelona","description":"A causa del confinament, hi ha persones grans i vulnerables que no poden sortir per anar a recollir la seva medicaci\u00f3 a la farm\u00e0cia, tal com feien habitualment","robots":{"index":"index","follow":"follow","max-snippet":"max-snippet:-1","max-image-preview":"max-image-preview:large","max-video-preview":"max-video-preview:-1"},"canonical":"https:\/\/novaorg.cofb.net\/2020\/04\/01\/iniciatives-apropar-medicacio-persones-vulnerables-durant-pandemia-covid-19\/","og_locale":"es_ES","og_type":"article","og_title":"Iniciatives per apropar la medicaci\u00f3 a persones vulnerables durant la pand\u00e8mia per COVID-19 - Col\u00b7legi de Farmac\u00e8utics de Barcelona","og_description":"A causa del confinament, hi ha persones grans i vulnerables que no poden sortir per anar a recollir la seva medicaci\u00f3 a la farm\u00e0cia, tal com feien habitualment","og_url":"https:\/\/novaorg.cofb.net\/2020\/04\/01\/iniciatives-apropar-medicacio-persones-vulnerables-durant-pandemia-covid-19\/","og_site_name":"Col\u00b7legi de Farmac\u00e8utics de Barcelona","article_publisher":"https:\/\/www.facebook.com\/farmaceuticsbcn\/","article_published_time":"2020-04-01T10:05:31+00:00","author":"wpAdminCofbOrg","twitter_card":"summary_large_image","twitter_creator":"@farmaceuticsbcn","twitter_site":"@farmaceuticsbcn","twitter_misc":{"Escrito por":"wpAdminCofbOrg","Tiempo de lectura":"3 minutos"},"schema":{"@context":"https:\/\/schema.org","@graph":[{"@type":"Article","@id":"https:\/\/novaorg.cofb.net\/2020\/04\/01\/iniciatives-apropar-medicacio-persones-vulnerables-durant-pandemia-covid-19\/#article","isPartOf":{"@id":"https:\/\/novaorg.cofb.net\/2020\/04\/01\/iniciatives-apropar-medicacio-persones-vulnerables-durant-pandemia-covid-19\/"},"author":{"name":"wpAdminCofbOrg","@id":"https:\/\/www.cofb.org\/#\/schema\/person\/22ed7eea88da74b0fa4d3154ad87ffcb"},"headline":"Iniciatives per apropar la medicaci\u00f3 a persones vulnerables durant la pand\u00e8mia per COVID-19","datePublished":"2020-04-01T10:05:31+00:00","dateModified":"2020-04-01T10:05:31+00:00","mainEntityOfPage":{"@id":"https:\/\/novaorg.cofb.net\/2020\/04\/01\/iniciatives-apropar-medicacio-persones-vulnerables-durant-pandemia-covid-19\/"},"wordCount":701,"commentCount":0,"publisher":{"@id":"https:\/\/www.cofb.org\/#organization"},"image":{"@id":"https:\/\/novaorg.cofb.net\/2020\/04\/01\/iniciatives-apropar-medicacio-persones-vulnerables-durant-pandemia-covid-19\/#primaryimage"},"thumbnailUrl":"","keywords":["CCFC","COFB","col\u00b7laboraci\u00f3","Col\u00b7legi de Farmac\u00e8utics de Barcelona","confinament","coronavirus","COVID-19","COVID19","domicili","Estudiants","farmac\u00e8utics","Farm\u00e0cia","farm\u00e0cia comunit\u00e0ria","medicaci\u00f3","medicaments","Oficina de farm\u00e0cia","persones grans","repartiment","solidaritat","Universitat de Barcelona","Universitat Ramon Llull","Voluntariat"],"articleSection":["Destacats","M\u00f3n col\u00b7legial"],"inLanguage":"es","potentialAction":[{"@type":"CommentAction","name":"Comment","target":["https:\/\/novaorg.cofb.net\/2020\/04\/01\/iniciatives-apropar-medicacio-persones-vulnerables-durant-pandemia-covid-19\/#respond"]}]},{"@type":"WebPage","@id":"https:\/\/novaorg.cofb.net\/2020\/04\/01\/iniciatives-apropar-medicacio-persones-vulnerables-durant-pandemia-covid-19\/","url":"https:\/\/novaorg.cofb.net\/2020\/04\/01\/iniciatives-apropar-medicacio-persones-vulnerables-durant-pandemia-covid-19\/","name":"Iniciatives per apropar la medicaci\u00f3 a persones vulnerables durant la pand\u00e8mia per COVID-19 - Col\u00b7legi de Farmac\u00e8utics de Barcelona","isPartOf":{"@id":"https:\/\/www.cofb.org\/#website"},"primaryImageOfPage":{"@id":"https:\/\/novaorg.cofb.net\/2020\/04\/01\/iniciatives-apropar-medicacio-persones-vulnerables-durant-pandemia-covid-19\/#primaryimage"},"image":{"@id":"https:\/\/novaorg.cofb.net\/2020\/04\/01\/iniciatives-apropar-medicacio-persones-vulnerables-durant-pandemia-covid-19\/#primaryimage"},"thumbnailUrl":"","datePublished":"2020-04-01T10:05:31+00:00","dateModified":"2020-04-01T10:05:31+00:00","description":"A causa del confinament, hi ha persones grans i vulnerables que no poden sortir per anar a recollir la seva medicaci\u00f3 a la farm\u00e0cia, tal com feien habitualment","breadcrumb":{"@id":"https:\/\/novaorg.cofb.net\/2020\/04\/01\/iniciatives-apropar-medicacio-persones-vulnerables-durant-pandemia-covid-19\/#breadcrumb"},"inLanguage":"es","potentialAction":[{"@type":"ReadAction","target":["https:\/\/novaorg.cofb.net\/2020\/04\/01\/iniciatives-apropar-medicacio-persones-vulnerables-durant-pandemia-covid-19\/"]}]},{"@type":"ImageObject","inLanguage":"es","@id":"https:\/\/novaorg.cofb.net\/2020\/04\/01\/iniciatives-apropar-medicacio-persones-vulnerables-durant-pandemia-covid-19\/#primaryimage","url":"","contentUrl":""},{"@type":"BreadcrumbList","@id":"https:\/\/novaorg.cofb.net\/2020\/04\/01\/iniciatives-apropar-medicacio-persones-vulnerables-durant-pandemia-covid-19\/#breadcrumb","itemListElement":[{"@type":"ListItem","position":1,"name":"Inici","item":"https:\/\/novaorg.cofb.net\/"},{"@type":"ListItem","position":2,"name":"Iniciatives per apropar la medicaci\u00f3 a persones vulnerables durant la pand\u00e8mia per COVID-19"}]},{"@type":"WebSite","@id":"https:\/\/www.cofb.org\/#website","url":"https:\/\/www.cofb.org\/","name":"Col\u00b7legi de Farmac\u00e8utics de Barcelona","description":"","publisher":{"@id":"https:\/\/www.cofb.org\/#organization"},"potentialAction":[{"@type":"SearchAction","target":{"@type":"EntryPoint","urlTemplate":"https:\/\/www.cofb.org\/?s={search_term_string}"},"query-input":"required name=search_term_string"}],"inLanguage":"es"},{"@type":"Organization","@id":"https:\/\/www.cofb.org\/#organization","name":"Col\u00b7legi de Farmac\u00e8utics de Barcelona","url":"https:\/\/www.cofb.org\/","logo":{"@type":"ImageObject","inLanguage":"es","@id":"https:\/\/www.cofb.org\/#\/schema\/logo\/image\/","url":"https:\/\/www.cofb.org\/wp-content\/uploads\/2023\/11\/cropped-Logotip-COFB.png","contentUrl":"https:\/\/www.cofb.org\/wp-content\/uploads\/2023\/11\/cropped-Logotip-COFB.png","width":500,"height":105,"caption":"Col\u00b7legi de Farmac\u00e8utics de Barcelona"},"image":{"@id":"https:\/\/www.cofb.org\/#\/schema\/logo\/image\/"},"sameAs":["https:\/\/www.facebook.com\/farmaceuticsbcn\/","https:\/\/twitter.com\/farmaceuticsbcn","https:\/\/www.instagram.com\/farmaceuticsbcn\/","https:\/\/www.linkedin.com\/company\/farmaceuticsbcn\/"]},{"@type":"Person","@id":"https:\/\/www.cofb.org\/#\/schema\/person\/22ed7eea88da74b0fa4d3154ad87ffcb","name":"wpAdminCofbOrg","image":{"@type":"ImageObject","inLanguage":"es","@id":"https:\/\/www.cofb.org\/#\/schema\/person\/image\/","url":"https:\/\/secure.gravatar.com\/avatar\/1721b20b3b8ca882c3b56ec6c978c594fff670e40c0718e9190eaeeb76aae7d8?s=96&d=mm&r=g","contentUrl":"https:\/\/secure.gravatar.com\/avatar\/1721b20b3b8ca882c3b56ec6c978c594fff670e40c0718e9190eaeeb76aae7d8?s=96&d=mm&r=g","caption":"wpAdminCofbOrg"},"sameAs":["http:\/\/192.168.64.122\/wordpress"],"url":"https:\/\/www.cofb.org\/es\/author\/wpadmincofborg\/"}]}},"uagb_featured_image_src":{"full":false,"thumbnail":false,"medium":false,"medium_large":false,"large":false,"1536x1536":false,"2048x2048":false,"trp-custom-language-flag":false},"uagb_author_info":{"display_name":"wpAdminCofbOrg","author_link":"https:\/\/www.cofb.org\/es\/author\/wpadmincofborg\/"},"uagb_comment_info":0,"uagb_excerpt":"A causa del confinament, hi ha persones grans i\/o vulnerables que no poden sortir de casa per anar a recollir la seva medicaci\u00f3 a la farm\u00e0cia, tal com feien habitualment. \u00c9s per aix\u00f2 que, conscients de les dificultats que poden tenir aquestes persones, des del Consell de Col\u00b7legis Farmac\u00e8utics de [&hellip;]","_links":{"self":[{"href":"https:\/\/www.cofb.org\/es\/wp-json\/wp\/v2\/posts\/50643","targetHints":{"allow":["GET"]}}],"collection":[{"href":"https:\/\/www.cofb.org\/es\/wp-json\/wp\/v2\/posts"}],"about":[{"href":"https:\/\/www.cofb.org\/es\/wp-json\/wp\/v2\/types\/post"}],"author":[{"embeddable":true,"href":"https:\/\/www.cofb.org\/es\/wp-json\/wp\/v2\/users\/1"}],"replies":[{"embeddable":true,"href":"https:\/\/www.cofb.org\/es\/wp-json\/wp\/v2\/comments?post=50643"}],"version-history":[{"count":0,"href":"https:\/\/www.cofb.org\/es\/wp-json\/wp\/v2\/posts\/50643\/revisions"}],"wp:featuredmedia":[{"embeddable":true,"href":"https:\/\/www.cofb.org\/es\/wp-json\/"}],"wp:attachment":[{"href":"https:\/\/www.cofb.org\/es\/wp-json\/wp\/v2\/media?parent=50643"}],"wp:term":[{"taxonomy":"category","embeddable":true,"href":"https:\/\/www.cofb.org\/es\/wp-json\/wp\/v2\/categories?post=50643"},{"taxonomy":"post_tag","embeddable":true,"href":"https:\/\/www.cofb.org\/es\/wp-json\/wp\/v2\/tags?post=50643"}],"curies":[{"name":"wp","href":"https:\/\/api.w.org\/{rel}","templated":true}]}}