{"id":50627,"date":"2020-04-27T18:41:02","date_gmt":"2020-04-27T16:41:02","guid":{"rendered":"https:\/\/blog.cofb.cat\/?p=50627"},"modified":"2020-04-27T18:41:02","modified_gmt":"2020-04-27T16:41:02","slug":"marc-paper-dels-farmaceutics-enfront-crisi-covid-19-reaccions-defensa-condicio-sanitaria-nostra-professio-temes-mes-destacats-als-mitjans","status":"publish","type":"post","link":"https:\/\/www.cofb.org\/es\/2020\/04\/27\/marc-paper-dels-farmaceutics-enfront-crisi-covid-19-reaccions-defensa-condicio-sanitaria-nostra-professio-temes-mes-destacats-als-mitjans\/","title":{"rendered":"Marzo: el papel de los farmac\u00e9uticos frente a la crisis de la COVID-19 y las reacciones en defensa de la condici\u00f3n sanitaria de nuestra profesi\u00f3n, temas m\u00e1s destacados en los medios"},"content":{"rendered":"<h1><strong>El papel de los farmac\u00e9uticos frente a la crisis de la COVID-19<\/strong><\/h1>\n<p>El mes de marzo estuvo marcado por la <strong>crisis sanitaria provocada por el nuevo coronavirus SARS-CoV-2\u00a0<\/strong>Varios <strong>medios<\/strong> se interesaron por conocer qu\u00e9 papel estaban teniendo los farmac\u00e9uticos frente a la crisis de la COVID-19 y concretar, entre otros aspectos, c\u00f3mo lo estaban viviendo y cu\u00e1les\u00a0<strong>medidas preventivas<\/strong>\u00a0se estaban poniendo en marcha en las farmacias para garantizar la protecci\u00f3n de los farmac\u00e9uticos, profesionales que est\u00e1n en primera l\u00ednea atendiendo a diario a los ciudadanos.<\/p>\n<p><strong>Radio 4<\/strong> entrevist\u00f3\u00a0<strong>N\u00faria Bosch<\/strong>, vicepresidenta del Colegio, sobre la situaci\u00f3n que estaban viviendo los profesionales farmac\u00e9uticos (<a href=\"https:\/\/www.rtve.es\/alacarta\/audios\/de-boca-a-orella\/langoixa-ens-pot-fer-abaixar-les-defenses\/5538726\/\" target=\"_blank\" rel=\"noopener\">minuto 13:15-19:25<\/a>).\u00a0<strong>Bosch<\/strong> tambi\u00e9n respondi\u00f3, en otra ocasi\u00f3n, las <a href=\"http:\/\/www.radioestel.com\/noticia_extendida.php?id=restel&amp;idnot=6956\" target=\"_blank\" rel=\"noopener\">preguntas de R\u00e0dio Estel<\/a>. Por su parte, <strong>Guillermo Bagar\u00eda<\/strong>, responsable de Atenci\u00f3n Farmac\u00e9utica del <strong>COFB<\/strong>, atendi\u00f3 desde su farmacia el programa\u00a0<strong>El Ma\u00f1ana de RTVE<\/strong> (<a href=\"https:\/\/www.rtve.es\/alacarta\/videos\/la-manana\/manana-27-03-20\/5546932\/\" target=\"_blank\" rel=\"noopener\">minuto 25:29<\/a>). Por otra parte, <strong>El Punt Avui<\/strong>\u00a0public\u00f3\u00a0<a href=\"https:\/\/www.elpuntavui.cat\/societat\/article\/1762638-medicaments-per-finestreta.html\" target=\"_blank\" rel=\"noopener\">una pieza sobre los protocolos adoptados en las farmacias <\/a>en el contexto de la pandemia, en la que tambi\u00e9n recogi\u00f3 declaraciones de Bagar\u00eda.<\/p>\n<p><a href=\"https:\/\/blog.cofb.cat\/wp-content\/uploads\/2020\/04\/Captura1.png\"><img fetchpriority=\"high\" decoding=\"async\" class=\"aligncenter size-full wp-image-50812\" src=\"https:\/\/blog.cofb.cat\/wp-content\/uploads\/2020\/04\/Captura1.png\" alt=\"\" width=\"855\" height=\"350\" \/><\/a><\/p>\n<p><strong>Betev\u00e9<\/strong> hizo uno <a href=\"https:\/\/beteve.cat\/societat\/serveis-essencials-treballadors-coronavirus\/\" target=\"_blank\" rel=\"noopener\">reportaje sobre los trabajadores esenciales<\/a>, que cont\u00f3 con el testimonio del farmac\u00e9utico\u00a0<strong>Antoni Clap\u00e9s<\/strong>; y <strong>TV3<\/strong> hizo otro sobre el<a href=\"https:\/\/www.ccma.cat\/tv3\/alacarta\/telenoticies-migdia\/angoixats-per-la-pandemia\/video\/6037282\/\" target=\"_blank\" rel=\"noopener\">angustia en tiempo de confinamiento<\/a>, que incluy\u00f3 las declaraciones de la farmac\u00e9utica <strong>Mar\u00eda Luisa Puchol<\/strong>. El <strong>Diario Ahora<\/strong> public\u00f3 tambi\u00e9n <a href=\"https:\/\/www.ara.cat\/societat\/farmaceutics-prescriptors-serenor-finestreta-informacio_0_2417158392.html\">una pieza sobre el papel de los farmac\u00e9uticos durante la crisis sanitaria<\/a>, donde hicieron menci\u00f3n a los mensajes de la cuenta de\u00a0<strong>Twitter del COFB, en el que se informaba del<a href=\"https:\/\/farmaceutics.cofb.net\/group\/guest\/coronavirus\" target=\"_blank\" rel=\"noopener\">Espacio COVID-19<\/a> que est\u00e1 a disposici\u00f3n de los colegiados en la intranet colegial<\/strong>. El diario <strong>Regi\u00f3n 7<\/strong>, en su versi\u00f3n en papel, tambi\u00e9n entrevist\u00f3 a la farmac\u00e9utica, <strong>N\u00faria Ros<\/strong>, e hizo menci\u00f3n al <strong>COFB<\/strong>.<\/p>\n<div class=\"custom-divider\"><\/div>\n<h1><strong>Las reacciones del COFB en las palabras de Fernando Sim\u00f3n<\/strong><\/h1>\n<p>El director del Centro de Coordinaci\u00f3n de Alertas y Emergencias Sanitarias (CCAES), <strong>Fernando Sim\u00f3n<\/strong>, va <strong>descartar<\/strong> durante una rueda de prensa de finales de marzo el <strong>suministro de mascarillas protectoras<\/strong>\u00a0por\u00a0<strong>a los profesionales farmac\u00e9uticos<\/strong>, asegurando que afrontan riesgos inherentes a su profesi\u00f3n. Las reacciones de representantes del COFB no tardaron, protestando por las desafortunadas declaraciones de Sim\u00f3n. <strong>Jordi de Dalmases<\/strong>, presidente del Colegio, grab\u00f3 un v\u00eddeo difundido\u00a0<a href=\"https:\/\/twitter.com\/farmaceuticsbcn\" target=\"_blank\" rel=\"noopener\">en las redes sociales del COFB<\/a> (lo citaron varios medios) y tambi\u00e9n atendi\u00f3 a <strong>TV3<\/strong> en dos ocasiones: en <a href=\"https:\/\/www.ccma.cat\/tv3\/alacarta\/tot-es-mou\/els-farmaceutics-discriminats-i-exposats-davant-el-coronavirus\/video\/6036765\/\" target=\"_blank\" rel=\"noopener\">Todo se mueve<\/a> y en el\u00a0<a href=\"https:\/\/www.ccma.cat\/tv3\/alacarta\/planta-baixa\/planta-baixa-les-xifres-del-coronavirus\/video\/6036850\/\" target=\"_blank\" rel=\"noopener\">Planta Baja (minuto 1:45:35)<\/a>.<\/p>\n<p><a href=\"https:\/\/blog.cofb.cat\/wp-content\/uploads\/2020\/04\/Jordi-de-Dalmases-HGM.png\"><img decoding=\"async\" class=\"aligncenter size-full wp-image-50813\" src=\"https:\/\/blog.cofb.cat\/wp-content\/uploads\/2020\/04\/Jordi-de-Dalmases-HGM.png\" alt=\"\" width=\"634\" height=\"353\" \/><\/a><\/p>\n<p>La vicepresidenta del COFB, <strong>N\u00faria Bosch<\/strong>, tambi\u00e9n atendi\u00f3 a los medios por esta cuesti\u00f3n, respondiendo a <a href=\"https:\/\/www.rac1.cat\/societat\/20200325\/4889660525\/farmacies-auxili-ajuda-ministeri-material-seguretat-coronavirus.html\" target=\"_blank\" rel=\"noopener\">Rac1<\/a> (que cit\u00f3 varios tuits del Colegio), <a href=\"https:\/\/www.rtve.es\/alacarta\/audios\/de-boca-a-orella\/boca-orella-25-03-20-1a-hora\/5545699\/?t=18m40s\" target=\"_blank\" rel=\"noopener\">Radio 4\u00a0<\/a>(minuto 18:40) y <a href=\"https:\/\/www.ccma.cat\/catradio\/alacarta\/catalunya-migdia-cap-de-setmana\/catalunya-migdia-cap-de-setmana-de-14-a-15-h-28032020\/audio\/1067620\/\" target=\"_blank\" rel=\"noopener\">Catalu\u00f1a Radio<\/a> (minuto 31:25). En la <a href=\"https:\/\/www.cope.es\/emisoras\/cataluna\/barcelona-provincia\/barcelona\/herrera-a-cope-catalunya-i-andorra\/audios\/els-farmaceutics-indignats-perque-sanitat-els-consideri-grup-risc-davant-del-coronavirus-20200325_1053459\" target=\"_blank\" rel=\"noopener\">cadena Cope<\/a> entrevistaron al responsable de Atenci\u00f3n Farmac\u00e9utica del COFB,\u00a0<strong>Guillermo Bagar\u00eda,<\/strong> y en el <a href=\"https:\/\/www.ccma.cat\/tv3\/alacarta\/telenoticies\/els-farmaceutics-reclamen-que-sels-faciliti-material-de-proteccio\/video\/6036931\/\" target=\"_blank\" rel=\"noopener\">telediarios de TV3<\/a>, al secretario del COFB, <strong>Jordi Casas<\/strong>, adem\u00e1s de la farmac\u00e9utica de Barcelona\u00a0<strong>Amelia Garcia-Miranda<\/strong>.\u00a0<a href=\"https:\/\/www.vilaweb.cat\/noticies\/els-farmaceutics-indignats-amb-simon-enviarien-un-bomber-a-apagar-un-foc-amb-una-samarreta\/\" target=\"_blank\" rel=\"noopener\">Vilaweb<\/a> se hizo eco del v\u00eddeo del presidente y <a href=\"https:\/\/www.larepublica.cat\/minut-a-minut\/els-farmaceutics-indignats-perque-el-ministeri-de-sanitat-no-els-consideri-grup-de-risc-davant-del-coronavirus\/\" target=\"_blank\" rel=\"noopener\">La Rep\u00fablica<\/a>, <a href=\"https:\/\/www.eltriangle.eu\/ca\/actualitat\/sanitat\/farmaceutics-barcelona-demanen-material-cribrar-casos-coronavirus_105309_102.html\" target=\"_blank\" rel=\"noopener\">El Tri\u00e1ngulo,<\/a>\u00a0<a href=\"https:\/\/www.autonomosyemprendedor.es\/articulo\/actualidad\/indignacion-farmaceuticos-desproteccion-pandemia\/20200324173157021887.html\" target=\"_blank\" rel=\"noopener\">Auton\u00f3mos y Emprendedores<\/a>\u00a0y <strong>Europa Press<\/strong> hablaron tambi\u00e9n de las quejas de los farmac\u00e9uticos catalanes sobre esta pol\u00e9mica. El <strong>Diario M\u00e1s<\/strong> tambi\u00e9n recogi\u00f3 la reacci\u00f3n del presidente del Colegio y hizo menci\u00f3n a la campa\u00f1a del COFB con el hashtag <strong>#SocFarmac\u00e9utico<\/strong>, tanto en la <a href=\"https:\/\/www.diarimes.com\/noticies\/tarragona\/2020\/03\/25\/els_farmaceutics_indignats_per_no_ser_considerat_grup_risc_davant_covid_19_78999_1091.html\" target=\"_blank\" rel=\"noopener\">versi\u00f3n online<\/a> como en papel.<\/p>\n<p><a href=\"https:\/\/blog.cofb.cat\/wp-content\/uploads\/2020\/04\/SER-I-RAC1.png\"><img decoding=\"async\" class=\"aligncenter size-full wp-image-50814\" src=\"https:\/\/blog.cofb.cat\/wp-content\/uploads\/2020\/04\/SER-I-RAC1.png\" alt=\"\" width=\"749\" height=\"339\" \/><\/a><\/p>\n<p>Por \u00faltimo, el 27 de marzo el <strong>Ministerio de Sanidad<\/strong> autoriz\u00f3 al Colegio a comprar mascarillas por su cuenta. En este contexto, <strong>N\u00faria Bosch<\/strong> ofreci\u00f3 declaraciones a <a href=\"https:\/\/play.cadenaser.com\/audio\/ser_cataluna_hora14catalunya_20200328_140500_143000\/\" target=\"_blank\" rel=\"noopener\">Hora 14<\/a> (11:35) y <a href=\"https:\/\/play.cadenaser.com\/audio\/ser_cat_elbalco_20200327_190000_210000\/\" target=\"_blank\" rel=\"noopener\">El Balc\u00f3n<\/a> (44:12), de la <strong>Cadena Ser<\/strong>, que adem\u00e1s hizo <a href=\"https:\/\/cadenaser.com\/emisora\/2020\/03\/27\/sercat\/1585340356_350769.html\" target=\"_blank\" rel=\"noopener\">una pieza escrita en su web<\/a>. Tambi\u00e9n lo recogi\u00f3 <strong>El Global<\/strong> en su versi\u00f3n en papel.<\/p>\n<div class=\"custom-divider\"><\/div>\n<h1><strong>Mascarillas y geles hidroalcoh\u00f3licos en las farmacias<\/strong><\/h1>\n<h2><span style=\"color: #000000;\"><strong>Carece de geles hidroalcoh\u00f3licos<\/strong><\/span><\/h2>\n<p>Si bien al principio de la crisis se agotaron las <strong>mascarillas protectoras<\/strong>, acto seguido pas\u00f3 lo mismo con el <strong>gel hidroalcoh\u00f3lico<\/strong>. Los expertos insistieron en que\u00a0<strong>la forma m\u00e1s efectiva para evitar contagiarse es lavarse las manos<\/strong> con agua y jab\u00f3n o utilizando este tipo de geles desinfectantes, lo que provoc\u00f3 un fuerte aumento de la demanda de estos productos.\u00a0<strong>Maria Perell\u00f3<\/strong>, responsable del <strong>Centro de Informaci\u00f3n del Medicamento<\/strong> del COFB, hizo un llamamiento a <strong>consumir de \u201cforma l\u00f3gica\u201d<\/strong> en declaraciones a <a href=\"https:\/\/www.naciodigital.cat\/noticia\/197237\/farmacies\/barcelona\/amb\/poc\/gel\/desinfectant\/estoc\/coronavirus\" target=\"_blank\" rel=\"noopener\">Naci\u00f3n Digital<\/a>. Tambi\u00e9n atendieron a los medios el responsable de Atenci\u00f3n Farmac\u00e9utica del Colegio <strong>Guillermo Bagar\u00eda<\/strong>, que fue entrevistado en la cadena\u00a0<a href=\"https:\/\/www.cope.es\/emisoras\/cataluna\/barcelona-provincia\/barcelona\/herrera-a-cope-catalunya-i-andorra\/noticias\/por-que-debemos-preparar-casa-gel-antiiseptico-para-prevenir-coronavirus-20200304_637338\" target=\"_blank\" rel=\"noopener\">Cope<\/a>. Rac 1 tambi\u00e9n recogi\u00f3 la visi\u00f3n de Bagar\u00eda sobre esta cuesti\u00f3n en una pieza para su <a href=\"https:\/\/www.rac1.cat\/societat\/20200325\/4890778451\/perills-fer-gel-hidroalcoholic-casa-casola-recepta-oms-coronavirus-mans.html\" target=\"_blank\" rel=\"noopener\">web<\/a>.<\/p>\n<p><a href=\"https:\/\/blog.cofb.cat\/wp-content\/uploads\/2020\/04\/Naci\u00f3-Digital-i-Cope.png\"><img loading=\"lazy\" decoding=\"async\" class=\"aligncenter size-full wp-image-50815\" src=\"https:\/\/blog.cofb.cat\/wp-content\/uploads\/2020\/04\/Naci\u00f3-Digital-i-Cope.png\" alt=\"\" width=\"631\" height=\"281\" \/><\/a><\/p>\n<h2><span style=\"color: #000000;\"><strong>Aparici\u00f3n de distribuidores de mascarillas y geles fuera de los canales habituales\u00a0<\/strong><\/span><\/h2>\n<p>A su vez, las dificultades para obtener materiales como <strong>mascarillas<\/strong> o <strong>gel hidroalcoh\u00f3lico<\/strong> provoc\u00f3 la aparici\u00f3n de distribuidores fuera de los <span style=\"color: #008000;\"><span style=\"color: #000000;\">canales habituales de los farmac\u00e9uticos<\/span><\/span><span style=\"color: #000000;\">. <\/span>Esta situaci\u00f3n ocasion\u00f3 que el COFB hiciera una <strong>llamada a preservar la \u00e9tica profesional<\/strong>. Estos hechos fueron recogidos por <strong>La Vanguardia<\/strong>, tanto <a href=\"https:\/\/www.lavanguardia.com\/vida\/20200326\/4899887105\/mercado-negro-coronavirus-espana.html\" target=\"_blank\" rel=\"noopener\">en una noticia<\/a> como en uno <a href=\"https:\/\/www.lavanguardia.com\/opinion\/20200326\/4899786884\/farmacies-sense-etica.html\" target=\"_blank\" rel=\"noopener\">art\u00edculo de opini\u00f3n<\/a>. Ambas piezas fueron incluidas tambi\u00e9n en la versi\u00f3n en papel del diario. En este contexto,\u00a0<strong>Jordi Casas<\/strong>, secretario del COFB, atendi\u00f3 al programa de <a href=\"https:\/\/www.cuatro.com\/todoesmentira\/programa-completo-306-hd_18_2920845317.html\" target=\"_blank\" rel=\"noopener\">Cuatro \u201cTodo se Mentira\u201d<\/a>\u00a0(Minuto 43:00), en\u00a0 <a href=\"https:\/\/www.lasexta.com\/noticias\/nacional\/las-farmacias-denuncian-los-desorbitados-precios-de-las-mascarillas-y-geles_202003295e80cc32d41df90001c9e740.html\" target=\"_blank\" rel=\"noopener\">La Sexta<\/a>\u00a0(con unas declaraciones que fueron recogidas a la vez por <a href=\"https:\/\/headtopics.com\/es\/las-farmacias-denuncian-los-desorbitados-precios-de-las-mascarillas-y-geles-12152007\" target=\"_blank\" rel=\"noopener\">Head Topics<\/a>) y en\u00a0<a href=\"https:\/\/www.ccma.cat\/324\/especulacio-amb-les-mascaretes-preus-desorbitats-per-a-importadors-i-farmacies\/noticia\/3000540\/\" target=\"_blank\" rel=\"noopener\">TV3<\/a>. Adem\u00e1s, a ra\u00edz de la entrevista que le hizo el<strong>Agencia Catalana de Noticias,\u00a0<\/strong>sus declaraciones se publicaron en <a href=\"https:\/\/www.elmon.cat\/societat\/gels-desinfectats-doble-preu-farmaceutics-recorren-proveidors-no-habituals_2117837102.html\" target=\"_blank\" rel=\"noopener\">El Mundo<\/a>,\u00a0<a href=\"https:\/\/www.elperiodico.cat\/ca\/societat\/20200327\/gels-desinfectants-doble-preu-farmaceutics-proveidors-no-habituals-7907105\" target=\"_blank\" rel=\"noopener\">El Peri\u00f3dico<\/a>, <a href=\"https:\/\/www.larepublica.cat\/minut-a-minut\/gels-desinfectats-al-doble-de-preu-els-farmaceutics-recorren-a-proveidors-no-habituals\/\" target=\"_blank\" rel=\"noopener\">La Rep\u00fablica<\/a>, <a href=\"https:\/\/www.emporda.info\/catalunya\/2020\/03\/27\/gels-desinfectants-al-doble-preu\/461481.html\" target=\"_blank\" rel=\"noopener\">Empord\u00e0.info<\/a> y <a href=\"https:\/\/www.eixdiari.cat\/societat\/doc\/87922\/gels-desinfectats-al-doble-de-preu--els-farmaceutics-recorren-a-proveidors-no-habituals.html\" target=\"_blank\" rel=\"noopener\">Eje Diario<\/a>, <a href=\"https:\/\/www.diarimes.com\/noticies\/camp_tarragona\/2020\/03\/27\/gels_desinfectats_doble_preu_els_farmaceutics_recorren_proveidors_no_habituals_79158_1093.html\" target=\"_blank\" rel=\"noopener\">Diario M\u00e1s Tarragona<\/a>; tambi\u00e9n atendi\u00f3\u00a0<a href=\"https:\/\/www.lasexta.com\/noticias\/nacional\/las-farmacias-denuncian-los-desorbitados-precios-de-las-mascarillas-y-geles_202003295e80cc32d41df90001c9e740.html\" target=\"_blank\" rel=\"noopener\">La Sexta<\/a>\u00a0y\u00a0\u00a0<a href=\"https:\/\/www.ccma.cat\/324\/especulacio-amb-les-mascaretes-preus-desorbitats-per-a-importadors-i-farmacies\/noticia\/3000540\/\" target=\"_blank\" rel=\"noopener\">TV3<\/a>. Por \u00faltimo,\u00a0<a href=\"https:\/\/www.teleponent.cat\/gel-desinfectant-al-doble-de-preu-els-farmaceutics-recorren-a-proveidors-no-habituals\/\" target=\"_blank\" rel=\"noopener\">Teleponente<\/a>\u00a0tambi\u00e9n recogi\u00f3 las declaraciones del secretario del COFB en ACN.<\/p>\n<p><a href=\"https:\/\/blog.cofb.cat\/wp-content\/uploads\/2020\/04\/RistoCasasCasas.png\"><img loading=\"lazy\" decoding=\"async\" class=\"aligncenter size-full wp-image-50820\" src=\"https:\/\/blog.cofb.cat\/wp-content\/uploads\/2020\/04\/RistoCasasCasas.png\" alt=\"\" width=\"743\" height=\"222\" \/><\/a><\/p>\n<div class=\"custom-divider\"><\/div>\n<h1><strong>El COFB recuerda que las farmacias est\u00e1n en la primera l\u00ednea de actuaci\u00f3n frente al coronavirus<\/strong><\/h1>\n<p>El 20 de marzo el Colegio emiti\u00f3 una nota de prensa haciendo valer el <strong>papel de la farmacia<\/strong> en el marco de esta <strong>crisis sanitaria<\/strong>. Anunci\u00f3 tambi\u00e9n que se estaba trabajando para conseguir m\u00e1s <strong>protecci\u00f3n por el colectivo<\/strong> e hizo un llamamiento a la <strong>responsabilidad<\/strong> de los ciudadanos para un uso racional de los medicamentos. Se hicieron eco <a href=\"https:\/\/revistafarmanatur.com\/gestion-farmaceutica\/cofb-recuerda-las-farmacias-estan-primera-linea-actuacion-ante-coronavirus-trabaja-obtener-mas-proteccion-colectivo\/\" target=\"_blank\" rel=\"noopener\">Revista Farmanatur<\/a>, <a href=\"https:\/\/www.farmaventas.es\/noticias-del-sector\/otras-noticias\/10080-el-cof-de-barcelona-recuerda-que-las-farmacias-estan-en-primera-linea-de-actuacion-ante-el-coronavirus-y-trabaja-para-obtener-mas-proteccion-para-el-colectivo.html\">Farmaventas<\/a>, <a href=\"https:\/\/www.larepublica.cat\/minut-a-minut\/el-collegi-de-farmaceutics-recorda-que-estan-en-primera-linia-i-treballa-per-obtenir-mes-proteccio-per-al-collectiu\/\" target=\"_blank\" rel=\"noopener\">La Rep\u00fablica<\/a>, <a href=\"https:\/\/www.imfarmacias.es\/noticia\/20136\/el-cof-de-barcelona-trabaja-para-la-proteccion-del-colectivo-farmace\" target=\"_blank\" rel=\"noopener\">imFarmacias<\/a> y el <a href=\"https:\/\/www.diaridegirona.cat\/comarques\/2020\/03\/21\/reclamen-mes-proteccio-als-farmaceutics\/1035477.html\" target=\"_blank\" rel=\"noopener\">La Opini\u00f3n de Zamora<\/a>\u00a0y <strong>Europa Press<\/strong>. Por su parte, Asimismo, la vicepresidenta <strong>N\u00faria Bosch\u00a0<\/strong>hizo declaraciones en el programa Catalunya Vespre de\u00a0<a href=\"https:\/\/www.ccma.cat\/catradio\/alacarta\/catalunya-nit\/tot-costa-de-20-a-21-h-16032020\/audio\/1066873\/\" target=\"_blank\" rel=\"noopener\">Catalu\u00f1a Radio<\/a> (37:59), donde va insistido en ese uso racional de los f\u00e1rmacos para evitar posibles desabastecimientos.<\/p>\n<p><a href=\"https:\/\/blog.cofb.cat\/wp-content\/uploads\/2020\/04\/Img5.jpg\"><img loading=\"lazy\" decoding=\"async\" class=\"aligncenter size-large wp-image-50737\" src=\"https:\/\/blog.cofb.cat\/wp-content\/uploads\/2020\/04\/Img5-1024x527.jpg\" alt=\"\" width=\"620\" height=\"319\" \/><\/a><\/p>\n<div class=\"custom-divider\"><\/div>\n<h1><strong>Trabajo conjunto con el Departamento de Salud para hacer frente al coronavirus<\/strong><\/h1>\n<p>A principios del mes de marzo, el Consejo de Colegios Farmac\u00e9uticos de Catalu\u00f1a envi\u00f3 a los medios una nota de prensa sobre el <strong>trabajo conjunto con el Departamento de Salud de la Generalitat para hacer frente al coronavirus. <\/strong>En este comunicado, tambi\u00e9n se concretaron<strong> las acciones impulsadas desde el COFB frente a esta situaci\u00f3n excepcional.\u00a0\u00a0<\/strong><span id=\"yui_patched_v3_11_0_1_1588246715275_345\"><\/span>Varios medios recogieron esta informaci\u00f3n: <a href=\"https:\/\/revistafarmanatur.com\/home-izq\/ccfc-departament-salut-la-generalitat-se-aunan-frente-al-coronavirus-lanzar-mensaje-calma\/\" target=\"_blank\" rel=\"noopener\">Revista Farmanatur<\/a>, <a href=\"https:\/\/www.diariofarma.com\/2020\/03\/12\/los-cof-catalanes-dan-cuentas-de-su-colaboracion-con-salut-y-sus-actuaciones-contra-el-coronavirus\" target=\"_blank\" rel=\"noopener\">Diariofarma<\/a>, <a href=\"http:\/\/www.elfarmaceutico.es\/index.php\/noticias-actualidad-farmaceutica\/item\/10743-el-consell-de-col-legis-farmaceutics-de-catalunya-trabaja-junto-al-departament-de-salut-de-la-generalitat-para-hacer-frente-al-coronavirus-y-lanzar-un-mensaje-de-calma-a-la-poblacion#.XorqW8gzaUl\" target=\"_blank\" rel=\"noopener\">El Farmac\u00e9utico<\/a> y <a href=\"https:\/\/www.farmaventas.es\/noticias-del-sector\/10035-el-consell-de-col-legis-farmaceutics-de-catalunya-trabaja-junto-al-departament-de-salut-de-la-generalitat-para-hacer-frente-al-coronavirus-y-lanzar-un-mensaje-de-calma-a-la-poblacio.html\" target=\"_blank\" rel=\"noopener\">Farmaventas<\/a>.<\/p>\n<p><a href=\"https:\/\/blog.cofb.cat\/wp-content\/uploads\/2020\/04\/Img6.jpg\"><img loading=\"lazy\" decoding=\"async\" class=\"aligncenter size-large wp-image-50738\" src=\"https:\/\/blog.cofb.cat\/wp-content\/uploads\/2020\/04\/Img6-1024x662.jpg\" alt=\"\" width=\"620\" height=\"401\" \/><\/a><\/p>\n<div class=\"custom-divider\"><\/div>\n<h1><strong>El COFB como fuente de informaci\u00f3n<\/strong><\/h1>\n<h3><strong>Entrevista en Meritxell Blanchart, coordinadora de las farmacias del Vall\u00e8s Occidental Este<\/strong><\/h3>\n<p>El pasado 11 de marzo, en <strong>Radio Sabadell<\/strong>, entrevistaron la <strong>coordinadora<\/strong> de las <strong>farmacias del Vall\u00e8s Occidental Este<\/strong>, <strong>Meritxell Blanchart<\/strong>. La pieza consisti\u00f3 en el desabastecimiento que sufr\u00eda Sabadell, como la mayor\u00eda de municipios, de mascarillas y hielos desinfectantes. Se puede escuchar <a href=\"http:\/\/radiosabadell.fm\/podcasts?field_programa=257&amp;page=2\" target=\"_blank\" rel=\"noopener\">en su web<\/a>, buscando el bolet\u00edn informativo del 11\/3\/20, en el minuto 11:05.<\/p>\n<h3><strong>Dermofarmacia, tratamientos y cuidado de la piel<\/strong><\/h3>\n<p>La vocal de Dermofarmacia y Productos Sanitarios del COFB, <strong>Marta Alcalde<\/strong>, respondi\u00f3 las preguntas de <strong>Revista Farmanatur<\/strong> por <a href=\"https:\/\/revistafarmanatur.com\/dermofarmacia\/dermofarmacia-tratamientos-cuidados-integrales-la-piel\/\" target=\"_blank\" rel=\"noopener\">un reportaje sobre las afecciones de piel y la dermatitis at\u00f3pica<\/a>. Alcalde asegur\u00f3 que las patolog\u00edas dermatol\u00f3gicas que se consultan m\u00e1s frecuentemente en la farmacia son la <strong>dermatitis at\u00f3pica<\/strong>, la<strong>alopecia<\/strong> y la <strong>hiperpigmentaci\u00f3n<\/strong>.<\/p>\n<h3><strong>Cloroquina: un f\u00e1rmaco que se est\u00e1 utilizando para tratar la COVID-19 en Francia<\/strong><\/h3>\n<p>Francia aprob\u00f3 el uso de un medicamento <strong>antipal\u00fadico<\/strong> llamado <strong>cloroquina<\/strong> para luchar contra el coronavirus. Este hecho llam\u00f3 la atenci\u00f3n de <a href=\"https:\/\/www.metropoliabierta.com\/el-pulso-de-la-ciudad\/sanidad\/cloroquina-medicamento-buscado-farmacias-barcelona_25721_102.html\" target=\"_blank\" rel=\"noopener\">Metropolio Abierta<\/a>, que entrevist\u00f3 <strong>Maria Perell\u00f3<\/strong>, la responsable del Centro de Informaci\u00f3n del Medicamento del COFB, para tener m\u00e1s informaci\u00f3n. Perell\u00f3 explic\u00f3 que este medicamento pod\u00eda ser efectivo para combatir la COVID-19, pero que\u00a0<strong>todav\u00eda estaba siendo evaluado en varios ensayos cl\u00ednicos<\/strong>.<\/p>\n<p><a href=\"https:\/\/blog.cofb.cat\/wp-content\/uploads\/2020\/04\/Metropoli-Farmanatur.png\"><img loading=\"lazy\" decoding=\"async\" class=\"aligncenter size-full wp-image-50818\" src=\"https:\/\/blog.cofb.cat\/wp-content\/uploads\/2020\/04\/Metropoli-Farmanatur.png\" alt=\"\" width=\"710\" height=\"315\" \/><\/a><\/p>\n<div class=\"custom-divider\"><\/div>\n<h1><strong>Menciones en el COFB<\/strong><\/h1>\n<h3><strong>Infarma 2020, aplazado por la Covid-19<\/strong><\/h3>\n<p>El Congreso Europeo de Oficina de Farmacia,\u00a0<strong>Infarma Madrid 2020<\/strong>, estaba inicialmente programado para los d\u00edas 10, 11 y 12 de marzo, pero debido al importante crecimiento de contagios por COVID-19 a principios de mes, <strong>la organizaci\u00f3n decidi\u00f3 aplazarlo<\/strong>. Las <strong>fechas iniciales<\/strong> fueron del <strong>30 al 2 de julio<\/strong>, aunque a mediados de abril se acab\u00f3 <strong>posponiendo definitivamente a marzo de 2021<\/strong>. El anuncio del primer aplazamiento tuvo un gran eco en la prensa, sobre todo entre los medios especializados.<\/p>\n<p><strong>Diariofarma<\/strong> hizo dos piezas, <a href=\"https:\/\/www.diariofarma.com\/2020\/03\/05\/el-coronavirus-fuerza-el-aplazamiento-de-infarma-por-razones-sanitarias\" target=\"_blank\" rel=\"noopener\">una sobre el aplazamiento<\/a> y la otra sobre la <a href=\"https:\/\/www.diariofarma.com\/2020\/03\/03\/coronavirus-el-gobierno-ordena-cancelar-los-congresos-o-cursos-que-impliquen-a-profesionales-sanitarios\" target=\"_blank\" rel=\"noopener\">posterior prohibici\u00f3n del gobierno de congresos o cursos con profesionales sanitarios<\/a>. <strong>ImFarmacias<\/strong> tambi\u00e9n hace hacerse eco m\u00e1s de una vez: primero sobre <a href=\"https:\/\/www.imfarmacias.es\/noticia\/19997\/infarma-2020-se-aplaza-por-razones-sanitarias\" target=\"_blank\" rel=\"noopener\">el aplazamiento<\/a>, despu\u00e9s sobre las <a href=\"https:\/\/www.imfarmacias.es\/noticia\/20001\/a-la-hora-de-aplazar-infarma-solo-hemos-pensado-en-materia-sanitari\" target=\"_blank\" rel=\"noopener\">declaraciones de Luis Gonz\u00e1lez en la rueda de prensa<\/a> y finalmente hablando de las <a href=\"https:\/\/www.imfarmacias.es\/noticia\/20022\/ya-hay-nuevas-fechas-de-infarma-madrid-2020-30-de-junio-1-y-2-de-jul\" target=\"_blank\" rel=\"noopener\">nuevas fechas<\/a>. Tambi\u00e9n hicieron dos piezas <strong>Farmaventas<\/strong> (<a href=\"https:\/\/www.farmaventas.es\/noticias-del-sector\/10010-infarma-2020-se-aplaza-como-un-asunto-de-responsabilidad.html\" target=\"_blank\" rel=\"noopener\">aplazamiento<\/a> y <a href=\"https:\/\/www.farmaventas.es\/noticias-del-sector\/10017-infarma-madrid-2020-se-celebrara-los-proximos-30-de-junio-1-y-2-de-julio.html\" target=\"_blank\" rel=\"noopener\">fechas<\/a>), <strong>Farmanaturo\u00a0<\/strong>(<a href=\"https:\/\/revistafarmanatur.com\/noticias\/infarma-madrid-2020-se-aplaza-razones-sanitarias\/\" target=\"_blank\" rel=\"noopener\">aplazamiento<\/a> y <a href=\"https:\/\/revistafarmanatur.com\/noticias\/nuevas-fechas-infarma-madrid-2020-del-30-junio-al-2-julio\/\" target=\"_blank\" rel=\"noopener\">fechas<\/a>), <strong>El Farmac\u00e9utico<\/strong> (<a href=\"http:\/\/www.elfarmaceutico.es\/index.php\/noticias-actualidad-farmaceutica\/item\/10734-infarma-madrid-2020-se-aplaza-por-fuerza-mayor-y-busca-nuevas-fechas-para-su-celebracion#.XmI9kXJKiUk\" target=\"_blank\" rel=\"noopener\">aplazamiento<\/a> y <a href=\"http:\/\/www.elfarmaceutico.es\/index.php\/noticias-actualidad-farmaceutica\/item\/10737-infarma-madrid-2020-se-celebrara-los-proximos-30-de-junio-1-y-2-de-julio#.Xmiz4nJKiUk\" target=\"_blank\" rel=\"noopener\">fechas<\/a>) y <strong>Nutrasalud<\/strong> (<a href=\"https:\/\/www.nutrasalud.es\/noticias\/20200305\/infarma-cancela-fechas-coronavirus#.XmI9iXJKiUk\" target=\"_blank\" rel=\"noopener\">aplazamiento<\/a> y <a href=\"https:\/\/www.nutrasalud.es\/noticias\/20200309\/infarma-fechas-celebracion-madrid-farmacias#.Xmiz0HJKiUk\" target=\"_blank\" rel=\"noopener\">fechas<\/a>). Tambi\u00e9n se hicieron eco. <a href=\"https:\/\/www.redaccionmedica.com\/secciones\/farmacia\/covid-19-los-farmaceuticos-aplazan-sus-reuniones-con-mas-de-20-asistentes-1613\" target=\"_blank\" rel=\"noopener\">Redacci\u00f3n M\u00e9dica<\/a>, <a href=\"http:\/\/www.pmfarma.es\/noticias\/28240-aplazado-el-congreso-de-farmacia-infarma-madrid-2020-ante-el-coronavirus.html\" target=\"_blank\" rel=\"noopener\">PMFarma<\/a>, <a href=\"http:\/\/isanidad.com\/156745\/infarma-se-aplaza-su-celebracion-por-el-coronavirus\/\" target=\"_blank\" rel=\"noopener\">iSanidad<\/a>, <a href=\"https:\/\/cincodias.elpais.com\/cincodias\/2020\/03\/05\/companias\/1583441697_119631.html\" target=\"_blank\" rel=\"noopener\">Cinco D\u00edas<\/a>, <a href=\"https:\/\/www.correofarmaceutico.com\/salud-publica\/se-preve-que-infarma-2020-pueda-celebrarse-entre-junio-y-julio.html\" target=\"_blank\" rel=\"noopener\">Correo Farmac\u00e9utico<\/a>, <a href=\"https:\/\/www.ecobolsa.com\/noticias\/ifema-vacio-pospone-congresos-ferias-verano-coronavirus.html\" target=\"_blank\" rel=\"noopener\">Eco Bolsa<\/a>, <a href=\"https:\/\/www.bolsamania.com\/noticias\/economia\/ifema-desinfla-pospone-congresos-ferias-verano-coronavirus--7370698.html\" target=\"_blank\" rel=\"noopener\">Bolsaman\u00eda<\/a>, <a href=\"https:\/\/www.europapress.es\/madrid\/ifema-00444\/noticia-infarma-madrid-2020-celebrara-proximos-30-junio-julio-aplazamiento-20200306155205.html\" target=\"_blank\" rel=\"noopener\">Europa Press<\/a> (con otras dos piezas a su versi\u00f3n por medios). En versi\u00f3n papel, tambi\u00e9n hizo menci\u00f3n <strong>La Vanguardia<\/strong>.<\/p>\n<p><a href=\"https:\/\/blog.cofb.cat\/wp-content\/uploads\/2020\/04\/Img3.jpg\"><img loading=\"lazy\" decoding=\"async\" class=\"aligncenter size-large wp-image-50735\" src=\"https:\/\/blog.cofb.cat\/wp-content\/uploads\/2020\/04\/Img3-1024x702.jpg\" alt=\"\" width=\"620\" height=\"425\" \/><\/a><\/p>\n<p>Por otra parte,<strong> Correo Farmac\u00e9utico<\/strong> ten\u00eda preparado un <strong>n\u00famero especial<\/strong> que coincidiera con la previa del <strong>congreso de Infarma<\/strong>. El vocal de Plantas Medicinales y Homeopat\u00eda del COFB, <strong>Josep Allu\u00e9<\/strong>, firm\u00f3 el art\u00edculo: \u201c<strong>Ocios esenciales, una buena opci\u00f3n que precisa consejo<\/strong>\u201c, e hizo declaraciones en otras dos noticias: \u201cUso terap\u00e9utico del cannabis: a\u00fan lejos en Espa\u00f1a\u201d y \u201cAnsiedad, un concepto que ha perdido su valor\u201d. Por su parte, el secretario del COFB,\u00a0<strong>Jordi Casas,<\/strong> tambi\u00e9n particip\u00f3 en la pieza: &quot;Por un entorno legal y un mayor reconocimiento que impulse el SPD&quot;.<\/p>\n<h3><strong>Uso inadecuado de antibi\u00f3ticos<\/strong><\/h3>\n<p>En\u00a0<strong>Naci\u00f3n Digital<\/strong> hicieron una pieza sobre <a href=\"https:\/\/www.naciodigital.cat\/naciosolsona\/noticia\/32213\/centre\/sanitari\/informa\/sobre\/us\/inadequat\/dels\/antibiotics\" target=\"_blank\" rel=\"noopener\">el mal uso de los antibi\u00f3ticos y el riesgo que comporta la aparici\u00f3n de resistencias<\/a>. Hay expertos que calculan que <strong>el a\u00f1o 2050<\/strong>, las muertes provocadas por esta resistencia, ser\u00e1n superiores a las del\u00a0<strong>c\u00e1ncer<\/strong>. En este art\u00edculo tambi\u00e9n se hac\u00eda referencia a los <strong>Programas de Optimizaci\u00f3n de Antibi\u00f3ticos<\/strong> (PROA) en los que participa el COFB.<\/p>\n<h3><strong>Controlar la tensi\u00f3n arterial a la hora de realizar deporte<\/strong><\/h3>\n<p><strong>El Pa\u00eds<\/strong> public\u00f3 un art\u00edculo sobre cuatro <a href=\"https:\/\/elpais.com\/elpais\/2020\/03\/10\/buenavida\/1583841333_737503.html\" target=\"_blank\" rel=\"noopener\">deportes que se pueden practicar para controlar la tensi\u00f3n arterial<\/a>. En la pieza citaron la\u00a0<strong>web de Salud del Colegio<\/strong> <a href=\"https:\/\/www.farmaceuticonline.com\/\" target=\"_blank\" rel=\"noopener\">farmaceuticonline.com<\/a>, en concreto, la entrada sobre qu\u00e9 tipo de deporte se puede hacer si se tiene <strong>hipertensi\u00f3n<\/strong>.<\/p>\n<p><a href=\"https:\/\/blog.cofb.cat\/wp-content\/uploads\/2020\/04\/Naci\u00f3-Digital-i-El-Pa\u00eds.png\"><img loading=\"lazy\" decoding=\"async\" class=\"aligncenter size-full wp-image-50817\" src=\"https:\/\/blog.cofb.cat\/wp-content\/uploads\/2020\/04\/Naci\u00f3-Digital-i-El-Pa\u00eds.png\" alt=\"\" width=\"534\" height=\"300\" \/><\/a><\/p>\n<p>&nbsp;<\/p>\n<div class=\"custom-divider\"><\/div>\n<p><strong>Otras publicaciones de inter\u00e9s:<\/strong><\/p>\n<ul>\n<li><a href=\"https:\/\/blog.cofb.cat\/febrer-coronavirus-farmactivat-bon-us-dantibiotics-temes-mes-destacats-als-mitjans\/\" target=\"_blank\" rel=\"noopener\">Febrero: Coronavirus, Farmact\u00edvate y el buen uso de antibi\u00f3ticos, temas m\u00e1s destacados en los medios (Marzo 2019)<\/a><\/li>\n<li><a href=\"https:\/\/blog.cofb.cat\/gener-cribratge-chagas-coronavirus-influencers-temes-mes-destacats-als-mitjans\/\" target=\"_blank\" rel=\"noopener\">Enero: El coronavirus, el proyecto piloto de cribado del Chagas y las &#039;influencers&#039; que recomiendan medicamentos, temas m\u00e1s destacados en los medios (Febrero 2019)<\/a><\/li>\n<li><a href=\"https:\/\/blog.cofb.cat\/desembre-cancer-colon-pell-365-farmacies-centinella-destacats-mitjans\/\" target=\"_blank\" rel=\"noopener\">Diciembre: el programa de detecci\u00f3n precoz de c\u00e1ncer de colon y recto, la campa\u00f1a \u201cAtenci\u00f3 Piel 365\u201d y las farmacias centinela, temas m\u00e1s destacados en los medios (Enero 2019)<\/a><\/li>\n<\/ul>","protected":false},"excerpt":{"rendered":"<p>El papel de los farmac\u00e9uticos frente a la crisis de la COVID-19 En marzo estuvo marcado por la crisis sanitaria provocada por el nuevo coronavirus SARS-CoV-2. Varios medios se interesaron por conocer qu\u00e9 papel estaban teniendo los farmac\u00e9uticos frente a la crisis de la COVID-19 y concretar, entre otros aspectos, [\u2026]<\/p>","protected":false},"author":1,"featured_media":50823,"comment_status":"open","ping_status":"open","sticky":false,"template":"","format":"standard","meta":{"_uag_custom_page_level_css":"","site-sidebar-layout":"default","site-content-layout":"","ast-site-content-layout":"default","site-content-style":"default","site-sidebar-style":"default","ast-global-header-display":"","ast-banner-title-visibility":"","ast-main-header-display":"","ast-hfb-above-header-display":"","ast-hfb-below-header-display":"","ast-hfb-mobile-header-display":"","site-post-title":"","ast-breadcrumbs-content":"","ast-featured-img":"disabled","footer-sml-layout":"","theme-transparent-header-meta":"","adv-header-id-meta":"","stick-header-meta":"","header-above-stick-meta":"","header-main-stick-meta":"","header-below-stick-meta":"","astra-migrate-meta-layouts":"default","ast-page-background-enabled":"default","ast-page-background-meta":{"desktop":{"background-color":"var(--ast-global-color-4)","background-image":"","background-repeat":"repeat","background-position":"center center","background-size":"auto","background-attachment":"scroll","background-type":"","background-media":"","overlay-type":"","overlay-color":"","overlay-opacity":"","overlay-gradient":""},"tablet":{"background-color":"","background-image":"","background-repeat":"repeat","background-position":"center center","background-size":"auto","background-attachment":"scroll","background-type":"","background-media":"","overlay-type":"","overlay-color":"","overlay-opacity":"","overlay-gradient":""},"mobile":{"background-color":"","background-image":"","background-repeat":"repeat","background-position":"center center","background-size":"auto","background-attachment":"scroll","background-type":"","background-media":"","overlay-type":"","overlay-color":"","overlay-opacity":"","overlay-gradient":""}},"ast-content-background-meta":{"desktop":{"background-color":"var(--ast-global-color-5)","background-image":"","background-repeat":"repeat","background-position":"center center","background-size":"auto","background-attachment":"scroll","background-type":"","background-media":"","overlay-type":"","overlay-color":"","overlay-opacity":"","overlay-gradient":""},"tablet":{"background-color":"var(--ast-global-color-5)","background-image":"","background-repeat":"repeat","background-position":"center center","background-size":"auto","background-attachment":"scroll","background-type":"","background-media":"","overlay-type":"","overlay-color":"","overlay-opacity":"","overlay-gradient":""},"mobile":{"background-color":"var(--ast-global-color-5)","background-image":"","background-repeat":"repeat","background-position":"center center","background-size":"auto","background-attachment":"scroll","background-type":"","background-media":"","overlay-type":"","overlay-color":"","overlay-opacity":"","overlay-gradient":""}},"footnotes":""},"categories":[23,32],"tags":[3984,4050,4051,3965,486,468,269,4052,4053,4054,3986,4055,723,4056,600,4057,488,4058,4059,18,818,4060,162,163,4061,469,2721,494,90,963,4062,505,4063,311,213,4064,3991,4065,3993,4066,4067,4068,4069,4070,101,3995,785,53,69,3997,3998,4071,4072,4073,4074,3761,3515,3718,313,4075,4076,4002,4077,508,2123,3947,4078,4079,4080,4003,4081,4082,3534,445,2139,584,4083,4084,3914,4004,4085,459,4086,799,2951,4087,4088,283,284,4089,4090,4091,4092,4093,4008,4094,4095,4096,34,35,4097,4098,2216,4099,3366,4100,3141,396,4101],"class_list":["post-50627","post","type-post","status-publish","format-standard","has-post-thumbnail","hentry","category-destacats","category-noticies-farmacia","tag-acta-sanitaria","tag-agencia-catalana-de-noticies","tag-aigua-i-sabo","tag-ajornament","tag-alopecia","tag-ansietat","tag-antibiotics","tag-antipaludic","tag-ara","tag-assaig-clinic","tag-beteve","tag-cadena-ser","tag-cancer","tag-catalunya-radio","tag-centre-dinformacio-del-medicament","tag-centre-de-coordinacio-i-alertes-i-emergencies-sanitaries","tag-cim","tag-cinco-dias","tag-cloroquina","tag-cofb","tag-collegi-oficial-de-farmaceutics-de-barcelona","tag-conca-dodena","tag-consejo-general-de-colegios-farmaceuticos","tag-consell-de-collegis-farmaceutics-de-catalunya","tag-cope","tag-coronavirus","tag-correo-farmaceutico","tag-covid","tag-covid-19","tag-covid19","tag-crida-a-preservar-letica-professional","tag-crisi-sanitaria","tag-cronica-global","tag-departament-de-salut","tag-dermatitis-atopica","tag-diari-ara","tag-diario-farma","tag-el-espanol","tag-el-farmaceutico","tag-el-mon","tag-el-mundo","tag-el-pais","tag-el-periodico","tag-el-punt-avui","tag-esport","tag-europa-press","tag-farmaceuticonline","tag-farmaceutics","tag-farmacia-comunitaria","tag-farmanatur","tag-farmaventas","tag-fernando-simon","tag-gel-hidroalcoholic","tag-gels-desinfectants","tag-generalitat","tag-guillermo-bagaria","tag-hiperpigmentacio","tag-hipertensio","tag-hipertensio-arterial","tag-identificacio-de-casos-de-covid-19","tag-igualada","tag-imfarmacias","tag-infarma-2020","tag-infarma-madrid","tag-jordi-de-dalmases","tag-josep-allue","tag-la-manana-de-rtve","tag-la-republica","tag-la-sexta","tag-la-vanguardia","tag-marc-2020","tag-marc-2021","tag-maria-perello","tag-marta-alcalde","tag-mascares","tag-mascaretes","tag-mercat-negre","tag-meritxell-blanchart","tag-mesures-preventives","tag-metropoli-abierta","tag-ministeri-de-sanitat","tag-mitjans","tag-nacio-digital","tag-nota-de-premsa","tag-nuria-bosch","tag-nutrasalud","tag-olis-esencials","tag-proa","tag-programa-per-optimitzar-lus-dels-antibiotics","tag-proteccio","tag-protocol-dactuacio","tag-quarantena","tag-rac1","tag-radio-4","tag-redaccion-medica","tag-regio-7","tag-rentar-se-les-mans","tag-reportatge","tag-resistencia-als-antibiotics","tag-resistencia-antibiotics","tag-revista-farmanatur","tag-rtve","tag-spd","tag-suspensio-dactivitats-formatives","tag-tv3","tag-twitter-del-cofb","tag-us-racional-de-medicaments","tag-us-terapeutic-del-cannabis","tag-vilaweb"],"yoast_head":"<!-- This site is optimized with the Yoast SEO plugin v22.4 - https:\/\/yoast.com\/wordpress\/plugins\/seo\/ -->\n<title>Mar\u00e7: el paper dels farmac\u00e8utics enfront de la crisi de la COVID-19 i les reaccions en defensa de la condici\u00f3 sanit\u00e0ria de la nostra professi\u00f3, temes m\u00e9s destacats als mitjans - Col\u00b7legi de Farmac\u00e8utics de Barcelona<\/title>\n<meta name=\"description\" content=\"Mar\u00e7 ha estat un mes marcat per la crisi provocada pel nou coronavirus i els farmac\u00e8utics han estat a primera l\u00ednia. Diversos mitjans s&#039;han interessat per con\u00e8xier m\u00e9s sobre les mesures preventives que s&#039;estan duent a terme, a m\u00e9s dels diversos problemes que han anat sorgint a mesura que ha anat evolucionant el cas.\" \/>\n<meta name=\"robots\" content=\"index, follow, max-snippet:-1, max-image-preview:large, max-video-preview:-1\" \/>\n<link rel=\"canonical\" href=\"https:\/\/novaorg.cofb.net\/2020\/04\/27\/marc-paper-dels-farmaceutics-enfront-crisi-covid-19-reaccions-defensa-condicio-sanitaria-nostra-professio-temes-mes-destacats-als-mitjans\/\" \/>\n<meta property=\"og:locale\" content=\"es_ES\" \/>\n<meta property=\"og:type\" content=\"article\" \/>\n<meta property=\"og:title\" content=\"Mar\u00e7: el paper dels farmac\u00e8utics enfront de la crisi de la COVID-19 i les reaccions en defensa de la condici\u00f3 sanit\u00e0ria de la nostra professi\u00f3, temes m\u00e9s destacats als mitjans - Col\u00b7legi de Farmac\u00e8utics de Barcelona\" \/>\n<meta property=\"og:description\" content=\"Mar\u00e7 ha estat un mes marcat per la crisi provocada pel nou coronavirus i els farmac\u00e8utics han estat a primera l\u00ednia. Diversos mitjans s&#039;han interessat per con\u00e8xier m\u00e9s sobre les mesures preventives que s&#039;estan duent a terme, a m\u00e9s dels diversos problemes que han anat sorgint a mesura que ha anat evolucionant el cas.\" \/>\n<meta property=\"og:url\" content=\"https:\/\/novaorg.cofb.net\/2020\/04\/27\/marc-paper-dels-farmaceutics-enfront-crisi-covid-19-reaccions-defensa-condicio-sanitaria-nostra-professio-temes-mes-destacats-als-mitjans\/\" \/>\n<meta property=\"og:site_name\" content=\"Col\u00b7legi de Farmac\u00e8utics de Barcelona\" \/>\n<meta property=\"article:publisher\" content=\"https:\/\/www.facebook.com\/farmaceuticsbcn\/\" \/>\n<meta property=\"article:published_time\" content=\"2020-04-27T16:41:02+00:00\" \/>\n<meta name=\"author\" content=\"wpAdminCofbOrg\" \/>\n<meta name=\"twitter:card\" content=\"summary_large_image\" \/>\n<meta name=\"twitter:creator\" content=\"@farmaceuticsbcn\" \/>\n<meta name=\"twitter:site\" content=\"@farmaceuticsbcn\" \/>\n<meta name=\"twitter:label1\" content=\"Escrito por\" \/>\n\t<meta name=\"twitter:data1\" content=\"wpAdminCofbOrg\" \/>\n\t<meta name=\"twitter:label2\" content=\"Tiempo de lectura\" \/>\n\t<meta name=\"twitter:data2\" content=\"10 minutos\" \/>\n<script type=\"application\/ld+json\" class=\"yoast-schema-graph\">{\"@context\":\"https:\/\/schema.org\",\"@graph\":[{\"@type\":\"Article\",\"@id\":\"https:\/\/novaorg.cofb.net\/2020\/04\/27\/marc-paper-dels-farmaceutics-enfront-crisi-covid-19-reaccions-defensa-condicio-sanitaria-nostra-professio-temes-mes-destacats-als-mitjans\/#article\",\"isPartOf\":{\"@id\":\"https:\/\/novaorg.cofb.net\/2020\/04\/27\/marc-paper-dels-farmaceutics-enfront-crisi-covid-19-reaccions-defensa-condicio-sanitaria-nostra-professio-temes-mes-destacats-als-mitjans\/\"},\"author\":{\"name\":\"wpAdminCofbOrg\",\"@id\":\"https:\/\/www.cofb.org\/#\/schema\/person\/22ed7eea88da74b0fa4d3154ad87ffcb\"},\"headline\":\"Mar\u00e7: el paper dels farmac\u00e8utics enfront de la crisi de la COVID-19 i les reaccions en defensa de la condici\u00f3 sanit\u00e0ria de la nostra professi\u00f3, temes m\u00e9s destacats als mitjans\",\"datePublished\":\"2020-04-27T16:41:02+00:00\",\"dateModified\":\"2020-04-27T16:41:02+00:00\",\"mainEntityOfPage\":{\"@id\":\"https:\/\/novaorg.cofb.net\/2020\/04\/27\/marc-paper-dels-farmaceutics-enfront-crisi-covid-19-reaccions-defensa-condicio-sanitaria-nostra-professio-temes-mes-destacats-als-mitjans\/\"},\"wordCount\":2016,\"commentCount\":0,\"publisher\":{\"@id\":\"https:\/\/www.cofb.org\/#organization\"},\"image\":{\"@id\":\"https:\/\/novaorg.cofb.net\/2020\/04\/27\/marc-paper-dels-farmaceutics-enfront-crisi-covid-19-reaccions-defensa-condicio-sanitaria-nostra-professio-temes-mes-destacats-als-mitjans\/#primaryimage\"},\"thumbnailUrl\":\"\",\"keywords\":[\"acta sanitaria\",\"Ag\u00e8ncia Catalana de Not\u00edcies\",\"aigua i sab\u00f3\",\"ajornament\",\"alop\u00e8cia\",\"ansietat\",\"antibi\u00f2tics\",\"antipal\u00fadic\",\"Ara\",\"assaig cl\u00ednic\",\"beteve\",\"Cadena Ser\",\"c\u00e0ncer\",\"Catalunya R\u00e0dio\",\"Centre d'Informaci\u00f3 del Medicament\",\"Centre de Coordinaci\u00f3 i Alertes i Emerg\u00e8ncies Sanit\u00e0ries\",\"CIM\",\"Cinco D\u00edas\",\"cloroquina\",\"COFB\",\"Col\u00b7legi Oficial de Farmac\u00e8utics de Barcelona\",\"Conca d'\u00d2dena\",\"Consejo General de Colegios Farmac\u00e9uticos\",\"Consell de Col\u00b7legis Farmac\u00e8utics de Catalunya\",\"Cope\",\"coronavirus\",\"Correo Farmac\u00e9utico\",\"covid\",\"COVID-19\",\"COVID19\",\"crida a preservar l'\u00e8tica professional\",\"crisi sanit\u00e0ria\",\"Cr\u00f3nica Global\",\"Departament de Salut\",\"dermatitis at\u00f2pica\",\"Diari Ara\",\"diario farma\",\"El Espa\u00f1ol\",\"el farmac\u00e9utico\",\"El M\u00f3n\",\"El Mundo\",\"El Pa\u00eds\",\"El Peri\u00f3dico\",\"El Punt Avui\",\"esport\",\"europa press\",\"Farmaceuticonline\",\"farmac\u00e8utics\",\"farm\u00e0cia comunit\u00e0ria\",\"farmanatur\",\"farmaventas\",\"Fernando Sim\u00f3n\",\"gel hidroalcoh\u00f2lic\",\"gels desinfectants\",\"Generalitat\",\"Guillermo Bagaria\",\"hiperpigmentaci\u00f3\",\"Hipertensi\u00f3\",\"hipertensi\u00f3 arterial\",\"identificaci\u00f3 de casos de COVID-19\",\"Igualada\",\"imfarmacias\",\"Infarma 2020\",\"Infarma Madrid\",\"Jordi de Dalmases\",\"Josep Allu\u00e9\",\"La Ma\u00f1ana de RTVE\",\"La Rep\u00fablica\",\"La Sexta\",\"La Vanguardia\",\"Mar\u00e7 2020\",\"Mar\u00e7 2021\",\"Maria Perell\u00f3\",\"Marta Alcalde\",\"m\u00e0scares\",\"mascaretes\",\"mercat negre\",\"Meritxell Blanchart\",\"mesures preventives\",\"metropoli abierta\",\"Ministeri de Sanitat\",\"Mitjans\",\"Naci\u00f3 Digital\",\"nota de premsa\",\"N\u00faria Bosch\",\"Nutrasalud\",\"Olis esencials\",\"PROA\",\"Programa per optimitzar l'\u00fas dels antibi\u00f2tics\",\"protecci\u00f3\",\"protocol d'actuaci\u00f3\",\"quarantena\",\"Rac1\",\"R\u00e0dio 4\",\"redacci\u00f3n m\u00e9dica\",\"Regi\u00f3 7\",\"rentar-se les mans\",\"reportatge\",\"resist\u00e8ncia als antibi\u00f2tics\",\"Resist\u00e8ncia antibi\u00f2tics\",\"Revista Farmanatur\",\"RTVE\",\"SPD\",\"suspensi\u00f3 d'activitats formatives\",\"TV3\",\"Twitter del COFB\",\"\u00fas racional de medicaments\",\"\u00das terap\u00e8utic del c\u00e0nnabis\",\"Vilaweb\"],\"articleSection\":[\"Destacats\",\"Not\u00edcies farm\u00e0cia\"],\"inLanguage\":\"es\",\"potentialAction\":[{\"@type\":\"CommentAction\",\"name\":\"Comment\",\"target\":[\"https:\/\/novaorg.cofb.net\/2020\/04\/27\/marc-paper-dels-farmaceutics-enfront-crisi-covid-19-reaccions-defensa-condicio-sanitaria-nostra-professio-temes-mes-destacats-als-mitjans\/#respond\"]}]},{\"@type\":\"WebPage\",\"@id\":\"https:\/\/novaorg.cofb.net\/2020\/04\/27\/marc-paper-dels-farmaceutics-enfront-crisi-covid-19-reaccions-defensa-condicio-sanitaria-nostra-professio-temes-mes-destacats-als-mitjans\/\",\"url\":\"https:\/\/novaorg.cofb.net\/2020\/04\/27\/marc-paper-dels-farmaceutics-enfront-crisi-covid-19-reaccions-defensa-condicio-sanitaria-nostra-professio-temes-mes-destacats-als-mitjans\/\",\"name\":\"Mar\u00e7: el paper dels farmac\u00e8utics enfront de la crisi de la COVID-19 i les reaccions en defensa de la condici\u00f3 sanit\u00e0ria de la nostra professi\u00f3, temes m\u00e9s destacats als mitjans - Col\u00b7legi de Farmac\u00e8utics de Barcelona\",\"isPartOf\":{\"@id\":\"https:\/\/www.cofb.org\/#website\"},\"primaryImageOfPage\":{\"@id\":\"https:\/\/novaorg.cofb.net\/2020\/04\/27\/marc-paper-dels-farmaceutics-enfront-crisi-covid-19-reaccions-defensa-condicio-sanitaria-nostra-professio-temes-mes-destacats-als-mitjans\/#primaryimage\"},\"image\":{\"@id\":\"https:\/\/novaorg.cofb.net\/2020\/04\/27\/marc-paper-dels-farmaceutics-enfront-crisi-covid-19-reaccions-defensa-condicio-sanitaria-nostra-professio-temes-mes-destacats-als-mitjans\/#primaryimage\"},\"thumbnailUrl\":\"\",\"datePublished\":\"2020-04-27T16:41:02+00:00\",\"dateModified\":\"2020-04-27T16:41:02+00:00\",\"description\":\"Mar\u00e7 ha estat un mes marcat per la crisi provocada pel nou coronavirus i els farmac\u00e8utics han estat a primera l\u00ednia. Diversos mitjans s'han interessat per con\u00e8xier m\u00e9s sobre les mesures preventives que s'estan duent a terme, a m\u00e9s dels diversos problemes que han anat sorgint a mesura que ha anat evolucionant el cas.\",\"breadcrumb\":{\"@id\":\"https:\/\/novaorg.cofb.net\/2020\/04\/27\/marc-paper-dels-farmaceutics-enfront-crisi-covid-19-reaccions-defensa-condicio-sanitaria-nostra-professio-temes-mes-destacats-als-mitjans\/#breadcrumb\"},\"inLanguage\":\"es\",\"potentialAction\":[{\"@type\":\"ReadAction\",\"target\":[\"https:\/\/novaorg.cofb.net\/2020\/04\/27\/marc-paper-dels-farmaceutics-enfront-crisi-covid-19-reaccions-defensa-condicio-sanitaria-nostra-professio-temes-mes-destacats-als-mitjans\/\"]}]},{\"@type\":\"ImageObject\",\"inLanguage\":\"es\",\"@id\":\"https:\/\/novaorg.cofb.net\/2020\/04\/27\/marc-paper-dels-farmaceutics-enfront-crisi-covid-19-reaccions-defensa-condicio-sanitaria-nostra-professio-temes-mes-destacats-als-mitjans\/#primaryimage\",\"url\":\"\",\"contentUrl\":\"\"},{\"@type\":\"BreadcrumbList\",\"@id\":\"https:\/\/novaorg.cofb.net\/2020\/04\/27\/marc-paper-dels-farmaceutics-enfront-crisi-covid-19-reaccions-defensa-condicio-sanitaria-nostra-professio-temes-mes-destacats-als-mitjans\/#breadcrumb\",\"itemListElement\":[{\"@type\":\"ListItem\",\"position\":1,\"name\":\"Inici\",\"item\":\"https:\/\/novaorg.cofb.net\/\"},{\"@type\":\"ListItem\",\"position\":2,\"name\":\"Mar\u00e7: el paper dels farmac\u00e8utics enfront de la crisi de la COVID-19 i les reaccions en defensa de la condici\u00f3 sanit\u00e0ria de la nostra professi\u00f3, temes m\u00e9s destacats als mitjans\"}]},{\"@type\":\"WebSite\",\"@id\":\"https:\/\/www.cofb.org\/#website\",\"url\":\"https:\/\/www.cofb.org\/\",\"name\":\"Col\u00b7legi de Farmac\u00e8utics de Barcelona\",\"description\":\"\",\"publisher\":{\"@id\":\"https:\/\/www.cofb.org\/#organization\"},\"potentialAction\":[{\"@type\":\"SearchAction\",\"target\":{\"@type\":\"EntryPoint\",\"urlTemplate\":\"https:\/\/www.cofb.org\/?s={search_term_string}\"},\"query-input\":\"required name=search_term_string\"}],\"inLanguage\":\"es\"},{\"@type\":\"Organization\",\"@id\":\"https:\/\/www.cofb.org\/#organization\",\"name\":\"Col\u00b7legi de Farmac\u00e8utics de Barcelona\",\"url\":\"https:\/\/www.cofb.org\/\",\"logo\":{\"@type\":\"ImageObject\",\"inLanguage\":\"es\",\"@id\":\"https:\/\/www.cofb.org\/#\/schema\/logo\/image\/\",\"url\":\"https:\/\/www.cofb.org\/wp-content\/uploads\/2023\/11\/cropped-Logotip-COFB.png\",\"contentUrl\":\"https:\/\/www.cofb.org\/wp-content\/uploads\/2023\/11\/cropped-Logotip-COFB.png\",\"width\":500,\"height\":105,\"caption\":\"Col\u00b7legi de Farmac\u00e8utics de Barcelona\"},\"image\":{\"@id\":\"https:\/\/www.cofb.org\/#\/schema\/logo\/image\/\"},\"sameAs\":[\"https:\/\/www.facebook.com\/farmaceuticsbcn\/\",\"https:\/\/twitter.com\/farmaceuticsbcn\",\"https:\/\/www.instagram.com\/farmaceuticsbcn\/\",\"https:\/\/www.linkedin.com\/company\/farmaceuticsbcn\/\"]},{\"@type\":\"Person\",\"@id\":\"https:\/\/www.cofb.org\/#\/schema\/person\/22ed7eea88da74b0fa4d3154ad87ffcb\",\"name\":\"wpAdminCofbOrg\",\"image\":{\"@type\":\"ImageObject\",\"inLanguage\":\"es\",\"@id\":\"https:\/\/www.cofb.org\/#\/schema\/person\/image\/\",\"url\":\"https:\/\/secure.gravatar.com\/avatar\/1721b20b3b8ca882c3b56ec6c978c594fff670e40c0718e9190eaeeb76aae7d8?s=96&d=mm&r=g\",\"contentUrl\":\"https:\/\/secure.gravatar.com\/avatar\/1721b20b3b8ca882c3b56ec6c978c594fff670e40c0718e9190eaeeb76aae7d8?s=96&d=mm&r=g\",\"caption\":\"wpAdminCofbOrg\"},\"sameAs\":[\"http:\/\/192.168.64.122\/wordpress\"],\"url\":\"https:\/\/www.cofb.org\/es\/author\/wpadmincofborg\/\"}]}<\/script>\n<!-- \/ Yoast SEO plugin. -->","yoast_head_json":{"title":"Mar\u00e7: el paper dels farmac\u00e8utics enfront de la crisi de la COVID-19 i les reaccions en defensa de la condici\u00f3 sanit\u00e0ria de la nostra professi\u00f3, temes m\u00e9s destacats als mitjans - Col\u00b7legi de Farmac\u00e8utics de Barcelona","description":"Mar\u00e7 ha estat un mes marcat per la crisi provocada pel nou coronavirus i els farmac\u00e8utics han estat a primera l\u00ednia. Diversos mitjans s'han interessat per con\u00e8xier m\u00e9s sobre les mesures preventives que s'estan duent a terme, a m\u00e9s dels diversos problemes que han anat sorgint a mesura que ha anat evolucionant el cas.","robots":{"index":"index","follow":"follow","max-snippet":"max-snippet:-1","max-image-preview":"max-image-preview:large","max-video-preview":"max-video-preview:-1"},"canonical":"https:\/\/novaorg.cofb.net\/2020\/04\/27\/marc-paper-dels-farmaceutics-enfront-crisi-covid-19-reaccions-defensa-condicio-sanitaria-nostra-professio-temes-mes-destacats-als-mitjans\/","og_locale":"es_ES","og_type":"article","og_title":"Mar\u00e7: el paper dels farmac\u00e8utics enfront de la crisi de la COVID-19 i les reaccions en defensa de la condici\u00f3 sanit\u00e0ria de la nostra professi\u00f3, temes m\u00e9s destacats als mitjans - Col\u00b7legi de Farmac\u00e8utics de Barcelona","og_description":"Mar\u00e7 ha estat un mes marcat per la crisi provocada pel nou coronavirus i els farmac\u00e8utics han estat a primera l\u00ednia. Diversos mitjans s'han interessat per con\u00e8xier m\u00e9s sobre les mesures preventives que s'estan duent a terme, a m\u00e9s dels diversos problemes que han anat sorgint a mesura que ha anat evolucionant el cas.","og_url":"https:\/\/novaorg.cofb.net\/2020\/04\/27\/marc-paper-dels-farmaceutics-enfront-crisi-covid-19-reaccions-defensa-condicio-sanitaria-nostra-professio-temes-mes-destacats-als-mitjans\/","og_site_name":"Col\u00b7legi de Farmac\u00e8utics de Barcelona","article_publisher":"https:\/\/www.facebook.com\/farmaceuticsbcn\/","article_published_time":"2020-04-27T16:41:02+00:00","author":"wpAdminCofbOrg","twitter_card":"summary_large_image","twitter_creator":"@farmaceuticsbcn","twitter_site":"@farmaceuticsbcn","twitter_misc":{"Escrito por":"wpAdminCofbOrg","Tiempo de lectura":"10 minutos"},"schema":{"@context":"https:\/\/schema.org","@graph":[{"@type":"Article","@id":"https:\/\/novaorg.cofb.net\/2020\/04\/27\/marc-paper-dels-farmaceutics-enfront-crisi-covid-19-reaccions-defensa-condicio-sanitaria-nostra-professio-temes-mes-destacats-als-mitjans\/#article","isPartOf":{"@id":"https:\/\/novaorg.cofb.net\/2020\/04\/27\/marc-paper-dels-farmaceutics-enfront-crisi-covid-19-reaccions-defensa-condicio-sanitaria-nostra-professio-temes-mes-destacats-als-mitjans\/"},"author":{"name":"wpAdminCofbOrg","@id":"https:\/\/www.cofb.org\/#\/schema\/person\/22ed7eea88da74b0fa4d3154ad87ffcb"},"headline":"Mar\u00e7: el paper dels farmac\u00e8utics enfront de la crisi de la COVID-19 i les reaccions en defensa de la condici\u00f3 sanit\u00e0ria de la nostra professi\u00f3, temes m\u00e9s destacats als mitjans","datePublished":"2020-04-27T16:41:02+00:00","dateModified":"2020-04-27T16:41:02+00:00","mainEntityOfPage":{"@id":"https:\/\/novaorg.cofb.net\/2020\/04\/27\/marc-paper-dels-farmaceutics-enfront-crisi-covid-19-reaccions-defensa-condicio-sanitaria-nostra-professio-temes-mes-destacats-als-mitjans\/"},"wordCount":2016,"commentCount":0,"publisher":{"@id":"https:\/\/www.cofb.org\/#organization"},"image":{"@id":"https:\/\/novaorg.cofb.net\/2020\/04\/27\/marc-paper-dels-farmaceutics-enfront-crisi-covid-19-reaccions-defensa-condicio-sanitaria-nostra-professio-temes-mes-destacats-als-mitjans\/#primaryimage"},"thumbnailUrl":"","keywords":["acta sanitaria","Ag\u00e8ncia Catalana de Not\u00edcies","aigua i sab\u00f3","ajornament","alop\u00e8cia","ansietat","antibi\u00f2tics","antipal\u00fadic","Ara","assaig cl\u00ednic","beteve","Cadena Ser","c\u00e0ncer","Catalunya R\u00e0dio","Centre d'Informaci\u00f3 del Medicament","Centre de Coordinaci\u00f3 i Alertes i Emerg\u00e8ncies Sanit\u00e0ries","CIM","Cinco D\u00edas","cloroquina","COFB","Col\u00b7legi Oficial de Farmac\u00e8utics de Barcelona","Conca d'\u00d2dena","Consejo General de Colegios Farmac\u00e9uticos","Consell de Col\u00b7legis Farmac\u00e8utics de Catalunya","Cope","coronavirus","Correo Farmac\u00e9utico","covid","COVID-19","COVID19","crida a preservar l'\u00e8tica professional","crisi sanit\u00e0ria","Cr\u00f3nica Global","Departament de Salut","dermatitis at\u00f2pica","Diari Ara","diario farma","El Espa\u00f1ol","el farmac\u00e9utico","El M\u00f3n","El Mundo","El Pa\u00eds","El Peri\u00f3dico","El Punt Avui","esport","europa press","Farmaceuticonline","farmac\u00e8utics","farm\u00e0cia comunit\u00e0ria","farmanatur","farmaventas","Fernando Sim\u00f3n","gel hidroalcoh\u00f2lic","gels desinfectants","Generalitat","Guillermo Bagaria","hiperpigmentaci\u00f3","Hipertensi\u00f3","hipertensi\u00f3 arterial","identificaci\u00f3 de casos de COVID-19","Igualada","imfarmacias","Infarma 2020","Infarma Madrid","Jordi de Dalmases","Josep Allu\u00e9","La Ma\u00f1ana de RTVE","La Rep\u00fablica","La Sexta","La Vanguardia","Mar\u00e7 2020","Mar\u00e7 2021","Maria Perell\u00f3","Marta Alcalde","m\u00e0scares","mascaretes","mercat negre","Meritxell Blanchart","mesures preventives","metropoli abierta","Ministeri de Sanitat","Mitjans","Naci\u00f3 Digital","nota de premsa","N\u00faria Bosch","Nutrasalud","Olis esencials","PROA","Programa per optimitzar l'\u00fas dels antibi\u00f2tics","protecci\u00f3","protocol d'actuaci\u00f3","quarantena","Rac1","R\u00e0dio 4","redacci\u00f3n m\u00e9dica","Regi\u00f3 7","rentar-se les mans","reportatge","resist\u00e8ncia als antibi\u00f2tics","Resist\u00e8ncia antibi\u00f2tics","Revista Farmanatur","RTVE","SPD","suspensi\u00f3 d'activitats formatives","TV3","Twitter del COFB","\u00fas racional de medicaments","\u00das terap\u00e8utic del c\u00e0nnabis","Vilaweb"],"articleSection":["Destacats","Not\u00edcies farm\u00e0cia"],"inLanguage":"es","potentialAction":[{"@type":"CommentAction","name":"Comment","target":["https:\/\/novaorg.cofb.net\/2020\/04\/27\/marc-paper-dels-farmaceutics-enfront-crisi-covid-19-reaccions-defensa-condicio-sanitaria-nostra-professio-temes-mes-destacats-als-mitjans\/#respond"]}]},{"@type":"WebPage","@id":"https:\/\/novaorg.cofb.net\/2020\/04\/27\/marc-paper-dels-farmaceutics-enfront-crisi-covid-19-reaccions-defensa-condicio-sanitaria-nostra-professio-temes-mes-destacats-als-mitjans\/","url":"https:\/\/novaorg.cofb.net\/2020\/04\/27\/marc-paper-dels-farmaceutics-enfront-crisi-covid-19-reaccions-defensa-condicio-sanitaria-nostra-professio-temes-mes-destacats-als-mitjans\/","name":"Mar\u00e7: el paper dels farmac\u00e8utics enfront de la crisi de la COVID-19 i les reaccions en defensa de la condici\u00f3 sanit\u00e0ria de la nostra professi\u00f3, temes m\u00e9s destacats als mitjans - Col\u00b7legi de Farmac\u00e8utics de Barcelona","isPartOf":{"@id":"https:\/\/www.cofb.org\/#website"},"primaryImageOfPage":{"@id":"https:\/\/novaorg.cofb.net\/2020\/04\/27\/marc-paper-dels-farmaceutics-enfront-crisi-covid-19-reaccions-defensa-condicio-sanitaria-nostra-professio-temes-mes-destacats-als-mitjans\/#primaryimage"},"image":{"@id":"https:\/\/novaorg.cofb.net\/2020\/04\/27\/marc-paper-dels-farmaceutics-enfront-crisi-covid-19-reaccions-defensa-condicio-sanitaria-nostra-professio-temes-mes-destacats-als-mitjans\/#primaryimage"},"thumbnailUrl":"","datePublished":"2020-04-27T16:41:02+00:00","dateModified":"2020-04-27T16:41:02+00:00","description":"Mar\u00e7 ha estat un mes marcat per la crisi provocada pel nou coronavirus i els farmac\u00e8utics han estat a primera l\u00ednia. Diversos mitjans s'han interessat per con\u00e8xier m\u00e9s sobre les mesures preventives que s'estan duent a terme, a m\u00e9s dels diversos problemes que han anat sorgint a mesura que ha anat evolucionant el cas.","breadcrumb":{"@id":"https:\/\/novaorg.cofb.net\/2020\/04\/27\/marc-paper-dels-farmaceutics-enfront-crisi-covid-19-reaccions-defensa-condicio-sanitaria-nostra-professio-temes-mes-destacats-als-mitjans\/#breadcrumb"},"inLanguage":"es","potentialAction":[{"@type":"ReadAction","target":["https:\/\/novaorg.cofb.net\/2020\/04\/27\/marc-paper-dels-farmaceutics-enfront-crisi-covid-19-reaccions-defensa-condicio-sanitaria-nostra-professio-temes-mes-destacats-als-mitjans\/"]}]},{"@type":"ImageObject","inLanguage":"es","@id":"https:\/\/novaorg.cofb.net\/2020\/04\/27\/marc-paper-dels-farmaceutics-enfront-crisi-covid-19-reaccions-defensa-condicio-sanitaria-nostra-professio-temes-mes-destacats-als-mitjans\/#primaryimage","url":"","contentUrl":""},{"@type":"BreadcrumbList","@id":"https:\/\/novaorg.cofb.net\/2020\/04\/27\/marc-paper-dels-farmaceutics-enfront-crisi-covid-19-reaccions-defensa-condicio-sanitaria-nostra-professio-temes-mes-destacats-als-mitjans\/#breadcrumb","itemListElement":[{"@type":"ListItem","position":1,"name":"Inici","item":"https:\/\/novaorg.cofb.net\/"},{"@type":"ListItem","position":2,"name":"Mar\u00e7: el paper dels farmac\u00e8utics enfront de la crisi de la COVID-19 i les reaccions en defensa de la condici\u00f3 sanit\u00e0ria de la nostra professi\u00f3, temes m\u00e9s destacats als mitjans"}]},{"@type":"WebSite","@id":"https:\/\/www.cofb.org\/#website","url":"https:\/\/www.cofb.org\/","name":"Col\u00b7legi de Farmac\u00e8utics de Barcelona","description":"","publisher":{"@id":"https:\/\/www.cofb.org\/#organization"},"potentialAction":[{"@type":"SearchAction","target":{"@type":"EntryPoint","urlTemplate":"https:\/\/www.cofb.org\/?s={search_term_string}"},"query-input":"required name=search_term_string"}],"inLanguage":"es"},{"@type":"Organization","@id":"https:\/\/www.cofb.org\/#organization","name":"Col\u00b7legi de Farmac\u00e8utics de Barcelona","url":"https:\/\/www.cofb.org\/","logo":{"@type":"ImageObject","inLanguage":"es","@id":"https:\/\/www.cofb.org\/#\/schema\/logo\/image\/","url":"https:\/\/www.cofb.org\/wp-content\/uploads\/2023\/11\/cropped-Logotip-COFB.png","contentUrl":"https:\/\/www.cofb.org\/wp-content\/uploads\/2023\/11\/cropped-Logotip-COFB.png","width":500,"height":105,"caption":"Col\u00b7legi de Farmac\u00e8utics de Barcelona"},"image":{"@id":"https:\/\/www.cofb.org\/#\/schema\/logo\/image\/"},"sameAs":["https:\/\/www.facebook.com\/farmaceuticsbcn\/","https:\/\/twitter.com\/farmaceuticsbcn","https:\/\/www.instagram.com\/farmaceuticsbcn\/","https:\/\/www.linkedin.com\/company\/farmaceuticsbcn\/"]},{"@type":"Person","@id":"https:\/\/www.cofb.org\/#\/schema\/person\/22ed7eea88da74b0fa4d3154ad87ffcb","name":"wpAdminCofbOrg","image":{"@type":"ImageObject","inLanguage":"es","@id":"https:\/\/www.cofb.org\/#\/schema\/person\/image\/","url":"https:\/\/secure.gravatar.com\/avatar\/1721b20b3b8ca882c3b56ec6c978c594fff670e40c0718e9190eaeeb76aae7d8?s=96&d=mm&r=g","contentUrl":"https:\/\/secure.gravatar.com\/avatar\/1721b20b3b8ca882c3b56ec6c978c594fff670e40c0718e9190eaeeb76aae7d8?s=96&d=mm&r=g","caption":"wpAdminCofbOrg"},"sameAs":["http:\/\/192.168.64.122\/wordpress"],"url":"https:\/\/www.cofb.org\/es\/author\/wpadmincofborg\/"}]}},"uagb_featured_image_src":{"full":false,"thumbnail":false,"medium":false,"medium_large":false,"large":false,"1536x1536":false,"2048x2048":false,"trp-custom-language-flag":false},"uagb_author_info":{"display_name":"wpAdminCofbOrg","author_link":"https:\/\/www.cofb.org\/es\/author\/wpadmincofborg\/"},"uagb_comment_info":0,"uagb_excerpt":"El paper dels farmac\u00e8utics enfront de la crisi de la COVID-19 El mes de mar\u00e7 va estar marcat per la crisi sanit\u00e0ria provocada pel nou coronavirus SARS-CoV-2.\u00a0Diversos mitjans van interessar-se per con\u00e8ixer quin paper estaven tenint els farmac\u00e8utics enfront de la crisi de la COVID-19 i concretar, entre altres aspectes, [&hellip;]","_links":{"self":[{"href":"https:\/\/www.cofb.org\/es\/wp-json\/wp\/v2\/posts\/50627","targetHints":{"allow":["GET"]}}],"collection":[{"href":"https:\/\/www.cofb.org\/es\/wp-json\/wp\/v2\/posts"}],"about":[{"href":"https:\/\/www.cofb.org\/es\/wp-json\/wp\/v2\/types\/post"}],"author":[{"embeddable":true,"href":"https:\/\/www.cofb.org\/es\/wp-json\/wp\/v2\/users\/1"}],"replies":[{"embeddable":true,"href":"https:\/\/www.cofb.org\/es\/wp-json\/wp\/v2\/comments?post=50627"}],"version-history":[{"count":0,"href":"https:\/\/www.cofb.org\/es\/wp-json\/wp\/v2\/posts\/50627\/revisions"}],"wp:featuredmedia":[{"embeddable":true,"href":"https:\/\/www.cofb.org\/es\/wp-json\/"}],"wp:attachment":[{"href":"https:\/\/www.cofb.org\/es\/wp-json\/wp\/v2\/media?parent=50627"}],"wp:term":[{"taxonomy":"category","embeddable":true,"href":"https:\/\/www.cofb.org\/es\/wp-json\/wp\/v2\/categories?post=50627"},{"taxonomy":"post_tag","embeddable":true,"href":"https:\/\/www.cofb.org\/es\/wp-json\/wp\/v2\/tags?post=50627"}],"curies":[{"name":"wp","href":"https:\/\/api.w.org\/{rel}","templated":true}]}}