{"id":50535,"date":"2020-03-17T18:36:06","date_gmt":"2020-03-17T16:36:06","guid":{"rendered":"https:\/\/blog.cofb.cat\/?p=50535"},"modified":"2020-03-17T18:36:06","modified_gmt":"2020-03-17T16:36:06","slug":"gracies-vostra-feina-diaria-davant-coronavirus","status":"publish","type":"post","link":"https:\/\/www.cofb.org\/es\/2020\/03\/17\/gracies-vostra-feina-diaria-davant-coronavirus\/","title":{"rendered":"Gracias por su trabajo diario ante el coronavirus"},"content":{"rendered":"<p>No hay duda de que en la gesti\u00f3n de la <strong>crisis del coronavirus<\/strong> debemos afrontar una<strong> situaci\u00f3n excepcional e incierta<\/strong>, una situaci\u00f3n que, adem\u00e1s, genera una<strong> dificultad a\u00f1adida para todos los profesionales sanitarios que nos encontramos en primera l\u00ednea<\/strong> de actuaci\u00f3n. \u00c9ste es el caso de todos nosotros, todos los farmac\u00e9uticos y farmac\u00e9uticas que, desde los diferentes \u00e1mbitos de actuaci\u00f3n y m\u00e1s all\u00e1 de nuestra tarea habitual relacionada con el \u00e1rea del medicamento, <strong>estamos ofreciendo la mejor atenci\u00f3n a la poblaci\u00f3n<\/strong>, implic\u00e1ndonos activamente a la hora de resolver dudas de los ciudadanos, recomendando, entre otras, medidas higi\u00e9nicas de prevenci\u00f3n, y actuando de acuerdo con los protocolos establecidos.<\/p>\n<p><a href=\"https:\/\/blog.cofb.cat\/wp-content\/uploads\/2020\/03\/Gr\u00e0cies-Joactuo-COVID19.png\"><img fetchpriority=\"high\" decoding=\"async\" class=\"aligncenter size-large wp-image-50536\" src=\"https:\/\/blog.cofb.cat\/wp-content\/uploads\/2020\/03\/Gr\u00e0cies-Joactuo-COVID19-1024x512.png\" alt=\"\" width=\"620\" height=\"310\" \/><\/a><\/p>\n<p><strong>Toda la Junta de Gobierno del COFB queremos darles las GRACIAS<\/strong>. Desde nuestros respectivos puestos de trabajo tambi\u00e9n lo estamos viviendo en primera persona y somos plenamente conscientes del reto que supone, es por eso que queremos aprovechar este escrito para agradecer su tarea diaria. <strong>Una vez m\u00e1s, estamos demostrando la fortaleza de la profesi\u00f3n farmac\u00e9utica y de la red de farmacias<\/strong>, la <strong>importancia del trabajo que llevamos a cabo<\/strong> y la capacidad de coordinarnos para trabajar <strong>en beneficio de la salud de las personas<\/strong>.<\/p>\n<p>Asimismo, recordaros que, aunque desde el COFB nos estamos adaptando al teletrabajo como medida de prevenci\u00f3n, nos tiene a su disposici\u00f3n por lo que necesita y seguiremos esforz\u00e1ndonos por prestarle el mejor servicio. En este sentido, en el<strong><a href=\"https:\/\/farmaceutics.cofb.net\/group\/guest\/coronavirus\" target=\"_blank\" rel=\"noopener\">Espacio COVID-19 de la web del COFB<\/a><\/strong>, encontrar\u00e1 toda la <strong>informaci\u00f3n actualizada con relaci\u00f3n al coronavirus y no olvide que, por cualquier incidencia, nos puede contactar por correo electr\u00f3nico<\/strong> en la direcci\u00f3n espec\u00edfica que encontrar\u00e1 dentro de este espacio exclusivo. Por otro lado, informaros que estamos trabajando en coordinaci\u00f3n con la Administraci\u00f3n y le iremos comunicando cualquier novedad por los canales habituales, en cuanto tengamos todos los detalles.<\/p>\n<p>Como dec\u00edamos al principio, no cabe duda de que nos encontramos ante una situaci\u00f3n excepcional e incierta, pero tambi\u00e9n no cabe duda de que, en momentos as\u00ed,<strong> tenemos la oportunidad de mostrar, a\u00fan m\u00e1s, nuestro compromiso con la salud de la poblaci\u00f3n y todo lo que le podemos aportar<\/strong>. Le animamos a seguir <strong>trabajando por la raz\u00f3n de ser de nuestra profesi\u00f3n, las personas<\/strong>, ya seguir dando lo mejor de nosotros. <strong>Entre todos y todas podremos hacerlo posible<\/strong>.<\/p>\n<p>Le saluda cordialmente,<\/p>\n<p>La Junta de Gobierno del COFB<\/p>\n<div class=\"destacat-blog\">\n<h3><span style=\"color: #008080;\"><strong>Mensaje de Jordi de Dalmases, presidente del COFB, en todos los farmac\u00e9uticos y farmac\u00e9uticas\u00a0<\/strong><\/span><\/h3>\n<p><iframe src=\"https:\/\/player.vimeo.com\/video\/398254202\" width=\"640\" height=\"360\" frameborder=\"0\" allowfullscreen=\"allowfullscreen\"><\/iframe>\n<\/div>\n<p><strong>Otras publicaciones de inter\u00e9s:<\/strong><\/p>\n<ul>\n<li><a href=\"https:\/\/blog.cofb.cat\/mesures-dorganitzacio-recomanacions-accions-farmacia-davant-transmissio-coronavirus\/\">Medidas de organizaci\u00f3n, recomendaciones y acciones para la farmacia frente a la transmisi\u00f3n del coronavirus (Marzo 2020)<\/a><\/li>\n<li><a href=\"https:\/\/blog.cofb.cat\/coronavirus-quin-paper-jugar-farmaceutics-prevencio\/\" target=\"_blank\" rel=\"noopener\">Coronavirus: \u00bfQu\u00e9 papel pueden jugar los farmac\u00e9uticos en la prevenci\u00f3n? (Febrero 2020)<\/a><\/li>\n<li><a href=\"http:\/\/canalsalut.gencat.cat\/ca\/salut-a-z\/c\/coronavirus-2019-ncov\/\" target=\"_blank\" rel=\"noopener\">Canal Salud. Coronavirus SARS-CoV-2<\/a><\/li>\n<li><a href=\"https:\/\/www.portalfarma.com\/Profesionales\/campanaspf\/Asesoramiento-salud-publica\/infeccion-coronavirus-2019-nCoV\/Paginas\/default.aspx\" target=\"_blank\" rel=\"noopener\">CGCOF: Infecci\u00f3n por el coronavirus SARS-CoV-2 (COVID-19)<\/a><\/li>\n<\/ul>","protected":false},"excerpt":{"rendered":"<p>No cabe duda de que en la gesti\u00f3n de la crisis del coronavirus debemos afrontar una situaci\u00f3n excepcional e incierta, una situaci\u00f3n que adem\u00e1s genera una dificultad a\u00f1adida para todos los profesionales sanitarios que nos encontramos en primera l\u00ednea de actuaci\u00f3n. \u00c9ste es el caso de todos nosotros, todos [\u2026]<\/p>","protected":false},"author":1,"featured_media":50536,"comment_status":"open","ping_status":"open","sticky":false,"template":"","format":"standard","meta":{"_uag_custom_page_level_css":"","site-sidebar-layout":"default","site-content-layout":"","ast-site-content-layout":"default","site-content-style":"default","site-sidebar-style":"default","ast-global-header-display":"","ast-banner-title-visibility":"","ast-main-header-display":"","ast-hfb-above-header-display":"","ast-hfb-below-header-display":"","ast-hfb-mobile-header-display":"","site-post-title":"","ast-breadcrumbs-content":"","ast-featured-img":"disabled","footer-sml-layout":"","theme-transparent-header-meta":"","adv-header-id-meta":"","stick-header-meta":"","header-above-stick-meta":"","header-main-stick-meta":"","header-below-stick-meta":"","astra-migrate-meta-layouts":"default","ast-page-background-enabled":"default","ast-page-background-meta":{"desktop":{"background-color":"var(--ast-global-color-4)","background-image":"","background-repeat":"repeat","background-position":"center center","background-size":"auto","background-attachment":"scroll","background-type":"","background-media":"","overlay-type":"","overlay-color":"","overlay-opacity":"","overlay-gradient":""},"tablet":{"background-color":"","background-image":"","background-repeat":"repeat","background-position":"center center","background-size":"auto","background-attachment":"scroll","background-type":"","background-media":"","overlay-type":"","overlay-color":"","overlay-opacity":"","overlay-gradient":""},"mobile":{"background-color":"","background-image":"","background-repeat":"repeat","background-position":"center center","background-size":"auto","background-attachment":"scroll","background-type":"","background-media":"","overlay-type":"","overlay-color":"","overlay-opacity":"","overlay-gradient":""}},"ast-content-background-meta":{"desktop":{"background-color":"var(--ast-global-color-5)","background-image":"","background-repeat":"repeat","background-position":"center center","background-size":"auto","background-attachment":"scroll","background-type":"","background-media":"","overlay-type":"","overlay-color":"","overlay-opacity":"","overlay-gradient":""},"tablet":{"background-color":"var(--ast-global-color-5)","background-image":"","background-repeat":"repeat","background-position":"center center","background-size":"auto","background-attachment":"scroll","background-type":"","background-media":"","overlay-type":"","overlay-color":"","overlay-opacity":"","overlay-gradient":""},"mobile":{"background-color":"var(--ast-global-color-5)","background-image":"","background-repeat":"repeat","background-position":"center center","background-size":"auto","background-attachment":"scroll","background-type":"","background-media":"","overlay-type":"","overlay-color":"","overlay-opacity":"","overlay-gradient":""}},"footnotes":""},"categories":[23,489],"tags":[478,19,469,90,963,2123,417,418,3842,471,906,361,677],"class_list":["post-50535","post","type-post","status-publish","format-standard","has-post-thumbnail","hentry","category-destacats","category-opinions-del-collegi","tag-actuacio-farmaceutica","tag-collegi-de-farmaceutics-de-barcelona","tag-coronavirus","tag-covid-19","tag-covid19","tag-jordi-de-dalmases","tag-junta-de-govern","tag-junta-de-govern-del-cofb","tag-opinions-del-collegi","tag-pandemia","tag-professio-farmaceutica","tag-sars-cov-2","tag-virus"],"yoast_head":"<!-- This site is optimized with the Yoast SEO plugin v22.4 - https:\/\/yoast.com\/wordpress\/plugins\/seo\/ -->\n<title>Gr\u00e0cies per la vostra feina di\u00e0ria davant el coronavirus - Col\u00b7legi de Farmac\u00e8utics de Barcelona<\/title>\n<meta name=\"robots\" content=\"index, follow, max-snippet:-1, max-image-preview:large, max-video-preview:-1\" \/>\n<link rel=\"canonical\" href=\"https:\/\/novaorg.cofb.net\/2020\/03\/17\/gracies-vostra-feina-diaria-davant-coronavirus\/\" \/>\n<meta property=\"og:locale\" content=\"es_ES\" \/>\n<meta property=\"og:type\" content=\"article\" \/>\n<meta property=\"og:title\" content=\"Gr\u00e0cies per la vostra feina di\u00e0ria davant el coronavirus - Col\u00b7legi de Farmac\u00e8utics de Barcelona\" \/>\n<meta property=\"og:description\" content=\"No hi ha dubte que en la gesti\u00f3 de la crisi del coronavirus hem d&#8217;afrontar una situaci\u00f3 excepcional i incerta, una situaci\u00f3 que, a m\u00e9s, genera una dificultat afegida per a tots els professionals sanitaris que ens trobem en primera l\u00ednia d&#8217;actuaci\u00f3. Aquest \u00e9s el cas de tots nosaltres, tots [&hellip;]\" \/>\n<meta property=\"og:url\" content=\"https:\/\/novaorg.cofb.net\/2020\/03\/17\/gracies-vostra-feina-diaria-davant-coronavirus\/\" \/>\n<meta property=\"og:site_name\" content=\"Col\u00b7legi de Farmac\u00e8utics de Barcelona\" \/>\n<meta property=\"article:publisher\" content=\"https:\/\/www.facebook.com\/farmaceuticsbcn\/\" \/>\n<meta property=\"article:published_time\" content=\"2020-03-17T16:36:06+00:00\" \/>\n<meta name=\"author\" content=\"wpAdminCofbOrg\" \/>\n<meta name=\"twitter:card\" content=\"summary_large_image\" \/>\n<meta name=\"twitter:creator\" content=\"@farmaceuticsbcn\" \/>\n<meta name=\"twitter:site\" content=\"@farmaceuticsbcn\" \/>\n<meta name=\"twitter:label1\" content=\"Escrito por\" \/>\n\t<meta name=\"twitter:data1\" content=\"wpAdminCofbOrg\" \/>\n\t<meta name=\"twitter:label2\" content=\"Tiempo de lectura\" \/>\n\t<meta name=\"twitter:data2\" content=\"2 minutos\" \/>\n<script type=\"application\/ld+json\" class=\"yoast-schema-graph\">{\"@context\":\"https:\/\/schema.org\",\"@graph\":[{\"@type\":\"Article\",\"@id\":\"https:\/\/novaorg.cofb.net\/2020\/03\/17\/gracies-vostra-feina-diaria-davant-coronavirus\/#article\",\"isPartOf\":{\"@id\":\"https:\/\/novaorg.cofb.net\/2020\/03\/17\/gracies-vostra-feina-diaria-davant-coronavirus\/\"},\"author\":{\"name\":\"wpAdminCofbOrg\",\"@id\":\"https:\/\/www.cofb.org\/#\/schema\/person\/22ed7eea88da74b0fa4d3154ad87ffcb\"},\"headline\":\"Gr\u00e0cies per la vostra feina di\u00e0ria davant el coronavirus\",\"datePublished\":\"2020-03-17T16:36:06+00:00\",\"dateModified\":\"2020-03-17T16:36:06+00:00\",\"mainEntityOfPage\":{\"@id\":\"https:\/\/novaorg.cofb.net\/2020\/03\/17\/gracies-vostra-feina-diaria-davant-coronavirus\/\"},\"wordCount\":493,\"commentCount\":0,\"publisher\":{\"@id\":\"https:\/\/www.cofb.org\/#organization\"},\"image\":{\"@id\":\"https:\/\/novaorg.cofb.net\/2020\/03\/17\/gracies-vostra-feina-diaria-davant-coronavirus\/#primaryimage\"},\"thumbnailUrl\":\"\",\"keywords\":[\"actuaci\u00f3 farmac\u00e8utica\",\"Col\u00b7legi de Farmac\u00e8utics de Barcelona\",\"coronavirus\",\"COVID-19\",\"COVID19\",\"Jordi de Dalmases\",\"Junta de Govern\",\"Junta de Govern del COFB\",\"Opinions del Col\u00b7legi\",\"pand\u00e8mia\",\"professi\u00f3 farmac\u00e8utica\",\"SARS-CoV-2\",\"virus\"],\"articleSection\":[\"Destacats\",\"Opinions del Col\u00b7legi\"],\"inLanguage\":\"es\",\"potentialAction\":[{\"@type\":\"CommentAction\",\"name\":\"Comment\",\"target\":[\"https:\/\/novaorg.cofb.net\/2020\/03\/17\/gracies-vostra-feina-diaria-davant-coronavirus\/#respond\"]}]},{\"@type\":\"WebPage\",\"@id\":\"https:\/\/novaorg.cofb.net\/2020\/03\/17\/gracies-vostra-feina-diaria-davant-coronavirus\/\",\"url\":\"https:\/\/novaorg.cofb.net\/2020\/03\/17\/gracies-vostra-feina-diaria-davant-coronavirus\/\",\"name\":\"Gr\u00e0cies per la vostra feina di\u00e0ria davant el coronavirus - Col\u00b7legi de Farmac\u00e8utics de Barcelona\",\"isPartOf\":{\"@id\":\"https:\/\/www.cofb.org\/#website\"},\"primaryImageOfPage\":{\"@id\":\"https:\/\/novaorg.cofb.net\/2020\/03\/17\/gracies-vostra-feina-diaria-davant-coronavirus\/#primaryimage\"},\"image\":{\"@id\":\"https:\/\/novaorg.cofb.net\/2020\/03\/17\/gracies-vostra-feina-diaria-davant-coronavirus\/#primaryimage\"},\"thumbnailUrl\":\"\",\"datePublished\":\"2020-03-17T16:36:06+00:00\",\"dateModified\":\"2020-03-17T16:36:06+00:00\",\"breadcrumb\":{\"@id\":\"https:\/\/novaorg.cofb.net\/2020\/03\/17\/gracies-vostra-feina-diaria-davant-coronavirus\/#breadcrumb\"},\"inLanguage\":\"es\",\"potentialAction\":[{\"@type\":\"ReadAction\",\"target\":[\"https:\/\/novaorg.cofb.net\/2020\/03\/17\/gracies-vostra-feina-diaria-davant-coronavirus\/\"]}]},{\"@type\":\"ImageObject\",\"inLanguage\":\"es\",\"@id\":\"https:\/\/novaorg.cofb.net\/2020\/03\/17\/gracies-vostra-feina-diaria-davant-coronavirus\/#primaryimage\",\"url\":\"\",\"contentUrl\":\"\"},{\"@type\":\"BreadcrumbList\",\"@id\":\"https:\/\/novaorg.cofb.net\/2020\/03\/17\/gracies-vostra-feina-diaria-davant-coronavirus\/#breadcrumb\",\"itemListElement\":[{\"@type\":\"ListItem\",\"position\":1,\"name\":\"Inici\",\"item\":\"https:\/\/novaorg.cofb.net\/\"},{\"@type\":\"ListItem\",\"position\":2,\"name\":\"Gr\u00e0cies per la vostra feina di\u00e0ria davant el coronavirus\"}]},{\"@type\":\"WebSite\",\"@id\":\"https:\/\/www.cofb.org\/#website\",\"url\":\"https:\/\/www.cofb.org\/\",\"name\":\"Col\u00b7legi de Farmac\u00e8utics de Barcelona\",\"description\":\"\",\"publisher\":{\"@id\":\"https:\/\/www.cofb.org\/#organization\"},\"potentialAction\":[{\"@type\":\"SearchAction\",\"target\":{\"@type\":\"EntryPoint\",\"urlTemplate\":\"https:\/\/www.cofb.org\/?s={search_term_string}\"},\"query-input\":\"required name=search_term_string\"}],\"inLanguage\":\"es\"},{\"@type\":\"Organization\",\"@id\":\"https:\/\/www.cofb.org\/#organization\",\"name\":\"Col\u00b7legi de Farmac\u00e8utics de Barcelona\",\"url\":\"https:\/\/www.cofb.org\/\",\"logo\":{\"@type\":\"ImageObject\",\"inLanguage\":\"es\",\"@id\":\"https:\/\/www.cofb.org\/#\/schema\/logo\/image\/\",\"url\":\"https:\/\/www.cofb.org\/wp-content\/uploads\/2023\/11\/cropped-Logotip-COFB.png\",\"contentUrl\":\"https:\/\/www.cofb.org\/wp-content\/uploads\/2023\/11\/cropped-Logotip-COFB.png\",\"width\":500,\"height\":105,\"caption\":\"Col\u00b7legi de Farmac\u00e8utics de Barcelona\"},\"image\":{\"@id\":\"https:\/\/www.cofb.org\/#\/schema\/logo\/image\/\"},\"sameAs\":[\"https:\/\/www.facebook.com\/farmaceuticsbcn\/\",\"https:\/\/twitter.com\/farmaceuticsbcn\",\"https:\/\/www.instagram.com\/farmaceuticsbcn\/\",\"https:\/\/www.linkedin.com\/company\/farmaceuticsbcn\/\"]},{\"@type\":\"Person\",\"@id\":\"https:\/\/www.cofb.org\/#\/schema\/person\/22ed7eea88da74b0fa4d3154ad87ffcb\",\"name\":\"wpAdminCofbOrg\",\"image\":{\"@type\":\"ImageObject\",\"inLanguage\":\"es\",\"@id\":\"https:\/\/www.cofb.org\/#\/schema\/person\/image\/\",\"url\":\"https:\/\/secure.gravatar.com\/avatar\/1721b20b3b8ca882c3b56ec6c978c594fff670e40c0718e9190eaeeb76aae7d8?s=96&d=mm&r=g\",\"contentUrl\":\"https:\/\/secure.gravatar.com\/avatar\/1721b20b3b8ca882c3b56ec6c978c594fff670e40c0718e9190eaeeb76aae7d8?s=96&d=mm&r=g\",\"caption\":\"wpAdminCofbOrg\"},\"sameAs\":[\"http:\/\/192.168.64.122\/wordpress\"],\"url\":\"https:\/\/www.cofb.org\/es\/author\/wpadmincofborg\/\"}]}<\/script>\n<!-- \/ Yoast SEO plugin. -->","yoast_head_json":{"title":"Gr\u00e0cies per la vostra feina di\u00e0ria davant el coronavirus - Col\u00b7legi de Farmac\u00e8utics de Barcelona","robots":{"index":"index","follow":"follow","max-snippet":"max-snippet:-1","max-image-preview":"max-image-preview:large","max-video-preview":"max-video-preview:-1"},"canonical":"https:\/\/novaorg.cofb.net\/2020\/03\/17\/gracies-vostra-feina-diaria-davant-coronavirus\/","og_locale":"es_ES","og_type":"article","og_title":"Gr\u00e0cies per la vostra feina di\u00e0ria davant el coronavirus - Col\u00b7legi de Farmac\u00e8utics de Barcelona","og_description":"No hi ha dubte que en la gesti\u00f3 de la crisi del coronavirus hem d&#8217;afrontar una situaci\u00f3 excepcional i incerta, una situaci\u00f3 que, a m\u00e9s, genera una dificultat afegida per a tots els professionals sanitaris que ens trobem en primera l\u00ednia d&#8217;actuaci\u00f3. Aquest \u00e9s el cas de tots nosaltres, tots [&hellip;]","og_url":"https:\/\/novaorg.cofb.net\/2020\/03\/17\/gracies-vostra-feina-diaria-davant-coronavirus\/","og_site_name":"Col\u00b7legi de Farmac\u00e8utics de Barcelona","article_publisher":"https:\/\/www.facebook.com\/farmaceuticsbcn\/","article_published_time":"2020-03-17T16:36:06+00:00","author":"wpAdminCofbOrg","twitter_card":"summary_large_image","twitter_creator":"@farmaceuticsbcn","twitter_site":"@farmaceuticsbcn","twitter_misc":{"Escrito por":"wpAdminCofbOrg","Tiempo de lectura":"2 minutos"},"schema":{"@context":"https:\/\/schema.org","@graph":[{"@type":"Article","@id":"https:\/\/novaorg.cofb.net\/2020\/03\/17\/gracies-vostra-feina-diaria-davant-coronavirus\/#article","isPartOf":{"@id":"https:\/\/novaorg.cofb.net\/2020\/03\/17\/gracies-vostra-feina-diaria-davant-coronavirus\/"},"author":{"name":"wpAdminCofbOrg","@id":"https:\/\/www.cofb.org\/#\/schema\/person\/22ed7eea88da74b0fa4d3154ad87ffcb"},"headline":"Gr\u00e0cies per la vostra feina di\u00e0ria davant el coronavirus","datePublished":"2020-03-17T16:36:06+00:00","dateModified":"2020-03-17T16:36:06+00:00","mainEntityOfPage":{"@id":"https:\/\/novaorg.cofb.net\/2020\/03\/17\/gracies-vostra-feina-diaria-davant-coronavirus\/"},"wordCount":493,"commentCount":0,"publisher":{"@id":"https:\/\/www.cofb.org\/#organization"},"image":{"@id":"https:\/\/novaorg.cofb.net\/2020\/03\/17\/gracies-vostra-feina-diaria-davant-coronavirus\/#primaryimage"},"thumbnailUrl":"","keywords":["actuaci\u00f3 farmac\u00e8utica","Col\u00b7legi de Farmac\u00e8utics de Barcelona","coronavirus","COVID-19","COVID19","Jordi de Dalmases","Junta de Govern","Junta de Govern del COFB","Opinions del Col\u00b7legi","pand\u00e8mia","professi\u00f3 farmac\u00e8utica","SARS-CoV-2","virus"],"articleSection":["Destacats","Opinions del Col\u00b7legi"],"inLanguage":"es","potentialAction":[{"@type":"CommentAction","name":"Comment","target":["https:\/\/novaorg.cofb.net\/2020\/03\/17\/gracies-vostra-feina-diaria-davant-coronavirus\/#respond"]}]},{"@type":"WebPage","@id":"https:\/\/novaorg.cofb.net\/2020\/03\/17\/gracies-vostra-feina-diaria-davant-coronavirus\/","url":"https:\/\/novaorg.cofb.net\/2020\/03\/17\/gracies-vostra-feina-diaria-davant-coronavirus\/","name":"Gr\u00e0cies per la vostra feina di\u00e0ria davant el coronavirus - Col\u00b7legi de Farmac\u00e8utics de Barcelona","isPartOf":{"@id":"https:\/\/www.cofb.org\/#website"},"primaryImageOfPage":{"@id":"https:\/\/novaorg.cofb.net\/2020\/03\/17\/gracies-vostra-feina-diaria-davant-coronavirus\/#primaryimage"},"image":{"@id":"https:\/\/novaorg.cofb.net\/2020\/03\/17\/gracies-vostra-feina-diaria-davant-coronavirus\/#primaryimage"},"thumbnailUrl":"","datePublished":"2020-03-17T16:36:06+00:00","dateModified":"2020-03-17T16:36:06+00:00","breadcrumb":{"@id":"https:\/\/novaorg.cofb.net\/2020\/03\/17\/gracies-vostra-feina-diaria-davant-coronavirus\/#breadcrumb"},"inLanguage":"es","potentialAction":[{"@type":"ReadAction","target":["https:\/\/novaorg.cofb.net\/2020\/03\/17\/gracies-vostra-feina-diaria-davant-coronavirus\/"]}]},{"@type":"ImageObject","inLanguage":"es","@id":"https:\/\/novaorg.cofb.net\/2020\/03\/17\/gracies-vostra-feina-diaria-davant-coronavirus\/#primaryimage","url":"","contentUrl":""},{"@type":"BreadcrumbList","@id":"https:\/\/novaorg.cofb.net\/2020\/03\/17\/gracies-vostra-feina-diaria-davant-coronavirus\/#breadcrumb","itemListElement":[{"@type":"ListItem","position":1,"name":"Inici","item":"https:\/\/novaorg.cofb.net\/"},{"@type":"ListItem","position":2,"name":"Gr\u00e0cies per la vostra feina di\u00e0ria davant el coronavirus"}]},{"@type":"WebSite","@id":"https:\/\/www.cofb.org\/#website","url":"https:\/\/www.cofb.org\/","name":"Col\u00b7legi de Farmac\u00e8utics de Barcelona","description":"","publisher":{"@id":"https:\/\/www.cofb.org\/#organization"},"potentialAction":[{"@type":"SearchAction","target":{"@type":"EntryPoint","urlTemplate":"https:\/\/www.cofb.org\/?s={search_term_string}"},"query-input":"required name=search_term_string"}],"inLanguage":"es"},{"@type":"Organization","@id":"https:\/\/www.cofb.org\/#organization","name":"Col\u00b7legi de Farmac\u00e8utics de Barcelona","url":"https:\/\/www.cofb.org\/","logo":{"@type":"ImageObject","inLanguage":"es","@id":"https:\/\/www.cofb.org\/#\/schema\/logo\/image\/","url":"https:\/\/www.cofb.org\/wp-content\/uploads\/2023\/11\/cropped-Logotip-COFB.png","contentUrl":"https:\/\/www.cofb.org\/wp-content\/uploads\/2023\/11\/cropped-Logotip-COFB.png","width":500,"height":105,"caption":"Col\u00b7legi de Farmac\u00e8utics de Barcelona"},"image":{"@id":"https:\/\/www.cofb.org\/#\/schema\/logo\/image\/"},"sameAs":["https:\/\/www.facebook.com\/farmaceuticsbcn\/","https:\/\/twitter.com\/farmaceuticsbcn","https:\/\/www.instagram.com\/farmaceuticsbcn\/","https:\/\/www.linkedin.com\/company\/farmaceuticsbcn\/"]},{"@type":"Person","@id":"https:\/\/www.cofb.org\/#\/schema\/person\/22ed7eea88da74b0fa4d3154ad87ffcb","name":"wpAdminCofbOrg","image":{"@type":"ImageObject","inLanguage":"es","@id":"https:\/\/www.cofb.org\/#\/schema\/person\/image\/","url":"https:\/\/secure.gravatar.com\/avatar\/1721b20b3b8ca882c3b56ec6c978c594fff670e40c0718e9190eaeeb76aae7d8?s=96&d=mm&r=g","contentUrl":"https:\/\/secure.gravatar.com\/avatar\/1721b20b3b8ca882c3b56ec6c978c594fff670e40c0718e9190eaeeb76aae7d8?s=96&d=mm&r=g","caption":"wpAdminCofbOrg"},"sameAs":["http:\/\/192.168.64.122\/wordpress"],"url":"https:\/\/www.cofb.org\/es\/author\/wpadmincofborg\/"}]}},"uagb_featured_image_src":{"full":false,"thumbnail":false,"medium":false,"medium_large":false,"large":false,"1536x1536":false,"2048x2048":false,"trp-custom-language-flag":false},"uagb_author_info":{"display_name":"wpAdminCofbOrg","author_link":"https:\/\/www.cofb.org\/es\/author\/wpadmincofborg\/"},"uagb_comment_info":0,"uagb_excerpt":"No hi ha dubte que en la gesti\u00f3 de la crisi del coronavirus hem d&#8217;afrontar una situaci\u00f3 excepcional i incerta, una situaci\u00f3 que, a m\u00e9s, genera una dificultat afegida per a tots els professionals sanitaris que ens trobem en primera l\u00ednia d&#8217;actuaci\u00f3. Aquest \u00e9s el cas de tots nosaltres, tots [&hellip;]","_links":{"self":[{"href":"https:\/\/www.cofb.org\/es\/wp-json\/wp\/v2\/posts\/50535","targetHints":{"allow":["GET"]}}],"collection":[{"href":"https:\/\/www.cofb.org\/es\/wp-json\/wp\/v2\/posts"}],"about":[{"href":"https:\/\/www.cofb.org\/es\/wp-json\/wp\/v2\/types\/post"}],"author":[{"embeddable":true,"href":"https:\/\/www.cofb.org\/es\/wp-json\/wp\/v2\/users\/1"}],"replies":[{"embeddable":true,"href":"https:\/\/www.cofb.org\/es\/wp-json\/wp\/v2\/comments?post=50535"}],"version-history":[{"count":0,"href":"https:\/\/www.cofb.org\/es\/wp-json\/wp\/v2\/posts\/50535\/revisions"}],"wp:featuredmedia":[{"embeddable":true,"href":"https:\/\/www.cofb.org\/es\/wp-json\/"}],"wp:attachment":[{"href":"https:\/\/www.cofb.org\/es\/wp-json\/wp\/v2\/media?parent=50535"}],"wp:term":[{"taxonomy":"category","embeddable":true,"href":"https:\/\/www.cofb.org\/es\/wp-json\/wp\/v2\/categories?post=50535"},{"taxonomy":"post_tag","embeddable":true,"href":"https:\/\/www.cofb.org\/es\/wp-json\/wp\/v2\/tags?post=50535"}],"curies":[{"name":"wp","href":"https:\/\/api.w.org\/{rel}","templated":true}]}}