{"id":50252,"date":"2020-03-18T10:34:44","date_gmt":"2020-03-18T08:34:44","guid":{"rendered":"https:\/\/blog.cofb.cat\/?p=50252"},"modified":"2020-03-18T10:34:44","modified_gmt":"2020-03-18T08:34:44","slug":"com-tractar-les-malalties-allergiques-des-de-la-farmacia","status":"publish","type":"post","link":"https:\/\/www.cofb.org\/es\/2020\/03\/18\/com-tractar-les-malalties-allergiques-des-de-la-farmacia\/","title":{"rendered":"\u00bfC\u00f3mo tratar las enfermedades al\u00e9rgicas desde la farmacia?"},"content":{"rendered":"<p>El pasado 19 y 26 de febrero tuvo lugar en el Colegio de Farmac\u00e9uticos de Barcelona la formaci\u00f3n <strong>\u201cAlergias, \u00bfc\u00f3mo debemos actuar?\u201d<\/strong>,<strong>\u00a0<\/strong>impartida por miembros de los comit\u00e9s de alergia respiratoria, cut\u00e1nea, medicamentosa y alimentaria de la Sociedad Catalana de Alergia e Inmunolog\u00eda Cl\u00ednica (SCAIC). La formaci\u00f3n fue coordinada por Cristina Roure, vocal de Hospitales del COFB y presidenta de la Sociedad Catalana de Farmacia Cl\u00ednica y el comit\u00e9 cient\u00edfico de la SCAIC.<\/p>\n<figure id=\"attachment_50265\" aria-describedby=\"caption-attachment-50265\" style=\"width: 2362px\" class=\"wp-caption aligncenter\"><a href=\"https:\/\/blog.cofb.cat\/wp-content\/uploads\/2020\/03\/cofb.200219-05.jpg\"><img fetchpriority=\"high\" decoding=\"async\" class=\"wp-image-50265 size-full\" title=\"De izquierda a derecha: Cristina Roure, vocal de Hospitales del COFB; M. Teresa Dordal Culla, presidenta de la Sociedad Catalana de Alergia e Inmunolog\u00eda Cl\u00ednica, Clara Padr\u00f3, miembro del Comit\u00e9 de Alergia respiratoria de la SCAIC y Marta Vi\u00f1as, jefa del Servicio de Alergia del Consorci Sanitari de Terrassa.\" src=\"https:\/\/blog.cofb.cat\/wp-content\/uploads\/2020\/03\/cofb.200219-05.jpg\" alt=\"D'esquerra a dreta: Cristina Roure, vocal d'Hospitals del COFB; M. Teresa Dordal Culla, presidenta de la Societat Catalana d'Al\u00b7l\u00e8rgia i Immunologia Cl\u00ednica, Clara Padr\u00f3, membre del Comit\u00e8 d'Al\u00b7l\u00e8rgia respirat\u00f2ria de la SCAIC i Marta Vi\u00f1as, cap del Servei d'Al\u00b7l\u00e8rgia del Consorci Sanitari de Terrassa.\" width=\"2362\" height=\"1575\" \/><\/a><figcaption id=\"caption-attachment-50265\" class=\"wp-caption-text\">De izquierda a derecha: Cristina Roure, vocal de Hospitales del COFB; M. Teresa Dordal Culla, presidenta de la Sociedad Catalana de Alergia e Inmunolog\u00eda Cl\u00ednica, Clara Padr\u00f3, miembro del Comit\u00e9 de Alergia respiratoria de la SCAIC y Marta Vi\u00f1as, jefa del Servicio de Alergia del Consorci Sanitari de Terrassa.<\/figcaption><\/figure>\n<h1><span style=\"color: #008080;\"><strong>Contenidos pr\u00e1cticos y \u00fatiles para la oficina de farmacia<\/strong><\/span><\/h1>\n<p>El objetivo era ofrecer un <strong>curso con contenidos \u00fatiles y pr\u00e1cticos para hacer una atenci\u00f3n farmac\u00e9utica correcta<\/strong> en las consultas que se plantean cada d\u00eda al profesional y, en su caso, derivar al alerg\u00f3logo los pacientes que necesitan una <strong>atenci\u00f3n especializada<\/strong>. Todo ello, porque los alumnos <strong>aprendieran a distinguir los distintos tipos de reacciones al\u00e9rgicas \u2013<\/strong>respiratorias, cut\u00e1neas, a medicamentos ya alimentos- de otras reacciones no al\u00e9rgicas; repasaran los diversos mecanismos inmunol\u00f3gicos y conocieran las posibilidades diagn\u00f3sticas y de tratamiento de las enfermedades al\u00e9rgicas para realizar una actuaci\u00f3n farmac\u00e9utica correcta y derivar al especialista, si es necesario.<\/p>\n<div class=\"box note\"><\/p>\n<h2><span style=\"color: #008080;\"><strong>Incremento de consultas sobre enfermedades al\u00e9rgicas en las oficinas de farmacia<\/strong><\/span><\/h2>\n<p>La<strong>incremento de las enfermedades al\u00e9rgicas<\/strong> comporta un <strong>aumento de las consultas de los pacientes a los farmac\u00e9uticos comunitarios<\/strong>. La <strong>gran prevalencia de las enfermedades al\u00e9rgicas<\/strong> y la<strong>impacto<\/strong> que tienen en la demanda de recursos sanitarios, junto con el progreso diagn\u00f3stico y terap\u00e9utico en el \u00e1rea de la alergolog\u00eda, evidencia la necesidad de adecuar los medios disponibles a la situaci\u00f3n real de la enfermedad para atenderla correctamente.<\/p>\n<p><\/div>\n<p>A partir de una metodolog\u00eda basada en casos cl\u00ednicos y con una <strong>formaci\u00f3n din\u00e1mica<\/strong> de <strong>preguntas-respuestas<\/strong>, el programa abord\u00f3 las cuestiones que se detallan a continuaci\u00f3n.<\/p>\n<h1><span style=\"color: #008080;\"><strong>Primera sesi\u00f3n: alergia respiratoria y alergia cut\u00e1nea<\/strong><\/span><\/h1>\n<h3><span style=\"color: #000000;\"><strong>Alergia respiratoria<\/strong><\/span><\/h3>\n<p>En el marco del primer m\u00f3dulo, que tuvo lugar el 19 de febrero, las doctoras <strong>Clara Padr\u00f3n<\/strong>, de la Unidad de Alergolog\u00eda del Hospital Germas Trias i Pujol, y <strong>Marta Vi\u00f1as<\/strong>, jefe del Servicio de Alergia del Consorcio Sanitario de Terrassa, abordaron el<strong>alergia respiratoria<\/strong>, puesto que ambas son miembros del Comit\u00e9 de Alergia respiratoria de la SCAIC. Dentro de este punto, trataron el <strong>funcionamiento de la inmunoterapia<\/strong>, las <strong>normas de evitaci\u00f3n ambiental<\/strong>, la<strong>aplicaci\u00f3n correcta de un spray nasal<\/strong> y la <strong>problem\u00e1tica del uso de vasoconstrictores nasales<\/strong>. Tambi\u00e9n profundizaron en el <strong>problema del sobre abuso de salbutamol<\/strong>, la <strong>importancia de los tratamientos preventivos de mantenimiento en la patolog\u00eda al\u00e9rgica respiratoria<\/strong> y los <strong>tipos de dispositivos inhaladores<\/strong>.<\/p>\n<h3><span style=\"color: #000000;\"><strong>Alergia cut\u00e1nea<\/strong><\/span><\/h3>\n<p>En la segunda parte de la sesi\u00f3n, la doctora Anna Sala, miembro del Comit\u00e9 de Alergia Cut\u00e1nea de la SCAIC, se centr\u00f3 en este tipo de alergia. Sala explic\u00f3 cu\u00e1les son las <strong>recomendaciones<\/strong> en caso de <strong>picaduras de insectos<\/strong>, <strong>medusas<\/strong>, etc., en qu\u00e9 consiste la <strong>dermatitis de contacto<\/strong>, cu\u00e1les son los <strong>tratamientos t\u00f3picos y emolientes<\/strong> y finalmente, expuso las <strong>diferencias<\/strong> entre <strong>urticaria<\/strong>, <strong>angioedema<\/strong> y <strong>eczema<\/strong>.<\/p>\n<figure id=\"attachment_50267\" aria-describedby=\"caption-attachment-50267\" style=\"width: 2362px\" class=\"wp-caption aligncenter\"><a href=\"https:\/\/blog.cofb.cat\/wp-content\/uploads\/2020\/03\/cofb.200219-10.jpg\"><img decoding=\"async\" class=\"wp-image-50267 size-full\" title=\"Un momento de presentaci\u00f3n de la formaci\u00f3n, a cargo de Cristina Roure, vocal de Hospitales del Colegio de Farmac\u00e9uticos de Barcelona y M\u00aa Teresa Dordal Culla, presidenta de la Sociedad Catalana de Alergia e Inmunolog\u00eda Cl\u00ednica.\" src=\"https:\/\/blog.cofb.cat\/wp-content\/uploads\/2020\/03\/cofb.200219-10.jpg\" alt=\"Un moment de presentaci\u00f3 de la formaci\u00f3, a c\u00e0rrec de Cristina Roure, vocal d'Hospitals del Col\u00b7legi de Farmac\u00e8utics de Barcelona i M. Teresa Dordal Culla, presidenta de la Societat Catalana d'Al\u00b7l\u00e8rgia i Immunologia Cl\u00ednica.\" width=\"2362\" height=\"1575\" \/><\/a><figcaption id=\"caption-attachment-50267\" class=\"wp-caption-text\">Un momento de presentaci\u00f3n de la formaci\u00f3n, a cargo de Cristina Roure, vocal de Hospitales del Colegio de Farmac\u00e9uticos de Barcelona y M\u00aa Teresa Dordal Culla, presidenta de la Sociedad Catalana de Alergia e Inmunolog\u00eda Cl\u00ednica.<\/figcaption><\/figure>\n<h1><span style=\"color: #008080;\"><strong>Segunda sesi\u00f3n: Alergia alimentaria y anafilaxia<\/strong><\/span><\/h1>\n<h3><span style=\"color: #000000;\"><strong>Alergia alimentaria<\/strong><\/span><\/h3>\n<p>Dentro del segundo m\u00f3dulo de la formaci\u00f3n, que tuvo lugar el 26 de febrero, la doctora Laura Valdesoiro, del Servicio de Alergia y Penumolog\u00eda Pedi\u00e1tricas del Hospital Universitario Parc Taul\u00ed de Sabadell trat\u00f3 los <strong>conceptos b\u00e1sicos de la alergia alimentaria<\/strong>, los <strong>cofactores<\/strong>, el <strong>diagn\u00f3stico y tratamiento de la alergia a alimentos<\/strong> y las <strong>intolerancias alimentarias<\/strong> (ALCAT, test de detecci\u00f3n de Inmunoglobulinas G\u2026).<\/p>\n<h3><span style=\"color: #000000;\"><strong>Anafilaxi<\/strong><\/span><\/h3>\n<p>Por \u00faltimo, el doctor Ramon Lleonart, de la Unidad de Alergolog\u00eda del Servicio de Medicina Interna del Hospital Universitario de Bellvitge abord\u00f3 el<strong>anafilaxi<\/strong>, concretamente, la <strong>definici\u00f3n<\/strong>, las <strong>medidas para identificarla<\/strong>, su <strong>tratamiento<\/strong> y el<strong>uso de autoinyectores<\/strong>. Tambi\u00e9n se centr\u00f3 en la alergia a medicamentos, la sospecha cl\u00ednica y las reactividades cruzadas.<\/p>\n<p style=\"text-align: right;\"><strong>Actividad organizada conjuntamente con:<\/strong><\/p>\n<p><a href=\"https:\/\/blog.cofb.cat\/wp-content\/uploads\/2020\/03\/Activitat-organitzada-conjuntament.png\"><img decoding=\"async\" class=\"wp-image-50255 alignright\" src=\"https:\/\/blog.cofb.cat\/wp-content\/uploads\/2020\/03\/Activitat-organitzada-conjuntament.png\" alt=\"\" width=\"276\" height=\"73\" \/><\/a><\/p>\n<p>&nbsp;<\/p>\n<p>&nbsp;<\/p>\n<p>&nbsp;<\/p>\n<p style=\"text-align: right;\"><strong>Con el patrocinio de:<\/strong><\/p>\n<p><a href=\"https:\/\/blog.cofb.cat\/wp-content\/uploads\/2020\/03\/Malalties-al\u00b7l\u00e8rgiques.png\"><img loading=\"lazy\" decoding=\"async\" class=\"size-full wp-image-50253 alignright\" src=\"https:\/\/blog.cofb.cat\/wp-content\/uploads\/2020\/03\/Malalties-al\u00b7l\u00e8rgiques.png\" alt=\"\" width=\"566\" height=\"64\" \/><\/a><\/p>\n<p>&nbsp;<\/p>\n<p>&nbsp;<\/p>\n<p>&nbsp;<\/p>\n<p><strong>Otras publicaciones de inter\u00e9s:<\/strong><\/p>\n<ul>\n<li><a href=\"https:\/\/blog.cofb.cat\/formacio-sobre-terapia-inhalada-dirigida-farmaceutics-datencio-primaria\/\" target=\"_blank\" rel=\"noopener\">Formaci\u00f3n sobre terapia inhalada dirigida a farmac\u00e9uticos de Atenci\u00f3n Primaria<\/a> (Octubre 2019)<\/li>\n<li><a href=\"https:\/\/blog.cofb.cat\/rinitis-allergica-allergies-mes-comunes\/\" target=\"_blank\" rel=\"noopener\">La rinitis al\u00e9rgica, una de las alergias m\u00e1s comunes<\/a> (Mayo 2019)<\/li>\n<li><a href=\"https:\/\/blog.cofb.cat\/aproximacio-al-pacient-amb-asma-una-reflexio-conjunta\/\" target=\"_blank\" rel=\"noopener\">Aproximaci\u00f3n al paciente con asma: una reflexi\u00f3n conjunta<\/a> (Diciembre 2017)<\/li>\n<li><a href=\"https:\/\/blog.cofb.cat\/tertulia-dactualitat-quines-novetats-hi-ha-en-les-vacunes-contra-lal%c2%b7lergia\/\" target=\"_blank\" rel=\"noopener\">Tertulia de actualidad: \u00bfqu\u00e9 novedades existen en las vacunas contra la alergia?<\/a> (Abril 2015)<\/li>\n<\/ul>\n<p>&nbsp;<\/p>","protected":false},"excerpt":{"rendered":"<p>El pasado 19 y 26 de febrero tuvo lugar en el Colegio de Farmac\u00e9uticos de Barcelona la formaci\u00f3n \u201cAlergias, \u00bfc\u00f3mo debemos actuar?\u201d, impartida por miembros de los comit\u00e9s de alergia respiratoria, cut\u00e1nea, medicamentosa y alimentaria de la Sociedad Catalana de Alergia e Inmunolog\u00eda Cl\u00ednica (SCAIC). La formaci\u00f3n estuvo coordinada por Cristina Roure, vocal de Hospitales [\u2026]<\/p>","protected":false},"author":1,"featured_media":50267,"comment_status":"open","ping_status":"open","sticky":false,"template":"","format":"standard","meta":{"_uag_custom_page_level_css":"","site-sidebar-layout":"default","site-content-layout":"","ast-site-content-layout":"default","site-content-style":"default","site-sidebar-style":"default","ast-global-header-display":"","ast-banner-title-visibility":"","ast-main-header-display":"","ast-hfb-above-header-display":"","ast-hfb-below-header-display":"","ast-hfb-mobile-header-display":"","site-post-title":"","ast-breadcrumbs-content":"","ast-featured-img":"disabled","footer-sml-layout":"","theme-transparent-header-meta":"","adv-header-id-meta":"","stick-header-meta":"","header-above-stick-meta":"","header-main-stick-meta":"","header-below-stick-meta":"","astra-migrate-meta-layouts":"default","ast-page-background-enabled":"default","ast-page-background-meta":{"desktop":{"background-color":"var(--ast-global-color-4)","background-image":"","background-repeat":"repeat","background-position":"center center","background-size":"auto","background-attachment":"scroll","background-type":"","background-media":"","overlay-type":"","overlay-color":"","overlay-opacity":"","overlay-gradient":""},"tablet":{"background-color":"","background-image":"","background-repeat":"repeat","background-position":"center center","background-size":"auto","background-attachment":"scroll","background-type":"","background-media":"","overlay-type":"","overlay-color":"","overlay-opacity":"","overlay-gradient":""},"mobile":{"background-color":"","background-image":"","background-repeat":"repeat","background-position":"center center","background-size":"auto","background-attachment":"scroll","background-type":"","background-media":"","overlay-type":"","overlay-color":"","overlay-opacity":"","overlay-gradient":""}},"ast-content-background-meta":{"desktop":{"background-color":"var(--ast-global-color-5)","background-image":"","background-repeat":"repeat","background-position":"center center","background-size":"auto","background-attachment":"scroll","background-type":"","background-media":"","overlay-type":"","overlay-color":"","overlay-opacity":"","overlay-gradient":""},"tablet":{"background-color":"var(--ast-global-color-5)","background-image":"","background-repeat":"repeat","background-position":"center center","background-size":"auto","background-attachment":"scroll","background-type":"","background-media":"","overlay-type":"","overlay-color":"","overlay-opacity":"","overlay-gradient":""},"mobile":{"background-color":"var(--ast-global-color-5)","background-image":"","background-repeat":"repeat","background-position":"center center","background-size":"auto","background-attachment":"scroll","background-type":"","background-media":"","overlay-type":"","overlay-color":"","overlay-opacity":"","overlay-gradient":""}},"footnotes":""},"categories":[23,57],"tags":[2192,4020,4021,4022,4023,4024,4025,515,1001,4026],"class_list":["post-50252","post","type-post","status-publish","format-standard","has-post-thumbnail","hentry","category-destacats","category-mon-collegial","tag-allergia","tag-allergia-al-latex","tag-allergia-alimentaria","tag-allergia-cutania","tag-allergia-respiratoria","tag-anafilaxi","tag-dermatitis-de-contacte","tag-immunoterapia","tag-inhaladors","tag-patologia-allergica-respiratoria"],"yoast_head":"<!-- This site is optimized with the Yoast SEO plugin v22.4 - https:\/\/yoast.com\/wordpress\/plugins\/seo\/ -->\n<title>Com tractar les malalties al\u00b7l\u00e8rgiques des de la farm\u00e0cia? - Col\u00b7legi de Farmac\u00e8utics de Barcelona<\/title>\n<meta name=\"description\" content=\"El passat 19 i 26 de febrer va tenir lloc al Col\u00b7legi de Farmac\u00e8utics de Barcelona la formaci\u00f3 &quot;Al\u00b7l\u00e8rgies, com hem d&#039;actuar?&quot;\u00a0impartida per membres dels comit\u00e8s d&#039;al\u00b7l\u00e8rgia respirat\u00f2ria, cut\u00e0nia, medicamentosa i aliment\u00e0ria de la Societat Catalana d&#039;Al\u00b7l\u00e8rgia i Immunologia Cl\u00ednica (SCAIC).\" \/>\n<meta name=\"robots\" content=\"index, follow, max-snippet:-1, max-image-preview:large, max-video-preview:-1\" \/>\n<link rel=\"canonical\" href=\"https:\/\/novaorg.cofb.net\/2020\/03\/18\/com-tractar-les-malalties-allergiques-des-de-la-farmacia\/\" \/>\n<meta property=\"og:locale\" content=\"es_ES\" \/>\n<meta property=\"og:type\" content=\"article\" \/>\n<meta property=\"og:title\" content=\"Com tractar les malalties al\u00b7l\u00e8rgiques des de la farm\u00e0cia? - Col\u00b7legi de Farmac\u00e8utics de Barcelona\" \/>\n<meta property=\"og:description\" content=\"El passat 19 i 26 de febrer va tenir lloc al Col\u00b7legi de Farmac\u00e8utics de Barcelona la formaci\u00f3 &quot;Al\u00b7l\u00e8rgies, com hem d&#039;actuar?&quot;\u00a0impartida per membres dels comit\u00e8s d&#039;al\u00b7l\u00e8rgia respirat\u00f2ria, cut\u00e0nia, medicamentosa i aliment\u00e0ria de la Societat Catalana d&#039;Al\u00b7l\u00e8rgia i Immunologia Cl\u00ednica (SCAIC).\" \/>\n<meta property=\"og:url\" content=\"https:\/\/novaorg.cofb.net\/2020\/03\/18\/com-tractar-les-malalties-allergiques-des-de-la-farmacia\/\" \/>\n<meta property=\"og:site_name\" content=\"Col\u00b7legi de Farmac\u00e8utics de Barcelona\" \/>\n<meta property=\"article:publisher\" content=\"https:\/\/www.facebook.com\/farmaceuticsbcn\/\" \/>\n<meta property=\"article:published_time\" content=\"2020-03-18T08:34:44+00:00\" \/>\n<meta name=\"author\" content=\"wpAdminCofbOrg\" \/>\n<meta name=\"twitter:card\" content=\"summary_large_image\" \/>\n<meta name=\"twitter:creator\" content=\"@farmaceuticsbcn\" \/>\n<meta name=\"twitter:site\" content=\"@farmaceuticsbcn\" \/>\n<meta name=\"twitter:label1\" content=\"Escrito por\" \/>\n\t<meta name=\"twitter:data1\" content=\"wpAdminCofbOrg\" \/>\n\t<meta name=\"twitter:label2\" content=\"Tiempo de lectura\" \/>\n\t<meta name=\"twitter:data2\" content=\"4 minutos\" \/>\n<script type=\"application\/ld+json\" class=\"yoast-schema-graph\">{\"@context\":\"https:\/\/schema.org\",\"@graph\":[{\"@type\":\"Article\",\"@id\":\"https:\/\/novaorg.cofb.net\/2020\/03\/18\/com-tractar-les-malalties-allergiques-des-de-la-farmacia\/#article\",\"isPartOf\":{\"@id\":\"https:\/\/novaorg.cofb.net\/2020\/03\/18\/com-tractar-les-malalties-allergiques-des-de-la-farmacia\/\"},\"author\":{\"name\":\"wpAdminCofbOrg\",\"@id\":\"https:\/\/www.cofb.org\/#\/schema\/person\/22ed7eea88da74b0fa4d3154ad87ffcb\"},\"headline\":\"Com tractar les malalties al\u00b7l\u00e8rgiques des de la farm\u00e0cia?\",\"datePublished\":\"2020-03-18T08:34:44+00:00\",\"dateModified\":\"2020-03-18T08:34:44+00:00\",\"mainEntityOfPage\":{\"@id\":\"https:\/\/novaorg.cofb.net\/2020\/03\/18\/com-tractar-les-malalties-allergiques-des-de-la-farmacia\/\"},\"wordCount\":933,\"commentCount\":0,\"publisher\":{\"@id\":\"https:\/\/www.cofb.org\/#organization\"},\"image\":{\"@id\":\"https:\/\/novaorg.cofb.net\/2020\/03\/18\/com-tractar-les-malalties-allergiques-des-de-la-farmacia\/#primaryimage\"},\"thumbnailUrl\":\"\",\"keywords\":[\"al\u00b7l\u00e8rgia\",\"al\u00b7l\u00e8rgia al l\u00e0tex\",\"al\u00b7l\u00e8rgia aliment\u00e0ria\",\"al\u00b7l\u00e8rgia cut\u00e0nia\",\"al\u00b7l\u00e8rgia respirat\u00f2ria\",\"anafilaxi\",\"dermatitis de contacte\",\"immunoter\u00e0pia\",\"inhaladors\",\"patologia al\u00b7l\u00e8rgica respirat\u00f2ria\"],\"articleSection\":[\"Destacats\",\"M\u00f3n col\u00b7legial\"],\"inLanguage\":\"es\",\"potentialAction\":[{\"@type\":\"CommentAction\",\"name\":\"Comment\",\"target\":[\"https:\/\/novaorg.cofb.net\/2020\/03\/18\/com-tractar-les-malalties-allergiques-des-de-la-farmacia\/#respond\"]}]},{\"@type\":\"WebPage\",\"@id\":\"https:\/\/novaorg.cofb.net\/2020\/03\/18\/com-tractar-les-malalties-allergiques-des-de-la-farmacia\/\",\"url\":\"https:\/\/novaorg.cofb.net\/2020\/03\/18\/com-tractar-les-malalties-allergiques-des-de-la-farmacia\/\",\"name\":\"Com tractar les malalties al\u00b7l\u00e8rgiques des de la farm\u00e0cia? - Col\u00b7legi de Farmac\u00e8utics de Barcelona\",\"isPartOf\":{\"@id\":\"https:\/\/www.cofb.org\/#website\"},\"primaryImageOfPage\":{\"@id\":\"https:\/\/novaorg.cofb.net\/2020\/03\/18\/com-tractar-les-malalties-allergiques-des-de-la-farmacia\/#primaryimage\"},\"image\":{\"@id\":\"https:\/\/novaorg.cofb.net\/2020\/03\/18\/com-tractar-les-malalties-allergiques-des-de-la-farmacia\/#primaryimage\"},\"thumbnailUrl\":\"\",\"datePublished\":\"2020-03-18T08:34:44+00:00\",\"dateModified\":\"2020-03-18T08:34:44+00:00\",\"description\":\"El passat 19 i 26 de febrer va tenir lloc al Col\u00b7legi de Farmac\u00e8utics de Barcelona la formaci\u00f3 \\\"Al\u00b7l\u00e8rgies, com hem d'actuar?\\\"\u00a0impartida per membres dels comit\u00e8s d'al\u00b7l\u00e8rgia respirat\u00f2ria, cut\u00e0nia, medicamentosa i aliment\u00e0ria de la Societat Catalana d'Al\u00b7l\u00e8rgia i Immunologia Cl\u00ednica (SCAIC).\",\"breadcrumb\":{\"@id\":\"https:\/\/novaorg.cofb.net\/2020\/03\/18\/com-tractar-les-malalties-allergiques-des-de-la-farmacia\/#breadcrumb\"},\"inLanguage\":\"es\",\"potentialAction\":[{\"@type\":\"ReadAction\",\"target\":[\"https:\/\/novaorg.cofb.net\/2020\/03\/18\/com-tractar-les-malalties-allergiques-des-de-la-farmacia\/\"]}]},{\"@type\":\"ImageObject\",\"inLanguage\":\"es\",\"@id\":\"https:\/\/novaorg.cofb.net\/2020\/03\/18\/com-tractar-les-malalties-allergiques-des-de-la-farmacia\/#primaryimage\",\"url\":\"\",\"contentUrl\":\"\"},{\"@type\":\"BreadcrumbList\",\"@id\":\"https:\/\/novaorg.cofb.net\/2020\/03\/18\/com-tractar-les-malalties-allergiques-des-de-la-farmacia\/#breadcrumb\",\"itemListElement\":[{\"@type\":\"ListItem\",\"position\":1,\"name\":\"Inici\",\"item\":\"https:\/\/novaorg.cofb.net\/\"},{\"@type\":\"ListItem\",\"position\":2,\"name\":\"Com tractar les malalties al\u00b7l\u00e8rgiques des de la farm\u00e0cia?\"}]},{\"@type\":\"WebSite\",\"@id\":\"https:\/\/www.cofb.org\/#website\",\"url\":\"https:\/\/www.cofb.org\/\",\"name\":\"Col\u00b7legi de Farmac\u00e8utics de Barcelona\",\"description\":\"\",\"publisher\":{\"@id\":\"https:\/\/www.cofb.org\/#organization\"},\"potentialAction\":[{\"@type\":\"SearchAction\",\"target\":{\"@type\":\"EntryPoint\",\"urlTemplate\":\"https:\/\/www.cofb.org\/?s={search_term_string}\"},\"query-input\":\"required name=search_term_string\"}],\"inLanguage\":\"es\"},{\"@type\":\"Organization\",\"@id\":\"https:\/\/www.cofb.org\/#organization\",\"name\":\"Col\u00b7legi de Farmac\u00e8utics de Barcelona\",\"url\":\"https:\/\/www.cofb.org\/\",\"logo\":{\"@type\":\"ImageObject\",\"inLanguage\":\"es\",\"@id\":\"https:\/\/www.cofb.org\/#\/schema\/logo\/image\/\",\"url\":\"https:\/\/www.cofb.org\/wp-content\/uploads\/2023\/11\/cropped-Logotip-COFB.png\",\"contentUrl\":\"https:\/\/www.cofb.org\/wp-content\/uploads\/2023\/11\/cropped-Logotip-COFB.png\",\"width\":500,\"height\":105,\"caption\":\"Col\u00b7legi de Farmac\u00e8utics de Barcelona\"},\"image\":{\"@id\":\"https:\/\/www.cofb.org\/#\/schema\/logo\/image\/\"},\"sameAs\":[\"https:\/\/www.facebook.com\/farmaceuticsbcn\/\",\"https:\/\/twitter.com\/farmaceuticsbcn\",\"https:\/\/www.instagram.com\/farmaceuticsbcn\/\",\"https:\/\/www.linkedin.com\/company\/farmaceuticsbcn\/\"]},{\"@type\":\"Person\",\"@id\":\"https:\/\/www.cofb.org\/#\/schema\/person\/22ed7eea88da74b0fa4d3154ad87ffcb\",\"name\":\"wpAdminCofbOrg\",\"image\":{\"@type\":\"ImageObject\",\"inLanguage\":\"es\",\"@id\":\"https:\/\/www.cofb.org\/#\/schema\/person\/image\/\",\"url\":\"https:\/\/secure.gravatar.com\/avatar\/1721b20b3b8ca882c3b56ec6c978c594fff670e40c0718e9190eaeeb76aae7d8?s=96&d=mm&r=g\",\"contentUrl\":\"https:\/\/secure.gravatar.com\/avatar\/1721b20b3b8ca882c3b56ec6c978c594fff670e40c0718e9190eaeeb76aae7d8?s=96&d=mm&r=g\",\"caption\":\"wpAdminCofbOrg\"},\"sameAs\":[\"http:\/\/192.168.64.122\/wordpress\"],\"url\":\"https:\/\/www.cofb.org\/es\/author\/wpadmincofborg\/\"}]}<\/script>\n<!-- \/ Yoast SEO plugin. -->","yoast_head_json":{"title":"Com tractar les malalties al\u00b7l\u00e8rgiques des de la farm\u00e0cia? - Col\u00b7legi de Farmac\u00e8utics de Barcelona","description":"El passat 19 i 26 de febrer va tenir lloc al Col\u00b7legi de Farmac\u00e8utics de Barcelona la formaci\u00f3 \"Al\u00b7l\u00e8rgies, com hem d'actuar?\"\u00a0impartida per membres dels comit\u00e8s d'al\u00b7l\u00e8rgia respirat\u00f2ria, cut\u00e0nia, medicamentosa i aliment\u00e0ria de la Societat Catalana d'Al\u00b7l\u00e8rgia i Immunologia Cl\u00ednica (SCAIC).","robots":{"index":"index","follow":"follow","max-snippet":"max-snippet:-1","max-image-preview":"max-image-preview:large","max-video-preview":"max-video-preview:-1"},"canonical":"https:\/\/novaorg.cofb.net\/2020\/03\/18\/com-tractar-les-malalties-allergiques-des-de-la-farmacia\/","og_locale":"es_ES","og_type":"article","og_title":"Com tractar les malalties al\u00b7l\u00e8rgiques des de la farm\u00e0cia? - Col\u00b7legi de Farmac\u00e8utics de Barcelona","og_description":"El passat 19 i 26 de febrer va tenir lloc al Col\u00b7legi de Farmac\u00e8utics de Barcelona la formaci\u00f3 \"Al\u00b7l\u00e8rgies, com hem d'actuar?\"\u00a0impartida per membres dels comit\u00e8s d'al\u00b7l\u00e8rgia respirat\u00f2ria, cut\u00e0nia, medicamentosa i aliment\u00e0ria de la Societat Catalana d'Al\u00b7l\u00e8rgia i Immunologia Cl\u00ednica (SCAIC).","og_url":"https:\/\/novaorg.cofb.net\/2020\/03\/18\/com-tractar-les-malalties-allergiques-des-de-la-farmacia\/","og_site_name":"Col\u00b7legi de Farmac\u00e8utics de Barcelona","article_publisher":"https:\/\/www.facebook.com\/farmaceuticsbcn\/","article_published_time":"2020-03-18T08:34:44+00:00","author":"wpAdminCofbOrg","twitter_card":"summary_large_image","twitter_creator":"@farmaceuticsbcn","twitter_site":"@farmaceuticsbcn","twitter_misc":{"Escrito por":"wpAdminCofbOrg","Tiempo de lectura":"4 minutos"},"schema":{"@context":"https:\/\/schema.org","@graph":[{"@type":"Article","@id":"https:\/\/novaorg.cofb.net\/2020\/03\/18\/com-tractar-les-malalties-allergiques-des-de-la-farmacia\/#article","isPartOf":{"@id":"https:\/\/novaorg.cofb.net\/2020\/03\/18\/com-tractar-les-malalties-allergiques-des-de-la-farmacia\/"},"author":{"name":"wpAdminCofbOrg","@id":"https:\/\/www.cofb.org\/#\/schema\/person\/22ed7eea88da74b0fa4d3154ad87ffcb"},"headline":"Com tractar les malalties al\u00b7l\u00e8rgiques des de la farm\u00e0cia?","datePublished":"2020-03-18T08:34:44+00:00","dateModified":"2020-03-18T08:34:44+00:00","mainEntityOfPage":{"@id":"https:\/\/novaorg.cofb.net\/2020\/03\/18\/com-tractar-les-malalties-allergiques-des-de-la-farmacia\/"},"wordCount":933,"commentCount":0,"publisher":{"@id":"https:\/\/www.cofb.org\/#organization"},"image":{"@id":"https:\/\/novaorg.cofb.net\/2020\/03\/18\/com-tractar-les-malalties-allergiques-des-de-la-farmacia\/#primaryimage"},"thumbnailUrl":"","keywords":["al\u00b7l\u00e8rgia","al\u00b7l\u00e8rgia al l\u00e0tex","al\u00b7l\u00e8rgia aliment\u00e0ria","al\u00b7l\u00e8rgia cut\u00e0nia","al\u00b7l\u00e8rgia respirat\u00f2ria","anafilaxi","dermatitis de contacte","immunoter\u00e0pia","inhaladors","patologia al\u00b7l\u00e8rgica respirat\u00f2ria"],"articleSection":["Destacats","M\u00f3n col\u00b7legial"],"inLanguage":"es","potentialAction":[{"@type":"CommentAction","name":"Comment","target":["https:\/\/novaorg.cofb.net\/2020\/03\/18\/com-tractar-les-malalties-allergiques-des-de-la-farmacia\/#respond"]}]},{"@type":"WebPage","@id":"https:\/\/novaorg.cofb.net\/2020\/03\/18\/com-tractar-les-malalties-allergiques-des-de-la-farmacia\/","url":"https:\/\/novaorg.cofb.net\/2020\/03\/18\/com-tractar-les-malalties-allergiques-des-de-la-farmacia\/","name":"Com tractar les malalties al\u00b7l\u00e8rgiques des de la farm\u00e0cia? - Col\u00b7legi de Farmac\u00e8utics de Barcelona","isPartOf":{"@id":"https:\/\/www.cofb.org\/#website"},"primaryImageOfPage":{"@id":"https:\/\/novaorg.cofb.net\/2020\/03\/18\/com-tractar-les-malalties-allergiques-des-de-la-farmacia\/#primaryimage"},"image":{"@id":"https:\/\/novaorg.cofb.net\/2020\/03\/18\/com-tractar-les-malalties-allergiques-des-de-la-farmacia\/#primaryimage"},"thumbnailUrl":"","datePublished":"2020-03-18T08:34:44+00:00","dateModified":"2020-03-18T08:34:44+00:00","description":"El passat 19 i 26 de febrer va tenir lloc al Col\u00b7legi de Farmac\u00e8utics de Barcelona la formaci\u00f3 \"Al\u00b7l\u00e8rgies, com hem d'actuar?\"\u00a0impartida per membres dels comit\u00e8s d'al\u00b7l\u00e8rgia respirat\u00f2ria, cut\u00e0nia, medicamentosa i aliment\u00e0ria de la Societat Catalana d'Al\u00b7l\u00e8rgia i Immunologia Cl\u00ednica (SCAIC).","breadcrumb":{"@id":"https:\/\/novaorg.cofb.net\/2020\/03\/18\/com-tractar-les-malalties-allergiques-des-de-la-farmacia\/#breadcrumb"},"inLanguage":"es","potentialAction":[{"@type":"ReadAction","target":["https:\/\/novaorg.cofb.net\/2020\/03\/18\/com-tractar-les-malalties-allergiques-des-de-la-farmacia\/"]}]},{"@type":"ImageObject","inLanguage":"es","@id":"https:\/\/novaorg.cofb.net\/2020\/03\/18\/com-tractar-les-malalties-allergiques-des-de-la-farmacia\/#primaryimage","url":"","contentUrl":""},{"@type":"BreadcrumbList","@id":"https:\/\/novaorg.cofb.net\/2020\/03\/18\/com-tractar-les-malalties-allergiques-des-de-la-farmacia\/#breadcrumb","itemListElement":[{"@type":"ListItem","position":1,"name":"Inici","item":"https:\/\/novaorg.cofb.net\/"},{"@type":"ListItem","position":2,"name":"Com tractar les malalties al\u00b7l\u00e8rgiques des de la farm\u00e0cia?"}]},{"@type":"WebSite","@id":"https:\/\/www.cofb.org\/#website","url":"https:\/\/www.cofb.org\/","name":"Col\u00b7legi de Farmac\u00e8utics de Barcelona","description":"","publisher":{"@id":"https:\/\/www.cofb.org\/#organization"},"potentialAction":[{"@type":"SearchAction","target":{"@type":"EntryPoint","urlTemplate":"https:\/\/www.cofb.org\/?s={search_term_string}"},"query-input":"required name=search_term_string"}],"inLanguage":"es"},{"@type":"Organization","@id":"https:\/\/www.cofb.org\/#organization","name":"Col\u00b7legi de Farmac\u00e8utics de Barcelona","url":"https:\/\/www.cofb.org\/","logo":{"@type":"ImageObject","inLanguage":"es","@id":"https:\/\/www.cofb.org\/#\/schema\/logo\/image\/","url":"https:\/\/www.cofb.org\/wp-content\/uploads\/2023\/11\/cropped-Logotip-COFB.png","contentUrl":"https:\/\/www.cofb.org\/wp-content\/uploads\/2023\/11\/cropped-Logotip-COFB.png","width":500,"height":105,"caption":"Col\u00b7legi de Farmac\u00e8utics de Barcelona"},"image":{"@id":"https:\/\/www.cofb.org\/#\/schema\/logo\/image\/"},"sameAs":["https:\/\/www.facebook.com\/farmaceuticsbcn\/","https:\/\/twitter.com\/farmaceuticsbcn","https:\/\/www.instagram.com\/farmaceuticsbcn\/","https:\/\/www.linkedin.com\/company\/farmaceuticsbcn\/"]},{"@type":"Person","@id":"https:\/\/www.cofb.org\/#\/schema\/person\/22ed7eea88da74b0fa4d3154ad87ffcb","name":"wpAdminCofbOrg","image":{"@type":"ImageObject","inLanguage":"es","@id":"https:\/\/www.cofb.org\/#\/schema\/person\/image\/","url":"https:\/\/secure.gravatar.com\/avatar\/1721b20b3b8ca882c3b56ec6c978c594fff670e40c0718e9190eaeeb76aae7d8?s=96&d=mm&r=g","contentUrl":"https:\/\/secure.gravatar.com\/avatar\/1721b20b3b8ca882c3b56ec6c978c594fff670e40c0718e9190eaeeb76aae7d8?s=96&d=mm&r=g","caption":"wpAdminCofbOrg"},"sameAs":["http:\/\/192.168.64.122\/wordpress"],"url":"https:\/\/www.cofb.org\/es\/author\/wpadmincofborg\/"}]}},"uagb_featured_image_src":{"full":false,"thumbnail":false,"medium":false,"medium_large":false,"large":false,"1536x1536":false,"2048x2048":false,"trp-custom-language-flag":false},"uagb_author_info":{"display_name":"wpAdminCofbOrg","author_link":"https:\/\/www.cofb.org\/es\/author\/wpadmincofborg\/"},"uagb_comment_info":0,"uagb_excerpt":"El passat 19 i 26 de febrer va tenir lloc al Col\u00b7legi de Farmac\u00e8utics de Barcelona la formaci\u00f3 &#8220;Al\u00b7l\u00e8rgies, com hem d&#8217;actuar?&#8221;,\u00a0impartida per membres dels comit\u00e8s d&#8217;al\u00b7l\u00e8rgia respirat\u00f2ria, cut\u00e0nia, medicamentosa i aliment\u00e0ria de la Societat Catalana d&#8217;Al\u00b7l\u00e8rgia i Immunologia Cl\u00ednica (SCAIC).\u00a0La formaci\u00f3 va estar coordinada per Cristina Roure, vocal d&#8217;Hospitals [&hellip;]","_links":{"self":[{"href":"https:\/\/www.cofb.org\/es\/wp-json\/wp\/v2\/posts\/50252","targetHints":{"allow":["GET"]}}],"collection":[{"href":"https:\/\/www.cofb.org\/es\/wp-json\/wp\/v2\/posts"}],"about":[{"href":"https:\/\/www.cofb.org\/es\/wp-json\/wp\/v2\/types\/post"}],"author":[{"embeddable":true,"href":"https:\/\/www.cofb.org\/es\/wp-json\/wp\/v2\/users\/1"}],"replies":[{"embeddable":true,"href":"https:\/\/www.cofb.org\/es\/wp-json\/wp\/v2\/comments?post=50252"}],"version-history":[{"count":0,"href":"https:\/\/www.cofb.org\/es\/wp-json\/wp\/v2\/posts\/50252\/revisions"}],"wp:featuredmedia":[{"embeddable":true,"href":"https:\/\/www.cofb.org\/es\/wp-json\/"}],"wp:attachment":[{"href":"https:\/\/www.cofb.org\/es\/wp-json\/wp\/v2\/media?parent=50252"}],"wp:term":[{"taxonomy":"category","embeddable":true,"href":"https:\/\/www.cofb.org\/es\/wp-json\/wp\/v2\/categories?post=50252"},{"taxonomy":"post_tag","embeddable":true,"href":"https:\/\/www.cofb.org\/es\/wp-json\/wp\/v2\/tags?post=50252"}],"curies":[{"name":"wp","href":"https:\/\/api.w.org\/{rel}","templated":true}]}}