{"id":49931,"date":"2020-02-27T16:02:36","date_gmt":"2020-02-27T14:02:36","guid":{"rendered":"https:\/\/blog.cofb.cat\/?p=49931"},"modified":"2020-02-27T16:02:36","modified_gmt":"2020-02-27T14:02:36","slug":"presentacio-de-la-tercera-onada-de-la-campanya-atenciopell365","status":"publish","type":"post","link":"https:\/\/www.cofb.org\/es\/2020\/02\/27\/presentacio-de-la-tercera-onada-de-la-campanya-atenciopell365\/","title":{"rendered":"Presentaci\u00f3n de la tercera ola de la campa\u00f1a #Atenci\u00f3Pell365, centrada en la exposici\u00f3n invisible"},"content":{"rendered":"<p>El pasado <strong>20 de febrero<\/strong> tuvo lugar en <strong>Col\u00b7legi de Farmac\u00e8utics de Barcelona<\/strong> la <strong>presentaci\u00f3n<\/strong> de la <strong>tercera ola<\/strong> de la <strong>campa\u00f1a \u201cAtenci\u00f3n Piel 365\u201d<\/strong> que est\u00e1 centrada en aquellas situaciones que no identificamos como exposici\u00f3n solar, aunque las <strong>radiaciones <\/strong>siguen estando presentes como, por ejemplo, la <strong>pr\u00e1ctica deportiva<\/strong>.<\/p>\n<p>La<strong>acto<\/strong> cont\u00f3 con las <strong>intervenciones<\/strong> de la vocal de Dermofarmacia y Productos Sanitarios del Colegio, <strong>Marta Alcalde<\/strong>; el dermat\u00f3logo <strong>Oriol Corral<\/strong>, miembro del Servicio de Dermatolog\u00eda del Hospital Consorcio Sanitario de Terrassa, que atiende a pacientes del Centro de Alto Rendimiento Deportivo (CAR), y el <strong>meteor\u00f3logo<\/strong> y <strong>divulgador cient\u00edfico<\/strong>, <strong>Tom\u00e0s Molina<\/strong>.<\/p>\n<figure id=\"attachment_50123\" aria-describedby=\"caption-attachment-50123\" style=\"width: 620px\" class=\"wp-caption aligncenter\"><a href=\"https:\/\/blog.cofb.cat\/wp-content\/uploads\/2020\/02\/cofb.200220-06.jpg\"><img fetchpriority=\"high\" decoding=\"async\" class=\"wp-image-50123 size-large\" title=\"Marta Alcalde, vocal de Dermofarmacia y Productos Sanitarios del Colegio de Farmac\u00e9uticos de Barcelona. \" src=\"https:\/\/blog.cofb.cat\/wp-content\/uploads\/2020\/02\/cofb.200220-06-1024x683.jpg\" alt=\"Marta Alcalde, vocal de Dermofarm\u00e0cia i Productes Sanitaris del Col\u00b7legi de Farmac\u00e8utics de Barcelona. \" width=\"620\" height=\"414\" \/><\/a><figcaption id=\"caption-attachment-50123\" class=\"wp-caption-text\">Marta Alcalde, vocal de Dermofarmacia y Productos Sanitarios del Colegio de Farmac\u00e9uticos de Barcelona.<\/figcaption><\/figure>\n<p>A lo largo de la sesi\u00f3n, obligatoria tanto para los farmac\u00e9uticos que quieren continuar en la <strong>campa\u00f1a \u201cAtenci\u00f3n Piel 365\u201d<\/strong> como para quienes quieren adherirse de nuevo, se abordaron las <strong>medidas preventivas<\/strong> que es necesario adoptar en funci\u00f3n del <strong>tipos de deporte<\/strong>, c\u00f3mo <strong>afecta al entorno<\/strong> en la <strong>intensidad de la radiaci\u00f3n<\/strong> y qu\u00e9 otras<strong> medidas de cuidado de la piel<\/strong> deben tenerse en cuenta.<\/p>\n<p>\u201cEn esta <strong>tercera ola<\/strong> quer\u00edamos hablar del<strong>exposici\u00f3n invisible<\/strong>, es decir, de casos en los que nosotros no somos conscientes de que estamos expuestos al sol pero lo estamos. En definitiva, se trataba de hacer <strong>una reflexi\u00f3n<\/strong> de todas aquellas <strong>situaciones cotidianas\u00a0<\/strong>que pueden <strong>requerir protecci\u00f3n solar<\/strong>. Y es que, muchas veces, tenemos la idea de que s\u00f3lo debemos ponernos <strong>protecci\u00f3n solar<\/strong> cuando vamos a la <strong>playa<\/strong>, en la <strong>piscina<\/strong> o cuando estamos tomando el sol intencionadamente. Pero, en un clima como el nuestro, en el que tenemos muchas horas de sol, hay una <strong>exposici\u00f3n de la que no somos conscientes<\/strong>\u201c, explic\u00f3 Marta Alcalde, vocal de Dermofarmacia y Productos Sanitarios del COFB.<\/p>\n<h1><span style=\"color: #008080;\"><strong>El clima del futuro y la radiaci\u00f3n solar<\/strong><\/span><\/h1>\n<p>La <strong>primera parte de la sesi\u00f3n<\/strong> cont\u00f3 con la conferencia del <strong>meteor\u00f3logo<\/strong> y <strong>divulgador cient\u00edfico<\/strong> Tom\u00e0s Molina, titulada <strong>&quot;El clima del futuro (2030)&quot;<\/strong>. Durante su intervenci\u00f3n, Molina habl\u00f3 de los distintos <strong>tipos de radiaci\u00f3n<\/strong> que hay, c\u00f3mo se modulan a lo largo del a\u00f1o, c\u00f3mo var\u00eda la radiaci\u00f3n seg\u00fan las condiciones de altura o localizaci\u00f3n, y del papel de la capa de ozono, que tambi\u00e9n modifica mucho c\u00f3mo llegan las radiaciones a la Tierra.<\/p>\n<figure id=\"attachment_50126\" aria-describedby=\"caption-attachment-50126\" style=\"width: 620px\" class=\"wp-caption aligncenter\"><a href=\"https:\/\/blog.cofb.cat\/wp-content\/uploads\/2020\/02\/cofb.200220-18.jpg\"><img decoding=\"async\" class=\"wp-image-50126 size-large\" title=\"El meteor\u00f3logo Tom\u00e0s Molina, en un momento de su intervenci\u00f3n.\" src=\"https:\/\/blog.cofb.cat\/wp-content\/uploads\/2020\/02\/cofb.200220-18-1024x683.jpg\" alt=\"El meteor\u00f2leg Tom\u00e0s Molina, en un moment de la seva intervenci\u00f3.\" width=\"620\" height=\"414\" \/><\/a><figcaption id=\"caption-attachment-50126\" class=\"wp-caption-text\">El meteor\u00f3logo Tom\u00e0s Molina, en un momento de su intervenci\u00f3n.<\/figcaption><\/figure>\n<p>\u201cEl mundo est\u00e1 cambiando muy r\u00e1pido y <strong>es necesario adaptarnos a los nuevos escenarios<\/strong>, que han venido para quedarse, y que implican <strong>episodios de m\u00e1s calor<\/strong> y <strong>m\u00e1s radiaci\u00f3n solar<\/strong>\u201c, expuso el meteor\u00f3logo. Y, poniendo como ejemplo un caso local de ese cambio de escenarios, a\u00f1adi\u00f3: \u201c<strong>En Lleida, ha disminuido de forma acusada el n\u00famero de d\u00edas con niebla<\/strong>, porque ha cambiado la distribuci\u00f3n de los anticiclones. <strong>Esto significa que tienen m\u00e1s d\u00edas de sol<\/strong>. Por tanto, los <strong>h\u00e1bitos cotidianos<\/strong> de una persona que trabajaba en el campo en Lleida deben cambiar, porque <strong>antes trabajaba con niebla o con nubes bajas y ahora lo har\u00e1 con sol<\/strong>&#8220;.<\/p>\n<h1><span style=\"color: #008080;\"><strong>Pr\u00e1ctica deportiva y exposici\u00f3n invisible<\/strong><\/span><\/h1>\n<p>En el marco de la segunda conferencia que se imparti\u00f3, el <strong>Dr. Oriol Corral<\/strong> repas\u00f3 algunos conceptos como el<strong>estructura <\/strong>y las <strong>funciones de la piel<\/strong>, la<strong>espectro electromagn\u00e9tico de la luz<\/strong>\u00a0) <strong>radiaci\u00f3n ultravioleta (UV)<\/strong> y la<strong> infrarroja (IR)<\/strong>. Tambi\u00e9n abord\u00f3 los <strong>efectos negativos del sol sobre la piel <\/strong>c\u00f3mo<strong>\u00a0<\/strong>fotodermatosis, fotosensibilidad, quemaduras, insolaci\u00f3n, c\u00e1ncer de piel y fotoenvejecimiento. Precisamente, por <strong>evitar estos efectos nocivos del sol en la piel<\/strong> profundiz\u00f3 en <strong>c\u00f3mo proteger a las personas que hacen deporte<\/strong> en el<strong>agua<\/strong>, en la <strong>nieve<\/strong>, en la <strong>monta\u00f1a<\/strong> y en la <strong>ciudad<\/strong>. En cuanto a los adolescentes, un grupo de edad que suele hacer <strong>mucho deporte<\/strong> y que suele presentar <strong>sobreproducci\u00f3n seb\u00e1cea y acn\u00e9<\/strong>, el dr. Corral recomend\u00f3 que a la hora de protegerse utilizaran <strong>f\u00f3rmulas fluidas<\/strong>, <strong>no comedog\u00e9nicas<\/strong>, y <strong><em>oil free<\/em><\/strong>.<\/p>\n<h3><strong>Deportes en el agua<\/strong><\/h3>\n<p>En este \u00e1mbito, el dermat\u00f3logo explic\u00f3 que es necesario tener presente el concepto de\u00a0<strong>refracci\u00f3n<\/strong>. Teniendo en cuenta esto, y que hasta <strong>60 cm de profundidad<\/strong> llega la luz al agua, a una persona que est\u00e1 nadando en una <strong>piscina descubierta<\/strong> le est\u00e1 llegando <strong>luz directa<\/strong> y <strong>luz indirecta<\/strong> por culpa de este fen\u00f3meno de la <strong>refracci\u00f3n<\/strong>.<\/p>\n<p>Por este motivo, el dr. Corral recomend\u00f3 que durante la pr\u00e1ctica de deportes acu\u00e1ticos se utilice\u00a0<strong>fotoprotectores 50+<\/strong>, porque est\u00e1 llegando m\u00e1s radiaci\u00f3n y, a ser posible, <em><strong>waterproof<\/strong>\u00a0<\/em>que <strong>protegen durante m\u00e1s tiempo<\/strong> y <strong>tienen mayor estabilidad<\/strong> (80 minutos) que les <em><strong>wateresistante<\/strong><\/em> (20-40 minutos). Tambi\u00e9n recomend\u00f3 que <strong>la aplicaci\u00f3n de fotoprotector<\/strong>\u00a0deber\u00eda <strong>repetir cada 20 minutos<\/strong>.<\/p>\n<figure id=\"attachment_50121\" aria-describedby=\"caption-attachment-50121\" style=\"width: 620px\" class=\"wp-caption aligncenter\"><a href=\"https:\/\/blog.cofb.cat\/wp-content\/uploads\/2020\/02\/cofb.200220-39.jpg\"><img decoding=\"async\" class=\"wp-image-50121 size-large\" title=\"El dr. Corral durante su exposici\u00f3n. \" src=\"https:\/\/blog.cofb.cat\/wp-content\/uploads\/2020\/02\/cofb.200220-39-1024x683.jpg\" alt=\"El Dr. Corral durant la seva exposici\u00f3. \" width=\"620\" height=\"414\" \/><\/a><figcaption id=\"caption-attachment-50121\" class=\"wp-caption-text\">El dr. Corral durante su exposici\u00f3n.<\/figcaption><\/figure>\n<h3><strong>Deportes en la nieve<\/strong><\/h3>\n<p>En el caso de la <strong>nieve<\/strong>, ocurre lo contrario: <strong>no hay refracci\u00f3n<\/strong> sino <strong>reflexi\u00f3n<\/strong>. Hasta uno <strong>80-85% de los rayos<\/strong> que nos llegan cuando estamos en la nieve lo hacen por esta v\u00eda. Adem\u00e1s, tambi\u00e9n est\u00e1 el <strong>problema de la altitud<\/strong>.<b> <\/b>Cada <strong>300 metros de altitud <\/strong>que subimos<strong>\u00a0<\/strong>aumenta un<strong> 4% la intensidad<\/strong> de la radiaci\u00f3n. Por tanto, se recibe m\u00e1s radiaci\u00f3n, tan ultravioleta B como A. El doctor recomend\u00f3 utilizar un fotoprotector\u00a0<strong>50+ con filtro mineral<\/strong> por la<strong>efecto pantalla<\/strong>, as\u00ed como\u00a0<strong>gafas con filtro UVB\/UVA<\/strong>.<\/p>\n<h3><strong>Deportes en la monta\u00f1a y en la ciudad<\/strong><\/h3>\n<p>En cuanto a los <strong>deportes de monta\u00f1a<\/strong>, a la altitud se suma la <strong>sudor<\/strong>, que hace que el fotoprotector se escurra y acabe entrando a los ojos del deportista. Lo m\u00e1s recomendable en estos casos, seg\u00fan explic\u00f3 el doctor, es que sea de <strong>base acuosa<\/strong>. Tambi\u00e9n recomend\u00f3 que los fotoprotectores sean libres de perfume y explic\u00f3 que existen algunos productos que son <em>safe eye<\/em> o <em>eye protect<\/em>, es decir, que no pican en los ojos. En cuanto a la <strong>pr\u00e1ctica de deporte<\/strong> en la ciudad, las recomendaciones en relaci\u00f3n al fotoprotector ser\u00edan las mismas que en el caso de la monta\u00f1a. Y a\u00f1adi\u00f3 que algunos fotoprotectores llevan activos contra la contaminaci\u00f3n (<em>anti-pollution<\/em>).<\/p>\n<h1><span style=\"color: #008080;\"><strong>Fotoprotecci\u00f3n y deporte<\/strong><\/span><\/h1>\n<p>Durante la \u00faltima parte de la conferencia, el dr. Corral resolvi\u00f3 <strong>diversas cuestiones<\/strong> planteadas por los asistentes como el<strong>uso de la fotoprotecci\u00f3n oral<\/strong>. El dermat\u00f3logo explic\u00f3 que este tipo de <strong>fotoprotecci\u00f3n es complementaria<\/strong>, <strong>nunca \u00fanica<\/strong>. Otra de las cuestiones tratadas fue la <strong>fotoprotecci\u00f3n en corredores profesionales<\/strong>. El doctor recomend\u00f3 la utilizaci\u00f3n de <strong>ropa con filtro ultravioleta<\/strong>, y no salir a correr al mediod\u00eda, porque aparte de recibir m\u00e1s ultravioleta-B y tambi\u00e9n hay mayor riesgo de insolaci\u00f3n. En la parte final de su intervenci\u00f3n, el doctor tambi\u00e9n abord\u00f3 <strong>otros problemas de la piel<\/strong> vinculados a la <strong>pr\u00e1ctica deportiva<\/strong>.<\/p>\n<p style=\"text-align: right;\"><strong>Con la colaboraci\u00f3n de:<\/strong><\/p>\n<p style=\"text-align: right;\"><a href=\"https:\/\/www.clinicbarcelona.org\/ca\" target=\"_blank\" rel=\"noopener\"><img loading=\"lazy\" decoding=\"async\" class=\"size-full wp-image-45935 alignright\" src=\"https:\/\/blog.cofb.cat\/wp-content\/uploads\/2019\/06\/Cl\u00ednic.jpg\" alt=\"\" width=\"142\" height=\"85\" \/><\/a><\/p>\n<p>&nbsp;<\/p>\n<p>&nbsp;<\/p>\n<p>&nbsp;<\/p>\n<p style=\"text-align: right;\"><strong>Con el patrocinio de:<\/strong><\/p>\n<p style=\"text-align: right;\"><a href=\"https:\/\/blog.cofb.cat\/wp-content\/uploads\/2020\/02\/Av\u00e8ne-Ladival-La-Roche.png\"><img loading=\"lazy\" decoding=\"async\" class=\"wp-image-49973 alignright\" src=\"https:\/\/blog.cofb.cat\/wp-content\/uploads\/2020\/02\/Av\u00e8ne-Ladival-La-Roche.png\" alt=\"\" width=\"381\" height=\"73\" \/><\/a><\/p>\n<p>&nbsp;<\/p>\n<p>&nbsp;<\/p>\n<p><strong>Otras publicaciones de inter\u00e9s:<\/strong><\/p>\n<ul>\n<li><a href=\"https:\/\/blog.cofb.cat\/medicaments-fotosensibilitzants-centren-segona-onada-campanya-atencio-pell-365\/\" target=\"_blank\" rel=\"noopener\">Los medicamentos fotosensibilizantes centran la segunda ola de la campa\u00f1a \u201cAtenci\u00f3 Piel 365\u201d (Octubre 2019)<\/a><\/li>\n<li><a href=\"https:\/\/blog.cofb.cat\/mes-de-600-farmaceutics-de-la-provincia-de-barcelona-participen-en-la-campanya-atencio-pell-365-per-conscienciar-de-la-importancia-de-protegir-se-del-sol-durant-tot-lany\/\" target=\"_blank\" rel=\"noopener\">Arranca la campa\u00f1a \u201cAtenci\u00f3 Piel 365\u201d para concienciar de la importancia de protegerse del sol durante todo el a\u00f1o (Junio 2019)<\/a><\/li>\n<\/ul>","protected":false},"excerpt":{"rendered":"<p>El pasado 20 de febrero tuvo lugar en el Colegio de Farmac\u00e9uticos de Barcelona la presentaci\u00f3n de la tercera ola de la campa\u00f1a \u201cAtenci\u00f3 Piel 365\u201d que est\u00e1 centrada en aquellas situaciones que no identificamos como exposici\u00f3n solar, aunque las radiaciones contin\u00faan estando presentes como, por ejemplo, [\u2026]<\/p>","protected":false},"author":1,"featured_media":50190,"comment_status":"open","ping_status":"open","sticky":false,"template":"","format":"standard","meta":{"_uag_custom_page_level_css":"","site-sidebar-layout":"default","site-content-layout":"","ast-site-content-layout":"default","site-content-style":"default","site-sidebar-style":"default","ast-global-header-display":"","ast-banner-title-visibility":"","ast-main-header-display":"","ast-hfb-above-header-display":"","ast-hfb-below-header-display":"","ast-hfb-mobile-header-display":"","site-post-title":"","ast-breadcrumbs-content":"","ast-featured-img":"disabled","footer-sml-layout":"","theme-transparent-header-meta":"","adv-header-id-meta":"","stick-header-meta":"","header-above-stick-meta":"","header-main-stick-meta":"","header-below-stick-meta":"","astra-migrate-meta-layouts":"default","ast-page-background-enabled":"default","ast-page-background-meta":{"desktop":{"background-color":"var(--ast-global-color-4)","background-image":"","background-repeat":"repeat","background-position":"center center","background-size":"auto","background-attachment":"scroll","background-type":"","background-media":"","overlay-type":"","overlay-color":"","overlay-opacity":"","overlay-gradient":""},"tablet":{"background-color":"","background-image":"","background-repeat":"repeat","background-position":"center center","background-size":"auto","background-attachment":"scroll","background-type":"","background-media":"","overlay-type":"","overlay-color":"","overlay-opacity":"","overlay-gradient":""},"mobile":{"background-color":"","background-image":"","background-repeat":"repeat","background-position":"center center","background-size":"auto","background-attachment":"scroll","background-type":"","background-media":"","overlay-type":"","overlay-color":"","overlay-opacity":"","overlay-gradient":""}},"ast-content-background-meta":{"desktop":{"background-color":"var(--ast-global-color-5)","background-image":"","background-repeat":"repeat","background-position":"center center","background-size":"auto","background-attachment":"scroll","background-type":"","background-media":"","overlay-type":"","overlay-color":"","overlay-opacity":"","overlay-gradient":""},"tablet":{"background-color":"var(--ast-global-color-5)","background-image":"","background-repeat":"repeat","background-position":"center center","background-size":"auto","background-attachment":"scroll","background-type":"","background-media":"","overlay-type":"","overlay-color":"","overlay-opacity":"","overlay-gradient":""},"mobile":{"background-color":"var(--ast-global-color-5)","background-image":"","background-repeat":"repeat","background-position":"center center","background-size":"auto","background-attachment":"scroll","background-type":"","background-media":"","overlay-type":"","overlay-color":"","overlay-opacity":"","overlay-gradient":""}},"footnotes":""},"categories":[23,57],"tags":[3783,3937,392,3634,3635,739,3586,18,3636,255,101,2894,3938,3939,3940,3941,3942,53,69,444,76,3148,264,3943,3944,2700,725,3815],"class_list":["post-49931","post","type-post","status-publish","format-standard","has-post-thumbnail","hentry","category-destacats","category-mon-collegial","tag-activitats-de-prevencio","tag-activitats-esportives","tag-atencio-pell","tag-atencio-pell-365","tag-campanya-atencio-pell-365","tag-cancer-de-pell","tag-clima","tag-cofb","tag-cremes-solars","tag-deteccio-precoc","tag-esport","tag-esportistes","tag-esports-a-la-ciutat","tag-esports-a-la-muntanya","tag-esports-a-la-neu","tag-esports-aquatics","tag-exposicio-invisible","tag-farmaceutics","tag-farmacia-comunitaria","tag-fotoproteccio","tag-oficina-de-farmacia","tag-practica-esportiva","tag-prevencio","tag-prevencio-primaria","tag-prevencio-secundaria","tag-problemes-de-la-pell","tag-proteccio-solar","tag-sol"],"yoast_head":"<!-- This site is optimized with the Yoast SEO plugin v22.4 - https:\/\/yoast.com\/wordpress\/plugins\/seo\/ -->\n<title>Presentaci\u00f3 de la tercera onada de la campanya #Atenci\u00f3Pell365, centrada en l&#039;exposici\u00f3 invisible - Col\u00b7legi de Farmac\u00e8utics de Barcelona<\/title>\n<meta name=\"description\" content=\"El passat 20 de febrer va tenir lloc al Col\u00b7legi de Farmac\u00e8utics de Barcelona la presentaci\u00f3 de la tercera onada de la campanya &quot;Atenci\u00f3 Pell 365&quot; que estar\u00e0 centrada en la cura i la protecci\u00f3 de la pell de l&#039;esportista i en l&#039;exposici\u00f3 invisible.\" \/>\n<meta name=\"robots\" content=\"index, follow, max-snippet:-1, max-image-preview:large, max-video-preview:-1\" \/>\n<link rel=\"canonical\" href=\"https:\/\/novaorg.cofb.net\/2020\/02\/27\/presentacio-de-la-tercera-onada-de-la-campanya-atenciopell365\/\" \/>\n<meta property=\"og:locale\" content=\"es_ES\" \/>\n<meta property=\"og:type\" content=\"article\" \/>\n<meta property=\"og:title\" content=\"Presentaci\u00f3 de la tercera onada de la campanya #Atenci\u00f3Pell365, centrada en l&#039;exposici\u00f3 invisible - Col\u00b7legi de Farmac\u00e8utics de Barcelona\" \/>\n<meta property=\"og:description\" content=\"El passat 20 de febrer va tenir lloc al Col\u00b7legi de Farmac\u00e8utics de Barcelona la presentaci\u00f3 de la tercera onada de la campanya &quot;Atenci\u00f3 Pell 365&quot; que estar\u00e0 centrada en la cura i la protecci\u00f3 de la pell de l&#039;esportista i en l&#039;exposici\u00f3 invisible.\" \/>\n<meta property=\"og:url\" content=\"https:\/\/novaorg.cofb.net\/2020\/02\/27\/presentacio-de-la-tercera-onada-de-la-campanya-atenciopell365\/\" \/>\n<meta property=\"og:site_name\" content=\"Col\u00b7legi de Farmac\u00e8utics de Barcelona\" \/>\n<meta property=\"article:publisher\" content=\"https:\/\/www.facebook.com\/farmaceuticsbcn\/\" \/>\n<meta property=\"article:published_time\" content=\"2020-02-27T14:02:36+00:00\" \/>\n<meta name=\"author\" content=\"wpAdminCofbOrg\" \/>\n<meta name=\"twitter:card\" content=\"summary_large_image\" \/>\n<meta name=\"twitter:creator\" content=\"@farmaceuticsbcn\" \/>\n<meta name=\"twitter:site\" content=\"@farmaceuticsbcn\" \/>\n<meta name=\"twitter:label1\" content=\"Escrito por\" \/>\n\t<meta name=\"twitter:data1\" content=\"wpAdminCofbOrg\" \/>\n\t<meta name=\"twitter:label2\" content=\"Tiempo de lectura\" \/>\n\t<meta name=\"twitter:data2\" content=\"6 minutos\" \/>\n<script type=\"application\/ld+json\" class=\"yoast-schema-graph\">{\"@context\":\"https:\/\/schema.org\",\"@graph\":[{\"@type\":\"Article\",\"@id\":\"https:\/\/novaorg.cofb.net\/2020\/02\/27\/presentacio-de-la-tercera-onada-de-la-campanya-atenciopell365\/#article\",\"isPartOf\":{\"@id\":\"https:\/\/novaorg.cofb.net\/2020\/02\/27\/presentacio-de-la-tercera-onada-de-la-campanya-atenciopell365\/\"},\"author\":{\"name\":\"wpAdminCofbOrg\",\"@id\":\"https:\/\/www.cofb.org\/#\/schema\/person\/22ed7eea88da74b0fa4d3154ad87ffcb\"},\"headline\":\"Presentaci\u00f3 de la tercera onada de la campanya #Atenci\u00f3Pell365, centrada en l&#8217;exposici\u00f3 invisible\",\"datePublished\":\"2020-02-27T14:02:36+00:00\",\"dateModified\":\"2020-02-27T14:02:36+00:00\",\"mainEntityOfPage\":{\"@id\":\"https:\/\/novaorg.cofb.net\/2020\/02\/27\/presentacio-de-la-tercera-onada-de-la-campanya-atenciopell365\/\"},\"wordCount\":1252,\"commentCount\":0,\"publisher\":{\"@id\":\"https:\/\/www.cofb.org\/#organization\"},\"image\":{\"@id\":\"https:\/\/novaorg.cofb.net\/2020\/02\/27\/presentacio-de-la-tercera-onada-de-la-campanya-atenciopell365\/#primaryimage\"},\"thumbnailUrl\":\"\",\"keywords\":[\"activitats de prevenci\u00f3\",\"activitats esportives\",\"Atenci\u00f3 Pell\",\"Atenci\u00f3 Pell 365\",\"campanya Atenci\u00f3 Pell 365\",\"c\u00e0ncer de pell\",\"clima\",\"COFB\",\"cremes solars\",\"detecci\u00f3 preco\u00e7\",\"esport\",\"esportistes\",\"esports a la ciutat\",\"esports a la muntanya\",\"esports a la neu\",\"esports aqu\u00e0tics\",\"exposici\u00f3 invisible\",\"farmac\u00e8utics\",\"farm\u00e0cia comunit\u00e0ria\",\"fotoprotecci\u00f3\",\"Oficina de farm\u00e0cia\",\"pr\u00e0ctica esportiva\",\"prevenci\u00f3\",\"prevenci\u00f3 prim\u00e0ria\",\"prevenci\u00f3 secund\u00e0ria\",\"problemes de la pell\",\"protecci\u00f3 solar\",\"sol\"],\"articleSection\":[\"Destacats\",\"M\u00f3n col\u00b7legial\"],\"inLanguage\":\"es\",\"potentialAction\":[{\"@type\":\"CommentAction\",\"name\":\"Comment\",\"target\":[\"https:\/\/novaorg.cofb.net\/2020\/02\/27\/presentacio-de-la-tercera-onada-de-la-campanya-atenciopell365\/#respond\"]}]},{\"@type\":\"WebPage\",\"@id\":\"https:\/\/novaorg.cofb.net\/2020\/02\/27\/presentacio-de-la-tercera-onada-de-la-campanya-atenciopell365\/\",\"url\":\"https:\/\/novaorg.cofb.net\/2020\/02\/27\/presentacio-de-la-tercera-onada-de-la-campanya-atenciopell365\/\",\"name\":\"Presentaci\u00f3 de la tercera onada de la campanya #Atenci\u00f3Pell365, centrada en l'exposici\u00f3 invisible - Col\u00b7legi de Farmac\u00e8utics de Barcelona\",\"isPartOf\":{\"@id\":\"https:\/\/www.cofb.org\/#website\"},\"primaryImageOfPage\":{\"@id\":\"https:\/\/novaorg.cofb.net\/2020\/02\/27\/presentacio-de-la-tercera-onada-de-la-campanya-atenciopell365\/#primaryimage\"},\"image\":{\"@id\":\"https:\/\/novaorg.cofb.net\/2020\/02\/27\/presentacio-de-la-tercera-onada-de-la-campanya-atenciopell365\/#primaryimage\"},\"thumbnailUrl\":\"\",\"datePublished\":\"2020-02-27T14:02:36+00:00\",\"dateModified\":\"2020-02-27T14:02:36+00:00\",\"description\":\"El passat 20 de febrer va tenir lloc al Col\u00b7legi de Farmac\u00e8utics de Barcelona la presentaci\u00f3 de la tercera onada de la campanya \\\"Atenci\u00f3 Pell 365\\\" que estar\u00e0 centrada en la cura i la protecci\u00f3 de la pell de l'esportista i en l'exposici\u00f3 invisible.\",\"breadcrumb\":{\"@id\":\"https:\/\/novaorg.cofb.net\/2020\/02\/27\/presentacio-de-la-tercera-onada-de-la-campanya-atenciopell365\/#breadcrumb\"},\"inLanguage\":\"es\",\"potentialAction\":[{\"@type\":\"ReadAction\",\"target\":[\"https:\/\/novaorg.cofb.net\/2020\/02\/27\/presentacio-de-la-tercera-onada-de-la-campanya-atenciopell365\/\"]}]},{\"@type\":\"ImageObject\",\"inLanguage\":\"es\",\"@id\":\"https:\/\/novaorg.cofb.net\/2020\/02\/27\/presentacio-de-la-tercera-onada-de-la-campanya-atenciopell365\/#primaryimage\",\"url\":\"\",\"contentUrl\":\"\"},{\"@type\":\"BreadcrumbList\",\"@id\":\"https:\/\/novaorg.cofb.net\/2020\/02\/27\/presentacio-de-la-tercera-onada-de-la-campanya-atenciopell365\/#breadcrumb\",\"itemListElement\":[{\"@type\":\"ListItem\",\"position\":1,\"name\":\"Inici\",\"item\":\"https:\/\/novaorg.cofb.net\/\"},{\"@type\":\"ListItem\",\"position\":2,\"name\":\"Presentaci\u00f3 de la tercera onada de la campanya #Atenci\u00f3Pell365, centrada en l&#8217;exposici\u00f3 invisible\"}]},{\"@type\":\"WebSite\",\"@id\":\"https:\/\/www.cofb.org\/#website\",\"url\":\"https:\/\/www.cofb.org\/\",\"name\":\"Col\u00b7legi de Farmac\u00e8utics de Barcelona\",\"description\":\"\",\"publisher\":{\"@id\":\"https:\/\/www.cofb.org\/#organization\"},\"potentialAction\":[{\"@type\":\"SearchAction\",\"target\":{\"@type\":\"EntryPoint\",\"urlTemplate\":\"https:\/\/www.cofb.org\/?s={search_term_string}\"},\"query-input\":\"required name=search_term_string\"}],\"inLanguage\":\"es\"},{\"@type\":\"Organization\",\"@id\":\"https:\/\/www.cofb.org\/#organization\",\"name\":\"Col\u00b7legi de Farmac\u00e8utics de Barcelona\",\"url\":\"https:\/\/www.cofb.org\/\",\"logo\":{\"@type\":\"ImageObject\",\"inLanguage\":\"es\",\"@id\":\"https:\/\/www.cofb.org\/#\/schema\/logo\/image\/\",\"url\":\"https:\/\/www.cofb.org\/wp-content\/uploads\/2023\/11\/cropped-Logotip-COFB.png\",\"contentUrl\":\"https:\/\/www.cofb.org\/wp-content\/uploads\/2023\/11\/cropped-Logotip-COFB.png\",\"width\":500,\"height\":105,\"caption\":\"Col\u00b7legi de Farmac\u00e8utics de Barcelona\"},\"image\":{\"@id\":\"https:\/\/www.cofb.org\/#\/schema\/logo\/image\/\"},\"sameAs\":[\"https:\/\/www.facebook.com\/farmaceuticsbcn\/\",\"https:\/\/twitter.com\/farmaceuticsbcn\",\"https:\/\/www.instagram.com\/farmaceuticsbcn\/\",\"https:\/\/www.linkedin.com\/company\/farmaceuticsbcn\/\"]},{\"@type\":\"Person\",\"@id\":\"https:\/\/www.cofb.org\/#\/schema\/person\/22ed7eea88da74b0fa4d3154ad87ffcb\",\"name\":\"wpAdminCofbOrg\",\"image\":{\"@type\":\"ImageObject\",\"inLanguage\":\"es\",\"@id\":\"https:\/\/www.cofb.org\/#\/schema\/person\/image\/\",\"url\":\"https:\/\/secure.gravatar.com\/avatar\/1721b20b3b8ca882c3b56ec6c978c594fff670e40c0718e9190eaeeb76aae7d8?s=96&d=mm&r=g\",\"contentUrl\":\"https:\/\/secure.gravatar.com\/avatar\/1721b20b3b8ca882c3b56ec6c978c594fff670e40c0718e9190eaeeb76aae7d8?s=96&d=mm&r=g\",\"caption\":\"wpAdminCofbOrg\"},\"sameAs\":[\"http:\/\/192.168.64.122\/wordpress\"],\"url\":\"https:\/\/www.cofb.org\/es\/author\/wpadmincofborg\/\"}]}<\/script>\n<!-- \/ Yoast SEO plugin. -->","yoast_head_json":{"title":"Presentaci\u00f3 de la tercera onada de la campanya #Atenci\u00f3Pell365, centrada en l'exposici\u00f3 invisible - Col\u00b7legi de Farmac\u00e8utics de Barcelona","description":"El passat 20 de febrer va tenir lloc al Col\u00b7legi de Farmac\u00e8utics de Barcelona la presentaci\u00f3 de la tercera onada de la campanya \"Atenci\u00f3 Pell 365\" que estar\u00e0 centrada en la cura i la protecci\u00f3 de la pell de l'esportista i en l'exposici\u00f3 invisible.","robots":{"index":"index","follow":"follow","max-snippet":"max-snippet:-1","max-image-preview":"max-image-preview:large","max-video-preview":"max-video-preview:-1"},"canonical":"https:\/\/novaorg.cofb.net\/2020\/02\/27\/presentacio-de-la-tercera-onada-de-la-campanya-atenciopell365\/","og_locale":"es_ES","og_type":"article","og_title":"Presentaci\u00f3 de la tercera onada de la campanya #Atenci\u00f3Pell365, centrada en l'exposici\u00f3 invisible - Col\u00b7legi de Farmac\u00e8utics de Barcelona","og_description":"El passat 20 de febrer va tenir lloc al Col\u00b7legi de Farmac\u00e8utics de Barcelona la presentaci\u00f3 de la tercera onada de la campanya \"Atenci\u00f3 Pell 365\" que estar\u00e0 centrada en la cura i la protecci\u00f3 de la pell de l'esportista i en l'exposici\u00f3 invisible.","og_url":"https:\/\/novaorg.cofb.net\/2020\/02\/27\/presentacio-de-la-tercera-onada-de-la-campanya-atenciopell365\/","og_site_name":"Col\u00b7legi de Farmac\u00e8utics de Barcelona","article_publisher":"https:\/\/www.facebook.com\/farmaceuticsbcn\/","article_published_time":"2020-02-27T14:02:36+00:00","author":"wpAdminCofbOrg","twitter_card":"summary_large_image","twitter_creator":"@farmaceuticsbcn","twitter_site":"@farmaceuticsbcn","twitter_misc":{"Escrito por":"wpAdminCofbOrg","Tiempo de lectura":"6 minutos"},"schema":{"@context":"https:\/\/schema.org","@graph":[{"@type":"Article","@id":"https:\/\/novaorg.cofb.net\/2020\/02\/27\/presentacio-de-la-tercera-onada-de-la-campanya-atenciopell365\/#article","isPartOf":{"@id":"https:\/\/novaorg.cofb.net\/2020\/02\/27\/presentacio-de-la-tercera-onada-de-la-campanya-atenciopell365\/"},"author":{"name":"wpAdminCofbOrg","@id":"https:\/\/www.cofb.org\/#\/schema\/person\/22ed7eea88da74b0fa4d3154ad87ffcb"},"headline":"Presentaci\u00f3 de la tercera onada de la campanya #Atenci\u00f3Pell365, centrada en l&#8217;exposici\u00f3 invisible","datePublished":"2020-02-27T14:02:36+00:00","dateModified":"2020-02-27T14:02:36+00:00","mainEntityOfPage":{"@id":"https:\/\/novaorg.cofb.net\/2020\/02\/27\/presentacio-de-la-tercera-onada-de-la-campanya-atenciopell365\/"},"wordCount":1252,"commentCount":0,"publisher":{"@id":"https:\/\/www.cofb.org\/#organization"},"image":{"@id":"https:\/\/novaorg.cofb.net\/2020\/02\/27\/presentacio-de-la-tercera-onada-de-la-campanya-atenciopell365\/#primaryimage"},"thumbnailUrl":"","keywords":["activitats de prevenci\u00f3","activitats esportives","Atenci\u00f3 Pell","Atenci\u00f3 Pell 365","campanya Atenci\u00f3 Pell 365","c\u00e0ncer de pell","clima","COFB","cremes solars","detecci\u00f3 preco\u00e7","esport","esportistes","esports a la ciutat","esports a la muntanya","esports a la neu","esports aqu\u00e0tics","exposici\u00f3 invisible","farmac\u00e8utics","farm\u00e0cia comunit\u00e0ria","fotoprotecci\u00f3","Oficina de farm\u00e0cia","pr\u00e0ctica esportiva","prevenci\u00f3","prevenci\u00f3 prim\u00e0ria","prevenci\u00f3 secund\u00e0ria","problemes de la pell","protecci\u00f3 solar","sol"],"articleSection":["Destacats","M\u00f3n col\u00b7legial"],"inLanguage":"es","potentialAction":[{"@type":"CommentAction","name":"Comment","target":["https:\/\/novaorg.cofb.net\/2020\/02\/27\/presentacio-de-la-tercera-onada-de-la-campanya-atenciopell365\/#respond"]}]},{"@type":"WebPage","@id":"https:\/\/novaorg.cofb.net\/2020\/02\/27\/presentacio-de-la-tercera-onada-de-la-campanya-atenciopell365\/","url":"https:\/\/novaorg.cofb.net\/2020\/02\/27\/presentacio-de-la-tercera-onada-de-la-campanya-atenciopell365\/","name":"Presentaci\u00f3 de la tercera onada de la campanya #Atenci\u00f3Pell365, centrada en l'exposici\u00f3 invisible - Col\u00b7legi de Farmac\u00e8utics de Barcelona","isPartOf":{"@id":"https:\/\/www.cofb.org\/#website"},"primaryImageOfPage":{"@id":"https:\/\/novaorg.cofb.net\/2020\/02\/27\/presentacio-de-la-tercera-onada-de-la-campanya-atenciopell365\/#primaryimage"},"image":{"@id":"https:\/\/novaorg.cofb.net\/2020\/02\/27\/presentacio-de-la-tercera-onada-de-la-campanya-atenciopell365\/#primaryimage"},"thumbnailUrl":"","datePublished":"2020-02-27T14:02:36+00:00","dateModified":"2020-02-27T14:02:36+00:00","description":"El passat 20 de febrer va tenir lloc al Col\u00b7legi de Farmac\u00e8utics de Barcelona la presentaci\u00f3 de la tercera onada de la campanya \"Atenci\u00f3 Pell 365\" que estar\u00e0 centrada en la cura i la protecci\u00f3 de la pell de l'esportista i en l'exposici\u00f3 invisible.","breadcrumb":{"@id":"https:\/\/novaorg.cofb.net\/2020\/02\/27\/presentacio-de-la-tercera-onada-de-la-campanya-atenciopell365\/#breadcrumb"},"inLanguage":"es","potentialAction":[{"@type":"ReadAction","target":["https:\/\/novaorg.cofb.net\/2020\/02\/27\/presentacio-de-la-tercera-onada-de-la-campanya-atenciopell365\/"]}]},{"@type":"ImageObject","inLanguage":"es","@id":"https:\/\/novaorg.cofb.net\/2020\/02\/27\/presentacio-de-la-tercera-onada-de-la-campanya-atenciopell365\/#primaryimage","url":"","contentUrl":""},{"@type":"BreadcrumbList","@id":"https:\/\/novaorg.cofb.net\/2020\/02\/27\/presentacio-de-la-tercera-onada-de-la-campanya-atenciopell365\/#breadcrumb","itemListElement":[{"@type":"ListItem","position":1,"name":"Inici","item":"https:\/\/novaorg.cofb.net\/"},{"@type":"ListItem","position":2,"name":"Presentaci\u00f3 de la tercera onada de la campanya #Atenci\u00f3Pell365, centrada en l&#8217;exposici\u00f3 invisible"}]},{"@type":"WebSite","@id":"https:\/\/www.cofb.org\/#website","url":"https:\/\/www.cofb.org\/","name":"Col\u00b7legi de Farmac\u00e8utics de Barcelona","description":"","publisher":{"@id":"https:\/\/www.cofb.org\/#organization"},"potentialAction":[{"@type":"SearchAction","target":{"@type":"EntryPoint","urlTemplate":"https:\/\/www.cofb.org\/?s={search_term_string}"},"query-input":"required name=search_term_string"}],"inLanguage":"es"},{"@type":"Organization","@id":"https:\/\/www.cofb.org\/#organization","name":"Col\u00b7legi de Farmac\u00e8utics de Barcelona","url":"https:\/\/www.cofb.org\/","logo":{"@type":"ImageObject","inLanguage":"es","@id":"https:\/\/www.cofb.org\/#\/schema\/logo\/image\/","url":"https:\/\/www.cofb.org\/wp-content\/uploads\/2023\/11\/cropped-Logotip-COFB.png","contentUrl":"https:\/\/www.cofb.org\/wp-content\/uploads\/2023\/11\/cropped-Logotip-COFB.png","width":500,"height":105,"caption":"Col\u00b7legi de Farmac\u00e8utics de Barcelona"},"image":{"@id":"https:\/\/www.cofb.org\/#\/schema\/logo\/image\/"},"sameAs":["https:\/\/www.facebook.com\/farmaceuticsbcn\/","https:\/\/twitter.com\/farmaceuticsbcn","https:\/\/www.instagram.com\/farmaceuticsbcn\/","https:\/\/www.linkedin.com\/company\/farmaceuticsbcn\/"]},{"@type":"Person","@id":"https:\/\/www.cofb.org\/#\/schema\/person\/22ed7eea88da74b0fa4d3154ad87ffcb","name":"wpAdminCofbOrg","image":{"@type":"ImageObject","inLanguage":"es","@id":"https:\/\/www.cofb.org\/#\/schema\/person\/image\/","url":"https:\/\/secure.gravatar.com\/avatar\/1721b20b3b8ca882c3b56ec6c978c594fff670e40c0718e9190eaeeb76aae7d8?s=96&d=mm&r=g","contentUrl":"https:\/\/secure.gravatar.com\/avatar\/1721b20b3b8ca882c3b56ec6c978c594fff670e40c0718e9190eaeeb76aae7d8?s=96&d=mm&r=g","caption":"wpAdminCofbOrg"},"sameAs":["http:\/\/192.168.64.122\/wordpress"],"url":"https:\/\/www.cofb.org\/es\/author\/wpadmincofborg\/"}]}},"uagb_featured_image_src":{"full":false,"thumbnail":false,"medium":false,"medium_large":false,"large":false,"1536x1536":false,"2048x2048":false,"trp-custom-language-flag":false},"uagb_author_info":{"display_name":"wpAdminCofbOrg","author_link":"https:\/\/www.cofb.org\/es\/author\/wpadmincofborg\/"},"uagb_comment_info":0,"uagb_excerpt":"El passat 20 de febrer va tenir lloc al Col\u00b7legi de Farmac\u00e8utics de Barcelona la presentaci\u00f3 de la tercera onada de la campanya &#8220;Atenci\u00f3 Pell 365&#8221; que est\u00e0 centrada en aquelles situacions que no identifiquem com a exposici\u00f3 solar, tot i que les radiacions continuen estant presents com, per exemple, [&hellip;]","_links":{"self":[{"href":"https:\/\/www.cofb.org\/es\/wp-json\/wp\/v2\/posts\/49931","targetHints":{"allow":["GET"]}}],"collection":[{"href":"https:\/\/www.cofb.org\/es\/wp-json\/wp\/v2\/posts"}],"about":[{"href":"https:\/\/www.cofb.org\/es\/wp-json\/wp\/v2\/types\/post"}],"author":[{"embeddable":true,"href":"https:\/\/www.cofb.org\/es\/wp-json\/wp\/v2\/users\/1"}],"replies":[{"embeddable":true,"href":"https:\/\/www.cofb.org\/es\/wp-json\/wp\/v2\/comments?post=49931"}],"version-history":[{"count":0,"href":"https:\/\/www.cofb.org\/es\/wp-json\/wp\/v2\/posts\/49931\/revisions"}],"wp:featuredmedia":[{"embeddable":true,"href":"https:\/\/www.cofb.org\/es\/wp-json\/"}],"wp:attachment":[{"href":"https:\/\/www.cofb.org\/es\/wp-json\/wp\/v2\/media?parent=49931"}],"wp:term":[{"taxonomy":"category","embeddable":true,"href":"https:\/\/www.cofb.org\/es\/wp-json\/wp\/v2\/categories?post=49931"},{"taxonomy":"post_tag","embeddable":true,"href":"https:\/\/www.cofb.org\/es\/wp-json\/wp\/v2\/tags?post=49931"}],"curies":[{"name":"wp","href":"https:\/\/api.w.org\/{rel}","templated":true}]}}