{"id":49278,"date":"2020-02-24T17:08:27","date_gmt":"2020-02-24T15:08:27","guid":{"rendered":"https:\/\/blog.cofb.cat\/?p=49278"},"modified":"2020-02-24T17:08:27","modified_gmt":"2020-02-24T15:08:27","slug":"gener-cribratge-chagas-coronavirus-influencers-temes-mes-destacats-als-mitjans","status":"publish","type":"post","link":"https:\/\/www.cofb.org\/es\/2020\/02\/24\/gener-cribratge-chagas-coronavirus-influencers-temes-mes-destacats-als-mitjans\/","title":{"rendered":"Enero: El coronavirus, el proyecto piloto de cribado del Chagas y las &#039;influencers&#039; que recomiendan medicamentos, temas m\u00e1s destacados en los medios"},"content":{"rendered":"<h1><\/h1>\n<h1><strong>Recomendaciones frente al coronavirus<\/strong><\/h1>\n<p>Coincidiendo con el inicio de la epidemia del coronavirus\u00a0\u00a0<strong>(2019-nCov), <\/strong>las farmacias agotaron la existencia de <strong>m\u00e1scaras protectoras<\/strong>, situaci\u00f3n que recogieron distintos medios. Desde el Colegio se opt\u00f3 por hacer un llamamiento a la <strong>calma<\/strong> y se puso el \u00e9nfasis en las\u00a0<strong>medidas preventivas <\/strong>que pueden tomarse, como por ejemplo, lavarse las manos con frecuencia y evitar el contacto con personas que presenten s\u00edntomas de gripe o resfriado.<\/p>\n<p>Algunos de los medios que contaron con el COFB como fuente fueron\u00a0<a href=\"https:\/\/www.catalunyapress.es\/texto-diario\/mostrar\/1688110\/salud-investiga-caso-sospechoso-coronavirus-catalunya\" target=\"_blank\" rel=\"noopener\">Catalu\u00f1a Press<\/a>, <a href=\"https:\/\/www.elperiodico.com\/es\/sociedad\/20200129\/farmacias-coronavirus-mascarillas-espana-7826768\" target=\"_blank\" rel=\"noopener\">El Peri\u00f3dico,<\/a>\u00a0<a href=\"https:\/\/www.naciodigital.cat\/noticia\/195373\/farm\/cies\/catalanes\/es\/queden\/sense\/mascaretes\/coronavirus\" target=\"_blank\" rel=\"noopener\">Naci\u00f3n Digital<\/a>\u00a0y\u00a0<a href=\"https:\/\/beteve.cat\/societat\/farmacies-mascaretes-vendes-esgota-coronavirus\/\" target=\"_blank\" rel=\"noopener\">Betev\u00e9<\/a>. Por su parte,\u00a0<a href=\"https:\/\/www.ccma.cat\/catradio\/alacarta\/catalunya-migdia\/catalunya-migdia-de-14-a-15-h-30012020\/audio\/1062090\/\" target=\"_blank\" rel=\"noopener\">Catalu\u00f1a Radio<\/a> (del minuto 19:53 al 20:28) recogi\u00f3 declaraciones de la vocal del COFB <strong>Aina Surroca<\/strong> y <a href=\"https:\/\/mediavod-lvlt.rtve.es\/resources\/TE_SEDMIGD\/mp3\/2\/6\/1580395319362.mp3\" target=\"_blank\" rel=\"noopener\">Radio 4<\/a> (del minuto 47:10 al 49:00) las de <b>Maria Perell\u00f3<\/b>, responsable del Centro de Informaci\u00f3n del Medicamento del COFB. Adem\u00e1s,\u00a0<a href=\"https:\/\/www.cope.es\/emisoras\/cataluna\/barcelona-provincia\/barcelona\/herrera-a-cope-catalunya-i-andorra\/noticias\/agotan-las-mascarillas-las-farmacias-por-miedo-coronavirus-20200129_606911\" target=\"_blank\" rel=\"noopener\">Cadena Cope<\/a>\u00a0entrevist\u00f3 a\u00a0<strong>Guillermo Bagar\u00eda, <\/strong>responsable de Atenci\u00f3n Farmac\u00e9utica del Colegio.<\/p>\n<p><a href=\"https:\/\/blog.cofb.cat\/wp-content\/uploads\/2020\/02\/mitjans_gener.jpg\"><img fetchpriority=\"high\" decoding=\"async\" class=\"aligncenter wp-image-50167\" src=\"https:\/\/blog.cofb.cat\/wp-content\/uploads\/2020\/02\/mitjans_gener.jpg\" alt=\"\" width=\"620\" height=\"277\" \/><\/a><br \/>\n<div class=\"custom-divider\"><\/div><\/p>\n<h1><strong>Proyecto piloto de cribado del Chagas<\/strong><\/h1>\n<p>El <strong>Consejo de Colegios Farmac\u00e9uticos de Catalu\u00f1a<\/strong>, con el apoyo del <strong>COFB<\/strong>, y <strong>Valle de Hebr\u00f3n<\/strong>\u00a0impulsaron un <strong>proyecto piloto de cribado<\/strong> para detectar de forma precoz la <strong>enfermedad del<\/strong> <strong>Chagas<\/strong>. El proyecto est\u00e1 dirigido a pacientes mayores de edad nacidos en los pa\u00edses en zona de riesgo de haberlo adquirido. En un inicio, el proyecto se lleva a cabo en <strong>8 farmacias<\/strong> de 3 distritos de Barcelona, pero en los pr\u00f3ximos meses est\u00e1 previsto\u00a0<strong>ampliar su n\u00famero<\/strong>.<\/p>\n<p>Varios medios se hicieron eco. De la <strong>prensa especializada<\/strong> lo recogieron\u00a0<a href=\"https:\/\/www.imfarmacias.es\/noticia\/19656\/objetivo-detectar-la-enfermedad-de-chagas-de-forma-precoz\" target=\"_blank\" rel=\"noopener\">imFarmacias<\/a>, <a href=\"https:\/\/www.correofarmaceutico.com\/profesion\/farmacia-comunitaria\/cataluna-impulsan-un-proyecto-para-la-deteccion-precoz-de-la-enfermedad-de-chagas.html\" target=\"_blank\" rel=\"noopener\">Correo Farmac\u00e9utico<\/a>, <a href=\"https:\/\/www.elglobal.es\/farmacia\/las-farmacias-de-barcelona-haran-cribados-de-la-enfermedad-de-chagas-EE2402464\" target=\"_blank\" rel=\"noopener\">El Global<\/a>, <a href=\"https:\/\/www.diariofarma.com\/2020\/01\/23\/farmacias-de-barcelona-participan-en-un-piloto-para-detectar-de-forma-precoz-la-enfermedad-de-chagas\" target=\"_blank\" rel=\"noopener\">Diariofarma<\/a>, <a href=\"http:\/\/www.elfarmaceutico.es\/index.php\/noticias-actualidad-farmaceutica\/item\/10614-el-consell-de-col-legis-farmaceutics-de-catalunya-y-vall-d-hebron-impulsan-un-proyecto-piloto-para-detectar-precozmente-la-enfermedad-de-chagas#.XirP-zJKiUl\" target=\"_blank\" rel=\"noopener\">El Farmac\u00e9utico<\/a>, <a href=\"https:\/\/www.infosalus.com\/asistencia\/noticia-impulsan-proyecto-piloto-parar-detectar-forma-precoz-enfermedad-chagas-20200123125931.html\" target=\"_blank\" rel=\"noopener\">Infosalus<\/a>, <a href=\"https:\/\/www.farmaventas.es\/noticias-del-sector\/otras-noticias\/9847-el-consell-de-col-legis-farmaceutics-de-catalunya-y-vall-d-hebron-impulsan-un-proyecto-piloto-para-detectar-precozmente-la-enfermedad-de-chagas.html\" target=\"_blank\" rel=\"noopener\">Farmaventas<\/a> y <a href=\"https:\/\/revistafarmanatur.com\/noticias\/consell-col%c2%b7legis-farmaceutics-catalunya-vall-dhebron-impulsan-proyecto-piloto-detectar-precozmente-la-enfermedad-chagas\/\" target=\"_blank\" rel=\"noopener\">Farmanaturo<\/a>. Los medios de <strong>prensa general<\/strong> que lo publicaron fueron\u00a0<a href=\"https:\/\/www.lavanguardia.com\/vida\/20200123\/473089433064\/impulsan-un-proyecto-piloto-de-cribado-para-detectar-la-enfermedad-de-chagas.html\" target=\"_blank\" rel=\"noopener\">La Vanguardia<\/a>, <a href=\"https:\/\/www.europapress.es\/catalunya\/noticia-impulsan-proyecto-piloto-parar-detectar-forma-precoz-enfermedad-chagas-20200123125827.html\" target=\"_blank\" rel=\"noopener\">Europa Press<\/a>\u00a0y <a href=\"http:\/\/www.gentedigital.es\/catalunya\/noticia\/2795068\/impulsan-un-proyecto-piloto-parar-detectar-de-forma-precoz-la-enfermedad-de-chagas\/\" target=\"_blank\" rel=\"noopener\">Gente<\/a>.<\/p>\n<p><a href=\"https:\/\/blog.cofb.cat\/wp-content\/uploads\/2020\/02\/Rec3.jpg\"><img decoding=\"async\" class=\"aligncenter size-large wp-image-50138\" src=\"https:\/\/blog.cofb.cat\/wp-content\/uploads\/2020\/02\/Rec3-1024x399.jpg\" alt=\"\" width=\"620\" height=\"242\" \/><\/a><\/p>\n<div class=\"custom-divider\"><\/div>\n<h1><strong><em>Influencers<\/em> que recomiendan medicamentos<\/strong><\/h1>\n<p>Varias <em><strong>influencers<\/strong><\/em>\u00a0sin formaci\u00f3n sanitaria han sido<strong> recomendando medicamentos\u00a0<\/strong>que <strong>necesitan receta. <\/strong>Ante esta situaci\u00f3n,\u00a0<strong>Guillermo Bagar\u00eda, <\/strong>responsable de Atenci\u00f3n Farmac\u00e9utica del COFB, fue entrevistado por el programa\u00a0<a href=\"https:\/\/www.cope.es\/emisoras\/cataluna\/barcelona-provincia\/barcelona\/herrera-a-cope-catalunya-i-andorra\/audios\/cope-cat-and-ener0-20200128_989493\" target=\"_blank\" rel=\"noopener\">Herrera en Cope Catalu\u00f1a y Andorra<\/a>\u00a0y por\u00a0<a href=\"http:\/\/www.telemadrid.es\/programas\/telenoticias-1\/Sanidad-advierte-influencers-recomienden-medicamentos-2-2193700664--20200109040320.html\" target=\"_blank\" rel=\"noopener\">TeleMadrid,<\/a> donde destac\u00f3 que \u201cel&#039;<em>influencer<\/em> real debe ser el profesional calificado. No se trata de &#039;likes&#039;, se trata de seguridad en los medicamentos\u201d. Por su parte, la vocal de Dermofarmacia y Productos Sanitarios del COFB, <strong>Marta Alcalde,<\/strong> en declaraciones a uno <a href=\"https:\/\/www.ccma.cat\/324\/influencers-que-recomanen-medicaments-una-practica-prohibida-i-perillosa\/noticia\/2985611\/\" target=\"_blank\" rel=\"noopener\">reportaje de TV3<\/a>, remarc\u00f3 que &quot;sin ning\u00fan tipo de conocimiento se est\u00e1n recomendando productos que son de prescripci\u00f3n&quot;, hecho que en el caso de los antibi\u00f3ticos, &quot;el uso indiscriminado genera resistencias&quot;.<\/p>\n<p><a href=\"https:\/\/blog.cofb.cat\/wp-content\/uploads\/2020\/01\/Rec1.1.jpg\"><img decoding=\"async\" class=\"aligncenter size-large wp-image-49412\" src=\"https:\/\/blog.cofb.cat\/wp-content\/uploads\/2020\/01\/Rec1.1-1024x313.jpg\" alt=\"\" width=\"620\" height=\"190\" \/><\/a><\/p>\n<div class=\"custom-divider\"><\/div>\n<h1><strong>Consejo pedi\u00e1trico en la farmacia<\/strong><\/h1>\n<p>La vocal del COFB, <strong>Aina Surroca,<\/strong> escribi\u00f3 un art\u00edculo en Farmaventas sobre el <strong>consejo pedi\u00e1trico desde la farmacia<\/strong>. M\u00e1s concretamente, abord\u00f3 el papel del farmac\u00e9utico frente al paciente pedi\u00e1trico, las consultas m\u00e1s frecuentes en la farmacia y la importancia de la formaci\u00f3n y la actualizaci\u00f3n. El texto <a href=\"http:\/\/e.issuu.com\/embed.html?d=fv_156&amp;u=podiumglobalmedia\" target=\"_blank\" rel=\"noopener\">se puede leer en la revista online<\/a>, De las p\u00e1ginas 60 a 63.<\/p>\n<p><a href=\"https:\/\/blog.cofb.cat\/wp-content\/uploads\/2020\/01\/Rec7.png\"><img loading=\"lazy\" decoding=\"async\" class=\"aligncenter size-large wp-image-49414\" src=\"https:\/\/blog.cofb.cat\/wp-content\/uploads\/2020\/01\/Rec7-1024x731.png\" alt=\"\" width=\"620\" height=\"443\" \/><\/a><\/p>\n<div class=\"custom-divider\"><\/div>\n<h1><strong>El COFB como fuente de informaci\u00f3n<\/strong><\/h1>\n<h3><strong>La epidemia de la gripe\u00a0<\/strong><\/h3>\n<p>La vocal de Oficina de Farmacia del COFB,<strong> Francisca Aranzana,<\/strong> particip\u00f3 junto con diferentes profesionales sanitarios en la <a href=\"https:\/\/beteve.cat\/el-mati-de-barcelona-910fm\/epidemia-grip-ja-es-aqui\/\" target=\"_blank\" rel=\"noopener\">tertulia del programa de Betev\u00e9 \u201cEl Mat\u00ed de Barcelona\u201d<\/a>\u00a0para hablar de<strong> la epidemia de la gripe.<\/strong> La actividad de la gripe, a fecha de 27 de enero, hab\u00eda llegado a 147 casos por cada 100.000 habitantes y, durante la tertulia, Aranzana destac\u00f3 el papel que pod\u00eda desempe\u00f1ar el farmac\u00e9utico ante esta enfermedad.<\/p>\n<p><a href=\"https:\/\/blog.cofb.cat\/wp-content\/uploads\/2020\/01\/Francisca-Aranzana.jpg\"><img loading=\"lazy\" decoding=\"async\" class=\"aligncenter size-full wp-image-49404\" src=\"https:\/\/blog.cofb.cat\/wp-content\/uploads\/2020\/01\/Francisca-Aranzana.jpg\" alt=\"\" width=\"924\" height=\"613\" \/><\/a><\/p>\n<div class=\"custom-divider\"><\/div>\n<h3><strong>Alimentos que ayudan frente a la hipotensi\u00f3n\u00a0<\/strong><\/h3>\n<p><strong>Cu\u00eddatePlus<\/strong>\u00a0public\u00f3 un <a href=\"https:\/\/cuidateplus.marca.com\/dietas\/2020\/01\/28\/hipotension-alimentos-ayudan-tension-baja-171861.html\" target=\"_blank\" rel=\"noopener\">reportaje sobre la hipotensi\u00f3n<\/a>, m\u00e1s concretamente, sobre <strong>qu\u00e9 alimentos pueden ser de ayuda si se tiene baja tensi\u00f3n.<\/strong> La pieza cont\u00f3 con las voces de dos personas del Colegio: <strong>Anna Bach-Faig,\u00a0<\/strong>vocal de Alimentaci\u00f3n y Nutrici\u00f3n, y <strong>Montse Iracheta<\/strong>, farmac\u00e9utica y miembro de la misma vocal\u00eda.<\/p>\n<p><a href=\"https:\/\/blog.cofb.cat\/wp-content\/uploads\/2020\/01\/Rec9.jpg\"><img loading=\"lazy\" decoding=\"async\" class=\"aligncenter size-large wp-image-49443\" src=\"https:\/\/blog.cofb.cat\/wp-content\/uploads\/2020\/01\/Rec9-1024x867.jpg\" alt=\"\" width=\"620\" height=\"525\" \/><\/a><\/p>\n<div class=\"custom-divider\"><\/div>\n<h3><strong>Las dificultades para abortar, el derecho de objeci\u00f3n y la venta de medicamentos abortivos online<\/strong><\/h3>\n<p><strong>El Peri\u00f3dico<\/strong> public\u00f3 dos reportajes en relaci\u00f3n con el aborto. El primero <a href=\"https:\/\/www.elperiodico.com\/es\/sanidad\/20200112\/la-objecion-de-conciencia-una-traba-para-el-derecho-al-aborto-en-catalunya-7800281\" target=\"_blank\" rel=\"noopener\">se centraba en las dificultades que se encuentran en algunos hospitales<\/a>, sin embargo, <strong>a partir de informaci\u00f3n facilitada por el Colegio<\/strong>, tambi\u00e9n informaron de <strong>la objeci\u00f3n de conciencia de los farmac\u00e9uticos<\/strong> al dar la p\u00edldora anticonceptiva de emergencia.<\/p>\n<p>El segundo reportaje estaba <a href=\"https:\/\/www.elperiodico.com\/es\/sociedad\/20200117\/pastillas-aborto-internet-7804765\" target=\"_blank\" rel=\"noopener\">centrado en la venta online de pastillas abortivas<\/a>, y del acceso que tienen algunos menores, publicaci\u00f3n que cont\u00f3 con declaraciones de <strong>Maria Perell\u00f3, <\/strong>responsable del Centro de Informaci\u00f3n del Medicamento del COFB.<\/p>\n<p><a href=\"https:\/\/blog.cofb.cat\/wp-content\/uploads\/2020\/01\/Rec2.jpg\"><img loading=\"lazy\" decoding=\"async\" class=\"aligncenter size-large wp-image-49355\" src=\"https:\/\/blog.cofb.cat\/wp-content\/uploads\/2020\/01\/Rec2-1024x503.jpg\" alt=\"\" width=\"620\" height=\"305\" \/><\/a><\/p>\n<div class=\"custom-divider\"><\/div>\n<h3><strong>Financiaci\u00f3n de medicamentos para dejar de fumar\u00a0<\/strong><\/h3>\n<p>El 1 de enero entr\u00f3 en vigor el <strong>financiaci\u00f3n de dos f\u00e1rmacos espec\u00edficos para dejar de fumar:\u00a0<\/strong>vareniclina y bupropi\u00f3n. Varios medios se hicieron eco durante los primeros d\u00edas del a\u00f1o, y en\u00a0<strong>Hospitalet Digital<\/strong>\u00a0<a href=\"https:\/\/lhdigital.cat\/web\/digital-h\/veure-multimedia?xarxaId=5e14ae91008db012a4a409de&amp;vimeoId=undefined&amp;video=&amp;titol=La%20sanitat%20p%C3%BAblica%20finan%C3%A7a%20dos%20f%C3%A0rmacs%20espec%C3%ADfics%20per%20a%20qui%20vulgui%20deixar%20de%20fumar\" target=\"_blank\" rel=\"noopener\">entrevistaron a la farmac\u00e9utica Merc\u00e8 Sell\u00e9s<\/a>, quien puso en valor el Programa de Cese Tab\u00e1quica que se lleva a cabo en diversas farmacias de la provincia.<\/p>\n<p><a href=\"https:\/\/blog.cofb.cat\/wp-content\/uploads\/2020\/01\/Rec4.jpg\"><img loading=\"lazy\" decoding=\"async\" class=\"aligncenter size-large wp-image-49357\" src=\"https:\/\/blog.cofb.cat\/wp-content\/uploads\/2020\/01\/Rec4-1024x557.jpg\" alt=\"\" width=\"620\" height=\"337\" \/><\/a><\/p>\n<div class=\"custom-divider\"><\/div>\n<h1><strong>Menciones en el COFB<\/strong><\/h1>\n<h3><strong>Infarma Madrid 2020<\/strong><\/h3>\n<p>El <strong>Congreso y Sal\u00f3n Europeo de Oficina de Farmacia, Infarma Madrid 2020<\/strong>, ha vuelto a ser noticia en los medios especializados, donde se ha hecho menci\u00f3n al COFB como coorganizador de este encuentro farmac\u00e9utico. Concretamente, <a href=\"https:\/\/www.imfarmacias.es\/noticia\/19559\/infarma-madrid-2020-calienta-motores\" target=\"_blank\" rel=\"noopener\">imFarmacias <\/a>y <a href=\"https:\/\/www.correofarmaceutico.com\/profesion\/infarma-2020-preve-acoger-a-mas-de-30-000-visitantes.html\" target=\"_blank\" rel=\"noopener\">Correo Farmac\u00e9utico<\/a> publicaron las cifras que se prev\u00e9n para el Sal\u00f3n de Medicamentos y Parafarmacia, as\u00ed como las principales novedades del programa del Congreso; y <a href=\"https:\/\/www.diariofarma.com\/2020\/01\/14\/el-ministerio-reconoce-el-interes-sanitario-de-infarma-madrid-2020\" target=\"_blank\" rel=\"noopener\">Diariofarma<\/a> se centr\u00f3 en que el Ministerio de Sanidad ha concedido el reconocimiento de inter\u00e9s sanitario a Infarma Madrid 2020.<\/p>\n<div class=\"custom-divider\"><\/div>\n<h3><strong>A\u00f1o electoral en varios COFs espa\u00f1oles<\/strong><\/h3>\n<p>En 2020 se presenta como un <strong>a\u00f1o electoral<\/strong> por varios Colegios Oficiales de Farmac\u00e9uticos del Estado espa\u00f1ol, entre ellos los cuatro Colegios provinciales de Catalunya. As\u00ed lo recogi\u00f3\u00a0<a href=\"https:\/\/elglobal.es\/farmacia\/castilla-y-leon-y-cataluna-copan-el-ano-electoral-en-la-in2384965\/\" target=\"_blank\" rel=\"noopener\">El Global,<\/a>\u00a0donde hizo menci\u00f3n al presidente del COFB, Jordi de Dalmases.<\/p>\n<p><a href=\"https:\/\/blog.cofb.cat\/wp-content\/uploads\/2020\/01\/Rec6.jpg\"><img loading=\"lazy\" decoding=\"async\" class=\"aligncenter size-large wp-image-49359\" src=\"https:\/\/blog.cofb.cat\/wp-content\/uploads\/2020\/01\/Rec6-1024x875.jpg\" alt=\"\" width=\"620\" height=\"530\" \/><\/a><\/p>\n<div class=\"custom-divider\"><\/div>\n<p><strong>Otros temas relacionados<\/strong><\/p>\n<ul>\n<li><a href=\"https:\/\/blog.cofb.cat\/desembre-cancer-colon-pell-365-farmacies-centinella-destacats-mitjans\/\" target=\"_blank\" rel=\"noopener\">Diciembre: el programa de detecci\u00f3n precoz de c\u00e1ncer de colon y recto, la campa\u00f1a \u201cAtenci\u00f3 Piel 365\u201d y las farmacias centinela, temas m\u00e1s destacados en los medios (Enero 2019)<\/a><\/li>\n<li><a href=\"https:\/\/blog.cofb.cat\/novembre-2a-onada-datencio-pell-365-campanya-ccfc-sobre-primeres-dispensacions-beques-cofb\/\" target=\"_blank\" rel=\"noopener\">Noviembre: la campa\u00f1a \u201cAtenci\u00f3 Piel 365\u201d, atenci\u00f3n farmac\u00e9utica ante primeras dispensaciones y las becas del COFB, temas m\u00e1s destacados en los medios (Diciembre 2019)<\/a><\/li>\n<li><a href=\"https:\/\/blog.cofb.cat\/campanya-del-cofb-sobre-la-recepta-medica-en-medicaments-com-libuprofen-i-el-paracetamol-activitats-formatives-i-diada-del-farmaceutic-els-temes-mes-destacats-als-mitjans\/\" target=\"_blank\" rel=\"noopener\">Octubre: Campa\u00f1a del COFB sobre la importancia de la receta m\u00e9dica, actividades formativas y Diada del Farmac\u00e9utico, temas m\u00e1s destacados en los medios (Noviembre 2019)<\/a><\/li>\n<\/ul>","protected":false},"excerpt":{"rendered":"<p>Recomendaciones ante el coronavirus Coincidiendo con el inicio de la epidemia del coronavirus (2019-nCov), las farmacias agotaron la existencia de m\u00e1scaras protectoras, situaci\u00f3n que recogieron distintos medios. Desde el Colegio se opt\u00f3 por hacer un llamamiento a la calma y se hizo hincapi\u00e9 en las medidas preventivas que se pueden tomar, [\u2026]<\/p>","protected":false},"author":1,"featured_media":50165,"comment_status":"open","ping_status":"open","sticky":false,"template":"","format":"standard","meta":{"_uag_custom_page_level_css":"","site-sidebar-layout":"default","site-content-layout":"","ast-site-content-layout":"default","site-content-style":"default","site-sidebar-style":"default","ast-global-header-display":"","ast-banner-title-visibility":"","ast-main-header-display":"","ast-hfb-above-header-display":"","ast-hfb-below-header-display":"","ast-hfb-mobile-header-display":"","site-post-title":"","ast-breadcrumbs-content":"","ast-featured-img":"disabled","footer-sml-layout":"","theme-transparent-header-meta":"","adv-header-id-meta":"","stick-header-meta":"","header-above-stick-meta":"","header-main-stick-meta":"","header-below-stick-meta":"","astra-migrate-meta-layouts":"default","ast-page-background-enabled":"default","ast-page-background-meta":{"desktop":{"background-color":"var(--ast-global-color-4)","background-image":"","background-repeat":"repeat","background-position":"center center","background-size":"auto","background-attachment":"scroll","background-type":"","background-media":"","overlay-type":"","overlay-color":"","overlay-opacity":"","overlay-gradient":""},"tablet":{"background-color":"","background-image":"","background-repeat":"repeat","background-position":"center center","background-size":"auto","background-attachment":"scroll","background-type":"","background-media":"","overlay-type":"","overlay-color":"","overlay-opacity":"","overlay-gradient":""},"mobile":{"background-color":"","background-image":"","background-repeat":"repeat","background-position":"center center","background-size":"auto","background-attachment":"scroll","background-type":"","background-media":"","overlay-type":"","overlay-color":"","overlay-opacity":"","overlay-gradient":""}},"ast-content-background-meta":{"desktop":{"background-color":"var(--ast-global-color-5)","background-image":"","background-repeat":"repeat","background-position":"center center","background-size":"auto","background-attachment":"scroll","background-type":"","background-media":"","overlay-type":"","overlay-color":"","overlay-opacity":"","overlay-gradient":""},"tablet":{"background-color":"var(--ast-global-color-5)","background-image":"","background-repeat":"repeat","background-position":"center center","background-size":"auto","background-attachment":"scroll","background-type":"","background-media":"","overlay-type":"","overlay-color":"","overlay-opacity":"","overlay-gradient":""},"mobile":{"background-color":"var(--ast-global-color-5)","background-image":"","background-repeat":"repeat","background-position":"center center","background-size":"auto","background-attachment":"scroll","background-type":"","background-media":"","overlay-type":"","overlay-color":"","overlay-opacity":"","overlay-gradient":""}},"footnotes":""},"categories":[23,32],"tags":[1050,3789,3851,2934,3852,3823,18,3316,3853,469,728,3265,3854,2122,3790,2529,964,3761,3855,3534,445,2139,459,610,3856,3857,3858,136,3859,140,3831,3860,3861,677,3862,3863],"class_list":["post-49278","post","type-post","status-publish","format-standard","has-post-thumbnail","hentry","category-destacats","category-noticies-farmacia","tag-aina-surroca","tag-alvaro-pascual-leone","tag-avortament","tag-barcelona-brain-health-initiative","tag-cessacio-tabaquica","tag-chagas","tag-cofb","tag-consell-de-collegis-de-farmaceutics-de-catalunya","tag-consell-pediatric","tag-coronavirus","tag-cribratge","tag-distribucio-i-venda-online","tag-eipdemia-de-grip","tag-eleccions","tag-emili-ros","tag-francisca-aranzana","tag-grip","tag-guillermo-bagaria","tag-hipotensio","tag-maria-perello","tag-marta-alcalde","tag-mascares","tag-mitjans","tag-pediatria","tag-premsa","tag-premsa-especialitzada","tag-premsa-general","tag-programa-de-cessacio-tabaquica","tag-seguretat-social","tag-tertulia-dactualitat","tag-vall-dhebron","tag-venda-illegal","tag-venda-online","tag-virus","tag-virus-de-wuhan","tag-xina"],"yoast_head":"<!-- This site is optimized with the Yoast SEO plugin v22.4 - https:\/\/yoast.com\/wordpress\/plugins\/seo\/ -->\n<title>Gener: El coronavirus, el projecte pilot de cribratge del Chagas i les &#039;influencers&#039; que recomanen medicaments, temes m\u00e9s destacats als mitjans - Col\u00b7legi de Farmac\u00e8utics de Barcelona<\/title>\n<meta name=\"description\" content=\"Diverses influ\u00e8ncers recomanen medicines que necessiten recepta per ser obtingudes i el Consell General de Col\u00b7legis Farmac\u00e8utics va avisar al Ministeri de Sanitat d&#039;aquesta situaci\u00f3. La publicitat d&#039;aquest tipus de medicaments est\u00e0 prohibida per llei.\" \/>\n<meta name=\"robots\" content=\"index, follow, max-snippet:-1, max-image-preview:large, max-video-preview:-1\" \/>\n<link rel=\"canonical\" href=\"https:\/\/novaorg.cofb.net\/2020\/02\/24\/gener-cribratge-chagas-coronavirus-influencers-temes-mes-destacats-als-mitjans\/\" \/>\n<meta property=\"og:locale\" content=\"es_ES\" \/>\n<meta property=\"og:type\" content=\"article\" \/>\n<meta property=\"og:title\" content=\"Gener: El coronavirus, el projecte pilot de cribratge del Chagas i les &#039;influencers&#039; que recomanen medicaments, temes m\u00e9s destacats als mitjans - Col\u00b7legi de Farmac\u00e8utics de Barcelona\" \/>\n<meta property=\"og:description\" content=\"Diverses influ\u00e8ncers recomanen medicines que necessiten recepta per ser obtingudes i el Consell General de Col\u00b7legis Farmac\u00e8utics va avisar al Ministeri de Sanitat d&#039;aquesta situaci\u00f3. La publicitat d&#039;aquest tipus de medicaments est\u00e0 prohibida per llei.\" \/>\n<meta property=\"og:url\" content=\"https:\/\/novaorg.cofb.net\/2020\/02\/24\/gener-cribratge-chagas-coronavirus-influencers-temes-mes-destacats-als-mitjans\/\" \/>\n<meta property=\"og:site_name\" content=\"Col\u00b7legi de Farmac\u00e8utics de Barcelona\" \/>\n<meta property=\"article:publisher\" content=\"https:\/\/www.facebook.com\/farmaceuticsbcn\/\" \/>\n<meta property=\"article:published_time\" content=\"2020-02-24T15:08:27+00:00\" \/>\n<meta name=\"author\" content=\"wpAdminCofbOrg\" \/>\n<meta name=\"twitter:card\" content=\"summary_large_image\" \/>\n<meta name=\"twitter:creator\" content=\"@farmaceuticsbcn\" \/>\n<meta name=\"twitter:site\" content=\"@farmaceuticsbcn\" \/>\n<meta name=\"twitter:label1\" content=\"Escrito por\" \/>\n\t<meta name=\"twitter:data1\" content=\"wpAdminCofbOrg\" \/>\n\t<meta name=\"twitter:label2\" content=\"Tiempo de lectura\" \/>\n\t<meta name=\"twitter:data2\" content=\"5 minutos\" \/>\n<script type=\"application\/ld+json\" class=\"yoast-schema-graph\">{\"@context\":\"https:\/\/schema.org\",\"@graph\":[{\"@type\":\"Article\",\"@id\":\"https:\/\/novaorg.cofb.net\/2020\/02\/24\/gener-cribratge-chagas-coronavirus-influencers-temes-mes-destacats-als-mitjans\/#article\",\"isPartOf\":{\"@id\":\"https:\/\/novaorg.cofb.net\/2020\/02\/24\/gener-cribratge-chagas-coronavirus-influencers-temes-mes-destacats-als-mitjans\/\"},\"author\":{\"name\":\"wpAdminCofbOrg\",\"@id\":\"https:\/\/www.cofb.org\/#\/schema\/person\/22ed7eea88da74b0fa4d3154ad87ffcb\"},\"headline\":\"Gener: El coronavirus, el projecte pilot de cribratge del Chagas i les &#8216;influencers&#8217; que recomanen medicaments, temes m\u00e9s destacats als mitjans\",\"datePublished\":\"2020-02-24T15:08:27+00:00\",\"dateModified\":\"2020-02-24T15:08:27+00:00\",\"mainEntityOfPage\":{\"@id\":\"https:\/\/novaorg.cofb.net\/2020\/02\/24\/gener-cribratge-chagas-coronavirus-influencers-temes-mes-destacats-als-mitjans\/\"},\"wordCount\":1109,\"commentCount\":0,\"publisher\":{\"@id\":\"https:\/\/www.cofb.org\/#organization\"},\"image\":{\"@id\":\"https:\/\/novaorg.cofb.net\/2020\/02\/24\/gener-cribratge-chagas-coronavirus-influencers-temes-mes-destacats-als-mitjans\/#primaryimage\"},\"thumbnailUrl\":\"\",\"keywords\":[\"Aina Surroca\",\"\u00c1lvaro Pascual-Leone\",\"avortament\",\"barcelona brain health initiative\",\"cessaci\u00f3 tab\u00e0quica\",\"Chagas\",\"COFB\",\"Consell de Col\u00b7legis de Farmac\u00e8utics de Catalunya\",\"consell pedi\u00e0tric\",\"coronavirus\",\"cribratge\",\"distribucio i venda online\",\"eipd\u00e8mia de grip\",\"eleccions\",\"Emili Ros\",\"Francisca Aranzana\",\"Grip\",\"Guillermo Bagaria\",\"hipotensi\u00f3\",\"Maria Perell\u00f3\",\"Marta Alcalde\",\"m\u00e0scares\",\"Mitjans\",\"pediatria\",\"premsa\",\"premsa especialitzada\",\"premsa general\",\"Programa de cessaci\u00f3 tab\u00e0quica\",\"seguretat social\",\"tert\u00falia d'actualitat\",\"Vall d'Hebr\u00f3n\",\"venda il\u00b7legal\",\"venda online\",\"virus\",\"virus de wuhan\",\"Xina\"],\"articleSection\":[\"Destacats\",\"Not\u00edcies farm\u00e0cia\"],\"inLanguage\":\"es\",\"potentialAction\":[{\"@type\":\"CommentAction\",\"name\":\"Comment\",\"target\":[\"https:\/\/novaorg.cofb.net\/2020\/02\/24\/gener-cribratge-chagas-coronavirus-influencers-temes-mes-destacats-als-mitjans\/#respond\"]}]},{\"@type\":\"WebPage\",\"@id\":\"https:\/\/novaorg.cofb.net\/2020\/02\/24\/gener-cribratge-chagas-coronavirus-influencers-temes-mes-destacats-als-mitjans\/\",\"url\":\"https:\/\/novaorg.cofb.net\/2020\/02\/24\/gener-cribratge-chagas-coronavirus-influencers-temes-mes-destacats-als-mitjans\/\",\"name\":\"Gener: El coronavirus, el projecte pilot de cribratge del Chagas i les 'influencers' que recomanen medicaments, temes m\u00e9s destacats als mitjans - Col\u00b7legi de Farmac\u00e8utics de Barcelona\",\"isPartOf\":{\"@id\":\"https:\/\/www.cofb.org\/#website\"},\"primaryImageOfPage\":{\"@id\":\"https:\/\/novaorg.cofb.net\/2020\/02\/24\/gener-cribratge-chagas-coronavirus-influencers-temes-mes-destacats-als-mitjans\/#primaryimage\"},\"image\":{\"@id\":\"https:\/\/novaorg.cofb.net\/2020\/02\/24\/gener-cribratge-chagas-coronavirus-influencers-temes-mes-destacats-als-mitjans\/#primaryimage\"},\"thumbnailUrl\":\"\",\"datePublished\":\"2020-02-24T15:08:27+00:00\",\"dateModified\":\"2020-02-24T15:08:27+00:00\",\"description\":\"Diverses influ\u00e8ncers recomanen medicines que necessiten recepta per ser obtingudes i el Consell General de Col\u00b7legis Farmac\u00e8utics va avisar al Ministeri de Sanitat d'aquesta situaci\u00f3. La publicitat d'aquest tipus de medicaments est\u00e0 prohibida per llei.\",\"breadcrumb\":{\"@id\":\"https:\/\/novaorg.cofb.net\/2020\/02\/24\/gener-cribratge-chagas-coronavirus-influencers-temes-mes-destacats-als-mitjans\/#breadcrumb\"},\"inLanguage\":\"es\",\"potentialAction\":[{\"@type\":\"ReadAction\",\"target\":[\"https:\/\/novaorg.cofb.net\/2020\/02\/24\/gener-cribratge-chagas-coronavirus-influencers-temes-mes-destacats-als-mitjans\/\"]}]},{\"@type\":\"ImageObject\",\"inLanguage\":\"es\",\"@id\":\"https:\/\/novaorg.cofb.net\/2020\/02\/24\/gener-cribratge-chagas-coronavirus-influencers-temes-mes-destacats-als-mitjans\/#primaryimage\",\"url\":\"\",\"contentUrl\":\"\"},{\"@type\":\"BreadcrumbList\",\"@id\":\"https:\/\/novaorg.cofb.net\/2020\/02\/24\/gener-cribratge-chagas-coronavirus-influencers-temes-mes-destacats-als-mitjans\/#breadcrumb\",\"itemListElement\":[{\"@type\":\"ListItem\",\"position\":1,\"name\":\"Inici\",\"item\":\"https:\/\/novaorg.cofb.net\/\"},{\"@type\":\"ListItem\",\"position\":2,\"name\":\"Gener: El coronavirus, el projecte pilot de cribratge del Chagas i les &#8216;influencers&#8217; que recomanen medicaments, temes m\u00e9s destacats als mitjans\"}]},{\"@type\":\"WebSite\",\"@id\":\"https:\/\/www.cofb.org\/#website\",\"url\":\"https:\/\/www.cofb.org\/\",\"name\":\"Col\u00b7legi de Farmac\u00e8utics de Barcelona\",\"description\":\"\",\"publisher\":{\"@id\":\"https:\/\/www.cofb.org\/#organization\"},\"potentialAction\":[{\"@type\":\"SearchAction\",\"target\":{\"@type\":\"EntryPoint\",\"urlTemplate\":\"https:\/\/www.cofb.org\/?s={search_term_string}\"},\"query-input\":\"required name=search_term_string\"}],\"inLanguage\":\"es\"},{\"@type\":\"Organization\",\"@id\":\"https:\/\/www.cofb.org\/#organization\",\"name\":\"Col\u00b7legi de Farmac\u00e8utics de Barcelona\",\"url\":\"https:\/\/www.cofb.org\/\",\"logo\":{\"@type\":\"ImageObject\",\"inLanguage\":\"es\",\"@id\":\"https:\/\/www.cofb.org\/#\/schema\/logo\/image\/\",\"url\":\"https:\/\/www.cofb.org\/wp-content\/uploads\/2023\/11\/cropped-Logotip-COFB.png\",\"contentUrl\":\"https:\/\/www.cofb.org\/wp-content\/uploads\/2023\/11\/cropped-Logotip-COFB.png\",\"width\":500,\"height\":105,\"caption\":\"Col\u00b7legi de Farmac\u00e8utics de Barcelona\"},\"image\":{\"@id\":\"https:\/\/www.cofb.org\/#\/schema\/logo\/image\/\"},\"sameAs\":[\"https:\/\/www.facebook.com\/farmaceuticsbcn\/\",\"https:\/\/twitter.com\/farmaceuticsbcn\",\"https:\/\/www.instagram.com\/farmaceuticsbcn\/\",\"https:\/\/www.linkedin.com\/company\/farmaceuticsbcn\/\"]},{\"@type\":\"Person\",\"@id\":\"https:\/\/www.cofb.org\/#\/schema\/person\/22ed7eea88da74b0fa4d3154ad87ffcb\",\"name\":\"wpAdminCofbOrg\",\"image\":{\"@type\":\"ImageObject\",\"inLanguage\":\"es\",\"@id\":\"https:\/\/www.cofb.org\/#\/schema\/person\/image\/\",\"url\":\"https:\/\/secure.gravatar.com\/avatar\/1721b20b3b8ca882c3b56ec6c978c594fff670e40c0718e9190eaeeb76aae7d8?s=96&d=mm&r=g\",\"contentUrl\":\"https:\/\/secure.gravatar.com\/avatar\/1721b20b3b8ca882c3b56ec6c978c594fff670e40c0718e9190eaeeb76aae7d8?s=96&d=mm&r=g\",\"caption\":\"wpAdminCofbOrg\"},\"sameAs\":[\"http:\/\/192.168.64.122\/wordpress\"],\"url\":\"https:\/\/www.cofb.org\/es\/author\/wpadmincofborg\/\"}]}<\/script>\n<!-- \/ Yoast SEO plugin. -->","yoast_head_json":{"title":"Gener: El coronavirus, el projecte pilot de cribratge del Chagas i les 'influencers' que recomanen medicaments, temes m\u00e9s destacats als mitjans - Col\u00b7legi de Farmac\u00e8utics de Barcelona","description":"Diverses influ\u00e8ncers recomanen medicines que necessiten recepta per ser obtingudes i el Consell General de Col\u00b7legis Farmac\u00e8utics va avisar al Ministeri de Sanitat d'aquesta situaci\u00f3. La publicitat d'aquest tipus de medicaments est\u00e0 prohibida per llei.","robots":{"index":"index","follow":"follow","max-snippet":"max-snippet:-1","max-image-preview":"max-image-preview:large","max-video-preview":"max-video-preview:-1"},"canonical":"https:\/\/novaorg.cofb.net\/2020\/02\/24\/gener-cribratge-chagas-coronavirus-influencers-temes-mes-destacats-als-mitjans\/","og_locale":"es_ES","og_type":"article","og_title":"Gener: El coronavirus, el projecte pilot de cribratge del Chagas i les 'influencers' que recomanen medicaments, temes m\u00e9s destacats als mitjans - Col\u00b7legi de Farmac\u00e8utics de Barcelona","og_description":"Diverses influ\u00e8ncers recomanen medicines que necessiten recepta per ser obtingudes i el Consell General de Col\u00b7legis Farmac\u00e8utics va avisar al Ministeri de Sanitat d'aquesta situaci\u00f3. La publicitat d'aquest tipus de medicaments est\u00e0 prohibida per llei.","og_url":"https:\/\/novaorg.cofb.net\/2020\/02\/24\/gener-cribratge-chagas-coronavirus-influencers-temes-mes-destacats-als-mitjans\/","og_site_name":"Col\u00b7legi de Farmac\u00e8utics de Barcelona","article_publisher":"https:\/\/www.facebook.com\/farmaceuticsbcn\/","article_published_time":"2020-02-24T15:08:27+00:00","author":"wpAdminCofbOrg","twitter_card":"summary_large_image","twitter_creator":"@farmaceuticsbcn","twitter_site":"@farmaceuticsbcn","twitter_misc":{"Escrito por":"wpAdminCofbOrg","Tiempo de lectura":"5 minutos"},"schema":{"@context":"https:\/\/schema.org","@graph":[{"@type":"Article","@id":"https:\/\/novaorg.cofb.net\/2020\/02\/24\/gener-cribratge-chagas-coronavirus-influencers-temes-mes-destacats-als-mitjans\/#article","isPartOf":{"@id":"https:\/\/novaorg.cofb.net\/2020\/02\/24\/gener-cribratge-chagas-coronavirus-influencers-temes-mes-destacats-als-mitjans\/"},"author":{"name":"wpAdminCofbOrg","@id":"https:\/\/www.cofb.org\/#\/schema\/person\/22ed7eea88da74b0fa4d3154ad87ffcb"},"headline":"Gener: El coronavirus, el projecte pilot de cribratge del Chagas i les &#8216;influencers&#8217; que recomanen medicaments, temes m\u00e9s destacats als mitjans","datePublished":"2020-02-24T15:08:27+00:00","dateModified":"2020-02-24T15:08:27+00:00","mainEntityOfPage":{"@id":"https:\/\/novaorg.cofb.net\/2020\/02\/24\/gener-cribratge-chagas-coronavirus-influencers-temes-mes-destacats-als-mitjans\/"},"wordCount":1109,"commentCount":0,"publisher":{"@id":"https:\/\/www.cofb.org\/#organization"},"image":{"@id":"https:\/\/novaorg.cofb.net\/2020\/02\/24\/gener-cribratge-chagas-coronavirus-influencers-temes-mes-destacats-als-mitjans\/#primaryimage"},"thumbnailUrl":"","keywords":["Aina Surroca","\u00c1lvaro Pascual-Leone","avortament","barcelona brain health initiative","cessaci\u00f3 tab\u00e0quica","Chagas","COFB","Consell de Col\u00b7legis de Farmac\u00e8utics de Catalunya","consell pedi\u00e0tric","coronavirus","cribratge","distribucio i venda online","eipd\u00e8mia de grip","eleccions","Emili Ros","Francisca Aranzana","Grip","Guillermo Bagaria","hipotensi\u00f3","Maria Perell\u00f3","Marta Alcalde","m\u00e0scares","Mitjans","pediatria","premsa","premsa especialitzada","premsa general","Programa de cessaci\u00f3 tab\u00e0quica","seguretat social","tert\u00falia d'actualitat","Vall d'Hebr\u00f3n","venda il\u00b7legal","venda online","virus","virus de wuhan","Xina"],"articleSection":["Destacats","Not\u00edcies farm\u00e0cia"],"inLanguage":"es","potentialAction":[{"@type":"CommentAction","name":"Comment","target":["https:\/\/novaorg.cofb.net\/2020\/02\/24\/gener-cribratge-chagas-coronavirus-influencers-temes-mes-destacats-als-mitjans\/#respond"]}]},{"@type":"WebPage","@id":"https:\/\/novaorg.cofb.net\/2020\/02\/24\/gener-cribratge-chagas-coronavirus-influencers-temes-mes-destacats-als-mitjans\/","url":"https:\/\/novaorg.cofb.net\/2020\/02\/24\/gener-cribratge-chagas-coronavirus-influencers-temes-mes-destacats-als-mitjans\/","name":"Gener: El coronavirus, el projecte pilot de cribratge del Chagas i les 'influencers' que recomanen medicaments, temes m\u00e9s destacats als mitjans - Col\u00b7legi de Farmac\u00e8utics de Barcelona","isPartOf":{"@id":"https:\/\/www.cofb.org\/#website"},"primaryImageOfPage":{"@id":"https:\/\/novaorg.cofb.net\/2020\/02\/24\/gener-cribratge-chagas-coronavirus-influencers-temes-mes-destacats-als-mitjans\/#primaryimage"},"image":{"@id":"https:\/\/novaorg.cofb.net\/2020\/02\/24\/gener-cribratge-chagas-coronavirus-influencers-temes-mes-destacats-als-mitjans\/#primaryimage"},"thumbnailUrl":"","datePublished":"2020-02-24T15:08:27+00:00","dateModified":"2020-02-24T15:08:27+00:00","description":"Diverses influ\u00e8ncers recomanen medicines que necessiten recepta per ser obtingudes i el Consell General de Col\u00b7legis Farmac\u00e8utics va avisar al Ministeri de Sanitat d'aquesta situaci\u00f3. La publicitat d'aquest tipus de medicaments est\u00e0 prohibida per llei.","breadcrumb":{"@id":"https:\/\/novaorg.cofb.net\/2020\/02\/24\/gener-cribratge-chagas-coronavirus-influencers-temes-mes-destacats-als-mitjans\/#breadcrumb"},"inLanguage":"es","potentialAction":[{"@type":"ReadAction","target":["https:\/\/novaorg.cofb.net\/2020\/02\/24\/gener-cribratge-chagas-coronavirus-influencers-temes-mes-destacats-als-mitjans\/"]}]},{"@type":"ImageObject","inLanguage":"es","@id":"https:\/\/novaorg.cofb.net\/2020\/02\/24\/gener-cribratge-chagas-coronavirus-influencers-temes-mes-destacats-als-mitjans\/#primaryimage","url":"","contentUrl":""},{"@type":"BreadcrumbList","@id":"https:\/\/novaorg.cofb.net\/2020\/02\/24\/gener-cribratge-chagas-coronavirus-influencers-temes-mes-destacats-als-mitjans\/#breadcrumb","itemListElement":[{"@type":"ListItem","position":1,"name":"Inici","item":"https:\/\/novaorg.cofb.net\/"},{"@type":"ListItem","position":2,"name":"Gener: El coronavirus, el projecte pilot de cribratge del Chagas i les &#8216;influencers&#8217; que recomanen medicaments, temes m\u00e9s destacats als mitjans"}]},{"@type":"WebSite","@id":"https:\/\/www.cofb.org\/#website","url":"https:\/\/www.cofb.org\/","name":"Col\u00b7legi de Farmac\u00e8utics de Barcelona","description":"","publisher":{"@id":"https:\/\/www.cofb.org\/#organization"},"potentialAction":[{"@type":"SearchAction","target":{"@type":"EntryPoint","urlTemplate":"https:\/\/www.cofb.org\/?s={search_term_string}"},"query-input":"required name=search_term_string"}],"inLanguage":"es"},{"@type":"Organization","@id":"https:\/\/www.cofb.org\/#organization","name":"Col\u00b7legi de Farmac\u00e8utics de Barcelona","url":"https:\/\/www.cofb.org\/","logo":{"@type":"ImageObject","inLanguage":"es","@id":"https:\/\/www.cofb.org\/#\/schema\/logo\/image\/","url":"https:\/\/www.cofb.org\/wp-content\/uploads\/2023\/11\/cropped-Logotip-COFB.png","contentUrl":"https:\/\/www.cofb.org\/wp-content\/uploads\/2023\/11\/cropped-Logotip-COFB.png","width":500,"height":105,"caption":"Col\u00b7legi de Farmac\u00e8utics de Barcelona"},"image":{"@id":"https:\/\/www.cofb.org\/#\/schema\/logo\/image\/"},"sameAs":["https:\/\/www.facebook.com\/farmaceuticsbcn\/","https:\/\/twitter.com\/farmaceuticsbcn","https:\/\/www.instagram.com\/farmaceuticsbcn\/","https:\/\/www.linkedin.com\/company\/farmaceuticsbcn\/"]},{"@type":"Person","@id":"https:\/\/www.cofb.org\/#\/schema\/person\/22ed7eea88da74b0fa4d3154ad87ffcb","name":"wpAdminCofbOrg","image":{"@type":"ImageObject","inLanguage":"es","@id":"https:\/\/www.cofb.org\/#\/schema\/person\/image\/","url":"https:\/\/secure.gravatar.com\/avatar\/1721b20b3b8ca882c3b56ec6c978c594fff670e40c0718e9190eaeeb76aae7d8?s=96&d=mm&r=g","contentUrl":"https:\/\/secure.gravatar.com\/avatar\/1721b20b3b8ca882c3b56ec6c978c594fff670e40c0718e9190eaeeb76aae7d8?s=96&d=mm&r=g","caption":"wpAdminCofbOrg"},"sameAs":["http:\/\/192.168.64.122\/wordpress"],"url":"https:\/\/www.cofb.org\/es\/author\/wpadmincofborg\/"}]}},"uagb_featured_image_src":{"full":false,"thumbnail":false,"medium":false,"medium_large":false,"large":false,"1536x1536":false,"2048x2048":false,"trp-custom-language-flag":false},"uagb_author_info":{"display_name":"wpAdminCofbOrg","author_link":"https:\/\/www.cofb.org\/es\/author\/wpadmincofborg\/"},"uagb_comment_info":0,"uagb_excerpt":"Recomanacions davant el coronavirus Coincidint amb l&#8217;inici de l&#8217;epid\u00e8mia del coronavirus\u00a0\u00a0(2019-nCov), les farm\u00e0cies\u00a0 van esgotar l&#8217;exist\u00e8ncia de m\u00e0scares protectores, situaci\u00f3 que van recollir\u00a0 diferents mitjans. Des del Col\u00b7legi es va optar per fer una crida a la calma i es va posar l&#8217;\u00e8mfasi en les\u00a0mesures preventives que es poden prendre, [&hellip;]","_links":{"self":[{"href":"https:\/\/www.cofb.org\/es\/wp-json\/wp\/v2\/posts\/49278","targetHints":{"allow":["GET"]}}],"collection":[{"href":"https:\/\/www.cofb.org\/es\/wp-json\/wp\/v2\/posts"}],"about":[{"href":"https:\/\/www.cofb.org\/es\/wp-json\/wp\/v2\/types\/post"}],"author":[{"embeddable":true,"href":"https:\/\/www.cofb.org\/es\/wp-json\/wp\/v2\/users\/1"}],"replies":[{"embeddable":true,"href":"https:\/\/www.cofb.org\/es\/wp-json\/wp\/v2\/comments?post=49278"}],"version-history":[{"count":0,"href":"https:\/\/www.cofb.org\/es\/wp-json\/wp\/v2\/posts\/49278\/revisions"}],"wp:featuredmedia":[{"embeddable":true,"href":"https:\/\/www.cofb.org\/es\/wp-json\/"}],"wp:attachment":[{"href":"https:\/\/www.cofb.org\/es\/wp-json\/wp\/v2\/media?parent=49278"}],"wp:term":[{"taxonomy":"category","embeddable":true,"href":"https:\/\/www.cofb.org\/es\/wp-json\/wp\/v2\/categories?post=49278"},{"taxonomy":"post_tag","embeddable":true,"href":"https:\/\/www.cofb.org\/es\/wp-json\/wp\/v2\/tags?post=49278"}],"curies":[{"name":"wp","href":"https:\/\/api.w.org\/{rel}","templated":true}]}}