{"id":49035,"date":"2020-01-31T13:51:54","date_gmt":"2020-01-31T11:51:54","guid":{"rendered":"https:\/\/blog.cofb.cat\/?p=49035"},"modified":"2020-01-31T13:51:54","modified_gmt":"2020-01-31T11:51:54","slug":"consell-pediatric-des-de-la-farmacia","status":"publish","type":"post","link":"https:\/\/www.cofb.org\/es\/2020\/01\/31\/consell-pediatric-des-de-la-farmacia\/","title":{"rendered":"Consejo pedi\u00e1trico desde la farmacia"},"content":{"rendered":"<h3><\/h3>\n<h3><strong>Art\u00edculo de Aina Surroca Reb\u00e9s, farmac\u00e9utica comunitaria, vocal de la Junta y responsable de la Comisi\u00f3n de Formaci\u00f3n Continuada del Colegio de Farmac\u00e9uticos de Barcelona.<\/strong><\/h3>\n<div class=\"destacat-blog\">\n<h4><em><strong>&quot;Nuestra proximidad hace de la farmacia un punto frecuente de consultas sobre la salud, por lo que podemos acompa\u00f1ar con consejos sobre el cuidado infantil a los padres, familiares o cuidadores desde el nacimiento del beb\u00e9.&quot;<\/strong><\/em><\/h4>\n<h4><\/div>\n<\/h4>\n<p>Entendemos como <strong>pacientes pedi\u00e1tricos aquellos pacientes de entre 0 y 18 a\u00f1os<\/strong> que, de forma cl\u00e1sica, <strong>se agrupan seg\u00fan la edad<\/strong> de esta forma:<\/p>\n<p style=\"padding-left: 30px; line-height: 5px;\"><strong>1. Reci\u00e9n nacidos: de 0-28 d\u00edas<\/strong>.<\/p>\n<p style=\"padding-left: 60px; line-height: 5px;\"><strong>\u2013 Prematuros<\/strong>: edad gestacional inferior a 38 semanas.<\/p>\n<p style=\"padding-left: 60px; line-height: 5px;\"><strong>\u2013 A plazo<\/strong>: edad gestacional de 38-42 semanas.<\/p>\n<p style=\"padding-left: 30px; line-height: 5px;\"><strong>2. Lactantes: 29 d\u00edas-1 a\u00f1o<\/strong>.<\/p>\n<p style=\"padding-left: 30px; line-height: 5px;\"><strong>3. Ni\u00f1os preescolares: 1-5 a\u00f1os<\/strong>.<\/p>\n<p style=\"padding-left: 30px; line-height: 5px;\"><strong>4. Escolares: 5-13 a\u00f1os<\/strong>.<\/p>\n<p style=\"padding-left: 30px; line-height: 5px;\"><strong>5. Adolescentes: 13-18 a\u00f1os<\/strong>.<\/p>\n<p><a href=\"https:\/\/blog.cofb.cat\/wp-content\/uploads\/2020\/01\/Dermatitis-at\u00f2pica-infantil-1.jpg\"><img fetchpriority=\"high\" decoding=\"async\" class=\"aligncenter size-large wp-image-49199\" src=\"https:\/\/blog.cofb.cat\/wp-content\/uploads\/2020\/01\/Dermatitis-at\u00f2pica-infantil-1-1024x683.jpg\" alt=\"\" width=\"620\" height=\"414\" \/><\/a><\/p>\n<p>El paciente pedi\u00e1trico presenta unas <strong>peculiaridades fisiol\u00f3gicas cambiantes en funci\u00f3n de su edad y grado de desarrollo<\/strong>, por lo que puede requerir, entre otros aspectos, de<strong>enfoques terap\u00e9uticos espec\u00edficos<\/strong>, formas farmac\u00e9uticas concretas y ajustes de la posolog\u00eda.<\/p>\n<p>Por lo general, los medicamentos disponibles en el mercado son los que se han autorizado por adultos con las recomendaciones oportunas indicadas en ficha t\u00e9cnica y prospecto respecto a las dosis pedi\u00e1tricas, aunque <strong>existen presentaciones<\/strong> y formas farmac\u00e9uticas <strong>exclusivas de uso pedi\u00e1trico<\/strong>.<\/p>\n<h1><strong>El papel de la farmacia comunitaria en consultas relacionadas con el paciente pedi\u00e1trico<\/strong><\/h1>\n<p>En la farmacia comunitaria recibimos con frecuencia consultas relacionadas con la salud infantil, sea de s\u00edntomas menores o problemas de baja complejidad, como la intervenci\u00f3n y dispensaci\u00f3n de medicamentos prescritos por el m\u00e9dico pediatra o cualquier otro especialista que trate a un paciente pedi\u00e1trico.<\/p>\n<p><strong>Nuestra cercan\u00eda hace de la farmacia un punto frecuente de consultas sobre la salud<\/strong>, por lo que podemos acompa\u00f1ar con consejos sobre el cuidado infantil a los padres, familiares o cuidadores desde el nacimiento del beb\u00e9.<\/p>\n<p>Como en cualquier dispensaci\u00f3n, deberemos asegurarnos para qui\u00e9n es el medicamento, c\u00f3mo debe tomarlo, cu\u00e1nto tiempo y para qu\u00e9 sirve. <strong>La comprobaci\u00f3n de las dosis seg\u00fan el peso del paciente y la idoneidad de la forma farmac\u00e9utica son elementos clave en la atenci\u00f3n farmac\u00e9utica en pediatr\u00eda<\/strong>. Respecto a c\u00f3mo tomar el medicamento, obviamente no podemos interactuar directamente con el ni\u00f1o de poca edad, pero a medida que su edad lo permita, podemos procurar que, junto a sus padres, se familiarice con su tratamiento farmacol\u00f3gico, o bien realizar actividades para fomentar estilos de vida saludables y cuidando de la salud.<\/p>\n<p>En relaci\u00f3n con el paciente pedi\u00e1trico, es especialmente relevante <strong>conocer los criterios de derivaci\u00f3n y, en general, a menor edad del ni\u00f1o, m\u00e1s preocupaciones deberemos tener en caso de duda frente a la consulta que se nos plantee<\/strong>. El uso de protocolos concretos y actualizados resultar\u00e1 de gran utilidad.<\/p>\n<figure id=\"attachment_49469\" aria-describedby=\"caption-attachment-49469\" style=\"width: 620px\" class=\"wp-caption aligncenter\"><a href=\"https:\/\/blog.cofb.cat\/wp-content\/uploads\/2020\/01\/Foto-blogh.jpg\"><img decoding=\"async\" class=\"wp-image-49469 size-large\" title=\"Aina Surroca, farmac\u00e9utica comunitaria y vocal y responsable de la Comisi\u00f3n de Formaci\u00f3n Continua del Colegio de Farmac\u00e9uticos de Barcelona.\" src=\"https:\/\/blog.cofb.cat\/wp-content\/uploads\/2020\/01\/Foto-blogh-1024x683.jpg\" alt=\"Aina Surroca, farmac\u00e8utica comunit\u00e0ria i vocal i responsable de la Comissi\u00f3 de Formaci\u00f3 Continuada del Col\u00b7legi de Farmac\u00e8utics de Barcelona.\" width=\"620\" height=\"414\" \/><\/a><figcaption id=\"caption-attachment-49469\" class=\"wp-caption-text\">Aina Surroca, farmac\u00e9utica comunitaria y vocal y responsable de la Comisi\u00f3n de Formaci\u00f3n Continua del Colegio de Farmac\u00e9uticos de Barcelona.<\/figcaption><\/figure>\n<h1><strong>Consultas frecuentes en la farmacia<\/strong><\/h1>\n<p>Las consultas relacionadas con la poblaci\u00f3n infantil son muy diversas y podr\u00edamos <strong>clasificarlas de diferentes formas<\/strong>: por <strong>grupos terap\u00e9uticos<\/strong> implicados, por <strong>patolog\u00eda<\/strong> <strong>o aparato implicado<\/strong>, para <strong>edad<\/strong> del paciente, por <strong>sintomatolog\u00eda<\/strong>, etc. En cualquier caso, <strong>destacamos<\/strong> las siguientes consultas por su frecuencia:<\/p>\n<h3><strong>Fiebre y dolor \u2013 Analg\u00e9sicos y antipir\u00e9ticos en pediatr\u00eda<\/strong><\/h3>\n<p style=\"padding-left: 30px;\">La dispensaci\u00f3n de <strong>paracetamol o ibuprofeno<\/strong> en formas farmac\u00e9uticas pedi\u00e1tricas <strong>para combatir la fiebre o el dolor es muy frecuente<\/strong>, ya sea por la prescripci\u00f3n directa del m\u00e9dico al tratar alg\u00fan proceso inflamatorio o la necesidad de controlar un aumento de temperatura corporal secundario a un proceso infeccioso.<\/p>\n<p style=\"padding-left: 30px;\">Aunque existen presentaciones pedi\u00e1tricas que no requieren receta m\u00e9dica, en estos casos es importante, por un lado, <strong>destacar que no se puede abusar<\/strong>; y, por otra, <strong>informar a los padres que no deber\u00edan utilizarlos sin el consejo del profesional sanitario<\/strong>. Tambi\u00e9n es importante asegurarnos en el momento de la dispensaci\u00f3n de que se conoce la dosis y que se calcula en funci\u00f3n del peso del ni\u00f1o.<\/p>\n<h3><strong>Patolog\u00edas relacionadas con el aparato respiratorio<\/strong><\/h3>\n<p style=\"padding-left: 30px;\">Las <strong>infecciones<\/strong> <strong>relacionadas con ORL y con el aparato respiratorio<\/strong> representan lo principal <strong>motivo de consulta<\/strong> en atenci\u00f3n primaria. Pueden ser de componente v\u00edrico, sobre todo en ni\u00f1os menores de 5 a\u00f1os, y altamente prevalentes en menores de 2. Si se nos consulta, es imprescindible que conozcamos los criterios de derivaci\u00f3n y s\u00f3lo se recomienden medidas no farmacol\u00f3gicas o tratamientos sintom\u00e1ticos que no requieran prescripci\u00f3n m\u00e9dica. Al igual que cuando la consulta es de un adulto, cabe destacar que <strong>el uso de antibi\u00f3ticos no es efectivo en infecciones v\u00edricas<\/strong> y que <strong>debemos fomentar su uso racional<\/strong> para evitar resistencias.<\/p>\n<p style=\"padding-left: 30px;\">Tambi\u00e9n es frecuente que los padres acudan a la farmacia despu\u00e9s de consultar con el m\u00e9dico, por lo que en este caso reforzaremos los aspectos m\u00e1s importantes a conocer del tratamiento prescrito y podremos recomendar medidas complementarias y\/o no farmacol\u00f3gicas.<\/p>\n<h3><strong>Primeros cuidados del beb\u00e9, lactancia y alimentaci\u00f3n infantil<\/strong><\/h3>\n<p style=\"padding-left: 30px;\">La llegada del beb\u00e9 puede provocar <strong>dudas en sus cuidados generales<\/strong> \u2013 especialmente en padres tempranos \u2013 y la <strong>farmacia<\/strong> puede ser, adem\u00e1s del pediatra de referencia, uno <strong>punto de consulta<\/strong> de las <strong>cuidados b\u00e1sicos del beb\u00e9<\/strong>.<\/p>\n<p style=\"padding-left: 30px;\">Tambi\u00e9n existen consultas sobre <strong>productos de alimentaci\u00f3n infantil<\/strong>, sean leches de f\u00f3rmula u otros productos disponibles en la oficina de farmacia. Otro \u00e1mbito relacionado con la pediatr\u00eda del que pueden consultar en la farmacia es el del uso de <strong>f\u00e1rmacos durante la lactancia<\/strong> <strong>materna<\/strong> con el fin de resolver dudas sobre la idoneidad o compatibilidad de estos tratamientos.<\/p>\n<h3><strong>Patolog\u00edas relacionadas con la piel \u2013 cuidado de la piel infantil<\/strong><\/h3>\n<p style=\"padding-left: 30px;\">La <strong>cuidado de la piel<\/strong>, as\u00ed como patolog\u00edas relacionadas, son <strong>motivos<\/strong> frecuentes <strong>de consulta<\/strong>. Aunque no exista ninguna patolog\u00eda, <strong>la piel infantil requiere productos y cuidados espec\u00edficos<\/strong>, puesto que hasta aproximadamente los 6 a\u00f1os todav\u00eda no ha madurado completamente y es m\u00e1s delgada, con un efecto barrera m\u00e1s limitado.<\/p>\n<p style=\"padding-left: 30px;\">Por ejemplo, durante la infancia tambi\u00e9n puede debutar la atopia, dermatitis at\u00f3pica a nivel cut\u00e1neo, manifestaciones que pueden ser motivo de consulta. Una vez <strong>realizado el diagn\u00f3stico <\/strong>por parte del dermat\u00f3logo, <strong>desde la farmacia podemos ayudar al seguimiento<\/strong> del paciente pedi\u00e1trico. Otras consultas frecuentes en el \u00e1mbito cut\u00e1neo son las picaduras de insectos o dermatitis de diferente \u00edndole que gestionaremos en funci\u00f3n de cada caso.<\/p>\n<h3><strong>Par\u00e1sitos en edad escolar<\/strong><\/h3>\n<p style=\"padding-left: 30px;\">Con el inicio de la etapa escolar, la consulta sobre el tratamiento de par\u00e1sitos capilares \u2013<strong>piojos<\/strong>\u2013 es <strong>muy habitual<\/strong> en la farmacia. Disponemos de diferentes alternativas comercializadas y podremos elegir, en funci\u00f3n del caso, formados por piel at\u00f3pica o sensible, tipo de cabello, etc., adem\u00e1s de fomentar la importancia de un segundo tratamiento al cabo de 8 d\u00edas coincidiendo con el ciclo vital del par\u00e1sito.<\/p>\n<p style=\"padding-left: 30px;\">No es infrecuente la consulta sobre s\u00edntomas relacionados con <strong>par\u00e1sitos intestinales<\/strong>, tambi\u00e9n habituales en esta edad. Es este caso, <strong>las alternativas terap\u00e9uticas requieren prescripci\u00f3n m\u00e9dica<\/strong> y deben remitirse al pediatra para su valoraci\u00f3n.<\/p>\n<h3><strong>Otros<\/strong><\/h3>\n<p style=\"padding-left: 30px;\">Existen, adem\u00e1s de las anteriores, diferentes \u00e1mbitos vinculados a la pediatr\u00eda sobre los que pueden llegar consultas a la oficina de farmacia, como por ejemplo, <strong>preguntas relacionadas con el sistema nervioso central<\/strong>; <strong>insomnio<\/strong> <strong>infantil<\/strong>, <strong>ansiedad<\/strong>, <strong>enuresis nocturna<\/strong>, <strong>trastornos de d\u00e9ficit de atenci\u00f3n<\/strong> <strong>e hiperactividad<\/strong>; <strong>sistema endocrino<\/strong>, como el<strong>obesidad<\/strong>, <strong>trastornos de crecimiento<\/strong>, etc. En cualquier caso, ya sea si estas consultas est\u00e1n asociadas a una dispensaci\u00f3n concreta o se trata de una pregunta m\u00e1s general, <strong>siempre remitiremos a los especialistas de referencia<\/strong> en caso de que se cumplan los criterios de derivaci\u00f3n que marquen los distintos protocolos de actuaci\u00f3n farmac\u00e9utica.<\/p>\n<div class=\"box note\"><\/div>\n<h1><strong>Importancia de la formaci\u00f3n y actualizaci\u00f3n<\/strong><\/h1>\n<p>Como en cualquier otro \u00e1mbito de actuaci\u00f3n en la farmacia, la formaci\u00f3n y constante actualizaci\u00f3n son fundamentales para asegurar un consejo y una atenci\u00f3n farmac\u00e9utica de calidad.<\/p>\n<p>Conscientes de esta necesidad y <strong>respondiendo a las particularidades del paciente infantil, desde \u00c0gora Sanit\u00e0ria hemos impulsado un curso titulado \u201c<a href=\"https:\/\/www.agorasanitaria.com\/curso\/consultas-frecuentes-en-la-dispensacion-en-pediatria-vii-edicion\/\" target=\"_blank\" rel=\"noopener\">Consultas frecuentes en pediatr\u00eda<\/a>\u201d<\/strong> con el objetivo de revisar las principales consultas relacionadas con la salud infantil que se nos plantean a diario en la oficina de farmacia, proporcionando al farmac\u00e9utico las herramientas y los conocimientos para realizar la atenci\u00f3n farmac\u00e9utica correcta a los padres y madres que consultan sobre la salud de sus ni\u00f1os.<\/p>\n<p>Se trata de un <strong>curso de 15 horas, estructurado en 5 m\u00f3dulos<\/strong>. El primero <strong>contextualiza las particularidades del paciente pedi\u00e1trico<\/strong> en relaci\u00f3n a la edad, etapas, farmacodinamia, dosis, excipientes y seguridad de los tratamientos en pediatr\u00eda, entre otros, para, en el resto de m\u00f3dulos, entrar en <strong>detalle en todas las \u00e1reas de consulta frecuentes<\/strong>. Adem\u00e1s, cuenta con un <strong>foro de consultas a expertos y casos pr\u00e1cticos<\/strong> para fomentar el aprendizaje.<\/p>\n<\/div>\n<p><strong>Traducci\u00f3n de<a href=\"https:\/\/issuu.com\/podiumglobalmedia\/docs\/fv_156\/60\" target=\"_blank\" rel=\"noopener\"> el art\u00edculo publicado en Farmaventas<\/a> en el n\u00famero 156 de enero de 2020<\/strong><\/p>\n<p><strong>Otras publicaciones de inter\u00e9s:<\/strong><\/p>\n<ul>\n<li><a href=\"https:\/\/blog.cofb.cat\/consell-farmaceutic-darrers-avencos-formules-infantils\/\" target=\"_blank\" rel=\"noopener\">El consejo farmac\u00e9utico y los \u00faltimos avances en f\u00f3rmulas infantiles<\/a><br \/>\n<a href=\"https:\/\/blog.cofb.cat\/consell-farmaceutic-darrers-avencos-formules-infantils\/\"> (Diciembre 2019)<\/a><\/li>\n<li><a href=\"https:\/\/blog.cofb.cat\/grip-refredat-consultes-frequents-farmacia-comunitaria\/\" target=\"_blank\" rel=\"noopener\">Gripe y resfriado: consultas frecuentes en la farmacia comunitaria (Octubre 2019)<\/a><\/li>\n<li><a href=\"https:\/\/blog.cofb.cat\/consell-farmaceutic-sobre-asma-infantil\/\" target=\"_blank\" rel=\"noopener\">Consejo farmac\u00e9utico sobre asma infantil (Marzo 2014)<\/a><\/li>\n<\/ul>","protected":false},"excerpt":{"rendered":"<p>Art\u00edculo de Aina Surroca Reb\u00e9s, farmac\u00e9utica comunitaria, vocal de la Junta y responsable de la Comisi\u00f3n de Formaci\u00f3n Continuada del Colegio de Farmac\u00e9uticos de Barcelona. \u201cNuestra proximidad hace de la farmacia un punto frecuente de consultas sobre la salud, por lo que podemos acompa\u00f1ar con consejos sobre el cuidado infantil a los [\u2026]<\/p>","protected":false},"author":1,"featured_media":49199,"comment_status":"open","ping_status":"open","sticky":false,"template":"","format":"standard","meta":{"_uag_custom_page_level_css":"","site-sidebar-layout":"default","site-content-layout":"","ast-site-content-layout":"default","site-content-style":"default","site-sidebar-style":"default","ast-global-header-display":"","ast-banner-title-visibility":"","ast-main-header-display":"","ast-hfb-above-header-display":"","ast-hfb-below-header-display":"","ast-hfb-mobile-header-display":"","site-post-title":"","ast-breadcrumbs-content":"","ast-featured-img":"disabled","footer-sml-layout":"","theme-transparent-header-meta":"","adv-header-id-meta":"","stick-header-meta":"","header-above-stick-meta":"","header-main-stick-meta":"","header-below-stick-meta":"","astra-migrate-meta-layouts":"default","ast-page-background-enabled":"default","ast-page-background-meta":{"desktop":{"background-color":"var(--ast-global-color-4)","background-image":"","background-repeat":"repeat","background-position":"center center","background-size":"auto","background-attachment":"scroll","background-type":"","background-media":"","overlay-type":"","overlay-color":"","overlay-opacity":"","overlay-gradient":""},"tablet":{"background-color":"","background-image":"","background-repeat":"repeat","background-position":"center center","background-size":"auto","background-attachment":"scroll","background-type":"","background-media":"","overlay-type":"","overlay-color":"","overlay-opacity":"","overlay-gradient":""},"mobile":{"background-color":"","background-image":"","background-repeat":"repeat","background-position":"center center","background-size":"auto","background-attachment":"scroll","background-type":"","background-media":"","overlay-type":"","overlay-color":"","overlay-opacity":"","overlay-gradient":""}},"ast-content-background-meta":{"desktop":{"background-color":"var(--ast-global-color-5)","background-image":"","background-repeat":"repeat","background-position":"center center","background-size":"auto","background-attachment":"scroll","background-type":"","background-media":"","overlay-type":"","overlay-color":"","overlay-opacity":"","overlay-gradient":""},"tablet":{"background-color":"var(--ast-global-color-5)","background-image":"","background-repeat":"repeat","background-position":"center center","background-size":"auto","background-attachment":"scroll","background-type":"","background-media":"","overlay-type":"","overlay-color":"","overlay-opacity":"","overlay-gradient":""},"mobile":{"background-color":"var(--ast-global-color-5)","background-image":"","background-repeat":"repeat","background-position":"center center","background-size":"auto","background-attachment":"scroll","background-type":"","background-media":"","overlay-type":"","overlay-color":"","overlay-opacity":"","overlay-gradient":""}},"footnotes":""},"categories":[23,489],"tags":[3279,109,1050,2967,538,3837,3777,3838,3839,362,100,69,672,3379,3840,3841,2953,997,3842,3843,3535,3844,610,710,2276,3845,789],"class_list":["post-49035","post","type-post","status-publish","format-standard","has-post-thumbnail","hentry","category-destacats","category-opinions-del-collegi","tag-adolescents","tag-agora-sanitaria","tag-aina-surroca","tag-alimentacio-infantil","tag-analgesics","tag-antipiretics","tag-aparell-respiratori","tag-bebe","tag-consultes-sobre-salut","tag-cura-de-la-pell","tag-dolor","tag-farmacia-comunitaria","tag-febre","tag-ibuprofen","tag-nen","tag-nena","tag-nenes","tag-nens","tag-opinions-del-collegi","tag-pacient-pediatric","tag-paracetamol","tag-parasits","tag-pediatria","tag-pell","tag-polls","tag-primeres-cures","tag-recomanacions"],"yoast_head":"<!-- This site is optimized with the Yoast SEO plugin v22.4 - https:\/\/yoast.com\/wordpress\/plugins\/seo\/ -->\n<title>Consell pedi\u00e0tric des de la farm\u00e0cia - Col\u00b7legi de Farmac\u00e8utics de Barcelona<\/title>\n<meta name=\"description\" content=\"El pacient pedi\u00e0tric presenta unes peculiaritats fisiol\u00f2giques canviants en funci\u00f3 de la seva edat i grau de desenvolupament, pel que pot requerir, entre altres aspectes, d&#039;enfocaments terap\u00e8utics espec\u00edfics, formes farmac\u00e8utiques concretes i ajustaments de la posologia.\" \/>\n<meta name=\"robots\" content=\"index, follow, max-snippet:-1, max-image-preview:large, max-video-preview:-1\" \/>\n<link rel=\"canonical\" href=\"https:\/\/novaorg.cofb.net\/2020\/01\/31\/consell-pediatric-des-de-la-farmacia\/\" \/>\n<meta property=\"og:locale\" content=\"es_ES\" \/>\n<meta property=\"og:type\" content=\"article\" \/>\n<meta property=\"og:title\" content=\"Consell pedi\u00e0tric des de la farm\u00e0cia - Col\u00b7legi de Farmac\u00e8utics de Barcelona\" \/>\n<meta property=\"og:description\" content=\"El pacient pedi\u00e0tric presenta unes peculiaritats fisiol\u00f2giques canviants en funci\u00f3 de la seva edat i grau de desenvolupament, pel que pot requerir, entre altres aspectes, d&#039;enfocaments terap\u00e8utics espec\u00edfics, formes farmac\u00e8utiques concretes i ajustaments de la posologia.\" \/>\n<meta property=\"og:url\" content=\"https:\/\/novaorg.cofb.net\/2020\/01\/31\/consell-pediatric-des-de-la-farmacia\/\" \/>\n<meta property=\"og:site_name\" content=\"Col\u00b7legi de Farmac\u00e8utics de Barcelona\" \/>\n<meta property=\"article:publisher\" content=\"https:\/\/www.facebook.com\/farmaceuticsbcn\/\" \/>\n<meta property=\"article:published_time\" content=\"2020-01-31T11:51:54+00:00\" \/>\n<meta name=\"author\" content=\"wpAdminCofbOrg\" \/>\n<meta name=\"twitter:card\" content=\"summary_large_image\" \/>\n<meta name=\"twitter:creator\" content=\"@farmaceuticsbcn\" \/>\n<meta name=\"twitter:site\" content=\"@farmaceuticsbcn\" \/>\n<meta name=\"twitter:label1\" content=\"Escrito por\" \/>\n\t<meta name=\"twitter:data1\" content=\"wpAdminCofbOrg\" \/>\n\t<meta name=\"twitter:label2\" content=\"Tiempo de lectura\" \/>\n\t<meta name=\"twitter:data2\" content=\"8 minutos\" \/>\n<script type=\"application\/ld+json\" class=\"yoast-schema-graph\">{\"@context\":\"https:\/\/schema.org\",\"@graph\":[{\"@type\":\"Article\",\"@id\":\"https:\/\/novaorg.cofb.net\/2020\/01\/31\/consell-pediatric-des-de-la-farmacia\/#article\",\"isPartOf\":{\"@id\":\"https:\/\/novaorg.cofb.net\/2020\/01\/31\/consell-pediatric-des-de-la-farmacia\/\"},\"author\":{\"name\":\"wpAdminCofbOrg\",\"@id\":\"https:\/\/www.cofb.org\/#\/schema\/person\/22ed7eea88da74b0fa4d3154ad87ffcb\"},\"headline\":\"Consell pedi\u00e0tric des de la farm\u00e0cia\",\"datePublished\":\"2020-01-31T11:51:54+00:00\",\"dateModified\":\"2020-01-31T11:51:54+00:00\",\"mainEntityOfPage\":{\"@id\":\"https:\/\/novaorg.cofb.net\/2020\/01\/31\/consell-pediatric-des-de-la-farmacia\/\"},\"wordCount\":1605,\"commentCount\":0,\"publisher\":{\"@id\":\"https:\/\/www.cofb.org\/#organization\"},\"image\":{\"@id\":\"https:\/\/novaorg.cofb.net\/2020\/01\/31\/consell-pediatric-des-de-la-farmacia\/#primaryimage\"},\"thumbnailUrl\":\"\",\"keywords\":[\"adolescents\",\"\u00c1gora Sanitaria\",\"Aina Surroca\",\"alimentaci\u00f3 infantil\",\"analg\u00e8sics\",\"antipir\u00e8tics\",\"aparell respiratori\",\"beb\u00e8\",\"consultes sobre salut\",\"cura de la pell\",\"dolor\",\"farm\u00e0cia comunit\u00e0ria\",\"febre\",\"ibuprof\u00e8n\",\"nen\",\"nena\",\"nenes\",\"nens\",\"Opinions del Col\u00b7legi\",\"pacient pedi\u00e0tric\",\"Paracetamol\",\"par\u00e0sits\",\"pediatria\",\"pell\",\"polls\",\"primeres cures\",\"Recomanacions\"],\"articleSection\":[\"Destacats\",\"Opinions del Col\u00b7legi\"],\"inLanguage\":\"es\",\"potentialAction\":[{\"@type\":\"CommentAction\",\"name\":\"Comment\",\"target\":[\"https:\/\/novaorg.cofb.net\/2020\/01\/31\/consell-pediatric-des-de-la-farmacia\/#respond\"]}]},{\"@type\":\"WebPage\",\"@id\":\"https:\/\/novaorg.cofb.net\/2020\/01\/31\/consell-pediatric-des-de-la-farmacia\/\",\"url\":\"https:\/\/novaorg.cofb.net\/2020\/01\/31\/consell-pediatric-des-de-la-farmacia\/\",\"name\":\"Consell pedi\u00e0tric des de la farm\u00e0cia - Col\u00b7legi de Farmac\u00e8utics de Barcelona\",\"isPartOf\":{\"@id\":\"https:\/\/www.cofb.org\/#website\"},\"primaryImageOfPage\":{\"@id\":\"https:\/\/novaorg.cofb.net\/2020\/01\/31\/consell-pediatric-des-de-la-farmacia\/#primaryimage\"},\"image\":{\"@id\":\"https:\/\/novaorg.cofb.net\/2020\/01\/31\/consell-pediatric-des-de-la-farmacia\/#primaryimage\"},\"thumbnailUrl\":\"\",\"datePublished\":\"2020-01-31T11:51:54+00:00\",\"dateModified\":\"2020-01-31T11:51:54+00:00\",\"description\":\"El pacient pedi\u00e0tric presenta unes peculiaritats fisiol\u00f2giques canviants en funci\u00f3 de la seva edat i grau de desenvolupament, pel que pot requerir, entre altres aspectes, d'enfocaments terap\u00e8utics espec\u00edfics, formes farmac\u00e8utiques concretes i ajustaments de la posologia.\",\"breadcrumb\":{\"@id\":\"https:\/\/novaorg.cofb.net\/2020\/01\/31\/consell-pediatric-des-de-la-farmacia\/#breadcrumb\"},\"inLanguage\":\"es\",\"potentialAction\":[{\"@type\":\"ReadAction\",\"target\":[\"https:\/\/novaorg.cofb.net\/2020\/01\/31\/consell-pediatric-des-de-la-farmacia\/\"]}]},{\"@type\":\"ImageObject\",\"inLanguage\":\"es\",\"@id\":\"https:\/\/novaorg.cofb.net\/2020\/01\/31\/consell-pediatric-des-de-la-farmacia\/#primaryimage\",\"url\":\"\",\"contentUrl\":\"\"},{\"@type\":\"BreadcrumbList\",\"@id\":\"https:\/\/novaorg.cofb.net\/2020\/01\/31\/consell-pediatric-des-de-la-farmacia\/#breadcrumb\",\"itemListElement\":[{\"@type\":\"ListItem\",\"position\":1,\"name\":\"Inici\",\"item\":\"https:\/\/novaorg.cofb.net\/\"},{\"@type\":\"ListItem\",\"position\":2,\"name\":\"Consell pedi\u00e0tric des de la farm\u00e0cia\"}]},{\"@type\":\"WebSite\",\"@id\":\"https:\/\/www.cofb.org\/#website\",\"url\":\"https:\/\/www.cofb.org\/\",\"name\":\"Col\u00b7legi de Farmac\u00e8utics de Barcelona\",\"description\":\"\",\"publisher\":{\"@id\":\"https:\/\/www.cofb.org\/#organization\"},\"potentialAction\":[{\"@type\":\"SearchAction\",\"target\":{\"@type\":\"EntryPoint\",\"urlTemplate\":\"https:\/\/www.cofb.org\/?s={search_term_string}\"},\"query-input\":\"required name=search_term_string\"}],\"inLanguage\":\"es\"},{\"@type\":\"Organization\",\"@id\":\"https:\/\/www.cofb.org\/#organization\",\"name\":\"Col\u00b7legi de Farmac\u00e8utics de Barcelona\",\"url\":\"https:\/\/www.cofb.org\/\",\"logo\":{\"@type\":\"ImageObject\",\"inLanguage\":\"es\",\"@id\":\"https:\/\/www.cofb.org\/#\/schema\/logo\/image\/\",\"url\":\"https:\/\/www.cofb.org\/wp-content\/uploads\/2023\/11\/cropped-Logotip-COFB.png\",\"contentUrl\":\"https:\/\/www.cofb.org\/wp-content\/uploads\/2023\/11\/cropped-Logotip-COFB.png\",\"width\":500,\"height\":105,\"caption\":\"Col\u00b7legi de Farmac\u00e8utics de Barcelona\"},\"image\":{\"@id\":\"https:\/\/www.cofb.org\/#\/schema\/logo\/image\/\"},\"sameAs\":[\"https:\/\/www.facebook.com\/farmaceuticsbcn\/\",\"https:\/\/twitter.com\/farmaceuticsbcn\",\"https:\/\/www.instagram.com\/farmaceuticsbcn\/\",\"https:\/\/www.linkedin.com\/company\/farmaceuticsbcn\/\"]},{\"@type\":\"Person\",\"@id\":\"https:\/\/www.cofb.org\/#\/schema\/person\/22ed7eea88da74b0fa4d3154ad87ffcb\",\"name\":\"wpAdminCofbOrg\",\"image\":{\"@type\":\"ImageObject\",\"inLanguage\":\"es\",\"@id\":\"https:\/\/www.cofb.org\/#\/schema\/person\/image\/\",\"url\":\"https:\/\/secure.gravatar.com\/avatar\/1721b20b3b8ca882c3b56ec6c978c594fff670e40c0718e9190eaeeb76aae7d8?s=96&d=mm&r=g\",\"contentUrl\":\"https:\/\/secure.gravatar.com\/avatar\/1721b20b3b8ca882c3b56ec6c978c594fff670e40c0718e9190eaeeb76aae7d8?s=96&d=mm&r=g\",\"caption\":\"wpAdminCofbOrg\"},\"sameAs\":[\"http:\/\/192.168.64.122\/wordpress\"],\"url\":\"https:\/\/www.cofb.org\/es\/author\/wpadmincofborg\/\"}]}<\/script>\n<!-- \/ Yoast SEO plugin. -->","yoast_head_json":{"title":"Consell pedi\u00e0tric des de la farm\u00e0cia - Col\u00b7legi de Farmac\u00e8utics de Barcelona","description":"El pacient pedi\u00e0tric presenta unes peculiaritats fisiol\u00f2giques canviants en funci\u00f3 de la seva edat i grau de desenvolupament, pel que pot requerir, entre altres aspectes, d'enfocaments terap\u00e8utics espec\u00edfics, formes farmac\u00e8utiques concretes i ajustaments de la posologia.","robots":{"index":"index","follow":"follow","max-snippet":"max-snippet:-1","max-image-preview":"max-image-preview:large","max-video-preview":"max-video-preview:-1"},"canonical":"https:\/\/novaorg.cofb.net\/2020\/01\/31\/consell-pediatric-des-de-la-farmacia\/","og_locale":"es_ES","og_type":"article","og_title":"Consell pedi\u00e0tric des de la farm\u00e0cia - Col\u00b7legi de Farmac\u00e8utics de Barcelona","og_description":"El pacient pedi\u00e0tric presenta unes peculiaritats fisiol\u00f2giques canviants en funci\u00f3 de la seva edat i grau de desenvolupament, pel que pot requerir, entre altres aspectes, d'enfocaments terap\u00e8utics espec\u00edfics, formes farmac\u00e8utiques concretes i ajustaments de la posologia.","og_url":"https:\/\/novaorg.cofb.net\/2020\/01\/31\/consell-pediatric-des-de-la-farmacia\/","og_site_name":"Col\u00b7legi de Farmac\u00e8utics de Barcelona","article_publisher":"https:\/\/www.facebook.com\/farmaceuticsbcn\/","article_published_time":"2020-01-31T11:51:54+00:00","author":"wpAdminCofbOrg","twitter_card":"summary_large_image","twitter_creator":"@farmaceuticsbcn","twitter_site":"@farmaceuticsbcn","twitter_misc":{"Escrito por":"wpAdminCofbOrg","Tiempo de lectura":"8 minutos"},"schema":{"@context":"https:\/\/schema.org","@graph":[{"@type":"Article","@id":"https:\/\/novaorg.cofb.net\/2020\/01\/31\/consell-pediatric-des-de-la-farmacia\/#article","isPartOf":{"@id":"https:\/\/novaorg.cofb.net\/2020\/01\/31\/consell-pediatric-des-de-la-farmacia\/"},"author":{"name":"wpAdminCofbOrg","@id":"https:\/\/www.cofb.org\/#\/schema\/person\/22ed7eea88da74b0fa4d3154ad87ffcb"},"headline":"Consell pedi\u00e0tric des de la farm\u00e0cia","datePublished":"2020-01-31T11:51:54+00:00","dateModified":"2020-01-31T11:51:54+00:00","mainEntityOfPage":{"@id":"https:\/\/novaorg.cofb.net\/2020\/01\/31\/consell-pediatric-des-de-la-farmacia\/"},"wordCount":1605,"commentCount":0,"publisher":{"@id":"https:\/\/www.cofb.org\/#organization"},"image":{"@id":"https:\/\/novaorg.cofb.net\/2020\/01\/31\/consell-pediatric-des-de-la-farmacia\/#primaryimage"},"thumbnailUrl":"","keywords":["adolescents","\u00c1gora Sanitaria","Aina Surroca","alimentaci\u00f3 infantil","analg\u00e8sics","antipir\u00e8tics","aparell respiratori","beb\u00e8","consultes sobre salut","cura de la pell","dolor","farm\u00e0cia comunit\u00e0ria","febre","ibuprof\u00e8n","nen","nena","nenes","nens","Opinions del Col\u00b7legi","pacient pedi\u00e0tric","Paracetamol","par\u00e0sits","pediatria","pell","polls","primeres cures","Recomanacions"],"articleSection":["Destacats","Opinions del Col\u00b7legi"],"inLanguage":"es","potentialAction":[{"@type":"CommentAction","name":"Comment","target":["https:\/\/novaorg.cofb.net\/2020\/01\/31\/consell-pediatric-des-de-la-farmacia\/#respond"]}]},{"@type":"WebPage","@id":"https:\/\/novaorg.cofb.net\/2020\/01\/31\/consell-pediatric-des-de-la-farmacia\/","url":"https:\/\/novaorg.cofb.net\/2020\/01\/31\/consell-pediatric-des-de-la-farmacia\/","name":"Consell pedi\u00e0tric des de la farm\u00e0cia - Col\u00b7legi de Farmac\u00e8utics de Barcelona","isPartOf":{"@id":"https:\/\/www.cofb.org\/#website"},"primaryImageOfPage":{"@id":"https:\/\/novaorg.cofb.net\/2020\/01\/31\/consell-pediatric-des-de-la-farmacia\/#primaryimage"},"image":{"@id":"https:\/\/novaorg.cofb.net\/2020\/01\/31\/consell-pediatric-des-de-la-farmacia\/#primaryimage"},"thumbnailUrl":"","datePublished":"2020-01-31T11:51:54+00:00","dateModified":"2020-01-31T11:51:54+00:00","description":"El pacient pedi\u00e0tric presenta unes peculiaritats fisiol\u00f2giques canviants en funci\u00f3 de la seva edat i grau de desenvolupament, pel que pot requerir, entre altres aspectes, d'enfocaments terap\u00e8utics espec\u00edfics, formes farmac\u00e8utiques concretes i ajustaments de la posologia.","breadcrumb":{"@id":"https:\/\/novaorg.cofb.net\/2020\/01\/31\/consell-pediatric-des-de-la-farmacia\/#breadcrumb"},"inLanguage":"es","potentialAction":[{"@type":"ReadAction","target":["https:\/\/novaorg.cofb.net\/2020\/01\/31\/consell-pediatric-des-de-la-farmacia\/"]}]},{"@type":"ImageObject","inLanguage":"es","@id":"https:\/\/novaorg.cofb.net\/2020\/01\/31\/consell-pediatric-des-de-la-farmacia\/#primaryimage","url":"","contentUrl":""},{"@type":"BreadcrumbList","@id":"https:\/\/novaorg.cofb.net\/2020\/01\/31\/consell-pediatric-des-de-la-farmacia\/#breadcrumb","itemListElement":[{"@type":"ListItem","position":1,"name":"Inici","item":"https:\/\/novaorg.cofb.net\/"},{"@type":"ListItem","position":2,"name":"Consell pedi\u00e0tric des de la farm\u00e0cia"}]},{"@type":"WebSite","@id":"https:\/\/www.cofb.org\/#website","url":"https:\/\/www.cofb.org\/","name":"Col\u00b7legi de Farmac\u00e8utics de Barcelona","description":"","publisher":{"@id":"https:\/\/www.cofb.org\/#organization"},"potentialAction":[{"@type":"SearchAction","target":{"@type":"EntryPoint","urlTemplate":"https:\/\/www.cofb.org\/?s={search_term_string}"},"query-input":"required name=search_term_string"}],"inLanguage":"es"},{"@type":"Organization","@id":"https:\/\/www.cofb.org\/#organization","name":"Col\u00b7legi de Farmac\u00e8utics de Barcelona","url":"https:\/\/www.cofb.org\/","logo":{"@type":"ImageObject","inLanguage":"es","@id":"https:\/\/www.cofb.org\/#\/schema\/logo\/image\/","url":"https:\/\/www.cofb.org\/wp-content\/uploads\/2023\/11\/cropped-Logotip-COFB.png","contentUrl":"https:\/\/www.cofb.org\/wp-content\/uploads\/2023\/11\/cropped-Logotip-COFB.png","width":500,"height":105,"caption":"Col\u00b7legi de Farmac\u00e8utics de Barcelona"},"image":{"@id":"https:\/\/www.cofb.org\/#\/schema\/logo\/image\/"},"sameAs":["https:\/\/www.facebook.com\/farmaceuticsbcn\/","https:\/\/twitter.com\/farmaceuticsbcn","https:\/\/www.instagram.com\/farmaceuticsbcn\/","https:\/\/www.linkedin.com\/company\/farmaceuticsbcn\/"]},{"@type":"Person","@id":"https:\/\/www.cofb.org\/#\/schema\/person\/22ed7eea88da74b0fa4d3154ad87ffcb","name":"wpAdminCofbOrg","image":{"@type":"ImageObject","inLanguage":"es","@id":"https:\/\/www.cofb.org\/#\/schema\/person\/image\/","url":"https:\/\/secure.gravatar.com\/avatar\/1721b20b3b8ca882c3b56ec6c978c594fff670e40c0718e9190eaeeb76aae7d8?s=96&d=mm&r=g","contentUrl":"https:\/\/secure.gravatar.com\/avatar\/1721b20b3b8ca882c3b56ec6c978c594fff670e40c0718e9190eaeeb76aae7d8?s=96&d=mm&r=g","caption":"wpAdminCofbOrg"},"sameAs":["http:\/\/192.168.64.122\/wordpress"],"url":"https:\/\/www.cofb.org\/es\/author\/wpadmincofborg\/"}]}},"uagb_featured_image_src":{"full":false,"thumbnail":false,"medium":false,"medium_large":false,"large":false,"1536x1536":false,"2048x2048":false,"trp-custom-language-flag":false},"uagb_author_info":{"display_name":"wpAdminCofbOrg","author_link":"https:\/\/www.cofb.org\/es\/author\/wpadmincofborg\/"},"uagb_comment_info":0,"uagb_excerpt":"Article d&#8217;Aina Surroca Reb\u00e9s, farmac\u00e8utica comunit\u00e0ria, vocal de la Junta i responsable de la Comissi\u00f3 de Formaci\u00f3 Continuada del Col\u00b7legi de Farmac\u00e8utics de Barcelona. &#8220;La nostra proximitat fa de la farm\u00e0cia un punt freq\u00fcent de consultes sobre la salut, pel que podem acompanyar amb consells sobre la cura infantil als [&hellip;]","_links":{"self":[{"href":"https:\/\/www.cofb.org\/es\/wp-json\/wp\/v2\/posts\/49035","targetHints":{"allow":["GET"]}}],"collection":[{"href":"https:\/\/www.cofb.org\/es\/wp-json\/wp\/v2\/posts"}],"about":[{"href":"https:\/\/www.cofb.org\/es\/wp-json\/wp\/v2\/types\/post"}],"author":[{"embeddable":true,"href":"https:\/\/www.cofb.org\/es\/wp-json\/wp\/v2\/users\/1"}],"replies":[{"embeddable":true,"href":"https:\/\/www.cofb.org\/es\/wp-json\/wp\/v2\/comments?post=49035"}],"version-history":[{"count":0,"href":"https:\/\/www.cofb.org\/es\/wp-json\/wp\/v2\/posts\/49035\/revisions"}],"wp:featuredmedia":[{"embeddable":true,"href":"https:\/\/www.cofb.org\/es\/wp-json\/"}],"wp:attachment":[{"href":"https:\/\/www.cofb.org\/es\/wp-json\/wp\/v2\/media?parent=49035"}],"wp:term":[{"taxonomy":"category","embeddable":true,"href":"https:\/\/www.cofb.org\/es\/wp-json\/wp\/v2\/categories?post=49035"},{"taxonomy":"post_tag","embeddable":true,"href":"https:\/\/www.cofb.org\/es\/wp-json\/wp\/v2\/tags?post=49035"}],"curies":[{"name":"wp","href":"https:\/\/api.w.org\/{rel}","templated":true}]}}