{"id":48834,"date":"2020-01-08T13:50:42","date_gmt":"2020-01-08T11:50:42","guid":{"rendered":"https:\/\/blog.cofb.cat\/?p=48834"},"modified":"2020-01-08T13:50:42","modified_gmt":"2020-01-08T11:50:42","slug":"programa-cancer-colon-recte-barcelona-balanc-10-anys-dun-projecte-consolidat","status":"publish","type":"post","link":"https:\/\/www.cofb.org\/es\/2020\/01\/08\/programa-cancer-colon-recte-barcelona-balanc-10-anys-dun-projecte-consolidat\/","title":{"rendered":"Programa de C\u00e1ncer de Colon y Recto en Barcelona. Balance de 10 a\u00f1os de un proyecto consolidado"},"content":{"rendered":"<h3><\/h3>\n<h3><strong>Art\u00edculo de Jordi de Dalmases, presidente del Colegio de Farmac\u00e9uticos de Barcelona.<\/strong><\/h3>\n<div class=\"destacat-blog\">\n<h4><strong><span style=\"color: #008080;\"><em>\u201cEl Programa de Detecci\u00f3n Precoz de C\u00e1ncer de Colon y Recto ha supuesto una de las mejores actividades que hemos desarrollado en la prevenci\u00f3n de la enfermedad, y en el conjunto de lo que representa la farmacia asistencial que impulsamos a diario y que creemos que es por d\u00f3nde hemos de encaminar el futuro de nuestra profesi\u00f3n\u201d<\/em><\/span><\/strong><\/h4>\n<\/div>\n<p>Este mes de diciembre cumpli\u00f3 10 a\u00f1os que iniciamos el <strong>Programa de detecci\u00f3n precoz de c\u00e1ncer de colon y recto<\/strong>, una efem\u00e9ride que nos llena de alegr\u00eda y nos hace mucha ilusi\u00f3n poder compartir con todos vosotros. Si hace una d\u00e9cada apenas empez\u00e1bamos desde cero, con una prueba piloto por delante y mucho trabajo por hacer, hoy nos encontramos ante un <strong>proyecto consolidado<\/strong>, que hemos conseguido concertar con el Departamento de Salud y, lo m\u00e1s importante, hemos demostrado que el modelo organizativo que implica a las farmacias comunitarias es exitoso y fundamental para acercar a la poblaci\u00f3n herramientas de cribado oportunista del c\u00e1ncer colorrectal.<\/p>\n<p>Para comprobarlo, basta con echar una mirada r\u00e1pida a todos los resultados conseguidos. Durante este per\u00edodo, se han realizado <strong>m\u00e1s de 575.000 pruebas de sangre oculta en heces<\/strong> que han permitido <strong>diagnosticar cerca de 1.300 c\u00e1nceres invasivos y extirpar p\u00f3lipos con potencial de malignizaci\u00f3n en 15.500 personas<\/strong>, de las cuales el 64% son de riesgo intermedio o alto. Y, en conjunto, se han enviado cerca de 1,4 millones de invitaciones personales a m\u00e1s de 566.000 personas.<\/p>\n<figure id=\"attachment_48932\" aria-describedby=\"caption-attachment-48932\" style=\"width: 1023px\" class=\"wp-caption aligncenter\"><a href=\"https:\/\/blog.cofb.cat\/wp-content\/uploads\/2020\/01\/10-anys-PDPCCR.jpg\"><img fetchpriority=\"high\" decoding=\"async\" class=\"wp-image-48932 size-full\" title=\"Un momento de la intervenci\u00f3n de Jordi de Dalmases, presidente del COFB y del CCFC, durante la jornada que celebraba los 10 a\u00f1os del inicio del Programa de Detecci\u00f3n Precoz de C\u00e1ncer de Colon y Recto en la ciudad de Barcelona.\" src=\"https:\/\/blog.cofb.cat\/wp-content\/uploads\/2020\/01\/10-anys-PDPCCR.jpg\" alt=\"Un moment de la intervenci\u00f3 de Jordi de Dalmases, president del COFB i del CCFC, durant la jornada que celebrava els 10 anys del comen\u00e7ament del Programa de Detecci\u00f3 Preco\u00e7 de C\u00e0ncer de C\u00f2lon i Recte a la ciutat de Barcelona.\" width=\"1023\" height=\"764\" \/><\/a><figcaption id=\"caption-attachment-48932\" class=\"wp-caption-text\">Un momento de la intervenci\u00f3n de Jordi de Dalmases, presidente del COFB y del CCFC, durante la jornada que celebraba los 10 a\u00f1os del inicio del Programa de Detecci\u00f3n Precoz de C\u00e1ncer de Colon y Recto en la ciudad de Barcelona.<\/figcaption><\/figure>\n<p>Pero m\u00e1s all\u00e1 de hacer balance de los logros conseguidos, con este escrito <strong>quiero daros las GRACIAS<\/strong>. Agradezco, sinceramente, el trabajo de todos los farmac\u00e9uticos y farmac\u00e9uticas que se puso a trabajar en un inicio de manera totalmente altruista y que luch\u00f3 y dedic\u00f3 muchas horas para que el proyecto saliera adelante. Tambi\u00e9n <strong>el trabajo de todos aquellos que se han ido incorporando despu\u00e9s para dar continuidad al cribado y aportar su granito de arena<\/strong>. Sin todos vosotros no habr\u00eda sido posible llegar a donde estamos hoy y, sin duda, tenemos muchos motivos para pronunciar bien alto la palabra <strong>ORGULL.<\/strong><\/p>\n<p><strong>Os aliento a seguir contribuyendo incansablemente al impulso de este proyecto<\/strong>, que siempre hemos visto como una gran oportunidad para el reconocimiento de la labor asistencial del farmac\u00e9utico. Dentro de este \u00e1mbito, ha supuesto <strong>una de las mejores actividades que hemos desarrollado en la prevenci\u00f3n de la enfermedad y en el conjunto de lo que representa la farmacia asistencial que impulsamos a diario y que creemos que es por donde debemos encaminar el futuro de nuestra profesi\u00f3n<\/strong>.<\/p>\n<p>Con la mirada puesta hacia la pr\u00f3xima d\u00e9cada del Programa, <strong>hay que fijarnos nuevos retos<\/strong> que, seguro, lograremos si trabajamos como lo hemos hecho hasta ahora, <strong>uniendo los esfuerzos de todos los agentes sanitarios<\/strong> para mejorar lo que debe ser siempre nuestra prioridad: la salud y el bienestar de las personas.<\/p>\n<div class=\"box success\"><\/div>\n<h1><span style=\"color: #008080;\"><strong>10 a\u00f1os liderando, haciendo equipo, innovando, sumando, so\u00f1ando\u2026<\/strong><\/span><\/h1>\n<p><strong>V\u00eddeo<\/strong> realizado con motivo de la <strong>celebraci\u00f3n de los 10 a\u00f1os en la ciudad de Barcelona del Programa de Detecci\u00f3n Precoz de C\u00e1ncer de Colon y Recto (PDPCCR)<\/strong>, que est\u00e1 impulsado por el Departamento de Salud, liderado por el Hospital Cl\u00ednic y el Hospital del Mar, y cuenta con la colaboraci\u00f3n del Colegio de Farmac\u00e9uticos de Barcelona (COFB).<br \/>\n<iframe src=\"https:\/\/player.vimeo.com\/video\/380286752\" width=\"640\" height=\"360\" frameborder=\"0\" allowfullscreen=\"allowfullscreen\" data-mce-fragment=\"1\"><\/iframe><br \/>\nLa pieza recoge el testimonio del equipo humano que ha trabajado a lo largo de esta d\u00e9cada para impulsar el programa de cribado. <strong>Miembros de la Junta y t\u00e9cnicos del Colegio de Farmac\u00e9uticos de Barcelona y el Consejo de Colegios Farmac\u00e9uticos de Catalu\u00f1a, farmac\u00e9uticos que participan y representantes del sector de la distribuci\u00f3n<\/strong> hacen balance de estos 10 a\u00f1os y comparten su visi\u00f3n sobre <strong>pasado, presente y futuro de un programa que ha contribuido a fortalecer la farmacia asistencial<\/strong> y, sobre todo, la calidad de vida de la poblaci\u00f3n.<\/p>\n<\/div>\n<p><strong>Otras publicaciones de inter\u00e9s:<\/strong><\/p>\n<ul>\n<li><a href=\"https:\/\/blog.cofb.cat\/el-programa-de-deteccio-precoc-de-cancer-de-colon-i-recte-celebra-10-anys-a-la-ciutat-de-barcelona\/\" target=\"_blank\" rel=\"noopener\">El Programa de Detecci\u00f3n Precoz de C\u00e1ncer de Colon y Recto celebra 10 a\u00f1os en Barcelona (Diciembre 2019)<\/a><\/li>\n<li><a href=\"https:\/\/blog.cofb.cat\/20-marc-jornada-prevencio-cancer-colon-recte\/\" target=\"_blank\" rel=\"noopener\">20 de marzo: Jornada para la prevenci\u00f3n del c\u00e1ncer de colon y recto (Marzo 2018)<\/a><\/li>\n<li><a href=\"https:\/\/blog.cofb.cat\/tot-punt-per-la-caminada-per-la-prevencio-del-cancer-de-colon-el-21-de-gener\/\" target=\"_blank\" rel=\"noopener\">Todo listo para la caminata por la prevenci\u00f3n del c\u00e1ncer de colon y recto el 21 de enero (Enero 2018)<\/a><\/li>\n<\/ul>","protected":false},"excerpt":{"rendered":"<p>Art\u00edculo de Jordi de Dalmases, presidente del Colegio de Farmac\u00e9uticos de Barcelona. \u201cEl Programa de Detecci\u00f3n Precoz de C\u00e1ncer de Colon y Recto ha supuesto una de las mejores actividades que hemos desarrollado en la prevenci\u00f3n de la enfermedad, y en el conjunto de lo que representa la farmacia asistencial que impulsamos [\u2026]<\/p>","protected":false},"author":1,"featured_media":48959,"comment_status":"open","ping_status":"open","sticky":false,"template":"","format":"standard","meta":{"_uag_custom_page_level_css":"","site-sidebar-layout":"default","site-content-layout":"","ast-site-content-layout":"default","site-content-style":"default","site-sidebar-style":"default","ast-global-header-display":"","ast-banner-title-visibility":"","ast-main-header-display":"","ast-hfb-above-header-display":"","ast-hfb-below-header-display":"","ast-hfb-mobile-header-display":"","site-post-title":"","ast-breadcrumbs-content":"","ast-featured-img":"disabled","footer-sml-layout":"","theme-transparent-header-meta":"","adv-header-id-meta":"","stick-header-meta":"","header-above-stick-meta":"","header-main-stick-meta":"","header-below-stick-meta":"","astra-migrate-meta-layouts":"default","ast-page-background-enabled":"default","ast-page-background-meta":{"desktop":{"background-color":"var(--ast-global-color-4)","background-image":"","background-repeat":"repeat","background-position":"center center","background-size":"auto","background-attachment":"scroll","background-type":"","background-media":"","overlay-type":"","overlay-color":"","overlay-opacity":"","overlay-gradient":""},"tablet":{"background-color":"","background-image":"","background-repeat":"repeat","background-position":"center center","background-size":"auto","background-attachment":"scroll","background-type":"","background-media":"","overlay-type":"","overlay-color":"","overlay-opacity":"","overlay-gradient":""},"mobile":{"background-color":"","background-image":"","background-repeat":"repeat","background-position":"center center","background-size":"auto","background-attachment":"scroll","background-type":"","background-media":"","overlay-type":"","overlay-color":"","overlay-opacity":"","overlay-gradient":""}},"ast-content-background-meta":{"desktop":{"background-color":"var(--ast-global-color-5)","background-image":"","background-repeat":"repeat","background-position":"center center","background-size":"auto","background-attachment":"scroll","background-type":"","background-media":"","overlay-type":"","overlay-color":"","overlay-opacity":"","overlay-gradient":""},"tablet":{"background-color":"var(--ast-global-color-5)","background-image":"","background-repeat":"repeat","background-position":"center center","background-size":"auto","background-attachment":"scroll","background-type":"","background-media":"","overlay-type":"","overlay-color":"","overlay-opacity":"","overlay-gradient":""},"mobile":{"background-color":"var(--ast-global-color-5)","background-image":"","background-repeat":"repeat","background-position":"center center","background-size":"auto","background-attachment":"scroll","background-type":"","background-media":"","overlay-type":"","overlay-color":"","overlay-opacity":"","overlay-gradient":""}},"footnotes":""},"categories":[23,489],"tags":[3800,3801,689,957,3802,2176,18,19,255,2151,53,68,113,3290],"class_list":["post-48834","post","type-post","status-publish","format-standard","has-post-thumbnail","hentry","category-destacats","category-opinions-del-collegi","tag-10-anys","tag-activitats-assistencials","tag-barcelona","tag-cancer-de-colon","tag-cancer-de-colon-i-recte","tag-cartera-de-serveis","tag-cofb","tag-collegi-de-farmaceutics-de-barcelona","tag-deteccio-precoc","tag-deteccio-precoc-malalties","tag-farmaceutics","tag-farmacia","tag-farmacia-assistencial","tag-programa-de-deteccio-precoc-del-cancer-de-colon-i-recte"],"yoast_head":"<!-- This site is optimized with the Yoast SEO plugin v22.4 - https:\/\/yoast.com\/wordpress\/plugins\/seo\/ -->\n<title>Programa de C\u00e0ncer de C\u00f2lon i Recte a Barcelona. Balan\u00e7 de 10 anys d&#039;un projecte consolidat - Col\u00b7legi de Farmac\u00e8utics de Barcelona<\/title>\n<meta name=\"description\" content=\"Aquest mes de desembre far\u00e0 10 anys que vam iniciar el Programa de detecci\u00f3 preco\u00e7 de c\u00e0ncer de c\u00f2lon i recte, una efem\u00e8ride que ens omple d&#039;alegria i ens fa molta il\u00b7lusi\u00f3 poder compartir amb tots vosaltres.\" \/>\n<meta name=\"robots\" content=\"index, follow, max-snippet:-1, max-image-preview:large, max-video-preview:-1\" \/>\n<link rel=\"canonical\" href=\"https:\/\/novaorg.cofb.net\/2020\/01\/08\/programa-cancer-colon-recte-barcelona-balanc-10-anys-dun-projecte-consolidat\/\" \/>\n<meta property=\"og:locale\" content=\"es_ES\" \/>\n<meta property=\"og:type\" content=\"article\" \/>\n<meta property=\"og:title\" content=\"Programa de C\u00e0ncer de C\u00f2lon i Recte a Barcelona. Balan\u00e7 de 10 anys d&#039;un projecte consolidat - Col\u00b7legi de Farmac\u00e8utics de Barcelona\" \/>\n<meta property=\"og:description\" content=\"Aquest mes de desembre far\u00e0 10 anys que vam iniciar el Programa de detecci\u00f3 preco\u00e7 de c\u00e0ncer de c\u00f2lon i recte, una efem\u00e8ride que ens omple d&#039;alegria i ens fa molta il\u00b7lusi\u00f3 poder compartir amb tots vosaltres.\" \/>\n<meta property=\"og:url\" content=\"https:\/\/novaorg.cofb.net\/2020\/01\/08\/programa-cancer-colon-recte-barcelona-balanc-10-anys-dun-projecte-consolidat\/\" \/>\n<meta property=\"og:site_name\" content=\"Col\u00b7legi de Farmac\u00e8utics de Barcelona\" \/>\n<meta property=\"article:publisher\" content=\"https:\/\/www.facebook.com\/farmaceuticsbcn\/\" \/>\n<meta property=\"article:published_time\" content=\"2020-01-08T11:50:42+00:00\" \/>\n<meta name=\"author\" content=\"wpAdminCofbOrg\" \/>\n<meta name=\"twitter:card\" content=\"summary_large_image\" \/>\n<meta name=\"twitter:creator\" content=\"@farmaceuticsbcn\" \/>\n<meta name=\"twitter:site\" content=\"@farmaceuticsbcn\" \/>\n<meta name=\"twitter:label1\" content=\"Escrito por\" \/>\n\t<meta name=\"twitter:data1\" content=\"wpAdminCofbOrg\" \/>\n\t<meta name=\"twitter:label2\" content=\"Tiempo de lectura\" \/>\n\t<meta name=\"twitter:data2\" content=\"4 minutos\" \/>\n<script type=\"application\/ld+json\" class=\"yoast-schema-graph\">{\"@context\":\"https:\/\/schema.org\",\"@graph\":[{\"@type\":\"Article\",\"@id\":\"https:\/\/novaorg.cofb.net\/2020\/01\/08\/programa-cancer-colon-recte-barcelona-balanc-10-anys-dun-projecte-consolidat\/#article\",\"isPartOf\":{\"@id\":\"https:\/\/novaorg.cofb.net\/2020\/01\/08\/programa-cancer-colon-recte-barcelona-balanc-10-anys-dun-projecte-consolidat\/\"},\"author\":{\"name\":\"wpAdminCofbOrg\",\"@id\":\"https:\/\/www.cofb.org\/#\/schema\/person\/22ed7eea88da74b0fa4d3154ad87ffcb\"},\"headline\":\"Programa de C\u00e0ncer de C\u00f2lon i Recte a Barcelona. Balan\u00e7 de 10 anys d&#8217;un projecte consolidat\",\"datePublished\":\"2020-01-08T11:50:42+00:00\",\"dateModified\":\"2020-01-08T11:50:42+00:00\",\"mainEntityOfPage\":{\"@id\":\"https:\/\/novaorg.cofb.net\/2020\/01\/08\/programa-cancer-colon-recte-barcelona-balanc-10-anys-dun-projecte-consolidat\/\"},\"wordCount\":816,\"commentCount\":0,\"publisher\":{\"@id\":\"https:\/\/www.cofb.org\/#organization\"},\"image\":{\"@id\":\"https:\/\/novaorg.cofb.net\/2020\/01\/08\/programa-cancer-colon-recte-barcelona-balanc-10-anys-dun-projecte-consolidat\/#primaryimage\"},\"thumbnailUrl\":\"\",\"keywords\":[\"10 anys\",\"activitats assistencials\",\"Barcelona\",\"c\u00e0ncer de c\u00f2lon\",\"c\u00e0ncer de c\u00f2lon i recte\",\"cartera de serveis\",\"COFB\",\"Col\u00b7legi de Farmac\u00e8utics de Barcelona\",\"detecci\u00f3 preco\u00e7\",\"Detecci\u00f3 preco\u00e7 malalties\",\"farmac\u00e8utics\",\"Farm\u00e0cia\",\"farm\u00e0cia assistencial\",\"Programa de Detecci\u00f3 Preco\u00e7 del C\u00e0ncer de C\u00f2lon i Recte\"],\"articleSection\":[\"Destacats\",\"Opinions del Col\u00b7legi\"],\"inLanguage\":\"es\",\"potentialAction\":[{\"@type\":\"CommentAction\",\"name\":\"Comment\",\"target\":[\"https:\/\/novaorg.cofb.net\/2020\/01\/08\/programa-cancer-colon-recte-barcelona-balanc-10-anys-dun-projecte-consolidat\/#respond\"]}]},{\"@type\":\"WebPage\",\"@id\":\"https:\/\/novaorg.cofb.net\/2020\/01\/08\/programa-cancer-colon-recte-barcelona-balanc-10-anys-dun-projecte-consolidat\/\",\"url\":\"https:\/\/novaorg.cofb.net\/2020\/01\/08\/programa-cancer-colon-recte-barcelona-balanc-10-anys-dun-projecte-consolidat\/\",\"name\":\"Programa de C\u00e0ncer de C\u00f2lon i Recte a Barcelona. Balan\u00e7 de 10 anys d'un projecte consolidat - Col\u00b7legi de Farmac\u00e8utics de Barcelona\",\"isPartOf\":{\"@id\":\"https:\/\/www.cofb.org\/#website\"},\"primaryImageOfPage\":{\"@id\":\"https:\/\/novaorg.cofb.net\/2020\/01\/08\/programa-cancer-colon-recte-barcelona-balanc-10-anys-dun-projecte-consolidat\/#primaryimage\"},\"image\":{\"@id\":\"https:\/\/novaorg.cofb.net\/2020\/01\/08\/programa-cancer-colon-recte-barcelona-balanc-10-anys-dun-projecte-consolidat\/#primaryimage\"},\"thumbnailUrl\":\"\",\"datePublished\":\"2020-01-08T11:50:42+00:00\",\"dateModified\":\"2020-01-08T11:50:42+00:00\",\"description\":\"Aquest mes de desembre far\u00e0 10 anys que vam iniciar el Programa de detecci\u00f3 preco\u00e7 de c\u00e0ncer de c\u00f2lon i recte, una efem\u00e8ride que ens omple d'alegria i ens fa molta il\u00b7lusi\u00f3 poder compartir amb tots vosaltres.\",\"breadcrumb\":{\"@id\":\"https:\/\/novaorg.cofb.net\/2020\/01\/08\/programa-cancer-colon-recte-barcelona-balanc-10-anys-dun-projecte-consolidat\/#breadcrumb\"},\"inLanguage\":\"es\",\"potentialAction\":[{\"@type\":\"ReadAction\",\"target\":[\"https:\/\/novaorg.cofb.net\/2020\/01\/08\/programa-cancer-colon-recte-barcelona-balanc-10-anys-dun-projecte-consolidat\/\"]}]},{\"@type\":\"ImageObject\",\"inLanguage\":\"es\",\"@id\":\"https:\/\/novaorg.cofb.net\/2020\/01\/08\/programa-cancer-colon-recte-barcelona-balanc-10-anys-dun-projecte-consolidat\/#primaryimage\",\"url\":\"\",\"contentUrl\":\"\"},{\"@type\":\"BreadcrumbList\",\"@id\":\"https:\/\/novaorg.cofb.net\/2020\/01\/08\/programa-cancer-colon-recte-barcelona-balanc-10-anys-dun-projecte-consolidat\/#breadcrumb\",\"itemListElement\":[{\"@type\":\"ListItem\",\"position\":1,\"name\":\"Inici\",\"item\":\"https:\/\/novaorg.cofb.net\/\"},{\"@type\":\"ListItem\",\"position\":2,\"name\":\"Programa de C\u00e0ncer de C\u00f2lon i Recte a Barcelona. Balan\u00e7 de 10 anys d&#8217;un projecte consolidat\"}]},{\"@type\":\"WebSite\",\"@id\":\"https:\/\/www.cofb.org\/#website\",\"url\":\"https:\/\/www.cofb.org\/\",\"name\":\"Col\u00b7legi de Farmac\u00e8utics de Barcelona\",\"description\":\"\",\"publisher\":{\"@id\":\"https:\/\/www.cofb.org\/#organization\"},\"potentialAction\":[{\"@type\":\"SearchAction\",\"target\":{\"@type\":\"EntryPoint\",\"urlTemplate\":\"https:\/\/www.cofb.org\/?s={search_term_string}\"},\"query-input\":\"required name=search_term_string\"}],\"inLanguage\":\"es\"},{\"@type\":\"Organization\",\"@id\":\"https:\/\/www.cofb.org\/#organization\",\"name\":\"Col\u00b7legi de Farmac\u00e8utics de Barcelona\",\"url\":\"https:\/\/www.cofb.org\/\",\"logo\":{\"@type\":\"ImageObject\",\"inLanguage\":\"es\",\"@id\":\"https:\/\/www.cofb.org\/#\/schema\/logo\/image\/\",\"url\":\"https:\/\/www.cofb.org\/wp-content\/uploads\/2023\/11\/cropped-Logotip-COFB.png\",\"contentUrl\":\"https:\/\/www.cofb.org\/wp-content\/uploads\/2023\/11\/cropped-Logotip-COFB.png\",\"width\":500,\"height\":105,\"caption\":\"Col\u00b7legi de Farmac\u00e8utics de Barcelona\"},\"image\":{\"@id\":\"https:\/\/www.cofb.org\/#\/schema\/logo\/image\/\"},\"sameAs\":[\"https:\/\/www.facebook.com\/farmaceuticsbcn\/\",\"https:\/\/twitter.com\/farmaceuticsbcn\",\"https:\/\/www.instagram.com\/farmaceuticsbcn\/\",\"https:\/\/www.linkedin.com\/company\/farmaceuticsbcn\/\"]},{\"@type\":\"Person\",\"@id\":\"https:\/\/www.cofb.org\/#\/schema\/person\/22ed7eea88da74b0fa4d3154ad87ffcb\",\"name\":\"wpAdminCofbOrg\",\"image\":{\"@type\":\"ImageObject\",\"inLanguage\":\"es\",\"@id\":\"https:\/\/www.cofb.org\/#\/schema\/person\/image\/\",\"url\":\"https:\/\/secure.gravatar.com\/avatar\/1721b20b3b8ca882c3b56ec6c978c594fff670e40c0718e9190eaeeb76aae7d8?s=96&d=mm&r=g\",\"contentUrl\":\"https:\/\/secure.gravatar.com\/avatar\/1721b20b3b8ca882c3b56ec6c978c594fff670e40c0718e9190eaeeb76aae7d8?s=96&d=mm&r=g\",\"caption\":\"wpAdminCofbOrg\"},\"sameAs\":[\"http:\/\/192.168.64.122\/wordpress\"],\"url\":\"https:\/\/www.cofb.org\/es\/author\/wpadmincofborg\/\"}]}<\/script>\n<!-- \/ Yoast SEO plugin. -->","yoast_head_json":{"title":"Programa de C\u00e0ncer de C\u00f2lon i Recte a Barcelona. Balan\u00e7 de 10 anys d'un projecte consolidat - Col\u00b7legi de Farmac\u00e8utics de Barcelona","description":"Aquest mes de desembre far\u00e0 10 anys que vam iniciar el Programa de detecci\u00f3 preco\u00e7 de c\u00e0ncer de c\u00f2lon i recte, una efem\u00e8ride que ens omple d'alegria i ens fa molta il\u00b7lusi\u00f3 poder compartir amb tots vosaltres.","robots":{"index":"index","follow":"follow","max-snippet":"max-snippet:-1","max-image-preview":"max-image-preview:large","max-video-preview":"max-video-preview:-1"},"canonical":"https:\/\/novaorg.cofb.net\/2020\/01\/08\/programa-cancer-colon-recte-barcelona-balanc-10-anys-dun-projecte-consolidat\/","og_locale":"es_ES","og_type":"article","og_title":"Programa de C\u00e0ncer de C\u00f2lon i Recte a Barcelona. Balan\u00e7 de 10 anys d'un projecte consolidat - Col\u00b7legi de Farmac\u00e8utics de Barcelona","og_description":"Aquest mes de desembre far\u00e0 10 anys que vam iniciar el Programa de detecci\u00f3 preco\u00e7 de c\u00e0ncer de c\u00f2lon i recte, una efem\u00e8ride que ens omple d'alegria i ens fa molta il\u00b7lusi\u00f3 poder compartir amb tots vosaltres.","og_url":"https:\/\/novaorg.cofb.net\/2020\/01\/08\/programa-cancer-colon-recte-barcelona-balanc-10-anys-dun-projecte-consolidat\/","og_site_name":"Col\u00b7legi de Farmac\u00e8utics de Barcelona","article_publisher":"https:\/\/www.facebook.com\/farmaceuticsbcn\/","article_published_time":"2020-01-08T11:50:42+00:00","author":"wpAdminCofbOrg","twitter_card":"summary_large_image","twitter_creator":"@farmaceuticsbcn","twitter_site":"@farmaceuticsbcn","twitter_misc":{"Escrito por":"wpAdminCofbOrg","Tiempo de lectura":"4 minutos"},"schema":{"@context":"https:\/\/schema.org","@graph":[{"@type":"Article","@id":"https:\/\/novaorg.cofb.net\/2020\/01\/08\/programa-cancer-colon-recte-barcelona-balanc-10-anys-dun-projecte-consolidat\/#article","isPartOf":{"@id":"https:\/\/novaorg.cofb.net\/2020\/01\/08\/programa-cancer-colon-recte-barcelona-balanc-10-anys-dun-projecte-consolidat\/"},"author":{"name":"wpAdminCofbOrg","@id":"https:\/\/www.cofb.org\/#\/schema\/person\/22ed7eea88da74b0fa4d3154ad87ffcb"},"headline":"Programa de C\u00e0ncer de C\u00f2lon i Recte a Barcelona. Balan\u00e7 de 10 anys d&#8217;un projecte consolidat","datePublished":"2020-01-08T11:50:42+00:00","dateModified":"2020-01-08T11:50:42+00:00","mainEntityOfPage":{"@id":"https:\/\/novaorg.cofb.net\/2020\/01\/08\/programa-cancer-colon-recte-barcelona-balanc-10-anys-dun-projecte-consolidat\/"},"wordCount":816,"commentCount":0,"publisher":{"@id":"https:\/\/www.cofb.org\/#organization"},"image":{"@id":"https:\/\/novaorg.cofb.net\/2020\/01\/08\/programa-cancer-colon-recte-barcelona-balanc-10-anys-dun-projecte-consolidat\/#primaryimage"},"thumbnailUrl":"","keywords":["10 anys","activitats assistencials","Barcelona","c\u00e0ncer de c\u00f2lon","c\u00e0ncer de c\u00f2lon i recte","cartera de serveis","COFB","Col\u00b7legi de Farmac\u00e8utics de Barcelona","detecci\u00f3 preco\u00e7","Detecci\u00f3 preco\u00e7 malalties","farmac\u00e8utics","Farm\u00e0cia","farm\u00e0cia assistencial","Programa de Detecci\u00f3 Preco\u00e7 del C\u00e0ncer de C\u00f2lon i Recte"],"articleSection":["Destacats","Opinions del Col\u00b7legi"],"inLanguage":"es","potentialAction":[{"@type":"CommentAction","name":"Comment","target":["https:\/\/novaorg.cofb.net\/2020\/01\/08\/programa-cancer-colon-recte-barcelona-balanc-10-anys-dun-projecte-consolidat\/#respond"]}]},{"@type":"WebPage","@id":"https:\/\/novaorg.cofb.net\/2020\/01\/08\/programa-cancer-colon-recte-barcelona-balanc-10-anys-dun-projecte-consolidat\/","url":"https:\/\/novaorg.cofb.net\/2020\/01\/08\/programa-cancer-colon-recte-barcelona-balanc-10-anys-dun-projecte-consolidat\/","name":"Programa de C\u00e0ncer de C\u00f2lon i Recte a Barcelona. Balan\u00e7 de 10 anys d'un projecte consolidat - Col\u00b7legi de Farmac\u00e8utics de Barcelona","isPartOf":{"@id":"https:\/\/www.cofb.org\/#website"},"primaryImageOfPage":{"@id":"https:\/\/novaorg.cofb.net\/2020\/01\/08\/programa-cancer-colon-recte-barcelona-balanc-10-anys-dun-projecte-consolidat\/#primaryimage"},"image":{"@id":"https:\/\/novaorg.cofb.net\/2020\/01\/08\/programa-cancer-colon-recte-barcelona-balanc-10-anys-dun-projecte-consolidat\/#primaryimage"},"thumbnailUrl":"","datePublished":"2020-01-08T11:50:42+00:00","dateModified":"2020-01-08T11:50:42+00:00","description":"Aquest mes de desembre far\u00e0 10 anys que vam iniciar el Programa de detecci\u00f3 preco\u00e7 de c\u00e0ncer de c\u00f2lon i recte, una efem\u00e8ride que ens omple d'alegria i ens fa molta il\u00b7lusi\u00f3 poder compartir amb tots vosaltres.","breadcrumb":{"@id":"https:\/\/novaorg.cofb.net\/2020\/01\/08\/programa-cancer-colon-recte-barcelona-balanc-10-anys-dun-projecte-consolidat\/#breadcrumb"},"inLanguage":"es","potentialAction":[{"@type":"ReadAction","target":["https:\/\/novaorg.cofb.net\/2020\/01\/08\/programa-cancer-colon-recte-barcelona-balanc-10-anys-dun-projecte-consolidat\/"]}]},{"@type":"ImageObject","inLanguage":"es","@id":"https:\/\/novaorg.cofb.net\/2020\/01\/08\/programa-cancer-colon-recte-barcelona-balanc-10-anys-dun-projecte-consolidat\/#primaryimage","url":"","contentUrl":""},{"@type":"BreadcrumbList","@id":"https:\/\/novaorg.cofb.net\/2020\/01\/08\/programa-cancer-colon-recte-barcelona-balanc-10-anys-dun-projecte-consolidat\/#breadcrumb","itemListElement":[{"@type":"ListItem","position":1,"name":"Inici","item":"https:\/\/novaorg.cofb.net\/"},{"@type":"ListItem","position":2,"name":"Programa de C\u00e0ncer de C\u00f2lon i Recte a Barcelona. Balan\u00e7 de 10 anys d&#8217;un projecte consolidat"}]},{"@type":"WebSite","@id":"https:\/\/www.cofb.org\/#website","url":"https:\/\/www.cofb.org\/","name":"Col\u00b7legi de Farmac\u00e8utics de Barcelona","description":"","publisher":{"@id":"https:\/\/www.cofb.org\/#organization"},"potentialAction":[{"@type":"SearchAction","target":{"@type":"EntryPoint","urlTemplate":"https:\/\/www.cofb.org\/?s={search_term_string}"},"query-input":"required name=search_term_string"}],"inLanguage":"es"},{"@type":"Organization","@id":"https:\/\/www.cofb.org\/#organization","name":"Col\u00b7legi de Farmac\u00e8utics de Barcelona","url":"https:\/\/www.cofb.org\/","logo":{"@type":"ImageObject","inLanguage":"es","@id":"https:\/\/www.cofb.org\/#\/schema\/logo\/image\/","url":"https:\/\/www.cofb.org\/wp-content\/uploads\/2023\/11\/cropped-Logotip-COFB.png","contentUrl":"https:\/\/www.cofb.org\/wp-content\/uploads\/2023\/11\/cropped-Logotip-COFB.png","width":500,"height":105,"caption":"Col\u00b7legi de Farmac\u00e8utics de Barcelona"},"image":{"@id":"https:\/\/www.cofb.org\/#\/schema\/logo\/image\/"},"sameAs":["https:\/\/www.facebook.com\/farmaceuticsbcn\/","https:\/\/twitter.com\/farmaceuticsbcn","https:\/\/www.instagram.com\/farmaceuticsbcn\/","https:\/\/www.linkedin.com\/company\/farmaceuticsbcn\/"]},{"@type":"Person","@id":"https:\/\/www.cofb.org\/#\/schema\/person\/22ed7eea88da74b0fa4d3154ad87ffcb","name":"wpAdminCofbOrg","image":{"@type":"ImageObject","inLanguage":"es","@id":"https:\/\/www.cofb.org\/#\/schema\/person\/image\/","url":"https:\/\/secure.gravatar.com\/avatar\/1721b20b3b8ca882c3b56ec6c978c594fff670e40c0718e9190eaeeb76aae7d8?s=96&d=mm&r=g","contentUrl":"https:\/\/secure.gravatar.com\/avatar\/1721b20b3b8ca882c3b56ec6c978c594fff670e40c0718e9190eaeeb76aae7d8?s=96&d=mm&r=g","caption":"wpAdminCofbOrg"},"sameAs":["http:\/\/192.168.64.122\/wordpress"],"url":"https:\/\/www.cofb.org\/es\/author\/wpadmincofborg\/"}]}},"uagb_featured_image_src":{"full":false,"thumbnail":false,"medium":false,"medium_large":false,"large":false,"1536x1536":false,"2048x2048":false,"trp-custom-language-flag":false},"uagb_author_info":{"display_name":"wpAdminCofbOrg","author_link":"https:\/\/www.cofb.org\/es\/author\/wpadmincofborg\/"},"uagb_comment_info":0,"uagb_excerpt":"Article de Jordi de Dalmases, president del Col\u00b7legi de Farmac\u00e8utics de Barcelona. &#8220;El Programa de Detecci\u00f3 Preco\u00e7 de C\u00e0ncer de C\u00f2lon i Recte\u00a0ha suposat una de les millors activitats que hem desenvolupat en la prevenci\u00f3 de la malaltia, i en el conjunt del que representa la farm\u00e0cia assistencial que impulsem [&hellip;]","_links":{"self":[{"href":"https:\/\/www.cofb.org\/es\/wp-json\/wp\/v2\/posts\/48834","targetHints":{"allow":["GET"]}}],"collection":[{"href":"https:\/\/www.cofb.org\/es\/wp-json\/wp\/v2\/posts"}],"about":[{"href":"https:\/\/www.cofb.org\/es\/wp-json\/wp\/v2\/types\/post"}],"author":[{"embeddable":true,"href":"https:\/\/www.cofb.org\/es\/wp-json\/wp\/v2\/users\/1"}],"replies":[{"embeddable":true,"href":"https:\/\/www.cofb.org\/es\/wp-json\/wp\/v2\/comments?post=48834"}],"version-history":[{"count":0,"href":"https:\/\/www.cofb.org\/es\/wp-json\/wp\/v2\/posts\/48834\/revisions"}],"wp:featuredmedia":[{"embeddable":true,"href":"https:\/\/www.cofb.org\/es\/wp-json\/"}],"wp:attachment":[{"href":"https:\/\/www.cofb.org\/es\/wp-json\/wp\/v2\/media?parent=48834"}],"wp:term":[{"taxonomy":"category","embeddable":true,"href":"https:\/\/www.cofb.org\/es\/wp-json\/wp\/v2\/categories?post=48834"},{"taxonomy":"post_tag","embeddable":true,"href":"https:\/\/www.cofb.org\/es\/wp-json\/wp\/v2\/tags?post=48834"}],"curies":[{"name":"wp","href":"https:\/\/api.w.org\/{rel}","templated":true}]}}