{"id":46789,"date":"2019-08-07T12:17:40","date_gmt":"2019-08-07T10:17:40","guid":{"rendered":"https:\/\/blog.cofb.cat\/?p=46789"},"modified":"2019-08-07T12:17:40","modified_gmt":"2019-08-07T10:17:40","slug":"la-importancia-de-la-proteccio-solar-a-la-infancia","status":"publish","type":"post","link":"https:\/\/www.cofb.org\/es\/2019\/08\/07\/la-importancia-de-la-proteccio-solar-a-la-infancia\/","title":{"rendered":"La importancia de la protecci\u00f3n solar en la infancia"},"content":{"rendered":"<p style=\"text-align: left;\"><span style=\"color: #000000;\">Las <strong>consecuencias de una excesiva exposici\u00f3n a las radiaciones ultravioleta<\/strong> tienen como <strong>punto de partida la infancia<\/strong>, sobre todo del desarrollo de futuros problemas, especialmente en la inducci\u00f3n de c\u00e1ncer cut\u00e1neo. Aunque por el desarrollo de este c\u00e1ncer pueden existir otros factores, <strong>dos de las medidas preventivas <\/strong>m\u00e1s f\u00e1ciles de llevar a cabo <strong>son reducir el tiempo de exposici\u00f3n y aumentar la protecci\u00f3n solar.<\/strong>\u00a0<\/span><\/p>\n<p><a href=\"https:\/\/blog.cofb.cat\/wp-content\/uploads\/2019\/08\/pexels-photo-1712855.jpeg\"><img fetchpriority=\"high\" decoding=\"async\" class=\"aligncenter size-large wp-image-46839\" src=\"https:\/\/blog.cofb.cat\/wp-content\/uploads\/2019\/08\/pexels-photo-1712855-1024x683.jpeg\" alt=\"\" width=\"620\" height=\"414\" \/><\/a><\/p>\n<p style=\"text-align: left;\"><span style=\"color: #000000;\"><strong>La piel tiene memoria<\/strong>, por lo que <strong>la prevenci\u00f3n que se lleve a cabo durante la infancia, condicionar\u00e1 las consecuencias a largo plazo<\/strong> y debe empezar tan pronto como sea posible. <strong>Los padres<\/strong>, para asegurarse de que los ni\u00f1os cumplen con todas las medidas de fotoprotecci\u00f3n cut\u00e1nea y ocular, <strong>pueden consultar al pediatra y el farmac\u00e9utico.<\/strong><\/span><\/p>\n<h1><strong>La piel del ni\u00f1o: \u00bfpor qu\u00e9 requiere mayor atenci\u00f3n?<\/strong><\/h1>\n<p>Al nacer, la piel del beb\u00e9 es muy inmadura, hasta los 8 o 9 a\u00f1os evoluciona continuamente y termina el proceso de maduraci\u00f3n. Durante este per\u00edodo tiene unas <strong>caracter\u00edsticas especiales que la diferencian de la de un adulto:<\/strong><\/p>\n<ul>\n<li>La capa c\u00f3rnea superficial es demasiado fina y es mucho m\u00e1s sensible<\/li>\n<li>El pH de la piel todav\u00eda es neutro<\/li>\n<li>La piel todav\u00eda no tiene los suficientes mecanismos de defensa y cualquier lesi\u00f3n o irritaci\u00f3n comporta riesgo de infecci\u00f3n<\/li>\n<li>Existe un d\u00e9ficit en la lubricaci\u00f3n de la epidermis y en el filme hidrolip\u00eddico protector de la piel, en estos momentos la piel es m\u00e1s sensible a la sequedad ya la deshidrataci\u00f3n<\/li>\n<li>El sistema inmunol\u00f3gico es todav\u00eda inmaduro y aporta una menor defensa en lo que se refiere a la eliminaci\u00f3n de radicales libres generados por la radiaci\u00f3n solar<\/li>\n<\/ul>\n<p>Adem\u00e1s, <strong>sus ojos tambi\u00e9n son m\u00e1s sensibles a la radiaci\u00f3n ultravioleta<\/strong>. Por debajo de los 10 a\u00f1os existe un riesgo superior de da\u00f1o para la retina, ya que la transmisibilidad del cristalino para la luz azul y ultravioleta tambi\u00e9n es mayor que la del adulto.<\/p>\n<div class=\"box info\"><\/p>\n<h1><strong>Mitos en la protecci\u00f3n solar infantil<\/strong><\/h1>\n<h3><strong>No es cierto que\u2026 <\/strong><\/h3>\n<p><strong>\u2026Un protector solar para adultos sirve exactamente igual para ni\u00f1os. <\/strong><br \/>\nDebido a las caracter\u00edsticas especiales de su piel, los ni\u00f1os requieren de fotoprotectores espec\u00edficos. Los protectores solares infantiles deben contener preferentemente filtros f\u00edsicos y es interesante tambi\u00e9n que aporten filtros biol\u00f3gicos con acci\u00f3n antioxidante.<\/p>\n<p><strong>\u2026Durante la infancia, es necesaria la exposici\u00f3n solar sin protecci\u00f3n para estimular la s\u00edntesis de vitamina D. <\/strong><br \/>\nLa evidencia cient\u00edfica disponible hasta ahora no ha permitido demostrar que la utilizaci\u00f3n de protectores solares disminuya los valores de vitamina D plasm\u00e1ticos de forma significativa. Debido a la inmadurez de las funciones cut\u00e1neas de los ni\u00f1os, la protecci\u00f3n solar es indispensable durante la infancia.<\/p>\n<p><\/div>\n<h1><strong>Reducci\u00f3n de la exposici\u00f3n<\/strong><\/h1>\n<p>Los expertos recomiendan <strong>no exponer directamente al sol ni\u00f1os menores de 2 a\u00f1os<\/strong>. Se debe <strong>reducir la estancia al aire libre entre las 12h de la ma\u00f1ana y las 16h de la tarde<\/strong> y ser especialmente <strong>precavidos con las actividades al aire libre<\/strong> que se desarrollen en ambientes con nieve y con las actividades acu\u00e1ticas.<\/p>\n<h1><strong>Uso de indumentaria adecuada<\/strong><\/h1>\n<p>El traje es la forma m\u00e1s sencilla y pr\u00e1ctica de protegerse del sol. <strong>El entramado es el que m\u00e1s influye en la filtraci\u00f3n<\/strong> de radiaci\u00f3n UV-B. Por tanto es necesario ropa ligera y de trama ce\u00f1ida. El hecho de que est\u00e9n secos o mojados es tambi\u00e9n un factor determinante, ya que la fotoprotecci\u00f3n disminuye con el tejido mojado y adherido a la piel. <strong>Tambi\u00e9n hay que proteger la cabeza<\/strong>, por lo que es recomendable utilizar gorras con una amplitud suficiente.<\/p>\n<h1><strong>Uso de protectores solares<\/strong><\/h1>\n<p><strong>Los fotoprotectores t\u00f3picos o filtros solares son fundamentales para reducir la exposici\u00f3n<\/strong> a la radiaci\u00f3n ultravioleta. Los encontramos en muchos tipos de presentaciones, como por ejemplo: crema, loci\u00f3n, spray, hielo, hielo-crema, aceite seco o espuma.<\/p>\n<div class=\"box note\"><\/p>\n<h3 style=\"padding-left: 30px;\"><strong>Caracter\u00edsticas de un buen protector solar infantil:<\/strong><\/h3>\n<ul>\n<li style=\"padding-left: 30px;\">Resistente al agua (<span style=\"color: #008080;\"><a style=\"color: #008080;\" href=\"https:\/\/blog.cofb.cat\/interpretar-informacio-lenvas-protector-solar\/\">se indica en la etiqueta<\/a><\/span>)<\/li>\n<li style=\"padding-left: 30px;\">Resistente a la fricci\u00f3n<\/li>\n<li style=\"padding-left: 30px;\">Sin perfume<\/li>\n<\/ul>\n<h3 style=\"padding-left: 30px;\"><strong>C\u00f3mo se utilizan: <\/strong><\/h3>\n<p style=\"padding-left: 30px;\">Una vez elegido, es necesario <strong>usarlo de forma correcta<\/strong> para que sea <strong>eficaz<\/strong>:<\/p>\n<ul>\n<li style=\"padding-left: 30px;\">Es necesario aplicarlo en casa<\/li>\n<li style=\"padding-left: 30px;\">Aplicaci\u00f3n generosa en cantidad adecuada<\/li>\n<li style=\"padding-left: 30px;\">Cubrir toda la superficie cut\u00e1nea<\/li>\n<li style=\"padding-left: 30px;\">Debe aplicarse de nuevo cada 2 horas o despu\u00e9s de un ba\u00f1o prolongado<\/li>\n<\/ul>\n<p><\/div>\n<p><strong>Informaci\u00f3n basada en el contenido de la web de salud\u00a0<a href=\"https:\/\/www.farmaceuticonline.com\/index.php\" target=\"_blank\" rel=\"noopener\">Farmaceuticonline<\/a>:<\/strong><\/p>\n<ul>\n<li><a href=\"https:\/\/www.farmaceuticonline.com\/ca\/familia\/731-proteccion-solar-en-los-primeros-anos-de-vida\" target=\"_blank\" rel=\"noopener\">Protecci\u00f3n solar en los primeros a\u00f1os de vida<\/a>\u00a0(\u00daltima actualizaci\u00f3n: julio 2019)<\/li>\n<\/ul>\n<p><strong>Otras publicaciones de inter\u00e9s:<\/strong><\/p>\n<ul>\n<li><a href=\"https:\/\/blog.cofb.cat\/interpretar-informacio-lenvas-protector-solar\/\">C<\/a><a href=\"https:\/\/blog.cofb.cat\/interpretar-informacio-lenvas-protector-solar\/\">om interpretar la informaci\u00f3n del envase del protector solar? (Julio 2019)<\/a><\/li>\n<li><a href=\"https:\/\/blog.cofb.cat\/mes-de-600-farmaceutics-de-la-provincia-de-barcelona-participen-en-la-campanya-atencio-pell-365-per-conscienciar-de-la-importancia-de-protegir-se-del-sol-durant-tot-lany\/\" target=\"_blank\" rel=\"noopener\">Arranca la campa\u00f1a \u201cAtenci\u00f3 Piel 365\u201d para concienciar de la importancia de protegerse del sol durante todo el a\u00f1o (Junio 2019)<\/a><\/li>\n<li><a href=\"https:\/\/blog.cofb.cat\/meduses-que-cal-fer-si-piquen\/\">Medusas: \u00bfqu\u00e9 hacer si nos pican?(Julio 2018)<\/a><\/li>\n<\/ul>\n<p>&nbsp;<\/p>","protected":false},"excerpt":{"rendered":"<p>Las consecuencias de una excesiva exposici\u00f3n a las radiaciones ultravioletas tienen como punto de partida a la infancia, sobre todo del desarrollo de futuros problemas, especialmente en la inducci\u00f3n de c\u00e1ncer cut\u00e1neo. Aunque para el desarrollo de este c\u00e1ncer pueden existir otros factores, dos de las medidas preventivas m\u00e1s f\u00e1ciles de llevar [\u2026]<\/p>","protected":false},"author":1,"featured_media":46839,"comment_status":"open","ping_status":"open","sticky":false,"template":"","format":"standard","meta":{"_uag_custom_page_level_css":"","site-sidebar-layout":"default","site-content-layout":"","ast-site-content-layout":"default","site-content-style":"default","site-sidebar-style":"default","ast-global-header-display":"","ast-banner-title-visibility":"","ast-main-header-display":"","ast-hfb-above-header-display":"","ast-hfb-below-header-display":"","ast-hfb-mobile-header-display":"","site-post-title":"","ast-breadcrumbs-content":"","ast-featured-img":"disabled","footer-sml-layout":"","theme-transparent-header-meta":"","adv-header-id-meta":"","stick-header-meta":"","header-above-stick-meta":"","header-main-stick-meta":"","header-below-stick-meta":"","astra-migrate-meta-layouts":"default","ast-page-background-enabled":"default","ast-page-background-meta":{"desktop":{"background-color":"var(--ast-global-color-4)","background-image":"","background-repeat":"repeat","background-position":"center center","background-size":"auto","background-attachment":"scroll","background-type":"","background-media":"","overlay-type":"","overlay-color":"","overlay-opacity":"","overlay-gradient":""},"tablet":{"background-color":"","background-image":"","background-repeat":"repeat","background-position":"center center","background-size":"auto","background-attachment":"scroll","background-type":"","background-media":"","overlay-type":"","overlay-color":"","overlay-opacity":"","overlay-gradient":""},"mobile":{"background-color":"","background-image":"","background-repeat":"repeat","background-position":"center center","background-size":"auto","background-attachment":"scroll","background-type":"","background-media":"","overlay-type":"","overlay-color":"","overlay-opacity":"","overlay-gradient":""}},"ast-content-background-meta":{"desktop":{"background-color":"var(--ast-global-color-5)","background-image":"","background-repeat":"repeat","background-position":"center center","background-size":"auto","background-attachment":"scroll","background-type":"","background-media":"","overlay-type":"","overlay-color":"","overlay-opacity":"","overlay-gradient":""},"tablet":{"background-color":"var(--ast-global-color-5)","background-image":"","background-repeat":"repeat","background-position":"center center","background-size":"auto","background-attachment":"scroll","background-type":"","background-media":"","overlay-type":"","overlay-color":"","overlay-opacity":"","overlay-gradient":""},"mobile":{"background-color":"var(--ast-global-color-5)","background-image":"","background-repeat":"repeat","background-position":"center center","background-size":"auto","background-attachment":"scroll","background-type":"","background-media":"","overlay-type":"","overlay-color":"","overlay-opacity":"","overlay-gradient":""}},"footnotes":""},"categories":[23,47],"tags":[3529,3635,2443,739,362,3603,444,607,3650,997,710,725,3588,3651],"class_list":["post-46789","post","type-post","status-publish","format-standard","has-post-thumbnail","hentry","category-destacats","category-recomanacions-del-farmaceutic","tag-campanya-atencio-pell","tag-campanya-atencio-pell-365","tag-campanya-prevencio-cancer-de-pell","tag-cancer-de-pell","tag-cura-de-la-pell","tag-factor-de-proteccio","tag-fotoproteccio","tag-infancia","tag-infantil","tag-nens","tag-pell","tag-proteccio-solar","tag-radiacio","tag-vitamina-d"],"yoast_head":"<!-- This site is optimized with the Yoast SEO plugin v22.4 - https:\/\/yoast.com\/wordpress\/plugins\/seo\/ -->\n<title>La import\u00e0ncia de la protecci\u00f3 solar<\/title>\n<meta name=\"robots\" content=\"index, follow, max-snippet:-1, max-image-preview:large, max-video-preview:-1\" \/>\n<link rel=\"canonical\" href=\"https:\/\/novaorg.cofb.net\/2019\/08\/07\/la-importancia-de-la-proteccio-solar-a-la-infancia\/\" \/>\n<meta property=\"og:locale\" content=\"es_ES\" \/>\n<meta property=\"og:type\" content=\"article\" \/>\n<meta property=\"og:title\" content=\"La import\u00e0ncia de la protecci\u00f3 solar\" \/>\n<meta property=\"og:description\" content=\"Les conseq\u00fc\u00e8ncies d&#8217;una excessiva exposici\u00f3 a les radiacions ultraviolades tenen com a punt de partida la inf\u00e0ncia, sobretot del desenvolupament de futurs problemes, especialment en la inducci\u00f3 de c\u00e0ncer cutani. Tot i que pel desenvolupament d&#8217;aquest c\u00e0ncer poden existir altres factors, dues de les mesures preventives m\u00e9s f\u00e0cils de portar [&hellip;]\" \/>\n<meta property=\"og:url\" content=\"https:\/\/novaorg.cofb.net\/2019\/08\/07\/la-importancia-de-la-proteccio-solar-a-la-infancia\/\" \/>\n<meta property=\"og:site_name\" content=\"Col\u00b7legi de Farmac\u00e8utics de Barcelona\" \/>\n<meta property=\"article:publisher\" content=\"https:\/\/www.facebook.com\/farmaceuticsbcn\/\" \/>\n<meta property=\"article:published_time\" content=\"2019-08-07T10:17:40+00:00\" \/>\n<meta name=\"author\" content=\"wpAdminCofbOrg\" \/>\n<meta name=\"twitter:card\" content=\"summary_large_image\" \/>\n<meta name=\"twitter:creator\" content=\"@farmaceuticsbcn\" \/>\n<meta name=\"twitter:site\" content=\"@farmaceuticsbcn\" \/>\n<meta name=\"twitter:label1\" content=\"Escrito por\" \/>\n\t<meta name=\"twitter:data1\" content=\"wpAdminCofbOrg\" \/>\n\t<meta name=\"twitter:label2\" content=\"Tiempo de lectura\" \/>\n\t<meta name=\"twitter:data2\" content=\"4 minutos\" \/>\n<script type=\"application\/ld+json\" class=\"yoast-schema-graph\">{\"@context\":\"https:\/\/schema.org\",\"@graph\":[{\"@type\":\"Article\",\"@id\":\"https:\/\/novaorg.cofb.net\/2019\/08\/07\/la-importancia-de-la-proteccio-solar-a-la-infancia\/#article\",\"isPartOf\":{\"@id\":\"https:\/\/novaorg.cofb.net\/2019\/08\/07\/la-importancia-de-la-proteccio-solar-a-la-infancia\/\"},\"author\":{\"name\":\"wpAdminCofbOrg\",\"@id\":\"https:\/\/www.cofb.org\/#\/schema\/person\/22ed7eea88da74b0fa4d3154ad87ffcb\"},\"headline\":\"La import\u00e0ncia de la protecci\u00f3 solar a la inf\u00e0ncia\",\"datePublished\":\"2019-08-07T10:17:40+00:00\",\"dateModified\":\"2019-08-07T10:17:40+00:00\",\"mainEntityOfPage\":{\"@id\":\"https:\/\/novaorg.cofb.net\/2019\/08\/07\/la-importancia-de-la-proteccio-solar-a-la-infancia\/\"},\"wordCount\":824,\"commentCount\":0,\"publisher\":{\"@id\":\"https:\/\/www.cofb.org\/#organization\"},\"image\":{\"@id\":\"https:\/\/novaorg.cofb.net\/2019\/08\/07\/la-importancia-de-la-proteccio-solar-a-la-infancia\/#primaryimage\"},\"thumbnailUrl\":\"\",\"keywords\":[\"campanya Atenci\u00f3 Pell\",\"campanya Atenci\u00f3 Pell 365\",\"Campanya prevenci\u00f3 c\u00e0ncer de pell\",\"c\u00e0ncer de pell\",\"cura de la pell\",\"Factor de protecci\u00f3\",\"fotoprotecci\u00f3\",\"inf\u00e0ncia\",\"infantil\",\"nens\",\"pell\",\"protecci\u00f3 solar\",\"radiaci\u00f3\",\"vitamina D\"],\"articleSection\":[\"Destacats\",\"Recomanacions del farmac\u00e8utic\"],\"inLanguage\":\"es\",\"potentialAction\":[{\"@type\":\"CommentAction\",\"name\":\"Comment\",\"target\":[\"https:\/\/novaorg.cofb.net\/2019\/08\/07\/la-importancia-de-la-proteccio-solar-a-la-infancia\/#respond\"]}]},{\"@type\":\"WebPage\",\"@id\":\"https:\/\/novaorg.cofb.net\/2019\/08\/07\/la-importancia-de-la-proteccio-solar-a-la-infancia\/\",\"url\":\"https:\/\/novaorg.cofb.net\/2019\/08\/07\/la-importancia-de-la-proteccio-solar-a-la-infancia\/\",\"name\":\"La import\u00e0ncia de la protecci\u00f3 solar\",\"isPartOf\":{\"@id\":\"https:\/\/www.cofb.org\/#website\"},\"primaryImageOfPage\":{\"@id\":\"https:\/\/novaorg.cofb.net\/2019\/08\/07\/la-importancia-de-la-proteccio-solar-a-la-infancia\/#primaryimage\"},\"image\":{\"@id\":\"https:\/\/novaorg.cofb.net\/2019\/08\/07\/la-importancia-de-la-proteccio-solar-a-la-infancia\/#primaryimage\"},\"thumbnailUrl\":\"\",\"datePublished\":\"2019-08-07T10:17:40+00:00\",\"dateModified\":\"2019-08-07T10:17:40+00:00\",\"breadcrumb\":{\"@id\":\"https:\/\/novaorg.cofb.net\/2019\/08\/07\/la-importancia-de-la-proteccio-solar-a-la-infancia\/#breadcrumb\"},\"inLanguage\":\"es\",\"potentialAction\":[{\"@type\":\"ReadAction\",\"target\":[\"https:\/\/novaorg.cofb.net\/2019\/08\/07\/la-importancia-de-la-proteccio-solar-a-la-infancia\/\"]}]},{\"@type\":\"ImageObject\",\"inLanguage\":\"es\",\"@id\":\"https:\/\/novaorg.cofb.net\/2019\/08\/07\/la-importancia-de-la-proteccio-solar-a-la-infancia\/#primaryimage\",\"url\":\"\",\"contentUrl\":\"\"},{\"@type\":\"BreadcrumbList\",\"@id\":\"https:\/\/novaorg.cofb.net\/2019\/08\/07\/la-importancia-de-la-proteccio-solar-a-la-infancia\/#breadcrumb\",\"itemListElement\":[{\"@type\":\"ListItem\",\"position\":1,\"name\":\"Inici\",\"item\":\"https:\/\/novaorg.cofb.net\/\"},{\"@type\":\"ListItem\",\"position\":2,\"name\":\"La import\u00e0ncia de la protecci\u00f3 solar a la inf\u00e0ncia\"}]},{\"@type\":\"WebSite\",\"@id\":\"https:\/\/www.cofb.org\/#website\",\"url\":\"https:\/\/www.cofb.org\/\",\"name\":\"Col\u00b7legi de Farmac\u00e8utics de Barcelona\",\"description\":\"\",\"publisher\":{\"@id\":\"https:\/\/www.cofb.org\/#organization\"},\"potentialAction\":[{\"@type\":\"SearchAction\",\"target\":{\"@type\":\"EntryPoint\",\"urlTemplate\":\"https:\/\/www.cofb.org\/?s={search_term_string}\"},\"query-input\":\"required name=search_term_string\"}],\"inLanguage\":\"es\"},{\"@type\":\"Organization\",\"@id\":\"https:\/\/www.cofb.org\/#organization\",\"name\":\"Col\u00b7legi de Farmac\u00e8utics de Barcelona\",\"url\":\"https:\/\/www.cofb.org\/\",\"logo\":{\"@type\":\"ImageObject\",\"inLanguage\":\"es\",\"@id\":\"https:\/\/www.cofb.org\/#\/schema\/logo\/image\/\",\"url\":\"https:\/\/www.cofb.org\/wp-content\/uploads\/2023\/11\/cropped-Logotip-COFB.png\",\"contentUrl\":\"https:\/\/www.cofb.org\/wp-content\/uploads\/2023\/11\/cropped-Logotip-COFB.png\",\"width\":500,\"height\":105,\"caption\":\"Col\u00b7legi de Farmac\u00e8utics de Barcelona\"},\"image\":{\"@id\":\"https:\/\/www.cofb.org\/#\/schema\/logo\/image\/\"},\"sameAs\":[\"https:\/\/www.facebook.com\/farmaceuticsbcn\/\",\"https:\/\/twitter.com\/farmaceuticsbcn\",\"https:\/\/www.instagram.com\/farmaceuticsbcn\/\",\"https:\/\/www.linkedin.com\/company\/farmaceuticsbcn\/\"]},{\"@type\":\"Person\",\"@id\":\"https:\/\/www.cofb.org\/#\/schema\/person\/22ed7eea88da74b0fa4d3154ad87ffcb\",\"name\":\"wpAdminCofbOrg\",\"image\":{\"@type\":\"ImageObject\",\"inLanguage\":\"es\",\"@id\":\"https:\/\/www.cofb.org\/#\/schema\/person\/image\/\",\"url\":\"https:\/\/secure.gravatar.com\/avatar\/1721b20b3b8ca882c3b56ec6c978c594fff670e40c0718e9190eaeeb76aae7d8?s=96&d=mm&r=g\",\"contentUrl\":\"https:\/\/secure.gravatar.com\/avatar\/1721b20b3b8ca882c3b56ec6c978c594fff670e40c0718e9190eaeeb76aae7d8?s=96&d=mm&r=g\",\"caption\":\"wpAdminCofbOrg\"},\"sameAs\":[\"http:\/\/192.168.64.122\/wordpress\"],\"url\":\"https:\/\/www.cofb.org\/es\/author\/wpadmincofborg\/\"}]}<\/script>\n<!-- \/ Yoast SEO plugin. -->","yoast_head_json":{"title":"La import\u00e0ncia de la protecci\u00f3 solar","robots":{"index":"index","follow":"follow","max-snippet":"max-snippet:-1","max-image-preview":"max-image-preview:large","max-video-preview":"max-video-preview:-1"},"canonical":"https:\/\/novaorg.cofb.net\/2019\/08\/07\/la-importancia-de-la-proteccio-solar-a-la-infancia\/","og_locale":"es_ES","og_type":"article","og_title":"La import\u00e0ncia de la protecci\u00f3 solar","og_description":"Les conseq\u00fc\u00e8ncies d&#8217;una excessiva exposici\u00f3 a les radiacions ultraviolades tenen com a punt de partida la inf\u00e0ncia, sobretot del desenvolupament de futurs problemes, especialment en la inducci\u00f3 de c\u00e0ncer cutani. Tot i que pel desenvolupament d&#8217;aquest c\u00e0ncer poden existir altres factors, dues de les mesures preventives m\u00e9s f\u00e0cils de portar [&hellip;]","og_url":"https:\/\/novaorg.cofb.net\/2019\/08\/07\/la-importancia-de-la-proteccio-solar-a-la-infancia\/","og_site_name":"Col\u00b7legi de Farmac\u00e8utics de Barcelona","article_publisher":"https:\/\/www.facebook.com\/farmaceuticsbcn\/","article_published_time":"2019-08-07T10:17:40+00:00","author":"wpAdminCofbOrg","twitter_card":"summary_large_image","twitter_creator":"@farmaceuticsbcn","twitter_site":"@farmaceuticsbcn","twitter_misc":{"Escrito por":"wpAdminCofbOrg","Tiempo de lectura":"4 minutos"},"schema":{"@context":"https:\/\/schema.org","@graph":[{"@type":"Article","@id":"https:\/\/novaorg.cofb.net\/2019\/08\/07\/la-importancia-de-la-proteccio-solar-a-la-infancia\/#article","isPartOf":{"@id":"https:\/\/novaorg.cofb.net\/2019\/08\/07\/la-importancia-de-la-proteccio-solar-a-la-infancia\/"},"author":{"name":"wpAdminCofbOrg","@id":"https:\/\/www.cofb.org\/#\/schema\/person\/22ed7eea88da74b0fa4d3154ad87ffcb"},"headline":"La import\u00e0ncia de la protecci\u00f3 solar a la inf\u00e0ncia","datePublished":"2019-08-07T10:17:40+00:00","dateModified":"2019-08-07T10:17:40+00:00","mainEntityOfPage":{"@id":"https:\/\/novaorg.cofb.net\/2019\/08\/07\/la-importancia-de-la-proteccio-solar-a-la-infancia\/"},"wordCount":824,"commentCount":0,"publisher":{"@id":"https:\/\/www.cofb.org\/#organization"},"image":{"@id":"https:\/\/novaorg.cofb.net\/2019\/08\/07\/la-importancia-de-la-proteccio-solar-a-la-infancia\/#primaryimage"},"thumbnailUrl":"","keywords":["campanya Atenci\u00f3 Pell","campanya Atenci\u00f3 Pell 365","Campanya prevenci\u00f3 c\u00e0ncer de pell","c\u00e0ncer de pell","cura de la pell","Factor de protecci\u00f3","fotoprotecci\u00f3","inf\u00e0ncia","infantil","nens","pell","protecci\u00f3 solar","radiaci\u00f3","vitamina D"],"articleSection":["Destacats","Recomanacions del farmac\u00e8utic"],"inLanguage":"es","potentialAction":[{"@type":"CommentAction","name":"Comment","target":["https:\/\/novaorg.cofb.net\/2019\/08\/07\/la-importancia-de-la-proteccio-solar-a-la-infancia\/#respond"]}]},{"@type":"WebPage","@id":"https:\/\/novaorg.cofb.net\/2019\/08\/07\/la-importancia-de-la-proteccio-solar-a-la-infancia\/","url":"https:\/\/novaorg.cofb.net\/2019\/08\/07\/la-importancia-de-la-proteccio-solar-a-la-infancia\/","name":"La import\u00e0ncia de la protecci\u00f3 solar","isPartOf":{"@id":"https:\/\/www.cofb.org\/#website"},"primaryImageOfPage":{"@id":"https:\/\/novaorg.cofb.net\/2019\/08\/07\/la-importancia-de-la-proteccio-solar-a-la-infancia\/#primaryimage"},"image":{"@id":"https:\/\/novaorg.cofb.net\/2019\/08\/07\/la-importancia-de-la-proteccio-solar-a-la-infancia\/#primaryimage"},"thumbnailUrl":"","datePublished":"2019-08-07T10:17:40+00:00","dateModified":"2019-08-07T10:17:40+00:00","breadcrumb":{"@id":"https:\/\/novaorg.cofb.net\/2019\/08\/07\/la-importancia-de-la-proteccio-solar-a-la-infancia\/#breadcrumb"},"inLanguage":"es","potentialAction":[{"@type":"ReadAction","target":["https:\/\/novaorg.cofb.net\/2019\/08\/07\/la-importancia-de-la-proteccio-solar-a-la-infancia\/"]}]},{"@type":"ImageObject","inLanguage":"es","@id":"https:\/\/novaorg.cofb.net\/2019\/08\/07\/la-importancia-de-la-proteccio-solar-a-la-infancia\/#primaryimage","url":"","contentUrl":""},{"@type":"BreadcrumbList","@id":"https:\/\/novaorg.cofb.net\/2019\/08\/07\/la-importancia-de-la-proteccio-solar-a-la-infancia\/#breadcrumb","itemListElement":[{"@type":"ListItem","position":1,"name":"Inici","item":"https:\/\/novaorg.cofb.net\/"},{"@type":"ListItem","position":2,"name":"La import\u00e0ncia de la protecci\u00f3 solar a la inf\u00e0ncia"}]},{"@type":"WebSite","@id":"https:\/\/www.cofb.org\/#website","url":"https:\/\/www.cofb.org\/","name":"Col\u00b7legi de Farmac\u00e8utics de Barcelona","description":"","publisher":{"@id":"https:\/\/www.cofb.org\/#organization"},"potentialAction":[{"@type":"SearchAction","target":{"@type":"EntryPoint","urlTemplate":"https:\/\/www.cofb.org\/?s={search_term_string}"},"query-input":"required name=search_term_string"}],"inLanguage":"es"},{"@type":"Organization","@id":"https:\/\/www.cofb.org\/#organization","name":"Col\u00b7legi de Farmac\u00e8utics de Barcelona","url":"https:\/\/www.cofb.org\/","logo":{"@type":"ImageObject","inLanguage":"es","@id":"https:\/\/www.cofb.org\/#\/schema\/logo\/image\/","url":"https:\/\/www.cofb.org\/wp-content\/uploads\/2023\/11\/cropped-Logotip-COFB.png","contentUrl":"https:\/\/www.cofb.org\/wp-content\/uploads\/2023\/11\/cropped-Logotip-COFB.png","width":500,"height":105,"caption":"Col\u00b7legi de Farmac\u00e8utics de Barcelona"},"image":{"@id":"https:\/\/www.cofb.org\/#\/schema\/logo\/image\/"},"sameAs":["https:\/\/www.facebook.com\/farmaceuticsbcn\/","https:\/\/twitter.com\/farmaceuticsbcn","https:\/\/www.instagram.com\/farmaceuticsbcn\/","https:\/\/www.linkedin.com\/company\/farmaceuticsbcn\/"]},{"@type":"Person","@id":"https:\/\/www.cofb.org\/#\/schema\/person\/22ed7eea88da74b0fa4d3154ad87ffcb","name":"wpAdminCofbOrg","image":{"@type":"ImageObject","inLanguage":"es","@id":"https:\/\/www.cofb.org\/#\/schema\/person\/image\/","url":"https:\/\/secure.gravatar.com\/avatar\/1721b20b3b8ca882c3b56ec6c978c594fff670e40c0718e9190eaeeb76aae7d8?s=96&d=mm&r=g","contentUrl":"https:\/\/secure.gravatar.com\/avatar\/1721b20b3b8ca882c3b56ec6c978c594fff670e40c0718e9190eaeeb76aae7d8?s=96&d=mm&r=g","caption":"wpAdminCofbOrg"},"sameAs":["http:\/\/192.168.64.122\/wordpress"],"url":"https:\/\/www.cofb.org\/es\/author\/wpadmincofborg\/"}]}},"uagb_featured_image_src":{"full":false,"thumbnail":false,"medium":false,"medium_large":false,"large":false,"1536x1536":false,"2048x2048":false,"trp-custom-language-flag":false},"uagb_author_info":{"display_name":"wpAdminCofbOrg","author_link":"https:\/\/www.cofb.org\/es\/author\/wpadmincofborg\/"},"uagb_comment_info":0,"uagb_excerpt":"Les conseq\u00fc\u00e8ncies d&#8217;una excessiva exposici\u00f3 a les radiacions ultraviolades tenen com a punt de partida la inf\u00e0ncia, sobretot del desenvolupament de futurs problemes, especialment en la inducci\u00f3 de c\u00e0ncer cutani. Tot i que pel desenvolupament d&#8217;aquest c\u00e0ncer poden existir altres factors, dues de les mesures preventives m\u00e9s f\u00e0cils de portar [&hellip;]","_links":{"self":[{"href":"https:\/\/www.cofb.org\/es\/wp-json\/wp\/v2\/posts\/46789","targetHints":{"allow":["GET"]}}],"collection":[{"href":"https:\/\/www.cofb.org\/es\/wp-json\/wp\/v2\/posts"}],"about":[{"href":"https:\/\/www.cofb.org\/es\/wp-json\/wp\/v2\/types\/post"}],"author":[{"embeddable":true,"href":"https:\/\/www.cofb.org\/es\/wp-json\/wp\/v2\/users\/1"}],"replies":[{"embeddable":true,"href":"https:\/\/www.cofb.org\/es\/wp-json\/wp\/v2\/comments?post=46789"}],"version-history":[{"count":0,"href":"https:\/\/www.cofb.org\/es\/wp-json\/wp\/v2\/posts\/46789\/revisions"}],"wp:featuredmedia":[{"embeddable":true,"href":"https:\/\/www.cofb.org\/es\/wp-json\/"}],"wp:attachment":[{"href":"https:\/\/www.cofb.org\/es\/wp-json\/wp\/v2\/media?parent=46789"}],"wp:term":[{"taxonomy":"category","embeddable":true,"href":"https:\/\/www.cofb.org\/es\/wp-json\/wp\/v2\/categories?post=46789"},{"taxonomy":"post_tag","embeddable":true,"href":"https:\/\/www.cofb.org\/es\/wp-json\/wp\/v2\/tags?post=46789"}],"curies":[{"name":"wp","href":"https:\/\/api.w.org\/{rel}","templated":true}]}}