{"id":46284,"date":"2019-07-02T13:13:30","date_gmt":"2019-07-02T11:13:30","guid":{"rendered":"https:\/\/blog.cofb.cat\/?p=46284"},"modified":"2019-07-02T13:13:30","modified_gmt":"2019-07-02T11:13:30","slug":"abordant-patologies-otorrinolaringologiques-orl-farmacia","status":"publish","type":"post","link":"https:\/\/www.cofb.org\/es\/2019\/07\/02\/abordant-patologies-otorrinolaringologiques-orl-farmacia\/","title":{"rendered":"Abordando las patolog\u00edas otorrinolaringol\u00f3gicas (ORL) desde la farmacia"},"content":{"rendered":"<p>El pasado 5 de junio, el COFB acogi\u00f3 <strong>\u201cAbordaje de las patolog\u00edas otorrinolaringol\u00f3gicas (ORL) en la farmacia\u201d,\u00a0<\/strong>conferencia<strong>\u00a0<\/strong>que va <strong>repasar las patolog\u00edas m\u00e1s comunes de o\u00eddo y laringe\u00a0<\/strong>de la mano de la doctora <strong>Marta Sandoval<\/strong>, especialista en otorrinolaringolog\u00eda y patolog\u00eda cervical-facial del Hospital Quir\u00f3nsalud de Barcelona y Jefe del Servicio de Otorrinolaringolog\u00eda del Hospital Mois\u00e8s Broggi. La charla fue introducida por\u00a0<strong>Aina Surroca<\/strong>, vocal de la Junta de Gobierno y responsable de la Comisi\u00f3n Delegada de Formaci\u00f3n Continua.<\/p>\n<figure id=\"attachment_46349\" aria-describedby=\"caption-attachment-46349\" style=\"width: 620px\" class=\"wp-caption aligncenter\"><a href=\"https:\/\/blog.cofb.cat\/wp-content\/uploads\/2019\/07\/cofb.190605-18.jpg\"><img fetchpriority=\"high\" decoding=\"async\" class=\"wp-image-46349 size-large\" title=\"Un momento de la charla \u201cAbordaje de las patolog\u00edas ORL en la farmacia\u201d celebrada en el COFB.\" src=\"https:\/\/blog.cofb.cat\/wp-content\/uploads\/2019\/07\/cofb.190605-18-1024x683.jpg\" alt=\"Un moment de la xerrada \u201cAbordatge de les patologies ORL a la farm\u00e0cia&quot; celebrada al COFB.\" width=\"620\" height=\"414\" \/><\/a><figcaption id=\"caption-attachment-46349\" class=\"wp-caption-text\">Un momento de la charla \u201cAbordaje de las patolog\u00edas ORL en la farmacia\u201d celebrada en el COFB.<\/figcaption><\/figure>\n<p>En la sesi\u00f3n, patrocinada por <a href=\"https:\/\/faesfarma.com\/\" target=\"_blank\" rel=\"noopener\">FAES Farma<\/a>, se facilitaron <strong>herramientas\u00a0<\/strong>para poder <strong>abordar\u00a0<\/strong>las diferentes patolog\u00edas otorrinolaringol\u00f3gicas \u2013 los\u00a0<strong>tapones de cera, las otitis, la odinofagia, la afon\u00eda y la disfon\u00eda, la sinusitis y la mucosidad o rinorrea-\u00a0<\/strong>desde la farmacia. Tambi\u00e9n se dio <strong>informaci\u00f3n sobre las causas<\/strong>, las <strong>manifestaciones\u00a0<\/strong>cl\u00ednicas, <strong>las opciones de tratamiento <\/strong>disponibles y <strong>consejos <\/strong>para facilitar su detecci\u00f3n, la posible derivaci\u00f3n al m\u00e9dico <strong>y las recomendaciones a transmitir a los pacientes<\/strong>.<\/p>\n<h1><strong><span style=\"color: #008080;\">Tratamientos e identificaci\u00f3n de cada patolog\u00eda\u00a0<\/span><\/strong><\/h1>\n<p>La doctora Sandoval trat\u00f3 en detalle cada caso. En cuanto a los <strong>tapones de cera<\/strong>, expuso las <strong>zonas\u00a0<\/strong>donde se pueden dar de forma m\u00e1s frecuente, record\u00f3 que est\u00e1 <strong>prohibido manipular el conducto auditivo\u00a0<\/strong>y va <strong>alertar\u00a0<\/strong>sobre la <strong>influencia del agua<\/strong>, que incrementa la hipoacusia y el taponamiento. Por este motivo, la ponente va <strong>aconsejar evitar el uso de soluciones con gotas\u00a0<\/strong>o l\u00edquidos y <strong>sustituirlas por sprays,\u00a0<\/strong>medidas antis\u00e9pticas o por la limpieza de los canales auditivos con lavados a microscopio o por aspiraci\u00f3n.<\/p>\n<figure id=\"attachment_46351\" aria-describedby=\"caption-attachment-46351\" style=\"width: 620px\" class=\"wp-caption aligncenter\"><a href=\"https:\/\/blog.cofb.cat\/wp-content\/uploads\/2019\/07\/cofb.190605-15.jpg\"><img decoding=\"async\" class=\"wp-image-46351 size-large\" title=\"Durante la conferencia, la doctora Marta Sandoval facilit\u00f3 herramientas para abordar las diferentes patolog\u00edas otorrinolaringol\u00f3gicas.\" src=\"https:\/\/blog.cofb.cat\/wp-content\/uploads\/2019\/07\/cofb.190605-15-1024x683.jpg\" alt=\"Durant la confer\u00e8ncia, la doctora Marta Sandoval va facilitar eines per poder abordar les diferents patologies otorrinolaringol\u00f2giques.\" width=\"620\" height=\"414\" \/><\/a><figcaption id=\"caption-attachment-46351\" class=\"wp-caption-text\">Durante la conferencia, la doctora Marta Sandoval facilit\u00f3 herramientas para abordar las diferentes patolog\u00edas otorrinolaringol\u00f3gicas.<\/figcaption><\/figure>\n<p>Sobre las inflamaciones del o\u00eddo, conocidas como\u00a0<strong>otitis<\/strong>, la doctora habl\u00f3 de los <strong>s\u00edntomas\u00a0<\/strong>generales y de los espec\u00edficos para poder diferenciarlos <strong>y los tratamientos\u00a0<\/strong>que los farmac\u00e9uticos pueden ofrecer en cada caso, dependiendo del contexto y la patolog\u00eda de base: antiinflamatorios no esteroides, analg\u00e9sicos, gotas t\u00f3picas y antibi\u00f3ticos orales.<\/p>\n<p>En cuanto a\u00a0<strong>la odinofagia, <\/strong>el dolor a tragar,<strong>\u00a0<\/strong>la doctora Sandoval insisti\u00f3 en que el tratamiento debe realizarse con <strong>analg\u00e9sicos\u00a0<\/strong>y <strong>prestando atenci\u00f3n a los h\u00e1bitos t\u00f3xicos<\/strong>. Esta alerta <strong>tambi\u00e9n <\/strong>la extendi\u00f3 a <strong>la afon\u00eda o la disfon\u00eda<\/strong>, patolog\u00edas de las cuerdas vocales. Por \u00faltimo, la <strong>sinusitis\u00a0<\/strong>) <strong>rinorrea <\/strong>son variantes de mucosidad nasal que se tratan, b\u00e1sicamente, con <strong>lavados nasales<\/strong>, aconsejablemente con <strong>ba\u00f1os en el mar.<\/strong><\/p>\n<p style=\"text-align: right;\"><strong>Con el patrocinio de:<\/strong><\/p>\n<p style=\"text-align: right;\"><a href=\"https:\/\/faesfarma.com\/\" target=\"_blank\" rel=\"noopener\"><img decoding=\"async\" class=\"alignright wp-image-45335\" src=\"https:\/\/blog.cofb.cat\/wp-content\/uploads\/2019\/04\/FAES-FARMA.jpg\" alt=\"\" width=\"128\" height=\"65\" \/><\/a><\/p>\n<p>&nbsp;<\/p>\n<p>&nbsp;<\/p>\n<p><strong>Otras publicaciones de inter\u00e9s:<\/strong><\/p>\n<ul>\n<li><a href=\"https:\/\/blog.cofb.cat\/rinitis-allergica-allergies-mes-comunes\/\" target=\"_blank\" rel=\"noopener\">La rinitis al\u00e9rgica, una de las alergias m\u00e1s comunes<\/a> (Mayo 2019)<\/li>\n<li><a href=\"https:\/\/blog.cofb.cat\/tractament-de-les-alteracions-otorinolaringologiques-de-mes-prevalenca\/\" target=\"_blank\" rel=\"noopener\">Tratamiento de las alteraciones otorrinolaringol\u00f3gicas de mayor prevalencia<\/a> (Febrero 2017)<\/li>\n<li><a href=\"https:\/\/blog.cofb.cat\/ix-forum-aprofarm-20-anys-al-costat-del-formulador\/\" target=\"_blank\" rel=\"noopener\">IX Foro Aprofarm: \u201c20 a\u00f1os junto al formulador\u201d<\/a> (Junio 2016)<\/li>\n<\/ul>\n<p>&nbsp;<\/p>","protected":false},"excerpt":{"rendered":"<p>El pasado 5 de junio, el COFB acogi\u00f3 \u201cAbordaje de las patolog\u00edas otorrinolaringol\u00f3gicas (ORL) en la farmacia\u201d, conferencia que repas\u00f3 las patolog\u00edas m\u00e1s comunes de o\u00eddo y laringe de la mano de la doctora Marta Sandoval, especialista en otorrinolaringolog\u00eda y patolog\u00eda cervical-facial del Hospital Quir\u00f3nsalud de Barcelona y Jefe del Servicio de Otorrinolaringolog\u00eda [\u2026]<\/p>","protected":false},"author":1,"featured_media":46381,"comment_status":"open","ping_status":"open","sticky":false,"template":"","format":"standard","meta":{"_uag_custom_page_level_css":"","site-sidebar-layout":"default","site-content-layout":"","ast-site-content-layout":"default","site-content-style":"default","site-sidebar-style":"default","ast-global-header-display":"","ast-banner-title-visibility":"","ast-main-header-display":"","ast-hfb-above-header-display":"","ast-hfb-below-header-display":"","ast-hfb-mobile-header-display":"","site-post-title":"","ast-breadcrumbs-content":"","ast-featured-img":"disabled","footer-sml-layout":"","theme-transparent-header-meta":"","adv-header-id-meta":"","stick-header-meta":"","header-above-stick-meta":"","header-main-stick-meta":"","header-below-stick-meta":"","astra-migrate-meta-layouts":"default","ast-page-background-enabled":"default","ast-page-background-meta":{"desktop":{"background-color":"var(--ast-global-color-4)","background-image":"","background-repeat":"repeat","background-position":"center center","background-size":"auto","background-attachment":"scroll","background-type":"","background-media":"","overlay-type":"","overlay-color":"","overlay-opacity":"","overlay-gradient":""},"tablet":{"background-color":"","background-image":"","background-repeat":"repeat","background-position":"center center","background-size":"auto","background-attachment":"scroll","background-type":"","background-media":"","overlay-type":"","overlay-color":"","overlay-opacity":"","overlay-gradient":""},"mobile":{"background-color":"","background-image":"","background-repeat":"repeat","background-position":"center center","background-size":"auto","background-attachment":"scroll","background-type":"","background-media":"","overlay-type":"","overlay-color":"","overlay-opacity":"","overlay-gradient":""}},"ast-content-background-meta":{"desktop":{"background-color":"var(--ast-global-color-5)","background-image":"","background-repeat":"repeat","background-position":"center center","background-size":"auto","background-attachment":"scroll","background-type":"","background-media":"","overlay-type":"","overlay-color":"","overlay-opacity":"","overlay-gradient":""},"tablet":{"background-color":"var(--ast-global-color-5)","background-image":"","background-repeat":"repeat","background-position":"center center","background-size":"auto","background-attachment":"scroll","background-type":"","background-media":"","overlay-type":"","overlay-color":"","overlay-opacity":"","overlay-gradient":""},"mobile":{"background-color":"var(--ast-global-color-5)","background-image":"","background-repeat":"repeat","background-position":"center center","background-size":"auto","background-attachment":"scroll","background-type":"","background-media":"","overlay-type":"","overlay-color":"","overlay-opacity":"","overlay-gradient":""}},"footnotes":""},"categories":[23,57],"tags":[3564,3565,3566,3567,3568,3569,3570,3571,3572,3573,3574,3575,3576,988,3577],"class_list":["post-46284","post","type-post","status-publish","format-standard","has-post-thumbnail","hentry","category-destacats","category-mon-collegial","tag-afonia","tag-alteracions-otorrinolaringologiques","tag-disfonia","tag-faes-farma","tag-laringe","tag-marta-sandoval","tag-mucositat","tag-odinofagia","tag-oida","tag-orl","tag-otitis","tag-otorrinolaringologia","tag-rinorrea","tag-sinusitis","tag-taps-de-cera"],"yoast_head":"<!-- This site is optimized with the Yoast SEO plugin v22.4 - https:\/\/yoast.com\/wordpress\/plugins\/seo\/ -->\n<title>Abordant les patologies otorrinolaringol\u00f2giques (ORL) des de la farm\u00e0cia - Col\u00b7legi de Farmac\u00e8utics de Barcelona<\/title>\n<meta name=\"description\" content=\"El passat 5 de juny, el COFB va acollir la confer\u00e8ncia\u00a0\u201cAbordatge de les patologies otorrinolaringol\u00f2giques (ORL) a la farm\u00e0cia&quot;\u00a0que va repassar les patologies m\u00e9s comunes d\u2019o\u00efda i laringe\u00a0de la m\u00e0 de la doctora Marta Sandoval, especialista en otorrinolaringologia i patologia cervical-facial de l\u2019Hospital Quir\u00f3nsalud\" \/>\n<meta name=\"robots\" content=\"index, follow, max-snippet:-1, max-image-preview:large, max-video-preview:-1\" \/>\n<link rel=\"canonical\" href=\"https:\/\/novaorg.cofb.net\/2019\/07\/02\/abordant-patologies-otorrinolaringologiques-orl-farmacia\/\" \/>\n<meta property=\"og:locale\" content=\"es_ES\" \/>\n<meta property=\"og:type\" content=\"article\" \/>\n<meta property=\"og:title\" content=\"Abordant les patologies otorrinolaringol\u00f2giques (ORL) des de la farm\u00e0cia - Col\u00b7legi de Farmac\u00e8utics de Barcelona\" \/>\n<meta property=\"og:description\" content=\"El passat 5 de juny, el COFB va acollir la confer\u00e8ncia\u00a0\u201cAbordatge de les patologies otorrinolaringol\u00f2giques (ORL) a la farm\u00e0cia&quot;\u00a0que va repassar les patologies m\u00e9s comunes d\u2019o\u00efda i laringe\u00a0de la m\u00e0 de la doctora Marta Sandoval, especialista en otorrinolaringologia i patologia cervical-facial de l\u2019Hospital Quir\u00f3nsalud\" \/>\n<meta property=\"og:url\" content=\"https:\/\/novaorg.cofb.net\/2019\/07\/02\/abordant-patologies-otorrinolaringologiques-orl-farmacia\/\" \/>\n<meta property=\"og:site_name\" content=\"Col\u00b7legi de Farmac\u00e8utics de Barcelona\" \/>\n<meta property=\"article:publisher\" content=\"https:\/\/www.facebook.com\/farmaceuticsbcn\/\" \/>\n<meta property=\"article:published_time\" content=\"2019-07-02T11:13:30+00:00\" \/>\n<meta name=\"author\" content=\"wpAdminCofbOrg\" \/>\n<meta name=\"twitter:card\" content=\"summary_large_image\" \/>\n<meta name=\"twitter:creator\" content=\"@farmaceuticsbcn\" \/>\n<meta name=\"twitter:site\" content=\"@farmaceuticsbcn\" \/>\n<meta name=\"twitter:label1\" content=\"Escrito por\" \/>\n\t<meta name=\"twitter:data1\" content=\"wpAdminCofbOrg\" \/>\n\t<meta name=\"twitter:label2\" content=\"Tiempo de lectura\" \/>\n\t<meta name=\"twitter:data2\" content=\"3 minutos\" \/>\n<script type=\"application\/ld+json\" class=\"yoast-schema-graph\">{\"@context\":\"https:\/\/schema.org\",\"@graph\":[{\"@type\":\"Article\",\"@id\":\"https:\/\/novaorg.cofb.net\/2019\/07\/02\/abordant-patologies-otorrinolaringologiques-orl-farmacia\/#article\",\"isPartOf\":{\"@id\":\"https:\/\/novaorg.cofb.net\/2019\/07\/02\/abordant-patologies-otorrinolaringologiques-orl-farmacia\/\"},\"author\":{\"name\":\"wpAdminCofbOrg\",\"@id\":\"https:\/\/www.cofb.org\/#\/schema\/person\/22ed7eea88da74b0fa4d3154ad87ffcb\"},\"headline\":\"Abordant les patologies otorrinolaringol\u00f2giques (ORL) des de la farm\u00e0cia\",\"datePublished\":\"2019-07-02T11:13:30+00:00\",\"dateModified\":\"2019-07-02T11:13:30+00:00\",\"mainEntityOfPage\":{\"@id\":\"https:\/\/novaorg.cofb.net\/2019\/07\/02\/abordant-patologies-otorrinolaringologiques-orl-farmacia\/\"},\"wordCount\":519,\"commentCount\":0,\"publisher\":{\"@id\":\"https:\/\/www.cofb.org\/#organization\"},\"image\":{\"@id\":\"https:\/\/novaorg.cofb.net\/2019\/07\/02\/abordant-patologies-otorrinolaringologiques-orl-farmacia\/#primaryimage\"},\"thumbnailUrl\":\"\",\"keywords\":[\"afonia\",\"alteracions otorrinolaringol\u00f2giques\",\"disfonia\",\"FAES Farma\",\"laringe\",\"Marta Sandoval\",\"mucositat\",\"odinof\u00e0gia\",\"o\u00efda\",\"ORL\",\"otitis\",\"otorrinolaringologia\",\"rinorrea\",\"sinusitis\",\"taps de cera\"],\"articleSection\":[\"Destacats\",\"M\u00f3n col\u00b7legial\"],\"inLanguage\":\"es\",\"potentialAction\":[{\"@type\":\"CommentAction\",\"name\":\"Comment\",\"target\":[\"https:\/\/novaorg.cofb.net\/2019\/07\/02\/abordant-patologies-otorrinolaringologiques-orl-farmacia\/#respond\"]}]},{\"@type\":\"WebPage\",\"@id\":\"https:\/\/novaorg.cofb.net\/2019\/07\/02\/abordant-patologies-otorrinolaringologiques-orl-farmacia\/\",\"url\":\"https:\/\/novaorg.cofb.net\/2019\/07\/02\/abordant-patologies-otorrinolaringologiques-orl-farmacia\/\",\"name\":\"Abordant les patologies otorrinolaringol\u00f2giques (ORL) des de la farm\u00e0cia - Col\u00b7legi de Farmac\u00e8utics de Barcelona\",\"isPartOf\":{\"@id\":\"https:\/\/www.cofb.org\/#website\"},\"primaryImageOfPage\":{\"@id\":\"https:\/\/novaorg.cofb.net\/2019\/07\/02\/abordant-patologies-otorrinolaringologiques-orl-farmacia\/#primaryimage\"},\"image\":{\"@id\":\"https:\/\/novaorg.cofb.net\/2019\/07\/02\/abordant-patologies-otorrinolaringologiques-orl-farmacia\/#primaryimage\"},\"thumbnailUrl\":\"\",\"datePublished\":\"2019-07-02T11:13:30+00:00\",\"dateModified\":\"2019-07-02T11:13:30+00:00\",\"description\":\"El passat 5 de juny, el COFB va acollir la confer\u00e8ncia\u00a0\u201cAbordatge de les patologies otorrinolaringol\u00f2giques (ORL) a la farm\u00e0cia\\\"\u00a0que va repassar les patologies m\u00e9s comunes d\u2019o\u00efda i laringe\u00a0de la m\u00e0 de la doctora Marta Sandoval, especialista en otorrinolaringologia i patologia cervical-facial de l\u2019Hospital Quir\u00f3nsalud\",\"breadcrumb\":{\"@id\":\"https:\/\/novaorg.cofb.net\/2019\/07\/02\/abordant-patologies-otorrinolaringologiques-orl-farmacia\/#breadcrumb\"},\"inLanguage\":\"es\",\"potentialAction\":[{\"@type\":\"ReadAction\",\"target\":[\"https:\/\/novaorg.cofb.net\/2019\/07\/02\/abordant-patologies-otorrinolaringologiques-orl-farmacia\/\"]}]},{\"@type\":\"ImageObject\",\"inLanguage\":\"es\",\"@id\":\"https:\/\/novaorg.cofb.net\/2019\/07\/02\/abordant-patologies-otorrinolaringologiques-orl-farmacia\/#primaryimage\",\"url\":\"\",\"contentUrl\":\"\"},{\"@type\":\"BreadcrumbList\",\"@id\":\"https:\/\/novaorg.cofb.net\/2019\/07\/02\/abordant-patologies-otorrinolaringologiques-orl-farmacia\/#breadcrumb\",\"itemListElement\":[{\"@type\":\"ListItem\",\"position\":1,\"name\":\"Inici\",\"item\":\"https:\/\/novaorg.cofb.net\/\"},{\"@type\":\"ListItem\",\"position\":2,\"name\":\"Abordant les patologies otorrinolaringol\u00f2giques (ORL) des de la farm\u00e0cia\"}]},{\"@type\":\"WebSite\",\"@id\":\"https:\/\/www.cofb.org\/#website\",\"url\":\"https:\/\/www.cofb.org\/\",\"name\":\"Col\u00b7legi de Farmac\u00e8utics de Barcelona\",\"description\":\"\",\"publisher\":{\"@id\":\"https:\/\/www.cofb.org\/#organization\"},\"potentialAction\":[{\"@type\":\"SearchAction\",\"target\":{\"@type\":\"EntryPoint\",\"urlTemplate\":\"https:\/\/www.cofb.org\/?s={search_term_string}\"},\"query-input\":\"required name=search_term_string\"}],\"inLanguage\":\"es\"},{\"@type\":\"Organization\",\"@id\":\"https:\/\/www.cofb.org\/#organization\",\"name\":\"Col\u00b7legi de Farmac\u00e8utics de Barcelona\",\"url\":\"https:\/\/www.cofb.org\/\",\"logo\":{\"@type\":\"ImageObject\",\"inLanguage\":\"es\",\"@id\":\"https:\/\/www.cofb.org\/#\/schema\/logo\/image\/\",\"url\":\"https:\/\/www.cofb.org\/wp-content\/uploads\/2023\/11\/cropped-Logotip-COFB.png\",\"contentUrl\":\"https:\/\/www.cofb.org\/wp-content\/uploads\/2023\/11\/cropped-Logotip-COFB.png\",\"width\":500,\"height\":105,\"caption\":\"Col\u00b7legi de Farmac\u00e8utics de Barcelona\"},\"image\":{\"@id\":\"https:\/\/www.cofb.org\/#\/schema\/logo\/image\/\"},\"sameAs\":[\"https:\/\/www.facebook.com\/farmaceuticsbcn\/\",\"https:\/\/twitter.com\/farmaceuticsbcn\",\"https:\/\/www.instagram.com\/farmaceuticsbcn\/\",\"https:\/\/www.linkedin.com\/company\/farmaceuticsbcn\/\"]},{\"@type\":\"Person\",\"@id\":\"https:\/\/www.cofb.org\/#\/schema\/person\/22ed7eea88da74b0fa4d3154ad87ffcb\",\"name\":\"wpAdminCofbOrg\",\"image\":{\"@type\":\"ImageObject\",\"inLanguage\":\"es\",\"@id\":\"https:\/\/www.cofb.org\/#\/schema\/person\/image\/\",\"url\":\"https:\/\/secure.gravatar.com\/avatar\/1721b20b3b8ca882c3b56ec6c978c594fff670e40c0718e9190eaeeb76aae7d8?s=96&d=mm&r=g\",\"contentUrl\":\"https:\/\/secure.gravatar.com\/avatar\/1721b20b3b8ca882c3b56ec6c978c594fff670e40c0718e9190eaeeb76aae7d8?s=96&d=mm&r=g\",\"caption\":\"wpAdminCofbOrg\"},\"sameAs\":[\"http:\/\/192.168.64.122\/wordpress\"],\"url\":\"https:\/\/www.cofb.org\/es\/author\/wpadmincofborg\/\"}]}<\/script>\n<!-- \/ Yoast SEO plugin. -->","yoast_head_json":{"title":"Abordant les patologies otorrinolaringol\u00f2giques (ORL) des de la farm\u00e0cia - Col\u00b7legi de Farmac\u00e8utics de Barcelona","description":"El passat 5 de juny, el COFB va acollir la confer\u00e8ncia\u00a0\u201cAbordatge de les patologies otorrinolaringol\u00f2giques (ORL) a la farm\u00e0cia\"\u00a0que va repassar les patologies m\u00e9s comunes d\u2019o\u00efda i laringe\u00a0de la m\u00e0 de la doctora Marta Sandoval, especialista en otorrinolaringologia i patologia cervical-facial de l\u2019Hospital Quir\u00f3nsalud","robots":{"index":"index","follow":"follow","max-snippet":"max-snippet:-1","max-image-preview":"max-image-preview:large","max-video-preview":"max-video-preview:-1"},"canonical":"https:\/\/novaorg.cofb.net\/2019\/07\/02\/abordant-patologies-otorrinolaringologiques-orl-farmacia\/","og_locale":"es_ES","og_type":"article","og_title":"Abordant les patologies otorrinolaringol\u00f2giques (ORL) des de la farm\u00e0cia - Col\u00b7legi de Farmac\u00e8utics de Barcelona","og_description":"El passat 5 de juny, el COFB va acollir la confer\u00e8ncia\u00a0\u201cAbordatge de les patologies otorrinolaringol\u00f2giques (ORL) a la farm\u00e0cia\"\u00a0que va repassar les patologies m\u00e9s comunes d\u2019o\u00efda i laringe\u00a0de la m\u00e0 de la doctora Marta Sandoval, especialista en otorrinolaringologia i patologia cervical-facial de l\u2019Hospital Quir\u00f3nsalud","og_url":"https:\/\/novaorg.cofb.net\/2019\/07\/02\/abordant-patologies-otorrinolaringologiques-orl-farmacia\/","og_site_name":"Col\u00b7legi de Farmac\u00e8utics de Barcelona","article_publisher":"https:\/\/www.facebook.com\/farmaceuticsbcn\/","article_published_time":"2019-07-02T11:13:30+00:00","author":"wpAdminCofbOrg","twitter_card":"summary_large_image","twitter_creator":"@farmaceuticsbcn","twitter_site":"@farmaceuticsbcn","twitter_misc":{"Escrito por":"wpAdminCofbOrg","Tiempo de lectura":"3 minutos"},"schema":{"@context":"https:\/\/schema.org","@graph":[{"@type":"Article","@id":"https:\/\/novaorg.cofb.net\/2019\/07\/02\/abordant-patologies-otorrinolaringologiques-orl-farmacia\/#article","isPartOf":{"@id":"https:\/\/novaorg.cofb.net\/2019\/07\/02\/abordant-patologies-otorrinolaringologiques-orl-farmacia\/"},"author":{"name":"wpAdminCofbOrg","@id":"https:\/\/www.cofb.org\/#\/schema\/person\/22ed7eea88da74b0fa4d3154ad87ffcb"},"headline":"Abordant les patologies otorrinolaringol\u00f2giques (ORL) des de la farm\u00e0cia","datePublished":"2019-07-02T11:13:30+00:00","dateModified":"2019-07-02T11:13:30+00:00","mainEntityOfPage":{"@id":"https:\/\/novaorg.cofb.net\/2019\/07\/02\/abordant-patologies-otorrinolaringologiques-orl-farmacia\/"},"wordCount":519,"commentCount":0,"publisher":{"@id":"https:\/\/www.cofb.org\/#organization"},"image":{"@id":"https:\/\/novaorg.cofb.net\/2019\/07\/02\/abordant-patologies-otorrinolaringologiques-orl-farmacia\/#primaryimage"},"thumbnailUrl":"","keywords":["afonia","alteracions otorrinolaringol\u00f2giques","disfonia","FAES Farma","laringe","Marta Sandoval","mucositat","odinof\u00e0gia","o\u00efda","ORL","otitis","otorrinolaringologia","rinorrea","sinusitis","taps de cera"],"articleSection":["Destacats","M\u00f3n col\u00b7legial"],"inLanguage":"es","potentialAction":[{"@type":"CommentAction","name":"Comment","target":["https:\/\/novaorg.cofb.net\/2019\/07\/02\/abordant-patologies-otorrinolaringologiques-orl-farmacia\/#respond"]}]},{"@type":"WebPage","@id":"https:\/\/novaorg.cofb.net\/2019\/07\/02\/abordant-patologies-otorrinolaringologiques-orl-farmacia\/","url":"https:\/\/novaorg.cofb.net\/2019\/07\/02\/abordant-patologies-otorrinolaringologiques-orl-farmacia\/","name":"Abordant les patologies otorrinolaringol\u00f2giques (ORL) des de la farm\u00e0cia - Col\u00b7legi de Farmac\u00e8utics de Barcelona","isPartOf":{"@id":"https:\/\/www.cofb.org\/#website"},"primaryImageOfPage":{"@id":"https:\/\/novaorg.cofb.net\/2019\/07\/02\/abordant-patologies-otorrinolaringologiques-orl-farmacia\/#primaryimage"},"image":{"@id":"https:\/\/novaorg.cofb.net\/2019\/07\/02\/abordant-patologies-otorrinolaringologiques-orl-farmacia\/#primaryimage"},"thumbnailUrl":"","datePublished":"2019-07-02T11:13:30+00:00","dateModified":"2019-07-02T11:13:30+00:00","description":"El passat 5 de juny, el COFB va acollir la confer\u00e8ncia\u00a0\u201cAbordatge de les patologies otorrinolaringol\u00f2giques (ORL) a la farm\u00e0cia\"\u00a0que va repassar les patologies m\u00e9s comunes d\u2019o\u00efda i laringe\u00a0de la m\u00e0 de la doctora Marta Sandoval, especialista en otorrinolaringologia i patologia cervical-facial de l\u2019Hospital Quir\u00f3nsalud","breadcrumb":{"@id":"https:\/\/novaorg.cofb.net\/2019\/07\/02\/abordant-patologies-otorrinolaringologiques-orl-farmacia\/#breadcrumb"},"inLanguage":"es","potentialAction":[{"@type":"ReadAction","target":["https:\/\/novaorg.cofb.net\/2019\/07\/02\/abordant-patologies-otorrinolaringologiques-orl-farmacia\/"]}]},{"@type":"ImageObject","inLanguage":"es","@id":"https:\/\/novaorg.cofb.net\/2019\/07\/02\/abordant-patologies-otorrinolaringologiques-orl-farmacia\/#primaryimage","url":"","contentUrl":""},{"@type":"BreadcrumbList","@id":"https:\/\/novaorg.cofb.net\/2019\/07\/02\/abordant-patologies-otorrinolaringologiques-orl-farmacia\/#breadcrumb","itemListElement":[{"@type":"ListItem","position":1,"name":"Inici","item":"https:\/\/novaorg.cofb.net\/"},{"@type":"ListItem","position":2,"name":"Abordant les patologies otorrinolaringol\u00f2giques (ORL) des de la farm\u00e0cia"}]},{"@type":"WebSite","@id":"https:\/\/www.cofb.org\/#website","url":"https:\/\/www.cofb.org\/","name":"Col\u00b7legi de Farmac\u00e8utics de Barcelona","description":"","publisher":{"@id":"https:\/\/www.cofb.org\/#organization"},"potentialAction":[{"@type":"SearchAction","target":{"@type":"EntryPoint","urlTemplate":"https:\/\/www.cofb.org\/?s={search_term_string}"},"query-input":"required name=search_term_string"}],"inLanguage":"es"},{"@type":"Organization","@id":"https:\/\/www.cofb.org\/#organization","name":"Col\u00b7legi de Farmac\u00e8utics de Barcelona","url":"https:\/\/www.cofb.org\/","logo":{"@type":"ImageObject","inLanguage":"es","@id":"https:\/\/www.cofb.org\/#\/schema\/logo\/image\/","url":"https:\/\/www.cofb.org\/wp-content\/uploads\/2023\/11\/cropped-Logotip-COFB.png","contentUrl":"https:\/\/www.cofb.org\/wp-content\/uploads\/2023\/11\/cropped-Logotip-COFB.png","width":500,"height":105,"caption":"Col\u00b7legi de Farmac\u00e8utics de Barcelona"},"image":{"@id":"https:\/\/www.cofb.org\/#\/schema\/logo\/image\/"},"sameAs":["https:\/\/www.facebook.com\/farmaceuticsbcn\/","https:\/\/twitter.com\/farmaceuticsbcn","https:\/\/www.instagram.com\/farmaceuticsbcn\/","https:\/\/www.linkedin.com\/company\/farmaceuticsbcn\/"]},{"@type":"Person","@id":"https:\/\/www.cofb.org\/#\/schema\/person\/22ed7eea88da74b0fa4d3154ad87ffcb","name":"wpAdminCofbOrg","image":{"@type":"ImageObject","inLanguage":"es","@id":"https:\/\/www.cofb.org\/#\/schema\/person\/image\/","url":"https:\/\/secure.gravatar.com\/avatar\/1721b20b3b8ca882c3b56ec6c978c594fff670e40c0718e9190eaeeb76aae7d8?s=96&d=mm&r=g","contentUrl":"https:\/\/secure.gravatar.com\/avatar\/1721b20b3b8ca882c3b56ec6c978c594fff670e40c0718e9190eaeeb76aae7d8?s=96&d=mm&r=g","caption":"wpAdminCofbOrg"},"sameAs":["http:\/\/192.168.64.122\/wordpress"],"url":"https:\/\/www.cofb.org\/es\/author\/wpadmincofborg\/"}]}},"uagb_featured_image_src":{"full":false,"thumbnail":false,"medium":false,"medium_large":false,"large":false,"1536x1536":false,"2048x2048":false,"trp-custom-language-flag":false},"uagb_author_info":{"display_name":"wpAdminCofbOrg","author_link":"https:\/\/www.cofb.org\/es\/author\/wpadmincofborg\/"},"uagb_comment_info":0,"uagb_excerpt":"El passat 5 de juny, el COFB va acollir \u201cAbordatge de les patologies otorrinolaringol\u00f2giques (ORL) a la farm\u00e0cia&#8221;,\u00a0confer\u00e8ncia\u00a0que va repassar les patologies m\u00e9s comunes d\u2019o\u00efda i laringe\u00a0de la m\u00e0 de la doctora Marta Sandoval, especialista en otorrinolaringologia i patologia cervical-facial de l\u2019Hospital Quir\u00f3nsalud de Barcelona i Cap del Servei d\u2019Otorrinolaringologia [&hellip;]","_links":{"self":[{"href":"https:\/\/www.cofb.org\/es\/wp-json\/wp\/v2\/posts\/46284","targetHints":{"allow":["GET"]}}],"collection":[{"href":"https:\/\/www.cofb.org\/es\/wp-json\/wp\/v2\/posts"}],"about":[{"href":"https:\/\/www.cofb.org\/es\/wp-json\/wp\/v2\/types\/post"}],"author":[{"embeddable":true,"href":"https:\/\/www.cofb.org\/es\/wp-json\/wp\/v2\/users\/1"}],"replies":[{"embeddable":true,"href":"https:\/\/www.cofb.org\/es\/wp-json\/wp\/v2\/comments?post=46284"}],"version-history":[{"count":0,"href":"https:\/\/www.cofb.org\/es\/wp-json\/wp\/v2\/posts\/46284\/revisions"}],"wp:featuredmedia":[{"embeddable":true,"href":"https:\/\/www.cofb.org\/es\/wp-json\/"}],"wp:attachment":[{"href":"https:\/\/www.cofb.org\/es\/wp-json\/wp\/v2\/media?parent=46284"}],"wp:term":[{"taxonomy":"category","embeddable":true,"href":"https:\/\/www.cofb.org\/es\/wp-json\/wp\/v2\/categories?post=46284"},{"taxonomy":"post_tag","embeddable":true,"href":"https:\/\/www.cofb.org\/es\/wp-json\/wp\/v2\/tags?post=46284"}],"curies":[{"name":"wp","href":"https:\/\/api.w.org\/{rel}","templated":true}]}}