{"id":45278,"date":"2019-05-08T12:22:48","date_gmt":"2019-05-08T10:22:48","guid":{"rendered":"https:\/\/blog.cofb.cat\/?p=45278"},"modified":"2019-05-08T12:22:48","modified_gmt":"2019-05-08T10:22:48","slug":"rinitis-allergica-allergies-mes-comunes","status":"publish","type":"post","link":"https:\/\/www.cofb.org\/es\/2019\/05\/08\/rinitis-allergica-allergies-mes-comunes\/","title":{"rendered":"La rinitis al\u00e9rgica, una de las alergias m\u00e1s comunes"},"content":{"rendered":"<p>La<strong>llegada de la primavera<\/strong>\u00a0puede dar lugar a posibles<strong> reacciones al\u00e9rgicas<\/strong>, relacionadas con el <strong>clima<\/strong>, las <strong>condiciones<\/strong> <strong>higi\u00e9nicas<\/strong> y la <strong>situaci\u00f3n<\/strong> <strong>geogr\u00e1fica<\/strong>, que son provocadas por los cambios que supone la nueva estaci\u00f3n. Las personas al\u00e9rgicas suelen serlo a m\u00e1s de una sustancia y los estornudos son uno de los s\u00edntomas. Aunque no haya ning\u00fan cuidado, hay medidas de <strong>prevenci\u00f3n<\/strong>, <strong>detecci\u00f3n<\/strong> y <strong>tratamiento<\/strong>. Seg\u00fan los factores causantes, las alergias pueden manifestarse de diferentes formas, como: <strong>rinitis<\/strong> <strong>al\u00e9rgica<\/strong>, <strong>urticaria<\/strong>, <strong>eczemas<\/strong>, etc. A continuaci\u00f3n, nos centraremos en la\u00a0<strong>rinitis<\/strong> <strong>al\u00e9rgica.<\/strong><\/p>\n<figure id=\"attachment_45279\" aria-describedby=\"caption-attachment-45279\" style=\"width: 960px\" class=\"wp-caption aligncenter\"><a href=\"https:\/\/blog.cofb.cat\/wp-content\/uploads\/2019\/04\/allergy-1738191_960_720.jpg\"><img fetchpriority=\"high\" decoding=\"async\" class=\"wp-image-45279 size-full\" title=\"La rinitis al\u00e9rgica es la reacci\u00f3n al\u00e9rgica de las membranas de la mucosa nasal cuando entran en contacto con una o m\u00e1s sustancias al\u00e9rgenas.\" src=\"https:\/\/blog.cofb.cat\/wp-content\/uploads\/2019\/04\/allergy-1738191_960_720.jpg\" alt=\"La rinitis al\u00b7l\u00e8rgica \u00e9s la reacci\u00f3 al\u00b7l\u00e8rgica de les membranes de la mucosa nasal quan entren en contacte amb una o m\u00e9s subst\u00e0ncies al\u00b7lerg\u00f2genes.\" width=\"960\" height=\"720\" \/><\/a><figcaption id=\"caption-attachment-45279\" class=\"wp-caption-text\">La rinitis al\u00e9rgica es la reacci\u00f3n al\u00e9rgica de las membranas de la mucosa nasal cuando entran en contacto con una o m\u00e1s sustancias al\u00e9rgenas.<\/figcaption><\/figure>\n<div class=\"box info\"><\/p>\n<p>La alergia es una <strong>reacci\u00f3n inmunol\u00f3gica espec\u00edfica del organismo hacia una sustancia normalmente inofensiva<\/strong> con un <strong>impacto de incidencia diferente<\/strong>, ya que no afecta por igual a todo el mundo.<strong>\u00a0<\/strong>Las personas al\u00e9rgicas suelen ser sensibles a m\u00e1s de una sustancia determinada como\u00a0<strong>polen<\/strong>, part\u00edculas de la <strong>pulso<\/strong>, <strong>esporas<\/strong> de <strong>flores<\/strong> o <strong>hongos<\/strong>, <strong>determinantes<\/strong> <strong>alimentos<\/strong>, goma de <strong>l\u00e1tex<\/strong>, <strong>veneno<\/strong> de los <strong>insectos<\/strong> y <strong>medicamentos<\/strong>. Aunque se pueda tener cierta tendencia a ser al\u00e9rgico, es necesario exponerse a factores causantes, como los anteriormente mencionados. Las sustancias causantes, llamadas <strong>al\u00e9rgenos<\/strong>, tienen un mayor impacto en \u00e9pocas cuando las defensas del cuerpo son bajas o durante el embarazo.<\/p>\n<p><\/div>\n<h1><strong><span style=\"color: #008080;\">Rinitis al\u00e9rgica<\/span><\/strong><\/h1>\n<p>La rinitis al\u00e9rgica es la <strong>reacci\u00f3n<\/strong> <strong>al\u00e9rgica<\/strong> de las <strong>membranas<\/strong> de la <strong>mucosa<\/strong> <strong>nasal<\/strong> cuando entran <strong>en contacto<\/strong> con una o m\u00e1s <strong>sustancias<\/strong> <strong>al\u00e9rgenas<\/strong>. Los <strong>s\u00edntomas<\/strong>, que normalmente son m\u00e1s agudos durante el d\u00eda, son: estornudos, secreci\u00f3n nasal acuosa, congesti\u00f3n nasal, picor en los ojos y lagrimeo, picor en la nariz y en la garganta.<\/p>\n<p>La <strong>hipersensibilidad<\/strong> <strong>del cuadro de la rinitis<\/strong>, con una evoluci\u00f3n de dos a tres a\u00f1os hasta que se estabiliza,<strong> puede desaparecer<\/strong>. Sin embargo, tambi\u00e9n se pueden complicar y provocar p\u00e9rdida de o\u00eddo, sinusitis y p\u00f3lipos nasales. Los ni\u00f1os pueden originar cambios en la estructura \u00f3sea del paladar, o asma.<\/p>\n<p>Hay <strong>dos tipos de rinitis<\/strong> que se <strong>diferencian por la \u00e9poca de incidencia<\/strong>:<\/p>\n<h2><span style=\"color: #008080;\"><strong>Rinitis estacional<\/strong><\/span><\/h2>\n<p>La <strong>rinitis estacional<\/strong><span style=\"color: #008080;\">\u00a0<\/span>causa alergia durante la primavera a aquellas personas que son sensibles al polen de plantas y \u00e1rboles, a esporas de hongos y mohos. Los al\u00e9rgenos m\u00e1s frecuentes en el mediterr\u00e1neo son:<\/p>\n<ul>\n<li>Parietaria<\/li>\n<li>Plataneros<\/li>\n<li>Gram\u00edneas<\/li>\n<li>Olivos<\/li>\n<\/ul>\n<h2><span style=\"color: #008080;\"><strong>Rinitis cr\u00f3nica<\/strong><\/span><\/h2>\n<p>La <strong>rinitis cr\u00f3nica <\/strong><span style=\"color: #008080;\"><span style=\"color: #000000;\">est\u00e1 presente durante todo el a\u00f1o, aunque puede tener m\u00e1s impacto en per\u00edodos o circunstancias concretas. Los factores causantes son:<\/span><\/span><\/p>\n<ul>\n<li><span style=\"color: #008080;\"><span style=\"color: #000000;\">\u00a0\u00c1caros; componentes habituales del polvo dom\u00e9stico\u00a0<\/span><\/span><\/li>\n<li><span style=\"color: #008080;\"><span style=\"color: #000000;\">Pelos y c\u00e9lulas de descamaci\u00f3n de los animales dom\u00e9sticos<\/span><\/span><\/li>\n<li><span style=\"color: #008080;\"><span style=\"color: #000000;\">Esporas de hongos<\/span><\/span><\/li>\n<\/ul>\n<p>En comparaci\u00f3n con la rinitis estacional, el bloqueo nasal de la rinitis cr\u00f3nica es m\u00e1s pronunciado y no existe picor. Aparte de esto, las alergias a los hongos tambi\u00e9n pueden hacer aparecer prurito en el cuello, en los ojos y en las orejas y se pueden asociar a dolor de cabeza, cansancio y p\u00e9rdida de la concentraci\u00f3n.<\/p>\n<div class=\"box note\"><\/p>\n<h1><strong><span style=\"color: #008080;\">Prevenci\u00f3n y tratamiento de las alergias<\/span><\/strong><\/h1>\n<h3><span style=\"color: #008080;\"><strong>Prevenci\u00f3n<\/strong>:<\/span><\/h3>\n<ul>\n<li><strong>Evitar los al\u00e9rgenos<\/strong>, para prevenir la respuesta inmunol\u00f3gica. Tener cerradas las ventanas de las casas y coches.<\/li>\n<li>Evitar estar <strong>demasiado rato al aire libre en las \u00e9pocas de polinizaci\u00f3n<\/strong>, sobre todo en las horas de la puesta de sol, que es cuando hay m\u00e1s polen en suspensi\u00f3n.<\/li>\n<li>Evitar la presencia de<strong>animales en las casas<\/strong>. Si no es posible, procurar que <strong>est\u00e9n muy limpios<\/strong>, y no permitirles nunca el acceso a los dormitorios.<\/li>\n<li>Usar <strong>fundas impermeables<\/strong> para colchones, edredones y almohadas.<\/li>\n<li>Pasar el<strong>aspiradora<\/strong> a menudo por las <strong>zonas susceptibles de acumular m\u00e1s polvo<\/strong>.<\/li>\n<li>Evitar <strong>alfombras, almohadas de plumas y mantas de lana<\/strong>.<\/li>\n<li>Los ni\u00f1os no deben dormir con <strong>mu\u00f1ecos de peluche<\/strong>.<\/li>\n<li>Utilizar <strong>m\u00e1scaras faciales adecuadas<\/strong> que filtren el aire inhalado.<\/li>\n<li>Aplicarse la inyecci\u00f3n de<strong>extra\u00eddos de al\u00e9rgenos<\/strong>, para alterar la respuesta inmunol\u00f3gica.<\/li>\n<\/ul>\n<p>Se puede obtener m\u00e1s informaci\u00f3n de los niveles de polen en los diferentes observatorios de Catalu\u00f1a en: <a href=\"https:\/\/lap.uab.cat\/aerobiologia\/ca\/nivells.html#\" target=\"_blank\" rel=\"noopener\">Punto de informaci\u00f3n aerobiol\u00f3gica<\/a> (Red Biol\u00f3gica de Catalu\u00f1a)<\/p>\n<p><a href=\"https:\/\/blog.cofb.cat\/wp-content\/uploads\/2019\/04\/plant-692141_960_720.jpg\"><img decoding=\"async\" class=\"aligncenter size-full wp-image-45365\" src=\"https:\/\/blog.cofb.cat\/wp-content\/uploads\/2019\/04\/plant-692141_960_720.jpg\" alt=\"\" width=\"960\" height=\"640\" \/><\/a><\/p>\n<h3><span style=\"color: #008080;\"><strong>Tratamiento<\/strong>:<\/span><\/h3>\n<p>La farmacia dispone de principios activos para combatir las alergias y el papel del farmac\u00e9utico es de suma importancia a la hora de resolver consultas de los afectados. Lo primero a tener en cuenta son los mecanismos de aparici\u00f3n.<\/p>\n<p>Los tratamientos m\u00e1s corrientes son los siguientes:<\/p>\n<ul>\n<li>Ba\u00f1os salinos<\/li>\n<li>Descongestivos<\/li>\n<li>Antihistam\u00ednicos<\/li>\n<li>Anticolin\u00e9rgicos<\/li>\n<li>Corticoides<\/li>\n<li>La inmunoterapia (vacunaci\u00f3n espec\u00edfica contra los al\u00e9rgenos causantes) no cura la enfermedad, pero reduce el n\u00famero de s\u00edntomas, y hace m\u00e1s f\u00e1cil su control.<\/li>\n<\/ul>\n<p><\/div>\n<p><strong>Informaci\u00f3n basada en el contenido de la web de salud\u00a0<a href=\"https:\/\/www.farmaceuticonline.com\/\" target=\"_blank\" rel=\"noopener\">Farmaceuticonline<\/a>:<\/strong><\/p>\n<ul>\n<li><a href=\"https:\/\/www.farmaceuticonline.com\/allergia-acars\/\" target=\"_blank\" rel=\"noopener\">Alergia<\/a>\u00a0(V\u00eda\u00a0<a href=\"https:\/\/www.farmaceuticonline.com\/\" target=\"_blank\" rel=\"noopener\">Farmaceuticonline<\/a>)<\/li>\n<\/ul>","protected":false},"excerpt":{"rendered":"<p>La llegada de la primavera puede dar lugar a posibles reacciones al\u00e9rgicas, relacionadas con el clima, las condiciones higi\u00e9nicas y la situaci\u00f3n geogr\u00e1fica, provocadas por los cambios que supone la nueva estaci\u00f3n. Las personas al\u00e9rgicas suelen serlo a m\u00e1s de una sustancia y los estornudos son uno de los s\u00edntomas. Aunque no [\u2026]<\/p>","protected":false},"author":1,"featured_media":45279,"comment_status":"open","ping_status":"open","sticky":false,"template":"","format":"standard","meta":{"_uag_custom_page_level_css":"","site-sidebar-layout":"default","site-content-layout":"","ast-site-content-layout":"default","site-content-style":"default","site-sidebar-style":"default","ast-global-header-display":"","ast-banner-title-visibility":"","ast-main-header-display":"","ast-hfb-above-header-display":"","ast-hfb-below-header-display":"","ast-hfb-mobile-header-display":"","site-post-title":"","ast-breadcrumbs-content":"","ast-featured-img":"disabled","footer-sml-layout":"","theme-transparent-header-meta":"","adv-header-id-meta":"","stick-header-meta":"","header-above-stick-meta":"","header-main-stick-meta":"","header-below-stick-meta":"","astra-migrate-meta-layouts":"default","ast-page-background-enabled":"default","ast-page-background-meta":{"desktop":{"background-color":"var(--ast-global-color-4)","background-image":"","background-repeat":"repeat","background-position":"center center","background-size":"auto","background-attachment":"scroll","background-type":"","background-media":"","overlay-type":"","overlay-color":"","overlay-opacity":"","overlay-gradient":""},"tablet":{"background-color":"","background-image":"","background-repeat":"repeat","background-position":"center center","background-size":"auto","background-attachment":"scroll","background-type":"","background-media":"","overlay-type":"","overlay-color":"","overlay-opacity":"","overlay-gradient":""},"mobile":{"background-color":"","background-image":"","background-repeat":"repeat","background-position":"center center","background-size":"auto","background-attachment":"scroll","background-type":"","background-media":"","overlay-type":"","overlay-color":"","overlay-opacity":"","overlay-gradient":""}},"ast-content-background-meta":{"desktop":{"background-color":"var(--ast-global-color-5)","background-image":"","background-repeat":"repeat","background-position":"center center","background-size":"auto","background-attachment":"scroll","background-type":"","background-media":"","overlay-type":"","overlay-color":"","overlay-opacity":"","overlay-gradient":""},"tablet":{"background-color":"var(--ast-global-color-5)","background-image":"","background-repeat":"repeat","background-position":"center center","background-size":"auto","background-attachment":"scroll","background-type":"","background-media":"","overlay-type":"","overlay-color":"","overlay-opacity":"","overlay-gradient":""},"mobile":{"background-color":"var(--ast-global-color-5)","background-image":"","background-repeat":"repeat","background-position":"center center","background-size":"auto","background-attachment":"scroll","background-type":"","background-media":"","overlay-type":"","overlay-color":"","overlay-opacity":"","overlay-gradient":""}},"footnotes":""},"categories":[23,47],"tags":[2192,3481,3482,3179,785,3483,789,369,2680,3484,3485],"class_list":["post-45278","post","type-post","status-publish","format-standard","has-post-thumbnail","hentry","category-destacats","category-recomanacions-del-farmaceutic","tag-allergia","tag-anticolinergics","tag-antihistaminics","tag-consells-del-farmaceutic","tag-farmaceuticonline","tag-pollen","tag-recomanacions","tag-recomanacions-del-farmaceutic-2","tag-rinitis","tag-rinitis-allergica","tag-substancies-allergogenes"],"yoast_head":"<!-- This site is optimized with the Yoast SEO plugin v22.4 - https:\/\/yoast.com\/wordpress\/plugins\/seo\/ -->\n<title>La rinitis al\u00b7l\u00e8rgica, una de les al\u00b7l\u00e8rgies m\u00e9s comunes - Col\u00b7legi de Farmac\u00e8utics de Barcelona<\/title>\n<meta name=\"description\" content=\". Les persones al\u00b7l\u00e8rgiques solen ser-ho a m\u00e9s d&#039;una subst\u00e0ncia i els esternuts s\u00f3n un dels s\u00edmptomes. Encara que no hi hagi cap cura, hi ha mesures de prevenci\u00f3, detecci\u00f3 i tractament. A continuaci\u00f3, exposarem aquestes mesures aix\u00ed com els tipus d&#039;al\u00b7l\u00e8rgies, amb especial \u00e8mfasi en la rinitis al\u00b7l\u00e8rgica.\u00a0\" \/>\n<meta name=\"robots\" content=\"index, follow, max-snippet:-1, max-image-preview:large, max-video-preview:-1\" \/>\n<link rel=\"canonical\" href=\"https:\/\/novaorg.cofb.net\/2019\/05\/08\/rinitis-allergica-allergies-mes-comunes\/\" \/>\n<meta property=\"og:locale\" content=\"es_ES\" \/>\n<meta property=\"og:type\" content=\"article\" \/>\n<meta property=\"og:title\" content=\"La rinitis al\u00b7l\u00e8rgica, una de les al\u00b7l\u00e8rgies m\u00e9s comunes - Col\u00b7legi de Farmac\u00e8utics de Barcelona\" \/>\n<meta property=\"og:description\" content=\". Les persones al\u00b7l\u00e8rgiques solen ser-ho a m\u00e9s d&#039;una subst\u00e0ncia i els esternuts s\u00f3n un dels s\u00edmptomes. Encara que no hi hagi cap cura, hi ha mesures de prevenci\u00f3, detecci\u00f3 i tractament. A continuaci\u00f3, exposarem aquestes mesures aix\u00ed com els tipus d&#039;al\u00b7l\u00e8rgies, amb especial \u00e8mfasi en la rinitis al\u00b7l\u00e8rgica.\u00a0\" \/>\n<meta property=\"og:url\" content=\"https:\/\/novaorg.cofb.net\/2019\/05\/08\/rinitis-allergica-allergies-mes-comunes\/\" \/>\n<meta property=\"og:site_name\" content=\"Col\u00b7legi de Farmac\u00e8utics de Barcelona\" \/>\n<meta property=\"article:publisher\" content=\"https:\/\/www.facebook.com\/farmaceuticsbcn\/\" \/>\n<meta property=\"article:published_time\" content=\"2019-05-08T10:22:48+00:00\" \/>\n<meta name=\"author\" content=\"wpAdminCofbOrg\" \/>\n<meta name=\"twitter:card\" content=\"summary_large_image\" \/>\n<meta name=\"twitter:creator\" content=\"@farmaceuticsbcn\" \/>\n<meta name=\"twitter:site\" content=\"@farmaceuticsbcn\" \/>\n<meta name=\"twitter:label1\" content=\"Escrito por\" \/>\n\t<meta name=\"twitter:data1\" content=\"wpAdminCofbOrg\" \/>\n\t<meta name=\"twitter:label2\" content=\"Tiempo de lectura\" \/>\n\t<meta name=\"twitter:data2\" content=\"4 minutos\" \/>\n<script type=\"application\/ld+json\" class=\"yoast-schema-graph\">{\"@context\":\"https:\/\/schema.org\",\"@graph\":[{\"@type\":\"Article\",\"@id\":\"https:\/\/novaorg.cofb.net\/2019\/05\/08\/rinitis-allergica-allergies-mes-comunes\/#article\",\"isPartOf\":{\"@id\":\"https:\/\/novaorg.cofb.net\/2019\/05\/08\/rinitis-allergica-allergies-mes-comunes\/\"},\"author\":{\"name\":\"wpAdminCofbOrg\",\"@id\":\"https:\/\/www.cofb.org\/#\/schema\/person\/22ed7eea88da74b0fa4d3154ad87ffcb\"},\"headline\":\"La rinitis al\u00b7l\u00e8rgica, una de les al\u00b7l\u00e8rgies m\u00e9s comunes\",\"datePublished\":\"2019-05-08T10:22:48+00:00\",\"dateModified\":\"2019-05-08T10:22:48+00:00\",\"mainEntityOfPage\":{\"@id\":\"https:\/\/novaorg.cofb.net\/2019\/05\/08\/rinitis-allergica-allergies-mes-comunes\/\"},\"wordCount\":901,\"commentCount\":0,\"publisher\":{\"@id\":\"https:\/\/www.cofb.org\/#organization\"},\"image\":{\"@id\":\"https:\/\/novaorg.cofb.net\/2019\/05\/08\/rinitis-allergica-allergies-mes-comunes\/#primaryimage\"},\"thumbnailUrl\":\"\",\"keywords\":[\"al\u00b7l\u00e8rgia\",\"Anticolin\u00e8rgics\",\"Antihistam\u00ednics\",\"consells del farmac\u00e8utic\",\"Farmaceuticonline\",\"pol\u00b7len\",\"Recomanacions\",\"recomanacions del farmac\u00e8utic\",\"rinitis\",\"rinitis al\u00b7l\u00e8rgica\",\"subst\u00e0ncies al\u00b7lerg\u00f2genes\"],\"articleSection\":[\"Destacats\",\"Recomanacions del farmac\u00e8utic\"],\"inLanguage\":\"es\",\"potentialAction\":[{\"@type\":\"CommentAction\",\"name\":\"Comment\",\"target\":[\"https:\/\/novaorg.cofb.net\/2019\/05\/08\/rinitis-allergica-allergies-mes-comunes\/#respond\"]}]},{\"@type\":\"WebPage\",\"@id\":\"https:\/\/novaorg.cofb.net\/2019\/05\/08\/rinitis-allergica-allergies-mes-comunes\/\",\"url\":\"https:\/\/novaorg.cofb.net\/2019\/05\/08\/rinitis-allergica-allergies-mes-comunes\/\",\"name\":\"La rinitis al\u00b7l\u00e8rgica, una de les al\u00b7l\u00e8rgies m\u00e9s comunes - Col\u00b7legi de Farmac\u00e8utics de Barcelona\",\"isPartOf\":{\"@id\":\"https:\/\/www.cofb.org\/#website\"},\"primaryImageOfPage\":{\"@id\":\"https:\/\/novaorg.cofb.net\/2019\/05\/08\/rinitis-allergica-allergies-mes-comunes\/#primaryimage\"},\"image\":{\"@id\":\"https:\/\/novaorg.cofb.net\/2019\/05\/08\/rinitis-allergica-allergies-mes-comunes\/#primaryimage\"},\"thumbnailUrl\":\"\",\"datePublished\":\"2019-05-08T10:22:48+00:00\",\"dateModified\":\"2019-05-08T10:22:48+00:00\",\"description\":\". Les persones al\u00b7l\u00e8rgiques solen ser-ho a m\u00e9s d'una subst\u00e0ncia i els esternuts s\u00f3n un dels s\u00edmptomes. Encara que no hi hagi cap cura, hi ha mesures de prevenci\u00f3, detecci\u00f3 i tractament. A continuaci\u00f3, exposarem aquestes mesures aix\u00ed com els tipus d'al\u00b7l\u00e8rgies, amb especial \u00e8mfasi en la rinitis al\u00b7l\u00e8rgica.\u00a0\",\"breadcrumb\":{\"@id\":\"https:\/\/novaorg.cofb.net\/2019\/05\/08\/rinitis-allergica-allergies-mes-comunes\/#breadcrumb\"},\"inLanguage\":\"es\",\"potentialAction\":[{\"@type\":\"ReadAction\",\"target\":[\"https:\/\/novaorg.cofb.net\/2019\/05\/08\/rinitis-allergica-allergies-mes-comunes\/\"]}]},{\"@type\":\"ImageObject\",\"inLanguage\":\"es\",\"@id\":\"https:\/\/novaorg.cofb.net\/2019\/05\/08\/rinitis-allergica-allergies-mes-comunes\/#primaryimage\",\"url\":\"\",\"contentUrl\":\"\"},{\"@type\":\"BreadcrumbList\",\"@id\":\"https:\/\/novaorg.cofb.net\/2019\/05\/08\/rinitis-allergica-allergies-mes-comunes\/#breadcrumb\",\"itemListElement\":[{\"@type\":\"ListItem\",\"position\":1,\"name\":\"Inici\",\"item\":\"https:\/\/novaorg.cofb.net\/\"},{\"@type\":\"ListItem\",\"position\":2,\"name\":\"La rinitis al\u00b7l\u00e8rgica, una de les al\u00b7l\u00e8rgies m\u00e9s comunes\"}]},{\"@type\":\"WebSite\",\"@id\":\"https:\/\/www.cofb.org\/#website\",\"url\":\"https:\/\/www.cofb.org\/\",\"name\":\"Col\u00b7legi de Farmac\u00e8utics de Barcelona\",\"description\":\"\",\"publisher\":{\"@id\":\"https:\/\/www.cofb.org\/#organization\"},\"potentialAction\":[{\"@type\":\"SearchAction\",\"target\":{\"@type\":\"EntryPoint\",\"urlTemplate\":\"https:\/\/www.cofb.org\/?s={search_term_string}\"},\"query-input\":\"required name=search_term_string\"}],\"inLanguage\":\"es\"},{\"@type\":\"Organization\",\"@id\":\"https:\/\/www.cofb.org\/#organization\",\"name\":\"Col\u00b7legi de Farmac\u00e8utics de Barcelona\",\"url\":\"https:\/\/www.cofb.org\/\",\"logo\":{\"@type\":\"ImageObject\",\"inLanguage\":\"es\",\"@id\":\"https:\/\/www.cofb.org\/#\/schema\/logo\/image\/\",\"url\":\"https:\/\/www.cofb.org\/wp-content\/uploads\/2023\/11\/cropped-Logotip-COFB.png\",\"contentUrl\":\"https:\/\/www.cofb.org\/wp-content\/uploads\/2023\/11\/cropped-Logotip-COFB.png\",\"width\":500,\"height\":105,\"caption\":\"Col\u00b7legi de Farmac\u00e8utics de Barcelona\"},\"image\":{\"@id\":\"https:\/\/www.cofb.org\/#\/schema\/logo\/image\/\"},\"sameAs\":[\"https:\/\/www.facebook.com\/farmaceuticsbcn\/\",\"https:\/\/twitter.com\/farmaceuticsbcn\",\"https:\/\/www.instagram.com\/farmaceuticsbcn\/\",\"https:\/\/www.linkedin.com\/company\/farmaceuticsbcn\/\"]},{\"@type\":\"Person\",\"@id\":\"https:\/\/www.cofb.org\/#\/schema\/person\/22ed7eea88da74b0fa4d3154ad87ffcb\",\"name\":\"wpAdminCofbOrg\",\"image\":{\"@type\":\"ImageObject\",\"inLanguage\":\"es\",\"@id\":\"https:\/\/www.cofb.org\/#\/schema\/person\/image\/\",\"url\":\"https:\/\/secure.gravatar.com\/avatar\/1721b20b3b8ca882c3b56ec6c978c594fff670e40c0718e9190eaeeb76aae7d8?s=96&d=mm&r=g\",\"contentUrl\":\"https:\/\/secure.gravatar.com\/avatar\/1721b20b3b8ca882c3b56ec6c978c594fff670e40c0718e9190eaeeb76aae7d8?s=96&d=mm&r=g\",\"caption\":\"wpAdminCofbOrg\"},\"sameAs\":[\"http:\/\/192.168.64.122\/wordpress\"],\"url\":\"https:\/\/www.cofb.org\/es\/author\/wpadmincofborg\/\"}]}<\/script>\n<!-- \/ Yoast SEO plugin. -->","yoast_head_json":{"title":"La rinitis al\u00b7l\u00e8rgica, una de les al\u00b7l\u00e8rgies m\u00e9s comunes - Col\u00b7legi de Farmac\u00e8utics de Barcelona","description":". Les persones al\u00b7l\u00e8rgiques solen ser-ho a m\u00e9s d'una subst\u00e0ncia i els esternuts s\u00f3n un dels s\u00edmptomes. Encara que no hi hagi cap cura, hi ha mesures de prevenci\u00f3, detecci\u00f3 i tractament. A continuaci\u00f3, exposarem aquestes mesures aix\u00ed com els tipus d'al\u00b7l\u00e8rgies, amb especial \u00e8mfasi en la rinitis al\u00b7l\u00e8rgica.\u00a0","robots":{"index":"index","follow":"follow","max-snippet":"max-snippet:-1","max-image-preview":"max-image-preview:large","max-video-preview":"max-video-preview:-1"},"canonical":"https:\/\/novaorg.cofb.net\/2019\/05\/08\/rinitis-allergica-allergies-mes-comunes\/","og_locale":"es_ES","og_type":"article","og_title":"La rinitis al\u00b7l\u00e8rgica, una de les al\u00b7l\u00e8rgies m\u00e9s comunes - Col\u00b7legi de Farmac\u00e8utics de Barcelona","og_description":". Les persones al\u00b7l\u00e8rgiques solen ser-ho a m\u00e9s d'una subst\u00e0ncia i els esternuts s\u00f3n un dels s\u00edmptomes. Encara que no hi hagi cap cura, hi ha mesures de prevenci\u00f3, detecci\u00f3 i tractament. A continuaci\u00f3, exposarem aquestes mesures aix\u00ed com els tipus d'al\u00b7l\u00e8rgies, amb especial \u00e8mfasi en la rinitis al\u00b7l\u00e8rgica.\u00a0","og_url":"https:\/\/novaorg.cofb.net\/2019\/05\/08\/rinitis-allergica-allergies-mes-comunes\/","og_site_name":"Col\u00b7legi de Farmac\u00e8utics de Barcelona","article_publisher":"https:\/\/www.facebook.com\/farmaceuticsbcn\/","article_published_time":"2019-05-08T10:22:48+00:00","author":"wpAdminCofbOrg","twitter_card":"summary_large_image","twitter_creator":"@farmaceuticsbcn","twitter_site":"@farmaceuticsbcn","twitter_misc":{"Escrito por":"wpAdminCofbOrg","Tiempo de lectura":"4 minutos"},"schema":{"@context":"https:\/\/schema.org","@graph":[{"@type":"Article","@id":"https:\/\/novaorg.cofb.net\/2019\/05\/08\/rinitis-allergica-allergies-mes-comunes\/#article","isPartOf":{"@id":"https:\/\/novaorg.cofb.net\/2019\/05\/08\/rinitis-allergica-allergies-mes-comunes\/"},"author":{"name":"wpAdminCofbOrg","@id":"https:\/\/www.cofb.org\/#\/schema\/person\/22ed7eea88da74b0fa4d3154ad87ffcb"},"headline":"La rinitis al\u00b7l\u00e8rgica, una de les al\u00b7l\u00e8rgies m\u00e9s comunes","datePublished":"2019-05-08T10:22:48+00:00","dateModified":"2019-05-08T10:22:48+00:00","mainEntityOfPage":{"@id":"https:\/\/novaorg.cofb.net\/2019\/05\/08\/rinitis-allergica-allergies-mes-comunes\/"},"wordCount":901,"commentCount":0,"publisher":{"@id":"https:\/\/www.cofb.org\/#organization"},"image":{"@id":"https:\/\/novaorg.cofb.net\/2019\/05\/08\/rinitis-allergica-allergies-mes-comunes\/#primaryimage"},"thumbnailUrl":"","keywords":["al\u00b7l\u00e8rgia","Anticolin\u00e8rgics","Antihistam\u00ednics","consells del farmac\u00e8utic","Farmaceuticonline","pol\u00b7len","Recomanacions","recomanacions del farmac\u00e8utic","rinitis","rinitis al\u00b7l\u00e8rgica","subst\u00e0ncies al\u00b7lerg\u00f2genes"],"articleSection":["Destacats","Recomanacions del farmac\u00e8utic"],"inLanguage":"es","potentialAction":[{"@type":"CommentAction","name":"Comment","target":["https:\/\/novaorg.cofb.net\/2019\/05\/08\/rinitis-allergica-allergies-mes-comunes\/#respond"]}]},{"@type":"WebPage","@id":"https:\/\/novaorg.cofb.net\/2019\/05\/08\/rinitis-allergica-allergies-mes-comunes\/","url":"https:\/\/novaorg.cofb.net\/2019\/05\/08\/rinitis-allergica-allergies-mes-comunes\/","name":"La rinitis al\u00b7l\u00e8rgica, una de les al\u00b7l\u00e8rgies m\u00e9s comunes - Col\u00b7legi de Farmac\u00e8utics de Barcelona","isPartOf":{"@id":"https:\/\/www.cofb.org\/#website"},"primaryImageOfPage":{"@id":"https:\/\/novaorg.cofb.net\/2019\/05\/08\/rinitis-allergica-allergies-mes-comunes\/#primaryimage"},"image":{"@id":"https:\/\/novaorg.cofb.net\/2019\/05\/08\/rinitis-allergica-allergies-mes-comunes\/#primaryimage"},"thumbnailUrl":"","datePublished":"2019-05-08T10:22:48+00:00","dateModified":"2019-05-08T10:22:48+00:00","description":". Les persones al\u00b7l\u00e8rgiques solen ser-ho a m\u00e9s d'una subst\u00e0ncia i els esternuts s\u00f3n un dels s\u00edmptomes. Encara que no hi hagi cap cura, hi ha mesures de prevenci\u00f3, detecci\u00f3 i tractament. A continuaci\u00f3, exposarem aquestes mesures aix\u00ed com els tipus d'al\u00b7l\u00e8rgies, amb especial \u00e8mfasi en la rinitis al\u00b7l\u00e8rgica.\u00a0","breadcrumb":{"@id":"https:\/\/novaorg.cofb.net\/2019\/05\/08\/rinitis-allergica-allergies-mes-comunes\/#breadcrumb"},"inLanguage":"es","potentialAction":[{"@type":"ReadAction","target":["https:\/\/novaorg.cofb.net\/2019\/05\/08\/rinitis-allergica-allergies-mes-comunes\/"]}]},{"@type":"ImageObject","inLanguage":"es","@id":"https:\/\/novaorg.cofb.net\/2019\/05\/08\/rinitis-allergica-allergies-mes-comunes\/#primaryimage","url":"","contentUrl":""},{"@type":"BreadcrumbList","@id":"https:\/\/novaorg.cofb.net\/2019\/05\/08\/rinitis-allergica-allergies-mes-comunes\/#breadcrumb","itemListElement":[{"@type":"ListItem","position":1,"name":"Inici","item":"https:\/\/novaorg.cofb.net\/"},{"@type":"ListItem","position":2,"name":"La rinitis al\u00b7l\u00e8rgica, una de les al\u00b7l\u00e8rgies m\u00e9s comunes"}]},{"@type":"WebSite","@id":"https:\/\/www.cofb.org\/#website","url":"https:\/\/www.cofb.org\/","name":"Col\u00b7legi de Farmac\u00e8utics de Barcelona","description":"","publisher":{"@id":"https:\/\/www.cofb.org\/#organization"},"potentialAction":[{"@type":"SearchAction","target":{"@type":"EntryPoint","urlTemplate":"https:\/\/www.cofb.org\/?s={search_term_string}"},"query-input":"required name=search_term_string"}],"inLanguage":"es"},{"@type":"Organization","@id":"https:\/\/www.cofb.org\/#organization","name":"Col\u00b7legi de Farmac\u00e8utics de Barcelona","url":"https:\/\/www.cofb.org\/","logo":{"@type":"ImageObject","inLanguage":"es","@id":"https:\/\/www.cofb.org\/#\/schema\/logo\/image\/","url":"https:\/\/www.cofb.org\/wp-content\/uploads\/2023\/11\/cropped-Logotip-COFB.png","contentUrl":"https:\/\/www.cofb.org\/wp-content\/uploads\/2023\/11\/cropped-Logotip-COFB.png","width":500,"height":105,"caption":"Col\u00b7legi de Farmac\u00e8utics de Barcelona"},"image":{"@id":"https:\/\/www.cofb.org\/#\/schema\/logo\/image\/"},"sameAs":["https:\/\/www.facebook.com\/farmaceuticsbcn\/","https:\/\/twitter.com\/farmaceuticsbcn","https:\/\/www.instagram.com\/farmaceuticsbcn\/","https:\/\/www.linkedin.com\/company\/farmaceuticsbcn\/"]},{"@type":"Person","@id":"https:\/\/www.cofb.org\/#\/schema\/person\/22ed7eea88da74b0fa4d3154ad87ffcb","name":"wpAdminCofbOrg","image":{"@type":"ImageObject","inLanguage":"es","@id":"https:\/\/www.cofb.org\/#\/schema\/person\/image\/","url":"https:\/\/secure.gravatar.com\/avatar\/1721b20b3b8ca882c3b56ec6c978c594fff670e40c0718e9190eaeeb76aae7d8?s=96&d=mm&r=g","contentUrl":"https:\/\/secure.gravatar.com\/avatar\/1721b20b3b8ca882c3b56ec6c978c594fff670e40c0718e9190eaeeb76aae7d8?s=96&d=mm&r=g","caption":"wpAdminCofbOrg"},"sameAs":["http:\/\/192.168.64.122\/wordpress"],"url":"https:\/\/www.cofb.org\/es\/author\/wpadmincofborg\/"}]}},"uagb_featured_image_src":{"full":false,"thumbnail":false,"medium":false,"medium_large":false,"large":false,"1536x1536":false,"2048x2048":false,"trp-custom-language-flag":false},"uagb_author_info":{"display_name":"wpAdminCofbOrg","author_link":"https:\/\/www.cofb.org\/es\/author\/wpadmincofborg\/"},"uagb_comment_info":0,"uagb_excerpt":"L&#8217;arribada de la primavera\u00a0pot donar lloc a possibles reaccions al\u00b7l\u00e8rgiques, relacionades amb el clima, les condiciones higi\u00e8niques i la situaci\u00f3 geogr\u00e0fica, que s\u00f3n provocades pels canvis que suposa la nova estaci\u00f3. Les persones al\u00b7l\u00e8rgiques solen ser-ho a m\u00e9s d&#8217;una subst\u00e0ncia i els esternuts s\u00f3n un dels s\u00edmptomes. Encara que no [&hellip;]","_links":{"self":[{"href":"https:\/\/www.cofb.org\/es\/wp-json\/wp\/v2\/posts\/45278","targetHints":{"allow":["GET"]}}],"collection":[{"href":"https:\/\/www.cofb.org\/es\/wp-json\/wp\/v2\/posts"}],"about":[{"href":"https:\/\/www.cofb.org\/es\/wp-json\/wp\/v2\/types\/post"}],"author":[{"embeddable":true,"href":"https:\/\/www.cofb.org\/es\/wp-json\/wp\/v2\/users\/1"}],"replies":[{"embeddable":true,"href":"https:\/\/www.cofb.org\/es\/wp-json\/wp\/v2\/comments?post=45278"}],"version-history":[{"count":0,"href":"https:\/\/www.cofb.org\/es\/wp-json\/wp\/v2\/posts\/45278\/revisions"}],"wp:featuredmedia":[{"embeddable":true,"href":"https:\/\/www.cofb.org\/es\/wp-json\/"}],"wp:attachment":[{"href":"https:\/\/www.cofb.org\/es\/wp-json\/wp\/v2\/media?parent=45278"}],"wp:term":[{"taxonomy":"category","embeddable":true,"href":"https:\/\/www.cofb.org\/es\/wp-json\/wp\/v2\/categories?post=45278"},{"taxonomy":"post_tag","embeddable":true,"href":"https:\/\/www.cofb.org\/es\/wp-json\/wp\/v2\/tags?post=45278"}],"curies":[{"name":"wp","href":"https:\/\/api.w.org\/{rel}","templated":true}]}}